{"id":10105,"date":"2022-04-12T16:15:59","date_gmt":"2022-04-12T14:15:59","guid":{"rendered":"https:\/\/www.gastonballiot.fr\/?p=10105"},"modified":"2022-04-17T08:36:45","modified_gmt":"2022-04-17T06:36:45","slug":"reflexions-apres-le-premier-tour-de-lelection-presidentielle","status":"publish","type":"post","link":"https:\/\/www.gastonballiot.fr\/?p=10105","title":{"rendered":"R\u00e9flexions apr\u00e8s le premier tour de l&rsquo;\u00e9lection pr\u00e9sidentielle"},"content":{"rendered":"<p style=\"text-align: center;\"><strong><a href=\"http:\/\/www.le-chiffon-rouge-morlaix.fr\/2022\/04\/fabien-roussel-election-presidentielle-declaration-a-l-issue-du-1er-tour-10-avril-2022-20h15.html\" target=\"_blank\" rel=\"noopener\">La d\u00e9claration de Fabien Roussel au soir du premier tour le 10 avril<\/a><\/strong><\/p>\n<p>Quelques r\u00e9flexions, personnelles, et aussi trouv\u00e9es sur les r\u00e9seaux sociaux. A discuter, \u00e9videmment.. Et \u00e9volutif.<\/p>\n<h3 style=\"text-align: center;\">Sur le vote utile<\/h3>\n<p>Les 3 premiers sont arriv\u00e9s l\u00e0 gr\u00e2ce au \u00ab\u00a0vote utile\u00a0\u00bb. Ils ont lors des derni\u00e8res semaines pomp\u00e9 des voix aux autres candidats de leur camp. Avec des r\u00e9flexes du genre \u00ab\u00a0on ne vote pas pour ceux qui vont perdre, m\u00eame si on les pr\u00e9f\u00e8re\u00a0\u00bb, \u00ab\u00a0votons pour celui qui a le plus de chances\u00a0\u00bb, etc..<br \/>\nOn a remplac\u00e9 le choix r\u00e9el par une strat\u00e9gie sugg\u00e9r\u00e9e par les sondages et par ce type d&rsquo;\u00e9lection, et d\u00e9multipli\u00e9e par les militants des \u00ab\u00a0mieux plac\u00e9s\u00a0\u00bb pour \u00e9craser \u00ab\u00a0les petits\u00a0\u00bb.<\/p>\n<p>c&rsquo;est aussi une cons\u00e9quence de ce syst\u00e8me pr\u00e9sidentiel non d\u00e9mocratique o\u00f9 seules les deux premiers seront s\u00e9lectionn\u00e9s alors qu&rsquo;une triangulaire ou un jeu d&rsquo;alliances au second tour pourrait donner des r\u00e9sultats tr\u00e8s diff\u00e9rents.<\/p>\n<p>Dans ce cas pr\u00e9cis M\u00e9lenchon et ses insoumis ont men\u00e9 une campagne intense en d\u00e9nigrant tous ceux qui n&rsquo;avaient pas l&rsquo;intention de voter pour eux. Cette attitude h\u00e9g\u00e9monique \u00e9tait d&rsquo;autant plus malhonn\u00eate qu&rsquo;ils savaient tr\u00e8s bien que la gauche n&rsquo;avait aucune chance de gagner au second tour. Soyons s\u00e9rieux , ce n&rsquo;est pas avec une gauche r\u00e9duite \u00e0 30% d&rsquo;intentions de vote&nbsp; qu&rsquo;il fallait construire cette fable \u00e0 usage personnel. Mais cela a bien fonctionn\u00e9.<br \/>\nJ&rsquo;ai un voisin qui comptait voter pour Fabien Roussel en raison de son programme et de sa bonne campagne. De plus il n&rsquo;appr\u00e9cie pas du tout M\u00e9lenchon et ses m\u00e9thodes. Mais il s&rsquo;est laiss\u00e9 impressionner par la campagne de culpabilisation et de d\u00e9bauchage. Qu&rsquo;en retiendra t&rsquo;il comme souvenir ?<br \/>\nMais l&rsquo;important, connaissant bien ce voisin, c&rsquo;est qu&rsquo;une fois cet \u00e9pisode d\u00e9licat pass\u00e9, nous serons encore compl\u00e9tement ensemble et fraternellement dans les m\u00eames combats.<\/p>\n<p>Les scores obtenus le 10 avril au soir ne refl\u00e8tent donc pas la r\u00e9alit\u00e9 du scrutin. Il y avait 6 candidats \u00e0 gauche et M\u00e9lenchon a pomp\u00e9 des voix aux 5 autres comme le montre ces chiffres (bien s\u00fbr \u00e0 prendre avec pr\u00e9caution) :<\/p>\n<p style=\"padding-left: 40px;\"><em>Jean-Michel Galano :<\/em><br \/>\n<em>Opinion Way a fait un sondage sortie des urnes sur le vote de conviction des \u00e9lecteurs aupr\u00e8s des candidats de gauche, voila ce que cela aurait donn\u00e9 sans le vote \u00ab\u00a0utile\u00a0\u00bb:<\/em><br \/>\n<em>M\u00e9lenchon 11<\/em><br \/>\n<em>Jadot 9,6<\/em><br \/>\n<em>Roussel 4,8<\/em><br \/>\n<em>Hidalgo 3,7<\/em><br \/>\n<em>Poutou 1,6<\/em><br \/>\n<em>Arthaud 1,2<\/em><br \/>\n\u00c7a devrait fait r\u00e9fl\u00e9chir les \u00e9tats majors pour les l\u00e9gislatives et apr\u00e8s, les r\u00e9sultats d&rsquo;hier sont donc trompeurs \u00e0 plus d&rsquo;un titre&#8230;<\/p>\n<div class=\"moz-text-html\" lang=\"x-unicode\">\n<div dir=\"auto\">\n<div dir=\"auto\" style=\"padding-left: 40px;\"><span style=\"font-size: 10pt;\">Serge Vinet :<\/span><br \/>\n<span style=\"font-size: 10pt;\">Tout d&rsquo;abord j&rsquo;adresse mes f\u00e9licitations a l&rsquo;UP pour le bon r\u00e9sultat obtenu. Mais arr\u00eatez de justifier la non r\u00e9alisation de vos objectifs par une responsabilit\u00e9 du PCF.&nbsp; Au lieu de vampiriser des r\u00e9seaux PCF dans l&rsquo;objectif de d\u00e9baucher&nbsp; l&rsquo;\u00e9lectorat ROUSSEL avec le vote utile vous auriez du consacrer votre temps \u00e0 conqu\u00e9rir les 2%&nbsp; voir plus parmi les 12 millions d\u2019abstentionnistes et ainsi avoir des r\u00e9serves de voix pour gagner au 2\u00b0tour. Faites attention&nbsp; \u00e0 une d\u00e9rive h\u00e9g\u00e9monique que nous avons connue et subi sous feu le PS. Enfin il ne vous aura pas \u00e9chapp\u00e9 que la strat\u00e9gie pr\u00e9sidentielle r\u00e9sultant de l&rsquo;inversion du calendrier pousse \u00e0&nbsp; l&rsquo;organisation de la bi-polarisation de la vie politique de type USA et GB (R\u00e9publicain &amp; Democrate) impliquant la disparition des partis politiques. A FI&nbsp; est ce cela que vous voulez avec le nouveau mouvement UP sachant que Macron veut lui aussi&nbsp; cr\u00e9er un nouveau mouvement ? ??<\/span><\/div>\n<div dir=\"auto\" style=\"padding-left: 40px;\"><span style=\"font-size: 10pt;\">C&rsquo;est ainsi qu&rsquo;est instrumentalise de fa\u00e7on tr\u00e8s dangereuse l&rsquo;extr\u00eame droite&nbsp; (sous ses diff\u00e9rentes appellations) poussant au vote utile en lien avec un r\u00f4le des m\u00e9dias et des sondages&nbsp; exigeant la liquidation du vote pour des id\u00e9es et projets. On peut s&rsquo;interroger sur l&rsquo;utilit\u00e9 de conserver le 1\u00b0tour de chaque \u00e9lection? ??&nbsp;<\/span><\/div>\n<div dir=\"auto\" style=\"padding-left: 40px;\"><span style=\"font-size: 10pt;\">Heureusement que le PCF&nbsp; en pr\u00e9sentant un candidat \u00e0 siffl\u00e9 la fin de ce jeu totalement antid\u00e9mocratique et d\u00e9veloppe maintenant une strat\u00e9gie de vrai rassemblement -avec la constitution du Conseil National de la R\u00e9publique-&nbsp; respectueux des organisations et de leurs adh\u00e9rents fondant l&rsquo;exercice d&rsquo;une responsabilit\u00e9 citoyenne concr\u00e8te impliquant la mise en \u0153uvre du pouvoir d&rsquo;agir de chaque citoyen.&nbsp; Cela implique&nbsp; une intense bataille d&rsquo;id\u00e9es et de projet en toute libert\u00e9 et responsabilit\u00e9.<\/span><\/div>\n<\/div>\n<\/div>\n<h3 style=\"text-align: center; padding-left: 40px;\">Coupables ?<\/h3>\n<p>Apr\u00e8s Mitterrand, qui a tout fait pour faire couler le Parti Communiste, M\u00e9lenchon a pris le relais depuis quelques ann\u00e9es. Ces derni\u00e8res semaines, avant le 1er tour ses fid\u00e8les avaient fabriqu\u00e9 un coupable pour son \u00e9chec annonc\u00e9. Un seul coupable : le PC. M\u00eame pas les autres \u00e0 gauche.. Comme par hasard, plus fort qu&rsquo;eux&#8230;<br \/>\nUne fa\u00e7on aussi de d\u00e9douaner la social-d\u00e9mocratie (quinquennat Hollande et autres) qui est bien la seule responsable de cette situation catastrophique de la gauche, r\u00e9duite \u00e0 moins du tiers des voix.<br \/>\nLe vrai responsable de cette situation catastrophique c&rsquo;est bien le Parti Socialiste, avec Mitterrand qui a refus\u00e9 de changer ce mode de scrutin, avec Jospin qui l&rsquo;a renforc\u00e9 en modifiant le calendrier des l\u00e9gislatives, et avec Hollande qui a d\u00e9gout\u00e9 les plus vuln\u00e9rables du vote \u00e0 gauche en faisant une politique r\u00e9actionnaire et en nous pondant Valls et Macron. On a alors commenc\u00e9 \u00e0 entendre \u00ab\u00a0la gauche et la droite c&rsquo;est pareil\u00a0\u00bb et les principales victimes de l&rsquo;ultralib\u00e9ralisme se sont r\u00e9fugi\u00e9es en partie dans l&rsquo;abstention et en partie dans le vote extr\u00eame droite. Les d\u00e9g\u00e2ts sont \u00e9normes.<br \/>\n<span class=\"d2edcug0 hpfvmrgz qv66sw1b c1et5uql lr9zc1uh a8c37x1j fe6kdd0r mau55g9w c8b282yb keod5gw0 nxhoafnm aigsh9s9 d3f4x2em iv3no6db jq4qci2q a3bd9o3v b1v8xokw oo9gr5id hzawbc8m\" dir=\"auto\">Pour revenir au 10 avril, il y a beaucoup de gens qui ne veulent pas se rendre compte que \u00ab\u00a0tous\u00a0\u00bb les partis, ont pr\u00e9sent\u00e9 des candidats aux \u00e9lections pr\u00e9sidentielles: UP \/ LFI, PCF, PS, EELV, LO, NPA.<br \/>\n<\/span>Nous ne sommes pas pour un parti unique, nous !<\/p>\n<p>Et si M\u00e9lenchon s&rsquo;\u00e9tait un peu remis en cause ? Qu&rsquo;a t&rsquo;il fait de son bon score de 2017, qu&rsquo;a t&rsquo;il fait en 5 ans, a-t&rsquo;il cherch\u00e9 \u00e0 cr\u00e9er une union sur une plate forme commune, \u00e0 regrouper nos forces ? Non il a continu\u00e9 son h\u00e9g\u00e9monisme, n&rsquo;a rien n\u00e9goci\u00e9, et est parti tout seul pr\u00e9senter SA candidature avec SON programme..<br \/>\nApr\u00e8s \u00ab\u00a0La R\u00e9publique c&rsquo;est moi\u00a0\u00bb on a eu \u00ab\u00a0La Gauche c&rsquo;est moi\u00a0\u00bb. Alors les coupables&#8230;.<\/p>\n<p style=\"padding-left: 40px;\"><em>Martine Fort (texte de Sandra Salomon)<\/em><\/p>\n<p style=\"padding-left: 40px;\"><em>\u00ab\u00a0La question que pose M\u00e9lenchon \u00e0 toute personne de gauche , qu&rsquo;a-t-il fait des presque 20% qui avaient vot\u00e9 pour lui (dont moi) en 2017 ?<\/em><\/p>\n<p style=\"padding-left: 40px;\"><em>Qu&rsquo;a-t-il fait depuis 5 ans pour \u00e9largir le socle \u00e9lectoral de la gauche et \u00eatre effectivement devant Le Pen ?<\/em><\/p>\n<p style=\"padding-left: 40px;\"><em>A-t-il cherch\u00e9 \u00e0 rassembler la gauche, \u00e0 s&rsquo;allier avec ses potentiels alli\u00e9s autour de grands principes , \u00e0 d\u00e9faut d&rsquo;un programme ?<\/em><\/p>\n<p style=\"padding-left: 40px;\"><em>Point du tout. Il a pens\u00e9 qu&rsquo;on avait vot\u00e9 pour sa belle gueule et sa personne remarquable qui d\u00e9passait tous les autres d&rsquo;une t\u00eate, ce qui l&rsquo;a perdu et nous avec.<\/em><\/p>\n<p style=\"padding-left: 40px;\"><em>Qu&rsquo;a-t-il fait de ce beau r\u00e9sultat qu&rsquo;il fallait amplifier ?<\/em><\/p>\n<p style=\"padding-left: 40px;\"><em>Il a commenc\u00e9 par contester l&rsquo;\u00e9lection, dire son r\u00e9sultat ill\u00e9gitime, pr\u00e9tendre que c&rsquo;\u00e9tait lui qui aurait d\u00fb \u00eatre \u00e9lu et promis de virer en moins de 3 mois celui qu&rsquo;il pr\u00e9sentait comme un mariole pour prendre sa place \u00e0 l&rsquo;Elys\u00e9e.<\/em><\/p>\n<p style=\"padding-left: 40px;\"><em>L\u00e0 il a compl\u00e8tement vrill\u00e9 et la suite ne s&rsquo;est pas arrang\u00e9e.<\/em><\/p>\n<p style=\"padding-left: 40px;\"><em>A-t-il cherch\u00e9 \u00e0 \u00e9tendre et renforcer les forces de gauche ?<\/em><\/p>\n<p style=\"padding-left: 40px;\"><em>Absolument pas. Tout au contraire il n&rsquo;a cess\u00e9 de diviser, s&rsquo;est mis en position de concurrence pour \u00e9liminer les autres courants, exactement comme il fait maintenant avec son slogan de vote utile qui lui fait pomper des voix sur les autres gauches mais rien gagner pour la gauche, ass\u00e9cher les autres courants pour les dominer jusqu&rsquo;\u00e0 les faire dispara\u00eetre apr\u00e8s les avoir solidement injuri\u00e9s ,. Il n&rsquo;a fait que \u00e7a pendant 5 ans et aucune r\u00e9alisation qui puisse \u00eatre mise \u00e0 son cr\u00e9dit dans une ville quelconque .<\/em><\/p>\n<p style=\"padding-left: 40px;\"><em>Ses d\u00e9rives anti-r\u00e9publicaines et communautaires pour draguer un certain \u00e9lectorat , celui du CCIF avec qui il organise des manifestations, son programme qui ne tient pas debout, totalement irr\u00e9aliste et d\u00e9magogique , outre ses positions \u00e0 l&rsquo;international, l&rsquo;ensemble interdit de voter pour lui, question de principe.<\/em><\/p>\n<p style=\"padding-left: 40px;\"><em>De plus, last but not least, lui donner un bon score, c&rsquo;est valider ses mensonges et surtout ob\u00e9rer l&rsquo;avenir de la gauche qui a besoin de se reconstruire, sans lui, sans son populisme et son go\u00fbt du pouvoir.<\/em><\/p>\n<p style=\"padding-left: 40px;\"><em>La gauche n&rsquo;a pas besoin d&rsquo;un chef, et un seul dou\u00e9 d&rsquo;une grande gueule, elle a besoin pour se reconstruire de r\u00e9fl\u00e9chir s\u00e9rieusement, de se r\u00e9nover et d&rsquo;inventer, d&rsquo;\u00eatre toute enti\u00e8re \u00e9cologique et sociale dans tous ses courants , ce qui la constitue comme gauche, et \u00e0 partir de l\u00e0 elle a besoin de discuter et de se rassembler, consciente que chaque courant a besoin de s&rsquo;allier avec les autres et non de r\u00eaver de tuer les autres pour \u00eatre le 1er et le seul.<\/em><\/p>\n<p style=\"padding-left: 40px;\"><em>La strat\u00e9gie M\u00e9lenchon et sa personnalit\u00e9 de chef en qu\u00eate de pouvoir, son sectarisme, qui emp\u00eachent de construire une nouvelle gauche, non populiste, mais r\u00e9publicaine et la\u00efque, ne se fera qu&rsquo;\u00e0 condition d&rsquo;\u00e9carter M\u00e9lenchon.<\/em><\/p>\n<h3 style=\"text-align: center;\">Un syst\u00e8me \u00e9lectoral antid\u00e9mocratique, celui de la 5e R\u00e9publique<\/h3>\n<p>Notre syst\u00e8me \u00e9lectoral est une aberration. L&rsquo;\u00e9lection du pr\u00e9sident de la r\u00e9publique au suffrage universel, contrairement \u00e0 l&rsquo;apparence, est un danger pour la d\u00e9mocratie. On nous fait choisir entre des personnes et non entre des projets. On donne des pouvoirs exorbitant \u00e0 une personne pendant 5 ans, un pouvoir absolu, y compris pour faire le contraire de ce qu&rsquo;elle avait promis. On organise un match entre deux finalistes en ayant interdit tout accord entre les deux tours, ce qui pourrait donner un r\u00e9sultat tr\u00e8s diff\u00e9rent.<br \/>\nCe syst\u00e8me favorise les aventures personnelles, ce n&rsquo;est d&rsquo;ailleurs pas un hasard si ce sont trois populistes qui arrivent en t\u00eate.<br \/>\nEt l&rsquo;\u00e9lection l\u00e9gislative dans la foul\u00e9e, invention r\u00e9sultant d&rsquo;un accord entre la droite et le PS, n&rsquo;a fait qu&rsquo;aggraver les choses.<br \/>\nLe pr\u00e9sident de la r\u00e9publique devait \u00eatre \u00e9lu par le parlement, et r\u00e9vocable par ce m\u00eame parlement.<\/p>\n<p>Gr\u00e2ce \u00e0 cette constitution d&rsquo;un autre \u00e2ge le syst\u00e8me est verrouill\u00e9.. C&rsquo;\u00e9tait d&rsquo;ailleurs le but. Alors d\u00e9mocratie ?<\/p>\n<figure id=\"attachment_10127\" aria-describedby=\"caption-attachment-10127\" style=\"width: 547px\" class=\"wp-caption aligncenter\"><a href=\"https:\/\/i0.wp.com\/www.gastonballiot.fr\/wp-content\/uploads\/2022\/04\/terrible5e.png?ssl=1\"><img data-recalc-dims=\"1\" loading=\"lazy\" decoding=\"async\" data-attachment-id=\"10127\" data-permalink=\"https:\/\/www.gastonballiot.fr\/?attachment_id=10127#main\" data-orig-file=\"https:\/\/i0.wp.com\/www.gastonballiot.fr\/wp-content\/uploads\/2022\/04\/terrible5e.png?fit=557%2C887&amp;ssl=1\" data-orig-size=\"557,887\" data-comments-opened=\"1\" data-image-meta=\"{&quot;aperture&quot;:&quot;0&quot;,&quot;credit&quot;:&quot;&quot;,&quot;camera&quot;:&quot;&quot;,&quot;caption&quot;:&quot;&quot;,&quot;created_timestamp&quot;:&quot;0&quot;,&quot;copyright&quot;:&quot;&quot;,&quot;focal_length&quot;:&quot;0&quot;,&quot;iso&quot;:&quot;0&quot;,&quot;shutter_speed&quot;:&quot;0&quot;,&quot;title&quot;:&quot;&quot;,&quot;orientation&quot;:&quot;0&quot;}\" data-image-title=\"terrible5e\" data-image-description=\"\" data-image-caption=\"&lt;p&gt;l&amp;rsquo;Huma du 12 avril 2022&lt;\/p&gt;\n\" data-medium-file=\"https:\/\/i0.wp.com\/www.gastonballiot.fr\/wp-content\/uploads\/2022\/04\/terrible5e.png?fit=188%2C300&amp;ssl=1\" data-large-file=\"https:\/\/i0.wp.com\/www.gastonballiot.fr\/wp-content\/uploads\/2022\/04\/terrible5e.png?fit=557%2C887&amp;ssl=1\" class=\"size-full wp-image-10127\" src=\"https:\/\/i0.wp.com\/www.gastonballiot.fr\/wp-content\/uploads\/2022\/04\/terrible5e.png?resize=557%2C887&#038;ssl=1\" alt=\"\" width=\"557\" height=\"887\" srcset=\"https:\/\/i0.wp.com\/www.gastonballiot.fr\/wp-content\/uploads\/2022\/04\/terrible5e.png?w=557&amp;ssl=1 557w, https:\/\/i0.wp.com\/www.gastonballiot.fr\/wp-content\/uploads\/2022\/04\/terrible5e.png?resize=188%2C300&amp;ssl=1 188w\" sizes=\"auto, (max-width: 557px) 100vw, 557px\" \/><\/a><figcaption id=\"caption-attachment-10127\" class=\"wp-caption-text\">l&rsquo;Huma du 12 avril 2022<\/figcaption><\/figure>\n<p style=\"padding-left: 40px;\"><strong><em>Michel Taupin :<\/em><\/strong><br \/>\n<em>CE MAL QUI NOUS RONGE !<\/em><\/p>\n<p style=\"padding-left: 40px;\"><em>Les faits sont l\u00e0. Les gouvernements successifs ont peu \u00e0 peu appauvri les fran\u00e7ais, jusqu&rsquo;\u00e0 la pens\u00e9e. De d\u00e9ceptions en d\u00e9ceptions, de revers en revers, beaucoup de nos concitoyens expriment leur d\u00e9sarroi, leur col\u00e8re sourde, une forme de d\u00e9sespoir face \u00e0 l&rsquo;impossible changement souhait\u00e9, par des protestations qui \u00e9clatent \u00e0 partir d&rsquo;une \u00e9tincelle qui embrase tout \u00e0 coup le c\u0153ur et l\u2019esprit, la goutte d&rsquo;eau de trop qui fait d\u00e9border le vase satur\u00e9 d&rsquo;injustices, de m\u00e9contentements, d&rsquo;insatisfactions, de m\u00e9pris et de frustrations&#8230;<\/em><\/p>\n<p style=\"padding-left: 40px;\"><em>Le mal est profond. Il a creus\u00e9 son large sillon au fur et \u00e0 mesure que la France Officielle appliquait m\u00e9thodiquement, pernicieusement, ses politiques n\u00e9olib\u00e9rales d\u00e9vastatrices. Ce mal est sans aucun doute le pire et aussi le plus irrationnel parce qu&rsquo;il p\u00e9n\u00e8tre l\u2019\u00e2me et obscurcit la sagacit\u00e9. Oui, il ronge de l\u2019int\u00e9rieur notre humanit\u00e9 en \u00e9rodant implacablement toute sensibilit\u00e9, toute bont\u00e9, toute fraternit\u00e9. Les souffrances chroniques qu\u2019il engendre ne se manifestent chez bon nombre de nos concitoyens, que dans la mutinerie, la provocation, la r\u00e9volte, et de plus en plus dans la haine des autres, avec au bout du compte la forme supr\u00eame du d\u00e9fi, la promotion du pire.<\/em><\/p>\n<p style=\"padding-left: 40px;\"><em>Ces hommes et ces femmes sont souvent dans des \u00e9tats d&rsquo;\u00e9motions triviales que l\u2019on aurait tort de m\u00e9priser au lieu de comprendre, mais ce sont des \u00e9tats de fragilit\u00e9, de crise incessante que s&#8217;empressent d&rsquo;exciter, d&rsquo;exhorter, de manipuler en leur faveur et avec succ\u00e8s, tous les ploutocrates, autocrates et autres f\u00fchrers \u00e0 l\u2019aff\u00fbt de l\u2019exercice d\u2019un pouvoir tyrannique dont les ressorts sont banalis\u00e9s. Et ils les exploitent d&rsquo;autant plus ais\u00e9ment que les forces sinc\u00e8res qui s&rsquo;y opposent pr\u00eachent dans un d\u00e9sert culturel, intellectuel et antid\u00e9mocratique de plus en plus envahissant.<\/em><\/p>\n<p style=\"padding-left: 40px;\"><em>La paup\u00e9risation du peuple de France, son exploitation \u00e9hont\u00e9e et le m\u00e9pris souverain dans lequel il est tenu par le pouvoir en place, le plonge dans un \u00e9tat d\u00e9pressif grave, dans une obscurit\u00e9 qui peut rendre aveugle et qui semble sans issue. Et c\u2019est bien de l\u00e0, de cet authentique recul de civilisation, que peuvent surgir \u00e0 tout moment de terribles d\u00e9mons. Aussi, je n&rsquo;h\u00e9site pas \u00e0 dire comme Aragon, que le moyen-\u00e2ge est de retour. Alors surtout, ne lui laissons pas le champ libre !<\/em><\/p>\n<figure id=\"attachment_10131\" aria-describedby=\"caption-attachment-10131\" style=\"width: 1096px\" class=\"wp-caption aligncenter\"><a href=\"https:\/\/i0.wp.com\/www.gastonballiot.fr\/wp-content\/uploads\/2022\/04\/CourrierLecteurs_OF13avril22.png?ssl=1\"><img data-recalc-dims=\"1\" loading=\"lazy\" decoding=\"async\" data-attachment-id=\"10131\" data-permalink=\"https:\/\/www.gastonballiot.fr\/?attachment_id=10131#main\" data-orig-file=\"https:\/\/i0.wp.com\/www.gastonballiot.fr\/wp-content\/uploads\/2022\/04\/CourrierLecteurs_OF13avril22.png?fit=1106%2C749&amp;ssl=1\" data-orig-size=\"1106,749\" data-comments-opened=\"1\" data-image-meta=\"{&quot;aperture&quot;:&quot;0&quot;,&quot;credit&quot;:&quot;&quot;,&quot;camera&quot;:&quot;&quot;,&quot;caption&quot;:&quot;&quot;,&quot;created_timestamp&quot;:&quot;0&quot;,&quot;copyright&quot;:&quot;&quot;,&quot;focal_length&quot;:&quot;0&quot;,&quot;iso&quot;:&quot;0&quot;,&quot;shutter_speed&quot;:&quot;0&quot;,&quot;title&quot;:&quot;&quot;,&quot;orientation&quot;:&quot;0&quot;}\" data-image-title=\"CourrierLecteurs_OF13avril22\" data-image-description=\"\" data-image-caption=\"&lt;p&gt;dans Ouest France courrier des lecteurs 13 avril 2022&lt;\/p&gt;\n\" data-medium-file=\"https:\/\/i0.wp.com\/www.gastonballiot.fr\/wp-content\/uploads\/2022\/04\/CourrierLecteurs_OF13avril22.png?fit=300%2C203&amp;ssl=1\" data-large-file=\"https:\/\/i0.wp.com\/www.gastonballiot.fr\/wp-content\/uploads\/2022\/04\/CourrierLecteurs_OF13avril22.png?fit=1024%2C693&amp;ssl=1\" class=\"size-full wp-image-10131\" src=\"https:\/\/i0.wp.com\/www.gastonballiot.fr\/wp-content\/uploads\/2022\/04\/CourrierLecteurs_OF13avril22.png?resize=1106%2C749&#038;ssl=1\" alt=\"\" width=\"1106\" height=\"749\" srcset=\"https:\/\/i0.wp.com\/www.gastonballiot.fr\/wp-content\/uploads\/2022\/04\/CourrierLecteurs_OF13avril22.png?w=1106&amp;ssl=1 1106w, https:\/\/i0.wp.com\/www.gastonballiot.fr\/wp-content\/uploads\/2022\/04\/CourrierLecteurs_OF13avril22.png?resize=300%2C203&amp;ssl=1 300w, https:\/\/i0.wp.com\/www.gastonballiot.fr\/wp-content\/uploads\/2022\/04\/CourrierLecteurs_OF13avril22.png?resize=1024%2C693&amp;ssl=1 1024w, https:\/\/i0.wp.com\/www.gastonballiot.fr\/wp-content\/uploads\/2022\/04\/CourrierLecteurs_OF13avril22.png?resize=768%2C520&amp;ssl=1 768w\" sizes=\"auto, (max-width: 1106px) 100vw, 1106px\" \/><\/a><figcaption id=\"caption-attachment-10131\" class=\"wp-caption-text\">dans Ouest France courrier des lecteurs 13 avril 2022<\/figcaption><\/figure>\n<p>Le probl\u00e8me est que seuls les communistes et les insoumis proposent de changer la constitution pour supprimer ce scrutin aberrant, cela risque donc de durer&#8230; Le syst\u00e8me est bien verrouill\u00e9.<\/p>\n<h3 style=\"text-align: center;\">La mont\u00e9e de l&rsquo;extr\u00eame-droite<\/h3>\n<p>R\u00e9guli\u00e8rement nos dirigeants ont pr\u00e9sent\u00e9 l&rsquo;extr\u00eame-droite comme leur ennemi, pour que les m\u00e9contents de leur politique ne se tournent pas vers la gauche. Ils ont choisi d&rsquo;activer un \u00ab\u00a0adversaire officiel\u00a0\u00bb. R\u00e9sultat : ils lui ont rendu service et l&rsquo;ont constamment renforc\u00e9.<br \/>\nDerni\u00e8rement l&rsquo;op\u00e9ration Zemmour est significative : les droites En Marche et Les R\u00e9publicains ont, avec le concours des m\u00e9dias de Bollor\u00e9, lanc\u00e9 Z comme nouvel \u00e9pouvantail, en esp\u00e9rant diviser l&rsquo;extr\u00eame-droite et nuire \u00e0 Le Pen. Encore rat\u00e9 : le total extr\u00eame-droite a mont\u00e9 et Le Pen a de plus une r\u00e9serve de voix&#8230; Le danger s\u00a0\u00bbest aggrav\u00e9, merci Hollande et Macron.<\/p>\n<h3 style=\"text-align: center;\">Sur le 2e tour<\/h3>\n<p style=\"text-align: center;\">La peste ou le chol\u00e9ra ?<\/p>\n<p>Une situation d\u00e9testable. Monsieur Thatcher ou Madame Bolsonaro ? On comprend que la d\u00e9cision soit difficile \u00e0 prendre.<br \/>\nLe choix entre l&rsquo;extr\u00eame droite et ceux qui nous am\u00e8nent l&rsquo;extr\u00eame-droite&#8230;<br \/>\nCertains vont voter Macron pour \u00e9viter Le Pen, en votant avec d\u00e9gout et en se bouchant le nez.<br \/>\nD&rsquo;autres se refusent \u00e0 mettre un bulletin Macron apr\u00e8s tout ce qu&rsquo;il a fait durant son quinquennat, ils voteront blanc ou resteront chez eux.<br \/>\nDilemme car le danger est r\u00e9el.<br \/>\nPersonnellement, en 2017 au 2e tour j&rsquo;ai vot\u00e9 blanc, je ne pouvais pas voter Macron et je ne voulais pas m&rsquo;abstenir, ce qui pour moi est une fuite. J&rsquo;ai aussi pens\u00e9 que MLP serait forc\u00e9ment battue au 2e tour et qu&rsquo;il valait mieux que Macron n&rsquo;ai pas trop de voix. Cette fois-ci je pense que le danger facho est r\u00e9el, avec toutes les cons\u00e9quences graves pour tous les gens des banlieues d&rsquo;abord, mais aussi pour la d\u00e9mocratie, ou ce qu&rsquo;il en reste. Donc cette fois ci je ne voterai pas Macron mais je mettrai le bulletin pourtant son nom pour \u00e9viter le pire.<\/p>\n<p>La formule utilis\u00e9e par Fabien Roussel dans sa d\u00e9claration du 10 avril : \u00ab\u00a0j\u2019appelle \u00e0 battre l\u2019extr\u00eame droite, \u00e0 la mettre en \u00e9chec en se servant du seul bulletin qui sera \u00e0 disposition.\u00a0\u00bb<\/p>\n<div class=\"moz-text-html\" lang=\"x-unicode\">\n<div dir=\"auto\">\n<div dir=\"auto\" style=\"padding-left: 40px;\"><em>Michel taupin :&nbsp;&nbsp;&nbsp;&nbsp;&nbsp;&nbsp; LA PESTE ET LE CHOL\u00c9RA<\/em><\/div>\n<div dir=\"auto\" style=\"padding-left: 40px;\"><em>R\u00e9fl\u00e9chissons bien aux d\u00e9g\u00e2ts terribles que produirait une pr\u00e9sidence d\u2019extr\u00eame-droite en mati\u00e8re de justice, d\u2019\u00e9ducation, de droits des femmes ou des \u00e9trangers pour ne citer que ces secteurs. Pour ma part, je ne banaliserai jamais la politique catastrophique de ces enfoir\u00e9s qui savent cacher leur jeu politicien en enfilant des gants de velours \u00e0 leurs mains de fer. Mais une fois au pouvoir\u2026. ils ne le l\u00e2cheront plus. Moi, je retiens les le\u00e7ons de l\u2019histoire. Bien s\u00fbr que je n\u2019ai pas envie de choisir entre la peste et le chol\u00e9ra. Seulement avec l\u2019extr\u00eame-droite, nous aurons \u00e0 la fois la Peste ET le Chol\u00e9ra.<\/em><\/div>\n<\/div>\n<\/div>\n<div class=\"oi9244e8 do00u71z j83agx80\">\n<div class=\"q676j6op qypqp5cg\">&nbsp;<\/div>\n<\/div>\n<div class=\"buofh1pr\">\n<div class=\"j83agx80 cbu4d94t ew0dbk1b irj2b8pg\">\n<div class=\"qzhwtbm6 knvmm38d\">\n<p id=\"jsc_c_7p\" class=\"gmql0nx0 l94mrbxd p1ri9a11 lzcic4wl aahdfvyu hzawbc8m\"><strong><span class=\"nc684nl6\">Yvon Huet :<\/span><\/strong><\/p>\n<\/div>\n<\/div>\n<\/div>\n<div>\n<div class=\"\" dir=\"auto\">\n<div id=\"jsc_c_7r\" class=\"ecm0bbzt hv4rvrfc dati1w0a e5nlhep0\" data-ad-comet-preview=\"message\" data-ad-preview=\"message\">\n<div class=\"j83agx80 cbu4d94t ew0dbk1b irj2b8pg\">\n<div class=\"qzhwtbm6 knvmm38d\">\n<div class=\"kvgmc6g5 cxmmr5t8 oygrvhab hcukyx3x c1et5uql ii04i59q\">\n<div dir=\"auto\" style=\"padding-left: 40px;\"><em>DAVID ET GOLIATH<\/em><\/div>\n<\/div>\n<div class=\"cxmmr5t8 oygrvhab hcukyx3x c1et5uql o9v6fnle ii04i59q\" style=\"padding-left: 40px;\">\n<div dir=\"auto\" style=\"padding-left: 40px;\"><em>L&rsquo;\u00e9lection pr\u00e9sidentielle a fait appara\u00eetre, \u00e0 partir du constat des votes utiles qui ont propuls\u00e9 trois poids lourds aux portes du pouvoir, l&rsquo;\u00e9norme attaque contre la libert\u00e9 d&rsquo;opinion dans notre pays. Il y aurait les gros qu&rsquo;il faudrait honorer et les petits qu&rsquo;il faudrait ignorer voire ha\u00efr parce qu&rsquo;ils fausseraient le jeu des r\u00f4les dominateurs et sans partage que se r\u00e9servent les gros.<\/em><\/div>\n<\/div>\n<div class=\"cxmmr5t8 oygrvhab hcukyx3x c1et5uql o9v6fnle ii04i59q\" style=\"padding-left: 40px;\">\n<div dir=\"auto\" style=\"padding-left: 40px;\"><em>La 5e R\u00e9publique a favoris\u00e9 l&rsquo;\u00e9touffement de tout ce qui vit en dehors du chemin impos\u00e9 par les populismes en vogue. Ils agissent aujourd&rsquo;hui pour faire r\u00e9gner non pas un \u00c9tat de droit mais un droit de cuissage de l&rsquo;\u00c9tat au service du moins disant social, laissant dans le foss\u00e9 toutes celles et ceux qui r\u00eavent d&rsquo;un v\u00e9ritable autre monde de justice et de libert\u00e9. Le r\u00e8gne des \u00e9l\u00e9phants a chang\u00e9 de costume, mais ce sont toujours des \u00e9l\u00e9phants.<\/em><\/div>\n<\/div>\n<div class=\"cxmmr5t8 oygrvhab hcukyx3x c1et5uql o9v6fnle ii04i59q\" style=\"padding-left: 40px;\">\n<div dir=\"auto\" style=\"padding-left: 40px;\"><em>C&rsquo;est dans ce contexte malsain qu&rsquo;on va nous imposer le choix entre deux versions de la contrainte antid\u00e9mocratique. La premi\u00e8re, nous la connaissons. C&rsquo;est la dictature du capital, relay\u00e9e directement par un de ses banquiers guerriers. L&rsquo;autre nous ne la connaissons pas au pouvoir, mais elle est l&rsquo;expression d&rsquo;un fascisme \u00e0 la fran\u00e7aise inspir\u00e9 par ceux qui ont fait la France de la collaboration avec les nazis.<\/em><\/div>\n<\/div>\n<div class=\"cxmmr5t8 oygrvhab hcukyx3x c1et5uql o9v6fnle ii04i59q\" style=\"padding-left: 40px;\">\n<div dir=\"auto\" style=\"padding-left: 40px;\"><em>Nous savons nous battre contre la premi\u00e8re. Nous savons aussi que, si la seconde gagne, un climat de guerre civile s&rsquo;instaurera en n&rsquo;\u00e9tant pas du tout s\u00fbr de la gagner vu que l&rsquo;Etat sera mis au service d&rsquo;une r\u00e9pression f\u00e9roce, l\u00e9gitim\u00e9e par les \u00e9lections, contre les forces d\u00e9mocratiques. Le choix est douloureux et je ne sous estime pas le d\u00e9go\u00fbt que cela provoque.<\/em><\/div>\n<\/div>\n<div class=\"cxmmr5t8 oygrvhab hcukyx3x c1et5uql o9v6fnle ii04i59q\" style=\"padding-left: 40px;\">\n<div dir=\"auto\" style=\"padding-left: 40px;\"><em>Je laisse \u00e0 chacun la responsabilit\u00e9 de ce qu&rsquo;il fera et ne veut pas pol\u00e9miquer par des le\u00e7ons de morale comme certains me le font en permanence.<\/em><\/div>\n<\/div>\n<div class=\"cxmmr5t8 oygrvhab hcukyx3x c1et5uql o9v6fnle ii04i59q\" style=\"padding-left: 40px;\">\n<div dir=\"auto\" style=\"padding-left: 40px;\"><em>En revanche, il est hors de question de me soumettre au diktat de ceux qui veulent \u00e9liminer le courant de pens\u00e9e communiste sous le pr\u00e9texte illusoire d&rsquo;une urgence qui, dans un autre sens, aurait permis \u00e0 Macron de se faire \u00e9lire haut la main et continuer son sale boulot de nettoyage antisocial, le rapport de force entre les forces de gauche \u00e9tant malheureusement tr\u00e8s d\u00e9favorable, le total des voix de droite et d&rsquo;extr\u00eame droite \u00e9tant d&rsquo;environ 70% et celui des gauches de 30%.<\/em><\/div>\n<\/div>\n<div class=\"cxmmr5t8 oygrvhab hcukyx3x c1et5uql o9v6fnle ii04i59q\" style=\"padding-left: 40px;\">\n<div dir=\"auto\" style=\"padding-left: 40px;\"><em>La gauche a besoin de r\u00e9veiller l&rsquo;\u00e9panouissement de ses diversit\u00e9s, pas la contrainte, l&rsquo;injonction et la haine d&rsquo;un courant populiste qui veut dominer les autres avec arrogance et paternalisme d&rsquo;un c\u00f4t\u00e9, insultes et m\u00e9pris de l&rsquo;autre exprim\u00e9s en boucle sur les r\u00e9seaux et dans les m\u00e9dias.<\/em><\/div>\n<\/div>\n<div class=\"cxmmr5t8 oygrvhab hcukyx3x c1et5uql o9v6fnle ii04i59q\" style=\"padding-left: 40px;\">\n<div dir=\"auto\" style=\"padding-left: 40px;\"><em>Les Jours Heureux, pour moi, c&rsquo;est la possibilit\u00e9 pour chaque citoyen de vivre dans le respect des autres avec sur le plan social et culturel, la possibilit\u00e9 de vivre dignement, tout simplement. Les communistes ont pr\u00e9sent\u00e9 ce programme qui s&rsquo;attaque concr\u00e8tement et sans ambigu\u00eft\u00e9 \u00e0 la dictature des riches. Ils ont bien l&rsquo;intention de ne pas l&rsquo;abandonner sous le pr\u00e9texte de la panique ambiante.<\/em><\/div>\n<\/div>\n<div class=\"cxmmr5t8 oygrvhab hcukyx3x c1et5uql o9v6fnle ii04i59q\" style=\"padding-left: 40px;\">\n<div dir=\"auto\" style=\"padding-left: 40px;\"><em>L&rsquo;esprit de r\u00e9sistance, c&rsquo;est \u00e7a. Ne jamais c\u00e9der \u2013 quand la peur invite \u00e0 servir Goliath \u2013 permet de m\u00e9nager les conditions d&rsquo;un avenir sorti de l&rsquo;ombre dans laquelle les haines nous invitent \u00e0 rester. Nous sommes les enfants de David, toujours aupr\u00e8s de ceux qui ne se laisseront jamais \u00e9craser par les r\u00e8gles d&rsquo;un syst\u00e8me qui nous m\u00e8ne \u00e0 la n\u00e9gation de la libert\u00e9 d&rsquo;opinion et au r\u00e8gne de l&rsquo;intol\u00e9rance.<\/em><\/div>\n<\/div>\n<\/div>\n<\/div>\n<\/div>\n<\/div>\n<\/div>\n<h3 style=\"text-align: center; padding-left: 40px;\">Reconstruire une gauche, plus que n\u00e9cessaire !<\/h3>\n<p>On voit bien, comme l&rsquo;exemple dans d&rsquo;autres pays l&rsquo;a montr\u00e9, que le populisme est une impasse. La gauche ce n&rsquo;est pas cela On recommence en 2027, et en 2032 ? Il faut en sortir, et reconstruire sur de nouvelles bases, sans parti h\u00e9g\u00e9monique (on a eu suffisamment la social-d\u00e9mocratie pour \u00e9craser la gauche et qui l&rsquo;a discr\u00e9dit\u00e9e).<\/p>\n<p><em>Voila , c&rsquo;est dit , Corbieres, un des seconds de JLM, le soir du 11 avril dans l&rsquo;\u00e9mission Ce Soir sur la 5 : \u00ab\u00a0nous n&rsquo;utilisons pas le mot de gauche. C&rsquo;est r\u00e9pulsif. \u00ab\u00a0<\/em><\/p>\n<p>La remise en cause du parti communiste serait n\u00e9faste pour tous. N&rsquo;oublions pas que les grandes conqu\u00eates sociales n&rsquo;ont \u00e9t\u00e9 arrach\u00e9e que lorsque celui-ci \u00e9tait fort.<br \/>\nLa campagne r\u00e9cente de Fabien Roussel a jet\u00e9 des bases, a fait r\u00e9fl\u00e9chir \u00e0 des solutions, a fait des propositions \u00e0 discuter. Un seul parti ne changera pas les choses tout seul.<\/p>\n<p>Quoi qu&rsquo;il en soit un changement r\u00e9el ne peut d\u00e9sormais arriver que si un grand mouvement social le d\u00e9clenche. Les urnes ne suffiront pas avec ce syst\u00e8me verrouill\u00e9.<\/p>\n<div>\n<div class=\"\" dir=\"auto\">\n<div id=\"jsc_c_7i\" class=\"ecm0bbzt hv4rvrfc dati1w0a e5nlhep0\" data-ad-comet-preview=\"message\" data-ad-preview=\"message\">\n<div class=\"j83agx80 cbu4d94t ew0dbk1b irj2b8pg\">\n<div class=\"qzhwtbm6 knvmm38d\">\n<div class=\"kvgmc6g5 cxmmr5t8 oygrvhab hcukyx3x c1et5uql ii04i59q\">\n<div dir=\"auto\" style=\"padding-left: 40px;\"><em>N.Duigou :<\/em><br \/>\n<em>Nos conquis sociaux ont \u00e9t\u00e9 obtenus par la lutte, pas dans les urnes.<\/em><\/div>\n<div dir=\"auto\" style=\"padding-left: 40px;\"><em>Alors, \u00e0 tous les anticommunistes primaires qui se d\u00e9cha\u00eenent actuellement,je vous dis:<\/em><\/div>\n<div dir=\"auto\" style=\"padding-left: 40px;\"><em>On vous attend dans les prochaines actions&#8230;<\/em><\/div>\n<div dir=\"auto\">&nbsp;<\/div>\n<div dir=\"auto\" style=\"padding-left: 40px;\"><span style=\"font-size: 10pt;\"><em>Amar Bellal<\/em><\/span><br \/>\n<span style=\"font-size: 10pt;\"><em>Avec ces quelques lignes je voudrais remercier Fabien Roussel, pour son endurance et son courage durant la campagne, tout la richesse qu&rsquo;il a apport\u00e9e au d\u00e9bat. Sa candidature a contribu\u00e9 \u00e0 rajouter des voix \u00e0 gauche, \u00e0 aller chercher de nouveaux \u00e9lecteurs qui ne se seraient sans doute pas d\u00e9plac\u00e9s pour aller voter dimanche dernier.<\/em><\/span><br \/>\n<span style=\"font-size: 10pt;\"><em>Sans sa candidature, une partie de la gauche n\u2019aurait pas \u00e9t\u00e9 repr\u00e9sent\u00e9e. Cela s&rsquo;est v\u00e9rifi\u00e9 dans histoire : la gauche est plus forte dans la diversit\u00e9 des id\u00e9es et par les d\u00e9bats \u00ab par le haut \u00bb qu\u2019elle peut susciter, cela n &lsquo;a rien \u00e0 voir avec le nombre de candidatures. Fabien a occup\u00e9 une part de l&rsquo;espace m\u00e9diatique, du temps de parole suppl\u00e9mentaire de discours \u00e0 gauche arrach\u00e9 aux \u00e9ternels d\u00e9bats de la pens\u00e9e unique \u00e9conomique et des th\u00e8mes identitaires, cela nous a fait du bien, et cela a contribu\u00e9 \u00e0 ancrer les questions sociales dans les d\u00e9bats.<\/em><\/span><br \/>\n<span style=\"font-size: 10pt;\"><em>Les reproches qui lui sont adress\u00e9s, \u00e0 lui et \u00e0 d\u2019autre candidats, d\u2019\u00eatre responsable de l&rsquo;absence d\u2019un candidat de gauche au second tour sont infond\u00e9s. Cela rel\u00e8ve au mieux d\u2019une m\u00e9connaissance des m\u00e9canisme et des dynamiques \u00e9lectorale en jeu, au pire, d&rsquo;une ligne assum\u00e9e pr\u00f4nant l\u2019existence d\u2019un nombre r\u00e9duit de candidats et de partis politiques en France au service d&rsquo;une vision h\u00e9g\u00e9monique de queqlues uns. Pouss\u00e9 \u00e0 l\u2019extr\u00eame, cela conduirait d&rsquo;ailleurs au syst\u00e8me caract\u00e9ristique des USA o\u00f9 seul 2 partis se pr\u00e9sentent et peuvent acc\u00e9der au pouvoir, 2 choix possibles uniquement : le paradis du vote utile o\u00f9 le pauvre Bernie Sanders en est r\u00e9duit \u00e0 soutenir Biden pour \u00e9viter Trump. En France, c\u2019est une vision qui n\u2019est pas nouvelle, d\u00e9j\u00e0 en 2007 le PS et sa candidate S\u00e9gol\u00e8ne Royal reprochaient aux autres formations de gauche la multiplicit\u00e9 des candidatures brandissant le risque d un nouveau 21 avril 2002 , et d\u00e9j\u00e0 on \u00e9tait pri\u00e9 de justifier notre existence, ne pas trop faire campagne et ne pas trop se montrer.<\/em><\/span><br \/>\n<span style=\"font-size: 10pt;\"><em>Mais surtout ce reproche traduit une m\u00e9connaissance des dynamiques de votes : reprocher \u00e0 Fabien Roussel ses 800 000 voix, c&rsquo;est refuser de voir par exemple les 12 millions d&rsquo;inscrits qui se sont abstenus et que personne n&rsquo;a r\u00e9ussi \u00e0 convaincre, et surtout, les 10 millions de voix suppl\u00e9mentaires qui votaient jadis \u00e0 gauche et qui votent aujourd&rsquo;hui LREM ou RN. C&rsquo;est aussi ne pas comprendre que les votes ne s&rsquo;additionnent pas forc\u00e9ment avec des \u00e9lectorats qui ne se recoupent pas parce que les offres politiques ne sont pas les m\u00eames. Additionner ces \u00e9lectorats est aussi pertinent que de vouloir augmenter la fr\u00e9quentation d&rsquo;un festival de rock, en regroupant tous les groupes de musiciens dans une seule et m\u00eame sc\u00e8ne, les faire jouer tous ensemble dans un seul et m\u00eame groupe, et ainsi s\u2019imaginer que les publics qu&rsquo; ils auraient rassembl\u00e9s chacun d&rsquo;entre eux dans des concerts uniques, s&rsquo;additionneraient &#8230; c&rsquo;est une vision vraiment na\u00efve \u2026 en musique, comme en politique.<\/em><\/span><br \/>\n<span style=\"font-size: 10pt;\"><em>Ce refus de voir cette r\u00e9alit\u00e9 en face est une forme d&rsquo;auto-d\u00e9fense que les psychologues connaissent bien chez les individus, le refus de voir un probl\u00e8me plus profond et plus difficile \u00e0 r\u00e9soudre pour lequel il est bien plus commode de trouver une explication facile afin que ce soit plus supportable \u00e0 vivre, et souvent il est alors plus commode de rejeter la faute sur les autres et trouver des coupables (surtout si en plus ils sont communistes&#8230;).<\/em><\/span><br \/>\n<span style=\"font-size: 10pt;\"><em>La seule question qui vaille d&rsquo;\u00eatre d\u00e9battue est la suivante : pourquoi la gauche plafonne-t-elle \u00e0 25-30% alors que dans un pass\u00e9 r\u00e9cent elle atteignait le seuil des 50% et pouvait m\u00eame esp\u00e9rer gagner une telle \u00e9lection?<\/em><\/span><br \/>\n<span style=\"font-size: 10pt;\"><em>On remarquera qu&rsquo;au fil des ann\u00e9es il y a un glissement dans les ambitions affich\u00e9es : il ne s agit plus de gagner les pr\u00e9sidentielles, mais simplement d&rsquo;acc\u00e9der au 2\u00e8me tour, afin, nous dit-on, de mettre en d\u00e9bat pendant 2 semaines suppl\u00e9mentaires entre les deux tours donc, des propositions de gauche. En effet, nous savons tous compter, m\u00eame avec 29-30% en r\u00e9serve de voix au second tour pour la gauche, il n &lsquo;y a rien \u00e0 esp\u00e9rer de plus que ces 2 semaines de sursis : il est en effet impossible de remporter le second tour avec 30% et environ 20 millions de votes qui manquent. On retrouve ce d\u00e9ni face \u00e0 un probl\u00e8me plus profond, et l&rsquo;explication facile de la d\u00e9signation du coupable qu&rsquo;est la pluralit\u00e9 en politique.<\/em><\/span><br \/>\n<span style=\"font-size: 10pt;\"><em>Insistons, sur beaucoup de sujets que la gauche avait d\u00e9laiss\u00e9s, Fabien Roussel a pu apporter une vision originale comme le mix \u00e9nerg\u00e9tique alliant nucl\u00e9aire et renouvelable, la tranquillit\u00e9 publique, le rapport \u00e0 la r\u00e9publique, \u00e0 la la\u00efcit\u00e9, \u00e0 la libert\u00e9 d\u2019expression, d\u00e9fendant un vivre ensemble respectant les diff\u00e9rences. Une candidature \u00e0 gauche qui n a pas laiss\u00e9 tous ces sujets comme un monopole de la droite : j ai re\u00e7u beaucoup de messages spontan\u00e9s de citoyens en dehors de mon cercle militant je pr\u00e9cise, me disant qu\u2019il d\u00e9sesp\u00e9rait de voir un jour un candidat de gauche d\u00e9fendre le nucl\u00e9aire, et qu\u2019ils en avaient marre d\u2019\u00eatre catalogu\u00e9 \u00e0 droite, voir extr\u00eame droite d\u00e8s lors qu\u2019ils se d\u00e9claraient favorable \u00e0 cette \u00e9nergie, ou d\u00e9fendre la la\u00efcit\u00e9, et qu&rsquo;ils \u00e9taient content d&rsquo;entendre Fabien Roussel dans les m\u00e9dias aller dans ce sens. Et surtout cela n\u2019a pas \u00e9t\u00e9 un candidat social-d\u00e9mocrate de plus, il a propos\u00e9 une transformation en profondeur du syst\u00e8me \u00e9conomique, contestant les pouvoir exorbitant de la finance et des entreprises, proposant concr\u00e8tement de nouveaux pouvoirs d\u2019interventions aux salari\u00e9s, une refonte et un renforcement des services publics, une tout autre logique \u00e9conomiques loin d\u2019un simple am\u00e9nagement par de la fiscalit\u00e9 ou une relance de type keyn\u00e9sienne. Il a parl\u00e9 comme aucun candidat ne l&rsquo;a fait, du monde du travail, de l&rsquo;industrie, de la science, de la recherche, parce que venant d&rsquo;un territoire victime de la d\u00e9sindustrialisation et aussi par ses nombreuses rencontres dans les entreprise dans toute la France.<\/em><\/span><br \/>\n<span style=\"font-size: 10pt;\"><em>En ce sens pour moi Fabien Roussel a trac\u00e9 une voie \u00e0 suivre pour la gauche pour qu&rsquo;un jour on n&rsquo;entende plus jamais que la majorit\u00e9 des employ\u00e9s, techniciens et ouvriers ont vot\u00e9 RN lors de tel ou tel scrutin .<\/em><\/span><br \/>\n<span style=\"font-size: 10pt;\"><em>Non, si il manque 15 \u00e0 20 millions de voix \u00e0 la gauche, manifestement ce n&rsquo;est pas la faute aux communistes, mais bien l&rsquo;incapacit\u00e9 de la gauche tout enti\u00e8re \u00e0 parler au monde du travail, \u00e0 travailler correctement avec les syndicats, \u00e0 avoir un discours cr\u00e9dible sur un tas de sujets. Et c&rsquo;est un probl\u00e8me bien plus ardu qu&rsquo;un simple jeu d\u2019arithm\u00e9tique \u00e9lectoral.<\/em><\/span><br \/>\n<span style=\"font-size: 10pt;\"><em>Pour terminer il faut \u00e9voquer cette spirale du vote utile qui a tout emport\u00e9 les 2 derni\u00e8res semaines, jusqu&rsquo;aux dernier jours et qui a siphonn\u00e9 les candidats de gauche au profit d&rsquo;un seul . On a observ\u00e9 le m\u00eame ph\u00e9nom\u00e8ne \u00e0 l&rsquo;extr\u00eame droite et \u00e0 droite. Des enqu\u00eates d&rsquo;opinion confirment ce qu&rsquo;on a ressenti sur le terrain avec de nombreux t\u00e9moignages de gens nous disant qu&rsquo;ils allaient voter pour le candidat de gauche le mieux plac\u00e9 dans les sondages, quant bien m\u00eame ils nous disaient qu&rsquo;ils auraient volontiers vot\u00e9 pour notre candidat Fabien Roussel si seul le crit\u00e8re du vote de conviction pr\u00e9valait. Les \u00e9lecteurs sont cadenass\u00e9s dans un syst\u00e8me \u00e9lectoral \u00e0 2 tours et avec cette difficult\u00e9 nouvelle qui s&rsquo;ajoute depuis 10 ans d&rsquo;un affaiblissement g\u00e9n\u00e9ral de la gauche o\u00f9 la pr\u00e9sence au second tour n&rsquo;est m\u00eame plus acquise. Ils en sont r\u00e9duit \u00e0 voter sur un crit\u00e8re de strat\u00e9gie et moins de conviction et cherchent d\u00e9sesp\u00e9r\u00e9ment une issue \u00e0 cette situation. On le voit d&rsquo;ailleurs \u00e0 la d\u00e9prime g\u00e9n\u00e9rale ambiante, bien avant les r\u00e9sultats du premier tour. Ce n&rsquo;est pas sain comme fonctionnement d\u00e9mocratique. Et je ne pense pas qu&rsquo;on r\u00e9soudra le probl\u00e8me durablement par une simple pirouette \u00e9lectorale, mais par un travail de fond de reconqu\u00eate d&rsquo;un \u00e9lectorat populaire, pour ne plus avoir \u00e0 se poser cette question du vote utile, et je pense que cela prendre du temps.<\/em><\/span><br \/>\n<span style=\"font-size: 10pt;\"><em>&nbsp;<\/em><\/span><\/div>\n<\/div>\n<\/div>\n<\/div>\n<\/div>\n<\/div>\n<\/div>\n<div class=\"ob-section ob-section-html \">\n<div dir=\"ltr\" style=\"text-align: center;\">****************************************************************************************************************************<\/div>\n<div dir=\"ltr\" style=\"text-align: center;\"><strong>Fabien Roussel \u2013 \u00c9lection pr\u00e9sidentielle<\/strong><\/div>\n<div dir=\"ltr\" style=\"text-align: center;\"><strong>D\u00e9claration \u00e0 l\u2019issue du 1er tour&nbsp; \u2013 10 avril 2022, 20h15<\/strong><\/div>\n<div dir=\"ltr\">&nbsp;<\/div>\n<div dir=\"ltr\">Mesdames et Messieurs, Mes chers amis,<\/div>\n<div dir=\"ltr\">Je veux avant tout remercier les \u00e9lectrices et \u00e9lecteurs qui m\u2019ont soutenu \u00e0 l\u2019occasion de ce premier tour de l\u2019\u00e9lection pr\u00e9sidentielle, d\u2019avoir vot\u00e9 pour la France des Jours heureux, pour une France heureuse, solidaire et digne. Chacune de vos voix est importante et doit \u00eatre respect\u00e9e.<\/div>\n<div dir=\"ltr\">Ce premier tour est encore marqu\u00e9e par une abstention forte qui r\u00e9v\u00e8le autant les fractures de notre soci\u00e9t\u00e9 qu\u2019un malaise profond.<\/div>\n<div dir=\"ltr\">L\u2019extr\u00eame droite, repr\u00e9sent\u00e9e par plusieurs candidats, n\u2019a jamais \u00e9t\u00e9 aussi forte dans notre R\u00e9publique. L\u2019heure est grave.<\/div>\n<div dir=\"ltr\">Le vote dit \u00ab utile \u00bb a largement servi les 3 candidats arriv\u00e9s en t\u00eate ,au d\u00e9triment de tous les autres.<\/div>\n<div dir=\"ltr\">Face \u00e0 cette lame de fond, je tiens \u00e0 saluer les centaines de milliers d\u2019\u00e9lecteurs et les dizaines de milliers de militantes et de militants communistes, et de tous les partenaires qui se sont engag\u00e9s dans cette campagne.<\/div>\n<div dir=\"ltr\">Vous avez men\u00e9 une campagne remarquable, vous avez \u00e9t\u00e9 incroyables. Soyez fiers de ce que vous avez fait, car vous avez sem\u00e9 beaucoup de graines et elles seront utiles pour la suite.<\/div>\n<div dir=\"ltr\">Chacune des voix port\u00e9es sur ma candidature m\u2019engage donc. Elles seront toujours demain un point d\u2019appui pour faire gagner la justice sociale et l\u2019\u00e9galit\u00e9, pour unir nos forces, au service du monde du travail et de la jeunesse.<\/div>\n<div dir=\"ltr\">Car la gauche, \u00e0 l\u2019issue de ce premier tour, reste historiquement faible. Pour la premi\u00e8re fois, le total des voix de gauche est m\u00eame inf\u00e9rieur au total des voix d\u2019extr\u00eame droite.<\/div>\n<div dir=\"ltr\">L\u2019enjeu, et cela restera le mien, sera donc de reconstruire un gauche forte, nouvelle, populaire mais surtout en capacit\u00e9 de l\u2019emporter demain.<\/div>\n<div dir=\"ltr\">Mon ambition, ma d\u00e9termination sont d\u2019autant plus fortes que, ce soir, le pays affronte un d\u00e9fi redoutable.<\/div>\n<div dir=\"ltr\">Car l\u2019extr\u00eame droite acc\u00e8de au second tour, avec une r\u00e9serve de voix faisant peser une menace majeure sur l\u2019avenir de la R\u00e9publique.<\/div>\n<div dir=\"ltr\">Le pr\u00e9sident-candidat est le premier responsable de cette situation.<\/div>\n<div dir=\"ltr\">Apr\u00e8s un quinquennat o\u00f9 notre peuple a vu se d\u00e9grader son pouvoir d\u2019achat, ses conditions de travail, ses services publics, sa souverainet\u00e9 industrielle ou \u00e9nerg\u00e9tique, il a refus\u00e9 le d\u00e9bat devant les Fran\u00e7aises et les Fran\u00e7ais. Pour tout programme, il n\u2019a pr\u00e9sent\u00e9 que des mesures de casse sociale aggrav\u00e9e, \u00e0 commencer par le passage \u00e0 65 ans de l\u2019\u00e2ge du d\u00e9part \u00e0 la retraite.<\/div>\n<div dir=\"ltr\">Une large partie de la France vient de lui dire qu\u2019elle ne supportait plus son comportement m\u00e9prisant et sa volont\u00e9 d\u2019enrichir les plus riches.<\/div>\n<div dir=\"ltr\">Il appartient maintenant \u00e0 Emmanuel Macron de dire qu\u2019il a entendu le message. C\u2019est \u00e0 lui de parler !<\/div>\n<div dir=\"ltr\">&nbsp;<\/div>\n<div dir=\"ltr\">Il doit dire, aujourd\u2019hui, clairement qu\u2019il renoncera \u00e0 ses r\u00e9formes insens\u00e9es.<\/div>\n<div dir=\"ltr\">Sauf \u00e0 faire courir \u00e0 la France le risque d\u2019une catastrophe d\u00e9mocratique, il doit renoncer \u00e0 infliger \u00e0 nos compatriotes une nouvelle cure de souffrance, et il doit d\u2019ores et d\u00e9j\u00e0 retirer son projet d\u2019allongement d\u2019\u00e2ge de d\u00e9part \u00e0 la retraite, de casse de l\u2019h\u00f4pital public, de privatisation de l\u2019\u00e9cole publique, que le pays rejette.<\/div>\n<div dir=\"ltr\">Pour ma part, dimanche 24 avril, je ferai le choix de la responsabilit\u00e9.<\/div>\n<div dir=\"ltr\">Fid\u00e8le \u00e0 toute l\u2019histoire de ma famille politique, je ne permettrai jamais qu\u2019un projet raciste et x\u00e9nophobe soit mis en \u0153uvre \u00e0 la t\u00eate de l\u2019\u00c9tat. Je ne me r\u00e9soudrai jamais \u00e0 ce que Madame Le Pen puisse utiliser nos institutions au service de son entreprise de haine et de division.<\/div>\n<div dir=\"ltr\">Jamais nous ne banaliserons l\u2019extr\u00eame droite et ses id\u00e9es.<\/div>\n<div dir=\"ltr\">C\u2019est pourquoi, j\u2019appelle \u00e0 battre l\u2019extr\u00eame droite, \u00e0 la mettre en \u00e9chec en se servant du seul bulletin qui sera \u00e0 disposition.<\/div>\n<div dir=\"ltr\">Je fais ce choix, je sais qu\u2019il est de plus en plus difficile, car de plus en plus de Fran\u00e7ais, d\u2019hommes et de femmes de progr\u00e8s, de gauche, n\u2019en peuvent plus d\u2019avoir \u00e0 choisir entre la droite et l\u2019extr\u00eame droite !<\/div>\n<div dir=\"ltr\">Ces 5 derni\u00e8res ann\u00e9es, nous avons combattu la politique de ce gouvernement et de son candidat. Nous serons toujours ses adversaires r\u00e9solus.<\/div>\n<div dir=\"ltr\">J\u2019appelle ce soir tous les candidats et toutes les composantes de la gauche, Jean-Luc M\u00e9lenchon et les Insoumis, Anne Hidalgo et les socialistes, Yannick Jadot et les \u00e9cologistes, \u00e0 pr\u00e9parer ensemble les initiatives qui permettront de battre l\u2019extr\u00eame droite.<\/div>\n<div dir=\"ltr\">Je les invite aussi \u00e0 nous r\u00e9unir dans les tous prochains jours pour que les \u00e9lections l\u00e9gislatives nous permettent d\u2019envoyer le plus grand nombre possible de d\u00e9put\u00e9s de gauche \u00e0 l\u2019Assembl\u00e9e nationale.<\/div>\n<div dir=\"ltr\">Car c\u2019est \u00e0 l\u2019Assembl\u00e9e qu\u2019il faudra commencer \u00e0 r\u00e9sister aux projets dangereux de la droite et de l\u2019extr\u00eame droite, \u00e0 arracher des avanc\u00e9es pour les Fran\u00e7ais.<\/div>\n<div dir=\"ltr\">A l\u2019heure o\u00f9 le pays fait face aux plus grands dangers, \u00e0 un monde plong\u00e9 dans la guerre et le chaos, la gauche doit se reconstruire pour recr\u00e9er l\u2019espoir.<\/div>\n<div dir=\"ltr\">Nous continuerons de nous battre pour passer le travail avant les dividendes, arracher l\u2019augmentation des salaires, des retraites et du pouvoir d\u2019achat, reb\u00e2tir une R\u00e9publique sociale, la\u00efque et universaliste, d\u2019agir pour la souverainet\u00e9 \u00e9nerg\u00e9tique, industrielle, alimentaire de notre pays, de faire grandir une voix ind\u00e9pendante de la France en Europe et dans le monde.<\/div>\n<div dir=\"ltr\">Avec les forces et les personnalit\u00e9s rassembl\u00e9es pour porter la campagne des Jours Heureux, nous lancerons un Conseil national pour la R\u00e9publique.<\/div>\n<div dir=\"ltr\">Nous voulons ainsi contribuer au sursaut collectif indispensable, pour la France, pour la gauche.<\/div>\n<div dir=\"ltr\">Une nouvelle page de l\u2019histoire fran\u00e7aise doit s\u2019\u00e9crire.<\/div>\n<div dir=\"ltr\">Vous pouvez compter sur moi pour y prendre toute ma part, avec toujours autant d\u2019enthousiasme et d\u2019engagement au service de tous les Fran\u00e7ais.<\/div>\n<\/div>\n","protected":false},"excerpt":{"rendered":"<p>La d\u00e9claration de Fabien Roussel au soir du premier tour le 10 avril Quelques r\u00e9flexions, personnelles, et aussi trouv\u00e9es sur les r\u00e9seaux sociaux. A discuter, \u00e9videmment.. Et \u00e9volutif. Sur le vote utile Les 3 premiers sont arriv\u00e9s l\u00e0 gr\u00e2ce au \u00ab\u00a0vote utile\u00a0\u00bb. Ils ont lors des derni\u00e8res semaines pomp\u00e9 des voix aux autres candidats de leur camp. Avec des r\u00e9flexes du genre \u00ab\u00a0on ne vote pas pour ceux qui vont perdre, m\u00eame si on les pr\u00e9f\u00e8re\u00a0\u00bb, \u00ab\u00a0votons pour celui qui a &#8230; <a title=\"R\u00e9flexions apr\u00e8s le premier tour de l&rsquo;\u00e9lection pr\u00e9sidentielle\" class=\"read-more\" href=\"https:\/\/www.gastonballiot.fr\/?p=10105\" aria-label=\"Plus sur R\u00e9flexions apr\u00e8s le premier tour de l&rsquo;\u00e9lection pr\u00e9sidentielle\">Lire la suite&#8230;<\/a><\/p>\n","protected":false},"author":1,"featured_media":10106,"comment_status":"open","ping_status":"closed","sticky":false,"template":"","format":"standard","meta":{"ngg_post_thumbnail":0,"jetpack_post_was_ever_published":false,"_jetpack_newsletter_access":"","_jetpack_dont_email_post_to_subs":false,"_jetpack_newsletter_tier_id":0,"_jetpack_memberships_contains_paywalled_content":false,"_jetpack_memberships_contains_paid_content":false,"footnotes":"","jetpack_publicize_message":"","jetpack_publicize_feature_enabled":true,"jetpack_social_post_already_shared":true,"jetpack_social_options":{"image_generator_settings":{"template":"highway","enabled":false},"version":2}},"categories":[2,5],"tags":[],"class_list":["post-10105","post","type-post","status-publish","format-standard","has-post-thumbnail","hentry","category-a-la-une","category-democratie","infinite-scroll-item","masonry-post","generate-columns","tablet-grid-50","mobile-grid-100","grid-parent","grid-33"],"jetpack_publicize_connections":[],"yoast_head":"<!-- This site is optimized with the Yoast SEO plugin v27.5 - https:\/\/yoast.com\/product\/yoast-seo-wordpress\/ -->\n<title>R\u00e9flexions apr\u00e8s le premier tour de l&#039;\u00e9lection pr\u00e9sidentielle - Le blog politique de Gaston<\/title>\n<meta name=\"robots\" content=\"index, follow, max-snippet:-1, max-image-preview:large, max-video-preview:-1\" \/>\n<link rel=\"canonical\" href=\"https:\/\/www.gastonballiot.fr\/?p=10105\" \/>\n<meta property=\"og:locale\" content=\"fr_FR\" \/>\n<meta property=\"og:type\" content=\"article\" \/>\n<meta property=\"og:title\" content=\"R\u00e9flexions apr\u00e8s le premier tour de l&#039;\u00e9lection pr\u00e9sidentielle - Le blog politique de Gaston\" \/>\n<meta property=\"og:description\" content=\"La d\u00e9claration de Fabien Roussel au soir du premier tour le 10 avril Quelques r\u00e9flexions, personnelles, et aussi trouv\u00e9es sur les r\u00e9seaux sociaux. A discuter, \u00e9videmment.. Et \u00e9volutif. Sur le vote utile Les 3 premiers sont arriv\u00e9s l\u00e0 gr\u00e2ce au \u00ab\u00a0vote utile\u00a0\u00bb. Ils ont lors des derni\u00e8res semaines pomp\u00e9 des voix aux autres candidats de leur camp. Avec des r\u00e9flexes du genre \u00ab\u00a0on ne vote pas pour ceux qui vont perdre, m\u00eame si on les pr\u00e9f\u00e8re\u00a0\u00bb, \u00ab\u00a0votons pour celui qui a ... Lire la suite...\" \/>\n<meta property=\"og:url\" content=\"https:\/\/www.gastonballiot.fr\/?p=10105\" \/>\n<meta property=\"og:site_name\" content=\"Le blog politique de Gaston\" \/>\n<meta property=\"article:publisher\" content=\"https:\/\/www.facebook.com\/gaston.balliot\/\" \/>\n<meta property=\"article:author\" content=\"https:\/\/www.facebook.com\/gaston.balliot\/\" \/>\n<meta property=\"article:published_time\" content=\"2022-04-12T14:15:59+00:00\" \/>\n<meta property=\"article:modified_time\" content=\"2022-04-17T06:36:45+00:00\" \/>\n<meta property=\"og:image\" content=\"https:\/\/www.gastonballiot.fr\/wp-content\/uploads\/2022\/04\/regimepresidentiel.jpg\" \/>\n\t<meta property=\"og:image:width\" content=\"593\" \/>\n\t<meta property=\"og:image:height\" content=\"215\" \/>\n\t<meta property=\"og:image:type\" content=\"image\/jpeg\" \/>\n<meta name=\"author\" content=\"gb\" \/>\n<meta name=\"twitter:card\" content=\"summary_large_image\" \/>\n<meta name=\"twitter:label1\" content=\"\u00c9crit par\" \/>\n\t<meta name=\"twitter:data1\" content=\"gb\" \/>\n\t<meta name=\"twitter:label2\" content=\"Dur\u00e9e de lecture estim\u00e9e\" \/>\n\t<meta name=\"twitter:data2\" content=\"30 minutes\" \/>\n<script type=\"application\/ld+json\" class=\"yoast-schema-graph\">{\"@context\":\"https:\\\/\\\/schema.org\",\"@graph\":[{\"@type\":\"Article\",\"@id\":\"https:\\\/\\\/www.gastonballiot.fr\\\/?p=10105#article\",\"isPartOf\":{\"@id\":\"https:\\\/\\\/www.gastonballiot.fr\\\/?p=10105\"},\"author\":{\"name\":\"gb\",\"@id\":\"https:\\\/\\\/www.gastonballiot.fr\\\/#\\\/schema\\\/person\\\/244a5e02696abd8a65c5b1bebdb948ca\"},\"headline\":\"R\u00e9flexions apr\u00e8s le premier tour de l&rsquo;\u00e9lection pr\u00e9sidentielle\",\"datePublished\":\"2022-04-12T14:15:59+00:00\",\"dateModified\":\"2022-04-17T06:36:45+00:00\",\"mainEntityOfPage\":{\"@id\":\"https:\\\/\\\/www.gastonballiot.fr\\\/?p=10105\"},\"wordCount\":6190,\"commentCount\":0,\"publisher\":{\"@id\":\"https:\\\/\\\/www.gastonballiot.fr\\\/#\\\/schema\\\/person\\\/244a5e02696abd8a65c5b1bebdb948ca\"},\"image\":{\"@id\":\"https:\\\/\\\/www.gastonballiot.fr\\\/?p=10105#primaryimage\"},\"thumbnailUrl\":\"https:\\\/\\\/i0.wp.com\\\/www.gastonballiot.fr\\\/wp-content\\\/uploads\\\/2022\\\/04\\\/regimepresidentiel.jpg?fit=593%2C215&ssl=1\",\"articleSection\":[\"A la une\",\"D\u00e9mocratie\"],\"inLanguage\":\"fr-FR\",\"potentialAction\":[{\"@type\":\"CommentAction\",\"name\":\"Comment\",\"target\":[\"https:\\\/\\\/www.gastonballiot.fr\\\/?p=10105#respond\"]}]},{\"@type\":\"WebPage\",\"@id\":\"https:\\\/\\\/www.gastonballiot.fr\\\/?p=10105\",\"url\":\"https:\\\/\\\/www.gastonballiot.fr\\\/?p=10105\",\"name\":\"R\u00e9flexions apr\u00e8s le premier tour de l'\u00e9lection pr\u00e9sidentielle - Le blog politique de Gaston\",\"isPartOf\":{\"@id\":\"https:\\\/\\\/www.gastonballiot.fr\\\/#website\"},\"primaryImageOfPage\":{\"@id\":\"https:\\\/\\\/www.gastonballiot.fr\\\/?p=10105#primaryimage\"},\"image\":{\"@id\":\"https:\\\/\\\/www.gastonballiot.fr\\\/?p=10105#primaryimage\"},\"thumbnailUrl\":\"https:\\\/\\\/i0.wp.com\\\/www.gastonballiot.fr\\\/wp-content\\\/uploads\\\/2022\\\/04\\\/regimepresidentiel.jpg?fit=593%2C215&ssl=1\",\"datePublished\":\"2022-04-12T14:15:59+00:00\",\"dateModified\":\"2022-04-17T06:36:45+00:00\",\"breadcrumb\":{\"@id\":\"https:\\\/\\\/www.gastonballiot.fr\\\/?p=10105#breadcrumb\"},\"inLanguage\":\"fr-FR\",\"potentialAction\":[{\"@type\":\"ReadAction\",\"target\":[\"https:\\\/\\\/www.gastonballiot.fr\\\/?p=10105\"]}]},{\"@type\":\"ImageObject\",\"inLanguage\":\"fr-FR\",\"@id\":\"https:\\\/\\\/www.gastonballiot.fr\\\/?p=10105#primaryimage\",\"url\":\"https:\\\/\\\/i0.wp.com\\\/www.gastonballiot.fr\\\/wp-content\\\/uploads\\\/2022\\\/04\\\/regimepresidentiel.jpg?fit=593%2C215&ssl=1\",\"contentUrl\":\"https:\\\/\\\/i0.wp.com\\\/www.gastonballiot.fr\\\/wp-content\\\/uploads\\\/2022\\\/04\\\/regimepresidentiel.jpg?fit=593%2C215&ssl=1\",\"width\":593,\"height\":215},{\"@type\":\"BreadcrumbList\",\"@id\":\"https:\\\/\\\/www.gastonballiot.fr\\\/?p=10105#breadcrumb\",\"itemListElement\":[{\"@type\":\"ListItem\",\"position\":1,\"name\":\"Accueil\",\"item\":\"https:\\\/\\\/www.gastonballiot.fr\\\/\"},{\"@type\":\"ListItem\",\"position\":2,\"name\":\"R\u00e9flexions apr\u00e8s le premier tour de l&#8217;\u00e9lection pr\u00e9sidentielle\"}]},{\"@type\":\"WebSite\",\"@id\":\"https:\\\/\\\/www.gastonballiot.fr\\\/#website\",\"url\":\"https:\\\/\\\/www.gastonballiot.fr\\\/\",\"name\":\"Le blog politique de Gaston\",\"description\":\"L&#039;humain d&#039;abord, pas la finance !\",\"publisher\":{\"@id\":\"https:\\\/\\\/www.gastonballiot.fr\\\/#\\\/schema\\\/person\\\/244a5e02696abd8a65c5b1bebdb948ca\"},\"potentialAction\":[{\"@type\":\"SearchAction\",\"target\":{\"@type\":\"EntryPoint\",\"urlTemplate\":\"https:\\\/\\\/www.gastonballiot.fr\\\/?s={search_term_string}\"},\"query-input\":{\"@type\":\"PropertyValueSpecification\",\"valueRequired\":true,\"valueName\":\"search_term_string\"}}],\"inLanguage\":\"fr-FR\"},{\"@type\":[\"Person\",\"Organization\"],\"@id\":\"https:\\\/\\\/www.gastonballiot.fr\\\/#\\\/schema\\\/person\\\/244a5e02696abd8a65c5b1bebdb948ca\",\"name\":\"gb\",\"image\":{\"@type\":\"ImageObject\",\"inLanguage\":\"fr-FR\",\"@id\":\"https:\\\/\\\/i0.wp.com\\\/www.gastonballiot.fr\\\/wp-content\\\/uploads\\\/2017\\\/04\\\/cropped-Marianne-drapeau-rouge.gif?fit=512%2C512&ssl=1\",\"url\":\"https:\\\/\\\/i0.wp.com\\\/www.gastonballiot.fr\\\/wp-content\\\/uploads\\\/2017\\\/04\\\/cropped-Marianne-drapeau-rouge.gif?fit=512%2C512&ssl=1\",\"contentUrl\":\"https:\\\/\\\/i0.wp.com\\\/www.gastonballiot.fr\\\/wp-content\\\/uploads\\\/2017\\\/04\\\/cropped-Marianne-drapeau-rouge.gif?fit=512%2C512&ssl=1\",\"width\":512,\"height\":512,\"caption\":\"gb\"},\"logo\":{\"@id\":\"https:\\\/\\\/i0.wp.com\\\/www.gastonballiot.fr\\\/wp-content\\\/uploads\\\/2017\\\/04\\\/cropped-Marianne-drapeau-rouge.gif?fit=512%2C512&ssl=1\"},\"description\":\"Gaston Balliot, militant du Front de Gauche en pays bigouden - Pont L'Abb\u00e9 - Loctudy - Guilvinec - Penmarc'h - Ile Tudy - Combrit Ste Marine - Tr\u00e9meoc - Plon\u00e9our, p\u00eache tourisme\",\"sameAs\":[\"https:\\\/\\\/www.facebook.com\\\/gaston.balliot\\\/\"]}]}<\/script>\n<!-- \/ Yoast SEO plugin. -->","yoast_head_json":{"title":"R\u00e9flexions apr\u00e8s le premier tour de l'\u00e9lection pr\u00e9sidentielle - Le blog politique de Gaston","robots":{"index":"index","follow":"follow","max-snippet":"max-snippet:-1","max-image-preview":"max-image-preview:large","max-video-preview":"max-video-preview:-1"},"canonical":"https:\/\/www.gastonballiot.fr\/?p=10105","og_locale":"fr_FR","og_type":"article","og_title":"R\u00e9flexions apr\u00e8s le premier tour de l'\u00e9lection pr\u00e9sidentielle - Le blog politique de Gaston","og_description":"La d\u00e9claration de Fabien Roussel au soir du premier tour le 10 avril Quelques r\u00e9flexions, personnelles, et aussi trouv\u00e9es sur les r\u00e9seaux sociaux. A discuter, \u00e9videmment.. Et \u00e9volutif. Sur le vote utile Les 3 premiers sont arriv\u00e9s l\u00e0 gr\u00e2ce au \u00ab\u00a0vote utile\u00a0\u00bb. Ils ont lors des derni\u00e8res semaines pomp\u00e9 des voix aux autres candidats de leur camp. Avec des r\u00e9flexes du genre \u00ab\u00a0on ne vote pas pour ceux qui vont perdre, m\u00eame si on les pr\u00e9f\u00e8re\u00a0\u00bb, \u00ab\u00a0votons pour celui qui a ... Lire la suite...","og_url":"https:\/\/www.gastonballiot.fr\/?p=10105","og_site_name":"Le blog politique de Gaston","article_publisher":"https:\/\/www.facebook.com\/gaston.balliot\/","article_author":"https:\/\/www.facebook.com\/gaston.balliot\/","article_published_time":"2022-04-12T14:15:59+00:00","article_modified_time":"2022-04-17T06:36:45+00:00","og_image":[{"width":593,"height":215,"url":"https:\/\/www.gastonballiot.fr\/wp-content\/uploads\/2022\/04\/regimepresidentiel.jpg","type":"image\/jpeg"}],"author":"gb","twitter_card":"summary_large_image","twitter_misc":{"\u00c9crit par":"gb","Dur\u00e9e de lecture estim\u00e9e":"30 minutes"},"schema":{"@context":"https:\/\/schema.org","@graph":[{"@type":"Article","@id":"https:\/\/www.gastonballiot.fr\/?p=10105#article","isPartOf":{"@id":"https:\/\/www.gastonballiot.fr\/?p=10105"},"author":{"name":"gb","@id":"https:\/\/www.gastonballiot.fr\/#\/schema\/person\/244a5e02696abd8a65c5b1bebdb948ca"},"headline":"R\u00e9flexions apr\u00e8s le premier tour de l&rsquo;\u00e9lection pr\u00e9sidentielle","datePublished":"2022-04-12T14:15:59+00:00","dateModified":"2022-04-17T06:36:45+00:00","mainEntityOfPage":{"@id":"https:\/\/www.gastonballiot.fr\/?p=10105"},"wordCount":6190,"commentCount":0,"publisher":{"@id":"https:\/\/www.gastonballiot.fr\/#\/schema\/person\/244a5e02696abd8a65c5b1bebdb948ca"},"image":{"@id":"https:\/\/www.gastonballiot.fr\/?p=10105#primaryimage"},"thumbnailUrl":"https:\/\/i0.wp.com\/www.gastonballiot.fr\/wp-content\/uploads\/2022\/04\/regimepresidentiel.jpg?fit=593%2C215&ssl=1","articleSection":["A la une","D\u00e9mocratie"],"inLanguage":"fr-FR","potentialAction":[{"@type":"CommentAction","name":"Comment","target":["https:\/\/www.gastonballiot.fr\/?p=10105#respond"]}]},{"@type":"WebPage","@id":"https:\/\/www.gastonballiot.fr\/?p=10105","url":"https:\/\/www.gastonballiot.fr\/?p=10105","name":"R\u00e9flexions apr\u00e8s le premier tour de l'\u00e9lection pr\u00e9sidentielle - Le blog politique de Gaston","isPartOf":{"@id":"https:\/\/www.gastonballiot.fr\/#website"},"primaryImageOfPage":{"@id":"https:\/\/www.gastonballiot.fr\/?p=10105#primaryimage"},"image":{"@id":"https:\/\/www.gastonballiot.fr\/?p=10105#primaryimage"},"thumbnailUrl":"https:\/\/i0.wp.com\/www.gastonballiot.fr\/wp-content\/uploads\/2022\/04\/regimepresidentiel.jpg?fit=593%2C215&ssl=1","datePublished":"2022-04-12T14:15:59+00:00","dateModified":"2022-04-17T06:36:45+00:00","breadcrumb":{"@id":"https:\/\/www.gastonballiot.fr\/?p=10105#breadcrumb"},"inLanguage":"fr-FR","potentialAction":[{"@type":"ReadAction","target":["https:\/\/www.gastonballiot.fr\/?p=10105"]}]},{"@type":"ImageObject","inLanguage":"fr-FR","@id":"https:\/\/www.gastonballiot.fr\/?p=10105#primaryimage","url":"https:\/\/i0.wp.com\/www.gastonballiot.fr\/wp-content\/uploads\/2022\/04\/regimepresidentiel.jpg?fit=593%2C215&ssl=1","contentUrl":"https:\/\/i0.wp.com\/www.gastonballiot.fr\/wp-content\/uploads\/2022\/04\/regimepresidentiel.jpg?fit=593%2C215&ssl=1","width":593,"height":215},{"@type":"BreadcrumbList","@id":"https:\/\/www.gastonballiot.fr\/?p=10105#breadcrumb","itemListElement":[{"@type":"ListItem","position":1,"name":"Accueil","item":"https:\/\/www.gastonballiot.fr\/"},{"@type":"ListItem","position":2,"name":"R\u00e9flexions apr\u00e8s le premier tour de l&#8217;\u00e9lection pr\u00e9sidentielle"}]},{"@type":"WebSite","@id":"https:\/\/www.gastonballiot.fr\/#website","url":"https:\/\/www.gastonballiot.fr\/","name":"Le blog politique de Gaston","description":"L&#039;humain d&#039;abord, pas la finance !","publisher":{"@id":"https:\/\/www.gastonballiot.fr\/#\/schema\/person\/244a5e02696abd8a65c5b1bebdb948ca"},"potentialAction":[{"@type":"SearchAction","target":{"@type":"EntryPoint","urlTemplate":"https:\/\/www.gastonballiot.fr\/?s={search_term_string}"},"query-input":{"@type":"PropertyValueSpecification","valueRequired":true,"valueName":"search_term_string"}}],"inLanguage":"fr-FR"},{"@type":["Person","Organization"],"@id":"https:\/\/www.gastonballiot.fr\/#\/schema\/person\/244a5e02696abd8a65c5b1bebdb948ca","name":"gb","image":{"@type":"ImageObject","inLanguage":"fr-FR","@id":"https:\/\/i0.wp.com\/www.gastonballiot.fr\/wp-content\/uploads\/2017\/04\/cropped-Marianne-drapeau-rouge.gif?fit=512%2C512&ssl=1","url":"https:\/\/i0.wp.com\/www.gastonballiot.fr\/wp-content\/uploads\/2017\/04\/cropped-Marianne-drapeau-rouge.gif?fit=512%2C512&ssl=1","contentUrl":"https:\/\/i0.wp.com\/www.gastonballiot.fr\/wp-content\/uploads\/2017\/04\/cropped-Marianne-drapeau-rouge.gif?fit=512%2C512&ssl=1","width":512,"height":512,"caption":"gb"},"logo":{"@id":"https:\/\/i0.wp.com\/www.gastonballiot.fr\/wp-content\/uploads\/2017\/04\/cropped-Marianne-drapeau-rouge.gif?fit=512%2C512&ssl=1"},"description":"Gaston Balliot, militant du Front de Gauche en pays bigouden - Pont L'Abb\u00e9 - Loctudy - Guilvinec - Penmarc'h - Ile Tudy - Combrit Ste Marine - Tr\u00e9meoc - Plon\u00e9our, p\u00eache tourisme","sameAs":["https:\/\/www.facebook.com\/gaston.balliot\/"]}]}},"jetpack_featured_media_url":"https:\/\/i0.wp.com\/www.gastonballiot.fr\/wp-content\/uploads\/2022\/04\/regimepresidentiel.jpg?fit=593%2C215&ssl=1","jetpack_shortlink":"https:\/\/wp.me\/p5UTaD-2CZ","jetpack-related-posts":[],"jetpack_likes_enabled":true,"jetpack_sharing_enabled":true,"_links":{"self":[{"href":"https:\/\/www.gastonballiot.fr\/index.php?rest_route=\/wp\/v2\/posts\/10105","targetHints":{"allow":["GET"]}}],"collection":[{"href":"https:\/\/www.gastonballiot.fr\/index.php?rest_route=\/wp\/v2\/posts"}],"about":[{"href":"https:\/\/www.gastonballiot.fr\/index.php?rest_route=\/wp\/v2\/types\/post"}],"author":[{"embeddable":true,"href":"https:\/\/www.gastonballiot.fr\/index.php?rest_route=\/wp\/v2\/users\/1"}],"replies":[{"embeddable":true,"href":"https:\/\/www.gastonballiot.fr\/index.php?rest_route=%2Fwp%2Fv2%2Fcomments&post=10105"}],"version-history":[{"count":0,"href":"https:\/\/www.gastonballiot.fr\/index.php?rest_route=\/wp\/v2\/posts\/10105\/revisions"}],"wp:featuredmedia":[{"embeddable":true,"href":"https:\/\/www.gastonballiot.fr\/index.php?rest_route=\/wp\/v2\/media\/10106"}],"wp:attachment":[{"href":"https:\/\/www.gastonballiot.fr\/index.php?rest_route=%2Fwp%2Fv2%2Fmedia&parent=10105"}],"wp:term":[{"taxonomy":"category","embeddable":true,"href":"https:\/\/www.gastonballiot.fr\/index.php?rest_route=%2Fwp%2Fv2%2Fcategories&post=10105"},{"taxonomy":"post_tag","embeddable":true,"href":"https:\/\/www.gastonballiot.fr\/index.php?rest_route=%2Fwp%2Fv2%2Ftags&post=10105"}],"curies":[{"name":"wp","href":"https:\/\/api.w.org\/{rel}","templated":true}]}}