{"id":10167,"date":"2022-04-29T10:35:19","date_gmt":"2022-04-29T08:35:19","guid":{"rendered":"https:\/\/www.gastonballiot.fr\/?p=10167"},"modified":"2022-05-06T14:43:53","modified_gmt":"2022-05-06T12:43:53","slug":"legislatives-empecher-macron-davoir-sa-majorite-reunir-la-gauche-sur-une-plate-forme-commune-pour-lemporter","status":"publish","type":"post","link":"https:\/\/www.gastonballiot.fr\/?p=10167","title":{"rendered":"L\u00e9gislatives : emp\u00eacher Macron d&rsquo;avoir sa majorit\u00e9, r\u00e9unir la gauche sur une plate-forme commune pour l&#8217;emporter."},"content":{"rendered":"<p><span style=\"font-size: large;\">Les millions de suffrages anti-Le Pen recueillis par Macron ne sont pas un soutien \u00e0 son programme de casse sociale et le recul de l\u2019\u00e2ge de la retraite est refus\u00e9 par pr\u00e8s de 70 % des Fran\u00e7ais\u2026 De fait seuls 20% des inscrits ont approuv\u00e9 la politique de Macron (1 fran\u00e7ais sur 5)<br \/>\n<\/span><\/p>\n<p>Macron le mal \u00e9lu ne doit pas continuer \u00e0 d\u00e9truire nos acquis sociaux. Trop de gens souffrent des politiques men\u00e9es depuis ces derni\u00e8res ann\u00e9es. Il est encore possible de dire STOP en envoyant \u00e0 l&rsquo;Assembl\u00e9e Nationale une majorit\u00e9 de gauche.<\/p>\n<p>Les n\u00e9gociations vont bon train, il est indispensable qu&rsquo;elles aboutissent. C&rsquo;est le souhait des \u00e9lecteurs de gauche et c&rsquo;est une n\u00e9cessit\u00e9 pour stopper la d\u00e9rive ultralib\u00e9rale et antisociale de l&rsquo;\u00e9quipe Macron\/Medef.<\/p>\n<p style=\"text-align: center;\">Conf\u00e9rence de presse du PCF, le jeudi 28 avril<br \/>\n<iframe loading=\"lazy\" title=\"YouTube video player\" src=\"https:\/\/www.youtube.com\/embed\/CJnZ8-rv8lY\" allowfullscreen=\"allowfullscreen\" width=\"1186\" height=\"667\" frameborder=\"0\"><\/iframe><\/p>\n<p>La tentation h\u00e9g\u00e9monique de Jean Luc M\u00e9lenchon et de ses insoumis complique pour l&rsquo;instant l&rsquo;obtention d&rsquo;un accord. Ils proposent jusqu&rsquo;\u00e0 pr\u00e9sent un rassemblement derri\u00e8re leur \u00ab\u00a0Union populaire\u00a0\u00bb en jouant sur leur bonne performance lors de la pr\u00e9sidentielle, c&rsquo;est \u00e0 dire en continuant \u00e0 se placer dans le cadre de ce syst\u00e8me pr\u00e9sidentiel.<br \/>\nUn accord ne peut aboutir que si un ralliement sans condition n&rsquo;est pas impos\u00e9. <strong>Tous seraient perdants !<\/strong><br \/>\nL&rsquo;ambition affich\u00e9e de JLM de devenir 1er ministre ne se r\u00e9alisera surement pas s&rsquo;il y a dispersion, donc ce n&rsquo;est pas son int\u00e9r\u00eat.<br \/>\nEt les autres formations de gauche seront lamin\u00e9es, donc ce n&rsquo;est pas leur int\u00e9r\u00eat non plus.<br \/>\n<span class=\"d2edcug0 hpfvmrgz qv66sw1b c1et5uql lr9zc1uh a8c37x1j fe6kdd0r mau55g9w c8b282yb keod5gw0 nxhoafnm aigsh9s9 d3f4x2em iv3no6db jq4qci2q a3bd9o3v b1v8xokw oo9gr5id hzawbc8m\" dir=\"auto\">Cr\u00e9er un contrat de l\u00e9gislature commun est certainement possible. La situation l&rsquo;exige.<\/span><\/p>\n<p>Et surtout il faut penser \u00e0 ces millions de personnes en difficult\u00e9 dans ce pays plein de ressources mais pill\u00e9 par le capital.<\/p>\n<p style=\"text-align: center;\"><strong><a href=\"https:\/\/www.gastonballiot.fr\/wp-content\/uploads\/2022\/04\/lettrePCF-a-LFI-28avril.pdf\" target=\"_blank\" rel=\"noopener\">Voici la lettre adress\u00e9e \u00e0 LFI (La France Insoumise) par le PCF le 28 avril (t\u00e9l\u00e9charger en pdf)<\/a><\/strong><\/p>\n<p>En attendant une r\u00e9ponse&#8230; A suivre&#8230;<\/p>\n<p style=\"text-align: center;\"><a href=\"https:\/\/www.gastonballiot.fr\/wp-content\/uploads\/2022\/04\/Declaration-CEN-PCF-30_04_2022.pdf\" target=\"_blank\" rel=\"noopener\"><strong>Voici la d\u00e9claration du PCF le 30 avril (t\u00e9l\u00e9charger en pdf)<\/strong><\/a><\/p>\n<p>30 avril : pas de r\u00e9ponse \u00e9crite publi\u00e9e. LFI n&rsquo;a peut \u00eatre pas envie de rendre publiques ses exigences d\u00e9mesur\u00e9es. Pour l&rsquo;instant \u00e7a coince encore car il a toujours pour objectif de soumettre les autres partis et de les \u00e9craser. Seul un accord a \u00e9t\u00e9 conclu entre LFI et G\u00e9n\u00e9ration.s. Avec le PCF, le PS et EELV, on n\u00e9gocie toujours. Un contrat convenable est l&rsquo;int\u00e9r\u00eat de tous, y compris de LFI, c&rsquo;est pourquoi il faut garder espoir..<\/p>\n<p>lundi 2 mai : un accord est conclu entre LFI, EELV, G\u00e9n\u00e9ration.s<\/p>\n<p>mardi 3 mai : accord entre LFI et PCF, accept\u00e9 par la majorit\u00e9 du Conseil National du PCF mardi apr\u00e8s-midi<\/p>\n<p>mercredi 4 mai : accord conclu entre LFI et le PS. Cet accord a \u00e9t\u00e9 valid\u00e9 jeudi 5 au soir par la direction du PS.<\/p>\n<p>Donc un accord de toute la gauche, c&rsquo;est une bonne nouvelle.<br \/>\nC&rsquo;est bien s\u00fbr un compromis avec des aspects contestables, comme le r\u00e9partition des candidatures dans les diff\u00e9rentes circonscriptions impos\u00e9e par JLM et sa direction de fa\u00e7on autoritaire en m\u00e9prisant les implantations locales, ce qui est risqu\u00e9.<br \/>\nQuant au programme, il n&rsquo;est bien s\u00fbr pas aussi avanc\u00e9 que celui du PCF,&nbsp; mais il y a un espoir de changement imm\u00e9diat pour les millions de personnes en difficult\u00e9. C&rsquo;est fondamental.<\/p>\n<p>Et, comme le dit justement Fran\u00e7ois Ruffin, il reste 2 \u00e9tapes : gagner les l\u00e9gislatives, puis descendre dans la rue quel qu&rsquo;en soit le r\u00e9sultat. N&rsquo;oublions pas que s&rsquo;il y a eu des grandes conqu\u00eates sociale en 1936 lors du Front Populaire c&rsquo;est parce que, apr\u00e8s la victoire \u00e9lectorale de la gauche, il y a eu un grand mouvement social pour exiger le respect des promesses&#8230; et m\u00eame aller plus loin.<\/p>\n<p><a href=\"https:\/\/i0.wp.com\/www.gastonballiot.fr\/wp-content\/uploads\/2022\/04\/RuffinLaRuePousse.jpg?ssl=1\"><img data-recalc-dims=\"1\" loading=\"lazy\" decoding=\"async\" data-attachment-id=\"10190\" data-permalink=\"https:\/\/www.gastonballiot.fr\/?attachment_id=10190#main\" data-orig-file=\"https:\/\/i0.wp.com\/www.gastonballiot.fr\/wp-content\/uploads\/2022\/04\/RuffinLaRuePousse.jpg?fit=526%2C526&amp;ssl=1\" data-orig-size=\"526,526\" data-comments-opened=\"1\" data-image-meta=\"{&quot;aperture&quot;:&quot;0&quot;,&quot;credit&quot;:&quot;&quot;,&quot;camera&quot;:&quot;&quot;,&quot;caption&quot;:&quot;&quot;,&quot;created_timestamp&quot;:&quot;0&quot;,&quot;copyright&quot;:&quot;&quot;,&quot;focal_length&quot;:&quot;0&quot;,&quot;iso&quot;:&quot;0&quot;,&quot;shutter_speed&quot;:&quot;0&quot;,&quot;title&quot;:&quot;&quot;,&quot;orientation&quot;:&quot;0&quot;}\" data-image-title=\"RuffinLaRuePousse\" data-image-description=\"\" data-image-caption=\"\" data-medium-file=\"https:\/\/i0.wp.com\/www.gastonballiot.fr\/wp-content\/uploads\/2022\/04\/RuffinLaRuePousse.jpg?fit=300%2C300&amp;ssl=1\" data-large-file=\"https:\/\/i0.wp.com\/www.gastonballiot.fr\/wp-content\/uploads\/2022\/04\/RuffinLaRuePousse.jpg?fit=526%2C526&amp;ssl=1\" class=\"aligncenter size-full wp-image-10190\" src=\"https:\/\/i0.wp.com\/www.gastonballiot.fr\/wp-content\/uploads\/2022\/04\/RuffinLaRuePousse.jpg?resize=526%2C526&#038;ssl=1\" alt=\"\" width=\"526\" height=\"526\" srcset=\"https:\/\/i0.wp.com\/www.gastonballiot.fr\/wp-content\/uploads\/2022\/04\/RuffinLaRuePousse.jpg?w=526&amp;ssl=1 526w, https:\/\/i0.wp.com\/www.gastonballiot.fr\/wp-content\/uploads\/2022\/04\/RuffinLaRuePousse.jpg?resize=300%2C300&amp;ssl=1 300w, https:\/\/i0.wp.com\/www.gastonballiot.fr\/wp-content\/uploads\/2022\/04\/RuffinLaRuePousse.jpg?resize=150%2C150&amp;ssl=1 150w\" sizes=\"auto, (max-width: 526px) 100vw, 526px\" \/><\/a><\/p>\n<p style=\"text-align: center;\">&nbsp;<\/p>\n<p>&nbsp;<\/p>\n","protected":false},"excerpt":{"rendered":"<p>Les millions de suffrages anti-Le Pen recueillis par Macron ne sont pas un soutien \u00e0 son programme de casse sociale et le recul de l\u2019\u00e2ge de la retraite est refus\u00e9 par pr\u00e8s de 70 % des Fran\u00e7ais\u2026 De fait seuls 20% des inscrits ont approuv\u00e9 la politique de Macron (1 fran\u00e7ais sur 5) Macron le mal \u00e9lu ne doit pas continuer \u00e0 d\u00e9truire nos acquis sociaux. Trop de gens souffrent des politiques men\u00e9es depuis ces derni\u00e8res ann\u00e9es. Il est encore possible &#8230; <a title=\"L\u00e9gislatives : emp\u00eacher Macron d&rsquo;avoir sa majorit\u00e9, r\u00e9unir la gauche sur une plate-forme commune pour l&#8217;emporter.\" class=\"read-more\" href=\"https:\/\/www.gastonballiot.fr\/?p=10167\" aria-label=\"Plus sur L\u00e9gislatives : emp\u00eacher Macron d&rsquo;avoir sa majorit\u00e9, r\u00e9unir la gauche sur une plate-forme commune pour l&#8217;emporter.\">Lire la suite&#8230;<\/a><\/p>\n","protected":false},"author":1,"featured_media":10176,"comment_status":"open","ping_status":"closed","sticky":false,"template":"","format":"standard","meta":{"ngg_post_thumbnail":0,"jetpack_post_was_ever_published":false,"_jetpack_newsletter_access":"","_jetpack_dont_email_post_to_subs":false,"_jetpack_newsletter_tier_id":0,"_jetpack_memberships_contains_paywalled_content":false,"_jetpack_memberships_contains_paid_content":false,"footnotes":"","jetpack_publicize_message":"","jetpack_publicize_feature_enabled":true,"jetpack_social_post_already_shared":true,"jetpack_social_options":{"image_generator_settings":{"template":"highway","enabled":false},"version":2}},"categories":[2],"tags":[545],"class_list":["post-10167","post","type-post","status-publish","format-standard","has-post-thumbnail","hentry","category-a-la-une","tag-legislatives","infinite-scroll-item","masonry-post","generate-columns","tablet-grid-50","mobile-grid-100","grid-parent","grid-33"],"jetpack_publicize_connections":[],"yoast_head":"<!-- This site is optimized with the Yoast SEO plugin v27.5 - https:\/\/yoast.com\/product\/yoast-seo-wordpress\/ -->\n<title>L\u00e9gislatives : emp\u00eacher Macron d&#039;avoir sa majorit\u00e9, r\u00e9unir la gauche sur une plate-forme commune pour l&#039;emporter. - Le blog politique de Gaston<\/title>\n<meta name=\"robots\" content=\"index, follow, max-snippet:-1, max-image-preview:large, max-video-preview:-1\" \/>\n<link rel=\"canonical\" href=\"https:\/\/www.gastonballiot.fr\/?p=10167\" \/>\n<meta property=\"og:locale\" content=\"fr_FR\" \/>\n<meta property=\"og:type\" content=\"article\" \/>\n<meta property=\"og:title\" content=\"L\u00e9gislatives : emp\u00eacher Macron d&#039;avoir sa majorit\u00e9, r\u00e9unir la gauche sur une plate-forme commune pour l&#039;emporter. - Le blog politique de Gaston\" \/>\n<meta property=\"og:description\" content=\"Les millions de suffrages anti-Le Pen recueillis par Macron ne sont pas un soutien \u00e0 son programme de casse sociale et le recul de l\u2019\u00e2ge de la retraite est refus\u00e9 par pr\u00e8s de 70 % des Fran\u00e7ais\u2026 De fait seuls 20% des inscrits ont approuv\u00e9 la politique de Macron (1 fran\u00e7ais sur 5) Macron le mal \u00e9lu ne doit pas continuer \u00e0 d\u00e9truire nos acquis sociaux. Trop de gens souffrent des politiques men\u00e9es depuis ces derni\u00e8res ann\u00e9es. Il est encore possible ... Lire la suite...\" \/>\n<meta property=\"og:url\" content=\"https:\/\/www.gastonballiot.fr\/?p=10167\" \/>\n<meta property=\"og:site_name\" content=\"Le blog politique de Gaston\" \/>\n<meta property=\"article:publisher\" content=\"https:\/\/www.facebook.com\/gaston.balliot\/\" \/>\n<meta property=\"article:author\" content=\"https:\/\/www.facebook.com\/gaston.balliot\/\" \/>\n<meta property=\"article:published_time\" content=\"2022-04-29T08:35:19+00:00\" \/>\n<meta property=\"article:modified_time\" content=\"2022-05-06T12:43:53+00:00\" \/>\n<meta property=\"og:image\" content=\"https:\/\/www.gastonballiot.fr\/wp-content\/uploads\/2022\/04\/gauche.png\" \/>\n\t<meta property=\"og:image:width\" content=\"141\" \/>\n\t<meta property=\"og:image:height\" content=\"59\" \/>\n\t<meta property=\"og:image:type\" content=\"image\/png\" \/>\n<meta name=\"author\" content=\"gb\" \/>\n<meta name=\"twitter:card\" content=\"summary_large_image\" \/>\n<meta name=\"twitter:label1\" content=\"\u00c9crit par\" \/>\n\t<meta name=\"twitter:data1\" content=\"gb\" \/>\n\t<meta name=\"twitter:label2\" content=\"Dur\u00e9e de lecture estim\u00e9e\" \/>\n\t<meta name=\"twitter:data2\" content=\"3 minutes\" \/>\n<script type=\"application\/ld+json\" class=\"yoast-schema-graph\">{\"@context\":\"https:\\\/\\\/schema.org\",\"@graph\":[{\"@type\":\"Article\",\"@id\":\"https:\\\/\\\/www.gastonballiot.fr\\\/?p=10167#article\",\"isPartOf\":{\"@id\":\"https:\\\/\\\/www.gastonballiot.fr\\\/?p=10167\"},\"author\":{\"name\":\"gb\",\"@id\":\"https:\\\/\\\/www.gastonballiot.fr\\\/#\\\/schema\\\/person\\\/244a5e02696abd8a65c5b1bebdb948ca\"},\"headline\":\"L\u00e9gislatives : emp\u00eacher Macron d&rsquo;avoir sa majorit\u00e9, r\u00e9unir la gauche sur une plate-forme commune pour l&#8217;emporter.\",\"datePublished\":\"2022-04-29T08:35:19+00:00\",\"dateModified\":\"2022-05-06T12:43:53+00:00\",\"mainEntityOfPage\":{\"@id\":\"https:\\\/\\\/www.gastonballiot.fr\\\/?p=10167\"},\"wordCount\":685,\"commentCount\":0,\"publisher\":{\"@id\":\"https:\\\/\\\/www.gastonballiot.fr\\\/#\\\/schema\\\/person\\\/244a5e02696abd8a65c5b1bebdb948ca\"},\"image\":{\"@id\":\"https:\\\/\\\/www.gastonballiot.fr\\\/?p=10167#primaryimage\"},\"thumbnailUrl\":\"https:\\\/\\\/i0.wp.com\\\/www.gastonballiot.fr\\\/wp-content\\\/uploads\\\/2022\\\/04\\\/gauche.png?fit=141%2C59&ssl=1\",\"keywords\":[\"l\u00e9gislatives\"],\"articleSection\":[\"A la une\"],\"inLanguage\":\"fr-FR\",\"potentialAction\":[{\"@type\":\"CommentAction\",\"name\":\"Comment\",\"target\":[\"https:\\\/\\\/www.gastonballiot.fr\\\/?p=10167#respond\"]}]},{\"@type\":\"WebPage\",\"@id\":\"https:\\\/\\\/www.gastonballiot.fr\\\/?p=10167\",\"url\":\"https:\\\/\\\/www.gastonballiot.fr\\\/?p=10167\",\"name\":\"L\u00e9gislatives : emp\u00eacher Macron d'avoir sa majorit\u00e9, r\u00e9unir la gauche sur une plate-forme commune pour l'emporter. - Le blog politique de Gaston\",\"isPartOf\":{\"@id\":\"https:\\\/\\\/www.gastonballiot.fr\\\/#website\"},\"primaryImageOfPage\":{\"@id\":\"https:\\\/\\\/www.gastonballiot.fr\\\/?p=10167#primaryimage\"},\"image\":{\"@id\":\"https:\\\/\\\/www.gastonballiot.fr\\\/?p=10167#primaryimage\"},\"thumbnailUrl\":\"https:\\\/\\\/i0.wp.com\\\/www.gastonballiot.fr\\\/wp-content\\\/uploads\\\/2022\\\/04\\\/gauche.png?fit=141%2C59&ssl=1\",\"datePublished\":\"2022-04-29T08:35:19+00:00\",\"dateModified\":\"2022-05-06T12:43:53+00:00\",\"breadcrumb\":{\"@id\":\"https:\\\/\\\/www.gastonballiot.fr\\\/?p=10167#breadcrumb\"},\"inLanguage\":\"fr-FR\",\"potentialAction\":[{\"@type\":\"ReadAction\",\"target\":[\"https:\\\/\\\/www.gastonballiot.fr\\\/?p=10167\"]}]},{\"@type\":\"ImageObject\",\"inLanguage\":\"fr-FR\",\"@id\":\"https:\\\/\\\/www.gastonballiot.fr\\\/?p=10167#primaryimage\",\"url\":\"https:\\\/\\\/i0.wp.com\\\/www.gastonballiot.fr\\\/wp-content\\\/uploads\\\/2022\\\/04\\\/gauche.png?fit=141%2C59&ssl=1\",\"contentUrl\":\"https:\\\/\\\/i0.wp.com\\\/www.gastonballiot.fr\\\/wp-content\\\/uploads\\\/2022\\\/04\\\/gauche.png?fit=141%2C59&ssl=1\",\"width\":141,\"height\":59},{\"@type\":\"BreadcrumbList\",\"@id\":\"https:\\\/\\\/www.gastonballiot.fr\\\/?p=10167#breadcrumb\",\"itemListElement\":[{\"@type\":\"ListItem\",\"position\":1,\"name\":\"Accueil\",\"item\":\"https:\\\/\\\/www.gastonballiot.fr\\\/\"},{\"@type\":\"ListItem\",\"position\":2,\"name\":\"L\u00e9gislatives : emp\u00eacher Macron d&#8217;avoir sa majorit\u00e9, r\u00e9unir la gauche sur une plate-forme commune pour l&#8217;emporter.\"}]},{\"@type\":\"WebSite\",\"@id\":\"https:\\\/\\\/www.gastonballiot.fr\\\/#website\",\"url\":\"https:\\\/\\\/www.gastonballiot.fr\\\/\",\"name\":\"Le blog politique de Gaston\",\"description\":\"L&#039;humain d&#039;abord, pas la finance !\",\"publisher\":{\"@id\":\"https:\\\/\\\/www.gastonballiot.fr\\\/#\\\/schema\\\/person\\\/244a5e02696abd8a65c5b1bebdb948ca\"},\"potentialAction\":[{\"@type\":\"SearchAction\",\"target\":{\"@type\":\"EntryPoint\",\"urlTemplate\":\"https:\\\/\\\/www.gastonballiot.fr\\\/?s={search_term_string}\"},\"query-input\":{\"@type\":\"PropertyValueSpecification\",\"valueRequired\":true,\"valueName\":\"search_term_string\"}}],\"inLanguage\":\"fr-FR\"},{\"@type\":[\"Person\",\"Organization\"],\"@id\":\"https:\\\/\\\/www.gastonballiot.fr\\\/#\\\/schema\\\/person\\\/244a5e02696abd8a65c5b1bebdb948ca\",\"name\":\"gb\",\"image\":{\"@type\":\"ImageObject\",\"inLanguage\":\"fr-FR\",\"@id\":\"https:\\\/\\\/i0.wp.com\\\/www.gastonballiot.fr\\\/wp-content\\\/uploads\\\/2017\\\/04\\\/cropped-Marianne-drapeau-rouge.gif?fit=512%2C512&ssl=1\",\"url\":\"https:\\\/\\\/i0.wp.com\\\/www.gastonballiot.fr\\\/wp-content\\\/uploads\\\/2017\\\/04\\\/cropped-Marianne-drapeau-rouge.gif?fit=512%2C512&ssl=1\",\"contentUrl\":\"https:\\\/\\\/i0.wp.com\\\/www.gastonballiot.fr\\\/wp-content\\\/uploads\\\/2017\\\/04\\\/cropped-Marianne-drapeau-rouge.gif?fit=512%2C512&ssl=1\",\"width\":512,\"height\":512,\"caption\":\"gb\"},\"logo\":{\"@id\":\"https:\\\/\\\/i0.wp.com\\\/www.gastonballiot.fr\\\/wp-content\\\/uploads\\\/2017\\\/04\\\/cropped-Marianne-drapeau-rouge.gif?fit=512%2C512&ssl=1\"},\"description\":\"Gaston Balliot, militant du Front de Gauche en pays bigouden - Pont L'Abb\u00e9 - Loctudy - Guilvinec - Penmarc'h - Ile Tudy - Combrit Ste Marine - Tr\u00e9meoc - Plon\u00e9our, p\u00eache tourisme\",\"sameAs\":[\"https:\\\/\\\/www.facebook.com\\\/gaston.balliot\\\/\"]}]}<\/script>\n<!-- \/ Yoast SEO plugin. -->","yoast_head_json":{"title":"L\u00e9gislatives : emp\u00eacher Macron d'avoir sa majorit\u00e9, r\u00e9unir la gauche sur une plate-forme commune pour l'emporter. - Le blog politique de Gaston","robots":{"index":"index","follow":"follow","max-snippet":"max-snippet:-1","max-image-preview":"max-image-preview:large","max-video-preview":"max-video-preview:-1"},"canonical":"https:\/\/www.gastonballiot.fr\/?p=10167","og_locale":"fr_FR","og_type":"article","og_title":"L\u00e9gislatives : emp\u00eacher Macron d'avoir sa majorit\u00e9, r\u00e9unir la gauche sur une plate-forme commune pour l'emporter. - Le blog politique de Gaston","og_description":"Les millions de suffrages anti-Le Pen recueillis par Macron ne sont pas un soutien \u00e0 son programme de casse sociale et le recul de l\u2019\u00e2ge de la retraite est refus\u00e9 par pr\u00e8s de 70 % des Fran\u00e7ais\u2026 De fait seuls 20% des inscrits ont approuv\u00e9 la politique de Macron (1 fran\u00e7ais sur 5) Macron le mal \u00e9lu ne doit pas continuer \u00e0 d\u00e9truire nos acquis sociaux. Trop de gens souffrent des politiques men\u00e9es depuis ces derni\u00e8res ann\u00e9es. Il est encore possible ... Lire la suite...","og_url":"https:\/\/www.gastonballiot.fr\/?p=10167","og_site_name":"Le blog politique de Gaston","article_publisher":"https:\/\/www.facebook.com\/gaston.balliot\/","article_author":"https:\/\/www.facebook.com\/gaston.balliot\/","article_published_time":"2022-04-29T08:35:19+00:00","article_modified_time":"2022-05-06T12:43:53+00:00","og_image":[{"width":141,"height":59,"url":"https:\/\/www.gastonballiot.fr\/wp-content\/uploads\/2022\/04\/gauche.png","type":"image\/png"}],"author":"gb","twitter_card":"summary_large_image","twitter_misc":{"\u00c9crit par":"gb","Dur\u00e9e de lecture estim\u00e9e":"3 minutes"},"schema":{"@context":"https:\/\/schema.org","@graph":[{"@type":"Article","@id":"https:\/\/www.gastonballiot.fr\/?p=10167#article","isPartOf":{"@id":"https:\/\/www.gastonballiot.fr\/?p=10167"},"author":{"name":"gb","@id":"https:\/\/www.gastonballiot.fr\/#\/schema\/person\/244a5e02696abd8a65c5b1bebdb948ca"},"headline":"L\u00e9gislatives : emp\u00eacher Macron d&rsquo;avoir sa majorit\u00e9, r\u00e9unir la gauche sur une plate-forme commune pour l&#8217;emporter.","datePublished":"2022-04-29T08:35:19+00:00","dateModified":"2022-05-06T12:43:53+00:00","mainEntityOfPage":{"@id":"https:\/\/www.gastonballiot.fr\/?p=10167"},"wordCount":685,"commentCount":0,"publisher":{"@id":"https:\/\/www.gastonballiot.fr\/#\/schema\/person\/244a5e02696abd8a65c5b1bebdb948ca"},"image":{"@id":"https:\/\/www.gastonballiot.fr\/?p=10167#primaryimage"},"thumbnailUrl":"https:\/\/i0.wp.com\/www.gastonballiot.fr\/wp-content\/uploads\/2022\/04\/gauche.png?fit=141%2C59&ssl=1","keywords":["l\u00e9gislatives"],"articleSection":["A la une"],"inLanguage":"fr-FR","potentialAction":[{"@type":"CommentAction","name":"Comment","target":["https:\/\/www.gastonballiot.fr\/?p=10167#respond"]}]},{"@type":"WebPage","@id":"https:\/\/www.gastonballiot.fr\/?p=10167","url":"https:\/\/www.gastonballiot.fr\/?p=10167","name":"L\u00e9gislatives : emp\u00eacher Macron d'avoir sa majorit\u00e9, r\u00e9unir la gauche sur une plate-forme commune pour l'emporter. - Le blog politique de Gaston","isPartOf":{"@id":"https:\/\/www.gastonballiot.fr\/#website"},"primaryImageOfPage":{"@id":"https:\/\/www.gastonballiot.fr\/?p=10167#primaryimage"},"image":{"@id":"https:\/\/www.gastonballiot.fr\/?p=10167#primaryimage"},"thumbnailUrl":"https:\/\/i0.wp.com\/www.gastonballiot.fr\/wp-content\/uploads\/2022\/04\/gauche.png?fit=141%2C59&ssl=1","datePublished":"2022-04-29T08:35:19+00:00","dateModified":"2022-05-06T12:43:53+00:00","breadcrumb":{"@id":"https:\/\/www.gastonballiot.fr\/?p=10167#breadcrumb"},"inLanguage":"fr-FR","potentialAction":[{"@type":"ReadAction","target":["https:\/\/www.gastonballiot.fr\/?p=10167"]}]},{"@type":"ImageObject","inLanguage":"fr-FR","@id":"https:\/\/www.gastonballiot.fr\/?p=10167#primaryimage","url":"https:\/\/i0.wp.com\/www.gastonballiot.fr\/wp-content\/uploads\/2022\/04\/gauche.png?fit=141%2C59&ssl=1","contentUrl":"https:\/\/i0.wp.com\/www.gastonballiot.fr\/wp-content\/uploads\/2022\/04\/gauche.png?fit=141%2C59&ssl=1","width":141,"height":59},{"@type":"BreadcrumbList","@id":"https:\/\/www.gastonballiot.fr\/?p=10167#breadcrumb","itemListElement":[{"@type":"ListItem","position":1,"name":"Accueil","item":"https:\/\/www.gastonballiot.fr\/"},{"@type":"ListItem","position":2,"name":"L\u00e9gislatives : emp\u00eacher Macron d&#8217;avoir sa majorit\u00e9, r\u00e9unir la gauche sur une plate-forme commune pour l&#8217;emporter."}]},{"@type":"WebSite","@id":"https:\/\/www.gastonballiot.fr\/#website","url":"https:\/\/www.gastonballiot.fr\/","name":"Le blog politique de Gaston","description":"L&#039;humain d&#039;abord, pas la finance !","publisher":{"@id":"https:\/\/www.gastonballiot.fr\/#\/schema\/person\/244a5e02696abd8a65c5b1bebdb948ca"},"potentialAction":[{"@type":"SearchAction","target":{"@type":"EntryPoint","urlTemplate":"https:\/\/www.gastonballiot.fr\/?s={search_term_string}"},"query-input":{"@type":"PropertyValueSpecification","valueRequired":true,"valueName":"search_term_string"}}],"inLanguage":"fr-FR"},{"@type":["Person","Organization"],"@id":"https:\/\/www.gastonballiot.fr\/#\/schema\/person\/244a5e02696abd8a65c5b1bebdb948ca","name":"gb","image":{"@type":"ImageObject","inLanguage":"fr-FR","@id":"https:\/\/i0.wp.com\/www.gastonballiot.fr\/wp-content\/uploads\/2017\/04\/cropped-Marianne-drapeau-rouge.gif?fit=512%2C512&ssl=1","url":"https:\/\/i0.wp.com\/www.gastonballiot.fr\/wp-content\/uploads\/2017\/04\/cropped-Marianne-drapeau-rouge.gif?fit=512%2C512&ssl=1","contentUrl":"https:\/\/i0.wp.com\/www.gastonballiot.fr\/wp-content\/uploads\/2017\/04\/cropped-Marianne-drapeau-rouge.gif?fit=512%2C512&ssl=1","width":512,"height":512,"caption":"gb"},"logo":{"@id":"https:\/\/i0.wp.com\/www.gastonballiot.fr\/wp-content\/uploads\/2017\/04\/cropped-Marianne-drapeau-rouge.gif?fit=512%2C512&ssl=1"},"description":"Gaston Balliot, militant du Front de Gauche en pays bigouden - Pont L'Abb\u00e9 - Loctudy - Guilvinec - Penmarc'h - Ile Tudy - Combrit Ste Marine - Tr\u00e9meoc - Plon\u00e9our, p\u00eache tourisme","sameAs":["https:\/\/www.facebook.com\/gaston.balliot\/"]}]}},"jetpack_featured_media_url":"https:\/\/i0.wp.com\/www.gastonballiot.fr\/wp-content\/uploads\/2022\/04\/gauche.png?fit=141%2C59&ssl=1","jetpack_shortlink":"https:\/\/wp.me\/p5UTaD-2DZ","jetpack-related-posts":[],"jetpack_likes_enabled":true,"jetpack_sharing_enabled":true,"_links":{"self":[{"href":"https:\/\/www.gastonballiot.fr\/index.php?rest_route=\/wp\/v2\/posts\/10167","targetHints":{"allow":["GET"]}}],"collection":[{"href":"https:\/\/www.gastonballiot.fr\/index.php?rest_route=\/wp\/v2\/posts"}],"about":[{"href":"https:\/\/www.gastonballiot.fr\/index.php?rest_route=\/wp\/v2\/types\/post"}],"author":[{"embeddable":true,"href":"https:\/\/www.gastonballiot.fr\/index.php?rest_route=\/wp\/v2\/users\/1"}],"replies":[{"embeddable":true,"href":"https:\/\/www.gastonballiot.fr\/index.php?rest_route=%2Fwp%2Fv2%2Fcomments&post=10167"}],"version-history":[{"count":0,"href":"https:\/\/www.gastonballiot.fr\/index.php?rest_route=\/wp\/v2\/posts\/10167\/revisions"}],"wp:featuredmedia":[{"embeddable":true,"href":"https:\/\/www.gastonballiot.fr\/index.php?rest_route=\/wp\/v2\/media\/10176"}],"wp:attachment":[{"href":"https:\/\/www.gastonballiot.fr\/index.php?rest_route=%2Fwp%2Fv2%2Fmedia&parent=10167"}],"wp:term":[{"taxonomy":"category","embeddable":true,"href":"https:\/\/www.gastonballiot.fr\/index.php?rest_route=%2Fwp%2Fv2%2Fcategories&post=10167"},{"taxonomy":"post_tag","embeddable":true,"href":"https:\/\/www.gastonballiot.fr\/index.php?rest_route=%2Fwp%2Fv2%2Ftags&post=10167"}],"curies":[{"name":"wp","href":"https:\/\/api.w.org\/{rel}","templated":true}]}}