{"id":10201,"date":"2022-05-08T08:20:48","date_gmt":"2022-05-08T06:20:48","guid":{"rendered":"https:\/\/www.gastonballiot.fr\/?p=10201"},"modified":"2022-05-08T08:20:48","modified_gmt":"2022-05-08T06:20:48","slug":"irlande-du-nord-victoire-historique-du-sinn-fein","status":"publish","type":"post","link":"https:\/\/www.gastonballiot.fr\/?p=10201","title":{"rendered":"Irlande du Nord : Victoire historique du SINN FEIN !"},"content":{"rendered":"<p>Francis Wurtz, ex-pr\u00e9sident du groupe de la \u00ab Gauche unitaire \u00bb au Parlement europ\u00e9en<\/p>\n<p><span style=\"color: #ff0000;\"><strong>VICTOIRE HISTORIQUE DU SINN FEIN ! (IRLANDE DU NORD)<\/strong><\/span><br \/>\nHistorique, la victoire du Sinn Fein, ce 5 mai 2022, l\u2019est \u00e0 plusieurs titres !<br \/>\nDepuis un si\u00e8cle que cette province irlandaise dite \u00ab Irlande du Nord \u00bb a \u00e9t\u00e9 rattach\u00e9e \u00e0 la Grande Bretagne, c&rsquo;est la premi\u00e8re fois que ce parti r\u00e9publicain et progressiste -dont la raison d&rsquo;\u00eatre est de r\u00e9aliser la r\u00e9unification du pays- supplante le DUP, leader de la droite ultra appel\u00e9e \u00ab unioniste \u00bb car elle refuse toute perspective de s\u00e9paration d\u2019avec le \u00ab Royaume uni \u00bb !<br \/>\nCette victoire \u00e9clatante offre au Sinn Fein (Michelle O\u2019Neill) le poste de Premier Ministre de la province, et celui de Vice-Premier Ministre au parti unioniste. En effet, l&rsquo; Accord du \u00ab Vendredi saint \u00bb -ce compromis qui permit, en 1998, de mettre un terme \u00e0 30 ans de \u00ab troubles \u00bb sanglants entre les deux communaut\u00e9s- pr\u00e9voit que le parti arriv\u00e9 en t\u00eate dans chacun des deux \u00ab camps \u00bb s&rsquo;allie \u00e0 son adversaire pour administrer ensemble, et dans une quasi-\u00e9galit\u00e9 de responsabilit\u00e9, l&rsquo;Irlande du Nord.<br \/>\nCette bascule de la droite vers la gauche en Irlande du Nord est d\u2019autant plus prometteuse qu\u2019au Sud de l\u2019\u00eele, dans la R\u00e9publique d\u2019Irlande, le Sinn Fein -seul parti pr\u00e9sent dans les deux entit\u00e9s- est \u00e9galement en position favorable pour gagner les prochaines \u00e9lections. Pl\u00e9biscit\u00e9 par les jeunes, il est \u00e0 la pointe du combat pour les grands enjeux de soci\u00e9t\u00e9 (moyens de vivre, logement, sant\u00e9, droits des femmes\u2026) et a acquis une cr\u00e9dibilit\u00e9 de parti de gouvernement. Mary-Lou Mc Donald, la brillante et tr\u00e8s populaire pr\u00e9sidente du Sinn Fein, partisane d&rsquo;un r\u00e9f\u00e9rendum sur la r\u00e9unification de l&rsquo;\u00eele, parle de \u00ab la probabilit\u00e9 d&rsquo;une Irlande unie dans les prochaines ann\u00e9es \u00bb. On imagine l\u2019\u00e9moi dans l\u2019entourage de Boris Johnson, alli\u00e9 ind\u00e9fectible des fanatiques du DUP et emp\u00eatr\u00e9 dans le blocage du \u00ab Protocole Nord-irlandais \u00bb , seul moyen d\u2019\u00e9viter le r\u00e9tablissement d\u2019une fronti\u00e8re douani\u00e8re dure sur l\u2019\u00eele, apr\u00e8s le Brexit\u2026<br \/>\nOn permettra \u00e0 l\u2019ex-pr\u00e9sident du groupe de la \u00ab Gauche unitaire \u00bb au Parlement europ\u00e9en d\u2019\u00e9voquer les liens particuliers qui lient ce groupe \u00e0 nos amis du Sinn Fein (Nord et Sud m\u00eal\u00e9s) : en mars 2004, nous nous sommes rendus \u00e0 Belfast pour apprendre \u00e0 mieux conna\u00eetre cette force progressiste atypique, susceptible d&rsquo;envoyer, la m\u00eame ann\u00e9e, ses premiers \u00e9lus \u00e0 Strasbourg et Bruxelles. Le courant passa imm\u00e9diatement entre nous. Le Sinn Fein choisit de rejoindre notre groupe, sa premi\u00e8re d\u00e9put\u00e9e europ\u00e9enne n&rsquo;\u00e9tant autre que la jeune et dynamique Mary-Lou , aujourd&rsquo;hui \u00e0 la t\u00eate de son parti. L&rsquo;ann\u00e9e suivante, le leader historique du Sinn Fein, Gerry Adams, se rendit, pour la premi\u00e8re fois, au Parlement europ\u00e9en, ce qui contribua \u00e0 faire conna\u00eetre le vrai programme actuel de son organisation, r\u00e9solument orient\u00e9e vers la d\u00e9mocratie, le progr\u00e8s social et soci\u00e9tal et la paix. En 2007, le Sinn Fein me fit l&rsquo;honneur de m&rsquo;inviter \u00e0 prendre la parole \u00e0 son Congr\u00e8s, puis \u00e0 assister \u00e0 l&rsquo;investiture solennelle du premier Vice-Premier Ministre d&rsquo;Irlande du Nord issu du Sinn Fein : Martin Mc Guinness, pr\u00eat \u00e0 travailler avec son pire adversaire, le tr\u00e8s r\u00e9actionnaire r\u00e9v\u00e9rend unioniste, Ian Paisley, dans l&rsquo;espoir de contribuer au d\u00e9passement d\u00e9finitif du climat de guerre civile dans la province. 15 ans plus tard, l\u2019objectif reste le m\u00eame. Car, souligne avec sagesse Mary-Lou Mc Donald : \u00ab Il y a besoin de r\u00e9conciliation avant la r\u00e9unification \u00bb. Bon vent \u00e0 nos amis du Sinn Fein !<br \/>\n\u00c1r ndl\u00fathph\u00e1irt\u00edocht go l\u00e9ir ! (x)<br \/>\n\u2014\u2014-<br \/>\n(x) Toute notre solidarit\u00e9 ! (en ga\u00e9lique irlandais)<br \/>\nNB : cette chronique -\u00e9crite pour le prochain num\u00e9ro de \u00ab l\u2019Humanit\u00e9-Magazine \u00bb- est publi\u00e9e \u00e0 l\u2019avance sur FB avec l\u2019aimable autorisation du journal.<\/p>\n","protected":false},"excerpt":{"rendered":"<p>Francis Wurtz, ex-pr\u00e9sident du groupe de la \u00ab Gauche unitaire \u00bb au Parlement europ\u00e9en VICTOIRE HISTORIQUE DU SINN FEIN ! (IRLANDE DU NORD) Historique, la victoire du Sinn Fein, ce 5 mai 2022, l\u2019est \u00e0 plusieurs titres ! Depuis un si\u00e8cle que cette province irlandaise dite \u00ab Irlande du Nord \u00bb a \u00e9t\u00e9 rattach\u00e9e \u00e0 la Grande Bretagne, c&rsquo;est la premi\u00e8re fois que ce parti r\u00e9publicain et progressiste -dont la raison d&rsquo;\u00eatre est de r\u00e9aliser la r\u00e9unification du pays- supplante le &#8230; <a title=\"Irlande du Nord : Victoire historique du SINN FEIN !\" class=\"read-more\" href=\"https:\/\/www.gastonballiot.fr\/?p=10201\" aria-label=\"Plus sur Irlande du Nord : Victoire historique du SINN FEIN !\">Lire la suite&#8230;<\/a><\/p>\n","protected":false},"author":1,"featured_media":10203,"comment_status":"open","ping_status":"closed","sticky":false,"template":"","format":"standard","meta":{"ngg_post_thumbnail":0,"jetpack_post_was_ever_published":false,"_jetpack_newsletter_access":"","_jetpack_dont_email_post_to_subs":false,"_jetpack_newsletter_tier_id":0,"_jetpack_memberships_contains_paywalled_content":false,"_jetpack_memberships_contains_paid_content":false,"footnotes":"","jetpack_publicize_message":"","jetpack_publicize_feature_enabled":true,"jetpack_social_post_already_shared":true,"jetpack_social_options":{"image_generator_settings":{"template":"highway","enabled":false},"version":2}},"categories":[2,5,8],"tags":[546,547],"class_list":["post-10201","post","type-post","status-publish","format-standard","has-post-thumbnail","hentry","category-a-la-une","category-democratie","category-europe","tag-irlande","tag-sinn-fein","infinite-scroll-item","masonry-post","generate-columns","tablet-grid-50","mobile-grid-100","grid-parent","grid-33"],"jetpack_publicize_connections":[],"yoast_head":"<!-- This site is optimized with the Yoast SEO plugin v27.5 - https:\/\/yoast.com\/product\/yoast-seo-wordpress\/ -->\n<title>Irlande du Nord : Victoire historique du SINN FEIN ! - Le blog politique de Gaston<\/title>\n<meta name=\"robots\" content=\"index, follow, max-snippet:-1, max-image-preview:large, max-video-preview:-1\" \/>\n<link rel=\"canonical\" href=\"https:\/\/www.gastonballiot.fr\/?p=10201\" \/>\n<meta property=\"og:locale\" content=\"fr_FR\" \/>\n<meta property=\"og:type\" content=\"article\" \/>\n<meta property=\"og:title\" content=\"Irlande du Nord : Victoire historique du SINN FEIN ! - Le blog politique de Gaston\" \/>\n<meta property=\"og:description\" content=\"Francis Wurtz, ex-pr\u00e9sident du groupe de la \u00ab Gauche unitaire \u00bb au Parlement europ\u00e9en VICTOIRE HISTORIQUE DU SINN FEIN ! (IRLANDE DU NORD) Historique, la victoire du Sinn Fein, ce 5 mai 2022, l\u2019est \u00e0 plusieurs titres ! Depuis un si\u00e8cle que cette province irlandaise dite \u00ab Irlande du Nord \u00bb a \u00e9t\u00e9 rattach\u00e9e \u00e0 la Grande Bretagne, c&rsquo;est la premi\u00e8re fois que ce parti r\u00e9publicain et progressiste -dont la raison d&rsquo;\u00eatre est de r\u00e9aliser la r\u00e9unification du pays- supplante le ... Lire la suite...\" \/>\n<meta property=\"og:url\" content=\"https:\/\/www.gastonballiot.fr\/?p=10201\" \/>\n<meta property=\"og:site_name\" content=\"Le blog politique de Gaston\" \/>\n<meta property=\"article:publisher\" content=\"https:\/\/www.facebook.com\/gaston.balliot\/\" \/>\n<meta property=\"article:author\" content=\"https:\/\/www.facebook.com\/gaston.balliot\/\" \/>\n<meta property=\"article:published_time\" content=\"2022-05-08T06:20:48+00:00\" \/>\n<meta property=\"og:image\" content=\"https:\/\/www.gastonballiot.fr\/wp-content\/uploads\/2022\/05\/irlande.jpg\" \/>\n\t<meta property=\"og:image:width\" content=\"676\" \/>\n\t<meta property=\"og:image:height\" content=\"338\" \/>\n\t<meta property=\"og:image:type\" content=\"image\/jpeg\" \/>\n<meta name=\"author\" content=\"gb\" \/>\n<meta name=\"twitter:card\" content=\"summary_large_image\" \/>\n<meta name=\"twitter:label1\" content=\"\u00c9crit par\" \/>\n\t<meta name=\"twitter:data1\" content=\"gb\" \/>\n\t<meta name=\"twitter:label2\" content=\"Dur\u00e9e de lecture estim\u00e9e\" \/>\n\t<meta name=\"twitter:data2\" content=\"3 minutes\" \/>\n<script type=\"application\/ld+json\" class=\"yoast-schema-graph\">{\"@context\":\"https:\\\/\\\/schema.org\",\"@graph\":[{\"@type\":\"Article\",\"@id\":\"https:\\\/\\\/www.gastonballiot.fr\\\/?p=10201#article\",\"isPartOf\":{\"@id\":\"https:\\\/\\\/www.gastonballiot.fr\\\/?p=10201\"},\"author\":{\"name\":\"gb\",\"@id\":\"https:\\\/\\\/www.gastonballiot.fr\\\/#\\\/schema\\\/person\\\/244a5e02696abd8a65c5b1bebdb948ca\"},\"headline\":\"Irlande du Nord : Victoire historique du SINN FEIN !\",\"datePublished\":\"2022-05-08T06:20:48+00:00\",\"mainEntityOfPage\":{\"@id\":\"https:\\\/\\\/www.gastonballiot.fr\\\/?p=10201\"},\"wordCount\":681,\"commentCount\":0,\"publisher\":{\"@id\":\"https:\\\/\\\/www.gastonballiot.fr\\\/#\\\/schema\\\/person\\\/244a5e02696abd8a65c5b1bebdb948ca\"},\"image\":{\"@id\":\"https:\\\/\\\/www.gastonballiot.fr\\\/?p=10201#primaryimage\"},\"thumbnailUrl\":\"https:\\\/\\\/i0.wp.com\\\/www.gastonballiot.fr\\\/wp-content\\\/uploads\\\/2022\\\/05\\\/irlande.jpg?fit=676%2C338&ssl=1\",\"keywords\":[\"Irlande\",\"Sinn Fein\"],\"articleSection\":[\"A la une\",\"D\u00e9mocratie\",\"Europe\"],\"inLanguage\":\"fr-FR\",\"potentialAction\":[{\"@type\":\"CommentAction\",\"name\":\"Comment\",\"target\":[\"https:\\\/\\\/www.gastonballiot.fr\\\/?p=10201#respond\"]}]},{\"@type\":\"WebPage\",\"@id\":\"https:\\\/\\\/www.gastonballiot.fr\\\/?p=10201\",\"url\":\"https:\\\/\\\/www.gastonballiot.fr\\\/?p=10201\",\"name\":\"Irlande du Nord : Victoire historique du SINN FEIN ! - Le blog politique de Gaston\",\"isPartOf\":{\"@id\":\"https:\\\/\\\/www.gastonballiot.fr\\\/#website\"},\"primaryImageOfPage\":{\"@id\":\"https:\\\/\\\/www.gastonballiot.fr\\\/?p=10201#primaryimage\"},\"image\":{\"@id\":\"https:\\\/\\\/www.gastonballiot.fr\\\/?p=10201#primaryimage\"},\"thumbnailUrl\":\"https:\\\/\\\/i0.wp.com\\\/www.gastonballiot.fr\\\/wp-content\\\/uploads\\\/2022\\\/05\\\/irlande.jpg?fit=676%2C338&ssl=1\",\"datePublished\":\"2022-05-08T06:20:48+00:00\",\"breadcrumb\":{\"@id\":\"https:\\\/\\\/www.gastonballiot.fr\\\/?p=10201#breadcrumb\"},\"inLanguage\":\"fr-FR\",\"potentialAction\":[{\"@type\":\"ReadAction\",\"target\":[\"https:\\\/\\\/www.gastonballiot.fr\\\/?p=10201\"]}]},{\"@type\":\"ImageObject\",\"inLanguage\":\"fr-FR\",\"@id\":\"https:\\\/\\\/www.gastonballiot.fr\\\/?p=10201#primaryimage\",\"url\":\"https:\\\/\\\/i0.wp.com\\\/www.gastonballiot.fr\\\/wp-content\\\/uploads\\\/2022\\\/05\\\/irlande.jpg?fit=676%2C338&ssl=1\",\"contentUrl\":\"https:\\\/\\\/i0.wp.com\\\/www.gastonballiot.fr\\\/wp-content\\\/uploads\\\/2022\\\/05\\\/irlande.jpg?fit=676%2C338&ssl=1\",\"width\":676,\"height\":338,\"caption\":\"Deputy First Minister of Northern Ireland and Irish republican Sinn Fein party member Michelle O'Neill (C) celebrates with party members after being elected on the first count to the Northern Ireland Assembly, at the Magherafelt Meadowbank sports centre in Magherafelt, Co Londonderry, on May 6, 2022. (Photo by PAUL FAITH \\\/ AFP)\"},{\"@type\":\"BreadcrumbList\",\"@id\":\"https:\\\/\\\/www.gastonballiot.fr\\\/?p=10201#breadcrumb\",\"itemListElement\":[{\"@type\":\"ListItem\",\"position\":1,\"name\":\"Accueil\",\"item\":\"https:\\\/\\\/www.gastonballiot.fr\\\/\"},{\"@type\":\"ListItem\",\"position\":2,\"name\":\"Irlande du Nord : Victoire historique du SINN FEIN !\"}]},{\"@type\":\"WebSite\",\"@id\":\"https:\\\/\\\/www.gastonballiot.fr\\\/#website\",\"url\":\"https:\\\/\\\/www.gastonballiot.fr\\\/\",\"name\":\"Le blog politique de Gaston\",\"description\":\"L&#039;humain d&#039;abord, pas la finance !\",\"publisher\":{\"@id\":\"https:\\\/\\\/www.gastonballiot.fr\\\/#\\\/schema\\\/person\\\/244a5e02696abd8a65c5b1bebdb948ca\"},\"potentialAction\":[{\"@type\":\"SearchAction\",\"target\":{\"@type\":\"EntryPoint\",\"urlTemplate\":\"https:\\\/\\\/www.gastonballiot.fr\\\/?s={search_term_string}\"},\"query-input\":{\"@type\":\"PropertyValueSpecification\",\"valueRequired\":true,\"valueName\":\"search_term_string\"}}],\"inLanguage\":\"fr-FR\"},{\"@type\":[\"Person\",\"Organization\"],\"@id\":\"https:\\\/\\\/www.gastonballiot.fr\\\/#\\\/schema\\\/person\\\/244a5e02696abd8a65c5b1bebdb948ca\",\"name\":\"gb\",\"image\":{\"@type\":\"ImageObject\",\"inLanguage\":\"fr-FR\",\"@id\":\"https:\\\/\\\/i0.wp.com\\\/www.gastonballiot.fr\\\/wp-content\\\/uploads\\\/2017\\\/04\\\/cropped-Marianne-drapeau-rouge.gif?fit=512%2C512&ssl=1\",\"url\":\"https:\\\/\\\/i0.wp.com\\\/www.gastonballiot.fr\\\/wp-content\\\/uploads\\\/2017\\\/04\\\/cropped-Marianne-drapeau-rouge.gif?fit=512%2C512&ssl=1\",\"contentUrl\":\"https:\\\/\\\/i0.wp.com\\\/www.gastonballiot.fr\\\/wp-content\\\/uploads\\\/2017\\\/04\\\/cropped-Marianne-drapeau-rouge.gif?fit=512%2C512&ssl=1\",\"width\":512,\"height\":512,\"caption\":\"gb\"},\"logo\":{\"@id\":\"https:\\\/\\\/i0.wp.com\\\/www.gastonballiot.fr\\\/wp-content\\\/uploads\\\/2017\\\/04\\\/cropped-Marianne-drapeau-rouge.gif?fit=512%2C512&ssl=1\"},\"description\":\"Gaston Balliot, militant du Front de Gauche en pays bigouden - Pont L'Abb\u00e9 - Loctudy - Guilvinec - Penmarc'h - Ile Tudy - Combrit Ste Marine - Tr\u00e9meoc - Plon\u00e9our, p\u00eache tourisme\",\"sameAs\":[\"https:\\\/\\\/www.facebook.com\\\/gaston.balliot\\\/\"]}]}<\/script>\n<!-- \/ Yoast SEO plugin. -->","yoast_head_json":{"title":"Irlande du Nord : Victoire historique du SINN FEIN ! - Le blog politique de Gaston","robots":{"index":"index","follow":"follow","max-snippet":"max-snippet:-1","max-image-preview":"max-image-preview:large","max-video-preview":"max-video-preview:-1"},"canonical":"https:\/\/www.gastonballiot.fr\/?p=10201","og_locale":"fr_FR","og_type":"article","og_title":"Irlande du Nord : Victoire historique du SINN FEIN ! - Le blog politique de Gaston","og_description":"Francis Wurtz, ex-pr\u00e9sident du groupe de la \u00ab Gauche unitaire \u00bb au Parlement europ\u00e9en VICTOIRE HISTORIQUE DU SINN FEIN ! (IRLANDE DU NORD) Historique, la victoire du Sinn Fein, ce 5 mai 2022, l\u2019est \u00e0 plusieurs titres ! Depuis un si\u00e8cle que cette province irlandaise dite \u00ab Irlande du Nord \u00bb a \u00e9t\u00e9 rattach\u00e9e \u00e0 la Grande Bretagne, c&rsquo;est la premi\u00e8re fois que ce parti r\u00e9publicain et progressiste -dont la raison d&rsquo;\u00eatre est de r\u00e9aliser la r\u00e9unification du pays- supplante le ... Lire la suite...","og_url":"https:\/\/www.gastonballiot.fr\/?p=10201","og_site_name":"Le blog politique de Gaston","article_publisher":"https:\/\/www.facebook.com\/gaston.balliot\/","article_author":"https:\/\/www.facebook.com\/gaston.balliot\/","article_published_time":"2022-05-08T06:20:48+00:00","og_image":[{"width":676,"height":338,"url":"https:\/\/www.gastonballiot.fr\/wp-content\/uploads\/2022\/05\/irlande.jpg","type":"image\/jpeg"}],"author":"gb","twitter_card":"summary_large_image","twitter_misc":{"\u00c9crit par":"gb","Dur\u00e9e de lecture estim\u00e9e":"3 minutes"},"schema":{"@context":"https:\/\/schema.org","@graph":[{"@type":"Article","@id":"https:\/\/www.gastonballiot.fr\/?p=10201#article","isPartOf":{"@id":"https:\/\/www.gastonballiot.fr\/?p=10201"},"author":{"name":"gb","@id":"https:\/\/www.gastonballiot.fr\/#\/schema\/person\/244a5e02696abd8a65c5b1bebdb948ca"},"headline":"Irlande du Nord : Victoire historique du SINN FEIN !","datePublished":"2022-05-08T06:20:48+00:00","mainEntityOfPage":{"@id":"https:\/\/www.gastonballiot.fr\/?p=10201"},"wordCount":681,"commentCount":0,"publisher":{"@id":"https:\/\/www.gastonballiot.fr\/#\/schema\/person\/244a5e02696abd8a65c5b1bebdb948ca"},"image":{"@id":"https:\/\/www.gastonballiot.fr\/?p=10201#primaryimage"},"thumbnailUrl":"https:\/\/i0.wp.com\/www.gastonballiot.fr\/wp-content\/uploads\/2022\/05\/irlande.jpg?fit=676%2C338&ssl=1","keywords":["Irlande","Sinn Fein"],"articleSection":["A la une","D\u00e9mocratie","Europe"],"inLanguage":"fr-FR","potentialAction":[{"@type":"CommentAction","name":"Comment","target":["https:\/\/www.gastonballiot.fr\/?p=10201#respond"]}]},{"@type":"WebPage","@id":"https:\/\/www.gastonballiot.fr\/?p=10201","url":"https:\/\/www.gastonballiot.fr\/?p=10201","name":"Irlande du Nord : Victoire historique du SINN FEIN ! - Le blog politique de Gaston","isPartOf":{"@id":"https:\/\/www.gastonballiot.fr\/#website"},"primaryImageOfPage":{"@id":"https:\/\/www.gastonballiot.fr\/?p=10201#primaryimage"},"image":{"@id":"https:\/\/www.gastonballiot.fr\/?p=10201#primaryimage"},"thumbnailUrl":"https:\/\/i0.wp.com\/www.gastonballiot.fr\/wp-content\/uploads\/2022\/05\/irlande.jpg?fit=676%2C338&ssl=1","datePublished":"2022-05-08T06:20:48+00:00","breadcrumb":{"@id":"https:\/\/www.gastonballiot.fr\/?p=10201#breadcrumb"},"inLanguage":"fr-FR","potentialAction":[{"@type":"ReadAction","target":["https:\/\/www.gastonballiot.fr\/?p=10201"]}]},{"@type":"ImageObject","inLanguage":"fr-FR","@id":"https:\/\/www.gastonballiot.fr\/?p=10201#primaryimage","url":"https:\/\/i0.wp.com\/www.gastonballiot.fr\/wp-content\/uploads\/2022\/05\/irlande.jpg?fit=676%2C338&ssl=1","contentUrl":"https:\/\/i0.wp.com\/www.gastonballiot.fr\/wp-content\/uploads\/2022\/05\/irlande.jpg?fit=676%2C338&ssl=1","width":676,"height":338,"caption":"Deputy First Minister of Northern Ireland and Irish republican Sinn Fein party member Michelle O'Neill (C) celebrates with party members after being elected on the first count to the Northern Ireland Assembly, at the Magherafelt Meadowbank sports centre in Magherafelt, Co Londonderry, on May 6, 2022. (Photo by PAUL FAITH \/ AFP)"},{"@type":"BreadcrumbList","@id":"https:\/\/www.gastonballiot.fr\/?p=10201#breadcrumb","itemListElement":[{"@type":"ListItem","position":1,"name":"Accueil","item":"https:\/\/www.gastonballiot.fr\/"},{"@type":"ListItem","position":2,"name":"Irlande du Nord : Victoire historique du SINN FEIN !"}]},{"@type":"WebSite","@id":"https:\/\/www.gastonballiot.fr\/#website","url":"https:\/\/www.gastonballiot.fr\/","name":"Le blog politique de Gaston","description":"L&#039;humain d&#039;abord, pas la finance !","publisher":{"@id":"https:\/\/www.gastonballiot.fr\/#\/schema\/person\/244a5e02696abd8a65c5b1bebdb948ca"},"potentialAction":[{"@type":"SearchAction","target":{"@type":"EntryPoint","urlTemplate":"https:\/\/www.gastonballiot.fr\/?s={search_term_string}"},"query-input":{"@type":"PropertyValueSpecification","valueRequired":true,"valueName":"search_term_string"}}],"inLanguage":"fr-FR"},{"@type":["Person","Organization"],"@id":"https:\/\/www.gastonballiot.fr\/#\/schema\/person\/244a5e02696abd8a65c5b1bebdb948ca","name":"gb","image":{"@type":"ImageObject","inLanguage":"fr-FR","@id":"https:\/\/i0.wp.com\/www.gastonballiot.fr\/wp-content\/uploads\/2017\/04\/cropped-Marianne-drapeau-rouge.gif?fit=512%2C512&ssl=1","url":"https:\/\/i0.wp.com\/www.gastonballiot.fr\/wp-content\/uploads\/2017\/04\/cropped-Marianne-drapeau-rouge.gif?fit=512%2C512&ssl=1","contentUrl":"https:\/\/i0.wp.com\/www.gastonballiot.fr\/wp-content\/uploads\/2017\/04\/cropped-Marianne-drapeau-rouge.gif?fit=512%2C512&ssl=1","width":512,"height":512,"caption":"gb"},"logo":{"@id":"https:\/\/i0.wp.com\/www.gastonballiot.fr\/wp-content\/uploads\/2017\/04\/cropped-Marianne-drapeau-rouge.gif?fit=512%2C512&ssl=1"},"description":"Gaston Balliot, militant du Front de Gauche en pays bigouden - Pont L'Abb\u00e9 - Loctudy - Guilvinec - Penmarc'h - Ile Tudy - Combrit Ste Marine - Tr\u00e9meoc - Plon\u00e9our, p\u00eache tourisme","sameAs":["https:\/\/www.facebook.com\/gaston.balliot\/"]}]}},"jetpack_featured_media_url":"https:\/\/i0.wp.com\/www.gastonballiot.fr\/wp-content\/uploads\/2022\/05\/irlande.jpg?fit=676%2C338&ssl=1","jetpack_shortlink":"https:\/\/wp.me\/p5UTaD-2Ex","jetpack-related-posts":[],"jetpack_likes_enabled":true,"jetpack_sharing_enabled":true,"_links":{"self":[{"href":"https:\/\/www.gastonballiot.fr\/index.php?rest_route=\/wp\/v2\/posts\/10201","targetHints":{"allow":["GET"]}}],"collection":[{"href":"https:\/\/www.gastonballiot.fr\/index.php?rest_route=\/wp\/v2\/posts"}],"about":[{"href":"https:\/\/www.gastonballiot.fr\/index.php?rest_route=\/wp\/v2\/types\/post"}],"author":[{"embeddable":true,"href":"https:\/\/www.gastonballiot.fr\/index.php?rest_route=\/wp\/v2\/users\/1"}],"replies":[{"embeddable":true,"href":"https:\/\/www.gastonballiot.fr\/index.php?rest_route=%2Fwp%2Fv2%2Fcomments&post=10201"}],"version-history":[{"count":0,"href":"https:\/\/www.gastonballiot.fr\/index.php?rest_route=\/wp\/v2\/posts\/10201\/revisions"}],"wp:featuredmedia":[{"embeddable":true,"href":"https:\/\/www.gastonballiot.fr\/index.php?rest_route=\/wp\/v2\/media\/10203"}],"wp:attachment":[{"href":"https:\/\/www.gastonballiot.fr\/index.php?rest_route=%2Fwp%2Fv2%2Fmedia&parent=10201"}],"wp:term":[{"taxonomy":"category","embeddable":true,"href":"https:\/\/www.gastonballiot.fr\/index.php?rest_route=%2Fwp%2Fv2%2Fcategories&post=10201"},{"taxonomy":"post_tag","embeddable":true,"href":"https:\/\/www.gastonballiot.fr\/index.php?rest_route=%2Fwp%2Fv2%2Ftags&post=10201"}],"curies":[{"name":"wp","href":"https:\/\/api.w.org\/{rel}","templated":true}]}}