{"id":10413,"date":"2022-07-14T09:57:57","date_gmt":"2022-07-14T07:57:57","guid":{"rendered":"https:\/\/www.gastonballiot.fr\/?p=10413"},"modified":"2022-07-14T10:04:16","modified_gmt":"2022-07-14T08:04:16","slug":"sommet-de-lotan-stop-aux-marchandages-sur-le-dos-du-peuple-kurde","status":"publish","type":"post","link":"https:\/\/www.gastonballiot.fr\/?p=10413","title":{"rendered":"Sommet de l\u2019Otan : Stop aux marchandages sur le dos du peuple kurde !"},"content":{"rendered":"<div class=\"contenuArticle\">\n<div class=\"ob-sections\">\n<div class=\"ob-section ob-section-html \">\n<p>Le sommet de l\u2019OTAN qui vient de se tenir \u00e0 Madrid suscite une immense indignation apr\u00e8s les concessions indignes octroy\u00e9es \u00e0 la Turquie lors de sordides chantages dont Ankara est coutumi\u00e8re. Chacun garde en m\u00e9moire les surench\u00e8res sur les migrants et le blocage des n\u00e9gociations sur l\u2019acheminement du bl\u00e9 ukrainien en mer Noire.<\/p>\n<p>&nbsp;<\/p>\n<p>Cette fois-ci, afin d\u2019obtenir la lev\u00e9e du veto turc \u00e0 l\u2019entr\u00e9e de la Su\u00e8de et de la Finlande dans l\u2019OTAN, R.T. Erdogan a obtenu l\u2019engagement de Stockholm et d\u2019Helsinki d\u2019extrader des d\u00e9mocrates, notamment Kurdes, qualifi\u00e9s de \u00ab&nbsp;terroristes&nbsp;\u00bb. Le tyran d\u2019Ankara a pris l\u2019habitude de qualifier de \u00ab&nbsp;terroristes&nbsp;\u00bb tous ceux qui rejettent sa violence despotique et ils demeurent des dirigeants europ\u00e9ens pour entretenir cette fiction.<\/p>\n<p>R.T. Erdogan s\u2019est empress\u00e9 de fournir des listes nominatives refl\u00e9tant l\u2019intense activit\u00e9 de surveillance des services secrets turcs en Europe qui n\u2019h\u00e9sitent pas \u00e0 abattre sur notre continent des militants kurdes comme cela a \u00e9t\u00e9 le cas en 2013 \u00e0 Paris.<\/p>\n<p>Cela t\u00e9moigne du m\u00e9pris de l\u2019OTAN pour le droit des peuples et plus particuli\u00e8rement pour les Kurdes qui ont \u00e9t\u00e9 nos alli\u00e9s dans la lutte contre l\u2019\u00c9tat Islamique. L\u2019arrogance des dirigeants turcs leur a permis par ailleurs d\u2019obtenir de la part de la Su\u00e8de et de la Finlande l\u2019arr\u00eat du soutien au PYD et \u00e0 ses unit\u00e9s combattantes (YPG) que tous encensaient il y a peu pour leur courage et leur sacrifice contre les organisations djihadistes syriennes soutenues par la Turquie.<\/p>\n<p>Mais \u00e0 c\u00f4t\u00e9 de ces renoncements officiels, il y a des redditions plus officieuses. A la suite de l\u2019invasion par Ankara du nord de la Syrie, la Finlande et la Su\u00e8de avaient d\u00e9cr\u00e9t\u00e9 un embargo sur les ventes d\u2019armes. Celui-ci a \u00e9t\u00e9 lev\u00e9. De plus, R.T. Erdogan fulmine face au refus am\u00e9ricain de lui livrer des avions de combat (F16) afin de moderniser sa flotte vieillissante. Un entretien a eu lieu avec J. Biden dans lequel cette question a \u00e9t\u00e9 \u00e9voqu\u00e9e.<\/p>\n<p>A n\u2019en pas douter, R.T. Erdogan se servira de cet armement pour accro\u00eetre son influence r\u00e9gionale d\u00e9stabilisatrice en M\u00e9diterran\u00e9e orientale, \u00e0 Chypre, en Gr\u00e8ce, en Libye, en Syrie, en Irak et dans le Haut-Karabagh.<\/p>\n<p>Par ailleurs, depuis plusieurs semaines, R.T. Erdogan pi\u00e9tine d\u2019impatience pour envahir les territoires kurdes du nord de la Syrie afin de mettre un terme \u00e0 l\u2019exp\u00e9rience de l\u2019autonomie d\u00e9mocratique et d\u2019annexer de nouveaux territoires. Apr\u00e8s l\u2019approbation de Moscou, R.T. Erdogan est venu n\u00e9gocier l\u2019assentiment de l\u2019OTAN pour une nouvelle intervention arm\u00e9e permettant \u00e0 Ankara et \u00e0 ses suppl\u00e9tifs djihadistes de prendre leur revanche sur les Kurdes. Alors que l\u2019Europe a les yeux tourn\u00e9s vers l\u2019Ukraine, R.T. Erdogan entend saisir cette opportunit\u00e9 pour commettre de nouveaux crimes dans le silence m\u00e9diatique.<\/p>\n<p>La Turquie tire \u00e0 nouveau profit de la crise internationale et de l\u2019invasion criminelle russe de l\u2019Ukraine. Cependant, les dirigeants de l\u2019OTAN, trop heureux de la voir conforter sa pr\u00e9sence au sein du commandement militaire, qu\u2019elle n\u2019a d\u2019ailleurs jamais quitt\u00e9, sont pr\u00eats \u00e0 tous les reniements.<\/p>\n<p>Cette nouvelle ignominie de l\u2019OTAN est un calcul \u00e0 courte vue et aura de profondes r\u00e9percussions source de souffrances pour les peuples. Le nord de la Syrie sera d\u00e9stabilis\u00e9 favorisant le retour de Daesh, des millions de personnes prendront la voie de l\u2019exil alors qu\u2019un r\u00e9gime de terreur turco-djihadiste s\u2019imposera dans ces territoires. La Turquie saura en tirer tous les avantages en recyclant les combattants djihadistes actuellement d\u00e9tenus par les Forces D\u00e9mocratiques Syriennes (FDS) dans de nouvelles op\u00e9rations militaires provocatrices comme elle l\u2019a fait en Libye ou dans le Haut Karabagh o\u00f9 elle entend finir sa sale besogne guerri\u00e8re.<\/p>\n<p>La France d\u2019E. Macron reste dramatiquement silencieuse comme les autres capitales europ\u00e9ennes. L\u2019Union Europ\u00e9enne doit faire entendre sa voix pour s\u2019opposer \u00e0 toute vell\u00e9it\u00e9 de nouvelles invasions turques.<\/p>\n<p>Le Parti communiste fran\u00e7ais (PCF) condamne ces capitulations et exprime sa solidarit\u00e9 avec les forces d\u00e9mocratiques turques et du Nord de la Syrie. Il appelle \u00e0 la mobilisation pour que cesse la loi des armes dans la r\u00e9gion et pour le respect du droit des Kurdes \u00e0 choisir et b\u00e2tir librement leur destin.<\/p>\n<p>Pour cela, la France doit s\u2019\u00e9manciper de ces marchandages de l\u2019OTAN, qui prolonge partout les logiques de guerre \u00e9cul\u00e9es et condamner les r\u00e9unions de clubs oligarchiques qui scellent l\u2019existence d\u2019un peuple admirable par son courage sur l\u2019autel d\u2019abjects int\u00e9r\u00eats.<\/p>\n<p><b>Parti communiste fran\u00e7ais,<\/b><br \/>\nParis, le 7 juillet 2022<\/p>\n<\/div>\n<\/div>\n<\/div>\n","protected":false},"excerpt":{"rendered":"<p>Le sommet de l\u2019OTAN qui vient de se tenir \u00e0 Madrid suscite une immense indignation apr\u00e8s les concessions indignes octroy\u00e9es \u00e0 la Turquie lors de sordides chantages dont Ankara est coutumi\u00e8re. Chacun garde en m\u00e9moire les surench\u00e8res sur les migrants et le blocage des n\u00e9gociations sur l\u2019acheminement du bl\u00e9 ukrainien en mer Noire. &nbsp; Cette fois-ci, afin d\u2019obtenir la lev\u00e9e du veto turc \u00e0 l\u2019entr\u00e9e de la Su\u00e8de et de la Finlande dans l\u2019OTAN, R.T. Erdogan a obtenu l\u2019engagement de Stockholm &#8230; <a title=\"Sommet de l\u2019Otan : Stop aux marchandages sur le dos du peuple kurde !\" class=\"read-more\" href=\"https:\/\/www.gastonballiot.fr\/?p=10413\" aria-label=\"Plus sur Sommet de l\u2019Otan : Stop aux marchandages sur le dos du peuple kurde !\">Lire la suite&#8230;<\/a><\/p>\n","protected":false},"author":1,"featured_media":2491,"comment_status":"open","ping_status":"closed","sticky":false,"template":"","format":"standard","meta":{"ngg_post_thumbnail":0,"jetpack_post_was_ever_published":false,"_jetpack_newsletter_access":"","_jetpack_dont_email_post_to_subs":false,"_jetpack_newsletter_tier_id":0,"_jetpack_memberships_contains_paywalled_content":false,"_jetpack_memberships_contains_paid_content":false,"footnotes":"","jetpack_publicize_message":"","jetpack_publicize_feature_enabled":true,"jetpack_social_post_already_shared":true,"jetpack_social_options":{"image_generator_settings":{"template":"highway","enabled":false},"version":2}},"categories":[2,8,12,11],"tags":[553,102,214],"class_list":["post-10413","post","type-post","status-publish","format-standard","has-post-thumbnail","hentry","category-a-la-une","category-europe","category-paix-desarmement","category-moyen-orient","tag-kurde","tag-otan","tag-turquie","infinite-scroll-item","masonry-post","generate-columns","tablet-grid-50","mobile-grid-100","grid-parent","grid-33"],"jetpack_publicize_connections":[],"yoast_head":"<!-- This site is optimized with the Yoast SEO plugin v27.5 - https:\/\/yoast.com\/product\/yoast-seo-wordpress\/ -->\n<title>Sommet de l\u2019Otan : Stop aux marchandages sur le dos du peuple kurde ! - Le blog politique de Gaston<\/title>\n<meta name=\"robots\" content=\"index, follow, max-snippet:-1, max-image-preview:large, max-video-preview:-1\" \/>\n<link rel=\"canonical\" href=\"https:\/\/www.gastonballiot.fr\/?p=10413\" \/>\n<meta property=\"og:locale\" content=\"fr_FR\" \/>\n<meta property=\"og:type\" content=\"article\" \/>\n<meta property=\"og:title\" content=\"Sommet de l\u2019Otan : Stop aux marchandages sur le dos du peuple kurde ! - Le blog politique de Gaston\" \/>\n<meta property=\"og:description\" content=\"Le sommet de l\u2019OTAN qui vient de se tenir \u00e0 Madrid suscite une immense indignation apr\u00e8s les concessions indignes octroy\u00e9es \u00e0 la Turquie lors de sordides chantages dont Ankara est coutumi\u00e8re. Chacun garde en m\u00e9moire les surench\u00e8res sur les migrants et le blocage des n\u00e9gociations sur l\u2019acheminement du bl\u00e9 ukrainien en mer Noire. &nbsp; Cette fois-ci, afin d\u2019obtenir la lev\u00e9e du veto turc \u00e0 l\u2019entr\u00e9e de la Su\u00e8de et de la Finlande dans l\u2019OTAN, R.T. Erdogan a obtenu l\u2019engagement de Stockholm ... Lire la suite...\" \/>\n<meta property=\"og:url\" content=\"https:\/\/www.gastonballiot.fr\/?p=10413\" \/>\n<meta property=\"og:site_name\" content=\"Le blog politique de Gaston\" \/>\n<meta property=\"article:publisher\" content=\"https:\/\/www.facebook.com\/gaston.balliot\/\" \/>\n<meta property=\"article:author\" content=\"https:\/\/www.facebook.com\/gaston.balliot\/\" \/>\n<meta property=\"article:published_time\" content=\"2022-07-14T07:57:57+00:00\" \/>\n<meta property=\"article:modified_time\" content=\"2022-07-14T08:04:16+00:00\" \/>\n<meta property=\"og:image\" content=\"https:\/\/www.gastonballiot.fr\/wp-content\/uploads\/2016\/07\/otan_danger.jpg\" \/>\n\t<meta property=\"og:image:width\" content=\"502\" \/>\n\t<meta property=\"og:image:height\" content=\"256\" \/>\n\t<meta property=\"og:image:type\" content=\"image\/jpeg\" \/>\n<meta name=\"author\" content=\"gb\" \/>\n<meta name=\"twitter:card\" content=\"summary_large_image\" \/>\n<meta name=\"twitter:label1\" content=\"\u00c9crit par\" \/>\n\t<meta name=\"twitter:data1\" content=\"gb\" \/>\n\t<meta name=\"twitter:label2\" content=\"Dur\u00e9e de lecture estim\u00e9e\" \/>\n\t<meta name=\"twitter:data2\" content=\"4 minutes\" \/>\n<script type=\"application\/ld+json\" class=\"yoast-schema-graph\">{\"@context\":\"https:\\\/\\\/schema.org\",\"@graph\":[{\"@type\":\"Article\",\"@id\":\"https:\\\/\\\/www.gastonballiot.fr\\\/?p=10413#article\",\"isPartOf\":{\"@id\":\"https:\\\/\\\/www.gastonballiot.fr\\\/?p=10413\"},\"author\":{\"name\":\"gb\",\"@id\":\"https:\\\/\\\/www.gastonballiot.fr\\\/#\\\/schema\\\/person\\\/244a5e02696abd8a65c5b1bebdb948ca\"},\"headline\":\"Sommet de l\u2019Otan : Stop aux marchandages sur le dos du peuple kurde !\",\"datePublished\":\"2022-07-14T07:57:57+00:00\",\"dateModified\":\"2022-07-14T08:04:16+00:00\",\"mainEntityOfPage\":{\"@id\":\"https:\\\/\\\/www.gastonballiot.fr\\\/?p=10413\"},\"wordCount\":835,\"commentCount\":0,\"publisher\":{\"@id\":\"https:\\\/\\\/www.gastonballiot.fr\\\/#\\\/schema\\\/person\\\/244a5e02696abd8a65c5b1bebdb948ca\"},\"image\":{\"@id\":\"https:\\\/\\\/www.gastonballiot.fr\\\/?p=10413#primaryimage\"},\"thumbnailUrl\":\"https:\\\/\\\/i0.wp.com\\\/www.gastonballiot.fr\\\/wp-content\\\/uploads\\\/2016\\\/07\\\/otan_danger.jpg?fit=502%2C256&ssl=1\",\"keywords\":[\"kurde\",\"OTAN\",\"Turquie\"],\"articleSection\":[\"A la une\",\"Europe\",\"Paix-D\u00e9sarmement\",\"Proche Orient\"],\"inLanguage\":\"fr-FR\",\"potentialAction\":[{\"@type\":\"CommentAction\",\"name\":\"Comment\",\"target\":[\"https:\\\/\\\/www.gastonballiot.fr\\\/?p=10413#respond\"]}]},{\"@type\":\"WebPage\",\"@id\":\"https:\\\/\\\/www.gastonballiot.fr\\\/?p=10413\",\"url\":\"https:\\\/\\\/www.gastonballiot.fr\\\/?p=10413\",\"name\":\"Sommet de l\u2019Otan : Stop aux marchandages sur le dos du peuple kurde ! - Le blog politique de Gaston\",\"isPartOf\":{\"@id\":\"https:\\\/\\\/www.gastonballiot.fr\\\/#website\"},\"primaryImageOfPage\":{\"@id\":\"https:\\\/\\\/www.gastonballiot.fr\\\/?p=10413#primaryimage\"},\"image\":{\"@id\":\"https:\\\/\\\/www.gastonballiot.fr\\\/?p=10413#primaryimage\"},\"thumbnailUrl\":\"https:\\\/\\\/i0.wp.com\\\/www.gastonballiot.fr\\\/wp-content\\\/uploads\\\/2016\\\/07\\\/otan_danger.jpg?fit=502%2C256&ssl=1\",\"datePublished\":\"2022-07-14T07:57:57+00:00\",\"dateModified\":\"2022-07-14T08:04:16+00:00\",\"breadcrumb\":{\"@id\":\"https:\\\/\\\/www.gastonballiot.fr\\\/?p=10413#breadcrumb\"},\"inLanguage\":\"fr-FR\",\"potentialAction\":[{\"@type\":\"ReadAction\",\"target\":[\"https:\\\/\\\/www.gastonballiot.fr\\\/?p=10413\"]}]},{\"@type\":\"ImageObject\",\"inLanguage\":\"fr-FR\",\"@id\":\"https:\\\/\\\/www.gastonballiot.fr\\\/?p=10413#primaryimage\",\"url\":\"https:\\\/\\\/i0.wp.com\\\/www.gastonballiot.fr\\\/wp-content\\\/uploads\\\/2016\\\/07\\\/otan_danger.jpg?fit=502%2C256&ssl=1\",\"contentUrl\":\"https:\\\/\\\/i0.wp.com\\\/www.gastonballiot.fr\\\/wp-content\\\/uploads\\\/2016\\\/07\\\/otan_danger.jpg?fit=502%2C256&ssl=1\",\"width\":502,\"height\":256},{\"@type\":\"BreadcrumbList\",\"@id\":\"https:\\\/\\\/www.gastonballiot.fr\\\/?p=10413#breadcrumb\",\"itemListElement\":[{\"@type\":\"ListItem\",\"position\":1,\"name\":\"Accueil\",\"item\":\"https:\\\/\\\/www.gastonballiot.fr\\\/\"},{\"@type\":\"ListItem\",\"position\":2,\"name\":\"Sommet de l\u2019Otan : Stop aux marchandages sur le dos du peuple kurde !\"}]},{\"@type\":\"WebSite\",\"@id\":\"https:\\\/\\\/www.gastonballiot.fr\\\/#website\",\"url\":\"https:\\\/\\\/www.gastonballiot.fr\\\/\",\"name\":\"Le blog politique de Gaston\",\"description\":\"L&#039;humain d&#039;abord, pas la finance !\",\"publisher\":{\"@id\":\"https:\\\/\\\/www.gastonballiot.fr\\\/#\\\/schema\\\/person\\\/244a5e02696abd8a65c5b1bebdb948ca\"},\"potentialAction\":[{\"@type\":\"SearchAction\",\"target\":{\"@type\":\"EntryPoint\",\"urlTemplate\":\"https:\\\/\\\/www.gastonballiot.fr\\\/?s={search_term_string}\"},\"query-input\":{\"@type\":\"PropertyValueSpecification\",\"valueRequired\":true,\"valueName\":\"search_term_string\"}}],\"inLanguage\":\"fr-FR\"},{\"@type\":[\"Person\",\"Organization\"],\"@id\":\"https:\\\/\\\/www.gastonballiot.fr\\\/#\\\/schema\\\/person\\\/244a5e02696abd8a65c5b1bebdb948ca\",\"name\":\"gb\",\"image\":{\"@type\":\"ImageObject\",\"inLanguage\":\"fr-FR\",\"@id\":\"https:\\\/\\\/i0.wp.com\\\/www.gastonballiot.fr\\\/wp-content\\\/uploads\\\/2017\\\/04\\\/cropped-Marianne-drapeau-rouge.gif?fit=512%2C512&ssl=1\",\"url\":\"https:\\\/\\\/i0.wp.com\\\/www.gastonballiot.fr\\\/wp-content\\\/uploads\\\/2017\\\/04\\\/cropped-Marianne-drapeau-rouge.gif?fit=512%2C512&ssl=1\",\"contentUrl\":\"https:\\\/\\\/i0.wp.com\\\/www.gastonballiot.fr\\\/wp-content\\\/uploads\\\/2017\\\/04\\\/cropped-Marianne-drapeau-rouge.gif?fit=512%2C512&ssl=1\",\"width\":512,\"height\":512,\"caption\":\"gb\"},\"logo\":{\"@id\":\"https:\\\/\\\/i0.wp.com\\\/www.gastonballiot.fr\\\/wp-content\\\/uploads\\\/2017\\\/04\\\/cropped-Marianne-drapeau-rouge.gif?fit=512%2C512&ssl=1\"},\"description\":\"Gaston Balliot, militant du Front de Gauche en pays bigouden - Pont L'Abb\u00e9 - Loctudy - Guilvinec - Penmarc'h - Ile Tudy - Combrit Ste Marine - Tr\u00e9meoc - Plon\u00e9our, p\u00eache tourisme\",\"sameAs\":[\"https:\\\/\\\/www.facebook.com\\\/gaston.balliot\\\/\"]}]}<\/script>\n<!-- \/ Yoast SEO plugin. -->","yoast_head_json":{"title":"Sommet de l\u2019Otan : Stop aux marchandages sur le dos du peuple kurde ! - Le blog politique de Gaston","robots":{"index":"index","follow":"follow","max-snippet":"max-snippet:-1","max-image-preview":"max-image-preview:large","max-video-preview":"max-video-preview:-1"},"canonical":"https:\/\/www.gastonballiot.fr\/?p=10413","og_locale":"fr_FR","og_type":"article","og_title":"Sommet de l\u2019Otan : Stop aux marchandages sur le dos du peuple kurde ! - Le blog politique de Gaston","og_description":"Le sommet de l\u2019OTAN qui vient de se tenir \u00e0 Madrid suscite une immense indignation apr\u00e8s les concessions indignes octroy\u00e9es \u00e0 la Turquie lors de sordides chantages dont Ankara est coutumi\u00e8re. Chacun garde en m\u00e9moire les surench\u00e8res sur les migrants et le blocage des n\u00e9gociations sur l\u2019acheminement du bl\u00e9 ukrainien en mer Noire. &nbsp; Cette fois-ci, afin d\u2019obtenir la lev\u00e9e du veto turc \u00e0 l\u2019entr\u00e9e de la Su\u00e8de et de la Finlande dans l\u2019OTAN, R.T. Erdogan a obtenu l\u2019engagement de Stockholm ... Lire la suite...","og_url":"https:\/\/www.gastonballiot.fr\/?p=10413","og_site_name":"Le blog politique de Gaston","article_publisher":"https:\/\/www.facebook.com\/gaston.balliot\/","article_author":"https:\/\/www.facebook.com\/gaston.balliot\/","article_published_time":"2022-07-14T07:57:57+00:00","article_modified_time":"2022-07-14T08:04:16+00:00","og_image":[{"width":502,"height":256,"url":"https:\/\/www.gastonballiot.fr\/wp-content\/uploads\/2016\/07\/otan_danger.jpg","type":"image\/jpeg"}],"author":"gb","twitter_card":"summary_large_image","twitter_misc":{"\u00c9crit par":"gb","Dur\u00e9e de lecture estim\u00e9e":"4 minutes"},"schema":{"@context":"https:\/\/schema.org","@graph":[{"@type":"Article","@id":"https:\/\/www.gastonballiot.fr\/?p=10413#article","isPartOf":{"@id":"https:\/\/www.gastonballiot.fr\/?p=10413"},"author":{"name":"gb","@id":"https:\/\/www.gastonballiot.fr\/#\/schema\/person\/244a5e02696abd8a65c5b1bebdb948ca"},"headline":"Sommet de l\u2019Otan : Stop aux marchandages sur le dos du peuple kurde !","datePublished":"2022-07-14T07:57:57+00:00","dateModified":"2022-07-14T08:04:16+00:00","mainEntityOfPage":{"@id":"https:\/\/www.gastonballiot.fr\/?p=10413"},"wordCount":835,"commentCount":0,"publisher":{"@id":"https:\/\/www.gastonballiot.fr\/#\/schema\/person\/244a5e02696abd8a65c5b1bebdb948ca"},"image":{"@id":"https:\/\/www.gastonballiot.fr\/?p=10413#primaryimage"},"thumbnailUrl":"https:\/\/i0.wp.com\/www.gastonballiot.fr\/wp-content\/uploads\/2016\/07\/otan_danger.jpg?fit=502%2C256&ssl=1","keywords":["kurde","OTAN","Turquie"],"articleSection":["A la une","Europe","Paix-D\u00e9sarmement","Proche Orient"],"inLanguage":"fr-FR","potentialAction":[{"@type":"CommentAction","name":"Comment","target":["https:\/\/www.gastonballiot.fr\/?p=10413#respond"]}]},{"@type":"WebPage","@id":"https:\/\/www.gastonballiot.fr\/?p=10413","url":"https:\/\/www.gastonballiot.fr\/?p=10413","name":"Sommet de l\u2019Otan : Stop aux marchandages sur le dos du peuple kurde ! - Le blog politique de Gaston","isPartOf":{"@id":"https:\/\/www.gastonballiot.fr\/#website"},"primaryImageOfPage":{"@id":"https:\/\/www.gastonballiot.fr\/?p=10413#primaryimage"},"image":{"@id":"https:\/\/www.gastonballiot.fr\/?p=10413#primaryimage"},"thumbnailUrl":"https:\/\/i0.wp.com\/www.gastonballiot.fr\/wp-content\/uploads\/2016\/07\/otan_danger.jpg?fit=502%2C256&ssl=1","datePublished":"2022-07-14T07:57:57+00:00","dateModified":"2022-07-14T08:04:16+00:00","breadcrumb":{"@id":"https:\/\/www.gastonballiot.fr\/?p=10413#breadcrumb"},"inLanguage":"fr-FR","potentialAction":[{"@type":"ReadAction","target":["https:\/\/www.gastonballiot.fr\/?p=10413"]}]},{"@type":"ImageObject","inLanguage":"fr-FR","@id":"https:\/\/www.gastonballiot.fr\/?p=10413#primaryimage","url":"https:\/\/i0.wp.com\/www.gastonballiot.fr\/wp-content\/uploads\/2016\/07\/otan_danger.jpg?fit=502%2C256&ssl=1","contentUrl":"https:\/\/i0.wp.com\/www.gastonballiot.fr\/wp-content\/uploads\/2016\/07\/otan_danger.jpg?fit=502%2C256&ssl=1","width":502,"height":256},{"@type":"BreadcrumbList","@id":"https:\/\/www.gastonballiot.fr\/?p=10413#breadcrumb","itemListElement":[{"@type":"ListItem","position":1,"name":"Accueil","item":"https:\/\/www.gastonballiot.fr\/"},{"@type":"ListItem","position":2,"name":"Sommet de l\u2019Otan : Stop aux marchandages sur le dos du peuple kurde !"}]},{"@type":"WebSite","@id":"https:\/\/www.gastonballiot.fr\/#website","url":"https:\/\/www.gastonballiot.fr\/","name":"Le blog politique de Gaston","description":"L&#039;humain d&#039;abord, pas la finance !","publisher":{"@id":"https:\/\/www.gastonballiot.fr\/#\/schema\/person\/244a5e02696abd8a65c5b1bebdb948ca"},"potentialAction":[{"@type":"SearchAction","target":{"@type":"EntryPoint","urlTemplate":"https:\/\/www.gastonballiot.fr\/?s={search_term_string}"},"query-input":{"@type":"PropertyValueSpecification","valueRequired":true,"valueName":"search_term_string"}}],"inLanguage":"fr-FR"},{"@type":["Person","Organization"],"@id":"https:\/\/www.gastonballiot.fr\/#\/schema\/person\/244a5e02696abd8a65c5b1bebdb948ca","name":"gb","image":{"@type":"ImageObject","inLanguage":"fr-FR","@id":"https:\/\/i0.wp.com\/www.gastonballiot.fr\/wp-content\/uploads\/2017\/04\/cropped-Marianne-drapeau-rouge.gif?fit=512%2C512&ssl=1","url":"https:\/\/i0.wp.com\/www.gastonballiot.fr\/wp-content\/uploads\/2017\/04\/cropped-Marianne-drapeau-rouge.gif?fit=512%2C512&ssl=1","contentUrl":"https:\/\/i0.wp.com\/www.gastonballiot.fr\/wp-content\/uploads\/2017\/04\/cropped-Marianne-drapeau-rouge.gif?fit=512%2C512&ssl=1","width":512,"height":512,"caption":"gb"},"logo":{"@id":"https:\/\/i0.wp.com\/www.gastonballiot.fr\/wp-content\/uploads\/2017\/04\/cropped-Marianne-drapeau-rouge.gif?fit=512%2C512&ssl=1"},"description":"Gaston Balliot, militant du Front de Gauche en pays bigouden - Pont L'Abb\u00e9 - Loctudy - Guilvinec - Penmarc'h - Ile Tudy - Combrit Ste Marine - Tr\u00e9meoc - Plon\u00e9our, p\u00eache tourisme","sameAs":["https:\/\/www.facebook.com\/gaston.balliot\/"]}]}},"jetpack_featured_media_url":"https:\/\/i0.wp.com\/www.gastonballiot.fr\/wp-content\/uploads\/2016\/07\/otan_danger.jpg?fit=502%2C256&ssl=1","jetpack_shortlink":"https:\/\/wp.me\/p5UTaD-2HX","jetpack-related-posts":[],"jetpack_likes_enabled":true,"jetpack_sharing_enabled":true,"_links":{"self":[{"href":"https:\/\/www.gastonballiot.fr\/index.php?rest_route=\/wp\/v2\/posts\/10413","targetHints":{"allow":["GET"]}}],"collection":[{"href":"https:\/\/www.gastonballiot.fr\/index.php?rest_route=\/wp\/v2\/posts"}],"about":[{"href":"https:\/\/www.gastonballiot.fr\/index.php?rest_route=\/wp\/v2\/types\/post"}],"author":[{"embeddable":true,"href":"https:\/\/www.gastonballiot.fr\/index.php?rest_route=\/wp\/v2\/users\/1"}],"replies":[{"embeddable":true,"href":"https:\/\/www.gastonballiot.fr\/index.php?rest_route=%2Fwp%2Fv2%2Fcomments&post=10413"}],"version-history":[{"count":0,"href":"https:\/\/www.gastonballiot.fr\/index.php?rest_route=\/wp\/v2\/posts\/10413\/revisions"}],"wp:featuredmedia":[{"embeddable":true,"href":"https:\/\/www.gastonballiot.fr\/index.php?rest_route=\/wp\/v2\/media\/2491"}],"wp:attachment":[{"href":"https:\/\/www.gastonballiot.fr\/index.php?rest_route=%2Fwp%2Fv2%2Fmedia&parent=10413"}],"wp:term":[{"taxonomy":"category","embeddable":true,"href":"https:\/\/www.gastonballiot.fr\/index.php?rest_route=%2Fwp%2Fv2%2Fcategories&post=10413"},{"taxonomy":"post_tag","embeddable":true,"href":"https:\/\/www.gastonballiot.fr\/index.php?rest_route=%2Fwp%2Fv2%2Ftags&post=10413"}],"curies":[{"name":"wp","href":"https:\/\/api.w.org\/{rel}","templated":true}]}}