{"id":10713,"date":"2022-09-12T11:50:04","date_gmt":"2022-09-12T09:50:04","guid":{"rendered":"https:\/\/www.gastonballiot.fr\/?p=10713"},"modified":"2022-09-15T09:00:48","modified_gmt":"2022-09-15T07:00:48","slug":"quy-a-til-derriere-les-attaques-contre-fabien-roussel-ces-jours-ci","status":"publish","type":"post","link":"https:\/\/www.gastonballiot.fr\/?p=10713","title":{"rendered":"Qu&rsquo;y a t&rsquo;il derri\u00e8re les attaques contre Fabien Roussel ces jours-ci ?"},"content":{"rendered":"<p>Lib\u00e9, le Parisien, etc.. , les m\u00e9dias du capital se vautrent dans l&rsquo;exploitation des petites pol\u00e9miques bien souvent d\u00e9clench\u00e9es par des membres du staff de JLM (Corbi\u00e8re, Coquerel,&nbsp; et autres=).<br \/>\nEt bien s\u00fbr ces m\u00e9dias reprennent les \u00ab\u00a0arguments\u00a0\u00bb de ces derniers. Normal qu&rsquo;ils les soutiennent quand on sait \u00e0 qui ils appartiennent..<\/p>\n<p>&nbsp;<\/p>\n<p style=\"text-align: center;\"><span style=\"font-size: 18pt;\"><strong>Mais derri\u00e8re ce tapage autour de petites phrases qu&rsquo;y a t&rsquo;il en r\u00e9alit\u00e9 ?<\/strong><\/span><\/p>\n<p><strong><span style=\"font-size: 14pt;\">Ce n&rsquo;est pas une petite pol\u00e9mique anodine de plus, c&rsquo;est une question de fond.&nbsp;<\/span><\/strong><br \/>\n<strong>C&rsquo;est ce qui diff\u00e9rencie la social-d\u00e9mocratie, qui se propose \u00ab\u00a0d&rsquo;am\u00e9liorer\u00a0\u00bb le capitalisme, et les communistes, dont le projet est de d\u00e9passer ce capitalisme, de s&rsquo;en d\u00e9barrasser.<\/strong><\/p>\n<p style=\"padding-left: 40px;\"><em>Propos d&rsquo;un ami qui a assist\u00e9 \u00e0 des d\u00e9bats lors de la f\u00eate de l&rsquo;Huma ce week-end : \u00ab\u00a0Ce d\u00e9bat est au c\u0153ur d\u2019un de nos diff\u00e9rents politiques.<\/em><br \/>\n<em>Cette difficult\u00e9 au sein de la NUPES, pour certains, de penser des lendemains heureux en s\u2019inscrivant uniquement dans la gestion d\u2019une r\u00e9alit\u00e9 capitaliste \u00e9tait au c\u0153ur des d\u00e9bats \u00e0 la f\u00eate de l\u2019humanit\u00e9. J. Bayou comprenait Fabien, comme Ruffin ou Troussel (PS) du d\u00e9pt 93 mais une r\u00e9flexion visant des perspectives humaines d\u2019\u00e9mancipation ne semblait pas porter le discours LFI inf\u00e9od\u00e9 au seul pr\u00e9sent conflictuel.\u00a0\u00bb<\/em><\/p>\n<p style=\"padding-left: 40px;\">Ces derni\u00e8res interventions muscl\u00e9es contre Fabien Roussel d\u00e9montrent nos limites, entre choix de soci\u00e9t\u00e9 et accompagnement \u00ab\u00a0au mieux \u00a0\u00bb de la soci\u00e9t\u00e9 qui dicte la politique du pouvoir.<\/p>\n<h2><img data-recalc-dims=\"1\" loading=\"lazy\" decoding=\"async\" data-attachment-id=\"10715\" data-permalink=\"https:\/\/www.gastonballiot.fr\/?attachment_id=10715#main\" data-orig-file=\"https:\/\/i0.wp.com\/www.gastonballiot.fr\/wp-content\/uploads\/2022\/09\/Hugo.png?fit=666%2C457&amp;ssl=1\" data-orig-size=\"666,457\" data-comments-opened=\"1\" data-image-meta=\"{&quot;aperture&quot;:&quot;0&quot;,&quot;credit&quot;:&quot;&quot;,&quot;camera&quot;:&quot;&quot;,&quot;caption&quot;:&quot;&quot;,&quot;created_timestamp&quot;:&quot;0&quot;,&quot;copyright&quot;:&quot;&quot;,&quot;focal_length&quot;:&quot;0&quot;,&quot;iso&quot;:&quot;0&quot;,&quot;shutter_speed&quot;:&quot;0&quot;,&quot;title&quot;:&quot;&quot;,&quot;orientation&quot;:&quot;0&quot;}\" data-image-title=\"Hugo\" data-image-description=\"\" data-image-caption=\"\" data-medium-file=\"https:\/\/i0.wp.com\/www.gastonballiot.fr\/wp-content\/uploads\/2022\/09\/Hugo.png?fit=300%2C206&amp;ssl=1\" data-large-file=\"https:\/\/i0.wp.com\/www.gastonballiot.fr\/wp-content\/uploads\/2022\/09\/Hugo.png?fit=666%2C457&amp;ssl=1\" class=\"size-full wp-image-10715 aligncenter\" src=\"https:\/\/i0.wp.com\/www.gastonballiot.fr\/wp-content\/uploads\/2022\/09\/Hugo.png?resize=666%2C457&#038;ssl=1\" alt=\"\" width=\"666\" height=\"457\" srcset=\"https:\/\/i0.wp.com\/www.gastonballiot.fr\/wp-content\/uploads\/2022\/09\/Hugo.png?w=666&amp;ssl=1 666w, https:\/\/i0.wp.com\/www.gastonballiot.fr\/wp-content\/uploads\/2022\/09\/Hugo.png?resize=300%2C206&amp;ssl=1 300w\" sizes=\"auto, (max-width: 666px) 100vw, 666px\" \/><\/h2>\n<p>Les allocs, les aides, les augmentations de revenus, dans la situation actuelle c&rsquo;est indispensable de les accroitre, nous sommes tous pour, \u00e9videmment ! Et c&rsquo;est malhonn\u00eate de faire croire que les communistes veulent les attaquer &#8211; ils sont d&rsquo;ailleurs \u00e0 l&rsquo;origine de beaucoup de ces avanc\u00e9es sociales &#8211; (soit ils n&rsquo;ont rien compris du fond du d\u00e9saccord, soit ils lancent une pol\u00e9mique de plus par habitude).<br \/>\nUn pansement sur une plaie est indispensable, et nous ne proposons pas de supprimer les pansements comme essaient de le faire croire nos adversaires, mais nous voulons nous attaquer aux causes des plaies.<\/p>\n<p><a href=\"https:\/\/i0.wp.com\/www.gastonballiot.fr\/wp-content\/uploads\/2022\/09\/chomage.png?ssl=1\"><img data-recalc-dims=\"1\" loading=\"lazy\" decoding=\"async\" data-attachment-id=\"10723\" data-permalink=\"https:\/\/www.gastonballiot.fr\/?attachment_id=10723#main\" data-orig-file=\"https:\/\/i0.wp.com\/www.gastonballiot.fr\/wp-content\/uploads\/2022\/09\/chomage.png?fit=615%2C182&amp;ssl=1\" data-orig-size=\"615,182\" data-comments-opened=\"1\" data-image-meta=\"{&quot;aperture&quot;:&quot;0&quot;,&quot;credit&quot;:&quot;&quot;,&quot;camera&quot;:&quot;&quot;,&quot;caption&quot;:&quot;&quot;,&quot;created_timestamp&quot;:&quot;0&quot;,&quot;copyright&quot;:&quot;&quot;,&quot;focal_length&quot;:&quot;0&quot;,&quot;iso&quot;:&quot;0&quot;,&quot;shutter_speed&quot;:&quot;0&quot;,&quot;title&quot;:&quot;&quot;,&quot;orientation&quot;:&quot;0&quot;}\" data-image-title=\"chomage\" data-image-description=\"\" data-image-caption=\"\" data-medium-file=\"https:\/\/i0.wp.com\/www.gastonballiot.fr\/wp-content\/uploads\/2022\/09\/chomage.png?fit=300%2C89&amp;ssl=1\" data-large-file=\"https:\/\/i0.wp.com\/www.gastonballiot.fr\/wp-content\/uploads\/2022\/09\/chomage.png?fit=615%2C182&amp;ssl=1\" class=\"aligncenter size-full wp-image-10723\" src=\"https:\/\/i0.wp.com\/www.gastonballiot.fr\/wp-content\/uploads\/2022\/09\/chomage.png?resize=615%2C182&#038;ssl=1\" alt=\"\" width=\"615\" height=\"182\" srcset=\"https:\/\/i0.wp.com\/www.gastonballiot.fr\/wp-content\/uploads\/2022\/09\/chomage.png?w=615&amp;ssl=1 615w, https:\/\/i0.wp.com\/www.gastonballiot.fr\/wp-content\/uploads\/2022\/09\/chomage.png?resize=300%2C89&amp;ssl=1 300w\" sizes=\"auto, (max-width: 615px) 100vw, 615px\" \/><\/a><\/p>\n<h2 style=\"text-align: center;\"><strong>La notion de travail, parlons en !<\/strong><\/h2>\n<p>Voici ce qu&rsquo;a dit tout simplement Fabien Roussel \u00e0 la f\u00eate de L&rsquo;Humanit\u00e9<\/p>\n<p><a href=\"https:\/\/i0.wp.com\/www.gastonballiot.fr\/wp-content\/uploads\/2022\/09\/TravailSalaire.png?ssl=1\"><img data-recalc-dims=\"1\" loading=\"lazy\" decoding=\"async\" data-attachment-id=\"10718\" data-permalink=\"https:\/\/www.gastonballiot.fr\/?attachment_id=10718#main\" data-orig-file=\"https:\/\/i0.wp.com\/www.gastonballiot.fr\/wp-content\/uploads\/2022\/09\/TravailSalaire.png?fit=505%2C249&amp;ssl=1\" data-orig-size=\"505,249\" data-comments-opened=\"1\" data-image-meta=\"{&quot;aperture&quot;:&quot;0&quot;,&quot;credit&quot;:&quot;&quot;,&quot;camera&quot;:&quot;&quot;,&quot;caption&quot;:&quot;&quot;,&quot;created_timestamp&quot;:&quot;0&quot;,&quot;copyright&quot;:&quot;&quot;,&quot;focal_length&quot;:&quot;0&quot;,&quot;iso&quot;:&quot;0&quot;,&quot;shutter_speed&quot;:&quot;0&quot;,&quot;title&quot;:&quot;&quot;,&quot;orientation&quot;:&quot;0&quot;}\" data-image-title=\"TravailSalaire\" data-image-description=\"\" data-image-caption=\"\" data-medium-file=\"https:\/\/i0.wp.com\/www.gastonballiot.fr\/wp-content\/uploads\/2022\/09\/TravailSalaire.png?fit=300%2C148&amp;ssl=1\" data-large-file=\"https:\/\/i0.wp.com\/www.gastonballiot.fr\/wp-content\/uploads\/2022\/09\/TravailSalaire.png?fit=505%2C249&amp;ssl=1\" class=\"aligncenter size-full wp-image-10718\" src=\"https:\/\/i0.wp.com\/www.gastonballiot.fr\/wp-content\/uploads\/2022\/09\/TravailSalaire.png?resize=505%2C249&#038;ssl=1\" alt=\"\" width=\"505\" height=\"249\" srcset=\"https:\/\/i0.wp.com\/www.gastonballiot.fr\/wp-content\/uploads\/2022\/09\/TravailSalaire.png?w=505&amp;ssl=1 505w, https:\/\/i0.wp.com\/www.gastonballiot.fr\/wp-content\/uploads\/2022\/09\/TravailSalaire.png?resize=300%2C148&amp;ssl=1 300w\" sizes=\"auto, (max-width: 505px) 100vw, 505px\" \/><\/a><\/p>\n<p>&nbsp;<\/p>\n<p><strong>Effectivement, il s&rsquo;agit d&rsquo;un autre projet de soci\u00e9t\u00e9<\/strong><img data-recalc-dims=\"1\" loading=\"lazy\" decoding=\"async\" data-attachment-id=\"10719\" data-permalink=\"https:\/\/www.gastonballiot.fr\/?attachment_id=10719#main\" data-orig-file=\"https:\/\/i0.wp.com\/www.gastonballiot.fr\/wp-content\/uploads\/2022\/09\/derange.png?fit=529%2C201&amp;ssl=1\" data-orig-size=\"529,201\" data-comments-opened=\"1\" data-image-meta=\"{&quot;aperture&quot;:&quot;0&quot;,&quot;credit&quot;:&quot;&quot;,&quot;camera&quot;:&quot;&quot;,&quot;caption&quot;:&quot;&quot;,&quot;created_timestamp&quot;:&quot;0&quot;,&quot;copyright&quot;:&quot;&quot;,&quot;focal_length&quot;:&quot;0&quot;,&quot;iso&quot;:&quot;0&quot;,&quot;shutter_speed&quot;:&quot;0&quot;,&quot;title&quot;:&quot;&quot;,&quot;orientation&quot;:&quot;0&quot;}\" data-image-title=\"derange\" data-image-description=\"\" data-image-caption=\"\" data-medium-file=\"https:\/\/i0.wp.com\/www.gastonballiot.fr\/wp-content\/uploads\/2022\/09\/derange.png?fit=300%2C114&amp;ssl=1\" data-large-file=\"https:\/\/i0.wp.com\/www.gastonballiot.fr\/wp-content\/uploads\/2022\/09\/derange.png?fit=529%2C201&amp;ssl=1\" class=\"aligncenter size-full wp-image-10719\" src=\"https:\/\/i0.wp.com\/www.gastonballiot.fr\/wp-content\/uploads\/2022\/09\/derange.png?resize=529%2C201&#038;ssl=1\" alt=\"\" width=\"529\" height=\"201\" srcset=\"https:\/\/i0.wp.com\/www.gastonballiot.fr\/wp-content\/uploads\/2022\/09\/derange.png?w=529&amp;ssl=1 529w, https:\/\/i0.wp.com\/www.gastonballiot.fr\/wp-content\/uploads\/2022\/09\/derange.png?resize=300%2C114&amp;ssl=1 300w\" sizes=\"auto, (max-width: 529px) 100vw, 529px\" \/><\/p>\n<p>Mais bien s\u00fbr ceci plac\u00e9 dans un discours ne suffit pas \u00e0 faire comprendre ce qu&rsquo;il y a derri\u00e8re. Cela doit \u00eatre l&rsquo;occasion de parler de ces sujets, et de faire connaitre les diff\u00e9rentes propositions et de les confronter. Elevons le d\u00e9bat au lieu de l&rsquo;\u00e9vacuer..<\/p>\n<hr>\n<p><span style=\"color: #333399;\"><strong><a href=\"https:\/\/i0.wp.com\/www.gastonballiot.fr\/wp-content\/uploads\/2022\/05\/SortirCapitalisme_Vasseur2022.jpg?ssl=1\"><img data-recalc-dims=\"1\" loading=\"lazy\" decoding=\"async\" data-attachment-id=\"10268\" data-permalink=\"https:\/\/www.gastonballiot.fr\/?attachment_id=10268#main\" data-orig-file=\"https:\/\/i0.wp.com\/www.gastonballiot.fr\/wp-content\/uploads\/2022\/05\/SortirCapitalisme_Vasseur2022.jpg?fit=514%2C460&amp;ssl=1\" data-orig-size=\"514,460\" data-comments-opened=\"1\" data-image-meta=\"{&quot;aperture&quot;:&quot;0&quot;,&quot;credit&quot;:&quot;&quot;,&quot;camera&quot;:&quot;&quot;,&quot;caption&quot;:&quot;&quot;,&quot;created_timestamp&quot;:&quot;0&quot;,&quot;copyright&quot;:&quot;&quot;,&quot;focal_length&quot;:&quot;0&quot;,&quot;iso&quot;:&quot;0&quot;,&quot;shutter_speed&quot;:&quot;0&quot;,&quot;title&quot;:&quot;&quot;,&quot;orientation&quot;:&quot;0&quot;}\" data-image-title=\"SortirCapitalisme_Vasseur2022\" data-image-description=\"\" data-image-caption=\"\" data-medium-file=\"https:\/\/i0.wp.com\/www.gastonballiot.fr\/wp-content\/uploads\/2022\/05\/SortirCapitalisme_Vasseur2022.jpg?fit=300%2C268&amp;ssl=1\" data-large-file=\"https:\/\/i0.wp.com\/www.gastonballiot.fr\/wp-content\/uploads\/2022\/05\/SortirCapitalisme_Vasseur2022.jpg?fit=514%2C460&amp;ssl=1\" class=\"size-full wp-image-10268 alignleft\" src=\"https:\/\/i0.wp.com\/www.gastonballiot.fr\/wp-content\/uploads\/2022\/05\/SortirCapitalisme_Vasseur2022.jpg?resize=514%2C460&#038;ssl=1\" alt=\"\" width=\"514\" height=\"460\" srcset=\"https:\/\/i0.wp.com\/www.gastonballiot.fr\/wp-content\/uploads\/2022\/05\/SortirCapitalisme_Vasseur2022.jpg?w=514&amp;ssl=1 514w, https:\/\/i0.wp.com\/www.gastonballiot.fr\/wp-content\/uploads\/2022\/05\/SortirCapitalisme_Vasseur2022.jpg?resize=300%2C268&amp;ssl=1 300w\" sizes=\"auto, (max-width: 514px) 100vw, 514px\" \/><\/a>Ce n&rsquo;est pas avec ces quelques phrases que l&rsquo;on peut expliquer s\u00e9rieusement la diff\u00e9rence entre le travail, g\u00e9r\u00e9 par le capitalisme, et le travail tel qu&rsquo;il pourrait \u00eatre envisag\u00e9 dans une soci\u00e9t\u00e9 que nous avons \u00e0 construire. Et je ne pr\u00e9tends pas avoir \u00ab\u00a0expliqu\u00e9\u00a0\u00bb&#8230;<br \/>\nJe vous conseille, pour entrer dans le vif du sujet et comprendre le projet communiste de vous r\u00e9f\u00e9rer aux<\/strong><\/span><\/p>\n<p><span style=\"font-size: 18pt;\"><strong><a href=\"https:\/\/www.gastonballiot.fr\/sortir-du-capitalisme-et-urgence-du-communisme-reflexions-par-bernard-vasseur\/\" target=\"_blank\" rel=\"noopener\">propos du philosophe communiste Bernard Vasseur.<\/a><\/strong><\/span><\/p>\n<p style=\"padding-left: 40px; text-align: center;\"><em>Cliquer ci-dessus pour acc\u00e9der \u00e0 sa conf\u00e9rence<\/em><\/p>\n<p style=\"padding-left: 40px;\">Que peut signifier le mot \u201ccommunisme\u201d aujourd\u2019hui ?<\/p>\n<p style=\"padding-left: 40px;\"><em>D\u00e9noncer le capitalisme ne suffit pas.<\/em><br \/>\n<em>Imaginer une alternative.<\/em><br \/>\n<em>Ne pas r\u00e9p\u00e9ter l\u2019histoire, en tirer des le\u00e7ons.<\/em><br \/>\n<em>D\u00e9finir, inventer le communisme du XXIe si\u00e8cle.<\/em><br \/>\n<em>Socialisme \/ \u00e9tatisme \/ communisme.<\/em><br \/>\n<em>Propri\u00e9t\u00e9 d\u2019usage \/ propri\u00e9t\u00e9 lucrative.<\/em><br \/>\n<em>Repenser le travail, la notion de travailleur.<\/em><br \/>\n<em>Nouvelle conception du salaire.<\/em><br \/>\n<em>Le d\u00e9j\u00e0-l\u00e0 du communisme.<\/em><\/p>\n<p style=\"padding-left: 40px;\">Une conf\u00e9rence de Bernard Vasseur, philosophe, en mars 2022<\/p>\n<hr>\n<p>&nbsp;<\/p>\n<p style=\"text-align: center;\"><em>Charb disait : \u00ab\u00a0La preuve que le communisme a un avenir, c&rsquo;est le temps que passent les m\u00e9dias \u00e0 dire le contraire..\u00a0\u00bb<\/em><\/p>\n<p>Fran\u00e7ois Ruffin : \u00ab\u00a0Le principal obstacle que nous avons eu pendant les campagnes, ce n\u2019est pas sur l\u2019immigration ou la s\u00e9curit\u00e9 mais sur l\u2019argument : \u00ab Moi je bosse et je n\u2019ai le droit \u00e0 rien, alors que d\u2019autres touchent des aides \u00bb . Je ne veux pas&nbsp;qu\u2019on ferme les yeux sur ce ressenti massif. Selon moi, il faut montrer qui sont les vrais assist\u00e9s, les hyper-riches. Nous avons le devoir, \u00e0 gauche, de reposer en permanence ce rapport capital-travail. Un clivage dans lequel nous serions dans le camp du travail et des travailleurs.\u00a0\u00bb<\/p>\n<p style=\"text-align: center;\"><strong>***********************<\/strong><\/p>\n<p style=\"text-align: center;\"><strong>Commentaires lus sur Facebook au sujet de cette pol\u00e9mique :<\/strong><\/p>\n<div class=\"m8h3af8h l7ghb35v kjdc1dyq kmwttqpk gh25dzvf n3t5jt4f\">\n<div dir=\"auto\">DES QUESTIONS DE FOND<\/div>\n<\/div>\n<div class=\"l7ghb35v kjdc1dyq kmwttqpk gh25dzvf jikcssrz n3t5jt4f\">\n<div dir=\"auto\">L\u2019\u00e9dition 2022 de la f\u00eate de L\u2019Humanit\u00e9 a \u00e9t\u00e9 l\u2019occasion pour Fabien Roussel d\u2019exprimer son opinion sur un point qui avait \u00e9t\u00e9 \u00e9voqu\u00e9 pr\u00e9c\u00e9demment. Il s\u2019agit du r\u00f4le du travail dans la vie de chacun.<\/div>\n<\/div>\n<div class=\"l7ghb35v kjdc1dyq kmwttqpk gh25dzvf jikcssrz n3t5jt4f\">\n<div dir=\"auto\">On ne peut esp\u00e9rer r\u00e9gler le probl\u00e8me des d\u00e9sh\u00e9rit\u00e9s par le recours \u00e0 la charit\u00e9 publique. Ce serait illusoire de le pr\u00e9tendre. Mais il y a un autre aspect dans le probl\u00e8me pos\u00e9. C\u2019est la fonction que devrait occuper le travail dans la place des individus au sein de la soci\u00e9t\u00e9.<\/div>\n<\/div>\n<div class=\"l7ghb35v kjdc1dyq kmwttqpk gh25dzvf jikcssrz n3t5jt4f\">\n<div dir=\"auto\">Nous abordons ici une question de fond. Le r\u00f4le d\u2019un travail utile \u00e0 la collectivit\u00e9 dans le d\u00e9veloppement de la personnalit\u00e9 de chaque citoyen. Il est exact que l\u2019exploitation des salari\u00e9s n\u2019a que faire d\u2019un tel objectif. Elle n\u2019a qu\u2019un but, la rentabilit\u00e9 et peu importent les cons\u00e9quences des t\u00e2ches demand\u00e9es fussent-elles r\u00e9p\u00e9titives, lassantes et sans int\u00e9r\u00eat.<\/div>\n<\/div>\n<div class=\"l7ghb35v kjdc1dyq kmwttqpk gh25dzvf jikcssrz n3t5jt4f\">\n<div dir=\"auto\">Il y a de ce point de vue n\u00e9cessit\u00e9 de rupture avec la logique d\u2019un syst\u00e8me, c\u2019est-\u00e0-dire avec celle de la loi du profit qui caract\u00e9rise le capitalisme. Cela exige un d\u00e9veloppement in\u00e9dit des divers moyens de production et d\u2019\u00e9change.<\/div>\n<\/div>\n<div class=\"l7ghb35v kjdc1dyq kmwttqpk gh25dzvf jikcssrz n3t5jt4f\">\n<div dir=\"auto\">Cela doit conduire \u00e0 une formation initiale qui permette d\u2019assurer la&nbsp;ma\u00eetrise des sciences et techniques de notre temps. Cela doit d\u00e9boucher sur un emploi stable, correctement r\u00e9mun\u00e9r\u00e9, ce qui est conditionn\u00e9 par une \u00e9conomie diff\u00e9rente que celle que nous subissons marqu\u00e9e par les fermetures d\u2019usines, l\u2019abandon de pans entier de notre agriculture, la r\u00e9duction de nos services publics, sur fond de d\u00e9localisations.<\/div>\n<\/div>\n<div class=\"l7ghb35v kjdc1dyq kmwttqpk gh25dzvf jikcssrz n3t5jt4f\">\n<div dir=\"auto\">Ce qui est \u00e0 l\u2019ordre du jour dans ce domaine c\u2019est d\u2019assurer \u00e0 chaque travailleur un salaire quelle que soit l\u2019\u00e9volution du m\u00e9tier dans lequel il exerce son emploi. Les reconversions ne doivent pas \u00eatre l\u2019occasion de licenciements ou de d\u00e9classement.<\/div>\n<div dir=\"auto\">En fait il faut \u00e9tendre au priv\u00e9 ce qui \u00e9tait pr\u00e9vu avec le statut des&nbsp;fonctionnaires adopt\u00e9 au lendemain de la Lib\u00e9ration. C\u2019\u00e9tait un dispositif qui pr\u00e9sente des avantages dans deux directions, la s\u00e9curit\u00e9 pour les agents des services publics, la qualit\u00e9 de ceux-ci.<\/div>\n<div dir=\"auto\">Un tel dispositif est mis en cause, on en a l\u2019illustration \u00e0 l\u2019occasion de la rentr\u00e9e scolaire avec les conditions dans lesquelles se fait le recrutement des enseignants. C\u2019est r\u00e9v\u00e9lateur de la n\u00e9gation de ce qu\u2019il faut faire.<\/div>\n<\/div>\n<div class=\"l7ghb35v kjdc1dyq kmwttqpk gh25dzvf jikcssrz n3t5jt4f\">\n<div dir=\"auto\">Alors oui il faut valoriser le travail er ne pas tenter de r\u00e9gler les difficult\u00e9s sociales par des mesures caritatives qui ne r\u00e9soudront rien quant au fond du probl\u00e8me auquel nous sommes confront\u00e9s. Il y a bien ici comme ailleurs une exigence de rupture avec un certain ordre des choses.<\/div>\n<\/div>\n<div class=\"l7ghb35v kjdc1dyq kmwttqpk gh25dzvf jikcssrz n3t5jt4f\">\n<div dir=\"auto\"><span class=\"rse6dlih\">Jacques Cros<\/span>.<\/div>\n<\/div>\n<p style=\"text-align: center;\"><strong>***********************<\/strong><\/p>\n<div class=\"m8h3af8h l7ghb35v kjdc1dyq kmwttqpk gh25dzvf n3t5jt4f\">\n<div dir=\"auto\">Quelques observations sur les attaques subies par <span class=\"rse6dlih\">Fabien Roussel<\/span><\/div>\n<\/div>\n<div class=\"l7ghb35v kjdc1dyq kmwttqpk gh25dzvf jikcssrz n3t5jt4f\">\n<div dir=\"auto\">\u2014 Pour qui est de bonne foi, son propos est clair et ne souffre pas r\u00e9ellement d\u00e9bat : oui, un emploi qui a du sens et qui permet une r\u00e9mun\u00e9ration digne est pr\u00e9f\u00e9rable au ch\u00f4mage et aux aides sociales.<\/div>\n<\/div>\n<div class=\"l7ghb35v kjdc1dyq kmwttqpk gh25dzvf jikcssrz n3t5jt4f\">\n<div dir=\"auto\">\u2014 La violence des r\u00e9actions \u00e9manant de LFI provient en bonne partie du fait que l&rsquo;existence d&rsquo;une autre voix que celle de Jean-Luc M\u00e9lenchon les d\u00e9range.<\/div>\n<\/div>\n<div class=\"l7ghb35v kjdc1dyq kmwttqpk gh25dzvf jikcssrz n3t5jt4f\">\n<div dir=\"auto\">\u2014 Ces r\u00e9actions, coordonn\u00e9es (la quasi-totalit\u00e9 des d\u00e9put\u00e9s LFI ont attaqu\u00e9, choisissant des mots d&rsquo;une violence rarement mobilis\u00e9e pour critiquer une personnalit\u00e9 du m\u00eame camp), sont \u00e0 double tranchant : on voit bien qu&rsquo;ils veulent \u00ab tuer \u00bb politiquement quelqu&rsquo;un qui n&rsquo;est pas dans leur moule, mais ce faisant ils le font exister. Rarement on aura autant parl\u00e9 du leader du PCF que ce weekend. En en faisant leur cible favorite, les Insoumis, les \u00e9colos et m\u00eame de nombreux socialistes en font aussi la personnalit\u00e9 pivot du d\u00e9bat politique \u00e0 gauche.<\/div>\n<\/div>\n<div class=\"l7ghb35v kjdc1dyq kmwttqpk gh25dzvf jikcssrz n3t5jt4f\">\n<div dir=\"auto\">\u2014 Comme pour l&rsquo;affaire de \u00ab l&#8217;emploi fictif \u00bb d&rsquo;assistant parlementaire all\u00e9gu\u00e9e par Mediapart il y a quelques mois, on voit avec cette pol\u00e9mique sur les \u00ab allocs \u00bb que ceux qui hurlent le plus fort sont ceux qui d\u00e9testaient d\u00e9j\u00e0 Fabien Roussel avant. C&rsquo;est le traditionnel biais de confirmation : \u00ab J&rsquo;avais donc bien raison de penser ce que je pense ! \u00bb. Il fonctionne d&rsquo;ailleurs \u00e9galement dans l&rsquo;autre sens. Voil\u00e0 pourquoi cette \u00e9ni\u00e8me temp\u00eate virtuelle, dont les Insoumis veulent croire qu&rsquo;elle marque le chant du cygne d&rsquo;un homme de droite-raciste-n\u00e9olib\u00e9ral (etc.), ne changera en r\u00e9alit\u00e9 rien : oui Fabien Roussel restera d\u00e9test\u00e9 par les enrag\u00e9s de l&rsquo;extr\u00eame gauche soci\u00e9tale, oui il continuera d&rsquo;\u00eatre appr\u00e9ci\u00e9 pour son franc-parler dans les sondages d&rsquo;opinion. La seule chose qui change c\u2019est que sa voix porte chaque jour un peu plus. Je le crois sinc\u00e8rement : en r\u00e9alit\u00e9, cette s\u00e9quence le renforce.<\/div>\n<\/div>\n<div class=\"l7ghb35v kjdc1dyq kmwttqpk gh25dzvf jikcssrz n3t5jt4f\">\n<div dir=\"auto\">\u2014 Dans cette pol\u00e9mique, l\u2019extr\u00eame gauche se d\u00e9masque. Un \u00ab\u00a0influenceur\u00a0\u00bb bien connu de LFI\/Mediapart est ainsi all\u00e9 jusqu&rsquo;\u00e0 qualifier Fabien Roussel de \u00ab raciste \u00bb, parce qu\u2019en d\u00e9clarant pr\u00e9f\u00e9rer un bon salaire \u00e0 des allocs il viserait en r\u00e9alit\u00e9 les immigr\u00e9s. Pour ces gens-l\u00e0, allocs = immigr\u00e9s\u2026 D\u00e9connexion, clich\u00e9s.<\/div>\n<\/div>\n<div class=\"l7ghb35v kjdc1dyq kmwttqpk gh25dzvf jikcssrz n3t5jt4f\">\n<div dir=\"auto\">\u2014 \u00ab Fabien Roussel c\u2019est 2%, avec la NUPES on peut gagner ! \u00bb disent plusieurs de mes amis Insoumis, toujours prompts \u00e0 utiliser la logique de l\u2019applaudim\u00e8tre quand elle les arrange. Il y a l\u00e0 \u00e0 mon sens un tragique refus de voir que la gauche, corn\u00e9ris\u00e9e dans une version extr\u00e9miste d\u2019elle-m\u00eame, est \u00e0 son plus bas historique. C\u2019est l\u2019\u00e9ternel d\u00e9bat entre consolidation d\u2019une base \u00e9lectorale radicalis\u00e9e \u2014 ce qu\u2019incontestablement LFI a r\u00e9ussi \u00e0 faire \u2014 et conqu\u00eate patiente d\u2019un \u00e9lectorat abstentionniste, plus mod\u00e9r\u00e9 ou \u00e9gar\u00e9 \u00e0 l\u2019extr\u00eame droite \u2014 ce qui incontestablement ne peut qu\u2019\u00eatre un travail politique de longue haleine. C&rsquo;est dans cette deuxi\u00e8me voie que Fabien Roussel est engag\u00e9, je crois avec raison.<\/div>\n<div dir=\"auto\">Maxime Cochard<\/div>\n<\/div>\n<p style=\"text-align: center;\"><strong>***********************<\/strong><\/p>\n<div class=\"moz-text-html\" lang=\"x-unicode\">\n<div dir=\"auto\">\n<div dir=\"auto\">Jean-Paul Legrand :<\/div>\n<div dir=\"auto\">FACE \u00c0 L\u2019ODIEUSE CAMPAGNE DES RESPONSABLES DE LA F.I, JE SOUTIENS FABIEN ROUSSEL<\/div>\n<div dir=\"auto\">Pas question pour les communistes de d\u00e9velopper le lumpen prol\u00e9tariat et d\u2019entretenir l\u2019assistanat social \u00e0 vie pour mettre en concurrence les travailleurs et baisser les salaires car les communistes militent pour une soci\u00e9t\u00e9 du plein emploi et donc de la dignit\u00e9 de chaque \u00eatre humain.<\/div>\n<div dir=\"auto\">Cela les diff\u00e9rencie de tous les r\u00e9formistes et populistes qui agissent objectivement pour accompagner le capital dans sa sauvegarde et donc diviser le monde du travail entre ceux qui ont un emploi et les autres et de surcro\u00eet&nbsp; faire payer \u00e0 ceux qui travaillent l\u2019assistance sociale que le patronat refuse de payer sur les profits qu\u2019il r\u00e9alise en accumulant la plus-value qu\u2019il extorque aux salari\u00e9s en les faisant travailler plusieurs heures par jour gratuitement.&nbsp;<\/div>\n<div dir=\"auto\">Faire grossir le lumpen prol\u00e9tariat pour le tenir \u00e0 sa merci comme masse r\u00e9actionnaire dans le but de diviser le peuple et surtout faire baisser les salaires est une vieille m\u00e9thode de la bourgeoisie.<\/div>\n<div dir=\"auto\">Pour cela elle a ses propres agents \u00e9conomiques dans le patronat mais elle a aussi ses agents politiques qui sont tous les partis qui pr\u00f4nent un mis\u00e9rable&nbsp; assistanat social au minimum pour \u00e9viter l\u2019union des prol\u00e9taires dont l\u2019authentique salut est combattre en faveur d\u2019un mode de production dirig\u00e9 par eux-m\u00eames et poss\u00e9d\u00e9 par eux.&nbsp;<\/div>\n<div dir=\"auto\">Evidemment les responsables politiciens populistes de la France insoumise ont imm\u00e9diatement jet\u00e9 l\u2019opprobre sur Fabien Roussel l\u2019accusant de tenir des propos de droite et d\u2019extr\u00eame-droite.&nbsp; Soutenus par certains membres du PCF, ils d\u00e9forment volontairement les propos du secr\u00e9taire national du PCF en l\u2019accusant de vouloir supprimer les allocations familiales et autres prestations sociales alors que Fabien Roussel veut d\u00e9montrer \u00e0 juste titre que la dignit\u00e9 c\u2019est un syst\u00e8me qui permettrait un emploi et une formation pour tous ce qui permettrait d\u2019ailleurs d\u2019augmenter la richesse sociale par le biais des cotisations.&nbsp;<\/div>\n<div dir=\"auto\">Mais les d\u00e9magogues relay\u00e9s par les m\u00e9dias n\u2019ont qu\u2019un objectif engager au sein du PCF et en dehors une campagne pour discr\u00e9diter F. Roussel afin qu\u2019il soit d\u00e9mis lors du prochain congr\u00e8s et que la ligne qu\u2019il d\u00e9fend soit mise en minorit\u00e9.<\/div>\n<div dir=\"auto\">J\u2019appelle les amis et camarades qui veulent le communisme \u00e0 rejoindre le parti pour ne pas le laisser \u00e0 des politiciens sans scrupule qui manoeuvrent contre la ligne des jours heureux. C\u2019est maintenant qu\u2019il faut adh\u00e9rer pour pouvoir ensuite participer au d\u00e9bat dans le parti et contribuer \u00e0 am\u00e9liorer la ligne d\u00e9fendue par notre camarade Roussel, ne pas laisser les r\u00e9formistes transformer notre parti en coquille vide au service de la FI puis en annexe d\u2019une gauche qui collabore avec le capital comme fut la triste destin\u00e9e de tant de PC dans le monde qui se sont sabord\u00e9s.<\/div>\n<div dir=\"auto\">Camarades communistes, rejoignez votre parti, c\u2019est vital pour l\u2019avenir !<br \/>\nAvec Fabien Roussel c\u2019est comme un parfum de Karl Marx le retour. Il est sur la bonne voie : continue Fabien, nous sommes des milliers \u00e0 te soutenir !<\/div>\n<div dir=\"auto\">&nbsp;<\/div>\n<div dir=\"auto\" style=\"text-align: center;\"><strong>***********************<\/strong><\/div>\n<div dir=\"auto\">\n<div dir=\"auto\">LE CAS ROUSSEL<\/div>\n<div dir=\"auto\">Quoi qu\u2019il dise\u2026<\/div>\n<div dir=\"auto\">Quoi qu\u2019il dise et dira, Fabien Roussel fait et fera l\u2019objet d\u2019attaques, de manipulations et d\u2019interpr\u00e9tations douteuses de ses d\u00e9clarations. En fin de compte, peu importe. Il g\u00eane. Il d\u00e9range. Il irrite les encro\u00fbt\u00e9s du temps pass\u00e9. Il tient un autre discours, parle vrai, et annonce de nouvelles perspectives \u00e9loign\u00e9es bien entendu de la droite et son extr\u00eame mais aussi des postures gaucho-social-d\u00e9mocrates. Sa jeunesse, son dynamisme, sa force de conviction, son enracinement populaire et son humour font des envieux. Les communistes disposent d\u00e9sormais de dirigeants qui s\u2019installent dans la vie politique fran\u00e7aise et\u2026 pour un paquet d\u2019ann\u00e9es.<\/div>\n<div dir=\"auto\">Jos\u00e9 Fort<\/div>\n<div dir=\"auto\" style=\"text-align: center;\"><strong>***********************<\/strong><\/div>\n<div dir=\"auto\">Laurent Brun :<\/div>\n<div dir=\"auto\">\n<div class=\"m8h3af8h l7ghb35v kjdc1dyq kmwttqpk gh25dzvf n3t5jt4f\">\n<div dir=\"auto\">Gauche des Alloc ou gauche du travail ?<\/div>\n<\/div>\n<div class=\"l7ghb35v kjdc1dyq kmwttqpk gh25dzvf jikcssrz n3t5jt4f\">\n<div dir=\"auto\">Au del\u00e0 des pol\u00e9miques st\u00e9riles et pas int\u00e9ressantes, ce d\u00e9bat est presque aussi vieux que le mouvement ouvrier. Et il \u00e9claire une partie du clivage entre r\u00e9formistes et r\u00e9volutionnaires. Les uns voulant \u00ab aider \u00bb, les autres voulant \u00ab r\u00e9soudre \u00bb. Le clivage n\u2019est pas forc\u00e9ment ind\u00e9passable car il peut y avoir des alliances objectives entre les deux (et il y en a eu plein dans l\u2019histoire sociale de notre pays). Ce n\u2019est donc pas parce qu\u2019il y a confrontation d\u2019id\u00e9es, que des alliances sont impossibles. Mais il est toujours utile de clarifier le point de vue r\u00e9volutionnaire, pour \u00e9viter les usurpations, les fourvoiements ou les impasses.<\/div>\n<\/div>\n<div class=\"l7ghb35v kjdc1dyq kmwttqpk gh25dzvf jikcssrz n3t5jt4f\">\n<div dir=\"auto\">Je n\u2019ai pas la pr\u00e9tention de d\u00e9finir le point de vue r\u00e9volutionnaire. Mais je vais essayer d\u2019en dire ce que j\u2019en comprend pour contribuer \u00e0 la r\u00e9flexion collective.<\/div>\n<\/div>\n<div class=\"l7ghb35v kjdc1dyq kmwttqpk gh25dzvf jikcssrz n3t5jt4f\">\n<div dir=\"auto\">Les militants ouvriers se sont toujours battus pour le salaire, c\u2019est l\u2019\u00e9l\u00e9ment central de l\u2019affrontement capital\/travail.<\/div>\n<div dir=\"auto\">Il s\u2019agit bien s\u00fbr d\u2019obtenir un salaire qui permette de vivre dignement (pouvoir se loger, manger correctement, se v\u00eatir, se soigner, acc\u00e9der au transport, etc\u2026) mais pas seulement. Il s\u2019agit de r\u00e9cup\u00e9rer tous les fruits de notre travail donc avoir les moyens de vivre le mieux possible, notamment en acc\u00e9dant \u00e0 des choses que les capitalistes voudraient nous faire concevoir comme superflus (le confort, la qualit\u00e9 des produits consomm\u00e9s, l\u2019acc\u00e8s \u00e0 la culture, au sport, aux loisirs, au temps libre, le droit aux vacances, etc\u2026).<\/div>\n<div dir=\"auto\">Par cons\u00e9quent, m\u00eame quand on se bat pour une protection face \u00e0 des situations sp\u00e9cifiques (maladie, vieillesse, ch\u00f4mage), on d\u00e9fend un revenu de remplacement complet, financ\u00e9 par les cotisations sociales, plut\u00f4t que des aides diverses.<\/div>\n<div dir=\"auto\">De chacun selon ses moyens, \u00e0 chacun selon ses besoins. C\u2019est universaliste et maximaliste.<\/div>\n<div dir=\"auto\">Au passage, on d\u00e9fend aussi la gestion ouvri\u00e8re de ces sommes : puisque le salaire appartient au salari\u00e9, c\u2019est \u00e0 lui seul de g\u00e9rer la partie qu\u2019il socialise pour couvrir les risques de la vie.<\/div>\n<\/div>\n<div class=\"l7ghb35v kjdc1dyq kmwttqpk gh25dzvf jikcssrz n3t5jt4f\">\n<div dir=\"auto\">Mais alors pourquoi revendiquer un travail pour tous ? Pourquoi ne pas juste demander un revenu pour tous (universel, de base, d\u2019existence) d\u00e9connect\u00e9 du travail ? L\u2019argument souvent utilis\u00e9 c\u2019est la productivit\u00e9 \u00e9norme g\u00e9n\u00e9r\u00e9e par les nouvelles technologies qui r\u00e9duirait drastiquement le besoin de travail humain et donc qui imposerait d\u2019accepter la privation de travail d\u2019une partie de la population. Par effort de justice on cr\u00e9erait donc un revenu pour les inactifs. Mais le ch\u00f4mage n\u2019est pas li\u00e9 aux progr\u00e8s techniques. Le ch\u00f4mage de masse n\u2019appara\u00eet pas avec l\u2019invention de la machine \u00e0 vapeur ou de l\u2019ordinateur. Le ch\u00f4mage est une construction \u00e9conomique li\u00e9 \u00e0 une mauvaise allocation des ressources guid\u00e9e par la profitabilit\u00e9. Le ch\u00f4mage de masse appara\u00eet avec l\u2019acc\u00e9l\u00e9ration de l\u2019exploitation du travail, issue des politique n\u00e9olib\u00e9rales des ann\u00e9es 70.<\/div>\n<div dir=\"auto\">Si ce n\u2019\u00e9tait plus la profitabilite qui guidait la r\u00e9partition du travail alors on pourrait le partager en r\u00e9duisant le temps de travail, on pourrait changer la nature des productions (disparition du luxe mais r\u00e9ponse aux besoins sociaux comme les emplois dans les h\u00f4pitaux, les \u00e9coles\u2026), on pourrait re-localiser les productions, etc. L\u2019acc\u00e8s \u00e0 un travail pour tous serait une r\u00e9alit\u00e9.<\/div>\n<div dir=\"auto\">Donc il faut s\u2019attaquer \u00e0 l\u2019organisation du travail et \u00e0 sa r\u00e9partition. C\u2019est pour cela que les communistes proposent la s\u00e9curit\u00e9 d\u2019emploi et de formation.<\/div>\n<\/div>\n<div class=\"l7ghb35v kjdc1dyq kmwttqpk gh25dzvf jikcssrz n3t5jt4f\">\n<div dir=\"auto\">Pour moi, le salaire pour tous, c\u2019est ceux qui veulent \u00ab aider \u00bb. L\u2019emploi pour tous, avec un bon salaire, c\u2019est ceux qui veulent \u00ab r\u00e9soudre \u00bb.<\/div>\n<\/div>\n<div class=\"l7ghb35v kjdc1dyq kmwttqpk gh25dzvf jikcssrz n3t5jt4f\">\n<div dir=\"auto\">Pour terminer, ceux qui d\u00e9fendent les allocations existantes, ne sont ni ceux qui veulent \u00ab aider \u00bb, ni ceux qui veulent \u00ab r\u00e9soudre \u00bb. Ils sont de droite et d\u00e9fendent une logique de charit\u00e9 : on ne donne pas assez pour vivre car le b\u00e9n\u00e9ficiaire doit avoir honte de sa situation.<\/div>\n<div dir=\"auto\">Quand le RSA est cr\u00e9\u00e9 (promu par Martin Hirsch et mis en place par le gouvernement Fillon\/Sarkozy), ce n\u2019est pas par souci de justice sociale, ce n\u2019est pas pour sortir de la mis\u00e8re les gens en situation de ch\u00f4mage total ou partiel, et ce n\u2019est pas \u00e0 la suite d\u2019une lutte qui leur aurait imposer un compromis.<\/div>\n<div dir=\"auto\">Le 1er avril 2021, le RSA socle s&rsquo;\u00e9l\u00e8ve \u00e0 565,34 euros pour une personne seule. Qui peut imaginer qu\u2019on peut vivre correctement avec \u00e7a ??<\/div>\n<div dir=\"auto\">Il ne s\u2019agit pas de le supprimer \u00e0 ceux qui en b\u00e9n\u00e9ficient. Il s\u2019agit de dire que \u00e7a ne peut repr\u00e9senter en RIEN un horizon ou une situation acceptable.<\/div>\n<\/div>\n<div class=\"l7ghb35v kjdc1dyq kmwttqpk gh25dzvf jikcssrz n3t5jt4f\">\n<div dir=\"auto\">Les communistes proposent la s\u00e9curit\u00e9 d\u2019emploi et de formation.<\/div>\n<div dir=\"auto\">Autrement dit, on met en \u0153uvre le droit au travail de 1871, inclu dans notre Constitution mais jamais appliqu\u00e9. Chacun a le droit \u00e0 un travail stable et bien r\u00e9mun\u00e9r\u00e9, et pour faire face aux restructurations technologiques sans passer par le m\u00e9canisme du ch\u00f4mage, on cr\u00e9e des transitions par des p\u00e9riodes de formation qui n\u2019interrompent ni le salaire, ni l\u2019acquisition et le maintien des droits li\u00e9s au travail.<\/div>\n<\/div>\n<div class=\"l7ghb35v kjdc1dyq kmwttqpk gh25dzvf jikcssrz n3t5jt4f\">\n<div dir=\"auto\">Ce n\u2019est pas suffisant pour transformer compl\u00e8tement la soci\u00e9t\u00e9. Mais c\u2019est n\u00e9cessaire.<\/div>\n<\/div>\n<div class=\"l7ghb35v kjdc1dyq kmwttqpk gh25dzvf jikcssrz n3t5jt4f\">\n<div dir=\"auto\">Et \u00e7a ne veut pas dire qu\u2019on attend cela en laissant mourir les ch\u00f4meurs. On se bat \u00e0 leurs c\u00f4t\u00e9 contre la r\u00e9forme de l\u2019intermittence, contre la r\u00e9forme de l\u2019indemnisation ch\u00f4mage, etc\u2026 en revanche notre action ne s\u2019arr\u00eate pas l\u00e0. Notre ambition va au del\u00e0.<\/div>\n<\/div>\n<div class=\"l7ghb35v kjdc1dyq kmwttqpk gh25dzvf jikcssrz n3t5jt4f\">\n<div dir=\"auto\">Il me semble que c\u2019est le d\u00e9bat que veut lancer Fabien Roussel.<\/div>\n<\/div>\n<div class=\"l7ghb35v kjdc1dyq kmwttqpk gh25dzvf jikcssrz n3t5jt4f\">\n<div dir=\"auto\">Et personnellement je me retrouve plut\u00f4t bien dans la gauche du travail.<\/div>\n<div dir=\"auto\" style=\"text-align: center;\"><strong>***********************<\/strong><\/div>\n<\/div>\n<\/div>\n<div dir=\"auto\">\n<div>\n<div class=\"hael596l alzwoclg jl2a5g8c qjfq86k5 r227ecj6 gt60zsk1 s1m0hq7j\">\n<div class=\"cgu29s5g\">\n<div class=\"alzwoclg cqf1kptm siwo0mpr gu5uzgus\">\n<div class=\"jroqu855 nthtkgg5\">\n<p>Jacqueline Derens :<br \/>\nJe ne savais pas qu&rsquo;avoir un emploi et un salaire qui permettent de vivre dignement \u00e9tait une pens\u00e9e de droite . J&rsquo;ai donc toute ma vie \u00e9tait une femme de droite sans le savoir. Et de plus ayant cotis\u00e9 pour un retraite d\u00e9cente et une s\u00e9curit\u00e9 sociale pour me prot\u00e9ger des al\u00e9as de la vie, j&rsquo;aggrave mon cas car j&rsquo;oblige aussi le patronat \u00e0 verser pour les cotisations sociales. J&rsquo;ajouterai que j&rsquo;ai souvent fait gr\u00e8ve pour des augmentations de salaires et de meilleures conditions de travail, je m\u00e9rite donc une balle dans la peau. Merci aux camarades de la Nupes qui m&rsquo;ouvrent enfin les yeux sur ma mis\u00e9rable vie de complice du capital.<\/p>\n<p style=\"text-align: center;\"><strong>***********************<\/strong><\/p>\n<p id=\"jsc_c_ad\" class=\"jxuftiz4 jwegzro5 hl4rid49 icdlwmnq i0rxk2l3 ztn2w49o\"><span class=\"rse6dlih\">Jean Paul Legrand :<\/span><\/p>\n<\/div>\n<\/div>\n<\/div>\n<\/div>\n<\/div>\n<div>\n<div class=\"\" dir=\"auto\">\n<div id=\"jsc_c_af\" class=\"d2hqwtrz r227ecj6 gt60zsk1 o9wcebwi\" data-ad-comet-preview=\"message\" data-ad-preview=\"message\">\n<div class=\"alzwoclg cqf1kptm siwo0mpr gu5uzgus\">\n<div class=\"jroqu855 nthtkgg5\">\n<div class=\"m8h3af8h l7ghb35v kjdc1dyq kmwttqpk gh25dzvf n3t5jt4f\">\n<div dir=\"auto\">FABIEN ROUSSEL A R\u00c9USSI A JETER UN PAV\u00c9 DANS LA MARE<\/div>\n<\/div>\n<div class=\"l7ghb35v kjdc1dyq kmwttqpk gh25dzvf jikcssrz n3t5jt4f\">\n<div dir=\"auto\">C\u2019est la lutte des classes. Depuis qu\u2019un camarade comme Fabien Roussel d\u00e9veloppe en termes compr\u00e9hensibles par tous la th\u00e8se marxiste du travail comme le vecteur de la cr\u00e9ation de richesses pour lequel il faut se battre afin que les forces productives puissent financer le travail et la formation pour tous avec des emplois utiles \u00e0 toute la soci\u00e9t\u00e9, et que le travail soit de moins en moins le vecteur de l\u2019accumulation priv\u00e9e de l\u2019argent par milliards accapar\u00e9e par la classe des capitalistes, ni l\u2019aum\u00f4ne sociale qu\u2019ils ont \u00e9t\u00e9 contraints de c\u00e9der par les luttes mais qu\u2019ils utilisent pour cr\u00e9er une pr\u00e9carit\u00e9 et une division g\u00e9n\u00e9ralis\u00e9e des prol\u00e9taires, les forces capitalistes et les porteurs de leur id\u00e9ologie sont en rage car le secr\u00e9taire national du PCF renoue avec l\u2019analyse r\u00e9volutionnaire. C\u2019est donc tout \u00e0 fait compr\u00e9hensible que leur haine les porte \u00e0 d\u00e9former et mentir. C\u2019est un bon signe pour le PCF que Fabien Roussel a eu le courage de lancer car cela va et doit faire d\u00e9bat.<\/div>\n<div dir=\"auto\" style=\"text-align: center;\"><strong>***********************<\/strong><\/div>\n<div dir=\"auto\">\n<div class=\"gt60zsk1 r227ecj6 n68fow1o\">\n<div class=\"jl2a5g8c alzwoclg k0kqjr44\">\n<div class=\"alzwoclg cqf1kptm siwo0mpr gu5uzgus\">\n<div class=\"jroqu855 nthtkgg5\">\n<p class=\"jxuftiz4 jwegzro5 hl4rid49 icdlwmnq i0rxk2l3 ztn2w49o\"><span class=\"rse6dlih\">Marinette Bache :<\/span><\/p>\n<p class=\"jxuftiz4 jwegzro5 hl4rid49 icdlwmnq i0rxk2l3 ztn2w49o\">L&rsquo;intervention de Fabien Roussel sur la grande sc\u00e8ne.<br \/>\n2 mots sur son discours.<br \/>\nIl est de bon ton depuis la veille de faire le buzz autour de ses propos sur le salaire plut\u00f4t que les allocs. Eh bien il reprendra, dans son discours et \u00e0 tr\u00e8s juste raison, ce th\u00e8me. Fabien Roussel a redit ne pas vouloir \u00ab\u00a0une France du ch\u00f4mage, des primes, des minimas sociaux et de la pauvret\u00e9 ; on veut de la dignit\u00e9, gagn\u00e9e par le travail\u00a0\u00bb. Si certains ont envie de se ridiculiser en interpr\u00e9tant qu&rsquo;il est contre les instruments de solidarit\u00e9, qu&rsquo;ils le fassent ! Qui peut croire que le Secr\u00e9taire g\u00e9n\u00e9ral du PCF est contre la S\u00e9cu ?<br \/>\nJe me f\u00e9licite que Fabien Roussel ait, fermement, rappel\u00e9 qu&rsquo;il \u00e9tait pour retrouver un travail pour chacun avec un salaire permettant de vivre dignement. D\u00e9formez ses dires, op\u00e9rerez autant que vous le voulez \u00e0 des interpr\u00e9tations douteuses, les Fran\u00e7ais qui se sont retrouv\u00e9s \u00e0 devoir vivre d&rsquo;allocations diverses savent eux le bonheur d&rsquo;avoir un travail correctement pay\u00e9. Ce devrait \u00eatre l&rsquo;objectif de toute la gauche. Le reste est affaire d&rsquo;indignes postures dans les m\u00e9dias.<\/p>\n<\/div>\n<\/div>\n<\/div>\n<\/div>\n<\/div>\n<\/div>\n<\/div>\n<div dir=\"auto\" style=\"text-align: center;\"><strong>***********************<\/strong><\/div>\n<\/div>\n<\/div>\n<\/div>\n<\/div>\n<\/div>\n<div dir=\"auto\">\n<div class=\"moz-text-html\" lang=\"x-unicode\">\n<div dir=\"auto\">\n<div dir=\"auto\">De Bernadette FLAMENT&nbsp; texte transmis par Alain Ribes.<\/div>\n<div dir=\"auto\">Au moins les choses sont claires apr\u00e9s la pol\u00e9mique sur le travail et la r\u00e9mun\u00e9ration de la force de travail .<\/div>\n<div dir=\"auto\">Pour ceux qui en doutait les melenchoniens en bon r\u00e9formistes&nbsp; annoncent clairement la couleur :<\/div>\n<div dir=\"auto\">ils veulent perp\u00e9tuer , accompagner le capital en l&rsquo;\u00e9gratignant a la marge .<\/div>\n<div dir=\"auto\">Alors que les communistes et Fabien Roussel EUX&nbsp; en rappellant que seule la force de travail est productrice de richesses&nbsp;<\/div>\n<div dir=\"auto\">&nbsp;Mettent en exergue la contradiction principale et fondamentale du syst\u00e9me capitaliste l&rsquo;affrontement de CLASSE&nbsp;<\/div>\n<div dir=\"auto\">CAPITAL\/ TRAVAIL<\/div>\n<div dir=\"auto\">Montrant qu&rsquo;il faut travailler , rassembler pour une vraie rupture avec la main mise du capital sur nos vies et la societ\u00e9 pour d\u00e9passer celui ci et non l&rsquo;accompagner en l&rsquo;\u00e9gratignant a la marge &#8230;<\/div>\n<div dir=\"auto\">Oui le communisme est la jeunesse et l&rsquo;avenir du monde&nbsp;<\/div>\n<div dir=\"auto\">Vos vaines pol\u00e9mique mensonges ,&nbsp; production de faux et autres rumeurs putrides n&rsquo;y changeront rien&nbsp;<\/div>\n<div dir=\"auto\">Plein et total soutien a mon camarade Fabien Roussel face a la calomnie aux insultes et aux tombereaux de mensonges d\u00e9vers\u00e9s a son encontre par les petits boutiquiers politicards, princes consort&nbsp; de la melenchonie en qu\u00eate de notori\u00e9t\u00e9&nbsp;<\/div>\n<div dir=\"auto\">C.F<\/div>\n<div dir=\"auto\" style=\"text-align: center;\"><strong>***********************<\/strong><\/div>\n<div dir=\"auto\">Evelyne Ternant .<\/div>\n<div dir=\"auto\">\n<div dir=\"auto\">Apr\u00e8s les r\u00e9actions des dirigeants de la gauche aux propos de Fabien Roussel sur les allocations sociales, il faut faire une mise au point.<\/div>\n<div dir=\"auto\">1) Il n&rsquo;a jamais propos\u00e9 leur diminution. Le programme \u00a0\u00bb des jours heureux\u00a0\u00bb qu&rsquo;il a d\u00e9fendu \u00e0 l&rsquo;\u00e9lection pr\u00e9sidentielle contient au contraire leur augmentation.<\/div>\n<div dir=\"auto\">2) Ce que les communistes d\u00e9fendent, c&rsquo;est un projet de soci\u00e9t\u00e9 incluant une S\u00e9curit\u00e9 Emploi Formation qui fasse dispara\u00eetre l&rsquo;existence du ch\u00f4mage, mobilise la cr\u00e9ativit\u00e9 humaine dont nous avons besoin pour r\u00e9pondre aux immenses d\u00e9fis actuels et d\u00e9gage le travail de la brutalit\u00e9 du march\u00e9. Ce qui implique des conqu\u00eates de pouvoirs dans les entreprises et sur les entreprises et les banques.<\/div>\n<div dir=\"auto\">L\u00e0 o\u00f9 les autres forces de gauche consid\u00e8rent implicitement que la quantit\u00e9 et les conditions d&#8217;emplois sont irr\u00e9m\u00e9diablement d\u00e9termin\u00e9es par le patronat, et acceptent sa logique de destruction syst\u00e9matique. D&rsquo;o\u00f9 les propositions de revenu universel pour les uns, ou d&#8217;emplois financ\u00e9s par l&rsquo;\u00e9tat pour les autres, qui dans tous les cas, laissent l&#8217;emploi entre les seules mains du capital.<\/div>\n<div dir=\"auto\">Voil\u00e0 o\u00f9 se situe le d\u00e9bat \u00e0 gauche.<\/div>\n<div dir=\"auto\">Un minimum d&rsquo;honn\u00eatet\u00e9 intellectuelle ne ferait pas de mal&#8230;<\/div>\n<div dir=\"auto\">Il est \u00e9tonnant d&rsquo;entendre Jean Luc M\u00e9lenchon d\u00e9fendre tout d&rsquo;un coup \u00ab\u00a0la cotisation sociale\u00a0\u00bb, comme si elle avait \u00e9t\u00e9 mise en cause par Fabien Roussel, alors que la proposition de LFI d&rsquo;aligner le calcul de la CSG sur l&rsquo;imp\u00f4t sur le revenu est au contraire une mise en cause du principe de la cotisation sociale que seuls les communistes d\u00e9fendent aujourd&rsquo;hui \u00e0 gauche &#8230;.<\/div>\n<div dir=\"auto\">Le d\u00e9bat doit avoir lieu sur ces questions fondamentales. Menons le dans le respect de la pens\u00e9e de chacun.<\/div>\n<\/div>\n<div dir=\"auto\" style=\"text-align: center;\"><strong>***********************<\/strong><\/div>\n<div dir=\"auto\"><a href=\"https:\/\/i0.wp.com\/www.gastonballiot.fr\/wp-content\/uploads\/2022\/09\/Gisele.png?ssl=1\"><img data-recalc-dims=\"1\" loading=\"lazy\" decoding=\"async\" data-attachment-id=\"10746\" data-permalink=\"https:\/\/www.gastonballiot.fr\/?attachment_id=10746#main\" data-orig-file=\"https:\/\/i0.wp.com\/www.gastonballiot.fr\/wp-content\/uploads\/2022\/09\/Gisele.png?fit=648%2C634&amp;ssl=1\" data-orig-size=\"648,634\" data-comments-opened=\"1\" data-image-meta=\"{&quot;aperture&quot;:&quot;0&quot;,&quot;credit&quot;:&quot;&quot;,&quot;camera&quot;:&quot;&quot;,&quot;caption&quot;:&quot;&quot;,&quot;created_timestamp&quot;:&quot;0&quot;,&quot;copyright&quot;:&quot;&quot;,&quot;focal_length&quot;:&quot;0&quot;,&quot;iso&quot;:&quot;0&quot;,&quot;shutter_speed&quot;:&quot;0&quot;,&quot;title&quot;:&quot;&quot;,&quot;orientation&quot;:&quot;0&quot;}\" data-image-title=\"Gisele\" data-image-description=\"\" data-image-caption=\"\" data-medium-file=\"https:\/\/i0.wp.com\/www.gastonballiot.fr\/wp-content\/uploads\/2022\/09\/Gisele.png?fit=300%2C294&amp;ssl=1\" data-large-file=\"https:\/\/i0.wp.com\/www.gastonballiot.fr\/wp-content\/uploads\/2022\/09\/Gisele.png?fit=648%2C634&amp;ssl=1\" class=\"aligncenter size-full wp-image-10746\" src=\"https:\/\/i0.wp.com\/www.gastonballiot.fr\/wp-content\/uploads\/2022\/09\/Gisele.png?resize=648%2C634&#038;ssl=1\" alt=\"\" width=\"648\" height=\"634\" srcset=\"https:\/\/i0.wp.com\/www.gastonballiot.fr\/wp-content\/uploads\/2022\/09\/Gisele.png?w=648&amp;ssl=1 648w, https:\/\/i0.wp.com\/www.gastonballiot.fr\/wp-content\/uploads\/2022\/09\/Gisele.png?resize=300%2C294&amp;ssl=1 300w\" sizes=\"auto, (max-width: 648px) 100vw, 648px\" \/><\/a><\/div>\n<div dir=\"auto\" style=\"text-align: center;\"><a href=\"https:\/\/www.gastonballiot.fr\/wp-content\/uploads\/2022\/09\/Lula.png\"><strong>*******************<\/strong><\/a><\/div>\n<div dir=\"auto\" style=\"text-align: center;\"><a href=\"https:\/\/i0.wp.com\/www.gastonballiot.fr\/wp-content\/uploads\/2022\/09\/Lula.png?ssl=1\"><img data-recalc-dims=\"1\" loading=\"lazy\" decoding=\"async\" data-attachment-id=\"10737\" data-permalink=\"https:\/\/www.gastonballiot.fr\/?attachment_id=10737#main\" data-orig-file=\"https:\/\/i0.wp.com\/www.gastonballiot.fr\/wp-content\/uploads\/2022\/09\/Lula.png?fit=649%2C737&amp;ssl=1\" data-orig-size=\"649,737\" data-comments-opened=\"1\" data-image-meta=\"{&quot;aperture&quot;:&quot;0&quot;,&quot;credit&quot;:&quot;&quot;,&quot;camera&quot;:&quot;&quot;,&quot;caption&quot;:&quot;&quot;,&quot;created_timestamp&quot;:&quot;0&quot;,&quot;copyright&quot;:&quot;&quot;,&quot;focal_length&quot;:&quot;0&quot;,&quot;iso&quot;:&quot;0&quot;,&quot;shutter_speed&quot;:&quot;0&quot;,&quot;title&quot;:&quot;&quot;,&quot;orientation&quot;:&quot;0&quot;}\" data-image-title=\"Lula\" data-image-description=\"\" data-image-caption=\"\" data-medium-file=\"https:\/\/i0.wp.com\/www.gastonballiot.fr\/wp-content\/uploads\/2022\/09\/Lula.png?fit=264%2C300&amp;ssl=1\" data-large-file=\"https:\/\/i0.wp.com\/www.gastonballiot.fr\/wp-content\/uploads\/2022\/09\/Lula.png?fit=649%2C737&amp;ssl=1\" class=\"size-full wp-image-10737 aligncenter\" src=\"https:\/\/i0.wp.com\/www.gastonballiot.fr\/wp-content\/uploads\/2022\/09\/Lula.png?resize=649%2C737&#038;ssl=1\" alt=\"\" width=\"649\" height=\"737\" srcset=\"https:\/\/i0.wp.com\/www.gastonballiot.fr\/wp-content\/uploads\/2022\/09\/Lula.png?w=649&amp;ssl=1 649w, https:\/\/i0.wp.com\/www.gastonballiot.fr\/wp-content\/uploads\/2022\/09\/Lula.png?resize=264%2C300&amp;ssl=1 264w\" sizes=\"auto, (max-width: 649px) 100vw, 649px\" \/><\/a><\/div>\n<div dir=\"auto\">\n<div class=\"moz-text-html\" lang=\"x-unicode\">\n<div dir=\"auto\">\n<div dir=\"auto\">La petite pol\u00e9mique orchestr\u00e9e autour des d\u00e9clarations de F Roussel a le m\u00e9rite de mettre le doigt sur un sujet d\u00e9cisif : la place du travail dans un projet de transformation politique, \u00e9conomique et sociale.&nbsp;<\/div>\n<div dir=\"auto\">Passons sur le fait qu&rsquo;il faut \u00eatre assez malhonn\u00eate pour penser qu&rsquo;il ( F Roussel ) aurait pour projet d&rsquo;attaquer les allocataires du rsa et de supprimer les allocations familiales &#8230; sa tribune dans le monde est explicite&nbsp;<\/div>\n<div dir=\"auto\">Remettons en perspective, aussi, que vivre du rsa ou \u00eatre au ch\u00f4mage n&rsquo;est pas un choix de fain\u00e9ant mais une situation subie qui conduit \u00e0 vivre dans l&rsquo;ins\u00e9curit\u00e9 sociale , la pr\u00e9carit\u00e9 et la mis\u00e8re&#8230; et qu&rsquo;il faut en sortir<\/div>\n<div dir=\"auto\">Donc remettre le travail , son contenu et sa finalit\u00e9 au coeur du d\u00e9bat \u00e0 gauche est une bonne id\u00e9e, n&rsquo;en d\u00e9plaise . Id\u00e9e pas nouvelle d&rsquo;ailleurs tant au PCF qu&rsquo;a la CGT&nbsp;<\/div>\n<div dir=\"auto\">Rappelons nous par ex qu&rsquo;en 1945 ( tout en mettant en place la s\u00e9curit\u00e9 sociale ) Croizat refusa de cr\u00e9er une allocation ch\u00f4mage expliquant que notre r\u00f4le n&rsquo;\u00e9tait pas de cr\u00e9er une arm\u00e9e de ch\u00f4meurs ayant juste les moyens de survivre et utile au patronat mais de cr\u00e9er les conditions du plein emploi pour tous&nbsp;<\/div>\n<div dir=\"auto\">Reposer cel\u00e0 dans les conditions d&rsquo;aujourd&rsquo;hui est en phase avec ce que portent la CGT et le PCF autour du NSTS et de la s\u00e9curit\u00e9 sociale professionnelle pour l&rsquo;une et de la s\u00e9curit\u00e9 emploi formation pour l&rsquo;autre.&nbsp;<\/div>\n<div dir=\"auto\">Mais il faut le faire en \u00e9vitant l&rsquo;\u00e9cueil d&rsquo;opposer travail et allocations ( n\u00e9cessaires ) , celles ci \u00e9tant du salaire socialis\u00e9 issu du travail .<\/div>\n<div dir=\"auto\">Le faire aussi en ne m\u00e9langeant pas travail et travail salari\u00e9 puisqu&rsquo;en Marxistes affirm\u00e9s nous pronons \u00e0 terme l&rsquo;abolition du salariat.&nbsp; En effet le travail salarie \u00e9tant devenu le principal outil de servitude sous la propri\u00e9t\u00e9 capitaliste il faut ( si l&rsquo;on vise un autre mod\u00e8le ) abolir les 2 termes de l &lsquo;\u00e9quation antagoniste : le travail salari\u00e9 et la propri\u00e9t\u00e9 capitaliste ( Marx et Engels ne m&rsquo;ont pas attendu pour le pr\u00f4ner )<\/div>\n<div dir=\"auto\">Mais nous n&rsquo;en sommes pas l\u00e0 et il nous faut gagner une \u00e0 une les \u00e9tapes et les consciences : gagner et garantir un emploi \u00e0 tous ,une formation tout au long de la vie , un salaire digne ,la reconnaissance des qualifications, l&rsquo;\u00e9radication du ch\u00f4mage,&nbsp; la r\u00e9duction du temps de travail&#8230;<\/div>\n<div dir=\"auto\">Nous ne manquons pas de propositions de \u00ab\u00a0classe \u00a0\u00bb pour cela,&nbsp; plus d&rsquo;organisations de masse pour les faire conna\u00eetre de tous et organiser la n\u00e9cessaire lutte pour les obtenir : c&rsquo;est \u00e0 mon sens&nbsp; notre probl\u00e8me majeur<\/div>\n<div dir=\"auto\">En tous cas puissions nous nous approprier et porter ce d\u00e9bat qui est le n\u00f4tre : sans outrance et sans raccourci.<\/div>\n<div dir=\"auto\">Pascal Fournet<\/div>\n<\/div>\n<\/div>\n<\/div>\n<\/div>\n<\/div>\n<\/div>\n<\/div>\n<div dir=\"auto\">\n<div class=\"m8h3af8h l7ghb35v kjdc1dyq kmwttqpk gh25dzvf n3t5jt4f\">\n<hr>\n<h2 dir=\"auto\" style=\"text-align: center;\"><strong><span style=\"color: #ff0000;\">Tribune de Fabien Roussel parue dans Le Monde le 13\/09\/2022<\/span><\/strong><\/h2>\n<div dir=\"auto\" style=\"text-align: center;\"><span style=\"color: #ff0000;\"><strong>&nbsp;\u00ab J\u2019assume d\u00e9fendre le parti du travail \u00bb<\/strong><\/span><\/div>\n<div dir=\"auto\">&nbsp;<\/div>\n<\/div>\n<div class=\"l7ghb35v kjdc1dyq kmwttqpk gh25dzvf jikcssrz n3t5jt4f\">\n<div dir=\"auto\">Le secr\u00e9taire national du PCF r\u00e9pond, dans une tribune au \u00ab Monde \u00bb, aux critiques suscit\u00e9es par ses propos sur \u00ab la gauche du travail \u00bb face \u00e0 \u00ab la gauche des allocations [et] des minima sociaux \u00bb. Et persiste. Selon lui, le d\u00e9fi de la gauche est de \u00ab travailler \u00e0 une soci\u00e9t\u00e9 qui garantit \u00e0 chacun d\u2019avoir un emploi, une formation et un salaire tout au long de sa vie \u00bb.<\/div>\n<\/div>\n<div class=\"l7ghb35v kjdc1dyq kmwttqpk gh25dzvf jikcssrz n3t5jt4f\">\n<div dir=\"auto\">En d\u00e9clarant pr\u00e9f\u00e9rer le travail au ch\u00f4mage, je n\u2019imaginais pas provoquer pareille pol\u00e9mique. Que n\u2019avais-je dit ? Certains ont pris leurs plus beaux airs indign\u00e9s et y ont vu une saillie inspir\u00e9e des pires discours de la droite r\u00e9actionnaire. D\u2019autres sont all\u00e9s jusqu\u2019\u00e0 s\u2019\u00e9lever contre un racisme \u00e0 peine larv\u00e9. Quel d\u00e9lire !<\/div>\n<\/div>\n<div class=\"l7ghb35v kjdc1dyq kmwttqpk gh25dzvf jikcssrz n3t5jt4f\">\n<div dir=\"auto\">Quand on parle des autres, on parle d\u2019abord de soi. En s\u2019indignant ainsi, que disent-ils d\u2019eux-m\u00eames ? Qu\u2019ils ont d\u00e9missionn\u00e9. Qu\u2019ils ont renonc\u00e9 \u00e0 la grande ambition qui devrait rassembler la gauche : celle d\u2019\u00e9radiquer le ch\u00f4mage. Si l\u2019esclavagisme revenait demain, ils n\u00e9gocieraient avec le Medef le poids des cha\u00eenes. Pas moi. Car le ch\u00f4mage tue, il bousille des vies. Il fait basculer des familles enti\u00e8res dans la pauvret\u00e9. Il instille partout le venin de la division entre ceux qui ont un emploi et ceux qui en sont priv\u00e9s. De l\u00e0 o\u00f9 je vous parle, dans ce Nord ouvrier depuis si longtemps fier de ses usines et du savoir-faire de ses travailleurs, on sait la duret\u00e9 du travail et le co\u00fbt du ch\u00f4mage. On sait intuitivement que le ch\u00f4mage est \u00ab l\u2019arm\u00e9e de r\u00e9serve \u00bb du capital, comme le disait si bien Marx.<\/div>\n<div dir=\"auto\">Remettre en cause la logique lib\u00e9rale du ch\u00f4mage<\/div>\n<\/div>\n<div class=\"l7ghb35v kjdc1dyq kmwttqpk gh25dzvf jikcssrz n3t5jt4f\">\n<div dir=\"auto\">C\u2019est la menace du ch\u00f4mage qui permet au Medef et aux lib\u00e9raux d\u2019imposer les bas salaires, les horaires \u00e9largis sans suppl\u00e9ment de r\u00e9mun\u00e9ration, le quotidien infernal d\u2019une vie sans pause et sans plaisirs. Et nous devrions accepter le ch\u00f4mage de masse et nous contenter de garantir un revenu d\u2019existence ? Il est temps, au contraire, de remettre en cause les logiques lib\u00e9rales qui ont toujours entretenu le ch\u00f4mage plut\u00f4t que de l\u2019\u00e9radiquer, qui ont pr\u00e9f\u00e9r\u00e9 l\u2019accompagner plut\u00f4t que d\u2019emp\u00eacher le d\u00e9m\u00e9nagement de pans entiers de notre industrie.<\/div>\n<div dir=\"auto\">Ouvrons les yeux. L\u2019industrie repr\u00e9sentait 24 % de notre PIB en 1980 et seulement 10 % en 2019. Notre flotte de p\u00eache est pass\u00e9e de 11 500 bateaux, en 1983, \u00e0 4 500, aujourd\u2019hui. Quant \u00e0 la saign\u00e9e paysanne, elle nous a fait passer de 1 263 000 exploitations agricoles, en 1979, \u00e0 429 000, en 2017. R\u00e9sultat : 5 millions de priv\u00e9s d\u2019emplois, 2 millions de b\u00e9n\u00e9ficiaires du RSA, 4,5 millions de primes d\u2019activit\u00e9 vers\u00e9es par la CAF. Et 10 millions de Fran\u00e7ais sous le seuil de pauvret\u00e9. Beau succ\u00e8s.<\/div>\n<div dir=\"auto\">Alors, j\u2019assume. Je me bats pour une soci\u00e9t\u00e9 qui se fixe comme horizon de garantir un emploi, une formation, un salaire \u00e0 chacun de ses concitoyens. Et je m\u2019inscris en faux contre ceux qui th\u00e9orisent la \u00ab fin du travail \u00bb. Ce discours passe totalement \u00e0 c\u00f4t\u00e9 des r\u00e9alit\u00e9s qui se font jour. Ayons de l\u2019ambition pour notre pays.<\/div>\n<div dir=\"auto\">Tant de besoins m\u00e9riteraient d\u2019\u00eatre satisfaits. De quoi permettre \u00e0 chacun de trouver sa place dans la soci\u00e9t\u00e9 et de retrouver sa dignit\u00e9 par le travail.<\/div>\n<div dir=\"auto\">Redonner du sens au travail<\/div>\n<\/div>\n<div class=\"l7ghb35v kjdc1dyq kmwttqpk gh25dzvf jikcssrz n3t5jt4f\">\n<div dir=\"auto\">Regardez ces classes sans professeurs, ces trains qui ne circulent pas faute de conducteurs, ces services d\u2019urgences ferm\u00e9s faute de personnels. Qui peut croire que nous rel\u00e8verons le service public sans fonctionnaires en plus ? Qui peut imaginer que nous conduirons la transition \u00e9cologique sans cr\u00e9er d\u2019emplois ? Qui peut penser que nous pourrons reconqu\u00e9rir notre souverainet\u00e9 \u00e9nerg\u00e9tique, industrielle, alimentaire sans millions d\u2019emplois suppl\u00e9mentaires ni formations massives ?<\/div>\n<div dir=\"auto\">Bien s\u00fbr, \u00e0 titre transitoire, les salari\u00e9s ont besoin de protections, d\u2019accompagnement et je serai \u00e0 leur c\u00f4t\u00e9 pour d\u00e9noncer toutes les attaques du gouvernement contre eux, avec cette r\u00e9forme de l\u2019assurance-ch\u00f4mage ou encore le projet de travail obligatoire en \u00e9change du RSA.<\/div>\n<\/div>\n<div class=\"l7ghb35v kjdc1dyq kmwttqpk gh25dzvf jikcssrz n3t5jt4f\">\n<div dir=\"auto\">Mais quel beau d\u00e9fi pour un pays, pour la gauche, que de travailler \u00e0 une soci\u00e9t\u00e9 qui garantit \u00e0 chacun d\u2019avoir un emploi, une formation et un salaire tout au long de sa vie professionnelle. Un projet r\u00e9volutionnaire qui va de pair avec l\u2019am\u00e9lioration des conditions de travail, la hausse des salaires, la r\u00e9duction du temps de travail et le r\u00e9tablissement de la retraite \u00e0 60 ans et vise \u00e0 s\u00e9curiser tous les \u00e2ges de la vie. Redonnons du sens au travail en l\u2019\u00e9mancipant de la puissance aveugle du march\u00e9 et en se posant partout la question : comment produire et r\u00e9pondre \u00e0 nos besoins, en respectant autant les \u00eatres humains que la plan\u00e8te ? C\u2019est l\u2019ambition qui m\u2019anime. Ni plus ni moins.<\/div>\n<\/div>\n<div dir=\"auto\">&nbsp;<\/div>\n<\/div>\n<\/div>\n<\/div>\n","protected":false},"excerpt":{"rendered":"<p>Lib\u00e9, le Parisien, etc.. , les m\u00e9dias du capital se vautrent dans l&rsquo;exploitation des petites pol\u00e9miques bien souvent d\u00e9clench\u00e9es par des membres du staff de JLM (Corbi\u00e8re, Coquerel,&nbsp; et autres=). Et bien s\u00fbr ces m\u00e9dias reprennent les \u00ab\u00a0arguments\u00a0\u00bb de ces derniers. Normal qu&rsquo;ils les soutiennent quand on sait \u00e0 qui ils appartiennent.. &nbsp; Mais derri\u00e8re ce tapage autour de petites phrases qu&rsquo;y a t&rsquo;il en r\u00e9alit\u00e9 ? Ce n&rsquo;est pas une petite pol\u00e9mique anodine de plus, c&rsquo;est une question de fond.&nbsp; &#8230; <a title=\"Qu&rsquo;y a t&rsquo;il derri\u00e8re les attaques contre Fabien Roussel ces jours-ci ?\" class=\"read-more\" href=\"https:\/\/www.gastonballiot.fr\/?p=10713\" aria-label=\"Plus sur Qu&rsquo;y a t&rsquo;il derri\u00e8re les attaques contre Fabien Roussel ces jours-ci ?\">Lire la suite&#8230;<\/a><\/p>\n","protected":false},"author":1,"featured_media":0,"comment_status":"open","ping_status":"closed","sticky":false,"template":"","format":"standard","meta":{"ngg_post_thumbnail":0,"jetpack_post_was_ever_published":false,"_jetpack_newsletter_access":"","_jetpack_dont_email_post_to_subs":false,"_jetpack_newsletter_tier_id":0,"_jetpack_memberships_contains_paywalled_content":false,"_jetpack_memberships_contains_paid_content":false,"footnotes":"","jetpack_publicize_message":"","jetpack_publicize_feature_enabled":true,"jetpack_social_post_already_shared":true,"jetpack_social_options":{"image_generator_settings":{"template":"highway","enabled":false},"version":2}},"categories":[2,6,16],"tags":[365,126,450],"class_list":["post-10713","post","type-post","status-publish","format-standard","hentry","category-a-la-une","category-economie","category-social","tag-communisme","tag-social","tag-social-democratie","infinite-scroll-item","masonry-post","generate-columns","tablet-grid-50","mobile-grid-100","grid-parent","grid-33"],"jetpack_publicize_connections":[],"yoast_head":"<!-- This site is optimized with the Yoast SEO plugin v27.5 - https:\/\/yoast.com\/product\/yoast-seo-wordpress\/ -->\n<title>Qu&#039;y a t&#039;il derri\u00e8re les attaques contre Fabien Roussel ces jours-ci ? - Le blog politique de Gaston<\/title>\n<meta name=\"robots\" content=\"index, follow, max-snippet:-1, max-image-preview:large, max-video-preview:-1\" \/>\n<link rel=\"canonical\" href=\"https:\/\/www.gastonballiot.fr\/?p=10713\" \/>\n<meta property=\"og:locale\" content=\"fr_FR\" \/>\n<meta property=\"og:type\" content=\"article\" \/>\n<meta property=\"og:title\" content=\"Qu&#039;y a t&#039;il derri\u00e8re les attaques contre Fabien Roussel ces jours-ci ? - Le blog politique de Gaston\" \/>\n<meta property=\"og:description\" content=\"Lib\u00e9, le Parisien, etc.. , les m\u00e9dias du capital se vautrent dans l&rsquo;exploitation des petites pol\u00e9miques bien souvent d\u00e9clench\u00e9es par des membres du staff de JLM (Corbi\u00e8re, Coquerel,&nbsp; et autres=). Et bien s\u00fbr ces m\u00e9dias reprennent les \u00ab\u00a0arguments\u00a0\u00bb de ces derniers. Normal qu&rsquo;ils les soutiennent quand on sait \u00e0 qui ils appartiennent.. &nbsp; Mais derri\u00e8re ce tapage autour de petites phrases qu&rsquo;y a t&rsquo;il en r\u00e9alit\u00e9 ? Ce n&rsquo;est pas une petite pol\u00e9mique anodine de plus, c&rsquo;est une question de fond.&nbsp; ... Lire la suite...\" \/>\n<meta property=\"og:url\" content=\"https:\/\/www.gastonballiot.fr\/?p=10713\" \/>\n<meta property=\"og:site_name\" content=\"Le blog politique de Gaston\" \/>\n<meta property=\"article:publisher\" content=\"https:\/\/www.facebook.com\/gaston.balliot\/\" \/>\n<meta property=\"article:author\" content=\"https:\/\/www.facebook.com\/gaston.balliot\/\" \/>\n<meta property=\"article:published_time\" content=\"2022-09-12T09:50:04+00:00\" \/>\n<meta property=\"article:modified_time\" content=\"2022-09-15T07:00:48+00:00\" \/>\n<meta property=\"og:image\" content=\"https:\/\/www.gastonballiot.fr\/wp-content\/uploads\/2022\/09\/Hugo.png\" \/>\n<meta name=\"author\" content=\"gb\" \/>\n<meta name=\"twitter:card\" content=\"summary_large_image\" \/>\n<meta name=\"twitter:label1\" content=\"\u00c9crit par\" \/>\n\t<meta name=\"twitter:data1\" content=\"gb\" \/>\n\t<meta name=\"twitter:label2\" content=\"Dur\u00e9e de lecture estim\u00e9e\" \/>\n\t<meta name=\"twitter:data2\" content=\"28 minutes\" \/>\n<script type=\"application\/ld+json\" class=\"yoast-schema-graph\">{\"@context\":\"https:\\\/\\\/schema.org\",\"@graph\":[{\"@type\":\"Article\",\"@id\":\"https:\\\/\\\/www.gastonballiot.fr\\\/?p=10713#article\",\"isPartOf\":{\"@id\":\"https:\\\/\\\/www.gastonballiot.fr\\\/?p=10713\"},\"author\":{\"name\":\"gb\",\"@id\":\"https:\\\/\\\/www.gastonballiot.fr\\\/#\\\/schema\\\/person\\\/244a5e02696abd8a65c5b1bebdb948ca\"},\"headline\":\"Qu&rsquo;y a t&rsquo;il derri\u00e8re les attaques contre Fabien Roussel ces jours-ci ?\",\"datePublished\":\"2022-09-12T09:50:04+00:00\",\"dateModified\":\"2022-09-15T07:00:48+00:00\",\"mainEntityOfPage\":{\"@id\":\"https:\\\/\\\/www.gastonballiot.fr\\\/?p=10713\"},\"wordCount\":5909,\"commentCount\":0,\"publisher\":{\"@id\":\"https:\\\/\\\/www.gastonballiot.fr\\\/#\\\/schema\\\/person\\\/244a5e02696abd8a65c5b1bebdb948ca\"},\"image\":{\"@id\":\"https:\\\/\\\/www.gastonballiot.fr\\\/?p=10713#primaryimage\"},\"thumbnailUrl\":\"https:\\\/\\\/www.gastonballiot.fr\\\/wp-content\\\/uploads\\\/2022\\\/09\\\/Hugo.png\",\"keywords\":[\"communisme\",\"Social\",\"social d\u00e9mocratie\"],\"articleSection\":[\"A la une\",\"Economie\",\"Social\"],\"inLanguage\":\"fr-FR\",\"potentialAction\":[{\"@type\":\"CommentAction\",\"name\":\"Comment\",\"target\":[\"https:\\\/\\\/www.gastonballiot.fr\\\/?p=10713#respond\"]}]},{\"@type\":\"WebPage\",\"@id\":\"https:\\\/\\\/www.gastonballiot.fr\\\/?p=10713\",\"url\":\"https:\\\/\\\/www.gastonballiot.fr\\\/?p=10713\",\"name\":\"Qu'y a t'il derri\u00e8re les attaques contre Fabien Roussel ces jours-ci ? - Le blog politique de Gaston\",\"isPartOf\":{\"@id\":\"https:\\\/\\\/www.gastonballiot.fr\\\/#website\"},\"primaryImageOfPage\":{\"@id\":\"https:\\\/\\\/www.gastonballiot.fr\\\/?p=10713#primaryimage\"},\"image\":{\"@id\":\"https:\\\/\\\/www.gastonballiot.fr\\\/?p=10713#primaryimage\"},\"thumbnailUrl\":\"https:\\\/\\\/www.gastonballiot.fr\\\/wp-content\\\/uploads\\\/2022\\\/09\\\/Hugo.png\",\"datePublished\":\"2022-09-12T09:50:04+00:00\",\"dateModified\":\"2022-09-15T07:00:48+00:00\",\"breadcrumb\":{\"@id\":\"https:\\\/\\\/www.gastonballiot.fr\\\/?p=10713#breadcrumb\"},\"inLanguage\":\"fr-FR\",\"potentialAction\":[{\"@type\":\"ReadAction\",\"target\":[\"https:\\\/\\\/www.gastonballiot.fr\\\/?p=10713\"]}]},{\"@type\":\"ImageObject\",\"inLanguage\":\"fr-FR\",\"@id\":\"https:\\\/\\\/www.gastonballiot.fr\\\/?p=10713#primaryimage\",\"url\":\"https:\\\/\\\/i0.wp.com\\\/www.gastonballiot.fr\\\/wp-content\\\/uploads\\\/2022\\\/09\\\/Hugo.png?fit=666%2C457&ssl=1\",\"contentUrl\":\"https:\\\/\\\/i0.wp.com\\\/www.gastonballiot.fr\\\/wp-content\\\/uploads\\\/2022\\\/09\\\/Hugo.png?fit=666%2C457&ssl=1\",\"width\":666,\"height\":457},{\"@type\":\"BreadcrumbList\",\"@id\":\"https:\\\/\\\/www.gastonballiot.fr\\\/?p=10713#breadcrumb\",\"itemListElement\":[{\"@type\":\"ListItem\",\"position\":1,\"name\":\"Accueil\",\"item\":\"https:\\\/\\\/www.gastonballiot.fr\\\/\"},{\"@type\":\"ListItem\",\"position\":2,\"name\":\"Qu&#8217;y a t&#8217;il derri\u00e8re les attaques contre Fabien Roussel ces jours-ci ?\"}]},{\"@type\":\"WebSite\",\"@id\":\"https:\\\/\\\/www.gastonballiot.fr\\\/#website\",\"url\":\"https:\\\/\\\/www.gastonballiot.fr\\\/\",\"name\":\"Le blog politique de Gaston\",\"description\":\"L&#039;humain d&#039;abord, pas la finance !\",\"publisher\":{\"@id\":\"https:\\\/\\\/www.gastonballiot.fr\\\/#\\\/schema\\\/person\\\/244a5e02696abd8a65c5b1bebdb948ca\"},\"potentialAction\":[{\"@type\":\"SearchAction\",\"target\":{\"@type\":\"EntryPoint\",\"urlTemplate\":\"https:\\\/\\\/www.gastonballiot.fr\\\/?s={search_term_string}\"},\"query-input\":{\"@type\":\"PropertyValueSpecification\",\"valueRequired\":true,\"valueName\":\"search_term_string\"}}],\"inLanguage\":\"fr-FR\"},{\"@type\":[\"Person\",\"Organization\"],\"@id\":\"https:\\\/\\\/www.gastonballiot.fr\\\/#\\\/schema\\\/person\\\/244a5e02696abd8a65c5b1bebdb948ca\",\"name\":\"gb\",\"image\":{\"@type\":\"ImageObject\",\"inLanguage\":\"fr-FR\",\"@id\":\"https:\\\/\\\/i0.wp.com\\\/www.gastonballiot.fr\\\/wp-content\\\/uploads\\\/2017\\\/04\\\/cropped-Marianne-drapeau-rouge.gif?fit=512%2C512&ssl=1\",\"url\":\"https:\\\/\\\/i0.wp.com\\\/www.gastonballiot.fr\\\/wp-content\\\/uploads\\\/2017\\\/04\\\/cropped-Marianne-drapeau-rouge.gif?fit=512%2C512&ssl=1\",\"contentUrl\":\"https:\\\/\\\/i0.wp.com\\\/www.gastonballiot.fr\\\/wp-content\\\/uploads\\\/2017\\\/04\\\/cropped-Marianne-drapeau-rouge.gif?fit=512%2C512&ssl=1\",\"width\":512,\"height\":512,\"caption\":\"gb\"},\"logo\":{\"@id\":\"https:\\\/\\\/i0.wp.com\\\/www.gastonballiot.fr\\\/wp-content\\\/uploads\\\/2017\\\/04\\\/cropped-Marianne-drapeau-rouge.gif?fit=512%2C512&ssl=1\"},\"description\":\"Gaston Balliot, militant du Front de Gauche en pays bigouden - Pont L'Abb\u00e9 - Loctudy - Guilvinec - Penmarc'h - Ile Tudy - Combrit Ste Marine - Tr\u00e9meoc - Plon\u00e9our, p\u00eache tourisme\",\"sameAs\":[\"https:\\\/\\\/www.facebook.com\\\/gaston.balliot\\\/\"]}]}<\/script>\n<!-- \/ Yoast SEO plugin. -->","yoast_head_json":{"title":"Qu'y a t'il derri\u00e8re les attaques contre Fabien Roussel ces jours-ci ? - Le blog politique de Gaston","robots":{"index":"index","follow":"follow","max-snippet":"max-snippet:-1","max-image-preview":"max-image-preview:large","max-video-preview":"max-video-preview:-1"},"canonical":"https:\/\/www.gastonballiot.fr\/?p=10713","og_locale":"fr_FR","og_type":"article","og_title":"Qu'y a t'il derri\u00e8re les attaques contre Fabien Roussel ces jours-ci ? - Le blog politique de Gaston","og_description":"Lib\u00e9, le Parisien, etc.. , les m\u00e9dias du capital se vautrent dans l&rsquo;exploitation des petites pol\u00e9miques bien souvent d\u00e9clench\u00e9es par des membres du staff de JLM (Corbi\u00e8re, Coquerel,&nbsp; et autres=). Et bien s\u00fbr ces m\u00e9dias reprennent les \u00ab\u00a0arguments\u00a0\u00bb de ces derniers. Normal qu&rsquo;ils les soutiennent quand on sait \u00e0 qui ils appartiennent.. &nbsp; Mais derri\u00e8re ce tapage autour de petites phrases qu&rsquo;y a t&rsquo;il en r\u00e9alit\u00e9 ? Ce n&rsquo;est pas une petite pol\u00e9mique anodine de plus, c&rsquo;est une question de fond.&nbsp; ... Lire la suite...","og_url":"https:\/\/www.gastonballiot.fr\/?p=10713","og_site_name":"Le blog politique de Gaston","article_publisher":"https:\/\/www.facebook.com\/gaston.balliot\/","article_author":"https:\/\/www.facebook.com\/gaston.balliot\/","article_published_time":"2022-09-12T09:50:04+00:00","article_modified_time":"2022-09-15T07:00:48+00:00","og_image":[{"url":"https:\/\/www.gastonballiot.fr\/wp-content\/uploads\/2022\/09\/Hugo.png","type":"","width":"","height":""}],"author":"gb","twitter_card":"summary_large_image","twitter_misc":{"\u00c9crit par":"gb","Dur\u00e9e de lecture estim\u00e9e":"28 minutes"},"schema":{"@context":"https:\/\/schema.org","@graph":[{"@type":"Article","@id":"https:\/\/www.gastonballiot.fr\/?p=10713#article","isPartOf":{"@id":"https:\/\/www.gastonballiot.fr\/?p=10713"},"author":{"name":"gb","@id":"https:\/\/www.gastonballiot.fr\/#\/schema\/person\/244a5e02696abd8a65c5b1bebdb948ca"},"headline":"Qu&rsquo;y a t&rsquo;il derri\u00e8re les attaques contre Fabien Roussel ces jours-ci ?","datePublished":"2022-09-12T09:50:04+00:00","dateModified":"2022-09-15T07:00:48+00:00","mainEntityOfPage":{"@id":"https:\/\/www.gastonballiot.fr\/?p=10713"},"wordCount":5909,"commentCount":0,"publisher":{"@id":"https:\/\/www.gastonballiot.fr\/#\/schema\/person\/244a5e02696abd8a65c5b1bebdb948ca"},"image":{"@id":"https:\/\/www.gastonballiot.fr\/?p=10713#primaryimage"},"thumbnailUrl":"https:\/\/www.gastonballiot.fr\/wp-content\/uploads\/2022\/09\/Hugo.png","keywords":["communisme","Social","social d\u00e9mocratie"],"articleSection":["A la une","Economie","Social"],"inLanguage":"fr-FR","potentialAction":[{"@type":"CommentAction","name":"Comment","target":["https:\/\/www.gastonballiot.fr\/?p=10713#respond"]}]},{"@type":"WebPage","@id":"https:\/\/www.gastonballiot.fr\/?p=10713","url":"https:\/\/www.gastonballiot.fr\/?p=10713","name":"Qu'y a t'il derri\u00e8re les attaques contre Fabien Roussel ces jours-ci ? - Le blog politique de Gaston","isPartOf":{"@id":"https:\/\/www.gastonballiot.fr\/#website"},"primaryImageOfPage":{"@id":"https:\/\/www.gastonballiot.fr\/?p=10713#primaryimage"},"image":{"@id":"https:\/\/www.gastonballiot.fr\/?p=10713#primaryimage"},"thumbnailUrl":"https:\/\/www.gastonballiot.fr\/wp-content\/uploads\/2022\/09\/Hugo.png","datePublished":"2022-09-12T09:50:04+00:00","dateModified":"2022-09-15T07:00:48+00:00","breadcrumb":{"@id":"https:\/\/www.gastonballiot.fr\/?p=10713#breadcrumb"},"inLanguage":"fr-FR","potentialAction":[{"@type":"ReadAction","target":["https:\/\/www.gastonballiot.fr\/?p=10713"]}]},{"@type":"ImageObject","inLanguage":"fr-FR","@id":"https:\/\/www.gastonballiot.fr\/?p=10713#primaryimage","url":"https:\/\/i0.wp.com\/www.gastonballiot.fr\/wp-content\/uploads\/2022\/09\/Hugo.png?fit=666%2C457&ssl=1","contentUrl":"https:\/\/i0.wp.com\/www.gastonballiot.fr\/wp-content\/uploads\/2022\/09\/Hugo.png?fit=666%2C457&ssl=1","width":666,"height":457},{"@type":"BreadcrumbList","@id":"https:\/\/www.gastonballiot.fr\/?p=10713#breadcrumb","itemListElement":[{"@type":"ListItem","position":1,"name":"Accueil","item":"https:\/\/www.gastonballiot.fr\/"},{"@type":"ListItem","position":2,"name":"Qu&#8217;y a t&#8217;il derri\u00e8re les attaques contre Fabien Roussel ces jours-ci ?"}]},{"@type":"WebSite","@id":"https:\/\/www.gastonballiot.fr\/#website","url":"https:\/\/www.gastonballiot.fr\/","name":"Le blog politique de Gaston","description":"L&#039;humain d&#039;abord, pas la finance !","publisher":{"@id":"https:\/\/www.gastonballiot.fr\/#\/schema\/person\/244a5e02696abd8a65c5b1bebdb948ca"},"potentialAction":[{"@type":"SearchAction","target":{"@type":"EntryPoint","urlTemplate":"https:\/\/www.gastonballiot.fr\/?s={search_term_string}"},"query-input":{"@type":"PropertyValueSpecification","valueRequired":true,"valueName":"search_term_string"}}],"inLanguage":"fr-FR"},{"@type":["Person","Organization"],"@id":"https:\/\/www.gastonballiot.fr\/#\/schema\/person\/244a5e02696abd8a65c5b1bebdb948ca","name":"gb","image":{"@type":"ImageObject","inLanguage":"fr-FR","@id":"https:\/\/i0.wp.com\/www.gastonballiot.fr\/wp-content\/uploads\/2017\/04\/cropped-Marianne-drapeau-rouge.gif?fit=512%2C512&ssl=1","url":"https:\/\/i0.wp.com\/www.gastonballiot.fr\/wp-content\/uploads\/2017\/04\/cropped-Marianne-drapeau-rouge.gif?fit=512%2C512&ssl=1","contentUrl":"https:\/\/i0.wp.com\/www.gastonballiot.fr\/wp-content\/uploads\/2017\/04\/cropped-Marianne-drapeau-rouge.gif?fit=512%2C512&ssl=1","width":512,"height":512,"caption":"gb"},"logo":{"@id":"https:\/\/i0.wp.com\/www.gastonballiot.fr\/wp-content\/uploads\/2017\/04\/cropped-Marianne-drapeau-rouge.gif?fit=512%2C512&ssl=1"},"description":"Gaston Balliot, militant du Front de Gauche en pays bigouden - Pont L'Abb\u00e9 - Loctudy - Guilvinec - Penmarc'h - Ile Tudy - Combrit Ste Marine - Tr\u00e9meoc - Plon\u00e9our, p\u00eache tourisme","sameAs":["https:\/\/www.facebook.com\/gaston.balliot\/"]}]}},"jetpack_featured_media_url":"","jetpack_shortlink":"https:\/\/wp.me\/p5UTaD-2MN","jetpack-related-posts":[],"jetpack_likes_enabled":true,"jetpack_sharing_enabled":true,"_links":{"self":[{"href":"https:\/\/www.gastonballiot.fr\/index.php?rest_route=\/wp\/v2\/posts\/10713","targetHints":{"allow":["GET"]}}],"collection":[{"href":"https:\/\/www.gastonballiot.fr\/index.php?rest_route=\/wp\/v2\/posts"}],"about":[{"href":"https:\/\/www.gastonballiot.fr\/index.php?rest_route=\/wp\/v2\/types\/post"}],"author":[{"embeddable":true,"href":"https:\/\/www.gastonballiot.fr\/index.php?rest_route=\/wp\/v2\/users\/1"}],"replies":[{"embeddable":true,"href":"https:\/\/www.gastonballiot.fr\/index.php?rest_route=%2Fwp%2Fv2%2Fcomments&post=10713"}],"version-history":[{"count":0,"href":"https:\/\/www.gastonballiot.fr\/index.php?rest_route=\/wp\/v2\/posts\/10713\/revisions"}],"wp:attachment":[{"href":"https:\/\/www.gastonballiot.fr\/index.php?rest_route=%2Fwp%2Fv2%2Fmedia&parent=10713"}],"wp:term":[{"taxonomy":"category","embeddable":true,"href":"https:\/\/www.gastonballiot.fr\/index.php?rest_route=%2Fwp%2Fv2%2Fcategories&post=10713"},{"taxonomy":"post_tag","embeddable":true,"href":"https:\/\/www.gastonballiot.fr\/index.php?rest_route=%2Fwp%2Fv2%2Ftags&post=10713"}],"curies":[{"name":"wp","href":"https:\/\/api.w.org\/{rel}","templated":true}]}}