{"id":10854,"date":"2022-11-02T10:17:35","date_gmt":"2022-11-02T09:17:35","guid":{"rendered":"https:\/\/www.gastonballiot.fr\/?p=10854"},"modified":"2022-11-03T08:50:38","modified_gmt":"2022-11-03T07:50:38","slug":"eoliennes-en-mer-au-vent-mauvais-du-dumping-social","status":"publish","type":"post","link":"https:\/\/www.gastonballiot.fr\/?p=10854","title":{"rendered":"\u00c9oliennes en mer, au vent mauvais du dumping social"},"content":{"rendered":"<div id=\"page\">\n<div id=\"main\">\n<div id=\"content\" class=\"column\" role=\"main\">\n<h1 class=\"breadcrumb\" role=\"navigation\">\u00c9oliennes en baie de Saint-Brieuc :<br \/>\nun sabordage d&rsquo;\u00c9tat et un pont d&rsquo;or au dumping social<\/h1>\n<div class=\"ds-1col node node-article node-rubrique-social-eco typearticle-enquete article-payant-img rubrique-social-eco view-mode-full clearfix\">\n<div class=\"group-zone-article field-group-div\">\n<div class=\"group-ft-header-node-article field-group-div\">\n<div class=\"field field-name-field-news-chapo\">\n<p>Sous-traitance en cascade, recours massif aux travailleurs d\u00e9tach\u00e9s et aux pavillons de complaisance, le tout sur fond d\u2019aides publiques mirobolantes&#8230; La ma\u00eetrise d\u2019\u0153uvre du parc \u00e9olien de la baie de Saint-Brieuc, confi\u00e9e par l\u2019\u00c9tat \u00e0 la multinationale espagnole Iberdrola, vire au scandale. Les pales ne tournent pas encore que l\u2019addition, d\u00e9j\u00e0, est tr\u00e8s sal\u00e9e.&nbsp;<br \/>\n<strong class=\"mot_cle\">ENQU\u00caTE<\/strong><\/p>\n<\/div>\n<div class=\"group-ft-auteur-date-media field-group-div\">\n<div class=\"field field-name-field-news-date-publication\">\n<div class=\"label-inline\" style=\"text-align: right;\">Publi\u00e9 le <span class=\"date-display-single\">Samedi 29 Octobre 2022 pour l&rsquo;Humanit\u00e9 Magazine, <\/span>Jean-Baptiste Malet<\/div>\n<\/div>\n<\/div>\n<div class=\"field field-name-field-news-image\">\n<div class=\"ds-1col file file-image file-image-jpeg view-mode-evenement_full clearfix\">\n<p><a class=\"colorbox init-colorbox-processed cboxElement\" title=\"\" href=\"https:\/\/i0.wp.com\/www.humanite.fr\/sites\/default\/files\/images\/303765.HR.jpg?ssl=1\" data-colorbox-gallery=\"gallery-file-199674--Dld6zACHR8\" data-cbox-img-attrs=\"{&quot;title&quot;: &quot;&quot;, &quot;alt&quot;: &quot;Implantation des \u00e9oliennes en baie de Saint-Brieuc au moyen du bateau \u00ab Aeolus \u00bb. Le chantier de ce projet hautement strat\u00e9gique est entach\u00e9 d'irr\u00e9gularit\u00e9s. \u00a9 Le T\u00e9l\u00e9gramme \/MAXPPP&quot;}\"><img data-recalc-dims=\"1\" loading=\"lazy\" decoding=\"async\" title=\"\" src=\"https:\/\/i0.wp.com\/www.humanite.fr\/sites\/default\/files\/styles\/1200x675_full\/public\/images\/303765.HR.jpg?resize=900%2C506&#038;ssl=1\" alt=\"Implantation des \u00e9oliennes en baie de Saint-Brieuc au moyen du bateau \u00ab Aeolus \u00bb. Le chantier de ce projet hautement strat\u00e9gique est entach\u00e9 d'irr\u00e9gularit\u00e9s. \u00a9 Le T\u00e9l\u00e9gramme \/MAXPPP\" width=\"900\" height=\"506\"><\/a><\/p>\n<div class=\"group-description field-group-div\">\n<div class=\"field field-name-field-common-description\">Implantation des \u00e9oliennes en baie de Saint-Brieuc au moyen du bateau \u00ab Aeolus \u00bb. Le chantier de ce projet hautement strat\u00e9gique est entach\u00e9 d&rsquo;irr\u00e9gularit\u00e9s. \u00a9 Le T\u00e9l\u00e9gramme \/MAXPPP<\/div>\n<\/div>\n<\/div>\n<\/div>\n<div class=\"group-texte-long field-group-div\">\n<div class=\"field field-name-qiota-widget\">&nbsp;<\/div>\n<div class=\"qiota_reserve\">\n<div class=\"field field-name-field-news-text\">\n<p class=\"TX\">Vendredi 16&nbsp;septembre 2022, vers 8\u2009h\u200930, le naufrage du \u00ab\u2009St John\u2009\u00bb, un navire battant pavillon de complaisance du Vanuatu, a \u00e9t\u00e9 \u00e9vit\u00e9 in extremis. L\u2019\u00e9quipage du bateau, victime d\u2019une voie d\u2019eau&nbsp;\u2013 un envahissement du navire par l\u2019eau \u2013 au niveau du compartiment machines, trente minutes plus t\u00f4t, avait lanc\u00e9 un appel de d\u00e9tresse, pr\u00e9par\u00e9 ses radeaux de survie et s\u2019appr\u00eatait \u00e0 \u00e9vacuer car le b\u00e2timent d\u00e9rivait dangereusement vers la pointe de la Varde (Saint-Malo, Ille-et-Vilaine).<\/p>\n<p class=\"TX\">\u00c0 son bord, cinq hommes, de trois nationalit\u00e9s. L\u2019\u00e9quipage du \u00ab\u2009St John\u2009\u00bb,\u2009 affr\u00e9t\u00e9 par la multinationale du c\u00e2ble Nexans aupr\u00e8s de son armateur n\u00e9erlandais Van Laar Maritime, travaillait sur le chantier des \u00e9oliennes offshore de la baie de Saint-Brieuc. Le navire ne se trouvait plus qu\u2019\u00e0 50 m\u00e8tres des rochers lorsque l\u2019\u00e9quipage fran\u00e7ais du remorqueur \u00ab\u2009TSM Kermor\u2009\u00bb lui a port\u00e9 secours en lui lan\u00e7ant une remorque en textile, tir\u00e9e gr\u00e2ce \u00e0 un syst\u00e8me pyrotechnique, suivi d\u2019un c\u00e2ble en acier.<\/p>\n<p class=\"TX\">Voir aussi : <a href=\"https:\/\/www.humanite.fr\/planete\/energie\/saint-nazaire-les-eoliennes-ont-le-vent-en-poupe-764790\" target=\"_blank\" rel=\"noopener\">\u00c0 Saint-Nazaire, les \u00e9oliennes ont le vent en poupe<\/a><\/p>\n<p class=\"TX\">Finalement remorqu\u00e9, l\u2019\u00e9quipage du \u00ab\u2009St John\u2009\u00bb a \u00e9t\u00e9 ramen\u00e9 sain et sauf dans le port de Saint-Malo, une heure et demie plus tard. Selon Pierre Maupoint de Vandeul, le pr\u00e9sident du syndicat des officiers de la marine marchande CFE-CGC marine, ce sauvetage \u00ab\u2009met en lumi\u00e8re le dumping social existant sur les champs \u00e9oliens\u2009\u00bb. Avec, d\u2019un c\u00f4t\u00e9, un navire battant pavillon de complaisance et sur lequel travaillent des marins \u00ab\u2009aux conditions de travail et aux salaires bien en dessous de ceux pratiqu\u00e9s sur la flotte fran\u00e7aise\u2009\u00bb.<\/p>\n<p class=\"TX\">De l\u2019autre, un armateur respectant la l\u00e9gislation et les standards sociaux fran\u00e7ais. Panama, Bahamas, Chypre, Vanuatu\u2026 sur le chantier des \u00e9oliennes de la baie de Saint-Brieuc, o\u00f9 se relaient quotidiennement des navires de toutes tailles allant du petit patrouilleur au gigantesque navire-grue, les pavillons de complaisance flottent impun\u00e9ment. Mais comment en est-on arriv\u00e9 l\u00e0\u2009?<\/p>\n<h2 class=\"IT\">Sans concertation ni d\u00e9bat public<\/h2>\n<p class=\"TX\">En 2011, le pr\u00e9sident Nicolas Sarkozy annonce son ambition de b\u00e2tir une fili\u00e8re industrielle d\u2019avenir via la cr\u00e9ation de plusieurs parcs \u00e9oliens offshore. Aucun d\u00e9bat public n\u2019a encore eu lieu, mais l\u2019\u00c9tat d\u00e9cide d\u2019octroyer au priv\u00e9 100&nbsp;km2 du domaine public maritime de la baie de Saint-Brieuc \u2013 une zone prot\u00e9g\u00e9e, r\u00e9put\u00e9e pour ses r\u00e9serves ornithologiques et sa p\u00eache bien g\u00e9r\u00e9e de coquilles Saint-Jacques.<\/p>\n<p class=\"TX\">En mai 2012, lors du lancement de ce parc, Jean-Yves Le Drian, alors pr\u00e9sident PS de la r\u00e9gion Bretagne, promet \u00e0 son tour la cr\u00e9ation d\u2019une \u00ab\u2009fili\u00e8re d\u2019excellence de l\u2019industrie bretonne\u2009\u00bb. En 2020, lors de la d\u00e9cision finale d\u2019investissement, la multinationale Iberdrola annonce que le co\u00fbt de ce chantier s\u2019\u00e9l\u00e8ve \u00e0 2,4&nbsp;milliards d\u2019euros.<\/p>\n<div class=\"relance\">\n<p class=\"TX\"><strong>L\u2019\u00c9TAT S\u2019EST ENGAG\u00c9 \u00c0 ACHETER L\u2019\u00c9LECTRICIT\u00c9 \u00c0 L\u2019\u00c9NERG\u00c9TICIEN ESPAGNOL 3 FOIS LE PRIX DU MARCH\u00c9, SUR VINGT ANS. CO\u00dbT : 4,7 MILLIARDS, SOIT 2 FOIS CELUI DE L\u2019INSTALLATION DU PARC.<\/strong><\/p>\n<\/div>\n<p class=\"TX\">Avant m\u00eame que ce parc ait \u00e9t\u00e9 install\u00e9, la multinationale espagnole l\u2019a d\u00e9j\u00e0 amorti. L\u2019\u00c9tat s\u2019est engag\u00e9 \u00e0 lui acheter l\u2019\u00e9lectricit\u00e9 produite durant vingt ans, au prix de 155&nbsp;euros le m\u00e9gawattheure (MWh). Cela repr\u00e9sente trois fois le prix actuel du march\u00e9 de l\u2019\u00e9olien offshore\u2009: en 2019, lors de l\u2019attribution du futur site de Dunkerque, la Commission de r\u00e9gulation de l\u2019\u00e9nergie (CRE) a annonc\u00e9 que le prix moyen des offres d\u00e9pos\u00e9es \u00e9tait de l\u2019ordre de 51&nbsp;euros le MWh.<\/p>\n<p class=\"TX\">Cette aide publique devrait co\u00fbter 4,7&nbsp;milliards d\u2019euros, soit pr\u00e8s de deux fois le co\u00fbt d\u2019installation de l\u2019infrastructure. Au-del\u00e0 de cette p\u00e9riode, Iberdrola revendra l\u2019\u00e9lectricit\u00e9 au prix du march\u00e9. Officiellement, cette aide publique permettrait de \u00ab\u2009financer la cr\u00e9ation d\u2019une nouvelle fili\u00e8re industrielle en France\u2009\u00bb, ainsi que la cr\u00e9ation \u00ab\u2009d\u2019emplois locaux \u00e0 Brest\u2009\u00bb. Qu\u2019en est-il dans les faits\u2009? L\u2019histoire d\u2019un ouvrier espagnol venu travailler \u00e0 Brest le raconte mieux qu\u2019un long discours.<\/p>\n<h2 class=\"IT\">Emploi local : 4 embauches en alternance<\/h2>\n<p class=\"TX\">Quand Pablo (1), soudeur espagnol, signe en mai 2021 \u00e0 Cadix (Andalousie) une promesse d\u2019embauche pour un emploi \u00e0 Brest (Finist\u00e8re), son employeur lui promet un meilleur salaire qu\u2019en Espagne, un logement gratuit, et le pr\u00eat d\u2019une automobile. En travaillant dur et en mettant sa vie entre parenth\u00e8ses, Pablo esp\u00e8re \u00e9conomiser plusieurs milliers d\u2019euros. Il embarque dans un autocar aux c\u00f4t\u00e9s d\u2019ouvriers espagnols.<\/p>\n<p class=\"TX\">\u00c0 son arriv\u00e9e \u00e0 Brest dans l\u2019usine Nervi\u00f3n \u2013 un sous-traitant de la multinationale espagnole Iberdrola qui, via sa filiale Ailes Marines, met en \u0153uvre le parc \u00e9olien offshore de la baie de Saint-Brieuc \u2013, Pablo paraphe un contrat de travail fran\u00e7ais, non traduit, qu\u2019il ne comprend pas. \u00ab\u2009Ce n\u2019est qu\u2019apr\u00e8s plusieurs mois de travail que j\u2019ai compris que j\u2019avais sign\u00e9 un CDI\u2009\u00bb, raconte-t-il. \u00ab\u2009Dans l\u2019usine, nos chefs pr\u00e9tendaient que ce n\u2019\u00e9tait qu\u2019un CDD, mais ils mentaient.\u2009\u00bb<\/p>\n<p class=\"TX\">Voir aussi :&nbsp;<a href=\"https:\/\/www.humanite.fr\/planete\/eoliennes\/dans-la-baie-de-saint-brieuc-la-peche-refuse-de-sechouer-dans-les-pales-723107\" target=\"_blank\" rel=\"noopener\">Dans la baie de Saint-Brieuc, la p\u00eache refuse de s\u2019\u00e9chouer dans les pales<\/a><\/p>\n<p class=\"TX\">Install\u00e9e sur le polder de Brest, un site industriel d\u00e9di\u00e9 aux \u00e9nergies marines renouvelables (EMR) enti\u00e8rement am\u00e9nag\u00e9 par la r\u00e9gion Bretagne gr\u00e2ce \u00e0 un investissement de 220&nbsp;millions d\u2019euros, l\u2019usine Nervi\u00f3n embauche \u00e0 cette p\u00e9riode 180 travailleurs, en majorit\u00e9 espagnols ou portugais, parmi lesquels 90 soudeurs. \u00c0 l\u2019exception de quatre Fran\u00e7ais embauch\u00e9s en alternance, tous sont \u00e9trangers.<\/p>\n<p class=\"TX\">L\u00e0, v\u00eatus d\u2019une tenue de travail jaune r\u00e9fl\u00e9chissante, de gants, d\u2019une cagoule ignifug\u00e9e leur prot\u00e9geant les \u00e9paules et la t\u00eate couverte de leur casque, Pablo et ses coll\u00e8gues soudent, \u00e0 partir de grands tubes en acier import\u00e9s de Cor\u00e9e du Sud, des \u00e9l\u00e9ments de fondations d\u2019\u00e9oliennes de type \u00ab\u2009jackets\u2009\u00bb.<\/p>\n<p class=\"TX\">Durant plus d\u2019un an, cette usine \u00ab\u2009bretonne\u2009\u00bb produit plus de 1\u2009400 pi\u00e8ces, puis les exp\u00e9die \u00e0 Fene, en Galice, o\u00f9 elles sont assembl\u00e9es en 34 tours en treillis de 74 m\u00e8tres de haut pesant 1\u2009175 tonnes. Pendant ce temps, 30 autres fondations m\u00e9talliques sont int\u00e9gralement construites en Espagne.<\/p>\n<div class=\"relance\">\n<p class=\"TX\"><img loading=\"lazy\" decoding=\"async\" title=\"Icon Quote\" src=\"https:\/\/www.humanite.fr\/sites\/all\/themes\/jaures\/images\/icon_ckeditor\/quote.svg\" alt=\"Icon Quote\" width=\"24\" height=\"22\">DES SALARI\u00c9S \u00c9TRANGERS ONT \u00c9T\u00c9 EMBAUCH\u00c9S EN CDI SOUS CONTRAT DE DROIT FRAN\u00c7AIS PUIS POUSS\u00c9S VERS LA SORTIE. UNE FA\u00c7ON D\u2019OBTENIR UN MAXIMUM D\u2019AIDES PUBLIQUES ?<\/p>\n<\/div>\n<p class=\"TX\">La destination finale de ces pieds d\u2019\u00e9oliennes\u2009? La baie de Saint-Brieuc, en France, o\u00f9 elles sont en cours d\u2019installation. Une fois immerg\u00e9es en mer sur une hauteur de 29 \u00e0 42 m\u00e8tres \u00e0 l\u2019aide d\u2019un navire-grue battant pavillon des Bahamas \u2013 le \u00ab\u2009Saipem 7\u2009000\u2009\u00bb \u2013, ces fondations m\u00e9talliques seront ancr\u00e9es par des pieux for\u00e9s dans les fonds marins.<\/p>\n<p class=\"TX\">En 2023, ils soutiendront une centrale \u00e9lectrique et 62 \u00e9oliennes titanesques de 8 m\u00e9gawatts, hautes de 207&nbsp;m\u00e8tres \u2013 l\u2019\u00e9quivalent de la tour Montparnasse. Seuls les \u00e9l\u00e9ments de la moiti\u00e9 de ces fondations m\u00e9talliques auront \u00e9t\u00e9 produits en Bretagne, gr\u00e2ce \u00e0 de la main-d\u2019\u0153uvre \u00e9trang\u00e8re.<\/p>\n<p><a href=\"https:\/\/i0.wp.com\/www.gastonballiot.fr\/wp-content\/uploads\/2022\/11\/eoliennes_parcSB.png?ssl=1\"><img data-recalc-dims=\"1\" loading=\"lazy\" decoding=\"async\" data-attachment-id=\"10858\" data-permalink=\"https:\/\/www.gastonballiot.fr\/?attachment_id=10858#main\" data-orig-file=\"https:\/\/i0.wp.com\/www.gastonballiot.fr\/wp-content\/uploads\/2022\/11\/eoliennes_parcSB.png?fit=637%2C415&amp;ssl=1\" data-orig-size=\"637,415\" data-comments-opened=\"1\" data-image-meta=\"{&quot;aperture&quot;:&quot;0&quot;,&quot;credit&quot;:&quot;&quot;,&quot;camera&quot;:&quot;&quot;,&quot;caption&quot;:&quot;&quot;,&quot;created_timestamp&quot;:&quot;0&quot;,&quot;copyright&quot;:&quot;&quot;,&quot;focal_length&quot;:&quot;0&quot;,&quot;iso&quot;:&quot;0&quot;,&quot;shutter_speed&quot;:&quot;0&quot;,&quot;title&quot;:&quot;&quot;,&quot;orientation&quot;:&quot;0&quot;}\" data-image-title=\"eoliennes_parcSB\" data-image-description=\"\" data-image-caption=\"\" data-medium-file=\"https:\/\/i0.wp.com\/www.gastonballiot.fr\/wp-content\/uploads\/2022\/11\/eoliennes_parcSB.png?fit=300%2C195&amp;ssl=1\" data-large-file=\"https:\/\/i0.wp.com\/www.gastonballiot.fr\/wp-content\/uploads\/2022\/11\/eoliennes_parcSB.png?fit=637%2C415&amp;ssl=1\" class=\"aligncenter size-full wp-image-10858\" src=\"https:\/\/i0.wp.com\/www.gastonballiot.fr\/wp-content\/uploads\/2022\/11\/eoliennes_parcSB.png?resize=637%2C415&#038;ssl=1\" alt=\"\" width=\"637\" height=\"415\" srcset=\"https:\/\/i0.wp.com\/www.gastonballiot.fr\/wp-content\/uploads\/2022\/11\/eoliennes_parcSB.png?w=637&amp;ssl=1 637w, https:\/\/i0.wp.com\/www.gastonballiot.fr\/wp-content\/uploads\/2022\/11\/eoliennes_parcSB.png?resize=300%2C195&amp;ssl=1 300w\" sizes=\"auto, (max-width: 637px) 100vw, 637px\" \/><\/a><\/p>\n<h2 class=\"IT\">Pressions et d\u00e9missions \u00ab\u2009volontaires\u2009\u00bb<\/h2>\n<p class=\"TX\">En ce 21&nbsp;f\u00e9vrier 2022, alors qu\u2019il travaille depuis neuf mois dans l\u2019usine Nervi\u00f3n de Brest, le soudeur est convoqu\u00e9 par ses employeurs. \u00ab\u2009Pablo, tu vas bient\u00f4t changer de contrat et rentrer en Espagne car le travail \u00e0 Brest sera bient\u00f4t termin\u00e9, d\u00e9bute le charg\u00e9 de recrutement. Voici la lettre que tu dois signer pour continuer \u00e0 travailler avec nous.\u2009\u00bb Circonspect, Pablo examine le document.<\/p>\n<p class=\"TX\">Il le lit sans le comprendre car il est r\u00e9dig\u00e9 en fran\u00e7ais et non traduit. \u00ab\u2009Objet\u2009: d\u00e9mission. Monsieur, je vous informe par la pr\u00e9sente de ma d\u00e9cision de d\u00e9missionner de mon poste de\u2026 que j\u2019occupe depuis le\u2026 au sein de la soci\u00e9t\u00e9 Nervi\u00f3n Offshore de Brest. Mon contrat de travail pr\u00e9voit un d\u00e9lai de pr\u00e9venance de 48&nbsp;heures, que je ne souhaite pas respecter, ma d\u00e9mission prendra donc effet le\u2026 \u00e0 la fin de ma journ\u00e9e de travail. Je reconnais que cette d\u00e9mission ne donne lieu \u00e0 aucune indemnit\u00e9.\u2009\u00bb<\/p>\n<p class=\"TX\">\u00ab\u2009Qu\u2019est-ce que c\u2019est que \u00e7a\u2009?\u2009\u00bb, demande Pablo. \u00ab\u2009Tu inscris ton nom ici et tu signes l\u00e0\u2009\u00bb, lui r\u00e9pond s\u00e8chement son employeur. Flairant le pi\u00e8ge, Pablo demande un d\u00e9lai de r\u00e9flexion. Il rapporte la lettre chez lui, dans l\u2019appartement qu\u2019il occupe avec d\u2019autres soudeurs. Alors que la plupart de ses coll\u00e8gues acceptent de signer cette \u00ab\u2009d\u00e9mission volontaire\u2009\u00bb, Pablo s\u2019y refuse. Aupr\u00e8s de ses chefs, il soutient qu\u2019en tant que salari\u00e9 en CDI, le droit du travail fran\u00e7ais lui donne droit \u00e0 une indemnit\u00e9 de fin de contrat.<\/p>\n<p class=\"TX\">Les semaines suivantes, il fait l\u2019objet de pressions. En mars 2022, ses chefs l\u2019expulsent de son logement gratuit, puis le privent de son v\u00e9hicule. \u00ab\u2009Heureusement, je connaissais un \u00e9tudiant&nbsp;\u00e0 Brest. Je suis devenu son colocataire du jour au lendemain\u2009\u00bb, raconte-t-il. Le temps d\u2019un week-end, Pablo fait l\u2019aller-retour en Espagne afin de rapporter son v\u00e9hicule personnel en Bretagne. La situation s\u2019envenime avec ses patrons, qui lui d\u00e9clarent qu\u2019il aurait \u00e9t\u00e9 licenci\u00e9 sans lui fournir des \u00e9l\u00e9ments de preuve.<\/p>\n<p class=\"TX\">Pablo se rend finalement \u00e0 l\u2019union locale de la CGT, \u00e0 Brest. Alors que le chantier de Nervi\u00f3n est pratiquement achev\u00e9, le syndicat l\u2019aide \u00e0 organiser des \u00e9lections professionnelles symboliques dans l\u2019entreprise. Ce bras de fer permet \u00e0 la CGT d\u2019obtenir une indemnit\u00e9 de d\u00e9part pour Pablo.<\/p>\n<p class=\"TX\">Contact\u00e9e, l\u2019entreprise Nervi\u00f3n n\u2019a pas accept\u00e9 de nous expliquer pour quelles raisons ses ouvriers \u00e9trangers ont tous sign\u00e9 un CDI fran\u00e7ais, ni pourquoi ces travailleurs ont d\u00e9missionn\u00e9 \u00ab\u2009volontairement\u2009\u00bb, une fois le chantier achev\u00e9. S\u2019agissait-il d\u2019un stratag\u00e8me pour toucher des aides publiques\u2009? D\u2019une exigence d\u2019Iberdrola\u2009? Ces questions restent sans r\u00e9ponse car les entreprises Nervi\u00f3n et Iberdrola n\u2019ont pas r\u00e9pondu pr\u00e9cis\u00e9ment aux sollicitations de&nbsp;<em>l\u2019Humanit\u00e9 magazine.<\/em><\/p>\n<div class=\"footnotes\"><em>(1) Le pr\u00e9nom a \u00e9t\u00e9 chang\u00e9.<\/em><\/div>\n<\/div>\n<\/div>\n<h3 class=\"group-link-bas field-group-div\" style=\"text-align: center;\"><a href=\"https:\/\/www.gastonballiot.fr\/wp-content\/uploads\/2022\/11\/EolienEnMerHumaMag27oct22.pdf\" target=\"_blank\" rel=\"noopener\">Le texte de l&rsquo;Humanit\u00e9 Magazine en pdf<\/a><\/h3>\n<hr>\n<\/div>\n<\/div>\n<\/div>\n<\/div>\n<\/div>\n<\/div>\n<div class=\"region region-bottom\">\n<div id=\"block-block-71\" class=\"block block-block first odd\">\n<div class=\"block-wrapper\">\n<div class=\"scrollBar1\">&nbsp;<\/div>\n<\/div>\n<\/div>\n<div id=\"block-ft-common-progress-bar\" class=\"block block-ft-common even\">\n<div class=\"block-wrapper\">\n<div class=\"progress_bar\"><em>Toute cette situation est la cons\u00e9quence de la lib\u00e9ralisation sauvage du secteur de l&rsquo;\u00e9nergie organis\u00e9e conjointement par nos gouvernements successifs et par l&rsquo;Union europ\u00e9enne. Des soci\u00e9t\u00e9s priv\u00e9es sans scrupule se partagent le g\u00e2teau au d\u00e9triment de l&rsquo;\u00e9conomie et du social. Plus que jamais il est temps de populariser la proposition du Parti Communiste d&rsquo;<strong>un grand p\u00f4le public de l&rsquo;\u00e9nergie !<\/strong><\/em><\/div>\n<div class=\"percentage\" style=\"text-align: center;\"><a href=\"https:\/\/www.gastonballiot.fr\/energie-sortir-du-dogme-liberal-de-lue-et-de-nos-gouvernements-successifs\/\" target=\"_blank\" rel=\"noopener\">https:\/\/www.gastonballiot.fr\/energie-sortir-du-dogme-liberal-de-lue-et-de-nos-gouvernements-successifs\/<\/a><\/div>\n<div>&nbsp;<\/div>\n<div><a href=\"https:\/\/i0.wp.com\/www.gastonballiot.fr\/wp-content\/uploads\/2022\/11\/StopLiberalisationEnergie.jpg?ssl=1\"><img data-recalc-dims=\"1\" loading=\"lazy\" decoding=\"async\" data-attachment-id=\"10867\" data-permalink=\"https:\/\/www.gastonballiot.fr\/?attachment_id=10867#main\" data-orig-file=\"https:\/\/i0.wp.com\/www.gastonballiot.fr\/wp-content\/uploads\/2022\/11\/StopLiberalisationEnergie.jpg?fit=960%2C621&amp;ssl=1\" data-orig-size=\"960,621\" data-comments-opened=\"1\" data-image-meta=\"{&quot;aperture&quot;:&quot;0&quot;,&quot;credit&quot;:&quot;&quot;,&quot;camera&quot;:&quot;&quot;,&quot;caption&quot;:&quot;&quot;,&quot;created_timestamp&quot;:&quot;0&quot;,&quot;copyright&quot;:&quot;&quot;,&quot;focal_length&quot;:&quot;0&quot;,&quot;iso&quot;:&quot;0&quot;,&quot;shutter_speed&quot;:&quot;0&quot;,&quot;title&quot;:&quot;&quot;,&quot;orientation&quot;:&quot;0&quot;}\" data-image-title=\"StopLiberalisationEnergie\" data-image-description=\"\" data-image-caption=\"\" data-medium-file=\"https:\/\/i0.wp.com\/www.gastonballiot.fr\/wp-content\/uploads\/2022\/11\/StopLiberalisationEnergie.jpg?fit=300%2C194&amp;ssl=1\" data-large-file=\"https:\/\/i0.wp.com\/www.gastonballiot.fr\/wp-content\/uploads\/2022\/11\/StopLiberalisationEnergie.jpg?fit=960%2C621&amp;ssl=1\" class=\"aligncenter wp-image-10867 size-medium\" src=\"https:\/\/i0.wp.com\/www.gastonballiot.fr\/wp-content\/uploads\/2022\/11\/StopLiberalisationEnergie.jpg?resize=300%2C194&#038;ssl=1\" alt=\"\" width=\"300\" height=\"194\" srcset=\"https:\/\/i0.wp.com\/www.gastonballiot.fr\/wp-content\/uploads\/2022\/11\/StopLiberalisationEnergie.jpg?resize=300%2C194&amp;ssl=1 300w, https:\/\/i0.wp.com\/www.gastonballiot.fr\/wp-content\/uploads\/2022\/11\/StopLiberalisationEnergie.jpg?resize=768%2C497&amp;ssl=1 768w, https:\/\/i0.wp.com\/www.gastonballiot.fr\/wp-content\/uploads\/2022\/11\/StopLiberalisationEnergie.jpg?w=960&amp;ssl=1 960w\" sizes=\"auto, (max-width: 300px) 100vw, 300px\" \/><\/a><\/div>\n<\/div>\n<\/div>\n<\/div>\n<\/div>\n","protected":false},"excerpt":{"rendered":"<p>\u00c9oliennes en baie de Saint-Brieuc : un sabordage d&rsquo;\u00c9tat et un pont d&rsquo;or au dumping social Sous-traitance en cascade, recours massif aux travailleurs d\u00e9tach\u00e9s et aux pavillons de complaisance, le tout sur fond d\u2019aides publiques mirobolantes&#8230; La ma\u00eetrise d\u2019\u0153uvre du parc \u00e9olien de la baie de Saint-Brieuc, confi\u00e9e par l\u2019\u00c9tat \u00e0 la multinationale espagnole Iberdrola, vire au scandale. Les pales ne tournent pas encore que l\u2019addition, d\u00e9j\u00e0, est tr\u00e8s sal\u00e9e.&nbsp; ENQU\u00caTE Publi\u00e9 le Samedi 29 Octobre 2022 pour l&rsquo;Humanit\u00e9 Magazine, Jean-Baptiste &#8230; <a title=\"\u00c9oliennes en mer, au vent mauvais du dumping social\" class=\"read-more\" href=\"https:\/\/www.gastonballiot.fr\/?p=10854\" aria-label=\"Plus sur \u00c9oliennes en mer, au vent mauvais du dumping social\">Lire la suite&#8230;<\/a><\/p>\n","protected":false},"author":1,"featured_media":10858,"comment_status":"open","ping_status":"closed","sticky":false,"template":"","format":"standard","meta":{"ngg_post_thumbnail":0,"jetpack_post_was_ever_published":false,"_jetpack_newsletter_access":"","_jetpack_dont_email_post_to_subs":false,"_jetpack_newsletter_tier_id":0,"_jetpack_memberships_contains_paywalled_content":false,"_jetpack_memberships_contains_paid_content":false,"footnotes":"","jetpack_publicize_message":"","jetpack_publicize_feature_enabled":true,"jetpack_social_post_already_shared":true,"jetpack_social_options":{"image_generator_settings":{"template":"highway","enabled":false},"version":2}},"categories":[2,6,361,7,16],"tags":[533,564],"class_list":["post-10854","post","type-post","status-publish","format-standard","has-post-thumbnail","hentry","category-a-la-une","category-economie","category-energie","category-environnement","category-social","tag-eolien","tag-st-brieuc","infinite-scroll-item","masonry-post","generate-columns","tablet-grid-50","mobile-grid-100","grid-parent","grid-33"],"jetpack_publicize_connections":[],"yoast_head":"<!-- This site is optimized with the Yoast SEO plugin v27.5 - https:\/\/yoast.com\/product\/yoast-seo-wordpress\/ -->\n<title>\u00c9oliennes en mer, au vent mauvais du dumping social - Le blog politique de Gaston<\/title>\n<meta name=\"robots\" content=\"index, follow, max-snippet:-1, max-image-preview:large, max-video-preview:-1\" \/>\n<link rel=\"canonical\" href=\"https:\/\/www.gastonballiot.fr\/?p=10854\" \/>\n<meta property=\"og:locale\" content=\"fr_FR\" \/>\n<meta property=\"og:type\" content=\"article\" \/>\n<meta property=\"og:title\" content=\"\u00c9oliennes en mer, au vent mauvais du dumping social - Le blog politique de Gaston\" \/>\n<meta property=\"og:description\" content=\"\u00c9oliennes en baie de Saint-Brieuc : un sabordage d&rsquo;\u00c9tat et un pont d&rsquo;or au dumping social Sous-traitance en cascade, recours massif aux travailleurs d\u00e9tach\u00e9s et aux pavillons de complaisance, le tout sur fond d\u2019aides publiques mirobolantes&#8230; La ma\u00eetrise d\u2019\u0153uvre du parc \u00e9olien de la baie de Saint-Brieuc, confi\u00e9e par l\u2019\u00c9tat \u00e0 la multinationale espagnole Iberdrola, vire au scandale. Les pales ne tournent pas encore que l\u2019addition, d\u00e9j\u00e0, est tr\u00e8s sal\u00e9e.&nbsp; ENQU\u00caTE Publi\u00e9 le Samedi 29 Octobre 2022 pour l&rsquo;Humanit\u00e9 Magazine, Jean-Baptiste ... Lire la suite...\" \/>\n<meta property=\"og:url\" content=\"https:\/\/www.gastonballiot.fr\/?p=10854\" \/>\n<meta property=\"og:site_name\" content=\"Le blog politique de Gaston\" \/>\n<meta property=\"article:publisher\" content=\"https:\/\/www.facebook.com\/gaston.balliot\/\" \/>\n<meta property=\"article:author\" content=\"https:\/\/www.facebook.com\/gaston.balliot\/\" \/>\n<meta property=\"article:published_time\" content=\"2022-11-02T09:17:35+00:00\" \/>\n<meta property=\"article:modified_time\" content=\"2022-11-03T07:50:38+00:00\" \/>\n<meta property=\"og:image\" content=\"https:\/\/www.gastonballiot.fr\/wp-content\/uploads\/2022\/11\/eoliennes_parcSB.png\" \/>\n\t<meta property=\"og:image:width\" content=\"637\" \/>\n\t<meta property=\"og:image:height\" content=\"415\" \/>\n\t<meta property=\"og:image:type\" content=\"image\/png\" \/>\n<meta name=\"author\" content=\"gb\" \/>\n<meta name=\"twitter:card\" content=\"summary_large_image\" \/>\n<meta name=\"twitter:label1\" content=\"\u00c9crit par\" \/>\n\t<meta name=\"twitter:data1\" content=\"gb\" \/>\n\t<meta name=\"twitter:label2\" content=\"Dur\u00e9e de lecture estim\u00e9e\" \/>\n\t<meta name=\"twitter:data2\" content=\"10 minutes\" \/>\n<script type=\"application\/ld+json\" class=\"yoast-schema-graph\">{\"@context\":\"https:\\\/\\\/schema.org\",\"@graph\":[{\"@type\":\"Article\",\"@id\":\"https:\\\/\\\/www.gastonballiot.fr\\\/?p=10854#article\",\"isPartOf\":{\"@id\":\"https:\\\/\\\/www.gastonballiot.fr\\\/?p=10854\"},\"author\":{\"name\":\"gb\",\"@id\":\"https:\\\/\\\/www.gastonballiot.fr\\\/#\\\/schema\\\/person\\\/244a5e02696abd8a65c5b1bebdb948ca\"},\"headline\":\"\u00c9oliennes en mer, au vent mauvais du dumping social\",\"datePublished\":\"2022-11-02T09:17:35+00:00\",\"dateModified\":\"2022-11-03T07:50:38+00:00\",\"mainEntityOfPage\":{\"@id\":\"https:\\\/\\\/www.gastonballiot.fr\\\/?p=10854\"},\"wordCount\":1914,\"commentCount\":0,\"publisher\":{\"@id\":\"https:\\\/\\\/www.gastonballiot.fr\\\/#\\\/schema\\\/person\\\/244a5e02696abd8a65c5b1bebdb948ca\"},\"image\":{\"@id\":\"https:\\\/\\\/www.gastonballiot.fr\\\/?p=10854#primaryimage\"},\"thumbnailUrl\":\"https:\\\/\\\/i0.wp.com\\\/www.gastonballiot.fr\\\/wp-content\\\/uploads\\\/2022\\\/11\\\/eoliennes_parcSB.png?fit=637%2C415&ssl=1\",\"keywords\":[\"\u00e9olien\",\"St Brieuc\"],\"articleSection\":[\"A la une\",\"Economie\",\"Energie\",\"Environnement\",\"Social\"],\"inLanguage\":\"fr-FR\",\"potentialAction\":[{\"@type\":\"CommentAction\",\"name\":\"Comment\",\"target\":[\"https:\\\/\\\/www.gastonballiot.fr\\\/?p=10854#respond\"]}]},{\"@type\":\"WebPage\",\"@id\":\"https:\\\/\\\/www.gastonballiot.fr\\\/?p=10854\",\"url\":\"https:\\\/\\\/www.gastonballiot.fr\\\/?p=10854\",\"name\":\"\u00c9oliennes en mer, au vent mauvais du dumping social - Le blog politique de Gaston\",\"isPartOf\":{\"@id\":\"https:\\\/\\\/www.gastonballiot.fr\\\/#website\"},\"primaryImageOfPage\":{\"@id\":\"https:\\\/\\\/www.gastonballiot.fr\\\/?p=10854#primaryimage\"},\"image\":{\"@id\":\"https:\\\/\\\/www.gastonballiot.fr\\\/?p=10854#primaryimage\"},\"thumbnailUrl\":\"https:\\\/\\\/i0.wp.com\\\/www.gastonballiot.fr\\\/wp-content\\\/uploads\\\/2022\\\/11\\\/eoliennes_parcSB.png?fit=637%2C415&ssl=1\",\"datePublished\":\"2022-11-02T09:17:35+00:00\",\"dateModified\":\"2022-11-03T07:50:38+00:00\",\"breadcrumb\":{\"@id\":\"https:\\\/\\\/www.gastonballiot.fr\\\/?p=10854#breadcrumb\"},\"inLanguage\":\"fr-FR\",\"potentialAction\":[{\"@type\":\"ReadAction\",\"target\":[\"https:\\\/\\\/www.gastonballiot.fr\\\/?p=10854\"]}]},{\"@type\":\"ImageObject\",\"inLanguage\":\"fr-FR\",\"@id\":\"https:\\\/\\\/www.gastonballiot.fr\\\/?p=10854#primaryimage\",\"url\":\"https:\\\/\\\/i0.wp.com\\\/www.gastonballiot.fr\\\/wp-content\\\/uploads\\\/2022\\\/11\\\/eoliennes_parcSB.png?fit=637%2C415&ssl=1\",\"contentUrl\":\"https:\\\/\\\/i0.wp.com\\\/www.gastonballiot.fr\\\/wp-content\\\/uploads\\\/2022\\\/11\\\/eoliennes_parcSB.png?fit=637%2C415&ssl=1\",\"width\":637,\"height\":415},{\"@type\":\"BreadcrumbList\",\"@id\":\"https:\\\/\\\/www.gastonballiot.fr\\\/?p=10854#breadcrumb\",\"itemListElement\":[{\"@type\":\"ListItem\",\"position\":1,\"name\":\"Accueil\",\"item\":\"https:\\\/\\\/www.gastonballiot.fr\\\/\"},{\"@type\":\"ListItem\",\"position\":2,\"name\":\"\u00c9oliennes en mer, au vent mauvais du dumping social\"}]},{\"@type\":\"WebSite\",\"@id\":\"https:\\\/\\\/www.gastonballiot.fr\\\/#website\",\"url\":\"https:\\\/\\\/www.gastonballiot.fr\\\/\",\"name\":\"Le blog politique de Gaston\",\"description\":\"L&#039;humain d&#039;abord, pas la finance !\",\"publisher\":{\"@id\":\"https:\\\/\\\/www.gastonballiot.fr\\\/#\\\/schema\\\/person\\\/244a5e02696abd8a65c5b1bebdb948ca\"},\"potentialAction\":[{\"@type\":\"SearchAction\",\"target\":{\"@type\":\"EntryPoint\",\"urlTemplate\":\"https:\\\/\\\/www.gastonballiot.fr\\\/?s={search_term_string}\"},\"query-input\":{\"@type\":\"PropertyValueSpecification\",\"valueRequired\":true,\"valueName\":\"search_term_string\"}}],\"inLanguage\":\"fr-FR\"},{\"@type\":[\"Person\",\"Organization\"],\"@id\":\"https:\\\/\\\/www.gastonballiot.fr\\\/#\\\/schema\\\/person\\\/244a5e02696abd8a65c5b1bebdb948ca\",\"name\":\"gb\",\"image\":{\"@type\":\"ImageObject\",\"inLanguage\":\"fr-FR\",\"@id\":\"https:\\\/\\\/i0.wp.com\\\/www.gastonballiot.fr\\\/wp-content\\\/uploads\\\/2017\\\/04\\\/cropped-Marianne-drapeau-rouge.gif?fit=512%2C512&ssl=1\",\"url\":\"https:\\\/\\\/i0.wp.com\\\/www.gastonballiot.fr\\\/wp-content\\\/uploads\\\/2017\\\/04\\\/cropped-Marianne-drapeau-rouge.gif?fit=512%2C512&ssl=1\",\"contentUrl\":\"https:\\\/\\\/i0.wp.com\\\/www.gastonballiot.fr\\\/wp-content\\\/uploads\\\/2017\\\/04\\\/cropped-Marianne-drapeau-rouge.gif?fit=512%2C512&ssl=1\",\"width\":512,\"height\":512,\"caption\":\"gb\"},\"logo\":{\"@id\":\"https:\\\/\\\/i0.wp.com\\\/www.gastonballiot.fr\\\/wp-content\\\/uploads\\\/2017\\\/04\\\/cropped-Marianne-drapeau-rouge.gif?fit=512%2C512&ssl=1\"},\"description\":\"Gaston Balliot, militant du Front de Gauche en pays bigouden - Pont L'Abb\u00e9 - Loctudy - Guilvinec - Penmarc'h - Ile Tudy - Combrit Ste Marine - Tr\u00e9meoc - Plon\u00e9our, p\u00eache tourisme\",\"sameAs\":[\"https:\\\/\\\/www.facebook.com\\\/gaston.balliot\\\/\"]}]}<\/script>\n<!-- \/ Yoast SEO plugin. -->","yoast_head_json":{"title":"\u00c9oliennes en mer, au vent mauvais du dumping social - Le blog politique de Gaston","robots":{"index":"index","follow":"follow","max-snippet":"max-snippet:-1","max-image-preview":"max-image-preview:large","max-video-preview":"max-video-preview:-1"},"canonical":"https:\/\/www.gastonballiot.fr\/?p=10854","og_locale":"fr_FR","og_type":"article","og_title":"\u00c9oliennes en mer, au vent mauvais du dumping social - Le blog politique de Gaston","og_description":"\u00c9oliennes en baie de Saint-Brieuc : un sabordage d&rsquo;\u00c9tat et un pont d&rsquo;or au dumping social Sous-traitance en cascade, recours massif aux travailleurs d\u00e9tach\u00e9s et aux pavillons de complaisance, le tout sur fond d\u2019aides publiques mirobolantes&#8230; La ma\u00eetrise d\u2019\u0153uvre du parc \u00e9olien de la baie de Saint-Brieuc, confi\u00e9e par l\u2019\u00c9tat \u00e0 la multinationale espagnole Iberdrola, vire au scandale. Les pales ne tournent pas encore que l\u2019addition, d\u00e9j\u00e0, est tr\u00e8s sal\u00e9e.&nbsp; ENQU\u00caTE Publi\u00e9 le Samedi 29 Octobre 2022 pour l&rsquo;Humanit\u00e9 Magazine, Jean-Baptiste ... Lire la suite...","og_url":"https:\/\/www.gastonballiot.fr\/?p=10854","og_site_name":"Le blog politique de Gaston","article_publisher":"https:\/\/www.facebook.com\/gaston.balliot\/","article_author":"https:\/\/www.facebook.com\/gaston.balliot\/","article_published_time":"2022-11-02T09:17:35+00:00","article_modified_time":"2022-11-03T07:50:38+00:00","og_image":[{"width":637,"height":415,"url":"https:\/\/www.gastonballiot.fr\/wp-content\/uploads\/2022\/11\/eoliennes_parcSB.png","type":"image\/png"}],"author":"gb","twitter_card":"summary_large_image","twitter_misc":{"\u00c9crit par":"gb","Dur\u00e9e de lecture estim\u00e9e":"10 minutes"},"schema":{"@context":"https:\/\/schema.org","@graph":[{"@type":"Article","@id":"https:\/\/www.gastonballiot.fr\/?p=10854#article","isPartOf":{"@id":"https:\/\/www.gastonballiot.fr\/?p=10854"},"author":{"name":"gb","@id":"https:\/\/www.gastonballiot.fr\/#\/schema\/person\/244a5e02696abd8a65c5b1bebdb948ca"},"headline":"\u00c9oliennes en mer, au vent mauvais du dumping social","datePublished":"2022-11-02T09:17:35+00:00","dateModified":"2022-11-03T07:50:38+00:00","mainEntityOfPage":{"@id":"https:\/\/www.gastonballiot.fr\/?p=10854"},"wordCount":1914,"commentCount":0,"publisher":{"@id":"https:\/\/www.gastonballiot.fr\/#\/schema\/person\/244a5e02696abd8a65c5b1bebdb948ca"},"image":{"@id":"https:\/\/www.gastonballiot.fr\/?p=10854#primaryimage"},"thumbnailUrl":"https:\/\/i0.wp.com\/www.gastonballiot.fr\/wp-content\/uploads\/2022\/11\/eoliennes_parcSB.png?fit=637%2C415&ssl=1","keywords":["\u00e9olien","St Brieuc"],"articleSection":["A la une","Economie","Energie","Environnement","Social"],"inLanguage":"fr-FR","potentialAction":[{"@type":"CommentAction","name":"Comment","target":["https:\/\/www.gastonballiot.fr\/?p=10854#respond"]}]},{"@type":"WebPage","@id":"https:\/\/www.gastonballiot.fr\/?p=10854","url":"https:\/\/www.gastonballiot.fr\/?p=10854","name":"\u00c9oliennes en mer, au vent mauvais du dumping social - Le blog politique de Gaston","isPartOf":{"@id":"https:\/\/www.gastonballiot.fr\/#website"},"primaryImageOfPage":{"@id":"https:\/\/www.gastonballiot.fr\/?p=10854#primaryimage"},"image":{"@id":"https:\/\/www.gastonballiot.fr\/?p=10854#primaryimage"},"thumbnailUrl":"https:\/\/i0.wp.com\/www.gastonballiot.fr\/wp-content\/uploads\/2022\/11\/eoliennes_parcSB.png?fit=637%2C415&ssl=1","datePublished":"2022-11-02T09:17:35+00:00","dateModified":"2022-11-03T07:50:38+00:00","breadcrumb":{"@id":"https:\/\/www.gastonballiot.fr\/?p=10854#breadcrumb"},"inLanguage":"fr-FR","potentialAction":[{"@type":"ReadAction","target":["https:\/\/www.gastonballiot.fr\/?p=10854"]}]},{"@type":"ImageObject","inLanguage":"fr-FR","@id":"https:\/\/www.gastonballiot.fr\/?p=10854#primaryimage","url":"https:\/\/i0.wp.com\/www.gastonballiot.fr\/wp-content\/uploads\/2022\/11\/eoliennes_parcSB.png?fit=637%2C415&ssl=1","contentUrl":"https:\/\/i0.wp.com\/www.gastonballiot.fr\/wp-content\/uploads\/2022\/11\/eoliennes_parcSB.png?fit=637%2C415&ssl=1","width":637,"height":415},{"@type":"BreadcrumbList","@id":"https:\/\/www.gastonballiot.fr\/?p=10854#breadcrumb","itemListElement":[{"@type":"ListItem","position":1,"name":"Accueil","item":"https:\/\/www.gastonballiot.fr\/"},{"@type":"ListItem","position":2,"name":"\u00c9oliennes en mer, au vent mauvais du dumping social"}]},{"@type":"WebSite","@id":"https:\/\/www.gastonballiot.fr\/#website","url":"https:\/\/www.gastonballiot.fr\/","name":"Le blog politique de Gaston","description":"L&#039;humain d&#039;abord, pas la finance !","publisher":{"@id":"https:\/\/www.gastonballiot.fr\/#\/schema\/person\/244a5e02696abd8a65c5b1bebdb948ca"},"potentialAction":[{"@type":"SearchAction","target":{"@type":"EntryPoint","urlTemplate":"https:\/\/www.gastonballiot.fr\/?s={search_term_string}"},"query-input":{"@type":"PropertyValueSpecification","valueRequired":true,"valueName":"search_term_string"}}],"inLanguage":"fr-FR"},{"@type":["Person","Organization"],"@id":"https:\/\/www.gastonballiot.fr\/#\/schema\/person\/244a5e02696abd8a65c5b1bebdb948ca","name":"gb","image":{"@type":"ImageObject","inLanguage":"fr-FR","@id":"https:\/\/i0.wp.com\/www.gastonballiot.fr\/wp-content\/uploads\/2017\/04\/cropped-Marianne-drapeau-rouge.gif?fit=512%2C512&ssl=1","url":"https:\/\/i0.wp.com\/www.gastonballiot.fr\/wp-content\/uploads\/2017\/04\/cropped-Marianne-drapeau-rouge.gif?fit=512%2C512&ssl=1","contentUrl":"https:\/\/i0.wp.com\/www.gastonballiot.fr\/wp-content\/uploads\/2017\/04\/cropped-Marianne-drapeau-rouge.gif?fit=512%2C512&ssl=1","width":512,"height":512,"caption":"gb"},"logo":{"@id":"https:\/\/i0.wp.com\/www.gastonballiot.fr\/wp-content\/uploads\/2017\/04\/cropped-Marianne-drapeau-rouge.gif?fit=512%2C512&ssl=1"},"description":"Gaston Balliot, militant du Front de Gauche en pays bigouden - Pont L'Abb\u00e9 - Loctudy - Guilvinec - Penmarc'h - Ile Tudy - Combrit Ste Marine - Tr\u00e9meoc - Plon\u00e9our, p\u00eache tourisme","sameAs":["https:\/\/www.facebook.com\/gaston.balliot\/"]}]}},"jetpack_featured_media_url":"https:\/\/i0.wp.com\/www.gastonballiot.fr\/wp-content\/uploads\/2022\/11\/eoliennes_parcSB.png?fit=637%2C415&ssl=1","jetpack_shortlink":"https:\/\/wp.me\/p5UTaD-2P4","jetpack-related-posts":[],"jetpack_likes_enabled":true,"jetpack_sharing_enabled":true,"_links":{"self":[{"href":"https:\/\/www.gastonballiot.fr\/index.php?rest_route=\/wp\/v2\/posts\/10854","targetHints":{"allow":["GET"]}}],"collection":[{"href":"https:\/\/www.gastonballiot.fr\/index.php?rest_route=\/wp\/v2\/posts"}],"about":[{"href":"https:\/\/www.gastonballiot.fr\/index.php?rest_route=\/wp\/v2\/types\/post"}],"author":[{"embeddable":true,"href":"https:\/\/www.gastonballiot.fr\/index.php?rest_route=\/wp\/v2\/users\/1"}],"replies":[{"embeddable":true,"href":"https:\/\/www.gastonballiot.fr\/index.php?rest_route=%2Fwp%2Fv2%2Fcomments&post=10854"}],"version-history":[{"count":0,"href":"https:\/\/www.gastonballiot.fr\/index.php?rest_route=\/wp\/v2\/posts\/10854\/revisions"}],"wp:featuredmedia":[{"embeddable":true,"href":"https:\/\/www.gastonballiot.fr\/index.php?rest_route=\/wp\/v2\/media\/10858"}],"wp:attachment":[{"href":"https:\/\/www.gastonballiot.fr\/index.php?rest_route=%2Fwp%2Fv2%2Fmedia&parent=10854"}],"wp:term":[{"taxonomy":"category","embeddable":true,"href":"https:\/\/www.gastonballiot.fr\/index.php?rest_route=%2Fwp%2Fv2%2Fcategories&post=10854"},{"taxonomy":"post_tag","embeddable":true,"href":"https:\/\/www.gastonballiot.fr\/index.php?rest_route=%2Fwp%2Fv2%2Ftags&post=10854"}],"curies":[{"name":"wp","href":"https:\/\/api.w.org\/{rel}","templated":true}]}}