{"id":10914,"date":"2022-12-03T11:24:48","date_gmt":"2022-12-03T10:24:48","guid":{"rendered":"https:\/\/www.gastonballiot.fr\/?p=10914"},"modified":"2023-02-15T09:53:17","modified_gmt":"2023-02-15T08:53:17","slug":"lelectricite-un-bien-commun-dans-les-mains-du-marche","status":"publish","type":"post","link":"https:\/\/www.gastonballiot.fr\/?p=10914","title":{"rendered":"L\u2019\u00e9lectricit\u00e9, un bien commun dans les mains du march\u00e9"},"content":{"rendered":"<section id=\"main\" class=\"blogs__heading-wrapper\">\n<div class=\"container\">\n<div class=\"blogs__heading grid padding-block:600\" data-content-heading=\"\">\n<div class=\"blogs__heading__center\">\n<ol>\n<li>Lu dans le courrier des lecteurs Ouest France, f\u00e9vrier 2023<\/li>\n<li>Billet de Maxime Tallant, \u00e9tudiant en journalisme.<\/li>\n<li>Intervention de Bernard Jasserand, maire adjoint de Quimper<\/li>\n<li class=\"post-title\" style=\"text-align: left;\">L&rsquo;ex Haut-Commissaire \u00e0 l&rsquo;\u00e9nergie atomique d\u00e9zingue l&rsquo;inculture stup\u00e9fiante des&nbsp;politiques<\/li>\n<li>L&rsquo;enjeu \u00e9nerg\u00e9tique, par Jean-Marc Durand, revue \u00c9conomie &amp; Politique, constat et propositions<\/li>\n<li>Absurdistan \u00e9lectrique, article du Monde Diplomatique de d\u00e9cembre 2022<\/li>\n<li>Relever le d\u00e9fi \u00e9nerg\u00e9tique, tract du PCF<\/li>\n<\/ol>\n<p style=\"text-align: center;\"><strong>**************************************<\/strong><\/p>\n<p><a href=\"https:\/\/i0.wp.com\/www.gastonballiot.fr\/wp-content\/uploads\/2022\/12\/Electricite-OF13fev23.jpg?ssl=1\"><img data-recalc-dims=\"1\" loading=\"lazy\" decoding=\"async\" data-attachment-id=\"11153\" data-permalink=\"https:\/\/www.gastonballiot.fr\/?attachment_id=11153#main\" data-orig-file=\"https:\/\/i0.wp.com\/www.gastonballiot.fr\/wp-content\/uploads\/2022\/12\/Electricite-OF13fev23.jpg?fit=591%2C923&amp;ssl=1\" data-orig-size=\"591,923\" data-comments-opened=\"1\" data-image-meta=\"{&quot;aperture&quot;:&quot;0&quot;,&quot;credit&quot;:&quot;&quot;,&quot;camera&quot;:&quot;&quot;,&quot;caption&quot;:&quot;&quot;,&quot;created_timestamp&quot;:&quot;0&quot;,&quot;copyright&quot;:&quot;&quot;,&quot;focal_length&quot;:&quot;0&quot;,&quot;iso&quot;:&quot;0&quot;,&quot;shutter_speed&quot;:&quot;0&quot;,&quot;title&quot;:&quot;&quot;,&quot;orientation&quot;:&quot;0&quot;}\" data-image-title=\"Electricite-OF13fev23\" data-image-description=\"\" data-image-caption=\"\" data-medium-file=\"https:\/\/i0.wp.com\/www.gastonballiot.fr\/wp-content\/uploads\/2022\/12\/Electricite-OF13fev23.jpg?fit=192%2C300&amp;ssl=1\" data-large-file=\"https:\/\/i0.wp.com\/www.gastonballiot.fr\/wp-content\/uploads\/2022\/12\/Electricite-OF13fev23.jpg?fit=591%2C923&amp;ssl=1\" class=\"aligncenter size-full wp-image-11153\" src=\"https:\/\/i0.wp.com\/www.gastonballiot.fr\/wp-content\/uploads\/2022\/12\/Electricite-OF13fev23.jpg?resize=591%2C923&#038;ssl=1\" alt=\"\" width=\"591\" height=\"923\" srcset=\"https:\/\/i0.wp.com\/www.gastonballiot.fr\/wp-content\/uploads\/2022\/12\/Electricite-OF13fev23.jpg?w=591&amp;ssl=1 591w, https:\/\/i0.wp.com\/www.gastonballiot.fr\/wp-content\/uploads\/2022\/12\/Electricite-OF13fev23.jpg?resize=192%2C300&amp;ssl=1 192w\" sizes=\"auto, (max-width: 591px) 100vw, 591px\" \/><\/a><\/p>\n<\/div>\n<p style=\"text-align: center;\"><strong>**************************************<\/strong><\/p>\n<div class=\"blogs__heading__center\">\n<p style=\"text-align: center;\"><strong>Billet de blog publi\u00e9 dans Mediapart le 28\/11\/2022 par Maxime Tallant<\/strong><\/p>\n<p><a href=\"https:\/\/blogs.mediapart.fr\/maximetallant\/blog\/281122\/l-electricite-un-bien-commun-dans-les-mains-du-marche?userid=94e6d098-0e51-4a4a-bfb0-5851842737cd\" target=\"_blank\" rel=\"noopener\">https:\/\/blogs.mediapart.fr\/maximetallant\/blog\/281122\/l-electricite-un-bien-commun-dans-les-mains-du-marche?userid=94e6d098-0e51-4a4a-bfb0-5851842737cd<\/a><\/p>\n<h1 class=\"heading-product:900 margin-top:400 color:text-product\" style=\"text-align: center;\">L\u2019\u00e9lectricit\u00e9, un bien commun dans les mains du march\u00e9<\/h1>\n<p class=\"subheading-product:01 color:text-product margin-top:600 \">Le 29 ao\u00fbt dernier, le s\u00e9nateur communiste Fabien Gay laisse exploser sa col\u00e8re sur la lib\u00e9ralisation du march\u00e9 de l\u2019\u00e9lectricit\u00e9 : \u00ab Ce sont des requins et d\u00e8s qu\u2019ils peuvent se goinfrer, ils le font sur notre dos ! \u00bb. Cette sc\u00e8ne t\u00e9moigne d\u2019une col\u00e8re partag\u00e9e par bon nombre de citoyens. Comment un bien commun se retrouve aux mains du march\u00e9 ?<\/p>\n<\/div>\n<\/div>\n<\/div>\n<\/section>\n<section class=\"blogs__body-wrapper\">\n<div class=\"container\">\n<div class=\"blogs__body grid\">\n<div class=\"blogs__body__left\">\n<div class=\"blogs__body__left__sticky-wrapper _visible\" data-content-body-left-sticky=\"\">\n<div class=\"hidden@until-lg hidden@print\">\n<div class=\"bio\">&nbsp;<\/div>\n<\/div>\n<\/div>\n<\/div>\n<div class=\"blogs__body__center splitter _vertical\">\n<div class=\"splitter__first\">\n<div class=\"blogs__body__center__article blogs__rich-text-content color:text-default content-body-news:02 margin-top:600\">\n<ul>\n<li><strong>Une crise in\u00e9vitable&nbsp;?<\/strong><\/li>\n<\/ul>\n<p>Nous sommes le 1<sup>er<\/sup>&nbsp;octobre 2021, soit environ quatre mois avant que la folie de Vladimir Poutine ne s\u2019abatte sur l\u2019Ukraine. Pour les consommateurs, le tarif r\u00e9glement\u00e9 du gaz s\u2019envole depuis des mois. Ce 1<sup>er<\/sup>&nbsp;octobre il vient m\u00eame d\u2019atteindre 12,6% d\u2019augmentation. Pourtant, la Russie n\u2019a pas encore coup\u00e9 ses livraisons et entam\u00e9 sa guerre \u00e9nerg\u00e9tique, ce qui justifierait l\u2019augmentation.<\/p>\n<p>Pourtant la crise est l\u00e0 et comprime d\u00e9j\u00e0 le pouvoir d\u2019achat des m\u00e9nages. Le spectre des gilets jaunes plane de nouveau sur la France. Si les gouvernements espagnols ou italiens prennent des mesures, en France l\u2019ex\u00e9cutif temp\u00e8re. Le 30 septembre, Jean Castex, invit\u00e9 du 20h de TF1 se veut rassurant&nbsp;: \u00ab&nbsp;<i>nous avons \u00e0 g\u00e9rer une bosse<\/i> \u00bb. Pour le premier ministre, la reprise de la demande post-covid, unique responsable, devrait s\u2019att\u00e9nuer dans les mois \u00e0 venir. Tout devrait rentrer dans l\u2019ordre.<\/p>\n<p>Il est r\u00e9trospectivement facile de distribuer les points aujourd\u2019hui. Mais la crise in\u00e9dite que nous traversons \u00e9tait-elle si impr\u00e9visible&nbsp;?&nbsp; Si l\u2019on en croit certains \u00e9conomistes sp\u00e9cialistes de l\u2019\u00e9nergie, la crise \u00e9tait en r\u00e9alit\u00e9 annonc\u00e9e. En 2010, l\u2019\u00e9conomiste Rapha\u00ebl Boroumand soutient une th\u00e8se intitul\u00e9e&nbsp;:&nbsp;<i>\u00ab&nbsp;Fonction d&rsquo;interm\u00e9diation et dynamique concurrentielle : le cas de la fourniture sur les march\u00e9s \u00e9lectriques&nbsp;\u00bb<\/i>.&nbsp; Dans son r\u00e9sum\u00e9, disponible en source libre, on peut notamment lire&nbsp;: \u00ab&nbsp;<i>les sp\u00e9cificit\u00e9s de la concurrence de d\u00e9tail \u00e9lectrique les incitent \u00e0 adopter des comportements-prix parall\u00e8les pour maximiser leur profit&nbsp;<\/i>\u00bb. En somme, l\u2019\u00e9lectricit\u00e9 n\u2019est pas un bien adapt\u00e9 \u00e0 la concurrence. Puisqu\u2019on ne peut la stocker, le r\u00e9seau doit se maintenir en permanence \u00e0 50 Hertz. D\u00e8s lors, la demande doit parfaitement se superposer \u00e0 l\u2019offre. Devant cette \u00e9vidence, les contraintes physiques l\u2019emportent. Une \u00e9vidence pourtant balay\u00e9e par Bruxelles qui pr\u00e9f\u00e8re s\u2019en remettre, comme toujours, au march\u00e9.<\/p>\n<ul>\n<li><strong>Lib\u00e9ralisation aveugle<\/strong><\/li>\n<\/ul>\n<p>Fin 2021, toutes les conditions se sont align\u00e9es pour mettre en lumi\u00e8re l\u2019absurdit\u00e9 du march\u00e9 europ\u00e9en. Un hiver froid, une reprise de la demande d\u00e9sordonn\u00e9e et un manque de vent en Europe du Nord. Le cocktail fait voler en \u00e9clat le march\u00e9. Les prix du gaz TTF s\u2019envolent entra\u00eenant in\u00e9vitablement ceux de l\u2019\u00e9lectricit\u00e9. Toute l\u2019absurdit\u00e9 se trouve ici, dans ce lien entre les prix du gaz et de l\u2019\u00e9lectricit\u00e9. Le march\u00e9 a \u00e9t\u00e9 construit sur des fondations irrationnelles.<\/p>\n<p>En Europe, le gaz est devenu une \u00e9nergie incontournable. Cette mutation a notamment chang\u00e9 les relations g\u00e9opolitiques. L\u2019Europe est d\u00e9sormais d\u00e9pendante de nombreuses dictatures comme la Russie ou le Qatar pour ses livraisons de GNL. L\u2019av\u00e8nement du gaz comme \u00e9nergie de r\u00e9f\u00e9rence est une cons\u00e9quence directe de la lib\u00e9ralisation. En effet, pendant des d\u00e9cennies, les europ\u00e9ens ont pass\u00e9 des contrats \u00e0 long terme afin d\u2019assurer leur s\u00e9curit\u00e9 d\u2019approvisionnement. La lib\u00e9ralisation a progressivement amen\u00e9 les europ\u00e9ens \u00e0 s\u2019en remettre \u00e0 la main invisible du \u00ab march\u00e9 spot \u00bb.<\/p>\n<p>Commun\u00e9ment appel\u00e9 \u00ab march\u00e9 de gros \u00bb, le march\u00e9 spot fonctionne de gr\u00e9 \u00e0 gr\u00e9. En clair, les prix sont fix\u00e9s pour une livraison imm\u00e9diate. Ce jeu entre l\u2019offre et la demande se d\u00e9roule sur la plateforme n\u00e9erlandaise \u00ab Title Transfer Facility \u00bb, devenue la r\u00e9f\u00e9rence. L\u2019\u00e9lectricit\u00e9 se trouve d\u00e9sormais \u00e0 la merci d\u2019un march\u00e9 extr\u00eamement volatile. L\u2019Europe de l\u2019\u00e9nergie, act\u00e9e au sommet de Barcelone en 2002, devait faire baisser les prix. Vingt ans apr\u00e8s, les tarifs de l\u2019\u00e9lectricit\u00e9 ont augment\u00e9 de 70 % en France.<\/p>\n<p>Nous l\u2019avons dit, l\u2019\u00e9lectricit\u00e9 est bien inadapt\u00e9e \u00e0 la concurrence. Parce que l\u2019\u00e9lectricit\u00e9 n\u2019est pas stockable, parce que le r\u00e9seau doit \u00eatre aliment\u00e9 en continu, &nbsp;un grain de sable peut faire d\u00e9railler le march\u00e9. Tous les sp\u00e9cialistes du trading le disent : le march\u00e9 de l\u2019\u00e9lectricit\u00e9 est assur\u00e9ment le plus impr\u00e9visible. Mais toutes ces \u00e9vidences ont \u00e9t\u00e9 balay\u00e9es par Bruxelles guid\u00e9e par une lib\u00e9ralisation aveugle.<\/p>\n<ul>\n<li><strong>Le m\u00e9canisme du \u00ab&nbsp;merit-order&nbsp;\u00bb, prime \u00e0 l\u2019inefficience<\/strong><\/li>\n<\/ul>\n<p>L\u2019ensemble des pays europ\u00e9ens est donc expos\u00e9 \u00e0 l\u2019un des march\u00e9s les plus volatiles pour un bien commun indispensable. Mais en politique, l\u2019absurdit\u00e9 n\u2019est pas un obstacle. D\u00e8s lors, pour comprendre en profondeur les enjeux de la lib\u00e9ralisation, il faut se pencher sur son m\u00e9canisme de fixation des prix.<\/p>\n<p>Avant qu\u2019il ne soit \u00e9clat\u00e9, le march\u00e9 fixait les prix sur le co\u00fbt moyen de production. Un moyen de d\u00e9terminer la performance des op\u00e9rateurs et d\u2019assurer une stabilit\u00e9 en p\u00e9riode de tension. D\u00e9sormais, comme dans la plupart des march\u00e9s, les prix sont fix\u00e9s selon le co\u00fbt marginal. Ce m\u00e9canisme appel\u00e9 \u00ab merit-order \u00bb fait appel aux diff\u00e9rentes sources de productions d\u2019\u00e9lectricit\u00e9 selon la demande et leur co\u00fbt marginal. Ainsi, lorsque la demande est faible, les unit\u00e9s de productions sollicit\u00e9es sont celles dont le co\u00fbt marginal est le plus faible comme les \u00e9nergies renouvelables. En revanche, lorsque la demande est forte, elle sollicite les co\u00fbts marginaux les plus forts et les plus polluants comme les centrales \u00e0 gaz. En d\u2019autres termes, c\u2019est le prix de la centrale la plus polluante et obsol\u00e8te mais n\u00e9cessaire \u00e0 l\u2019\u00e9quilibre du march\u00e9 qui fixe les prix. La construction du march\u00e9 de l\u2019\u00e9lectricit\u00e9 donne donc prime \u00e0 l\u2019inefficience et nous rend in\u00e9vitablement d\u00e9pendant du prix du gaz. Une \u00e9nergie pour laquelle les europ\u00e9ens d\u00e9pendent notamment de la Russie\u2026<\/p>\n<ul>\n<li><strong>EDF, la construction d\u2019une concurrence factice<\/strong><\/li>\n<\/ul>\n<p>Si vous pensiez que les n\u00e9olib\u00e9raux manquaient d\u2019imagination, le d\u00e9mant\u00e8lement d\u2019EDF devrait vous faire changer d\u2019avis. Nous l\u2019avons vu, la d\u00e9r\u00e9gulation du march\u00e9 de l\u2019\u00e9lectricit\u00e9 est dict\u00e9e par la commission europ\u00e9enne depuis le sommet de Barcelone en 2002. Si cette d\u00e9r\u00e9gulation a \u00e9t\u00e9 act\u00e9e par Bruxelles, c\u2019est aussi parce qu\u2019elle est la seule configuration qui permet d\u2019int\u00e9grer une concurrence virtuelle en cassant les producteurs historiques.<\/p>\n<p>En 1946, Marcel Paul cr\u00e9e EDF\/GDF. L\u2019entreprise est alors en situation de monopole. Elle produit, transporte et distribue l\u2019\u00e9lectricit\u00e9 fran\u00e7aise. Dans les ann\u00e9es 90, la lib\u00e9ralisation devient le mot d\u2019ordre, tout doit \u00eatre march\u00e9. Mais comment faire lorsqu\u2019une entreprise est la seule capable d\u2019assurer l\u2019approvisionnement d\u2019un pays entier ? Une \u00e9pineuse question devant laquelle les lib\u00e9raux vont redoubler d\u2019imagination. Quand le march\u00e9 n\u2019existe pas, on le fabrique de toute pi\u00e8ce.<\/p>\n<p>Ainsi, depuis la d\u00e9r\u00e9gulation, une nu\u00e9e de fournisseurs alternatifs est apparue pour vendre de l\u2019\u00e9lectricit\u00e9 aux consommateurs. Ils ne produisent rien, n\u2019ont pas d\u2019installation, n\u2019interviennent pas dans la distribution mais ils facturent\u2026Ils transf\u00e8rent la rente nucl\u00e9aire publique au priv\u00e9.<\/p>\n<figure class=\"media--image format-66-pcent _align:center orientation-landscape\">\n<div class=\"media--image--wrapper\"><img data-recalc-dims=\"1\" decoding=\"async\" class=\"aligncenter\" src=\"https:\/\/i0.wp.com\/solidariteetprogres.fr\/IMG\/png\/edfconcurrence-augmentation-prix-electricite--l-1.png?w=1200&#038;ssl=1\"><\/div>\n<\/figure>\n<p>Ces fournisseurs alternatifs sont donc les profiteurs d\u2019une concurrence factice, mont\u00e9e de toute pi\u00e8ce. Cependant, pour que la mayonnaise lib\u00e9rale puisse prendre, encore faut-il que les fournisseurs soient en mesure de concurrencer EDF et ses tarifs r\u00e9glement\u00e9s.<\/p>\n<p>Dans ce contexte, en 2010, la loi NOME a pr\u00e9vu la mise en place d\u2019un dispositif qui est entr\u00e9 en vigueur en 2015 : le m\u00e9canisme de l\u2019\u00ab acc\u00e8s r\u00e9gul\u00e9 \u00e0 l\u2019\u00e9nergie nucl\u00e9aire historique \u00bb (ARENH). Ce m\u00e9canisme force EDF \u00e0 mettre 25 % de sa production d\u2019\u00e9lectricit\u00e9 \u00e0 disposition de ses concurrents priv\u00e9s, \u00e0 prix co\u00fbtant, fix\u00e9 \u00e0 42\u20ac le MWh. Imaginez si Renault vendait ses propres voitures \u00e0 Peugeot \u00e0 des prix d\u00e9risoires pour que Peugeot les revende plus ch\u00e8res\u2026<\/p>\n<p>En contrepartie de cette faveur, les alternatifs devaient investir dans les quinze ans dans la production. En 2022, \u00e0 la surprise g\u00e9n\u00e9rale, ils n\u2019ont pas investi un seul centime dans la production, ce qui fait douze ans de rente nucl\u00e9aire.<\/p>\n<ul>\n<li><strong>Pile tu perds, face je gagne<\/strong><\/li>\n<\/ul>\n<p>Pour comprendre, jusqu\u2019o\u00f9 va ce \u00ab&nbsp;<i>racket organis\u00e9<\/i>&nbsp;\u00bb comme le surnomme Fabien Gay, il faut s\u2019int\u00e9resser au r\u00f4le de la Commission de r\u00e9gulation de l\u2019\u00e9nergie (CRE). En 2000, cette autorit\u00e9 \u00ab&nbsp;ind\u00e9pendante&nbsp;\u00bb est cr\u00e9\u00e9e pour veiller sur le march\u00e9 dans l\u2019int\u00e9r\u00eat du consommateur, une belle promesse. Si les tarifs r\u00e9glement\u00e9s de l\u2019\u00e9lectricit\u00e9 augmentent, c\u2019est bien parce que cette discr\u00e8te autorit\u00e9 \u0153uvre activement en faveur des fournisseurs alternatifs. Il semble en effet, que le succ\u00e8s de sa mission se mesure en nombre de consommateurs ayant abandonn\u00e9 les tarifs r\u00e9gul\u00e9s de l\u2019\u00e9lectricit\u00e9 propos\u00e9s par EDF.&nbsp;<\/p>\n<p>Nous l\u2019avons expliqu\u00e9, pour assurer une concurrence face \u00e0 EDF, les alternatifs doivent \u00eatre en mesure de faire face aux tarifs r\u00e9gul\u00e9s. Ces derniers fonctionnent donc \u00e0 l\u2019inverse de toute th\u00e9orie \u00e9conomique. Au lieu d\u2019\u00eatre des prix planchers, ils constituent des prix plafonds. D\u00e8s lors, pour organiser la concurrence, il s\u2019agit d\u2019augmenter artificiellement les prix r\u00e9gul\u00e9s de sorte que les prix propos\u00e9s par les alternatifs soient en mesure d\u2019\u00eatre adopt\u00e9s par les consommateurs.<\/p>\n<p>Dans ce cynisme lib\u00e9ral, la CRE joue un r\u00f4le de premier plan. Le 5 mars 2019, elle constate qu&rsquo;encore 80 % des clients choisissent les offres r\u00e9gul\u00e9s plut\u00f4t que les \u00ab offres de march\u00e9 \u00bb. Elle d\u00e9cide donc d\u2019augmenter artificiellement le tarif r\u00e9gul\u00e9 pour rendre les offres \u00ab march\u00e9 \u00bb des fournisseurs \u00e0 nouveau comp\u00e9titives. Une d\u00e9cision qui a fait sauter au plafond l<strong>\u2019<\/strong>Autorit\u00e9 de la Concurrence, qui a \u00e9mis un avis tr\u00e8s d\u00e9favorable \u00e0 la hausse demand\u00e9e par le CRE.<\/p>\n<p>Pour la Commission europ\u00e9enne et la CRE, ces cadeaux ne semblent pas suffire. La rente nucl\u00e9aire ne profiterait pas assez au priv\u00e9\u2026Tandis que le gouvernement vient de mettre en place un bouclier tarifaire, les alternatifs demandent plus d\u2019Arenh. Au lieu des 42 TWh soutir\u00e9s \u00e0 EDF, la CRE leur accordent 100 TWh via la loi pouvoir d\u2019achat. Le gouvernement a donc choisi de poursuivre un contrat pour lequel les consommateurs payent le prix fort depuis douze ans. Pire encore, le suppl\u00e9ment d\u2019Arenh qu\u2019EDF doit fournir aux alternatifs est achet\u00e9 sur les march\u00e9s de gros \u00e0 250 \u20ac le TWh pour le revendre \u00e0 46 \u20ac&nbsp;! Dans un avis cinglant, l\u2019Autorit\u00e9 de la concurrence avait vertement critiqu\u00e9 le projet de r\u00e9forme tarifaire de la CRE&nbsp;<i>\u00ab&nbsp;\u00e0 faire supporter la charge financi\u00e8re li\u00e9e au d\u00e9passement du plafond aux consommateurs plut\u00f4t qu\u2019aux fournisseurs&nbsp;\u00bb<\/i>. Une rare opposition entre deux autorit\u00e9s sur un m\u00eame sujet.<\/p>\n<p>Le cynisme des fournisseurs alternatifs s\u2019est magnifiquement illustr\u00e9 lors de la p\u00e9riode Covid-19. Alors que la pand\u00e9mie se r\u00e9pand sur l\u2019Europe, les annonces de confinements successifs font chuter le march\u00e9 de l\u2019\u00e9lectricit\u00e9 \u00e0 de 46 \u20ac \u00e0&nbsp; 21 \u20ac le TWh. D\u00e8s lors, les tarifs offerts par l\u2019ARENH ne sont plus attractifs. Sans scrupule, \u00e0 l\u2019instar de Total, ils demandent \u00e0 EDF de r\u00e9silier leur contrat. D\u00e8s la fin du confinement, lorsque les prix du march\u00e9 remontent, les alternatifs reviennent toquer \u00e0 la porte de l\u2019ARENH.<\/p>\n<p>Cet \u00e9pisode est une parfaite all\u00e9gorie de la lib\u00e9ralisation qui aboutit \u00e0 des situations de rente et un d\u00e9mant\u00e8lement en r\u00e8gle des services publics. En r\u00e9alit\u00e9, la concurrence r\u00e9elle et non fauss\u00e9e promise par le lib\u00e9ralisme est une fable dont les citoyens subissent les cons\u00e9quences. Alors que nous traversons une crise \u00e9nerg\u00e9tique et climatique sans pr\u00e9c\u00e9dent, la loi du march\u00e9 reste souvent l\u2019axiome des d\u00e9cisions fran\u00e7aises et europ\u00e9ennes. Pourtant, son inefficience n\u2019est plus \u00e0 prouver.<\/p>\n<p style=\"text-align: center;\"><strong>**************************************<\/strong><\/p>\n<hr>\n<\/div>\n<\/div>\n<\/div>\n<\/div>\n<\/div>\n<\/section>\n<p>https:\/\/pcbigouden.fr\/marche-de-lenergie-limmense-gabegie-declaration-de-bernard-jasserand-maire-adjoint-pcf-de-quimper\/<\/p>\n<header class=\"header\">\n<hr>\n<h1 class=\"post-title\" style=\"text-align: center;\">L&rsquo;ex Haut-Commissaire \u00e0 l&rsquo;\u00e9nergie atomique<br \/>\nd\u00e9zingue l&rsquo;inculture stup\u00e9fiante des&nbsp;politiques<\/h1>\n<p class=\"meta\" style=\"text-align: right;\"><span class=\"meta-date\">Publi\u00e9 le&nbsp;<time datetime=\"2022-12-03T07:47:07+01:00\" data-hover=\"3 d\u00e9cembre 2022\">3 d\u00e9cembre 2022&nbsp;<\/time><\/span><span class=\"meta-author\">par Front de Gauche Pierre B\u00e9nite<\/span><\/p>\n<\/header>\n<div class=\"body\">\n<div class=\"ob-sections\">\n<div class=\"ob-section ob-section-html \">\n<p class=\"article__headline article__item\"><em><strong>Entendu \u00e0 l\u2019Assembl\u00e9e nationale par la Commission d\u2019enqu\u00eate sur la souverainet\u00e9 et ind\u00e9pendance \u00e9nerg\u00e9tique, Yves Br\u00e9chet, Haut-Commissaire \u00e0 l&rsquo;\u00e9nergie atomique de 2012 \u00e0 2018 a point\u00e9, face aux d\u00e9put\u00e9s, \u00ab l&rsquo;inculture scientifique et technique de notre classe politique \u00bb, selon lui \u00ab au c\u0153ur du probl\u00e8me \u00bb dans la politique \u00e9nerg\u00e9tique fran\u00e7aise.<\/strong><\/em><\/p>\n<div class=\"article-body js-article-body\">\n<p class=\"article-text article-body__item\">Avant de quitter ses fonctions&nbsp;\u00e0 la t\u00eate d&rsquo;EDF en septembre, Jean-Bernard L\u00e9vy&nbsp;<a href=\"https:\/\/www.marianne.net\/politique\/gouvernement\/jamais-aucune-ambiguite-sur-la-prolongation-du-parc-nucleaire-elisabeth-borne-victime-damnesie\" target=\"_blank\" rel=\"noopener\">livrait contre les dirigeants fran\u00e7ais&nbsp;un&nbsp;r\u00e9quisitoire implacable<\/a>. Bis repetita ce mardi 29&nbsp;novembre\u2009: \u00e0&nbsp;l\u2019heure o\u00f9 la France est menac\u00e9e par une p\u00e9nurie d\u2019\u00e9lectricit\u00e9, c&rsquo;est au tour d&rsquo;Yves Br\u00e9chet, Haut-Commissaire \u00e0 l&rsquo;\u00e9nergie atomique de 2012 \u00e0 2018, de sonner la charge.&nbsp;<a href=\"https:\/\/videos.assemblee-nationale.fr\/video.12555849_638655cbdebe4.souverainete-et-independance-energetique-de-la-france--m-yves-brechet-ancien-haut-commissaire-a-l-29-novembre-2022\" target=\"_blank\" rel=\"noopener\">Entendu \u00e0 l\u2019Assembl\u00e9e nationale par la Commission d\u2019enqu\u00eate sur la souverainet\u00e9 et ind\u00e9pendance \u00e9nerg\u00e9tique<\/a>, le polytechnicien, membre de l\u2019Acad\u00e9mie des sciences et pr\u00e9sident du conseil scientifique de Framatome, \u00e9tait interrog\u00e9 sur les causes du marasme dans lequel se trouve le nucl\u00e9aire fran\u00e7ais, dont la moiti\u00e9 du parc est aujourd\u2019hui \u00e0 l\u2019arr\u00eat.&nbsp;<strong>Sans exon\u00e9rer les acteurs de la fili\u00e8re de leurs responsabilit\u00e9s, Yves Br\u00e9chet a point\u00e9, face aux d\u00e9put\u00e9s, \u00ab&nbsp;<em>la question de l&rsquo;instruction scientifique des dossiers politiques<\/em>&nbsp;\u00bb, selon lui \u00ab&nbsp;<em>au c\u0153ur du probl\u00e8me<\/em>&nbsp;\u00bb.<\/strong><\/p>\n<p class=\"article-text article-body__item\"><strong>\u00ab&nbsp;<em>La faiblesse des analyses conduisant aux d\u00e9cisions de l&rsquo;\u00c9tat pose question<\/em>&nbsp;\u00bb<\/strong>, alerte l\u2019expert \u00ab&nbsp;<em>t\u00eatu mais pas obstin\u00e9<\/em>&nbsp;\u00bb, ayant refus\u00e9 un troisi\u00e8me mandat de Haut-commissaire, faute d\u2019avoir \u00e9t\u00e9 entendu. \u00ab&nbsp;<em>Il est&nbsp;important de comprendre comment la coh\u00e9rence d&rsquo;une strat\u00e9gie industrielle a c\u00e9d\u00e9 la place \u00e0 l&rsquo;opportunisme d&rsquo;une strat\u00e9gie de communication<\/em>&nbsp;\u00bb, explique-t-il sans ambages. C\u2019est au lance-flammes que passe la politique \u00e9nerg\u00e9tique et industrielle fran\u00e7aise des quinze derni\u00e8res ann\u00e9es\u2009:<\/p>\n<p class=\"article-text article-body__item\"><strong>\u00ab&nbsp;<em>La doxa pr\u00f4nant le passage de 75 \u00e0 50&nbsp;% de la capacit\u00e9 \u00e9lectro-nucl\u00e9aire, la confusion entre la puissance install\u00e9e et la puissance d\u00e9livr\u00e9e, l&rsquo;omission des co\u00fbts de r\u00e9seau et de stockage dans l&rsquo;\u00e9valuation des aspects \u00e9conomiques des diff\u00e9rentes sources d&rsquo;\u00e9lectricit\u00e9, le refus de proc\u00e9der \u00e0 une analyse de fond des exp\u00e9riences faites chez nos voisins, t\u00e9moignent au mieux d&rsquo;une na\u00efvet\u00e9 confondante<\/em>&nbsp;\u00bb<\/strong>, lance Yves Br\u00e9chet.<\/p>\n<p class=\"article-text article-body__item\">Lequel enfonce le clou, en ajoutant\u2009:<\/p>\n<p class=\"article-text article-body__item\"><strong>\u00ab&nbsp;<em>La propension \u00e0 consid\u00e9rer que les technologies en d\u00e9veloppement \u2013 l&rsquo;hydrog\u00e8ne comme vecteur \u00e9nerg\u00e9tique, les smart-grids&nbsp;<\/em>\u2013<em>&nbsp;peuvent \u00eatre, en situation d&rsquo;urgence climatique, des technologies \u00e0 d\u00e9ployer massivement, dans l&rsquo;instant, t\u00e9moigne d&rsquo;une m\u00e9connaissance profonde des d\u00e9lais de d\u00e9veloppement. (&#8230;) Inversement, la procrastination sur toutes les d\u00e9cisions concernant le nucl\u00e9aire et la politique d&rsquo;annonces dans l&rsquo;attente de d\u00e9cisions concr\u00e8tes de mise en chantier montrent une ignorance stup\u00e9fiante de l&rsquo;inertie intrins\u00e8que des industries lourdes et de la n\u00e9cessit\u00e9 d&rsquo;une vision stable \u00e0 long terme pour conserver l&rsquo;outil industriel au bon niveau.&nbsp;L&rsquo;incapacit\u00e9 \u00e0 penser l&rsquo;ensemble d&rsquo;un syst\u00e8me \u00e9nerg\u00e9tique conduit \u00e0 des PPE [<\/em>Programmations pluriannuelles de l&rsquo;\u00e9nergie, N.D.L.R.]&nbsp;<em>qui sont un collier de perles gadget au moment o\u00f9 on aurait besoin d&rsquo;un c\u00e2ble robuste.<\/em>&nbsp;\u00bb<\/strong>&nbsp;Outch.<\/p>\n<p class=\"article-text article-body__item\"><strong>Qui est responsable de ces errements&nbsp;?<\/strong>&nbsp;Si les fautes politiques sont r\u00e9guli\u00e8rement point\u00e9es dans la gestion du dossier \u00e9nerg\u00e9tique, elles le sont rarement avec autant de force.<\/p>\n<p class=\"article-text article-body__item\"><strong>\u00ab&nbsp;<em>Ces constatations sont autant de signes que l&rsquo;analyse scientifique et technique a d\u00e9sert\u00e9 les rouages d\u00e9cisionnels de l&rsquo;\u00c9tat sur ces sujets<\/em>&nbsp;\u00bb<\/strong>, juge ainsi l\u2019ancien Haut-commissaire \u2013 un poste particulier, conseillant \u00e0 la fois le Commissariat \u00e0 l\u2019\u00e9nergie atomique et l\u2019ex\u00e9cutif sans aucune tutelle hi\u00e9rarchique, ce qui garantit une parole tr\u00e8s ind\u00e9pendante. La preuve dans cette sortie, adress\u00e9e aux d\u00e9put\u00e9s de la commission\u2009:<\/p>\n<p class=\"article-text article-body__item\"><strong>\u00ab&nbsp;<em>Au-del\u00e0 des anciens ministres que vous pouvez auditionner pour le fun, en \u00e9tant \u00e0 peu pr\u00e8s s\u00fbr de n&rsquo;avoir que des effets de manche, c&rsquo;est dans les structures des cabinets et de la haute administration, qui sont cens\u00e9s analyser les dossiers pour instruire la d\u00e9cision politique, qu&rsquo;il faut chercher les rouages de la machine infernale qui d\u00e9truit m\u00e9caniquement notre souverainet\u00e9 \u00e9nerg\u00e9tique et industrielle.<\/em>&nbsp;\u00bb<\/strong><\/p>\n<p class=\"article-heading article-body__item\">&nbsp;<\/p>\n<p class=\"article-heading article-body__item\"><strong>Carri\u00e9risme<\/strong><\/p>\n<p class=\"article-text article-body__item\">\u00ab&nbsp;<em>Pourquoi, en six ans de mandat et malgr\u00e9 les demandes r\u00e9it\u00e9r\u00e9es, je n&rsquo;ai vu se tenir le comit\u00e9 \u00e0 l&rsquo;\u00e9nergie atomique que deux fois, alors qu&rsquo;il aurait d\u00fb \u00eatre r\u00e9uni chaque ann\u00e9e\u2009? (&#8230;) Pourquoi est-il rarissime d&rsquo;avoir un retour sur un rapport technique\u2009? Pourquoi les avis r\u00e9it\u00e9r\u00e9s de l&rsquo;Acad\u00e9mie des sciences, de l&rsquo;Acad\u00e9mie des technologies, sont-ils re\u00e7us dans un silence poli&nbsp;?<\/em>&nbsp;\u00bb, demande encore Yves Br\u00e9chet.<\/p>\n<p class=\"article-text article-body__item\">Selon lui, il faut d\u2019abord chercher dans&nbsp;<strong>\u00ab&nbsp;<em>l&rsquo;inculture scientifique et technique de notre classe politique<\/em>&nbsp;\u00bb<\/strong>&nbsp;la cause primaire de ces dysfonctionnements.<\/p>\n<p class=\"article-text article-body__item\"><strong>\u00ab&nbsp;<em>Dans la g\u00e9n\u00e9ration qui a reconstruit le pays, les \u00e9l\u00e8ves de l&rsquo;ENA recevait un cours de Louis Armand<\/em><\/strong>\u2013 polytechnicien et r\u00e9sistant ayant dirig\u00e9 la SNCF apr\u00e8s-guerre, puis Euratom, ndlr. \u2013&nbsp;<strong><em>sur les sciences et les technologies de la France industrielle. Il faut avoir eu ce cours entre les mains pour comprendre ce que \u00e7a voulait dire\u2009: \u00e7a ne faisait pas d&rsquo;eux des ing\u00e9nieurs, cela leur donnait la mesure du probl\u00e8me.<\/em>&nbsp;\u00bb<\/strong><\/p>\n<p class=\"article-text article-body__item\">L\u2019ar\u00e9opage de conseillers gouvernementaux ne sort pas indemne, lui non plus, de cette audition.&nbsp;<strong>\u00ab&nbsp;<em>Quel que soit le prestige de leurs dipl\u00f4mes, ils se retrouvent \u00e0 conseiller sur des sujets qu&rsquo;ils ne ma\u00eetrisent g\u00e9n\u00e9ralement pas un ministre qui ne se pose m\u00eame pas la question<\/em><\/strong>, mitraille le scientifique devant des d\u00e9put\u00e9s moiti\u00e9 amus\u00e9s, moiti\u00e9 interloqu\u00e9s.&nbsp;<strong><em>Leur premi\u00e8re pr\u00e9occupation sera trop souvent de ne dire \u00e0 leurs ministres que ce qu&rsquo;il a envie d&rsquo;entendre pour ne pas nuire \u00e0 leurs carri\u00e8res \u00e0 venir.<\/em>&nbsp;\u00bb<\/strong><\/p>\n<p class=\"article-text article-body__item\">D\u00e9plorant que&nbsp;<strong>\u00ab&nbsp;<em>l&rsquo;analyse scientifique des dossiers soit syst\u00e9matiquement ignor\u00e9e, broy\u00e9e par effet de cour qui \u00e9tait au service des gouvernants plus qu&rsquo;\u00e0 celui du pays<\/em>&nbsp;\u00bb,<\/strong>&nbsp;Yves Br\u00e9chet mart\u00e8le le message\u2009:<\/p>\n<p class=\"article-text article-body__item\"><strong>\u00ab&nbsp;<em>Au fond, c&rsquo;est l&rsquo;instruction scientifique et technique des dossiers politiques qui doit \u00eatre repens\u00e9e de fond en comble. Que les corps techniques de l&rsquo;\u00c9tat forment correctement leurs jeunes, au lieu de se contenter d&rsquo;\u00eatre le chien de garde de chasses gard\u00e9es. Que les conseillers soient en \u00e9tat de conseiller, c&rsquo;est-\u00e0-dire r\u00e9apprennent \u00e0 analyser le fond des dossiers et \u00e0 challenger les experts.<\/em>&nbsp;\u00bb<\/strong><\/p>\n<p class=\"article-text article-body__item\"><strong>Il n\u2019est pas certain que la&nbsp;<a href=\"https:\/\/www.marianne.net\/politique\/macron\/suppression-des-grands-corps-ena-rebaptisee-quand-macron-sen-prend-a-letat-profond\" target=\"_blank\" rel=\"noopener\">destruction des grands corps publics<\/a>&nbsp;(pr\u00e9fets, diplomates ou inspecteurs) initi\u00e9e par Emmanuel Macron au profit d\u2019une logique se rapprochant du fonctionnement du priv\u00e9 aille exactement en ce sens.<\/strong><\/p>\n<p style=\"text-align: center;\"><strong>**************************************<\/strong><\/p>\n<\/div>\n<\/div>\n<hr>\n<div class=\"ob-section ob-section-html \">\n<div class=\"article-body js-article-body\">\n<div class=\"ob-section ob-section-html \">\n<h1 style=\"text-align: center;\">L&rsquo;enjeu \u00e9nerg\u00e9tique, par Jean-Marc Durand<\/h1>\n<p class=\"Default\">Aucun citoyen ne peut ignorer la hausse des prix de l&rsquo;\u00e9nergie, en particulier du&nbsp;<strong>gaz<\/strong>, dont +12,6% au 1er octobre 2021 apr\u00e8s 7,9% au 1er septembre, 5,3% en ao\u00fbt, 10% en juillet, soit au&nbsp;<strong>total 57% pour l&rsquo;ann\u00e9e 2021&nbsp;<\/strong>avant le d\u00e9clenchement de la guerre en Ukraine qui a fait exploser les prix.<\/p>\n<p class=\"Default\"><strong>La facture d&rsquo;\u00e9lectricit\u00e9, elle, a augment\u00e9 de 10% en 2020 et de 4% d\u00e9but 2022<\/strong>, limit\u00e9e, pour les usagers d&rsquo;EDF b\u00e9n\u00e9ficiant du TRV (Tarif R\u00e8glement\u00e9 de Vente) par le&nbsp;<strong>\u00ab\u00a0bouclier tarifaire\u00a0\u00bb&nbsp;<\/strong>gouvernemental \u00e0 la veille de la double \u00e9ch\u00e9ance pr\u00e9sidentielle et l\u00e9gislatives, alors que la hausse l\u00e9gale&nbsp;<strong>aurait d\u00fb atteindre 34,5%.<\/strong><\/p>\n<p class=\"Default\">Le 23 septembre 20<strong>21<\/strong>, Fabien Roussel d\u00e9put\u00e9, secr\u00e9taire national du PCF interpelait le Pr\u00e9sident de la r\u00e9publique, lui demandant de bloquer les prix de l&rsquo;\u00e9nergie, car ce sont des d\u00e9cisions politiques qui organisent la hausse. La principale raison, dont tous les grands m\u00e9dias ne parlent pas, c&rsquo;est la&nbsp;<strong>\u00ab\u00a0lib\u00e9ralisation\u00a0\u00bb de l&rsquo;\u00e9nergie.&nbsp;<\/strong>Elle est devenue un \u00ab\u00a0<strong>march\u00e9\u00a0\u00bb en Europe ou la sp\u00e9culation s&rsquo;amplifie, port\u00e9e par le d\u00e9ficit allemand cons\u00e9cutif \u00e0 l&rsquo;arr\u00eat du parc nucl\u00e9aire de ce pays<\/strong>.<\/p>\n<p><strong>L&rsquo;explosion du prix de l&rsquo;\u00e9lectricit\u00e9&nbsp;<\/strong>sur le \u00ab\u00a0march\u00e9 de gros europ\u00e9en\u00a0\u00bb est due \u00e0 une d\u00e9cision absurde des institutions<\/p>\n<p class=\"Default\">Europ\u00e9ennes qui ont&nbsp;<strong>index\u00e9 le prix de l&rsquo;\u00e9lectricit\u00e9 sur celui du MW (M\u00e9gaWatt) \u00e9lectrique produit par la derni\u00e8re centrale mise en route, donc au gaz dont le prix a multipli\u00e9 par 20 depuis d\u00e9but 2021<\/strong>. C&rsquo;est un choix politique qui p\u00e8se sur les&nbsp;<strong>collectivit\u00e9s locales avec des hausses allant de 100 \u00e0 350%,&nbsp;<\/strong>conduisant au choix d&rsquo;arr\u00eater l&rsquo;\u00e9clairage public la nuit, \u00e0 la fermeture des piscines municipales .\u2026<\/p>\n<p class=\"Default\">Ce m\u00eame choix politique qui augmente la facture jusqu&rsquo;\u00e0&nbsp;<strong>816% pour le \u00ab\u00a0Syndicat d\u00e9partemental d&rsquo;\u00e9lectricit\u00e9 de la Dr\u00f4me, 900% pour Jacob Delafon dans le Jura, handicape lourdement les entreprises.&nbsp;<\/strong>Des branches industrielles aluminium, sid\u00e9rurgie \u00e9lectrique, zinc, verrerie, engrais azot\u00e9s&#8230;r\u00e9duisent leurs productions ou sont \u00e0 l&rsquo;arr\u00eat.<\/p>\n<p class=\"Default\">Cette lib\u00e9ralisation a \u00e9t\u00e9 orchestr\u00e9e par la \u00ab\u00a0Commission Europ\u00e9enne\u00a0\u00bb avec la caution de tous nos gouvernements successifs. La situation en France est singuli\u00e8re.&nbsp;<strong>EDF est oblig\u00e9 d&rsquo;importer des MW alors que nagu\u00e8re la France \u00e9tait exportatrice.<\/strong><\/p>\n<p>D&rsquo;une part pendant des ann\u00e9es&nbsp;<strong>EDF n&rsquo;a pas eu les moyens d&rsquo;investir&nbsp;<\/strong>dans un contexte o\u00f9 les&nbsp;<strong>gouvernements et des forces politiques orchestraient la \u00ab\u00a0sortie du nucl\u00e9aire\u00a0\u00bb.<\/strong><\/p>\n<p class=\"Default\">D&rsquo;autre part&nbsp;<strong>la p\u00e9riode du confinement COVID a retard\u00e9 les travaux de maintenance&nbsp;<\/strong>du parc nucl\u00e9aire. Enfin depuis&nbsp;<strong>10 ans les gouvernements successifs ont d\u00e9truit 12 700 MW de capacit\u00e9s de production, \u00e9quivalent de 14 r\u00e9acteurs nucl\u00e9aires 1\u00e8re g\u00e9n\u00e9ration, dont la centrale de Fessenheim, 1800 MW, en parfait \u00e9tat de marche<\/strong>. C&rsquo;est aussi un choix politique dont les responsables doivent rendre compte.<\/p>\n<p class=\"Default\">Enfin&nbsp;<strong>EDF&nbsp;<\/strong>entreprise publique est&nbsp;<strong>pill\u00e9e par le dispositif ARENH&nbsp;<\/strong>(Acc\u00e8s R\u00e9gul\u00e9 \u00e0 l&rsquo;Electricit\u00e9 Nucl\u00e9aire Historique). L&rsquo;ARENH oblige EDF \u00e0 vendre le quart de sa production 120 TW h (T\u00e9ra Watts heures) \u00e0 ses concurrents, \u00e0 46,2 \u20ac. Or dans son rapport du 13 d\u00e9cembre 2021, la Cour des Comptes montre que le co\u00fbt r\u00e9el du MW nucl\u00e9aire est de 64,8 euros. En r\u00e9alit\u00e9, les difficult\u00e9s actuelles du parc nucl\u00e9aire \u00e0 produire ses 120 TWh font que les 25% initiaux repr\u00e9sentent beaucoup plus que pr\u00e9vus, aggravant encore le d\u00e9ficit. Ce pillage institutionnel paralyse l&rsquo;entreprise publique.<\/p>\n<p class=\"Default\">Aujourd\u2019hui des familles ne vont plus pouvoir se chauffer, devoir choisir entre se chauffer ou se nourrir correctement\u2026<\/p>\n<p class=\"Default\">Des communes vont se retrouver en cessation, de paiement, qui plus est avec la cure d\u2019aust\u00e9rit\u00e9 que le PLF 2023 veut leur infliger m\u00eame si le gouvernement leur promet une enveloppe de 43 millions pour faire face aux coups durs. Des entreprises des commerces vont devoir mettre la cl\u00e9 sous la porte, des stations de ski ne seront asphyxi\u00e9s, des universit\u00e9s mises en veille, avec des cons\u00e9quences \u00e9normes en termes de ch\u00f4mage, de vie sociale. Tous les ingr\u00e9dients pour pr\u00e9cipiter l\u2019entr\u00e9e en r\u00e9cession de la France car toutes ces ruptures d\u2019activit\u00e9s auront des cons\u00e9quences directes sur la croissance. D\u00e9j\u00e0 les pr\u00e9visions ne sont plus que de 1% pour 2023. Alors dans 3 mois ? !<strong>.<\/strong><\/p>\n<p class=\"Default\">Je veux rappeler aussi les interventions sur cette question de plusieurs autres niveaux et qui s\u2019acc\u00e9l\u00e8rent en cette p\u00e9riode.<\/p>\n<ul>\n<li class=\"Default\"><strong>Lettre du 25 janvier du Pr\u00e9sident de l\u2019AMF \u00e0 M J Castex alors 1er Ministre pour l\u2019alerter sur la hausse des prix de l\u2019\u00e9nergie et lui demander de mettre en oeuvre des solutions viables pour les collectivit\u00e9s locales.<\/strong><\/li>\n<li class=\"Default\">Le 19 septembre, L\u2019AMF demande le retour \u00e0 l\u2019acc\u00e8s au tarif r\u00e9glement\u00e9 pour l\u2019ensemble des collectivit\u00e9s locales.<\/li>\n<li class=\"Default\"><strong>Le 20 Septembre, on apprend que M. Jacques Creyssel, d\u00e9l\u00e9gu\u00e9 g\u00e9n\u00e9ral de la f\u00e9d\u00e9ration du commerce et de la distribution alerte sur le risque majeur pour certains commerces et commer\u00e7ants qui risquent tout simplement de tirer le rideau car ils ne pourront pas payer leur facture d\u2019\u00e9nergie. Il demande la d\u00e9connexion du prix du gaz et de l\u2019\u00e9lectricit\u00e9 au plan europ\u00e9en, comme cela s\u2019est fait en Espagne et au Portugal.<\/strong><\/li>\n<\/ul>\n<\/div>\n<div class=\"ob-section ob-section-html \">\n<p class=\"Default\"><strong>Les Propositions du PCF :<\/strong><\/p>\n<ul>\n<li class=\"Default\">Abaissement de la TVA sur la consommation domestique de 20 \u00e0 5,5% pour l&rsquo;\u00e9lectricit\u00e9 et le gaz y compris en bouteilles (usagers + nombreux que abonn\u00e9s gaz de ville) C&rsquo;est acquis en Belgique depuis 1er f\u00e9vrier pour les deux, Espagne depuis 1er juillet pour \u00e9lectricit\u00e9,1er octobre pour gaz, Allemagne 1er octobre pour gaz (500 euros par foyer a calcul\u00e9 le gouvernement allemand).<\/li>\n<li class=\"Default\">Retour au TRV pour les collectivit\u00e9s locales, ce qui implique de supprimer, ou suspendre l&rsquo;ARENH (Acc\u00e8s R\u00e9gul\u00e9 \u00e0 l&rsquo;Electricit\u00e9 Nucl\u00e9aire Historique) afin de remettre \u00e0 disposition d&rsquo;EDF les 120TWh que l&rsquo;entreprise publique vend \u00e0 perte \u00e0 ses concurrent, 100 TWh \u00e0 42 Euros le MW, 20TWh \u00e0 46,2 quand le march\u00e9 est de 350 \u00e0 600 euros. EDF est oblig\u00e9 d&rsquo;acheter \u00e0 ces derniers tarifs les volumes qui lui manquent pour fournir ses usagers D\u00e9claration des 4 syndicats repr\u00e9sentatifs d&rsquo;EDF le 11 juillet 2022 demande aussi sortie ou suspension de l&rsquo;ATENH : la loi le permet !<\/li>\n<li class=\"Default\">D\u00e9coupler le prix de l&rsquo;\u00e9lectricit\u00e9 de celui du gaz formule invent\u00e9e par la Commission Europ\u00e9enne. Le prix du MW \u00e9lectrique \u00e9tant index\u00e9 sur le prix du MW sortant de la derni\u00e8re centrale mise en route donc au gaz dont le prix a multipli\u00e9 par 20 depuis le 1\/1\/2021.<\/li>\n<li class=\"Default\">Le PCF demande la nationalisation d\u2019Edf et d\u2019Engie pour le retour en maitrise publique et sociale de toutes les productions d\u2019\u00e9nergie dont les ENR pour sortir notamment du scandale du financement du capitalisme vert et du pillage d&rsquo;EDF illustr\u00e9 par le tarif de rachat de la production du parc \u00e9olien de St Brieuc de la multinationale espagnole Iberdrola : 155 euros le MW le plus cher en Europe et au monde.<\/li>\n<\/ul>\n<p class=\"Default\"><strong>Quelques chiffres : tout le monde y passe :<\/strong><\/p>\n<p class=\"Default\"><strong>Stations de ski :&nbsp;<\/strong>L\u2019Alpe d\u2019Huez va voir sa facture d\u2019\u00e9lectricit\u00e9 multipli\u00e9e par 10 de : 2 \u00e0 20 millions \u20ac. Pour le ski cet hiver, cela va devenir chaud si on peut ainsi s\u2019exprimer avec des centaines d\u2019emplois \u00e0 la cl\u00e9.<\/p>\n<p class=\"Default\"><strong>Communes :<\/strong><\/p>\n<p class=\"Default\"><strong>A<\/strong>\u0300 Saint-Barthe\u0301lemy-de-Vals, la facture d\u2019\u00e9lectricit\u00e9 passe de 16 800&nbsp;a\u030031 600 euros (de 18 000&nbsp;a\u030057 000 euros pour le gaz).<\/p>\n<p class=\"Default\">A\u0300 Mirabel-aux-Baronnies pour une d\u00e9pense d\u2019\u00e9lectricit\u00e9 de 42 667 euros en 2021, la pr\u00e9vision de 2022 s\u2019\u00e9l\u00e8ve&nbsp;a\u030077 259 euros, soit une hausse de 81 %.\u201d<\/p>\n<p class=\"Default\">Syndicat d\u00e9partemental d&rsquo;irrigation de la Dr\u00f4me +816%<\/p>\n<p class=\"Default\"><strong>H\u00f4pitaux :<\/strong><\/p>\n<p class=\"Default\">L&rsquo;H\u00f4pital \u00ab\u00a0anticanc\u00e9reux\u00a0\u00bb Gustave Roussy la hausse est de 190% pour l&rsquo;\u00e9lectricit\u00e9, 550% pour le gaz.<\/p>\n<p class=\"Default\"><strong>Universit\u00e9s :<\/strong><\/p>\n<p>L&rsquo;universit\u00e9 de Strasbourg qui va fermer deux semaines la d\u00e9pense \u00e9lectricit\u00e9\/gaz passe de 10 millions d&rsquo;euros en 2021 \u00e0 20 millions, pr\u00e9vision 2023<\/p>\n<p>________________________________________________________________<\/p>\n<p><strong>Avec hydraulique (13%) et nucl\u00e9aire (70%) EDF produit l\u2019\u00e9lectricit\u00e9 la plus propre d&rsquo;Europe. France : 44 grammes de CO2 par KW produit :<\/strong><\/p>\n<p>Belgique : 134 \u2013 Danemark : 175 \u2013 Hollande : 332 \u2013 Allemagne : 397 \u2013 Pologne : 917<\/p>\n<p>Source :&nbsp;<strong>European Environment Agency<\/strong><\/p>\n<p style=\"text-align: center;\"><strong>**************************************<\/strong><\/p>\n<hr>\n<p style=\"text-align: center;\">Le co\u00fbt exorbitant d\u2019une lib\u00e9ralisation<br \/>\n<em>cliquer ci-dessous pour l&rsquo;article en pdf<\/em><\/p>\n<h1 style=\"text-align: center;\"><a href=\"https:\/\/www.gastonballiot.fr\/wp-content\/uploads\/2022\/12\/AbsurdistanElectrique.pdf\" target=\"_blank\" rel=\"noopener\">Absurdistan \u00e9lectrique, article du Monde Diplomatique, d\u00e9c 2022<\/a><\/h1>\n<audio class=\"wp-audio-shortcode\" id=\"audio-10914-1\" preload=\"none\" style=\"width: 100%;\" controls=\"controls\"><source type=\"audio\/mpeg\" src=\"https:\/\/www.gastonballiot.fr\/wp-content\/uploads\/2022\/12\/2022-12-Absurdistan_electrique.mp3?_=1\" \/><a href=\"https:\/\/www.gastonballiot.fr\/wp-content\/uploads\/2022\/12\/2022-12-Absurdistan_electrique.mp3\">https:\/\/www.gastonballiot.fr\/wp-content\/uploads\/2022\/12\/2022-12-Absurdistan_electrique.mp3<\/a><\/audio>\n<hr>\n<h1 style=\"text-align: center;\"><strong>**************************************<\/strong><\/h1>\n<h1 style=\"text-align: center;\"><a href=\"https:\/\/www.gastonballiot.fr\/wp-content\/uploads\/2022\/12\/document_-_4pages_energie_VF.pdf\" target=\"_blank\" rel=\"noopener\">Tract du PCF sur ce sujet<\/a><\/h1>\n<h1 style=\"text-align: center;\"><strong>**************************************<\/strong><\/h1>\n<p><a href=\"https:\/\/i0.wp.com\/www.gastonballiot.fr\/wp-content\/uploads\/2022\/12\/EDFetSuite.jpg?ssl=1\"><img data-recalc-dims=\"1\" loading=\"lazy\" decoding=\"async\" data-attachment-id=\"10934\" data-permalink=\"https:\/\/www.gastonballiot.fr\/?attachment_id=10934#main\" data-orig-file=\"https:\/\/i0.wp.com\/www.gastonballiot.fr\/wp-content\/uploads\/2022\/12\/EDFetSuite.jpg?fit=960%2C540&amp;ssl=1\" data-orig-size=\"960,540\" data-comments-opened=\"1\" data-image-meta=\"{&quot;aperture&quot;:&quot;0&quot;,&quot;credit&quot;:&quot;&quot;,&quot;camera&quot;:&quot;&quot;,&quot;caption&quot;:&quot;&quot;,&quot;created_timestamp&quot;:&quot;0&quot;,&quot;copyright&quot;:&quot;&quot;,&quot;focal_length&quot;:&quot;0&quot;,&quot;iso&quot;:&quot;0&quot;,&quot;shutter_speed&quot;:&quot;0&quot;,&quot;title&quot;:&quot;&quot;,&quot;orientation&quot;:&quot;0&quot;}\" data-image-title=\"EDFetSuite\" data-image-description=\"\" data-image-caption=\"\" data-medium-file=\"https:\/\/i0.wp.com\/www.gastonballiot.fr\/wp-content\/uploads\/2022\/12\/EDFetSuite.jpg?fit=300%2C169&amp;ssl=1\" data-large-file=\"https:\/\/i0.wp.com\/www.gastonballiot.fr\/wp-content\/uploads\/2022\/12\/EDFetSuite.jpg?fit=960%2C540&amp;ssl=1\" class=\"aligncenter size-full wp-image-10934\" src=\"https:\/\/i0.wp.com\/www.gastonballiot.fr\/wp-content\/uploads\/2022\/12\/EDFetSuite.jpg?resize=960%2C540&#038;ssl=1\" alt=\"\" width=\"960\" height=\"540\" srcset=\"https:\/\/i0.wp.com\/www.gastonballiot.fr\/wp-content\/uploads\/2022\/12\/EDFetSuite.jpg?w=960&amp;ssl=1 960w, https:\/\/i0.wp.com\/www.gastonballiot.fr\/wp-content\/uploads\/2022\/12\/EDFetSuite.jpg?resize=300%2C169&amp;ssl=1 300w, https:\/\/i0.wp.com\/www.gastonballiot.fr\/wp-content\/uploads\/2022\/12\/EDFetSuite.jpg?resize=768%2C432&amp;ssl=1 768w\" sizes=\"auto, (max-width: 960px) 100vw, 960px\" \/><\/a><\/p>\n<\/div>\n<\/div>\n<\/div>\n<\/div>\n<\/div>\n<p>&nbsp;<\/p>\n<table style=\"width: 100%; height: 192px;\" role=\"presentation\" border=\"0\" width=\"100%\" cellspacing=\"0\" cellpadding=\"0\">\n<tbody>\n<tr style=\"height: 90px;\">\n<td style=\"height: 90px;\" align=\"left\">\n<div>\n<h1 class=\"text-build-content\" data-testid=\"5LPmyxADEvr\"><b>Le march\u00e9 de l&rsquo;\u00e9lectricit\u00e9 : <\/b><b>\u00a0\u00bb un scandale ! \u00ab\u00a0<\/b><\/h1>\n<\/div>\n<\/td>\n<\/tr>\n<tr style=\"height: 23px;\">\n<td style=\"height: 23px;\">\n<div>\u200aVoir sur LCP<\/div>\n<\/td>\n<\/tr>\n<tr style=\"height: 79px;\">\n<td style=\"height: 79px;\" align=\"left\">\n<div>\n<p class=\"text-build-content\" data-testid=\"U2vVT9_wOTS\"><i>Le secr\u00e9taire du Comit\u00e9 social et \u00e9conomique central (CSEC) d\u2019EDF, Philippe Page Le M\u00e9rour, auditionn\u00e9 \u00e0 l&rsquo;Assembl\u00e9e nationale, d\u00e9nonce le \u00ab\u00a0scandale\u00a0\u00bb du march\u00e9 de l&rsquo;\u00e9lectricit\u00e9 ; le tout premier Conseil national de l\u2019\u00e9nergie en r\u00e9gion : c\u2019est au programme de votre nouvelle note d\u2019information !&nbsp;<\/i><\/p>\n<\/div>\n<\/td>\n<\/tr>\n<\/tbody>\n<\/table>\n<h3><a href=\"https:\/\/lcp.fr\/actualites\/marche-de-l-electricite-un-scandale-selon-le-secretaire-du-comite-social-et-economique-d\" target=\"_blank\" rel=\"noopener\">https:\/\/lcp.fr\/actualites\/marche-de-l-electricite-un-scandale-selon-le-secretaire-du-comite-social-et-economique-d&nbsp;<\/a><\/h3>\n","protected":false},"excerpt":{"rendered":"<p>Lu dans le courrier des lecteurs Ouest France, f\u00e9vrier 2023 Billet de Maxime Tallant, \u00e9tudiant en journalisme. Intervention de Bernard Jasserand, maire adjoint de Quimper L&rsquo;ex Haut-Commissaire \u00e0 l&rsquo;\u00e9nergie atomique d\u00e9zingue l&rsquo;inculture stup\u00e9fiante des&nbsp;politiques L&rsquo;enjeu \u00e9nerg\u00e9tique, par Jean-Marc Durand, revue \u00c9conomie &amp; Politique, constat et propositions Absurdistan \u00e9lectrique, article du Monde Diplomatique de d\u00e9cembre 2022 Relever le d\u00e9fi \u00e9nerg\u00e9tique, tract du PCF ************************************** ************************************** Billet de blog publi\u00e9 dans Mediapart le 28\/11\/2022 par Maxime Tallant https:\/\/blogs.mediapart.fr\/maximetallant\/blog\/281122\/l-electricite-un-bien-commun-dans-les-mains-du-marche?userid=94e6d098-0e51-4a4a-bfb0-5851842737cd L\u2019\u00e9lectricit\u00e9, un bien commun dans &#8230; <a title=\"L\u2019\u00e9lectricit\u00e9, un bien commun dans les mains du march\u00e9\" class=\"read-more\" href=\"https:\/\/www.gastonballiot.fr\/?p=10914\" aria-label=\"Plus sur L\u2019\u00e9lectricit\u00e9, un bien commun dans les mains du march\u00e9\">Lire la suite&#8230;<\/a><\/p>\n","protected":false},"author":1,"featured_media":0,"comment_status":"open","ping_status":"closed","sticky":false,"template":"","format":"standard","meta":{"ngg_post_thumbnail":0,"jetpack_post_was_ever_published":false,"_jetpack_newsletter_access":"","_jetpack_dont_email_post_to_subs":false,"_jetpack_newsletter_tier_id":0,"_jetpack_memberships_contains_paywalled_content":false,"_jetpack_memberships_contains_paid_content":false,"footnotes":"","jetpack_publicize_message":"","jetpack_publicize_feature_enabled":true,"jetpack_social_post_already_shared":true,"jetpack_social_options":{"image_generator_settings":{"template":"highway","enabled":false},"version":2}},"categories":[2,6,361],"tags":[567,501,366,568],"class_list":["post-10914","post","type-post","status-publish","format-standard","hentry","category-a-la-une","category-economie","category-energie","tag-bien-commun","tag-electricite","tag-energie","tag-maxime-tallant","infinite-scroll-item","masonry-post","generate-columns","tablet-grid-50","mobile-grid-100","grid-parent","grid-33"],"jetpack_publicize_connections":[],"yoast_head":"<!-- This site is optimized with the Yoast SEO plugin v27.4 - https:\/\/yoast.com\/product\/yoast-seo-wordpress\/ -->\n<title>L\u2019\u00e9lectricit\u00e9, un bien commun dans les mains du march\u00e9 - Le blog politique de Gaston<\/title>\n<meta name=\"robots\" content=\"index, follow, max-snippet:-1, max-image-preview:large, max-video-preview:-1\" \/>\n<link rel=\"canonical\" href=\"https:\/\/www.gastonballiot.fr\/?p=10914\" \/>\n<meta property=\"og:locale\" content=\"fr_FR\" \/>\n<meta property=\"og:type\" content=\"article\" \/>\n<meta property=\"og:title\" content=\"L\u2019\u00e9lectricit\u00e9, un bien commun dans les mains du march\u00e9 - Le blog politique de Gaston\" \/>\n<meta property=\"og:description\" content=\"Lu dans le courrier des lecteurs Ouest France, f\u00e9vrier 2023 Billet de Maxime Tallant, \u00e9tudiant en journalisme. Intervention de Bernard Jasserand, maire adjoint de Quimper L&rsquo;ex Haut-Commissaire \u00e0 l&rsquo;\u00e9nergie atomique d\u00e9zingue l&rsquo;inculture stup\u00e9fiante des&nbsp;politiques L&rsquo;enjeu \u00e9nerg\u00e9tique, par Jean-Marc Durand, revue \u00c9conomie &amp; Politique, constat et propositions Absurdistan \u00e9lectrique, article du Monde Diplomatique de d\u00e9cembre 2022 Relever le d\u00e9fi \u00e9nerg\u00e9tique, tract du PCF ************************************** ************************************** Billet de blog publi\u00e9 dans Mediapart le 28\/11\/2022 par Maxime Tallant https:\/\/blogs.mediapart.fr\/maximetallant\/blog\/281122\/l-electricite-un-bien-commun-dans-les-mains-du-marche?userid=94e6d098-0e51-4a4a-bfb0-5851842737cd L\u2019\u00e9lectricit\u00e9, un bien commun dans ... Lire la suite...\" \/>\n<meta property=\"og:url\" content=\"https:\/\/www.gastonballiot.fr\/?p=10914\" \/>\n<meta property=\"og:site_name\" content=\"Le blog politique de Gaston\" \/>\n<meta property=\"article:publisher\" content=\"https:\/\/www.facebook.com\/gaston.balliot\/\" \/>\n<meta property=\"article:author\" content=\"https:\/\/www.facebook.com\/gaston.balliot\/\" \/>\n<meta property=\"article:published_time\" content=\"2022-12-03T10:24:48+00:00\" \/>\n<meta property=\"article:modified_time\" content=\"2023-02-15T08:53:17+00:00\" \/>\n<meta property=\"og:image\" content=\"https:\/\/www.gastonballiot.fr\/wp-content\/uploads\/2022\/12\/Electricite-OF13fev23.jpg\" \/>\n<meta name=\"author\" content=\"gb\" \/>\n<meta name=\"twitter:card\" content=\"summary_large_image\" \/>\n<meta name=\"twitter:label1\" content=\"\u00c9crit par\" \/>\n\t<meta name=\"twitter:data1\" content=\"gb\" \/>\n\t<meta name=\"twitter:label2\" content=\"Dur\u00e9e de lecture estim\u00e9e\" \/>\n\t<meta name=\"twitter:data2\" content=\"23 minutes\" \/>\n<script type=\"application\/ld+json\" class=\"yoast-schema-graph\">{\"@context\":\"https:\\\/\\\/schema.org\",\"@graph\":[{\"@type\":\"Article\",\"@id\":\"https:\\\/\\\/www.gastonballiot.fr\\\/?p=10914#article\",\"isPartOf\":{\"@id\":\"https:\\\/\\\/www.gastonballiot.fr\\\/?p=10914\"},\"author\":{\"name\":\"gb\",\"@id\":\"https:\\\/\\\/www.gastonballiot.fr\\\/#\\\/schema\\\/person\\\/244a5e02696abd8a65c5b1bebdb948ca\"},\"headline\":\"L\u2019\u00e9lectricit\u00e9, un bien commun dans les mains du march\u00e9\",\"datePublished\":\"2022-12-03T10:24:48+00:00\",\"dateModified\":\"2023-02-15T08:53:17+00:00\",\"mainEntityOfPage\":{\"@id\":\"https:\\\/\\\/www.gastonballiot.fr\\\/?p=10914\"},\"wordCount\":4912,\"commentCount\":0,\"publisher\":{\"@id\":\"https:\\\/\\\/www.gastonballiot.fr\\\/#\\\/schema\\\/person\\\/244a5e02696abd8a65c5b1bebdb948ca\"},\"image\":{\"@id\":\"https:\\\/\\\/www.gastonballiot.fr\\\/?p=10914#primaryimage\"},\"thumbnailUrl\":\"https:\\\/\\\/www.gastonballiot.fr\\\/wp-content\\\/uploads\\\/2022\\\/12\\\/Electricite-OF13fev23.jpg\",\"keywords\":[\"bien commun\",\"\u00e9lectricit\u00e9\",\"\u00e9nergie\",\"Maxime Tallant\"],\"articleSection\":[\"A la une\",\"Economie\",\"Energie\"],\"inLanguage\":\"fr-FR\",\"potentialAction\":[{\"@type\":\"CommentAction\",\"name\":\"Comment\",\"target\":[\"https:\\\/\\\/www.gastonballiot.fr\\\/?p=10914#respond\"]}]},{\"@type\":\"WebPage\",\"@id\":\"https:\\\/\\\/www.gastonballiot.fr\\\/?p=10914\",\"url\":\"https:\\\/\\\/www.gastonballiot.fr\\\/?p=10914\",\"name\":\"L\u2019\u00e9lectricit\u00e9, un bien commun dans les mains du march\u00e9 - Le blog politique de Gaston\",\"isPartOf\":{\"@id\":\"https:\\\/\\\/www.gastonballiot.fr\\\/#website\"},\"primaryImageOfPage\":{\"@id\":\"https:\\\/\\\/www.gastonballiot.fr\\\/?p=10914#primaryimage\"},\"image\":{\"@id\":\"https:\\\/\\\/www.gastonballiot.fr\\\/?p=10914#primaryimage\"},\"thumbnailUrl\":\"https:\\\/\\\/www.gastonballiot.fr\\\/wp-content\\\/uploads\\\/2022\\\/12\\\/Electricite-OF13fev23.jpg\",\"datePublished\":\"2022-12-03T10:24:48+00:00\",\"dateModified\":\"2023-02-15T08:53:17+00:00\",\"breadcrumb\":{\"@id\":\"https:\\\/\\\/www.gastonballiot.fr\\\/?p=10914#breadcrumb\"},\"inLanguage\":\"fr-FR\",\"potentialAction\":[{\"@type\":\"ReadAction\",\"target\":[\"https:\\\/\\\/www.gastonballiot.fr\\\/?p=10914\"]}]},{\"@type\":\"ImageObject\",\"inLanguage\":\"fr-FR\",\"@id\":\"https:\\\/\\\/www.gastonballiot.fr\\\/?p=10914#primaryimage\",\"url\":\"https:\\\/\\\/i0.wp.com\\\/www.gastonballiot.fr\\\/wp-content\\\/uploads\\\/2022\\\/12\\\/Electricite-OF13fev23.jpg?fit=591%2C923&ssl=1\",\"contentUrl\":\"https:\\\/\\\/i0.wp.com\\\/www.gastonballiot.fr\\\/wp-content\\\/uploads\\\/2022\\\/12\\\/Electricite-OF13fev23.jpg?fit=591%2C923&ssl=1\",\"width\":591,\"height\":923},{\"@type\":\"BreadcrumbList\",\"@id\":\"https:\\\/\\\/www.gastonballiot.fr\\\/?p=10914#breadcrumb\",\"itemListElement\":[{\"@type\":\"ListItem\",\"position\":1,\"name\":\"Accueil\",\"item\":\"https:\\\/\\\/www.gastonballiot.fr\\\/\"},{\"@type\":\"ListItem\",\"position\":2,\"name\":\"L\u2019\u00e9lectricit\u00e9, un bien commun dans les mains du march\u00e9\"}]},{\"@type\":\"WebSite\",\"@id\":\"https:\\\/\\\/www.gastonballiot.fr\\\/#website\",\"url\":\"https:\\\/\\\/www.gastonballiot.fr\\\/\",\"name\":\"Le blog politique de Gaston\",\"description\":\"L&#039;humain d&#039;abord, pas la finance !\",\"publisher\":{\"@id\":\"https:\\\/\\\/www.gastonballiot.fr\\\/#\\\/schema\\\/person\\\/244a5e02696abd8a65c5b1bebdb948ca\"},\"potentialAction\":[{\"@type\":\"SearchAction\",\"target\":{\"@type\":\"EntryPoint\",\"urlTemplate\":\"https:\\\/\\\/www.gastonballiot.fr\\\/?s={search_term_string}\"},\"query-input\":{\"@type\":\"PropertyValueSpecification\",\"valueRequired\":true,\"valueName\":\"search_term_string\"}}],\"inLanguage\":\"fr-FR\"},{\"@type\":[\"Person\",\"Organization\"],\"@id\":\"https:\\\/\\\/www.gastonballiot.fr\\\/#\\\/schema\\\/person\\\/244a5e02696abd8a65c5b1bebdb948ca\",\"name\":\"gb\",\"image\":{\"@type\":\"ImageObject\",\"inLanguage\":\"fr-FR\",\"@id\":\"https:\\\/\\\/i0.wp.com\\\/www.gastonballiot.fr\\\/wp-content\\\/uploads\\\/2017\\\/04\\\/cropped-Marianne-drapeau-rouge.gif?fit=512%2C512&ssl=1\",\"url\":\"https:\\\/\\\/i0.wp.com\\\/www.gastonballiot.fr\\\/wp-content\\\/uploads\\\/2017\\\/04\\\/cropped-Marianne-drapeau-rouge.gif?fit=512%2C512&ssl=1\",\"contentUrl\":\"https:\\\/\\\/i0.wp.com\\\/www.gastonballiot.fr\\\/wp-content\\\/uploads\\\/2017\\\/04\\\/cropped-Marianne-drapeau-rouge.gif?fit=512%2C512&ssl=1\",\"width\":512,\"height\":512,\"caption\":\"gb\"},\"logo\":{\"@id\":\"https:\\\/\\\/i0.wp.com\\\/www.gastonballiot.fr\\\/wp-content\\\/uploads\\\/2017\\\/04\\\/cropped-Marianne-drapeau-rouge.gif?fit=512%2C512&ssl=1\"},\"description\":\"Gaston Balliot, militant du Front de Gauche en pays bigouden - Pont L'Abb\u00e9 - Loctudy - Guilvinec - Penmarc'h - Ile Tudy - Combrit Ste Marine - Tr\u00e9meoc - Plon\u00e9our, p\u00eache tourisme\",\"sameAs\":[\"https:\\\/\\\/www.facebook.com\\\/gaston.balliot\\\/\"]}]}<\/script>\n<!-- \/ Yoast SEO plugin. -->","yoast_head_json":{"title":"L\u2019\u00e9lectricit\u00e9, un bien commun dans les mains du march\u00e9 - Le blog politique de Gaston","robots":{"index":"index","follow":"follow","max-snippet":"max-snippet:-1","max-image-preview":"max-image-preview:large","max-video-preview":"max-video-preview:-1"},"canonical":"https:\/\/www.gastonballiot.fr\/?p=10914","og_locale":"fr_FR","og_type":"article","og_title":"L\u2019\u00e9lectricit\u00e9, un bien commun dans les mains du march\u00e9 - Le blog politique de Gaston","og_description":"Lu dans le courrier des lecteurs Ouest France, f\u00e9vrier 2023 Billet de Maxime Tallant, \u00e9tudiant en journalisme. Intervention de Bernard Jasserand, maire adjoint de Quimper L&rsquo;ex Haut-Commissaire \u00e0 l&rsquo;\u00e9nergie atomique d\u00e9zingue l&rsquo;inculture stup\u00e9fiante des&nbsp;politiques L&rsquo;enjeu \u00e9nerg\u00e9tique, par Jean-Marc Durand, revue \u00c9conomie &amp; Politique, constat et propositions Absurdistan \u00e9lectrique, article du Monde Diplomatique de d\u00e9cembre 2022 Relever le d\u00e9fi \u00e9nerg\u00e9tique, tract du PCF ************************************** ************************************** Billet de blog publi\u00e9 dans Mediapart le 28\/11\/2022 par Maxime Tallant https:\/\/blogs.mediapart.fr\/maximetallant\/blog\/281122\/l-electricite-un-bien-commun-dans-les-mains-du-marche?userid=94e6d098-0e51-4a4a-bfb0-5851842737cd L\u2019\u00e9lectricit\u00e9, un bien commun dans ... Lire la suite...","og_url":"https:\/\/www.gastonballiot.fr\/?p=10914","og_site_name":"Le blog politique de Gaston","article_publisher":"https:\/\/www.facebook.com\/gaston.balliot\/","article_author":"https:\/\/www.facebook.com\/gaston.balliot\/","article_published_time":"2022-12-03T10:24:48+00:00","article_modified_time":"2023-02-15T08:53:17+00:00","og_image":[{"url":"https:\/\/www.gastonballiot.fr\/wp-content\/uploads\/2022\/12\/Electricite-OF13fev23.jpg","type":"","width":"","height":""}],"author":"gb","twitter_card":"summary_large_image","twitter_misc":{"\u00c9crit par":"gb","Dur\u00e9e de lecture estim\u00e9e":"23 minutes"},"schema":{"@context":"https:\/\/schema.org","@graph":[{"@type":"Article","@id":"https:\/\/www.gastonballiot.fr\/?p=10914#article","isPartOf":{"@id":"https:\/\/www.gastonballiot.fr\/?p=10914"},"author":{"name":"gb","@id":"https:\/\/www.gastonballiot.fr\/#\/schema\/person\/244a5e02696abd8a65c5b1bebdb948ca"},"headline":"L\u2019\u00e9lectricit\u00e9, un bien commun dans les mains du march\u00e9","datePublished":"2022-12-03T10:24:48+00:00","dateModified":"2023-02-15T08:53:17+00:00","mainEntityOfPage":{"@id":"https:\/\/www.gastonballiot.fr\/?p=10914"},"wordCount":4912,"commentCount":0,"publisher":{"@id":"https:\/\/www.gastonballiot.fr\/#\/schema\/person\/244a5e02696abd8a65c5b1bebdb948ca"},"image":{"@id":"https:\/\/www.gastonballiot.fr\/?p=10914#primaryimage"},"thumbnailUrl":"https:\/\/www.gastonballiot.fr\/wp-content\/uploads\/2022\/12\/Electricite-OF13fev23.jpg","keywords":["bien commun","\u00e9lectricit\u00e9","\u00e9nergie","Maxime Tallant"],"articleSection":["A la une","Economie","Energie"],"inLanguage":"fr-FR","potentialAction":[{"@type":"CommentAction","name":"Comment","target":["https:\/\/www.gastonballiot.fr\/?p=10914#respond"]}]},{"@type":"WebPage","@id":"https:\/\/www.gastonballiot.fr\/?p=10914","url":"https:\/\/www.gastonballiot.fr\/?p=10914","name":"L\u2019\u00e9lectricit\u00e9, un bien commun dans les mains du march\u00e9 - Le blog politique de Gaston","isPartOf":{"@id":"https:\/\/www.gastonballiot.fr\/#website"},"primaryImageOfPage":{"@id":"https:\/\/www.gastonballiot.fr\/?p=10914#primaryimage"},"image":{"@id":"https:\/\/www.gastonballiot.fr\/?p=10914#primaryimage"},"thumbnailUrl":"https:\/\/www.gastonballiot.fr\/wp-content\/uploads\/2022\/12\/Electricite-OF13fev23.jpg","datePublished":"2022-12-03T10:24:48+00:00","dateModified":"2023-02-15T08:53:17+00:00","breadcrumb":{"@id":"https:\/\/www.gastonballiot.fr\/?p=10914#breadcrumb"},"inLanguage":"fr-FR","potentialAction":[{"@type":"ReadAction","target":["https:\/\/www.gastonballiot.fr\/?p=10914"]}]},{"@type":"ImageObject","inLanguage":"fr-FR","@id":"https:\/\/www.gastonballiot.fr\/?p=10914#primaryimage","url":"https:\/\/i0.wp.com\/www.gastonballiot.fr\/wp-content\/uploads\/2022\/12\/Electricite-OF13fev23.jpg?fit=591%2C923&ssl=1","contentUrl":"https:\/\/i0.wp.com\/www.gastonballiot.fr\/wp-content\/uploads\/2022\/12\/Electricite-OF13fev23.jpg?fit=591%2C923&ssl=1","width":591,"height":923},{"@type":"BreadcrumbList","@id":"https:\/\/www.gastonballiot.fr\/?p=10914#breadcrumb","itemListElement":[{"@type":"ListItem","position":1,"name":"Accueil","item":"https:\/\/www.gastonballiot.fr\/"},{"@type":"ListItem","position":2,"name":"L\u2019\u00e9lectricit\u00e9, un bien commun dans les mains du march\u00e9"}]},{"@type":"WebSite","@id":"https:\/\/www.gastonballiot.fr\/#website","url":"https:\/\/www.gastonballiot.fr\/","name":"Le blog politique de Gaston","description":"L&#039;humain d&#039;abord, pas la finance !","publisher":{"@id":"https:\/\/www.gastonballiot.fr\/#\/schema\/person\/244a5e02696abd8a65c5b1bebdb948ca"},"potentialAction":[{"@type":"SearchAction","target":{"@type":"EntryPoint","urlTemplate":"https:\/\/www.gastonballiot.fr\/?s={search_term_string}"},"query-input":{"@type":"PropertyValueSpecification","valueRequired":true,"valueName":"search_term_string"}}],"inLanguage":"fr-FR"},{"@type":["Person","Organization"],"@id":"https:\/\/www.gastonballiot.fr\/#\/schema\/person\/244a5e02696abd8a65c5b1bebdb948ca","name":"gb","image":{"@type":"ImageObject","inLanguage":"fr-FR","@id":"https:\/\/i0.wp.com\/www.gastonballiot.fr\/wp-content\/uploads\/2017\/04\/cropped-Marianne-drapeau-rouge.gif?fit=512%2C512&ssl=1","url":"https:\/\/i0.wp.com\/www.gastonballiot.fr\/wp-content\/uploads\/2017\/04\/cropped-Marianne-drapeau-rouge.gif?fit=512%2C512&ssl=1","contentUrl":"https:\/\/i0.wp.com\/www.gastonballiot.fr\/wp-content\/uploads\/2017\/04\/cropped-Marianne-drapeau-rouge.gif?fit=512%2C512&ssl=1","width":512,"height":512,"caption":"gb"},"logo":{"@id":"https:\/\/i0.wp.com\/www.gastonballiot.fr\/wp-content\/uploads\/2017\/04\/cropped-Marianne-drapeau-rouge.gif?fit=512%2C512&ssl=1"},"description":"Gaston Balliot, militant du Front de Gauche en pays bigouden - Pont L'Abb\u00e9 - Loctudy - Guilvinec - Penmarc'h - Ile Tudy - Combrit Ste Marine - Tr\u00e9meoc - Plon\u00e9our, p\u00eache tourisme","sameAs":["https:\/\/www.facebook.com\/gaston.balliot\/"]}]}},"jetpack_featured_media_url":"","jetpack_shortlink":"https:\/\/wp.me\/p5UTaD-2Q2","jetpack-related-posts":[],"jetpack_likes_enabled":true,"jetpack_sharing_enabled":true,"_links":{"self":[{"href":"https:\/\/www.gastonballiot.fr\/index.php?rest_route=\/wp\/v2\/posts\/10914","targetHints":{"allow":["GET"]}}],"collection":[{"href":"https:\/\/www.gastonballiot.fr\/index.php?rest_route=\/wp\/v2\/posts"}],"about":[{"href":"https:\/\/www.gastonballiot.fr\/index.php?rest_route=\/wp\/v2\/types\/post"}],"author":[{"embeddable":true,"href":"https:\/\/www.gastonballiot.fr\/index.php?rest_route=\/wp\/v2\/users\/1"}],"replies":[{"embeddable":true,"href":"https:\/\/www.gastonballiot.fr\/index.php?rest_route=%2Fwp%2Fv2%2Fcomments&post=10914"}],"version-history":[{"count":0,"href":"https:\/\/www.gastonballiot.fr\/index.php?rest_route=\/wp\/v2\/posts\/10914\/revisions"}],"wp:attachment":[{"href":"https:\/\/www.gastonballiot.fr\/index.php?rest_route=%2Fwp%2Fv2%2Fmedia&parent=10914"}],"wp:term":[{"taxonomy":"category","embeddable":true,"href":"https:\/\/www.gastonballiot.fr\/index.php?rest_route=%2Fwp%2Fv2%2Fcategories&post=10914"},{"taxonomy":"post_tag","embeddable":true,"href":"https:\/\/www.gastonballiot.fr\/index.php?rest_route=%2Fwp%2Fv2%2Ftags&post=10914"}],"curies":[{"name":"wp","href":"https:\/\/api.w.org\/{rel}","templated":true}]}}