{"id":11129,"date":"2023-02-10T10:24:21","date_gmt":"2023-02-10T09:24:21","guid":{"rendered":"https:\/\/www.gastonballiot.fr\/?p=11129"},"modified":"2023-03-01T10:50:53","modified_gmt":"2023-03-01T09:50:53","slug":"les-affaires-bien-presentes-dans-notre-regime-quant-au-mensonge-cest-une-methode","status":"publish","type":"post","link":"https:\/\/www.gastonballiot.fr\/?p=11129","title":{"rendered":"Les affaires.. Bien pr\u00e9sentes dans notre r\u00e9gime. Quant au mensonge, c&rsquo;est une m\u00e9thode."},"content":{"rendered":"<p>La <strong>corruption<\/strong>, c&rsquo;est bien connu, c&rsquo;est ailleurs&#8230; Effectivement il n&rsquo;est pas difficile de trouver des r\u00e9gimes corrompus autour de nous. Dans certains pays elle est tr\u00e8s visible car elle atteint la base. Chez nous on la cache car elle est au pouvoir. Les ripoux se prot\u00e8gent entre eux car les int\u00e9r\u00eats sont \u00e9normes.<\/p>\n<p style=\"text-align: center;\"><strong>En vrac, quelques affaires r\u00e9centes<\/strong><!--more--><\/p>\n<ul>\n<li>Macron\/Benalla &#8211;&nbsp;Dupont Moretti &#8211;&nbsp;Cahuzac &#8211;&nbsp;Fillon &#8211;&nbsp;DSK &#8211;&nbsp;Sarkozy\/Libye &#8211;&nbsp;Balkany &#8211;&nbsp;Dussopt &#8211;&nbsp;Ferrand &#8211;&nbsp;Darmanin &#8211;&nbsp;etc..<\/li>\n<\/ul>\n<p>Et, en plus des \u00ab\u00a0affaires\u00a0\u00bb, les <strong>mensonges<\/strong>. Pour ce gouvernement c&rsquo;est une m\u00e9thode constante.<\/p>\n<p style=\"text-align: center;\"><strong>Ils ne sont pas seulement menteurs, ils sont le mensonge !<\/strong><\/p>\n<p>On avait eu Hollande avec son \u00ab\u00a0mon ennemi c&rsquo;est la finance\u00a0\u00bb. On a maintenant Macron et son \u00e9quipe voulant cacher leur soumission \u00e0 cette finance en inventant des fables. Attal et V\u00e9ran sont pas mal dans ce domaine, des pros..<\/p>\n<p>La derni\u00e8re en date : <strong>\u00ab\u00a0Nous voulons sauver le syst\u00e8me de retraites par r\u00e9partition\u00a0\u00bb<\/strong> alors que la r\u00e9alit\u00e9 est <strong>\u00ab\u00a0Nous voulons le tuer pour instaurer un syst\u00e8me par capitalisation\u00a0\u00bb.<\/strong><\/p>\n<p><strong><a href=\"https:\/\/i0.wp.com\/www.gastonballiot.fr\/wp-content\/uploads\/2023\/02\/Mensonge.jpg?ssl=1\"><img data-recalc-dims=\"1\" loading=\"lazy\" decoding=\"async\" data-attachment-id=\"11148\" data-permalink=\"https:\/\/www.gastonballiot.fr\/?attachment_id=11148#main\" data-orig-file=\"https:\/\/i0.wp.com\/www.gastonballiot.fr\/wp-content\/uploads\/2023\/02\/Mensonge.jpg?fit=744%2C222&amp;ssl=1\" data-orig-size=\"744,222\" data-comments-opened=\"1\" data-image-meta=\"{&quot;aperture&quot;:&quot;0&quot;,&quot;credit&quot;:&quot;&quot;,&quot;camera&quot;:&quot;&quot;,&quot;caption&quot;:&quot;&quot;,&quot;created_timestamp&quot;:&quot;0&quot;,&quot;copyright&quot;:&quot;&quot;,&quot;focal_length&quot;:&quot;0&quot;,&quot;iso&quot;:&quot;0&quot;,&quot;shutter_speed&quot;:&quot;0&quot;,&quot;title&quot;:&quot;&quot;,&quot;orientation&quot;:&quot;0&quot;}\" data-image-title=\"Mensonge\" data-image-description=\"\" data-image-caption=\"\" data-medium-file=\"https:\/\/i0.wp.com\/www.gastonballiot.fr\/wp-content\/uploads\/2023\/02\/Mensonge.jpg?fit=300%2C90&amp;ssl=1\" data-large-file=\"https:\/\/i0.wp.com\/www.gastonballiot.fr\/wp-content\/uploads\/2023\/02\/Mensonge.jpg?fit=744%2C222&amp;ssl=1\" class=\"aligncenter size-full wp-image-11148\" src=\"https:\/\/i0.wp.com\/www.gastonballiot.fr\/wp-content\/uploads\/2023\/02\/Mensonge.jpg?resize=744%2C222&#038;ssl=1\" alt=\"\" width=\"744\" height=\"222\" srcset=\"https:\/\/i0.wp.com\/www.gastonballiot.fr\/wp-content\/uploads\/2023\/02\/Mensonge.jpg?w=744&amp;ssl=1 744w, https:\/\/i0.wp.com\/www.gastonballiot.fr\/wp-content\/uploads\/2023\/02\/Mensonge.jpg?resize=300%2C90&amp;ssl=1 300w\" sizes=\"auto, (max-width: 744px) 100vw, 744px\" \/><\/a><\/strong>Et, cette semaine lorsque que Agn\u00e8s Verdier Molinier, propagandiste d&rsquo;un lobby ultra lib\u00e9ral, l\u00e2che : <strong>\u00ab\u00a0Nous devons faire cette r\u00e9forme des retraites sinon le monde de la finance nous le ferait payer cher\u00a0\u00bb, <\/strong>on consid\u00e8re non pas qu&rsquo;elle a avou\u00e9, mais qu&rsquo;elle a fait une gaffe !<\/p>\n<figure id=\"attachment_11142\" aria-describedby=\"caption-attachment-11142\" style=\"width: 642px\" class=\"wp-caption aligncenter\"><a href=\"https:\/\/i0.wp.com\/www.gastonballiot.fr\/wp-content\/uploads\/2023\/02\/MacronMenteur.jpg?ssl=1\"><img data-recalc-dims=\"1\" loading=\"lazy\" decoding=\"async\" data-attachment-id=\"11142\" data-permalink=\"https:\/\/www.gastonballiot.fr\/?attachment_id=11142#main\" data-orig-file=\"https:\/\/i0.wp.com\/www.gastonballiot.fr\/wp-content\/uploads\/2023\/02\/MacronMenteur.jpg?fit=652%2C276&amp;ssl=1\" data-orig-size=\"652,276\" data-comments-opened=\"1\" data-image-meta=\"{&quot;aperture&quot;:&quot;0&quot;,&quot;credit&quot;:&quot;&quot;,&quot;camera&quot;:&quot;&quot;,&quot;caption&quot;:&quot;&quot;,&quot;created_timestamp&quot;:&quot;0&quot;,&quot;copyright&quot;:&quot;&quot;,&quot;focal_length&quot;:&quot;0&quot;,&quot;iso&quot;:&quot;0&quot;,&quot;shutter_speed&quot;:&quot;0&quot;,&quot;title&quot;:&quot;&quot;,&quot;orientation&quot;:&quot;0&quot;}\" data-image-title=\"MacronMenteur\" data-image-description=\"\" data-image-caption=\"\" data-medium-file=\"https:\/\/i0.wp.com\/www.gastonballiot.fr\/wp-content\/uploads\/2023\/02\/MacronMenteur.jpg?fit=300%2C127&amp;ssl=1\" data-large-file=\"https:\/\/i0.wp.com\/www.gastonballiot.fr\/wp-content\/uploads\/2023\/02\/MacronMenteur.jpg?fit=652%2C276&amp;ssl=1\" class=\"wp-image-11142 size-full\" src=\"https:\/\/i0.wp.com\/www.gastonballiot.fr\/wp-content\/uploads\/2023\/02\/MacronMenteur.jpg?resize=652%2C276&#038;ssl=1\" alt=\"\" width=\"652\" height=\"276\" srcset=\"https:\/\/i0.wp.com\/www.gastonballiot.fr\/wp-content\/uploads\/2023\/02\/MacronMenteur.jpg?w=652&amp;ssl=1 652w, https:\/\/i0.wp.com\/www.gastonballiot.fr\/wp-content\/uploads\/2023\/02\/MacronMenteur.jpg?resize=300%2C127&amp;ssl=1 300w\" sizes=\"auto, (max-width: 652px) 100vw, 652px\" \/><\/a><figcaption id=\"caption-attachment-11142\" class=\"wp-caption-text\">avant d&rsquo;\u00eatre embauch\u00e9 dans la m\u00eame \u00e9quipe..<\/figcaption><\/figure>\n<hr>\n<h2 style=\"text-align: center;\"><a href=\"https:\/\/enavantlemanifeste.fr\/2023\/02\/15\/catherine-mills-retraites-les-mensonges-du-gouvernement\/\" target=\"_blank\" rel=\"noopener\">Catherine Mills, \u00e9conomiste, les mensonges du gouvernement \u00e0 propos des retraites<\/a><\/h2>\n<p style=\"text-align: center;\">&#8212;&#8212;&#8212;&#8212;&#8212;&#8212;&#8212;&#8212;&#8212;&#8212;&#8212;&#8212;&#8212;&#8211;<\/p>\n<p><a href=\"https:\/\/i0.wp.com\/www.gastonballiot.fr\/wp-content\/uploads\/2023\/02\/IlsMentent.jpg?ssl=1\"><img data-recalc-dims=\"1\" loading=\"lazy\" decoding=\"async\" data-attachment-id=\"11196\" data-permalink=\"https:\/\/www.gastonballiot.fr\/?attachment_id=11196#main\" data-orig-file=\"https:\/\/i0.wp.com\/www.gastonballiot.fr\/wp-content\/uploads\/2023\/02\/IlsMentent.jpg?fit=526%2C705&amp;ssl=1\" data-orig-size=\"526,705\" data-comments-opened=\"1\" data-image-meta=\"{&quot;aperture&quot;:&quot;0&quot;,&quot;credit&quot;:&quot;&quot;,&quot;camera&quot;:&quot;&quot;,&quot;caption&quot;:&quot;&quot;,&quot;created_timestamp&quot;:&quot;0&quot;,&quot;copyright&quot;:&quot;&quot;,&quot;focal_length&quot;:&quot;0&quot;,&quot;iso&quot;:&quot;0&quot;,&quot;shutter_speed&quot;:&quot;0&quot;,&quot;title&quot;:&quot;&quot;,&quot;orientation&quot;:&quot;0&quot;}\" data-image-title=\"IlsMentent\" data-image-description=\"\" data-image-caption=\"\" data-medium-file=\"https:\/\/i0.wp.com\/www.gastonballiot.fr\/wp-content\/uploads\/2023\/02\/IlsMentent.jpg?fit=224%2C300&amp;ssl=1\" data-large-file=\"https:\/\/i0.wp.com\/www.gastonballiot.fr\/wp-content\/uploads\/2023\/02\/IlsMentent.jpg?fit=526%2C705&amp;ssl=1\" class=\"aligncenter size-full wp-image-11196\" src=\"https:\/\/i0.wp.com\/www.gastonballiot.fr\/wp-content\/uploads\/2023\/02\/IlsMentent.jpg?resize=526%2C705&#038;ssl=1\" alt=\"\" width=\"526\" height=\"705\" srcset=\"https:\/\/i0.wp.com\/www.gastonballiot.fr\/wp-content\/uploads\/2023\/02\/IlsMentent.jpg?w=526&amp;ssl=1 526w, https:\/\/i0.wp.com\/www.gastonballiot.fr\/wp-content\/uploads\/2023\/02\/IlsMentent.jpg?resize=224%2C300&amp;ssl=1 224w\" sizes=\"auto, (max-width: 526px) 100vw, 526px\" \/><\/a><\/p>\n<p>&nbsp;<\/p>\n<p style=\"text-align: center;\">Quelques \u00e9l\u00e9ments sur la derni\u00e8re \u00ab\u00a0affaire\u00a0\u00bb, qui bien s\u00fbr, ne sera pas la derni\u00e8re&#8230;<\/p>\n<p style=\"text-align: center;\"><strong>Dans Mediapart :<\/strong><\/p>\n<h1 id=\"page-title\" class=\"heading-product:950 margin-top:200\" data-js=\"engagement-bar-show-trigger\">Affaire Dussopt&nbsp;: la r\u00e9alit\u00e9 des faits face au fantasme du complot<\/h1>\n<div class=\"news__heading__top__intro margin-top:500\">Le pr\u00e9sident Emmanuel Macron a renouvel\u00e9 ce mercredi son soutien au ministre du travail Olivier Dussopt, qui doit \u00eatre jug\u00e9 pour favoritisme, estimant que le timing de cette affaire ne doit rien au hasard. En vid\u00e9o, Mediapart revient sur les enjeux du dossier et d\u00e9monte un \u00e0 un les arguments du gouvernement.<\/div>\n<div class=\"margin-top:600 news__heading__captionless\">\n<figure class=\"media--video media--video-youtube\">\n<div class=\"media--video__iframe-wrapper\">&nbsp;<\/div>\n<\/figure>\n<\/div>\n<p><iframe loading=\"lazy\" title=\"Affaire DUSSOPT : la r\u00e9alit\u00e9 des faits face au fantasme du complot\" src=\"https:\/\/www.youtube.com\/embed\/WURhg6vbT5U\" width=\"1166\" height=\"656\" frameborder=\"0\" allowfullscreen=\"allowfullscreen\"><\/iframe><\/p>\n<p style=\"text-align: center;\"><strong>Dans l&rsquo;Humanit\u00e9 :<\/strong><\/p>\n<p><strong>Le ministre Olivier Dussopt&nbsp; rattrap\u00e9 par la justice :<\/strong><\/p>\n<p><strong><a href=\"https:\/\/www.humanite.fr\/politique\/olivier-dussopt\/olivier-dussopt-rattrape-par-la-justice-781409\" target=\"_blank\" rel=\"noopener\">https:\/\/www.humanite.fr\/politique\/olivier-dussopt\/olivier-dussopt-rattrape-par-la-justice-781409<\/a><\/strong><\/p>\n<p><strong><a href=\"https:\/\/www.humanite.fr\/politique\/reforme-des-retraites\/le-ministre-du-travail-olivier-dussopt-rattrape-par-la-justice-781316\" target=\"_blank\" rel=\"noopener\">https:\/\/www.humanite.fr\/politique\/reforme-des-retraites\/le-ministre-du-travail-olivier-dussopt-rattrape-par-la-justice-781316<\/a><\/strong><\/p>\n<hr>\n<p style=\"text-align: center;\">Et&nbsp; les preuves ne manquent pas :<\/p>\n<div class=\"moz-text-html\" lang=\"x-unicode\">\n<h1>Affaire Dussopt : le document qui ruine la d\u00e9fense du ministre<\/h1>\n<p>Contrairement \u00e0 ce que le ministre du travail a affirm\u00e9 tout le week-end, la police a bien mis la main, lors d\u2019une perquisition chez lui, sur des \u00e9changes compromettants avec l\u2019un des leaders fran\u00e7ais de la gestion de l\u2019eau. Le document, dont Mediapart r\u00e9v\u00e8le le contenu, est accablant : il montre des n\u00e9gociations occultes autour d\u2019un march\u00e9 public que le PNF consid\u00e8re aujourd\u2019hui comme truqu\u00e9.<\/p>\n<p><a href=\"https:\/\/www.mediapart.fr\/biographie\/fabrice-arfi\">Fabrice Arfi<\/a>, <a href=\"https:\/\/www.mediapart.fr\/biographie\/antton-rouget\">Antton Rouget<\/a>, <a href=\"https:\/\/www.mediapart.fr\/biographie\/ellen-salvi\">Ellen Salvi<\/a> et <a href=\"https:\/\/www.mediapart.fr\/biographie\/marine-turchi\">Marine Turchi<\/a><\/p>\n<p>6 f\u00e9vrier 2023 \u00e0 18h20<\/p>\n<ul>\n<li>Nouveau rebondissement dans l\u2019affaire Dussopt.<\/li>\n<li>Vendredi soir, nous annoncions que le ministre, qui d\u00e9fend actuellement le projet de r\u00e9forme des retraites, allait \u00eatre jug\u00e9 pour des faits de \u00ab favoritisme \u00bb.<\/li>\n<li>En 2020, nous avions r\u00e9v\u00e9l\u00e9 que la Saur, g\u00e9ant du march\u00e9 de l\u2019eau, lui avait offert en 2017 des \u0153uvres de son peintre favori, G\u00e9rard Garouste. La justice avait donc ouvert une enqu\u00eate pour comprendre les liens entre l\u2019ancien d\u00e9put\u00e9-maire et cette entreprise.<\/li>\n<li>Or, Mediapart a eu acc\u00e8s \u00e0 une pi\u00e8ce centrale d\u00e9couverte au cours de ces investigations : lors d\u2019une perquisition r\u00e9alis\u00e9e chez Olivier Dussopt, les policiers ont d\u00e9couvert le compte-rendu d\u2019une r\u00e9union r\u00e9dig\u00e9 par l\u2019\u00e9lu lui-m\u00eame.<\/li>\n<li>Le ministre avait pourtant affirm\u00e9 ce week-end sur France Inter que rien de compromettant n\u2019avait \u00e9t\u00e9 d\u00e9couvert \u00e0 son domicile.<\/li>\n<li>Le contenu du document se r\u00e9v\u00e8le accablant : en contradiction avec toutes les r\u00e8gles en vigueur pour l\u2019attribution de march\u00e9s, l\u2019\u00e9lu \u00e9voque avec le PDG de la SAUR les march\u00e9s \u00e0 venir, et lui signifie que sera prise en compte \u00ab la satisfaction \u00bb du \u00ab prestataire sortant \u00bb, \u00e0 savoir la Saur.<\/li>\n<li>L\u2019\u00e9lu, qui \u00e9voque les montants du contrat \u00e0 venir avec le PDG de la Saur, reprend m\u00eame dans sa note la crainte du prestataire d\u2019un \u00ab <em>dumping<\/em> \u00bb : autrement dit d\u2019une baisse des prix, qui serait pourtant avantageuses pour ses administr\u00e9s.<\/li>\n<li>Sollicit\u00e9, Olivier Dussopt n\u2019a pas r\u00e9pondu \u00e0 nos questions. Devant les enqu\u00eateurs, il a minimis\u00e9 la port\u00e9e de ce document.<\/li>\n<\/ul>\n<p>Olivier Dussopt a menti.<em> \u00ab Il n\u2019y a pas d\u2019\u00e9changes trouv\u00e9s \u00e0 mon domicile \u00bb<\/em>, a expliqu\u00e9 le ministre du travail sur <a href=\"https:\/\/www.youtube.com\/watch?v=CgQIDS5q4vA\">France Inter<\/a>, samedi 4 f\u00e9vrier, au lendemain des r\u00e9v\u00e9lations de Mediapart concernant les conclusions de l\u2019enqu\u00eate diligent\u00e9e par le Parquet national financier (PNF) sur ses relations avec la Saur, l\u2019un des leaders fran\u00e7ais du march\u00e9 de l\u2019eau. Au terme de leurs investigations, les magistrats du PNF ont estim\u00e9 qu\u2019Olivier Dussopt devait \u00eatre jug\u00e9 pour des faits de \u00ab favoritisme \u00bb autour d\u2019un march\u00e9 pass\u00e9 avec la compagnie priv\u00e9e.<\/p>\n<p>Contrairement aux affirmations du ministre, les policiers de l\u2019Office central de lutte contre la corruption et les infractions financi\u00e8res et fiscales (OCLCIFF) de la police judiciaire ont bel et bien saisi, au cours d\u2019une perquisition men\u00e9e \u00e0 son domicile personnel, le compte-rendu r\u00e9dig\u00e9 par Olivier Dussopt d\u2019une r\u00e9union avec le directeur g\u00e9n\u00e9ral de la Saur \u00e0 l\u2019\u00e9poque. Cet \u00e9change confondant, dont Mediapart a pu prendre connaissance, r\u00e9v\u00e8le les coulisses d\u2019une n\u00e9gociation occulte au b\u00e9n\u00e9fice d\u2019une soci\u00e9t\u00e9 qui, des ann\u00e9es plus tard, offrira deux \u0153uvres d\u2019art \u00e0 Olivier Dussopt.<\/p>\n<p>Le document en question est le compte-rendu d\u2019une rencontre au contenu confidentiel, qui s\u2019est tenue en amont d\u2019un futur appel d\u2019offres, dans le dos d\u2019autres candidats potentiels ou d\u00e9clar\u00e9s, entre Olivier Dussopt, alors maire de sa commune natale d\u2019Annonay (Ard\u00e8che), et le PDG de la Saur de l\u2019\u00e9poque, Olivier Brousse.<\/p>\n<p>Ce document est intitul\u00e9 <em>\u00ab rencontre OB\/OD290709 \u00bb<\/em> \u2013 <em>\u00ab OB \u00bb <\/em>pour Olivier Brousse et <em>\u00ab OD \u00bb<\/em> pour Olivier Dussopt. Il \u00e9voque noir sur blanc <em>\u00ab les march\u00e9s \u00e0 venir \u00bb<\/em>, discut\u00e9s entre les deux hommes lors de ce rendez-vous, le 29 juillet 2009.<\/p>\n<p>\u00c0 ce moment-l\u00e0, la mairie d\u2019Annonay pr\u00e9pare son passage en r\u00e9gie publique de la gestion de l\u2019eau, mettant fin \u00e0 quatre d\u00e9cennies de d\u00e9l\u00e9gation \u00e0 la Saur. La sortie du contrat avec ce prestataire \u2013 un contrat vivement contest\u00e9 pour son co\u00fbt par les usagers mais aussi par la <a href=\"https:\/\/www.ccomptes.fr\/fr\/documents\/19970\">chambre r\u00e9gionale des comptes<\/a> \u2013 constituait l\u2019une des promesses de campagne du candidat socialiste Olivier Dussopt lors des municipales de 2008.<\/p>\n<p>Un an plus tard, sous la pression de l\u2019Association des usagers de l\u2019eau de la r\u00e9gion d\u2019Annonay, le nouveau maire ne prolonge effectivement pas le contrat d\u2019affermage avec la Saur, qui arrive \u00e0 \u00e9ch\u00e9ance fin 2009.<\/p>\n<p>Or, comme le montre le compte-rendu de sa r\u00e9union avec Olivier Brousse, Olivier Dussopt pr\u00e9parait discr\u00e8tement en r\u00e9alit\u00e9 le retour de la Saur. Lors de la rencontre du 29 juillet 2009, les deux hommes r\u00e8glent d\u2019abord des d\u00e9tails sur le protocole d\u2019accord li\u00e9 \u00e0 la non-reconduction du contrat au 31 d\u00e9cembre.<\/p>\n<p><em>\u00ab Nous nous sommes f\u00e9licit\u00e9s que cela avance bien \u00bb<\/em>, \u00e9crit Olivier Dussopt dans le compte-rendu. Le maire et le patron de la Saur \u00e9changent notamment sur le co\u00fbt des travaux que l\u2019entreprise doit r\u00e9aliser pour la remise en \u00e9tat du r\u00e9seau. <em>\u00ab OD\/OB d\u2019accord sur ce point \u00bb<\/em>, peut-on lire dans le document.<\/p>\n<figure>\n<blockquote><p>[La Saur] souhaite que nous ne nous enfermions pas dans des crit\u00e8res trop contraignants.<\/blockquote><figcaption>Olivier Dussopt, dans une note confidentielle adress\u00e9e \u00e0 ses services<\/figcaption><\/figure>\n<p>Mais, particuli\u00e8rement g\u00eanant pour le ministre, la r\u00e9union aborde ensuite <em>\u00ab les march\u00e9s \u00e0 venir \u00bb<\/em>. D\u2019apr\u00e8s le document, Olivier Dussopt pr\u00e9cise lui-m\u00eame \u00e0 Olivier Brousse le calendrier des appels d\u2019offres lanc\u00e9s par la municipalit\u00e9, en se montrant confiant pour la candidature de la Saur : <em>\u00ab Je lui ai signifi\u00e9 que <\/em>[&#8230;] [seraient]<em> pris en compte dans cahiers des charges des d\u00e9lais d\u2019intervention et de la satisfaction\/prestataire sortant \u00bb<\/em>, \u00e9crit-il.<\/p>\n<p>Les discussions portent notamment sur l\u2019attribution d\u2019un contrat de prestation de services pour l\u2019exploitation des ouvrages d\u2019eau potable, et ce, pour cinq ann\u00e9es. <em>\u00ab OB <\/em>[Olivier Brousse \u2013 ndlr]<em> souhaite que nous ne nous enfermions pas dans des crit\u00e8res trop contraignants, craignant un dumping sur le prix \u00bb<\/em>, explique Olivier Dussopt dans la note. En clair, l\u2019\u00e9lu, qui relaierait ce souhait \u00e0 ses services, alerte sur des prix possiblement trop bas, ce qui serait pourtant avantageux pour ses administr\u00e9\u00b7es.<\/p>\n<aside>\u00c0 LIRE AUSSI<a href=\"https:\/\/www.mediapart.fr\/journal\/france\/dossier\/l-affaire-dussopt\">L\u2019affaire Dussopt<\/a><time datetime=\"2023-02-06 14:40:06\">6 f\u00e9vrier 2023<\/time><\/aside>\n<p>Visiblement main dans la main avec l\u2019entreprise priv\u00e9e, le maire ajoute aussi que le PDG de la Saur a carr\u00e9ment propos\u00e9 <em>\u00ab l\u2019assistance de son service juridique perso pour la r\u00e9daction de ces cahiers \u00bb<\/em>. En d\u2019autres termes, c\u2019est l\u2019un des candidats lui-m\u00eame qui poserait ses conditions \u00e0 la puissance publique et propose m\u00eame d\u2019en r\u00e9diger les termes, en potentielle violation des r\u00e8gles de concurrence libre et non fauss\u00e9e.<\/p>\n<p>En th\u00e9orie, dans le cadre d\u2019un march\u00e9 public, les candidats \u00e0 un appel d\u2019offres doivent avoir exactement le m\u00eame niveau d\u2019information et ne sont pas cens\u00e9s avoir un acc\u00e8s privil\u00e9gi\u00e9 aux \u00e9lu\u00b7es, c\u2019est-\u00e0-dire aux d\u00e9cideurs de l\u2019affectation de l\u2019argent public.<\/p>\n<h2><strong>Un compte-rendu transmis par Dussopt \u00e0 ses collaborateurs<\/strong><\/h2>\n<p>Au cours du rendez-vous, les deux hommes se sont aussi \u00e9chang\u00e9 des \u00e9l\u00e9ments financiers, d\u00e9crits par Olivier Dussopt lui-m\u00eame comme \u00e9tant <em>\u00ab tr\u00e8s informels \u00bb<\/em>, d\u2019apr\u00e8s le document.<\/p>\n<p>Lors de son audition par les enqu\u00eateurs, Olivier Dussopt a tent\u00e9 de minimiser la port\u00e9e de cette rencontre, expliquant qu\u2019il ne s\u2019agissait que d\u2019une r\u00e9union informelle sans cons\u00e9quences sur le march\u00e9 public et les d\u00e9cisions prises ensuite.<\/p>\n<p>Mais, \u00e0 l\u2019\u00e9poque, non seulement l\u2019\u00e9lu n\u2019a pas re\u00e7u les autres candidats \u00e0 l\u2019appel d\u2019offres comme il l\u2019a fait avec la Saur, mais il a transmis ce compte-rendu \u00e0 ses collaborateurs : son directeur de cabinet et le directeur g\u00e9n\u00e9ral des services de la ville.<\/p>\n<p>Lors de son audition, le ministre a assur\u00e9 qu\u2019il ne s\u2019agissait pas d\u2019instructions, mais simplement de remarques du patron de la Saur transmises \u00e0 ses \u00e9quipes. Probl\u00e8me : les enqu\u00eateurs et les magistrats ont une lecture diam\u00e9tralement oppos\u00e9e des faits.<\/p>\n<p>Finalement, cinq mois apr\u00e8s le rendez-vous, le march\u00e9 de l\u2019exploitation du service de l\u2019eau potable a bien \u00e9t\u00e9 attribu\u00e9 \u00e0 la Saur, au d\u00e9triment de Suez et Veolia, suivant exactement la chronologie qui a \u00e9t\u00e9 d\u00e9taill\u00e9e lors de la rencontre avec Olivier Brousse : r\u00e9daction du cahier des charges pendant l\u2019\u00e9t\u00e9, apr\u00e8s la r\u00e9union, pr\u00e9sentation en comit\u00e9 technique paritaire (CTP) et de la commission consultative des services publics locaux (CCSPL) le 14 septembre 2009, puis en conseil municipal le 21 septembre 2009, puis attribution en d\u00e9cembre.<\/p>\n<aside>Le ministre refuse de r\u00e9pondre aux questions de Mediapart.<\/aside>\n<p>Sollicit\u00e9 ce lundi, Olivier Dussopt, qui b\u00e9n\u00e9ficie de la pr\u00e9somption d\u2019innocence, n\u2019a pas r\u00e9pondu. Sur France Inter, ce week-end, il avait tent\u00e9 de relativiser le soup\u00e7on judiciaire qui p\u00e8se sur lui \u2013 le d\u00e9lit de \u00ab favoritisme \u00bb est passible de deux ans de prison et de 200 000 euros d\u2019amende. <em>\u00ab On parle d\u2019une soci\u00e9t\u00e9 qui avait la d\u00e9l\u00e9gation de service public depuis 42 ans, donc \u00e9videmment qu\u2019il fallait se parler, se voir, c\u2019\u00e9tait normal. Mais il n\u2019y a pas d\u2019arrangement et je continuerai \u00e0 le d\u00e9montrer \u00bb<\/em>, avait-il expliqu\u00e9, arguant que <em>\u00ab tous ces march\u00e9s ont \u00e9t\u00e9 pass\u00e9s par des commissions d\u2019appels d\u2019offres et aucun n\u2019a \u00e9t\u00e9 contest\u00e9 \u00bb<\/em>.<\/p>\n<p>De son c\u00f4t\u00e9, Olivier Brousse, joint par Mediapart, parle d\u2019une <em>\u00ab rencontre officielle \u00bb <\/em>: <em>\u00ab Le contexte, c\u2019est qu\u2019on se faisait virer apr\u00e8s 42 ans <\/em>[de d\u00e9l\u00e9gation]<em>, il s\u2019agissait de discuter du protocole de sortie de la d\u00e9l\u00e9gation de service public, c\u2019est une obligation l\u00e9gale. \u00bb<\/em> Et si <em>\u00ab l\u2019avenir \u00bb<\/em> a ensuite \u00e9t\u00e9 \u00e9voqu\u00e9, ce n\u2019est que pour respecter <em>\u00ab notre obligation de conseil pour maintenir la continuit\u00e9 du service public, savoir o\u00f9 sont les comp\u00e9tences, les techniciens \u00bb<\/em>, affirme-t-il.<\/p>\n<p>Il dit avoir simplement formul\u00e9 <em>\u00ab un conseil <\/em><em>\u00e0 un jeune \u00e9lu \u00bb<\/em> par rapport au risque d\u2019un prix trop bas pour ce march\u00e9 : <em>\u00ab L\u2019objet, c\u2019\u00e9tait de lui dire \u201cattention, ce sera au d\u00e9triment des comp\u00e9tences n\u00e9cessaires pour assurer ce service\u201d<\/em>. <em>\u00bb<\/em> Il indique avoir propos\u00e9 non pas son <em>\u00ab service juridique personnel \u00bb<\/em>, mais <em>\u00ab le contenu des clauses habituelles des appels d\u2019offres au mieux-disant \u00bb<\/em>, ce que le maire aurait <em>\u00ab refus\u00e9 \u00bb<\/em>.<\/p>\n<p>Le dirigeant assure que <em>\u00ab la discussion n\u2019a port\u00e9 que sur des informations qui \u00e9taient publiques et inexploitables, car il s\u2019agissait de chiffres globaux alors que le march\u00e9 \u00e9tait s\u00e9par\u00e9 en deux lots \u00bb<\/em>. Il ajoute que la Saur n\u2019a remport\u00e9 qu\u2019un des deux march\u00e9s, une goutte d\u2019eau dans son chiffre d\u2019affaires qui \u00e9tait \u00e0 l\u2019\u00e9poque de <em>\u00ab 1,6 milliard \u00bb<\/em>, dit-il.<\/p>\n<p>Apr\u00e8s six ans \u00e0 la t\u00eate de la Saur, Olivier Brousse a quitt\u00e9 l\u2019entreprise en 2014 \u00e0 la surprise g\u00e9n\u00e9rale avant de rejoindre le groupe V\u00e9olia, dans lequel il avait lanc\u00e9 sa carri\u00e8re. Depuis d\u00e9cembre 2021, il dirige Idverde, leader fran\u00e7ais de l\u2019entretien des espaces verts, au sein duquel il a souhait\u00e9 \u00eatre accompagn\u00e9, pour des missions de conseil \u00e0 partir de septembre 2022, par <a href=\"https:\/\/www.hatvp.fr\/wordpress\/wp-content\/uploads\/2022\/07\/2022-246-Jean-Castex.pdf\">l\u2019ancien premier ministre Jean Castex<\/a>.<\/p>\n<h2><strong>Un \u00ab amour immod\u00e9r\u00e9 \u00bb d\u2019Olivier Dussopt pour la Saur<\/strong><\/h2>\n<p>D\u00e8s 2009, des acteurs locaux, au premier rang desquels des associations de consommateurs, s\u2019\u00e9taient \u00e9mus du choix de la Saur, qui tra\u00eenait une tr\u00e8s mauvaise r\u00e9putation localement en mati\u00e8re de gestion de l\u2019eau. <em>\u00ab Je me suis toujours \u00e9tonn\u00e9 de l\u2019amour immod\u00e9r\u00e9 d\u2019Olivier Dussopt \u00e0 l\u2019\u00e9gard de la Saur \u00bb<\/em>, confie \u00e0 Mediapart Paul Linossier, ancien repr\u00e9sentant d\u2019UFC-Que choisir en Ard\u00e8che<\/p>\n<p><em>\u00ab En 2009, je si\u00e9geais \u00e0 <\/em><em>la commission consultative des services publics locaux (CCSPL), l\u2019appel d\u2019offres de prestations a \u00e9t\u00e9 lanc\u00e9 \u00e0 la vitesse grand V. J\u2019avais l\u2019impression qu\u2019Olivier Dussopt ne voulait pas que cela \u00e9chappe \u00e0 la Saur \u00bb<\/em>, poursuit ce cadre retrait\u00e9 de la Compagnie g\u00e9n\u00e9rale des eaux depuis les ann\u00e9es 2000.<\/p>\n<aside>\u00c0 LIRE AUSSI<a href=\"https:\/\/www.mediapart.fr\/journal\/france\/030223\/olivier-dussopt-menace-d-un-proces-dans-une-affaire-de-marche-truque\">Olivier Dussopt menac\u00e9 d\u2019un proc\u00e8s dans une affaire de march\u00e9 truqu\u00e9<\/a><time datetime=\"2023-02-03 19:08:26\">3 f\u00e9vrier 2023<\/time><\/aside>\n<p>Paul Linossier \u00e9voque aussi des conclusions d\u2019un autre march\u00e9, sur l\u2019assainissement celui-l\u00e0, attribu\u00e9 en janvier 2017 par la communaut\u00e9 d\u2019agglom\u00e9ration d\u2019Annonay \u00e0 la Saur. <em>\u00ab J\u2019\u00e9tais membre du conseil d\u2019exploitation, la Communaut\u00e9 d\u2019agglom\u00e9ration a fait le constat d\u2019un d\u00e9ficit gigantesque de renouvellement des installations \u00e9lectrom\u00e9caniques, accumul\u00e9 pendant les contrats d\u2019affermage successifs avec la Saur, alors que le renouvellement \u00e9tait clairement une charge des contrats d\u2019affermage. \u00bb<\/em><\/p>\n<p>Malgr\u00e9 ce passif, et un tarif plus \u00e9lev\u00e9 que son concurrent, la Lyonnaise des eaux, c\u2019est bien la Saur qui a remport\u00e9 le march\u00e9, s\u2019\u00e9tonne Paul Linossier.<\/p>\n<p>Comme <a href=\"https:\/\/www.mediapart.fr\/journal\/france\/200520\/l-art-des-affaires-du-ministre-dussopt\">Mediapart l\u2019a r\u00e9v\u00e9l\u00e9 en 2020<\/a>, c\u2019est d\u2019ailleurs la Saur qui avait sponsoris\u00e9 en 2011 une lettre parlementaire du m\u00eame Olivier Dussopt et qui lui avait offert en 2017 deux lithographies de son peintre pr\u00e9f\u00e9r\u00e9, G\u00e9rard Garouste.<\/p>\n<p>L\u2019actuel ministre du travail avait d\u00e9menti dans un premier temps un cadeau de l\u2019entreprise, avant de le reconna\u00eetre et d\u2019estimer devoir restituer les \u0153uvres. Apr\u00e8s analyse juridique, le PNF a estim\u00e9 que la faible valeur des \u0153uvres \u2013 moins de 1 000 euros \u2013 ne pouvait justifier un pacte de corruption. En revanche, les magistrats estiment avoir suffisamment d\u2019\u00e9l\u00e9ments pour soutenir une accusation de \u00ab favoritisme \u00bb devant un tribunal \u00e0 l\u2019\u00e9gard du ministre et de la Saur, en tant que receleur. Dans un communiqu\u00e9, l\u2019entreprise estime que l\u2019accusation qui la vise aussi <em>\u00ab n\u2019est pas justifi\u00e9e \u00bb<\/em>, pr\u00e9cisant qu\u2019elle <em>\u00ab fera valoir ses arguments devant le tribunal qui sera saisi \u00bb.<\/em><\/p>\n<p>En pleine r\u00e9forme des retraites, le gouvernement le sait : le ministre du travail ne pourra \u00e9chapper \u00e0 un proc\u00e8s. La seule question qui se pose encore aujourd\u2019hui, c\u2019est quand tombera pr\u00e9cis\u00e9ment la date de celui-ci.<a class=\"ox-af37549f98-moz-txt-link-freetext\" href=\"https:\/\/www.gastonballiot.fr\/retraite-macron-borne-agression-et-aberration\/\">ession-et-aberration\/<\/a><\/p>\n<\/div>\n","protected":false},"excerpt":{"rendered":"<p>La corruption, c&rsquo;est bien connu, c&rsquo;est ailleurs&#8230; Effectivement il n&rsquo;est pas difficile de trouver des r\u00e9gimes corrompus autour de nous. Dans certains pays elle est tr\u00e8s visible car elle atteint la base. Chez nous on la cache car elle est au pouvoir. Les ripoux se prot\u00e8gent entre eux car les int\u00e9r\u00eats sont \u00e9normes. En vrac, quelques affaires r\u00e9centes<\/p>\n","protected":false},"author":1,"featured_media":11133,"comment_status":"open","ping_status":"closed","sticky":false,"template":"","format":"standard","meta":{"ngg_post_thumbnail":0,"jetpack_post_was_ever_published":false,"_jetpack_newsletter_access":"","_jetpack_dont_email_post_to_subs":false,"_jetpack_newsletter_tier_id":0,"_jetpack_memberships_contains_paywalled_content":false,"_jetpack_memberships_contains_paid_content":false,"footnotes":"","jetpack_publicize_message":"","jetpack_publicize_feature_enabled":true,"jetpack_social_post_already_shared":false,"jetpack_social_options":{"image_generator_settings":{"template":"highway","enabled":false},"version":2}},"categories":[2,5],"tags":[314,302],"class_list":["post-11129","post","type-post","status-publish","format-standard","has-post-thumbnail","hentry","category-a-la-une","category-democratie","tag-corruption","tag-mensonge","infinite-scroll-item","masonry-post","generate-columns","tablet-grid-50","mobile-grid-100","grid-parent","grid-33"],"jetpack_publicize_connections":[],"yoast_head":"<!-- This site is optimized with the Yoast SEO plugin v27.5 - https:\/\/yoast.com\/product\/yoast-seo-wordpress\/ -->\n<title>Les affaires.. Bien pr\u00e9sentes dans notre r\u00e9gime. Quant au mensonge, c&#039;est une m\u00e9thode. - Le blog politique de Gaston<\/title>\n<meta name=\"robots\" content=\"index, follow, max-snippet:-1, max-image-preview:large, max-video-preview:-1\" \/>\n<link rel=\"canonical\" href=\"https:\/\/www.gastonballiot.fr\/?p=11129\" \/>\n<meta property=\"og:locale\" content=\"fr_FR\" \/>\n<meta property=\"og:type\" content=\"article\" \/>\n<meta property=\"og:title\" content=\"Les affaires.. Bien pr\u00e9sentes dans notre r\u00e9gime. Quant au mensonge, c&#039;est une m\u00e9thode. - Le blog politique de Gaston\" \/>\n<meta property=\"og:description\" content=\"La corruption, c&rsquo;est bien connu, c&rsquo;est ailleurs&#8230; Effectivement il n&rsquo;est pas difficile de trouver des r\u00e9gimes corrompus autour de nous. Dans certains pays elle est tr\u00e8s visible car elle atteint la base. Chez nous on la cache car elle est au pouvoir. Les ripoux se prot\u00e8gent entre eux car les int\u00e9r\u00eats sont \u00e9normes. En vrac, quelques affaires r\u00e9centes\" \/>\n<meta property=\"og:url\" content=\"https:\/\/www.gastonballiot.fr\/?p=11129\" \/>\n<meta property=\"og:site_name\" content=\"Le blog politique de Gaston\" \/>\n<meta property=\"article:publisher\" content=\"https:\/\/www.facebook.com\/gaston.balliot\/\" \/>\n<meta property=\"article:author\" content=\"https:\/\/www.facebook.com\/gaston.balliot\/\" \/>\n<meta property=\"article:published_time\" content=\"2023-02-10T09:24:21+00:00\" \/>\n<meta property=\"article:modified_time\" content=\"2023-03-01T09:50:53+00:00\" \/>\n<meta property=\"og:image\" content=\"https:\/\/www.gastonballiot.fr\/wp-content\/uploads\/2023\/02\/Corruption.jpg\" \/>\n\t<meta property=\"og:image:width\" content=\"564\" \/>\n\t<meta property=\"og:image:height\" content=\"317\" \/>\n\t<meta property=\"og:image:type\" content=\"image\/jpeg\" \/>\n<meta name=\"author\" content=\"gb\" \/>\n<meta name=\"twitter:card\" content=\"summary_large_image\" \/>\n<meta name=\"twitter:label1\" content=\"\u00c9crit par\" \/>\n\t<meta name=\"twitter:data1\" content=\"gb\" \/>\n\t<meta name=\"twitter:label2\" content=\"Dur\u00e9e de lecture estim\u00e9e\" \/>\n\t<meta name=\"twitter:data2\" content=\"13 minutes\" \/>\n<script type=\"application\/ld+json\" class=\"yoast-schema-graph\">{\"@context\":\"https:\\\/\\\/schema.org\",\"@graph\":[{\"@type\":\"Article\",\"@id\":\"https:\\\/\\\/www.gastonballiot.fr\\\/?p=11129#article\",\"isPartOf\":{\"@id\":\"https:\\\/\\\/www.gastonballiot.fr\\\/?p=11129\"},\"author\":{\"name\":\"gb\",\"@id\":\"https:\\\/\\\/www.gastonballiot.fr\\\/#\\\/schema\\\/person\\\/244a5e02696abd8a65c5b1bebdb948ca\"},\"headline\":\"Les affaires.. Bien pr\u00e9sentes dans notre r\u00e9gime. Quant au mensonge, c&rsquo;est une m\u00e9thode.\",\"datePublished\":\"2023-02-10T09:24:21+00:00\",\"dateModified\":\"2023-03-01T09:50:53+00:00\",\"mainEntityOfPage\":{\"@id\":\"https:\\\/\\\/www.gastonballiot.fr\\\/?p=11129\"},\"wordCount\":2796,\"commentCount\":0,\"publisher\":{\"@id\":\"https:\\\/\\\/www.gastonballiot.fr\\\/#\\\/schema\\\/person\\\/244a5e02696abd8a65c5b1bebdb948ca\"},\"image\":{\"@id\":\"https:\\\/\\\/www.gastonballiot.fr\\\/?p=11129#primaryimage\"},\"thumbnailUrl\":\"https:\\\/\\\/i0.wp.com\\\/www.gastonballiot.fr\\\/wp-content\\\/uploads\\\/2023\\\/02\\\/Corruption.jpg?fit=564%2C317&ssl=1\",\"keywords\":[\"corruption\",\"mensonge\"],\"articleSection\":[\"A la une\",\"D\u00e9mocratie\"],\"inLanguage\":\"fr-FR\",\"potentialAction\":[{\"@type\":\"CommentAction\",\"name\":\"Comment\",\"target\":[\"https:\\\/\\\/www.gastonballiot.fr\\\/?p=11129#respond\"]}]},{\"@type\":\"WebPage\",\"@id\":\"https:\\\/\\\/www.gastonballiot.fr\\\/?p=11129\",\"url\":\"https:\\\/\\\/www.gastonballiot.fr\\\/?p=11129\",\"name\":\"Les affaires.. Bien pr\u00e9sentes dans notre r\u00e9gime. Quant au mensonge, c'est une m\u00e9thode. - Le blog politique de Gaston\",\"isPartOf\":{\"@id\":\"https:\\\/\\\/www.gastonballiot.fr\\\/#website\"},\"primaryImageOfPage\":{\"@id\":\"https:\\\/\\\/www.gastonballiot.fr\\\/?p=11129#primaryimage\"},\"image\":{\"@id\":\"https:\\\/\\\/www.gastonballiot.fr\\\/?p=11129#primaryimage\"},\"thumbnailUrl\":\"https:\\\/\\\/i0.wp.com\\\/www.gastonballiot.fr\\\/wp-content\\\/uploads\\\/2023\\\/02\\\/Corruption.jpg?fit=564%2C317&ssl=1\",\"datePublished\":\"2023-02-10T09:24:21+00:00\",\"dateModified\":\"2023-03-01T09:50:53+00:00\",\"breadcrumb\":{\"@id\":\"https:\\\/\\\/www.gastonballiot.fr\\\/?p=11129#breadcrumb\"},\"inLanguage\":\"fr-FR\",\"potentialAction\":[{\"@type\":\"ReadAction\",\"target\":[\"https:\\\/\\\/www.gastonballiot.fr\\\/?p=11129\"]}]},{\"@type\":\"ImageObject\",\"inLanguage\":\"fr-FR\",\"@id\":\"https:\\\/\\\/www.gastonballiot.fr\\\/?p=11129#primaryimage\",\"url\":\"https:\\\/\\\/i0.wp.com\\\/www.gastonballiot.fr\\\/wp-content\\\/uploads\\\/2023\\\/02\\\/Corruption.jpg?fit=564%2C317&ssl=1\",\"contentUrl\":\"https:\\\/\\\/i0.wp.com\\\/www.gastonballiot.fr\\\/wp-content\\\/uploads\\\/2023\\\/02\\\/Corruption.jpg?fit=564%2C317&ssl=1\",\"width\":564,\"height\":317},{\"@type\":\"BreadcrumbList\",\"@id\":\"https:\\\/\\\/www.gastonballiot.fr\\\/?p=11129#breadcrumb\",\"itemListElement\":[{\"@type\":\"ListItem\",\"position\":1,\"name\":\"Accueil\",\"item\":\"https:\\\/\\\/www.gastonballiot.fr\\\/\"},{\"@type\":\"ListItem\",\"position\":2,\"name\":\"Les affaires.. Bien pr\u00e9sentes dans notre r\u00e9gime. Quant au mensonge, c&#8217;est une m\u00e9thode.\"}]},{\"@type\":\"WebSite\",\"@id\":\"https:\\\/\\\/www.gastonballiot.fr\\\/#website\",\"url\":\"https:\\\/\\\/www.gastonballiot.fr\\\/\",\"name\":\"Le blog politique de Gaston\",\"description\":\"L&#039;humain d&#039;abord, pas la finance !\",\"publisher\":{\"@id\":\"https:\\\/\\\/www.gastonballiot.fr\\\/#\\\/schema\\\/person\\\/244a5e02696abd8a65c5b1bebdb948ca\"},\"potentialAction\":[{\"@type\":\"SearchAction\",\"target\":{\"@type\":\"EntryPoint\",\"urlTemplate\":\"https:\\\/\\\/www.gastonballiot.fr\\\/?s={search_term_string}\"},\"query-input\":{\"@type\":\"PropertyValueSpecification\",\"valueRequired\":true,\"valueName\":\"search_term_string\"}}],\"inLanguage\":\"fr-FR\"},{\"@type\":[\"Person\",\"Organization\"],\"@id\":\"https:\\\/\\\/www.gastonballiot.fr\\\/#\\\/schema\\\/person\\\/244a5e02696abd8a65c5b1bebdb948ca\",\"name\":\"gb\",\"image\":{\"@type\":\"ImageObject\",\"inLanguage\":\"fr-FR\",\"@id\":\"https:\\\/\\\/i0.wp.com\\\/www.gastonballiot.fr\\\/wp-content\\\/uploads\\\/2017\\\/04\\\/cropped-Marianne-drapeau-rouge.gif?fit=512%2C512&ssl=1\",\"url\":\"https:\\\/\\\/i0.wp.com\\\/www.gastonballiot.fr\\\/wp-content\\\/uploads\\\/2017\\\/04\\\/cropped-Marianne-drapeau-rouge.gif?fit=512%2C512&ssl=1\",\"contentUrl\":\"https:\\\/\\\/i0.wp.com\\\/www.gastonballiot.fr\\\/wp-content\\\/uploads\\\/2017\\\/04\\\/cropped-Marianne-drapeau-rouge.gif?fit=512%2C512&ssl=1\",\"width\":512,\"height\":512,\"caption\":\"gb\"},\"logo\":{\"@id\":\"https:\\\/\\\/i0.wp.com\\\/www.gastonballiot.fr\\\/wp-content\\\/uploads\\\/2017\\\/04\\\/cropped-Marianne-drapeau-rouge.gif?fit=512%2C512&ssl=1\"},\"description\":\"Gaston Balliot, militant du Front de Gauche en pays bigouden - Pont L'Abb\u00e9 - Loctudy - Guilvinec - Penmarc'h - Ile Tudy - Combrit Ste Marine - Tr\u00e9meoc - Plon\u00e9our, p\u00eache tourisme\",\"sameAs\":[\"https:\\\/\\\/www.facebook.com\\\/gaston.balliot\\\/\"]}]}<\/script>\n<!-- \/ Yoast SEO plugin. -->","yoast_head_json":{"title":"Les affaires.. Bien pr\u00e9sentes dans notre r\u00e9gime. Quant au mensonge, c'est une m\u00e9thode. - Le blog politique de Gaston","robots":{"index":"index","follow":"follow","max-snippet":"max-snippet:-1","max-image-preview":"max-image-preview:large","max-video-preview":"max-video-preview:-1"},"canonical":"https:\/\/www.gastonballiot.fr\/?p=11129","og_locale":"fr_FR","og_type":"article","og_title":"Les affaires.. Bien pr\u00e9sentes dans notre r\u00e9gime. Quant au mensonge, c'est une m\u00e9thode. - Le blog politique de Gaston","og_description":"La corruption, c&rsquo;est bien connu, c&rsquo;est ailleurs&#8230; Effectivement il n&rsquo;est pas difficile de trouver des r\u00e9gimes corrompus autour de nous. Dans certains pays elle est tr\u00e8s visible car elle atteint la base. Chez nous on la cache car elle est au pouvoir. Les ripoux se prot\u00e8gent entre eux car les int\u00e9r\u00eats sont \u00e9normes. En vrac, quelques affaires r\u00e9centes","og_url":"https:\/\/www.gastonballiot.fr\/?p=11129","og_site_name":"Le blog politique de Gaston","article_publisher":"https:\/\/www.facebook.com\/gaston.balliot\/","article_author":"https:\/\/www.facebook.com\/gaston.balliot\/","article_published_time":"2023-02-10T09:24:21+00:00","article_modified_time":"2023-03-01T09:50:53+00:00","og_image":[{"width":564,"height":317,"url":"https:\/\/www.gastonballiot.fr\/wp-content\/uploads\/2023\/02\/Corruption.jpg","type":"image\/jpeg"}],"author":"gb","twitter_card":"summary_large_image","twitter_misc":{"\u00c9crit par":"gb","Dur\u00e9e de lecture estim\u00e9e":"13 minutes"},"schema":{"@context":"https:\/\/schema.org","@graph":[{"@type":"Article","@id":"https:\/\/www.gastonballiot.fr\/?p=11129#article","isPartOf":{"@id":"https:\/\/www.gastonballiot.fr\/?p=11129"},"author":{"name":"gb","@id":"https:\/\/www.gastonballiot.fr\/#\/schema\/person\/244a5e02696abd8a65c5b1bebdb948ca"},"headline":"Les affaires.. Bien pr\u00e9sentes dans notre r\u00e9gime. Quant au mensonge, c&rsquo;est une m\u00e9thode.","datePublished":"2023-02-10T09:24:21+00:00","dateModified":"2023-03-01T09:50:53+00:00","mainEntityOfPage":{"@id":"https:\/\/www.gastonballiot.fr\/?p=11129"},"wordCount":2796,"commentCount":0,"publisher":{"@id":"https:\/\/www.gastonballiot.fr\/#\/schema\/person\/244a5e02696abd8a65c5b1bebdb948ca"},"image":{"@id":"https:\/\/www.gastonballiot.fr\/?p=11129#primaryimage"},"thumbnailUrl":"https:\/\/i0.wp.com\/www.gastonballiot.fr\/wp-content\/uploads\/2023\/02\/Corruption.jpg?fit=564%2C317&ssl=1","keywords":["corruption","mensonge"],"articleSection":["A la une","D\u00e9mocratie"],"inLanguage":"fr-FR","potentialAction":[{"@type":"CommentAction","name":"Comment","target":["https:\/\/www.gastonballiot.fr\/?p=11129#respond"]}]},{"@type":"WebPage","@id":"https:\/\/www.gastonballiot.fr\/?p=11129","url":"https:\/\/www.gastonballiot.fr\/?p=11129","name":"Les affaires.. Bien pr\u00e9sentes dans notre r\u00e9gime. Quant au mensonge, c'est une m\u00e9thode. - Le blog politique de Gaston","isPartOf":{"@id":"https:\/\/www.gastonballiot.fr\/#website"},"primaryImageOfPage":{"@id":"https:\/\/www.gastonballiot.fr\/?p=11129#primaryimage"},"image":{"@id":"https:\/\/www.gastonballiot.fr\/?p=11129#primaryimage"},"thumbnailUrl":"https:\/\/i0.wp.com\/www.gastonballiot.fr\/wp-content\/uploads\/2023\/02\/Corruption.jpg?fit=564%2C317&ssl=1","datePublished":"2023-02-10T09:24:21+00:00","dateModified":"2023-03-01T09:50:53+00:00","breadcrumb":{"@id":"https:\/\/www.gastonballiot.fr\/?p=11129#breadcrumb"},"inLanguage":"fr-FR","potentialAction":[{"@type":"ReadAction","target":["https:\/\/www.gastonballiot.fr\/?p=11129"]}]},{"@type":"ImageObject","inLanguage":"fr-FR","@id":"https:\/\/www.gastonballiot.fr\/?p=11129#primaryimage","url":"https:\/\/i0.wp.com\/www.gastonballiot.fr\/wp-content\/uploads\/2023\/02\/Corruption.jpg?fit=564%2C317&ssl=1","contentUrl":"https:\/\/i0.wp.com\/www.gastonballiot.fr\/wp-content\/uploads\/2023\/02\/Corruption.jpg?fit=564%2C317&ssl=1","width":564,"height":317},{"@type":"BreadcrumbList","@id":"https:\/\/www.gastonballiot.fr\/?p=11129#breadcrumb","itemListElement":[{"@type":"ListItem","position":1,"name":"Accueil","item":"https:\/\/www.gastonballiot.fr\/"},{"@type":"ListItem","position":2,"name":"Les affaires.. Bien pr\u00e9sentes dans notre r\u00e9gime. Quant au mensonge, c&#8217;est une m\u00e9thode."}]},{"@type":"WebSite","@id":"https:\/\/www.gastonballiot.fr\/#website","url":"https:\/\/www.gastonballiot.fr\/","name":"Le blog politique de Gaston","description":"L&#039;humain d&#039;abord, pas la finance !","publisher":{"@id":"https:\/\/www.gastonballiot.fr\/#\/schema\/person\/244a5e02696abd8a65c5b1bebdb948ca"},"potentialAction":[{"@type":"SearchAction","target":{"@type":"EntryPoint","urlTemplate":"https:\/\/www.gastonballiot.fr\/?s={search_term_string}"},"query-input":{"@type":"PropertyValueSpecification","valueRequired":true,"valueName":"search_term_string"}}],"inLanguage":"fr-FR"},{"@type":["Person","Organization"],"@id":"https:\/\/www.gastonballiot.fr\/#\/schema\/person\/244a5e02696abd8a65c5b1bebdb948ca","name":"gb","image":{"@type":"ImageObject","inLanguage":"fr-FR","@id":"https:\/\/i0.wp.com\/www.gastonballiot.fr\/wp-content\/uploads\/2017\/04\/cropped-Marianne-drapeau-rouge.gif?fit=512%2C512&ssl=1","url":"https:\/\/i0.wp.com\/www.gastonballiot.fr\/wp-content\/uploads\/2017\/04\/cropped-Marianne-drapeau-rouge.gif?fit=512%2C512&ssl=1","contentUrl":"https:\/\/i0.wp.com\/www.gastonballiot.fr\/wp-content\/uploads\/2017\/04\/cropped-Marianne-drapeau-rouge.gif?fit=512%2C512&ssl=1","width":512,"height":512,"caption":"gb"},"logo":{"@id":"https:\/\/i0.wp.com\/www.gastonballiot.fr\/wp-content\/uploads\/2017\/04\/cropped-Marianne-drapeau-rouge.gif?fit=512%2C512&ssl=1"},"description":"Gaston Balliot, militant du Front de Gauche en pays bigouden - Pont L'Abb\u00e9 - Loctudy - Guilvinec - Penmarc'h - Ile Tudy - Combrit Ste Marine - Tr\u00e9meoc - Plon\u00e9our, p\u00eache tourisme","sameAs":["https:\/\/www.facebook.com\/gaston.balliot\/"]}]}},"jetpack_featured_media_url":"https:\/\/i0.wp.com\/www.gastonballiot.fr\/wp-content\/uploads\/2023\/02\/Corruption.jpg?fit=564%2C317&ssl=1","jetpack_shortlink":"https:\/\/wp.me\/p5UTaD-2Tv","jetpack-related-posts":[],"jetpack_likes_enabled":true,"jetpack_sharing_enabled":true,"_links":{"self":[{"href":"https:\/\/www.gastonballiot.fr\/index.php?rest_route=\/wp\/v2\/posts\/11129","targetHints":{"allow":["GET"]}}],"collection":[{"href":"https:\/\/www.gastonballiot.fr\/index.php?rest_route=\/wp\/v2\/posts"}],"about":[{"href":"https:\/\/www.gastonballiot.fr\/index.php?rest_route=\/wp\/v2\/types\/post"}],"author":[{"embeddable":true,"href":"https:\/\/www.gastonballiot.fr\/index.php?rest_route=\/wp\/v2\/users\/1"}],"replies":[{"embeddable":true,"href":"https:\/\/www.gastonballiot.fr\/index.php?rest_route=%2Fwp%2Fv2%2Fcomments&post=11129"}],"version-history":[{"count":0,"href":"https:\/\/www.gastonballiot.fr\/index.php?rest_route=\/wp\/v2\/posts\/11129\/revisions"}],"wp:featuredmedia":[{"embeddable":true,"href":"https:\/\/www.gastonballiot.fr\/index.php?rest_route=\/wp\/v2\/media\/11133"}],"wp:attachment":[{"href":"https:\/\/www.gastonballiot.fr\/index.php?rest_route=%2Fwp%2Fv2%2Fmedia&parent=11129"}],"wp:term":[{"taxonomy":"category","embeddable":true,"href":"https:\/\/www.gastonballiot.fr\/index.php?rest_route=%2Fwp%2Fv2%2Fcategories&post=11129"},{"taxonomy":"post_tag","embeddable":true,"href":"https:\/\/www.gastonballiot.fr\/index.php?rest_route=%2Fwp%2Fv2%2Ftags&post=11129"}],"curies":[{"name":"wp","href":"https:\/\/api.w.org\/{rel}","templated":true}]}}