{"id":11157,"date":"2023-02-17T22:11:15","date_gmt":"2023-02-17T21:11:15","guid":{"rendered":"https:\/\/www.gastonballiot.fr\/?p=11157"},"modified":"2023-03-14T16:19:16","modified_gmt":"2023-03-14T15:19:16","slug":"quelle-europe-emergera-de-cette-maudite-guerre","status":"publish","type":"post","link":"https:\/\/www.gastonballiot.fr\/?p=11157","title":{"rendered":"QUELLE EUROPE \u00c9MERGERA DE CETTE MAUDITE GUERRE\u00a0?"},"content":{"rendered":"<h2>par Francis Wurtz<\/h2>\n<p><strong>\u00ab&nbsp;<\/strong>La guerre d\u2019Ukraine a vu la naissance tardive d\u2019une Union g\u00e9opolitique (\u2026) Nous devons nous doter de l\u2019\u00e9tat d\u2019esprit et des moyens n\u00e9cessaires pour faire face \u00e0 l\u2019\u00e8re de la puissance et nous devons le faire \u00e0 grande \u00e9chelle. \u00bb Telle est depuis quelque temps la doctrine de l\u2019Union europ\u00e9enne, rappel\u00e9e par le chef de sa diplomatie, Josep Borrel, un mois apr\u00e8s le d\u00e9clenchement de l\u2019invasion de l\u2019Ukraine par Vladimir Poutine (1). Manifestement, le Kremlin, par sa maudite guerre en Ukraine, a dop\u00e9 des tendances lourdes, d\u00e9j\u00e0 \u00e0 l\u2019\u0153uvre dans l\u2019UE auparavant, en en exacerbant les pires travers.<!--more--><\/p>\n<p>La premi\u00e8re de ces tendances est la militarisation \u00e0 outrance de l\u2019Europe. Le cas de l\u2019Allemagne est le plus spectaculaire. Rompant avec la tradition pacifiste adopt\u00e9e apr\u00e8s la d\u00e9faite du nazisme, Berlin affiche aujourd\u2019hui l\u2019ambition de devenir \u00ab la force arm\u00e9e la mieux \u00e9quip\u00e9e d\u2019Europe \u00bb. Paris, de son c\u00f4t\u00e9, fait faire un bond de 40% \u00e0 sa loi (pluriannuelle) de programmation militaire. La Pologne, quant \u00e0 elle, a plus que doubl\u00e9 son budget des arm\u00e9es. Partout, les d\u00e9penses militaires, d\u00e9j\u00e0 orient\u00e9es \u00e0 la hausse avant le conflit, s\u2019envolent litt\u00e9ralement depuis son d\u00e9clenchement. L\u2019Union europ\u00e9enne, en tant que telle, a cr\u00e9\u00e9 un instrument financier sans pr\u00e9c\u00e9dent -intitul\u00e9\u2026\u00ab facilit\u00e9 europ\u00e9enne pour la paix \u00bb- &nbsp;pour fournir directement une aide militaire \u00e0 des pays tiers. Quant \u00e0 l\u2019OTAN, elle est pass\u00e9e en un temps record de \u00ab l\u2019\u00e9tat de mort clinique \u00bb \u00e0 un activisme effr\u00e9n\u00e9 en Europe, o\u00f9 elle recrute m\u00eame d\u2019anciens pays neutres !<\/p>\n<p>Cette militarisation de l\u2019Europe se conjugue avec une autre tendance en plein essor : l\u2019am\u00e9ricanisation de l\u2019Union europ\u00e9enne. Les Etats-Unis d\u00e9ploient d\u00e9sormais dans l\u2019UE plus de 100 000 soldats, en particulier dans sa partie orientale. Ils y \u00e9coulent avions de chasse, chars de combat , missiles et autres pi\u00e8ces d\u2019artillerie en quantit\u00e9 exponentielle. Ils y exportent au prix fort leur gaz naturel liqu\u00e9fi\u00e9, produit par fracturation hydraulique, un proc\u00e9d\u00e9 largement interdit en Europe. Notre d\u00e9pendance \u00e0 l\u2019Am\u00e9rique est , plus que jamais, \u00e9conomique, politique et strat\u00e9gique.<\/p>\n<p>Ajoutons \u00e0 cela que la guerre en Ukraine a d\u00e9plac\u00e9 le centre de gravit\u00e9 de l\u2019UE vers l\u2019Est et mis sur un pi\u00e9destal la Pologne du PiS, un r\u00e9gime dont certains discours rappellent ceux du FN, et dont, paradoxalement, la \u00ab vision du monde n\u2019est pas sans pr\u00e9senter des similitudes avec celle du pr\u00e9sident russe, qui tend \u00e0 s\u2019\u00e9riger en dirigeant de la restauration conservatrice en Europe \u00bb(2) . Hier paria de \u00ab l\u2019Europe des valeurs \u00bb du fait du non-respect de l\u2019Etat de droit, de l\u2019interdiction de l\u2019IVG, de l\u2019\u00e9tablissement de \u00ab zones libres d\u2019id\u00e9ologie LGBT \u00bb, du rejet des r\u00e9fugi\u00e9s (\u00e0 l\u2019exception des catholiques), les migrants pouvant \u00eatre \u00ab porteurs de toutes sortes de parasites \u00bb dont il convient de prot\u00e9ger les Polonais &nbsp;(Jaros\u0142aw Kaczy\u0144ski),&nbsp;Varsovie est aujourd\u2019hui &nbsp;en train de voir valider &nbsp;par ses 26 partenaires sa vision strat\u00e9gique de l\u2019Europe : un atlantisme inconditionnel et une conception de la s\u00e9curit\u00e9 europ\u00e9enne qui ne voit d\u00e9sormais de salut que dans l\u2019escalade des armes. Quo vadis, Europa ?<\/p>\n<p>\u2014\u2014\u2014-<\/p>\n<p>(1) Voir \u00ab Le grand continent \u00bb, 24\/3\/2022.<\/p>\n<p>(2) Voir \u00ab Pologne: l\u2019Europe du PiS \u00bb, Valentin Behr (25\/6\/2018), G\u00c9OPOLITIQUE.<\/p>\n<p style=\"text-align: center;\">*******************************************************************************************<\/p>\n<p style=\"text-align: center;\">Lu dans l&rsquo;Humanit\u00e9 du 14 mars 2023<\/p>\n<p><a href=\"https:\/\/i0.wp.com\/www.gastonballiot.fr\/wp-content\/uploads\/2023\/02\/Armes_Huma14mars23.jpg?ssl=1\"><img data-recalc-dims=\"1\" loading=\"lazy\" decoding=\"async\" data-attachment-id=\"11212\" data-permalink=\"https:\/\/www.gastonballiot.fr\/?attachment_id=11212#main\" data-orig-file=\"https:\/\/i0.wp.com\/www.gastonballiot.fr\/wp-content\/uploads\/2023\/02\/Armes_Huma14mars23.jpg?fit=414%2C713&amp;ssl=1\" data-orig-size=\"414,713\" data-comments-opened=\"1\" data-image-meta=\"{&quot;aperture&quot;:&quot;0&quot;,&quot;credit&quot;:&quot;&quot;,&quot;camera&quot;:&quot;&quot;,&quot;caption&quot;:&quot;&quot;,&quot;created_timestamp&quot;:&quot;0&quot;,&quot;copyright&quot;:&quot;&quot;,&quot;focal_length&quot;:&quot;0&quot;,&quot;iso&quot;:&quot;0&quot;,&quot;shutter_speed&quot;:&quot;0&quot;,&quot;title&quot;:&quot;&quot;,&quot;orientation&quot;:&quot;0&quot;}\" data-image-title=\"Armes_Huma14mars23\" data-image-description=\"\" data-image-caption=\"\" data-medium-file=\"https:\/\/i0.wp.com\/www.gastonballiot.fr\/wp-content\/uploads\/2023\/02\/Armes_Huma14mars23.jpg?fit=174%2C300&amp;ssl=1\" data-large-file=\"https:\/\/i0.wp.com\/www.gastonballiot.fr\/wp-content\/uploads\/2023\/02\/Armes_Huma14mars23.jpg?fit=414%2C713&amp;ssl=1\" class=\"aligncenter size-full wp-image-11212\" src=\"https:\/\/i0.wp.com\/www.gastonballiot.fr\/wp-content\/uploads\/2023\/02\/Armes_Huma14mars23.jpg?resize=414%2C713&#038;ssl=1\" alt=\"\" width=\"414\" height=\"713\" srcset=\"https:\/\/i0.wp.com\/www.gastonballiot.fr\/wp-content\/uploads\/2023\/02\/Armes_Huma14mars23.jpg?w=414&amp;ssl=1 414w, https:\/\/i0.wp.com\/www.gastonballiot.fr\/wp-content\/uploads\/2023\/02\/Armes_Huma14mars23.jpg?resize=174%2C300&amp;ssl=1 174w\" sizes=\"auto, (max-width: 414px) 100vw, 414px\" \/><\/a><\/p>\n","protected":false},"excerpt":{"rendered":"<p>par Francis Wurtz \u00ab&nbsp;La guerre d\u2019Ukraine a vu la naissance tardive d\u2019une Union g\u00e9opolitique (\u2026) Nous devons nous doter de l\u2019\u00e9tat d\u2019esprit et des moyens n\u00e9cessaires pour faire face \u00e0 l\u2019\u00e8re de la puissance et nous devons le faire \u00e0 grande \u00e9chelle. \u00bb Telle est depuis quelque temps la doctrine de l\u2019Union europ\u00e9enne, rappel\u00e9e par le chef de sa diplomatie, Josep Borrel, un mois apr\u00e8s le d\u00e9clenchement de l\u2019invasion de l\u2019Ukraine par Vladimir Poutine (1). Manifestement, le Kremlin, par sa maudite &#8230; <a title=\"QUELLE EUROPE \u00c9MERGERA DE CETTE MAUDITE GUERRE\u00a0?\" class=\"read-more\" href=\"https:\/\/www.gastonballiot.fr\/?p=11157\" aria-label=\"Plus sur QUELLE EUROPE \u00c9MERGERA DE CETTE MAUDITE GUERRE\u00a0?\">Lire la suite&#8230;<\/a><\/p>\n","protected":false},"author":1,"featured_media":0,"comment_status":"open","ping_status":"closed","sticky":false,"template":"","format":"standard","meta":{"ngg_post_thumbnail":0,"jetpack_post_was_ever_published":false,"_jetpack_newsletter_access":"","_jetpack_dont_email_post_to_subs":false,"_jetpack_newsletter_tier_id":0,"_jetpack_memberships_contains_paywalled_content":false,"_jetpack_memberships_contains_paid_content":false,"footnotes":"","jetpack_publicize_message":"","jetpack_publicize_feature_enabled":true,"jetpack_social_post_already_shared":false,"jetpack_social_options":{"image_generator_settings":{"template":"highway","enabled":false},"version":2}},"categories":[2,8,12],"tags":[58,134,555],"class_list":["post-11157","post","type-post","status-publish","format-standard","hentry","category-a-la-une","category-europe","category-paix-desarmement","tag-europe","tag-ukraine","tag-wurtz","infinite-scroll-item","masonry-post","generate-columns","tablet-grid-50","mobile-grid-100","grid-parent","grid-33"],"jetpack_publicize_connections":[],"yoast_head":"<!-- This site is optimized with the Yoast SEO plugin v27.4 - https:\/\/yoast.com\/product\/yoast-seo-wordpress\/ -->\n<title>QUELLE EUROPE \u00c9MERGERA DE CETTE MAUDITE GUERRE\u00a0? - Le blog politique de Gaston<\/title>\n<meta name=\"robots\" content=\"index, follow, max-snippet:-1, max-image-preview:large, max-video-preview:-1\" \/>\n<link rel=\"canonical\" href=\"https:\/\/www.gastonballiot.fr\/?p=11157\" \/>\n<meta property=\"og:locale\" content=\"fr_FR\" \/>\n<meta property=\"og:type\" content=\"article\" \/>\n<meta property=\"og:title\" content=\"QUELLE EUROPE \u00c9MERGERA DE CETTE MAUDITE GUERRE\u00a0? - Le blog politique de Gaston\" \/>\n<meta property=\"og:description\" content=\"par Francis Wurtz \u00ab&nbsp;La guerre d\u2019Ukraine a vu la naissance tardive d\u2019une Union g\u00e9opolitique (\u2026) Nous devons nous doter de l\u2019\u00e9tat d\u2019esprit et des moyens n\u00e9cessaires pour faire face \u00e0 l\u2019\u00e8re de la puissance et nous devons le faire \u00e0 grande \u00e9chelle. \u00bb Telle est depuis quelque temps la doctrine de l\u2019Union europ\u00e9enne, rappel\u00e9e par le chef de sa diplomatie, Josep Borrel, un mois apr\u00e8s le d\u00e9clenchement de l\u2019invasion de l\u2019Ukraine par Vladimir Poutine (1). Manifestement, le Kremlin, par sa maudite ... Lire la suite...\" \/>\n<meta property=\"og:url\" content=\"https:\/\/www.gastonballiot.fr\/?p=11157\" \/>\n<meta property=\"og:site_name\" content=\"Le blog politique de Gaston\" \/>\n<meta property=\"article:publisher\" content=\"https:\/\/www.facebook.com\/gaston.balliot\/\" \/>\n<meta property=\"article:author\" content=\"https:\/\/www.facebook.com\/gaston.balliot\/\" \/>\n<meta property=\"article:published_time\" content=\"2023-02-17T21:11:15+00:00\" \/>\n<meta property=\"article:modified_time\" content=\"2023-03-14T15:19:16+00:00\" \/>\n<meta property=\"og:image\" content=\"https:\/\/www.gastonballiot.fr\/wp-content\/uploads\/2023\/02\/Armes_Huma14mars23.jpg\" \/>\n<meta name=\"author\" content=\"gb\" \/>\n<meta name=\"twitter:card\" content=\"summary_large_image\" \/>\n<meta name=\"twitter:label1\" content=\"\u00c9crit par\" \/>\n\t<meta name=\"twitter:data1\" content=\"gb\" \/>\n\t<meta name=\"twitter:label2\" content=\"Dur\u00e9e de lecture estim\u00e9e\" \/>\n\t<meta name=\"twitter:data2\" content=\"3 minutes\" \/>\n<script type=\"application\/ld+json\" class=\"yoast-schema-graph\">{\"@context\":\"https:\\\/\\\/schema.org\",\"@graph\":[{\"@type\":\"Article\",\"@id\":\"https:\\\/\\\/www.gastonballiot.fr\\\/?p=11157#article\",\"isPartOf\":{\"@id\":\"https:\\\/\\\/www.gastonballiot.fr\\\/?p=11157\"},\"author\":{\"name\":\"gb\",\"@id\":\"https:\\\/\\\/www.gastonballiot.fr\\\/#\\\/schema\\\/person\\\/244a5e02696abd8a65c5b1bebdb948ca\"},\"headline\":\"QUELLE EUROPE \u00c9MERGERA DE CETTE MAUDITE GUERRE\u00a0?\",\"datePublished\":\"2023-02-17T21:11:15+00:00\",\"dateModified\":\"2023-03-14T15:19:16+00:00\",\"mainEntityOfPage\":{\"@id\":\"https:\\\/\\\/www.gastonballiot.fr\\\/?p=11157\"},\"wordCount\":597,\"commentCount\":0,\"publisher\":{\"@id\":\"https:\\\/\\\/www.gastonballiot.fr\\\/#\\\/schema\\\/person\\\/244a5e02696abd8a65c5b1bebdb948ca\"},\"image\":{\"@id\":\"https:\\\/\\\/www.gastonballiot.fr\\\/?p=11157#primaryimage\"},\"thumbnailUrl\":\"https:\\\/\\\/www.gastonballiot.fr\\\/wp-content\\\/uploads\\\/2023\\\/02\\\/Armes_Huma14mars23.jpg\",\"keywords\":[\"Europe\",\"Ukraine\",\"Wurtz\"],\"articleSection\":[\"A la une\",\"Europe\",\"Paix-D\u00e9sarmement\"],\"inLanguage\":\"fr-FR\",\"potentialAction\":[{\"@type\":\"CommentAction\",\"name\":\"Comment\",\"target\":[\"https:\\\/\\\/www.gastonballiot.fr\\\/?p=11157#respond\"]}]},{\"@type\":\"WebPage\",\"@id\":\"https:\\\/\\\/www.gastonballiot.fr\\\/?p=11157\",\"url\":\"https:\\\/\\\/www.gastonballiot.fr\\\/?p=11157\",\"name\":\"QUELLE EUROPE \u00c9MERGERA DE CETTE MAUDITE GUERRE\u00a0? - Le blog politique de Gaston\",\"isPartOf\":{\"@id\":\"https:\\\/\\\/www.gastonballiot.fr\\\/#website\"},\"primaryImageOfPage\":{\"@id\":\"https:\\\/\\\/www.gastonballiot.fr\\\/?p=11157#primaryimage\"},\"image\":{\"@id\":\"https:\\\/\\\/www.gastonballiot.fr\\\/?p=11157#primaryimage\"},\"thumbnailUrl\":\"https:\\\/\\\/www.gastonballiot.fr\\\/wp-content\\\/uploads\\\/2023\\\/02\\\/Armes_Huma14mars23.jpg\",\"datePublished\":\"2023-02-17T21:11:15+00:00\",\"dateModified\":\"2023-03-14T15:19:16+00:00\",\"breadcrumb\":{\"@id\":\"https:\\\/\\\/www.gastonballiot.fr\\\/?p=11157#breadcrumb\"},\"inLanguage\":\"fr-FR\",\"potentialAction\":[{\"@type\":\"ReadAction\",\"target\":[\"https:\\\/\\\/www.gastonballiot.fr\\\/?p=11157\"]}]},{\"@type\":\"ImageObject\",\"inLanguage\":\"fr-FR\",\"@id\":\"https:\\\/\\\/www.gastonballiot.fr\\\/?p=11157#primaryimage\",\"url\":\"https:\\\/\\\/i0.wp.com\\\/www.gastonballiot.fr\\\/wp-content\\\/uploads\\\/2023\\\/02\\\/Armes_Huma14mars23.jpg?fit=414%2C713&ssl=1\",\"contentUrl\":\"https:\\\/\\\/i0.wp.com\\\/www.gastonballiot.fr\\\/wp-content\\\/uploads\\\/2023\\\/02\\\/Armes_Huma14mars23.jpg?fit=414%2C713&ssl=1\",\"width\":414,\"height\":713},{\"@type\":\"BreadcrumbList\",\"@id\":\"https:\\\/\\\/www.gastonballiot.fr\\\/?p=11157#breadcrumb\",\"itemListElement\":[{\"@type\":\"ListItem\",\"position\":1,\"name\":\"Accueil\",\"item\":\"https:\\\/\\\/www.gastonballiot.fr\\\/\"},{\"@type\":\"ListItem\",\"position\":2,\"name\":\"QUELLE EUROPE \u00c9MERGERA DE CETTE MAUDITE GUERRE\u00a0?\"}]},{\"@type\":\"WebSite\",\"@id\":\"https:\\\/\\\/www.gastonballiot.fr\\\/#website\",\"url\":\"https:\\\/\\\/www.gastonballiot.fr\\\/\",\"name\":\"Le blog politique de Gaston\",\"description\":\"L&#039;humain d&#039;abord, pas la finance !\",\"publisher\":{\"@id\":\"https:\\\/\\\/www.gastonballiot.fr\\\/#\\\/schema\\\/person\\\/244a5e02696abd8a65c5b1bebdb948ca\"},\"potentialAction\":[{\"@type\":\"SearchAction\",\"target\":{\"@type\":\"EntryPoint\",\"urlTemplate\":\"https:\\\/\\\/www.gastonballiot.fr\\\/?s={search_term_string}\"},\"query-input\":{\"@type\":\"PropertyValueSpecification\",\"valueRequired\":true,\"valueName\":\"search_term_string\"}}],\"inLanguage\":\"fr-FR\"},{\"@type\":[\"Person\",\"Organization\"],\"@id\":\"https:\\\/\\\/www.gastonballiot.fr\\\/#\\\/schema\\\/person\\\/244a5e02696abd8a65c5b1bebdb948ca\",\"name\":\"gb\",\"image\":{\"@type\":\"ImageObject\",\"inLanguage\":\"fr-FR\",\"@id\":\"https:\\\/\\\/i0.wp.com\\\/www.gastonballiot.fr\\\/wp-content\\\/uploads\\\/2017\\\/04\\\/cropped-Marianne-drapeau-rouge.gif?fit=512%2C512&ssl=1\",\"url\":\"https:\\\/\\\/i0.wp.com\\\/www.gastonballiot.fr\\\/wp-content\\\/uploads\\\/2017\\\/04\\\/cropped-Marianne-drapeau-rouge.gif?fit=512%2C512&ssl=1\",\"contentUrl\":\"https:\\\/\\\/i0.wp.com\\\/www.gastonballiot.fr\\\/wp-content\\\/uploads\\\/2017\\\/04\\\/cropped-Marianne-drapeau-rouge.gif?fit=512%2C512&ssl=1\",\"width\":512,\"height\":512,\"caption\":\"gb\"},\"logo\":{\"@id\":\"https:\\\/\\\/i0.wp.com\\\/www.gastonballiot.fr\\\/wp-content\\\/uploads\\\/2017\\\/04\\\/cropped-Marianne-drapeau-rouge.gif?fit=512%2C512&ssl=1\"},\"description\":\"Gaston Balliot, militant du Front de Gauche en pays bigouden - Pont L'Abb\u00e9 - Loctudy - Guilvinec - Penmarc'h - Ile Tudy - Combrit Ste Marine - Tr\u00e9meoc - Plon\u00e9our, p\u00eache tourisme\",\"sameAs\":[\"https:\\\/\\\/www.facebook.com\\\/gaston.balliot\\\/\"]}]}<\/script>\n<!-- \/ Yoast SEO plugin. -->","yoast_head_json":{"title":"QUELLE EUROPE \u00c9MERGERA DE CETTE MAUDITE GUERRE\u00a0? - Le blog politique de Gaston","robots":{"index":"index","follow":"follow","max-snippet":"max-snippet:-1","max-image-preview":"max-image-preview:large","max-video-preview":"max-video-preview:-1"},"canonical":"https:\/\/www.gastonballiot.fr\/?p=11157","og_locale":"fr_FR","og_type":"article","og_title":"QUELLE EUROPE \u00c9MERGERA DE CETTE MAUDITE GUERRE\u00a0? - Le blog politique de Gaston","og_description":"par Francis Wurtz \u00ab&nbsp;La guerre d\u2019Ukraine a vu la naissance tardive d\u2019une Union g\u00e9opolitique (\u2026) Nous devons nous doter de l\u2019\u00e9tat d\u2019esprit et des moyens n\u00e9cessaires pour faire face \u00e0 l\u2019\u00e8re de la puissance et nous devons le faire \u00e0 grande \u00e9chelle. \u00bb Telle est depuis quelque temps la doctrine de l\u2019Union europ\u00e9enne, rappel\u00e9e par le chef de sa diplomatie, Josep Borrel, un mois apr\u00e8s le d\u00e9clenchement de l\u2019invasion de l\u2019Ukraine par Vladimir Poutine (1). Manifestement, le Kremlin, par sa maudite ... Lire la suite...","og_url":"https:\/\/www.gastonballiot.fr\/?p=11157","og_site_name":"Le blog politique de Gaston","article_publisher":"https:\/\/www.facebook.com\/gaston.balliot\/","article_author":"https:\/\/www.facebook.com\/gaston.balliot\/","article_published_time":"2023-02-17T21:11:15+00:00","article_modified_time":"2023-03-14T15:19:16+00:00","og_image":[{"url":"https:\/\/www.gastonballiot.fr\/wp-content\/uploads\/2023\/02\/Armes_Huma14mars23.jpg","type":"","width":"","height":""}],"author":"gb","twitter_card":"summary_large_image","twitter_misc":{"\u00c9crit par":"gb","Dur\u00e9e de lecture estim\u00e9e":"3 minutes"},"schema":{"@context":"https:\/\/schema.org","@graph":[{"@type":"Article","@id":"https:\/\/www.gastonballiot.fr\/?p=11157#article","isPartOf":{"@id":"https:\/\/www.gastonballiot.fr\/?p=11157"},"author":{"name":"gb","@id":"https:\/\/www.gastonballiot.fr\/#\/schema\/person\/244a5e02696abd8a65c5b1bebdb948ca"},"headline":"QUELLE EUROPE \u00c9MERGERA DE CETTE MAUDITE GUERRE\u00a0?","datePublished":"2023-02-17T21:11:15+00:00","dateModified":"2023-03-14T15:19:16+00:00","mainEntityOfPage":{"@id":"https:\/\/www.gastonballiot.fr\/?p=11157"},"wordCount":597,"commentCount":0,"publisher":{"@id":"https:\/\/www.gastonballiot.fr\/#\/schema\/person\/244a5e02696abd8a65c5b1bebdb948ca"},"image":{"@id":"https:\/\/www.gastonballiot.fr\/?p=11157#primaryimage"},"thumbnailUrl":"https:\/\/www.gastonballiot.fr\/wp-content\/uploads\/2023\/02\/Armes_Huma14mars23.jpg","keywords":["Europe","Ukraine","Wurtz"],"articleSection":["A la une","Europe","Paix-D\u00e9sarmement"],"inLanguage":"fr-FR","potentialAction":[{"@type":"CommentAction","name":"Comment","target":["https:\/\/www.gastonballiot.fr\/?p=11157#respond"]}]},{"@type":"WebPage","@id":"https:\/\/www.gastonballiot.fr\/?p=11157","url":"https:\/\/www.gastonballiot.fr\/?p=11157","name":"QUELLE EUROPE \u00c9MERGERA DE CETTE MAUDITE GUERRE\u00a0? - Le blog politique de Gaston","isPartOf":{"@id":"https:\/\/www.gastonballiot.fr\/#website"},"primaryImageOfPage":{"@id":"https:\/\/www.gastonballiot.fr\/?p=11157#primaryimage"},"image":{"@id":"https:\/\/www.gastonballiot.fr\/?p=11157#primaryimage"},"thumbnailUrl":"https:\/\/www.gastonballiot.fr\/wp-content\/uploads\/2023\/02\/Armes_Huma14mars23.jpg","datePublished":"2023-02-17T21:11:15+00:00","dateModified":"2023-03-14T15:19:16+00:00","breadcrumb":{"@id":"https:\/\/www.gastonballiot.fr\/?p=11157#breadcrumb"},"inLanguage":"fr-FR","potentialAction":[{"@type":"ReadAction","target":["https:\/\/www.gastonballiot.fr\/?p=11157"]}]},{"@type":"ImageObject","inLanguage":"fr-FR","@id":"https:\/\/www.gastonballiot.fr\/?p=11157#primaryimage","url":"https:\/\/i0.wp.com\/www.gastonballiot.fr\/wp-content\/uploads\/2023\/02\/Armes_Huma14mars23.jpg?fit=414%2C713&ssl=1","contentUrl":"https:\/\/i0.wp.com\/www.gastonballiot.fr\/wp-content\/uploads\/2023\/02\/Armes_Huma14mars23.jpg?fit=414%2C713&ssl=1","width":414,"height":713},{"@type":"BreadcrumbList","@id":"https:\/\/www.gastonballiot.fr\/?p=11157#breadcrumb","itemListElement":[{"@type":"ListItem","position":1,"name":"Accueil","item":"https:\/\/www.gastonballiot.fr\/"},{"@type":"ListItem","position":2,"name":"QUELLE EUROPE \u00c9MERGERA DE CETTE MAUDITE GUERRE\u00a0?"}]},{"@type":"WebSite","@id":"https:\/\/www.gastonballiot.fr\/#website","url":"https:\/\/www.gastonballiot.fr\/","name":"Le blog politique de Gaston","description":"L&#039;humain d&#039;abord, pas la finance !","publisher":{"@id":"https:\/\/www.gastonballiot.fr\/#\/schema\/person\/244a5e02696abd8a65c5b1bebdb948ca"},"potentialAction":[{"@type":"SearchAction","target":{"@type":"EntryPoint","urlTemplate":"https:\/\/www.gastonballiot.fr\/?s={search_term_string}"},"query-input":{"@type":"PropertyValueSpecification","valueRequired":true,"valueName":"search_term_string"}}],"inLanguage":"fr-FR"},{"@type":["Person","Organization"],"@id":"https:\/\/www.gastonballiot.fr\/#\/schema\/person\/244a5e02696abd8a65c5b1bebdb948ca","name":"gb","image":{"@type":"ImageObject","inLanguage":"fr-FR","@id":"https:\/\/i0.wp.com\/www.gastonballiot.fr\/wp-content\/uploads\/2017\/04\/cropped-Marianne-drapeau-rouge.gif?fit=512%2C512&ssl=1","url":"https:\/\/i0.wp.com\/www.gastonballiot.fr\/wp-content\/uploads\/2017\/04\/cropped-Marianne-drapeau-rouge.gif?fit=512%2C512&ssl=1","contentUrl":"https:\/\/i0.wp.com\/www.gastonballiot.fr\/wp-content\/uploads\/2017\/04\/cropped-Marianne-drapeau-rouge.gif?fit=512%2C512&ssl=1","width":512,"height":512,"caption":"gb"},"logo":{"@id":"https:\/\/i0.wp.com\/www.gastonballiot.fr\/wp-content\/uploads\/2017\/04\/cropped-Marianne-drapeau-rouge.gif?fit=512%2C512&ssl=1"},"description":"Gaston Balliot, militant du Front de Gauche en pays bigouden - Pont L'Abb\u00e9 - Loctudy - Guilvinec - Penmarc'h - Ile Tudy - Combrit Ste Marine - Tr\u00e9meoc - Plon\u00e9our, p\u00eache tourisme","sameAs":["https:\/\/www.facebook.com\/gaston.balliot\/"]}]}},"jetpack_featured_media_url":"","jetpack_shortlink":"https:\/\/wp.me\/p5UTaD-2TX","jetpack-related-posts":[],"jetpack_likes_enabled":true,"jetpack_sharing_enabled":true,"_links":{"self":[{"href":"https:\/\/www.gastonballiot.fr\/index.php?rest_route=\/wp\/v2\/posts\/11157","targetHints":{"allow":["GET"]}}],"collection":[{"href":"https:\/\/www.gastonballiot.fr\/index.php?rest_route=\/wp\/v2\/posts"}],"about":[{"href":"https:\/\/www.gastonballiot.fr\/index.php?rest_route=\/wp\/v2\/types\/post"}],"author":[{"embeddable":true,"href":"https:\/\/www.gastonballiot.fr\/index.php?rest_route=\/wp\/v2\/users\/1"}],"replies":[{"embeddable":true,"href":"https:\/\/www.gastonballiot.fr\/index.php?rest_route=%2Fwp%2Fv2%2Fcomments&post=11157"}],"version-history":[{"count":0,"href":"https:\/\/www.gastonballiot.fr\/index.php?rest_route=\/wp\/v2\/posts\/11157\/revisions"}],"wp:attachment":[{"href":"https:\/\/www.gastonballiot.fr\/index.php?rest_route=%2Fwp%2Fv2%2Fmedia&parent=11157"}],"wp:term":[{"taxonomy":"category","embeddable":true,"href":"https:\/\/www.gastonballiot.fr\/index.php?rest_route=%2Fwp%2Fv2%2Fcategories&post=11157"},{"taxonomy":"post_tag","embeddable":true,"href":"https:\/\/www.gastonballiot.fr\/index.php?rest_route=%2Fwp%2Fv2%2Ftags&post=11157"}],"curies":[{"name":"wp","href":"https:\/\/api.w.org\/{rel}","templated":true}]}}