{"id":11310,"date":"2023-04-16T09:27:13","date_gmt":"2023-04-16T07:27:13","guid":{"rendered":"https:\/\/www.gastonballiot.fr\/?p=11310"},"modified":"2023-04-16T11:08:32","modified_gmt":"2023-04-16T09:08:32","slug":"retraites-la-derniere-provocation-de-macron-au-petit-matin-en-douce","status":"publish","type":"post","link":"https:\/\/www.gastonballiot.fr\/?p=11310","title":{"rendered":"Retraites. La derni\u00e8re provocation de Macron, au petit matin en douce"},"content":{"rendered":"<p>Retraites. La derni\u00e8re provocation de Macron, au petit matin en douce il promulgue la loi volant 2 ans de vie libre \u00e0 notre peuple !<\/p>\n<p>Qu&rsquo;a donc fait Macron cette nuit ? De mauvais esprits le soup\u00e7onne d&rsquo;avoir sabl\u00e9 le champagne dans les locaux du Medef jusque tard dans nuit parisienne \u00e9clair\u00e9e par quelques poubelles mises en feu par le peuple qui manifestait sa col\u00e8re.<\/p>\n<p>Selon quelques voisins on a ripaill\u00e9 tard chez le chef du capitalisme fran\u00e7ais au point que le chef de l&rsquo;Etat aurait m\u00eame eu le conseil des milliardaires invit\u00e9s pour f\u00eater la d\u00e9cision attendue du Conseil Constitutionnel, d&rsquo;aller vite signer la promulgation de l&rsquo;immonde loi portant l&rsquo;\u00e2ge de la retraite \u00e0 64 ans et excluant les mesures dites sociales. Ecoutant ses financeurs de la 1\u00e8re heure, le chef de l&rsquo;Etat s&rsquo;ex\u00e9cuta et alla signer !<\/p>\n<p>C&rsquo;est fait. L&rsquo;impopulaire r\u00e9forme des retraites a \u00e9t\u00e9 promulgu\u00e9e samedi au petit matin au Journal officiel (JO) : \u00ab Lecode de la S\u00e9curit\u00e9 sociale est ainsi modifi\u00e9 [\u2026] Au premier alin\u00e9a, le mot : soixante-deux est remplac\u00e9 par le mot : soixante-quatre \u00bb, peut-on lire dans le JO.<\/p>\n<p>Comme pour toutes les \u00e9tapes du processus l\u00e9gislatif de ce texte que les d\u00e9put\u00e9s n&rsquo;auront jamais pu voter, le Pr\u00e9sident de la R\u00e9publique a souhait\u00e9 aller vite et jouer la provocation ultime&nbsp;alors que sa 1\u00e8re ministre en d\u00e9clarant qu&rsquo;il n&rsquo;y avait ni vainqueurs ni vaincus&nbsp;tentait de jeter le voile sur le seul vainqueur de cette bataille qui va se poursuivre : le capital !<\/p>\n<p>Cette promulgation au petit matin est une \u00e9ni\u00e8me fin de non-recevoir adress\u00e9e aux opposants \u00e0 la r\u00e9forme et \u00e0 l&rsquo;intersyndicale qui sont en phase avec notre peuple qui tr\u00e8s majoritairement rejette cette r\u00e9forme. Apr\u00e8s la d\u00e9cision du Conseil constitutionnel, l&rsquo;intersyndicale avait demand\u00e9 \u00ab solennellement \u00bb au pr\u00e9sident Emmanuel Macron de \u00ab ne pas promulguer la loi \u00bb.&nbsp;Une nouvelle demande rest\u00e9e encore une fois lettre morte.<\/p>\n<p>C&rsquo;est cela lutte des classes !&nbsp;Quand la bourgeoisie a le pouvoir elle n&rsquo;h\u00e9site sur aucun moyen pour faire aboutir ses projets d&rsquo;abaissement social, de liquidation des conquis, de d\u00e9molition du pays et quand elle est mise en danger, elle dispose de tous les outils &#8211; Conseil Constitutionnel et extr\u00eame droite compris &#8211; pour lui sauver la peau et faire aboutir ses d\u00e9sid\u00e9ratas.<\/p>\n<p>Comme toujours, l&rsquo;autre classe, celle des salari\u00e9s, des exploit\u00e9s et des domin\u00e9s, priv\u00e9e des pouvoirs doit plus que jamais se mobiliser, s&rsquo;unir, se rassembler pour exiger et imposer&nbsp;la non application des mesures concoct\u00e9es par la bourgeoisie et prendre les pouvoirs dans les entreprises, dans les institutions pour transformer la soci\u00e9t\u00e9 et ouvrir la voie \u00e0 une nouvelle civilisation faite pour les humains et par les humains eux-m\u00eames.<\/p>\n<p>Rien n&rsquo;est fini !&nbsp;L&rsquo;\u00e9pisode d&rsquo;hier et celui de cette nuit ne sont que des moments de cette lutte des classes,&nbsp;ils seront balay\u00e9s par la force des mobilisations sociales et politiques.<\/p>\n<p>L&rsquo;heure n&rsquo;est donc pas \u00e0 courber l&rsquo;\u00e9chine, ni \u00e0 baisser la t\u00eate, elle est \u00e0 la mobilisation encore plus large et plus d\u00e9termin\u00e9e. Il est des actes comme celui de Macron cette nuit qui sont d&rsquo;abord des aveux de faiblesse et d&rsquo;isolement et non des preuves de force.&nbsp;Faisant lui la d\u00e9monstration en agissant de partout dans le pays !<\/p>\n<p>Nous sommes convaincus que ne pas promulguer la loi \u00e9tait le \u00ab&nbsp;seul moyen de calmer la col\u00e8re [\u2026]&nbsp;\u00bb. Les syndicats, qui ont refus\u00e9 une invitation lanc\u00e9e par Emmanuel Macron pour discuter de la suite,&nbsp;ont appel\u00e9 \u00e0 faire du 1er&nbsp;mai une \u00ab&nbsp;journ\u00e9e de mobilisation exceptionnelle et populaire&nbsp;\u00bb contre le coeur de la r\u00e9forme valid\u00e9e par le Conseil constitutionnel&nbsp;: la retraite \u00e0 64 ans.<\/p>\n<p>Hier au soir, la rue a donn\u00e9 le ton avec quelques 6 000 manifestants rassembl\u00e9s devant l&rsquo;H\u00f4tel de ville de Paris ont accompagn\u00e9 la d\u00e9cision du Conseil par des hu\u00e9es. Et plusieurs milliers de personnes sont parties en cort\u00e8ges dans le centre de la capitale comme \u00e0 Lyon, Rennes, Lille, Toulouse, Strasbourg ou Marseille.<\/p>\n<p>En avant, on ne l\u00e2che rien, la victoire est au bout du chemin ! N&rsquo;oublions jamais que ce sont les masses qui font l&rsquo;Histoire !<\/p>\n<p>Jean Chambon<\/p>\n<h2 style=\"text-align: center;\">Une crise d\u00e9mocratique&#8230;<\/h2>\n<p><a href=\"https:\/\/i0.wp.com\/www.gastonballiot.fr\/wp-content\/uploads\/2023\/04\/PCF1958.jpg?ssl=1\"><img data-recalc-dims=\"1\" loading=\"lazy\" decoding=\"async\" data-attachment-id=\"11311\" data-permalink=\"https:\/\/www.gastonballiot.fr\/?attachment_id=11311#main\" data-orig-file=\"https:\/\/i0.wp.com\/www.gastonballiot.fr\/wp-content\/uploads\/2023\/04\/PCF1958.jpg?fit=676%2C427&amp;ssl=1\" data-orig-size=\"676,427\" data-comments-opened=\"1\" data-image-meta=\"{&quot;aperture&quot;:&quot;0&quot;,&quot;credit&quot;:&quot;&quot;,&quot;camera&quot;:&quot;&quot;,&quot;caption&quot;:&quot;&quot;,&quot;created_timestamp&quot;:&quot;0&quot;,&quot;copyright&quot;:&quot;&quot;,&quot;focal_length&quot;:&quot;0&quot;,&quot;iso&quot;:&quot;0&quot;,&quot;shutter_speed&quot;:&quot;0&quot;,&quot;title&quot;:&quot;&quot;,&quot;orientation&quot;:&quot;0&quot;}\" data-image-title=\"PCF1958\" data-image-description=\"\" data-image-caption=\"\" data-medium-file=\"https:\/\/i0.wp.com\/www.gastonballiot.fr\/wp-content\/uploads\/2023\/04\/PCF1958.jpg?fit=300%2C189&amp;ssl=1\" data-large-file=\"https:\/\/i0.wp.com\/www.gastonballiot.fr\/wp-content\/uploads\/2023\/04\/PCF1958.jpg?fit=676%2C427&amp;ssl=1\" class=\"aligncenter size-full wp-image-11311\" src=\"https:\/\/i0.wp.com\/www.gastonballiot.fr\/wp-content\/uploads\/2023\/04\/PCF1958.jpg?resize=676%2C427&#038;ssl=1\" alt=\"\" width=\"676\" height=\"427\" srcset=\"https:\/\/i0.wp.com\/www.gastonballiot.fr\/wp-content\/uploads\/2023\/04\/PCF1958.jpg?w=676&amp;ssl=1 676w, https:\/\/i0.wp.com\/www.gastonballiot.fr\/wp-content\/uploads\/2023\/04\/PCF1958.jpg?resize=300%2C189&amp;ssl=1 300w\" sizes=\"auto, (max-width: 676px) 100vw, 676px\" \/><\/a><\/p>\n<h2 style=\"text-align: center;\">Une loi promulgu\u00e9e en pleine nuit, comme des voleurs. Des voleurs de vie.<\/h2>\n<p><a href=\"https:\/\/i0.wp.com\/www.gastonballiot.fr\/wp-content\/uploads\/2023\/04\/Vol2ans.jpg?ssl=1\"><img data-recalc-dims=\"1\" loading=\"lazy\" decoding=\"async\" data-attachment-id=\"11314\" data-permalink=\"https:\/\/www.gastonballiot.fr\/?attachment_id=11314#main\" data-orig-file=\"https:\/\/i0.wp.com\/www.gastonballiot.fr\/wp-content\/uploads\/2023\/04\/Vol2ans.jpg?fit=685%2C301&amp;ssl=1\" data-orig-size=\"685,301\" data-comments-opened=\"1\" data-image-meta=\"{&quot;aperture&quot;:&quot;0&quot;,&quot;credit&quot;:&quot;&quot;,&quot;camera&quot;:&quot;&quot;,&quot;caption&quot;:&quot;&quot;,&quot;created_timestamp&quot;:&quot;0&quot;,&quot;copyright&quot;:&quot;&quot;,&quot;focal_length&quot;:&quot;0&quot;,&quot;iso&quot;:&quot;0&quot;,&quot;shutter_speed&quot;:&quot;0&quot;,&quot;title&quot;:&quot;&quot;,&quot;orientation&quot;:&quot;0&quot;}\" data-image-title=\"Vol2ans\" data-image-description=\"\" data-image-caption=\"\" data-medium-file=\"https:\/\/i0.wp.com\/www.gastonballiot.fr\/wp-content\/uploads\/2023\/04\/Vol2ans.jpg?fit=300%2C132&amp;ssl=1\" data-large-file=\"https:\/\/i0.wp.com\/www.gastonballiot.fr\/wp-content\/uploads\/2023\/04\/Vol2ans.jpg?fit=685%2C301&amp;ssl=1\" class=\"aligncenter size-full wp-image-11314\" src=\"https:\/\/i0.wp.com\/www.gastonballiot.fr\/wp-content\/uploads\/2023\/04\/Vol2ans.jpg?resize=685%2C301&#038;ssl=1\" alt=\"\" width=\"685\" height=\"301\" srcset=\"https:\/\/i0.wp.com\/www.gastonballiot.fr\/wp-content\/uploads\/2023\/04\/Vol2ans.jpg?w=685&amp;ssl=1 685w, https:\/\/i0.wp.com\/www.gastonballiot.fr\/wp-content\/uploads\/2023\/04\/Vol2ans.jpg?resize=300%2C132&amp;ssl=1 300w\" sizes=\"auto, (max-width: 685px) 100vw, 685px\" \/><\/a><\/p>\n<p><a href=\"https:\/\/i0.wp.com\/www.gastonballiot.fr\/wp-content\/uploads\/2018\/12\/meprisantdelarepublique.jpg?ssl=1\"><img data-recalc-dims=\"1\" loading=\"lazy\" decoding=\"async\" data-attachment-id=\"5935\" data-permalink=\"https:\/\/www.gastonballiot.fr\/?attachment_id=5935#main\" data-orig-file=\"https:\/\/i0.wp.com\/www.gastonballiot.fr\/wp-content\/uploads\/2018\/12\/meprisantdelarepublique.jpg?fit=590%2C834&amp;ssl=1\" data-orig-size=\"590,834\" data-comments-opened=\"1\" data-image-meta=\"{&quot;aperture&quot;:&quot;0&quot;,&quot;credit&quot;:&quot;&quot;,&quot;camera&quot;:&quot;&quot;,&quot;caption&quot;:&quot;&quot;,&quot;created_timestamp&quot;:&quot;0&quot;,&quot;copyright&quot;:&quot;&quot;,&quot;focal_length&quot;:&quot;0&quot;,&quot;iso&quot;:&quot;0&quot;,&quot;shutter_speed&quot;:&quot;0&quot;,&quot;title&quot;:&quot;&quot;,&quot;orientation&quot;:&quot;0&quot;}\" data-image-title=\"meprisantdelarepublique\" data-image-description=\"\" data-image-caption=\"\" data-medium-file=\"https:\/\/i0.wp.com\/www.gastonballiot.fr\/wp-content\/uploads\/2018\/12\/meprisantdelarepublique.jpg?fit=212%2C300&amp;ssl=1\" data-large-file=\"https:\/\/i0.wp.com\/www.gastonballiot.fr\/wp-content\/uploads\/2018\/12\/meprisantdelarepublique.jpg?fit=590%2C834&amp;ssl=1\" class=\"aligncenter size-full wp-image-5935\" src=\"https:\/\/i0.wp.com\/www.gastonballiot.fr\/wp-content\/uploads\/2018\/12\/meprisantdelarepublique.jpg?resize=590%2C834&#038;ssl=1\" alt=\"\" width=\"590\" height=\"834\" srcset=\"https:\/\/i0.wp.com\/www.gastonballiot.fr\/wp-content\/uploads\/2018\/12\/meprisantdelarepublique.jpg?w=590&amp;ssl=1 590w, https:\/\/i0.wp.com\/www.gastonballiot.fr\/wp-content\/uploads\/2018\/12\/meprisantdelarepublique.jpg?resize=212%2C300&amp;ssl=1 212w\" sizes=\"auto, (max-width: 590px) 100vw, 590px\" \/><\/a><\/p>\n","protected":false},"excerpt":{"rendered":"<p>Retraites. La derni\u00e8re provocation de Macron, au petit matin en douce il promulgue la loi volant 2 ans de vie libre \u00e0 notre peuple ! Qu&rsquo;a donc fait Macron cette nuit ? De mauvais esprits le soup\u00e7onne d&rsquo;avoir sabl\u00e9 le champagne dans les locaux du Medef jusque tard dans nuit parisienne \u00e9clair\u00e9e par quelques poubelles mises en feu par le peuple qui manifestait sa col\u00e8re. Selon quelques voisins on a ripaill\u00e9 tard chez le chef du capitalisme fran\u00e7ais au point que &#8230; <a title=\"Retraites. La derni\u00e8re provocation de Macron, au petit matin en douce\" class=\"read-more\" href=\"https:\/\/www.gastonballiot.fr\/?p=11310\" aria-label=\"Plus sur Retraites. La derni\u00e8re provocation de Macron, au petit matin en douce\">Lire la suite&#8230;<\/a><\/p>\n","protected":false},"author":1,"featured_media":11314,"comment_status":"open","ping_status":"closed","sticky":false,"template":"","format":"standard","meta":{"ngg_post_thumbnail":0,"jetpack_post_was_ever_published":false,"_jetpack_newsletter_access":"","_jetpack_dont_email_post_to_subs":false,"_jetpack_newsletter_tier_id":0,"_jetpack_memberships_contains_paywalled_content":false,"_jetpack_memberships_contains_paid_content":false,"footnotes":"","jetpack_publicize_message":"","jetpack_publicize_feature_enabled":true,"jetpack_social_post_already_shared":false,"jetpack_social_options":{"image_generator_settings":{"template":"highway","enabled":false},"version":2}},"categories":[2,5,20],"tags":[48,119],"class_list":["post-11310","post","type-post","status-publish","format-standard","has-post-thumbnail","hentry","category-a-la-une","category-democratie","category-retraites","tag-democratie","tag-retraites","infinite-scroll-item","masonry-post","generate-columns","tablet-grid-50","mobile-grid-100","grid-parent","grid-33"],"jetpack_publicize_connections":[],"yoast_head":"<!-- This site is optimized with the Yoast SEO plugin v27.5 - https:\/\/yoast.com\/product\/yoast-seo-wordpress\/ -->\n<title>Retraites. La derni\u00e8re provocation de Macron, au petit matin en douce - Le blog politique de Gaston<\/title>\n<meta name=\"robots\" content=\"index, follow, max-snippet:-1, max-image-preview:large, max-video-preview:-1\" \/>\n<link rel=\"canonical\" href=\"https:\/\/www.gastonballiot.fr\/?p=11310\" \/>\n<meta property=\"og:locale\" content=\"fr_FR\" \/>\n<meta property=\"og:type\" content=\"article\" \/>\n<meta property=\"og:title\" content=\"Retraites. La derni\u00e8re provocation de Macron, au petit matin en douce - Le blog politique de Gaston\" \/>\n<meta property=\"og:description\" content=\"Retraites. La derni\u00e8re provocation de Macron, au petit matin en douce il promulgue la loi volant 2 ans de vie libre \u00e0 notre peuple ! Qu&rsquo;a donc fait Macron cette nuit ? De mauvais esprits le soup\u00e7onne d&rsquo;avoir sabl\u00e9 le champagne dans les locaux du Medef jusque tard dans nuit parisienne \u00e9clair\u00e9e par quelques poubelles mises en feu par le peuple qui manifestait sa col\u00e8re. Selon quelques voisins on a ripaill\u00e9 tard chez le chef du capitalisme fran\u00e7ais au point que ... Lire la suite...\" \/>\n<meta property=\"og:url\" content=\"https:\/\/www.gastonballiot.fr\/?p=11310\" \/>\n<meta property=\"og:site_name\" content=\"Le blog politique de Gaston\" \/>\n<meta property=\"article:publisher\" content=\"https:\/\/www.facebook.com\/gaston.balliot\/\" \/>\n<meta property=\"article:author\" content=\"https:\/\/www.facebook.com\/gaston.balliot\/\" \/>\n<meta property=\"article:published_time\" content=\"2023-04-16T07:27:13+00:00\" \/>\n<meta property=\"article:modified_time\" content=\"2023-04-16T09:08:32+00:00\" \/>\n<meta property=\"og:image\" content=\"https:\/\/www.gastonballiot.fr\/wp-content\/uploads\/2023\/04\/Vol2ans.jpg\" \/>\n\t<meta property=\"og:image:width\" content=\"685\" \/>\n\t<meta property=\"og:image:height\" content=\"301\" \/>\n\t<meta property=\"og:image:type\" content=\"image\/jpeg\" \/>\n<meta name=\"author\" content=\"gb\" \/>\n<meta name=\"twitter:card\" content=\"summary_large_image\" \/>\n<meta name=\"twitter:label1\" content=\"\u00c9crit par\" \/>\n\t<meta name=\"twitter:data1\" content=\"gb\" \/>\n\t<meta name=\"twitter:label2\" content=\"Dur\u00e9e de lecture estim\u00e9e\" \/>\n\t<meta name=\"twitter:data2\" content=\"5 minutes\" \/>\n<script type=\"application\/ld+json\" class=\"yoast-schema-graph\">{\"@context\":\"https:\\\/\\\/schema.org\",\"@graph\":[{\"@type\":\"Article\",\"@id\":\"https:\\\/\\\/www.gastonballiot.fr\\\/?p=11310#article\",\"isPartOf\":{\"@id\":\"https:\\\/\\\/www.gastonballiot.fr\\\/?p=11310\"},\"author\":{\"name\":\"gb\",\"@id\":\"https:\\\/\\\/www.gastonballiot.fr\\\/#\\\/schema\\\/person\\\/244a5e02696abd8a65c5b1bebdb948ca\"},\"headline\":\"Retraites. La derni\u00e8re provocation de Macron, au petit matin en douce\",\"datePublished\":\"2023-04-16T07:27:13+00:00\",\"dateModified\":\"2023-04-16T09:08:32+00:00\",\"mainEntityOfPage\":{\"@id\":\"https:\\\/\\\/www.gastonballiot.fr\\\/?p=11310\"},\"wordCount\":783,\"commentCount\":0,\"publisher\":{\"@id\":\"https:\\\/\\\/www.gastonballiot.fr\\\/#\\\/schema\\\/person\\\/244a5e02696abd8a65c5b1bebdb948ca\"},\"image\":{\"@id\":\"https:\\\/\\\/www.gastonballiot.fr\\\/?p=11310#primaryimage\"},\"thumbnailUrl\":\"https:\\\/\\\/i0.wp.com\\\/www.gastonballiot.fr\\\/wp-content\\\/uploads\\\/2023\\\/04\\\/Vol2ans.jpg?fit=685%2C301&ssl=1\",\"keywords\":[\"D\u00e9mocratie\",\"Retraites\"],\"articleSection\":[\"A la une\",\"D\u00e9mocratie\",\"Retraites\"],\"inLanguage\":\"fr-FR\",\"potentialAction\":[{\"@type\":\"CommentAction\",\"name\":\"Comment\",\"target\":[\"https:\\\/\\\/www.gastonballiot.fr\\\/?p=11310#respond\"]}]},{\"@type\":\"WebPage\",\"@id\":\"https:\\\/\\\/www.gastonballiot.fr\\\/?p=11310\",\"url\":\"https:\\\/\\\/www.gastonballiot.fr\\\/?p=11310\",\"name\":\"Retraites. La derni\u00e8re provocation de Macron, au petit matin en douce - Le blog politique de Gaston\",\"isPartOf\":{\"@id\":\"https:\\\/\\\/www.gastonballiot.fr\\\/#website\"},\"primaryImageOfPage\":{\"@id\":\"https:\\\/\\\/www.gastonballiot.fr\\\/?p=11310#primaryimage\"},\"image\":{\"@id\":\"https:\\\/\\\/www.gastonballiot.fr\\\/?p=11310#primaryimage\"},\"thumbnailUrl\":\"https:\\\/\\\/i0.wp.com\\\/www.gastonballiot.fr\\\/wp-content\\\/uploads\\\/2023\\\/04\\\/Vol2ans.jpg?fit=685%2C301&ssl=1\",\"datePublished\":\"2023-04-16T07:27:13+00:00\",\"dateModified\":\"2023-04-16T09:08:32+00:00\",\"breadcrumb\":{\"@id\":\"https:\\\/\\\/www.gastonballiot.fr\\\/?p=11310#breadcrumb\"},\"inLanguage\":\"fr-FR\",\"potentialAction\":[{\"@type\":\"ReadAction\",\"target\":[\"https:\\\/\\\/www.gastonballiot.fr\\\/?p=11310\"]}]},{\"@type\":\"ImageObject\",\"inLanguage\":\"fr-FR\",\"@id\":\"https:\\\/\\\/www.gastonballiot.fr\\\/?p=11310#primaryimage\",\"url\":\"https:\\\/\\\/i0.wp.com\\\/www.gastonballiot.fr\\\/wp-content\\\/uploads\\\/2023\\\/04\\\/Vol2ans.jpg?fit=685%2C301&ssl=1\",\"contentUrl\":\"https:\\\/\\\/i0.wp.com\\\/www.gastonballiot.fr\\\/wp-content\\\/uploads\\\/2023\\\/04\\\/Vol2ans.jpg?fit=685%2C301&ssl=1\",\"width\":685,\"height\":301},{\"@type\":\"BreadcrumbList\",\"@id\":\"https:\\\/\\\/www.gastonballiot.fr\\\/?p=11310#breadcrumb\",\"itemListElement\":[{\"@type\":\"ListItem\",\"position\":1,\"name\":\"Accueil\",\"item\":\"https:\\\/\\\/www.gastonballiot.fr\\\/\"},{\"@type\":\"ListItem\",\"position\":2,\"name\":\"Retraites. La derni\u00e8re provocation de Macron, au petit matin en douce\"}]},{\"@type\":\"WebSite\",\"@id\":\"https:\\\/\\\/www.gastonballiot.fr\\\/#website\",\"url\":\"https:\\\/\\\/www.gastonballiot.fr\\\/\",\"name\":\"Le blog politique de Gaston\",\"description\":\"L&#039;humain d&#039;abord, pas la finance !\",\"publisher\":{\"@id\":\"https:\\\/\\\/www.gastonballiot.fr\\\/#\\\/schema\\\/person\\\/244a5e02696abd8a65c5b1bebdb948ca\"},\"potentialAction\":[{\"@type\":\"SearchAction\",\"target\":{\"@type\":\"EntryPoint\",\"urlTemplate\":\"https:\\\/\\\/www.gastonballiot.fr\\\/?s={search_term_string}\"},\"query-input\":{\"@type\":\"PropertyValueSpecification\",\"valueRequired\":true,\"valueName\":\"search_term_string\"}}],\"inLanguage\":\"fr-FR\"},{\"@type\":[\"Person\",\"Organization\"],\"@id\":\"https:\\\/\\\/www.gastonballiot.fr\\\/#\\\/schema\\\/person\\\/244a5e02696abd8a65c5b1bebdb948ca\",\"name\":\"gb\",\"image\":{\"@type\":\"ImageObject\",\"inLanguage\":\"fr-FR\",\"@id\":\"https:\\\/\\\/i0.wp.com\\\/www.gastonballiot.fr\\\/wp-content\\\/uploads\\\/2017\\\/04\\\/cropped-Marianne-drapeau-rouge.gif?fit=512%2C512&ssl=1\",\"url\":\"https:\\\/\\\/i0.wp.com\\\/www.gastonballiot.fr\\\/wp-content\\\/uploads\\\/2017\\\/04\\\/cropped-Marianne-drapeau-rouge.gif?fit=512%2C512&ssl=1\",\"contentUrl\":\"https:\\\/\\\/i0.wp.com\\\/www.gastonballiot.fr\\\/wp-content\\\/uploads\\\/2017\\\/04\\\/cropped-Marianne-drapeau-rouge.gif?fit=512%2C512&ssl=1\",\"width\":512,\"height\":512,\"caption\":\"gb\"},\"logo\":{\"@id\":\"https:\\\/\\\/i0.wp.com\\\/www.gastonballiot.fr\\\/wp-content\\\/uploads\\\/2017\\\/04\\\/cropped-Marianne-drapeau-rouge.gif?fit=512%2C512&ssl=1\"},\"description\":\"Gaston Balliot, militant du Front de Gauche en pays bigouden - Pont L'Abb\u00e9 - Loctudy - Guilvinec - Penmarc'h - Ile Tudy - Combrit Ste Marine - Tr\u00e9meoc - Plon\u00e9our, p\u00eache tourisme\",\"sameAs\":[\"https:\\\/\\\/www.facebook.com\\\/gaston.balliot\\\/\"]}]}<\/script>\n<!-- \/ Yoast SEO plugin. -->","yoast_head_json":{"title":"Retraites. La derni\u00e8re provocation de Macron, au petit matin en douce - Le blog politique de Gaston","robots":{"index":"index","follow":"follow","max-snippet":"max-snippet:-1","max-image-preview":"max-image-preview:large","max-video-preview":"max-video-preview:-1"},"canonical":"https:\/\/www.gastonballiot.fr\/?p=11310","og_locale":"fr_FR","og_type":"article","og_title":"Retraites. La derni\u00e8re provocation de Macron, au petit matin en douce - Le blog politique de Gaston","og_description":"Retraites. La derni\u00e8re provocation de Macron, au petit matin en douce il promulgue la loi volant 2 ans de vie libre \u00e0 notre peuple ! Qu&rsquo;a donc fait Macron cette nuit ? De mauvais esprits le soup\u00e7onne d&rsquo;avoir sabl\u00e9 le champagne dans les locaux du Medef jusque tard dans nuit parisienne \u00e9clair\u00e9e par quelques poubelles mises en feu par le peuple qui manifestait sa col\u00e8re. Selon quelques voisins on a ripaill\u00e9 tard chez le chef du capitalisme fran\u00e7ais au point que ... Lire la suite...","og_url":"https:\/\/www.gastonballiot.fr\/?p=11310","og_site_name":"Le blog politique de Gaston","article_publisher":"https:\/\/www.facebook.com\/gaston.balliot\/","article_author":"https:\/\/www.facebook.com\/gaston.balliot\/","article_published_time":"2023-04-16T07:27:13+00:00","article_modified_time":"2023-04-16T09:08:32+00:00","og_image":[{"width":685,"height":301,"url":"https:\/\/www.gastonballiot.fr\/wp-content\/uploads\/2023\/04\/Vol2ans.jpg","type":"image\/jpeg"}],"author":"gb","twitter_card":"summary_large_image","twitter_misc":{"\u00c9crit par":"gb","Dur\u00e9e de lecture estim\u00e9e":"5 minutes"},"schema":{"@context":"https:\/\/schema.org","@graph":[{"@type":"Article","@id":"https:\/\/www.gastonballiot.fr\/?p=11310#article","isPartOf":{"@id":"https:\/\/www.gastonballiot.fr\/?p=11310"},"author":{"name":"gb","@id":"https:\/\/www.gastonballiot.fr\/#\/schema\/person\/244a5e02696abd8a65c5b1bebdb948ca"},"headline":"Retraites. La derni\u00e8re provocation de Macron, au petit matin en douce","datePublished":"2023-04-16T07:27:13+00:00","dateModified":"2023-04-16T09:08:32+00:00","mainEntityOfPage":{"@id":"https:\/\/www.gastonballiot.fr\/?p=11310"},"wordCount":783,"commentCount":0,"publisher":{"@id":"https:\/\/www.gastonballiot.fr\/#\/schema\/person\/244a5e02696abd8a65c5b1bebdb948ca"},"image":{"@id":"https:\/\/www.gastonballiot.fr\/?p=11310#primaryimage"},"thumbnailUrl":"https:\/\/i0.wp.com\/www.gastonballiot.fr\/wp-content\/uploads\/2023\/04\/Vol2ans.jpg?fit=685%2C301&ssl=1","keywords":["D\u00e9mocratie","Retraites"],"articleSection":["A la une","D\u00e9mocratie","Retraites"],"inLanguage":"fr-FR","potentialAction":[{"@type":"CommentAction","name":"Comment","target":["https:\/\/www.gastonballiot.fr\/?p=11310#respond"]}]},{"@type":"WebPage","@id":"https:\/\/www.gastonballiot.fr\/?p=11310","url":"https:\/\/www.gastonballiot.fr\/?p=11310","name":"Retraites. La derni\u00e8re provocation de Macron, au petit matin en douce - Le blog politique de Gaston","isPartOf":{"@id":"https:\/\/www.gastonballiot.fr\/#website"},"primaryImageOfPage":{"@id":"https:\/\/www.gastonballiot.fr\/?p=11310#primaryimage"},"image":{"@id":"https:\/\/www.gastonballiot.fr\/?p=11310#primaryimage"},"thumbnailUrl":"https:\/\/i0.wp.com\/www.gastonballiot.fr\/wp-content\/uploads\/2023\/04\/Vol2ans.jpg?fit=685%2C301&ssl=1","datePublished":"2023-04-16T07:27:13+00:00","dateModified":"2023-04-16T09:08:32+00:00","breadcrumb":{"@id":"https:\/\/www.gastonballiot.fr\/?p=11310#breadcrumb"},"inLanguage":"fr-FR","potentialAction":[{"@type":"ReadAction","target":["https:\/\/www.gastonballiot.fr\/?p=11310"]}]},{"@type":"ImageObject","inLanguage":"fr-FR","@id":"https:\/\/www.gastonballiot.fr\/?p=11310#primaryimage","url":"https:\/\/i0.wp.com\/www.gastonballiot.fr\/wp-content\/uploads\/2023\/04\/Vol2ans.jpg?fit=685%2C301&ssl=1","contentUrl":"https:\/\/i0.wp.com\/www.gastonballiot.fr\/wp-content\/uploads\/2023\/04\/Vol2ans.jpg?fit=685%2C301&ssl=1","width":685,"height":301},{"@type":"BreadcrumbList","@id":"https:\/\/www.gastonballiot.fr\/?p=11310#breadcrumb","itemListElement":[{"@type":"ListItem","position":1,"name":"Accueil","item":"https:\/\/www.gastonballiot.fr\/"},{"@type":"ListItem","position":2,"name":"Retraites. La derni\u00e8re provocation de Macron, au petit matin en douce"}]},{"@type":"WebSite","@id":"https:\/\/www.gastonballiot.fr\/#website","url":"https:\/\/www.gastonballiot.fr\/","name":"Le blog politique de Gaston","description":"L&#039;humain d&#039;abord, pas la finance !","publisher":{"@id":"https:\/\/www.gastonballiot.fr\/#\/schema\/person\/244a5e02696abd8a65c5b1bebdb948ca"},"potentialAction":[{"@type":"SearchAction","target":{"@type":"EntryPoint","urlTemplate":"https:\/\/www.gastonballiot.fr\/?s={search_term_string}"},"query-input":{"@type":"PropertyValueSpecification","valueRequired":true,"valueName":"search_term_string"}}],"inLanguage":"fr-FR"},{"@type":["Person","Organization"],"@id":"https:\/\/www.gastonballiot.fr\/#\/schema\/person\/244a5e02696abd8a65c5b1bebdb948ca","name":"gb","image":{"@type":"ImageObject","inLanguage":"fr-FR","@id":"https:\/\/i0.wp.com\/www.gastonballiot.fr\/wp-content\/uploads\/2017\/04\/cropped-Marianne-drapeau-rouge.gif?fit=512%2C512&ssl=1","url":"https:\/\/i0.wp.com\/www.gastonballiot.fr\/wp-content\/uploads\/2017\/04\/cropped-Marianne-drapeau-rouge.gif?fit=512%2C512&ssl=1","contentUrl":"https:\/\/i0.wp.com\/www.gastonballiot.fr\/wp-content\/uploads\/2017\/04\/cropped-Marianne-drapeau-rouge.gif?fit=512%2C512&ssl=1","width":512,"height":512,"caption":"gb"},"logo":{"@id":"https:\/\/i0.wp.com\/www.gastonballiot.fr\/wp-content\/uploads\/2017\/04\/cropped-Marianne-drapeau-rouge.gif?fit=512%2C512&ssl=1"},"description":"Gaston Balliot, militant du Front de Gauche en pays bigouden - Pont L'Abb\u00e9 - Loctudy - Guilvinec - Penmarc'h - Ile Tudy - Combrit Ste Marine - Tr\u00e9meoc - Plon\u00e9our, p\u00eache tourisme","sameAs":["https:\/\/www.facebook.com\/gaston.balliot\/"]}]}},"jetpack_featured_media_url":"https:\/\/i0.wp.com\/www.gastonballiot.fr\/wp-content\/uploads\/2023\/04\/Vol2ans.jpg?fit=685%2C301&ssl=1","jetpack_shortlink":"https:\/\/wp.me\/p5UTaD-2Wq","jetpack-related-posts":[],"jetpack_likes_enabled":true,"jetpack_sharing_enabled":true,"_links":{"self":[{"href":"https:\/\/www.gastonballiot.fr\/index.php?rest_route=\/wp\/v2\/posts\/11310","targetHints":{"allow":["GET"]}}],"collection":[{"href":"https:\/\/www.gastonballiot.fr\/index.php?rest_route=\/wp\/v2\/posts"}],"about":[{"href":"https:\/\/www.gastonballiot.fr\/index.php?rest_route=\/wp\/v2\/types\/post"}],"author":[{"embeddable":true,"href":"https:\/\/www.gastonballiot.fr\/index.php?rest_route=\/wp\/v2\/users\/1"}],"replies":[{"embeddable":true,"href":"https:\/\/www.gastonballiot.fr\/index.php?rest_route=%2Fwp%2Fv2%2Fcomments&post=11310"}],"version-history":[{"count":0,"href":"https:\/\/www.gastonballiot.fr\/index.php?rest_route=\/wp\/v2\/posts\/11310\/revisions"}],"wp:featuredmedia":[{"embeddable":true,"href":"https:\/\/www.gastonballiot.fr\/index.php?rest_route=\/wp\/v2\/media\/11314"}],"wp:attachment":[{"href":"https:\/\/www.gastonballiot.fr\/index.php?rest_route=%2Fwp%2Fv2%2Fmedia&parent=11310"}],"wp:term":[{"taxonomy":"category","embeddable":true,"href":"https:\/\/www.gastonballiot.fr\/index.php?rest_route=%2Fwp%2Fv2%2Fcategories&post=11310"},{"taxonomy":"post_tag","embeddable":true,"href":"https:\/\/www.gastonballiot.fr\/index.php?rest_route=%2Fwp%2Fv2%2Ftags&post=11310"}],"curies":[{"name":"wp","href":"https:\/\/api.w.org\/{rel}","templated":true}]}}