{"id":11458,"date":"2023-08-07T15:03:28","date_gmt":"2023-08-07T13:03:28","guid":{"rendered":"https:\/\/www.gastonballiot.fr\/?p=11458"},"modified":"2024-01-25T16:03:20","modified_gmt":"2024-01-25T15:03:20","slug":"a-propos-des-cent-ans-du-drapeau-breton-reflexions","status":"publish","type":"post","link":"https:\/\/www.gastonballiot.fr\/?p=11458","title":{"rendered":"A propos des cent ans du drapeau breton, r\u00e9flexions sur une imposture."},"content":{"rendered":"<p style=\"text-align: center;\">le festival inter-celtique \u00e0 Lorient f\u00eate <strong>\u00ab\u00a0le centenaire du drapeau Breton\u00a0\u00bb.<\/strong><\/p>\n<p>Ci-joint l&rsquo;histoire de la naissance du drapeau Breton ,ainsi que les promoteurs de l&rsquo;Europe des R\u00e9gions d\u00e9membrant la Nation Fran\u00e7aise<\/p>\n<p style=\"text-align: center;\">\u00e0 m\u00e9diter, \u00ab\u00a0Un Peuple sans m\u00e9moire est un Peuple \u00e0 revivre son pass\u00e9\u00a0\u00bb<\/p>\n<p>texte de Daniel Morel ancien secr\u00e9taire d\u00e9partemental du SNES 22 :<\/p>\n<p>La Bretagne tout enti\u00e8re est appel\u00e9e \u00e0 c\u00e9l\u00e9brer le drapeau gwenn ha du, \u00e0 l&rsquo;appel notamment du Conseil R\u00e9gional, relay\u00e9 par le F.I.L. ces jours-ci et par toutes les instances et presse au service de la cause&#8230;<\/p>\n<p><a href=\"https:\/\/i0.wp.com\/www.gastonballiot.fr\/wp-content\/uploads\/2023\/08\/Of17juil23-scaled.jpg?ssl=1\"><img data-recalc-dims=\"1\" loading=\"lazy\" decoding=\"async\" data-attachment-id=\"11463\" data-permalink=\"https:\/\/www.gastonballiot.fr\/?attachment_id=11463#main\" data-orig-file=\"https:\/\/i0.wp.com\/www.gastonballiot.fr\/wp-content\/uploads\/2023\/08\/Of17juil23-scaled.jpg?fit=1920%2C2560&amp;ssl=1\" data-orig-size=\"1920,2560\" data-comments-opened=\"1\" data-image-meta=\"{&quot;aperture&quot;:&quot;1.8&quot;,&quot;credit&quot;:&quot;&quot;,&quot;camera&quot;:&quot;SM-A136B&quot;,&quot;caption&quot;:&quot;&quot;,&quot;created_timestamp&quot;:&quot;1691336325&quot;,&quot;copyright&quot;:&quot;&quot;,&quot;focal_length&quot;:&quot;4&quot;,&quot;iso&quot;:&quot;160&quot;,&quot;shutter_speed&quot;:&quot;0.019995&quot;,&quot;title&quot;:&quot;&quot;,&quot;orientation&quot;:&quot;1&quot;}\" data-image-title=\"Of17juil23\" data-image-description=\"\" data-image-caption=\"\" data-medium-file=\"https:\/\/i0.wp.com\/www.gastonballiot.fr\/wp-content\/uploads\/2023\/08\/Of17juil23-scaled.jpg?fit=225%2C300&amp;ssl=1\" data-large-file=\"https:\/\/i0.wp.com\/www.gastonballiot.fr\/wp-content\/uploads\/2023\/08\/Of17juil23-scaled.jpg?fit=768%2C1024&amp;ssl=1\" class=\"aligncenter wp-image-11463 size-large\" src=\"https:\/\/i0.wp.com\/www.gastonballiot.fr\/wp-content\/uploads\/2023\/08\/Of17juil23.jpg?resize=768%2C1024&#038;ssl=1\" alt=\"\" width=\"768\" height=\"1024\" srcset=\"https:\/\/i0.wp.com\/www.gastonballiot.fr\/wp-content\/uploads\/2023\/08\/Of17juil23-scaled.jpg?resize=768%2C1024&amp;ssl=1 768w, https:\/\/i0.wp.com\/www.gastonballiot.fr\/wp-content\/uploads\/2023\/08\/Of17juil23-scaled.jpg?resize=225%2C300&amp;ssl=1 225w, https:\/\/i0.wp.com\/www.gastonballiot.fr\/wp-content\/uploads\/2023\/08\/Of17juil23-scaled.jpg?resize=1152%2C1536&amp;ssl=1 1152w, https:\/\/i0.wp.com\/www.gastonballiot.fr\/wp-content\/uploads\/2023\/08\/Of17juil23-scaled.jpg?resize=1536%2C2048&amp;ssl=1 1536w, https:\/\/i0.wp.com\/www.gastonballiot.fr\/wp-content\/uploads\/2023\/08\/Of17juil23-scaled.jpg?resize=1320%2C1760&amp;ssl=1 1320w, https:\/\/i0.wp.com\/www.gastonballiot.fr\/wp-content\/uploads\/2023\/08\/Of17juil23-scaled.jpg?w=1920&amp;ssl=1 1920w\" sizes=\"auto, (max-width: 768px) 100vw, 768px\" \/><\/a><\/p>\n<p>Il est plus que jamais indispensable d&rsquo;en rappeler les origines, le sens , et sa triste histoire&#8230;Le tapage actuel nous en donne l&rsquo;occasion&#8230;<\/p>\n<p>Je pense qu&rsquo;il faut bien comprendre ce que repr\u00e9sente le Festival de Lorient&#8230; Il a \u00e9t\u00e9 cr\u00e9\u00e9 par Polig Monjarret, membre du P.N.B., collabo patent\u00e9 qui a invent\u00e9 apr\u00e8s la guerre, les Bagad, avec cornemuses \u00e9cossaises, tambours, d\u00e9fil\u00e9s au pas cadenc\u00e9 , sur le mod\u00e8le des \u00ab\u00a0bagadou-Stourm\u00a0\u00bb des milices de P.N.B. pendant la guerre&#8230;Monjarret a sa statue \u00e0 Lorient&#8230;A Guingamp une rue \u00e0 son nom a \u00e9t\u00e9 refus\u00e9e par le Conseil .Municipal.et une tentative a \u00e9t\u00e9 mise en \u00e9chec \u00e0 Pommerit-le-Vicomte, son lieu de naissance &#8230;<\/p>\n<p>Le F.I.L est de fait une des tribunes politiques de la R\u00e9gion et de tout le lobby sous le couvert de la \u00a0\u00bb culture bretonne\u00a0\u00bb<\/p>\n<p>On est donc pass\u00e9 du festif d&rsquo;avant-guerre, avec pour exemple la f\u00eate de Pont-Labb\u00e9,pr\u00e9sid\u00e9 par Marcel CACHIN directeur de l&rsquo;Humanit\u00e9 au militaire, dans ces d\u00e9fil\u00e9s qui marchent au pas de \u00ab\u00a0La Marche des Chouans de Cadoudal\u00a0\u00bb, air embl\u00e9matique des grands festivals&#8230; F.I.L. Cornouailles, Saint-Loup \u00e0 Guingamp&#8230;<\/p>\n<p>Jean-Claude CARO<\/p>\n<p>Saint-Brieuc<\/p>\n<hr>\n<p><span style=\"font-size: large;\"><b>Derri\u00e8re le drapeau<\/b><\/span><\/p>\n<p align=\"justify\"><span style=\"font-size: medium;\">Derri\u00e8re le drapeau, \u201c<\/span><span style=\"font-size: medium;\"><b>gwenn-ha-du<\/b><\/span><span style=\"font-size: medium;\">\u201d des miliciens du P.N.B<a class=\"sdfootnoteanc\" href=\"#sdfootnote1sym\" name=\"sdfootnote1anc\"><sup>1<\/sup><\/a>., <\/span><span style=\"font-size: medium;\">se pavane<\/span> <span style=\"font-size: medium;\">aujourd&rsquo;hui <\/span><span style=\"font-size: medium;\">et d\u00e9file \u00e0 l&rsquo;occasion, <\/span><span style=\"font-size: medium;\"> le gratin des industriels de l&rsquo;agro-alimentaire et autres fortunes bretonnes, <\/span><span style=\"font-size: medium;\">r\u00e9unis dans <\/span><span style=\"font-size: medium;\">l&rsquo;Institut de <\/span><span style=\"font-size: medium;\">L<\/span><span style=\"font-size: medium;\">ocarn, <\/span><span style=\"font-size: medium;\">le<\/span> <span style=\"font-size: medium;\">Club des Trente, Produit en Bretagne<\/span><span style=\"font-size: medium;\"> &#8230;(<\/span><span style=\"font-size: medium;\">Glon-<\/span><span style=\"font-size: medium;\">Sanders<\/span><span style=\"font-size: medium;\">, <\/span><span style=\"font-size: medium;\">Doux- Yer Breizh<a class=\"sdfootnoteanc\" href=\"#sdfootnote2sym\" name=\"sdfootnote2anc\"><sup>2<\/sup><\/a><\/span> <span style=\"font-size: medium;\">Pinault, Bollor\u00e9, <\/span><span style=\"font-size: medium;\">Rocher, <\/span> <span style=\"font-size: medium;\">H<\/span><span style=\"font-size: medium;\">\u00e9naff<a class=\"sdfootnoteanc\" href=\"#sdfootnote3sym\" name=\"sdfootnote3anc\"><sup>3<\/sup><\/a>, Rou\u00e9-, etc&#8230;), le <\/span><span style=\"font-size: medium;\">bureau<\/span><span style=\"font-size: medium;\"> du Conseil r\u00e9gional, les \u201c<\/span><span style=\"font-size: medium;\"><i>d\u00e9put\u00e9s bretons<\/i><\/span><span style=\"font-size: medium;\">\u201d (sic) , chantant en ch\u0153ur <\/span><span style=\"font-size: medium;\">le 6 avril dernier, <\/span> <span style=\"font-size: medium;\">le<\/span><span style=\"font-size: medium;\"><b> \u201cBro-goz- ma- za-dou<\/b><\/span><span style=\"font-size: medium;\">\u201d<\/span><span style=\"font-size: medium;\">sur les marches d<\/span><span style=\"font-size: medium;\">e l&rsquo;Assembl\u00e9e Nationale<\/span> <span style=\"font-size: medium;\">pour f\u00eater, autour du <\/span><span style=\"font-size: medium;\">chouan <\/span><span style=\"font-size: medium;\">de Plo\u00ebrmel, <\/span><span style=\"font-size: medium;\">l<\/span><span style=\"font-size: medium;\">a loi d&rsquo;immersion des enfants dans une langue que <\/span><span style=\"font-size: medium;\">les bretonnants ne comprennent pas. <\/span><\/p>\n<p><span style=\"font-size: medium;\"><b>. Gwenn-ha-du<\/b>?<\/span><\/p>\n<p><span style=\"font-size: medium;\">. <b>\u201cBro-goz\u201d?<\/b><\/span><\/p>\n<p><span style=\"font-size: medium;\">. <b>Loi Molac?<\/b><\/span><\/p>\n<p align=\"justify\"><span style=\"font-size: medium;\">Trois <\/span><span style=\"font-size: medium;\">h\u00e9ritages masqu\u00e9s, pour <\/span><span style=\"font-size: medium;\">une \u201c<\/span><span style=\"font-size: medium;\"><i>Bretagne laboratoire<\/i><\/span><span style=\"font-size: medium;\">\u201d de <\/span><span style=\"font-size: medium;\"><b>l&rsquo;Europe lib\u00e9rale <\/b><\/span><span style=\"font-size: medium;\"><b>des r\u00e9gions<\/b><\/span><span style=\"font-size: medium;\">&#8211; <\/span><span style=\"font-size: medium;\"> qui avance <\/span><span style=\"font-size: medium;\">d\u00e9sormais au grand jour, <\/span> <span style=\"font-size: medium;\">sous la houlette des lobbies, <\/span><span style=\"font-size: medium;\">nouvelles f\u00e9odalit\u00e9s, <\/span><span style=\"font-size: medium;\"> pour <\/span><span style=\"font-size: medium;\">d\u00e9membrer<\/span> <span style=\"font-size: medium;\"><b> la Nation<\/b><\/span><span style=\"font-size: medium;\"> fran\u00e7aise, <\/span><span style=\"font-size: medium;\">son histoire, sa langue, sa la\u00efcit\u00e9, <\/span><span style=\"font-size: medium;\"> ses services publics, ses <\/span><span style=\"font-size: medium;\">conqu\u00eates <\/span><span style=\"font-size: medium;\"> sociales. <\/span><\/p>\n<p><span style=\"font-size: medium;\"><b>Le Gwenn-ha-du: <\/b><\/span><\/p>\n<p><span style=\"font-size: medium;\">1) L<b>es symboles<\/b>:<\/span><\/p>\n<p align=\"justify\"><span style=\"font-size: medium;\">Noir sur fond blanc, couleurs de la Curie romaine et de la monarchie. Dans le carr\u00e9 gauche, les queues d&rsquo;hermines noires des banni\u00e8res et \u00e9cussons des ducs et de la noblesse de Bretagne. Les bandes horizontales, symbolisent les \u00e9v\u00e9ch\u00e9s de l&rsquo;Ancien R\u00e9gime<a class=\"sdfootnoteanc\" href=\"#sdfootnote4sym\" name=\"sdfootnote4anc\"><sup>4<\/sup><\/a>, blanches pour les <b><i>\u201cpays<\/i><\/b>\u201d bretonnants, L\u00e9on, Tr\u00e9gor, Cornouaille, Vannetais, noires pour les <b><i>\u201cpays<\/i><\/b>\u201dgallos, Rennes, Nantes, Dol, Saint-Malo et Penthi\u00e8vre. <\/span><\/p>\n<p align=\"justify\"><span style=\"font-size: medium;\">Il fallait et il faut encore donner l&rsquo;illusion d&rsquo;une Bretagne que souderaient ses \u201c<b><i>pays<\/i><\/b>\u201d.<\/span><\/p>\n<p align=\"justify\"><span style=\"font-size: medium;\">Il fallait et il faut encore escamoter la R\u00e9volution fran\u00e7aise, &#8211; attaqu\u00e9e de biais aujourd&rsquo;hui en permanence sous le vocable <b><i>\u201cjacobin<\/i><\/b>\u201d-<a class=\"sdfootnoteanc\" href=\"#sdfootnote5sym\" name=\"sdfootnote5anc\"><sup>5<\/sup><\/a>, et plonger la Bretagne dans un pass\u00e9 mythique de fausse libert\u00e9. <\/span><\/p>\n<p align=\"justify\"><span style=\"font-size: medium;\"><b>2) L&rsquo; histoire du drapeau<\/b>:<\/span><\/p>\n<p align=\"justify\"><span style=\"font-size: medium;\">-1923: Cr\u00e9ation par Maurice Marchal, fondateur du journal \u201c<b>Breiz-Atao,<\/b>\u201d en 1919.<\/span><\/p>\n<p align=\"justify\"><span style=\"font-size: medium;\">&#8211; 1925: Le<b> Gwenn-ha-du<\/b> devient l&#8217;embl\u00e8me dudit journal, frapp\u00e9 quelque temps du \u201c<b><i>H\u00e9voud<\/i><\/b>\u201d germano-celtique, \u00e0 savoir de la <b>Croix gamm\u00e9e. <\/b><\/span><\/p>\n<p align=\"justify\"><span style=\"font-size: medium;\">-1925: Il est d\u00e9ploy\u00e9 pour la premi\u00e8re fois lors de <b>l&rsquo;Exposition des Arts D\u00e9coratifs <\/b>\u00e0 Paris, \u00e0 l&rsquo;initiative du groupe d&rsquo;artistes du \u201c<b><i>Seiz-Breur<\/i><\/b>\u201d ( 7 fr\u00e8res) qui pr\u00f4nent un<b><i> \u201cart national breton<\/i><\/b>\u201d, dans le sillage de<b> Breiz-Atao<\/b>. Il flottera \u00e0 nouveau sur le village breton de <b>\u201c l&rsquo;Exposition internationale des Arts et des Techniques dans la Vie moderne<\/b>\u201d<a class=\"sdfootnoteanc\" href=\"#sdfootnote6sym\" name=\"sdfootnote6anc\"><sup>6<\/sup><\/a>, de Paris, en 1937, \u00e0 l&rsquo;initiative du m\u00eame <i>Seiz-Breur<\/i>. <\/span><\/p>\n<p align=\"justify\"><span style=\"font-size: medium;\">&#8211; 1927: Les animateurs du journal <b>Breiz-Atao<\/b> fondent le<b> Parti Autonomiste Breton,<\/b> <b>P.A.B<\/b> au Congr\u00e8s de Rosporden, lequel devient <b> P.N.B., Parti National Breton <\/b>en 1931, et se donnent le <b>Gwenn-ha-du<\/b> comme embl\u00e8me.<\/span><\/p>\n<p align=\"justify\"><span style=\"font-size: medium;\">&#8211; 1932-1939: Une <b>\u201carm\u00e9e bretonne<\/b>\u201d, sous le nom de <b>Gwenn-Ha-Du<\/b>, anim\u00e9e par <b>C\u00e9lestin La\u00een\u00e9<\/b>, se livre \u00e0 des plasticages d&rsquo;\u00e9difices publics \u00e0 Rennes puis \u00e0 Quimper, Vannes, Pontivy, Nantes, Saint-Brieuc, se fait livrer des armes par l&rsquo;Allemagne \u00e0 Locquirec et pr\u00e9pare une \u201cinsurrection\u201d en soutien \u00e0 l&rsquo;invasion allemande attendue, cependant que les chefs les plus \u00e9minents de<b>Breiz-Atao<\/b> se r\u00e9fugient outre-Rhin. <\/span><\/p>\n<p align=\"justify\"><span style=\"font-size: medium;\">-1940 s&rsquo;engouffrant dans la br\u00e8che de la d\u00e9faite fran\u00e7aise et de l&rsquo;abolition de la R\u00e9publique, le P.N.B. proclame \u00e0 Pontivy , le 3 juillet, sur le balcon du ch\u00e2teau f\u00e9odal de la famille Rohan, la constitution d&rsquo;un <b>Conseil National Breton<\/b>, proposant \u00e0 l&rsquo;occupant la cr\u00e9ation d&rsquo;un<b><i> Etat breton<\/i><\/b> s\u00e9par\u00e9 de la France, dans le cadre de <b>l&rsquo;EUROPE NOUVELLE <\/b>que les arm\u00e9es allemandes mettent en place.<\/span><\/p>\n<p align=\"justify\"><span style=\"font-size: medium;\">-1940-1944: le P.N.B., nationaliste, et ses satellites qui se disent \u201cprovincialistes\u201d, ou encore \u201cr\u00e9gionalistes\u201d ont leur presse, financ\u00e9e par l&rsquo;occupant: l&rsquo; hebdomadaire,<b><i> l&rsquo;\u201dHeure Bretonne <a class=\"sdfootnoteanc\" href=\"#sdfootnote7sym\" name=\"sdfootnote7anc\"><sup>7<\/sup><\/a>\u201d, <\/i><\/b>compl\u00e9t\u00e9 en 1941 du quotidien, <b><i>\u201cla Bretagne<\/i><\/b>\u201d, de <b>Yann Fou\u00e9r\u00e9<\/b>, de la revue <b><i>\u201c<\/i><i>Arvor\u201d<\/i><\/b> ( <b>Roparz H\u00e9mon, Youenn Drezen<\/b>) et quelques autres feuilles , s&rsquo;expriment \u00e0 Radio-Rennes (<b>Roparz H\u00e9mon<\/b>, <b>Fran\u00e7ois Eli\u00e8s<\/b>) , \u00e9tendent leur empire sur <b>la<i> D\u00e9p\u00e8che de Brest<\/i><\/b><i><a class=\"sdfootnoteanc\" href=\"#sdfootnote8sym\" name=\"sdfootnote8anc\"><sup>8<\/sup><\/a><\/i> , diffusent les messages du F\u00fchrer, se f\u00e9licitent des succ\u00e8s de la Wehrmacht et des mesures antis\u00e9mites de Vichy. Le P.N.B. a ses milices, les<b><i> Bagadou <\/i><i>S<\/i><i>tourm<\/i><\/b>, le <b><i>Bezen- Kadoudal<\/i><\/b>, et pour finir, en 1944, le <b><i>Bezen-Perro<\/i><\/b>t qui, &#8211; sous le commandement du m\u00eame C\u00e9lestin La\u00een\u00e9 du <b>Gwenn-ha-du-<\/b>, traque les maquis sous l&rsquo;uniforme S.S&#8230;Il a ses agents, affili\u00e9s \u00e0 la Gestapo ( S.D., <i>Sicherheitdienst<\/i>). On d\u00e9nonce les actes de la R\u00e9sistance,- les patriotes sont des <b><i>\u201cbandits<\/i><\/b>\u201d, des <b><i>\u201cterroristes<\/i><\/b>\u201d-, appelle \u00e0 la d\u00e9lation, on livre \u00e0 la torture, \u00e0 la d\u00e9portation, \u00e0 la mort , toujours sous les couleurs <b>du Gwen-ha-du<\/b>, lequel sera interdit \u00e0 la Lib\u00e9ration quand ces gens, \u00e0 l&rsquo;exception de nombreux chefs en fuite , auront des comptes \u00e0 rendre \u00e0 la France lib\u00e9r\u00e9e.<\/span><\/p>\n<p align=\"justify\"><span style=\"font-size: medium;\">&#8211; Aujourd&rsquo;hui, le m\u00eame drapeau, symbole de revendications et slogans remis au go\u00fbt du jour, flotte sur les mairies, associ\u00e9 au drapeau bleu-ciel \u00e9toil\u00e9 europ\u00e9en de la Vierge-Marie. Il s&rsquo;est immisc\u00e9 sur les plaques d&rsquo;immatriculation de nos voitures, est brandi en d&rsquo;innombrables exemplaires et gigantesques formats dans les rassemblements et festivit\u00e9s de toute nature, sur les routes du Tour de France notamment, sature litt\u00e9ralement l&rsquo;espace public.<\/span><\/p>\n<p align=\"justify\"><span style=\"font-size: medium;\">Il est devenu,<b><i>\u201c<\/i><i>par un tour de passe-passe<\/i><\/b>\u201d, \u00e9crit Olier<b> Mordrel<a class=\"sdfootnoteanc\" href=\"#sdfootnote9sym\" name=\"sdfootnote9anc\"><sup>9<\/sup><\/a><\/b> lui-m\u00eame, \u201c<b><i> le<\/i><\/b> <b><i>\u201c<\/i><i>D<\/i><i>rapeau de la Bretagne<\/i><\/b>\u201d!&#8230;. <\/span><\/p>\n<p align=\"justify\"><span style=\"font-size: medium;\"><b>Triste h\u00e9ritage<\/b>!&#8230;<\/span><\/p>\n<p align=\"justify\"><a class=\"sdfootnotesym\" href=\"#sdfootnote1anc\" name=\"sdfootnote1sym\">1<\/a><b> <\/b><b>P<\/b><b>.N.B.<\/b>: <b> <\/b><b>Le <\/b><b>Parti National B<\/b><b>r<\/b><b>eton.<\/b> Organisation<b> <\/b> politique des nationalistes bretons,<b> <\/b><b>le P.N.B<\/b>. avait ses milices et infiltrait les r\u00e9seaux de R\u00e9sistance. C&rsquo;est un membre du P.N.B., qui livra \u00e0 la Gestapo, le 10 d\u00e9cembre 1943, 20 lyc\u00e9ens et normaliens de Saint-Brieuc &#8230; 3 fusill\u00e9s, 9 d\u00e9port\u00e9s, ( trois survivront!)<\/p>\n<div id=\"sdfootnote1\">\n<p class=\"sdfootnote\" align=\"justify\"><u> L&rsquo;image ci-jointe d&rsquo;un milicien drap\u00e9 du \u201cgwenn-ha-du\u201d (<i><b> l&rsquo; Heure Bretonne<\/b><\/i> du 22 juillet 1943), s&rsquo;accompagne de l&rsquo;appel :<\/u><\/p>\n<p class=\"sdfootnote\">\u201d <i>Notre jeunesse trace \u00e0 la Bretagne un avenir meilleur\u201d<\/i><\/p>\n<p class=\"sdfootnote\"><b>Jeunes Bretons, ralliez les organisations du P.N.B.<\/b><\/p>\n<\/div>\n<div id=\"sdfootnote2\">\n<p class=\"sdfootnote\"><b><a class=\"sdfootnotesym\" href=\"#sdfootnote2anc\" name=\"sdfootnote2sym\">2<\/a>Doux-Yer Breizh:<\/b><i> \u201c<\/i><b><i> La poule bretonne<\/i><\/b><i>\u201d(sic),<\/i> 2 juillet 2018, entr\u00e9e officielle de la R\u00e9gion Bretagne dans le capital de l&rsquo;entreprise Doux \u201crestructur\u00e9e\u201d, qui passera de 5 \u00e0 33% sous l&rsquo;effet de rachats aux partenaires industriels , premier exemple d&rsquo;entr\u00e9e d&rsquo;une r\u00e9gion dans le capital d&rsquo;une entreprise priv\u00e9e, rendue possible sous l&rsquo;effet des lois de d\u00e9centralisation de 2015 et comment\u00e9e par<b> Chesnais-Girard<\/b>:<i>\u201d<\/i><i>On ne peut pas attaquer un nouveau march\u00e9 sans \u00eatre rassembl\u00e9s.<\/i>..\u201d<\/p>\n<\/div>\n<div id=\"sdfootnote3\">\n<p class=\"sdfootnote\" align=\"justify\"><a class=\"sdfootnotesym\" href=\"#sdfootnote3anc\" name=\"sdfootnote3sym\">3<\/a><b>Lo\u00efc <\/b><b>H\u00e9naff<\/b>, pr\u00e9sident de <b>Produit en Bretagne <\/b>( si\u00e8ge \u00e0 Locarn<b>), <\/b> pieuvre qui a mis ses tentacules sur la quasi totalit\u00e9 des activit\u00e9s r\u00e9gionales, presse et \u201c<i>\u00e9conomie culturelle\u201d<\/i> comprises et <b>Jean-Marc<\/b> <b>Rou\u00e9<\/b>, h\u00e9ritier de l&#8217;empire de<b> Gourvennec<\/b> ( <i>Triskalia- Eureden, Prince de Bretagne, Sav\u00e9ol,<\/i> etc., <i>Britanny Ferries<\/i>) , accompagnaient<b> <\/b><b>Chesnais-Girard<\/b><b> <\/b>en Irlande , en mars 2020 , pour pr\u00e9parer avec les <i><b>\u201cnations celtes<\/b><\/i>\u201d (sic) <i><b>\u201cun sommet celtique<\/b><\/i>\u201d europ\u00e9en qui devait se tenir cette ann\u00e9e-l\u00e0 dans le cadre du <i><b>Festival Interceltique de Lorient.<\/b><\/i><\/p>\n<p class=\"sdfootnote\" align=\"justify\">&#8211; <u> <\/u><u><b>Lo\u00efc<\/b><\/u><u> <\/u><u><b>H\u00e9naff<\/b><\/u><u> <\/u><u> a rejoint<\/u><u><b> Chesnais-Girard <\/b><\/u><u>au <\/u><u> Conseil r\u00e9gional, \u00e9lu sur la liste \u201c<\/u><u><b>La Bretagne avec Lo\u00efg<\/b><\/u><u>\u201d. <\/u><\/p>\n<\/div>\n<div id=\"sdfootnote4\">\n<p class=\"sdfootnote\"><a class=\"sdfootnotesym\" href=\"#sdfootnote4anc\" name=\"sdfootnote4sym\">4<\/a> R\u00e9f\u00e9rence \u00e0 la province \u201cBretagne \u201c, \u201c <i><b>pays d&rsquo;Etats<\/b><\/i>\u201d de l&rsquo;Ancien R\u00e9gime, p\u00e9riode d&rsquo;une domination totale des aristocrates et du clerg\u00e9.<\/p>\n<\/div>\n<div id=\"sdfootnote5\">\n<p class=\"sdfootnote\"><a class=\"sdfootnotesym\" href=\"#sdfootnote5anc\" name=\"sdfootnote5sym\">5<\/a><b>Jacobin<\/b>: ce mot est devenu une insulte dans la bouche de nos r\u00e9gionalistes. Le Drian, Chesnais-Girard et autres Ferrand, Molac,,.. ne manquent pas se r\u00e9clamer de l&rsquo;id\u00e9ologie \u201cgirondine\u201d, \u201cf\u00e9d\u00e9raliste\u201d , reprise par Macron \u00e0 Quimper en 2018 sous le vocable\u201d<i><b> Pacte girondin<\/b><\/i>\u201d. La palme pourrait \u00eatre attribu\u00e9e \u00e0 l&rsquo;U.D.B., \u201c<i>parti de<\/i> <i>gauche\u201d<\/i><i>, <\/i>( sic), alli\u00e9 des Verts aux R\u00e9gionales qui estime que\u201d<i><b> \u201cle jacobinisme est une prison dont le peuple breton doit se lib\u00e9rer<\/b><\/i>\u201d, O.F. du 27 mai 2021.. C&rsquo;est pourtant \u201c<b>le <\/b><b>C<\/b><b>lub breton<\/b>\u201d des d\u00e9put\u00e9s de la Constituante devenu \u201c<b>Club <\/b><b> des <\/b><b>J<\/b><b>acobins<\/b>\u201d, du nom du couvent des Jacobins o\u00f9 il s&rsquo;\u00e9tait install\u00e9 qui a fait liquider les privil\u00e8ges nobiliaires de la province, appel\u00e9es<i><b>\u201dlibert\u00e9s bretonnes<\/b><\/i>\u201d, dans la nuit du 4 ao\u00fbt 1789!<\/p>\n<\/div>\n<div id=\"sdfootnote6\">\n<p class=\"sdfootnote\"><a class=\"sdfootnotesym\" href=\"#sdfootnote6anc\" name=\"sdfootnote6sym\">6<\/a>Un<i><b> \u201c<\/b><\/i><b>Comit\u00e9 breton<\/b>\u201d de l&rsquo;Exposition \u00e9tait pr\u00e9sid\u00e9 par <b>Octave-Louis Aubert <\/b><b>( 1970-1950)<\/b>, fondateur en 1922, \u00e0 Saint-Brieuc, de <b>La Bretagne Touristique<\/b>, \u201c <i>Revue illustr\u00e9e des <\/i><i>I<\/i><i>nt\u00e9r\u00eats bretons<\/i>\u201d pilot\u00e9e par une \u201c\u00e9lite\u201d d&rsquo;entrepreneurs, de professions lib\u00e9rales, de notables et de gens de plume r\u00e9gionaux qui s&rsquo;adressaient \u00e0 leurs pairs locaux et d&rsquo;outre-Couesnon pour valoriser le produit Bretagne, ses sites, ses costumes, ses monuments, sa race, ses l\u00e9gendes, sa r\u00e9sistance \u00e0 la R\u00e9volution par l&rsquo;\u00e9loge de la chouannerie. Les artistes du<b> Seiz-breur<\/b> en furent les principaux illustrateurs. O.L. Aubert pr\u00e9sida aussi l<b>a Chambre du Commerce des C\u00f4tes-du- Nord,<\/b> de 1930 \u00e0 1945.<\/p>\n<\/div>\n<div id=\"sdfootnote7\">\n<p class=\"sdfootnote\"><a class=\"sdfootnotesym\" href=\"#sdfootnote7anc\" name=\"sdfootnote7sym\">7<\/a> Hebdomadaire install\u00e9 le 14 juillet 1940, avec pour premier r\u00e9dacteur en chef,<b> Morvan Lebesque<\/b> ( 1911-1972) , qui appelait l&rsquo;Angleterre \u00e0 la reddition et traitait Churchill de \u201cfou\u201d. Militant Breiz-Atao des plus virulents, il en reprendra les th\u00e8ses et les revendications en les \u201cgauchisant\u201d, dans <i><b>\u201cComment peut-on \u00eatre Breton?\u201d<\/b><\/i>, (Seuil 1972)<\/p>\n<\/div>\n<div id=\"sdfootnote8\">\n<p class=\"sdfootnote\"><a class=\"sdfootnotesym\" href=\"#sdfootnote8anc\" name=\"sdfootnote8sym\">8<\/a><i><b>Yann Fou\u00e9r\u00e9, Joseph Martray;<\/b><\/i> cf.<b> Henri Fr\u00e9ville<\/b><i>: La Presse bretonne dans la tourmente,<\/i> Plon 1979<\/p>\n<\/div>\n<div id=\"sdfootnote9\">\n<p class=\"sdfootnote\"><a class=\"sdfootnotesym\" href=\"#sdfootnote9anc\" name=\"sdfootnote9sym\">9<\/a><b>Olivier Mordrelle<\/b>, <b>(<\/b><b> Olier Mordre<\/b><b>l<\/b>)<span style=\"font-size: small;\">,<\/span><span style=\"font-size: small;\"><i> \u201c<\/i><\/span><span style=\"font-size: small;\"><i>La Voie de la Bretagne<\/i><\/span><span style=\"font-size: small;\">\u201d, Nature et Bretagne, 1975, p. 14. <\/span><\/p>\n<p class=\"sdfootnote\"><b>M<\/b><b>ordrel<\/b><i>,<\/i> animateur historique de premier plan de <b>Breiz-Atao<\/b>, revenu d&rsquo;Allemagne avec la Wehrmacht en 1940, pr\u00e9sidera avec <b>Fran\u00e7ois Debauvais <\/b>le<b> Conseil National Breton(C.N.B.)<\/b> proclam\u00e9 \u00e0 Pontivy et se verra confier<i> <\/i><i><b>L&rsquo;Heure Bretonne<\/b><\/i><i> par<\/i><b> l&rsquo;Abwehr(<\/b><i> Service secret de la Wehrmacht), cf.. Fr\u00e9ville<\/i><i><b>: \u201cArchives secr\u00e8tes de Bretagne 1940-1944<\/b><\/i><i>\u201d(1985), ouvrage-cl\u00e9, r\u00e9\u00e9dit\u00e9 en 2004-2008<\/i> aux Editions <i>Ouest-France, <\/i><i>actualis\u00e9 et dot\u00e9 d&rsquo;un appareil critique par<\/i><i> Fran\u00e7oise Morvan.<\/i><\/p>\n<hr>\n<p class=\"sdfootnote\">Texte de Daniel Morel :<\/p>\n<p>Daniel Morel Saint- Brieuc, le 30 juillet 2021<\/p>\n<p>Chers amis et camarades,<\/p>\n<p>Je me permets de vous adresser quelques r\u00e9flexions compl\u00e9mentaires \u00e0 nos \u00e9changes, apr\u00e8s lecture des quelques remarques qui m&rsquo;ont \u00e9t\u00e9 faites sur mon texte, notamment sur l&rsquo;enseignement de la langue bretonne remis en premi\u00e8re ligne avec la loi Molac et sur le soutien la\u00efque d&rsquo;avant et d&rsquo;apr\u00e8s-guerre \u00e0 l&rsquo;ensignement du breton.<\/p>\n<p>1\u00b0 On entretient une confusion permanente entre la langue bretonne et le territoire actuel de la R\u00e9gion \u00e9l\u00e9rgi \u00e0 la Loire-Atlantique, h\u00e9rit\u00e9 de celui de la province d&rsquo;avant 1789 et du duch\u00e9 f\u00e9odal d&rsquo;avant l&rsquo;Acte d&rsquo;Union.(1532)<\/p>\n<p align=\"justify\">La langue bretonne concerne dans ses 4 dialectes, le tiers- ouest du territoire. Les deux autres tiers, que les Bretons<a class=\"sdfootnoteanc\" href=\"#sdfootnote1sym\" name=\"sdfootnote1anc\"><sup>1<\/sup><\/a> appellent \u201c<i><b>pays gallo<\/b><\/i>\u201d, &#8211; \u00e0 savoir \u201c<i>fran\u00e7ais<\/i>\u201d \u2013 on l&rsquo;appelait aussi, <i>\u201cla Bretagne fran\u00e7aise<\/i>\u201d-, ont parl\u00e9, -abandonnant progressivement les dialectes gaulois, celtiques, &#8211; apr\u00e8s la conqu\u00eate romaine, la <i><b>\u201clangue romaine rustique\u201d<\/b><\/i> qui a \u00e9volu\u00e9 oralement, pendant plus d&rsquo;un mill\u00e9naire dans d&rsquo;innombrables dialectes codifi\u00e9s par les po\u00e8tes au Moyen-\u00e2ge en \u201clangue d&rsquo;o\u00efl\u201d et \u201clangue d&rsquo;oc\u201d, (ancien fran\u00e7ais) pour aboutir au fran\u00e7ais de la Renaissance ( moyen fran\u00e7ais) que la fameuse ordonnance de Villers-Cotterets de Fran\u00e7ois 1\u00b0( 1539), imposa pour remplacer le latin que seuls comprenaient les lettr\u00e9s, dans tous les \u00e9crits officiels, administratifs, notariaux, juridiques, politiques, etc&#8230;La cible \u00e9tait alors le monopole \u00e9crit du latin de l&rsquo;Eglise, des parlements et de l&rsquo;Universit\u00e9, la Sorbonne, face \u00e0 laquelle on cr\u00e9e le Coll\u00e8ge de France o\u00f9 l&rsquo;on enseigne, parle et \u00e9crit en fran\u00e7ais. En fait, l&rsquo;Histoire de France et l&rsquo;histoire de la langue fran\u00e7aise sont indissociables&#8230; ..Excusez-moi pour ces longueurs mais elles permettent d&rsquo;\u00e9vacuer le \u201cgallo\u201d de l&rsquo;apppelletion \u201c <b>langue r\u00e9gionale\u201d<\/b>. Le \u201cgallo\u201d, c&rsquo;est du fran\u00e7ais oral, prononc\u00e9 \u00e0 l&rsquo;ancienne, riche d&rsquo;un vocabulaire oubli\u00e9 et de tournures grammaticales simplifi\u00e9es mais enracin\u00e9es dans le latin d&rsquo;origine. Le \u201cgallo\u201d ne s&rsquo;est jamais \u00e9crit, d&rsquo;o\u00f9 ses innombrables et insaisissables variantes<a class=\"sdfootnoteanc\" href=\"#sdfootnote2sym\" name=\"sdfootnote2anc\"><sup>2<\/sup><\/a>.<\/p>\n<p align=\"justify\">Le duch\u00e9 de Bretagne, par ailleurs n&rsquo;a jamais \u00e9t\u00e9 la <i><b>\u201cterre<\/b><\/i>\u201d d&rsquo;un <i><b>\u201cpeuple<\/b><\/i>\u201d comme le pr\u00e9tendent le Bro-Goz et autres fables, mais le r\u00e9sultat d&rsquo;une s\u00e9rie de conqu\u00eates d&rsquo;Ouest en Est de<b> Nomino\u00e9<\/b>&lsquo;, chef de guerre du IX\u00b0 si\u00e8cle comme l&rsquo;\u00e9taient les princes qui se disputaient les d\u00e9pouilles de l&#8217;empire de Charlemagne. ..<b> Maurice le Lanno<\/b><b>u <\/b><a class=\"sdfootnoteanc\" href=\"#sdfootnote3sym\" name=\"sdfootnote3anc\"><sup>3<\/sup><\/a> explique tr\u00e8s bien l&rsquo;histoire de cette formation du duch\u00e9 f\u00e9odal<i><b>. \u201cLoin d&rsquo;\u00eatre le d\u00e9fenseur de la \u201cpatrie bretonne\u201d pr\u00e9existante, dit-il, Nomino\u00e9 fut un \u201cconqu\u00e9rant<\/b><\/i>\u201d qui faillit m\u00eame aller bien plus loin vers l&rsquo;est . Parler de <b>\u201cpeuple breton<\/b>\u201d comme le font les autonomistes et autres europ\u00e9istes est donc un abus de langage et une falsification historique h\u00e9rit\u00e9e du discours l\u00e9gitimiste de la Borderie et de ses disciples<\/p>\n<p align=\"justify\">Parler de \u201c<i><b>langue r\u00e9gional<\/b><\/i><i><b>e<\/b><\/i>\u201ds&rsquo;agissant du breton est aussi une ineptie puisqu&rsquo;elle ne concerne que l&rsquo;ouest se la r\u00e9gion&#8230; Les gens de<b> l&rsquo;Union R\u00e9gionaliste <\/b><b>Bretonne<\/b> eux-m\u00eames du d\u00e9but du XX\u00b0, bretonnants qui \u00e9crivaient le breton, n&rsquo;allaient pas jusque-l\u00e0 . Monarchistes pour la plupart, rarement r\u00e9publicains, ils d\u00e9fendaient la langue bretonne de l&rsquo;\u00e9poque l\u00e0 o\u00f9 on la parlait.<\/p>\n<p align=\"justify\">&nbsp;<\/p>\n<p align=\"justify\">Ceux de<b> Breiz-Atao<\/b> et leurs \u00e9mules ont le plus souvent appris le breton en le \u201cpurifiant\u201d pour \u00eatre \u201c<i>plus bretons que breton<\/i>\u201d&#8230; On pourrait en faire une liste qui tiendrait une page, depuis Mordrel&#8230; jusqu&rsquo;\u00e0 Molac, en passant par Fou\u00e9r\u00e9, H\u00e9mon, Denis, Sohier, M\u00e9nard, Servat, Stivel, etc..Ils ne sont pas bretonnants mais <i><b>\u201cbrittophones<\/b><\/i>\u201d, et leur objectif est fondamentalement politique. On s&rsquo;efforce,en effet , de celtiser la r\u00e9gion tout enti\u00e8re sur la base d&rsquo;une n\u00e9o-langue hors sol qu n&rsquo;est parl\u00e9e en interne que par des initi\u00e9s, militants de la cause, ce qui de fait, contribue largement \u00e0 \u00e9liminer le breton populaire ancr\u00e9 dans une histoire, un patrimoine, une vie sociale ancestrale&#8230; et dans une fid\u00e8lit\u00e9 sans faille \u00e0 la France<a class=\"sdfootnoteanc\" href=\"#sdfootnote4sym\" name=\"sdfootnote4anc\"><sup>4<\/sup><\/a>&#8230; La signal\u00e9tique , souvent des plus fantaisistes , \u00e9tendue au pays gallo en est une ridicule illustration &#8230; Il suffit de lire les appellations des gares entre Saint-Brieuc et Rennes pour s&rsquo;en convaincre&#8230;<\/p>\n<p align=\"justify\">2\u00b0- Quant au soutien la\u00efque et en particulier communiste, notamment de Marcel Cachin aux revendications linguistiques, il est juste d&rsquo;y faire r\u00e9f\u00e9rence, mais il faut le reconstitualiser:<\/p>\n<p align=\"justify\">Je viens de visionner la vid\u00e9o r\u00e9jouissante d&rsquo;une grande f\u00eate du Parti intitul\u00e9e \u201c<i><b>Breiz nevez<\/b><\/i>\u201d, en 1938, avec d\u00e9fil\u00e9 de chars, de groupes de danseurs et danseuses derri\u00e8re bombardes et binious,..-sans les tambours et cornemuses qui rythment aujourd&rsquo;hui le pas cadenc\u00e9 du F.I.L -,&#8230; Des milliers de Bretons et Bretonnes en costumes et coiffes de tout le Sud-Finist\u00e8re, pour soutenir la politique du Parti au sein du Front populaire, le 7 a\u00f4ut de cette ann\u00e9e-l\u00e0, \u00e0 Pont-l&rsquo;Abb\u00e9, \u00e0 l&rsquo;initiative des <b>\u201cBretons Emancip\u00e9s<\/b>\u201d et en pr\u00e9sence de Marcel Cachin&#8230; On ne d\u00e9file pas derri\u00e8re le sinistre Gwenn-ha-du mais on danse et on chante derri\u00e8re des drapeaux tricolores et des drapeaux rouges avec marteau et faucille. On ne chante pas le lugubre \u201cBro-goz\u201d mais l&rsquo;Internationale en breton&#8230; Tout y est dit!&#8230; On se battait encore en Bretagne pour le Front Populaire, tomb\u00e9 h\u00e9las depuis avril lorsque Daladier succ\u00e9de \u00e0 L\u00e9on Blum \u00e0 la pr\u00e9sidence du Conseil.<\/p>\n<p align=\"justify\">. On sait que dans les ann\u00e9es 1930, au nom du droit de \u201cminorit\u00e9s\u201d et des \u201cpetites nations\u201d, et dans sa volont\u00e9 de combattre l&rsquo;exploitation capitaliste port\u00e9e par la R\u00e9publique bourgeoise, le Parti s&rsquo;est montr\u00e9 quelque temps ouvert aux mouvements r\u00e9gionalistes &#8211; qui, selon la coutume mensong\u00e8re de l&rsquo;extr\u00eame-Droite, affichaient des revendications sociales- &#8230; Alsace, Corse, Pays basque, Flandre, Bretagne .. . et a lui-m\u00eame d\u00e9velopp\u00e9 un courant \u00e9mancipateur aupr\u00e8s des Bretons d&rsquo;Ile-de- France, en se d\u00e9marquant toutefois de l&rsquo;id\u00e9ologie de Breiz-Atao. Yann Sohier, instituteur \u00e0 Plourivo, militant de la premi\u00e8re heure de Breiz-Atao puis du P.N.B., s&rsquo;\u00e9tait li\u00e9 d&rsquo;amiti\u00e9 avec Marcel Cachin, et, avec son mentor, Fran\u00e7ois Eli\u00e8s, professeur au Lyc\u00e9e de Saint-Brieuc, Breton du L\u00e9on, se disait \u201ccommuniste internationaliste\u201d&#8230;<\/p>\n<p align=\"justify\">Ceci dit, ce grand \u00e9cart a vol\u00e9 en \u00e9clats avec le Front Populaire et, sous l&rsquo;impulsion de Maurice Thorez, le Parti s&rsquo;est r\u00e9f\u00e9r\u00e9 dans ses luttes \u00e0 la tradition nationale de la R\u00e9volution fran\u00e7aise, celle des \u201csans-culottes\u201d et des \u201cSoldats de l&rsquo;An II\u201d de 1792-93 , derri\u00e8re le drapeau tricolore associ\u00e9 au drapeau rouge, derri\u00e8re la Marseillaise associ\u00e9e \u00e0 l&rsquo;Internationale &#8230; C&rsquo;est dans ce contexte qu&rsquo;on peut comprendre la ferveur de Pont-l&rsquo;Abb\u00e9 en 1938&#8230;La m\u00eame ann\u00e9e d&rsquo;ailleurs, dans un discours au S\u00e9nat, Marcel Cachin, le 20 d\u00e9cembre, d\u00e9non\u00e7ait vigoureusement la collusion des autonomistes et de l&rsquo;Allemagne nazie.<\/p>\n<p align=\"justify\">Sohier est mort en 1935, Marcel Cachin \u00e9tait \u00e0 ses obs\u00e8ques. Quant \u00e0 Eli\u00e8s, d\u00e8s 1940, il a rejoint Roparz H\u00e9mon de retour d&rsquo;Allemagne, \u00e0 Radio-Rennes, pour des \u00e9missions en breton et des articles dans la presse nationaliste. Condamn\u00e9 \u00e0 la Lib\u00e9ration, il n&rsquo;est jamais revenu \u00e0 Saint-Brieuc.<\/p>\n<p align=\"justify\">Sohier donc \u00e0 la Lib\u00e9ration est devenu le symbole la\u00efque de la langue bretonne, port\u00e9 par les instituteurs qui souhaitaient sa reconnaissance scolaire l\u00e0 o\u00f9 on le parlait, port\u00e9 aussi par les chevaux de retour animateurs du C.E.L.I.B. et cr\u00e9ateurs du M.O.B., ex. collabos amnisti\u00e9s ( Fou\u00e9r\u00e9&#8230;) ou pass\u00e9s entre les mailles du filet ( Martray, Creston&#8230;) et aujourd&rsquo;hui par Diwan et ses partisans qui tiennent en lui un pr\u00e9curseur, pur chevalier de la langue bretonne, , d\u00e9sint\u00e9ress\u00e9, exempt de vis\u00e9es politiques, ce qui est tr\u00e8s contestable. Mona Ozouf, sa fille, qui tissse \u00e0 cette occasion sa propre l\u00e9gende, est devenue depuis quelques ann\u00e9es l&rsquo;ic\u00f4ne de cette l\u00e9gende et ce n&rsquo;est pas par hasard!<\/p>\n<p align=\"justify\">Mona Ozouf, en effet, qui patauge aujourd&rsquo;hui dans les eaux du Figaro, fut la disciple inconditionnelle et la collaboratrice de Fran\u00e7ois Furet, historien r\u00e9visionniste qui a jet\u00e9 un os \u00e0 ronger dans la mare m\u00e9diatique des ann\u00e9es 1970-1980, d\u00e9cr\u00e9tant que la R\u00e9volution n&rsquo;\u00e9tait que l&rsquo;aboutissement d&rsquo;une \u00e9volution irr\u00e9versible de l&rsquo;Ancien R\u00e9gime qui avait trouv\u00e9 son point d&rsquo;ach\u00e8vement en 1790-91 avec la mise en place d&rsquo;une monarchie constitutionnelle. La suite, \u00e0 savoir l&rsquo;entr\u00e9e en sc\u00e8ne des forces populaires pour imposer la R\u00e9publique, n&rsquo;avait \u00e9t\u00e9 qu&rsquo;une d\u00e9rive incontr\u00f4l\u00e9e, port\u00e9e par les Jacobins inspir\u00e9s du<b> Contrat Social<\/b> de Rousseau, germe de toutes les d\u00e9rives <i><b>\u201ctotalitaires<\/b><\/i>\u201d (sic) qui auraient suivi, notamment, la R\u00e9volution d&rsquo;Octobre&#8230;.Une remise en question totale ,-et port\u00e9e par le courant ambiant europ\u00e9iste dans une op\u00e9ration de marketting bien orchestr\u00e9e-, des travaux de l&rsquo;<i><b>\u201dEcole des Annales<\/b><\/i>\u201d, et de la cha\u00eene d&rsquo;historiens amorc\u00e9e par <b>Jaur\u00e8s <\/b>( \u201c<i><b>Histoire Socialiste de la<\/b><\/i> <i><b>R\u00e9volution Fran\u00e7aise\u201d<\/b><\/i>), prolong\u00e9e par l&rsquo;ouverture d&rsquo;une chaire \u201c<i><b>R\u00e9volution Francaise<\/b><\/i>\u201d \u00e0 la Sorbonne, anim\u00e9e par des historiens inspir\u00e9s du marxisme, <b>Mathiez, Lefebvre, Soboul <\/b>&#8230;.lesquels ont fait la d\u00e9monstration que la p\u00e9riode jacobine de la R\u00e9volution portait en germe tout le potentiel r\u00e9volutionnaire populaire de la Nation:<b> 1848, la Commune, le Front populaire<\/b>, les avanc\u00e9es sociales issues de la <b>R\u00e9sistance.<\/b>..<\/p>\n<p align=\"justify\">Pour <b>Furet-Ozouf<\/b>, <i><b>\u201cla R\u00e9volution <\/b><\/i><i><b>est<\/b><\/i><i><b> termin\u00e9e<\/b><\/i>\u201d<a class=\"sdfootnoteanc\" href=\"#sdfootnote5sym\" name=\"sdfootnote5anc\"><sup>5<\/sup><\/a><\/p>\n<p align=\"justify\">Il se trouve qu<b>e Jean-Pierre Chev\u00e8nement<\/b>, encore ministre dans ces ann\u00e9es-l\u00e0 a choisi <b>Michel<\/b> <b>Vovelle<\/b>, historien communiste, pour pr\u00e9sider le<i><b> Comit\u00e9 <\/b><\/i><i><b>scientifique<\/b><\/i><i><b> de la Comm\u00e9moration du Bicentenare de la R\u00e9volution <\/b><\/i><i><b>fran\u00e7aise<\/b><\/i>,<a class=\"sdfootnoteanc\" href=\"#sdfootnote6sym\" name=\"sdfootnote6anc\"><sup>6<\/sup><\/a> Pied de nez aux \u201c<i>girondins- furettistes<\/i>\u201d qui n&rsquo;ont cess\u00e9 , Mona Ozouf en t\u00eate, de lui mettre des b\u00e2tons dans les roues&#8230; Enfin, il a tenu le coup &#8230; Il a m\u00eame saisi cette occasion pour publier un ouvrage remarquable en 5 gros volumes: <i><b>\u201c1789-1799, la R\u00e9volution Fran\u00e7aise, Images et r\u00e9cits<\/b><\/i>\u201d, Livre club Diderot Messidor, 1987.<\/p>\n<p align=\"justify\">La R\u00e9volution et sa \u201cbataille\u201d n&rsquo;est donc pas termin\u00e9e!<\/p>\n<p align=\"justify\">Salut et fraternit\u00e9!<\/p>\n<p align=\"justify\">Daniel<\/p>\n<div id=\"sdfootnote1\">\n<p class=\"sdfootnote\"><a class=\"sdfootnotesym\" href=\"#sdfootnote1anc\" name=\"sdfootnote1sym\">1<\/a>Dans les ann\u00e9es 1950, \u00e0 Saint-Brieuc, par exemple, n&rsquo;\u00e9tait \u201cbreton\u201d que le bretonnant, issu du \u201cpays breton\u201d&#8230; Son bilinguisme, loin d&rsquo;\u00eatre m\u00e9pris\u00e9, s&rsquo;accompagnait g\u00e9n\u00e9ralement d&rsquo;un ma\u00eetrise de la langue fran\u00e7aise sup\u00e9rieure \u00e0 celle des milieux populaires briochins.<\/p>\n<\/div>\n<div id=\"sdfootnote2\">\n<p class=\"sdfootnote\" align=\"justify\"><a class=\"sdfootnotesym\" href=\"#sdfootnote2anc\" name=\"sdfootnote2sym\">2<\/a>Pour l&rsquo;avoir parl\u00e9 dans ma famille maternelle, dans les campagnes de Plouvara, Plerneuf, Saint-Donan et \u00e0 Cesson, je peux en faire la d\u00e9monstration aupr\u00e8s de tous les pseudo-sp\u00e9cialistes autoproclam\u00e9s de la \u201c<i>langue gall<\/i><i>\u00e8<\/i><i>se<\/i>\u201d.<\/p>\n<\/div>\n<div id=\"sdfootnote3\">\n<p class=\"sdfootnote\" align=\"justify\"><a class=\"sdfootnotesym\" href=\"#sdfootnote3anc\" name=\"sdfootnote3sym\">3<\/a> \u201c <i><b>La Bretagne et les Bretons<\/b><\/i>\u201d, P.U.F. 1978 .<b> Maurice <\/b><b>le Lannou<\/b>, n\u00e9 et mort \u00e0 Plouha ( 1906-1992), bretonnant natif, historien-g\u00e9ographe de renomm\u00e9e internationale, prof. d&rsquo;universit\u00e9 \u00e0 Rennes, Lyon, au Coll\u00e8ge de France, un des grands sp\u00e9cialistes,- comme par hasard oubli\u00e9!,- de la Bretagne et r\u00e9sistant. On peut lire avec profit, \u201c<b> Un Bleu de Bretagne<\/b><i>\u201d,Souvenirs d&rsquo;un fils d&rsquo;instituteur dela III\u00b0 R\u00e9publique<\/i> ( hachette, 1979)<\/p>\n<\/div>\n<div id=\"sdfootnote4\">\n<p class=\"sdfootnote\"><a class=\"sdfootnotesym\" href=\"#sdfootnote4anc\" name=\"sdfootnote4sym\">4<\/a>La chouannerie par exemple, a tr\u00e8s peu concern\u00e9 le<b> Pays breton, <\/b>en dehors de quelques fiefs du Morbihan et du L\u00e9on&#8230;Quant \u00e0 la R\u00e9sistance, il suffit d&rsquo;en regarder la carte pour constater qu&rsquo;elle fut beaucoup plus active en pays breton qu&rsquo;en pays gallo.<\/p>\n<\/div>\n<div id=\"sdfootnote5\">\n<p class=\"sdfootnote\"><a class=\"sdfootnotesym\" href=\"#sdfootnote5anc\" name=\"sdfootnote5sym\">5<\/a>Je ne peux pas m&#8217;emp\u00eacher de constater que Molac, le chouan de Plo\u00ebrmel, et ses supp\u00f4ts, se situent aujourd&rsquo;hui de ce c\u00f4t\u00e9-l\u00e0, sous couvert de \u201c l&rsquo;identit\u00e9 bretonne\u201d qui se doit de \u201cr\u00e9sister\u201d \u00e0 la France \u201cjacobine\u201d!<\/p>\n<\/div>\n<div id=\"sdfootnote6\">\n<p class=\"sdfootnote\"><a class=\"sdfootnotesym\" href=\"#sdfootnote6anc\" name=\"sdfootnote6sym\">6<\/a><b>Michel Vovelle<\/b>:<i><b> \u201cLa bataille du bicentenaire de la R\u00e9volution fran\u00e7aise<\/b><\/i>\u201d, La D\u00e9couverte, juin 2017.<\/p>\n<hr>\n<p><a href=\"https:\/\/i0.wp.com\/www.gastonballiot.fr\/wp-content\/uploads\/2023\/08\/BroGozImposture.jpg?ssl=1\"><img data-recalc-dims=\"1\" loading=\"lazy\" decoding=\"async\" data-attachment-id=\"11466\" data-permalink=\"https:\/\/www.gastonballiot.fr\/?attachment_id=11466#main\" data-orig-file=\"https:\/\/i0.wp.com\/www.gastonballiot.fr\/wp-content\/uploads\/2023\/08\/BroGozImposture.jpg?fit=600%2C834&amp;ssl=1\" data-orig-size=\"600,834\" data-comments-opened=\"1\" data-image-meta=\"{&quot;aperture&quot;:&quot;0&quot;,&quot;credit&quot;:&quot;&quot;,&quot;camera&quot;:&quot;&quot;,&quot;caption&quot;:&quot;&quot;,&quot;created_timestamp&quot;:&quot;0&quot;,&quot;copyright&quot;:&quot;&quot;,&quot;focal_length&quot;:&quot;0&quot;,&quot;iso&quot;:&quot;0&quot;,&quot;shutter_speed&quot;:&quot;0&quot;,&quot;title&quot;:&quot;&quot;,&quot;orientation&quot;:&quot;0&quot;}\" data-image-title=\"BroGozImposture\" data-image-description=\"\" data-image-caption=\"\" data-medium-file=\"https:\/\/i0.wp.com\/www.gastonballiot.fr\/wp-content\/uploads\/2023\/08\/BroGozImposture.jpg?fit=216%2C300&amp;ssl=1\" data-large-file=\"https:\/\/i0.wp.com\/www.gastonballiot.fr\/wp-content\/uploads\/2023\/08\/BroGozImposture.jpg?fit=600%2C834&amp;ssl=1\" class=\"alignleft wp-image-11466 size-full\" src=\"https:\/\/i0.wp.com\/www.gastonballiot.fr\/wp-content\/uploads\/2023\/08\/BroGozImposture.jpg?resize=600%2C834&#038;ssl=1\" alt=\"\" width=\"600\" height=\"834\" srcset=\"https:\/\/i0.wp.com\/www.gastonballiot.fr\/wp-content\/uploads\/2023\/08\/BroGozImposture.jpg?w=600&amp;ssl=1 600w, https:\/\/i0.wp.com\/www.gastonballiot.fr\/wp-content\/uploads\/2023\/08\/BroGozImposture.jpg?resize=216%2C300&amp;ssl=1 216w\" sizes=\"auto, (max-width: 600px) 100vw, 600px\" \/><\/a>A signaler la sortie actuelle du livre tr\u00e8s document\u00e9 de Daniel Quillivic :<\/p>\n<p>Mon ouvrage sur l\u2019historique du <strong>Bro Goz<\/strong> (mais pas seulement) peut \u00eatre d\u00e9sormais r\u00e9serv\u00e9 aupr\u00e8s du (ou de la) libraire de votre choix.<br \/>\nUn \u00e9crit que d\u2019aucuns vont d\u00e9tester\u2026 Amiti\u00e9s, Daniel<\/p>\n<p><strong><u>INFOS PRATIQUES<\/u><\/strong>&nbsp;: Diffus\u00e9 par <strong>Hachette Distribution<\/strong> (le pr\u00e9ciser \u00e0 la commande). \u2018<strong>\u2019BRO GOZ<\/strong> <strong>L\u2019IMPOSTURE<\/strong> Ce qu\u2019ils ne vous diront pas\u2019\u2019 de Daniel Quillivic, \u00e9ditions V\u00e9rone. Format 15&#215;21, 562 pages, 28 euros&nbsp;<\/p>\n<div class=\"fp-wide--block--header\">\n<h2 class=\"primary-title\">R\u00e9sum\u00e9<\/h2>\n<\/div>\n<div class=\"content\">&#8211; Le Bro goz ma zadou n&rsquo;est qu&rsquo;un chant. Pourquoi en faire toute une histoire ? &#8211; Justement, parce qu&rsquo;il en a une, d&rsquo;Histoire ! &#8211; Bah ! Elle est bien bonne, celle-l\u00e0 ! Bien s\u00fbr qu&rsquo;il en a une. On l&rsquo;a \u00e9tudi\u00e9e, argument\u00e9e, approfondie. Elle est connue, en toute transparence elle est venue \u00e0 notre connaissance. Alors ! &#8211; Alors ? Il arrive de temps \u00e0 autre que les \u00e9l\u00e9ments de la connaissance apparaissent sous la transparence d&rsquo;un prisme o\u00f9 le virtuel devient r\u00e9alit\u00e9 impos\u00e9e, certitude de l&rsquo;\u00e9vidence pourtant tronqu\u00e9e.<br \/>\nLe r\u00e9cit, \u00e0 l&rsquo;aspect d&rsquo;un limpide d\u00e9roulement des faits, les ont r\u00e9ellement d\u00e9natur\u00e9s. Les vis\u00e9es du discours captieux viennent, alors, d&rsquo;atteindre leur but. &#8211; Il est difficile de croire que de proc\u00e9d\u00e9s aussi retors aient \u00e9t\u00e9 utilis\u00e9s dans l&rsquo;\u00e9laboration de \u00ab\u00a0?l&rsquo;Histoire?\u00a0\u00bb du Bro goz ma zadou. &#8211;<\/div>\n<div>\n<p>Au risque de vous d\u00e9cevoir, malheureusement, si.. Enseignant retrait\u00e9 de l&rsquo;\u00c9ducation Nationale ayant suivi sa formation \u00e0 l&rsquo;\u00c9cole Normale de Quimper, puis \u00e0 celle de Rennes, Daniel Quillivic, intervient, au cours de sa carri\u00e8re, aupr\u00e8s d&rsquo;\u00e9l\u00e8ves en mal de r\u00e9ussite scolaire. Fervent militant syndical durant sa p\u00e9riode d&rsquo;activit\u00e9, il est toujours syndiqu\u00e9 aujourd&rsquo;hui. Son engagement s&rsquo;attache \u00e0 \u00e9veiller les consciences dans un esprit de libert\u00e9, fraternit\u00e9, d&rsquo;\u00e9galit\u00e9, de respect, de tol\u00e9rance &#8211; en un mot, d&rsquo;humanisme.<\/p>\n<\/div>\n<\/div>\n<\/div>\n","protected":false},"excerpt":{"rendered":"<p>le festival inter-celtique \u00e0 Lorient f\u00eate \u00ab\u00a0le centenaire du drapeau Breton\u00a0\u00bb. Ci-joint l&rsquo;histoire de la naissance du drapeau Breton ,ainsi que les promoteurs de l&rsquo;Europe des R\u00e9gions d\u00e9membrant la Nation Fran\u00e7aise \u00e0 m\u00e9diter, \u00ab\u00a0Un Peuple sans m\u00e9moire est un Peuple \u00e0 revivre son pass\u00e9\u00a0\u00bb texte de Daniel Morel ancien secr\u00e9taire d\u00e9partemental du SNES 22 : La Bretagne tout enti\u00e8re est appel\u00e9e \u00e0 c\u00e9l\u00e9brer le drapeau gwenn ha du, \u00e0 l&rsquo;appel notamment du Conseil R\u00e9gional, relay\u00e9 par le F.I.L. ces jours-ci et &#8230; <a title=\"A propos des cent ans du drapeau breton, r\u00e9flexions sur une imposture.\" class=\"read-more\" href=\"https:\/\/www.gastonballiot.fr\/?p=11458\" aria-label=\"Plus sur A propos des cent ans du drapeau breton, r\u00e9flexions sur une imposture.\">Lire la suite&#8230;<\/a><\/p>\n","protected":false},"author":1,"featured_media":0,"comment_status":"open","ping_status":"closed","sticky":false,"template":"","format":"standard","meta":{"ngg_post_thumbnail":0,"jetpack_post_was_ever_published":false,"_jetpack_newsletter_access":"","_jetpack_dont_email_post_to_subs":false,"_jetpack_newsletter_tier_id":0,"_jetpack_memberships_contains_paywalled_content":false,"_jetpack_memberships_contains_paid_content":false,"footnotes":"","jetpack_publicize_message":"","jetpack_publicize_feature_enabled":true,"jetpack_social_post_already_shared":false,"jetpack_social_options":{"image_generator_settings":{"template":"highway","enabled":false},"version":2}},"categories":[2,5,596],"tags":[37,580],"class_list":["post-11458","post","type-post","status-publish","format-standard","hentry","category-a-la-une","category-democratie","category-autonomistes-bretons-collabos-des-nazis","tag-bretagne","tag-drapeau","infinite-scroll-item","masonry-post","generate-columns","tablet-grid-50","mobile-grid-100","grid-parent","grid-33"],"jetpack_publicize_connections":[],"yoast_head":"<!-- This site is optimized with the Yoast SEO plugin v27.5 - https:\/\/yoast.com\/product\/yoast-seo-wordpress\/ -->\n<title>A propos des cent ans du drapeau breton, r\u00e9flexions sur une imposture. - Le blog politique de Gaston<\/title>\n<meta name=\"robots\" content=\"index, follow, max-snippet:-1, max-image-preview:large, max-video-preview:-1\" \/>\n<link rel=\"canonical\" href=\"https:\/\/www.gastonballiot.fr\/?p=11458\" \/>\n<meta property=\"og:locale\" content=\"fr_FR\" \/>\n<meta property=\"og:type\" content=\"article\" \/>\n<meta property=\"og:title\" content=\"A propos des cent ans du drapeau breton, r\u00e9flexions sur une imposture. - Le blog politique de Gaston\" \/>\n<meta property=\"og:description\" content=\"le festival inter-celtique \u00e0 Lorient f\u00eate \u00ab\u00a0le centenaire du drapeau Breton\u00a0\u00bb. Ci-joint l&rsquo;histoire de la naissance du drapeau Breton ,ainsi que les promoteurs de l&rsquo;Europe des R\u00e9gions d\u00e9membrant la Nation Fran\u00e7aise \u00e0 m\u00e9diter, \u00ab\u00a0Un Peuple sans m\u00e9moire est un Peuple \u00e0 revivre son pass\u00e9\u00a0\u00bb texte de Daniel Morel ancien secr\u00e9taire d\u00e9partemental du SNES 22 : La Bretagne tout enti\u00e8re est appel\u00e9e \u00e0 c\u00e9l\u00e9brer le drapeau gwenn ha du, \u00e0 l&rsquo;appel notamment du Conseil R\u00e9gional, relay\u00e9 par le F.I.L. ces jours-ci et ... Lire la suite...\" \/>\n<meta property=\"og:url\" content=\"https:\/\/www.gastonballiot.fr\/?p=11458\" \/>\n<meta property=\"og:site_name\" content=\"Le blog politique de Gaston\" \/>\n<meta property=\"article:publisher\" content=\"https:\/\/www.facebook.com\/gaston.balliot\/\" \/>\n<meta property=\"article:author\" content=\"https:\/\/www.facebook.com\/gaston.balliot\/\" \/>\n<meta property=\"article:published_time\" content=\"2023-08-07T13:03:28+00:00\" \/>\n<meta property=\"article:modified_time\" content=\"2024-01-25T15:03:20+00:00\" \/>\n<meta property=\"og:image\" content=\"https:\/\/www.gastonballiot.fr\/wp-content\/uploads\/2023\/08\/Of17juil23-768x1024.jpg\" \/>\n<meta name=\"author\" content=\"gb\" \/>\n<meta name=\"twitter:card\" content=\"summary_large_image\" \/>\n<meta name=\"twitter:label1\" content=\"\u00c9crit par\" \/>\n\t<meta name=\"twitter:data1\" content=\"gb\" \/>\n\t<meta name=\"twitter:label2\" content=\"Dur\u00e9e de lecture estim\u00e9e\" \/>\n\t<meta name=\"twitter:data2\" content=\"20 minutes\" \/>\n<script type=\"application\/ld+json\" class=\"yoast-schema-graph\">{\"@context\":\"https:\\\/\\\/schema.org\",\"@graph\":[{\"@type\":\"Article\",\"@id\":\"https:\\\/\\\/www.gastonballiot.fr\\\/?p=11458#article\",\"isPartOf\":{\"@id\":\"https:\\\/\\\/www.gastonballiot.fr\\\/?p=11458\"},\"author\":{\"name\":\"gb\",\"@id\":\"https:\\\/\\\/www.gastonballiot.fr\\\/#\\\/schema\\\/person\\\/244a5e02696abd8a65c5b1bebdb948ca\"},\"headline\":\"A propos des cent ans du drapeau breton, r\u00e9flexions sur une imposture.\",\"datePublished\":\"2023-08-07T13:03:28+00:00\",\"dateModified\":\"2024-01-25T15:03:20+00:00\",\"mainEntityOfPage\":{\"@id\":\"https:\\\/\\\/www.gastonballiot.fr\\\/?p=11458\"},\"wordCount\":4283,\"commentCount\":0,\"publisher\":{\"@id\":\"https:\\\/\\\/www.gastonballiot.fr\\\/#\\\/schema\\\/person\\\/244a5e02696abd8a65c5b1bebdb948ca\"},\"image\":{\"@id\":\"https:\\\/\\\/www.gastonballiot.fr\\\/?p=11458#primaryimage\"},\"thumbnailUrl\":\"https:\\\/\\\/www.gastonballiot.fr\\\/wp-content\\\/uploads\\\/2023\\\/08\\\/Of17juil23-768x1024.jpg\",\"keywords\":[\"Bretagne\",\"drapeau\"],\"articleSection\":[\"A la une\",\"D\u00e9mocratie\",\"Nazillons bretons\"],\"inLanguage\":\"fr-FR\",\"potentialAction\":[{\"@type\":\"CommentAction\",\"name\":\"Comment\",\"target\":[\"https:\\\/\\\/www.gastonballiot.fr\\\/?p=11458#respond\"]}]},{\"@type\":\"WebPage\",\"@id\":\"https:\\\/\\\/www.gastonballiot.fr\\\/?p=11458\",\"url\":\"https:\\\/\\\/www.gastonballiot.fr\\\/?p=11458\",\"name\":\"A propos des cent ans du drapeau breton, r\u00e9flexions sur une imposture. - Le blog politique de Gaston\",\"isPartOf\":{\"@id\":\"https:\\\/\\\/www.gastonballiot.fr\\\/#website\"},\"primaryImageOfPage\":{\"@id\":\"https:\\\/\\\/www.gastonballiot.fr\\\/?p=11458#primaryimage\"},\"image\":{\"@id\":\"https:\\\/\\\/www.gastonballiot.fr\\\/?p=11458#primaryimage\"},\"thumbnailUrl\":\"https:\\\/\\\/www.gastonballiot.fr\\\/wp-content\\\/uploads\\\/2023\\\/08\\\/Of17juil23-768x1024.jpg\",\"datePublished\":\"2023-08-07T13:03:28+00:00\",\"dateModified\":\"2024-01-25T15:03:20+00:00\",\"breadcrumb\":{\"@id\":\"https:\\\/\\\/www.gastonballiot.fr\\\/?p=11458#breadcrumb\"},\"inLanguage\":\"fr-FR\",\"potentialAction\":[{\"@type\":\"ReadAction\",\"target\":[\"https:\\\/\\\/www.gastonballiot.fr\\\/?p=11458\"]}]},{\"@type\":\"ImageObject\",\"inLanguage\":\"fr-FR\",\"@id\":\"https:\\\/\\\/www.gastonballiot.fr\\\/?p=11458#primaryimage\",\"url\":\"https:\\\/\\\/i0.wp.com\\\/www.gastonballiot.fr\\\/wp-content\\\/uploads\\\/2023\\\/08\\\/Of17juil23-scaled.jpg?fit=1920%2C2560&ssl=1\",\"contentUrl\":\"https:\\\/\\\/i0.wp.com\\\/www.gastonballiot.fr\\\/wp-content\\\/uploads\\\/2023\\\/08\\\/Of17juil23-scaled.jpg?fit=1920%2C2560&ssl=1\",\"width\":1920,\"height\":2560},{\"@type\":\"BreadcrumbList\",\"@id\":\"https:\\\/\\\/www.gastonballiot.fr\\\/?p=11458#breadcrumb\",\"itemListElement\":[{\"@type\":\"ListItem\",\"position\":1,\"name\":\"Accueil\",\"item\":\"https:\\\/\\\/www.gastonballiot.fr\\\/\"},{\"@type\":\"ListItem\",\"position\":2,\"name\":\"A propos des cent ans du drapeau breton, r\u00e9flexions sur une imposture.\"}]},{\"@type\":\"WebSite\",\"@id\":\"https:\\\/\\\/www.gastonballiot.fr\\\/#website\",\"url\":\"https:\\\/\\\/www.gastonballiot.fr\\\/\",\"name\":\"Le blog politique de Gaston\",\"description\":\"L&#039;humain d&#039;abord, pas la finance !\",\"publisher\":{\"@id\":\"https:\\\/\\\/www.gastonballiot.fr\\\/#\\\/schema\\\/person\\\/244a5e02696abd8a65c5b1bebdb948ca\"},\"potentialAction\":[{\"@type\":\"SearchAction\",\"target\":{\"@type\":\"EntryPoint\",\"urlTemplate\":\"https:\\\/\\\/www.gastonballiot.fr\\\/?s={search_term_string}\"},\"query-input\":{\"@type\":\"PropertyValueSpecification\",\"valueRequired\":true,\"valueName\":\"search_term_string\"}}],\"inLanguage\":\"fr-FR\"},{\"@type\":[\"Person\",\"Organization\"],\"@id\":\"https:\\\/\\\/www.gastonballiot.fr\\\/#\\\/schema\\\/person\\\/244a5e02696abd8a65c5b1bebdb948ca\",\"name\":\"gb\",\"image\":{\"@type\":\"ImageObject\",\"inLanguage\":\"fr-FR\",\"@id\":\"https:\\\/\\\/i0.wp.com\\\/www.gastonballiot.fr\\\/wp-content\\\/uploads\\\/2017\\\/04\\\/cropped-Marianne-drapeau-rouge.gif?fit=512%2C512&ssl=1\",\"url\":\"https:\\\/\\\/i0.wp.com\\\/www.gastonballiot.fr\\\/wp-content\\\/uploads\\\/2017\\\/04\\\/cropped-Marianne-drapeau-rouge.gif?fit=512%2C512&ssl=1\",\"contentUrl\":\"https:\\\/\\\/i0.wp.com\\\/www.gastonballiot.fr\\\/wp-content\\\/uploads\\\/2017\\\/04\\\/cropped-Marianne-drapeau-rouge.gif?fit=512%2C512&ssl=1\",\"width\":512,\"height\":512,\"caption\":\"gb\"},\"logo\":{\"@id\":\"https:\\\/\\\/i0.wp.com\\\/www.gastonballiot.fr\\\/wp-content\\\/uploads\\\/2017\\\/04\\\/cropped-Marianne-drapeau-rouge.gif?fit=512%2C512&ssl=1\"},\"description\":\"Gaston Balliot, militant du Front de Gauche en pays bigouden - Pont L'Abb\u00e9 - Loctudy - Guilvinec - Penmarc'h - Ile Tudy - Combrit Ste Marine - Tr\u00e9meoc - Plon\u00e9our, p\u00eache tourisme\",\"sameAs\":[\"https:\\\/\\\/www.facebook.com\\\/gaston.balliot\\\/\"]}]}<\/script>\n<!-- \/ Yoast SEO plugin. -->","yoast_head_json":{"title":"A propos des cent ans du drapeau breton, r\u00e9flexions sur une imposture. - Le blog politique de Gaston","robots":{"index":"index","follow":"follow","max-snippet":"max-snippet:-1","max-image-preview":"max-image-preview:large","max-video-preview":"max-video-preview:-1"},"canonical":"https:\/\/www.gastonballiot.fr\/?p=11458","og_locale":"fr_FR","og_type":"article","og_title":"A propos des cent ans du drapeau breton, r\u00e9flexions sur une imposture. - Le blog politique de Gaston","og_description":"le festival inter-celtique \u00e0 Lorient f\u00eate \u00ab\u00a0le centenaire du drapeau Breton\u00a0\u00bb. Ci-joint l&rsquo;histoire de la naissance du drapeau Breton ,ainsi que les promoteurs de l&rsquo;Europe des R\u00e9gions d\u00e9membrant la Nation Fran\u00e7aise \u00e0 m\u00e9diter, \u00ab\u00a0Un Peuple sans m\u00e9moire est un Peuple \u00e0 revivre son pass\u00e9\u00a0\u00bb texte de Daniel Morel ancien secr\u00e9taire d\u00e9partemental du SNES 22 : La Bretagne tout enti\u00e8re est appel\u00e9e \u00e0 c\u00e9l\u00e9brer le drapeau gwenn ha du, \u00e0 l&rsquo;appel notamment du Conseil R\u00e9gional, relay\u00e9 par le F.I.L. ces jours-ci et ... Lire la suite...","og_url":"https:\/\/www.gastonballiot.fr\/?p=11458","og_site_name":"Le blog politique de Gaston","article_publisher":"https:\/\/www.facebook.com\/gaston.balliot\/","article_author":"https:\/\/www.facebook.com\/gaston.balliot\/","article_published_time":"2023-08-07T13:03:28+00:00","article_modified_time":"2024-01-25T15:03:20+00:00","og_image":[{"url":"https:\/\/www.gastonballiot.fr\/wp-content\/uploads\/2023\/08\/Of17juil23-768x1024.jpg","type":"","width":"","height":""}],"author":"gb","twitter_card":"summary_large_image","twitter_misc":{"\u00c9crit par":"gb","Dur\u00e9e de lecture estim\u00e9e":"20 minutes"},"schema":{"@context":"https:\/\/schema.org","@graph":[{"@type":"Article","@id":"https:\/\/www.gastonballiot.fr\/?p=11458#article","isPartOf":{"@id":"https:\/\/www.gastonballiot.fr\/?p=11458"},"author":{"name":"gb","@id":"https:\/\/www.gastonballiot.fr\/#\/schema\/person\/244a5e02696abd8a65c5b1bebdb948ca"},"headline":"A propos des cent ans du drapeau breton, r\u00e9flexions sur une imposture.","datePublished":"2023-08-07T13:03:28+00:00","dateModified":"2024-01-25T15:03:20+00:00","mainEntityOfPage":{"@id":"https:\/\/www.gastonballiot.fr\/?p=11458"},"wordCount":4283,"commentCount":0,"publisher":{"@id":"https:\/\/www.gastonballiot.fr\/#\/schema\/person\/244a5e02696abd8a65c5b1bebdb948ca"},"image":{"@id":"https:\/\/www.gastonballiot.fr\/?p=11458#primaryimage"},"thumbnailUrl":"https:\/\/www.gastonballiot.fr\/wp-content\/uploads\/2023\/08\/Of17juil23-768x1024.jpg","keywords":["Bretagne","drapeau"],"articleSection":["A la une","D\u00e9mocratie","Nazillons bretons"],"inLanguage":"fr-FR","potentialAction":[{"@type":"CommentAction","name":"Comment","target":["https:\/\/www.gastonballiot.fr\/?p=11458#respond"]}]},{"@type":"WebPage","@id":"https:\/\/www.gastonballiot.fr\/?p=11458","url":"https:\/\/www.gastonballiot.fr\/?p=11458","name":"A propos des cent ans du drapeau breton, r\u00e9flexions sur une imposture. - Le blog politique de Gaston","isPartOf":{"@id":"https:\/\/www.gastonballiot.fr\/#website"},"primaryImageOfPage":{"@id":"https:\/\/www.gastonballiot.fr\/?p=11458#primaryimage"},"image":{"@id":"https:\/\/www.gastonballiot.fr\/?p=11458#primaryimage"},"thumbnailUrl":"https:\/\/www.gastonballiot.fr\/wp-content\/uploads\/2023\/08\/Of17juil23-768x1024.jpg","datePublished":"2023-08-07T13:03:28+00:00","dateModified":"2024-01-25T15:03:20+00:00","breadcrumb":{"@id":"https:\/\/www.gastonballiot.fr\/?p=11458#breadcrumb"},"inLanguage":"fr-FR","potentialAction":[{"@type":"ReadAction","target":["https:\/\/www.gastonballiot.fr\/?p=11458"]}]},{"@type":"ImageObject","inLanguage":"fr-FR","@id":"https:\/\/www.gastonballiot.fr\/?p=11458#primaryimage","url":"https:\/\/i0.wp.com\/www.gastonballiot.fr\/wp-content\/uploads\/2023\/08\/Of17juil23-scaled.jpg?fit=1920%2C2560&ssl=1","contentUrl":"https:\/\/i0.wp.com\/www.gastonballiot.fr\/wp-content\/uploads\/2023\/08\/Of17juil23-scaled.jpg?fit=1920%2C2560&ssl=1","width":1920,"height":2560},{"@type":"BreadcrumbList","@id":"https:\/\/www.gastonballiot.fr\/?p=11458#breadcrumb","itemListElement":[{"@type":"ListItem","position":1,"name":"Accueil","item":"https:\/\/www.gastonballiot.fr\/"},{"@type":"ListItem","position":2,"name":"A propos des cent ans du drapeau breton, r\u00e9flexions sur une imposture."}]},{"@type":"WebSite","@id":"https:\/\/www.gastonballiot.fr\/#website","url":"https:\/\/www.gastonballiot.fr\/","name":"Le blog politique de Gaston","description":"L&#039;humain d&#039;abord, pas la finance !","publisher":{"@id":"https:\/\/www.gastonballiot.fr\/#\/schema\/person\/244a5e02696abd8a65c5b1bebdb948ca"},"potentialAction":[{"@type":"SearchAction","target":{"@type":"EntryPoint","urlTemplate":"https:\/\/www.gastonballiot.fr\/?s={search_term_string}"},"query-input":{"@type":"PropertyValueSpecification","valueRequired":true,"valueName":"search_term_string"}}],"inLanguage":"fr-FR"},{"@type":["Person","Organization"],"@id":"https:\/\/www.gastonballiot.fr\/#\/schema\/person\/244a5e02696abd8a65c5b1bebdb948ca","name":"gb","image":{"@type":"ImageObject","inLanguage":"fr-FR","@id":"https:\/\/i0.wp.com\/www.gastonballiot.fr\/wp-content\/uploads\/2017\/04\/cropped-Marianne-drapeau-rouge.gif?fit=512%2C512&ssl=1","url":"https:\/\/i0.wp.com\/www.gastonballiot.fr\/wp-content\/uploads\/2017\/04\/cropped-Marianne-drapeau-rouge.gif?fit=512%2C512&ssl=1","contentUrl":"https:\/\/i0.wp.com\/www.gastonballiot.fr\/wp-content\/uploads\/2017\/04\/cropped-Marianne-drapeau-rouge.gif?fit=512%2C512&ssl=1","width":512,"height":512,"caption":"gb"},"logo":{"@id":"https:\/\/i0.wp.com\/www.gastonballiot.fr\/wp-content\/uploads\/2017\/04\/cropped-Marianne-drapeau-rouge.gif?fit=512%2C512&ssl=1"},"description":"Gaston Balliot, militant du Front de Gauche en pays bigouden - Pont L'Abb\u00e9 - Loctudy - Guilvinec - Penmarc'h - Ile Tudy - Combrit Ste Marine - Tr\u00e9meoc - Plon\u00e9our, p\u00eache tourisme","sameAs":["https:\/\/www.facebook.com\/gaston.balliot\/"]}]}},"jetpack_featured_media_url":"","jetpack_shortlink":"https:\/\/wp.me\/p5UTaD-2YO","jetpack-related-posts":[],"jetpack_likes_enabled":true,"jetpack_sharing_enabled":true,"_links":{"self":[{"href":"https:\/\/www.gastonballiot.fr\/index.php?rest_route=\/wp\/v2\/posts\/11458","targetHints":{"allow":["GET"]}}],"collection":[{"href":"https:\/\/www.gastonballiot.fr\/index.php?rest_route=\/wp\/v2\/posts"}],"about":[{"href":"https:\/\/www.gastonballiot.fr\/index.php?rest_route=\/wp\/v2\/types\/post"}],"author":[{"embeddable":true,"href":"https:\/\/www.gastonballiot.fr\/index.php?rest_route=\/wp\/v2\/users\/1"}],"replies":[{"embeddable":true,"href":"https:\/\/www.gastonballiot.fr\/index.php?rest_route=%2Fwp%2Fv2%2Fcomments&post=11458"}],"version-history":[{"count":1,"href":"https:\/\/www.gastonballiot.fr\/index.php?rest_route=\/wp\/v2\/posts\/11458\/revisions"}],"predecessor-version":[{"id":11952,"href":"https:\/\/www.gastonballiot.fr\/index.php?rest_route=\/wp\/v2\/posts\/11458\/revisions\/11952"}],"wp:attachment":[{"href":"https:\/\/www.gastonballiot.fr\/index.php?rest_route=%2Fwp%2Fv2%2Fmedia&parent=11458"}],"wp:term":[{"taxonomy":"category","embeddable":true,"href":"https:\/\/www.gastonballiot.fr\/index.php?rest_route=%2Fwp%2Fv2%2Fcategories&post=11458"},{"taxonomy":"post_tag","embeddable":true,"href":"https:\/\/www.gastonballiot.fr\/index.php?rest_route=%2Fwp%2Fv2%2Ftags&post=11458"}],"curies":[{"name":"wp","href":"https:\/\/api.w.org\/{rel}","templated":true}]}}