{"id":11770,"date":"2023-12-17T10:15:57","date_gmt":"2023-12-17T09:15:57","guid":{"rendered":"https:\/\/www.gastonballiot.fr\/?p=11770"},"modified":"2024-05-01T07:53:14","modified_gmt":"2024-05-01T05:53:14","slug":"la-dette-un-pretexte-use-pour-justifier-une-politique-dausterite","status":"publish","type":"post","link":"https:\/\/www.gastonballiot.fr\/?p=11770","title":{"rendered":"La dette, un pr\u00e9texte us\u00e9 pour justifier une politique d&rsquo;aust\u00e9rit\u00e9"},"content":{"rendered":"<p>La tarte \u00e0 la cr\u00e8me : \u00ab\u00a0la France est endett\u00e9e donc il faut diminuer les d\u00e9penses&#8230; \u00ab\u00a0. Voil\u00e0 le refrain que l&rsquo;on entend depuis des d\u00e9cennies de la part des lib\u00e9raux de tous bords qui sont au pouvoir. Non, il faut au contraire augmenter les d\u00e9penses &#8211; sauf les d\u00e9penses militaires bien s\u00fbr &#8211; pour le social, pour la sant\u00e9, pour l&rsquo;\u00e9ducation. Alors nous allons augmenter la dette disent ils. C&rsquo;est oublier, volontairement, que pour \u00e9quilibrer un budget on peut jouer aussi sur les recettes ! Par exemple taxer les profits, taxer les dividendes, arr\u00eater les cadeaux aux gros capitalistes, lutter contre l&rsquo;\u00e9vasion fiscale&#8230;&nbsp;<br \/>\nQuant au co\u00fbt de la dette, c&rsquo;est \u00e0 dire \u00e0 l&rsquo;int\u00e9r\u00eat exorbitant pay\u00e9 aux banques priv\u00e9es, il faut revenir \u00e0 un r\u00f4le de banques centrales. La BCE ob\u00e9it aux r\u00e8gles fix\u00e9es par l&rsquo;Union Europ\u00e9enne dans une vis\u00e9e ultralib\u00e9rale. Il faut se d\u00e9barrasser de ces r\u00e8gles aberrantes. On y reviendra s\u00fbrement lors des d\u00e9bats au moment des \u00e9lections europ\u00e9ennes. Sortir de ce carcan.<\/p>\n<p>Un \u00e9change int\u00e9ressant ci-dessous :<\/p>\n<p class=\"wp-block-huma-question\"><a href=\"https:\/\/i0.wp.com\/www.gastonballiot.fr\/wp-content\/uploads\/2023\/12\/dettte1.jpg?ssl=1\"><img data-recalc-dims=\"1\" loading=\"lazy\" decoding=\"async\" data-attachment-id=\"11773\" data-permalink=\"https:\/\/www.gastonballiot.fr\/?attachment_id=11773#main\" data-orig-file=\"https:\/\/i0.wp.com\/www.gastonballiot.fr\/wp-content\/uploads\/2023\/12\/dettte1.jpg?fit=642%2C248&amp;ssl=1\" data-orig-size=\"642,248\" data-comments-opened=\"1\" data-image-meta=\"{&quot;aperture&quot;:&quot;0&quot;,&quot;credit&quot;:&quot;&quot;,&quot;camera&quot;:&quot;&quot;,&quot;caption&quot;:&quot;&quot;,&quot;created_timestamp&quot;:&quot;0&quot;,&quot;copyright&quot;:&quot;&quot;,&quot;focal_length&quot;:&quot;0&quot;,&quot;iso&quot;:&quot;0&quot;,&quot;shutter_speed&quot;:&quot;0&quot;,&quot;title&quot;:&quot;&quot;,&quot;orientation&quot;:&quot;0&quot;}\" data-image-title=\"dettte1\" data-image-description=\"\" data-image-caption=\"\" data-medium-file=\"https:\/\/i0.wp.com\/www.gastonballiot.fr\/wp-content\/uploads\/2023\/12\/dettte1.jpg?fit=300%2C116&amp;ssl=1\" data-large-file=\"https:\/\/i0.wp.com\/www.gastonballiot.fr\/wp-content\/uploads\/2023\/12\/dettte1.jpg?fit=642%2C248&amp;ssl=1\" class=\"aligncenter size-full wp-image-11773\" src=\"https:\/\/i0.wp.com\/www.gastonballiot.fr\/wp-content\/uploads\/2023\/12\/dettte1.jpg?resize=642%2C248&#038;ssl=1\" alt=\"\" width=\"642\" height=\"248\" srcset=\"https:\/\/i0.wp.com\/www.gastonballiot.fr\/wp-content\/uploads\/2023\/12\/dettte1.jpg?w=642&amp;ssl=1 642w, https:\/\/i0.wp.com\/www.gastonballiot.fr\/wp-content\/uploads\/2023\/12\/dettte1.jpg?resize=300%2C116&amp;ssl=1 300w\" sizes=\"auto, (max-width: 642px) 100vw, 642px\" \/><\/a><\/p>\n<p style=\"text-align: center;\">table ronde r\u00e9alis\u00e9e par Clothilde Mathieu dans L&rsquo;Humanit\u00e9 des D\u00e9bats du 15 d\u00e9cembre 2023, avec <a href=\"https:\/\/i0.wp.com\/www.gastonballiot.fr\/wp-content\/uploads\/2023\/12\/dette2.jpg?ssl=1\"><img data-recalc-dims=\"1\" loading=\"lazy\" decoding=\"async\" data-attachment-id=\"11774\" data-permalink=\"https:\/\/www.gastonballiot.fr\/?attachment_id=11774#main\" data-orig-file=\"https:\/\/i0.wp.com\/www.gastonballiot.fr\/wp-content\/uploads\/2023\/12\/dette2.jpg?fit=293%2C319&amp;ssl=1\" data-orig-size=\"293,319\" data-comments-opened=\"1\" data-image-meta=\"{&quot;aperture&quot;:&quot;0&quot;,&quot;credit&quot;:&quot;&quot;,&quot;camera&quot;:&quot;&quot;,&quot;caption&quot;:&quot;&quot;,&quot;created_timestamp&quot;:&quot;0&quot;,&quot;copyright&quot;:&quot;&quot;,&quot;focal_length&quot;:&quot;0&quot;,&quot;iso&quot;:&quot;0&quot;,&quot;shutter_speed&quot;:&quot;0&quot;,&quot;title&quot;:&quot;&quot;,&quot;orientation&quot;:&quot;0&quot;}\" data-image-title=\"dette2\" data-image-description=\"\" data-image-caption=\"\" data-medium-file=\"https:\/\/i0.wp.com\/www.gastonballiot.fr\/wp-content\/uploads\/2023\/12\/dette2.jpg?fit=276%2C300&amp;ssl=1\" data-large-file=\"https:\/\/i0.wp.com\/www.gastonballiot.fr\/wp-content\/uploads\/2023\/12\/dette2.jpg?fit=293%2C319&amp;ssl=1\" class=\"aligncenter size-full wp-image-11774\" src=\"https:\/\/i0.wp.com\/www.gastonballiot.fr\/wp-content\/uploads\/2023\/12\/dette2.jpg?resize=293%2C319&#038;ssl=1\" alt=\"\" width=\"293\" height=\"319\" srcset=\"https:\/\/i0.wp.com\/www.gastonballiot.fr\/wp-content\/uploads\/2023\/12\/dette2.jpg?w=293&amp;ssl=1 293w, https:\/\/i0.wp.com\/www.gastonballiot.fr\/wp-content\/uploads\/2023\/12\/dette2.jpg?resize=276%2C300&amp;ssl=1 276w\" sizes=\"auto, (max-width: 293px) 100vw, 293px\" \/><\/a>(1) auteur de la Dette \u00e0 perp\u00e8te ? (le Temps des cerises)<\/p>\n<div class=\"debater-component u-inline-flex u-margin-b-2\">\n<p>&nbsp;<\/p>\n<div class=\"u-flex-column u-margin-l-1 debater\">\n<div class=\"debater-component u-inline-flex u-margin-b-2\">\n<div class=\"u-flex-column u-margin-l-1 debater\">\n<p class=\"t-label-small debater__function\" style=\"text-align: left;\">La parenth\u00e8se du Covid est d\u00e9finitivement ferm\u00e9e. Le budget 2024, actuellement d\u00e9battu au Parlement, acte le changement de cap. Avec une dette publique de plus de 3 000 milliards d\u2019euros, le gouvernement veut r\u00e9tablir les finances publiques, assure le ministre de l\u2019\u00c9conomie, Bruno Le Maire. Avec la hausse des taux d\u2019int\u00e9r\u00eat, la charge de la dette s\u2019alourdit et deviendrait, en 2027, le premier poste de d\u00e9penses du pays, devant l\u2019\u00e9ducation ou l\u2019arm\u00e9e.<\/p>\n<\/div>\n<\/div>\n<\/div>\n<\/div>\n<p>Si l\u2019agence de notation financi\u00e8re Standard and Poor\u2019s n\u2019a pas sanctionn\u00e9 la France, Bruxelles menace et le d\u00e9bat sur le s\u00e9rieux budg\u00e9taire revient sur le devant de la sc\u00e8ne. Le ministre promet des \u00e9conomies, des r\u00e9formes structurelles. L\u2019an prochain, les d\u00e9penses de l\u2019\u00c9tat vont baisser, pour la premi\u00e8re fois depuis 2015, de 16&nbsp;milliards d\u2019euros. Apr\u00e8s les retraites, l\u2019ex\u00e9cutif promet de s\u2019en prendre d\u00e9sormais \u00e0 l\u2019assurance-ch\u00f4mage des seniors.<\/p>\n<p class=\"wp-block-huma-question\"><strong>Le projet de loi de finances 2024 entre dans sa derni\u00e8re phase. Si l\u2019agence de notation Standard and Poor\u2019s a maintenu sa note pour la dette fran\u00e7aise, Bruxelles peut, de son c\u00f4t\u00e9, lancer une proc\u00e9dure pour d\u00e9ficit excessif en juin. Le budget 2024 est-il cr\u00e9dible et sinc\u00e8re&nbsp;?<\/strong><\/p>\n<p><strong>Benoit Mourne<\/strong>t<br \/>\nLa France accuse un d\u00e9ficit de fonctionnement de l\u2019\u00c9tat de 170 milliards d\u2019euros. Avec 3 000 milliards de dette publique, les int\u00e9r\u00eats de la dette ont d\u00e9pass\u00e9 les 50 milliards d\u2019euros et devraient atteindre les 75 milliards d\u2019euros en 2027, en raison du volume d\u2019emprunts mais surtout de l\u2019augmentation des taux d\u2019int\u00e9r\u00eat. Comme nous ne souhaitons pas r\u00e9aliser des \u00e9conomies sur l\u2019h\u00f4pital, sur la police, sur la justice ou encore sur l\u2019\u00e9cole, nous avons fait le choix de conduire cette r\u00e9forme des retraites.<\/p>\n<p>Cette r\u00e9forme, tr\u00e8s difficile, nous permet de ne pas encore aggraver la situation et de rester sous les 5&nbsp;% de d\u00e9ficit public. Cette r\u00e9forme, nous ne l\u2019avons pas faite par plaisir mais parce que l\u2019\u00c9tat emprunte sur les march\u00e9s financiers. Nous ne pouvions pas risquer de voir la note de la France se d\u00e9grader. Cela aurait \u00e9t\u00e9 extr\u00eamement d\u00e9licat et impactant sur le volume de la dette et le montant des taux d\u2019int\u00e9r\u00eat que nous payons.<\/p>\n<p><strong>Eric Bocquet<br \/>\n<\/strong> Ce budget va sortir avec un d\u00e9ficit public de 144 milliards d\u2019euros, mais cela dure depuis cinquante ans. Le dernier budget \u00e9quilibr\u00e9 de notre pays date de 1973. \u00c0 l\u2019\u00e9poque, l\u2019exc\u00e9dent budg\u00e9taire \u00e9tait de 0,2 % du PIB. La dette d\u2019aujourd\u2019hui est le r\u00e9sultat de ces d\u00e9ficits cumul\u00e9s. Et, chaque ann\u00e9e, l\u2019\u00c9tat paie les int\u00e9r\u00eats aux march\u00e9s financiers priv\u00e9s.<\/p>\n<p>La France est comme un hamster dans sa roue, condamn\u00e9 \u00e0 faire des efforts pour rembourser sa dette ind\u00e9finiment. D\u2019autant que les trois quarts des int\u00e9r\u00eats dus sont li\u00e9s \u00e0 des titres de dettes index\u00e9s sur l\u2019inflation. Ce qui m\u00e9caniquement a g\u00e9n\u00e9r\u00e9 un volume d\u2019int\u00e9r\u00eats plus important.<\/p>\n<p>Sous Fran\u00e7ois Hollande, la France a perdu son triple A. Depuis, la vie s\u2019est poursuivie sans emb\u00fbche. Pourtant, les discours anxiog\u00e8nes ont continu\u00e9. \u00c0 l\u2019\u00e9poque des gilets jaunes, sur le budget 2019, ce m\u00eame discours r\u00e9current \u00e9tait d\u00e9j\u00e0 l\u00e0, tenu par le m\u00eame Bruno Le&nbsp;Maire. Le ratio de la dette \u00e9tait alors de 90&nbsp;%. Quelques mois plus tard, avec le Covid, celui-ci a franchi le seuil des 100&nbsp;% pour s\u2019\u00e9tablir, en six mois, \u00e0&nbsp;117&nbsp;%. La dette est, en r\u00e9alit\u00e9, un sujet politique et non pas un sujet strictement budg\u00e9taire, comptable, arithm\u00e9tique.<\/p>\n<p class=\"wp-block-huma-question\"><strong>\u00c0 quoi sert la dette publique aujourd\u2019hui&nbsp;?<\/strong><\/p>\n<p><strong>Benoit Mournet :&nbsp;<\/strong>Il faut distinguer la bonne dette, celle&nbsp;qui consiste \u00e0&nbsp;prot\u00e9ger les emplois, \u00e0 prot\u00e9ger les Fran\u00e7ais contre par exemple les&nbsp;prix de l\u2019\u00e9nergie, avec le bouclier tarifaire, ou en p\u00e9riode de crise, de ralentissement de l\u2019\u00e9conomie en jouant&nbsp;son&nbsp;r\u00f4le d\u2019amortisseur, notamment au travers de la S\u00e9curit\u00e9 sociale. Celle qui&nbsp;permet d\u2019investir, comme c\u2019est le cas avec&nbsp;le plan \u00ab&nbsp;France Relance&nbsp;\u00bb, pour relancer notre industrie, ou \u00ab&nbsp;France 2030&nbsp;\u00bb.<\/p>\n<p>En revanche, lorsqu\u2019on emprunte pour payer les d\u00e9penses courantes de l\u2019\u00c9tat, parce que nous n\u2019arrivons pas \u00e0 nous d\u00e9sendetter dans des p\u00e9riodes de reprise d\u2019activit\u00e9, comme c\u2019est le cas aujourd\u2019hui, cela est insupportable pour tout le monde. Puisque cela revient \u00e0 payer des int\u00e9r\u00eats aux march\u00e9s financiers plut\u00f4t que de payer des professeurs, des infirmi\u00e8res, des policiers, des gendarmes. C\u2019est ce qui en fait un sujet politique, un sujet de premier plan. La dette est l\u2019ennemi des plus d\u00e9munis, des travailleurs les plus modestes, dans la mesure o\u00f9 elle vient concurrencer, par les charges qu\u2019elle g\u00e9n\u00e8re, les autres services publics.<\/p>\n<p><strong>\u00c9ric Bocquet<\/strong><em>&nbsp;:&nbsp;<\/em>La dette est utilis\u00e9e comme cl\u00e9 de vo\u00fbte pour justifier les choix politiques. La seule variable utilis\u00e9e depuis des d\u00e9cennies est celle de la r\u00e9duction de la d\u00e9pense. \u00c0 cause de la dette, il ne serait plus possible d\u2019investir davantage dans les h\u00f4pitaux, \u00e0 l\u2019\u00e9cole ou dans le logement. L\u2019objectif du gouvernement est de r\u00e9duire les d\u00e9penses publiques de 16&nbsp;milliards d\u2019euros.<\/p>\n<p>Dans ce m\u00eame budget, la France devrait emprunter 285&nbsp;milliards d\u2019euros, apr\u00e8s 270&nbsp;milliards d\u2019euros l\u2019an dernier. Un record. Comment voulez-vous convaincre que ce budget va servir au d\u00e9sendettement&nbsp;? Ces chiffres montrent que ce raisonnement ne tient pas. Le discours culpabilisateur, qui consiste \u00e0 dire&nbsp;que nous vivons au-dessus de nos moyens, que la France n\u2019a plus les possibilit\u00e9s de financer son mod\u00e8le social, n\u2019est plus tenable\u2026 Quand, en quelques mois, nous avons pu augmenter notre dette de 400&nbsp;milliards d\u2019euros. La question qu\u2019il faut se poser, c\u2019est dans quelle soci\u00e9t\u00e9 nous voulons vivre&nbsp;? L\u2019argent n\u2019est pas jet\u00e9 par les fen\u00eatres. Il finance notre mod\u00e8le social.<\/p>\n<p class=\"wp-block-huma-question\"><strong>Quels sont les leviers qui permettraient de sortir du cycle infernal de la dette qui nourrit la dette&nbsp;?<\/strong><\/p>\n<p><strong>Benoit Mournet<\/strong>&nbsp;: Il existe deux leviers&nbsp;: celui des d\u00e9penses et celui des recettes. Le&nbsp;probl\u00e8me est que nous sommes les vice-champions du monde des pr\u00e9l\u00e8vements obligatoires et les champions du monde de la d\u00e9pense publique. Nous avons peu de marges de man\u0153uvre. En revanche, il est possible dans notre \u00e9conomie de jouer sur la quantit\u00e9 de travail.<\/p>\n<p>C\u2019est le sujet sur lequel nous nous sommes attaqu\u00e9s frontalement avec&nbsp;la bataille du plein-emploi. Une bataille difficile puisqu\u2019il s\u2019agit de ramener dans l\u2019emploi des personnes qui ne sont pas forc\u00e9ment employables directement, parce qu\u2019elles n\u2019ont pas les qualifications. C\u2019est en ce sens qu\u2019il faut comprendre la r\u00e9forme des retraites. Elle vise \u00e0 augmenter&nbsp;l\u2019emploi des seniors dans notre \u00e9conomie.<\/p>\n<p>Ensuite, je crois beaucoup \u00e0 la qualit\u00e9 et \u00e0 l\u2019efficience de la d\u00e9pense publique. L\u2019autre levier est celui des&nbsp;recettes.&nbsp;Le gouvernement a baiss\u00e9 le taux de l\u2019imp\u00f4t sur les soci\u00e9t\u00e9s&nbsp;mais le rendement a augment\u00e9. Les recettes fiscales de l\u2019\u00c9tat&nbsp;repr\u00e9sentent&nbsp;330&nbsp;milliards d\u2019euros, en hausse de 4&nbsp;milliards par rapport \u00e0 la pr\u00e9vision initiale.<\/p>\n<p><strong>\u00c9ric Bocquet<\/strong>&nbsp;: Le levier des recettes&nbsp;a&nbsp;toujours \u00e9t\u00e9 n\u00e9glig\u00e9&nbsp;au pr\u00e9texte qu\u2019il ne faudrait pas augmenter l\u2019imp\u00f4t. Emmanuel Macron, d\u00e8s son arriv\u00e9e \u00e0 l\u2019\u00c9lys\u00e9e, a mis en place le pr\u00e9l\u00e8vement forfaitaire unique, une taxation limit\u00e9e \u00e0 30&nbsp;% des dividendes. Soit&nbsp;5&nbsp;milliards d\u2019euros de recettes en moins par&nbsp;an.<\/p>\n<p>Globalement, il existe 462 niches fiscales dans ce pays pour un co\u00fbt total de 94,2&nbsp;milliards d\u2019euros.&nbsp;Je&nbsp;ne dis pas qu\u2019il faut toutes les supprimer, mais il y a besoin d\u2019un inventaire, d\u2019un \u00e9tat des lieux&nbsp;pour trier&nbsp;celles qui sont effectivement efficaces. Beaucoup n\u2019ont pas \u00e9t\u00e9 \u00e9valu\u00e9es depuis plus de dix ans, malgr\u00e9 les engagements pris dans les lois de finances successives. Une autre piste est celle des aides publiques en direction du monde \u00e9conomique. Elles ont atteint le chiffre astronomique de 150&nbsp;milliards d\u2019euros.<\/p>\n<p>Les marges de man\u0153uvre existent, elles d\u00e9coulent encore une fois d\u2019un choix politique. Cela s\u2019appelle le partage des richesses. Au lendemain de la&nbsp;Seconde Guerre mondiale, l\u2019endettement de la France \u00e9tait de 160&nbsp;% du PIB. Trente ans plus tard, il \u00e9tait descendu \u00e0 20&nbsp;%. Nous n\u2019avons pas r\u00e9duit la dette en r\u00e9duisant les d\u00e9penses publiques, mais en investissant dans les infrastructures, dans les services publics, par la croissance.<\/p>\n<p class=\"wp-block-huma-question\"><strong>Vous avez tous les deux point\u00e9 les cons\u00e9quences du mode de financement des \u00c9tats par les march\u00e9s financiers. N\u2019existe-t-il pas d\u2019autres solutions&nbsp;?<\/strong><\/p>\n<p><strong>\u00c9ric Bocquet<\/strong>&nbsp;: Jusque dans les ann\u00e9es 1970, la France faisait appel \u00e0 un syst\u00e8me qui s\u2019appelait le circuit du Tr\u00e9sor. Selon lequel les banques commerciales priv\u00e9es avaient l\u2019obligation d\u2019acheter une certaine quantit\u00e9 de titres de dette publique \u00e0 un taux fix\u00e9 par l\u2019\u00c9tat lui-m\u00eame. La Banque de France pouvait \u00e9galement refinancer l\u2019\u00c9tat pour des montants maximaux approuv\u00e9s par le Parlement. En d\u2019autres termes, les citoyens pouvaient se financer eux-m\u00eames.<\/p>\n<p>Avant de d\u00e9cider, dans les ann\u00e9es 1980, dans un mouvement mondial, d\u2019aller sur les march\u00e9s. Cette d\u00e9cision a compl\u00e8tement chang\u00e9 notre logiciel de gestion de la soci\u00e9t\u00e9. Au Japon, la dette repr\u00e9sente 266&nbsp;% du PIB. Et cela n\u2019inqui\u00e8te personne. La raison est simple ; 90&nbsp;% \u00e0 95&nbsp;% de la dette publique sont d\u00e9tenus par les Japonais. Ils sont souverains et ne subissent aucune pression des march\u00e9s financiers ou des agences de notation.<\/p>\n<p>Avec une dette avoisinant les 150&nbsp;% du PIB, les \u00c9tats-Unis ont invent\u00e9 un outil&nbsp;: le plafond de la dette. D\u00e8s qu\u2019il est atteint, pour \u00e9viter la panique, les parlementaires sont appel\u00e9s \u00e0 le relever. Depuis sa cr\u00e9ation, il a \u00e9t\u00e9 activ\u00e9 75 fois. Tout cela pour dire qu\u2019une dette se g\u00e8re.<\/p>\n<p><strong>Benoit Mournet<\/strong>&nbsp;: En France, nous avons une \u00e9pargne qui d\u00e9passe d\u2019ailleurs les volumes de la dette. Si bien qu\u2019en&nbsp;th\u00e9orie, s\u2019il fallait rembourser tout de suite la dette de la France, en mettant sur la table le patrimoine des m\u00e9nages, cela serait possible. Cela pose une vraie question. Pourquoi passer par les march\u00e9s financiers&nbsp;? Tout simplement parce que c\u2019est moins cher. Cela permet d\u2019optimiser dans la dur\u00e9e les charges d\u2019int\u00e9r\u00eat.<\/p>\n<p>Dans la derni\u00e8re p\u00e9riode, nous avons b\u00e9n\u00e9fici\u00e9 de taux d\u2019int\u00e9r\u00eat n\u00e9gatifs.&nbsp;Une absurdit\u00e9&nbsp;\u00e9conomique, mais nous aurions eu tort de nous en priver. Sans l\u2019\u00e9chelle europ\u00e9enne, si la France \u00e9tait totalement ind\u00e9pendante de la gestion de&nbsp;sa dette&nbsp;publique, les taux d\u2019int\u00e9r\u00eat seraient beaucoup plus \u00e9lev\u00e9s.<\/p>\n<p><strong>\u00c9ric Bocquet<\/strong>&nbsp;: L\u2019\u00e9pargne des Fran\u00e7ais tous produits confondus repr\u00e9sente 5&nbsp;950&nbsp;milliards d\u2019euros. Soit deux fois le montant de notre dette. Pourquoi ne pourrait-on pas imaginer, comme le font les Japonais, que les Fran\u00e7ais puissent eux-m\u00eames acheter de la&nbsp;dette fran\u00e7aise&nbsp;? Les \u00e9pargnants fran\u00e7ais aiment la s\u00e9curit\u00e9, c\u2019est ce que d\u00e9montre le succ\u00e8s du livret A qui ne se d\u00e9ment pas, m\u00eame quand le taux d\u2019int\u00e9r\u00eat est tr\u00e8s faible.<\/p>\n<p>Pendant la crise du Covid, la Banque centrale europ\u00e9enne (BCE), qui n\u2019a pas le droit de financer la dette des \u00c9tats, a su \u00e9galement soulager le syst\u00e8me bancaire en rachetant sur le march\u00e9 secondaire, \u00ab&nbsp;sur le march\u00e9 de l\u2019occasion&nbsp;\u00bb, des titres de dette publique, sans changer les trait\u00e9s, ni son mandat.&nbsp;Entre 20 et 25&nbsp;% de la dette publique fran\u00e7aise est aujourd\u2019hui d\u00e9tenue par la BCE\u2026<\/p>\n<p class=\"wp-block-huma-question\"><strong>Avec la crise sanitaire du Covid, toutes les r\u00e8gles de Maastricht ont vol\u00e9 en \u00e9clats. Les pays de l\u2019UE tentent en ce moment de s\u2019accorder sur un retour \u00e0 celles-ci d\u00e8s 2024.&nbsp;Un retour aux m\u00e9canismes d\u2019avant n\u2019amputerait-il pas toute possibilit\u00e9 d\u2019investissements massifs&nbsp;?<\/strong><\/p>\n<p><strong>Benoit Mournet<\/strong>&nbsp;:&nbsp;La l\u00e9gislation en Europe est le r\u00e9sultat de n\u00e9gociations entre les \u00c9tats. Deux cultures s\u2019affrontent. Celle des \u00c9tats \u00ab&nbsp;frugaux&nbsp;\u00bb du Nord, qui veulent restreindre la capacit\u00e9 d\u2019emprunter, et celle des \u00c9tats du Sud, qui seraient plus d\u00e9pensiers. Chacun se renvoyant la balle.<\/p>\n<p>L\u2019Europe a cependant boug\u00e9. Le plan de relance europ\u00e9en est, de ce point de vue, in\u00e9dit. Pour la premi\u00e8re fois, l\u2019Allemagne a accept\u00e9 que l\u2019Union europ\u00e9enne emprunte&nbsp;pour financer un plan de relance de r\u00e9industrialisation. La France en a bien profit\u00e9. Sur 100&nbsp;milliards d\u2019euros du plan de relance, 40 sont financ\u00e9s par Bruxelles.<\/p>\n<p><strong>\u00c9ric Bocquet<\/strong>&nbsp;: Cette distinction entre les \u00c9tats frugaux du Nord, courageux, travailleurs, s\u00e9rieux, et les \u00c9tats d\u00e9pensiers du Sud est insultante \u00e0 l\u2019endroit des pays concern\u00e9s. Quel pays membre de l\u2019Union europ\u00e9enne respecte les fameux 3&nbsp;% de d\u00e9ficit et 60&nbsp;% d\u2019endettement&nbsp;? L\u2019Allemagne&nbsp;? Je n\u2019en suis m\u00eame pas s\u00fbr. Si autant de pays ne respectent pas ces r\u00e8gles communes, alors ce sont les r\u00e8gles qui sont en cause.<\/p>\n<p>On a un d\u00e9fi climatique qui va co\u00fbter des centaines de milliards d\u2019euros. Au-del\u00e0 des beaux discours, les difficult\u00e9s de la COP28 montrent que la recherche de profits prend le pas sur le reste. C\u2019est le cas en Europe construite comme un march\u00e9. O\u00f9 sont les gens, les salari\u00e9s, les besoins sociaux dans cet espace&nbsp;? J\u2019ai beaucoup travaill\u00e9 sur l\u2019\u00e9vasion fiscale y compris au sein de l\u2019Union europ\u00e9enne, o\u00f9 il existe de nombreux paradis fiscaux, l\u2019Irlande, le Luxembourg, Chypre.<\/p>\n<p>Pourquoi ne demande-t-on pas des comptes \u00e0 nos partenaires&nbsp;? L\u2019Union europ\u00e9enne est une belle id\u00e9e, mais elle est compl\u00e8tement d\u00e9voy\u00e9e par des r\u00e8gles qui n\u2019en sont pas et des exigences de r\u00e9formes structurelles, comme celle des retraites, qui ne servent que les march\u00e9s. Ce n\u2019est pas ce que j\u2019appelle de la solidarit\u00e9. L\u2019Union europ\u00e9enne, telle qu\u2019elle est construite aujourd\u2019hui, d\u00e9sesp\u00e8re les peuples et nourrit les haines.<\/p>\n<p><strong>Benoit Mournet<\/strong>&nbsp;: Si vous voulez me faire dire que l\u2019Europe politique n\u2019est pas achev\u00e9e, on le voit&nbsp;avec le retour des&nbsp;conflits au Proche-Orient et \u00e0 l\u2019est de l\u2019Europe. L\u2019Union europ\u00e9enne a des difficult\u00e9s \u00e0 parler&nbsp;d\u2019une seule voix m\u00eame si on progresse. Le&nbsp;march\u00e9 commun profite cependant \u00e0 nos entreprises m\u00eame s\u2019il persiste un&nbsp;dumping fiscal et social. Si la question&nbsp;de&nbsp;la solidarit\u00e9 se pose, l\u2019euro appara\u00eet comme un paratonnerre vis-\u00e0-vis des march\u00e9s financiers.<\/p>\n<hr>\n<div id=\"form_humatinale\" class=\"sib-form\">\n<div id=\"sib-form-container\" class=\"sib-form-container\">\n<div id=\"sib-container\" class=\"sib-container--large sib-container--vertical\">\n<form id=\"sib-form\" action=\"https:\/\/a20611ee.sibforms.com\/serve\/MUIFAJim7KDCO6NgFm3AcMQpPnb761LRM_EPvsIkg_yopZX5UjnsRXWTjmU4vzlEwqpILotmaooof1iVtia84T6hr3pvzldd_1APBWmSsFqVopxg3ZoxyCUKEBCUWlcRcBdHLQLLYMq02_IiTa6LDey7eELa3_czvFE1RB23zUcaeeGRP3VZia-wbjvopK9DkonlZNq6W4y2k0Jc\" method=\"POST\" novalidate=\"true\" data-type=\"subscription\" data-pcloud-pass-form-id=\"lq9730nhke37d1rm7n\" data-pcloud-pass-form-type=\"null\">\n<div class=\"form_illustration\">\n<p><a href=\"https:\/\/i0.wp.com\/www.gastonballiot.fr\/wp-content\/uploads\/2023\/12\/DetteHM21dec23.jpg?ssl=1\"><img data-recalc-dims=\"1\" loading=\"lazy\" decoding=\"async\" data-attachment-id=\"11796\" data-permalink=\"https:\/\/www.gastonballiot.fr\/?attachment_id=11796#main\" data-orig-file=\"https:\/\/i0.wp.com\/www.gastonballiot.fr\/wp-content\/uploads\/2023\/12\/DetteHM21dec23.jpg?fit=1468%2C1857&amp;ssl=1\" data-orig-size=\"1468,1857\" data-comments-opened=\"1\" data-image-meta=\"{&quot;aperture&quot;:&quot;0&quot;,&quot;credit&quot;:&quot;&quot;,&quot;camera&quot;:&quot;&quot;,&quot;caption&quot;:&quot;&quot;,&quot;created_timestamp&quot;:&quot;0&quot;,&quot;copyright&quot;:&quot;&quot;,&quot;focal_length&quot;:&quot;0&quot;,&quot;iso&quot;:&quot;0&quot;,&quot;shutter_speed&quot;:&quot;0&quot;,&quot;title&quot;:&quot;&quot;,&quot;orientation&quot;:&quot;1&quot;}\" data-image-title=\"DetteHM21dec23\" data-image-description=\"\" data-image-caption=\"\" data-medium-file=\"https:\/\/i0.wp.com\/www.gastonballiot.fr\/wp-content\/uploads\/2023\/12\/DetteHM21dec23.jpg?fit=237%2C300&amp;ssl=1\" data-large-file=\"https:\/\/i0.wp.com\/www.gastonballiot.fr\/wp-content\/uploads\/2023\/12\/DetteHM21dec23.jpg?fit=809%2C1024&amp;ssl=1\" class=\"aligncenter size-full wp-image-11796\" src=\"https:\/\/i0.wp.com\/www.gastonballiot.fr\/wp-content\/uploads\/2023\/12\/DetteHM21dec23.jpg?resize=1200%2C1518&#038;ssl=1\" alt=\"\" width=\"1200\" height=\"1518\" srcset=\"https:\/\/i0.wp.com\/www.gastonballiot.fr\/wp-content\/uploads\/2023\/12\/DetteHM21dec23.jpg?w=1468&amp;ssl=1 1468w, https:\/\/i0.wp.com\/www.gastonballiot.fr\/wp-content\/uploads\/2023\/12\/DetteHM21dec23.jpg?resize=237%2C300&amp;ssl=1 237w, https:\/\/i0.wp.com\/www.gastonballiot.fr\/wp-content\/uploads\/2023\/12\/DetteHM21dec23.jpg?resize=809%2C1024&amp;ssl=1 809w, https:\/\/i0.wp.com\/www.gastonballiot.fr\/wp-content\/uploads\/2023\/12\/DetteHM21dec23.jpg?resize=768%2C972&amp;ssl=1 768w, https:\/\/i0.wp.com\/www.gastonballiot.fr\/wp-content\/uploads\/2023\/12\/DetteHM21dec23.jpg?resize=1214%2C1536&amp;ssl=1 1214w, https:\/\/i0.wp.com\/www.gastonballiot.fr\/wp-content\/uploads\/2023\/12\/DetteHM21dec23.jpg?resize=1320%2C1670&amp;ssl=1 1320w\" sizes=\"auto, (max-width: 1200px) 100vw, 1200px\" \/><\/a><\/p>\n<hr>\n<p>Et dans l&rsquo;Humanit\u00e9 du 26\/04\/24<\/p>\n<\/div>\n<div><a href=\"https:\/\/i0.wp.com\/www.gastonballiot.fr\/wp-content\/uploads\/2023\/12\/AssezDetteAnxiogene.png?ssl=1\"><img data-recalc-dims=\"1\" loading=\"lazy\" decoding=\"async\" data-attachment-id=\"12185\" data-permalink=\"https:\/\/www.gastonballiot.fr\/?attachment_id=12185#main\" data-orig-file=\"https:\/\/i0.wp.com\/www.gastonballiot.fr\/wp-content\/uploads\/2023\/12\/AssezDetteAnxiogene.png?fit=447%2C478&amp;ssl=1\" data-orig-size=\"447,478\" data-comments-opened=\"0\" data-image-meta=\"{&quot;aperture&quot;:&quot;0&quot;,&quot;credit&quot;:&quot;&quot;,&quot;camera&quot;:&quot;&quot;,&quot;caption&quot;:&quot;&quot;,&quot;created_timestamp&quot;:&quot;0&quot;,&quot;copyright&quot;:&quot;&quot;,&quot;focal_length&quot;:&quot;0&quot;,&quot;iso&quot;:&quot;0&quot;,&quot;shutter_speed&quot;:&quot;0&quot;,&quot;title&quot;:&quot;&quot;,&quot;orientation&quot;:&quot;0&quot;}\" data-image-title=\"AssezDetteAnxiogene\" data-image-description=\"\" data-image-caption=\"\" data-medium-file=\"https:\/\/i0.wp.com\/www.gastonballiot.fr\/wp-content\/uploads\/2023\/12\/AssezDetteAnxiogene.png?fit=281%2C300&amp;ssl=1\" data-large-file=\"https:\/\/i0.wp.com\/www.gastonballiot.fr\/wp-content\/uploads\/2023\/12\/AssezDetteAnxiogene.png?fit=447%2C478&amp;ssl=1\" class=\"aligncenter size-full wp-image-12185\" src=\"https:\/\/i0.wp.com\/www.gastonballiot.fr\/wp-content\/uploads\/2023\/12\/AssezDetteAnxiogene.png?resize=447%2C478&#038;ssl=1\" alt=\"\" width=\"447\" height=\"478\" srcset=\"https:\/\/i0.wp.com\/www.gastonballiot.fr\/wp-content\/uploads\/2023\/12\/AssezDetteAnxiogene.png?w=447&amp;ssl=1 447w, https:\/\/i0.wp.com\/www.gastonballiot.fr\/wp-content\/uploads\/2023\/12\/AssezDetteAnxiogene.png?resize=281%2C300&amp;ssl=1 281w\" sizes=\"auto, (max-width: 447px) 100vw, 447px\" \/><\/a><\/p>\n<header class=\"header\">\n<h1 class=\"post-title\">Fr\u00e9d\u00e9ric Boccara : \u00ab Couper dans les d\u00e9penses publiques, c\u2019est comme se couper un bras pour aller mieux \u00bb<\/h1>\n<p class=\"meta\"><span class=\"meta-date\">Publi\u00e9 le <time datetime=\"2024-04-30T07:34:12+02:00\" data-hover=\"30 avril 2024\"> 30 avril 2024<\/time><\/span><\/p>\n<\/header>\n<div class=\"body\">\n<div class=\"ob-sections\">\n<div class=\"ob-section ob-section-html \">\n<p><em><strong>\u00c9conomiste dans la statistique publique, Fr\u00e9d\u00e9ric Boccara est onzi\u00e8me sur la liste de la Gauche unie pour le monde du travail conduite par L\u00e9on Deffontaines. Il nous explique pourquoi la cr\u00e9ation mon\u00e9taire de la BCE est cruciale pour financer les d\u00e9penses des services publics et de la transition \u00e9cologique.<\/strong><\/em><\/p>\n<p class=\"wp-block-huma-question\"><em><strong>Le Pacte de stabilit\u00e9, qui limite le d\u00e9ficit public des pays de l\u2019UE \u00e0 3&nbsp;%, a \u00e9t\u00e9 r\u00e9form\u00e9, mardi. En quoi reste-t-il une aberration \u00e9conomique&nbsp;?<\/strong><\/em><\/p>\n<p>Il repose sur une conception des ann\u00e9es 1930 qui a conduit l\u2019Europe l\u00e0 o\u00f9 l\u2019on sait. \u00c0 l\u2019\u00e9poque, en Allemagne et en France, la baisse des d\u00e9penses publiques de 10&nbsp;% avait \u00e9t\u00e9 le terreau de la mont\u00e9e du fascisme. Le Pacte de stabilit\u00e9 a \u00e9t\u00e9 amend\u00e9 au motif de faire quelque chose de plus souple et r\u00e9aliste.<\/p>\n<p><strong>Mais on voit bien que l\u2019\u00e9volution n\u2019est qu\u2019un sparadrap, un enrobage superficiel pour faire passer la pilule du Pacte de stabilit\u00e9 qui est dure pour les peuples du Sud comme pour ceux du Nord.<\/strong> Les camarades de Die Linke (parti de la gauche antilib\u00e9rale) nous indiquent qu\u2019il manque en Allemagne 100&nbsp;000 soignants et 14&nbsp;000 enseignants.<\/p>\n<p>Le Pacte de stabilit\u00e9 <a href=\"https:\/\/www.humanite.fr\/monde\/austerite\/union-europeenne-le-grand-retour-du-dogme-de-lausterite-budgetaire\" target=\"_blank\" rel=\"noopener\">repose sur l\u2019id\u00e9e qu\u2019il faut diminuer les d\u00e9penses et rembourser d\u2019abord<\/a>. Comme s\u2019il fallait se couper un bras pour peser moins lourd et aller mieux apr\u00e8s. On nous dit&nbsp;:<em> \u00ab&nbsp;La dette&nbsp;! La dette&nbsp;!&nbsp;\u00bb<\/em> <strong>Or, les d\u00e9penses publiques sont n\u00e9cessaires au d\u00e9veloppement.<\/strong> <strong>En 1944, c\u2019est ce qui a \u00e9t\u00e9 fait avec des avances massives. Le d\u00e9veloppement, gr\u00e2ce \u00e0 des d\u00e9penses nouvelles, a permis par la suite d\u2019all\u00e9ger le poids de la dette.<\/strong><\/p>\n<p class=\"wp-block-huma-question\">&nbsp;<\/p>\n<p class=\"wp-block-huma-question\"><em><strong>De quel type de d\u00e9penses publiques a-t-on besoin&nbsp;?<\/strong><\/em><\/p>\n<p>&nbsp;<\/p>\n<p>Les priorit\u00e9s sont <a href=\"https:\/\/www.humanite.fr\/en-debat\/evasion-fiscale\/ecole-hopital-comment-financer-le-redressement-du-service-public-1-2\" target=\"_blank\" rel=\"noopener\">le financement des services publics<\/a>, qui servent \u00e0 la vie des gens et forment l\u2019\u00e9cosyst\u00e8me de l\u2019\u00e9conomie, de l\u2019emploi et de la formation, ainsi que de la transition \u00e9cologique.<\/p>\n<p class=\"wp-block-huma-question\"><em><strong>Pourquoi l\u2019emploi et la formation sont-ils cruciaux&nbsp;?<\/strong><\/em><\/p>\n<p>D\u2019apr\u00e8s l\u2019Organisation internationale du travail (OIT), 77&nbsp;% des entreprises souffrent de p\u00e9nurie d\u2019emploi qualifi\u00e9 \u00e0 l\u2019\u00e9chelle plan\u00e9taire, contre 35&nbsp;% il y a dix ans. \u00c0 l\u2019h\u00f4pital, les fermetures de lits proviennent du manque de soignants.<\/p>\n<p>Si l\u2019on veut du fret ferroviaire, il va falloir des locomotives et en fabriquer. Mais, aujourd\u2019hui, on manque de chaudronniers, d\u2019\u00e9lectriciens. <strong>La question est donc celle de la formation et de l\u2019emploi. Pour l\u2019\u00e9cologie, la cr\u00e9ativit\u00e9 humaine et le travail construisent les solutions et les mettent en \u0153uvre.<\/strong><\/p>\n<p class=\"wp-block-huma-question\">&nbsp;<\/p>\n<p class=\"wp-block-huma-question\"><em><strong>Comment financer les services publics, la transition \u00e9cologique, la formation&nbsp;?<\/strong><\/em><\/p>\n<p>Nous devons comprendre ce qu\u2019ont compris de longue date les n\u00e9olib\u00e9raux&nbsp;: les banques centrales sont un enjeu majeur du pouvoir. Le probl\u00e8me de la dette n\u2019est pas la dette en soi, mais les conditions de celle-ci. Les taux d\u2019int\u00e9r\u00eat sont \u00e9lev\u00e9s&nbsp;: la France&nbsp;verse&nbsp;ainsi 50&nbsp;milliards d\u2019euros par an, soit autant que le budget de l\u2019\u00c9ducation. M\u00eame l\u2019Allemagne paie 60&nbsp;milliards d\u2019euros. La crise pourrait cr\u00e9er de la solidarit\u00e9.<\/p>\n<p><strong>La Banque centrale europ\u00e9enne (BCE) est une institution publique. Elle nous appartient et a un r\u00f4le d\u00e9cisif.<\/strong> Nous proposons la cr\u00e9ation d\u2019un fonds europ\u00e9en pour les services publics. Ce dernier serait intercal\u00e9 entre la BCE et les \u00c9tats nationaux. Il recevrait la cr\u00e9ation mon\u00e9taire de la BCE \u00e0 0&nbsp;% et financerait les d\u00e9penses des \u00c9tats nationaux si ces d\u00e9penses financent les services publics et l\u2019emploi.<\/p>\n<p><strong>Ce fonds aurait une gouvernance d\u00e9mocratique avec des repr\u00e9sentants des \u00c9tats nationaux et des travailleurs. <\/strong>Il pourrait \u00eatre lanc\u00e9 en se limitant, par exemple, \u00e0 un fonds pour la sant\u00e9 et le ferroviaire. Des majorit\u00e9s politiques peuvent se d\u00e9gager autour de cette proposition.<\/p>\n<p>Par ailleurs, il faut transformer la politique de la BCE pour qu\u2019elle finance les d\u00e9penses nouvelles des entreprises, et non des d\u00e9localisations. <strong>La puissance de la BCE est importante&nbsp;: elle repr\u00e9sente 7&nbsp;000&nbsp;milliards d\u2019euros. Elle a achet\u00e9 5&nbsp;000&nbsp;milliards de titres de dette publique, elle a accord\u00e9 2&nbsp;000&nbsp;milliards de refinancement de cr\u00e9dit aux entreprises<\/strong>. En comparaison, le budget europ\u00e9en n\u2019est que de 170&nbsp;milliards d\u2019euros.<\/p>\n<p>\u00c0 gauche, <a href=\"https:\/\/www.humanite.fr\/politique\/elections-europeennes\/raphael-glucksmann-le-nouveau-candidat-du-en-meme-temps\" target=\"_blank\" rel=\"noopener\">certains comme Rapha\u00ebl Glucksmann<\/a> mettent un pr\u00e9alable f\u00e9d\u00e9ral et un imp\u00f4t europ\u00e9en au fait de d\u00e9penser plus, mais sans toucher \u00e0 la BCE. <strong>C\u2019est dans un contexte de changement de politique mon\u00e9taire qu\u2019il faut une r\u00e9forme fiscale.<\/strong><\/p>\n<p class=\"wp-block-huma-question\"><em><strong>Les lib\u00e9raux vous objecteraient que le recours \u00e0 la cr\u00e9ation mon\u00e9taire est fauteur d\u2019inflation.<\/strong><\/em><\/p>\n<p>Il y a inflation si la cr\u00e9ation mon\u00e9taire n\u2019est pas orient\u00e9e vers la cr\u00e9ation de richesses. C\u2019est ce qu\u2019on a connu durant la p\u00e9riode de pand\u00e9mie&nbsp;: la cr\u00e9ation de monnaie a nourri le capital et non la valeur ajout\u00e9e. <strong>En revanche, on peut utiliser cet outil qu\u2019est la cr\u00e9ation mon\u00e9taire&nbsp;: elle cr\u00e9e un peu d\u2019inflation au d\u00e9but mais elle est compens\u00e9e par la cr\u00e9ation de richesse. Pour cela, il faut une s\u00e9lectivit\u00e9 du cr\u00e9dit et une zone euro qui permettent de faire face aux march\u00e9s.<\/strong><\/p>\n<p class=\"wp-block-huma-question\"><em><strong>Y a-t-il d\u2019autres ressources pour financer l\u2019\u00e9conomie&nbsp;?<\/strong><\/em><\/p>\n<p>Les aides aux entreprises doivent \u00eatre r\u00e9form\u00e9es. Elles repr\u00e9sentent 200&nbsp;milliards d\u2019euros, selon la CGT ; 100&nbsp;milliards d\u2019euros, selon le gouvernement. <strong>Il faut imposer des crit\u00e8res. Ces aides doivent \u00eatre conditionn\u00e9es \u00e0 la formation des salari\u00e9s et \u00e0 la cr\u00e9ation d\u2019emploi.<\/strong><\/p>\n<p><strong>Interview de Ga\u00ebl De Santis&nbsp; Publi\u00e9 dans l&rsquo;Humanit\u00e9<\/strong><\/p>\n<\/div>\n<\/div>\n<\/div>\n<\/div>\n<div>\n<hr>\n<\/div>\n<div style=\"padding-left: 40px;\"><strong><a href=\"https:\/\/www.gastonballiot.fr\/economie\/2-le-liberalisme-la-dette\/\" target=\"_blank\" rel=\"noopener\">Voir aussi mon ancien dossier consacr\u00e9 \u00e0 la dette<\/a><\/strong><\/div>\n<div style=\"padding-left: 40px;\"><strong><a href=\"https:\/\/www.gastonballiot.fr\/economie\/2-le-liberalisme-la-dette\/\" target=\"_blank\" rel=\"noopener\">https:\/\/www.gastonballiot.fr\/economie\/2-le-liberalisme-la-dette\/<\/a><\/strong><\/div>\n<div style=\"padding-left: 40px;\"><strong>et<\/strong><\/div>\n<div style=\"padding-left: 40px;\"><strong><a href=\"https:\/\/www.gastonballiot.fr\/a-qui-profite-la-dette\/\" target=\"_blank\" rel=\"noopener\">A qui profite la dette<\/a><\/strong><\/div>\n<\/form>\n<\/div>\n<\/div>\n<\/div>\n","protected":false},"excerpt":{"rendered":"<p>La tarte \u00e0 la cr\u00e8me : \u00ab\u00a0la France est endett\u00e9e donc il faut diminuer les d\u00e9penses&#8230; \u00ab\u00a0. Voil\u00e0 le refrain que l&rsquo;on entend depuis des d\u00e9cennies de la part des lib\u00e9raux de tous bords qui sont au pouvoir. Non, il faut au contraire augmenter les d\u00e9penses &#8211; sauf les d\u00e9penses militaires bien s\u00fbr &#8211; pour le social, pour la sant\u00e9, pour l&rsquo;\u00e9ducation. Alors nous allons augmenter la dette disent ils. C&rsquo;est oublier, volontairement, que pour \u00e9quilibrer un budget on peut jouer &#8230; <a title=\"La dette, un pr\u00e9texte us\u00e9 pour justifier une politique d&rsquo;aust\u00e9rit\u00e9\" class=\"read-more\" href=\"https:\/\/www.gastonballiot.fr\/?p=11770\" aria-label=\"Plus sur La dette, un pr\u00e9texte us\u00e9 pour justifier une politique d&rsquo;aust\u00e9rit\u00e9\">Lire la suite&#8230;<\/a><\/p>\n","protected":false},"author":1,"featured_media":0,"comment_status":"open","ping_status":"closed","sticky":false,"template":"","format":"standard","meta":{"ngg_post_thumbnail":0,"jetpack_post_was_ever_published":false,"_jetpack_newsletter_access":"","_jetpack_dont_email_post_to_subs":false,"_jetpack_newsletter_tier_id":0,"_jetpack_memberships_contains_paywalled_content":false,"_jetpack_memberships_contains_paid_content":false,"footnotes":"","jetpack_publicize_message":"","jetpack_publicize_feature_enabled":true,"jetpack_social_post_already_shared":false,"jetpack_social_options":{"image_generator_settings":{"template":"highway","enabled":false},"version":2}},"categories":[2,6],"tags":[39,51,55,58,83,131],"class_list":["post-11770","post","type-post","status-publish","format-standard","hentry","category-a-la-une","category-economie","tag-capitalisme","tag-dette","tag-economie","tag-europe","tag-liberalisme","tag-traite-europeen","infinite-scroll-item","masonry-post","generate-columns","tablet-grid-50","mobile-grid-100","grid-parent","grid-33"],"jetpack_publicize_connections":[],"yoast_head":"<!-- This site is optimized with the Yoast SEO plugin v27.5 - https:\/\/yoast.com\/product\/yoast-seo-wordpress\/ -->\n<title>La dette, un pr\u00e9texte us\u00e9 pour justifier une politique d&#039;aust\u00e9rit\u00e9 - Le blog politique de Gaston<\/title>\n<meta name=\"robots\" content=\"index, follow, max-snippet:-1, max-image-preview:large, max-video-preview:-1\" \/>\n<link rel=\"canonical\" href=\"https:\/\/www.gastonballiot.fr\/?p=11770\" \/>\n<meta property=\"og:locale\" content=\"fr_FR\" \/>\n<meta property=\"og:type\" content=\"article\" \/>\n<meta property=\"og:title\" content=\"La dette, un pr\u00e9texte us\u00e9 pour justifier une politique d&#039;aust\u00e9rit\u00e9 - Le blog politique de Gaston\" \/>\n<meta property=\"og:description\" content=\"La tarte \u00e0 la cr\u00e8me : \u00ab\u00a0la France est endett\u00e9e donc il faut diminuer les d\u00e9penses&#8230; \u00ab\u00a0. Voil\u00e0 le refrain que l&rsquo;on entend depuis des d\u00e9cennies de la part des lib\u00e9raux de tous bords qui sont au pouvoir. Non, il faut au contraire augmenter les d\u00e9penses &#8211; sauf les d\u00e9penses militaires bien s\u00fbr &#8211; pour le social, pour la sant\u00e9, pour l&rsquo;\u00e9ducation. Alors nous allons augmenter la dette disent ils. C&rsquo;est oublier, volontairement, que pour \u00e9quilibrer un budget on peut jouer ... Lire la suite...\" \/>\n<meta property=\"og:url\" content=\"https:\/\/www.gastonballiot.fr\/?p=11770\" \/>\n<meta property=\"og:site_name\" content=\"Le blog politique de Gaston\" \/>\n<meta property=\"article:publisher\" content=\"https:\/\/www.facebook.com\/gaston.balliot\/\" \/>\n<meta property=\"article:author\" content=\"https:\/\/www.facebook.com\/gaston.balliot\/\" \/>\n<meta property=\"article:published_time\" content=\"2023-12-17T09:15:57+00:00\" \/>\n<meta property=\"article:modified_time\" content=\"2024-05-01T05:53:14+00:00\" \/>\n<meta property=\"og:image\" content=\"https:\/\/www.gastonballiot.fr\/wp-content\/uploads\/2023\/12\/dettte1.jpg\" \/>\n<meta name=\"author\" content=\"gb\" \/>\n<meta name=\"twitter:card\" content=\"summary_large_image\" \/>\n<meta name=\"twitter:label1\" content=\"\u00c9crit par\" \/>\n\t<meta name=\"twitter:data1\" content=\"gb\" \/>\n\t<meta name=\"twitter:label2\" content=\"Dur\u00e9e de lecture estim\u00e9e\" \/>\n\t<meta name=\"twitter:data2\" content=\"18 minutes\" \/>\n<script type=\"application\/ld+json\" class=\"yoast-schema-graph\">{\"@context\":\"https:\\\/\\\/schema.org\",\"@graph\":[{\"@type\":\"Article\",\"@id\":\"https:\\\/\\\/www.gastonballiot.fr\\\/?p=11770#article\",\"isPartOf\":{\"@id\":\"https:\\\/\\\/www.gastonballiot.fr\\\/?p=11770\"},\"author\":{\"name\":\"gb\",\"@id\":\"https:\\\/\\\/www.gastonballiot.fr\\\/#\\\/schema\\\/person\\\/244a5e02696abd8a65c5b1bebdb948ca\"},\"headline\":\"La dette, un pr\u00e9texte us\u00e9 pour justifier une politique d&rsquo;aust\u00e9rit\u00e9\",\"datePublished\":\"2023-12-17T09:15:57+00:00\",\"dateModified\":\"2024-05-01T05:53:14+00:00\",\"mainEntityOfPage\":{\"@id\":\"https:\\\/\\\/www.gastonballiot.fr\\\/?p=11770\"},\"wordCount\":3906,\"commentCount\":0,\"publisher\":{\"@id\":\"https:\\\/\\\/www.gastonballiot.fr\\\/#\\\/schema\\\/person\\\/244a5e02696abd8a65c5b1bebdb948ca\"},\"image\":{\"@id\":\"https:\\\/\\\/www.gastonballiot.fr\\\/?p=11770#primaryimage\"},\"thumbnailUrl\":\"https:\\\/\\\/www.gastonballiot.fr\\\/wp-content\\\/uploads\\\/2023\\\/12\\\/dettte1.jpg\",\"keywords\":[\"capitalisme\",\"dette\",\"Economie\",\"Europe\",\"lib\u00e9ralisme\",\"trait\u00e9 europ\u00e9en\"],\"articleSection\":[\"A la une\",\"Economie\"],\"inLanguage\":\"fr-FR\",\"potentialAction\":[{\"@type\":\"CommentAction\",\"name\":\"Comment\",\"target\":[\"https:\\\/\\\/www.gastonballiot.fr\\\/?p=11770#respond\"]}]},{\"@type\":\"WebPage\",\"@id\":\"https:\\\/\\\/www.gastonballiot.fr\\\/?p=11770\",\"url\":\"https:\\\/\\\/www.gastonballiot.fr\\\/?p=11770\",\"name\":\"La dette, un pr\u00e9texte us\u00e9 pour justifier une politique d'aust\u00e9rit\u00e9 - Le blog politique de Gaston\",\"isPartOf\":{\"@id\":\"https:\\\/\\\/www.gastonballiot.fr\\\/#website\"},\"primaryImageOfPage\":{\"@id\":\"https:\\\/\\\/www.gastonballiot.fr\\\/?p=11770#primaryimage\"},\"image\":{\"@id\":\"https:\\\/\\\/www.gastonballiot.fr\\\/?p=11770#primaryimage\"},\"thumbnailUrl\":\"https:\\\/\\\/www.gastonballiot.fr\\\/wp-content\\\/uploads\\\/2023\\\/12\\\/dettte1.jpg\",\"datePublished\":\"2023-12-17T09:15:57+00:00\",\"dateModified\":\"2024-05-01T05:53:14+00:00\",\"breadcrumb\":{\"@id\":\"https:\\\/\\\/www.gastonballiot.fr\\\/?p=11770#breadcrumb\"},\"inLanguage\":\"fr-FR\",\"potentialAction\":[{\"@type\":\"ReadAction\",\"target\":[\"https:\\\/\\\/www.gastonballiot.fr\\\/?p=11770\"]}]},{\"@type\":\"ImageObject\",\"inLanguage\":\"fr-FR\",\"@id\":\"https:\\\/\\\/www.gastonballiot.fr\\\/?p=11770#primaryimage\",\"url\":\"https:\\\/\\\/i0.wp.com\\\/www.gastonballiot.fr\\\/wp-content\\\/uploads\\\/2023\\\/12\\\/dettte1.jpg?fit=642%2C248&ssl=1\",\"contentUrl\":\"https:\\\/\\\/i0.wp.com\\\/www.gastonballiot.fr\\\/wp-content\\\/uploads\\\/2023\\\/12\\\/dettte1.jpg?fit=642%2C248&ssl=1\",\"width\":642,\"height\":248},{\"@type\":\"BreadcrumbList\",\"@id\":\"https:\\\/\\\/www.gastonballiot.fr\\\/?p=11770#breadcrumb\",\"itemListElement\":[{\"@type\":\"ListItem\",\"position\":1,\"name\":\"Accueil\",\"item\":\"https:\\\/\\\/www.gastonballiot.fr\\\/\"},{\"@type\":\"ListItem\",\"position\":2,\"name\":\"La dette, un pr\u00e9texte us\u00e9 pour justifier une politique d&#8217;aust\u00e9rit\u00e9\"}]},{\"@type\":\"WebSite\",\"@id\":\"https:\\\/\\\/www.gastonballiot.fr\\\/#website\",\"url\":\"https:\\\/\\\/www.gastonballiot.fr\\\/\",\"name\":\"Le blog politique de Gaston\",\"description\":\"L&#039;humain d&#039;abord, pas la finance !\",\"publisher\":{\"@id\":\"https:\\\/\\\/www.gastonballiot.fr\\\/#\\\/schema\\\/person\\\/244a5e02696abd8a65c5b1bebdb948ca\"},\"potentialAction\":[{\"@type\":\"SearchAction\",\"target\":{\"@type\":\"EntryPoint\",\"urlTemplate\":\"https:\\\/\\\/www.gastonballiot.fr\\\/?s={search_term_string}\"},\"query-input\":{\"@type\":\"PropertyValueSpecification\",\"valueRequired\":true,\"valueName\":\"search_term_string\"}}],\"inLanguage\":\"fr-FR\"},{\"@type\":[\"Person\",\"Organization\"],\"@id\":\"https:\\\/\\\/www.gastonballiot.fr\\\/#\\\/schema\\\/person\\\/244a5e02696abd8a65c5b1bebdb948ca\",\"name\":\"gb\",\"image\":{\"@type\":\"ImageObject\",\"inLanguage\":\"fr-FR\",\"@id\":\"https:\\\/\\\/i0.wp.com\\\/www.gastonballiot.fr\\\/wp-content\\\/uploads\\\/2017\\\/04\\\/cropped-Marianne-drapeau-rouge.gif?fit=512%2C512&ssl=1\",\"url\":\"https:\\\/\\\/i0.wp.com\\\/www.gastonballiot.fr\\\/wp-content\\\/uploads\\\/2017\\\/04\\\/cropped-Marianne-drapeau-rouge.gif?fit=512%2C512&ssl=1\",\"contentUrl\":\"https:\\\/\\\/i0.wp.com\\\/www.gastonballiot.fr\\\/wp-content\\\/uploads\\\/2017\\\/04\\\/cropped-Marianne-drapeau-rouge.gif?fit=512%2C512&ssl=1\",\"width\":512,\"height\":512,\"caption\":\"gb\"},\"logo\":{\"@id\":\"https:\\\/\\\/i0.wp.com\\\/www.gastonballiot.fr\\\/wp-content\\\/uploads\\\/2017\\\/04\\\/cropped-Marianne-drapeau-rouge.gif?fit=512%2C512&ssl=1\"},\"description\":\"Gaston Balliot, militant du Front de Gauche en pays bigouden - Pont L'Abb\u00e9 - Loctudy - Guilvinec - Penmarc'h - Ile Tudy - Combrit Ste Marine - Tr\u00e9meoc - Plon\u00e9our, p\u00eache tourisme\",\"sameAs\":[\"https:\\\/\\\/www.facebook.com\\\/gaston.balliot\\\/\"]}]}<\/script>\n<!-- \/ Yoast SEO plugin. -->","yoast_head_json":{"title":"La dette, un pr\u00e9texte us\u00e9 pour justifier une politique d'aust\u00e9rit\u00e9 - Le blog politique de Gaston","robots":{"index":"index","follow":"follow","max-snippet":"max-snippet:-1","max-image-preview":"max-image-preview:large","max-video-preview":"max-video-preview:-1"},"canonical":"https:\/\/www.gastonballiot.fr\/?p=11770","og_locale":"fr_FR","og_type":"article","og_title":"La dette, un pr\u00e9texte us\u00e9 pour justifier une politique d'aust\u00e9rit\u00e9 - Le blog politique de Gaston","og_description":"La tarte \u00e0 la cr\u00e8me : \u00ab\u00a0la France est endett\u00e9e donc il faut diminuer les d\u00e9penses&#8230; \u00ab\u00a0. Voil\u00e0 le refrain que l&rsquo;on entend depuis des d\u00e9cennies de la part des lib\u00e9raux de tous bords qui sont au pouvoir. Non, il faut au contraire augmenter les d\u00e9penses &#8211; sauf les d\u00e9penses militaires bien s\u00fbr &#8211; pour le social, pour la sant\u00e9, pour l&rsquo;\u00e9ducation. Alors nous allons augmenter la dette disent ils. C&rsquo;est oublier, volontairement, que pour \u00e9quilibrer un budget on peut jouer ... Lire la suite...","og_url":"https:\/\/www.gastonballiot.fr\/?p=11770","og_site_name":"Le blog politique de Gaston","article_publisher":"https:\/\/www.facebook.com\/gaston.balliot\/","article_author":"https:\/\/www.facebook.com\/gaston.balliot\/","article_published_time":"2023-12-17T09:15:57+00:00","article_modified_time":"2024-05-01T05:53:14+00:00","og_image":[{"url":"https:\/\/www.gastonballiot.fr\/wp-content\/uploads\/2023\/12\/dettte1.jpg","type":"","width":"","height":""}],"author":"gb","twitter_card":"summary_large_image","twitter_misc":{"\u00c9crit par":"gb","Dur\u00e9e de lecture estim\u00e9e":"18 minutes"},"schema":{"@context":"https:\/\/schema.org","@graph":[{"@type":"Article","@id":"https:\/\/www.gastonballiot.fr\/?p=11770#article","isPartOf":{"@id":"https:\/\/www.gastonballiot.fr\/?p=11770"},"author":{"name":"gb","@id":"https:\/\/www.gastonballiot.fr\/#\/schema\/person\/244a5e02696abd8a65c5b1bebdb948ca"},"headline":"La dette, un pr\u00e9texte us\u00e9 pour justifier une politique d&rsquo;aust\u00e9rit\u00e9","datePublished":"2023-12-17T09:15:57+00:00","dateModified":"2024-05-01T05:53:14+00:00","mainEntityOfPage":{"@id":"https:\/\/www.gastonballiot.fr\/?p=11770"},"wordCount":3906,"commentCount":0,"publisher":{"@id":"https:\/\/www.gastonballiot.fr\/#\/schema\/person\/244a5e02696abd8a65c5b1bebdb948ca"},"image":{"@id":"https:\/\/www.gastonballiot.fr\/?p=11770#primaryimage"},"thumbnailUrl":"https:\/\/www.gastonballiot.fr\/wp-content\/uploads\/2023\/12\/dettte1.jpg","keywords":["capitalisme","dette","Economie","Europe","lib\u00e9ralisme","trait\u00e9 europ\u00e9en"],"articleSection":["A la une","Economie"],"inLanguage":"fr-FR","potentialAction":[{"@type":"CommentAction","name":"Comment","target":["https:\/\/www.gastonballiot.fr\/?p=11770#respond"]}]},{"@type":"WebPage","@id":"https:\/\/www.gastonballiot.fr\/?p=11770","url":"https:\/\/www.gastonballiot.fr\/?p=11770","name":"La dette, un pr\u00e9texte us\u00e9 pour justifier une politique d'aust\u00e9rit\u00e9 - Le blog politique de Gaston","isPartOf":{"@id":"https:\/\/www.gastonballiot.fr\/#website"},"primaryImageOfPage":{"@id":"https:\/\/www.gastonballiot.fr\/?p=11770#primaryimage"},"image":{"@id":"https:\/\/www.gastonballiot.fr\/?p=11770#primaryimage"},"thumbnailUrl":"https:\/\/www.gastonballiot.fr\/wp-content\/uploads\/2023\/12\/dettte1.jpg","datePublished":"2023-12-17T09:15:57+00:00","dateModified":"2024-05-01T05:53:14+00:00","breadcrumb":{"@id":"https:\/\/www.gastonballiot.fr\/?p=11770#breadcrumb"},"inLanguage":"fr-FR","potentialAction":[{"@type":"ReadAction","target":["https:\/\/www.gastonballiot.fr\/?p=11770"]}]},{"@type":"ImageObject","inLanguage":"fr-FR","@id":"https:\/\/www.gastonballiot.fr\/?p=11770#primaryimage","url":"https:\/\/i0.wp.com\/www.gastonballiot.fr\/wp-content\/uploads\/2023\/12\/dettte1.jpg?fit=642%2C248&ssl=1","contentUrl":"https:\/\/i0.wp.com\/www.gastonballiot.fr\/wp-content\/uploads\/2023\/12\/dettte1.jpg?fit=642%2C248&ssl=1","width":642,"height":248},{"@type":"BreadcrumbList","@id":"https:\/\/www.gastonballiot.fr\/?p=11770#breadcrumb","itemListElement":[{"@type":"ListItem","position":1,"name":"Accueil","item":"https:\/\/www.gastonballiot.fr\/"},{"@type":"ListItem","position":2,"name":"La dette, un pr\u00e9texte us\u00e9 pour justifier une politique d&#8217;aust\u00e9rit\u00e9"}]},{"@type":"WebSite","@id":"https:\/\/www.gastonballiot.fr\/#website","url":"https:\/\/www.gastonballiot.fr\/","name":"Le blog politique de Gaston","description":"L&#039;humain d&#039;abord, pas la finance !","publisher":{"@id":"https:\/\/www.gastonballiot.fr\/#\/schema\/person\/244a5e02696abd8a65c5b1bebdb948ca"},"potentialAction":[{"@type":"SearchAction","target":{"@type":"EntryPoint","urlTemplate":"https:\/\/www.gastonballiot.fr\/?s={search_term_string}"},"query-input":{"@type":"PropertyValueSpecification","valueRequired":true,"valueName":"search_term_string"}}],"inLanguage":"fr-FR"},{"@type":["Person","Organization"],"@id":"https:\/\/www.gastonballiot.fr\/#\/schema\/person\/244a5e02696abd8a65c5b1bebdb948ca","name":"gb","image":{"@type":"ImageObject","inLanguage":"fr-FR","@id":"https:\/\/i0.wp.com\/www.gastonballiot.fr\/wp-content\/uploads\/2017\/04\/cropped-Marianne-drapeau-rouge.gif?fit=512%2C512&ssl=1","url":"https:\/\/i0.wp.com\/www.gastonballiot.fr\/wp-content\/uploads\/2017\/04\/cropped-Marianne-drapeau-rouge.gif?fit=512%2C512&ssl=1","contentUrl":"https:\/\/i0.wp.com\/www.gastonballiot.fr\/wp-content\/uploads\/2017\/04\/cropped-Marianne-drapeau-rouge.gif?fit=512%2C512&ssl=1","width":512,"height":512,"caption":"gb"},"logo":{"@id":"https:\/\/i0.wp.com\/www.gastonballiot.fr\/wp-content\/uploads\/2017\/04\/cropped-Marianne-drapeau-rouge.gif?fit=512%2C512&ssl=1"},"description":"Gaston Balliot, militant du Front de Gauche en pays bigouden - Pont L'Abb\u00e9 - Loctudy - Guilvinec - Penmarc'h - Ile Tudy - Combrit Ste Marine - Tr\u00e9meoc - Plon\u00e9our, p\u00eache tourisme","sameAs":["https:\/\/www.facebook.com\/gaston.balliot\/"]}]}},"jetpack_featured_media_url":"","jetpack_shortlink":"https:\/\/wp.me\/p5UTaD-33Q","jetpack-related-posts":[],"jetpack_likes_enabled":true,"jetpack_sharing_enabled":true,"_links":{"self":[{"href":"https:\/\/www.gastonballiot.fr\/index.php?rest_route=\/wp\/v2\/posts\/11770","targetHints":{"allow":["GET"]}}],"collection":[{"href":"https:\/\/www.gastonballiot.fr\/index.php?rest_route=\/wp\/v2\/posts"}],"about":[{"href":"https:\/\/www.gastonballiot.fr\/index.php?rest_route=\/wp\/v2\/types\/post"}],"author":[{"embeddable":true,"href":"https:\/\/www.gastonballiot.fr\/index.php?rest_route=\/wp\/v2\/users\/1"}],"replies":[{"embeddable":true,"href":"https:\/\/www.gastonballiot.fr\/index.php?rest_route=%2Fwp%2Fv2%2Fcomments&post=11770"}],"version-history":[{"count":3,"href":"https:\/\/www.gastonballiot.fr\/index.php?rest_route=\/wp\/v2\/posts\/11770\/revisions"}],"predecessor-version":[{"id":12184,"href":"https:\/\/www.gastonballiot.fr\/index.php?rest_route=\/wp\/v2\/posts\/11770\/revisions\/12184"}],"wp:attachment":[{"href":"https:\/\/www.gastonballiot.fr\/index.php?rest_route=%2Fwp%2Fv2%2Fmedia&parent=11770"}],"wp:term":[{"taxonomy":"category","embeddable":true,"href":"https:\/\/www.gastonballiot.fr\/index.php?rest_route=%2Fwp%2Fv2%2Fcategories&post=11770"},{"taxonomy":"post_tag","embeddable":true,"href":"https:\/\/www.gastonballiot.fr\/index.php?rest_route=%2Fwp%2Fv2%2Ftags&post=11770"}],"curies":[{"name":"wp","href":"https:\/\/api.w.org\/{rel}","templated":true}]}}