{"id":11798,"date":"2023-12-23T11:53:34","date_gmt":"2023-12-23T10:53:34","guid":{"rendered":"https:\/\/www.gastonballiot.fr\/?p=11798"},"modified":"2023-12-23T13:02:15","modified_gmt":"2023-12-23T12:02:15","slug":"le-macronisme-une-decheance-en-5-actes","status":"publish","type":"post","link":"https:\/\/www.gastonballiot.fr\/?p=11798","title":{"rendered":"Le macronisme, une d\u00e9ch\u00e9ance en 5 actes"},"content":{"rendered":"<p style=\"text-align: center;\"><strong>Loi immigration, r\u00e9forme des retraites, Affaire Benalla\u2026 Le Macronisme, une d\u00e9ch\u00e9ance en 5 actes <\/strong><br \/>\n<strong>(L\u2019HUMANITE &#8211; Diego Chauvet, Ga\u00ebl De Santis, Aur\u00e9lien Soucheyre \u2013 22 d\u00e9cembre 2023)<\/strong><br \/>\n&nbsp;<br \/>\nEn quelques ann\u00e9es, le macronisme est pass\u00e9 de \u00ab pragmatique et moderne \u00bb \u00e0 violent, autoritaire, antisocial et m\u00e9prisant. Apr\u00e8s s\u2019\u00eatre attaqu\u00e9 \u00e0 la R\u00e9publique sociale, il s\u2019en est pris aux fondations de la R\u00e9publique lors de la loi immigration, sous les applaudissements du RN.<\/p>\n<p>Qu\u2019est devenu le \u00ab&nbsp;projet&nbsp;\u00bb d\u2019Emmanuel Macron qui visait, en 2017, la&nbsp;\u00ab&nbsp;modernisation de l\u2019\u00e9conomie&nbsp;\u00bb&nbsp;et la&nbsp;\u00ab&nbsp;r\u00e9novation de la vie politique&nbsp;\u00bb, tout en \u00e9tant&nbsp;\u00ab&nbsp;ni de droite, ni de gauche&nbsp;\u00bb&nbsp;? En six ans, le pr\u00e9sident a peu \u00e0 peu montr\u00e9 son vrai visage&nbsp;: celui d\u2019une violence \u00e9conomique et sociale au service des plus riches et celui d\u2019une violence physique qui s\u2019abat sur les manifestants.<\/p>\n<p>Il a atteint, en cette fin d\u2019ann\u00e9e, une nouvelle limite, en faisant adopter la&nbsp;pr\u00e9f\u00e9rence nationale pour les aides sociales au Parlement. Soit exactement ce que propose l\u2019extr\u00eame droite, alors m\u00eame qu\u2019Emmanuel Macron a \u00e9t\u00e9 \u00e9lu par deux fois pour lui faire barrage.<\/p>\n<h3>L\u2019affaire Benalla, le fait du prince<\/h3>\n<p>L\u2019affaire Benalla \u00e9clate durant l\u2019\u00e9t\u00e9 2018 et secoue jusqu\u2019au sommet de l\u2019\u00c9tat. Le conseiller du pr\u00e9sident de la R\u00e9publique avait \u00e9t\u00e9 film\u00e9, le 1er mai 2018, violentant des manifestants \u00e0 Paris affubl\u00e9 d\u2019un brassard de la police. Et l\u2019\u00c9lys\u00e9e, au courant, n\u2019avait pas daign\u00e9 le sanctionner. \u00ab L\u2019essentiel, c\u2019est de se demander pourquoi la pratique du pouvoir par le pr\u00e9sident de la R\u00e9publique encourage ou permet l\u2019impunit\u00e9 de personnes comme M. Benalla \u00bb, rel\u00e8ve, \u00e0 l\u2019\u00e9poque, le communiste Andr\u00e9 Chassaigne.<\/p>\n<p>Une facette du macronisme que les Fran\u00e7ais ne connaissaient pas encore appara\u00eet au grand jour&nbsp;: celle d\u2019un pouvoir violent, ayant recours \u00e0 des officines parall\u00e8les aux administrations r\u00e9publicaines. Muet plusieurs jours, Emmanuel Macron finit par s\u2019exprimer lors d\u2019un discours indigne d\u2019un pr\u00e9sident.&nbsp;\u00ab&nbsp;S\u2019ils veulent un responsable, il est devant vous, qu\u2019ils viennent le chercher&nbsp;!&nbsp;\u00bb&nbsp;lance-t-il, en attaquant les m\u00e9dias et le Parlement.<\/p>\n<p>\u00ab&nbsp;Nous avons une presse qui ne cherche plus la v\u00e9rit\u00e9&nbsp;\u00bb,&nbsp;ose-t-il d\u00e9clarer, avant de tancer les d\u00e9put\u00e9s souhaitant cr\u00e9er une commission d\u2019enqu\u00eate&nbsp;:&nbsp;\u00ab&nbsp;Certains voudraient faire sortir le pouvoir l\u00e9gislatif de son lit.&nbsp;\u00bb&nbsp;Des propos gravissimes pour le garant de nos institutions.<\/p>\n<p>Ce premier grand scandale&nbsp;reste embl\u00e9matique du macronisme, selon le psychanalyste Roland Gori.&nbsp;\u00ab&nbsp;Macron a syst\u00e9matiquement doubl\u00e9 toutes les directions par des milices bureaucratiques priv\u00e9es&nbsp;\u00bb,&nbsp;explique l\u2019universitaire. C\u2019est, selon lui, typique d\u2019une&nbsp;\u00ab&nbsp;conduite du pouvoir sur un mode lib\u00e9ral-autoritaire&nbsp;\u00bb.<\/p>\n<h3>Les gilets jaunes, ou le rejet du peuple<\/h3>\n<p>Cette conduite du pouvoir, les gilets jaunes en font les frais quelques mois plus tard. Face \u00e0 l\u2019une des plus grandes r\u00e9voltes sociales de ces derni\u00e8res d\u00e9cennies, Emmanuel Macron r\u00e9pond par une r\u00e9pression f\u00e9roce. Fin 2018, les gilets jaunes occupent des ronds-points partout dans le pays pour d\u00e9noncer un quotidien de moins en moins possible \u00e0 vivre.<\/p>\n<p>Emmanuel Macron leur r\u00e9pond par des charges de police qui font des milliers de bless\u00e9s, des dizaines d\u2019\u00e9borgn\u00e9s, des mutil\u00e9s et des milliers de condamnations p\u00e9nales. Puis il lance un&nbsp;\u00ab&nbsp;grand d\u00e9bat&nbsp;\u00bb&nbsp;en y glissant des th\u00e9matiques qui n\u2019ont rien \u00e0 voir avec les revendications initiales et qui, en bout de course, n\u2019ont d\u00e9bouch\u00e9 sur rien de concret.<\/p>\n<p>Un&nbsp;\u00ab&nbsp;d\u00e9ni et un rejet de la dignit\u00e9 des travailleurs, de la vuln\u00e9rabilit\u00e9 du peuple et de son d\u00e9sir de fraternit\u00e9&nbsp;\u00bb,&nbsp;analyse Roland Gori.&nbsp;\u00ab&nbsp;Il semble compl\u00e8tement d\u00e9nu\u00e9 d\u2019empathie&nbsp;\u00bb,&nbsp;ajoute l\u2019universitaire.&nbsp;\u00ab&nbsp;Quand il dialogue, il n\u2019\u00e9coute pas. Il rejette la parole de l\u2019autre et essaie de coloniser son esprit \u00e0 l\u2019aide de sa propre rh\u00e9torique.&nbsp;\u00bb&nbsp;Et n\u2019h\u00e9site pas \u00e0 user de la matraque, notamment contre les gr\u00e9vistes et les \u00e9cologistes.<\/p>\n<h3>&nbsp;<br \/>\nL\u2019affaire McKinsey, la R\u00e9publique des affaires<\/h3>\n<p>Plus que toutes les droites avant elle, la Macronie incarne la collusion des int\u00e9r\u00eats publics et priv\u00e9s. Son entourage comporte de nombreux \u00ab pantoufleurs \u00bb, et l\u2019on ne sait plus si Macron sert l\u2019\u00c9tat ou bien les entreprises priv\u00e9es ? Les affaires Alstom et Uber sont en cela particuli\u00e8rement r\u00e9v\u00e9latrices.<\/p>\n<p>Cette porosit\u00e9 entre \u00c9tat et monde des affaires a \u00e9t\u00e9 mise au jour \u00e0 un tout autre niveau par \u00c9liane Assassi, rapporteure&nbsp;d\u2019une commission d\u2019enqu\u00eate du S\u00e9nat sur les cabinets de conseil.&nbsp;D\u00e9but 2022, l\u2019\u00e9lue communiste&nbsp;montre que, pour la seule ann\u00e9e 2021, l\u2019\u00c9tat a d\u00e9pens\u00e9 2,5&nbsp;milliards d\u2019euros pour des consultants priv\u00e9s, notamment le cabinet McKinsey\u2026 soit une hausse de 329&nbsp;% en six ans.<\/p>\n<p>\u00ab&nbsp;Cela montre la d\u00e9fiance de la Macronie vis-\u00e0-vis de la gestion des&nbsp;politiques publiques par le public. Lorsqu\u2019il a fallu \u00e9tudier l\u2019organisation logistique pour g\u00e9rer la crise du Covid, l\u2019ex\u00e9cutif a externalis\u00e9 au nom de la croyance en laquelle donner au priv\u00e9, c\u2019est mieux. Et il l\u2019a fait sur des tas d\u2019autres sujets\u2026&nbsp;\u00bb&nbsp;critique&nbsp;le d\u00e9put\u00e9 PCF&nbsp;Nicolas Sansu, qui&nbsp;bataille depuis des mois pour que&nbsp;l\u2019Assembl\u00e9e encadre les activit\u00e9s de conseil. Ce pourrait \u00eatre le cas en janvier, mais les macronistes&nbsp;tentent d\u2019amoindrir la port\u00e9e du texte, d\u00e9termin\u00e9s \u00e0 ne pas op\u00e9rer de s\u00e9paration entre l\u2019\u00c9tat et l\u2019argent.<\/p>\n<h3>Une r\u00e9forme des retraites antid\u00e9mocratique et antisociale<\/h3>\n<p>Lors de la r\u00e9forme des retraites impos\u00e9e en 2023, le macronisme se livre \u00e0 un coup de force antisocial et antid\u00e9mocratique inou\u00ef. Le recul de l\u2019\u00e2ge de d\u00e9part \u00e0 64&nbsp;ans suscite le rejet de l\u2019immense majorit\u00e9 des Fran\u00e7ais. Mais, face \u00e0 l\u2019\u00e9ventualit\u00e9 d\u2019une d\u00e9faite au Parlement, le pr\u00e9sident use d\u2019articles r\u00e9glementaires et constitutionnels pour r\u00e9duire la dur\u00e9e des d\u00e9bats \u00e0 deux semaines.<\/p>\n<p>Puis il impose un vote bloqu\u00e9 au S\u00e9nat,&nbsp;pour finalement recourir au 49.3 et faire adopter sans vote&nbsp;une r\u00e9forme fondamentale pour la vie de millions de travailleurs. Ces coups de force d\u2019un pr\u00e9sident d\u00e9sormais poursuivi par des concerts de casseroles \u00e0 chacun de ses d\u00e9placements illustrent son deuxi\u00e8me quinquennat.&nbsp;\u00ab&nbsp;Il est d\u00e9sormais condamn\u00e9 \u00e0 jouer la tactique, \u00e0 fonctionner au coup par coup&nbsp;\u00bb, r\u00e9sume Roland Gori. Le dernier avatar \u00e9tant sa loi sur l\u2019immigration\u2026<\/p>\n<h3>Une loi&nbsp;immigration qui ab\u00eeme la R\u00e9publique<\/h3>\n<p>Avec l\u2019adoption de la loi immigration gr\u00e2ce au soutien du RN, l\u2019ancienne \u00ab&nbsp;R\u00e9publique en marche&nbsp;\u00bb s\u2019attaque aux fondamentaux de notre&nbsp;R\u00e9publique. Ce texte, qui met en place une pr\u00e9f\u00e9rence nationale,&nbsp;\u00ab&nbsp;est contraire \u00e0 nos valeurs, contraire aux conventions&nbsp;internationales que nous avons sign\u00e9es&nbsp;\u00bb,&nbsp;d\u00e9nonce&nbsp;Marie-Christine Vergiat, vice-pr\u00e9sidente de la Ligue des droits de l\u2019homme&nbsp;(LDH).<\/p>\n<p>La remise en cause du droit du sol cr\u00e9e une in\u00e9galit\u00e9 entre enfants n\u00e9s sur notre territoire.&nbsp;\u00ab&nbsp;Cela faisait partie des fondements historiques du droit fran\u00e7ais&nbsp;\u00bb,&nbsp;d\u00e9nonce la militante. De m\u00eame, la fin de l\u2019universalit\u00e9 concernant&nbsp;les aides sociales concernant les immigr\u00e9s est&nbsp;\u00ab&nbsp;contraire \u00e0 la devise nationale, Libert\u00e9, \u00e9galit\u00e9, fraternit\u00e9&nbsp;\u00bb.<\/p>\n<p>Cette loi, en plus de stigmatiser les \u00e9trangers, reprend sans vergogne le programme du&nbsp;RN. Et ce, alors m\u00eame qu\u2019Emmanuel Macron a \u00e9t\u00e9 \u00e9lu par deux fois pour faire barrage \u00e0 l\u2019extr\u00eame droite.<\/p>\n<p>&nbsp;<\/p>\n<p>&nbsp;<\/p>\n","protected":false},"excerpt":{"rendered":"<p>Loi immigration, r\u00e9forme des retraites, Affaire Benalla\u2026 Le Macronisme, une d\u00e9ch\u00e9ance en 5 actes (L\u2019HUMANITE &#8211; Diego Chauvet, Ga\u00ebl De Santis, Aur\u00e9lien Soucheyre \u2013 22 d\u00e9cembre 2023) &nbsp; En quelques ann\u00e9es, le macronisme est pass\u00e9 de \u00ab pragmatique et moderne \u00bb \u00e0 violent, autoritaire, antisocial et m\u00e9prisant. Apr\u00e8s s\u2019\u00eatre attaqu\u00e9 \u00e0 la R\u00e9publique sociale, il s\u2019en est pris aux fondations de la R\u00e9publique lors de la loi immigration, sous les applaudissements du RN. Qu\u2019est devenu le \u00ab&nbsp;projet&nbsp;\u00bb d\u2019Emmanuel Macron qui visait, &#8230; <a title=\"Le macronisme, une d\u00e9ch\u00e9ance en 5 actes\" class=\"read-more\" href=\"https:\/\/www.gastonballiot.fr\/?p=11798\" aria-label=\"Plus sur Le macronisme, une d\u00e9ch\u00e9ance en 5 actes\">Lire la suite&#8230;<\/a><\/p>\n","protected":false},"author":1,"featured_media":11801,"comment_status":"open","ping_status":"closed","sticky":false,"template":"","format":"standard","meta":{"ngg_post_thumbnail":0,"jetpack_post_was_ever_published":false,"_jetpack_newsletter_access":"","_jetpack_dont_email_post_to_subs":false,"_jetpack_newsletter_tier_id":0,"_jetpack_memberships_contains_paywalled_content":false,"_jetpack_memberships_contains_paid_content":false,"footnotes":"","jetpack_publicize_message":"","jetpack_publicize_feature_enabled":true,"jetpack_social_post_already_shared":false,"jetpack_social_options":{"image_generator_settings":{"template":"highway","enabled":false},"version":2}},"categories":[2,5],"tags":[48,89],"class_list":["post-11798","post","type-post","status-publish","format-standard","has-post-thumbnail","hentry","category-a-la-une","category-democratie","tag-democratie","tag-macron","infinite-scroll-item","masonry-post","generate-columns","tablet-grid-50","mobile-grid-100","grid-parent","grid-33"],"jetpack_publicize_connections":[],"yoast_head":"<!-- This site is optimized with the Yoast SEO plugin v27.4 - https:\/\/yoast.com\/product\/yoast-seo-wordpress\/ -->\n<title>Le macronisme, une d\u00e9ch\u00e9ance en 5 actes - Le blog politique de Gaston<\/title>\n<meta name=\"robots\" content=\"index, follow, max-snippet:-1, max-image-preview:large, max-video-preview:-1\" \/>\n<link rel=\"canonical\" href=\"https:\/\/www.gastonballiot.fr\/?p=11798\" \/>\n<meta property=\"og:locale\" content=\"fr_FR\" \/>\n<meta property=\"og:type\" content=\"article\" \/>\n<meta property=\"og:title\" content=\"Le macronisme, une d\u00e9ch\u00e9ance en 5 actes - Le blog politique de Gaston\" \/>\n<meta property=\"og:description\" content=\"Loi immigration, r\u00e9forme des retraites, Affaire Benalla\u2026 Le Macronisme, une d\u00e9ch\u00e9ance en 5 actes (L\u2019HUMANITE &#8211; Diego Chauvet, Ga\u00ebl De Santis, Aur\u00e9lien Soucheyre \u2013 22 d\u00e9cembre 2023) &nbsp; En quelques ann\u00e9es, le macronisme est pass\u00e9 de \u00ab pragmatique et moderne \u00bb \u00e0 violent, autoritaire, antisocial et m\u00e9prisant. Apr\u00e8s s\u2019\u00eatre attaqu\u00e9 \u00e0 la R\u00e9publique sociale, il s\u2019en est pris aux fondations de la R\u00e9publique lors de la loi immigration, sous les applaudissements du RN. Qu\u2019est devenu le \u00ab&nbsp;projet&nbsp;\u00bb d\u2019Emmanuel Macron qui visait, ... Lire la suite...\" \/>\n<meta property=\"og:url\" content=\"https:\/\/www.gastonballiot.fr\/?p=11798\" \/>\n<meta property=\"og:site_name\" content=\"Le blog politique de Gaston\" \/>\n<meta property=\"article:publisher\" content=\"https:\/\/www.facebook.com\/gaston.balliot\/\" \/>\n<meta property=\"article:author\" content=\"https:\/\/www.facebook.com\/gaston.balliot\/\" \/>\n<meta property=\"article:published_time\" content=\"2023-12-23T10:53:34+00:00\" \/>\n<meta property=\"article:modified_time\" content=\"2023-12-23T12:02:15+00:00\" \/>\n<meta property=\"og:image\" content=\"https:\/\/www.gastonballiot.fr\/wp-content\/uploads\/2023\/12\/MacronDarmanin.jpg\" \/>\n\t<meta property=\"og:image:width\" content=\"387\" \/>\n\t<meta property=\"og:image:height\" content=\"307\" \/>\n\t<meta property=\"og:image:type\" content=\"image\/jpeg\" \/>\n<meta name=\"author\" content=\"gb\" \/>\n<meta name=\"twitter:card\" content=\"summary_large_image\" \/>\n<meta name=\"twitter:label1\" content=\"\u00c9crit par\" \/>\n\t<meta name=\"twitter:data1\" content=\"gb\" \/>\n\t<meta name=\"twitter:label2\" content=\"Dur\u00e9e de lecture estim\u00e9e\" \/>\n\t<meta name=\"twitter:data2\" content=\"6 minutes\" \/>\n<script type=\"application\/ld+json\" class=\"yoast-schema-graph\">{\"@context\":\"https:\\\/\\\/schema.org\",\"@graph\":[{\"@type\":\"Article\",\"@id\":\"https:\\\/\\\/www.gastonballiot.fr\\\/?p=11798#article\",\"isPartOf\":{\"@id\":\"https:\\\/\\\/www.gastonballiot.fr\\\/?p=11798\"},\"author\":{\"name\":\"gb\",\"@id\":\"https:\\\/\\\/www.gastonballiot.fr\\\/#\\\/schema\\\/person\\\/244a5e02696abd8a65c5b1bebdb948ca\"},\"headline\":\"Le macronisme, une d\u00e9ch\u00e9ance en 5 actes\",\"datePublished\":\"2023-12-23T10:53:34+00:00\",\"dateModified\":\"2023-12-23T12:02:15+00:00\",\"mainEntityOfPage\":{\"@id\":\"https:\\\/\\\/www.gastonballiot.fr\\\/?p=11798\"},\"wordCount\":1377,\"commentCount\":0,\"publisher\":{\"@id\":\"https:\\\/\\\/www.gastonballiot.fr\\\/#\\\/schema\\\/person\\\/244a5e02696abd8a65c5b1bebdb948ca\"},\"image\":{\"@id\":\"https:\\\/\\\/www.gastonballiot.fr\\\/?p=11798#primaryimage\"},\"thumbnailUrl\":\"https:\\\/\\\/i0.wp.com\\\/www.gastonballiot.fr\\\/wp-content\\\/uploads\\\/2023\\\/12\\\/MacronDarmanin.jpg?fit=387%2C307&ssl=1\",\"keywords\":[\"D\u00e9mocratie\",\"Macron\"],\"articleSection\":[\"A la une\",\"D\u00e9mocratie\"],\"inLanguage\":\"fr-FR\",\"potentialAction\":[{\"@type\":\"CommentAction\",\"name\":\"Comment\",\"target\":[\"https:\\\/\\\/www.gastonballiot.fr\\\/?p=11798#respond\"]}]},{\"@type\":\"WebPage\",\"@id\":\"https:\\\/\\\/www.gastonballiot.fr\\\/?p=11798\",\"url\":\"https:\\\/\\\/www.gastonballiot.fr\\\/?p=11798\",\"name\":\"Le macronisme, une d\u00e9ch\u00e9ance en 5 actes - Le blog politique de Gaston\",\"isPartOf\":{\"@id\":\"https:\\\/\\\/www.gastonballiot.fr\\\/#website\"},\"primaryImageOfPage\":{\"@id\":\"https:\\\/\\\/www.gastonballiot.fr\\\/?p=11798#primaryimage\"},\"image\":{\"@id\":\"https:\\\/\\\/www.gastonballiot.fr\\\/?p=11798#primaryimage\"},\"thumbnailUrl\":\"https:\\\/\\\/i0.wp.com\\\/www.gastonballiot.fr\\\/wp-content\\\/uploads\\\/2023\\\/12\\\/MacronDarmanin.jpg?fit=387%2C307&ssl=1\",\"datePublished\":\"2023-12-23T10:53:34+00:00\",\"dateModified\":\"2023-12-23T12:02:15+00:00\",\"breadcrumb\":{\"@id\":\"https:\\\/\\\/www.gastonballiot.fr\\\/?p=11798#breadcrumb\"},\"inLanguage\":\"fr-FR\",\"potentialAction\":[{\"@type\":\"ReadAction\",\"target\":[\"https:\\\/\\\/www.gastonballiot.fr\\\/?p=11798\"]}]},{\"@type\":\"ImageObject\",\"inLanguage\":\"fr-FR\",\"@id\":\"https:\\\/\\\/www.gastonballiot.fr\\\/?p=11798#primaryimage\",\"url\":\"https:\\\/\\\/i0.wp.com\\\/www.gastonballiot.fr\\\/wp-content\\\/uploads\\\/2023\\\/12\\\/MacronDarmanin.jpg?fit=387%2C307&ssl=1\",\"contentUrl\":\"https:\\\/\\\/i0.wp.com\\\/www.gastonballiot.fr\\\/wp-content\\\/uploads\\\/2023\\\/12\\\/MacronDarmanin.jpg?fit=387%2C307&ssl=1\",\"width\":387,\"height\":307},{\"@type\":\"BreadcrumbList\",\"@id\":\"https:\\\/\\\/www.gastonballiot.fr\\\/?p=11798#breadcrumb\",\"itemListElement\":[{\"@type\":\"ListItem\",\"position\":1,\"name\":\"Accueil\",\"item\":\"https:\\\/\\\/www.gastonballiot.fr\\\/\"},{\"@type\":\"ListItem\",\"position\":2,\"name\":\"Le macronisme, une d\u00e9ch\u00e9ance en 5 actes\"}]},{\"@type\":\"WebSite\",\"@id\":\"https:\\\/\\\/www.gastonballiot.fr\\\/#website\",\"url\":\"https:\\\/\\\/www.gastonballiot.fr\\\/\",\"name\":\"Le blog politique de Gaston\",\"description\":\"L&#039;humain d&#039;abord, pas la finance !\",\"publisher\":{\"@id\":\"https:\\\/\\\/www.gastonballiot.fr\\\/#\\\/schema\\\/person\\\/244a5e02696abd8a65c5b1bebdb948ca\"},\"potentialAction\":[{\"@type\":\"SearchAction\",\"target\":{\"@type\":\"EntryPoint\",\"urlTemplate\":\"https:\\\/\\\/www.gastonballiot.fr\\\/?s={search_term_string}\"},\"query-input\":{\"@type\":\"PropertyValueSpecification\",\"valueRequired\":true,\"valueName\":\"search_term_string\"}}],\"inLanguage\":\"fr-FR\"},{\"@type\":[\"Person\",\"Organization\"],\"@id\":\"https:\\\/\\\/www.gastonballiot.fr\\\/#\\\/schema\\\/person\\\/244a5e02696abd8a65c5b1bebdb948ca\",\"name\":\"gb\",\"image\":{\"@type\":\"ImageObject\",\"inLanguage\":\"fr-FR\",\"@id\":\"https:\\\/\\\/i0.wp.com\\\/www.gastonballiot.fr\\\/wp-content\\\/uploads\\\/2017\\\/04\\\/cropped-Marianne-drapeau-rouge.gif?fit=512%2C512&ssl=1\",\"url\":\"https:\\\/\\\/i0.wp.com\\\/www.gastonballiot.fr\\\/wp-content\\\/uploads\\\/2017\\\/04\\\/cropped-Marianne-drapeau-rouge.gif?fit=512%2C512&ssl=1\",\"contentUrl\":\"https:\\\/\\\/i0.wp.com\\\/www.gastonballiot.fr\\\/wp-content\\\/uploads\\\/2017\\\/04\\\/cropped-Marianne-drapeau-rouge.gif?fit=512%2C512&ssl=1\",\"width\":512,\"height\":512,\"caption\":\"gb\"},\"logo\":{\"@id\":\"https:\\\/\\\/i0.wp.com\\\/www.gastonballiot.fr\\\/wp-content\\\/uploads\\\/2017\\\/04\\\/cropped-Marianne-drapeau-rouge.gif?fit=512%2C512&ssl=1\"},\"description\":\"Gaston Balliot, militant du Front de Gauche en pays bigouden - Pont L'Abb\u00e9 - Loctudy - Guilvinec - Penmarc'h - Ile Tudy - Combrit Ste Marine - Tr\u00e9meoc - Plon\u00e9our, p\u00eache tourisme\",\"sameAs\":[\"https:\\\/\\\/www.facebook.com\\\/gaston.balliot\\\/\"]}]}<\/script>\n<!-- \/ Yoast SEO plugin. -->","yoast_head_json":{"title":"Le macronisme, une d\u00e9ch\u00e9ance en 5 actes - Le blog politique de Gaston","robots":{"index":"index","follow":"follow","max-snippet":"max-snippet:-1","max-image-preview":"max-image-preview:large","max-video-preview":"max-video-preview:-1"},"canonical":"https:\/\/www.gastonballiot.fr\/?p=11798","og_locale":"fr_FR","og_type":"article","og_title":"Le macronisme, une d\u00e9ch\u00e9ance en 5 actes - Le blog politique de Gaston","og_description":"Loi immigration, r\u00e9forme des retraites, Affaire Benalla\u2026 Le Macronisme, une d\u00e9ch\u00e9ance en 5 actes (L\u2019HUMANITE &#8211; Diego Chauvet, Ga\u00ebl De Santis, Aur\u00e9lien Soucheyre \u2013 22 d\u00e9cembre 2023) &nbsp; En quelques ann\u00e9es, le macronisme est pass\u00e9 de \u00ab pragmatique et moderne \u00bb \u00e0 violent, autoritaire, antisocial et m\u00e9prisant. Apr\u00e8s s\u2019\u00eatre attaqu\u00e9 \u00e0 la R\u00e9publique sociale, il s\u2019en est pris aux fondations de la R\u00e9publique lors de la loi immigration, sous les applaudissements du RN. Qu\u2019est devenu le \u00ab&nbsp;projet&nbsp;\u00bb d\u2019Emmanuel Macron qui visait, ... Lire la suite...","og_url":"https:\/\/www.gastonballiot.fr\/?p=11798","og_site_name":"Le blog politique de Gaston","article_publisher":"https:\/\/www.facebook.com\/gaston.balliot\/","article_author":"https:\/\/www.facebook.com\/gaston.balliot\/","article_published_time":"2023-12-23T10:53:34+00:00","article_modified_time":"2023-12-23T12:02:15+00:00","og_image":[{"width":387,"height":307,"url":"https:\/\/www.gastonballiot.fr\/wp-content\/uploads\/2023\/12\/MacronDarmanin.jpg","type":"image\/jpeg"}],"author":"gb","twitter_card":"summary_large_image","twitter_misc":{"\u00c9crit par":"gb","Dur\u00e9e de lecture estim\u00e9e":"6 minutes"},"schema":{"@context":"https:\/\/schema.org","@graph":[{"@type":"Article","@id":"https:\/\/www.gastonballiot.fr\/?p=11798#article","isPartOf":{"@id":"https:\/\/www.gastonballiot.fr\/?p=11798"},"author":{"name":"gb","@id":"https:\/\/www.gastonballiot.fr\/#\/schema\/person\/244a5e02696abd8a65c5b1bebdb948ca"},"headline":"Le macronisme, une d\u00e9ch\u00e9ance en 5 actes","datePublished":"2023-12-23T10:53:34+00:00","dateModified":"2023-12-23T12:02:15+00:00","mainEntityOfPage":{"@id":"https:\/\/www.gastonballiot.fr\/?p=11798"},"wordCount":1377,"commentCount":0,"publisher":{"@id":"https:\/\/www.gastonballiot.fr\/#\/schema\/person\/244a5e02696abd8a65c5b1bebdb948ca"},"image":{"@id":"https:\/\/www.gastonballiot.fr\/?p=11798#primaryimage"},"thumbnailUrl":"https:\/\/i0.wp.com\/www.gastonballiot.fr\/wp-content\/uploads\/2023\/12\/MacronDarmanin.jpg?fit=387%2C307&ssl=1","keywords":["D\u00e9mocratie","Macron"],"articleSection":["A la une","D\u00e9mocratie"],"inLanguage":"fr-FR","potentialAction":[{"@type":"CommentAction","name":"Comment","target":["https:\/\/www.gastonballiot.fr\/?p=11798#respond"]}]},{"@type":"WebPage","@id":"https:\/\/www.gastonballiot.fr\/?p=11798","url":"https:\/\/www.gastonballiot.fr\/?p=11798","name":"Le macronisme, une d\u00e9ch\u00e9ance en 5 actes - Le blog politique de Gaston","isPartOf":{"@id":"https:\/\/www.gastonballiot.fr\/#website"},"primaryImageOfPage":{"@id":"https:\/\/www.gastonballiot.fr\/?p=11798#primaryimage"},"image":{"@id":"https:\/\/www.gastonballiot.fr\/?p=11798#primaryimage"},"thumbnailUrl":"https:\/\/i0.wp.com\/www.gastonballiot.fr\/wp-content\/uploads\/2023\/12\/MacronDarmanin.jpg?fit=387%2C307&ssl=1","datePublished":"2023-12-23T10:53:34+00:00","dateModified":"2023-12-23T12:02:15+00:00","breadcrumb":{"@id":"https:\/\/www.gastonballiot.fr\/?p=11798#breadcrumb"},"inLanguage":"fr-FR","potentialAction":[{"@type":"ReadAction","target":["https:\/\/www.gastonballiot.fr\/?p=11798"]}]},{"@type":"ImageObject","inLanguage":"fr-FR","@id":"https:\/\/www.gastonballiot.fr\/?p=11798#primaryimage","url":"https:\/\/i0.wp.com\/www.gastonballiot.fr\/wp-content\/uploads\/2023\/12\/MacronDarmanin.jpg?fit=387%2C307&ssl=1","contentUrl":"https:\/\/i0.wp.com\/www.gastonballiot.fr\/wp-content\/uploads\/2023\/12\/MacronDarmanin.jpg?fit=387%2C307&ssl=1","width":387,"height":307},{"@type":"BreadcrumbList","@id":"https:\/\/www.gastonballiot.fr\/?p=11798#breadcrumb","itemListElement":[{"@type":"ListItem","position":1,"name":"Accueil","item":"https:\/\/www.gastonballiot.fr\/"},{"@type":"ListItem","position":2,"name":"Le macronisme, une d\u00e9ch\u00e9ance en 5 actes"}]},{"@type":"WebSite","@id":"https:\/\/www.gastonballiot.fr\/#website","url":"https:\/\/www.gastonballiot.fr\/","name":"Le blog politique de Gaston","description":"L&#039;humain d&#039;abord, pas la finance !","publisher":{"@id":"https:\/\/www.gastonballiot.fr\/#\/schema\/person\/244a5e02696abd8a65c5b1bebdb948ca"},"potentialAction":[{"@type":"SearchAction","target":{"@type":"EntryPoint","urlTemplate":"https:\/\/www.gastonballiot.fr\/?s={search_term_string}"},"query-input":{"@type":"PropertyValueSpecification","valueRequired":true,"valueName":"search_term_string"}}],"inLanguage":"fr-FR"},{"@type":["Person","Organization"],"@id":"https:\/\/www.gastonballiot.fr\/#\/schema\/person\/244a5e02696abd8a65c5b1bebdb948ca","name":"gb","image":{"@type":"ImageObject","inLanguage":"fr-FR","@id":"https:\/\/i0.wp.com\/www.gastonballiot.fr\/wp-content\/uploads\/2017\/04\/cropped-Marianne-drapeau-rouge.gif?fit=512%2C512&ssl=1","url":"https:\/\/i0.wp.com\/www.gastonballiot.fr\/wp-content\/uploads\/2017\/04\/cropped-Marianne-drapeau-rouge.gif?fit=512%2C512&ssl=1","contentUrl":"https:\/\/i0.wp.com\/www.gastonballiot.fr\/wp-content\/uploads\/2017\/04\/cropped-Marianne-drapeau-rouge.gif?fit=512%2C512&ssl=1","width":512,"height":512,"caption":"gb"},"logo":{"@id":"https:\/\/i0.wp.com\/www.gastonballiot.fr\/wp-content\/uploads\/2017\/04\/cropped-Marianne-drapeau-rouge.gif?fit=512%2C512&ssl=1"},"description":"Gaston Balliot, militant du Front de Gauche en pays bigouden - Pont L'Abb\u00e9 - Loctudy - Guilvinec - Penmarc'h - Ile Tudy - Combrit Ste Marine - Tr\u00e9meoc - Plon\u00e9our, p\u00eache tourisme","sameAs":["https:\/\/www.facebook.com\/gaston.balliot\/"]}]}},"jetpack_featured_media_url":"https:\/\/i0.wp.com\/www.gastonballiot.fr\/wp-content\/uploads\/2023\/12\/MacronDarmanin.jpg?fit=387%2C307&ssl=1","jetpack_shortlink":"https:\/\/wp.me\/p5UTaD-34i","jetpack-related-posts":[],"jetpack_likes_enabled":true,"jetpack_sharing_enabled":true,"_links":{"self":[{"href":"https:\/\/www.gastonballiot.fr\/index.php?rest_route=\/wp\/v2\/posts\/11798","targetHints":{"allow":["GET"]}}],"collection":[{"href":"https:\/\/www.gastonballiot.fr\/index.php?rest_route=\/wp\/v2\/posts"}],"about":[{"href":"https:\/\/www.gastonballiot.fr\/index.php?rest_route=\/wp\/v2\/types\/post"}],"author":[{"embeddable":true,"href":"https:\/\/www.gastonballiot.fr\/index.php?rest_route=\/wp\/v2\/users\/1"}],"replies":[{"embeddable":true,"href":"https:\/\/www.gastonballiot.fr\/index.php?rest_route=%2Fwp%2Fv2%2Fcomments&post=11798"}],"version-history":[{"count":0,"href":"https:\/\/www.gastonballiot.fr\/index.php?rest_route=\/wp\/v2\/posts\/11798\/revisions"}],"wp:featuredmedia":[{"embeddable":true,"href":"https:\/\/www.gastonballiot.fr\/index.php?rest_route=\/wp\/v2\/media\/11801"}],"wp:attachment":[{"href":"https:\/\/www.gastonballiot.fr\/index.php?rest_route=%2Fwp%2Fv2%2Fmedia&parent=11798"}],"wp:term":[{"taxonomy":"category","embeddable":true,"href":"https:\/\/www.gastonballiot.fr\/index.php?rest_route=%2Fwp%2Fv2%2Fcategories&post=11798"},{"taxonomy":"post_tag","embeddable":true,"href":"https:\/\/www.gastonballiot.fr\/index.php?rest_route=%2Fwp%2Fv2%2Ftags&post=11798"}],"curies":[{"name":"wp","href":"https:\/\/api.w.org\/{rel}","templated":true}]}}