{"id":1190,"date":"2015-08-31T20:07:47","date_gmt":"2015-08-31T18:07:47","guid":{"rendered":"http:\/\/www.gastonballiot.fr\/?p=1190"},"modified":"2015-09-02T14:57:26","modified_gmt":"2015-09-02T12:57:26","slug":"joseph-stiglitz-la-grande-fracture","status":"publish","type":"post","link":"https:\/\/www.gastonballiot.fr\/?p=1190","title":{"rendered":"Joseph Stiglitz : \u00ab\u00a0La grande fracture\u00a0\u00bb"},"content":{"rendered":"<p>A l&rsquo;occasion de la sortie de son livre \u00ab\u00a0La grande Fracture\u00a0\u00bb le prix Nobel d&rsquo;\u00e9conomie Joseph Stiglitz a \u00e9t\u00e9 re\u00e7u par plusieurs m\u00e9dias.<\/p>\n<p><a href=\"https:\/\/i0.wp.com\/www.gastonballiot.fr\/wp-content\/uploads\/2015\/08\/Stiglitz_grande_fracture.jpg\"><img data-recalc-dims=\"1\" loading=\"lazy\" decoding=\"async\" data-attachment-id=\"1192\" data-permalink=\"https:\/\/www.gastonballiot.fr\/?attachment_id=1192#main\" data-orig-file=\"https:\/\/i0.wp.com\/www.gastonballiot.fr\/wp-content\/uploads\/2015\/08\/Stiglitz_grande_fracture.jpg?fit=329%2C499&amp;ssl=1\" data-orig-size=\"329,499\" data-comments-opened=\"1\" data-image-meta=\"{&quot;aperture&quot;:&quot;0&quot;,&quot;credit&quot;:&quot;&quot;,&quot;camera&quot;:&quot;&quot;,&quot;caption&quot;:&quot;&quot;,&quot;created_timestamp&quot;:&quot;0&quot;,&quot;copyright&quot;:&quot;&quot;,&quot;focal_length&quot;:&quot;0&quot;,&quot;iso&quot;:&quot;0&quot;,&quot;shutter_speed&quot;:&quot;0&quot;,&quot;title&quot;:&quot;&quot;,&quot;orientation&quot;:&quot;0&quot;}\" data-image-title=\"Stiglitz_grande_fracture\" data-image-description=\"\" data-image-caption=\"\" data-medium-file=\"https:\/\/i0.wp.com\/www.gastonballiot.fr\/wp-content\/uploads\/2015\/08\/Stiglitz_grande_fracture.jpg?fit=198%2C300&amp;ssl=1\" data-large-file=\"https:\/\/i0.wp.com\/www.gastonballiot.fr\/wp-content\/uploads\/2015\/08\/Stiglitz_grande_fracture.jpg?fit=329%2C499&amp;ssl=1\" class=\"size-full wp-image-1192 alignleft\" src=\"https:\/\/i0.wp.com\/www.gastonballiot.fr\/wp-content\/uploads\/2015\/08\/Stiglitz_grande_fracture.jpg?resize=329%2C499\" alt=\"Stiglitz_grande_fracture\" width=\"329\" height=\"499\" srcset=\"https:\/\/i0.wp.com\/www.gastonballiot.fr\/wp-content\/uploads\/2015\/08\/Stiglitz_grande_fracture.jpg?w=329&amp;ssl=1 329w, https:\/\/i0.wp.com\/www.gastonballiot.fr\/wp-content\/uploads\/2015\/08\/Stiglitz_grande_fracture.jpg?resize=198%2C300&amp;ssl=1 198w\" sizes=\"auto, (max-width: 329px) 100vw, 329px\" \/><\/a>Interrog\u00e9 par Le Figaro sur des d\u00e9clarations de l&rsquo;ancien ministre des Finances grec\u00a0Yanis Varoufakis, selon lequel l&rsquo;intransigeance allemande face \u00e0 la Gr\u00e8ce aurait eu pour but d&rsquo;effrayer la France et de la convaincre de suivre la voie de la rigueur, l&rsquo;\u00e9conomiste am\u00e9ricain a d\u00e9clar\u00e9: \u00ab\u00a0je le crois\u00a0\u00bb.\u00a0\u00ab\u00a0Le gouvernement de centre-gauche en France n&rsquo;a pas \u00e9t\u00e9 capable de tenir t\u00eate \u00e0 l&rsquo;Allemagne\u00a0\u00bb, que ce soit sur les orientations budg\u00e9taires au niveau de la\u00a0zone euro, ou dans la r\u00e9ponse \u00e0 la crise grecque, a d\u00e9clar\u00e9 l&rsquo;ancien chef \u00e9conomiste de la Banque mondiale et conseiller du pr\u00e9sident am\u00e9ricain Bill Clinton.<\/p>\n<p>\u2026.<strong>\u00ab\u00a0Les politiques d&rsquo;aust\u00e9rit\u00e9 sont au\u00a0c\u0153ur\u00a0de la hausse des in\u00e9galit\u00e9s\u00a0\u00bb<\/strong>, pour M. Stiglitz, qui avait re\u00e7u le Nobel en 2001 avec deux autres \u00e9conomistes, pour des travaux sur les imperfections des \u00e9changes d&rsquo;informations sur les march\u00e9s.<br \/>\nL&rsquo;\u00e9conomiste a jug\u00e9 que si la France affiche un important d\u00e9ficit public en termes nominaux, elle n&rsquo;en pratique pas moins une politique d&rsquo;aust\u00e9rit\u00e9 en bridant les d\u00e9penses publiques.<\/p>\n<p>Il a aussi critiqu\u00e9 cette \u00ab\u00a0id\u00e9e vraiment stupide selon laquelle baisser les imp\u00f4ts sur les entreprises stimulerait l&rsquo;\u00e9conomie\u00a0\u00bb, jugeant que cette \u00ab\u00a0politique de l&rsquo;offre\u00a0\u00bb d\u00e9j\u00e0 mise en oeuvre par Ronald Reagan aux Etats-Unis \u00e9tait aujourd&rsquo;hui \u00ab\u00a0totalement discr\u00e9dit\u00e9e\u00a0\u00bb.\u00a0\u00ab\u00a0Je ne comprends pas pourquoi l&rsquo;Europe choisit cette voie aujourd&rsquo;hui\u00a0\u00bb, a-t-il indiqu\u00e9.\u00a0La baisse massive des charges et des imp\u00f4ts des entreprises est au c\u0153ur du Pacte de responsabilit\u00e9 et de solidarit\u00e9 d\u00e9fendu par M. Hollande.<\/p>\n<p>Sur France Info le 31 Ao\u00fbt\u00a0: Le prix Nobel critique la politique \u00e9conomique de Fran\u00e7ois Hollande et appelle \u00e0 une r\u00e9forme de la zone euro : \u00ab\u00a0La monnaie unique pourrait dispara\u00eetre\u00a0\u00bb.<br \/>\nSur la politique \u00e9conomique de la France : \u00ab\u00a0Pour stimuler l\u2019\u00e9conomie, il faut d\u00e9penser plus. Pour moi, cette strat\u00e9gie de l\u2019investissement dans l\u2019avenir (\u2026) est la seule mani\u00e8re d\u2019avoir une croissance durable \u00e0 l\u2019avenir. <strong>Avec les politiques d\u2019aust\u00e9rit\u00e9 que vous avez et qui m\u00e8nent \u00e0 12% de ch\u00f4mage, vous \u00eates en train de torpiller l\u2019avenir de la France\u00a0\u00bb.<\/strong><\/p>\n<p>Sur la zone euro : \u00ab\u00a0La monnaie unique pourrait dispara\u00eetre. Un euro \u00e0 plusieurs vitesses pourrait appara\u00eetre. Il y a des fa\u00e7ons de sortir de l\u2019euro tranquillement qui n\u2019auraient pas trop d\u2019effets n\u00e9gatifs et qui am\u00e8neraient \u00e0 une reprise plus rapide de l\u2019Europe, et la diviseraient moins (\u2026) Peut-\u00eatre que la seule fa\u00e7on de sauver l\u2019Europe, c\u2019est de laisser dispara\u00eetre l\u2019euro\u00a0\u00bb.<\/p>\n<p style=\"text-align: center;\"><span style=\"font-size: 14pt;\"><strong><a href=\"http:\/\/www.franceinfo.fr\/emission\/l-interview-eco\/2015-2016\/l-economiste-joseph-stiglitz-la-france-torpille-son-avenir-31-08-2015-19-25\" target=\"_blank\">Ecouter l\u2019interview sur France Info (22 min)<\/a><\/strong><\/span><br \/>\n<a href=\"http:\/\/www.franceinfo.fr\/emission\/l-interview-eco\/2015-2016\/l-economiste-joseph-stiglitz-la-france-torpille-son-avenir-31-08-2015-19-25\" target=\"_blank\">http:\/\/www.franceinfo.fr\/emission\/l-interview-eco\/2015-2016\/l-economiste-joseph-stiglitz-la-france-torpille-son-avenir-31-08-2015-19-25<\/a><\/p>\n<p style=\"text-align: center;\"><span style=\"font-size: 14pt;\"><strong><a href=\"http:\/\/www.gastonballiot.fr\/wp-content\/uploads\/2015\/08\/Stiglitz_Huma_2sept2015.pdf\" target=\"_blank\">T\u00e9l\u00e9charger en PDF le texte de l&rsquo;interview de Joseph Stiglitz dans l&rsquo;Humanit\u00e9 du 2 sept 2015<\/a><\/strong><\/span><\/p>\n","protected":false},"excerpt":{"rendered":"<p>A l&rsquo;occasion de la sortie de son livre \u00ab\u00a0La grande Fracture\u00a0\u00bb le prix Nobel d&rsquo;\u00e9conomie Joseph Stiglitz a \u00e9t\u00e9 re\u00e7u par plusieurs m\u00e9dias. Interrog\u00e9 par Le Figaro sur des d\u00e9clarations de l&rsquo;ancien ministre des Finances grec\u00a0Yanis Varoufakis, selon lequel l&rsquo;intransigeance allemande face \u00e0 la Gr\u00e8ce aurait eu pour but d&rsquo;effrayer la France et de la convaincre de suivre la voie de la rigueur, l&rsquo;\u00e9conomiste am\u00e9ricain a d\u00e9clar\u00e9: \u00ab\u00a0je le crois\u00a0\u00bb.\u00a0\u00ab\u00a0Le gouvernement de centre-gauche en France n&rsquo;a pas \u00e9t\u00e9 capable de tenir &#8230; <a title=\"Joseph Stiglitz : \u00ab\u00a0La grande fracture\u00a0\u00bb\" class=\"read-more\" href=\"https:\/\/www.gastonballiot.fr\/?p=1190\" aria-label=\"Plus sur Joseph Stiglitz : \u00ab\u00a0La grande fracture\u00a0\u00bb\">Lire la suite&#8230;<\/a><\/p>\n","protected":false},"author":1,"featured_media":1191,"comment_status":"open","ping_status":"open","sticky":false,"template":"","format":"standard","meta":{"ngg_post_thumbnail":0,"jetpack_post_was_ever_published":false,"_jetpack_newsletter_access":"","_jetpack_dont_email_post_to_subs":false,"_jetpack_newsletter_tier_id":0,"_jetpack_memberships_contains_paywalled_content":false,"_jetpack_memberships_contains_paid_content":false,"footnotes":"","jetpack_publicize_message":"","jetpack_publicize_feature_enabled":true,"jetpack_social_post_already_shared":false,"jetpack_social_options":{"image_generator_settings":{"template":"highway","enabled":false},"version":2}},"categories":[2,6,8],"tags":[30,55,74,179],"class_list":["post-1190","post","type-post","status-publish","format-standard","has-post-thumbnail","hentry","category-a-la-une","category-economie","category-europe","tag-austerite","tag-economie","tag-inegalites","tag-stiglitz","infinite-scroll-item","masonry-post","generate-columns","tablet-grid-50","mobile-grid-100","grid-parent","grid-33"],"jetpack_publicize_connections":[],"yoast_head":"<!-- This site is optimized with the Yoast SEO plugin v27.5 - https:\/\/yoast.com\/product\/yoast-seo-wordpress\/ -->\n<title>Joseph Stiglitz : &quot;La grande fracture&quot; - Le blog politique de Gaston<\/title>\n<meta name=\"robots\" content=\"index, follow, max-snippet:-1, max-image-preview:large, max-video-preview:-1\" \/>\n<link rel=\"canonical\" href=\"https:\/\/www.gastonballiot.fr\/?p=1190\" \/>\n<meta property=\"og:locale\" content=\"fr_FR\" \/>\n<meta property=\"og:type\" content=\"article\" \/>\n<meta property=\"og:title\" content=\"Joseph Stiglitz : &quot;La grande fracture&quot; - Le blog politique de Gaston\" \/>\n<meta property=\"og:description\" content=\"A l&rsquo;occasion de la sortie de son livre \u00ab\u00a0La grande Fracture\u00a0\u00bb le prix Nobel d&rsquo;\u00e9conomie Joseph Stiglitz a \u00e9t\u00e9 re\u00e7u par plusieurs m\u00e9dias. Interrog\u00e9 par Le Figaro sur des d\u00e9clarations de l&rsquo;ancien ministre des Finances grec\u00a0Yanis Varoufakis, selon lequel l&rsquo;intransigeance allemande face \u00e0 la Gr\u00e8ce aurait eu pour but d&rsquo;effrayer la France et de la convaincre de suivre la voie de la rigueur, l&rsquo;\u00e9conomiste am\u00e9ricain a d\u00e9clar\u00e9: \u00ab\u00a0je le crois\u00a0\u00bb.\u00a0\u00ab\u00a0Le gouvernement de centre-gauche en France n&rsquo;a pas \u00e9t\u00e9 capable de tenir ... Lire la suite...\" \/>\n<meta property=\"og:url\" content=\"https:\/\/www.gastonballiot.fr\/?p=1190\" \/>\n<meta property=\"og:site_name\" content=\"Le blog politique de Gaston\" \/>\n<meta property=\"article:publisher\" content=\"https:\/\/www.facebook.com\/gaston.balliot\/\" \/>\n<meta property=\"article:author\" content=\"https:\/\/www.facebook.com\/gaston.balliot\/\" \/>\n<meta property=\"article:published_time\" content=\"2015-08-31T18:07:47+00:00\" \/>\n<meta property=\"article:modified_time\" content=\"2015-09-02T12:57:26+00:00\" \/>\n<meta property=\"og:image\" content=\"https:\/\/www.gastonballiot.fr\/wp-content\/uploads\/2015\/08\/stiglitz_j.jpg\" \/>\n\t<meta property=\"og:image:width\" content=\"635\" \/>\n\t<meta property=\"og:image:height\" content=\"357\" \/>\n\t<meta property=\"og:image:type\" content=\"image\/jpeg\" \/>\n<meta name=\"author\" content=\"gb\" \/>\n<meta name=\"twitter:card\" content=\"summary_large_image\" \/>\n<meta name=\"twitter:label1\" content=\"\u00c9crit par\" \/>\n\t<meta name=\"twitter:data1\" content=\"gb\" \/>\n\t<meta name=\"twitter:label2\" content=\"Dur\u00e9e de lecture estim\u00e9e\" \/>\n\t<meta name=\"twitter:data2\" content=\"2 minutes\" \/>\n<script type=\"application\/ld+json\" class=\"yoast-schema-graph\">{\"@context\":\"https:\\\/\\\/schema.org\",\"@graph\":[{\"@type\":\"Article\",\"@id\":\"https:\\\/\\\/www.gastonballiot.fr\\\/?p=1190#article\",\"isPartOf\":{\"@id\":\"https:\\\/\\\/www.gastonballiot.fr\\\/?p=1190\"},\"author\":{\"name\":\"gb\",\"@id\":\"https:\\\/\\\/www.gastonballiot.fr\\\/#\\\/schema\\\/person\\\/244a5e02696abd8a65c5b1bebdb948ca\"},\"headline\":\"Joseph Stiglitz : \u00ab\u00a0La grande fracture\u00a0\u00bb\",\"datePublished\":\"2015-08-31T18:07:47+00:00\",\"dateModified\":\"2015-09-02T12:57:26+00:00\",\"mainEntityOfPage\":{\"@id\":\"https:\\\/\\\/www.gastonballiot.fr\\\/?p=1190\"},\"wordCount\":517,\"commentCount\":0,\"publisher\":{\"@id\":\"https:\\\/\\\/www.gastonballiot.fr\\\/#\\\/schema\\\/person\\\/244a5e02696abd8a65c5b1bebdb948ca\"},\"image\":{\"@id\":\"https:\\\/\\\/www.gastonballiot.fr\\\/?p=1190#primaryimage\"},\"thumbnailUrl\":\"https:\\\/\\\/i0.wp.com\\\/www.gastonballiot.fr\\\/wp-content\\\/uploads\\\/2015\\\/08\\\/stiglitz_j.jpg?fit=635%2C357&ssl=1\",\"keywords\":[\"aust\u00e9rit\u00e9\",\"Economie\",\"in\u00e9galit\u00e9s\",\"Stiglitz\"],\"articleSection\":[\"A la une\",\"Economie\",\"Europe\"],\"inLanguage\":\"fr-FR\",\"potentialAction\":[{\"@type\":\"CommentAction\",\"name\":\"Comment\",\"target\":[\"https:\\\/\\\/www.gastonballiot.fr\\\/?p=1190#respond\"]}]},{\"@type\":\"WebPage\",\"@id\":\"https:\\\/\\\/www.gastonballiot.fr\\\/?p=1190\",\"url\":\"https:\\\/\\\/www.gastonballiot.fr\\\/?p=1190\",\"name\":\"Joseph Stiglitz : \\\"La grande fracture\\\" - Le blog politique de Gaston\",\"isPartOf\":{\"@id\":\"https:\\\/\\\/www.gastonballiot.fr\\\/#website\"},\"primaryImageOfPage\":{\"@id\":\"https:\\\/\\\/www.gastonballiot.fr\\\/?p=1190#primaryimage\"},\"image\":{\"@id\":\"https:\\\/\\\/www.gastonballiot.fr\\\/?p=1190#primaryimage\"},\"thumbnailUrl\":\"https:\\\/\\\/i0.wp.com\\\/www.gastonballiot.fr\\\/wp-content\\\/uploads\\\/2015\\\/08\\\/stiglitz_j.jpg?fit=635%2C357&ssl=1\",\"datePublished\":\"2015-08-31T18:07:47+00:00\",\"dateModified\":\"2015-09-02T12:57:26+00:00\",\"breadcrumb\":{\"@id\":\"https:\\\/\\\/www.gastonballiot.fr\\\/?p=1190#breadcrumb\"},\"inLanguage\":\"fr-FR\",\"potentialAction\":[{\"@type\":\"ReadAction\",\"target\":[\"https:\\\/\\\/www.gastonballiot.fr\\\/?p=1190\"]}]},{\"@type\":\"ImageObject\",\"inLanguage\":\"fr-FR\",\"@id\":\"https:\\\/\\\/www.gastonballiot.fr\\\/?p=1190#primaryimage\",\"url\":\"https:\\\/\\\/i0.wp.com\\\/www.gastonballiot.fr\\\/wp-content\\\/uploads\\\/2015\\\/08\\\/stiglitz_j.jpg?fit=635%2C357&ssl=1\",\"contentUrl\":\"https:\\\/\\\/i0.wp.com\\\/www.gastonballiot.fr\\\/wp-content\\\/uploads\\\/2015\\\/08\\\/stiglitz_j.jpg?fit=635%2C357&ssl=1\",\"width\":635,\"height\":357},{\"@type\":\"BreadcrumbList\",\"@id\":\"https:\\\/\\\/www.gastonballiot.fr\\\/?p=1190#breadcrumb\",\"itemListElement\":[{\"@type\":\"ListItem\",\"position\":1,\"name\":\"Accueil\",\"item\":\"https:\\\/\\\/www.gastonballiot.fr\\\/\"},{\"@type\":\"ListItem\",\"position\":2,\"name\":\"Joseph Stiglitz : &#8220;La grande fracture&#8221;\"}]},{\"@type\":\"WebSite\",\"@id\":\"https:\\\/\\\/www.gastonballiot.fr\\\/#website\",\"url\":\"https:\\\/\\\/www.gastonballiot.fr\\\/\",\"name\":\"Le blog politique de Gaston\",\"description\":\"L&#039;humain d&#039;abord, pas la finance !\",\"publisher\":{\"@id\":\"https:\\\/\\\/www.gastonballiot.fr\\\/#\\\/schema\\\/person\\\/244a5e02696abd8a65c5b1bebdb948ca\"},\"potentialAction\":[{\"@type\":\"SearchAction\",\"target\":{\"@type\":\"EntryPoint\",\"urlTemplate\":\"https:\\\/\\\/www.gastonballiot.fr\\\/?s={search_term_string}\"},\"query-input\":{\"@type\":\"PropertyValueSpecification\",\"valueRequired\":true,\"valueName\":\"search_term_string\"}}],\"inLanguage\":\"fr-FR\"},{\"@type\":[\"Person\",\"Organization\"],\"@id\":\"https:\\\/\\\/www.gastonballiot.fr\\\/#\\\/schema\\\/person\\\/244a5e02696abd8a65c5b1bebdb948ca\",\"name\":\"gb\",\"image\":{\"@type\":\"ImageObject\",\"inLanguage\":\"fr-FR\",\"@id\":\"https:\\\/\\\/i0.wp.com\\\/www.gastonballiot.fr\\\/wp-content\\\/uploads\\\/2017\\\/04\\\/cropped-Marianne-drapeau-rouge.gif?fit=512%2C512&ssl=1\",\"url\":\"https:\\\/\\\/i0.wp.com\\\/www.gastonballiot.fr\\\/wp-content\\\/uploads\\\/2017\\\/04\\\/cropped-Marianne-drapeau-rouge.gif?fit=512%2C512&ssl=1\",\"contentUrl\":\"https:\\\/\\\/i0.wp.com\\\/www.gastonballiot.fr\\\/wp-content\\\/uploads\\\/2017\\\/04\\\/cropped-Marianne-drapeau-rouge.gif?fit=512%2C512&ssl=1\",\"width\":512,\"height\":512,\"caption\":\"gb\"},\"logo\":{\"@id\":\"https:\\\/\\\/i0.wp.com\\\/www.gastonballiot.fr\\\/wp-content\\\/uploads\\\/2017\\\/04\\\/cropped-Marianne-drapeau-rouge.gif?fit=512%2C512&ssl=1\"},\"description\":\"Gaston Balliot, militant du Front de Gauche en pays bigouden - Pont L'Abb\u00e9 - Loctudy - Guilvinec - Penmarc'h - Ile Tudy - Combrit Ste Marine - Tr\u00e9meoc - Plon\u00e9our, p\u00eache tourisme\",\"sameAs\":[\"https:\\\/\\\/www.facebook.com\\\/gaston.balliot\\\/\"]}]}<\/script>\n<!-- \/ Yoast SEO plugin. -->","yoast_head_json":{"title":"Joseph Stiglitz : \"La grande fracture\" - Le blog politique de Gaston","robots":{"index":"index","follow":"follow","max-snippet":"max-snippet:-1","max-image-preview":"max-image-preview:large","max-video-preview":"max-video-preview:-1"},"canonical":"https:\/\/www.gastonballiot.fr\/?p=1190","og_locale":"fr_FR","og_type":"article","og_title":"Joseph Stiglitz : \"La grande fracture\" - Le blog politique de Gaston","og_description":"A l&rsquo;occasion de la sortie de son livre \u00ab\u00a0La grande Fracture\u00a0\u00bb le prix Nobel d&rsquo;\u00e9conomie Joseph Stiglitz a \u00e9t\u00e9 re\u00e7u par plusieurs m\u00e9dias. Interrog\u00e9 par Le Figaro sur des d\u00e9clarations de l&rsquo;ancien ministre des Finances grec\u00a0Yanis Varoufakis, selon lequel l&rsquo;intransigeance allemande face \u00e0 la Gr\u00e8ce aurait eu pour but d&rsquo;effrayer la France et de la convaincre de suivre la voie de la rigueur, l&rsquo;\u00e9conomiste am\u00e9ricain a d\u00e9clar\u00e9: \u00ab\u00a0je le crois\u00a0\u00bb.\u00a0\u00ab\u00a0Le gouvernement de centre-gauche en France n&rsquo;a pas \u00e9t\u00e9 capable de tenir ... Lire la suite...","og_url":"https:\/\/www.gastonballiot.fr\/?p=1190","og_site_name":"Le blog politique de Gaston","article_publisher":"https:\/\/www.facebook.com\/gaston.balliot\/","article_author":"https:\/\/www.facebook.com\/gaston.balliot\/","article_published_time":"2015-08-31T18:07:47+00:00","article_modified_time":"2015-09-02T12:57:26+00:00","og_image":[{"width":635,"height":357,"url":"https:\/\/www.gastonballiot.fr\/wp-content\/uploads\/2015\/08\/stiglitz_j.jpg","type":"image\/jpeg"}],"author":"gb","twitter_card":"summary_large_image","twitter_misc":{"\u00c9crit par":"gb","Dur\u00e9e de lecture estim\u00e9e":"2 minutes"},"schema":{"@context":"https:\/\/schema.org","@graph":[{"@type":"Article","@id":"https:\/\/www.gastonballiot.fr\/?p=1190#article","isPartOf":{"@id":"https:\/\/www.gastonballiot.fr\/?p=1190"},"author":{"name":"gb","@id":"https:\/\/www.gastonballiot.fr\/#\/schema\/person\/244a5e02696abd8a65c5b1bebdb948ca"},"headline":"Joseph Stiglitz : \u00ab\u00a0La grande fracture\u00a0\u00bb","datePublished":"2015-08-31T18:07:47+00:00","dateModified":"2015-09-02T12:57:26+00:00","mainEntityOfPage":{"@id":"https:\/\/www.gastonballiot.fr\/?p=1190"},"wordCount":517,"commentCount":0,"publisher":{"@id":"https:\/\/www.gastonballiot.fr\/#\/schema\/person\/244a5e02696abd8a65c5b1bebdb948ca"},"image":{"@id":"https:\/\/www.gastonballiot.fr\/?p=1190#primaryimage"},"thumbnailUrl":"https:\/\/i0.wp.com\/www.gastonballiot.fr\/wp-content\/uploads\/2015\/08\/stiglitz_j.jpg?fit=635%2C357&ssl=1","keywords":["aust\u00e9rit\u00e9","Economie","in\u00e9galit\u00e9s","Stiglitz"],"articleSection":["A la une","Economie","Europe"],"inLanguage":"fr-FR","potentialAction":[{"@type":"CommentAction","name":"Comment","target":["https:\/\/www.gastonballiot.fr\/?p=1190#respond"]}]},{"@type":"WebPage","@id":"https:\/\/www.gastonballiot.fr\/?p=1190","url":"https:\/\/www.gastonballiot.fr\/?p=1190","name":"Joseph Stiglitz : \"La grande fracture\" - Le blog politique de Gaston","isPartOf":{"@id":"https:\/\/www.gastonballiot.fr\/#website"},"primaryImageOfPage":{"@id":"https:\/\/www.gastonballiot.fr\/?p=1190#primaryimage"},"image":{"@id":"https:\/\/www.gastonballiot.fr\/?p=1190#primaryimage"},"thumbnailUrl":"https:\/\/i0.wp.com\/www.gastonballiot.fr\/wp-content\/uploads\/2015\/08\/stiglitz_j.jpg?fit=635%2C357&ssl=1","datePublished":"2015-08-31T18:07:47+00:00","dateModified":"2015-09-02T12:57:26+00:00","breadcrumb":{"@id":"https:\/\/www.gastonballiot.fr\/?p=1190#breadcrumb"},"inLanguage":"fr-FR","potentialAction":[{"@type":"ReadAction","target":["https:\/\/www.gastonballiot.fr\/?p=1190"]}]},{"@type":"ImageObject","inLanguage":"fr-FR","@id":"https:\/\/www.gastonballiot.fr\/?p=1190#primaryimage","url":"https:\/\/i0.wp.com\/www.gastonballiot.fr\/wp-content\/uploads\/2015\/08\/stiglitz_j.jpg?fit=635%2C357&ssl=1","contentUrl":"https:\/\/i0.wp.com\/www.gastonballiot.fr\/wp-content\/uploads\/2015\/08\/stiglitz_j.jpg?fit=635%2C357&ssl=1","width":635,"height":357},{"@type":"BreadcrumbList","@id":"https:\/\/www.gastonballiot.fr\/?p=1190#breadcrumb","itemListElement":[{"@type":"ListItem","position":1,"name":"Accueil","item":"https:\/\/www.gastonballiot.fr\/"},{"@type":"ListItem","position":2,"name":"Joseph Stiglitz : &#8220;La grande fracture&#8221;"}]},{"@type":"WebSite","@id":"https:\/\/www.gastonballiot.fr\/#website","url":"https:\/\/www.gastonballiot.fr\/","name":"Le blog politique de Gaston","description":"L&#039;humain d&#039;abord, pas la finance !","publisher":{"@id":"https:\/\/www.gastonballiot.fr\/#\/schema\/person\/244a5e02696abd8a65c5b1bebdb948ca"},"potentialAction":[{"@type":"SearchAction","target":{"@type":"EntryPoint","urlTemplate":"https:\/\/www.gastonballiot.fr\/?s={search_term_string}"},"query-input":{"@type":"PropertyValueSpecification","valueRequired":true,"valueName":"search_term_string"}}],"inLanguage":"fr-FR"},{"@type":["Person","Organization"],"@id":"https:\/\/www.gastonballiot.fr\/#\/schema\/person\/244a5e02696abd8a65c5b1bebdb948ca","name":"gb","image":{"@type":"ImageObject","inLanguage":"fr-FR","@id":"https:\/\/i0.wp.com\/www.gastonballiot.fr\/wp-content\/uploads\/2017\/04\/cropped-Marianne-drapeau-rouge.gif?fit=512%2C512&ssl=1","url":"https:\/\/i0.wp.com\/www.gastonballiot.fr\/wp-content\/uploads\/2017\/04\/cropped-Marianne-drapeau-rouge.gif?fit=512%2C512&ssl=1","contentUrl":"https:\/\/i0.wp.com\/www.gastonballiot.fr\/wp-content\/uploads\/2017\/04\/cropped-Marianne-drapeau-rouge.gif?fit=512%2C512&ssl=1","width":512,"height":512,"caption":"gb"},"logo":{"@id":"https:\/\/i0.wp.com\/www.gastonballiot.fr\/wp-content\/uploads\/2017\/04\/cropped-Marianne-drapeau-rouge.gif?fit=512%2C512&ssl=1"},"description":"Gaston Balliot, militant du Front de Gauche en pays bigouden - Pont L'Abb\u00e9 - Loctudy - Guilvinec - Penmarc'h - Ile Tudy - Combrit Ste Marine - Tr\u00e9meoc - Plon\u00e9our, p\u00eache tourisme","sameAs":["https:\/\/www.facebook.com\/gaston.balliot\/"]}]}},"jetpack_featured_media_url":"https:\/\/i0.wp.com\/www.gastonballiot.fr\/wp-content\/uploads\/2015\/08\/stiglitz_j.jpg?fit=635%2C357&ssl=1","jetpack_shortlink":"https:\/\/wp.me\/p5UTaD-jc","jetpack-related-posts":[],"jetpack_likes_enabled":true,"jetpack_sharing_enabled":true,"_links":{"self":[{"href":"https:\/\/www.gastonballiot.fr\/index.php?rest_route=\/wp\/v2\/posts\/1190","targetHints":{"allow":["GET"]}}],"collection":[{"href":"https:\/\/www.gastonballiot.fr\/index.php?rest_route=\/wp\/v2\/posts"}],"about":[{"href":"https:\/\/www.gastonballiot.fr\/index.php?rest_route=\/wp\/v2\/types\/post"}],"author":[{"embeddable":true,"href":"https:\/\/www.gastonballiot.fr\/index.php?rest_route=\/wp\/v2\/users\/1"}],"replies":[{"embeddable":true,"href":"https:\/\/www.gastonballiot.fr\/index.php?rest_route=%2Fwp%2Fv2%2Fcomments&post=1190"}],"version-history":[{"count":0,"href":"https:\/\/www.gastonballiot.fr\/index.php?rest_route=\/wp\/v2\/posts\/1190\/revisions"}],"wp:featuredmedia":[{"embeddable":true,"href":"https:\/\/www.gastonballiot.fr\/index.php?rest_route=\/wp\/v2\/media\/1191"}],"wp:attachment":[{"href":"https:\/\/www.gastonballiot.fr\/index.php?rest_route=%2Fwp%2Fv2%2Fmedia&parent=1190"}],"wp:term":[{"taxonomy":"category","embeddable":true,"href":"https:\/\/www.gastonballiot.fr\/index.php?rest_route=%2Fwp%2Fv2%2Fcategories&post=1190"},{"taxonomy":"post_tag","embeddable":true,"href":"https:\/\/www.gastonballiot.fr\/index.php?rest_route=%2Fwp%2Fv2%2Ftags&post=1190"}],"curies":[{"name":"wp","href":"https:\/\/api.w.org\/{rel}","templated":true}]}}