{"id":11955,"date":"2024-01-20T15:44:43","date_gmt":"2024-01-20T14:44:43","guid":{"rendered":"https:\/\/www.gastonballiot.fr\/?p=11955"},"modified":"2025-10-28T10:52:51","modified_gmt":"2025-10-28T09:52:51","slug":"des-nazillons-existent-donc-toujours-dans-le-mouvement-autonomiste-breton","status":"publish","type":"post","link":"https:\/\/www.gastonballiot.fr\/?p=11955","title":{"rendered":"Des nazillons existent donc toujours dans le mouvement autonomiste breton"},"content":{"rendered":"<p>Janvier 2024<br \/>\n<a href=\"https:\/\/i0.wp.com\/www.gastonballiot.fr\/wp-content\/uploads\/2024\/01\/SteleBzhFachosOuestFrance24janv24.jpg?ssl=1\"><img data-recalc-dims=\"1\" loading=\"lazy\" decoding=\"async\" data-attachment-id=\"11956\" data-permalink=\"https:\/\/www.gastonballiot.fr\/?attachment_id=11956#main\" data-orig-file=\"https:\/\/i0.wp.com\/www.gastonballiot.fr\/wp-content\/uploads\/2024\/01\/SteleBzhFachosOuestFrance24janv24.jpg?fit=622%2C720&amp;ssl=1\" data-orig-size=\"622,720\" data-comments-opened=\"1\" data-image-meta=\"{&quot;aperture&quot;:&quot;0&quot;,&quot;credit&quot;:&quot;&quot;,&quot;camera&quot;:&quot;&quot;,&quot;caption&quot;:&quot;&quot;,&quot;created_timestamp&quot;:&quot;0&quot;,&quot;copyright&quot;:&quot;&quot;,&quot;focal_length&quot;:&quot;0&quot;,&quot;iso&quot;:&quot;0&quot;,&quot;shutter_speed&quot;:&quot;0&quot;,&quot;title&quot;:&quot;&quot;,&quot;orientation&quot;:&quot;0&quot;}\" data-image-title=\"SteleBzhFachosOuestFrance24janv24\" data-image-description=\"\" data-image-caption=\"\" data-medium-file=\"https:\/\/i0.wp.com\/www.gastonballiot.fr\/wp-content\/uploads\/2024\/01\/SteleBzhFachosOuestFrance24janv24.jpg?fit=259%2C300&amp;ssl=1\" data-large-file=\"https:\/\/i0.wp.com\/www.gastonballiot.fr\/wp-content\/uploads\/2024\/01\/SteleBzhFachosOuestFrance24janv24.jpg?fit=622%2C720&amp;ssl=1\" class=\"aligncenter size-full wp-image-11956\" src=\"https:\/\/i0.wp.com\/www.gastonballiot.fr\/wp-content\/uploads\/2024\/01\/SteleBzhFachosOuestFrance24janv24.jpg?resize=622%2C720&#038;ssl=1\" alt=\"\" width=\"622\" height=\"720\" srcset=\"https:\/\/i0.wp.com\/www.gastonballiot.fr\/wp-content\/uploads\/2024\/01\/SteleBzhFachosOuestFrance24janv24.jpg?w=622&amp;ssl=1 622w, https:\/\/i0.wp.com\/www.gastonballiot.fr\/wp-content\/uploads\/2024\/01\/SteleBzhFachosOuestFrance24janv24.jpg?resize=259%2C300&amp;ssl=1 259w\" sizes=\"auto, (max-width: 622px) 100vw, 622px\" \/><\/a><\/p>\n<hr>\n<p>Un article \u00e9galement dans Mediapart au sujet de ces groupuscules fachos qui s\u00e9vicent encore en Bretagne :<\/p>\n<p><a href=\"https:\/\/www.mediapart.fr\/journal\/france\/050124\/en-bretagne-tour-tan-brandit-la-culture-regionale-pour-mieux-diffuser-son-neonazisme\" target=\"_blank\" rel=\"noopener\">https:\/\/www.mediapart.fr\/journal\/france\/050124\/en-bretagne-tour-tan-brandit-la-culture-regionale-pour-mieux-diffuser-son-neonazisme<\/a><\/p>\n<div class=\"news__heading__top margin-top:500 margin-top:700@md\">\n<h3 id=\"page-title\" class=\"heading-news:12 margin-top:200@until-md\" data-js=\"engagement-bar-show-trigger\">En Bretagne, An Tour-Tan brandit la culture r\u00e9gionale pour mieux diffuser son n\u00e9onazisme<\/h3>\n<p class=\"news__heading__top__intro margin-top:500\">Sous couvert de d\u00e9fense de la culture bretonne, les membres du groupuscule d\u2019extr\u00eame droite affichent une id\u00e9ologie n\u00e9onazie. Le choix de s\u2019implanter \u00e0 Vannes a \u00e9t\u00e9 dict\u00e9 par la volont\u00e9 de r\u00e9unir dans un lieu unique des militants dispers\u00e9s dans la p\u00e9ninsule.<\/p>\n<\/div>\n<div class=\"news__heading__center padding-bottom:600\">\n<div class=\"splitter margin-top:600\">\n<div class=\"splitter__first\">\n<h2 class=\"ui-body-product:100 color:text-light\"><a href=\"https:\/\/www.gastonballiot.fr\/wp-content\/uploads\/2024\/01\/AnTouTanMediapartJanv24.pdf\" target=\"_blank\" rel=\"noopener\">Lire l&rsquo;article en PDF<\/a><\/h2>\n<hr>\n<p>Voir aussi <strong><a href=\"https:\/\/www.gastonballiot.fr\/a-propos-des-cent-ans-du-drapeau-breton-reflexions\/\" target=\"_blank\" rel=\"noopener\">https:\/\/www.gastonballiot.fr\/a-propos-des-cent-ans-du-drapeau-breton-reflexions\/<\/a><\/strong><\/p>\n<p style=\"text-align: center;\">****************<\/p>\n<p style=\"text-align: center;\"><a href=\"https:\/\/www.gastonballiot.fr\/wp-content\/uploads\/2024\/01\/Dossier-de-presse-Bro-Goz-\u2013-Limposture3210.pdf\" target=\"_blank\" rel=\"noopener\"><strong>A signaler la parution du livre du Pont L&rsquo;Abbiste Daniel Quillivic sur \u00ab\u00a0l&rsquo;hymne breton\u00a0\u00bb Bro Coz, dossier de presse<\/strong><\/a><\/p>\n<p><a href=\"https:\/\/i0.wp.com\/www.gastonballiot.fr\/wp-content\/uploads\/2023\/08\/BroGozImposture.jpg?ssl=1\"><img data-recalc-dims=\"1\" loading=\"lazy\" decoding=\"async\" data-attachment-id=\"11466\" data-permalink=\"https:\/\/www.gastonballiot.fr\/?attachment_id=11466#main\" data-orig-file=\"https:\/\/i0.wp.com\/www.gastonballiot.fr\/wp-content\/uploads\/2023\/08\/BroGozImposture.jpg?fit=600%2C834&amp;ssl=1\" data-orig-size=\"600,834\" data-comments-opened=\"1\" data-image-meta=\"{&quot;aperture&quot;:&quot;0&quot;,&quot;credit&quot;:&quot;&quot;,&quot;camera&quot;:&quot;&quot;,&quot;caption&quot;:&quot;&quot;,&quot;created_timestamp&quot;:&quot;0&quot;,&quot;copyright&quot;:&quot;&quot;,&quot;focal_length&quot;:&quot;0&quot;,&quot;iso&quot;:&quot;0&quot;,&quot;shutter_speed&quot;:&quot;0&quot;,&quot;title&quot;:&quot;&quot;,&quot;orientation&quot;:&quot;0&quot;}\" data-image-title=\"BroGozImposture\" data-image-description=\"\" data-image-caption=\"\" data-medium-file=\"https:\/\/i0.wp.com\/www.gastonballiot.fr\/wp-content\/uploads\/2023\/08\/BroGozImposture.jpg?fit=216%2C300&amp;ssl=1\" data-large-file=\"https:\/\/i0.wp.com\/www.gastonballiot.fr\/wp-content\/uploads\/2023\/08\/BroGozImposture.jpg?fit=600%2C834&amp;ssl=1\" class=\"aligncenter size-full wp-image-11466\" src=\"https:\/\/i0.wp.com\/www.gastonballiot.fr\/wp-content\/uploads\/2023\/08\/BroGozImposture.jpg?resize=600%2C834&#038;ssl=1\" alt=\"\" width=\"600\" height=\"834\" srcset=\"https:\/\/i0.wp.com\/www.gastonballiot.fr\/wp-content\/uploads\/2023\/08\/BroGozImposture.jpg?w=600&amp;ssl=1 600w, https:\/\/i0.wp.com\/www.gastonballiot.fr\/wp-content\/uploads\/2023\/08\/BroGozImposture.jpg?resize=216%2C300&amp;ssl=1 216w\" sizes=\"auto, (max-width: 600px) 100vw, 600px\" \/><\/a><\/p>\n<\/div>\n<\/div>\n<\/div>\n<p>Octobre 2025<\/p>\n<div class=\"html-div xdj266r x14z9mp xat24cr x1lziwak xexx8yu xyri2b x18d9i69 x1c1uobl\" dir=\"auto\">\n<div class=\"html-div xdj266r x14z9mp xat24cr x1lziwak xexx8yu xyri2b x18d9i69 x1c1uobl\" data-ad-rendering-role=\"story_message\">\n<div id=\"_r_bv_\" class=\"x1l90r2v x1iorvi4 x1g0dm76 xpdmqnj\" data-ad-comet-preview=\"message\" data-ad-preview=\"message\">\n<div class=\"x78zum5 xdt5ytf xz62fqu x16ldp7u\">\n<div class=\"xu06os2 x1ok221b\">\n<div class=\"html-div xdj266r x14z9mp xat24cr x1lziwak xexx8yu xyri2b x18d9i69 x1c1uobl\">\n<div class=\"xdj266r x14z9mp xat24cr x1lziwak x1vvkbs x126k92a\">\n<div dir=\"auto\">13 militants d&rsquo;extr\u00eame droite radicale du PNB ont \u00ab\u00a0rendu hommage\u00a0\u00bb samedi \u00e0 Treffiagat \u00e0 Olier Mordrel, leader du PNB historique et du mouvement et journal Breizh Atao, engag\u00e9 d\u00e8s les ann\u00e9es 30 sur une pente ultra-nationaliste, chauvine, raciste et fasciste, et pendant la guerre, dans la collaboration politique \u00e0 outrance puis militaire avec les Nazis qu \u00e9taient devenus ses mod\u00e8les et ceux de son parti. Un homme qui n&rsquo;a jamais reni\u00e9 ses id\u00e9es et ses engagements au regard des crimes contre l&rsquo;humanit\u00e9 auxquelles ils ont conduit. J&rsquo;ai eu l&rsquo;occasion de travailler sur sa trajectoire et ses \u00e9crits pour le livre co-\u00e9crit avec Maryse Le Roux pour les \u00e9ditions Skol Vreizh \u00ab\u00a0La fin du chemin\u00a0\u00bb, et notamment cet homme d&rsquo;une grande intelligence et avide de pouvoir, fils d&rsquo;un g\u00e9n\u00e9ral, n\u00e9 dans les beaux quartiers de Paris, et son mouvement politique, rest\u00e9 confidentiel num\u00e9riquement mais avec de grandes ambitions et des opportunit\u00e9s saisies pour revenir au centre du jeu (de la Collaboration). Son fils est aujourd&rsquo;hui lui aussi \u00e0 ce que j&rsquo;avais lu un militant d&rsquo;extr\u00eame-droite proche de Zemmour, engag\u00e9 dans des combats racistes et d&rsquo;exclusion, de d\u00e9fense de l&rsquo;Occident blanc. Je suis choqu\u00e9 si cela se v\u00e9rifie que madame la maire de Treffiagat et conseill\u00e8re d\u00e9partementale de la majorit\u00e9 de Ma\u00ebl de Calan, Mme Carrot-Tanneau, ait pu trouver bon d&rsquo;accueillir les fachos venus d&rsquo;ailleurs (pour quelles raisons?), si toutefois cela se v\u00e9rifiait, pour cette c\u00e9r\u00e9monie d&rsquo;un groupuscule n\u00e9o-nazi qui visait surtout \u00e0 faire du buzz mais qui n&rsquo;a pas montr\u00e9 leur force (13 bonhommes en uniforme noir avec drapeaux noirs, \u00e7a rappelle de mauvais souvenirs, mais ce n&rsquo;est pas une d\u00e9monstration de force&#8230; ), et qu&rsquo;elle ait pu trouver opportun de faire retirer des bandeaux et inscriptions antifascistes plac\u00e9es \u00e0 l&rsquo;avance signifiant aux \u00e9nergum\u00e8nes d&rsquo;extr\u00eame-droite radicale qu&rsquo;ils n&rsquo;\u00e9taient pas les bienvenus dans nos bourgs. Au regard de cela, la r\u00e9action de Mme Carrot-Tanneau quelque peu confuse et contradictoire.<\/div>\n<\/div>\n<div class=\"x14z9mp xat24cr x1lziwak x1vvkbs xtlvy1s x126k92a\">\n<div dir=\"auto\">\u00c0 Treffiagat, un hommage \u00e0 Olier Mordrel plac\u00e9 sous surveillance<\/div>\n<\/div>\n<div class=\"x14z9mp xat24cr x1lziwak x1vvkbs xtlvy1s x126k92a\">\n<div dir=\"auto\">Par Antoine Gegat<\/div>\n<div dir=\"auto\">Le 25 octobre 2025<\/div>\n<\/div>\n<div class=\"x14z9mp xat24cr x1lziwak x1vvkbs xtlvy1s x126k92a\">\n<div dir=\"auto\">Apr\u00e8s-midi tendue \u00e0 Treffiagat (29) ce samedi 25 octobre 2025 : sous surveillance des forces de l\u2019ordre, le Parti national breton a c\u00e9l\u00e9br\u00e9 les 40 ans de la mort d\u2019Olier Mordrel, fondateur du PNB et collaborateur avec l\u2019Allemagne durant l\u2019Occupation.<\/div>\n<\/div>\n<div class=\"x14z9mp xat24cr x1lziwak x1vvkbs xtlvy1s x126k92a\">\n<div dir=\"auto\">Sous le son des cornemuses et avec les drapeaux, les membres du Parti national breton sont entr\u00e9s dans le cimeti\u00e8re de Treffiagat afin d\u2019aller se recueillir sur la tombe d\u2019Olier Mordrel. Sous surveillance des forces de l\u2019ordre, en arri\u00e8re-plan.<\/div>\n<\/div>\n<div class=\"x14z9mp xat24cr x1lziwak x1vvkbs xtlvy1s x126k92a\">\n<div dir=\"auto\">Ce samedi 25 octobre 2025, le Parti national breton (PNB) s\u2019est r\u00e9uni, \u00e0 Treffiagat, \u00e0 l\u2019occasion des 40 ans de la disparition d\u2019Olier Mordrel, l\u2019un des fondateurs du parti, en 1931, et collaborateur avec l\u2019Allemagne, durant l\u2019Occupation. Treize sympathisants \u00e9taient pr\u00e9sents, sous le regard d\u2019aussi nombreuses forces de l\u2019ordre qui veillaient au d\u00e9roulement du rassemblement. Une opposition entre ces repr\u00e9sentants de l\u2019extr\u00eame droite bretonne et une contre-manifestation antifasciste \u00e9tait redout\u00e9e dans ce cimeti\u00e8re du Pays bigouden sud, o\u00f9 a \u00e9t\u00e9 enterr\u00e9 Mordrel, en 1985.<\/div>\n<\/div>\n<div class=\"x14z9mp xat24cr x1lziwak x1vvkbs xtlvy1s x126k92a\">\n<div dir=\"auto\">Ce rassemblement a donn\u00e9 lieu \u00e0 des d\u00e9gradations publiques sur place avec des affiches coll\u00e9es, dans la nuit de vendredi \u00e0 samedi, o\u00f9 il \u00e9tait inscrit \u00ab Pas de facho dans nos bourgs \u00bb ou \u00ab Mordrel = collabo \u00bb. Ces inscriptions ont \u00e9t\u00e9 enlev\u00e9es par Nathalie Carrot-Tanneau, la maire, en personne, samedi matin.<\/div>\n<\/div>\n<div class=\"x14z9mp xat24cr x1lziwak x1vvkbs xtlvy1s x126k92a\">\n<div dir=\"auto\">\u00ab Le devoir de m\u00e9moire est bafou\u00e9 \u00bb<\/div>\n<\/div>\n<div class=\"x14z9mp xat24cr x1lziwak x1vvkbs xtlvy1s x126k92a\">\n<div dir=\"auto\">Depuis longtemps, le profil d\u2019Olier Mordrel irrite la population locale. Sa collaboration avec l\u2019Allemagne nazie a \u00e9t\u00e9 d\u00e9montr\u00e9e. Il affichait son soutien au Troisi\u00e8me Reich. Lors de son enterrement, son cercueil avait, selon sa volont\u00e9, fait un d\u00e9tour pour \u00e9viter de passer par l\u2019Avenue du 8 mai 1945. \u00ab Olier \u00e9tait un sympathisant breton. Il voulait redonner \u00e0 la r\u00e9gion sa souverainet\u00e9 \u00bb, ont tent\u00e9 de se justifier les membres du PNB vus sur place.<\/div>\n<\/div>\n<div class=\"x14z9mp xat24cr x1lziwak x1vvkbs xtlvy1s x126k92a\">\n<div dir=\"auto\">Un propos absolument pas du go\u00fbt de Nathalie Carrot-Tanneau \u00e9galement pr\u00e9sente. Une \u00e9dile pas \u00ab favorable \u00e0 ce qu\u2019on mette en avant le parcours \u00bb de Mordrel. \u00ab Le devoir de m\u00e9moire est bafou\u00e9 \u00bb, s\u2019est d\u00e9sol\u00e9e la maire de cette commune du Pays Bigouden Sud o\u00f9, pendant les heures sombres de l\u2019Occupation, plusieurs actes de R\u00e9sistance ont permis de se lib\u00e9rer du joug allemand.<\/div>\n<\/div>\n<\/div>\n<\/div>\n<\/div>\n<\/div>\n<\/div>\n<\/div>\n<div id=\"_r_c0_\" class=\"html-div xdj266r x14z9mp xat24cr x1lziwak xexx8yu xyri2b x18d9i69 x1c1uobl x1n2onr6\">\n<div class=\"html-div xdj266r x14z9mp xat24cr x1lziwak xexx8yu xyri2b x18d9i69 x1c1uobl x1n2onr6\">\n<div class=\"xmjcpbm x1n2onr6\">\n<div class=\"x78zum5 x14ju556 x6ikm8r x10wlt62 x1n2onr6\" data-ad-rendering-role=\"image\">\n<div class=\"x6s0dn4 x1jx94hy x78zum5 xdt5ytf x6ikm8r x10wlt62 x1n2onr6 xh8yej3\">\n<div>\n<div class=\"xqtp20y x6ikm8r x10wlt62 x1n2onr6\">\n<div class=\"x10l6tqk x13vifvy\"><img loading=\"lazy\" decoding=\"async\" class=\"x15mokao x1ga7v0g x16uus16 xbiv7yw x1ey2m1c x5yr21d xtijo5x x1o0tod x10l6tqk x13vifvy xh8yej3 xl1xv1r\" src=\"https:\/\/external-cdg4-2.xx.fbcdn.net\/emg1\/v\/t13\/12402158183994537073?url=https%3A%2F%2Fmedia.letelegramme.fr%2Fapi%2Fv1%2Fimages%2Fview%2F68fcf3e8c248458676080491%2Fweb_golden_xxl%2F68fcf3e8c248458676080491.1&amp;fb_obo=1&amp;utld=letelegramme.fr&amp;stp=c0.5000x0.5000f_dst-jpg_flffffff_p500x261_q75_tt6&amp;_nc_gid=qVEEgtYDR7d5YztHl8V7jw&amp;_nc_oc=AdmV-0spcVOyEjTWpw5G4i27rTaX99CuisSHkCeQBQobwzy7AuL8n6Krhqi7Ha8P1hp1LYAA3F9OYtZl6XGPSaGA&amp;ccb=13-1&amp;oh=06_Q3-4AbitNpkBDPb6b3nRGW1HRgwvYpCHpU_g_zaHj8e_SK6j&amp;oe=69027F14&amp;_nc_sid=c97757\" alt=\"\u00c0 Treffiagat, un hommage \u00e0 Olier Mordrel plac\u00e9 sous surveillance\" width=\"500\" height=\"261\"><\/div>\n<\/div>\n<\/div>\n<\/div>\n<div class=\"x1nb4dca x1q0q8m5 xso031l x1exxf4d x13fuv20 x178xt8z x1ey2m1c x9f619 xtijo5x x1o0tod x47corl x10l6tqk x13vifvy\">&nbsp;<\/div>\n<\/div>\n<\/div>\n<\/div>\n<div class=\"html-div xdj266r x14z9mp xat24cr x1lziwak xexx8yu xyri2b x18d9i69 x1c1uobl x6ikm8r x10wlt62\">\n<div class=\"x1n2onr6\">\n<div class=\"html-div xdj266r x14z9mp xat24cr x1lziwak xexx8yu xyri2b x18d9i69 x1c1uobl xmjcpbm x1n2onr6 x1lku1pv\">\n<div class=\"x9f619 x1ja2u2z x78zum5 x2lah0s x1n2onr6 x1qughib x6s0dn4 xozqiw3 x1q0g3np x1ws5yxj xw01apr xsag5q8 xv54qhq xf7dkkf xz9dl7a\">\n<div class=\"x9f619 x1n2onr6 x1ja2u2z x193iq5w xeuugli x1r8uery x1iyjqo2 xs83m0k x1icxu4v x25sj25\">\n<div class=\"html-div xdj266r x14z9mp x1lziwak xexx8yu xyri2b x18d9i69 x1c1uobl x1e56ztr xtvhhri\" data-ad-rendering-role=\"meta\"><span class=\"x193iq5w xeuugli x13faqbe x1vvkbs x1xmvt09 x1lliihq x1s928wv xhkezso x1gmr53x x1cpjm7i x1fgarty x1943h6x x4zkp8e x3x7a5m x1nxh6w3 x1sibtaa xo1l8bm xi81zsa\" dir=\"auto\"><span class=\"x1lliihq x6ikm8r x10wlt62 x1n2onr6 xlyipyv xuxw1ft x1j85h84\">letelegramme.fr<\/span><\/span><\/div>\n<div class=\"html-div x14z9mp x1lziwak xyri2b x1c1uobl x4vbgl9 x1rdy4ex x6ikm8r x10wlt62 xjkvuk6 x1iorvi4\">\n<div class=\"x78zum5 xdt5ytf xz62fqu x16ldp7u\">\n<div class=\"xu06os2 x1ok221b\"><span class=\"x193iq5w xeuugli x13faqbe x1vvkbs x1xmvt09 x1lliihq x1s928wv xhkezso x1gmr53x x1cpjm7i x1fgarty x1943h6x xudqn12 x3x7a5m x1lkfr7t x1lbecb7 x1s688f xzsf02u x1yc453h\" dir=\"auto\"><span class=\"x1lliihq x6ikm8r x10wlt62 x1n2onr6 x1j85h84\"><span class=\"html-span xdj266r x14z9mp xat24cr x1lziwak xexx8yu xyri2b x18d9i69 x1c1uobl x1hl2dhg x16tdsg8 x1vvkbs\" data-ad-rendering-role=\"title\"><span class=\"html-span xdj266r x14z9mp xat24cr x1lziwak xexx8yu xyri2b x18d9i69 x1c1uobl x1hl2dhg x16tdsg8 x1vvkbs\" dir=\"auto\">\u00c0 Treffiagat, un hommage \u00e0 Olier Mordrel plac\u00e9 sous surveillance<\/span><\/span><\/span><\/span><\/div>\n<\/div>\n<\/div>\n<\/div>\n<\/div>\n<\/div>\n<\/div>\n<\/div>\n<\/div>\n","protected":false},"excerpt":{"rendered":"<p>Janvier 2024 Un article \u00e9galement dans Mediapart au sujet de ces groupuscules fachos qui s\u00e9vicent encore en Bretagne : https:\/\/www.mediapart.fr\/journal\/france\/050124\/en-bretagne-tour-tan-brandit-la-culture-regionale-pour-mieux-diffuser-son-neonazisme En Bretagne, An Tour-Tan brandit la culture r\u00e9gionale pour mieux diffuser son n\u00e9onazisme Sous couvert de d\u00e9fense de la culture bretonne, les membres du groupuscule d\u2019extr\u00eame droite affichent une id\u00e9ologie n\u00e9onazie. Le choix de s\u2019implanter \u00e0 Vannes a \u00e9t\u00e9 dict\u00e9 par la volont\u00e9 de r\u00e9unir dans un lieu unique des militants dispers\u00e9s dans la p\u00e9ninsule. Lire l&rsquo;article en PDF Voir aussi &#8230; <a title=\"Des nazillons existent donc toujours dans le mouvement autonomiste breton\" class=\"read-more\" href=\"https:\/\/www.gastonballiot.fr\/?p=11955\" aria-label=\"Plus sur Des nazillons existent donc toujours dans le mouvement autonomiste breton\">Lire la suite&#8230;<\/a><\/p>\n","protected":false},"author":1,"featured_media":0,"comment_status":"open","ping_status":"closed","sticky":false,"template":"","format":"standard","meta":{"ngg_post_thumbnail":0,"jetpack_post_was_ever_published":false,"_jetpack_newsletter_access":"","_jetpack_dont_email_post_to_subs":false,"_jetpack_newsletter_tier_id":0,"_jetpack_memberships_contains_paywalled_content":false,"_jetpack_memberships_contains_paid_content":false,"footnotes":"","jetpack_publicize_message":"","jetpack_publicize_feature_enabled":true,"jetpack_social_post_already_shared":false,"jetpack_social_options":{"image_generator_settings":{"template":"highway","enabled":false},"version":2}},"categories":[2,5,596],"tags":[597,591,519,598,457],"class_list":["post-11955","post","type-post","status-publish","format-standard","hentry","category-a-la-une","category-democratie","category-autonomistes-bretons-collabos-des-nazis","tag-bzh","tag-extreme-droite","tag-mafia-bretonne","tag-memoire","tag-nazisme","infinite-scroll-item","masonry-post","generate-columns","tablet-grid-50","mobile-grid-100","grid-parent","grid-33"],"jetpack_publicize_connections":[],"yoast_head":"<!-- This site is optimized with the Yoast SEO plugin v27.5 - https:\/\/yoast.com\/product\/yoast-seo-wordpress\/ -->\n<title>Des nazillons existent donc toujours dans le mouvement autonomiste breton - Le blog politique de Gaston<\/title>\n<meta name=\"robots\" content=\"index, follow, max-snippet:-1, max-image-preview:large, max-video-preview:-1\" \/>\n<link rel=\"canonical\" href=\"https:\/\/www.gastonballiot.fr\/?p=11955\" \/>\n<meta property=\"og:locale\" content=\"fr_FR\" \/>\n<meta property=\"og:type\" content=\"article\" \/>\n<meta property=\"og:title\" content=\"Des nazillons existent donc toujours dans le mouvement autonomiste breton - Le blog politique de Gaston\" \/>\n<meta property=\"og:description\" content=\"Janvier 2024 Un article \u00e9galement dans Mediapart au sujet de ces groupuscules fachos qui s\u00e9vicent encore en Bretagne : https:\/\/www.mediapart.fr\/journal\/france\/050124\/en-bretagne-tour-tan-brandit-la-culture-regionale-pour-mieux-diffuser-son-neonazisme En Bretagne, An Tour-Tan brandit la culture r\u00e9gionale pour mieux diffuser son n\u00e9onazisme Sous couvert de d\u00e9fense de la culture bretonne, les membres du groupuscule d\u2019extr\u00eame droite affichent une id\u00e9ologie n\u00e9onazie. Le choix de s\u2019implanter \u00e0 Vannes a \u00e9t\u00e9 dict\u00e9 par la volont\u00e9 de r\u00e9unir dans un lieu unique des militants dispers\u00e9s dans la p\u00e9ninsule. Lire l&rsquo;article en PDF Voir aussi ... Lire la suite...\" \/>\n<meta property=\"og:url\" content=\"https:\/\/www.gastonballiot.fr\/?p=11955\" \/>\n<meta property=\"og:site_name\" content=\"Le blog politique de Gaston\" \/>\n<meta property=\"article:publisher\" content=\"https:\/\/www.facebook.com\/gaston.balliot\/\" \/>\n<meta property=\"article:author\" content=\"https:\/\/www.facebook.com\/gaston.balliot\/\" \/>\n<meta property=\"article:published_time\" content=\"2024-01-20T14:44:43+00:00\" \/>\n<meta property=\"article:modified_time\" content=\"2025-10-28T09:52:51+00:00\" \/>\n<meta property=\"og:image\" content=\"https:\/\/www.gastonballiot.fr\/wp-content\/uploads\/2024\/01\/SteleBzhFachosOuestFrance24janv24.jpg\" \/>\n<meta name=\"author\" content=\"gb\" \/>\n<meta name=\"twitter:card\" content=\"summary_large_image\" \/>\n<meta name=\"twitter:label1\" content=\"\u00c9crit par\" \/>\n\t<meta name=\"twitter:data1\" content=\"gb\" \/>\n\t<meta name=\"twitter:label2\" content=\"Dur\u00e9e de lecture estim\u00e9e\" \/>\n\t<meta name=\"twitter:data2\" content=\"5 minutes\" \/>\n<script type=\"application\/ld+json\" class=\"yoast-schema-graph\">{\"@context\":\"https:\\\/\\\/schema.org\",\"@graph\":[{\"@type\":\"Article\",\"@id\":\"https:\\\/\\\/www.gastonballiot.fr\\\/?p=11955#article\",\"isPartOf\":{\"@id\":\"https:\\\/\\\/www.gastonballiot.fr\\\/?p=11955\"},\"author\":{\"name\":\"gb\",\"@id\":\"https:\\\/\\\/www.gastonballiot.fr\\\/#\\\/schema\\\/person\\\/244a5e02696abd8a65c5b1bebdb948ca\"},\"headline\":\"Des nazillons existent donc toujours dans le mouvement autonomiste breton\",\"datePublished\":\"2024-01-20T14:44:43+00:00\",\"dateModified\":\"2025-10-28T09:52:51+00:00\",\"mainEntityOfPage\":{\"@id\":\"https:\\\/\\\/www.gastonballiot.fr\\\/?p=11955\"},\"wordCount\":896,\"commentCount\":0,\"publisher\":{\"@id\":\"https:\\\/\\\/www.gastonballiot.fr\\\/#\\\/schema\\\/person\\\/244a5e02696abd8a65c5b1bebdb948ca\"},\"image\":{\"@id\":\"https:\\\/\\\/www.gastonballiot.fr\\\/?p=11955#primaryimage\"},\"thumbnailUrl\":\"https:\\\/\\\/www.gastonballiot.fr\\\/wp-content\\\/uploads\\\/2024\\\/01\\\/SteleBzhFachosOuestFrance24janv24.jpg\",\"keywords\":[\"BZH\",\"Extr\u00eame droite\",\"mafia bretonne\",\"memoire\",\"nazisme\"],\"articleSection\":[\"A la une\",\"D\u00e9mocratie\",\"Nazillons bretons\"],\"inLanguage\":\"fr-FR\",\"potentialAction\":[{\"@type\":\"CommentAction\",\"name\":\"Comment\",\"target\":[\"https:\\\/\\\/www.gastonballiot.fr\\\/?p=11955#respond\"]}]},{\"@type\":\"WebPage\",\"@id\":\"https:\\\/\\\/www.gastonballiot.fr\\\/?p=11955\",\"url\":\"https:\\\/\\\/www.gastonballiot.fr\\\/?p=11955\",\"name\":\"Des nazillons existent donc toujours dans le mouvement autonomiste breton - Le blog politique de Gaston\",\"isPartOf\":{\"@id\":\"https:\\\/\\\/www.gastonballiot.fr\\\/#website\"},\"primaryImageOfPage\":{\"@id\":\"https:\\\/\\\/www.gastonballiot.fr\\\/?p=11955#primaryimage\"},\"image\":{\"@id\":\"https:\\\/\\\/www.gastonballiot.fr\\\/?p=11955#primaryimage\"},\"thumbnailUrl\":\"https:\\\/\\\/www.gastonballiot.fr\\\/wp-content\\\/uploads\\\/2024\\\/01\\\/SteleBzhFachosOuestFrance24janv24.jpg\",\"datePublished\":\"2024-01-20T14:44:43+00:00\",\"dateModified\":\"2025-10-28T09:52:51+00:00\",\"breadcrumb\":{\"@id\":\"https:\\\/\\\/www.gastonballiot.fr\\\/?p=11955#breadcrumb\"},\"inLanguage\":\"fr-FR\",\"potentialAction\":[{\"@type\":\"ReadAction\",\"target\":[\"https:\\\/\\\/www.gastonballiot.fr\\\/?p=11955\"]}]},{\"@type\":\"ImageObject\",\"inLanguage\":\"fr-FR\",\"@id\":\"https:\\\/\\\/www.gastonballiot.fr\\\/?p=11955#primaryimage\",\"url\":\"https:\\\/\\\/i0.wp.com\\\/www.gastonballiot.fr\\\/wp-content\\\/uploads\\\/2024\\\/01\\\/SteleBzhFachosOuestFrance24janv24.jpg?fit=622%2C720&ssl=1\",\"contentUrl\":\"https:\\\/\\\/i0.wp.com\\\/www.gastonballiot.fr\\\/wp-content\\\/uploads\\\/2024\\\/01\\\/SteleBzhFachosOuestFrance24janv24.jpg?fit=622%2C720&ssl=1\",\"width\":622,\"height\":720},{\"@type\":\"BreadcrumbList\",\"@id\":\"https:\\\/\\\/www.gastonballiot.fr\\\/?p=11955#breadcrumb\",\"itemListElement\":[{\"@type\":\"ListItem\",\"position\":1,\"name\":\"Accueil\",\"item\":\"https:\\\/\\\/www.gastonballiot.fr\\\/\"},{\"@type\":\"ListItem\",\"position\":2,\"name\":\"Des nazillons existent donc toujours dans le mouvement autonomiste breton\"}]},{\"@type\":\"WebSite\",\"@id\":\"https:\\\/\\\/www.gastonballiot.fr\\\/#website\",\"url\":\"https:\\\/\\\/www.gastonballiot.fr\\\/\",\"name\":\"Le blog politique de Gaston\",\"description\":\"L&#039;humain d&#039;abord, pas la finance !\",\"publisher\":{\"@id\":\"https:\\\/\\\/www.gastonballiot.fr\\\/#\\\/schema\\\/person\\\/244a5e02696abd8a65c5b1bebdb948ca\"},\"potentialAction\":[{\"@type\":\"SearchAction\",\"target\":{\"@type\":\"EntryPoint\",\"urlTemplate\":\"https:\\\/\\\/www.gastonballiot.fr\\\/?s={search_term_string}\"},\"query-input\":{\"@type\":\"PropertyValueSpecification\",\"valueRequired\":true,\"valueName\":\"search_term_string\"}}],\"inLanguage\":\"fr-FR\"},{\"@type\":[\"Person\",\"Organization\"],\"@id\":\"https:\\\/\\\/www.gastonballiot.fr\\\/#\\\/schema\\\/person\\\/244a5e02696abd8a65c5b1bebdb948ca\",\"name\":\"gb\",\"image\":{\"@type\":\"ImageObject\",\"inLanguage\":\"fr-FR\",\"@id\":\"https:\\\/\\\/i0.wp.com\\\/www.gastonballiot.fr\\\/wp-content\\\/uploads\\\/2017\\\/04\\\/cropped-Marianne-drapeau-rouge.gif?fit=512%2C512&ssl=1\",\"url\":\"https:\\\/\\\/i0.wp.com\\\/www.gastonballiot.fr\\\/wp-content\\\/uploads\\\/2017\\\/04\\\/cropped-Marianne-drapeau-rouge.gif?fit=512%2C512&ssl=1\",\"contentUrl\":\"https:\\\/\\\/i0.wp.com\\\/www.gastonballiot.fr\\\/wp-content\\\/uploads\\\/2017\\\/04\\\/cropped-Marianne-drapeau-rouge.gif?fit=512%2C512&ssl=1\",\"width\":512,\"height\":512,\"caption\":\"gb\"},\"logo\":{\"@id\":\"https:\\\/\\\/i0.wp.com\\\/www.gastonballiot.fr\\\/wp-content\\\/uploads\\\/2017\\\/04\\\/cropped-Marianne-drapeau-rouge.gif?fit=512%2C512&ssl=1\"},\"description\":\"Gaston Balliot, militant du Front de Gauche en pays bigouden - Pont L'Abb\u00e9 - Loctudy - Guilvinec - Penmarc'h - Ile Tudy - Combrit Ste Marine - Tr\u00e9meoc - Plon\u00e9our, p\u00eache tourisme\",\"sameAs\":[\"https:\\\/\\\/www.facebook.com\\\/gaston.balliot\\\/\"]}]}<\/script>\n<!-- \/ Yoast SEO plugin. -->","yoast_head_json":{"title":"Des nazillons existent donc toujours dans le mouvement autonomiste breton - Le blog politique de Gaston","robots":{"index":"index","follow":"follow","max-snippet":"max-snippet:-1","max-image-preview":"max-image-preview:large","max-video-preview":"max-video-preview:-1"},"canonical":"https:\/\/www.gastonballiot.fr\/?p=11955","og_locale":"fr_FR","og_type":"article","og_title":"Des nazillons existent donc toujours dans le mouvement autonomiste breton - Le blog politique de Gaston","og_description":"Janvier 2024 Un article \u00e9galement dans Mediapart au sujet de ces groupuscules fachos qui s\u00e9vicent encore en Bretagne : https:\/\/www.mediapart.fr\/journal\/france\/050124\/en-bretagne-tour-tan-brandit-la-culture-regionale-pour-mieux-diffuser-son-neonazisme En Bretagne, An Tour-Tan brandit la culture r\u00e9gionale pour mieux diffuser son n\u00e9onazisme Sous couvert de d\u00e9fense de la culture bretonne, les membres du groupuscule d\u2019extr\u00eame droite affichent une id\u00e9ologie n\u00e9onazie. Le choix de s\u2019implanter \u00e0 Vannes a \u00e9t\u00e9 dict\u00e9 par la volont\u00e9 de r\u00e9unir dans un lieu unique des militants dispers\u00e9s dans la p\u00e9ninsule. Lire l&rsquo;article en PDF Voir aussi ... Lire la suite...","og_url":"https:\/\/www.gastonballiot.fr\/?p=11955","og_site_name":"Le blog politique de Gaston","article_publisher":"https:\/\/www.facebook.com\/gaston.balliot\/","article_author":"https:\/\/www.facebook.com\/gaston.balliot\/","article_published_time":"2024-01-20T14:44:43+00:00","article_modified_time":"2025-10-28T09:52:51+00:00","og_image":[{"url":"https:\/\/www.gastonballiot.fr\/wp-content\/uploads\/2024\/01\/SteleBzhFachosOuestFrance24janv24.jpg","type":"","width":"","height":""}],"author":"gb","twitter_card":"summary_large_image","twitter_misc":{"\u00c9crit par":"gb","Dur\u00e9e de lecture estim\u00e9e":"5 minutes"},"schema":{"@context":"https:\/\/schema.org","@graph":[{"@type":"Article","@id":"https:\/\/www.gastonballiot.fr\/?p=11955#article","isPartOf":{"@id":"https:\/\/www.gastonballiot.fr\/?p=11955"},"author":{"name":"gb","@id":"https:\/\/www.gastonballiot.fr\/#\/schema\/person\/244a5e02696abd8a65c5b1bebdb948ca"},"headline":"Des nazillons existent donc toujours dans le mouvement autonomiste breton","datePublished":"2024-01-20T14:44:43+00:00","dateModified":"2025-10-28T09:52:51+00:00","mainEntityOfPage":{"@id":"https:\/\/www.gastonballiot.fr\/?p=11955"},"wordCount":896,"commentCount":0,"publisher":{"@id":"https:\/\/www.gastonballiot.fr\/#\/schema\/person\/244a5e02696abd8a65c5b1bebdb948ca"},"image":{"@id":"https:\/\/www.gastonballiot.fr\/?p=11955#primaryimage"},"thumbnailUrl":"https:\/\/www.gastonballiot.fr\/wp-content\/uploads\/2024\/01\/SteleBzhFachosOuestFrance24janv24.jpg","keywords":["BZH","Extr\u00eame droite","mafia bretonne","memoire","nazisme"],"articleSection":["A la une","D\u00e9mocratie","Nazillons bretons"],"inLanguage":"fr-FR","potentialAction":[{"@type":"CommentAction","name":"Comment","target":["https:\/\/www.gastonballiot.fr\/?p=11955#respond"]}]},{"@type":"WebPage","@id":"https:\/\/www.gastonballiot.fr\/?p=11955","url":"https:\/\/www.gastonballiot.fr\/?p=11955","name":"Des nazillons existent donc toujours dans le mouvement autonomiste breton - Le blog politique de Gaston","isPartOf":{"@id":"https:\/\/www.gastonballiot.fr\/#website"},"primaryImageOfPage":{"@id":"https:\/\/www.gastonballiot.fr\/?p=11955#primaryimage"},"image":{"@id":"https:\/\/www.gastonballiot.fr\/?p=11955#primaryimage"},"thumbnailUrl":"https:\/\/www.gastonballiot.fr\/wp-content\/uploads\/2024\/01\/SteleBzhFachosOuestFrance24janv24.jpg","datePublished":"2024-01-20T14:44:43+00:00","dateModified":"2025-10-28T09:52:51+00:00","breadcrumb":{"@id":"https:\/\/www.gastonballiot.fr\/?p=11955#breadcrumb"},"inLanguage":"fr-FR","potentialAction":[{"@type":"ReadAction","target":["https:\/\/www.gastonballiot.fr\/?p=11955"]}]},{"@type":"ImageObject","inLanguage":"fr-FR","@id":"https:\/\/www.gastonballiot.fr\/?p=11955#primaryimage","url":"https:\/\/i0.wp.com\/www.gastonballiot.fr\/wp-content\/uploads\/2024\/01\/SteleBzhFachosOuestFrance24janv24.jpg?fit=622%2C720&ssl=1","contentUrl":"https:\/\/i0.wp.com\/www.gastonballiot.fr\/wp-content\/uploads\/2024\/01\/SteleBzhFachosOuestFrance24janv24.jpg?fit=622%2C720&ssl=1","width":622,"height":720},{"@type":"BreadcrumbList","@id":"https:\/\/www.gastonballiot.fr\/?p=11955#breadcrumb","itemListElement":[{"@type":"ListItem","position":1,"name":"Accueil","item":"https:\/\/www.gastonballiot.fr\/"},{"@type":"ListItem","position":2,"name":"Des nazillons existent donc toujours dans le mouvement autonomiste breton"}]},{"@type":"WebSite","@id":"https:\/\/www.gastonballiot.fr\/#website","url":"https:\/\/www.gastonballiot.fr\/","name":"Le blog politique de Gaston","description":"L&#039;humain d&#039;abord, pas la finance !","publisher":{"@id":"https:\/\/www.gastonballiot.fr\/#\/schema\/person\/244a5e02696abd8a65c5b1bebdb948ca"},"potentialAction":[{"@type":"SearchAction","target":{"@type":"EntryPoint","urlTemplate":"https:\/\/www.gastonballiot.fr\/?s={search_term_string}"},"query-input":{"@type":"PropertyValueSpecification","valueRequired":true,"valueName":"search_term_string"}}],"inLanguage":"fr-FR"},{"@type":["Person","Organization"],"@id":"https:\/\/www.gastonballiot.fr\/#\/schema\/person\/244a5e02696abd8a65c5b1bebdb948ca","name":"gb","image":{"@type":"ImageObject","inLanguage":"fr-FR","@id":"https:\/\/i0.wp.com\/www.gastonballiot.fr\/wp-content\/uploads\/2017\/04\/cropped-Marianne-drapeau-rouge.gif?fit=512%2C512&ssl=1","url":"https:\/\/i0.wp.com\/www.gastonballiot.fr\/wp-content\/uploads\/2017\/04\/cropped-Marianne-drapeau-rouge.gif?fit=512%2C512&ssl=1","contentUrl":"https:\/\/i0.wp.com\/www.gastonballiot.fr\/wp-content\/uploads\/2017\/04\/cropped-Marianne-drapeau-rouge.gif?fit=512%2C512&ssl=1","width":512,"height":512,"caption":"gb"},"logo":{"@id":"https:\/\/i0.wp.com\/www.gastonballiot.fr\/wp-content\/uploads\/2017\/04\/cropped-Marianne-drapeau-rouge.gif?fit=512%2C512&ssl=1"},"description":"Gaston Balliot, militant du Front de Gauche en pays bigouden - Pont L'Abb\u00e9 - Loctudy - Guilvinec - Penmarc'h - Ile Tudy - Combrit Ste Marine - Tr\u00e9meoc - Plon\u00e9our, p\u00eache tourisme","sameAs":["https:\/\/www.facebook.com\/gaston.balliot\/"]}]}},"jetpack_featured_media_url":"","jetpack_shortlink":"https:\/\/wp.me\/p5UTaD-36P","jetpack-related-posts":[],"jetpack_likes_enabled":true,"jetpack_sharing_enabled":true,"_links":{"self":[{"href":"https:\/\/www.gastonballiot.fr\/index.php?rest_route=\/wp\/v2\/posts\/11955","targetHints":{"allow":["GET"]}}],"collection":[{"href":"https:\/\/www.gastonballiot.fr\/index.php?rest_route=\/wp\/v2\/posts"}],"about":[{"href":"https:\/\/www.gastonballiot.fr\/index.php?rest_route=\/wp\/v2\/types\/post"}],"author":[{"embeddable":true,"href":"https:\/\/www.gastonballiot.fr\/index.php?rest_route=\/wp\/v2\/users\/1"}],"replies":[{"embeddable":true,"href":"https:\/\/www.gastonballiot.fr\/index.php?rest_route=%2Fwp%2Fv2%2Fcomments&post=11955"}],"version-history":[{"count":7,"href":"https:\/\/www.gastonballiot.fr\/index.php?rest_route=\/wp\/v2\/posts\/11955\/revisions"}],"predecessor-version":[{"id":15069,"href":"https:\/\/www.gastonballiot.fr\/index.php?rest_route=\/wp\/v2\/posts\/11955\/revisions\/15069"}],"wp:attachment":[{"href":"https:\/\/www.gastonballiot.fr\/index.php?rest_route=%2Fwp%2Fv2%2Fmedia&parent=11955"}],"wp:term":[{"taxonomy":"category","embeddable":true,"href":"https:\/\/www.gastonballiot.fr\/index.php?rest_route=%2Fwp%2Fv2%2Fcategories&post=11955"},{"taxonomy":"post_tag","embeddable":true,"href":"https:\/\/www.gastonballiot.fr\/index.php?rest_route=%2Fwp%2Fv2%2Ftags&post=11955"}],"curies":[{"name":"wp","href":"https:\/\/api.w.org\/{rel}","templated":true}]}}