{"id":12389,"date":"2024-06-17T09:20:30","date_gmt":"2024-06-17T07:20:30","guid":{"rendered":"https:\/\/www.gastonballiot.fr\/?p=12389"},"modified":"2024-06-27T15:05:50","modified_gmt":"2024-06-27T13:05:50","slug":"nouveau-front-populaire-un-immense-espoir","status":"publish","type":"post","link":"https:\/\/www.gastonballiot.fr\/?p=12389","title":{"rendered":"Nouveau Front Populaire, un immense espoir.."},"content":{"rendered":"<p>C\u2019est avec enthousiasme que nous accueillons la constitution du Nouveau Front Populaire sur un programme de rupture qui r\u00e9pond aux enjeux sociaux et \u00e9cologistes de la p\u00e9riode. Ce vent d\u2019espoir qui se l\u00e8ve nous engage et nous \u0153uvrerons \u00e0 la victoire et \u00e0 la d\u00e9faite de l\u2019Extr\u00e8me droite en soutenant les candidats de ce nouveau Front Populairee dynamique unitaire. La p\u00e9riode est cruciale. Et m\u00eame si dans votre circonscription le candidat n&rsquo;est pas celui que vous auriez pr\u00e9f\u00e9r\u00e9, nous faisons n\u00f4tres ces vers d\u2019Aragon : <em>\u00ab Quand les bl\u00e9s sont sous la gr\u00eale\/ Fou qui fait le d\u00e9licat\/ Fou qui songe \u00e0 ses querelles\/ Au coeur du commun combat \u00bb.<\/em><\/p>\n<h1 style=\"text-align: center;\"><a href=\"https:\/\/assets.nationbuilder.com\/pcf\/pages\/20091\/attachments\/original\/1718381909\/PROGRAMME_FRONT_POPULAIRE_V6.pdf?1718381909\" target=\"_blank\" rel=\"noopener\">Le programme complet du Front Populaire<\/a><\/h1>\n<p><a href=\"https:\/\/i0.wp.com\/www.gastonballiot.fr\/wp-content\/uploads\/2024\/06\/NouveauFrontPopu.jpg?ssl=1\"><img data-recalc-dims=\"1\" loading=\"lazy\" decoding=\"async\" data-attachment-id=\"12391\" data-permalink=\"https:\/\/www.gastonballiot.fr\/?attachment_id=12391#main\" data-orig-file=\"https:\/\/i0.wp.com\/www.gastonballiot.fr\/wp-content\/uploads\/2024\/06\/NouveauFrontPopu.jpg?fit=1079%2C360&amp;ssl=1\" data-orig-size=\"1079,360\" data-comments-opened=\"0\" data-image-meta=\"{&quot;aperture&quot;:&quot;0&quot;,&quot;credit&quot;:&quot;&quot;,&quot;camera&quot;:&quot;&quot;,&quot;caption&quot;:&quot;&quot;,&quot;created_timestamp&quot;:&quot;0&quot;,&quot;copyright&quot;:&quot;&quot;,&quot;focal_length&quot;:&quot;0&quot;,&quot;iso&quot;:&quot;0&quot;,&quot;shutter_speed&quot;:&quot;0&quot;,&quot;title&quot;:&quot;&quot;,&quot;orientation&quot;:&quot;0&quot;}\" data-image-title=\"NouveauFrontPopu\" data-image-description=\"\" data-image-caption=\"\" data-medium-file=\"https:\/\/i0.wp.com\/www.gastonballiot.fr\/wp-content\/uploads\/2024\/06\/NouveauFrontPopu.jpg?fit=300%2C100&amp;ssl=1\" data-large-file=\"https:\/\/i0.wp.com\/www.gastonballiot.fr\/wp-content\/uploads\/2024\/06\/NouveauFrontPopu.jpg?fit=1024%2C342&amp;ssl=1\" class=\"alignnone wp-image-12391 size-full\" src=\"https:\/\/i0.wp.com\/www.gastonballiot.fr\/wp-content\/uploads\/2024\/06\/NouveauFrontPopu.jpg?resize=1079%2C360&#038;ssl=1\" alt=\"\" width=\"1079\" height=\"360\" srcset=\"https:\/\/i0.wp.com\/www.gastonballiot.fr\/wp-content\/uploads\/2024\/06\/NouveauFrontPopu.jpg?w=1079&amp;ssl=1 1079w, https:\/\/i0.wp.com\/www.gastonballiot.fr\/wp-content\/uploads\/2024\/06\/NouveauFrontPopu.jpg?resize=300%2C100&amp;ssl=1 300w, https:\/\/i0.wp.com\/www.gastonballiot.fr\/wp-content\/uploads\/2024\/06\/NouveauFrontPopu.jpg?resize=1024%2C342&amp;ssl=1 1024w, https:\/\/i0.wp.com\/www.gastonballiot.fr\/wp-content\/uploads\/2024\/06\/NouveauFrontPopu.jpg?resize=768%2C256&amp;ssl=1 768w\" sizes=\"auto, (max-width: 1079px) 100vw, 1079px\" \/><\/a><\/p>\n<p><strong>Pr\u00e9ambule au programme :<\/strong><\/p>\n<p>Le Nouveau Front Populaire rassemble des femmes et des hommes<br \/>\nissus d\u2019organisations politiques, syndicales, associatives et<br \/>\ncitoyennes qui s\u2019unissent pour construire un programme de rupture<br \/>\navec la politique d\u2019Emmanuel Macron, r\u00e9pondant aux urgences<br \/>\nsociales, \u00e9cologiques, d\u00e9mocratiques et pour la paix.<br \/>\nNous combattons le projet raciste et de casse sociale de l\u2019extr\u00eame<br \/>\ndroite et voulons l\u2019emp\u00eacher d\u2019arriver au pouvoir.<br \/>\nNous refusons les attaques contre nos libert\u00e9s d\u00e9mocratiques<br \/>\net la r\u00e9pression vis \u00e0 vis des forces sociales et associatives,<br \/>\nparticuli\u00e8rement bafou\u00e9es ces derni\u00e8res ann\u00e9es.<br \/>\nNous luttons contre la multiplication des discours de haine et<br \/>\ncontre la prolif\u00e9ration des menaces et des violences qui ab\u00eement<br \/>\nnotre d\u00e9mocratie.<br \/>\nC\u2019est pourquoi notre majorit\u00e9 et nos parlementaires s\u2019engagent<br \/>\n\u00e0 porter ces principes \u00e9thiques tout au long de la mandature<br \/>\nen refusant la diffusion de fausses informations, la calomnie,<br \/>\nle cyberharc\u00e8lement, et les incitations \u00e0 la haine, y compris sur<br \/>\ninternet.<br \/>\nEn donnant une majorit\u00e9 de d\u00e9put\u00e9s au Nouveau Front Populaire,<br \/>\nles Fran\u00e7aises et les Fran\u00e7ais \u00e9criront une nouvelle page de<br \/>\nl\u2019histoire de France.<br \/>\nLes 30 juin et 7 juillet, votez pour le Nouveau Front Populaire<\/p>\n<hr>\n<hr>\n<p>Le Nouveau Front Populaire est en place. Plusieurs dizaines d&rsquo;associations ainsi que les syndicats y adh\u00e8rent.<\/p>\n<p><a href=\"https:\/\/i0.wp.com\/www.gastonballiot.fr\/wp-content\/uploads\/2024\/06\/Thuram.jpg?ssl=1\"><img data-recalc-dims=\"1\" loading=\"lazy\" decoding=\"async\" data-attachment-id=\"12397\" data-permalink=\"https:\/\/www.gastonballiot.fr\/?attachment_id=12397#main\" data-orig-file=\"https:\/\/i0.wp.com\/www.gastonballiot.fr\/wp-content\/uploads\/2024\/06\/Thuram.jpg?fit=1080%2C1350&amp;ssl=1\" data-orig-size=\"1080,1350\" data-comments-opened=\"0\" data-image-meta=\"{&quot;aperture&quot;:&quot;0&quot;,&quot;credit&quot;:&quot;&quot;,&quot;camera&quot;:&quot;&quot;,&quot;caption&quot;:&quot;&quot;,&quot;created_timestamp&quot;:&quot;0&quot;,&quot;copyright&quot;:&quot;&quot;,&quot;focal_length&quot;:&quot;0&quot;,&quot;iso&quot;:&quot;0&quot;,&quot;shutter_speed&quot;:&quot;0&quot;,&quot;title&quot;:&quot;&quot;,&quot;orientation&quot;:&quot;0&quot;}\" data-image-title=\"Thuram\" data-image-description=\"\" data-image-caption=\"\" data-medium-file=\"https:\/\/i0.wp.com\/www.gastonballiot.fr\/wp-content\/uploads\/2024\/06\/Thuram.jpg?fit=240%2C300&amp;ssl=1\" data-large-file=\"https:\/\/i0.wp.com\/www.gastonballiot.fr\/wp-content\/uploads\/2024\/06\/Thuram.jpg?fit=819%2C1024&amp;ssl=1\" class=\"aligncenter wp-image-12397 \" src=\"https:\/\/i0.wp.com\/www.gastonballiot.fr\/wp-content\/uploads\/2024\/06\/Thuram.jpg?resize=287%2C359&#038;ssl=1\" alt=\"\" width=\"287\" height=\"359\" srcset=\"https:\/\/i0.wp.com\/www.gastonballiot.fr\/wp-content\/uploads\/2024\/06\/Thuram.jpg?resize=240%2C300&amp;ssl=1 240w, https:\/\/i0.wp.com\/www.gastonballiot.fr\/wp-content\/uploads\/2024\/06\/Thuram.jpg?resize=819%2C1024&amp;ssl=1 819w, https:\/\/i0.wp.com\/www.gastonballiot.fr\/wp-content\/uploads\/2024\/06\/Thuram.jpg?resize=768%2C960&amp;ssl=1 768w, https:\/\/i0.wp.com\/www.gastonballiot.fr\/wp-content\/uploads\/2024\/06\/Thuram.jpg?w=1080&amp;ssl=1 1080w\" sizes=\"auto, (max-width: 287px) 100vw, 287px\" \/><\/a><\/p>\n<p><a href=\"https:\/\/i0.wp.com\/www.gastonballiot.fr\/wp-content\/uploads\/2024\/06\/edito.jpg?ssl=1\"><img data-recalc-dims=\"1\" loading=\"lazy\" decoding=\"async\" data-attachment-id=\"12399\" data-permalink=\"https:\/\/www.gastonballiot.fr\/?attachment_id=12399#main\" data-orig-file=\"https:\/\/i0.wp.com\/www.gastonballiot.fr\/wp-content\/uploads\/2024\/06\/edito.jpg?fit=395%2C619&amp;ssl=1\" data-orig-size=\"395,619\" data-comments-opened=\"0\" data-image-meta=\"{&quot;aperture&quot;:&quot;0&quot;,&quot;credit&quot;:&quot;&quot;,&quot;camera&quot;:&quot;&quot;,&quot;caption&quot;:&quot;&quot;,&quot;created_timestamp&quot;:&quot;0&quot;,&quot;copyright&quot;:&quot;&quot;,&quot;focal_length&quot;:&quot;0&quot;,&quot;iso&quot;:&quot;0&quot;,&quot;shutter_speed&quot;:&quot;0&quot;,&quot;title&quot;:&quot;&quot;,&quot;orientation&quot;:&quot;0&quot;}\" data-image-title=\"edito\" data-image-description=\"\" data-image-caption=\"\" data-medium-file=\"https:\/\/i0.wp.com\/www.gastonballiot.fr\/wp-content\/uploads\/2024\/06\/edito.jpg?fit=191%2C300&amp;ssl=1\" data-large-file=\"https:\/\/i0.wp.com\/www.gastonballiot.fr\/wp-content\/uploads\/2024\/06\/edito.jpg?fit=395%2C619&amp;ssl=1\" class=\"aligncenter wp-image-12399 size-full\" src=\"https:\/\/i0.wp.com\/www.gastonballiot.fr\/wp-content\/uploads\/2024\/06\/edito.jpg?resize=395%2C619&#038;ssl=1\" alt=\"\" width=\"395\" height=\"619\" srcset=\"https:\/\/i0.wp.com\/www.gastonballiot.fr\/wp-content\/uploads\/2024\/06\/edito.jpg?w=395&amp;ssl=1 395w, https:\/\/i0.wp.com\/www.gastonballiot.fr\/wp-content\/uploads\/2024\/06\/edito.jpg?resize=191%2C300&amp;ssl=1 191w\" sizes=\"auto, (max-width: 395px) 100vw, 395px\" \/><\/a><\/p>\n<h1>&#8212;&#8212;&#8212;&#8212;&#8212;&#8212;&#8212;&#8212;&#8212;&#8212;&#8212;&#8212;&#8212;&#8212;&#8212;-<\/h1>\n<p>De jour en jour, l\u2019espoir grandit \u00e0 mesure que s\u2019agr\u00e8gent les soutiens autour du&nbsp;Nouveau Front populaire. D\u2019abord unis pour mobiliser face \u00e0 l\u2019extr\u00eame droite, des&nbsp;syndicats, associations, artistes, intellectuels, citoyens s\u2019engagent en faveur du programme sur lequel toute la gauche s\u2019est accord\u00e9e. Oxfam, la CNL, le Planning familial, l\u2019Union \u00e9tudiante, Greenpeace\u2026 se reconnaissent dans les propositions mises sur la table et sont pr\u00eates \u00e0 mettre la pression pour que les promesses soient tenues. Face \u00e0 la gravit\u00e9 de la menace, la CGT a &#8211; fait exceptionnel &#8211;&nbsp;officiellement appel\u00e9 \u00e0 voter pour le NFP ce mardi.<\/p>\n<p>Et cette dynamique qui, en \u00e9cho \u00e0 1936, se construit et d\u00e9passe le simple accord partisan est peut-\u00eatre bien ce qui rend la macronie si f\u00e9brile. Au point que, non contente de renvoyer dos \u00e0 dos la gauche et l\u2019extr\u00eame droite dont elle reprend les mots, elle pilonne sans discontinuer&nbsp;le programme du NFP. Entre autres cataclysmes, Bruno Le&nbsp;Maire s\u2019emploie \u00e0 promettre la \u00ab&nbsp;mise sous tutelle de la France par Bruxelles et le FMI&nbsp;\u00bb. La d\u00e9put\u00e9e PS Val\u00e9rie Rabault ou l\u2019\u00e9conomiste Julia Cag\u00e9 lui ont bien propos\u00e9 un d\u00e9bat pour ramener ses fantasmes \u00e0 la r\u00e9alit\u00e9 d\u2019un projet financ\u00e9 par la justice fiscale. Pas de r\u00e9ponse.<\/p>\n<p>En attendant, le mouvement continue. Tous les jours des milliers de citoyens m\u00e8nent campagne aux c\u00f4t\u00e9s des candidats du NFP. Dimanche, les f\u00e9ministes appellent \u00e0 battre le pav\u00e9. D\u00e8s jeudi \u2013 alors que Bardella rencontrera le Medef -, \u00ab&nbsp;la CGT appelle les travailleuses et les travailleurs \u00e0 multiplier les actions de gr\u00e8ve sur leurs lieux de travail pour faire aboutir leurs revendications&nbsp;\u00bb. De la rue aux urnes.<\/p>\n<p>D\u2019ici-l\u00e0, suivez en direct sur l\u2019Humanite.fr tous les \u00e9v\u00e9nements de cette campagne l\u00e9gislative hors norme et retrouvez les infos qui font l\u2019actu de ce mercredi. \u00c0 commencer par Emmanuel Macron qui juge \u00ab&nbsp;ubuesque&nbsp;\u00bb les changements \u00ab&nbsp;de sexe en mairie&nbsp;\u00bb, enfourchant ainsi la bataille transphobe de l\u2019extr\u00eame droite, l\u2019arrestation de militants et d\u2019une journaliste de Blast lors d\u2019une action contre l\u2019envoi d\u2019armes en Isra\u00ebl ou encore l\u2019affaire de viol et d\u2019agression antis\u00e9mite de Courbevoie.<br \/>\nJulia Hamlaoui,&nbsp; cheffe&nbsp;de service de L&rsquo;Humatinale<br \/>\n\u00ad<\/p>\n<p><a href=\"https:\/\/i0.wp.com\/www.gastonballiot.fr\/wp-content\/uploads\/2024\/06\/EstherDuflo.jpg?ssl=1\"><img data-recalc-dims=\"1\" loading=\"lazy\" decoding=\"async\" data-attachment-id=\"12413\" data-permalink=\"https:\/\/www.gastonballiot.fr\/?attachment_id=12413#main\" data-orig-file=\"https:\/\/i0.wp.com\/www.gastonballiot.fr\/wp-content\/uploads\/2024\/06\/EstherDuflo.jpg?fit=1080%2C1596&amp;ssl=1\" data-orig-size=\"1080,1596\" data-comments-opened=\"0\" data-image-meta=\"{&quot;aperture&quot;:&quot;0&quot;,&quot;credit&quot;:&quot;&quot;,&quot;camera&quot;:&quot;&quot;,&quot;caption&quot;:&quot;&quot;,&quot;created_timestamp&quot;:&quot;0&quot;,&quot;copyright&quot;:&quot;&quot;,&quot;focal_length&quot;:&quot;0&quot;,&quot;iso&quot;:&quot;0&quot;,&quot;shutter_speed&quot;:&quot;0&quot;,&quot;title&quot;:&quot;&quot;,&quot;orientation&quot;:&quot;0&quot;}\" data-image-title=\"EstherDuflo\" data-image-description=\"\" data-image-caption=\"\" data-medium-file=\"https:\/\/i0.wp.com\/www.gastonballiot.fr\/wp-content\/uploads\/2024\/06\/EstherDuflo.jpg?fit=203%2C300&amp;ssl=1\" data-large-file=\"https:\/\/i0.wp.com\/www.gastonballiot.fr\/wp-content\/uploads\/2024\/06\/EstherDuflo.jpg?fit=693%2C1024&amp;ssl=1\" class=\"aligncenter wp-image-12413 size-large\" src=\"https:\/\/i0.wp.com\/www.gastonballiot.fr\/wp-content\/uploads\/2024\/06\/EstherDuflo.jpg?resize=693%2C1024&#038;ssl=1\" alt=\"\" width=\"693\" height=\"1024\" srcset=\"https:\/\/i0.wp.com\/www.gastonballiot.fr\/wp-content\/uploads\/2024\/06\/EstherDuflo.jpg?resize=693%2C1024&amp;ssl=1 693w, https:\/\/i0.wp.com\/www.gastonballiot.fr\/wp-content\/uploads\/2024\/06\/EstherDuflo.jpg?resize=203%2C300&amp;ssl=1 203w, https:\/\/i0.wp.com\/www.gastonballiot.fr\/wp-content\/uploads\/2024\/06\/EstherDuflo.jpg?resize=768%2C1135&amp;ssl=1 768w, https:\/\/i0.wp.com\/www.gastonballiot.fr\/wp-content\/uploads\/2024\/06\/EstherDuflo.jpg?resize=1039%2C1536&amp;ssl=1 1039w, https:\/\/i0.wp.com\/www.gastonballiot.fr\/wp-content\/uploads\/2024\/06\/EstherDuflo.jpg?w=1080&amp;ssl=1 1080w\" sizes=\"auto, (max-width: 693px) 100vw, 693px\" \/><\/a><\/p>\n<hr>\n<h1><a href=\"https:\/\/i0.wp.com\/www.gastonballiot.fr\/wp-content\/uploads\/2024\/06\/chifresNFP.jpg?ssl=1\"><img data-recalc-dims=\"1\" loading=\"lazy\" decoding=\"async\" data-attachment-id=\"12416\" data-permalink=\"https:\/\/www.gastonballiot.fr\/?attachment_id=12416#main\" data-orig-file=\"https:\/\/i0.wp.com\/www.gastonballiot.fr\/wp-content\/uploads\/2024\/06\/chifresNFP.jpg?fit=680%2C960&amp;ssl=1\" data-orig-size=\"680,960\" data-comments-opened=\"0\" data-image-meta=\"{&quot;aperture&quot;:&quot;0&quot;,&quot;credit&quot;:&quot;&quot;,&quot;camera&quot;:&quot;&quot;,&quot;caption&quot;:&quot;&quot;,&quot;created_timestamp&quot;:&quot;0&quot;,&quot;copyright&quot;:&quot;&quot;,&quot;focal_length&quot;:&quot;0&quot;,&quot;iso&quot;:&quot;0&quot;,&quot;shutter_speed&quot;:&quot;0&quot;,&quot;title&quot;:&quot;&quot;,&quot;orientation&quot;:&quot;0&quot;}\" data-image-title=\"chifresNFP\" data-image-description=\"\" data-image-caption=\"\" data-medium-file=\"https:\/\/i0.wp.com\/www.gastonballiot.fr\/wp-content\/uploads\/2024\/06\/chifresNFP.jpg?fit=213%2C300&amp;ssl=1\" data-large-file=\"https:\/\/i0.wp.com\/www.gastonballiot.fr\/wp-content\/uploads\/2024\/06\/chifresNFP.jpg?fit=680%2C960&amp;ssl=1\" class=\"aligncenter wp-image-12416 size-full\" src=\"https:\/\/i0.wp.com\/www.gastonballiot.fr\/wp-content\/uploads\/2024\/06\/chifresNFP.jpg?resize=680%2C960&#038;ssl=1\" alt=\"\" width=\"680\" height=\"960\" srcset=\"https:\/\/i0.wp.com\/www.gastonballiot.fr\/wp-content\/uploads\/2024\/06\/chifresNFP.jpg?w=680&amp;ssl=1 680w, https:\/\/i0.wp.com\/www.gastonballiot.fr\/wp-content\/uploads\/2024\/06\/chifresNFP.jpg?resize=213%2C300&amp;ssl=1 213w\" sizes=\"auto, (max-width: 680px) 100vw, 680px\" \/><\/a><\/h1>\n<h1 class=\"field-sep-24 h1-big\">Face \u00e0 l\u2019extr\u00eame droite, le front populaire !<\/h1>\n<p><a href=\"https:\/\/i0.wp.com\/www.gastonballiot.fr\/wp-content\/uploads\/2024\/06\/ImpostureSocialeRNsyndicats.jpeg?ssl=1\"><img data-recalc-dims=\"1\" loading=\"lazy\" decoding=\"async\" data-attachment-id=\"12404\" data-permalink=\"https:\/\/www.gastonballiot.fr\/?attachment_id=12404#main\" data-orig-file=\"https:\/\/i0.wp.com\/www.gastonballiot.fr\/wp-content\/uploads\/2024\/06\/ImpostureSocialeRNsyndicats.jpeg?fit=707%2C1024&amp;ssl=1\" data-orig-size=\"707,1024\" data-comments-opened=\"0\" data-image-meta=\"{&quot;aperture&quot;:&quot;0&quot;,&quot;credit&quot;:&quot;&quot;,&quot;camera&quot;:&quot;&quot;,&quot;caption&quot;:&quot;&quot;,&quot;created_timestamp&quot;:&quot;0&quot;,&quot;copyright&quot;:&quot;&quot;,&quot;focal_length&quot;:&quot;0&quot;,&quot;iso&quot;:&quot;0&quot;,&quot;shutter_speed&quot;:&quot;0&quot;,&quot;title&quot;:&quot;&quot;,&quot;orientation&quot;:&quot;0&quot;}\" data-image-title=\"ImpostureSocialeRNsyndicats\" data-image-description=\"\" data-image-caption=\"\" data-medium-file=\"https:\/\/i0.wp.com\/www.gastonballiot.fr\/wp-content\/uploads\/2024\/06\/ImpostureSocialeRNsyndicats.jpeg?fit=207%2C300&amp;ssl=1\" data-large-file=\"https:\/\/i0.wp.com\/www.gastonballiot.fr\/wp-content\/uploads\/2024\/06\/ImpostureSocialeRNsyndicats.jpeg?fit=707%2C1024&amp;ssl=1\" class=\"aligncenter size-full wp-image-12404\" src=\"https:\/\/i0.wp.com\/www.gastonballiot.fr\/wp-content\/uploads\/2024\/06\/ImpostureSocialeRNsyndicats.jpeg?resize=707%2C1024&#038;ssl=1\" alt=\"\" width=\"707\" height=\"1024\" srcset=\"https:\/\/i0.wp.com\/www.gastonballiot.fr\/wp-content\/uploads\/2024\/06\/ImpostureSocialeRNsyndicats.jpeg?w=707&amp;ssl=1 707w, https:\/\/i0.wp.com\/www.gastonballiot.fr\/wp-content\/uploads\/2024\/06\/ImpostureSocialeRNsyndicats.jpeg?resize=207%2C300&amp;ssl=1 207w\" sizes=\"auto, (max-width: 707px) 100vw, 707px\" \/><\/a><\/p>\n<p><a href=\"https:\/\/www.cgt.fr\/actualites\/france\/extreme-droite\/kit-militant-contre-lextreme-droite\" target=\"_blank\" rel=\"noopener\">Des arguments de la CGT contre l&rsquo;extr\u00e8me droite<\/a><\/p>\n<p><a href=\"https:\/\/www.gastonballiot.fr\/?p=12362\" target=\"_blank\" rel=\"noopener\">Mon article pr\u00e9c\u00e9dent<\/a><\/p>\n<p style=\"text-align: center;\"><strong>************************************************************************<\/strong><\/p>\n<h2><strong>Et ailleurs en Europe :<\/strong><br \/>\n<strong>Le point avec Francis Wurtz, ancien pr\u00e9sident du groupe de Gauche au Parlement europ\u00e9en<\/strong><\/h2>\n<div class=\"html-div xe8uvvx xdj266r x11i5rnm xat24cr x1mh8g0r xexx8yu x4uap5 x18d9i69 xkhd6sd\">\n<div class=\"html-div xe8uvvx xdj266r x11i5rnm xat24cr x1mh8g0r xexx8yu x4uap5 x18d9i69 xkhd6sd\" dir=\"auto\">\n<div id=\":rn0:\" class=\"x1iorvi4 x1pi30zi x1swvt13 xjkvuk6\" data-ad-comet-preview=\"message\" data-ad-preview=\"message\">\n<div class=\"x78zum5 xdt5ytf xz62fqu x16ldp7u\">\n<div class=\"xu06os2 x1ok221b\">\n<div class=\"xdj266r x11i5rnm xat24cr x1mh8g0r x1vvkbs x126k92a\">\n<div dir=\"auto\">LE NOUVEAU \u00ab FRONT POPULAIRE \u00bb SUIVI DE PR\u00c8S EN EUROPE<\/div>\n<\/div>\n<div class=\"x11i5rnm xat24cr x1mh8g0r x1vvkbs xtlvy1s x126k92a\">\n<div dir=\"auto\">La d\u00e9ferlante d&rsquo;extr\u00eame-droite a touch\u00e9 une bonne partie de l&rsquo;Union europ\u00e9enne, \u00e0 la notable exception des pays scandinaves. Le cas de la Su\u00e8de est particuli\u00e8rement int\u00e9ressant. Les mal nomm\u00e9s \u00ab D\u00e9mocrates de Su\u00e8de \u00bb -un parti d&rsquo;origine n\u00e9onazie et adepte de la th\u00e9orie x\u00e9nophobe du \u00ab grand remplacement \u00bb- sont, avec 13,2%, en recul pour la premi\u00e8re fois depuis la cr\u00e9ation de ce parti il y a 36 ans ! \u00c0 l&rsquo;inverse, le Parti de gauche de notre ami Jonas Sj\u00f6stedt (+4,2%, \u00e0 11%) et les Verts (qui, avec leurs 13,8%, d\u00e9passent d\u00e9sormais l\u2019extr\u00eame-droite) sont les vainqueurs de ce scrutin. Cette lueur d&rsquo;espoir se confirme au Danemark, o\u00f9 le \u00ab Parti du peuple danois \u00bb, d&rsquo;extr\u00eame-droite, s\u2019effondre \u00e0 6,4% (contre 26,6% il y a 10 ans), tandis que la formation nationaliste concurrente, les \u00ab D\u00e9mocrates danois \u00bb, recule \u00e0 son tour. Il est int\u00e9ressant de noter que le z\u00e8le anti-immigration de la Premi\u00e8re ministre sociale-d\u00e9mocrate n&rsquo;a pas \u00e9t\u00e9 payant : avec 15,6%, son parti enregistre le pire r\u00e9sultat de son histoire depuis plus de 125 ans et se fait d\u00e9passer par le \u00ab Parti populaire socialiste \u00bb, de gauche (17,4%, en progression de 4,2% sur 2019). Sc\u00e9nario analogue en Finlande, o\u00f9 les \u00ab Vrais Finlandais \u00bb, qui si\u00e8gent au Parlement europ\u00e9en aux c\u00f4t\u00e9s des \u00ab Fr\u00e8res d&rsquo;Italie \u00bb de Giorgia Meloni, recueillent 7,6%, perdant 6,2% sur 2019 et 12,4 % sur les l\u00e9gislatives de 2023, tandis que \u00ab l&rsquo;Alliance de gauche \u00bb fait un bond en avant remarquable de 10,4%, d\u00e9passant, avec 17,3%, les sociaux-d\u00e9mocrates. Des exp\u00e9riences \u00e0 \u00e9tudier attentivement\u2026<\/div>\n<\/div>\n<div class=\"x11i5rnm xat24cr x1mh8g0r x1vvkbs xtlvy1s x126k92a\">\n<div dir=\"auto\">Le reste de l&rsquo;Europe n&rsquo;a, en revanche, pas \u00e9chapp\u00e9, certes dans des proportions in\u00e9gales, \u00e0 la dangereuse pouss\u00e9e brune. En Italie, Giorgia Meloni peut se targuer de sortir de ce scrutin avec \u00ab le gouvernement le plus fort de tous \u00bb. En Espagne, non seulement les ultras de \u00ab Vox \u00bb, h\u00e9ritiers du franquisme, se renforcent comme troisi\u00e8me force du pays, certes \u00e0 un \u00e9tiage encore limit\u00e9 (10,4%), mais un nouveau mouvement, intitul\u00e9 \u00ab la f\u00eate est finie \u00bb, dirig\u00e9 par un jeune youtubeur d&rsquo;extr\u00eame-droite (3,9%), qui se veut \u00ab un destructeur \u00bb, a fait irruption dans un paysage politique en crise. En Allemagne, l&rsquo;AfD -ouvertement raciste et nostalgique du 3\u00e8me Reich- d\u00e9passe, avec ses 15,9%, tous les partis de la coalition au pouvoir et se place en t\u00eate dans les \u00ab nouveaux L\u00e4nder \u00bb. En Autriche, le FP\u00d6 d&rsquo;extr\u00eame-droite est devenu la premi\u00e8re force politique du pays. Etc&#8230;Quant \u00e0 la France\u2026<\/div>\n<\/div>\n<div class=\"x11i5rnm xat24cr x1mh8g0r x1vvkbs xtlvy1s x126k92a\">\n<div dir=\"auto\">Dans ce contexte hautement toxique , l&rsquo;\u00e9volution rapide et inattendue de la situation, au sein des gauches fran\u00e7aises, retient l&rsquo;attention parmi les forces progressistes europ\u00e9ennes. Il y a quelques jours encore, l&rsquo;image marquante renvoy\u00e9e par Paris \u00e9tait celle d&rsquo;une extr\u00eame-droite h\u00e9g\u00e9monique -la plus importante d\u00e9l\u00e9gation nationale de tout le futur Parlement europ\u00e9en- et de plusieurs gauches divis\u00e9es sinon \u00ab irr\u00e9conciliables \u00bb. La capacit\u00e9 de celles-ci, dans toutes leurs composantes, \u00e0 prendre (enfin) la mesure du danger, \u00e0 d\u00e9passer leurs divergences et \u00e0 s&rsquo;unir sur un \u00ab programme de rupture \u00bb \u00e0 m\u00eame d&rsquo;offrir une vraie alternative a fait forte impression. Le fait que, en plus des partis, les organisations syndicales dans leur diversit\u00e9, ainsi que la Ligue des droits de l&rsquo;homme comme les principales ONG se retrouvent dans ce nouveau \u00ab Front populaire \u00bb appara\u00eet comme un \u00e9v\u00e9nement de dimension quasi-historique. Comme le note \u00ab Il Manifesto \u00bb : \u00ab La gauche a r\u00e9alis\u00e9 un exploit auquel peu de gens auraient cru il y a encore quelques jours \u00bb. Nombreux sont nos amies et amis europ\u00e9ens qui croisent les doigts. Ne les d\u00e9cevons pas !<\/div>\n<div dir=\"auto\" style=\"text-align: center;\">&nbsp;<\/div>\n<div dir=\"auto\" style=\"text-align: center;\"><a href=\"https:\/\/www.gastonballiot.fr\/wp-content\/uploads\/2024\/06\/voixpournfp.pdf\" target=\"_blank\" rel=\"noopener\">Des voix pour le Front Populaire<\/a><\/div>\n<\/div>\n<\/div>\n<\/div>\n<\/div>\n<\/div>\n<\/div>\n<div>\n<div class=\"x168nmei x13lgxp2 x30kzoy x9jhf4c x6ikm8r x10wlt62\" data-visualcompletion=\"ignore-dynamic\">\n<div>\n<div>\n<div>\n<div class=\"x1n2onr6\">\n<div class=\"x6s0dn4 xi81zsa x78zum5 x6prxxf x13a6bvl xvq8zen xdj266r xat24cr x1d52u69 xktsk01 x889kno x1a8lsjc xkhd6sd x4uap5 xdppsyt\">\n<div class=\"x6s0dn4 x78zum5 x1iyjqo2 x6ikm8r x10wlt62\">\n<div class=\"x1i10hfl x1qjc9v5 xjbqb8w xjqpnuy xa49m3k xqeqjp1 x2hbi6w x13fuv20 xu3j5b3 x1q0q8m5 x26u7qi x972fbf xcfux6l x1qhh985 xm0m39n x9f619 x1ypdohk xdl72j9 x2lah0s xe8uvvx xdj266r x11i5rnm xat24cr x1mh8g0r x2lwn1j xeuugli xexx8yu x4uap5 x18d9i69 xkhd6sd x1n2onr6 x16tdsg8 x1hl2dhg xggy1nq x1ja2u2z x1t137rt x1o1ewxj x3x9cwd x1e5q0jg x13rtm0m x3nfvp2 x1q0g3np x87ps6o x1lku1pv x1a2a7pz\" tabindex=\"0\" role=\"button\" aria-label=\"J\u2019aime&nbsp;: 17 personnes\"><img class=\"x16dsc37\" role=\"presentation\" width=\"18\" height=\"18\"><\/div>\n<div class=\"x1i10hfl x1qjc9v5 xjbqb8w xjqpnuy xa49m3k xqeqjp1 x2hbi6w x13fuv20 xu3j5b3 x1q0q8m5 x26u7qi x972fbf xcfux6l x1qhh985 xm0m39n x9f619 x1ypdohk xdl72j9 x2lah0s xe8uvvx xdj266r x11i5rnm xat24cr x1mh8g0r x2lwn1j xeuugli xexx8yu x4uap5 x18d9i69 xkhd6sd x1n2onr6 x16tdsg8 x1hl2dhg xggy1nq x1ja2u2z x1t137rt x1o1ewxj x3x9cwd x1e5q0jg x13rtm0m x3nfvp2 x1q0g3np x87ps6o x1lku1pv x1a2a7pz\" tabindex=\"0\" role=\"button\" aria-label=\"Solidaire&nbsp;: 1 personne\"><img class=\"x16dsc37\" role=\"presentation\" width=\"18\" height=\"18\"><\/div>\n<div class=\"\">\n<div class=\"x1i10hfl xjbqb8w x1ejq31n xd10rxx x1sy0etr x17r0tee x972fbf xcfux6l x1qhh985 xm0m39n x9f619 x1ypdohk xe8uvvx xdj266r x11i5rnm xat24cr x1mh8g0r xexx8yu x4uap5 x18d9i69 xkhd6sd x16tdsg8 x1hl2dhg xggy1nq x1o1ewxj x3x9cwd x1e5q0jg x13rtm0m x1n2onr6 x87ps6o x1lku1pv x1a2a7pz x1heor9g xnl1qt8 x6ikm8r x10wlt62 x1vjfegm x1lliihq\" tabindex=\"0\" role=\"button\">\n<div class=\"x9f619 x1ja2u2z xzpqnlu x1hyvwdk x14bfe9o xjm9jq1 x6ikm8r x10wlt62 x10l6tqk x1i1rx1s\">Toutes les r\u00e9actions&nbsp;:<\/div>\n<p><span class=\"xrbpyxo x6ikm8r x10wlt62 xlyipyv x1exxlbk\" aria-hidden=\"true\"><span class=\"xt0b8zv x1e558r4\">18<\/span><\/span><span class=\"xt0b8zv x2bj2ny xrbpyxo xl423tq\"><span class=\"x1e558r4\">18<\/span><\/span><\/p>\n<\/div>\n<\/div>\n<\/div>\n<div class=\"x1c4vz4f x2lah0s xci0xqf\">&nbsp;<\/div>\n<div class=\"x9f619 x1n2onr6 x1ja2u2z x78zum5 x2lah0s x1qughib x1qjc9v5 xozqiw3 x1q0g3np xykv574 xbmpl8g x4cne27 xifccgj\">&nbsp;<\/div>\n<\/div>\n<\/div>\n<\/div>\n<\/div>\n<\/div>\n<\/div>\n<\/div>\n<p>&nbsp;<\/p>\n","protected":false},"excerpt":{"rendered":"<p>C\u2019est avec enthousiasme que nous accueillons la constitution du Nouveau Front Populaire sur un programme de rupture qui r\u00e9pond aux enjeux sociaux et \u00e9cologistes de la p\u00e9riode. Ce vent d\u2019espoir qui se l\u00e8ve nous engage et nous \u0153uvrerons \u00e0 la victoire et \u00e0 la d\u00e9faite de l\u2019Extr\u00e8me droite en soutenant les candidats de ce nouveau Front Populairee dynamique unitaire. La p\u00e9riode est cruciale. Et m\u00eame si dans votre circonscription le candidat n&rsquo;est pas celui que vous auriez pr\u00e9f\u00e9r\u00e9, nous faisons n\u00f4tres &#8230; <a title=\"Nouveau Front Populaire, un immense espoir..\" class=\"read-more\" href=\"https:\/\/www.gastonballiot.fr\/?p=12389\" aria-label=\"Plus sur Nouveau Front Populaire, un immense espoir..\">Lire la suite&#8230;<\/a><\/p>\n","protected":false},"author":1,"featured_media":12390,"comment_status":"closed","ping_status":"closed","sticky":false,"template":"","format":"standard","meta":{"ngg_post_thumbnail":0,"jetpack_post_was_ever_published":false,"_jetpack_newsletter_access":"","_jetpack_dont_email_post_to_subs":false,"_jetpack_newsletter_tier_id":0,"_jetpack_memberships_contains_paywalled_content":false,"_jetpack_memberships_contains_paid_content":false,"footnotes":"","jetpack_publicize_message":"","jetpack_publicize_feature_enabled":true,"jetpack_social_post_already_shared":false,"jetpack_social_options":{"image_generator_settings":{"template":"highway","enabled":false},"version":2}},"categories":[2,5,14,16],"tags":[32,311,67],"class_list":["post-12389","post","type-post","status-publish","format-standard","has-post-thumbnail","hentry","category-a-la-une","category-democratie","category-propositions","category-social","tag-election","tag-front-populaire","tag-gauche","infinite-scroll-item","masonry-post","generate-columns","tablet-grid-50","mobile-grid-100","grid-parent","grid-33"],"jetpack_publicize_connections":[],"yoast_head":"<!-- This site is optimized with the Yoast SEO plugin v27.5 - https:\/\/yoast.com\/product\/yoast-seo-wordpress\/ -->\n<title>Nouveau Front Populaire, un immense espoir.. - Le blog politique de Gaston<\/title>\n<meta name=\"robots\" content=\"index, follow, max-snippet:-1, max-image-preview:large, max-video-preview:-1\" \/>\n<link rel=\"canonical\" href=\"https:\/\/www.gastonballiot.fr\/?p=12389\" \/>\n<meta property=\"og:locale\" content=\"fr_FR\" \/>\n<meta property=\"og:type\" content=\"article\" \/>\n<meta property=\"og:title\" content=\"Nouveau Front Populaire, un immense espoir.. - Le blog politique de Gaston\" \/>\n<meta property=\"og:description\" content=\"C\u2019est avec enthousiasme que nous accueillons la constitution du Nouveau Front Populaire sur un programme de rupture qui r\u00e9pond aux enjeux sociaux et \u00e9cologistes de la p\u00e9riode. Ce vent d\u2019espoir qui se l\u00e8ve nous engage et nous \u0153uvrerons \u00e0 la victoire et \u00e0 la d\u00e9faite de l\u2019Extr\u00e8me droite en soutenant les candidats de ce nouveau Front Populairee dynamique unitaire. La p\u00e9riode est cruciale. Et m\u00eame si dans votre circonscription le candidat n&rsquo;est pas celui que vous auriez pr\u00e9f\u00e9r\u00e9, nous faisons n\u00f4tres ... Lire la suite...\" \/>\n<meta property=\"og:url\" content=\"https:\/\/www.gastonballiot.fr\/?p=12389\" \/>\n<meta property=\"og:site_name\" content=\"Le blog politique de Gaston\" \/>\n<meta property=\"article:publisher\" content=\"https:\/\/www.facebook.com\/gaston.balliot\/\" \/>\n<meta property=\"article:author\" content=\"https:\/\/www.facebook.com\/gaston.balliot\/\" \/>\n<meta property=\"article:published_time\" content=\"2024-06-17T07:20:30+00:00\" \/>\n<meta property=\"article:modified_time\" content=\"2024-06-27T13:05:50+00:00\" \/>\n<meta property=\"og:image\" content=\"https:\/\/www.gastonballiot.fr\/wp-content\/uploads\/2024\/06\/FrontPopulaire.jpg\" \/>\n\t<meta property=\"og:image:width\" content=\"1166\" \/>\n\t<meta property=\"og:image:height\" content=\"471\" \/>\n\t<meta property=\"og:image:type\" content=\"image\/jpeg\" \/>\n<meta name=\"author\" content=\"gb\" \/>\n<meta name=\"twitter:card\" content=\"summary_large_image\" \/>\n<meta name=\"twitter:label1\" content=\"\u00c9crit par\" \/>\n\t<meta name=\"twitter:data1\" content=\"gb\" \/>\n\t<meta name=\"twitter:label2\" content=\"Dur\u00e9e de lecture estim\u00e9e\" \/>\n\t<meta name=\"twitter:data2\" content=\"9 minutes\" \/>\n<script type=\"application\/ld+json\" class=\"yoast-schema-graph\">{\"@context\":\"https:\\\/\\\/schema.org\",\"@graph\":[{\"@type\":\"Article\",\"@id\":\"https:\\\/\\\/www.gastonballiot.fr\\\/?p=12389#article\",\"isPartOf\":{\"@id\":\"https:\\\/\\\/www.gastonballiot.fr\\\/?p=12389\"},\"author\":{\"name\":\"gb\",\"@id\":\"https:\\\/\\\/www.gastonballiot.fr\\\/#\\\/schema\\\/person\\\/244a5e02696abd8a65c5b1bebdb948ca\"},\"headline\":\"Nouveau Front Populaire, un immense espoir..\",\"datePublished\":\"2024-06-17T07:20:30+00:00\",\"dateModified\":\"2024-06-27T13:05:50+00:00\",\"mainEntityOfPage\":{\"@id\":\"https:\\\/\\\/www.gastonballiot.fr\\\/?p=12389\"},\"wordCount\":1437,\"publisher\":{\"@id\":\"https:\\\/\\\/www.gastonballiot.fr\\\/#\\\/schema\\\/person\\\/244a5e02696abd8a65c5b1bebdb948ca\"},\"image\":{\"@id\":\"https:\\\/\\\/www.gastonballiot.fr\\\/?p=12389#primaryimage\"},\"thumbnailUrl\":\"https:\\\/\\\/i0.wp.com\\\/www.gastonballiot.fr\\\/wp-content\\\/uploads\\\/2024\\\/06\\\/FrontPopulaire.jpg?fit=1166%2C471&ssl=1\",\"keywords\":[\"\u00e9lection\",\"Front populaire\",\"gauche\"],\"articleSection\":[\"A la une\",\"D\u00e9mocratie\",\"Propositions\",\"Social\"],\"inLanguage\":\"fr-FR\"},{\"@type\":\"WebPage\",\"@id\":\"https:\\\/\\\/www.gastonballiot.fr\\\/?p=12389\",\"url\":\"https:\\\/\\\/www.gastonballiot.fr\\\/?p=12389\",\"name\":\"Nouveau Front Populaire, un immense espoir.. - Le blog politique de Gaston\",\"isPartOf\":{\"@id\":\"https:\\\/\\\/www.gastonballiot.fr\\\/#website\"},\"primaryImageOfPage\":{\"@id\":\"https:\\\/\\\/www.gastonballiot.fr\\\/?p=12389#primaryimage\"},\"image\":{\"@id\":\"https:\\\/\\\/www.gastonballiot.fr\\\/?p=12389#primaryimage\"},\"thumbnailUrl\":\"https:\\\/\\\/i0.wp.com\\\/www.gastonballiot.fr\\\/wp-content\\\/uploads\\\/2024\\\/06\\\/FrontPopulaire.jpg?fit=1166%2C471&ssl=1\",\"datePublished\":\"2024-06-17T07:20:30+00:00\",\"dateModified\":\"2024-06-27T13:05:50+00:00\",\"breadcrumb\":{\"@id\":\"https:\\\/\\\/www.gastonballiot.fr\\\/?p=12389#breadcrumb\"},\"inLanguage\":\"fr-FR\",\"potentialAction\":[{\"@type\":\"ReadAction\",\"target\":[\"https:\\\/\\\/www.gastonballiot.fr\\\/?p=12389\"]}]},{\"@type\":\"ImageObject\",\"inLanguage\":\"fr-FR\",\"@id\":\"https:\\\/\\\/www.gastonballiot.fr\\\/?p=12389#primaryimage\",\"url\":\"https:\\\/\\\/i0.wp.com\\\/www.gastonballiot.fr\\\/wp-content\\\/uploads\\\/2024\\\/06\\\/FrontPopulaire.jpg?fit=1166%2C471&ssl=1\",\"contentUrl\":\"https:\\\/\\\/i0.wp.com\\\/www.gastonballiot.fr\\\/wp-content\\\/uploads\\\/2024\\\/06\\\/FrontPopulaire.jpg?fit=1166%2C471&ssl=1\",\"width\":1166,\"height\":471},{\"@type\":\"BreadcrumbList\",\"@id\":\"https:\\\/\\\/www.gastonballiot.fr\\\/?p=12389#breadcrumb\",\"itemListElement\":[{\"@type\":\"ListItem\",\"position\":1,\"name\":\"Accueil\",\"item\":\"https:\\\/\\\/www.gastonballiot.fr\\\/\"},{\"@type\":\"ListItem\",\"position\":2,\"name\":\"Nouveau Front Populaire, un immense espoir..\"}]},{\"@type\":\"WebSite\",\"@id\":\"https:\\\/\\\/www.gastonballiot.fr\\\/#website\",\"url\":\"https:\\\/\\\/www.gastonballiot.fr\\\/\",\"name\":\"Le blog politique de Gaston\",\"description\":\"L&#039;humain d&#039;abord, pas la finance !\",\"publisher\":{\"@id\":\"https:\\\/\\\/www.gastonballiot.fr\\\/#\\\/schema\\\/person\\\/244a5e02696abd8a65c5b1bebdb948ca\"},\"potentialAction\":[{\"@type\":\"SearchAction\",\"target\":{\"@type\":\"EntryPoint\",\"urlTemplate\":\"https:\\\/\\\/www.gastonballiot.fr\\\/?s={search_term_string}\"},\"query-input\":{\"@type\":\"PropertyValueSpecification\",\"valueRequired\":true,\"valueName\":\"search_term_string\"}}],\"inLanguage\":\"fr-FR\"},{\"@type\":[\"Person\",\"Organization\"],\"@id\":\"https:\\\/\\\/www.gastonballiot.fr\\\/#\\\/schema\\\/person\\\/244a5e02696abd8a65c5b1bebdb948ca\",\"name\":\"gb\",\"image\":{\"@type\":\"ImageObject\",\"inLanguage\":\"fr-FR\",\"@id\":\"https:\\\/\\\/i0.wp.com\\\/www.gastonballiot.fr\\\/wp-content\\\/uploads\\\/2017\\\/04\\\/cropped-Marianne-drapeau-rouge.gif?fit=512%2C512&ssl=1\",\"url\":\"https:\\\/\\\/i0.wp.com\\\/www.gastonballiot.fr\\\/wp-content\\\/uploads\\\/2017\\\/04\\\/cropped-Marianne-drapeau-rouge.gif?fit=512%2C512&ssl=1\",\"contentUrl\":\"https:\\\/\\\/i0.wp.com\\\/www.gastonballiot.fr\\\/wp-content\\\/uploads\\\/2017\\\/04\\\/cropped-Marianne-drapeau-rouge.gif?fit=512%2C512&ssl=1\",\"width\":512,\"height\":512,\"caption\":\"gb\"},\"logo\":{\"@id\":\"https:\\\/\\\/i0.wp.com\\\/www.gastonballiot.fr\\\/wp-content\\\/uploads\\\/2017\\\/04\\\/cropped-Marianne-drapeau-rouge.gif?fit=512%2C512&ssl=1\"},\"description\":\"Gaston Balliot, militant du Front de Gauche en pays bigouden - Pont L'Abb\u00e9 - Loctudy - Guilvinec - Penmarc'h - Ile Tudy - Combrit Ste Marine - Tr\u00e9meoc - Plon\u00e9our, p\u00eache tourisme\",\"sameAs\":[\"https:\\\/\\\/www.facebook.com\\\/gaston.balliot\\\/\"]}]}<\/script>\n<!-- \/ Yoast SEO plugin. -->","yoast_head_json":{"title":"Nouveau Front Populaire, un immense espoir.. - Le blog politique de Gaston","robots":{"index":"index","follow":"follow","max-snippet":"max-snippet:-1","max-image-preview":"max-image-preview:large","max-video-preview":"max-video-preview:-1"},"canonical":"https:\/\/www.gastonballiot.fr\/?p=12389","og_locale":"fr_FR","og_type":"article","og_title":"Nouveau Front Populaire, un immense espoir.. - Le blog politique de Gaston","og_description":"C\u2019est avec enthousiasme que nous accueillons la constitution du Nouveau Front Populaire sur un programme de rupture qui r\u00e9pond aux enjeux sociaux et \u00e9cologistes de la p\u00e9riode. Ce vent d\u2019espoir qui se l\u00e8ve nous engage et nous \u0153uvrerons \u00e0 la victoire et \u00e0 la d\u00e9faite de l\u2019Extr\u00e8me droite en soutenant les candidats de ce nouveau Front Populairee dynamique unitaire. La p\u00e9riode est cruciale. Et m\u00eame si dans votre circonscription le candidat n&rsquo;est pas celui que vous auriez pr\u00e9f\u00e9r\u00e9, nous faisons n\u00f4tres ... Lire la suite...","og_url":"https:\/\/www.gastonballiot.fr\/?p=12389","og_site_name":"Le blog politique de Gaston","article_publisher":"https:\/\/www.facebook.com\/gaston.balliot\/","article_author":"https:\/\/www.facebook.com\/gaston.balliot\/","article_published_time":"2024-06-17T07:20:30+00:00","article_modified_time":"2024-06-27T13:05:50+00:00","og_image":[{"width":1166,"height":471,"url":"https:\/\/www.gastonballiot.fr\/wp-content\/uploads\/2024\/06\/FrontPopulaire.jpg","type":"image\/jpeg"}],"author":"gb","twitter_card":"summary_large_image","twitter_misc":{"\u00c9crit par":"gb","Dur\u00e9e de lecture estim\u00e9e":"9 minutes"},"schema":{"@context":"https:\/\/schema.org","@graph":[{"@type":"Article","@id":"https:\/\/www.gastonballiot.fr\/?p=12389#article","isPartOf":{"@id":"https:\/\/www.gastonballiot.fr\/?p=12389"},"author":{"name":"gb","@id":"https:\/\/www.gastonballiot.fr\/#\/schema\/person\/244a5e02696abd8a65c5b1bebdb948ca"},"headline":"Nouveau Front Populaire, un immense espoir..","datePublished":"2024-06-17T07:20:30+00:00","dateModified":"2024-06-27T13:05:50+00:00","mainEntityOfPage":{"@id":"https:\/\/www.gastonballiot.fr\/?p=12389"},"wordCount":1437,"publisher":{"@id":"https:\/\/www.gastonballiot.fr\/#\/schema\/person\/244a5e02696abd8a65c5b1bebdb948ca"},"image":{"@id":"https:\/\/www.gastonballiot.fr\/?p=12389#primaryimage"},"thumbnailUrl":"https:\/\/i0.wp.com\/www.gastonballiot.fr\/wp-content\/uploads\/2024\/06\/FrontPopulaire.jpg?fit=1166%2C471&ssl=1","keywords":["\u00e9lection","Front populaire","gauche"],"articleSection":["A la une","D\u00e9mocratie","Propositions","Social"],"inLanguage":"fr-FR"},{"@type":"WebPage","@id":"https:\/\/www.gastonballiot.fr\/?p=12389","url":"https:\/\/www.gastonballiot.fr\/?p=12389","name":"Nouveau Front Populaire, un immense espoir.. - Le blog politique de Gaston","isPartOf":{"@id":"https:\/\/www.gastonballiot.fr\/#website"},"primaryImageOfPage":{"@id":"https:\/\/www.gastonballiot.fr\/?p=12389#primaryimage"},"image":{"@id":"https:\/\/www.gastonballiot.fr\/?p=12389#primaryimage"},"thumbnailUrl":"https:\/\/i0.wp.com\/www.gastonballiot.fr\/wp-content\/uploads\/2024\/06\/FrontPopulaire.jpg?fit=1166%2C471&ssl=1","datePublished":"2024-06-17T07:20:30+00:00","dateModified":"2024-06-27T13:05:50+00:00","breadcrumb":{"@id":"https:\/\/www.gastonballiot.fr\/?p=12389#breadcrumb"},"inLanguage":"fr-FR","potentialAction":[{"@type":"ReadAction","target":["https:\/\/www.gastonballiot.fr\/?p=12389"]}]},{"@type":"ImageObject","inLanguage":"fr-FR","@id":"https:\/\/www.gastonballiot.fr\/?p=12389#primaryimage","url":"https:\/\/i0.wp.com\/www.gastonballiot.fr\/wp-content\/uploads\/2024\/06\/FrontPopulaire.jpg?fit=1166%2C471&ssl=1","contentUrl":"https:\/\/i0.wp.com\/www.gastonballiot.fr\/wp-content\/uploads\/2024\/06\/FrontPopulaire.jpg?fit=1166%2C471&ssl=1","width":1166,"height":471},{"@type":"BreadcrumbList","@id":"https:\/\/www.gastonballiot.fr\/?p=12389#breadcrumb","itemListElement":[{"@type":"ListItem","position":1,"name":"Accueil","item":"https:\/\/www.gastonballiot.fr\/"},{"@type":"ListItem","position":2,"name":"Nouveau Front Populaire, un immense espoir.."}]},{"@type":"WebSite","@id":"https:\/\/www.gastonballiot.fr\/#website","url":"https:\/\/www.gastonballiot.fr\/","name":"Le blog politique de Gaston","description":"L&#039;humain d&#039;abord, pas la finance !","publisher":{"@id":"https:\/\/www.gastonballiot.fr\/#\/schema\/person\/244a5e02696abd8a65c5b1bebdb948ca"},"potentialAction":[{"@type":"SearchAction","target":{"@type":"EntryPoint","urlTemplate":"https:\/\/www.gastonballiot.fr\/?s={search_term_string}"},"query-input":{"@type":"PropertyValueSpecification","valueRequired":true,"valueName":"search_term_string"}}],"inLanguage":"fr-FR"},{"@type":["Person","Organization"],"@id":"https:\/\/www.gastonballiot.fr\/#\/schema\/person\/244a5e02696abd8a65c5b1bebdb948ca","name":"gb","image":{"@type":"ImageObject","inLanguage":"fr-FR","@id":"https:\/\/i0.wp.com\/www.gastonballiot.fr\/wp-content\/uploads\/2017\/04\/cropped-Marianne-drapeau-rouge.gif?fit=512%2C512&ssl=1","url":"https:\/\/i0.wp.com\/www.gastonballiot.fr\/wp-content\/uploads\/2017\/04\/cropped-Marianne-drapeau-rouge.gif?fit=512%2C512&ssl=1","contentUrl":"https:\/\/i0.wp.com\/www.gastonballiot.fr\/wp-content\/uploads\/2017\/04\/cropped-Marianne-drapeau-rouge.gif?fit=512%2C512&ssl=1","width":512,"height":512,"caption":"gb"},"logo":{"@id":"https:\/\/i0.wp.com\/www.gastonballiot.fr\/wp-content\/uploads\/2017\/04\/cropped-Marianne-drapeau-rouge.gif?fit=512%2C512&ssl=1"},"description":"Gaston Balliot, militant du Front de Gauche en pays bigouden - Pont L'Abb\u00e9 - Loctudy - Guilvinec - Penmarc'h - Ile Tudy - Combrit Ste Marine - Tr\u00e9meoc - Plon\u00e9our, p\u00eache tourisme","sameAs":["https:\/\/www.facebook.com\/gaston.balliot\/"]}]}},"jetpack_featured_media_url":"https:\/\/i0.wp.com\/www.gastonballiot.fr\/wp-content\/uploads\/2024\/06\/FrontPopulaire.jpg?fit=1166%2C471&ssl=1","jetpack_shortlink":"https:\/\/wp.me\/p5UTaD-3dP","jetpack-related-posts":[],"jetpack_likes_enabled":true,"jetpack_sharing_enabled":true,"_links":{"self":[{"href":"https:\/\/www.gastonballiot.fr\/index.php?rest_route=\/wp\/v2\/posts\/12389","targetHints":{"allow":["GET"]}}],"collection":[{"href":"https:\/\/www.gastonballiot.fr\/index.php?rest_route=\/wp\/v2\/posts"}],"about":[{"href":"https:\/\/www.gastonballiot.fr\/index.php?rest_route=\/wp\/v2\/types\/post"}],"author":[{"embeddable":true,"href":"https:\/\/www.gastonballiot.fr\/index.php?rest_route=\/wp\/v2\/users\/1"}],"replies":[{"embeddable":true,"href":"https:\/\/www.gastonballiot.fr\/index.php?rest_route=%2Fwp%2Fv2%2Fcomments&post=12389"}],"version-history":[{"count":22,"href":"https:\/\/www.gastonballiot.fr\/index.php?rest_route=\/wp\/v2\/posts\/12389\/revisions"}],"predecessor-version":[{"id":12458,"href":"https:\/\/www.gastonballiot.fr\/index.php?rest_route=\/wp\/v2\/posts\/12389\/revisions\/12458"}],"wp:featuredmedia":[{"embeddable":true,"href":"https:\/\/www.gastonballiot.fr\/index.php?rest_route=\/wp\/v2\/media\/12390"}],"wp:attachment":[{"href":"https:\/\/www.gastonballiot.fr\/index.php?rest_route=%2Fwp%2Fv2%2Fmedia&parent=12389"}],"wp:term":[{"taxonomy":"category","embeddable":true,"href":"https:\/\/www.gastonballiot.fr\/index.php?rest_route=%2Fwp%2Fv2%2Fcategories&post=12389"},{"taxonomy":"post_tag","embeddable":true,"href":"https:\/\/www.gastonballiot.fr\/index.php?rest_route=%2Fwp%2Fv2%2Ftags&post=12389"}],"curies":[{"name":"wp","href":"https:\/\/api.w.org\/{rel}","templated":true}]}}