{"id":12420,"date":"2024-06-21T15:50:15","date_gmt":"2024-06-21T13:50:15","guid":{"rendered":"https:\/\/www.gastonballiot.fr\/?p=12420"},"modified":"2024-06-25T17:50:08","modified_gmt":"2024-06-25T15:50:08","slug":"financer-le-programme-du-nouveau-front-populaire","status":"publish","type":"post","link":"https:\/\/www.gastonballiot.fr\/?p=12420","title":{"rendered":"Financer le programme du Nouveau Front populaire"},"content":{"rendered":"<p>Macron : 7 ans que ce m\u00e9prisant de la R\u00e9publique, ce pr\u00e9sident des riches, a les pleins pouvoirs (<em>\u00e0 cause d&rsquo;une constitution qu&rsquo;il faut changer)<\/em>. En 7 ans on a eu la casse sociale, la mont\u00e9e de la pauvret\u00e9 et de la pr\u00e9carit\u00e9, une gestion calamiteuse des finances de l&rsquo;Etat, la prise de pouvoir par la finance et le gavage des ultra riches.<\/p>\n<p><a href=\"https:\/\/i0.wp.com\/www.gastonballiot.fr\/wp-content\/uploads\/2022\/12\/Wolinski.jpg?ssl=1\"><img data-recalc-dims=\"1\" loading=\"lazy\" decoding=\"async\" data-attachment-id=\"10992\" data-permalink=\"https:\/\/www.gastonballiot.fr\/?attachment_id=10992#main\" data-orig-file=\"https:\/\/i0.wp.com\/www.gastonballiot.fr\/wp-content\/uploads\/2022\/12\/Wolinski.jpg?fit=640%2C640&amp;ssl=1\" data-orig-size=\"640,640\" data-comments-opened=\"1\" data-image-meta=\"{&quot;aperture&quot;:&quot;0&quot;,&quot;credit&quot;:&quot;&quot;,&quot;camera&quot;:&quot;&quot;,&quot;caption&quot;:&quot;&quot;,&quot;created_timestamp&quot;:&quot;0&quot;,&quot;copyright&quot;:&quot;&quot;,&quot;focal_length&quot;:&quot;0&quot;,&quot;iso&quot;:&quot;0&quot;,&quot;shutter_speed&quot;:&quot;0&quot;,&quot;title&quot;:&quot;&quot;,&quot;orientation&quot;:&quot;0&quot;}\" data-image-title=\"Wolinski\" data-image-description=\"\" data-image-caption=\"\" data-medium-file=\"https:\/\/i0.wp.com\/www.gastonballiot.fr\/wp-content\/uploads\/2022\/12\/Wolinski.jpg?fit=300%2C300&amp;ssl=1\" data-large-file=\"https:\/\/i0.wp.com\/www.gastonballiot.fr\/wp-content\/uploads\/2022\/12\/Wolinski.jpg?fit=640%2C640&amp;ssl=1\" class=\"aligncenter wp-image-10992 size-full\" src=\"https:\/\/i0.wp.com\/www.gastonballiot.fr\/wp-content\/uploads\/2022\/12\/Wolinski.jpg?resize=640%2C640&#038;ssl=1\" alt=\"\" width=\"640\" height=\"640\" srcset=\"https:\/\/i0.wp.com\/www.gastonballiot.fr\/wp-content\/uploads\/2022\/12\/Wolinski.jpg?w=640&amp;ssl=1 640w, https:\/\/i0.wp.com\/www.gastonballiot.fr\/wp-content\/uploads\/2022\/12\/Wolinski.jpg?resize=300%2C300&amp;ssl=1 300w, https:\/\/i0.wp.com\/www.gastonballiot.fr\/wp-content\/uploads\/2022\/12\/Wolinski.jpg?resize=150%2C150&amp;ssl=1 150w\" sizes=\"auto, (max-width: 640px) 100vw, 640px\" \/><\/a><\/p>\n<h2 style=\"text-align: center;\"><a href=\"https:\/\/assets.nationbuilder.com\/pcf\/pages\/20091\/attachments\/original\/1718381909\/PROGRAMME_FRONT_POPULAIRE_V6.pdf?1718381909\" target=\"_blank\" rel=\"noopener\">le programme du Nouveau Front Populaire<\/a><\/h2>\n<p>Les droites et extr\u00eames droites ainsi que leurs m\u00e9dias nous matraquent leur slogan \u00ab\u00a0ils vont ruiner la france\u00a0\u00bb\u00a0\u00bb&nbsp; et pr\u00e9s=tendent que le financement de notre programme est impossible..C&rsquo;est absolument faux.<\/p>\n<p>Le financement a \u00e9t\u00e9 chiffr\u00e9 et approuv\u00e9 et approuv\u00e9 par de nombreux \u00e9conomistes dont Thomas Piketty et le prix Nobel d&rsquo;\u00e9conomie&nbsp; Esther Duflo.<a href=\"https:\/\/i0.wp.com\/www.gastonballiot.fr\/wp-content\/uploads\/2024\/06\/economistes.jpg?ssl=1\"><img data-recalc-dims=\"1\" loading=\"lazy\" decoding=\"async\" data-attachment-id=\"12427\" data-permalink=\"https:\/\/www.gastonballiot.fr\/?attachment_id=12427#main\" data-orig-file=\"https:\/\/i0.wp.com\/www.gastonballiot.fr\/wp-content\/uploads\/2024\/06\/economistes.jpg?fit=689%2C960&amp;ssl=1\" data-orig-size=\"689,960\" data-comments-opened=\"0\" data-image-meta=\"{&quot;aperture&quot;:&quot;0&quot;,&quot;credit&quot;:&quot;&quot;,&quot;camera&quot;:&quot;&quot;,&quot;caption&quot;:&quot;&quot;,&quot;created_timestamp&quot;:&quot;0&quot;,&quot;copyright&quot;:&quot;&quot;,&quot;focal_length&quot;:&quot;0&quot;,&quot;iso&quot;:&quot;0&quot;,&quot;shutter_speed&quot;:&quot;0&quot;,&quot;title&quot;:&quot;&quot;,&quot;orientation&quot;:&quot;0&quot;}\" data-image-title=\"economistes\" data-image-description=\"\" data-image-caption=\"\" data-medium-file=\"https:\/\/i0.wp.com\/www.gastonballiot.fr\/wp-content\/uploads\/2024\/06\/economistes.jpg?fit=215%2C300&amp;ssl=1\" data-large-file=\"https:\/\/i0.wp.com\/www.gastonballiot.fr\/wp-content\/uploads\/2024\/06\/economistes.jpg?fit=689%2C960&amp;ssl=1\" class=\"aligncenter size-full wp-image-12427\" src=\"https:\/\/i0.wp.com\/www.gastonballiot.fr\/wp-content\/uploads\/2024\/06\/economistes.jpg?resize=689%2C960&#038;ssl=1\" alt=\"\" width=\"689\" height=\"960\" srcset=\"https:\/\/i0.wp.com\/www.gastonballiot.fr\/wp-content\/uploads\/2024\/06\/economistes.jpg?w=689&amp;ssl=1 689w, https:\/\/i0.wp.com\/www.gastonballiot.fr\/wp-content\/uploads\/2024\/06\/economistes.jpg?resize=215%2C300&amp;ssl=1 215w\" sizes=\"auto, (max-width: 689px) 100vw, 689px\" \/><\/a><\/p>\n<p style=\"text-align: center;\"><strong>On estime \u00e0 environ 100&nbsp; milliards (100 \u00e0 120) le co\u00fbt du programme<\/strong><br \/>\n.<em> (toutes les donn\u00e9es seront ici exprim\u00e9es en milliards d&rsquo;euros par an)<\/em><\/p>\n<p>De l&rsquo;argent il y en a ! Il suffit de le prendre l\u00e8 o\u00f9 il est, c&rsquo;est \u00e0 dire de r\u00e9partir autrement les richesses.<br \/>\nil faut augmenter les recettes afin d&rsquo;augmenter la d\u00e9pense publiques. Pour plus de justice et pour que les Frn\u00e7ais vivent dignement. Les moyens existent et le financement est pr\u00e9vu dans le programme.<\/p>\n<p><strong>Quelques chiffres :&nbsp;<\/strong><\/p>\n<p>Dividendes vers\u00e9s aux actionnaires<br class=\"html-br\">2003 = 14 milliards<br class=\"html-br\">2013 = 34 milliards<br class=\"html-br\">2023 = 73 milliards<\/p>\n<p><a href=\"https:\/\/i0.wp.com\/www.gastonballiot.fr\/wp-content\/uploads\/2024\/06\/CAC40profits.jpg?ssl=1\"><img data-recalc-dims=\"1\" loading=\"lazy\" decoding=\"async\" data-attachment-id=\"12428\" data-permalink=\"https:\/\/www.gastonballiot.fr\/?attachment_id=12428#main\" data-orig-file=\"https:\/\/i0.wp.com\/www.gastonballiot.fr\/wp-content\/uploads\/2024\/06\/CAC40profits.jpg?fit=1092%2C1054&amp;ssl=1\" data-orig-size=\"1092,1054\" data-comments-opened=\"0\" data-image-meta=\"{&quot;aperture&quot;:&quot;0&quot;,&quot;credit&quot;:&quot;&quot;,&quot;camera&quot;:&quot;&quot;,&quot;caption&quot;:&quot;&quot;,&quot;created_timestamp&quot;:&quot;0&quot;,&quot;copyright&quot;:&quot;&quot;,&quot;focal_length&quot;:&quot;0&quot;,&quot;iso&quot;:&quot;0&quot;,&quot;shutter_speed&quot;:&quot;0&quot;,&quot;title&quot;:&quot;&quot;,&quot;orientation&quot;:&quot;0&quot;}\" data-image-title=\"CAC40profits\" data-image-description=\"\" data-image-caption=\"\" data-medium-file=\"https:\/\/i0.wp.com\/www.gastonballiot.fr\/wp-content\/uploads\/2024\/06\/CAC40profits.jpg?fit=300%2C290&amp;ssl=1\" data-large-file=\"https:\/\/i0.wp.com\/www.gastonballiot.fr\/wp-content\/uploads\/2024\/06\/CAC40profits.jpg?fit=1024%2C988&amp;ssl=1\" class=\"aligncenter size-full wp-image-12428\" src=\"https:\/\/i0.wp.com\/www.gastonballiot.fr\/wp-content\/uploads\/2024\/06\/CAC40profits.jpg?resize=1092%2C1054&#038;ssl=1\" alt=\"\" width=\"1092\" height=\"1054\" srcset=\"https:\/\/i0.wp.com\/www.gastonballiot.fr\/wp-content\/uploads\/2024\/06\/CAC40profits.jpg?w=1092&amp;ssl=1 1092w, https:\/\/i0.wp.com\/www.gastonballiot.fr\/wp-content\/uploads\/2024\/06\/CAC40profits.jpg?resize=300%2C290&amp;ssl=1 300w, https:\/\/i0.wp.com\/www.gastonballiot.fr\/wp-content\/uploads\/2024\/06\/CAC40profits.jpg?resize=1024%2C988&amp;ssl=1 1024w, https:\/\/i0.wp.com\/www.gastonballiot.fr\/wp-content\/uploads\/2024\/06\/CAC40profits.jpg?resize=768%2C741&amp;ssl=1 768w\" sizes=\"auto, (max-width: 1092px) 100vw, 1092px\" \/><\/a><\/p>\n<ul>\n<li>150 milliards de profits du CAC40 en 2023<\/li>\n<li>170 milliards de cadeaux aux grandes entreprises<\/li>\n<li>100 milliards d&rsquo;\u00e9vasion fiscale<\/li>\n<li>1200 milliards la fortune des 500 famillles les plus riches, soit 4 fois le budget de la France<\/li>\n<\/ul>\n<p><a href=\"https:\/\/i0.wp.com\/www.gastonballiot.fr\/wp-content\/uploads\/2024\/06\/chifresNFP.jpg?ssl=1\"><img data-recalc-dims=\"1\" loading=\"lazy\" decoding=\"async\" data-attachment-id=\"12416\" data-permalink=\"https:\/\/www.gastonballiot.fr\/?attachment_id=12416#main\" data-orig-file=\"https:\/\/i0.wp.com\/www.gastonballiot.fr\/wp-content\/uploads\/2024\/06\/chifresNFP.jpg?fit=680%2C960&amp;ssl=1\" data-orig-size=\"680,960\" data-comments-opened=\"0\" data-image-meta=\"{&quot;aperture&quot;:&quot;0&quot;,&quot;credit&quot;:&quot;&quot;,&quot;camera&quot;:&quot;&quot;,&quot;caption&quot;:&quot;&quot;,&quot;created_timestamp&quot;:&quot;0&quot;,&quot;copyright&quot;:&quot;&quot;,&quot;focal_length&quot;:&quot;0&quot;,&quot;iso&quot;:&quot;0&quot;,&quot;shutter_speed&quot;:&quot;0&quot;,&quot;title&quot;:&quot;&quot;,&quot;orientation&quot;:&quot;0&quot;}\" data-image-title=\"chifresNFP\" data-image-description=\"\" data-image-caption=\"\" data-medium-file=\"https:\/\/i0.wp.com\/www.gastonballiot.fr\/wp-content\/uploads\/2024\/06\/chifresNFP.jpg?fit=213%2C300&amp;ssl=1\" data-large-file=\"https:\/\/i0.wp.com\/www.gastonballiot.fr\/wp-content\/uploads\/2024\/06\/chifresNFP.jpg?fit=680%2C960&amp;ssl=1\" class=\"aligncenter wp-image-12416 size-medium\" src=\"https:\/\/i0.wp.com\/www.gastonballiot.fr\/wp-content\/uploads\/2024\/06\/chifresNFP.jpg?resize=213%2C300&#038;ssl=1\" alt=\"\" width=\"213\" height=\"300\" srcset=\"https:\/\/i0.wp.com\/www.gastonballiot.fr\/wp-content\/uploads\/2024\/06\/chifresNFP.jpg?resize=213%2C300&amp;ssl=1 213w, https:\/\/i0.wp.com\/www.gastonballiot.fr\/wp-content\/uploads\/2024\/06\/chifresNFP.jpg?w=680&amp;ssl=1 680w\" sizes=\"auto, (max-width: 213px) 100vw, 213px\" \/><\/a><\/p>\n<p>Pour augmenter les recettes notre programme propose entre autres :<\/p>\n<ul>\n<li>r\u00e9tablissement de l&rsquo;ISF, imp\u00f4t sur la fortune, avec une progressivit\u00e9 accrue (les plus gros paierons davantage)<\/li>\n<li>cr\u00e9ation d&rsquo;une taxe sur les transactions financi\u00e8res<\/li>\n<li>suppression des exon\u00e9rations abusives sur les cotisations sociales<\/li>\n<li>r\u00e9forme fiscale qui rapporterait 150 milliards, avec entre autre un passage \u00e0 14 tranches de l&rsquo;imp\u00f4t sur le revenu pour le rendre plus progressif et faire payer les ultra riches<\/li>\n<\/ul>\n<p>Sans compter que la relance de l&rsquo;\u00e9conomie produira un suppl\u00e9ment important de recettes.<\/p>\n<p>Fabien Roussel: non le monde du travail ne paiera pas plus d\u2019imp\u00f4ts, soit 92% des assujettis \u00e0 l\u2019imp\u00f4t sur le revenu. Seul 8% des plus riches participeront mieux \u00e0 l\u2019effort de solidarit\u00e9.<\/p>\n<h2 style=\"text-align: center;\"><strong><a href=\"https:\/\/www.economie-et-politique.org\/2024\/06\/18\/la-logique-economique-du-programmedu-nouveau-front-populaireet-de-son-financement\/\" target=\"_blank\" rel=\"noopener\">Des arguments dans la revue \u00c9conomie &amp; Politique<\/a><\/strong><\/h2>\n<p><strong>La r\u00e9forme des retraites<\/strong> brutale, violente, impos\u00e9e \u00e0 un peuple qui n&rsquo;en voulait pas, sera abrog\u00e9e.&nbsp;<br \/>\nSon financement d\u00e9pent des cotisations sociales.<br \/>\nLes droites et le Rassemblement Nazional proposes une baisse des cotisations dalariales et patronales, ce qui ruinerait le syst\u00e8me ainsi que la S\u00e9curit&amp; sociale.<br \/>\nil faut au contraire supprimer les exon\u00e9ration abusuves sur le grand patronat.<\/p>\n<p>La cr\u00e9ation d&#8217;emplois et la diminution du ch\u00f4mage sont des sources de recettes en diminuant le co\u00fbt du ch\u00f4mage et en augmentant les cotisations. L&rsquo;\u00e9galit\u00e9 de salaire homme\/femmes est une source importante de cotisations suppl\u00e9mentaires.<\/p>\n<p>Les entreprises du CAC40 et des GAFAM doivent payer leurs imp\u00f4ts. Par contre les PME seront aid\u00e9es \u00e0 supporter l&rsquo;augmentation du SMIC gr\u00e2ce aussi \u00e0 la cr\u00e9ation d&rsquo;un p\u00f4le public financier qui tiendra compte de leurs besoins.<\/p>\n<h2 style=\"text-align: center;\">Le chiffrage de financement du programme<\/h2>\n<p style=\"text-align: center;\">Conf\u00e9rence de presse du Nouveau Front Populaire le 21 juin 2024<br \/>\n<iframe loading=\"lazy\" title=\"Le Nouveau Front populaire d\u00e9taille le chiffrage de son programme pour les l\u00e9gislatives\" src=\"https:\/\/www.youtube.com\/embed\/rlEDFNxoS54\" width=\"640\" height=\"360\" frameborder=\"0\" allowfullscreen=\"allowfullscreen\"><\/iframe><\/p>\n<p>et aussi<\/p>\n<p><iframe loading=\"lazy\" title=\"Comment envisager de financer les mesures du Nouveau Front Populaire ?\" src=\"https:\/\/www.youtube.com\/embed\/4y4ao7T3Sq4\" width=\"640\" height=\"360\" frameborder=\"0\" allowfullscreen=\"allowfullscreen\">Et Fabien Roussel sur France Info aborde aussi ce probl\u00e8me<br \/>\n<iframe loading=\"lazy\" width=\"608\" height=\"342\" src=\"https:\/\/www.youtube.com\/embed\/0jepANy8lqQ\" title=\"Fabien Roussel invit\u00e9 de Franceinfo #NouveauFrontPopulaire\" frameborder=\"0\" allow=\"accelerometer; autoplay; clipboard-write; encrypted-media; gyroscope; picture-in-picture; web-share\" referrerpolicy=\"strict-origin-when-cross-origin\" allowfullscreen=\"allowfullscreen\"><\/iframe><\/p>\n<p>et aussi<\/p>\n<p><iframe loading=\"lazy\" title=\"Fabien Roussel invit\u00e9 de Franceinfo #NouveauFrontPopulaire\" src=\"https:\/\/www.youtube.com\/embed\/0jepANy8lqQ\" width=\"608\" height=\"342\" frameborder=\"0\" allowfullscreen=\"allowfullscreen\"><\/iframe>&nbsp;<\/p>\n<p><strong>Aider artisans et PME \u00e0 encaisser la hausse du SMIC<\/strong><br \/>\nIl s\u2019agit de r\u00e9cup\u00e9rer des recettes en imposant les multinationales, en supprimant les aides abusives (type CICE) aux grandes entreprises qui cr\u00e9ent des dividendes non justifi\u00e9s et de rediriger une partie de ces sommes vers les petites entreprises en diminuant leurs impots et en leur donnant un acc\u00e8s \u00e0 un cr\u00e9dit \u00e0 taux nul ou m\u00eame n\u00e9gatif en cass de cr\u00e9ation d\u2019emploi.<\/p>\n<p>Ces aides seront modul\u00e9e en fonction de la masse salariale.<\/p>\n<p>Le programme du NFP dit&nbsp;:<\/p>\n<p>L\u2019augmentation de 14 % du SMIC \u00e0 1600 euros net aura des effets positifs pour toute l\u2019\u00e9conomie et va remplir les carnets de commande des TPE et PME du pays. Mais dans les premiers mois, certaines d\u2019entre elles peuvent avoir besoin d\u2019\u00eatre aid\u00e9es, lorsque leurs marges sont faibles, avant que les effets vertueux de la hausse g\u00e9n\u00e9rale de salaires ne se fassent sentir. Il s\u2019agit de laisser le temps aux effets de demande accrue de se manifester positivement sur les carnets et le chiffre d\u2019affaires des PME-TPE, mais aussi de leur permettre de se transformer afin de gagner en efficacit\u00e9, d\u00e9gageant ainsi des marges de man\u0153uvre.<\/p>\n<p>&nbsp;<\/p>\n<p>Mais l\u2019effet positif sur l\u2019\u00e9conomie n\u2019arrivera qu\u2019\u00e0 moyen terme et \u00e0 court terme il est indispensable d\u2019aider les petites entreprises, ce qui est pr\u00e9vu..<\/p>\n<p>Arguments Coquerel<\/p>\n<p><a href=\"https:\/\/www.bfmtv.com\/economie\/entreprises\/eric-coquerel-nous-aiderons-les-entreprises-a-augmenter-le-smic-a-1-600-euros-net_AV-202406200375.html\" target=\"_blank\" rel=\"noopener\">https:\/\/www.bfmtv.com\/economie\/entreprises\/eric-coquerel-nous-aiderons-les-entreprises-a-augmenter-le-smic-a-1-600-euros-net_AV-202406200375.html<\/a><\/p>\n<p>Le Smic \u00e0 1&nbsp;600&nbsp;euros net (contre 1&nbsp;400&nbsp;euros aujourd\u2019hui) devra \u00e9galement \u00eatre compens\u00e9 par des mesures de soutien aux TPE-PME, qui ne pourront pas absorber la hausse de la masse salariale avec le m\u00eame confort que les multinationales&nbsp;:&nbsp;\u00ab&nbsp;Il y aura un accompagnement pour ces entreprises, avec des pr\u00eats garantis \u00e0 taux z\u00e9ro&nbsp;\u00bb, avance l\u2019\u00e9cologiste \u00c9va Sas.<\/p>\n<p>Quelques \u00e9l\u00e9ments dans la revue Economie &amp; Politique<\/p>\n<p><a href=\"https:\/\/www.economie-et-politique.org\/2024\/06\/18\/la-logique-economique-du-programmedu-nouveau-front-populaireet-de-son-financement\/\" target=\"_blank\" rel=\"noopener\">https:\/\/www.economie-et-politique.org\/2024\/06\/18\/la-logique-economique-du-programmedu-nouveau-front-populaireet-de-son-financement\/<\/a><\/p>\n<p>&nbsp;<\/p>\n","protected":false},"excerpt":{"rendered":"<p>Macron : 7 ans que ce m\u00e9prisant de la R\u00e9publique, ce pr\u00e9sident des riches, a les pleins pouvoirs (\u00e0 cause d&rsquo;une constitution qu&rsquo;il faut changer). En 7 ans on a eu la casse sociale, la mont\u00e9e de la pauvret\u00e9 et de la pr\u00e9carit\u00e9, une gestion calamiteuse des finances de l&rsquo;Etat, la prise de pouvoir par la finance et le gavage des ultra riches. le programme du Nouveau Front Populaire Les droites et extr\u00eames droites ainsi que leurs m\u00e9dias nous matraquent leur &#8230; <a title=\"Financer le programme du Nouveau Front populaire\" class=\"read-more\" href=\"https:\/\/www.gastonballiot.fr\/?p=12420\" aria-label=\"Plus sur Financer le programme du Nouveau Front populaire\">Lire la suite&#8230;<\/a><\/p>\n","protected":false},"author":1,"featured_media":12436,"comment_status":"closed","ping_status":"closed","sticky":false,"template":"","format":"standard","meta":{"ngg_post_thumbnail":0,"jetpack_post_was_ever_published":false,"_jetpack_newsletter_access":"","_jetpack_dont_email_post_to_subs":false,"_jetpack_newsletter_tier_id":0,"_jetpack_memberships_contains_paywalled_content":false,"_jetpack_memberships_contains_paid_content":false,"footnotes":"","jetpack_publicize_message":"","jetpack_publicize_feature_enabled":true,"jetpack_social_post_already_shared":false,"jetpack_social_options":{"image_generator_settings":{"template":"highway","enabled":false},"version":2}},"categories":[2,5,6,9,16],"tags":[55,60,311,73,607],"class_list":["post-12420","post","type-post","status-publish","format-standard","has-post-thumbnail","hentry","category-a-la-une","category-democratie","category-economie","category-front-de-gauche","category-social","tag-economie","tag-finance","tag-front-populaire","tag-impots","tag-progtamme","infinite-scroll-item","masonry-post","generate-columns","tablet-grid-50","mobile-grid-100","grid-parent","grid-33"],"jetpack_publicize_connections":[],"yoast_head":"<!-- This site is optimized with the Yoast SEO plugin v27.5 - https:\/\/yoast.com\/product\/yoast-seo-wordpress\/ -->\n<title>Financer le programme du Nouveau Front populaire - Le blog politique de Gaston<\/title>\n<meta name=\"robots\" content=\"index, follow, max-snippet:-1, max-image-preview:large, max-video-preview:-1\" \/>\n<link rel=\"canonical\" href=\"https:\/\/www.gastonballiot.fr\/?p=12420\" \/>\n<meta property=\"og:locale\" content=\"fr_FR\" \/>\n<meta property=\"og:type\" content=\"article\" \/>\n<meta property=\"og:title\" content=\"Financer le programme du Nouveau Front populaire - Le blog politique de Gaston\" \/>\n<meta property=\"og:description\" content=\"Macron : 7 ans que ce m\u00e9prisant de la R\u00e9publique, ce pr\u00e9sident des riches, a les pleins pouvoirs (\u00e0 cause d&rsquo;une constitution qu&rsquo;il faut changer). En 7 ans on a eu la casse sociale, la mont\u00e9e de la pauvret\u00e9 et de la pr\u00e9carit\u00e9, une gestion calamiteuse des finances de l&rsquo;Etat, la prise de pouvoir par la finance et le gavage des ultra riches. le programme du Nouveau Front Populaire Les droites et extr\u00eames droites ainsi que leurs m\u00e9dias nous matraquent leur ... Lire la suite...\" \/>\n<meta property=\"og:url\" content=\"https:\/\/www.gastonballiot.fr\/?p=12420\" \/>\n<meta property=\"og:site_name\" content=\"Le blog politique de Gaston\" \/>\n<meta property=\"article:publisher\" content=\"https:\/\/www.facebook.com\/gaston.balliot\/\" \/>\n<meta property=\"article:author\" content=\"https:\/\/www.facebook.com\/gaston.balliot\/\" \/>\n<meta property=\"article:published_time\" content=\"2024-06-21T13:50:15+00:00\" \/>\n<meta property=\"article:modified_time\" content=\"2024-06-25T15:50:08+00:00\" \/>\n<meta property=\"og:image\" content=\"https:\/\/www.gastonballiot.fr\/wp-content\/uploads\/2024\/06\/LogiqueFinancement.jpg\" \/>\n\t<meta property=\"og:image:width\" content=\"1074\" \/>\n\t<meta property=\"og:image:height\" content=\"166\" \/>\n\t<meta property=\"og:image:type\" content=\"image\/jpeg\" \/>\n<meta name=\"author\" content=\"gb\" \/>\n<meta name=\"twitter:card\" content=\"summary_large_image\" \/>\n<meta name=\"twitter:label1\" content=\"\u00c9crit par\" \/>\n\t<meta name=\"twitter:data1\" content=\"gb\" \/>\n\t<meta name=\"twitter:label2\" content=\"Dur\u00e9e de lecture estim\u00e9e\" \/>\n\t<meta name=\"twitter:data2\" content=\"6 minutes\" \/>\n<script type=\"application\/ld+json\" class=\"yoast-schema-graph\">{\"@context\":\"https:\\\/\\\/schema.org\",\"@graph\":[{\"@type\":\"Article\",\"@id\":\"https:\\\/\\\/www.gastonballiot.fr\\\/?p=12420#article\",\"isPartOf\":{\"@id\":\"https:\\\/\\\/www.gastonballiot.fr\\\/?p=12420\"},\"author\":{\"name\":\"gb\",\"@id\":\"https:\\\/\\\/www.gastonballiot.fr\\\/#\\\/schema\\\/person\\\/244a5e02696abd8a65c5b1bebdb948ca\"},\"headline\":\"Financer le programme du Nouveau Front populaire\",\"datePublished\":\"2024-06-21T13:50:15+00:00\",\"dateModified\":\"2024-06-25T15:50:08+00:00\",\"mainEntityOfPage\":{\"@id\":\"https:\\\/\\\/www.gastonballiot.fr\\\/?p=12420\"},\"wordCount\":920,\"publisher\":{\"@id\":\"https:\\\/\\\/www.gastonballiot.fr\\\/#\\\/schema\\\/person\\\/244a5e02696abd8a65c5b1bebdb948ca\"},\"image\":{\"@id\":\"https:\\\/\\\/www.gastonballiot.fr\\\/?p=12420#primaryimage\"},\"thumbnailUrl\":\"https:\\\/\\\/i0.wp.com\\\/www.gastonballiot.fr\\\/wp-content\\\/uploads\\\/2024\\\/06\\\/LogiqueFinancement.jpg?fit=1074%2C166&ssl=1\",\"keywords\":[\"Economie\",\"finance\",\"Front populaire\",\"imp\u00f4ts\",\"progtamme\"],\"articleSection\":[\"A la une\",\"D\u00e9mocratie\",\"Economie\",\"Gauche\",\"Social\"],\"inLanguage\":\"fr-FR\"},{\"@type\":\"WebPage\",\"@id\":\"https:\\\/\\\/www.gastonballiot.fr\\\/?p=12420\",\"url\":\"https:\\\/\\\/www.gastonballiot.fr\\\/?p=12420\",\"name\":\"Financer le programme du Nouveau Front populaire - Le blog politique de Gaston\",\"isPartOf\":{\"@id\":\"https:\\\/\\\/www.gastonballiot.fr\\\/#website\"},\"primaryImageOfPage\":{\"@id\":\"https:\\\/\\\/www.gastonballiot.fr\\\/?p=12420#primaryimage\"},\"image\":{\"@id\":\"https:\\\/\\\/www.gastonballiot.fr\\\/?p=12420#primaryimage\"},\"thumbnailUrl\":\"https:\\\/\\\/i0.wp.com\\\/www.gastonballiot.fr\\\/wp-content\\\/uploads\\\/2024\\\/06\\\/LogiqueFinancement.jpg?fit=1074%2C166&ssl=1\",\"datePublished\":\"2024-06-21T13:50:15+00:00\",\"dateModified\":\"2024-06-25T15:50:08+00:00\",\"breadcrumb\":{\"@id\":\"https:\\\/\\\/www.gastonballiot.fr\\\/?p=12420#breadcrumb\"},\"inLanguage\":\"fr-FR\",\"potentialAction\":[{\"@type\":\"ReadAction\",\"target\":[\"https:\\\/\\\/www.gastonballiot.fr\\\/?p=12420\"]}]},{\"@type\":\"ImageObject\",\"inLanguage\":\"fr-FR\",\"@id\":\"https:\\\/\\\/www.gastonballiot.fr\\\/?p=12420#primaryimage\",\"url\":\"https:\\\/\\\/i0.wp.com\\\/www.gastonballiot.fr\\\/wp-content\\\/uploads\\\/2024\\\/06\\\/LogiqueFinancement.jpg?fit=1074%2C166&ssl=1\",\"contentUrl\":\"https:\\\/\\\/i0.wp.com\\\/www.gastonballiot.fr\\\/wp-content\\\/uploads\\\/2024\\\/06\\\/LogiqueFinancement.jpg?fit=1074%2C166&ssl=1\",\"width\":1074,\"height\":166},{\"@type\":\"BreadcrumbList\",\"@id\":\"https:\\\/\\\/www.gastonballiot.fr\\\/?p=12420#breadcrumb\",\"itemListElement\":[{\"@type\":\"ListItem\",\"position\":1,\"name\":\"Accueil\",\"item\":\"https:\\\/\\\/www.gastonballiot.fr\\\/\"},{\"@type\":\"ListItem\",\"position\":2,\"name\":\"Financer le programme du Nouveau Front populaire\"}]},{\"@type\":\"WebSite\",\"@id\":\"https:\\\/\\\/www.gastonballiot.fr\\\/#website\",\"url\":\"https:\\\/\\\/www.gastonballiot.fr\\\/\",\"name\":\"Le blog politique de Gaston\",\"description\":\"L&#039;humain d&#039;abord, pas la finance !\",\"publisher\":{\"@id\":\"https:\\\/\\\/www.gastonballiot.fr\\\/#\\\/schema\\\/person\\\/244a5e02696abd8a65c5b1bebdb948ca\"},\"potentialAction\":[{\"@type\":\"SearchAction\",\"target\":{\"@type\":\"EntryPoint\",\"urlTemplate\":\"https:\\\/\\\/www.gastonballiot.fr\\\/?s={search_term_string}\"},\"query-input\":{\"@type\":\"PropertyValueSpecification\",\"valueRequired\":true,\"valueName\":\"search_term_string\"}}],\"inLanguage\":\"fr-FR\"},{\"@type\":[\"Person\",\"Organization\"],\"@id\":\"https:\\\/\\\/www.gastonballiot.fr\\\/#\\\/schema\\\/person\\\/244a5e02696abd8a65c5b1bebdb948ca\",\"name\":\"gb\",\"image\":{\"@type\":\"ImageObject\",\"inLanguage\":\"fr-FR\",\"@id\":\"https:\\\/\\\/i0.wp.com\\\/www.gastonballiot.fr\\\/wp-content\\\/uploads\\\/2017\\\/04\\\/cropped-Marianne-drapeau-rouge.gif?fit=512%2C512&ssl=1\",\"url\":\"https:\\\/\\\/i0.wp.com\\\/www.gastonballiot.fr\\\/wp-content\\\/uploads\\\/2017\\\/04\\\/cropped-Marianne-drapeau-rouge.gif?fit=512%2C512&ssl=1\",\"contentUrl\":\"https:\\\/\\\/i0.wp.com\\\/www.gastonballiot.fr\\\/wp-content\\\/uploads\\\/2017\\\/04\\\/cropped-Marianne-drapeau-rouge.gif?fit=512%2C512&ssl=1\",\"width\":512,\"height\":512,\"caption\":\"gb\"},\"logo\":{\"@id\":\"https:\\\/\\\/i0.wp.com\\\/www.gastonballiot.fr\\\/wp-content\\\/uploads\\\/2017\\\/04\\\/cropped-Marianne-drapeau-rouge.gif?fit=512%2C512&ssl=1\"},\"description\":\"Gaston Balliot, militant du Front de Gauche en pays bigouden - Pont L'Abb\u00e9 - Loctudy - Guilvinec - Penmarc'h - Ile Tudy - Combrit Ste Marine - Tr\u00e9meoc - Plon\u00e9our, p\u00eache tourisme\",\"sameAs\":[\"https:\\\/\\\/www.facebook.com\\\/gaston.balliot\\\/\"]}]}<\/script>\n<!-- \/ Yoast SEO plugin. -->","yoast_head_json":{"title":"Financer le programme du Nouveau Front populaire - Le blog politique de Gaston","robots":{"index":"index","follow":"follow","max-snippet":"max-snippet:-1","max-image-preview":"max-image-preview:large","max-video-preview":"max-video-preview:-1"},"canonical":"https:\/\/www.gastonballiot.fr\/?p=12420","og_locale":"fr_FR","og_type":"article","og_title":"Financer le programme du Nouveau Front populaire - Le blog politique de Gaston","og_description":"Macron : 7 ans que ce m\u00e9prisant de la R\u00e9publique, ce pr\u00e9sident des riches, a les pleins pouvoirs (\u00e0 cause d&rsquo;une constitution qu&rsquo;il faut changer). En 7 ans on a eu la casse sociale, la mont\u00e9e de la pauvret\u00e9 et de la pr\u00e9carit\u00e9, une gestion calamiteuse des finances de l&rsquo;Etat, la prise de pouvoir par la finance et le gavage des ultra riches. le programme du Nouveau Front Populaire Les droites et extr\u00eames droites ainsi que leurs m\u00e9dias nous matraquent leur ... Lire la suite...","og_url":"https:\/\/www.gastonballiot.fr\/?p=12420","og_site_name":"Le blog politique de Gaston","article_publisher":"https:\/\/www.facebook.com\/gaston.balliot\/","article_author":"https:\/\/www.facebook.com\/gaston.balliot\/","article_published_time":"2024-06-21T13:50:15+00:00","article_modified_time":"2024-06-25T15:50:08+00:00","og_image":[{"width":1074,"height":166,"url":"https:\/\/www.gastonballiot.fr\/wp-content\/uploads\/2024\/06\/LogiqueFinancement.jpg","type":"image\/jpeg"}],"author":"gb","twitter_card":"summary_large_image","twitter_misc":{"\u00c9crit par":"gb","Dur\u00e9e de lecture estim\u00e9e":"6 minutes"},"schema":{"@context":"https:\/\/schema.org","@graph":[{"@type":"Article","@id":"https:\/\/www.gastonballiot.fr\/?p=12420#article","isPartOf":{"@id":"https:\/\/www.gastonballiot.fr\/?p=12420"},"author":{"name":"gb","@id":"https:\/\/www.gastonballiot.fr\/#\/schema\/person\/244a5e02696abd8a65c5b1bebdb948ca"},"headline":"Financer le programme du Nouveau Front populaire","datePublished":"2024-06-21T13:50:15+00:00","dateModified":"2024-06-25T15:50:08+00:00","mainEntityOfPage":{"@id":"https:\/\/www.gastonballiot.fr\/?p=12420"},"wordCount":920,"publisher":{"@id":"https:\/\/www.gastonballiot.fr\/#\/schema\/person\/244a5e02696abd8a65c5b1bebdb948ca"},"image":{"@id":"https:\/\/www.gastonballiot.fr\/?p=12420#primaryimage"},"thumbnailUrl":"https:\/\/i0.wp.com\/www.gastonballiot.fr\/wp-content\/uploads\/2024\/06\/LogiqueFinancement.jpg?fit=1074%2C166&ssl=1","keywords":["Economie","finance","Front populaire","imp\u00f4ts","progtamme"],"articleSection":["A la une","D\u00e9mocratie","Economie","Gauche","Social"],"inLanguage":"fr-FR"},{"@type":"WebPage","@id":"https:\/\/www.gastonballiot.fr\/?p=12420","url":"https:\/\/www.gastonballiot.fr\/?p=12420","name":"Financer le programme du Nouveau Front populaire - Le blog politique de Gaston","isPartOf":{"@id":"https:\/\/www.gastonballiot.fr\/#website"},"primaryImageOfPage":{"@id":"https:\/\/www.gastonballiot.fr\/?p=12420#primaryimage"},"image":{"@id":"https:\/\/www.gastonballiot.fr\/?p=12420#primaryimage"},"thumbnailUrl":"https:\/\/i0.wp.com\/www.gastonballiot.fr\/wp-content\/uploads\/2024\/06\/LogiqueFinancement.jpg?fit=1074%2C166&ssl=1","datePublished":"2024-06-21T13:50:15+00:00","dateModified":"2024-06-25T15:50:08+00:00","breadcrumb":{"@id":"https:\/\/www.gastonballiot.fr\/?p=12420#breadcrumb"},"inLanguage":"fr-FR","potentialAction":[{"@type":"ReadAction","target":["https:\/\/www.gastonballiot.fr\/?p=12420"]}]},{"@type":"ImageObject","inLanguage":"fr-FR","@id":"https:\/\/www.gastonballiot.fr\/?p=12420#primaryimage","url":"https:\/\/i0.wp.com\/www.gastonballiot.fr\/wp-content\/uploads\/2024\/06\/LogiqueFinancement.jpg?fit=1074%2C166&ssl=1","contentUrl":"https:\/\/i0.wp.com\/www.gastonballiot.fr\/wp-content\/uploads\/2024\/06\/LogiqueFinancement.jpg?fit=1074%2C166&ssl=1","width":1074,"height":166},{"@type":"BreadcrumbList","@id":"https:\/\/www.gastonballiot.fr\/?p=12420#breadcrumb","itemListElement":[{"@type":"ListItem","position":1,"name":"Accueil","item":"https:\/\/www.gastonballiot.fr\/"},{"@type":"ListItem","position":2,"name":"Financer le programme du Nouveau Front populaire"}]},{"@type":"WebSite","@id":"https:\/\/www.gastonballiot.fr\/#website","url":"https:\/\/www.gastonballiot.fr\/","name":"Le blog politique de Gaston","description":"L&#039;humain d&#039;abord, pas la finance !","publisher":{"@id":"https:\/\/www.gastonballiot.fr\/#\/schema\/person\/244a5e02696abd8a65c5b1bebdb948ca"},"potentialAction":[{"@type":"SearchAction","target":{"@type":"EntryPoint","urlTemplate":"https:\/\/www.gastonballiot.fr\/?s={search_term_string}"},"query-input":{"@type":"PropertyValueSpecification","valueRequired":true,"valueName":"search_term_string"}}],"inLanguage":"fr-FR"},{"@type":["Person","Organization"],"@id":"https:\/\/www.gastonballiot.fr\/#\/schema\/person\/244a5e02696abd8a65c5b1bebdb948ca","name":"gb","image":{"@type":"ImageObject","inLanguage":"fr-FR","@id":"https:\/\/i0.wp.com\/www.gastonballiot.fr\/wp-content\/uploads\/2017\/04\/cropped-Marianne-drapeau-rouge.gif?fit=512%2C512&ssl=1","url":"https:\/\/i0.wp.com\/www.gastonballiot.fr\/wp-content\/uploads\/2017\/04\/cropped-Marianne-drapeau-rouge.gif?fit=512%2C512&ssl=1","contentUrl":"https:\/\/i0.wp.com\/www.gastonballiot.fr\/wp-content\/uploads\/2017\/04\/cropped-Marianne-drapeau-rouge.gif?fit=512%2C512&ssl=1","width":512,"height":512,"caption":"gb"},"logo":{"@id":"https:\/\/i0.wp.com\/www.gastonballiot.fr\/wp-content\/uploads\/2017\/04\/cropped-Marianne-drapeau-rouge.gif?fit=512%2C512&ssl=1"},"description":"Gaston Balliot, militant du Front de Gauche en pays bigouden - Pont L'Abb\u00e9 - Loctudy - Guilvinec - Penmarc'h - Ile Tudy - Combrit Ste Marine - Tr\u00e9meoc - Plon\u00e9our, p\u00eache tourisme","sameAs":["https:\/\/www.facebook.com\/gaston.balliot\/"]}]}},"jetpack_featured_media_url":"https:\/\/i0.wp.com\/www.gastonballiot.fr\/wp-content\/uploads\/2024\/06\/LogiqueFinancement.jpg?fit=1074%2C166&ssl=1","jetpack_shortlink":"https:\/\/wp.me\/p5UTaD-3ek","jetpack-related-posts":[],"jetpack_likes_enabled":true,"jetpack_sharing_enabled":true,"_links":{"self":[{"href":"https:\/\/www.gastonballiot.fr\/index.php?rest_route=\/wp\/v2\/posts\/12420","targetHints":{"allow":["GET"]}}],"collection":[{"href":"https:\/\/www.gastonballiot.fr\/index.php?rest_route=\/wp\/v2\/posts"}],"about":[{"href":"https:\/\/www.gastonballiot.fr\/index.php?rest_route=\/wp\/v2\/types\/post"}],"author":[{"embeddable":true,"href":"https:\/\/www.gastonballiot.fr\/index.php?rest_route=\/wp\/v2\/users\/1"}],"replies":[{"embeddable":true,"href":"https:\/\/www.gastonballiot.fr\/index.php?rest_route=%2Fwp%2Fv2%2Fcomments&post=12420"}],"version-history":[{"count":25,"href":"https:\/\/www.gastonballiot.fr\/index.php?rest_route=\/wp\/v2\/posts\/12420\/revisions"}],"predecessor-version":[{"id":12452,"href":"https:\/\/www.gastonballiot.fr\/index.php?rest_route=\/wp\/v2\/posts\/12420\/revisions\/12452"}],"wp:featuredmedia":[{"embeddable":true,"href":"https:\/\/www.gastonballiot.fr\/index.php?rest_route=\/wp\/v2\/media\/12436"}],"wp:attachment":[{"href":"https:\/\/www.gastonballiot.fr\/index.php?rest_route=%2Fwp%2Fv2%2Fmedia&parent=12420"}],"wp:term":[{"taxonomy":"category","embeddable":true,"href":"https:\/\/www.gastonballiot.fr\/index.php?rest_route=%2Fwp%2Fv2%2Fcategories&post=12420"},{"taxonomy":"post_tag","embeddable":true,"href":"https:\/\/www.gastonballiot.fr\/index.php?rest_route=%2Fwp%2Fv2%2Ftags&post=12420"}],"curies":[{"name":"wp","href":"https:\/\/api.w.org\/{rel}","templated":true}]}}