{"id":12486,"date":"2024-07-01T18:21:20","date_gmt":"2024-07-01T16:21:20","guid":{"rendered":"https:\/\/www.gastonballiot.fr\/?p=12486"},"modified":"2024-07-01T18:24:03","modified_gmt":"2024-07-01T16:24:03","slug":"rachid-benzine-politologue-le-nouveau-front-populaire-est-et-restera-la-solution","status":"publish","type":"post","link":"https:\/\/www.gastonballiot.fr\/?p=12486","title":{"rendered":"Rachid Benzine, politologue\u00a0: \u00ab\u00a0le Nouveau Front populaire est et restera la solution\u00a0\u00bb"},"content":{"rendered":"<div class=\"bg-grey-blue u-relative single__hero\">\n<div class=\"gs-container\">\n<div class=\"gs-row\">\n<h1 class=\"t-article-h1 u-margin-b-6 c-red gs-column @sm:gs-column-8 @lg:gs-column-10 @wd:gs-column-8 u-centered-on-x u-block t-align-center\">Rachid Benzine, politologue&nbsp;: \u00ab&nbsp;le Nouveau Front populaire est et restera la solution&nbsp;\u00bb<\/h1>\n<\/div>\n<\/div>\n<\/div>\n<div class=\"single__content gs-container\">\n<div class=\"gs-row\">\n<div class=\"@lg:gs-column-8\">\n<article class=\"single__content__text\">\n<div class=\"rich-text u-margin-b-3 u-padding-b-0 u-padding-t-0\">\n<p class=\"chapo\">Selon le politologue Rachid Benzine, le Nouveau Front populaire peut encore l\u2019emporter au second tour des l\u00e9gislatives. \u00c0 terme, la gauche doit se reconstruire en r\u00e9activant les solidarit\u00e9s entre les classes populaires, rurales comme urbaines.<\/p>\n<\/div>\n<div class=\"single__content__text__reverse u-flex-column\">\n<div class=\"single__content__text__published u-align-items-center c-purple t-label-medium u-flex-row u-margin-b-1\">\n<p><a class=\"rubric t-header-small c-red\" href=\"https:\/\/www.humanite.fr\/sections\/en-debat\">En d\u00e9bat<\/a><\/p>\n<div class=\"u-inline-flex u-align-items-center\">\n<p><span class=\"u-hidden @lg:u-flex t-label-medium\">Publi\u00e9 le 1 juillet 2024<\/span><span class=\"u-hidden @lg:u-flex t-label-medium\">Mis \u00e0 jour le 1 juillet 2024 \u00e0 16:42<\/span><\/p>\n<\/div>\n<\/div>\n<div class=\"u-flex-column @lg:u-flex-row u-margin-t-3 u-justify-content-space-between @lg:u-margin-b-3\">\n<div class=\"single__author c-black u-justify-content-start u-align-items-center u-flex-row\"><a class=\" u-flex-row c-black single__author__infos\" href=\"https:\/\/www.humanite.fr\/authors\/scarlett-bain\"><span class=\"single__author__name t-label-underline c-purple t-align-center u-flex u-align-items-center\">Scarlett Bain<\/span><\/a><a class=\" u-flex-row c-black single__author__infos\" href=\"https:\/\/www.humanite.fr\/authors\/lucien-roulle\"><span class=\"single__author__name t-label-underline c-purple t-align-center u-flex u-align-items-center\">Lucien Roull\u00e9<\/span><\/a><\/div>\n<div class=\"single__share-btns u-hidden @lg:u-flex u-margin-b-2 u-margin-t-2 @lg:u-margin-b-0 @lg:u-margin-b-0\">\n<ul class=\"share-button__pop-up bg-grey-blue u-flex-column u-absolute\">\n<li class=\"t-header-small t-Tanker\">&nbsp;<\/li>\n<li class=\"t-header-small t-Tanker\">&nbsp;<\/li>\n<li class=\"t-header-small t-Tanker\">&nbsp;<\/li>\n<li class=\"t-header-small t-Tanker\">&nbsp;<\/li>\n<li class=\"t-header-small t-Tanker\">&nbsp;<\/li>\n<li class=\"t-header-small t-Tanker\">&nbsp;<\/li>\n<\/ul>\n<\/div>\n<\/div>\n<\/div>\n<div class=\"single__thumbnail\">\n<div class=\"single__thumbnail__img\">\n<figure class=\"wp-block-image size-large wp-lightbox-container\" data-wp-context=\"{&quot;uploadedSrc&quot;:&quot;https:\\\/\\\/www.humanite.fr\\\/wp-content\\\/uploads\\\/2024\\\/07\\\/p5-rachid-benzine_MAR.jpg&quot;,&quot;figureClassNames&quot;:&quot;wp-block-image size-large&quot;,&quot;figureStyles&quot;:null,&quot;imgClassNames&quot;:&quot;wp-image-2242499&quot;,&quot;imgStyles&quot;:null,&quot;targetWidth&quot;:1500,&quot;targetHeight&quot;:1126,&quot;scaleAttr&quot;:false,&quot;ariaLabel&quot;:&quot;Enlarge image&quot;,&quot;alt&quot;:&quot;&quot;}\" data-wp-interactive=\"core\/image\"><img data-recalc-dims=\"1\" decoding=\"async\" class=\"wp-image-2242499\" src=\"https:\/\/i0.wp.com\/www.humanite.fr\/wp-content\/uploads\/2024\/07\/p5-rachid-benzine_MAR.jpg?w=1200&#038;ssl=1\" alt=\"\" data-wp-init=\"callbacks.setButtonStyles\" data-wp-on--click=\"actions.showLightbox\" data-wp-on--load=\"callbacks.setButtonStyles\" data-wp-on-window--resize=\"callbacks.setButtonStyles\"><button class=\"lightbox-trigger\" type=\"button\" aria-haspopup=\"dialog\" aria-label=\"Enlarge image\" data-wp-init=\"callbacks.initTriggerButton\" data-wp-on--click=\"actions.showLightbox\" data-wp-style--right=\"context.imageButtonRight\" data-wp-style--top=\"context.imageButtonTop\"><\/button><figcaption class=\"wp-element-caption\">Le politologue Rachid Benzine.<br \/>\n\u00a9 Patrice Normand\/Leextra via opale.photo<\/figcaption><\/figure>\n<\/div>\n<\/div>\n<div class=\"rich-text\">\n<div class=\"gs-row\">\n<div class=\"u-width-100% gs-column\">\n<p class=\"wp-block-huma-question\">Quelle est votre analyse des r\u00e9sultats du premier tour des l\u00e9gislatives anticip\u00e9es&nbsp;?<\/p>\n<p>J\u2019y vois trois enseignements. Tout d\u2019abord, la confirmation de la catastrophe \u00e9lectorale que beaucoup craignaient. \u00c0 travers la dissolution, le pr\u00e9sident de la R\u00e9publique a offert au RN la possibilit\u00e9 de cr\u00e9er une dynamique forte entre les \u00e9lections europ\u00e9ennes et l\u00e9gislatives.<\/p>\n<p>Ensuite, cette forte mobilisation en faveur de l\u2019extr\u00eame droite ne doit pas faire ignorer les autres dynamiques. L\u2019unit\u00e9 \u00e0 gauche offre notamment&nbsp;<a href=\"https:\/\/www.humanite.fr\/politique\/emmanuel-macron\/legislatives-2024-la-macronie-en-voie-de-dissolution\">une alternative s\u00e9rieuse \u00e0 l\u2019effondrement du camp pr\u00e9sidentiel<\/a>. Le nombre tr\u00e8s \u00e9lev\u00e9 de triangulaires implique que&nbsp;<a href=\"https:\/\/www.humanite.fr\/politique\/edouard-philippe\/legislatives-2024-que-va-faire-le-camp-presidentiel-en-cas-de-triangulaires\">le second tour est tr\u00e8s ouvert<\/a>, et qu\u2019un projet r\u00e9publicain reste possible.<\/p>\n<p>Enfin, ce premier tour met tous les acteurs politiques et de la soci\u00e9t\u00e9 civile face \u00e0 leurs responsabilit\u00e9s. Ceux qui continuent \u00e0 cr\u00e9er&nbsp;<a href=\"https:\/\/www.humanite.fr\/politique\/lfi\/pourquoi-la-macronie-ment-quand-elle-dit-que-la-fi-est-un-parti-dextreme-gauche\">de fausses \u00e9quivalences entre la FI et le RN<\/a>&nbsp;contribuent \u00e0 faciliter une majorit\u00e9 absolue pour l\u2019extr\u00eame droite. Ceux qui donnent des consignes de vote claires contre le RN se placent dans une logique de coalition et de compromis indispensable pour sortir le pays de l\u2019impasse.<\/p>\n<p class=\"wp-block-huma-question\">Que pensez-vous de la dynamique impuls\u00e9e par le Nouveau Front populaire&nbsp;?<\/p>\n<p>La formation du Nouveau Front populaire (NFP) est et restera la solution. C\u2019est une r\u00e9ponse indispensable face au p\u00e9ril qui menace le pays. Mais cette formation, qui s\u2019est r\u00e9alis\u00e9e dans l\u2019urgence, doit d\u00e9sormais d\u00e9passer la question des partis. La soci\u00e9t\u00e9 civile doit faire pression sur les partis politiques pour qu\u2019ils mettent un terme \u00e0 leurs divisions.<\/p>\n<p>Comme aucun parti \u00e0 gauche n\u2019est assez puissant pour pouvoir pr\u00e9tendre imposer son propre projet aux autres, il faut de la n\u00e9gociation et de l\u2019humilit\u00e9. Et les acteurs de la soci\u00e9t\u00e9 civile peuvent en \u00eatre les garants. Ce sont eux qui racontent le pays et les majorit\u00e9s silencieuses. Ce sont eux qui peuvent donner corps \u00e0 des coalitions \u00e9lectorales tr\u00e8s fragiles.<\/p>\n<p>C\u2019est une n\u00e9cessit\u00e9 de s\u2019appuyer sur eux, car le RN joue aussi largement sur le discr\u00e9dit des partis politiques. Aujourd\u2019hui, pour faire barrage \u00e0 l\u2019extr\u00eame droite, les appels qui se situent uniquement au niveau du registre moral ne fonctionnent plus. Beaucoup de nos concitoyens, en cinquante ann\u00e9es de pr\u00e9sence de l\u2019extr\u00eame droite, ont fini par ne plus en avoir peur.<\/p>\n<div class=\"seealso-component u-relative u-flex-column u-align-items-center u-margin-b-4 u-margin-t-6 @lg:u-margin-b-8 @lg:u-margin-t-8\">\n<p><span class=\"u-absolute u-width-100% t-header-medium t-align-center c-red seealso-component__title\">Sur le m\u00eame th\u00e8me<\/span><\/p>\n<div class=\"seealso-component__content u-flex-column @lg:u-flex-row @lg:u-align-items-start u-justify-content-space-between\">\n<p><a class=\"same-theme\" href=\"https:\/\/www.humanite.fr\/politique\/france-insoumise\/legislatives-2024-apres-le-premier-tour-la-gauche-seule-au-front\" data-slug=\"legislatives-2024-apres-le-premier-tour-la-gauche-seule-au-front\"><img data-recalc-dims=\"1\" loading=\"lazy\" decoding=\"async\" class=\"\" src=\"https:\/\/i0.wp.com\/www.humanite.fr\/wp-content\/uploads\/2024\/06\/P4-NFP_LUN.jpg?resize=300%2C200&#038;ssl=1\" sizes=\"auto, (max-width: 300px) 100vw, 300px\" srcset=\"https:\/\/www.humanite.fr\/wp-content\/uploads\/2024\/06\/P4-NFP_LUN.jpg 4014w, https:\/\/www.humanite.fr\/wp-content\/uploads\/2024\/06\/P4-NFP_LUN.jpg?resize=300,200 300w, https:\/\/www.humanite.fr\/wp-content\/uploads\/2024\/06\/P4-NFP_LUN.jpg?resize=768,512 768w, https:\/\/www.humanite.fr\/wp-content\/uploads\/2024\/06\/P4-NFP_LUN.jpg?resize=1024,683 1024w, https:\/\/www.humanite.fr\/wp-content\/uploads\/2024\/06\/P4-NFP_LUN.jpg?resize=1536,1024 1536w, https:\/\/www.humanite.fr\/wp-content\/uploads\/2024\/06\/P4-NFP_LUN.jpg?resize=2048,1365 2048w, https:\/\/www.humanite.fr\/wp-content\/uploads\/2024\/06\/P4-NFP_LUN.jpg?resize=60,40 60w\" alt=\"\" width=\"300\" height=\"200\"><\/a><\/p>\n<div class=\"u-flex-row u-justify-content-space-between u-width-100% seealso-component__content__text u-align-items-center @lg:u-margin-t-0 u-margin-t-1\">\n<p class=\"u-margin-b-0 t-article-h3 c-purple\">L\u00e9gislatives 2024 : apr\u00e8s le premier tour, la gauche seule au front<\/p>\n<\/div>\n<\/div>\n<\/div>\n<p class=\"wp-block-huma-question\">Comment expliquez-vous que le discours de la gauche trouve moins d\u2019\u00e9cho que celui de l\u2019extr\u00eame droite&nbsp;?<\/p>\n<p>On assiste \u00e0 une guerre des r\u00e9cits. La force de l\u2019extr\u00eame droite est d\u2019\u00eatre parvenue \u00e0 construire le mythe puissant d\u2019une nation assi\u00e9g\u00e9e par les immigr\u00e9s et \u00ab&nbsp;les Fran\u00e7ais de papier&nbsp;\u00bb. Gr\u00e2ce \u00e0 cette rh\u00e9torique de la peur, le parti lep\u00e9niste a sacralis\u00e9 le concept de la pr\u00e9f\u00e9rence nationale et l\u2019id\u00e9e de \u00ab&nbsp;valeurs traditionnelles&nbsp;\u00bb qu\u2019il faudrait d\u00e9fendre car contamin\u00e9es par les \u00e9trangers.<\/p>\n<p>Ces r\u00e9cits sont au-del\u00e0 de la rationalit\u00e9, car ils puisent dans des arch\u00e9types universels et des \u00e9motions profondes. Face \u00e0 cet argumentaire, cela fait trente&nbsp;ans que la gauche essaie de changer les perceptions en recourant \u00e0 des analyses empiriques. Force est de constater que cela ne fonctionne pas.<\/p>\n<p>Il est donc n\u00e9cessaire de construire un contre-r\u00e9cit capable de rassembler et d\u2019inspirer un sursaut. L\u2019alliance de gauche en a le potentiel, elle peut convoquer cette id\u00e9e du Front populaire qui est un r\u00e9cit fondateur et a apport\u00e9 du changement. Ce contre-mythe doit reposer sur un pacte avec la soci\u00e9t\u00e9 civile, pour r\u00e9activer les solidarit\u00e9s entre les classes populaires, rurales comme urbaines.<\/p>\n<p class=\"wp-block-huma-question\">Qu\u2019est-ce qui vous effraie le plus dans l\u2019hypoth\u00e8se de l\u2019accession du RN au pouvoir&nbsp;?<\/p>\n<p>Je redoute d\u2019abord un grand chaos. Ce qui est grave, c\u2019est qu\u2019une partie de nos institutions ont d\u00e9j\u00e0 bascul\u00e9. En fait, s\u2019il parvient au pouvoir, le RN ne r\u00e9ussira qu\u2019\u00e0 diviser davantage la soci\u00e9t\u00e9 fran\u00e7aise, jusqu\u2019\u00e0 la d\u00e9chirer.<\/p>\n<p>En plus de la perte des acquis de la R\u00e9publique et de l\u2019affaiblissement int\u00e9rieur comme ext\u00e9rieur du pays, je pense que nous ne serons pas \u00e0 l\u2019abri de violences graves entre individus.&nbsp;<a href=\"https:\/\/www.humanite.fr\/medias\/extreme-droite\/plein-le-cul-de-tous-ces-bicots-le-journaliste-karim-rissouli-vise-par-un-message-raciste-a-son-domicile\">Elles ont d\u00e9j\u00e0 commenc\u00e9<\/a>.<\/p>\n<blockquote class=\"wp-block-quote is-layout-flow wp-block-quote-is-layout-flow\"><p>\u00ab&nbsp;Emmanuel Macron a voulu tout incarner, et c\u2019est ce qui lui a valu tant de d\u00e9testation.&nbsp;\u00bb<\/p><\/blockquote>\n<p class=\"wp-block-huma-question\">Apr\u00e8s les \u00e9lections l\u00e9gislatives, comment envisagez-vous la suite pour la gauche&nbsp;?<\/p>\n<p>Je souhaite qu\u2019elle s\u2019appuie davantage sur la soci\u00e9t\u00e9 civile. Je pense que celle-ci a un savoir-faire, des solutions tr\u00e8s concr\u00e8tes, et on doit y revenir. Il faut cr\u00e9er de la reconnaissance, il faut travailler sur les communs, sur la mise en commun des \u00e9nergies. Il faut \u00eatre capable de cr\u00e9er un r\u00e9cit commun, c\u2019est-\u00e0-dire de mettre en commun nos r\u00e9cits.<\/p>\n<p>Pour ce faire, il faut partir du travail quotidien des petites mains, qui croient encore en la coh\u00e9sion nationale, dans les valeurs de la R\u00e9publique, et qui \u0153uvrent chaque jour \u00e0 ce que la soci\u00e9t\u00e9 ne s\u2019effrite pas davantage. Nous devons aussi d\u00e9velopper des politiques publiques qui cr\u00e9ent de la reconnaissance entre les citoyens et les institutions.<\/p>\n<p>C\u2019est ainsi que l\u2019on pourra cr\u00e9er une dynamique. Il faut donc amorcer des r\u00e9formes, celle de l\u2019action publique, mais surtout celle de l\u2019incarnation. Emmanuel Macron a voulu tout incarner, et c\u2019est ce qui lui a valu tant de d\u00e9testation. Au contraire, je pense que l\u2019incarnation doit \u00eatre multiple, \u00e0 tous les niveaux, et que c\u2019est ainsi que les relais politiques et sociaux peuvent fonctionner.<\/p>\n<p class=\"wp-block-huma-titre-oeuvre\">Dernier ouvrage paru&nbsp;:&nbsp;<em>Dans les yeux du ciel<\/em>, de Rachid Benzine, Seuil, 2020.<\/p>\n<\/div>\n<\/div>\n<\/div>\n<\/article>\n<\/div>\n<\/div>\n<\/div>\n","protected":false},"excerpt":{"rendered":"<p>Rachid Benzine, politologue&nbsp;: \u00ab&nbsp;le Nouveau Front populaire est et restera la solution&nbsp;\u00bb Selon le politologue Rachid Benzine, le Nouveau Front populaire peut encore l\u2019emporter au second tour des l\u00e9gislatives. \u00c0 terme, la gauche doit se reconstruire en r\u00e9activant les solidarit\u00e9s entre les classes populaires, rurales comme urbaines. En d\u00e9bat Publi\u00e9 le 1 juillet 2024Mis \u00e0 jour le 1 juillet 2024 \u00e0 16:42 Scarlett BainLucien Roull\u00e9 &nbsp; &nbsp; &nbsp; &nbsp; &nbsp; &nbsp; Le politologue Rachid Benzine. \u00a9 Patrice Normand\/Leextra via opale.photo Quelle &#8230; <a title=\"Rachid Benzine, politologue\u00a0: \u00ab\u00a0le Nouveau Front populaire est et restera la solution\u00a0\u00bb\" class=\"read-more\" href=\"https:\/\/www.gastonballiot.fr\/?p=12486\" aria-label=\"Plus sur Rachid Benzine, politologue\u00a0: \u00ab\u00a0le Nouveau Front populaire est et restera la solution\u00a0\u00bb\">Lire la suite&#8230;<\/a><\/p>\n","protected":false},"author":1,"featured_media":0,"comment_status":"closed","ping_status":"closed","sticky":false,"template":"","format":"standard","meta":{"ngg_post_thumbnail":0,"jetpack_post_was_ever_published":false,"_jetpack_newsletter_access":"","_jetpack_dont_email_post_to_subs":false,"_jetpack_newsletter_tier_id":0,"_jetpack_memberships_contains_paywalled_content":false,"_jetpack_memberships_contains_paid_content":false,"footnotes":"","jetpack_publicize_message":"","jetpack_publicize_feature_enabled":true,"jetpack_social_post_already_shared":false,"jetpack_social_options":{"image_generator_settings":{"template":"highway","enabled":false},"version":2}},"categories":[2,5],"tags":[311],"class_list":["post-12486","post","type-post","status-publish","format-standard","hentry","category-a-la-une","category-democratie","tag-front-populaire","infinite-scroll-item","masonry-post","generate-columns","tablet-grid-50","mobile-grid-100","grid-parent","grid-33"],"jetpack_publicize_connections":[],"yoast_head":"<!-- This site is optimized with the Yoast SEO plugin v27.4 - https:\/\/yoast.com\/product\/yoast-seo-wordpress\/ -->\n<title>Rachid Benzine, politologue\u00a0: \u00ab\u00a0le Nouveau Front populaire est et restera la solution\u00a0\u00bb - Le blog politique de Gaston<\/title>\n<meta name=\"robots\" content=\"index, follow, max-snippet:-1, max-image-preview:large, max-video-preview:-1\" \/>\n<link rel=\"canonical\" href=\"https:\/\/www.gastonballiot.fr\/?p=12486\" \/>\n<meta property=\"og:locale\" content=\"fr_FR\" \/>\n<meta property=\"og:type\" content=\"article\" \/>\n<meta property=\"og:title\" content=\"Rachid Benzine, politologue\u00a0: \u00ab\u00a0le Nouveau Front populaire est et restera la solution\u00a0\u00bb - Le blog politique de Gaston\" \/>\n<meta property=\"og:description\" content=\"Rachid Benzine, politologue&nbsp;: \u00ab&nbsp;le Nouveau Front populaire est et restera la solution&nbsp;\u00bb Selon le politologue Rachid Benzine, le Nouveau Front populaire peut encore l\u2019emporter au second tour des l\u00e9gislatives. \u00c0 terme, la gauche doit se reconstruire en r\u00e9activant les solidarit\u00e9s entre les classes populaires, rurales comme urbaines. En d\u00e9bat Publi\u00e9 le 1 juillet 2024Mis \u00e0 jour le 1 juillet 2024 \u00e0 16:42 Scarlett BainLucien Roull\u00e9 &nbsp; &nbsp; &nbsp; &nbsp; &nbsp; &nbsp; Le politologue Rachid Benzine. \u00a9 Patrice Normand\/Leextra via opale.photo Quelle ... Lire la suite...\" \/>\n<meta property=\"og:url\" content=\"https:\/\/www.gastonballiot.fr\/?p=12486\" \/>\n<meta property=\"og:site_name\" content=\"Le blog politique de Gaston\" \/>\n<meta property=\"article:publisher\" content=\"https:\/\/www.facebook.com\/gaston.balliot\/\" \/>\n<meta property=\"article:author\" content=\"https:\/\/www.facebook.com\/gaston.balliot\/\" \/>\n<meta property=\"article:published_time\" content=\"2024-07-01T16:21:20+00:00\" \/>\n<meta property=\"article:modified_time\" content=\"2024-07-01T16:24:03+00:00\" \/>\n<meta property=\"og:image\" content=\"https:\/\/www.humanite.fr\/wp-content\/uploads\/2024\/07\/p5-rachid-benzine_MAR.jpg?w=1024\" \/>\n<meta name=\"author\" content=\"gb\" \/>\n<meta name=\"twitter:card\" content=\"summary_large_image\" \/>\n<meta name=\"twitter:label1\" content=\"\u00c9crit par\" \/>\n\t<meta name=\"twitter:data1\" content=\"gb\" \/>\n\t<meta name=\"twitter:label2\" content=\"Dur\u00e9e de lecture estim\u00e9e\" \/>\n\t<meta name=\"twitter:data2\" content=\"6 minutes\" \/>\n<script type=\"application\/ld+json\" class=\"yoast-schema-graph\">{\"@context\":\"https:\\\/\\\/schema.org\",\"@graph\":[{\"@type\":\"Article\",\"@id\":\"https:\\\/\\\/www.gastonballiot.fr\\\/?p=12486#article\",\"isPartOf\":{\"@id\":\"https:\\\/\\\/www.gastonballiot.fr\\\/?p=12486\"},\"author\":{\"name\":\"gb\",\"@id\":\"https:\\\/\\\/www.gastonballiot.fr\\\/#\\\/schema\\\/person\\\/244a5e02696abd8a65c5b1bebdb948ca\"},\"headline\":\"Rachid Benzine, politologue\u00a0: \u00ab\u00a0le Nouveau Front populaire est et restera la solution\u00a0\u00bb\",\"datePublished\":\"2024-07-01T16:21:20+00:00\",\"dateModified\":\"2024-07-01T16:24:03+00:00\",\"mainEntityOfPage\":{\"@id\":\"https:\\\/\\\/www.gastonballiot.fr\\\/?p=12486\"},\"wordCount\":1110,\"publisher\":{\"@id\":\"https:\\\/\\\/www.gastonballiot.fr\\\/#\\\/schema\\\/person\\\/244a5e02696abd8a65c5b1bebdb948ca\"},\"image\":{\"@id\":\"https:\\\/\\\/www.gastonballiot.fr\\\/?p=12486#primaryimage\"},\"thumbnailUrl\":\"https:\\\/\\\/www.humanite.fr\\\/wp-content\\\/uploads\\\/2024\\\/07\\\/p5-rachid-benzine_MAR.jpg?w=1024\",\"keywords\":[\"Front populaire\"],\"articleSection\":[\"A la une\",\"D\u00e9mocratie\"],\"inLanguage\":\"fr-FR\"},{\"@type\":\"WebPage\",\"@id\":\"https:\\\/\\\/www.gastonballiot.fr\\\/?p=12486\",\"url\":\"https:\\\/\\\/www.gastonballiot.fr\\\/?p=12486\",\"name\":\"Rachid Benzine, politologue\u00a0: \u00ab\u00a0le Nouveau Front populaire est et restera la solution\u00a0\u00bb - Le blog politique de Gaston\",\"isPartOf\":{\"@id\":\"https:\\\/\\\/www.gastonballiot.fr\\\/#website\"},\"primaryImageOfPage\":{\"@id\":\"https:\\\/\\\/www.gastonballiot.fr\\\/?p=12486#primaryimage\"},\"image\":{\"@id\":\"https:\\\/\\\/www.gastonballiot.fr\\\/?p=12486#primaryimage\"},\"thumbnailUrl\":\"https:\\\/\\\/www.humanite.fr\\\/wp-content\\\/uploads\\\/2024\\\/07\\\/p5-rachid-benzine_MAR.jpg?w=1024\",\"datePublished\":\"2024-07-01T16:21:20+00:00\",\"dateModified\":\"2024-07-01T16:24:03+00:00\",\"breadcrumb\":{\"@id\":\"https:\\\/\\\/www.gastonballiot.fr\\\/?p=12486#breadcrumb\"},\"inLanguage\":\"fr-FR\",\"potentialAction\":[{\"@type\":\"ReadAction\",\"target\":[\"https:\\\/\\\/www.gastonballiot.fr\\\/?p=12486\"]}]},{\"@type\":\"ImageObject\",\"inLanguage\":\"fr-FR\",\"@id\":\"https:\\\/\\\/www.gastonballiot.fr\\\/?p=12486#primaryimage\",\"url\":\"https:\\\/\\\/www.humanite.fr\\\/wp-content\\\/uploads\\\/2024\\\/07\\\/p5-rachid-benzine_MAR.jpg?w=1024\",\"contentUrl\":\"https:\\\/\\\/www.humanite.fr\\\/wp-content\\\/uploads\\\/2024\\\/07\\\/p5-rachid-benzine_MAR.jpg?w=1024\"},{\"@type\":\"BreadcrumbList\",\"@id\":\"https:\\\/\\\/www.gastonballiot.fr\\\/?p=12486#breadcrumb\",\"itemListElement\":[{\"@type\":\"ListItem\",\"position\":1,\"name\":\"Accueil\",\"item\":\"https:\\\/\\\/www.gastonballiot.fr\\\/\"},{\"@type\":\"ListItem\",\"position\":2,\"name\":\"Rachid Benzine, politologue\u00a0: \u00ab\u00a0le Nouveau Front populaire est et restera la solution\u00a0\u00bb\"}]},{\"@type\":\"WebSite\",\"@id\":\"https:\\\/\\\/www.gastonballiot.fr\\\/#website\",\"url\":\"https:\\\/\\\/www.gastonballiot.fr\\\/\",\"name\":\"Le blog politique de Gaston\",\"description\":\"L&#039;humain d&#039;abord, pas la finance !\",\"publisher\":{\"@id\":\"https:\\\/\\\/www.gastonballiot.fr\\\/#\\\/schema\\\/person\\\/244a5e02696abd8a65c5b1bebdb948ca\"},\"potentialAction\":[{\"@type\":\"SearchAction\",\"target\":{\"@type\":\"EntryPoint\",\"urlTemplate\":\"https:\\\/\\\/www.gastonballiot.fr\\\/?s={search_term_string}\"},\"query-input\":{\"@type\":\"PropertyValueSpecification\",\"valueRequired\":true,\"valueName\":\"search_term_string\"}}],\"inLanguage\":\"fr-FR\"},{\"@type\":[\"Person\",\"Organization\"],\"@id\":\"https:\\\/\\\/www.gastonballiot.fr\\\/#\\\/schema\\\/person\\\/244a5e02696abd8a65c5b1bebdb948ca\",\"name\":\"gb\",\"image\":{\"@type\":\"ImageObject\",\"inLanguage\":\"fr-FR\",\"@id\":\"https:\\\/\\\/i0.wp.com\\\/www.gastonballiot.fr\\\/wp-content\\\/uploads\\\/2017\\\/04\\\/cropped-Marianne-drapeau-rouge.gif?fit=512%2C512&ssl=1\",\"url\":\"https:\\\/\\\/i0.wp.com\\\/www.gastonballiot.fr\\\/wp-content\\\/uploads\\\/2017\\\/04\\\/cropped-Marianne-drapeau-rouge.gif?fit=512%2C512&ssl=1\",\"contentUrl\":\"https:\\\/\\\/i0.wp.com\\\/www.gastonballiot.fr\\\/wp-content\\\/uploads\\\/2017\\\/04\\\/cropped-Marianne-drapeau-rouge.gif?fit=512%2C512&ssl=1\",\"width\":512,\"height\":512,\"caption\":\"gb\"},\"logo\":{\"@id\":\"https:\\\/\\\/i0.wp.com\\\/www.gastonballiot.fr\\\/wp-content\\\/uploads\\\/2017\\\/04\\\/cropped-Marianne-drapeau-rouge.gif?fit=512%2C512&ssl=1\"},\"description\":\"Gaston Balliot, militant du Front de Gauche en pays bigouden - Pont L'Abb\u00e9 - Loctudy - Guilvinec - Penmarc'h - Ile Tudy - Combrit Ste Marine - Tr\u00e9meoc - Plon\u00e9our, p\u00eache tourisme\",\"sameAs\":[\"https:\\\/\\\/www.facebook.com\\\/gaston.balliot\\\/\"]}]}<\/script>\n<!-- \/ Yoast SEO plugin. -->","yoast_head_json":{"title":"Rachid Benzine, politologue\u00a0: \u00ab\u00a0le Nouveau Front populaire est et restera la solution\u00a0\u00bb - Le blog politique de Gaston","robots":{"index":"index","follow":"follow","max-snippet":"max-snippet:-1","max-image-preview":"max-image-preview:large","max-video-preview":"max-video-preview:-1"},"canonical":"https:\/\/www.gastonballiot.fr\/?p=12486","og_locale":"fr_FR","og_type":"article","og_title":"Rachid Benzine, politologue\u00a0: \u00ab\u00a0le Nouveau Front populaire est et restera la solution\u00a0\u00bb - Le blog politique de Gaston","og_description":"Rachid Benzine, politologue&nbsp;: \u00ab&nbsp;le Nouveau Front populaire est et restera la solution&nbsp;\u00bb Selon le politologue Rachid Benzine, le Nouveau Front populaire peut encore l\u2019emporter au second tour des l\u00e9gislatives. \u00c0 terme, la gauche doit se reconstruire en r\u00e9activant les solidarit\u00e9s entre les classes populaires, rurales comme urbaines. En d\u00e9bat Publi\u00e9 le 1 juillet 2024Mis \u00e0 jour le 1 juillet 2024 \u00e0 16:42 Scarlett BainLucien Roull\u00e9 &nbsp; &nbsp; &nbsp; &nbsp; &nbsp; &nbsp; Le politologue Rachid Benzine. \u00a9 Patrice Normand\/Leextra via opale.photo Quelle ... Lire la suite...","og_url":"https:\/\/www.gastonballiot.fr\/?p=12486","og_site_name":"Le blog politique de Gaston","article_publisher":"https:\/\/www.facebook.com\/gaston.balliot\/","article_author":"https:\/\/www.facebook.com\/gaston.balliot\/","article_published_time":"2024-07-01T16:21:20+00:00","article_modified_time":"2024-07-01T16:24:03+00:00","og_image":[{"url":"https:\/\/www.humanite.fr\/wp-content\/uploads\/2024\/07\/p5-rachid-benzine_MAR.jpg?w=1024","type":"","width":"","height":""}],"author":"gb","twitter_card":"summary_large_image","twitter_misc":{"\u00c9crit par":"gb","Dur\u00e9e de lecture estim\u00e9e":"6 minutes"},"schema":{"@context":"https:\/\/schema.org","@graph":[{"@type":"Article","@id":"https:\/\/www.gastonballiot.fr\/?p=12486#article","isPartOf":{"@id":"https:\/\/www.gastonballiot.fr\/?p=12486"},"author":{"name":"gb","@id":"https:\/\/www.gastonballiot.fr\/#\/schema\/person\/244a5e02696abd8a65c5b1bebdb948ca"},"headline":"Rachid Benzine, politologue\u00a0: \u00ab\u00a0le Nouveau Front populaire est et restera la solution\u00a0\u00bb","datePublished":"2024-07-01T16:21:20+00:00","dateModified":"2024-07-01T16:24:03+00:00","mainEntityOfPage":{"@id":"https:\/\/www.gastonballiot.fr\/?p=12486"},"wordCount":1110,"publisher":{"@id":"https:\/\/www.gastonballiot.fr\/#\/schema\/person\/244a5e02696abd8a65c5b1bebdb948ca"},"image":{"@id":"https:\/\/www.gastonballiot.fr\/?p=12486#primaryimage"},"thumbnailUrl":"https:\/\/www.humanite.fr\/wp-content\/uploads\/2024\/07\/p5-rachid-benzine_MAR.jpg?w=1024","keywords":["Front populaire"],"articleSection":["A la une","D\u00e9mocratie"],"inLanguage":"fr-FR"},{"@type":"WebPage","@id":"https:\/\/www.gastonballiot.fr\/?p=12486","url":"https:\/\/www.gastonballiot.fr\/?p=12486","name":"Rachid Benzine, politologue\u00a0: \u00ab\u00a0le Nouveau Front populaire est et restera la solution\u00a0\u00bb - Le blog politique de Gaston","isPartOf":{"@id":"https:\/\/www.gastonballiot.fr\/#website"},"primaryImageOfPage":{"@id":"https:\/\/www.gastonballiot.fr\/?p=12486#primaryimage"},"image":{"@id":"https:\/\/www.gastonballiot.fr\/?p=12486#primaryimage"},"thumbnailUrl":"https:\/\/www.humanite.fr\/wp-content\/uploads\/2024\/07\/p5-rachid-benzine_MAR.jpg?w=1024","datePublished":"2024-07-01T16:21:20+00:00","dateModified":"2024-07-01T16:24:03+00:00","breadcrumb":{"@id":"https:\/\/www.gastonballiot.fr\/?p=12486#breadcrumb"},"inLanguage":"fr-FR","potentialAction":[{"@type":"ReadAction","target":["https:\/\/www.gastonballiot.fr\/?p=12486"]}]},{"@type":"ImageObject","inLanguage":"fr-FR","@id":"https:\/\/www.gastonballiot.fr\/?p=12486#primaryimage","url":"https:\/\/www.humanite.fr\/wp-content\/uploads\/2024\/07\/p5-rachid-benzine_MAR.jpg?w=1024","contentUrl":"https:\/\/www.humanite.fr\/wp-content\/uploads\/2024\/07\/p5-rachid-benzine_MAR.jpg?w=1024"},{"@type":"BreadcrumbList","@id":"https:\/\/www.gastonballiot.fr\/?p=12486#breadcrumb","itemListElement":[{"@type":"ListItem","position":1,"name":"Accueil","item":"https:\/\/www.gastonballiot.fr\/"},{"@type":"ListItem","position":2,"name":"Rachid Benzine, politologue\u00a0: \u00ab\u00a0le Nouveau Front populaire est et restera la solution\u00a0\u00bb"}]},{"@type":"WebSite","@id":"https:\/\/www.gastonballiot.fr\/#website","url":"https:\/\/www.gastonballiot.fr\/","name":"Le blog politique de Gaston","description":"L&#039;humain d&#039;abord, pas la finance !","publisher":{"@id":"https:\/\/www.gastonballiot.fr\/#\/schema\/person\/244a5e02696abd8a65c5b1bebdb948ca"},"potentialAction":[{"@type":"SearchAction","target":{"@type":"EntryPoint","urlTemplate":"https:\/\/www.gastonballiot.fr\/?s={search_term_string}"},"query-input":{"@type":"PropertyValueSpecification","valueRequired":true,"valueName":"search_term_string"}}],"inLanguage":"fr-FR"},{"@type":["Person","Organization"],"@id":"https:\/\/www.gastonballiot.fr\/#\/schema\/person\/244a5e02696abd8a65c5b1bebdb948ca","name":"gb","image":{"@type":"ImageObject","inLanguage":"fr-FR","@id":"https:\/\/i0.wp.com\/www.gastonballiot.fr\/wp-content\/uploads\/2017\/04\/cropped-Marianne-drapeau-rouge.gif?fit=512%2C512&ssl=1","url":"https:\/\/i0.wp.com\/www.gastonballiot.fr\/wp-content\/uploads\/2017\/04\/cropped-Marianne-drapeau-rouge.gif?fit=512%2C512&ssl=1","contentUrl":"https:\/\/i0.wp.com\/www.gastonballiot.fr\/wp-content\/uploads\/2017\/04\/cropped-Marianne-drapeau-rouge.gif?fit=512%2C512&ssl=1","width":512,"height":512,"caption":"gb"},"logo":{"@id":"https:\/\/i0.wp.com\/www.gastonballiot.fr\/wp-content\/uploads\/2017\/04\/cropped-Marianne-drapeau-rouge.gif?fit=512%2C512&ssl=1"},"description":"Gaston Balliot, militant du Front de Gauche en pays bigouden - Pont L'Abb\u00e9 - Loctudy - Guilvinec - Penmarc'h - Ile Tudy - Combrit Ste Marine - Tr\u00e9meoc - Plon\u00e9our, p\u00eache tourisme","sameAs":["https:\/\/www.facebook.com\/gaston.balliot\/"]}]}},"jetpack_featured_media_url":"","jetpack_shortlink":"https:\/\/wp.me\/p5UTaD-3fo","jetpack-related-posts":[],"jetpack_likes_enabled":true,"jetpack_sharing_enabled":true,"_links":{"self":[{"href":"https:\/\/www.gastonballiot.fr\/index.php?rest_route=\/wp\/v2\/posts\/12486","targetHints":{"allow":["GET"]}}],"collection":[{"href":"https:\/\/www.gastonballiot.fr\/index.php?rest_route=\/wp\/v2\/posts"}],"about":[{"href":"https:\/\/www.gastonballiot.fr\/index.php?rest_route=\/wp\/v2\/types\/post"}],"author":[{"embeddable":true,"href":"https:\/\/www.gastonballiot.fr\/index.php?rest_route=\/wp\/v2\/users\/1"}],"replies":[{"embeddable":true,"href":"https:\/\/www.gastonballiot.fr\/index.php?rest_route=%2Fwp%2Fv2%2Fcomments&post=12486"}],"version-history":[{"count":3,"href":"https:\/\/www.gastonballiot.fr\/index.php?rest_route=\/wp\/v2\/posts\/12486\/revisions"}],"predecessor-version":[{"id":12489,"href":"https:\/\/www.gastonballiot.fr\/index.php?rest_route=\/wp\/v2\/posts\/12486\/revisions\/12489"}],"wp:attachment":[{"href":"https:\/\/www.gastonballiot.fr\/index.php?rest_route=%2Fwp%2Fv2%2Fmedia&parent=12486"}],"wp:term":[{"taxonomy":"category","embeddable":true,"href":"https:\/\/www.gastonballiot.fr\/index.php?rest_route=%2Fwp%2Fv2%2Fcategories&post=12486"},{"taxonomy":"post_tag","embeddable":true,"href":"https:\/\/www.gastonballiot.fr\/index.php?rest_route=%2Fwp%2Fv2%2Ftags&post=12486"}],"curies":[{"name":"wp","href":"https:\/\/api.w.org\/{rel}","templated":true}]}}