{"id":13226,"date":"2025-01-21T08:34:39","date_gmt":"2025-01-21T07:34:39","guid":{"rendered":"https:\/\/www.gastonballiot.fr\/?p=13226"},"modified":"2025-02-23T09:07:04","modified_gmt":"2025-02-23T08:07:04","slug":"debat-sur-la-reforme-des-retraites-et-sur-le-budget-2025","status":"publish","type":"post","link":"https:\/\/www.gastonballiot.fr\/?p=13226","title":{"rendered":"D\u00e9bat sur la r\u00e9forme des retraites et sur le budget 2025.."},"content":{"rendered":"<p style=\"text-align: center;\"><em>Cet article sera compl\u00e9t\u00e9 au fil des d\u00e9bats de ce d\u00e9but 2025<\/em><\/p>\n<h3><a href=\"https:\/\/www.gastonballiot.fr\/?p=13216\" target=\"_blank\" rel=\"noopener\">Le 17 janvier 2025 Fran\u00e7ois Bayrou ouvrait so \u00ab\u00a0conclave\u00a0\u00bb sur la r\u00e9forme des retraites :<br \/>\nConcertation sur les retraites : l&rsquo;intervention de Sophie Binet devant le 1er ministre<\/a><\/h3>\n<h3 class=\"post-title\">La mani\u00e8re dont Fran\u00e7ois Bayrou pr\u00e9sente le d\u00e9ficit du syst\u00e8me des retraites est fantaisiste selon Micha\u00ebl Zemmour<\/h3>\n<p style=\"text-align: center;\"><a href=\"https:\/\/www.alternatives-economiques.fr\/michael-zemmour-maniere-de-francois-bayrou-de-presenter-defici\/00113736\" target=\"_blank\" rel=\"noopener\">https:\/\/www.alternatives-economiques.fr\/michael-zemmour-maniere-de-francois-bayrou-de-presenter-defici\/00113736<\/a><\/p>\n<h3><a href=\"https:\/\/www.google.fr\/url?sa=t&amp;source=web&amp;rct=j&amp;opi=89978449&amp;url=https:\/\/www.bfmtv.com\/politique\/retraites-les-francais-n-ont-jamais-accepte-cette-reforme-affirme-ian-brossat-pcf_VN-202501170965.html&amp;ved=2ahUKEwia177NjISLAxU-V6QEHQ-7KooQvOMEKAB6BAgOEAE&amp;usg=AOvVaw1VkRIcHACQK9RhhmtL75Hc\" target=\"_blank\" rel=\"noopener\">Ian Brossat : Les Fran\u00e7ais n&rsquo;ont jamais accept\u00e9 cette r\u00e9forme<\/a><\/h3>\n<p>Intervention de C\u00e9cile Cukierman au S\u00e9nat devant Fran\u00e7ois Bayrou :<\/p>\n<h3><iframe loading=\"lazy\" title=\"Monsieur le Premier ministre, abrogez la r\u00e9forme des retraites ! #bayrou C\u00e9cile Cukierman, s\u00e9natrice\" src=\"https:\/\/www.youtube.com\/embed\/UGXsWGwn6aA\" width=\"315\" height=\"560\" frameborder=\"0\" allowfullscreen=\"allowfullscreen\"><\/iframe>&nbsp;<\/h3>\n<h3 class=\"post-title\"><a href=\"https:\/\/fdgpierrebe.over-blog.com\/2025\/01\/retraites.ce-que-ne-dira-pas-la-cour-des-comptes-par-jean-christophe-le-duigou.html?utm_source=_ob_email&amp;utm_medium=_ob_notification&amp;utm_campaign=_ob_pushmail\" target=\"_blank\" rel=\"noopener\">Retraites. Ce que ne dira pas la Cour des comptes par Jean Christophe Le Duigou<\/a><\/h3>\n<h3><a href=\"https:\/\/fdgpierrebe.over-blog.com\/2025\/02\/intervention-de-sophie-binet-sur-le-rapport-de-la-cour-des-comptes-sur-les-retraites.html?utm_source=_ob_email&amp;utm_medium=_ob_notification&amp;utm_campaign=_ob_pushmail\" target=\"_blank\" rel=\"noopener\">Intervention de Sophie Binet \u00e0 propos du rapport de la Cour des Comptes sur les retraites<\/a><\/h3>\n<p>Le dessin de Nono il y a 2 ans reste h\u00e9las d&rsquo;actualit\u00e9..<a href=\"https:\/\/i0.wp.com\/www.gastonballiot.fr\/wp-content\/uploads\/2025\/01\/IlsVeulent.jpg?ssl=1\"><img data-recalc-dims=\"1\" loading=\"lazy\" decoding=\"async\" data-attachment-id=\"13235\" data-permalink=\"https:\/\/www.gastonballiot.fr\/?attachment_id=13235#main\" data-orig-file=\"https:\/\/i0.wp.com\/www.gastonballiot.fr\/wp-content\/uploads\/2025\/01\/IlsVeulent.jpg?fit=1181%2C1045&amp;ssl=1\" data-orig-size=\"1181,1045\" data-comments-opened=\"0\" data-image-meta=\"{&quot;aperture&quot;:&quot;0&quot;,&quot;credit&quot;:&quot;&quot;,&quot;camera&quot;:&quot;&quot;,&quot;caption&quot;:&quot;&quot;,&quot;created_timestamp&quot;:&quot;0&quot;,&quot;copyright&quot;:&quot;&quot;,&quot;focal_length&quot;:&quot;0&quot;,&quot;iso&quot;:&quot;0&quot;,&quot;shutter_speed&quot;:&quot;0&quot;,&quot;title&quot;:&quot;&quot;,&quot;orientation&quot;:&quot;0&quot;}\" data-image-title=\"IlsVeulent\" data-image-description=\"\" data-image-caption=\"\" data-medium-file=\"https:\/\/i0.wp.com\/www.gastonballiot.fr\/wp-content\/uploads\/2025\/01\/IlsVeulent.jpg?fit=300%2C265&amp;ssl=1\" data-large-file=\"https:\/\/i0.wp.com\/www.gastonballiot.fr\/wp-content\/uploads\/2025\/01\/IlsVeulent.jpg?fit=1024%2C906&amp;ssl=1\" class=\"aligncenter wp-image-13235 size-large\" src=\"https:\/\/i0.wp.com\/www.gastonballiot.fr\/wp-content\/uploads\/2025\/01\/IlsVeulent.jpg?resize=1024%2C906&#038;ssl=1\" alt=\"\" width=\"1024\" height=\"906\" srcset=\"https:\/\/i0.wp.com\/www.gastonballiot.fr\/wp-content\/uploads\/2025\/01\/IlsVeulent.jpg?resize=1024%2C906&amp;ssl=1 1024w, https:\/\/i0.wp.com\/www.gastonballiot.fr\/wp-content\/uploads\/2025\/01\/IlsVeulent.jpg?resize=300%2C265&amp;ssl=1 300w, https:\/\/i0.wp.com\/www.gastonballiot.fr\/wp-content\/uploads\/2025\/01\/IlsVeulent.jpg?resize=768%2C680&amp;ssl=1 768w, https:\/\/i0.wp.com\/www.gastonballiot.fr\/wp-content\/uploads\/2025\/01\/IlsVeulent.jpg?w=1181&amp;ssl=1 1181w\" sizes=\"auto, (max-width: 1024px) 100vw, 1024px\" \/><\/a><\/p>\n<h1 style=\"text-align: center;\">***&nbsp; BUDGET&nbsp; ***<\/h1>\n<p>Dans un budget il y a les d\u00e9penses et les recettes. Curieux, on ne nous parle que de diminuer les d\u00e9penses..<\/p>\n<p>La dette publique est \u00ab\u00a0la tarte \u00e0 la cr\u00e8me\u00a0\u00bb pour justifier l&rsquo;aust\u00e9rit\u00e9.<\/p>\n<h2 style=\"text-align: center;\">Quelques arguments :<a href=\"https:\/\/i0.wp.com\/www.gastonballiot.fr\/wp-content\/uploads\/2025\/01\/DetteTitreHuma25janv25.jpg?ssl=1\"><img data-recalc-dims=\"1\" loading=\"lazy\" decoding=\"async\" data-attachment-id=\"13237\" data-permalink=\"https:\/\/www.gastonballiot.fr\/?attachment_id=13237#main\" data-orig-file=\"https:\/\/i0.wp.com\/www.gastonballiot.fr\/wp-content\/uploads\/2025\/01\/DetteTitreHuma25janv25.jpg?fit=1705%2C621&amp;ssl=1\" data-orig-size=\"1705,621\" data-comments-opened=\"0\" data-image-meta=\"{&quot;aperture&quot;:&quot;0&quot;,&quot;credit&quot;:&quot;&quot;,&quot;camera&quot;:&quot;&quot;,&quot;caption&quot;:&quot;&quot;,&quot;created_timestamp&quot;:&quot;0&quot;,&quot;copyright&quot;:&quot;&quot;,&quot;focal_length&quot;:&quot;0&quot;,&quot;iso&quot;:&quot;0&quot;,&quot;shutter_speed&quot;:&quot;0&quot;,&quot;title&quot;:&quot;&quot;,&quot;orientation&quot;:&quot;0&quot;}\" data-image-title=\"DetteTitreHuma25janv25\" data-image-description=\"\" data-image-caption=\"\" data-medium-file=\"https:\/\/i0.wp.com\/www.gastonballiot.fr\/wp-content\/uploads\/2025\/01\/DetteTitreHuma25janv25.jpg?fit=300%2C109&amp;ssl=1\" data-large-file=\"https:\/\/i0.wp.com\/www.gastonballiot.fr\/wp-content\/uploads\/2025\/01\/DetteTitreHuma25janv25.jpg?fit=1024%2C373&amp;ssl=1\" class=\"aligncenter wp-image-13237 size-large\" src=\"https:\/\/i0.wp.com\/www.gastonballiot.fr\/wp-content\/uploads\/2025\/01\/DetteTitreHuma25janv25.jpg?resize=1024%2C373&#038;ssl=1\" alt=\"\" width=\"1024\" height=\"373\" srcset=\"https:\/\/i0.wp.com\/www.gastonballiot.fr\/wp-content\/uploads\/2025\/01\/DetteTitreHuma25janv25.jpg?resize=1024%2C373&amp;ssl=1 1024w, https:\/\/i0.wp.com\/www.gastonballiot.fr\/wp-content\/uploads\/2025\/01\/DetteTitreHuma25janv25.jpg?resize=300%2C109&amp;ssl=1 300w, https:\/\/i0.wp.com\/www.gastonballiot.fr\/wp-content\/uploads\/2025\/01\/DetteTitreHuma25janv25.jpg?resize=768%2C280&amp;ssl=1 768w, https:\/\/i0.wp.com\/www.gastonballiot.fr\/wp-content\/uploads\/2025\/01\/DetteTitreHuma25janv25.jpg?resize=1536%2C559&amp;ssl=1 1536w, https:\/\/i0.wp.com\/www.gastonballiot.fr\/wp-content\/uploads\/2025\/01\/DetteTitreHuma25janv25.jpg?resize=1320%2C481&amp;ssl=1 1320w, https:\/\/i0.wp.com\/www.gastonballiot.fr\/wp-content\/uploads\/2025\/01\/DetteTitreHuma25janv25.jpg?w=1705&amp;ssl=1 1705w\" sizes=\"auto, (max-width: 1024px) 100vw, 1024px\" \/><\/a><br \/>\n<a href=\"https:\/\/www.gastonballiot.fr\/wp-content\/uploads\/2025\/01\/DetteHuma20janv25.pdf\" target=\"_blank\" rel=\"noopener\">L&rsquo;article complet en PDF<\/a><\/h2>\n<h3><a href=\"https:\/\/www.gastonballiot.fr\/?p=12918\" target=\"_blank\" rel=\"noopener\">Voir aussi sur la dette mon article pr\u00e9c\u00e9dent<\/a><\/h3>\n<hr>\n<h2><a href=\"https:\/\/fdgpierrebe.over-blog.com\/2025\/01\/budget-2025.pour-l-amf-l-austerite-pour-les-communes-est-une-erreur-srtategique.html\" target=\"_blank\" rel=\"noopener\">Budget 2025. Pour l&rsquo;AMF (Association des maires de France) l&rsquo;aust\u00e9rit\u00e9 pour les communes est une erreur srtat\u00e9gique !<\/a><\/h2>\n<hr>\n<h2>L&rsquo;ind\u00e9cence des grands patrons<\/h2>\n<p>L\u2019offensive est coordonn\u00e9e mais elle n\u2019a rien d\u2019originale. Son but&nbsp;? Peser sur le conclave o\u00f9 sont r\u00e9unis encore aujourd&rsquo;hui d\u00e9put\u00e9s et s\u00e9nateurs pour tenter de rendre une copie commune sur le budget. Bernard Arnault en t\u00eate, les grands patrons se relaient ces derniers jours pour porter l\u2019estocade contre un pr\u00e9tendu \u00ab&nbsp;matraquage fiscale&nbsp;\u00bb \u00e0 grand renfort de chantage \u00e0 l\u2019emploi. Le tout en revendiquant un mod\u00e8le qui a de quoi faire fr\u00e9mir&nbsp;: Donald Trump.<\/p>\n<p>Au c\u0153ur du courroux patronal&nbsp;: la surtaxe pour les entreprises r\u00e9alisant plus de 3&nbsp;milliards de chiffre d\u2019affaires qui devrait rapporter 8&nbsp;milliards suppl\u00e9mentaires. Une paille au regard des pr\u00e8s 100&nbsp;milliards d\u2019euros distribu\u00e9s sur l\u2019ann\u00e9e \u00e9coul\u00e9e par les plus grandes entreprises du pays (celle du CAC 40) \u00e0 leurs actionnaires. Mais d\u00e9j\u00e0 tellement trop pour l\u2019homme le plus riche de France et ses acolytes. Tout comme la contribution diff\u00e9rentielle sur les hauts revenus \u00e0 2&nbsp;milliards d\u2019euros. Qu\u2019ils se rassurent, les porte-voix de l\u2019ex\u00e9cutif au parlement ont entendu le message et ont limit\u00e9 l\u2019obole \u00e0 une seule petite ann\u00e9e. Le patron de LVMH et sa fortune \u00e9quivalente \u00e0 plusieurs millions d\u2019ann\u00e9es au salaire moyen peuvent dormir tranquille.<\/p>\n<p style=\"text-align: right;\">Julia Hamlaoui, cheffe de service de L&rsquo;Humatinale le 30\/01\/25<br \/>\n\u00ad<\/p>\n<hr>\n<p><a href=\"https:\/\/i0.wp.com\/www.gastonballiot.fr\/wp-content\/uploads\/2025\/01\/CentreBlabla.jpg?ssl=1\"><img data-recalc-dims=\"1\" loading=\"lazy\" decoding=\"async\" data-attachment-id=\"13253\" data-permalink=\"https:\/\/www.gastonballiot.fr\/?attachment_id=13253#main\" data-orig-file=\"https:\/\/i0.wp.com\/www.gastonballiot.fr\/wp-content\/uploads\/2025\/01\/CentreBlabla.jpg?fit=326%2C85&amp;ssl=1\" data-orig-size=\"326,85\" data-comments-opened=\"0\" data-image-meta=\"{&quot;aperture&quot;:&quot;0&quot;,&quot;credit&quot;:&quot;&quot;,&quot;camera&quot;:&quot;&quot;,&quot;caption&quot;:&quot;&quot;,&quot;created_timestamp&quot;:&quot;0&quot;,&quot;copyright&quot;:&quot;&quot;,&quot;focal_length&quot;:&quot;0&quot;,&quot;iso&quot;:&quot;0&quot;,&quot;shutter_speed&quot;:&quot;0&quot;,&quot;title&quot;:&quot;&quot;,&quot;orientation&quot;:&quot;0&quot;}\" data-image-title=\"CentreBlabla\" data-image-description=\"\" data-image-caption=\"\" data-medium-file=\"https:\/\/i0.wp.com\/www.gastonballiot.fr\/wp-content\/uploads\/2025\/01\/CentreBlabla.jpg?fit=300%2C78&amp;ssl=1\" data-large-file=\"https:\/\/i0.wp.com\/www.gastonballiot.fr\/wp-content\/uploads\/2025\/01\/CentreBlabla.jpg?fit=326%2C85&amp;ssl=1\" class=\"aligncenter size-full wp-image-13253\" src=\"https:\/\/i0.wp.com\/www.gastonballiot.fr\/wp-content\/uploads\/2025\/01\/CentreBlabla.jpg?resize=326%2C85&#038;ssl=1\" alt=\"\" width=\"326\" height=\"85\" srcset=\"https:\/\/i0.wp.com\/www.gastonballiot.fr\/wp-content\/uploads\/2025\/01\/CentreBlabla.jpg?w=326&amp;ssl=1 326w, https:\/\/i0.wp.com\/www.gastonballiot.fr\/wp-content\/uploads\/2025\/01\/CentreBlabla.jpg?resize=300%2C78&amp;ssl=1 300w\" sizes=\"auto, (max-width: 326px) 100vw, 326px\" \/><\/a>Le \u00ab&nbsp;et de droite et de gauche&nbsp;\u00bb, revendiqu\u00e9 par Emmanuel Macron, a tout de l\u2019arnaque. Le pr\u00e9sident l\u2019a de longue date d\u00e9montr\u00e9. Le mantra est pourtant repris encore et encore, dans l\u2019espoir de vendre l\u2019id\u00e9e que la voie du \u00ab&nbsp;centre&nbsp;\u00bb est la seule raisonnable, au-del\u00e0 des postures. C\u2019est \u00e0 nouveau &#8211; plus de 7&nbsp;ans apr\u00e8s l\u2019arriv\u00e9e au pouvoir de la Macronie &#8211; le coup que tente de jouer l\u2019actuel premier ministre Fran\u00e7ois Bayrou. Un jeu auquel il s\u2019est d\u2019ailleurs toujours pr\u00eat\u00e9. Mais le locataire de Matignon et son gouvernement le prouvent encore une fois&nbsp;: dans cette \u00e9quipe-l\u00e0, les milieux jouent \u00e0 droite.<\/p>\n<p>Dernier exemple en date&nbsp;? Le retour des 7&nbsp;heures de travail suppl\u00e9mentaire et gratuit (!) que l\u2019ex\u00e9cutif songe \u00e0 imposer aux salari\u00e9s pour remplir les caisses de l\u2019\u00c9tat en lieu et place de taxer \u00e0 la hauteur des besoins les grandes fortunes et les entreprises qui ont distribu\u00e9 pr\u00e8s de 100&nbsp;milliards d\u2019euros \u00e0 leurs actionnaires sur l\u2019ann\u00e9e \u00e9coul\u00e9e. Le centre \u00ab&nbsp;souhaite transcender les clivages mais il conduit en r\u00e9alit\u00e9 une politique au service des plus riches et du capital&nbsp;\u00bb, r\u00e9sume le chef de file des d\u00e9put\u00e9s communistes Andr\u00e9 Chassaigne. La gauche n\u2019en esp\u00e8re pas moins s\u2019emparer de la balle et marqu\u00e9 des buts \u00e0 gauche au cours de l\u2019examen du budget.<\/p>\n<p>Julia Hamlaoui,&nbsp;<br \/>\ncheffe&nbsp;de service de L&rsquo;Humatinale<\/p>\n<hr>\n<p><a href=\"https:\/\/fdgpierrebe.over-blog.com\/2025\/01\/des-versements-de-dividendes-records-pour-les-actionnaires-du-cac-40-en-2024.html\" target=\"_blank\" rel=\"noopener\">Apr\u00e8s les 80,2 milliards d\u2019euros vers\u00e9s aux actionnaires en 2022 et les 97,1 milliards en 2023, les quarante plus grands groupes fran\u00e7ais ont vers\u00e9 98,2 milliards d\u2019euros \u00e0 leurs actionnaires en 2024 ! Alors que la crise inflationniste a mis \u00e0 mal le monde du travail en r\u00e9duisant le pouvoir d\u2019achat et en d\u00e9gradant les conditions de vie des travailleurs et des travailleuses, ces r\u00e9sultats mettent en \u00e9vidence les in\u00e9galit\u00e9s criantes qui traversent la soci\u00e9t\u00e9 fran\u00e7aise, et appellent \u00e0 une meilleure r\u00e9partition de la richesse produite.&nbsp; (cliquer pour lire)<\/a><br \/>\n&nbsp;<\/p>\n<p>DE l&rsquo;argent il y en a ! Un seul exemple :<br \/>\n\u00ad<\/p>\n<figure id=\"attachment_13249\" aria-describedby=\"caption-attachment-13249\" style=\"width: 671px\" class=\"wp-caption alignnone\"><a href=\"https:\/\/i0.wp.com\/www.gastonballiot.fr\/wp-content\/uploads\/2025\/01\/CAC40dividendes-1.jpg?ssl=1\"><img data-recalc-dims=\"1\" loading=\"lazy\" decoding=\"async\" data-attachment-id=\"13249\" data-permalink=\"https:\/\/www.gastonballiot.fr\/?attachment_id=13249#main\" data-orig-file=\"https:\/\/i0.wp.com\/www.gastonballiot.fr\/wp-content\/uploads\/2025\/01\/CAC40dividendes-1.jpg?fit=681%2C852&amp;ssl=1\" data-orig-size=\"681,852\" data-comments-opened=\"0\" data-image-meta=\"{&quot;aperture&quot;:&quot;0&quot;,&quot;credit&quot;:&quot;&quot;,&quot;camera&quot;:&quot;&quot;,&quot;caption&quot;:&quot;&quot;,&quot;created_timestamp&quot;:&quot;0&quot;,&quot;copyright&quot;:&quot;&quot;,&quot;focal_length&quot;:&quot;0&quot;,&quot;iso&quot;:&quot;0&quot;,&quot;shutter_speed&quot;:&quot;0&quot;,&quot;title&quot;:&quot;&quot;,&quot;orientation&quot;:&quot;0&quot;}\" data-image-title=\"CAC40dividendes\" data-image-description=\"\" data-image-caption=\"\" data-medium-file=\"https:\/\/i0.wp.com\/www.gastonballiot.fr\/wp-content\/uploads\/2025\/01\/CAC40dividendes-1.jpg?fit=240%2C300&amp;ssl=1\" data-large-file=\"https:\/\/i0.wp.com\/www.gastonballiot.fr\/wp-content\/uploads\/2025\/01\/CAC40dividendes-1.jpg?fit=681%2C852&amp;ssl=1\" class=\"wp-image-13249 size-full\" src=\"https:\/\/i0.wp.com\/www.gastonballiot.fr\/wp-content\/uploads\/2025\/01\/CAC40dividendes-1.jpg?resize=681%2C852&#038;ssl=1\" alt=\"\" width=\"681\" height=\"852\" srcset=\"https:\/\/i0.wp.com\/www.gastonballiot.fr\/wp-content\/uploads\/2025\/01\/CAC40dividendes-1.jpg?w=681&amp;ssl=1 681w, https:\/\/i0.wp.com\/www.gastonballiot.fr\/wp-content\/uploads\/2025\/01\/CAC40dividendes-1.jpg?resize=240%2C300&amp;ssl=1 240w\" sizes=\"auto, (max-width: 681px) 100vw, 681px\" \/><\/a><figcaption id=\"caption-attachment-13249\" class=\"wp-caption-text\">et tout cela avec des cotisations tr\u00e8s minimes<\/figcaption><\/figure>\n<h3 style=\"text-align: center;\"><a href=\"https:\/\/www.humanite.fr\/en-debat\/budget\/lemotion-de-censure\" target=\"_blank\" rel=\"noopener\">7 f\u00e9vrier 2025 Tribune de Fabien Roussel : L&rsquo;\u00e9motion de censure<\/a><\/h3>\n","protected":false},"excerpt":{"rendered":"<p>Cet article sera compl\u00e9t\u00e9 au fil des d\u00e9bats de ce d\u00e9but 2025 Le 17 janvier 2025 Fran\u00e7ois Bayrou ouvrait so \u00ab\u00a0conclave\u00a0\u00bb sur la r\u00e9forme des retraites : Concertation sur les retraites : l&rsquo;intervention de Sophie Binet devant le 1er ministre La mani\u00e8re dont Fran\u00e7ois Bayrou pr\u00e9sente le d\u00e9ficit du syst\u00e8me des retraites est fantaisiste selon Micha\u00ebl Zemmour https:\/\/www.alternatives-economiques.fr\/michael-zemmour-maniere-de-francois-bayrou-de-presenter-defici\/00113736 Ian Brossat : Les Fran\u00e7ais n&rsquo;ont jamais accept\u00e9 cette r\u00e9forme Intervention de C\u00e9cile Cukierman au S\u00e9nat devant Fran\u00e7ois Bayrou : &nbsp; Retraites. Ce &#8230; <a title=\"D\u00e9bat sur la r\u00e9forme des retraites et sur le budget 2025..\" class=\"read-more\" href=\"https:\/\/www.gastonballiot.fr\/?p=13226\" aria-label=\"Plus sur D\u00e9bat sur la r\u00e9forme des retraites et sur le budget 2025..\">Lire la suite&#8230;<\/a><\/p>\n","protected":false},"author":1,"featured_media":0,"comment_status":"closed","ping_status":"closed","sticky":false,"template":"","format":"standard","meta":{"ngg_post_thumbnail":0,"jetpack_post_was_ever_published":false,"_jetpack_newsletter_access":"","_jetpack_dont_email_post_to_subs":false,"_jetpack_newsletter_tier_id":0,"_jetpack_memberships_contains_paywalled_content":false,"_jetpack_memberships_contains_paid_content":false,"footnotes":"","jetpack_publicize_message":"","jetpack_publicize_feature_enabled":true,"jetpack_social_post_already_shared":false,"jetpack_social_options":{"image_generator_settings":{"template":"highway","enabled":false},"version":2}},"categories":[2,20,16],"tags":[623,51,119],"class_list":["post-13226","post","type-post","status-publish","format-standard","hentry","category-a-la-une","category-retraites","category-social","tag-budget","tag-dette","tag-retraites","infinite-scroll-item","masonry-post","generate-columns","tablet-grid-50","mobile-grid-100","grid-parent","grid-33"],"jetpack_publicize_connections":[],"yoast_head":"<!-- This site is optimized with the Yoast SEO plugin v27.5 - https:\/\/yoast.com\/product\/yoast-seo-wordpress\/ -->\n<title>D\u00e9bat sur la r\u00e9forme des retraites et sur le budget 2025.. - Le blog politique de Gaston<\/title>\n<meta name=\"robots\" content=\"index, follow, max-snippet:-1, max-image-preview:large, max-video-preview:-1\" \/>\n<link rel=\"canonical\" href=\"https:\/\/www.gastonballiot.fr\/?p=13226\" \/>\n<meta property=\"og:locale\" content=\"fr_FR\" \/>\n<meta property=\"og:type\" content=\"article\" \/>\n<meta property=\"og:title\" content=\"D\u00e9bat sur la r\u00e9forme des retraites et sur le budget 2025.. - Le blog politique de Gaston\" \/>\n<meta property=\"og:description\" content=\"Cet article sera compl\u00e9t\u00e9 au fil des d\u00e9bats de ce d\u00e9but 2025 Le 17 janvier 2025 Fran\u00e7ois Bayrou ouvrait so \u00ab\u00a0conclave\u00a0\u00bb sur la r\u00e9forme des retraites : Concertation sur les retraites : l&rsquo;intervention de Sophie Binet devant le 1er ministre La mani\u00e8re dont Fran\u00e7ois Bayrou pr\u00e9sente le d\u00e9ficit du syst\u00e8me des retraites est fantaisiste selon Micha\u00ebl Zemmour https:\/\/www.alternatives-economiques.fr\/michael-zemmour-maniere-de-francois-bayrou-de-presenter-defici\/00113736 Ian Brossat : Les Fran\u00e7ais n&rsquo;ont jamais accept\u00e9 cette r\u00e9forme Intervention de C\u00e9cile Cukierman au S\u00e9nat devant Fran\u00e7ois Bayrou : &nbsp; Retraites. Ce ... Lire la suite...\" \/>\n<meta property=\"og:url\" content=\"https:\/\/www.gastonballiot.fr\/?p=13226\" \/>\n<meta property=\"og:site_name\" content=\"Le blog politique de Gaston\" \/>\n<meta property=\"article:publisher\" content=\"https:\/\/www.facebook.com\/gaston.balliot\/\" \/>\n<meta property=\"article:author\" content=\"https:\/\/www.facebook.com\/gaston.balliot\/\" \/>\n<meta property=\"article:published_time\" content=\"2025-01-21T07:34:39+00:00\" \/>\n<meta property=\"article:modified_time\" content=\"2025-02-23T08:07:04+00:00\" \/>\n<meta property=\"og:image\" content=\"https:\/\/i0.wp.com\/www.gastonballiot.fr\/wp-content\/uploads\/2025\/01\/IlsVeulent.jpg?fit=1181%2C1045&ssl=1\" \/>\n\t<meta property=\"og:image:width\" content=\"1181\" \/>\n\t<meta property=\"og:image:height\" content=\"1045\" \/>\n\t<meta property=\"og:image:type\" content=\"image\/jpeg\" \/>\n<meta name=\"author\" content=\"gb\" \/>\n<meta name=\"twitter:card\" content=\"summary_large_image\" \/>\n<meta name=\"twitter:label1\" content=\"\u00c9crit par\" \/>\n\t<meta name=\"twitter:data1\" content=\"gb\" \/>\n\t<meta name=\"twitter:label2\" content=\"Dur\u00e9e de lecture estim\u00e9e\" \/>\n\t<meta name=\"twitter:data2\" content=\"5 minutes\" \/>\n<script type=\"application\/ld+json\" class=\"yoast-schema-graph\">{\"@context\":\"https:\\\/\\\/schema.org\",\"@graph\":[{\"@type\":\"Article\",\"@id\":\"https:\\\/\\\/www.gastonballiot.fr\\\/?p=13226#article\",\"isPartOf\":{\"@id\":\"https:\\\/\\\/www.gastonballiot.fr\\\/?p=13226\"},\"author\":{\"name\":\"gb\",\"@id\":\"https:\\\/\\\/www.gastonballiot.fr\\\/#\\\/schema\\\/person\\\/244a5e02696abd8a65c5b1bebdb948ca\"},\"headline\":\"D\u00e9bat sur la r\u00e9forme des retraites et sur le budget 2025..\",\"datePublished\":\"2025-01-21T07:34:39+00:00\",\"dateModified\":\"2025-02-23T08:07:04+00:00\",\"mainEntityOfPage\":{\"@id\":\"https:\\\/\\\/www.gastonballiot.fr\\\/?p=13226\"},\"wordCount\":857,\"publisher\":{\"@id\":\"https:\\\/\\\/www.gastonballiot.fr\\\/#\\\/schema\\\/person\\\/244a5e02696abd8a65c5b1bebdb948ca\"},\"image\":{\"@id\":\"https:\\\/\\\/www.gastonballiot.fr\\\/?p=13226#primaryimage\"},\"thumbnailUrl\":\"https:\\\/\\\/www.gastonballiot.fr\\\/wp-content\\\/uploads\\\/2025\\\/01\\\/IlsVeulent-1024x906.jpg\",\"keywords\":[\"budget\",\"dette\",\"Retraites\"],\"articleSection\":[\"A la une\",\"Retraites\",\"Social\"],\"inLanguage\":\"fr-FR\"},{\"@type\":\"WebPage\",\"@id\":\"https:\\\/\\\/www.gastonballiot.fr\\\/?p=13226\",\"url\":\"https:\\\/\\\/www.gastonballiot.fr\\\/?p=13226\",\"name\":\"D\u00e9bat sur la r\u00e9forme des retraites et sur le budget 2025.. - Le blog politique de Gaston\",\"isPartOf\":{\"@id\":\"https:\\\/\\\/www.gastonballiot.fr\\\/#website\"},\"primaryImageOfPage\":{\"@id\":\"https:\\\/\\\/www.gastonballiot.fr\\\/?p=13226#primaryimage\"},\"image\":{\"@id\":\"https:\\\/\\\/www.gastonballiot.fr\\\/?p=13226#primaryimage\"},\"thumbnailUrl\":\"https:\\\/\\\/www.gastonballiot.fr\\\/wp-content\\\/uploads\\\/2025\\\/01\\\/IlsVeulent-1024x906.jpg\",\"datePublished\":\"2025-01-21T07:34:39+00:00\",\"dateModified\":\"2025-02-23T08:07:04+00:00\",\"breadcrumb\":{\"@id\":\"https:\\\/\\\/www.gastonballiot.fr\\\/?p=13226#breadcrumb\"},\"inLanguage\":\"fr-FR\",\"potentialAction\":[{\"@type\":\"ReadAction\",\"target\":[\"https:\\\/\\\/www.gastonballiot.fr\\\/?p=13226\"]}]},{\"@type\":\"ImageObject\",\"inLanguage\":\"fr-FR\",\"@id\":\"https:\\\/\\\/www.gastonballiot.fr\\\/?p=13226#primaryimage\",\"url\":\"https:\\\/\\\/i0.wp.com\\\/www.gastonballiot.fr\\\/wp-content\\\/uploads\\\/2025\\\/01\\\/IlsVeulent.jpg?fit=1181%2C1045&ssl=1\",\"contentUrl\":\"https:\\\/\\\/i0.wp.com\\\/www.gastonballiot.fr\\\/wp-content\\\/uploads\\\/2025\\\/01\\\/IlsVeulent.jpg?fit=1181%2C1045&ssl=1\",\"width\":1181,\"height\":1045},{\"@type\":\"BreadcrumbList\",\"@id\":\"https:\\\/\\\/www.gastonballiot.fr\\\/?p=13226#breadcrumb\",\"itemListElement\":[{\"@type\":\"ListItem\",\"position\":1,\"name\":\"Accueil\",\"item\":\"https:\\\/\\\/www.gastonballiot.fr\\\/\"},{\"@type\":\"ListItem\",\"position\":2,\"name\":\"D\u00e9bat sur la r\u00e9forme des retraites et sur le budget 2025..\"}]},{\"@type\":\"WebSite\",\"@id\":\"https:\\\/\\\/www.gastonballiot.fr\\\/#website\",\"url\":\"https:\\\/\\\/www.gastonballiot.fr\\\/\",\"name\":\"Le blog politique de Gaston\",\"description\":\"L&#039;humain d&#039;abord, pas la finance !\",\"publisher\":{\"@id\":\"https:\\\/\\\/www.gastonballiot.fr\\\/#\\\/schema\\\/person\\\/244a5e02696abd8a65c5b1bebdb948ca\"},\"potentialAction\":[{\"@type\":\"SearchAction\",\"target\":{\"@type\":\"EntryPoint\",\"urlTemplate\":\"https:\\\/\\\/www.gastonballiot.fr\\\/?s={search_term_string}\"},\"query-input\":{\"@type\":\"PropertyValueSpecification\",\"valueRequired\":true,\"valueName\":\"search_term_string\"}}],\"inLanguage\":\"fr-FR\"},{\"@type\":[\"Person\",\"Organization\"],\"@id\":\"https:\\\/\\\/www.gastonballiot.fr\\\/#\\\/schema\\\/person\\\/244a5e02696abd8a65c5b1bebdb948ca\",\"name\":\"gb\",\"image\":{\"@type\":\"ImageObject\",\"inLanguage\":\"fr-FR\",\"@id\":\"https:\\\/\\\/i0.wp.com\\\/www.gastonballiot.fr\\\/wp-content\\\/uploads\\\/2017\\\/04\\\/cropped-Marianne-drapeau-rouge.gif?fit=512%2C512&ssl=1\",\"url\":\"https:\\\/\\\/i0.wp.com\\\/www.gastonballiot.fr\\\/wp-content\\\/uploads\\\/2017\\\/04\\\/cropped-Marianne-drapeau-rouge.gif?fit=512%2C512&ssl=1\",\"contentUrl\":\"https:\\\/\\\/i0.wp.com\\\/www.gastonballiot.fr\\\/wp-content\\\/uploads\\\/2017\\\/04\\\/cropped-Marianne-drapeau-rouge.gif?fit=512%2C512&ssl=1\",\"width\":512,\"height\":512,\"caption\":\"gb\"},\"logo\":{\"@id\":\"https:\\\/\\\/i0.wp.com\\\/www.gastonballiot.fr\\\/wp-content\\\/uploads\\\/2017\\\/04\\\/cropped-Marianne-drapeau-rouge.gif?fit=512%2C512&ssl=1\"},\"description\":\"Gaston Balliot, militant du Front de Gauche en pays bigouden - Pont L'Abb\u00e9 - Loctudy - Guilvinec - Penmarc'h - Ile Tudy - Combrit Ste Marine - Tr\u00e9meoc - Plon\u00e9our, p\u00eache tourisme\",\"sameAs\":[\"https:\\\/\\\/www.facebook.com\\\/gaston.balliot\\\/\"]}]}<\/script>\n<!-- \/ Yoast SEO plugin. -->","yoast_head_json":{"title":"D\u00e9bat sur la r\u00e9forme des retraites et sur le budget 2025.. - Le blog politique de Gaston","robots":{"index":"index","follow":"follow","max-snippet":"max-snippet:-1","max-image-preview":"max-image-preview:large","max-video-preview":"max-video-preview:-1"},"canonical":"https:\/\/www.gastonballiot.fr\/?p=13226","og_locale":"fr_FR","og_type":"article","og_title":"D\u00e9bat sur la r\u00e9forme des retraites et sur le budget 2025.. - Le blog politique de Gaston","og_description":"Cet article sera compl\u00e9t\u00e9 au fil des d\u00e9bats de ce d\u00e9but 2025 Le 17 janvier 2025 Fran\u00e7ois Bayrou ouvrait so \u00ab\u00a0conclave\u00a0\u00bb sur la r\u00e9forme des retraites : Concertation sur les retraites : l&rsquo;intervention de Sophie Binet devant le 1er ministre La mani\u00e8re dont Fran\u00e7ois Bayrou pr\u00e9sente le d\u00e9ficit du syst\u00e8me des retraites est fantaisiste selon Micha\u00ebl Zemmour https:\/\/www.alternatives-economiques.fr\/michael-zemmour-maniere-de-francois-bayrou-de-presenter-defici\/00113736 Ian Brossat : Les Fran\u00e7ais n&rsquo;ont jamais accept\u00e9 cette r\u00e9forme Intervention de C\u00e9cile Cukierman au S\u00e9nat devant Fran\u00e7ois Bayrou : &nbsp; Retraites. Ce ... Lire la suite...","og_url":"https:\/\/www.gastonballiot.fr\/?p=13226","og_site_name":"Le blog politique de Gaston","article_publisher":"https:\/\/www.facebook.com\/gaston.balliot\/","article_author":"https:\/\/www.facebook.com\/gaston.balliot\/","article_published_time":"2025-01-21T07:34:39+00:00","article_modified_time":"2025-02-23T08:07:04+00:00","og_image":[{"width":1181,"height":1045,"url":"https:\/\/i0.wp.com\/www.gastonballiot.fr\/wp-content\/uploads\/2025\/01\/IlsVeulent.jpg?fit=1181%2C1045&ssl=1","type":"image\/jpeg"}],"author":"gb","twitter_card":"summary_large_image","twitter_misc":{"\u00c9crit par":"gb","Dur\u00e9e de lecture estim\u00e9e":"5 minutes"},"schema":{"@context":"https:\/\/schema.org","@graph":[{"@type":"Article","@id":"https:\/\/www.gastonballiot.fr\/?p=13226#article","isPartOf":{"@id":"https:\/\/www.gastonballiot.fr\/?p=13226"},"author":{"name":"gb","@id":"https:\/\/www.gastonballiot.fr\/#\/schema\/person\/244a5e02696abd8a65c5b1bebdb948ca"},"headline":"D\u00e9bat sur la r\u00e9forme des retraites et sur le budget 2025..","datePublished":"2025-01-21T07:34:39+00:00","dateModified":"2025-02-23T08:07:04+00:00","mainEntityOfPage":{"@id":"https:\/\/www.gastonballiot.fr\/?p=13226"},"wordCount":857,"publisher":{"@id":"https:\/\/www.gastonballiot.fr\/#\/schema\/person\/244a5e02696abd8a65c5b1bebdb948ca"},"image":{"@id":"https:\/\/www.gastonballiot.fr\/?p=13226#primaryimage"},"thumbnailUrl":"https:\/\/www.gastonballiot.fr\/wp-content\/uploads\/2025\/01\/IlsVeulent-1024x906.jpg","keywords":["budget","dette","Retraites"],"articleSection":["A la une","Retraites","Social"],"inLanguage":"fr-FR"},{"@type":"WebPage","@id":"https:\/\/www.gastonballiot.fr\/?p=13226","url":"https:\/\/www.gastonballiot.fr\/?p=13226","name":"D\u00e9bat sur la r\u00e9forme des retraites et sur le budget 2025.. - Le blog politique de Gaston","isPartOf":{"@id":"https:\/\/www.gastonballiot.fr\/#website"},"primaryImageOfPage":{"@id":"https:\/\/www.gastonballiot.fr\/?p=13226#primaryimage"},"image":{"@id":"https:\/\/www.gastonballiot.fr\/?p=13226#primaryimage"},"thumbnailUrl":"https:\/\/www.gastonballiot.fr\/wp-content\/uploads\/2025\/01\/IlsVeulent-1024x906.jpg","datePublished":"2025-01-21T07:34:39+00:00","dateModified":"2025-02-23T08:07:04+00:00","breadcrumb":{"@id":"https:\/\/www.gastonballiot.fr\/?p=13226#breadcrumb"},"inLanguage":"fr-FR","potentialAction":[{"@type":"ReadAction","target":["https:\/\/www.gastonballiot.fr\/?p=13226"]}]},{"@type":"ImageObject","inLanguage":"fr-FR","@id":"https:\/\/www.gastonballiot.fr\/?p=13226#primaryimage","url":"https:\/\/i0.wp.com\/www.gastonballiot.fr\/wp-content\/uploads\/2025\/01\/IlsVeulent.jpg?fit=1181%2C1045&ssl=1","contentUrl":"https:\/\/i0.wp.com\/www.gastonballiot.fr\/wp-content\/uploads\/2025\/01\/IlsVeulent.jpg?fit=1181%2C1045&ssl=1","width":1181,"height":1045},{"@type":"BreadcrumbList","@id":"https:\/\/www.gastonballiot.fr\/?p=13226#breadcrumb","itemListElement":[{"@type":"ListItem","position":1,"name":"Accueil","item":"https:\/\/www.gastonballiot.fr\/"},{"@type":"ListItem","position":2,"name":"D\u00e9bat sur la r\u00e9forme des retraites et sur le budget 2025.."}]},{"@type":"WebSite","@id":"https:\/\/www.gastonballiot.fr\/#website","url":"https:\/\/www.gastonballiot.fr\/","name":"Le blog politique de Gaston","description":"L&#039;humain d&#039;abord, pas la finance !","publisher":{"@id":"https:\/\/www.gastonballiot.fr\/#\/schema\/person\/244a5e02696abd8a65c5b1bebdb948ca"},"potentialAction":[{"@type":"SearchAction","target":{"@type":"EntryPoint","urlTemplate":"https:\/\/www.gastonballiot.fr\/?s={search_term_string}"},"query-input":{"@type":"PropertyValueSpecification","valueRequired":true,"valueName":"search_term_string"}}],"inLanguage":"fr-FR"},{"@type":["Person","Organization"],"@id":"https:\/\/www.gastonballiot.fr\/#\/schema\/person\/244a5e02696abd8a65c5b1bebdb948ca","name":"gb","image":{"@type":"ImageObject","inLanguage":"fr-FR","@id":"https:\/\/i0.wp.com\/www.gastonballiot.fr\/wp-content\/uploads\/2017\/04\/cropped-Marianne-drapeau-rouge.gif?fit=512%2C512&ssl=1","url":"https:\/\/i0.wp.com\/www.gastonballiot.fr\/wp-content\/uploads\/2017\/04\/cropped-Marianne-drapeau-rouge.gif?fit=512%2C512&ssl=1","contentUrl":"https:\/\/i0.wp.com\/www.gastonballiot.fr\/wp-content\/uploads\/2017\/04\/cropped-Marianne-drapeau-rouge.gif?fit=512%2C512&ssl=1","width":512,"height":512,"caption":"gb"},"logo":{"@id":"https:\/\/i0.wp.com\/www.gastonballiot.fr\/wp-content\/uploads\/2017\/04\/cropped-Marianne-drapeau-rouge.gif?fit=512%2C512&ssl=1"},"description":"Gaston Balliot, militant du Front de Gauche en pays bigouden - Pont L'Abb\u00e9 - Loctudy - Guilvinec - Penmarc'h - Ile Tudy - Combrit Ste Marine - Tr\u00e9meoc - Plon\u00e9our, p\u00eache tourisme","sameAs":["https:\/\/www.facebook.com\/gaston.balliot\/"]}]}},"jetpack_featured_media_url":"","jetpack_shortlink":"https:\/\/wp.me\/p5UTaD-3rk","jetpack-related-posts":[],"jetpack_likes_enabled":true,"jetpack_sharing_enabled":true,"_links":{"self":[{"href":"https:\/\/www.gastonballiot.fr\/index.php?rest_route=\/wp\/v2\/posts\/13226","targetHints":{"allow":["GET"]}}],"collection":[{"href":"https:\/\/www.gastonballiot.fr\/index.php?rest_route=\/wp\/v2\/posts"}],"about":[{"href":"https:\/\/www.gastonballiot.fr\/index.php?rest_route=\/wp\/v2\/types\/post"}],"author":[{"embeddable":true,"href":"https:\/\/www.gastonballiot.fr\/index.php?rest_route=\/wp\/v2\/users\/1"}],"replies":[{"embeddable":true,"href":"https:\/\/www.gastonballiot.fr\/index.php?rest_route=%2Fwp%2Fv2%2Fcomments&post=13226"}],"version-history":[{"count":28,"href":"https:\/\/www.gastonballiot.fr\/index.php?rest_route=\/wp\/v2\/posts\/13226\/revisions"}],"predecessor-version":[{"id":13552,"href":"https:\/\/www.gastonballiot.fr\/index.php?rest_route=\/wp\/v2\/posts\/13226\/revisions\/13552"}],"wp:attachment":[{"href":"https:\/\/www.gastonballiot.fr\/index.php?rest_route=%2Fwp%2Fv2%2Fmedia&parent=13226"}],"wp:term":[{"taxonomy":"category","embeddable":true,"href":"https:\/\/www.gastonballiot.fr\/index.php?rest_route=%2Fwp%2Fv2%2Fcategories&post=13226"},{"taxonomy":"post_tag","embeddable":true,"href":"https:\/\/www.gastonballiot.fr\/index.php?rest_route=%2Fwp%2Fv2%2Ftags&post=13226"}],"curies":[{"name":"wp","href":"https:\/\/api.w.org\/{rel}","templated":true}]}}