{"id":13301,"date":"2025-01-30T11:30:48","date_gmt":"2025-01-30T10:30:48","guid":{"rendered":"https:\/\/www.gastonballiot.fr\/?p=13301"},"modified":"2025-02-28T18:27:13","modified_gmt":"2025-02-28T17:27:13","slug":"leurope-face-aux-usa-de-trump","status":"publish","type":"post","link":"https:\/\/www.gastonballiot.fr\/?p=13301","title":{"rendered":"L&rsquo;Europe face aux USA de Trump"},"content":{"rendered":"<p>OTAN &#8211; Trump &#8211; Europe &#8211; On est dans une absurdit\u00e9, par Marc Botenga<\/p>\n<p><em>d\u00e9put\u00e9 europ\u00e9en du PTB (Parti du Travail Belge) membre du groupe de la gauche au Parlement europ\u00e9en<\/em> &#8211; GUE\/NGL<\/p>\n<p><iframe loading=\"lazy\" style=\"border: none; overflow: hidden;\" src=\"https:\/\/www.facebook.com\/plugins\/video.php?height=476&amp;href=https%3A%2F%2Fwww.facebook.com%2FBotengaM%2Fvideos%2F1158200499224923%2F&amp;show_text=false&amp;width=476&amp;t=0\" width=\"476\" height=\"476\" frameborder=\"0\" scrolling=\"no\" allowfullscreen=\"allowfullscreen\"><\/iframe><\/p>\n<hr>\n<h2><a href=\"https:\/\/www.gastonballiot.fr\/wp-content\/uploads\/2025\/01\/Huma29fev25RousselEuropeUSA.pdf\">La France doit r\u00e9cup\u00e9rer une voix forte et ind\u00e9pendante,<br \/>\npar Fabien Roussel -lire en pdf-<\/a><\/h2>\n<p>et aussi :<\/p>\n<h2><a href=\"https:\/\/www.humanite.fr\/politique\/donald-trump\/fabien-roussel-face-a-trump-cest-notre-independance-dans-tous-les-domaines-quil-faut-defendre\" target=\"_blank\" rel=\"noopener\">https:\/\/www.humanite.fr\/politiquonald-trump\/fabien-roussel-face-a-trump-cest-notre-independance-dans-tous-les-domaines-quil-faut-defendre<\/a><\/h2>\n<p>&nbsp;<\/p>\n<hr>\n<h2 style=\"text-align: center;\">Sortir de la d\u00e9pendance aux Etats-Unis<\/h2>\n<p>On nous a toujours pr\u00e9sent&amp; les USA comme un mod\u00e8le.<\/p>\n<ul>\n<li>Ce pays s&rsquo;est construit dans la violence et le racisme, extermination des indiens, esclavage des noirs,, libre circulation des armes, etc..<\/li>\n<li>Ce pays pr\u00e9tend \u00eatre le gendarme du monde, il a des bases militaires sur toute la plan\u00e8te.<\/li>\n<li>Ce pays est une d\u00e9mocratie tr\u00e8s discutable. Le bipartisme n&rsquo;est pas le pluralisme.. Par exemple un repr\u00e9sentant de la gauche US comme Bernie Sanders ne peut pas \u00eatre candidat &#8211; il n&rsquo;est pas interdit, il n&rsquo;est pas emprisonn\u00e9, pas besoin, il est \u00ab\u00a0emp\u00each\u00e9\u00a0\u00bb par le syst\u00e8me &#8211; \u00e0 la pr\u00e9sidentielle qui est r\u00e9serv\u00e9e aux deux partis de l&rsquo;ultralib\u00e9ralisme au service de Wall Street.<\/li>\n<li>Et maintenant Trump veut d\u00e9porter des migrants vers le camp de Guant\u00e1namo ! Cela rappelle de bien douloureux souvenirs..<\/li>\n<\/ul>\n<p>Voir mon petit dossier <strong><span style=\"font-size: 18pt;\"><a href=\"https:\/\/www.gastonballiot.fr\/?page_id=9381\" target=\"_blank\" rel=\"noopener\">Le livre noir des USA<\/a><\/span><\/strong>. Il a \u00e9t\u00e9 con\u00e7u il y a un bon moment mais il est pleinement d&rsquo;actualit\u00e9. Ouvrons les yeux..<\/p>\n<p>L&rsquo;imp\u00e9rialisme am\u00e9ricain est une r\u00e9alit\u00e9 dont on \u00e9vite de nous parler.<\/p>\n<hr>\n<h4>Et de plus maintenant les nouveaux dirigeants US veulent propager le fascisme&nbsp; hors de leurs fronti\u00e8res.<\/h4>\n<p>Le fascisme gagne du terrain : Milei en Argentine, Trump aux USA, Netanyaou en Israel, Meloni en Italie..<\/p>\n<p>L&rsquo;extr\u00eame droite progresse : en Su\u00e8de, aux Pays Bas, en Allemagne, en France. La peste brune rampe, et Elon Musk, le dauphin de Trump, annonce ouvertement vouloir l&rsquo;aider \u00e0 se propager avec ses milliards et ses r\u00e9seaux.<\/p>\n<p><a href=\"https:\/\/i0.wp.com\/www.gastonballiot.fr\/wp-content\/uploads\/2025\/01\/ResisterAMusk.jpg?ssl=1\"><img data-recalc-dims=\"1\" loading=\"lazy\" decoding=\"async\" data-attachment-id=\"13313\" data-permalink=\"https:\/\/www.gastonballiot.fr\/?attachment_id=13313#main\" data-orig-file=\"https:\/\/i0.wp.com\/www.gastonballiot.fr\/wp-content\/uploads\/2025\/01\/ResisterAMusk.jpg?fit=287%2C290&amp;ssl=1\" data-orig-size=\"287,290\" data-comments-opened=\"0\" data-image-meta=\"{&quot;aperture&quot;:&quot;0&quot;,&quot;credit&quot;:&quot;&quot;,&quot;camera&quot;:&quot;&quot;,&quot;caption&quot;:&quot;&quot;,&quot;created_timestamp&quot;:&quot;0&quot;,&quot;copyright&quot;:&quot;&quot;,&quot;focal_length&quot;:&quot;0&quot;,&quot;iso&quot;:&quot;0&quot;,&quot;shutter_speed&quot;:&quot;0&quot;,&quot;title&quot;:&quot;&quot;,&quot;orientation&quot;:&quot;0&quot;}\" data-image-title=\"ResisterAMusk\" data-image-description=\"\" data-image-caption=\"\" data-medium-file=\"https:\/\/i0.wp.com\/www.gastonballiot.fr\/wp-content\/uploads\/2025\/01\/ResisterAMusk.jpg?fit=287%2C290&amp;ssl=1\" data-large-file=\"https:\/\/i0.wp.com\/www.gastonballiot.fr\/wp-content\/uploads\/2025\/01\/ResisterAMusk.jpg?fit=287%2C290&amp;ssl=1\" class=\"aligncenter size-full wp-image-13313\" src=\"https:\/\/i0.wp.com\/www.gastonballiot.fr\/wp-content\/uploads\/2025\/01\/ResisterAMusk.jpg?resize=287%2C290&#038;ssl=1\" alt=\"\" width=\"287\" height=\"290\"><\/a><\/p>\n<p style=\"text-align: center;\"><strong><a href=\"https:\/\/www.gastonballiot.fr\/wp-content\/uploads\/2025\/01\/MuskHumaMag31janv25.pdf\" target=\"_blank\" rel=\"noopener\">Cet article de l&rsquo;Humanit\u00e9 Magazine du 31 janvier 2025 en pdf ICI<\/a><\/strong><\/p>\n<hr>\n<h2 style=\"text-align: center;\">Trump-Musk, imp\u00e9rialisme 2.0<br \/>\n&nbsp;<\/h2>\n<p>Dans le camp occidental, le capitalisme entre en collision avec lui-m\u00eame. Les d\u00e9g\u00e2ts en Europe risquent d\u2019\u00eatre consid\u00e9rables sans une \u00e9nergique intervention des travailleuses et travailleurs et des peuples. Des conseils d\u2019administration des grandes entreprises \u00e0 base europ\u00e9enne aux chancelleries, jusqu\u2019\u00e0 la grande presse, on s\u2019alarme de plus en plus \u2013 et \u00e0 raison \u2013 de la situation en Europe, \u00e0 la veille de l\u2019arriv\u00e9e \u00e0 la Maison-Blanche du duo Trump-Musk et des 11&nbsp;milliardaires qui composeront la nouvelle Administration am\u00e9ricaine.<\/p>\n<p>L\u2019inqui\u00e9tude du grand capital europ\u00e9en<br \/>\nDans ce cadre, le rejet populaire massif et sans appel d\u2019Emmanuel&nbsp;Macron et la chute du chancelier allemand Olaf&nbsp;Scholz \u2013 pourtant \u00e0 la t\u00eate d\u2019une coalition de compromis \u2013 ne cessent d\u2019inqui\u00e9ter les dignitaires du grand capital europ\u00e9en.<\/p>\n<p>Il y a quelques mois d\u00e9j\u00e0, les rapports de deux anciens pr\u00e9sidents du Conseil italien (dont l\u2019un a \u00e9t\u00e9 pr\u00e9sident de la Banque centrale europ\u00e9enne, BCE) MM.&nbsp;Draghi et&nbsp;Letta n\u2019h\u00e9sitaient pas \u00e0 consid\u00e9rer que l\u2019Union europ\u00e9enne \u00e9tait entr\u00e9e dans une \u00ab&nbsp;longue agonie&nbsp;\u00bb. Voici que le p\u00e2le ministre fran\u00e7ais de l\u2019Europe et des Affaires \u00e9trang\u00e8res M.&nbsp;Benjamin&nbsp;Haddad proclame dans le Figaro du 11&nbsp;janvier que \u00ab&nbsp;l\u2019Europe risque un effacement pur et simple&nbsp;\u00bb. Dans un texte publi\u00e9 dans le journal La Tribune dimanche, Enrico&nbsp;Letta et Thierry Chopin, professeur notamment au coll\u00e8ge d\u2019Europe (Bruges), sonnent \u00e0 nouveau l\u2019alarme&nbsp;: \u00ab&nbsp;Il est temps de r\u00e9veiller l\u2019Europe&nbsp;\u00bb, proclament-ils d\u2019un ton angoiss\u00e9. On peut lire dans une note de l\u2019institut Thomas-Moore, publi\u00e9e la semaine derni\u00e8re&nbsp;: \u00ab&nbsp;\u00c0 ce moment pr\u00e9cis de notre histoire commune, l\u2019insolent dynamisme am\u00e9ricain l\u00e8ve le voile sur le visage us\u00e9 de l\u2019Europe&nbsp;: impasse \u00e9conomique, d\u00e9pendance \u00e9nerg\u00e9tique, incurie diplomatique, insuffisance militaire, retard technologique, impuissance financi\u00e8re et pesanteur administrative.&nbsp;\u00bb Cet implacable r\u00e9quisitoire, venant d\u2019un institut qui est tout l\u2019oppos\u00e9 d\u2019une officine communiste, est le constat d\u2019\u00e9chec cuisant d\u2019une construction europ\u00e9enne ultralib\u00e9rale, atlantiste&nbsp;et militariste.<\/p>\n<p>Le projet europ\u00e9en n\u2019a cess\u00e9 de perdre du cr\u00e9dit, et l\u2019Union europ\u00e9enne de s\u2019affaiblir<br \/>\nC\u2019est d\u2019ailleurs ce mod\u00e8le de construction europ\u00e9enne et l\u2019application de ses trait\u00e9s codifiant le capitalisme financier et mondialis\u00e9 qui sont les causes fondamentales des rejets populaires d\u00e9finitifs d\u2019Emmanuel&nbsp;Macron et d\u2019Olaf&nbsp;Scholz. En d\u00e9truisant les services publics, en laminant les syst\u00e8mes de s\u00e9curit\u00e9 sociale, en compressant sans cesse les salaires des travailleurs mis en concurrence pour les exploiter plus, en attisant la comp\u00e9tition entre entreprises, collectivit\u00e9s locales et services publics, le projet europ\u00e9en n\u2019a cess\u00e9 de perdre du cr\u00e9dit, et l\u2019Union europ\u00e9enne de s\u2019affaiblir. En s\u2019alignant en permanence sur l\u2019imperium nord-am\u00e9ricain au lieu d\u2019inventer un nouveau mod\u00e8le de d\u00e9veloppement humain durable, au lieu de promouvoir des coop\u00e9rations \u00ab&nbsp;\u00e0 g\u00e9om\u00e9trie choisie&nbsp;\u00bb entre \u00c9tats pour innover dans l\u2019industrie et dans l\u2019agro\u00e9cologie, au lieu d\u2019investir dans un grand&nbsp;projet commun num\u00e9rique public et autonome, au lieu de pousser \u00e0 la paix et \u00e0 un syst\u00e8me de s\u00e9curit\u00e9 commune sur tout le continent, au lieu de d\u00e9velopper des coop\u00e9rations originales, notamment avec les pays du Sud, les dirigeants europ\u00e9ens au service de leurs grandes entreprises se sont plac\u00e9s dans la roue des \u00c9tats-Unis, et s\u2019en sont rendus d\u00e9pendants. Or aujourd\u2019hui, le nouveau capital nord-am\u00e9ricain qui prend directement en charge la gestion des \u00c9tats-Unis s\u2019appr\u00eate \u00e0 impulser une nouvelle phase du capitalisme mondial. Ceci modifiera la nature m\u00eame de l\u2019imperium et de ses strat\u00e9gies imp\u00e9rialistes.<\/p>\n<p>Trump, Musk et leurs 11&nbsp;milliardaires veulent remodeler l\u2019Occident selon une logique imp\u00e9riale au sein de laquelle les \u00c9tats-Unis organiseraient de nouvelles relations en Europe avec des dirigeants nationaux align\u00e9s, affaiblis, en d\u00e9membrant l\u2019UE et en emp\u00eachant tout autre projet de construction europ\u00e9enne. Leurs offensives, pour installer des gouvernements d\u2019extr\u00eame droite, r\u00e9pondent \u00e0 cet objectif.<\/p>\n<p>Ces pressions de Trump et Musk vont vraisemblablement servir aux dirigeants europ\u00e9ens \u00e0 faire accepter de nouvelles r\u00e9gressions sociales, au nom de la souverainet\u00e9 financi\u00e8re et de la n\u00e9cessit\u00e9 de d\u00e9veloppement du militarisme. S\u2019inscrire dans un tel sch\u00e9ma pour construire d\u2019hypoth\u00e9tiques \u00ab&nbsp;unions nationales&nbsp;\u00bb pour sauver \u00ab&nbsp;le capitalisme europ\u00e9en&nbsp;\u00bb et pour sauver l\u2019Europe lib\u00e9rale, incarn\u00e9e par Emmanuel&nbsp;Macron et Olaf&nbsp;Scholz en molle opposition avec le capitalisme \u00e9tats-unien, est une mortif\u00e8re impasse pour tous les travailleurs europ\u00e9ens qui devront accepter davantage d\u2019exploitation et pour tous les citoyens europ\u00e9ens qui seront encore davantage priv\u00e9s de leurs services publics et de leur protection sociale, au nom d\u2019un pr\u00e9tendu int\u00e9r\u00eat sup\u00e9rieur.<\/p>\n<p>Agir pour une profonde transformation de la construction europ\u00e9enne<br \/>\nDans un tel contexte, la question fondamentale pos\u00e9e au monde du travail et de la cr\u00e9ation, aux retrait\u00e9s, \u00e0 la jeunesse, n\u2019est pas tant de s\u2019inscrire dans les simagr\u00e9es de \u00ab&nbsp;compromis&nbsp;\u00bb ou de tenter au nom d\u2019on ne sait quelle \u00ab&nbsp;stabilit\u00e9 politique&nbsp;\u00bb de sauver le soldat Macron, ni encore de faire vivre sous tente \u00e0 oxyg\u00e8ne des gouvernements nomm\u00e9s par lui, mais de construire avec toutes les forces sociales, syndicales, culturelles, politiques du Nouveau Front populaire (NFP) un irr\u00e9sistible mouvement pour la transformation sociale, \u00e9cologique et d\u00e9mocratique en France, tout en recherchant un cadre d\u2019union progressiste \u00e0 l\u2019\u00e9chelle du continent pour le d\u00e9veloppement humain, la paix et la d\u00e9mocratie.<\/p>\n<p>Se serrer les coudes face \u00e0 Trump, c\u2019est agir pour une profonde transformation de la construction europ\u00e9enne \u00e0 partir des luttes et des aspirations populaires, et non pas suivre les rodomontades de fa\u00e7ade des dirigeants europ\u00e9ens.<\/p>\n<p>Ce sont eux qui portent une lourde responsabilit\u00e9 dans l\u2019affaiblissement du continent europ\u00e9en. Si l\u2019Allemagne voit s\u2019aggraver ses difficult\u00e9s, c\u2019est bien parce qu\u2019elle a r\u00e9pondu aux injonctions am\u00e9ricaines des sanctions contre la Russie. Sanctions qui ont permis aux dirigeants am\u00e9ricains de rendre l\u2019Europe d\u00e9pendante de ses approvisionnements en p\u00e9trole et en gaz au prix d\u00e9cid\u00e9 par les majors du p\u00e9trole des \u00c9tats-Unis, rench\u00e9rissant le co\u00fbt de production dans l\u2019industrie, notamment dans la production automobile. \u00ab&nbsp;Je veux que les soci\u00e9t\u00e9s de voitures allemandes deviennent des soci\u00e9t\u00e9s de voitures am\u00e9ricaines&nbsp;\u00bb, a martel\u00e9 Trump durant sa campagne \u00e9lectorale.<\/p>\n<p>\u00c0 force d\u2019aust\u00e9rit\u00e9, l\u2019UE a r\u00e9duit son march\u00e9 int\u00e9rieur. Elle l\u2019a compens\u00e9 en d\u00e9veloppant une \u00e9conomie tourn\u00e9e vers l\u2019exportation pour tenter de maintenir sa croissance. On se vante dans les milieux \u00e9conomiques d\u2019un exc\u00e9dent commercial europ\u00e9en de 200&nbsp;milliards de dollars avec les \u00c9tats-Unis en 2024. Le protectionnisme annonc\u00e9 par le nouveau pr\u00e9sident nord-am\u00e9ricain peut donc la mettre \u00e0 genoux. Celui-ci vient de l\u2019expliquer clairement&nbsp;: l\u2019Europe \u00ab&nbsp;doit combler son \u00e9norme d\u00e9ficit avec les \u00c9tats-Unis en achetant \u00e0 grande \u00e9chelle notre p\u00e9trole et notre gaz. Sinon, ce seront des droits de douane partout&nbsp;!!!&nbsp;\u00bb, a pr\u00e9venu Trump apr\u00e8s sa venue \u00e0 Paris.<\/p>\n<p>Esprit de capitulation<br \/>\nLoin de r\u00e9sister \u00e0 ces pressions, Christine&nbsp;Lagarde s\u2019est soumise d\u2019avance \u00e0 ces injonctions, d\u00e8s le mois de novembre&nbsp;2024, en conseillant aux Europ\u00e9ens dans les colonnes du Financial Times d\u2019acheter davantage \u00e9tats-unien, soi-disant pour \u00ab&nbsp;\u00e9viter une guerre commerciale&nbsp;\u00bb et une \u00ab&nbsp;r\u00e9duction mondiale du PIB&nbsp;\u00bb. La pr\u00e9sidente de la BCE demande donc d\u2019acheter du gaz liqu\u00e9fi\u00e9 et des armes aux \u00c9tats-Unis pour conforter leurs magnats capitalistes. De fait, certains milieux d\u2019affaires en Europe ainsi que des groupes d\u2019\u00e9conomistes appellent \u00e0 courber l\u2019\u00e9chine pour, disent-ils, \u00e9viter une guerre commerciale. Cet esprit de capitulation est d\u00e9j\u00e0 \u00e0 l\u2019\u0153uvre quand 80&nbsp;% des d\u00e9penses militaires, soit 140&nbsp;milliards d\u2019euros d\u00e9pens\u00e9s par l\u2019UE pour aider l\u2019Ukraine, ont profit\u00e9 \u00e0 des fournisseurs nord-am\u00e9ricains, turcs et sud-cor\u00e9ens, quand la sp\u00e9culation internationale permet que 300&nbsp;milliards d\u2019euros traversent chaque ann\u00e9e l\u2019Atlantique pour renflouer les portefeuilles des soci\u00e9t\u00e9s \u00e9tats-uniennes qui, par la suite, viennent racheter nos soci\u00e9t\u00e9s, donc avec l\u2019\u00e9pargne des Europ\u00e9ens.<\/p>\n<p>Alors que plusieurs pays europ\u00e9ens ont achet\u00e9 l\u2019avion de combat am\u00e9ricain F&nbsp;35 au lieu de l\u2019avion europ\u00e9en, les bavardages continus contre Elon&nbsp;Musk cachent l\u2019installation d\u2019une usine de batterie Tesla en Allemagne, ou le choix de Fran\u00e7ois&nbsp;Bayrou d\u2019\u00e9carter le groupe de t\u00e9l\u00e9communication Orange au profit du syst\u00e8me de connexion \u00e0 haut d\u00e9bit g\u00e9n\u00e9r\u00e9 par le satellite SpaceX, propri\u00e9t\u00e9 du m\u00eame Musk. Alors que dans les institutions europ\u00e9ennes on parle tant et plus d\u2019un syst\u00e8me de d\u00e9fense europ\u00e9enne, la pr\u00e9sidente d\u2019extr\u00eame droite du Conseil italien s\u2019appr\u00eate \u00e0 faire un ch\u00e8que de 1,5&nbsp;milliard d\u2019euros \u00e0 SpaceX pour son syst\u00e8me de communication crypt\u00e9, afin d\u2019\u00e9quiper l\u2019arm\u00e9e et le gouvernement italiens. Bref, le domin\u00e9 est complice de son supplice&nbsp;!<\/p>\n<p>Faute d\u2019une construction europ\u00e9enne pour et par les peuples europ\u00e9ens et \u00e0 cause de la politique droiti\u00e8re des d\u00e9mocrates nord-am\u00e9ricains, la voie au nouvel imp\u00e9rialisme qu\u2019esquisse le gouvernement ultrar\u00e9actionnaire et libertarien de Washington est amplement d\u00e9gag\u00e9e.<\/p>\n<p>\u00ab&nbsp;Techno-f\u00e9odalisme&nbsp;\u00bb<br \/>\nLes commentaires de trop nombreux observateurs et de commentateurs qualifiant Trump de \u00ab&nbsp;fou&nbsp;\u00bb ou de \u00ab&nbsp;clown&nbsp;\u00bb ont occult\u00e9 un v\u00e9ritable projet politique au service des forces dominantes aux \u00c9tats-Unis. Il convient de mesurer l\u2019ampleur et la gravit\u00e9 de la bascule que repr\u00e9sentent les vell\u00e9it\u00e9s des projets de prise de possession du canal de Panama et du Groenland. Il s\u2019agit ici de pousser encore plus loin un chambardement en profondeur de la g\u00e9opolitique mondiale, tout autant que la n\u00e9gation de toute r\u00e8gle de droit international, d\u00e9j\u00e0 tr\u00e8s malmen\u00e9e.<\/p>\n<p>Pour les int\u00e9r\u00eats du capitalisme nord-am\u00e9ricain, cherchant \u00e0 contr\u00f4ler les ressources naturelles du Groenland et les voies de communication commerciale du canal de Panama, les \u00c9tats-Unis se d\u00e9clarent pr\u00eats \u00e0 intervenir par la force, y compris militairement. Les milieux d\u2019affaires \u00e9tats-uniens consid\u00e8rent que leur pays doit g\u00e9rer directement le Groenland pour en tirer les minerais rares indispensables au d\u00e9veloppement du \u00ab&nbsp;techno-f\u00e9odalisme&nbsp;\u00bb des g\u00e9ants du num\u00e9rique et pour freiner le d\u00e9veloppement de la Chine.<\/p>\n<p>Avec la domination du dollar, l\u2019extraterritorialit\u00e9 du droit nord-am\u00e9ricain, le mod\u00e8le \u00e9conomique, en gestation depuis d\u00e9j\u00e0 quelques ann\u00e9es et que Trump veut acc\u00e9l\u00e9rer, consiste \u00e0 rendre d\u00e9pendante une grande partie du monde utilisatrice de leurs technologies civiles et militaires. Aujourd\u2019hui, il veut rendre les pays de l\u2019UE totalement d\u00e9pendants des int\u00e9r\u00eats du capital US en accaparant des \u00ab&nbsp;territoires&nbsp;\u00bb et \u00ab&nbsp;des proies&nbsp;\u00bb, l\u00e0 o\u00f9 il le juge n\u00e9cessaire. La carte du nouvel Empire nord-am\u00e9ricain, dessin\u00e9e par des centres de r\u00e9flexion qui alimentent Trump, va jusqu\u2019\u00e0 int\u00e9grer l\u2019Islande, la Sicile, le port de Br\u00eame, les Philippines. C\u2019est dire&nbsp;le niveau projet\u00e9 de ces guerres de conqu\u00eate&nbsp;!<\/p>\n<p>Rappelons que le Groenland est un pays constitutif d\u2019un \u00c9tat membre de l\u2019Union europ\u00e9enne, le Danemark. Pays dont les dirigeants occidentaux se r\u00e9jouissaient, il n\u2019y a pas si longtemps, qu\u2019il rejoign\u00eet l\u2019Otan. Un pays aussi o\u00f9 les \u00c9tats-Unis ont install\u00e9 des bases militaires et construit une base de lancement de missiles nucl\u00e9aires. Voil\u00e0 qui met encore un peu plus au jour les r\u00e9sultats des vassalit\u00e9s des institutions europ\u00e9ennes.<\/p>\n<p>Trump consid\u00e8re aujourd\u2019hui que la souverainet\u00e9 et l\u2019autonomie politique et \u00e9conomique des \u00ab&nbsp;alli\u00e9s&nbsp;\u00bb des \u00c9tats-Unis sont une forme d\u2019hostilit\u00e9, car elle s\u2019oppose aux int\u00e9r\u00eats \u00e9conomiques et politiques du grand capital nord-am\u00e9ricain. La tentative de soumission du Canada poursuit des objectifs similaires&nbsp;: en faire une arri\u00e8re-cour pour disposer d\u2019une \u00e9conomie fournissant des produits bons march\u00e9s aux \u00c9tats-Unis, tout en \u00e9tant le d\u00e9bouch\u00e9 des produits nord-am\u00e9ricains au prix fort. Dans ces conditions, le trait\u00e9 de libre-\u00e9change entre l\u2019Union europ\u00e9enne et le Canada est encore plus absurde.<\/p>\n<p>Il y a donc urgence \u00e0 repenser la construction europ\u00e9enne de telle sorte que le continent cesse de s\u2019aligner sur l\u2019imperium. Il devient imp\u00e9ratif de rechercher un mod\u00e8le d\u2019autonomie \u00e9conomique, financi\u00e8re, technologique, \u00e9cologique&nbsp;afin de ne plus \u00eatre plac\u00e9 sous la coupe de l\u2019impitoyable grand capital nord-am\u00e9ricain qui utilisera le niveau des droits de douane, la d\u00e9pendance \u00e9nerg\u00e9tique et les technologies pour renforcer son emprise et \u00e9craser tout projet de construction europ\u00e9enne au service des travailleurs et des peuples. La culture du nationalisme sur le continent europ\u00e9en fait le jeu des nouveaux dirigeants de l\u2019imperium.<\/p>\n<p>Il y a d\u2019autant plus urgence pour les forces d\u00e9mocratiques et progressistes de s\u2019unir et d\u2019agir que ce projet de soumission s\u2019accompagne du projet politique visant \u00e0 installer, avec l\u2019extr\u00eame droite et des fractions des droites, des r\u00e9gimes serviles au projet de la droite extr\u00e9mis\u00e9e nord-am\u00e9ricaine. Il ne s\u2019agit pas seulement d\u2019un combat contre le trumpisme, mais contre la nature de l\u2019actuelle construction europ\u00e9enne voulue par les droites, le social-lib\u00e9ralisme et le macronisme qui, au nom d\u2019on ne sait quelles valeurs, n\u2019aboutira qu\u2019\u00e0 de nouvelles souffrances pour les peuples et \u00e0 l\u2019\u00e9largissement des guerres.<\/p>\n<p>Il n\u2019y a ici pour eux, aucune \u00ab&nbsp;valeur \u00e0 d\u00e9fendre&nbsp;\u00bb. Il n\u2019y a que des int\u00e9r\u00eats. Ceux au nom desquels les grands capitalistes des deux c\u00f4t\u00e9s de l\u2019Atlantique se feront la guerre \u00e9conomique et commerciale en se servant des travailleuses et des travailleurs comme de fantassins. L\u2019union des travailleuses et des travailleuses de tous les pays du monde devient un imp\u00e9ratif \u00e0 construire.<\/p>\n<p style=\"text-align: justify;\">dans humanite.fr<\/p>\n","protected":false},"excerpt":{"rendered":"<p>OTAN &#8211; Trump &#8211; Europe &#8211; On est dans une absurdit\u00e9, par Marc Botenga d\u00e9put\u00e9 europ\u00e9en du PTB (Parti du Travail Belge) membre du groupe de la gauche au Parlement europ\u00e9en &#8211; GUE\/NGL La France doit r\u00e9cup\u00e9rer une voix forte et ind\u00e9pendante, par Fabien Roussel -lire en pdf- et aussi : https:\/\/www.humanite.fr\/politiquonald-trump\/fabien-roussel-face-a-trump-cest-notre-independance-dans-tous-les-domaines-quil-faut-defendre &nbsp; Sortir de la d\u00e9pendance aux Etats-Unis On nous a toujours pr\u00e9sent&amp; les USA comme un mod\u00e8le. Ce pays s&rsquo;est construit dans la violence et le racisme, extermination des &#8230; <a title=\"L&rsquo;Europe face aux USA de Trump\" class=\"read-more\" href=\"https:\/\/www.gastonballiot.fr\/?p=13301\" aria-label=\"Plus sur L&rsquo;Europe face aux USA de Trump\">Lire la suite&#8230;<\/a><\/p>\n","protected":false},"author":1,"featured_media":0,"comment_status":"closed","ping_status":"closed","sticky":false,"template":"","format":"standard","meta":{"ngg_post_thumbnail":0,"jetpack_post_was_ever_published":false,"_jetpack_newsletter_access":"","_jetpack_dont_email_post_to_subs":false,"_jetpack_newsletter_tier_id":0,"_jetpack_memberships_contains_paywalled_content":false,"_jetpack_memberships_contains_paid_content":false,"footnotes":"","jetpack_publicize_message":"","jetpack_publicize_feature_enabled":true,"jetpack_social_post_already_shared":false,"jetpack_social_options":{"image_generator_settings":{"template":"highway","enabled":false},"version":2}},"categories":[2,8,9,12],"tags":[58,624,102,321,199],"class_list":["post-13301","post","type-post","status-publish","format-standard","hentry","category-a-la-une","category-europe","category-front-de-gauche","category-paix-desarmement","tag-europe","tag-marc-botenga","tag-otan","tag-trump","tag-usa","infinite-scroll-item","masonry-post","generate-columns","tablet-grid-50","mobile-grid-100","grid-parent","grid-33"],"jetpack_publicize_connections":[],"yoast_head":"<!-- This site is optimized with the Yoast SEO plugin v27.5 - https:\/\/yoast.com\/product\/yoast-seo-wordpress\/ -->\n<title>L&#039;Europe face aux USA de Trump - Le blog politique de Gaston<\/title>\n<meta name=\"robots\" content=\"index, follow, max-snippet:-1, max-image-preview:large, max-video-preview:-1\" \/>\n<link rel=\"canonical\" href=\"https:\/\/www.gastonballiot.fr\/?p=13301\" \/>\n<meta property=\"og:locale\" content=\"fr_FR\" \/>\n<meta property=\"og:type\" content=\"article\" \/>\n<meta property=\"og:title\" content=\"L&#039;Europe face aux USA de Trump - Le blog politique de Gaston\" \/>\n<meta property=\"og:description\" content=\"OTAN &#8211; Trump &#8211; Europe &#8211; On est dans une absurdit\u00e9, par Marc Botenga d\u00e9put\u00e9 europ\u00e9en du PTB (Parti du Travail Belge) membre du groupe de la gauche au Parlement europ\u00e9en &#8211; GUE\/NGL La France doit r\u00e9cup\u00e9rer une voix forte et ind\u00e9pendante, par Fabien Roussel -lire en pdf- et aussi : https:\/\/www.humanite.fr\/politiquonald-trump\/fabien-roussel-face-a-trump-cest-notre-independance-dans-tous-les-domaines-quil-faut-defendre &nbsp; Sortir de la d\u00e9pendance aux Etats-Unis On nous a toujours pr\u00e9sent&amp; les USA comme un mod\u00e8le. Ce pays s&rsquo;est construit dans la violence et le racisme, extermination des ... Lire la suite...\" \/>\n<meta property=\"og:url\" content=\"https:\/\/www.gastonballiot.fr\/?p=13301\" \/>\n<meta property=\"og:site_name\" content=\"Le blog politique de Gaston\" \/>\n<meta property=\"article:publisher\" content=\"https:\/\/www.facebook.com\/gaston.balliot\/\" \/>\n<meta property=\"article:author\" content=\"https:\/\/www.facebook.com\/gaston.balliot\/\" \/>\n<meta property=\"article:published_time\" content=\"2025-01-30T10:30:48+00:00\" \/>\n<meta property=\"article:modified_time\" content=\"2025-02-28T17:27:13+00:00\" \/>\n<meta property=\"og:image\" content=\"https:\/\/i0.wp.com\/www.gastonballiot.fr\/wp-content\/uploads\/2025\/01\/ResisterAMusk.jpg?fit=287%2C290&ssl=1\" \/>\n\t<meta property=\"og:image:width\" content=\"287\" \/>\n\t<meta property=\"og:image:height\" content=\"290\" \/>\n\t<meta property=\"og:image:type\" content=\"image\/jpeg\" \/>\n<meta name=\"author\" content=\"gb\" \/>\n<meta name=\"twitter:card\" content=\"summary_large_image\" \/>\n<meta name=\"twitter:label1\" content=\"\u00c9crit par\" \/>\n\t<meta name=\"twitter:data1\" content=\"gb\" \/>\n\t<meta name=\"twitter:label2\" content=\"Dur\u00e9e de lecture estim\u00e9e\" \/>\n\t<meta name=\"twitter:data2\" content=\"13 minutes\" \/>\n<script type=\"application\/ld+json\" class=\"yoast-schema-graph\">{\"@context\":\"https:\\\/\\\/schema.org\",\"@graph\":[{\"@type\":\"Article\",\"@id\":\"https:\\\/\\\/www.gastonballiot.fr\\\/?p=13301#article\",\"isPartOf\":{\"@id\":\"https:\\\/\\\/www.gastonballiot.fr\\\/?p=13301\"},\"author\":{\"name\":\"gb\",\"@id\":\"https:\\\/\\\/www.gastonballiot.fr\\\/#\\\/schema\\\/person\\\/244a5e02696abd8a65c5b1bebdb948ca\"},\"headline\":\"L&rsquo;Europe face aux USA de Trump\",\"datePublished\":\"2025-01-30T10:30:48+00:00\",\"dateModified\":\"2025-02-28T17:27:13+00:00\",\"mainEntityOfPage\":{\"@id\":\"https:\\\/\\\/www.gastonballiot.fr\\\/?p=13301\"},\"wordCount\":2828,\"publisher\":{\"@id\":\"https:\\\/\\\/www.gastonballiot.fr\\\/#\\\/schema\\\/person\\\/244a5e02696abd8a65c5b1bebdb948ca\"},\"image\":{\"@id\":\"https:\\\/\\\/www.gastonballiot.fr\\\/?p=13301#primaryimage\"},\"thumbnailUrl\":\"https:\\\/\\\/www.gastonballiot.fr\\\/wp-content\\\/uploads\\\/2025\\\/01\\\/ResisterAMusk.jpg\",\"keywords\":[\"Europe\",\"Marc Botenga\",\"OTAN\",\"Trump\",\"USA\"],\"articleSection\":[\"A la une\",\"Europe\",\"Gauche\",\"Paix-D\u00e9sarmement\"],\"inLanguage\":\"fr-FR\"},{\"@type\":\"WebPage\",\"@id\":\"https:\\\/\\\/www.gastonballiot.fr\\\/?p=13301\",\"url\":\"https:\\\/\\\/www.gastonballiot.fr\\\/?p=13301\",\"name\":\"L'Europe face aux USA de Trump - Le blog politique de Gaston\",\"isPartOf\":{\"@id\":\"https:\\\/\\\/www.gastonballiot.fr\\\/#website\"},\"primaryImageOfPage\":{\"@id\":\"https:\\\/\\\/www.gastonballiot.fr\\\/?p=13301#primaryimage\"},\"image\":{\"@id\":\"https:\\\/\\\/www.gastonballiot.fr\\\/?p=13301#primaryimage\"},\"thumbnailUrl\":\"https:\\\/\\\/www.gastonballiot.fr\\\/wp-content\\\/uploads\\\/2025\\\/01\\\/ResisterAMusk.jpg\",\"datePublished\":\"2025-01-30T10:30:48+00:00\",\"dateModified\":\"2025-02-28T17:27:13+00:00\",\"breadcrumb\":{\"@id\":\"https:\\\/\\\/www.gastonballiot.fr\\\/?p=13301#breadcrumb\"},\"inLanguage\":\"fr-FR\",\"potentialAction\":[{\"@type\":\"ReadAction\",\"target\":[\"https:\\\/\\\/www.gastonballiot.fr\\\/?p=13301\"]}]},{\"@type\":\"ImageObject\",\"inLanguage\":\"fr-FR\",\"@id\":\"https:\\\/\\\/www.gastonballiot.fr\\\/?p=13301#primaryimage\",\"url\":\"https:\\\/\\\/www.gastonballiot.fr\\\/wp-content\\\/uploads\\\/2025\\\/01\\\/ResisterAMusk.jpg\",\"contentUrl\":\"https:\\\/\\\/www.gastonballiot.fr\\\/wp-content\\\/uploads\\\/2025\\\/01\\\/ResisterAMusk.jpg\"},{\"@type\":\"BreadcrumbList\",\"@id\":\"https:\\\/\\\/www.gastonballiot.fr\\\/?p=13301#breadcrumb\",\"itemListElement\":[{\"@type\":\"ListItem\",\"position\":1,\"name\":\"Accueil\",\"item\":\"https:\\\/\\\/www.gastonballiot.fr\\\/\"},{\"@type\":\"ListItem\",\"position\":2,\"name\":\"L&rsquo;Europe face aux USA de Trump\"}]},{\"@type\":\"WebSite\",\"@id\":\"https:\\\/\\\/www.gastonballiot.fr\\\/#website\",\"url\":\"https:\\\/\\\/www.gastonballiot.fr\\\/\",\"name\":\"Le blog politique de Gaston\",\"description\":\"L&#039;humain d&#039;abord, pas la finance !\",\"publisher\":{\"@id\":\"https:\\\/\\\/www.gastonballiot.fr\\\/#\\\/schema\\\/person\\\/244a5e02696abd8a65c5b1bebdb948ca\"},\"potentialAction\":[{\"@type\":\"SearchAction\",\"target\":{\"@type\":\"EntryPoint\",\"urlTemplate\":\"https:\\\/\\\/www.gastonballiot.fr\\\/?s={search_term_string}\"},\"query-input\":{\"@type\":\"PropertyValueSpecification\",\"valueRequired\":true,\"valueName\":\"search_term_string\"}}],\"inLanguage\":\"fr-FR\"},{\"@type\":[\"Person\",\"Organization\"],\"@id\":\"https:\\\/\\\/www.gastonballiot.fr\\\/#\\\/schema\\\/person\\\/244a5e02696abd8a65c5b1bebdb948ca\",\"name\":\"gb\",\"image\":{\"@type\":\"ImageObject\",\"inLanguage\":\"fr-FR\",\"@id\":\"https:\\\/\\\/i0.wp.com\\\/www.gastonballiot.fr\\\/wp-content\\\/uploads\\\/2017\\\/04\\\/cropped-Marianne-drapeau-rouge.gif?fit=512%2C512&ssl=1\",\"url\":\"https:\\\/\\\/i0.wp.com\\\/www.gastonballiot.fr\\\/wp-content\\\/uploads\\\/2017\\\/04\\\/cropped-Marianne-drapeau-rouge.gif?fit=512%2C512&ssl=1\",\"contentUrl\":\"https:\\\/\\\/i0.wp.com\\\/www.gastonballiot.fr\\\/wp-content\\\/uploads\\\/2017\\\/04\\\/cropped-Marianne-drapeau-rouge.gif?fit=512%2C512&ssl=1\",\"width\":512,\"height\":512,\"caption\":\"gb\"},\"logo\":{\"@id\":\"https:\\\/\\\/i0.wp.com\\\/www.gastonballiot.fr\\\/wp-content\\\/uploads\\\/2017\\\/04\\\/cropped-Marianne-drapeau-rouge.gif?fit=512%2C512&ssl=1\"},\"description\":\"Gaston Balliot, militant du Front de Gauche en pays bigouden - Pont L'Abb\u00e9 - Loctudy - Guilvinec - Penmarc'h - Ile Tudy - Combrit Ste Marine - Tr\u00e9meoc - Plon\u00e9our, p\u00eache tourisme\",\"sameAs\":[\"https:\\\/\\\/www.facebook.com\\\/gaston.balliot\\\/\"]}]}<\/script>\n<!-- \/ Yoast SEO plugin. -->","yoast_head_json":{"title":"L'Europe face aux USA de Trump - Le blog politique de Gaston","robots":{"index":"index","follow":"follow","max-snippet":"max-snippet:-1","max-image-preview":"max-image-preview:large","max-video-preview":"max-video-preview:-1"},"canonical":"https:\/\/www.gastonballiot.fr\/?p=13301","og_locale":"fr_FR","og_type":"article","og_title":"L'Europe face aux USA de Trump - Le blog politique de Gaston","og_description":"OTAN &#8211; Trump &#8211; Europe &#8211; On est dans une absurdit\u00e9, par Marc Botenga d\u00e9put\u00e9 europ\u00e9en du PTB (Parti du Travail Belge) membre du groupe de la gauche au Parlement europ\u00e9en &#8211; GUE\/NGL La France doit r\u00e9cup\u00e9rer une voix forte et ind\u00e9pendante, par Fabien Roussel -lire en pdf- et aussi : https:\/\/www.humanite.fr\/politiquonald-trump\/fabien-roussel-face-a-trump-cest-notre-independance-dans-tous-les-domaines-quil-faut-defendre &nbsp; Sortir de la d\u00e9pendance aux Etats-Unis On nous a toujours pr\u00e9sent&amp; les USA comme un mod\u00e8le. Ce pays s&rsquo;est construit dans la violence et le racisme, extermination des ... Lire la suite...","og_url":"https:\/\/www.gastonballiot.fr\/?p=13301","og_site_name":"Le blog politique de Gaston","article_publisher":"https:\/\/www.facebook.com\/gaston.balliot\/","article_author":"https:\/\/www.facebook.com\/gaston.balliot\/","article_published_time":"2025-01-30T10:30:48+00:00","article_modified_time":"2025-02-28T17:27:13+00:00","og_image":[{"width":287,"height":290,"url":"https:\/\/i0.wp.com\/www.gastonballiot.fr\/wp-content\/uploads\/2025\/01\/ResisterAMusk.jpg?fit=287%2C290&ssl=1","type":"image\/jpeg"}],"author":"gb","twitter_card":"summary_large_image","twitter_misc":{"\u00c9crit par":"gb","Dur\u00e9e de lecture estim\u00e9e":"13 minutes"},"schema":{"@context":"https:\/\/schema.org","@graph":[{"@type":"Article","@id":"https:\/\/www.gastonballiot.fr\/?p=13301#article","isPartOf":{"@id":"https:\/\/www.gastonballiot.fr\/?p=13301"},"author":{"name":"gb","@id":"https:\/\/www.gastonballiot.fr\/#\/schema\/person\/244a5e02696abd8a65c5b1bebdb948ca"},"headline":"L&rsquo;Europe face aux USA de Trump","datePublished":"2025-01-30T10:30:48+00:00","dateModified":"2025-02-28T17:27:13+00:00","mainEntityOfPage":{"@id":"https:\/\/www.gastonballiot.fr\/?p=13301"},"wordCount":2828,"publisher":{"@id":"https:\/\/www.gastonballiot.fr\/#\/schema\/person\/244a5e02696abd8a65c5b1bebdb948ca"},"image":{"@id":"https:\/\/www.gastonballiot.fr\/?p=13301#primaryimage"},"thumbnailUrl":"https:\/\/www.gastonballiot.fr\/wp-content\/uploads\/2025\/01\/ResisterAMusk.jpg","keywords":["Europe","Marc Botenga","OTAN","Trump","USA"],"articleSection":["A la une","Europe","Gauche","Paix-D\u00e9sarmement"],"inLanguage":"fr-FR"},{"@type":"WebPage","@id":"https:\/\/www.gastonballiot.fr\/?p=13301","url":"https:\/\/www.gastonballiot.fr\/?p=13301","name":"L'Europe face aux USA de Trump - Le blog politique de Gaston","isPartOf":{"@id":"https:\/\/www.gastonballiot.fr\/#website"},"primaryImageOfPage":{"@id":"https:\/\/www.gastonballiot.fr\/?p=13301#primaryimage"},"image":{"@id":"https:\/\/www.gastonballiot.fr\/?p=13301#primaryimage"},"thumbnailUrl":"https:\/\/www.gastonballiot.fr\/wp-content\/uploads\/2025\/01\/ResisterAMusk.jpg","datePublished":"2025-01-30T10:30:48+00:00","dateModified":"2025-02-28T17:27:13+00:00","breadcrumb":{"@id":"https:\/\/www.gastonballiot.fr\/?p=13301#breadcrumb"},"inLanguage":"fr-FR","potentialAction":[{"@type":"ReadAction","target":["https:\/\/www.gastonballiot.fr\/?p=13301"]}]},{"@type":"ImageObject","inLanguage":"fr-FR","@id":"https:\/\/www.gastonballiot.fr\/?p=13301#primaryimage","url":"https:\/\/www.gastonballiot.fr\/wp-content\/uploads\/2025\/01\/ResisterAMusk.jpg","contentUrl":"https:\/\/www.gastonballiot.fr\/wp-content\/uploads\/2025\/01\/ResisterAMusk.jpg"},{"@type":"BreadcrumbList","@id":"https:\/\/www.gastonballiot.fr\/?p=13301#breadcrumb","itemListElement":[{"@type":"ListItem","position":1,"name":"Accueil","item":"https:\/\/www.gastonballiot.fr\/"},{"@type":"ListItem","position":2,"name":"L&rsquo;Europe face aux USA de Trump"}]},{"@type":"WebSite","@id":"https:\/\/www.gastonballiot.fr\/#website","url":"https:\/\/www.gastonballiot.fr\/","name":"Le blog politique de Gaston","description":"L&#039;humain d&#039;abord, pas la finance !","publisher":{"@id":"https:\/\/www.gastonballiot.fr\/#\/schema\/person\/244a5e02696abd8a65c5b1bebdb948ca"},"potentialAction":[{"@type":"SearchAction","target":{"@type":"EntryPoint","urlTemplate":"https:\/\/www.gastonballiot.fr\/?s={search_term_string}"},"query-input":{"@type":"PropertyValueSpecification","valueRequired":true,"valueName":"search_term_string"}}],"inLanguage":"fr-FR"},{"@type":["Person","Organization"],"@id":"https:\/\/www.gastonballiot.fr\/#\/schema\/person\/244a5e02696abd8a65c5b1bebdb948ca","name":"gb","image":{"@type":"ImageObject","inLanguage":"fr-FR","@id":"https:\/\/i0.wp.com\/www.gastonballiot.fr\/wp-content\/uploads\/2017\/04\/cropped-Marianne-drapeau-rouge.gif?fit=512%2C512&ssl=1","url":"https:\/\/i0.wp.com\/www.gastonballiot.fr\/wp-content\/uploads\/2017\/04\/cropped-Marianne-drapeau-rouge.gif?fit=512%2C512&ssl=1","contentUrl":"https:\/\/i0.wp.com\/www.gastonballiot.fr\/wp-content\/uploads\/2017\/04\/cropped-Marianne-drapeau-rouge.gif?fit=512%2C512&ssl=1","width":512,"height":512,"caption":"gb"},"logo":{"@id":"https:\/\/i0.wp.com\/www.gastonballiot.fr\/wp-content\/uploads\/2017\/04\/cropped-Marianne-drapeau-rouge.gif?fit=512%2C512&ssl=1"},"description":"Gaston Balliot, militant du Front de Gauche en pays bigouden - Pont L'Abb\u00e9 - Loctudy - Guilvinec - Penmarc'h - Ile Tudy - Combrit Ste Marine - Tr\u00e9meoc - Plon\u00e9our, p\u00eache tourisme","sameAs":["https:\/\/www.facebook.com\/gaston.balliot\/"]}]}},"jetpack_featured_media_url":"","jetpack_shortlink":"https:\/\/wp.me\/p5UTaD-3sx","jetpack-related-posts":[],"jetpack_likes_enabled":true,"jetpack_sharing_enabled":true,"_links":{"self":[{"href":"https:\/\/www.gastonballiot.fr\/index.php?rest_route=\/wp\/v2\/posts\/13301","targetHints":{"allow":["GET"]}}],"collection":[{"href":"https:\/\/www.gastonballiot.fr\/index.php?rest_route=\/wp\/v2\/posts"}],"about":[{"href":"https:\/\/www.gastonballiot.fr\/index.php?rest_route=\/wp\/v2\/types\/post"}],"author":[{"embeddable":true,"href":"https:\/\/www.gastonballiot.fr\/index.php?rest_route=\/wp\/v2\/users\/1"}],"replies":[{"embeddable":true,"href":"https:\/\/www.gastonballiot.fr\/index.php?rest_route=%2Fwp%2Fv2%2Fcomments&post=13301"}],"version-history":[{"count":19,"href":"https:\/\/www.gastonballiot.fr\/index.php?rest_route=\/wp\/v2\/posts\/13301\/revisions"}],"predecessor-version":[{"id":13307,"href":"https:\/\/www.gastonballiot.fr\/index.php?rest_route=\/wp\/v2\/posts\/13301\/revisions\/13307"}],"wp:attachment":[{"href":"https:\/\/www.gastonballiot.fr\/index.php?rest_route=%2Fwp%2Fv2%2Fmedia&parent=13301"}],"wp:term":[{"taxonomy":"category","embeddable":true,"href":"https:\/\/www.gastonballiot.fr\/index.php?rest_route=%2Fwp%2Fv2%2Fcategories&post=13301"},{"taxonomy":"post_tag","embeddable":true,"href":"https:\/\/www.gastonballiot.fr\/index.php?rest_route=%2Fwp%2Fv2%2Ftags&post=13301"}],"curies":[{"name":"wp","href":"https:\/\/api.w.org\/{rel}","templated":true}]}}