{"id":13571,"date":"2025-02-27T14:54:24","date_gmt":"2025-02-27T13:54:24","guid":{"rendered":"https:\/\/www.gastonballiot.fr\/?p=13571"},"modified":"2025-03-06T12:11:41","modified_gmt":"2025-03-06T11:11:41","slug":"les-retraites-en-discussion-3-mois-de-negociations-pour-gagner-du-temps-ou-pour-avancer","status":"publish","type":"post","link":"https:\/\/www.gastonballiot.fr\/?p=13571","title":{"rendered":"Les retraites en discussion. 3 mois de n\u00e9gociations, pour gagner du temps, ou pour avancer ?"},"content":{"rendered":"<h2 class=\"post-title\">Les retraites en d\u00e9bat avec <strong class=\"_3kuJS _26fqB\">Micha\u00ebl Zemmour<\/strong>, \u00e9conomiste et sp\u00e9cialiste des questions de protection sociale, et <strong class=\"_3kuJS _26fqB\">Sylvie Durand<\/strong>, syndicaliste et secr\u00e9taire nationale de l&rsquo;Ugict-CGT<\/h2>\n<p><iframe loading=\"lazy\" title=\"\u00ab&nbsp;On ne parle jamais des recettes&nbsp;\u00bb&nbsp;: Les retraites en d\u00e9bat avec Micha\u00ebl Zemmour et Sylvie Durand\" src=\"https:\/\/www.youtube.com\/embed\/ZbqE9FzH_N8\" width=\"620\" height=\"349\" frameborder=\"0\" allowfullscreen=\"allowfullscreen\"><\/iframe>&nbsp;<\/p>\n<div class=\"bg-grey-blue u-relative single__hero\">\n<div class=\"gs-container\">\n<div class=\"gs-row\">\n<h2 class=\"t-article-h1 u-margin-b-6 c-red gs-column @sm:gs-column-8 @lg:gs-column-10 @wd:gs-column-8 u-centered-on-x u-block t-align-center\" style=\"text-align: center;\" data-lisio-index=\"45\">Retraites \u00e0 64&nbsp;ans&nbsp;:<br \/>\ny a-t-il une chance que les syndicats aient la peau de la r\u00e9forme&nbsp;?<\/h2>\n<\/div>\n<\/div>\n<\/div>\n<div class=\"single__content gs-container\">\n<div class=\"gs-row\">\n<div class=\"@lg:gs-column-8\">\n<article class=\"single__content__text\">\n<div class=\"rich-text u-margin-b-3 u-padding-b-0 u-padding-t-0\">\n<p class=\"chapo\" data-lisio-index=\"46\">La ren\u00e9gociation de la r\u00e9forme de 2023, qui d\u00e9marre ce jeudi, s\u2019annonce sem\u00e9e d\u2019emb\u00fbches, avec un gouvernement et un patronat farouchement oppos\u00e9s \u00e0 toute remise en cause du recul de l\u2019\u00e2ge l\u00e9gal. Des avanc\u00e9es sont-elles n\u00e9anmoins possibles&nbsp;?<\/p>\n<p data-lisio-index=\"46\">Trois mois. Trois mois pour ren\u00e9gocier l\u2019une des r\u00e9formes les plus embl\u00e9matiques et d\u00e9cri\u00e9es de l\u2019\u00e8re macroniste, pour trouver un terrain d\u2019entente en d\u00e9pit de divergences de fond.<\/p>\n<\/div>\n<\/article>\n<\/div>\n<\/div>\n<\/div>\n<h4><a href=\"https:\/\/www.humanite.fr\/social-et-economie\/abrogation-loi-retraites\/retraites-a-64-ans-les-syndicats-auront-ils-enfin-la-peau-de-la-reforme\" target=\"_blank\" rel=\"noopener\">Les syndicats auront ils enfin la peau de la r\u00e9forme ?<\/a><\/h4>\n<h4><a href=\"https:\/\/www.gastonballiot.fr\/wp-content\/uploads\/2025\/02\/RetraitesDenisDurandFev25.pdf\" target=\"_blank\" rel=\"noopener\">Denis Durand, \u00e9conomiste : Mobiliser pour d&rsquo;autres solutions -en pdf-<\/a><\/h4>\n<p>&nbsp;<\/p>\n<p style=\"text-align: center;\"><a href=\"https:\/\/i0.wp.com\/www.gastonballiot.fr\/wp-content\/uploads\/2025\/02\/PeauRefRetr.jpg?ssl=1\"><img data-recalc-dims=\"1\" loading=\"lazy\" decoding=\"async\" data-attachment-id=\"13575\" data-permalink=\"https:\/\/www.gastonballiot.fr\/?attachment_id=13575#main\" data-orig-file=\"https:\/\/i0.wp.com\/www.gastonballiot.fr\/wp-content\/uploads\/2025\/02\/PeauRefRetr.jpg?fit=317%2C229&amp;ssl=1\" data-orig-size=\"317,229\" data-comments-opened=\"0\" data-image-meta=\"{&quot;aperture&quot;:&quot;0&quot;,&quot;credit&quot;:&quot;&quot;,&quot;camera&quot;:&quot;&quot;,&quot;caption&quot;:&quot;&quot;,&quot;created_timestamp&quot;:&quot;0&quot;,&quot;copyright&quot;:&quot;&quot;,&quot;focal_length&quot;:&quot;0&quot;,&quot;iso&quot;:&quot;0&quot;,&quot;shutter_speed&quot;:&quot;0&quot;,&quot;title&quot;:&quot;&quot;,&quot;orientation&quot;:&quot;0&quot;}\" data-image-title=\"PeauRefRetr\" data-image-description=\"\" data-image-caption=\"\" data-medium-file=\"https:\/\/i0.wp.com\/www.gastonballiot.fr\/wp-content\/uploads\/2025\/02\/PeauRefRetr.jpg?fit=300%2C217&amp;ssl=1\" data-large-file=\"https:\/\/i0.wp.com\/www.gastonballiot.fr\/wp-content\/uploads\/2025\/02\/PeauRefRetr.jpg?fit=317%2C229&amp;ssl=1\" class=\"aligncenter size-full wp-image-13575\" src=\"https:\/\/i0.wp.com\/www.gastonballiot.fr\/wp-content\/uploads\/2025\/02\/PeauRefRetr.jpg?resize=317%2C229&#038;ssl=1\" alt=\"\" width=\"317\" height=\"229\" srcset=\"https:\/\/i0.wp.com\/www.gastonballiot.fr\/wp-content\/uploads\/2025\/02\/PeauRefRetr.jpg?w=317&amp;ssl=1 317w, https:\/\/i0.wp.com\/www.gastonballiot.fr\/wp-content\/uploads\/2025\/02\/PeauRefRetr.jpg?resize=300%2C217&amp;ssl=1 300w\" sizes=\"auto, (max-width: 317px) 100vw, 317px\" \/><\/a>\u00c9ditorial de l&rsquo;Humanit\u00e9 du 27\/02\/25<\/p>\n<p><a href=\"https:\/\/i0.wp.com\/www.gastonballiot.fr\/wp-content\/uploads\/2025\/02\/edito1.jpg?ssl=1\"><img data-recalc-dims=\"1\" loading=\"lazy\" decoding=\"async\" data-attachment-id=\"13576\" data-permalink=\"https:\/\/www.gastonballiot.fr\/?attachment_id=13576#main\" data-orig-file=\"https:\/\/i0.wp.com\/www.gastonballiot.fr\/wp-content\/uploads\/2025\/02\/edito1.jpg?fit=513%2C878&amp;ssl=1\" data-orig-size=\"513,878\" data-comments-opened=\"0\" data-image-meta=\"{&quot;aperture&quot;:&quot;0&quot;,&quot;credit&quot;:&quot;&quot;,&quot;camera&quot;:&quot;&quot;,&quot;caption&quot;:&quot;&quot;,&quot;created_timestamp&quot;:&quot;0&quot;,&quot;copyright&quot;:&quot;&quot;,&quot;focal_length&quot;:&quot;0&quot;,&quot;iso&quot;:&quot;0&quot;,&quot;shutter_speed&quot;:&quot;0&quot;,&quot;title&quot;:&quot;&quot;,&quot;orientation&quot;:&quot;0&quot;}\" data-image-title=\"edito1\" data-image-description=\"\" data-image-caption=\"\" data-medium-file=\"https:\/\/i0.wp.com\/www.gastonballiot.fr\/wp-content\/uploads\/2025\/02\/edito1.jpg?fit=175%2C300&amp;ssl=1\" data-large-file=\"https:\/\/i0.wp.com\/www.gastonballiot.fr\/wp-content\/uploads\/2025\/02\/edito1.jpg?fit=513%2C878&amp;ssl=1\" class=\"aligncenter size-full wp-image-13576\" src=\"https:\/\/i0.wp.com\/www.gastonballiot.fr\/wp-content\/uploads\/2025\/02\/edito1.jpg?resize=513%2C878&#038;ssl=1\" alt=\"\" width=\"513\" height=\"878\" srcset=\"https:\/\/i0.wp.com\/www.gastonballiot.fr\/wp-content\/uploads\/2025\/02\/edito1.jpg?w=513&amp;ssl=1 513w, https:\/\/i0.wp.com\/www.gastonballiot.fr\/wp-content\/uploads\/2025\/02\/edito1.jpg?resize=175%2C300&amp;ssl=1 175w\" sizes=\"auto, (max-width: 513px) 100vw, 513px\" \/><\/a> <a href=\"https:\/\/i0.wp.com\/www.gastonballiot.fr\/wp-content\/uploads\/2025\/02\/edito2.jpg?ssl=1\"><img data-recalc-dims=\"1\" loading=\"lazy\" decoding=\"async\" data-attachment-id=\"13577\" data-permalink=\"https:\/\/www.gastonballiot.fr\/?attachment_id=13577#main\" data-orig-file=\"https:\/\/i0.wp.com\/www.gastonballiot.fr\/wp-content\/uploads\/2025\/02\/edito2.jpg?fit=467%2C658&amp;ssl=1\" data-orig-size=\"467,658\" data-comments-opened=\"0\" data-image-meta=\"{&quot;aperture&quot;:&quot;0&quot;,&quot;credit&quot;:&quot;&quot;,&quot;camera&quot;:&quot;&quot;,&quot;caption&quot;:&quot;&quot;,&quot;created_timestamp&quot;:&quot;0&quot;,&quot;copyright&quot;:&quot;&quot;,&quot;focal_length&quot;:&quot;0&quot;,&quot;iso&quot;:&quot;0&quot;,&quot;shutter_speed&quot;:&quot;0&quot;,&quot;title&quot;:&quot;&quot;,&quot;orientation&quot;:&quot;0&quot;}\" data-image-title=\"edito2\" data-image-description=\"\" data-image-caption=\"\" data-medium-file=\"https:\/\/i0.wp.com\/www.gastonballiot.fr\/wp-content\/uploads\/2025\/02\/edito2.jpg?fit=213%2C300&amp;ssl=1\" data-large-file=\"https:\/\/i0.wp.com\/www.gastonballiot.fr\/wp-content\/uploads\/2025\/02\/edito2.jpg?fit=467%2C658&amp;ssl=1\" class=\"aligncenter size-full wp-image-13577\" src=\"https:\/\/i0.wp.com\/www.gastonballiot.fr\/wp-content\/uploads\/2025\/02\/edito2.jpg?resize=467%2C658&#038;ssl=1\" alt=\"\" width=\"467\" height=\"658\" srcset=\"https:\/\/i0.wp.com\/www.gastonballiot.fr\/wp-content\/uploads\/2025\/02\/edito2.jpg?w=467&amp;ssl=1 467w, https:\/\/i0.wp.com\/www.gastonballiot.fr\/wp-content\/uploads\/2025\/02\/edito2.jpg?resize=213%2C300&amp;ssl=1 213w\" sizes=\"auto, (max-width: 467px) 100vw, 467px\" \/><\/a> <a href=\"https:\/\/i0.wp.com\/www.gastonballiot.fr\/wp-content\/uploads\/2025\/02\/edito3.jpg?ssl=1\"><img data-recalc-dims=\"1\" loading=\"lazy\" decoding=\"async\" data-attachment-id=\"13578\" data-permalink=\"https:\/\/www.gastonballiot.fr\/?attachment_id=13578#main\" data-orig-file=\"https:\/\/i0.wp.com\/www.gastonballiot.fr\/wp-content\/uploads\/2025\/02\/edito3.jpg?fit=466%2C822&amp;ssl=1\" data-orig-size=\"466,822\" data-comments-opened=\"0\" data-image-meta=\"{&quot;aperture&quot;:&quot;0&quot;,&quot;credit&quot;:&quot;&quot;,&quot;camera&quot;:&quot;&quot;,&quot;caption&quot;:&quot;&quot;,&quot;created_timestamp&quot;:&quot;0&quot;,&quot;copyright&quot;:&quot;&quot;,&quot;focal_length&quot;:&quot;0&quot;,&quot;iso&quot;:&quot;0&quot;,&quot;shutter_speed&quot;:&quot;0&quot;,&quot;title&quot;:&quot;&quot;,&quot;orientation&quot;:&quot;0&quot;}\" data-image-title=\"edito3\" data-image-description=\"\" data-image-caption=\"\" data-medium-file=\"https:\/\/i0.wp.com\/www.gastonballiot.fr\/wp-content\/uploads\/2025\/02\/edito3.jpg?fit=170%2C300&amp;ssl=1\" data-large-file=\"https:\/\/i0.wp.com\/www.gastonballiot.fr\/wp-content\/uploads\/2025\/02\/edito3.jpg?fit=466%2C822&amp;ssl=1\" class=\"aligncenter size-full wp-image-13578\" src=\"https:\/\/i0.wp.com\/www.gastonballiot.fr\/wp-content\/uploads\/2025\/02\/edito3.jpg?resize=466%2C822&#038;ssl=1\" alt=\"\" width=\"466\" height=\"822\" srcset=\"https:\/\/i0.wp.com\/www.gastonballiot.fr\/wp-content\/uploads\/2025\/02\/edito3.jpg?w=466&amp;ssl=1 466w, https:\/\/i0.wp.com\/www.gastonballiot.fr\/wp-content\/uploads\/2025\/02\/edito3.jpg?resize=170%2C300&amp;ssl=1 170w\" sizes=\"auto, (max-width: 466px) 100vw, 466px\" \/><\/a><\/p>\n<h2><a href=\"https:\/\/www.mediapart.fr\/journal\/economie-et-social\/200225\/reforme-des-retraites-la-cour-des-comptes-desavoue-bayrou\" target=\"_blank\" rel=\"noopener\">Dans Mediapart : Retraites, la Cour des Conptes d\u00e9savoue Bayrou<\/a><\/h2>\n<p>&nbsp;<\/p>\n<aside id=\"recent-posts-3\" class=\"widget inner-padding widget_recent_entries\">\n<hr>\n<h2 class=\"widget-title\">Articles r\u00e9cents<\/h2>\n<ul>\n<li><a href=\"https:\/\/www.gastonballiot.fr\/?p=13522\">RSA et fake news.. La manipulation.<\/a> <span class=\"post-date\">24 f\u00e9vrier 2025<\/span><\/li>\n<li><a href=\"https:\/\/www.gastonballiot.fr\/?p=13513\">Intol\u00e9rance, haine, racisme, fascisme.. Une puanteur naus\u00e9abonde se r\u00e9pand sur une partie de la plan\u00e8te.<\/a> <span class=\"post-date\">24 f\u00e9vrier 2025<\/span><\/li>\n<li><a href=\"https:\/\/www.gastonballiot.fr\/?p=13481\">Corruption : la France d\u00e9gringole en 25e place.<\/a> <span class=\"post-date\">18 f\u00e9vrier 2025<\/span><\/li>\n<li><a href=\"https:\/\/www.gastonballiot.fr\/?p=13335\">Sortir du capitalisme. Quelques r\u00e9flexions.<\/a> <span class=\"post-date\">18 f\u00e9vrier 2025<\/span><\/li>\n<li><a href=\"https:\/\/www.gastonballiot.fr\/?p=13472\">Patrick Chamoiseau : \u00ab&nbsp;Nous sommes en face du surgissement de l\u2019inconcevable..&nbsp;\u00bb<\/a> <span class=\"post-date\">15 f\u00e9vrier 2025<\/span><\/li>\n<li><a href=\"https:\/\/www.gastonballiot.fr\/?p=13430\">Submersion, vague migratoire, etc.. les mots lourds de sens<\/a> <span class=\"post-date\">12 f\u00e9vrier 2025<\/span><\/li>\n<li><a href=\"https:\/\/www.gastonballiot.fr\/?p=13376\">Intelligence Artificielle. R\u00e9seaux sociaux. Monde num\u00e9rique.<\/a> <span class=\"post-date\">7 f\u00e9vrier 2025<\/span><\/li>\n<li><a href=\"https:\/\/www.gastonballiot.fr\/?p=13389\">R\u00e9action des groupes \u00e9cologie et social et gauche d\u00e9mocrate et r\u00e9publicaine aux visuels publi\u00e9s par la france insoumise<\/a> <span class=\"post-date\">7 f\u00e9vrier 2025<\/span><\/li>\n<li><a href=\"https:\/\/www.gastonballiot.fr\/?p=13257\">Gauche : redresser la barre, choisir le bon cap. Ensemble la victoire est possible.<\/a> <span class=\"post-date\">2 f\u00e9vrier 2025<\/span><\/li>\n<li><a href=\"https:\/\/www.gastonballiot.fr\/?p=13323\">Grand patronat et fascisme. Des liaisons dangereuses !<\/a> <span class=\"post-date\">1 f\u00e9vrier 2025<\/span><\/li>\n<li><a href=\"https:\/\/www.gastonballiot.fr\/?p=13301\">L\u2019Europe face aux USA de Trump<\/a> <span class=\"post-date\">30 janvier 2025<\/span><\/li>\n<li><a href=\"https:\/\/www.gastonballiot.fr\/?p=13288\">Il y a 80 ans on d\u00e9couvrait l\u2019horreur. La peste brune tente de revenir. Vigilance !<\/a> <span class=\"post-date\">27 janvier 2025<\/span><\/li>\n<li><a href=\"https:\/\/www.gastonballiot.fr\/?p=13226\">D\u00e9bat sur la r\u00e9forme des retraites et sur le budget 2025..<\/a> <span class=\"post-date\">21 janvier 2025<\/span><\/li>\n<li><a href=\"https:\/\/www.gastonballiot.fr\/?p=13216\">Concertation retraites \u2013 d\u00e9claration de Sophie Binet<\/a> <span class=\"post-date\">18 janvier 2025<\/span><\/li>\n<li><a href=\"https:\/\/www.gastonballiot.fr\/?p=13194\">Sortir de la crise : \u00e9l\u00e9ments de d\u00e9bat.<\/a> <span class=\"post-date\">16 janvier 2025<\/span><\/li>\n<li><a href=\"https:\/\/www.gastonballiot.fr\/?p=13184\">Elon Musk le parrain de l\u2019extr\u00eame droite mondiale<\/a> <span class=\"post-date\">13 janvier 2025<\/span><\/li>\n<li><a href=\"https:\/\/www.gastonballiot.fr\/?p=13167\">GAZA le trou noir m\u00e9diatique. Silence on tue..<\/a> <span class=\"post-date\">12 janvier 2025<\/span><\/li>\n<li><a href=\"https:\/\/www.gastonballiot.fr\/?p=13158\">Sociologie de l\u2019extr\u00eame droite en France<\/a> <span class=\"post-date\">10 janvier 2025<\/span><\/li>\n<li><a href=\"https:\/\/www.gastonballiot.fr\/?p=13136\">Macron et Musk, les mauvaises fr\u00e9quentations, la sinistre farce.<\/a> <span class=\"post-date\">7 janvier 2025<\/span><\/li>\n<li><a href=\"https:\/\/www.gastonballiot.fr\/?p=13120\">Solidarit\u00e9 avec le peuple de Cuba. Et un peu d\u2019histoire avec Andr\u00e9 Chassaigne.<\/a> <span class=\"post-date\">4 janvier 2025<\/span><\/li>\n<\/ul>\n<\/aside>\n","protected":false},"excerpt":{"rendered":"<p>Les retraites en d\u00e9bat avec Micha\u00ebl Zemmour, \u00e9conomiste et sp\u00e9cialiste des questions de protection sociale, et Sylvie Durand, syndicaliste et secr\u00e9taire nationale de l&rsquo;Ugict-CGT &nbsp; Retraites \u00e0 64&nbsp;ans&nbsp;: y a-t-il une chance que les syndicats aient la peau de la r\u00e9forme&nbsp;? La ren\u00e9gociation de la r\u00e9forme de 2023, qui d\u00e9marre ce jeudi, s\u2019annonce sem\u00e9e d\u2019emb\u00fbches, avec un gouvernement et un patronat farouchement oppos\u00e9s \u00e0 toute remise en cause du recul de l\u2019\u00e2ge l\u00e9gal. Des avanc\u00e9es sont-elles n\u00e9anmoins possibles&nbsp;? Trois mois. Trois &#8230; <a title=\"Les retraites en discussion. 3 mois de n\u00e9gociations, pour gagner du temps, ou pour avancer ?\" class=\"read-more\" href=\"https:\/\/www.gastonballiot.fr\/?p=13571\" aria-label=\"Plus sur Les retraites en discussion. 3 mois de n\u00e9gociations, pour gagner du temps, ou pour avancer ?\">Lire la suite&#8230;<\/a><\/p>\n","protected":false},"author":1,"featured_media":13575,"comment_status":"closed","ping_status":"closed","sticky":false,"template":"","format":"standard","meta":{"ngg_post_thumbnail":0,"jetpack_post_was_ever_published":false,"_jetpack_newsletter_access":"","_jetpack_dont_email_post_to_subs":false,"_jetpack_newsletter_tier_id":0,"_jetpack_memberships_contains_paywalled_content":false,"_jetpack_memberships_contains_paid_content":false,"footnotes":"","jetpack_publicize_message":"","jetpack_publicize_feature_enabled":true,"jetpack_social_post_already_shared":false,"jetpack_social_options":{"image_generator_settings":{"template":"highway","enabled":false},"version":2}},"categories":[2,6,20],"tags":[119,630],"class_list":["post-13571","post","type-post","status-publish","format-standard","has-post-thumbnail","hentry","category-a-la-une","category-economie","category-retraites","tag-retraites","tag-retrau","infinite-scroll-item","masonry-post","generate-columns","tablet-grid-50","mobile-grid-100","grid-parent","grid-33"],"jetpack_publicize_connections":[],"yoast_head":"<!-- This site is optimized with the Yoast SEO plugin v27.5 - https:\/\/yoast.com\/product\/yoast-seo-wordpress\/ -->\n<title>Les retraites en discussion. 3 mois de n\u00e9gociations, pour gagner du temps, ou pour avancer ? - Le blog politique de Gaston<\/title>\n<meta name=\"robots\" content=\"index, follow, max-snippet:-1, max-image-preview:large, max-video-preview:-1\" \/>\n<link rel=\"canonical\" href=\"https:\/\/www.gastonballiot.fr\/?p=13571\" \/>\n<meta property=\"og:locale\" content=\"fr_FR\" \/>\n<meta property=\"og:type\" content=\"article\" \/>\n<meta property=\"og:title\" content=\"Les retraites en discussion. 3 mois de n\u00e9gociations, pour gagner du temps, ou pour avancer ? - Le blog politique de Gaston\" \/>\n<meta property=\"og:description\" content=\"Les retraites en d\u00e9bat avec Micha\u00ebl Zemmour, \u00e9conomiste et sp\u00e9cialiste des questions de protection sociale, et Sylvie Durand, syndicaliste et secr\u00e9taire nationale de l&rsquo;Ugict-CGT &nbsp; Retraites \u00e0 64&nbsp;ans&nbsp;: y a-t-il une chance que les syndicats aient la peau de la r\u00e9forme&nbsp;? La ren\u00e9gociation de la r\u00e9forme de 2023, qui d\u00e9marre ce jeudi, s\u2019annonce sem\u00e9e d\u2019emb\u00fbches, avec un gouvernement et un patronat farouchement oppos\u00e9s \u00e0 toute remise en cause du recul de l\u2019\u00e2ge l\u00e9gal. Des avanc\u00e9es sont-elles n\u00e9anmoins possibles&nbsp;? Trois mois. Trois ... Lire la suite...\" \/>\n<meta property=\"og:url\" content=\"https:\/\/www.gastonballiot.fr\/?p=13571\" \/>\n<meta property=\"og:site_name\" content=\"Le blog politique de Gaston\" \/>\n<meta property=\"article:publisher\" content=\"https:\/\/www.facebook.com\/gaston.balliot\/\" \/>\n<meta property=\"article:author\" content=\"https:\/\/www.facebook.com\/gaston.balliot\/\" \/>\n<meta property=\"article:published_time\" content=\"2025-02-27T13:54:24+00:00\" \/>\n<meta property=\"article:modified_time\" content=\"2025-03-06T11:11:41+00:00\" \/>\n<meta property=\"og:image\" content=\"https:\/\/www.gastonballiot.fr\/wp-content\/uploads\/2025\/02\/PeauRefRetr.jpg\" \/>\n\t<meta property=\"og:image:width\" content=\"317\" \/>\n\t<meta property=\"og:image:height\" content=\"229\" \/>\n\t<meta property=\"og:image:type\" content=\"image\/jpeg\" \/>\n<meta name=\"author\" content=\"gb\" \/>\n<meta name=\"twitter:card\" content=\"summary_large_image\" \/>\n<meta name=\"twitter:label1\" content=\"\u00c9crit par\" \/>\n\t<meta name=\"twitter:data1\" content=\"gb\" \/>\n\t<meta name=\"twitter:label2\" content=\"Dur\u00e9e de lecture estim\u00e9e\" \/>\n\t<meta name=\"twitter:data2\" content=\"3 minutes\" \/>\n<script type=\"application\/ld+json\" class=\"yoast-schema-graph\">{\"@context\":\"https:\\\/\\\/schema.org\",\"@graph\":[{\"@type\":\"Article\",\"@id\":\"https:\\\/\\\/www.gastonballiot.fr\\\/?p=13571#article\",\"isPartOf\":{\"@id\":\"https:\\\/\\\/www.gastonballiot.fr\\\/?p=13571\"},\"author\":{\"name\":\"gb\",\"@id\":\"https:\\\/\\\/www.gastonballiot.fr\\\/#\\\/schema\\\/person\\\/244a5e02696abd8a65c5b1bebdb948ca\"},\"headline\":\"Les retraites en discussion. 3 mois de n\u00e9gociations, pour gagner du temps, ou pour avancer ?\",\"datePublished\":\"2025-02-27T13:54:24+00:00\",\"dateModified\":\"2025-03-06T11:11:41+00:00\",\"mainEntityOfPage\":{\"@id\":\"https:\\\/\\\/www.gastonballiot.fr\\\/?p=13571\"},\"wordCount\":433,\"publisher\":{\"@id\":\"https:\\\/\\\/www.gastonballiot.fr\\\/#\\\/schema\\\/person\\\/244a5e02696abd8a65c5b1bebdb948ca\"},\"image\":{\"@id\":\"https:\\\/\\\/www.gastonballiot.fr\\\/?p=13571#primaryimage\"},\"thumbnailUrl\":\"https:\\\/\\\/i0.wp.com\\\/www.gastonballiot.fr\\\/wp-content\\\/uploads\\\/2025\\\/02\\\/PeauRefRetr.jpg?fit=317%2C229&ssl=1\",\"keywords\":[\"Retraites\",\"retrau\"],\"articleSection\":[\"A la une\",\"Economie\",\"Retraites\"],\"inLanguage\":\"fr-FR\"},{\"@type\":\"WebPage\",\"@id\":\"https:\\\/\\\/www.gastonballiot.fr\\\/?p=13571\",\"url\":\"https:\\\/\\\/www.gastonballiot.fr\\\/?p=13571\",\"name\":\"Les retraites en discussion. 3 mois de n\u00e9gociations, pour gagner du temps, ou pour avancer ? - Le blog politique de Gaston\",\"isPartOf\":{\"@id\":\"https:\\\/\\\/www.gastonballiot.fr\\\/#website\"},\"primaryImageOfPage\":{\"@id\":\"https:\\\/\\\/www.gastonballiot.fr\\\/?p=13571#primaryimage\"},\"image\":{\"@id\":\"https:\\\/\\\/www.gastonballiot.fr\\\/?p=13571#primaryimage\"},\"thumbnailUrl\":\"https:\\\/\\\/i0.wp.com\\\/www.gastonballiot.fr\\\/wp-content\\\/uploads\\\/2025\\\/02\\\/PeauRefRetr.jpg?fit=317%2C229&ssl=1\",\"datePublished\":\"2025-02-27T13:54:24+00:00\",\"dateModified\":\"2025-03-06T11:11:41+00:00\",\"breadcrumb\":{\"@id\":\"https:\\\/\\\/www.gastonballiot.fr\\\/?p=13571#breadcrumb\"},\"inLanguage\":\"fr-FR\",\"potentialAction\":[{\"@type\":\"ReadAction\",\"target\":[\"https:\\\/\\\/www.gastonballiot.fr\\\/?p=13571\"]}]},{\"@type\":\"ImageObject\",\"inLanguage\":\"fr-FR\",\"@id\":\"https:\\\/\\\/www.gastonballiot.fr\\\/?p=13571#primaryimage\",\"url\":\"https:\\\/\\\/i0.wp.com\\\/www.gastonballiot.fr\\\/wp-content\\\/uploads\\\/2025\\\/02\\\/PeauRefRetr.jpg?fit=317%2C229&ssl=1\",\"contentUrl\":\"https:\\\/\\\/i0.wp.com\\\/www.gastonballiot.fr\\\/wp-content\\\/uploads\\\/2025\\\/02\\\/PeauRefRetr.jpg?fit=317%2C229&ssl=1\",\"width\":317,\"height\":229},{\"@type\":\"BreadcrumbList\",\"@id\":\"https:\\\/\\\/www.gastonballiot.fr\\\/?p=13571#breadcrumb\",\"itemListElement\":[{\"@type\":\"ListItem\",\"position\":1,\"name\":\"Accueil\",\"item\":\"https:\\\/\\\/www.gastonballiot.fr\\\/\"},{\"@type\":\"ListItem\",\"position\":2,\"name\":\"Les retraites en discussion. 3 mois de n\u00e9gociations, pour gagner du temps, ou pour avancer ?\"}]},{\"@type\":\"WebSite\",\"@id\":\"https:\\\/\\\/www.gastonballiot.fr\\\/#website\",\"url\":\"https:\\\/\\\/www.gastonballiot.fr\\\/\",\"name\":\"Le blog politique de Gaston\",\"description\":\"L&#039;humain d&#039;abord, pas la finance !\",\"publisher\":{\"@id\":\"https:\\\/\\\/www.gastonballiot.fr\\\/#\\\/schema\\\/person\\\/244a5e02696abd8a65c5b1bebdb948ca\"},\"potentialAction\":[{\"@type\":\"SearchAction\",\"target\":{\"@type\":\"EntryPoint\",\"urlTemplate\":\"https:\\\/\\\/www.gastonballiot.fr\\\/?s={search_term_string}\"},\"query-input\":{\"@type\":\"PropertyValueSpecification\",\"valueRequired\":true,\"valueName\":\"search_term_string\"}}],\"inLanguage\":\"fr-FR\"},{\"@type\":[\"Person\",\"Organization\"],\"@id\":\"https:\\\/\\\/www.gastonballiot.fr\\\/#\\\/schema\\\/person\\\/244a5e02696abd8a65c5b1bebdb948ca\",\"name\":\"gb\",\"image\":{\"@type\":\"ImageObject\",\"inLanguage\":\"fr-FR\",\"@id\":\"https:\\\/\\\/i0.wp.com\\\/www.gastonballiot.fr\\\/wp-content\\\/uploads\\\/2017\\\/04\\\/cropped-Marianne-drapeau-rouge.gif?fit=512%2C512&ssl=1\",\"url\":\"https:\\\/\\\/i0.wp.com\\\/www.gastonballiot.fr\\\/wp-content\\\/uploads\\\/2017\\\/04\\\/cropped-Marianne-drapeau-rouge.gif?fit=512%2C512&ssl=1\",\"contentUrl\":\"https:\\\/\\\/i0.wp.com\\\/www.gastonballiot.fr\\\/wp-content\\\/uploads\\\/2017\\\/04\\\/cropped-Marianne-drapeau-rouge.gif?fit=512%2C512&ssl=1\",\"width\":512,\"height\":512,\"caption\":\"gb\"},\"logo\":{\"@id\":\"https:\\\/\\\/i0.wp.com\\\/www.gastonballiot.fr\\\/wp-content\\\/uploads\\\/2017\\\/04\\\/cropped-Marianne-drapeau-rouge.gif?fit=512%2C512&ssl=1\"},\"description\":\"Gaston Balliot, militant du Front de Gauche en pays bigouden - Pont L'Abb\u00e9 - Loctudy - Guilvinec - Penmarc'h - Ile Tudy - Combrit Ste Marine - Tr\u00e9meoc - Plon\u00e9our, p\u00eache tourisme\",\"sameAs\":[\"https:\\\/\\\/www.facebook.com\\\/gaston.balliot\\\/\"]}]}<\/script>\n<!-- \/ Yoast SEO plugin. -->","yoast_head_json":{"title":"Les retraites en discussion. 3 mois de n\u00e9gociations, pour gagner du temps, ou pour avancer ? - Le blog politique de Gaston","robots":{"index":"index","follow":"follow","max-snippet":"max-snippet:-1","max-image-preview":"max-image-preview:large","max-video-preview":"max-video-preview:-1"},"canonical":"https:\/\/www.gastonballiot.fr\/?p=13571","og_locale":"fr_FR","og_type":"article","og_title":"Les retraites en discussion. 3 mois de n\u00e9gociations, pour gagner du temps, ou pour avancer ? - Le blog politique de Gaston","og_description":"Les retraites en d\u00e9bat avec Micha\u00ebl Zemmour, \u00e9conomiste et sp\u00e9cialiste des questions de protection sociale, et Sylvie Durand, syndicaliste et secr\u00e9taire nationale de l&rsquo;Ugict-CGT &nbsp; Retraites \u00e0 64&nbsp;ans&nbsp;: y a-t-il une chance que les syndicats aient la peau de la r\u00e9forme&nbsp;? La ren\u00e9gociation de la r\u00e9forme de 2023, qui d\u00e9marre ce jeudi, s\u2019annonce sem\u00e9e d\u2019emb\u00fbches, avec un gouvernement et un patronat farouchement oppos\u00e9s \u00e0 toute remise en cause du recul de l\u2019\u00e2ge l\u00e9gal. Des avanc\u00e9es sont-elles n\u00e9anmoins possibles&nbsp;? Trois mois. Trois ... Lire la suite...","og_url":"https:\/\/www.gastonballiot.fr\/?p=13571","og_site_name":"Le blog politique de Gaston","article_publisher":"https:\/\/www.facebook.com\/gaston.balliot\/","article_author":"https:\/\/www.facebook.com\/gaston.balliot\/","article_published_time":"2025-02-27T13:54:24+00:00","article_modified_time":"2025-03-06T11:11:41+00:00","og_image":[{"width":317,"height":229,"url":"https:\/\/www.gastonballiot.fr\/wp-content\/uploads\/2025\/02\/PeauRefRetr.jpg","type":"image\/jpeg"}],"author":"gb","twitter_card":"summary_large_image","twitter_misc":{"\u00c9crit par":"gb","Dur\u00e9e de lecture estim\u00e9e":"3 minutes"},"schema":{"@context":"https:\/\/schema.org","@graph":[{"@type":"Article","@id":"https:\/\/www.gastonballiot.fr\/?p=13571#article","isPartOf":{"@id":"https:\/\/www.gastonballiot.fr\/?p=13571"},"author":{"name":"gb","@id":"https:\/\/www.gastonballiot.fr\/#\/schema\/person\/244a5e02696abd8a65c5b1bebdb948ca"},"headline":"Les retraites en discussion. 3 mois de n\u00e9gociations, pour gagner du temps, ou pour avancer ?","datePublished":"2025-02-27T13:54:24+00:00","dateModified":"2025-03-06T11:11:41+00:00","mainEntityOfPage":{"@id":"https:\/\/www.gastonballiot.fr\/?p=13571"},"wordCount":433,"publisher":{"@id":"https:\/\/www.gastonballiot.fr\/#\/schema\/person\/244a5e02696abd8a65c5b1bebdb948ca"},"image":{"@id":"https:\/\/www.gastonballiot.fr\/?p=13571#primaryimage"},"thumbnailUrl":"https:\/\/i0.wp.com\/www.gastonballiot.fr\/wp-content\/uploads\/2025\/02\/PeauRefRetr.jpg?fit=317%2C229&ssl=1","keywords":["Retraites","retrau"],"articleSection":["A la une","Economie","Retraites"],"inLanguage":"fr-FR"},{"@type":"WebPage","@id":"https:\/\/www.gastonballiot.fr\/?p=13571","url":"https:\/\/www.gastonballiot.fr\/?p=13571","name":"Les retraites en discussion. 3 mois de n\u00e9gociations, pour gagner du temps, ou pour avancer ? - Le blog politique de Gaston","isPartOf":{"@id":"https:\/\/www.gastonballiot.fr\/#website"},"primaryImageOfPage":{"@id":"https:\/\/www.gastonballiot.fr\/?p=13571#primaryimage"},"image":{"@id":"https:\/\/www.gastonballiot.fr\/?p=13571#primaryimage"},"thumbnailUrl":"https:\/\/i0.wp.com\/www.gastonballiot.fr\/wp-content\/uploads\/2025\/02\/PeauRefRetr.jpg?fit=317%2C229&ssl=1","datePublished":"2025-02-27T13:54:24+00:00","dateModified":"2025-03-06T11:11:41+00:00","breadcrumb":{"@id":"https:\/\/www.gastonballiot.fr\/?p=13571#breadcrumb"},"inLanguage":"fr-FR","potentialAction":[{"@type":"ReadAction","target":["https:\/\/www.gastonballiot.fr\/?p=13571"]}]},{"@type":"ImageObject","inLanguage":"fr-FR","@id":"https:\/\/www.gastonballiot.fr\/?p=13571#primaryimage","url":"https:\/\/i0.wp.com\/www.gastonballiot.fr\/wp-content\/uploads\/2025\/02\/PeauRefRetr.jpg?fit=317%2C229&ssl=1","contentUrl":"https:\/\/i0.wp.com\/www.gastonballiot.fr\/wp-content\/uploads\/2025\/02\/PeauRefRetr.jpg?fit=317%2C229&ssl=1","width":317,"height":229},{"@type":"BreadcrumbList","@id":"https:\/\/www.gastonballiot.fr\/?p=13571#breadcrumb","itemListElement":[{"@type":"ListItem","position":1,"name":"Accueil","item":"https:\/\/www.gastonballiot.fr\/"},{"@type":"ListItem","position":2,"name":"Les retraites en discussion. 3 mois de n\u00e9gociations, pour gagner du temps, ou pour avancer ?"}]},{"@type":"WebSite","@id":"https:\/\/www.gastonballiot.fr\/#website","url":"https:\/\/www.gastonballiot.fr\/","name":"Le blog politique de Gaston","description":"L&#039;humain d&#039;abord, pas la finance !","publisher":{"@id":"https:\/\/www.gastonballiot.fr\/#\/schema\/person\/244a5e02696abd8a65c5b1bebdb948ca"},"potentialAction":[{"@type":"SearchAction","target":{"@type":"EntryPoint","urlTemplate":"https:\/\/www.gastonballiot.fr\/?s={search_term_string}"},"query-input":{"@type":"PropertyValueSpecification","valueRequired":true,"valueName":"search_term_string"}}],"inLanguage":"fr-FR"},{"@type":["Person","Organization"],"@id":"https:\/\/www.gastonballiot.fr\/#\/schema\/person\/244a5e02696abd8a65c5b1bebdb948ca","name":"gb","image":{"@type":"ImageObject","inLanguage":"fr-FR","@id":"https:\/\/i0.wp.com\/www.gastonballiot.fr\/wp-content\/uploads\/2017\/04\/cropped-Marianne-drapeau-rouge.gif?fit=512%2C512&ssl=1","url":"https:\/\/i0.wp.com\/www.gastonballiot.fr\/wp-content\/uploads\/2017\/04\/cropped-Marianne-drapeau-rouge.gif?fit=512%2C512&ssl=1","contentUrl":"https:\/\/i0.wp.com\/www.gastonballiot.fr\/wp-content\/uploads\/2017\/04\/cropped-Marianne-drapeau-rouge.gif?fit=512%2C512&ssl=1","width":512,"height":512,"caption":"gb"},"logo":{"@id":"https:\/\/i0.wp.com\/www.gastonballiot.fr\/wp-content\/uploads\/2017\/04\/cropped-Marianne-drapeau-rouge.gif?fit=512%2C512&ssl=1"},"description":"Gaston Balliot, militant du Front de Gauche en pays bigouden - Pont L'Abb\u00e9 - Loctudy - Guilvinec - Penmarc'h - Ile Tudy - Combrit Ste Marine - Tr\u00e9meoc - Plon\u00e9our, p\u00eache tourisme","sameAs":["https:\/\/www.facebook.com\/gaston.balliot\/"]}]}},"jetpack_featured_media_url":"https:\/\/i0.wp.com\/www.gastonballiot.fr\/wp-content\/uploads\/2025\/02\/PeauRefRetr.jpg?fit=317%2C229&ssl=1","jetpack_shortlink":"https:\/\/wp.me\/p5UTaD-3wT","jetpack-related-posts":[],"jetpack_likes_enabled":true,"jetpack_sharing_enabled":true,"_links":{"self":[{"href":"https:\/\/www.gastonballiot.fr\/index.php?rest_route=\/wp\/v2\/posts\/13571","targetHints":{"allow":["GET"]}}],"collection":[{"href":"https:\/\/www.gastonballiot.fr\/index.php?rest_route=\/wp\/v2\/posts"}],"about":[{"href":"https:\/\/www.gastonballiot.fr\/index.php?rest_route=\/wp\/v2\/types\/post"}],"author":[{"embeddable":true,"href":"https:\/\/www.gastonballiot.fr\/index.php?rest_route=\/wp\/v2\/users\/1"}],"replies":[{"embeddable":true,"href":"https:\/\/www.gastonballiot.fr\/index.php?rest_route=%2Fwp%2Fv2%2Fcomments&post=13571"}],"version-history":[{"count":16,"href":"https:\/\/www.gastonballiot.fr\/index.php?rest_route=\/wp\/v2\/posts\/13571\/revisions"}],"predecessor-version":[{"id":13664,"href":"https:\/\/www.gastonballiot.fr\/index.php?rest_route=\/wp\/v2\/posts\/13571\/revisions\/13664"}],"wp:featuredmedia":[{"embeddable":true,"href":"https:\/\/www.gastonballiot.fr\/index.php?rest_route=\/wp\/v2\/media\/13575"}],"wp:attachment":[{"href":"https:\/\/www.gastonballiot.fr\/index.php?rest_route=%2Fwp%2Fv2%2Fmedia&parent=13571"}],"wp:term":[{"taxonomy":"category","embeddable":true,"href":"https:\/\/www.gastonballiot.fr\/index.php?rest_route=%2Fwp%2Fv2%2Fcategories&post=13571"},{"taxonomy":"post_tag","embeddable":true,"href":"https:\/\/www.gastonballiot.fr\/index.php?rest_route=%2Fwp%2Fv2%2Ftags&post=13571"}],"curies":[{"name":"wp","href":"https:\/\/api.w.org\/{rel}","templated":true}]}}