{"id":13604,"date":"2025-03-01T08:59:01","date_gmt":"2025-03-01T07:59:01","guid":{"rendered":"https:\/\/www.gastonballiot.fr\/?p=13604"},"modified":"2025-03-02T12:22:37","modified_gmt":"2025-03-02T11:22:37","slug":"le-discours-de-gilles-perret-cesar-du-meilleur-documentaire","status":"publish","type":"post","link":"https:\/\/www.gastonballiot.fr\/?p=13604","title":{"rendered":"Le remarquable discours de Gilles Perret, c\u00e9sar du meilleur documentaire"},"content":{"rendered":"<h4 style=\"text-align: center;\">&nbsp;C\u00e9r\u00e9monie des C\u00e9sars 2025<\/h4>\n<p style=\"text-align: center;\"><em>Gilles Perret<\/em> d\u00e9die son <em>C\u00e9sar<\/em> \u00e0 \u00ab ceux qui luttent pour vivre de leur travail \u00bb.<\/p>\n<p>Vid\u00e9o : Le discours de Gilles Perret, c\u00e9sar du meilleur documentaire pour \u00ab\u00a0La ferme des Bertrand\u00a0\u00bb. Bravo Gilles pour tout.<\/p>\n<p><iframe loading=\"lazy\" title=\"Discours de Gilles Perret aux C\u00e9sar 2025\" src=\"https:\/\/www.youtube.com\/embed\/J0e1lBcdlUw\" width=\"736\" height=\"410\" frameborder=\"0\" allowfullscreen=\"allowfullscreen\"><\/iframe>&nbsp;<\/p>\n<div class=\"x11i5rnm xat24cr x1mh8g0r x1vvkbs xtlvy1s x126k92a\">\n<div dir=\"auto\">\n<p>&nbsp;<\/p>\n<p><span class=\"x193iq5w xeuugli x13faqbe x1vvkbs x1xmvt09 x1lliihq x1s928wv xhkezso x1gmr53x x1cpjm7i x1fgarty x1943h6x xudqn12 x3x7a5m x6prxxf xvq8zen xo1l8bm xzsf02u x1yc453h\" dir=\"auto\">\u00ab\u00a0Je d\u00e9die cette r\u00e9compense \u00e0 toutes celles et \u00e0 tous ceux qui ne d\u00e9sirent qu&rsquo;une seule chose : vivre dignement de leur travail. \u00ab\u00a0<\/span><\/p>\n<p><i>\u2026\/\u2026 je crois que le d\u00e9terminisme social aurait d\u00fb m\u2019emp\u00eacher d\u2019\u00eatre ici devant vous ce soir. Je voudrais aussi remercier toutes les structures, tous les gens qui ont conjur\u00e9 le sort. Je pense \u00e0 ma famille, mes filles, je pense au village de <a title=\"Mieussy\" href=\"https:\/\/fr.wikipedia.org\/wiki\/Mieussy\">Mieussy<\/a>,<br \/>\nJe pense \u00e0 l\u2019h\u00f4pital public, je pense \u00e0 l\u2019\u00e9cole publique, je pense \u00e0 la cotisation sociale, je pense \u00e0 l\u2019imp\u00f4t et toutes structures collectives qui nous permettent de faire soci\u00e9t\u00e9.<\/i><\/p>\n<p><i>En tout cas, ce C\u00e9sar m\u2019incite \u00e0 continuer dans la voie que j\u2019essaie de tracer : c\u2019est essayer de rendre visible les invisibles, dans un pays o\u00f9 on tend plus facilement le micro \u00e0 des milliardaires qui se plaignent plut\u00f4t qu\u2019au dix millions de pauvres.<br \/>\nDans un pays o\u00f9 les dirigeants, pour rester en place et pour ne pas contrarier les puissants, pr\u00e9f\u00e8rent s\u2019allier \u00e0 l\u2019extr\u00eame droite fasciste plut\u00f4t que poser la question du partage des richesses et de la protection de la plan\u00e8te.<\/i><\/p>\n<p><i>Attention, m\u00e9fions-nous, cette histoire, on la conna\u00eet d\u00e9j\u00e0, cette petite musique mortif\u00e8re, on l\u2019a d\u00e9j\u00e0 entendue : c\u2019\u00e9tait celle des ann\u00e9es trente o\u00f9 d\u00e9j\u00e0 \u00e0 l\u2019\u00e9poque on disait \u00ab\u00a0plut\u00f4t Hitler que le Front Populaire\u00a0\u00bb.<\/i><\/p>\n<p><i>\u00c7a va vite, m\u00e9fions-nous et nous, gens du cin\u00e9ma, je crois que ce serait bien d\u2019y mettre un peu les pieds, par-ce que, j\u2019ai trop souvent l\u2019impression que dans le monde du cin\u00e9ma, on regarde parfois trop souvent ailleurs et que la maison br\u00fble et on filme ailleurs.<\/i><\/p>\n<p><i>Voil\u00e0, je vous remercie, \u00e0 la fin, c&rsquo;est quand m\u00eame nous qu\u2019on va gagner.<\/i><\/p>\n<\/div>\n<\/div>\n<div class=\"x11i5rnm xat24cr x1mh8g0r x1vvkbs xtlvy1s x126k92a\">&nbsp;<\/div>\n<p>&nbsp;<\/p>\n<hr>\n<p>En cette p\u00e9riode de remise en cause du syst\u00e8me social fran\u00e7ais h\u00e9rit\u00e9 du CNR,<br \/>\nil est bon de revoir le film \u00ab\u00a0La sociale\u00a0\u00bb de Gilles Perret sur la cr\u00e9ation de notre grande S\u00e9curit\u00e9 Sociale par Ambroise Croizat en 1946.<\/p>\n<p>Quelques films&nbsp; de Gilles Perret<\/p>\n<ul>\n<li>1998&nbsp;: <i>Trois fr\u00e8res pour une vie&#8230;<\/i><\/li>\n<li>2000&nbsp;: <i>Les Alpes en musique<\/i> (moyen m\u00e9trage documentaire)<sup id=\"cite_ref-film-documentaire.fr_24-0\" class=\"reference\"><a title=\"\" href=\"https:\/\/fr.wikipedia.org\/wiki\/Gilles_Perret#cite_note-film-documentaire.fr-24\">24<\/a><\/sup><\/li>\n<li>2001&nbsp;: <i>Les Sauveteurs des cimes<\/i><sup id=\"cite_ref-25\" class=\"reference\"><a href=\"https:\/\/fr.wikipedia.org\/wiki\/Gilles_Perret#cite_note-25\">25<\/a><\/sup> (diffus\u00e9 dans l&rsquo;\u00e9mission <i><a title=\"La Case de l'oncle Doc\" href=\"https:\/\/fr.wikipedia.org\/wiki\/La_Case_de_l%27oncle_Doc\">La Case de l&rsquo;oncle Doc<\/a><\/i>)<\/li>\n<li>2002&nbsp;: <i>La Chauffe<\/i> (court m\u00e9trage documentaire)<sup id=\"cite_ref-film-documentaire.fr_24-1\" class=\"reference\"><a href=\"https:\/\/fr.wikipedia.org\/wiki\/Gilles_Perret#cite_note-film-documentaire.fr-24\">24<\/a><\/sup><\/li>\n<li>2003&nbsp;: <i>L\u2019Envers des Grands<\/i> (court m\u00e9trage documentaire)<sup id=\"cite_ref-film-documentaire.fr_24-2\" class=\"reference\"><a href=\"https:\/\/fr.wikipedia.org\/wiki\/Gilles_Perret#cite_note-film-documentaire.fr-24\">24<\/a><\/sup><\/li>\n<li>2003&nbsp;: <i>T.I.R.-toi du Mont-Blanc<\/i> (moyen m\u00e9trage documentaire)<sup id=\"cite_ref-film-documentaire.fr_24-3\" class=\"reference\"><a href=\"https:\/\/fr.wikipedia.org\/wiki\/Gilles_Perret#cite_note-film-documentaire.fr-24\">24<\/a><\/sup><\/li>\n<li>2004&nbsp;: <i>L&rsquo;Homme qui revient de haut<\/i> (court m\u00e9trage documentaire)<\/li>\n<li>2004&nbsp;: <i>8 clos \u00e0 \u00c9vian<\/i><\/li>\n<li>2005&nbsp;: <i>Les Saisonniers<\/i> (court m\u00e9trage documentaire)<sup id=\"cite_ref-film-documentaire.fr_24-4\" class=\"reference\"><a href=\"https:\/\/fr.wikipedia.org\/wiki\/Gilles_Perret#cite_note-film-documentaire.fr-24\">24<\/a><\/sup><\/li>\n<li>2006&nbsp;: <i><a title=\"Ma mondialisation\" href=\"https:\/\/fr.wikipedia.org\/wiki\/Ma_mondialisation\">Ma mondialisation<\/a><\/i><\/li>\n<li>2007&nbsp;: <i>\u00c7a chauffe sur les Alpes<\/i> (moyen m\u00e9trage documentaire)<\/li>\n<li>2009&nbsp;: <i><a title=\"Walter, retour en r\u00e9sistance\" href=\"https:\/\/fr.wikipedia.org\/wiki\/Walter,_retour_en_r%C3%A9sistance\">Walter, retour en r\u00e9sistance<\/a><\/i><\/li>\n<li>2010&nbsp;: <i>Apr\u00e8s l&rsquo;\u00e9cole, l&rsquo;alpage<\/i> (court m\u00e9trage documentaire)<\/li>\n<li>2012&nbsp;: <i><a class=\"new\" title=\"De m\u00e9moire d'ouvriers (page inexistante)\" href=\"https:\/\/fr.wikipedia.org\/w\/index.php?title=De_m%C3%A9moire_d%27ouvriers&amp;action=edit&amp;redlink=1\">De m\u00e9moire d&rsquo;ouvriers<\/a><\/i><\/li>\n<li>2013&nbsp;: <i><a title=\"Les Jours heureux (film, 2013)\" href=\"https:\/\/fr.wikipedia.org\/wiki\/Les_Jours_heureux_(film,_2013)\">Les Jours heureux<\/a><\/i><\/li>\n<li>2014&nbsp;: <i>Du plomb dans l&rsquo;or blanc<\/i> (court m\u00e9trage documentaire)<\/li>\n<li>2016&nbsp;: <i><a title=\"La Sociale\" href=\"https:\/\/fr.wikipedia.org\/wiki\/La_Sociale\">La Sociale<\/a><\/i><\/li>\n<li>2019&nbsp;: <i><a title=\"J'veux du soleil (film)\" href=\"https:\/\/fr.wikipedia.org\/wiki\/J%27veux_du_soleil_(film)\">J&rsquo;veux du soleil<\/a><\/i> &#8211; co-r\u00e9alis\u00e9 avec <a title=\"Fran\u00e7ois Ruffin\" href=\"https:\/\/fr.wikipedia.org\/wiki\/Fran%C3%A7ois_Ruffin\">Fran\u00e7ois Ruffin<\/a><\/li>\n<li>2021&nbsp;: <i><a title=\"Debout les femmes !\" href=\"https:\/\/fr.wikipedia.org\/wiki\/Debout_les_femmes_!\">Debout les femmes&nbsp;!<\/a><\/i> &#8211; co-r\u00e9alis\u00e9 avec <a title=\"Fran\u00e7ois Ruffin\" href=\"https:\/\/fr.wikipedia.org\/wiki\/Fran%C3%A7ois_Ruffin\">Fran\u00e7ois Ruffin<\/a><\/li>\n<li>2022&nbsp;: <i><a title=\"Reprise en main\" href=\"https:\/\/fr.wikipedia.org\/wiki\/Reprise_en_main\">Reprise en main<\/a><\/i> (long m\u00e9trage de fiction) &#8211; co-\u00e9crit avec Marion Richoux<\/li>\n<li>2024&nbsp;: <i><a title=\"La Ferme des Bertrand\" href=\"https:\/\/fr.wikipedia.org\/wiki\/La_Ferme_des_Bertrand\">La Ferme des Bertrand<\/a><\/i><\/li>\n<li>2024&nbsp;: <i><a title=\"Au boulot !\" href=\"https:\/\/fr.wikipedia.org\/wiki\/Au_boulot_!\">Au boulot&nbsp;!<\/a><\/i> cor\u00e9alis\u00e9 avec <a title=\"Fran\u00e7ois Ruffin\" href=\"https:\/\/fr.wikipedia.org\/wiki\/Fran%C3%A7ois_Ruffin\">Fran\u00e7ois Ruffin<\/a><\/li>\n<\/ul>\n","protected":false},"excerpt":{"rendered":"<p>&nbsp;C\u00e9r\u00e9monie des C\u00e9sars 2025 Gilles Perret d\u00e9die son C\u00e9sar \u00e0 \u00ab ceux qui luttent pour vivre de leur travail \u00bb. Vid\u00e9o : Le discours de Gilles Perret, c\u00e9sar du meilleur documentaire pour \u00ab\u00a0La ferme des Bertrand\u00a0\u00bb. Bravo Gilles pour tout. &nbsp; &nbsp; \u00ab\u00a0Je d\u00e9die cette r\u00e9compense \u00e0 toutes celles et \u00e0 tous ceux qui ne d\u00e9sirent qu&rsquo;une seule chose : vivre dignement de leur travail. \u00ab\u00a0 \u2026\/\u2026 je crois que le d\u00e9terminisme social aurait d\u00fb m\u2019emp\u00eacher d\u2019\u00eatre ici devant vous ce &#8230; <a title=\"Le remarquable discours de Gilles Perret, c\u00e9sar du meilleur documentaire\" class=\"read-more\" href=\"https:\/\/www.gastonballiot.fr\/?p=13604\" aria-label=\"Plus sur Le remarquable discours de Gilles Perret, c\u00e9sar du meilleur documentaire\">Lire la suite&#8230;<\/a><\/p>\n","protected":false},"author":1,"featured_media":13611,"comment_status":"closed","ping_status":"closed","sticky":false,"template":"","format":"standard","meta":{"ngg_post_thumbnail":0,"jetpack_post_was_ever_published":false,"_jetpack_newsletter_access":"","_jetpack_dont_email_post_to_subs":false,"_jetpack_newsletter_tier_id":0,"_jetpack_memberships_contains_paywalled_content":false,"_jetpack_memberships_contains_paid_content":false,"footnotes":"","jetpack_publicize_message":"","jetpack_publicize_feature_enabled":true,"jetpack_social_post_already_shared":false,"jetpack_social_options":{"image_generator_settings":{"template":"highway","enabled":false},"version":2}},"categories":[2,5,16],"tags":[632,48,631,126],"class_list":["post-13604","post","type-post","status-publish","format-standard","has-post-thumbnail","hentry","category-a-la-une","category-democratie","category-social","tag-cinema","tag-democratie","tag-gilles-perret","tag-social","infinite-scroll-item","masonry-post","generate-columns","tablet-grid-50","mobile-grid-100","grid-parent","grid-33"],"jetpack_publicize_connections":[],"yoast_head":"<!-- This site is optimized with the Yoast SEO plugin v27.5 - https:\/\/yoast.com\/product\/yoast-seo-wordpress\/ -->\n<title>Le remarquable discours de Gilles Perret, c\u00e9sar du meilleur documentaire - Le blog politique de Gaston<\/title>\n<meta name=\"robots\" content=\"index, follow, max-snippet:-1, max-image-preview:large, max-video-preview:-1\" \/>\n<link rel=\"canonical\" href=\"https:\/\/www.gastonballiot.fr\/?p=13604\" \/>\n<meta property=\"og:locale\" content=\"fr_FR\" \/>\n<meta property=\"og:type\" content=\"article\" \/>\n<meta property=\"og:title\" content=\"Le remarquable discours de Gilles Perret, c\u00e9sar du meilleur documentaire - Le blog politique de Gaston\" \/>\n<meta property=\"og:description\" content=\"&nbsp;C\u00e9r\u00e9monie des C\u00e9sars 2025 Gilles Perret d\u00e9die son C\u00e9sar \u00e0 \u00ab ceux qui luttent pour vivre de leur travail \u00bb. Vid\u00e9o : Le discours de Gilles Perret, c\u00e9sar du meilleur documentaire pour \u00ab\u00a0La ferme des Bertrand\u00a0\u00bb. Bravo Gilles pour tout. &nbsp; &nbsp; \u00ab\u00a0Je d\u00e9die cette r\u00e9compense \u00e0 toutes celles et \u00e0 tous ceux qui ne d\u00e9sirent qu&rsquo;une seule chose : vivre dignement de leur travail. \u00ab\u00a0 \u2026\/\u2026 je crois que le d\u00e9terminisme social aurait d\u00fb m\u2019emp\u00eacher d\u2019\u00eatre ici devant vous ce ... Lire la suite...\" \/>\n<meta property=\"og:url\" content=\"https:\/\/www.gastonballiot.fr\/?p=13604\" \/>\n<meta property=\"og:site_name\" content=\"Le blog politique de Gaston\" \/>\n<meta property=\"article:publisher\" content=\"https:\/\/www.facebook.com\/gaston.balliot\/\" \/>\n<meta property=\"article:author\" content=\"https:\/\/www.facebook.com\/gaston.balliot\/\" \/>\n<meta property=\"article:published_time\" content=\"2025-03-01T07:59:01+00:00\" \/>\n<meta property=\"article:modified_time\" content=\"2025-03-02T11:22:37+00:00\" \/>\n<meta property=\"og:image\" content=\"https:\/\/www.gastonballiot.fr\/wp-content\/uploads\/2025\/03\/LaSocialeTitre.jpg\" \/>\n\t<meta property=\"og:image:width\" content=\"609\" \/>\n\t<meta property=\"og:image:height\" content=\"204\" \/>\n\t<meta property=\"og:image:type\" content=\"image\/jpeg\" \/>\n<meta name=\"author\" content=\"gb\" \/>\n<meta name=\"twitter:card\" content=\"summary_large_image\" \/>\n<meta name=\"twitter:label1\" content=\"\u00c9crit par\" \/>\n\t<meta name=\"twitter:data1\" content=\"gb\" \/>\n\t<meta name=\"twitter:label2\" content=\"Dur\u00e9e de lecture estim\u00e9e\" \/>\n\t<meta name=\"twitter:data2\" content=\"3 minutes\" \/>\n<script type=\"application\/ld+json\" class=\"yoast-schema-graph\">{\"@context\":\"https:\\\/\\\/schema.org\",\"@graph\":[{\"@type\":\"Article\",\"@id\":\"https:\\\/\\\/www.gastonballiot.fr\\\/?p=13604#article\",\"isPartOf\":{\"@id\":\"https:\\\/\\\/www.gastonballiot.fr\\\/?p=13604\"},\"author\":{\"name\":\"gb\",\"@id\":\"https:\\\/\\\/www.gastonballiot.fr\\\/#\\\/schema\\\/person\\\/244a5e02696abd8a65c5b1bebdb948ca\"},\"headline\":\"Le remarquable discours de Gilles Perret, c\u00e9sar du meilleur documentaire\",\"datePublished\":\"2025-03-01T07:59:01+00:00\",\"dateModified\":\"2025-03-02T11:22:37+00:00\",\"mainEntityOfPage\":{\"@id\":\"https:\\\/\\\/www.gastonballiot.fr\\\/?p=13604\"},\"wordCount\":604,\"publisher\":{\"@id\":\"https:\\\/\\\/www.gastonballiot.fr\\\/#\\\/schema\\\/person\\\/244a5e02696abd8a65c5b1bebdb948ca\"},\"image\":{\"@id\":\"https:\\\/\\\/www.gastonballiot.fr\\\/?p=13604#primaryimage\"},\"thumbnailUrl\":\"https:\\\/\\\/i0.wp.com\\\/www.gastonballiot.fr\\\/wp-content\\\/uploads\\\/2025\\\/03\\\/LaSocialeTitre.jpg?fit=609%2C204&ssl=1\",\"keywords\":[\"cinema\",\"D\u00e9mocratie\",\"Gilles Perret\",\"Social\"],\"articleSection\":[\"A la une\",\"D\u00e9mocratie\",\"Social\"],\"inLanguage\":\"fr-FR\"},{\"@type\":\"WebPage\",\"@id\":\"https:\\\/\\\/www.gastonballiot.fr\\\/?p=13604\",\"url\":\"https:\\\/\\\/www.gastonballiot.fr\\\/?p=13604\",\"name\":\"Le remarquable discours de Gilles Perret, c\u00e9sar du meilleur documentaire - Le blog politique de Gaston\",\"isPartOf\":{\"@id\":\"https:\\\/\\\/www.gastonballiot.fr\\\/#website\"},\"primaryImageOfPage\":{\"@id\":\"https:\\\/\\\/www.gastonballiot.fr\\\/?p=13604#primaryimage\"},\"image\":{\"@id\":\"https:\\\/\\\/www.gastonballiot.fr\\\/?p=13604#primaryimage\"},\"thumbnailUrl\":\"https:\\\/\\\/i0.wp.com\\\/www.gastonballiot.fr\\\/wp-content\\\/uploads\\\/2025\\\/03\\\/LaSocialeTitre.jpg?fit=609%2C204&ssl=1\",\"datePublished\":\"2025-03-01T07:59:01+00:00\",\"dateModified\":\"2025-03-02T11:22:37+00:00\",\"breadcrumb\":{\"@id\":\"https:\\\/\\\/www.gastonballiot.fr\\\/?p=13604#breadcrumb\"},\"inLanguage\":\"fr-FR\",\"potentialAction\":[{\"@type\":\"ReadAction\",\"target\":[\"https:\\\/\\\/www.gastonballiot.fr\\\/?p=13604\"]}]},{\"@type\":\"ImageObject\",\"inLanguage\":\"fr-FR\",\"@id\":\"https:\\\/\\\/www.gastonballiot.fr\\\/?p=13604#primaryimage\",\"url\":\"https:\\\/\\\/i0.wp.com\\\/www.gastonballiot.fr\\\/wp-content\\\/uploads\\\/2025\\\/03\\\/LaSocialeTitre.jpg?fit=609%2C204&ssl=1\",\"contentUrl\":\"https:\\\/\\\/i0.wp.com\\\/www.gastonballiot.fr\\\/wp-content\\\/uploads\\\/2025\\\/03\\\/LaSocialeTitre.jpg?fit=609%2C204&ssl=1\",\"width\":609,\"height\":204},{\"@type\":\"BreadcrumbList\",\"@id\":\"https:\\\/\\\/www.gastonballiot.fr\\\/?p=13604#breadcrumb\",\"itemListElement\":[{\"@type\":\"ListItem\",\"position\":1,\"name\":\"Accueil\",\"item\":\"https:\\\/\\\/www.gastonballiot.fr\\\/\"},{\"@type\":\"ListItem\",\"position\":2,\"name\":\"Le remarquable discours de Gilles Perret, c\u00e9sar du meilleur documentaire\"}]},{\"@type\":\"WebSite\",\"@id\":\"https:\\\/\\\/www.gastonballiot.fr\\\/#website\",\"url\":\"https:\\\/\\\/www.gastonballiot.fr\\\/\",\"name\":\"Le blog politique de Gaston\",\"description\":\"L&#039;humain d&#039;abord, pas la finance !\",\"publisher\":{\"@id\":\"https:\\\/\\\/www.gastonballiot.fr\\\/#\\\/schema\\\/person\\\/244a5e02696abd8a65c5b1bebdb948ca\"},\"potentialAction\":[{\"@type\":\"SearchAction\",\"target\":{\"@type\":\"EntryPoint\",\"urlTemplate\":\"https:\\\/\\\/www.gastonballiot.fr\\\/?s={search_term_string}\"},\"query-input\":{\"@type\":\"PropertyValueSpecification\",\"valueRequired\":true,\"valueName\":\"search_term_string\"}}],\"inLanguage\":\"fr-FR\"},{\"@type\":[\"Person\",\"Organization\"],\"@id\":\"https:\\\/\\\/www.gastonballiot.fr\\\/#\\\/schema\\\/person\\\/244a5e02696abd8a65c5b1bebdb948ca\",\"name\":\"gb\",\"image\":{\"@type\":\"ImageObject\",\"inLanguage\":\"fr-FR\",\"@id\":\"https:\\\/\\\/i0.wp.com\\\/www.gastonballiot.fr\\\/wp-content\\\/uploads\\\/2017\\\/04\\\/cropped-Marianne-drapeau-rouge.gif?fit=512%2C512&ssl=1\",\"url\":\"https:\\\/\\\/i0.wp.com\\\/www.gastonballiot.fr\\\/wp-content\\\/uploads\\\/2017\\\/04\\\/cropped-Marianne-drapeau-rouge.gif?fit=512%2C512&ssl=1\",\"contentUrl\":\"https:\\\/\\\/i0.wp.com\\\/www.gastonballiot.fr\\\/wp-content\\\/uploads\\\/2017\\\/04\\\/cropped-Marianne-drapeau-rouge.gif?fit=512%2C512&ssl=1\",\"width\":512,\"height\":512,\"caption\":\"gb\"},\"logo\":{\"@id\":\"https:\\\/\\\/i0.wp.com\\\/www.gastonballiot.fr\\\/wp-content\\\/uploads\\\/2017\\\/04\\\/cropped-Marianne-drapeau-rouge.gif?fit=512%2C512&ssl=1\"},\"description\":\"Gaston Balliot, militant du Front de Gauche en pays bigouden - Pont L'Abb\u00e9 - Loctudy - Guilvinec - Penmarc'h - Ile Tudy - Combrit Ste Marine - Tr\u00e9meoc - Plon\u00e9our, p\u00eache tourisme\",\"sameAs\":[\"https:\\\/\\\/www.facebook.com\\\/gaston.balliot\\\/\"]}]}<\/script>\n<!-- \/ Yoast SEO plugin. -->","yoast_head_json":{"title":"Le remarquable discours de Gilles Perret, c\u00e9sar du meilleur documentaire - Le blog politique de Gaston","robots":{"index":"index","follow":"follow","max-snippet":"max-snippet:-1","max-image-preview":"max-image-preview:large","max-video-preview":"max-video-preview:-1"},"canonical":"https:\/\/www.gastonballiot.fr\/?p=13604","og_locale":"fr_FR","og_type":"article","og_title":"Le remarquable discours de Gilles Perret, c\u00e9sar du meilleur documentaire - Le blog politique de Gaston","og_description":"&nbsp;C\u00e9r\u00e9monie des C\u00e9sars 2025 Gilles Perret d\u00e9die son C\u00e9sar \u00e0 \u00ab ceux qui luttent pour vivre de leur travail \u00bb. Vid\u00e9o : Le discours de Gilles Perret, c\u00e9sar du meilleur documentaire pour \u00ab\u00a0La ferme des Bertrand\u00a0\u00bb. Bravo Gilles pour tout. &nbsp; &nbsp; \u00ab\u00a0Je d\u00e9die cette r\u00e9compense \u00e0 toutes celles et \u00e0 tous ceux qui ne d\u00e9sirent qu&rsquo;une seule chose : vivre dignement de leur travail. \u00ab\u00a0 \u2026\/\u2026 je crois que le d\u00e9terminisme social aurait d\u00fb m\u2019emp\u00eacher d\u2019\u00eatre ici devant vous ce ... Lire la suite...","og_url":"https:\/\/www.gastonballiot.fr\/?p=13604","og_site_name":"Le blog politique de Gaston","article_publisher":"https:\/\/www.facebook.com\/gaston.balliot\/","article_author":"https:\/\/www.facebook.com\/gaston.balliot\/","article_published_time":"2025-03-01T07:59:01+00:00","article_modified_time":"2025-03-02T11:22:37+00:00","og_image":[{"width":609,"height":204,"url":"https:\/\/www.gastonballiot.fr\/wp-content\/uploads\/2025\/03\/LaSocialeTitre.jpg","type":"image\/jpeg"}],"author":"gb","twitter_card":"summary_large_image","twitter_misc":{"\u00c9crit par":"gb","Dur\u00e9e de lecture estim\u00e9e":"3 minutes"},"schema":{"@context":"https:\/\/schema.org","@graph":[{"@type":"Article","@id":"https:\/\/www.gastonballiot.fr\/?p=13604#article","isPartOf":{"@id":"https:\/\/www.gastonballiot.fr\/?p=13604"},"author":{"name":"gb","@id":"https:\/\/www.gastonballiot.fr\/#\/schema\/person\/244a5e02696abd8a65c5b1bebdb948ca"},"headline":"Le remarquable discours de Gilles Perret, c\u00e9sar du meilleur documentaire","datePublished":"2025-03-01T07:59:01+00:00","dateModified":"2025-03-02T11:22:37+00:00","mainEntityOfPage":{"@id":"https:\/\/www.gastonballiot.fr\/?p=13604"},"wordCount":604,"publisher":{"@id":"https:\/\/www.gastonballiot.fr\/#\/schema\/person\/244a5e02696abd8a65c5b1bebdb948ca"},"image":{"@id":"https:\/\/www.gastonballiot.fr\/?p=13604#primaryimage"},"thumbnailUrl":"https:\/\/i0.wp.com\/www.gastonballiot.fr\/wp-content\/uploads\/2025\/03\/LaSocialeTitre.jpg?fit=609%2C204&ssl=1","keywords":["cinema","D\u00e9mocratie","Gilles Perret","Social"],"articleSection":["A la une","D\u00e9mocratie","Social"],"inLanguage":"fr-FR"},{"@type":"WebPage","@id":"https:\/\/www.gastonballiot.fr\/?p=13604","url":"https:\/\/www.gastonballiot.fr\/?p=13604","name":"Le remarquable discours de Gilles Perret, c\u00e9sar du meilleur documentaire - Le blog politique de Gaston","isPartOf":{"@id":"https:\/\/www.gastonballiot.fr\/#website"},"primaryImageOfPage":{"@id":"https:\/\/www.gastonballiot.fr\/?p=13604#primaryimage"},"image":{"@id":"https:\/\/www.gastonballiot.fr\/?p=13604#primaryimage"},"thumbnailUrl":"https:\/\/i0.wp.com\/www.gastonballiot.fr\/wp-content\/uploads\/2025\/03\/LaSocialeTitre.jpg?fit=609%2C204&ssl=1","datePublished":"2025-03-01T07:59:01+00:00","dateModified":"2025-03-02T11:22:37+00:00","breadcrumb":{"@id":"https:\/\/www.gastonballiot.fr\/?p=13604#breadcrumb"},"inLanguage":"fr-FR","potentialAction":[{"@type":"ReadAction","target":["https:\/\/www.gastonballiot.fr\/?p=13604"]}]},{"@type":"ImageObject","inLanguage":"fr-FR","@id":"https:\/\/www.gastonballiot.fr\/?p=13604#primaryimage","url":"https:\/\/i0.wp.com\/www.gastonballiot.fr\/wp-content\/uploads\/2025\/03\/LaSocialeTitre.jpg?fit=609%2C204&ssl=1","contentUrl":"https:\/\/i0.wp.com\/www.gastonballiot.fr\/wp-content\/uploads\/2025\/03\/LaSocialeTitre.jpg?fit=609%2C204&ssl=1","width":609,"height":204},{"@type":"BreadcrumbList","@id":"https:\/\/www.gastonballiot.fr\/?p=13604#breadcrumb","itemListElement":[{"@type":"ListItem","position":1,"name":"Accueil","item":"https:\/\/www.gastonballiot.fr\/"},{"@type":"ListItem","position":2,"name":"Le remarquable discours de Gilles Perret, c\u00e9sar du meilleur documentaire"}]},{"@type":"WebSite","@id":"https:\/\/www.gastonballiot.fr\/#website","url":"https:\/\/www.gastonballiot.fr\/","name":"Le blog politique de Gaston","description":"L&#039;humain d&#039;abord, pas la finance !","publisher":{"@id":"https:\/\/www.gastonballiot.fr\/#\/schema\/person\/244a5e02696abd8a65c5b1bebdb948ca"},"potentialAction":[{"@type":"SearchAction","target":{"@type":"EntryPoint","urlTemplate":"https:\/\/www.gastonballiot.fr\/?s={search_term_string}"},"query-input":{"@type":"PropertyValueSpecification","valueRequired":true,"valueName":"search_term_string"}}],"inLanguage":"fr-FR"},{"@type":["Person","Organization"],"@id":"https:\/\/www.gastonballiot.fr\/#\/schema\/person\/244a5e02696abd8a65c5b1bebdb948ca","name":"gb","image":{"@type":"ImageObject","inLanguage":"fr-FR","@id":"https:\/\/i0.wp.com\/www.gastonballiot.fr\/wp-content\/uploads\/2017\/04\/cropped-Marianne-drapeau-rouge.gif?fit=512%2C512&ssl=1","url":"https:\/\/i0.wp.com\/www.gastonballiot.fr\/wp-content\/uploads\/2017\/04\/cropped-Marianne-drapeau-rouge.gif?fit=512%2C512&ssl=1","contentUrl":"https:\/\/i0.wp.com\/www.gastonballiot.fr\/wp-content\/uploads\/2017\/04\/cropped-Marianne-drapeau-rouge.gif?fit=512%2C512&ssl=1","width":512,"height":512,"caption":"gb"},"logo":{"@id":"https:\/\/i0.wp.com\/www.gastonballiot.fr\/wp-content\/uploads\/2017\/04\/cropped-Marianne-drapeau-rouge.gif?fit=512%2C512&ssl=1"},"description":"Gaston Balliot, militant du Front de Gauche en pays bigouden - Pont L'Abb\u00e9 - Loctudy - Guilvinec - Penmarc'h - Ile Tudy - Combrit Ste Marine - Tr\u00e9meoc - Plon\u00e9our, p\u00eache tourisme","sameAs":["https:\/\/www.facebook.com\/gaston.balliot\/"]}]}},"jetpack_featured_media_url":"https:\/\/i0.wp.com\/www.gastonballiot.fr\/wp-content\/uploads\/2025\/03\/LaSocialeTitre.jpg?fit=609%2C204&ssl=1","jetpack_shortlink":"https:\/\/wp.me\/p5UTaD-3xq","jetpack-related-posts":[],"jetpack_likes_enabled":true,"jetpack_sharing_enabled":true,"_links":{"self":[{"href":"https:\/\/www.gastonballiot.fr\/index.php?rest_route=\/wp\/v2\/posts\/13604","targetHints":{"allow":["GET"]}}],"collection":[{"href":"https:\/\/www.gastonballiot.fr\/index.php?rest_route=\/wp\/v2\/posts"}],"about":[{"href":"https:\/\/www.gastonballiot.fr\/index.php?rest_route=\/wp\/v2\/types\/post"}],"author":[{"embeddable":true,"href":"https:\/\/www.gastonballiot.fr\/index.php?rest_route=\/wp\/v2\/users\/1"}],"replies":[{"embeddable":true,"href":"https:\/\/www.gastonballiot.fr\/index.php?rest_route=%2Fwp%2Fv2%2Fcomments&post=13604"}],"version-history":[{"count":15,"href":"https:\/\/www.gastonballiot.fr\/index.php?rest_route=\/wp\/v2\/posts\/13604\/revisions"}],"predecessor-version":[{"id":13630,"href":"https:\/\/www.gastonballiot.fr\/index.php?rest_route=\/wp\/v2\/posts\/13604\/revisions\/13630"}],"wp:featuredmedia":[{"embeddable":true,"href":"https:\/\/www.gastonballiot.fr\/index.php?rest_route=\/wp\/v2\/media\/13611"}],"wp:attachment":[{"href":"https:\/\/www.gastonballiot.fr\/index.php?rest_route=%2Fwp%2Fv2%2Fmedia&parent=13604"}],"wp:term":[{"taxonomy":"category","embeddable":true,"href":"https:\/\/www.gastonballiot.fr\/index.php?rest_route=%2Fwp%2Fv2%2Fcategories&post=13604"},{"taxonomy":"post_tag","embeddable":true,"href":"https:\/\/www.gastonballiot.fr\/index.php?rest_route=%2Fwp%2Fv2%2Ftags&post=13604"}],"curies":[{"name":"wp","href":"https:\/\/api.w.org\/{rel}","templated":true}]}}