{"id":13668,"date":"2025-03-10T10:58:42","date_gmt":"2025-03-10T09:58:42","guid":{"rendered":"https:\/\/www.gastonballiot.fr\/?p=13668"},"modified":"2025-03-10T11:23:22","modified_gmt":"2025-03-10T10:23:22","slug":"palestine-lenfer-planifie-le-silence-insupportable-du-pouvoir-en-france","status":"publish","type":"post","link":"https:\/\/www.gastonballiot.fr\/?p=13668","title":{"rendered":"Palestine, l&rsquo;enfer planifi\u00e9. Le silence insupportable du pouvoir en France."},"content":{"rendered":"<p style=\"text-align: center;\"><a href=\"https:\/\/i0.wp.com\/www.gastonballiot.fr\/wp-content\/uploads\/2025\/03\/NoOtherLand.webp?ssl=1\"><img data-recalc-dims=\"1\" loading=\"lazy\" decoding=\"async\" data-attachment-id=\"13674\" data-permalink=\"https:\/\/www.gastonballiot.fr\/?attachment_id=13674#main\" data-orig-file=\"https:\/\/i0.wp.com\/www.gastonballiot.fr\/wp-content\/uploads\/2025\/03\/NoOtherLand.webp?fit=474%2C632&amp;ssl=1\" data-orig-size=\"474,632\" data-comments-opened=\"0\" data-image-meta=\"{&quot;aperture&quot;:&quot;0&quot;,&quot;credit&quot;:&quot;&quot;,&quot;camera&quot;:&quot;&quot;,&quot;caption&quot;:&quot;&quot;,&quot;created_timestamp&quot;:&quot;0&quot;,&quot;copyright&quot;:&quot;&quot;,&quot;focal_length&quot;:&quot;0&quot;,&quot;iso&quot;:&quot;0&quot;,&quot;shutter_speed&quot;:&quot;0&quot;,&quot;title&quot;:&quot;&quot;,&quot;orientation&quot;:&quot;0&quot;}\" data-image-title=\"NoOtherLand\" data-image-description=\"\" data-image-caption=\"\" data-medium-file=\"https:\/\/i0.wp.com\/www.gastonballiot.fr\/wp-content\/uploads\/2025\/03\/NoOtherLand.webp?fit=225%2C300&amp;ssl=1\" data-large-file=\"https:\/\/i0.wp.com\/www.gastonballiot.fr\/wp-content\/uploads\/2025\/03\/NoOtherLand.webp?fit=474%2C632&amp;ssl=1\" class=\"alignleft wp-image-13674 size-medium\" src=\"https:\/\/i0.wp.com\/www.gastonballiot.fr\/wp-content\/uploads\/2025\/03\/NoOtherLand.webp?resize=225%2C300&#038;ssl=1\" alt=\"\" width=\"225\" height=\"300\" srcset=\"https:\/\/i0.wp.com\/www.gastonballiot.fr\/wp-content\/uploads\/2025\/03\/NoOtherLand.webp?resize=225%2C300&amp;ssl=1 225w, https:\/\/i0.wp.com\/www.gastonballiot.fr\/wp-content\/uploads\/2025\/03\/NoOtherLand.webp?w=474&amp;ssl=1 474w\" sizes=\"auto, (max-width: 225px) 100vw, 225px\" \/><\/a>Sur France TV Compl\u00e9ment d&rsquo;enqu\u00eate du 6 mars Netanyaou<br \/>\nAu cin\u00e9ma actuellement No other land<\/p>\n<p>\u00ab No other land \u00bb (Aucune autre terre) vient d\u2019obtenir l\u2019Oscar du meilleur documentaire, apr\u00e9s avoir obtenu, entre &nbsp;autres r\u00e9compenses, le prix du public et le prix du documentaire au Festival de Berlin en 2024. Ce film sera projet\u00e9 au Cin\u00e9ville, le vendredi 14 mars, \u00e0 20 h. Production palestino-norv\u00e9gienne, ce film est l\u2019oeuvre commune &nbsp;de quatre r\u00e9alisateurs, deux Palestiniens (Basel Adra et Hamdan Ballal) et deux Isra\u00e9liens (Yuval Abraham et Rachel Szor), ce qui est en soi un signe d\u2019espoir.<br \/>\nLe film montre le&nbsp;processus de colonisation isra\u00e9lienne avec&nbsp;la&nbsp;destruction des villages palestiniens et l\u2019expulsion de leurs&nbsp;habitants par&nbsp;l\u2019arm\u00e9e isra\u00e9lienne ainsi que la lutte non arm\u00e9e des paysans palestiniens contre cette spoliation et destruction de leurs biens. A ce combat participent les cin\u00e9astes Basel et Yuval qui se lient d\u2019amiti\u00e9, ce qui interroge les paysans palestiniens.&nbsp;<br \/>\nCe film est \u00e0 voir pour comprendre ce qui se passe aujourd\u2019hui, de &nbsp;fa\u00e7on dramatique, en Cisjordanie. Le film a \u00e9t\u00e9 aid\u00e9 par le CCFD Terre Solidaire. Sa diffusion est notamment soutenue &nbsp;par d&rsquo;autres associations membres de la Plateforme des ONG fran\u00e7aises pour la Palestine &nbsp;(AFPS, ATTAC, CEMEA, LDH, MRAP, UJPF\u2026), par Amnesty International et Artisans du Monde.<\/p>\n<p style=\"text-align: center;\">************<\/p>\n<p>La projection \u00e0 <strong>Pont l\u2019Abb\u00e9 le 14 mars \u00e0 20h au Cin\u00e9ville<\/strong> est organis\u00e9e \u00e0 l\u2019initiative du groupe du Pays de Cornouaille de l\u2019AFPS avec le soutien de Pont l\u2019Abb\u00e9 Solidarit\u00e9 Internationale. Elle sera suivie d\u2019un d\u00e9bat.<\/p>\n<hr>\n<h2 style=\"text-align: center;\"><a href=\"https:\/\/www.gastonballiot.fr\/?page_id=3801\" target=\"_blank\" rel=\"noopener\">Voir aussi : Un peu d&rsquo;histoire de la Palestine&nbsp; (ici)<\/a><\/h2>\n<p>Le pass\u00e9.. et ci-dessous le pr\u00e9sent. Un engrenage terrible.<\/p>\n<hr>\n<p><a href=\"https:\/\/i0.wp.com\/www.gastonballiot.fr\/wp-content\/uploads\/2025\/03\/Fr2Netanyaou6mars25.jpg?ssl=1\"><img data-recalc-dims=\"1\" loading=\"lazy\" decoding=\"async\" data-attachment-id=\"13687\" data-permalink=\"https:\/\/www.gastonballiot.fr\/?attachment_id=13687#main\" data-orig-file=\"https:\/\/i0.wp.com\/www.gastonballiot.fr\/wp-content\/uploads\/2025\/03\/Fr2Netanyaou6mars25.jpg?fit=715%2C320&amp;ssl=1\" data-orig-size=\"715,320\" data-comments-opened=\"0\" data-image-meta=\"{&quot;aperture&quot;:&quot;0&quot;,&quot;credit&quot;:&quot;&quot;,&quot;camera&quot;:&quot;&quot;,&quot;caption&quot;:&quot;&quot;,&quot;created_timestamp&quot;:&quot;0&quot;,&quot;copyright&quot;:&quot;&quot;,&quot;focal_length&quot;:&quot;0&quot;,&quot;iso&quot;:&quot;0&quot;,&quot;shutter_speed&quot;:&quot;0&quot;,&quot;title&quot;:&quot;&quot;,&quot;orientation&quot;:&quot;0&quot;}\" data-image-title=\"Fr2Netanyaou6mars25\" data-image-description=\"\" data-image-caption=\"\" data-medium-file=\"https:\/\/i0.wp.com\/www.gastonballiot.fr\/wp-content\/uploads\/2025\/03\/Fr2Netanyaou6mars25.jpg?fit=300%2C134&amp;ssl=1\" data-large-file=\"https:\/\/i0.wp.com\/www.gastonballiot.fr\/wp-content\/uploads\/2025\/03\/Fr2Netanyaou6mars25.jpg?fit=715%2C320&amp;ssl=1\" class=\"aligncenter size-full wp-image-13687\" src=\"https:\/\/i0.wp.com\/www.gastonballiot.fr\/wp-content\/uploads\/2025\/03\/Fr2Netanyaou6mars25.jpg?resize=715%2C320&#038;ssl=1\" alt=\"\" width=\"715\" height=\"320\" srcset=\"https:\/\/i0.wp.com\/www.gastonballiot.fr\/wp-content\/uploads\/2025\/03\/Fr2Netanyaou6mars25.jpg?w=715&amp;ssl=1 715w, https:\/\/i0.wp.com\/www.gastonballiot.fr\/wp-content\/uploads\/2025\/03\/Fr2Netanyaou6mars25.jpg?resize=300%2C134&amp;ssl=1 300w\" sizes=\"auto, (max-width: 715px) 100vw, 715px\" \/><\/a>Dans Compl\u00e9ment d&rsquo;enqu\u00eate sur France 2 le 6 mars 2025 une \u00e9difiante d\u00e9monstration<\/p>\n<ul>\n<li>que le gouvernement isra\u00e9lien pratique un v\u00e9ritable g\u00e9nocide \u00e0 Gaza<\/li>\n<li>que Netanyahou est un criminel de guerre, ainsi que ses ministres<\/li>\n<\/ul>\n<p>O\u00f9 l&rsquo;int\u00e9grisme religieux conduit au fascisme.<br \/>\nDes preuves irr\u00e9futables de l&rsquo;horreur que vivent les palestiniens.<\/p>\n<p style=\"text-align: center;\">A voir absolument, en rediffusion sur France 2<\/p>\n<p><a href=\"https:\/\/www.france.tv\/france-2\/complement-d-enquete\/6952117-benyamin-netanyahou-un-chef-d-etat-hors-limites.html\" target=\"_blank\" rel=\"noopener\">https:\/\/www.france.tv\/france-2\/complement-d-enquete\/6952117-benyamin-netanyahou-un-chef-d-etat-hors-limites.html<\/a><\/p>\n<hr>\n<h2 style=\"text-align: center;\"><a href=\"https:\/\/i0.wp.com\/www.gastonballiot.fr\/wp-content\/uploads\/2025\/03\/afps.webp?ssl=1\"><img data-recalc-dims=\"1\" loading=\"lazy\" decoding=\"async\" data-attachment-id=\"13694\" data-permalink=\"https:\/\/www.gastonballiot.fr\/?attachment_id=13694#main\" data-orig-file=\"https:\/\/i0.wp.com\/www.gastonballiot.fr\/wp-content\/uploads\/2025\/03\/afps.webp?fit=474%2C479&amp;ssl=1\" data-orig-size=\"474,479\" data-comments-opened=\"0\" data-image-meta=\"{&quot;aperture&quot;:&quot;0&quot;,&quot;credit&quot;:&quot;&quot;,&quot;camera&quot;:&quot;&quot;,&quot;caption&quot;:&quot;&quot;,&quot;created_timestamp&quot;:&quot;0&quot;,&quot;copyright&quot;:&quot;&quot;,&quot;focal_length&quot;:&quot;0&quot;,&quot;iso&quot;:&quot;0&quot;,&quot;shutter_speed&quot;:&quot;0&quot;,&quot;title&quot;:&quot;&quot;,&quot;orientation&quot;:&quot;0&quot;}\" data-image-title=\"afps\" data-image-description=\"\" data-image-caption=\"\" data-medium-file=\"https:\/\/i0.wp.com\/www.gastonballiot.fr\/wp-content\/uploads\/2025\/03\/afps.webp?fit=297%2C300&amp;ssl=1\" data-large-file=\"https:\/\/i0.wp.com\/www.gastonballiot.fr\/wp-content\/uploads\/2025\/03\/afps.webp?fit=474%2C479&amp;ssl=1\" class=\"alignleft wp-image-13694 size-thumbnail\" src=\"https:\/\/i0.wp.com\/www.gastonballiot.fr\/wp-content\/uploads\/2025\/03\/afps.webp?resize=150%2C150&#038;ssl=1\" alt=\"\" width=\"150\" height=\"150\" srcset=\"https:\/\/i0.wp.com\/www.gastonballiot.fr\/wp-content\/uploads\/2025\/03\/afps.webp?resize=150%2C150&amp;ssl=1 150w, https:\/\/i0.wp.com\/www.gastonballiot.fr\/wp-content\/uploads\/2025\/03\/afps.webp?zoom=2&amp;resize=150%2C150&amp;ssl=1 300w, https:\/\/i0.wp.com\/www.gastonballiot.fr\/wp-content\/uploads\/2025\/03\/afps.webp?zoom=3&amp;resize=150%2C150&amp;ssl=1 450w\" sizes=\"auto, (max-width: 150px) 100vw, 150px\" \/><\/a>Association France Palestine Solidarit\u00e9<\/h2>\n<p style=\"text-align: center;\"><a href=\"https:\/\/www.france-palestine.org\/\" target=\"_blank\" rel=\"noopener\">Site Internet AFPS<\/a><\/p>\n<p style=\"text-align: center;\">******************<\/p>\n<hr>\n<hr>\n<p>&nbsp;<\/p>\n<h2 class=\"widget-title\">Articles r\u00e9cents<\/h2>\n<ul>\n<li><a href=\"https:\/\/www.gastonballiot.fr\/?p=13640\">Course aux armements ou recherche de la paix ? \u00c9l\u00e9ments de r\u00e9flexion<\/a> <span class=\"post-date\">5 mars 2025<\/span><\/li>\n<li><a href=\"https:\/\/www.gastonballiot.fr\/?p=13604\">Le remarquable discours de Gilles Perret, c\u00e9sar du meilleur documentaire<\/a> <span class=\"post-date\">1 mars 2025<\/span><\/li>\n<li><a href=\"https:\/\/www.gastonballiot.fr\/?p=13571\">Les retraites en discussion. 3 mois de n\u00e9gociations, pour gagner du temps, ou pour avancer ?<\/a> <span class=\"post-date\">27 f\u00e9vrier 2025<\/span><\/li>\n<li><a href=\"https:\/\/www.gastonballiot.fr\/?p=13522\">RSA et fake news.. La manipulation.<\/a> <span class=\"post-date\">24 f\u00e9vrier 2025<\/span><\/li>\n<li><a href=\"https:\/\/www.gastonballiot.fr\/?p=13513\">Intol\u00e9rance, haine, racisme, fascisme.. Une puanteur naus\u00e9abonde se r\u00e9pand sur une partie de la plan\u00e8te.<\/a> <span class=\"post-date\">24 f\u00e9vrier 2025<\/span><\/li>\n<li><a href=\"https:\/\/www.gastonballiot.fr\/?p=13481\">Corruption : la France d\u00e9gringole en 25e place.<\/a> <span class=\"post-date\">18 f\u00e9vrier 2025<\/span><\/li>\n<li><a href=\"https:\/\/www.gastonballiot.fr\/?p=13335\">Sortir du capitalisme. Quelques r\u00e9flexions.<\/a> <span class=\"post-date\">18 f\u00e9vrier 2025<\/span><\/li>\n<li><a href=\"https:\/\/www.gastonballiot.fr\/?p=13472\">Patrick Chamoiseau : \u00ab&nbsp;Nous sommes en face du surgissement de l\u2019inconcevable..&nbsp;\u00bb<\/a> <span class=\"post-date\">15 f\u00e9vrier 2025<\/span><\/li>\n<li><a href=\"https:\/\/www.gastonballiot.fr\/?p=13430\">Submersion, vague migratoire, etc.. les mots lourds de sens<\/a> <span class=\"post-date\">12 f\u00e9vrier 2025<\/span><\/li>\n<li><a href=\"https:\/\/www.gastonballiot.fr\/?p=13376\">Intelligence Artificielle. R\u00e9seaux sociaux. Monde num\u00e9rique.<\/a> <span class=\"post-date\">7 f\u00e9vrier 2025<\/span><\/li>\n<li><a href=\"https:\/\/www.gastonballiot.fr\/?p=13389\">R\u00e9action des groupes \u00e9cologie et social et gauche d\u00e9mocrate et r\u00e9publicaine aux visuels publi\u00e9s par la france insoumise<\/a> <span class=\"post-date\">7 f\u00e9vrier 2025<\/span><\/li>\n<li><a href=\"https:\/\/www.gastonballiot.fr\/?p=13257\">Gauche : redresser la barre, choisir le bon cap. Ensemble la victoire est possible.<\/a> <span class=\"post-date\">2 f\u00e9vrier 2025<\/span><\/li>\n<li><a href=\"https:\/\/www.gastonballiot.fr\/?p=13323\">Grand patronat et fascisme. Des liaisons dangereuses !<\/a> <span class=\"post-date\">1 f\u00e9vrier 2025<\/span><\/li>\n<li><a href=\"https:\/\/www.gastonballiot.fr\/?p=13301\">L\u2019Europe face aux USA de Trump<\/a> <span class=\"post-date\">30 janvier 2025<\/span><\/li>\n<li><a href=\"https:\/\/www.gastonballiot.fr\/?p=13288\">Il y a 80 ans on d\u00e9couvrait l\u2019horreur. La peste brune tente de revenir. Vigilance !<\/a> <span class=\"post-date\">27 janvier 2025<\/span><\/li>\n<li><a href=\"https:\/\/www.gastonballiot.fr\/?p=13226\">D\u00e9bat sur la r\u00e9forme des retraites et sur le budget 2025..<\/a> <span class=\"post-date\">21 janvier 2025<\/span><\/li>\n<li><a href=\"https:\/\/www.gastonballiot.fr\/?p=13216\">Concertation retraites \u2013 d\u00e9claration de Sophie Binet<\/a> <span class=\"post-date\">18 janvier 2025<\/span><\/li>\n<li><a href=\"https:\/\/www.gastonballiot.fr\/?p=13194\">Sortir de la crise : \u00e9l\u00e9ments de d\u00e9bat.<\/a> <span class=\"post-date\">16 janvier 2025<\/span><\/li>\n<li><a href=\"https:\/\/www.gastonballiot.fr\/?p=13184\">Elon Musk le parrain de l\u2019extr\u00eame droite mondiale<\/a> <span class=\"post-date\">13 janvier 2025<\/span><\/li>\n<li><a href=\"https:\/\/www.gastonballiot.fr\/?p=13167\">GAZA le trou noir m\u00e9diatique. Silence on tue..<\/a> <span class=\"post-date\">12 janvier 2025<\/span><\/li>\n<\/ul>\n","protected":false},"excerpt":{"rendered":"<p>Sur France TV Compl\u00e9ment d&rsquo;enqu\u00eate du 6 mars Netanyaou Au cin\u00e9ma actuellement No other land \u00ab No other land \u00bb (Aucune autre terre) vient d\u2019obtenir l\u2019Oscar du meilleur documentaire, apr\u00e9s avoir obtenu, entre &nbsp;autres r\u00e9compenses, le prix du public et le prix du documentaire au Festival de Berlin en 2024. Ce film sera projet\u00e9 au Cin\u00e9ville, le vendredi 14 mars, \u00e0 20 h. Production palestino-norv\u00e9gienne, ce film est l\u2019oeuvre commune &nbsp;de quatre r\u00e9alisateurs, deux Palestiniens (Basel Adra et Hamdan Ballal) et &#8230; <a title=\"Palestine, l&rsquo;enfer planifi\u00e9. Le silence insupportable du pouvoir en France.\" class=\"read-more\" href=\"https:\/\/www.gastonballiot.fr\/?p=13668\" aria-label=\"Plus sur Palestine, l&rsquo;enfer planifi\u00e9. Le silence insupportable du pouvoir en France.\">Lire la suite&#8230;<\/a><\/p>\n","protected":false},"author":1,"featured_media":0,"comment_status":"closed","ping_status":"closed","sticky":false,"template":"","format":"standard","meta":{"ngg_post_thumbnail":0,"jetpack_post_was_ever_published":false,"_jetpack_newsletter_access":"","_jetpack_dont_email_post_to_subs":false,"_jetpack_newsletter_tier_id":0,"_jetpack_memberships_contains_paywalled_content":false,"_jetpack_memberships_contains_paid_content":false,"footnotes":"","jetpack_publicize_message":"","jetpack_publicize_feature_enabled":true,"jetpack_social_post_already_shared":false,"jetpack_social_options":{"image_generator_settings":{"template":"highway","enabled":false},"version":2}},"categories":[2,12,11],"tags":[68,78,322,104],"class_list":["post-13668","post","type-post","status-publish","format-standard","hentry","category-a-la-une","category-paix-desarmement","category-moyen-orient","tag-gaza","tag-israel","tag-netanyahou","tag-palestine","infinite-scroll-item","masonry-post","generate-columns","tablet-grid-50","mobile-grid-100","grid-parent","grid-33"],"jetpack_publicize_connections":[],"yoast_head":"<!-- This site is optimized with the Yoast SEO plugin v27.5 - https:\/\/yoast.com\/product\/yoast-seo-wordpress\/ -->\n<title>Palestine, l&#039;enfer planifi\u00e9. Le silence insupportable du pouvoir en France. - Le blog politique de Gaston<\/title>\n<meta name=\"robots\" content=\"index, follow, max-snippet:-1, max-image-preview:large, max-video-preview:-1\" \/>\n<link rel=\"canonical\" href=\"https:\/\/www.gastonballiot.fr\/?p=13668\" \/>\n<meta property=\"og:locale\" content=\"fr_FR\" \/>\n<meta property=\"og:type\" content=\"article\" \/>\n<meta property=\"og:title\" content=\"Palestine, l&#039;enfer planifi\u00e9. Le silence insupportable du pouvoir en France. - Le blog politique de Gaston\" \/>\n<meta property=\"og:description\" content=\"Sur France TV Compl\u00e9ment d&rsquo;enqu\u00eate du 6 mars Netanyaou Au cin\u00e9ma actuellement No other land \u00ab No other land \u00bb (Aucune autre terre) vient d\u2019obtenir l\u2019Oscar du meilleur documentaire, apr\u00e9s avoir obtenu, entre &nbsp;autres r\u00e9compenses, le prix du public et le prix du documentaire au Festival de Berlin en 2024. Ce film sera projet\u00e9 au Cin\u00e9ville, le vendredi 14 mars, \u00e0 20 h. Production palestino-norv\u00e9gienne, ce film est l\u2019oeuvre commune &nbsp;de quatre r\u00e9alisateurs, deux Palestiniens (Basel Adra et Hamdan Ballal) et ... Lire la suite...\" \/>\n<meta property=\"og:url\" content=\"https:\/\/www.gastonballiot.fr\/?p=13668\" \/>\n<meta property=\"og:site_name\" content=\"Le blog politique de Gaston\" \/>\n<meta property=\"article:publisher\" content=\"https:\/\/www.facebook.com\/gaston.balliot\/\" \/>\n<meta property=\"article:author\" content=\"https:\/\/www.facebook.com\/gaston.balliot\/\" \/>\n<meta property=\"article:published_time\" content=\"2025-03-10T09:58:42+00:00\" \/>\n<meta property=\"article:modified_time\" content=\"2025-03-10T10:23:22+00:00\" \/>\n<meta property=\"og:image\" content=\"https:\/\/i0.wp.com\/www.gastonballiot.fr\/wp-content\/uploads\/2025\/03\/NoOtherLand.webp?fit=474%2C632&ssl=1\" \/>\n\t<meta property=\"og:image:width\" content=\"474\" \/>\n\t<meta property=\"og:image:height\" content=\"632\" \/>\n\t<meta property=\"og:image:type\" content=\"image\/webp\" \/>\n<meta name=\"author\" content=\"gb\" \/>\n<meta name=\"twitter:card\" content=\"summary_large_image\" \/>\n<meta name=\"twitter:label1\" content=\"\u00c9crit par\" \/>\n\t<meta name=\"twitter:data1\" content=\"gb\" \/>\n\t<meta name=\"twitter:label2\" content=\"Dur\u00e9e de lecture estim\u00e9e\" \/>\n\t<meta name=\"twitter:data2\" content=\"4 minutes\" \/>\n<script type=\"application\/ld+json\" class=\"yoast-schema-graph\">{\"@context\":\"https:\\\/\\\/schema.org\",\"@graph\":[{\"@type\":\"Article\",\"@id\":\"https:\\\/\\\/www.gastonballiot.fr\\\/?p=13668#article\",\"isPartOf\":{\"@id\":\"https:\\\/\\\/www.gastonballiot.fr\\\/?p=13668\"},\"author\":{\"name\":\"gb\",\"@id\":\"https:\\\/\\\/www.gastonballiot.fr\\\/#\\\/schema\\\/person\\\/244a5e02696abd8a65c5b1bebdb948ca\"},\"headline\":\"Palestine, l&rsquo;enfer planifi\u00e9. Le silence insupportable du pouvoir en France.\",\"datePublished\":\"2025-03-10T09:58:42+00:00\",\"dateModified\":\"2025-03-10T10:23:22+00:00\",\"mainEntityOfPage\":{\"@id\":\"https:\\\/\\\/www.gastonballiot.fr\\\/?p=13668\"},\"wordCount\":647,\"publisher\":{\"@id\":\"https:\\\/\\\/www.gastonballiot.fr\\\/#\\\/schema\\\/person\\\/244a5e02696abd8a65c5b1bebdb948ca\"},\"image\":{\"@id\":\"https:\\\/\\\/www.gastonballiot.fr\\\/?p=13668#primaryimage\"},\"thumbnailUrl\":\"https:\\\/\\\/www.gastonballiot.fr\\\/wp-content\\\/uploads\\\/2025\\\/03\\\/NoOtherLand-225x300.webp\",\"keywords\":[\"Gaza\",\"Isra\u00ebl\",\"Netanyahou\",\"Palestine\"],\"articleSection\":[\"A la une\",\"Paix-D\u00e9sarmement\",\"Proche Orient\"],\"inLanguage\":\"fr-FR\"},{\"@type\":\"WebPage\",\"@id\":\"https:\\\/\\\/www.gastonballiot.fr\\\/?p=13668\",\"url\":\"https:\\\/\\\/www.gastonballiot.fr\\\/?p=13668\",\"name\":\"Palestine, l'enfer planifi\u00e9. Le silence insupportable du pouvoir en France. - Le blog politique de Gaston\",\"isPartOf\":{\"@id\":\"https:\\\/\\\/www.gastonballiot.fr\\\/#website\"},\"primaryImageOfPage\":{\"@id\":\"https:\\\/\\\/www.gastonballiot.fr\\\/?p=13668#primaryimage\"},\"image\":{\"@id\":\"https:\\\/\\\/www.gastonballiot.fr\\\/?p=13668#primaryimage\"},\"thumbnailUrl\":\"https:\\\/\\\/www.gastonballiot.fr\\\/wp-content\\\/uploads\\\/2025\\\/03\\\/NoOtherLand-225x300.webp\",\"datePublished\":\"2025-03-10T09:58:42+00:00\",\"dateModified\":\"2025-03-10T10:23:22+00:00\",\"breadcrumb\":{\"@id\":\"https:\\\/\\\/www.gastonballiot.fr\\\/?p=13668#breadcrumb\"},\"inLanguage\":\"fr-FR\",\"potentialAction\":[{\"@type\":\"ReadAction\",\"target\":[\"https:\\\/\\\/www.gastonballiot.fr\\\/?p=13668\"]}]},{\"@type\":\"ImageObject\",\"inLanguage\":\"fr-FR\",\"@id\":\"https:\\\/\\\/www.gastonballiot.fr\\\/?p=13668#primaryimage\",\"url\":\"https:\\\/\\\/i0.wp.com\\\/www.gastonballiot.fr\\\/wp-content\\\/uploads\\\/2025\\\/03\\\/NoOtherLand.webp?fit=474%2C632&ssl=1\",\"contentUrl\":\"https:\\\/\\\/i0.wp.com\\\/www.gastonballiot.fr\\\/wp-content\\\/uploads\\\/2025\\\/03\\\/NoOtherLand.webp?fit=474%2C632&ssl=1\",\"width\":474,\"height\":632},{\"@type\":\"BreadcrumbList\",\"@id\":\"https:\\\/\\\/www.gastonballiot.fr\\\/?p=13668#breadcrumb\",\"itemListElement\":[{\"@type\":\"ListItem\",\"position\":1,\"name\":\"Accueil\",\"item\":\"https:\\\/\\\/www.gastonballiot.fr\\\/\"},{\"@type\":\"ListItem\",\"position\":2,\"name\":\"Palestine, l&rsquo;enfer planifi\u00e9. Le silence insupportable du pouvoir en France.\"}]},{\"@type\":\"WebSite\",\"@id\":\"https:\\\/\\\/www.gastonballiot.fr\\\/#website\",\"url\":\"https:\\\/\\\/www.gastonballiot.fr\\\/\",\"name\":\"Le blog politique de Gaston\",\"description\":\"L&#039;humain d&#039;abord, pas la finance !\",\"publisher\":{\"@id\":\"https:\\\/\\\/www.gastonballiot.fr\\\/#\\\/schema\\\/person\\\/244a5e02696abd8a65c5b1bebdb948ca\"},\"potentialAction\":[{\"@type\":\"SearchAction\",\"target\":{\"@type\":\"EntryPoint\",\"urlTemplate\":\"https:\\\/\\\/www.gastonballiot.fr\\\/?s={search_term_string}\"},\"query-input\":{\"@type\":\"PropertyValueSpecification\",\"valueRequired\":true,\"valueName\":\"search_term_string\"}}],\"inLanguage\":\"fr-FR\"},{\"@type\":[\"Person\",\"Organization\"],\"@id\":\"https:\\\/\\\/www.gastonballiot.fr\\\/#\\\/schema\\\/person\\\/244a5e02696abd8a65c5b1bebdb948ca\",\"name\":\"gb\",\"image\":{\"@type\":\"ImageObject\",\"inLanguage\":\"fr-FR\",\"@id\":\"https:\\\/\\\/i0.wp.com\\\/www.gastonballiot.fr\\\/wp-content\\\/uploads\\\/2017\\\/04\\\/cropped-Marianne-drapeau-rouge.gif?fit=512%2C512&ssl=1\",\"url\":\"https:\\\/\\\/i0.wp.com\\\/www.gastonballiot.fr\\\/wp-content\\\/uploads\\\/2017\\\/04\\\/cropped-Marianne-drapeau-rouge.gif?fit=512%2C512&ssl=1\",\"contentUrl\":\"https:\\\/\\\/i0.wp.com\\\/www.gastonballiot.fr\\\/wp-content\\\/uploads\\\/2017\\\/04\\\/cropped-Marianne-drapeau-rouge.gif?fit=512%2C512&ssl=1\",\"width\":512,\"height\":512,\"caption\":\"gb\"},\"logo\":{\"@id\":\"https:\\\/\\\/i0.wp.com\\\/www.gastonballiot.fr\\\/wp-content\\\/uploads\\\/2017\\\/04\\\/cropped-Marianne-drapeau-rouge.gif?fit=512%2C512&ssl=1\"},\"description\":\"Gaston Balliot, militant du Front de Gauche en pays bigouden - Pont L'Abb\u00e9 - Loctudy - Guilvinec - Penmarc'h - Ile Tudy - Combrit Ste Marine - Tr\u00e9meoc - Plon\u00e9our, p\u00eache tourisme\",\"sameAs\":[\"https:\\\/\\\/www.facebook.com\\\/gaston.balliot\\\/\"]}]}<\/script>\n<!-- \/ Yoast SEO plugin. -->","yoast_head_json":{"title":"Palestine, l'enfer planifi\u00e9. Le silence insupportable du pouvoir en France. - Le blog politique de Gaston","robots":{"index":"index","follow":"follow","max-snippet":"max-snippet:-1","max-image-preview":"max-image-preview:large","max-video-preview":"max-video-preview:-1"},"canonical":"https:\/\/www.gastonballiot.fr\/?p=13668","og_locale":"fr_FR","og_type":"article","og_title":"Palestine, l'enfer planifi\u00e9. Le silence insupportable du pouvoir en France. - Le blog politique de Gaston","og_description":"Sur France TV Compl\u00e9ment d&rsquo;enqu\u00eate du 6 mars Netanyaou Au cin\u00e9ma actuellement No other land \u00ab No other land \u00bb (Aucune autre terre) vient d\u2019obtenir l\u2019Oscar du meilleur documentaire, apr\u00e9s avoir obtenu, entre &nbsp;autres r\u00e9compenses, le prix du public et le prix du documentaire au Festival de Berlin en 2024. Ce film sera projet\u00e9 au Cin\u00e9ville, le vendredi 14 mars, \u00e0 20 h. Production palestino-norv\u00e9gienne, ce film est l\u2019oeuvre commune &nbsp;de quatre r\u00e9alisateurs, deux Palestiniens (Basel Adra et Hamdan Ballal) et ... Lire la suite...","og_url":"https:\/\/www.gastonballiot.fr\/?p=13668","og_site_name":"Le blog politique de Gaston","article_publisher":"https:\/\/www.facebook.com\/gaston.balliot\/","article_author":"https:\/\/www.facebook.com\/gaston.balliot\/","article_published_time":"2025-03-10T09:58:42+00:00","article_modified_time":"2025-03-10T10:23:22+00:00","og_image":[{"width":474,"height":632,"url":"https:\/\/i0.wp.com\/www.gastonballiot.fr\/wp-content\/uploads\/2025\/03\/NoOtherLand.webp?fit=474%2C632&ssl=1","type":"image\/webp"}],"author":"gb","twitter_card":"summary_large_image","twitter_misc":{"\u00c9crit par":"gb","Dur\u00e9e de lecture estim\u00e9e":"4 minutes"},"schema":{"@context":"https:\/\/schema.org","@graph":[{"@type":"Article","@id":"https:\/\/www.gastonballiot.fr\/?p=13668#article","isPartOf":{"@id":"https:\/\/www.gastonballiot.fr\/?p=13668"},"author":{"name":"gb","@id":"https:\/\/www.gastonballiot.fr\/#\/schema\/person\/244a5e02696abd8a65c5b1bebdb948ca"},"headline":"Palestine, l&rsquo;enfer planifi\u00e9. Le silence insupportable du pouvoir en France.","datePublished":"2025-03-10T09:58:42+00:00","dateModified":"2025-03-10T10:23:22+00:00","mainEntityOfPage":{"@id":"https:\/\/www.gastonballiot.fr\/?p=13668"},"wordCount":647,"publisher":{"@id":"https:\/\/www.gastonballiot.fr\/#\/schema\/person\/244a5e02696abd8a65c5b1bebdb948ca"},"image":{"@id":"https:\/\/www.gastonballiot.fr\/?p=13668#primaryimage"},"thumbnailUrl":"https:\/\/www.gastonballiot.fr\/wp-content\/uploads\/2025\/03\/NoOtherLand-225x300.webp","keywords":["Gaza","Isra\u00ebl","Netanyahou","Palestine"],"articleSection":["A la une","Paix-D\u00e9sarmement","Proche Orient"],"inLanguage":"fr-FR"},{"@type":"WebPage","@id":"https:\/\/www.gastonballiot.fr\/?p=13668","url":"https:\/\/www.gastonballiot.fr\/?p=13668","name":"Palestine, l'enfer planifi\u00e9. Le silence insupportable du pouvoir en France. - Le blog politique de Gaston","isPartOf":{"@id":"https:\/\/www.gastonballiot.fr\/#website"},"primaryImageOfPage":{"@id":"https:\/\/www.gastonballiot.fr\/?p=13668#primaryimage"},"image":{"@id":"https:\/\/www.gastonballiot.fr\/?p=13668#primaryimage"},"thumbnailUrl":"https:\/\/www.gastonballiot.fr\/wp-content\/uploads\/2025\/03\/NoOtherLand-225x300.webp","datePublished":"2025-03-10T09:58:42+00:00","dateModified":"2025-03-10T10:23:22+00:00","breadcrumb":{"@id":"https:\/\/www.gastonballiot.fr\/?p=13668#breadcrumb"},"inLanguage":"fr-FR","potentialAction":[{"@type":"ReadAction","target":["https:\/\/www.gastonballiot.fr\/?p=13668"]}]},{"@type":"ImageObject","inLanguage":"fr-FR","@id":"https:\/\/www.gastonballiot.fr\/?p=13668#primaryimage","url":"https:\/\/i0.wp.com\/www.gastonballiot.fr\/wp-content\/uploads\/2025\/03\/NoOtherLand.webp?fit=474%2C632&ssl=1","contentUrl":"https:\/\/i0.wp.com\/www.gastonballiot.fr\/wp-content\/uploads\/2025\/03\/NoOtherLand.webp?fit=474%2C632&ssl=1","width":474,"height":632},{"@type":"BreadcrumbList","@id":"https:\/\/www.gastonballiot.fr\/?p=13668#breadcrumb","itemListElement":[{"@type":"ListItem","position":1,"name":"Accueil","item":"https:\/\/www.gastonballiot.fr\/"},{"@type":"ListItem","position":2,"name":"Palestine, l&rsquo;enfer planifi\u00e9. Le silence insupportable du pouvoir en France."}]},{"@type":"WebSite","@id":"https:\/\/www.gastonballiot.fr\/#website","url":"https:\/\/www.gastonballiot.fr\/","name":"Le blog politique de Gaston","description":"L&#039;humain d&#039;abord, pas la finance !","publisher":{"@id":"https:\/\/www.gastonballiot.fr\/#\/schema\/person\/244a5e02696abd8a65c5b1bebdb948ca"},"potentialAction":[{"@type":"SearchAction","target":{"@type":"EntryPoint","urlTemplate":"https:\/\/www.gastonballiot.fr\/?s={search_term_string}"},"query-input":{"@type":"PropertyValueSpecification","valueRequired":true,"valueName":"search_term_string"}}],"inLanguage":"fr-FR"},{"@type":["Person","Organization"],"@id":"https:\/\/www.gastonballiot.fr\/#\/schema\/person\/244a5e02696abd8a65c5b1bebdb948ca","name":"gb","image":{"@type":"ImageObject","inLanguage":"fr-FR","@id":"https:\/\/i0.wp.com\/www.gastonballiot.fr\/wp-content\/uploads\/2017\/04\/cropped-Marianne-drapeau-rouge.gif?fit=512%2C512&ssl=1","url":"https:\/\/i0.wp.com\/www.gastonballiot.fr\/wp-content\/uploads\/2017\/04\/cropped-Marianne-drapeau-rouge.gif?fit=512%2C512&ssl=1","contentUrl":"https:\/\/i0.wp.com\/www.gastonballiot.fr\/wp-content\/uploads\/2017\/04\/cropped-Marianne-drapeau-rouge.gif?fit=512%2C512&ssl=1","width":512,"height":512,"caption":"gb"},"logo":{"@id":"https:\/\/i0.wp.com\/www.gastonballiot.fr\/wp-content\/uploads\/2017\/04\/cropped-Marianne-drapeau-rouge.gif?fit=512%2C512&ssl=1"},"description":"Gaston Balliot, militant du Front de Gauche en pays bigouden - Pont L'Abb\u00e9 - Loctudy - Guilvinec - Penmarc'h - Ile Tudy - Combrit Ste Marine - Tr\u00e9meoc - Plon\u00e9our, p\u00eache tourisme","sameAs":["https:\/\/www.facebook.com\/gaston.balliot\/"]}]}},"jetpack_featured_media_url":"","jetpack_shortlink":"https:\/\/wp.me\/p5UTaD-3ys","jetpack-related-posts":[],"jetpack_likes_enabled":true,"jetpack_sharing_enabled":true,"_links":{"self":[{"href":"https:\/\/www.gastonballiot.fr\/index.php?rest_route=\/wp\/v2\/posts\/13668","targetHints":{"allow":["GET"]}}],"collection":[{"href":"https:\/\/www.gastonballiot.fr\/index.php?rest_route=\/wp\/v2\/posts"}],"about":[{"href":"https:\/\/www.gastonballiot.fr\/index.php?rest_route=\/wp\/v2\/types\/post"}],"author":[{"embeddable":true,"href":"https:\/\/www.gastonballiot.fr\/index.php?rest_route=\/wp\/v2\/users\/1"}],"replies":[{"embeddable":true,"href":"https:\/\/www.gastonballiot.fr\/index.php?rest_route=%2Fwp%2Fv2%2Fcomments&post=13668"}],"version-history":[{"count":31,"href":"https:\/\/www.gastonballiot.fr\/index.php?rest_route=\/wp\/v2\/posts\/13668\/revisions"}],"predecessor-version":[{"id":13714,"href":"https:\/\/www.gastonballiot.fr\/index.php?rest_route=\/wp\/v2\/posts\/13668\/revisions\/13714"}],"wp:attachment":[{"href":"https:\/\/www.gastonballiot.fr\/index.php?rest_route=%2Fwp%2Fv2%2Fmedia&parent=13668"}],"wp:term":[{"taxonomy":"category","embeddable":true,"href":"https:\/\/www.gastonballiot.fr\/index.php?rest_route=%2Fwp%2Fv2%2Fcategories&post=13668"},{"taxonomy":"post_tag","embeddable":true,"href":"https:\/\/www.gastonballiot.fr\/index.php?rest_route=%2Fwp%2Fv2%2Ftags&post=13668"}],"curies":[{"name":"wp","href":"https:\/\/api.w.org\/{rel}","templated":true}]}}