{"id":13917,"date":"2025-04-24T15:22:19","date_gmt":"2025-04-24T13:22:19","guid":{"rendered":"https:\/\/www.gastonballiot.fr\/?p=13917"},"modified":"2025-04-24T15:31:10","modified_gmt":"2025-04-24T13:31:10","slug":"lucie-castets-lance-un-appel-pour-rassembler-la-gauche-avant-2027","status":"publish","type":"post","link":"https:\/\/www.gastonballiot.fr\/?p=13917","title":{"rendered":"Lucie Castets lance un appel pour rassembler la gauche avant 2027"},"content":{"rendered":"<div class=\"single__content gs-container\">\n<div class=\"gs-row\">\n<div class=\"@lg:gs-column-8\">\n<article class=\"single__content__text\">\n<div class=\"rich-text u-margin-b-3 u-padding-b-0 u-padding-t-0\">\n<p class=\"chapo\" data-lisio-index=\"46\">La candidate du NFP \u00e0 Matignon apr\u00e8s les l\u00e9gislatives de 2024, Lucie Castets, invite les chefs des partis de gauche \u00e0 se rassembler le 2 juillet pour discuter d\u2019une candidature commune \u00e0 la pr\u00e9sidentielle de 2027.<\/p>\n<\/div>\n<\/article>\n<\/div>\n<\/div>\n<\/div>\n<div class=\"single__thumbnail__img\">\n<figure class=\"wp-block-image size-full wp-lightbox-container\" data-wp-context=\"{&quot;imageId&quot;:&quot;680a37b72766c&quot;}\" data-wp-interactive=\"core\/image\"><img data-recalc-dims=\"1\" decoding=\"async\" class=\"wp-image-2789226\" src=\"https:\/\/i0.wp.com\/www.humanite.fr\/wp-content\/uploads\/2025\/04\/ABACA_932287_023-1-edited.jpg?w=1200&#038;ssl=1\" alt=\"\" data-wp-class--hide=\"state.isContentHidden\" data-wp-class--show=\"state.isContentVisible\" data-wp-init=\"callbacks.setButtonStyles\" data-wp-on-async--click=\"actions.showLightbox\" data-wp-on-async--load=\"callbacks.setButtonStyles\" data-wp-on-async-window--resize=\"callbacks.setButtonStyles\"><\/figure>\n<\/div>\n<div class=\"single__thumbnail\">\n<div class=\"single__thumbnail__img\">\n<figure class=\"wp-block-image size-full wp-lightbox-container\" data-wp-context=\"{&quot;imageId&quot;:&quot;680a37b72766c&quot;}\" data-wp-interactive=\"core\/image\"><figcaption class=\"wp-element-caption\" data-lisio-index=\"60\">Pour remporter la victoire, une candidature commune lui semble d\u2019une importance capitale. <br class=\"\">\u00a9 Ait Adjedjou\/ABACAPRESS.COM<\/figcaption><\/figure>\n<\/div>\n<\/div>\n<div class=\"rich-text\">\n<div class=\"gs-row\">\n<div id=\"post-content\" class=\"u-width-100% gs-column\" data-poool=\"0\">\n<p class=\"\" data-lisio-index=\"63\">2027 se pr\u00e9pare d\u00e8s aujourd\u2019hui. Dans une tribune publi\u00e9e ce mercredi dans Lib\u00e9ration, <a class=\"\" href=\"https:\/\/www.humanite.fr\/politique\/agoras-de-lhumanite\/revivez-lentretien-de-lucie-castets-a-lagora-de-la-fete-de-lhumanite\" target=\"_blank\" rel=\"noopener\">Lucie Castets<\/a>, ancienne candidate du NFP au poste de premi\u00e8re ministre, invite les chefs des partis \u00e0 se rassembler le 2&nbsp;juillet, au terme des congr\u00e8s \u00e9cologistes et socialistes, pour discuter d\u2019une candidature commune pour la prochaine \u00e9lection pr\u00e9sidentielle. Une proposition qui intervient dans un contexte de tensions entre les diff\u00e9rentes familles politiques de gauche.<\/p>\n<p class=\"\" data-lisio-index=\"68\">Pour esp\u00e9rer remporter la victoire, une candidature commune lui semble d\u2019une importance capitale. Dans son texte, la haut fonctionnaire pointe l\u2019inqui\u00e9tude des Fran\u00e7aises et des Fran\u00e7ais face \u00e0 la <em class=\"\">\u00ab&nbsp;fascisation rampante et les id\u00e9es d\u2019extr\u00eame droite <\/em>(qui)<em class=\"\"> gagnent du terrain&nbsp;\u00bb.<\/em> Cette proc\u00e9dure pour choisir un candidat n\u2019aura pas <em class=\"\">\u00ab&nbsp;pour unique objectif de trancher la question de l\u2019incarnation individuelle, mais aussi de<a class=\"\" href=\"https:\/\/www.humanite.fr\/politique\/lucie-castets\/lucie-castets-jai-deja-travaille-a-plusieurs-hypotheses-en-concertation-avec-les-partis\" target=\"_blank\" rel=\"noopener\"> faire \u00e9merger un programme<\/a> et une \u00e9quipe qui repr\u00e9sentent l\u2019ensemble des sensibilit\u00e9s de l\u2019espace politique de la gauche et de l\u2019\u00e9cologie, soutenue par un collectif cr\u00e9dible et soud\u00e9&nbsp;\u00bb<\/em>.<\/p>\n<h2 class=\"wp-block-heading\" data-lisio-index=\"72\">L\u2019urgence de l\u2019action<\/h2>\n<p class=\"\" data-lisio-index=\"75\">Lucie Castets estime que la conqu\u00eate de l\u2019Elys\u00e9e passera par la construction d\u2019<em class=\"\">\u00ab&nbsp;un socle programmatique partag\u00e9 sur la base des travaux d\u00e9j\u00e0 conduits.&nbsp;\u00bb<\/em> Il devra \u00eatre en rupture claire avec la politique actuellement men\u00e9e, <em class=\"\">\u00ab&nbsp;notamment en mati\u00e8re de justice sociale, de protection de l\u2019environnement, de pr\u00e9servation des libert\u00e9s publiques et de lutte contre le racisme et l\u2019antis\u00e9mitisme&nbsp;\u00bb<\/em>.<\/p>\n<p class=\"\" data-lisio-index=\"79\">Surtout, il devra \u00eatre port\u00e9 par l\u2019association des partis et les actrices et acteurs de la soci\u00e9t\u00e9 civile, dont leurs combats <em class=\"\">\u00ab&nbsp;nourrissent la gauche depuis des d\u00e9cennies&nbsp;\u00bb<\/em>. Sans un travail main dans la main sur le long terme, il n\u2019y aura pas de mobilisation massive dans les urnes comme celle observ\u00e9e en juin dernier qui a permis d\u2019\u00e9lire 193 d\u00e9put\u00e9s du NFP, avance-t-elle.<\/p>\n<\/div>\n<\/div>\n<\/div>\n<p class=\"\" data-lisio-index=\"84\">Dans une perspective de candidat unique, Lucie Castets liste plusieurs options envisag\u00e9es pour y parvenir. Notamment l\u2019organisation, juste apr\u00e8s les municipales de 2026, d\u2019une primaire des gauches <em class=\"\">\u00ab&nbsp;la plus large qu\u2019on ait jamais propos\u00e9e pour permettre au peuple de gauche de donner son opinion \u00e9clair\u00e9e apr\u00e8s une campagne respectueuse et d\u2019offrir \u00e0 la candidature retenue la plus grande l\u00e9gitimit\u00e9&nbsp;\u00bb<\/em>. Autre option envisag\u00e9e&nbsp;: l\u2019organisation <em class=\"\">\u00ab&nbsp;d\u2019une convention citoyenne avec des repr\u00e9sentants des partis, de la soci\u00e9t\u00e9 civile organis\u00e9e, mais aussi d\u2019\u00e9lectrices et \u00e9lecteurs de la gauche tir\u00e9s au sort&nbsp;\u00bb<\/em>.<\/p>\n<p class=\"\" data-lisio-index=\"92\">L\u2019urgence est donc \u00e0 la r\u00e9flexion et surtout \u00e0 l\u2019action. Celle qui n\u2019annonce pas encore \u00eatre candidate rappelle que gouverner est <em class=\"\">\u00ab&nbsp;une n\u00e9cessit\u00e9 pour changer le cours de l\u2019histoire et les conditions d\u2019existence&nbsp;\u00bb <\/em>des concitoyens. <em class=\"\">\u00ab&nbsp;La situation actuelle doit susciter un sursaut unitaire&nbsp;\u00bb<\/em>, mart\u00e8le la repr\u00e9sentante du NFP en appelant les chefs des partis \u00e0 d\u00e9passer <em class=\"\">\u00ab&nbsp;leurs querelles partisanes&nbsp;\u00bb. \u00ab&nbsp;Il en va de notre mod\u00e8le de soci\u00e9t\u00e9, de la pr\u00e9servation des fondements m\u00eame de notre \u00c9tat de droit et de notre mod\u00e8le social, de l\u2019avenir de notre pays tout entier&nbsp;\u00bb<\/em>, pr\u00e9vient-elle. Et d\u2019avertir&nbsp;: <em class=\"\">\u00ab&nbsp;La responsabilit\u00e9 est immense. L\u2019espoir aussi&nbsp;\u00bb<\/em>.<\/p>\n<p><span class=\"u-hidden @lg:u-flex t-label-medium\" data-lisio-index=\"49\">Publi\u00e9 le 23 avril 2025 dans l&rsquo;Humanit\u00e9<\/span><\/p>\n","protected":false},"excerpt":{"rendered":"<p>La candidate du NFP \u00e0 Matignon apr\u00e8s les l\u00e9gislatives de 2024, Lucie Castets, invite les chefs des partis de gauche \u00e0 se rassembler le 2 juillet pour discuter d\u2019une candidature commune \u00e0 la pr\u00e9sidentielle de 2027. Pour remporter la victoire, une candidature commune lui semble d\u2019une importance capitale. \u00a9 Ait Adjedjou\/ABACAPRESS.COM 2027 se pr\u00e9pare d\u00e8s aujourd\u2019hui. Dans une tribune publi\u00e9e ce mercredi dans Lib\u00e9ration, Lucie Castets, ancienne candidate du NFP au poste de premi\u00e8re ministre, invite les chefs des partis \u00e0 &#8230; <a title=\"Lucie Castets lance un appel pour rassembler la gauche avant 2027\" class=\"read-more\" href=\"https:\/\/www.gastonballiot.fr\/?p=13917\" aria-label=\"Plus sur Lucie Castets lance un appel pour rassembler la gauche avant 2027\">Lire la suite&#8230;<\/a><\/p>\n","protected":false},"author":1,"featured_media":0,"comment_status":"closed","ping_status":"closed","sticky":false,"template":"","format":"standard","meta":{"ngg_post_thumbnail":0,"jetpack_post_was_ever_published":false,"_jetpack_newsletter_access":"","_jetpack_dont_email_post_to_subs":false,"_jetpack_newsletter_tier_id":0,"_jetpack_memberships_contains_paywalled_content":false,"_jetpack_memberships_contains_paid_content":false,"footnotes":"","jetpack_publicize_message":"","jetpack_publicize_feature_enabled":true,"jetpack_social_post_already_shared":true,"jetpack_social_options":{"image_generator_settings":{"template":"highway","enabled":false},"version":2}},"categories":[2,5,9],"tags":[67,610,609],"class_list":["post-13917","post","type-post","status-publish","format-standard","hentry","category-a-la-une","category-democratie","category-front-de-gauche","tag-gauche","tag-lucie-castets","tag-nfp","infinite-scroll-item","masonry-post","generate-columns","tablet-grid-50","mobile-grid-100","grid-parent","grid-33"],"jetpack_publicize_connections":[],"yoast_head":"<!-- This site is optimized with the Yoast SEO plugin v27.5 - https:\/\/yoast.com\/product\/yoast-seo-wordpress\/ -->\n<title>Lucie Castets lance un appel pour rassembler la gauche avant 2027 - Le blog politique de Gaston<\/title>\n<meta name=\"robots\" content=\"index, follow, max-snippet:-1, max-image-preview:large, max-video-preview:-1\" \/>\n<link rel=\"canonical\" href=\"https:\/\/www.gastonballiot.fr\/?p=13917\" \/>\n<meta property=\"og:locale\" content=\"fr_FR\" \/>\n<meta property=\"og:type\" content=\"article\" \/>\n<meta property=\"og:title\" content=\"Lucie Castets lance un appel pour rassembler la gauche avant 2027 - Le blog politique de Gaston\" \/>\n<meta property=\"og:description\" content=\"La candidate du NFP \u00e0 Matignon apr\u00e8s les l\u00e9gislatives de 2024, Lucie Castets, invite les chefs des partis de gauche \u00e0 se rassembler le 2 juillet pour discuter d\u2019une candidature commune \u00e0 la pr\u00e9sidentielle de 2027. Pour remporter la victoire, une candidature commune lui semble d\u2019une importance capitale. \u00a9 Ait Adjedjou\/ABACAPRESS.COM 2027 se pr\u00e9pare d\u00e8s aujourd\u2019hui. Dans une tribune publi\u00e9e ce mercredi dans Lib\u00e9ration, Lucie Castets, ancienne candidate du NFP au poste de premi\u00e8re ministre, invite les chefs des partis \u00e0 ... Lire la suite...\" \/>\n<meta property=\"og:url\" content=\"https:\/\/www.gastonballiot.fr\/?p=13917\" \/>\n<meta property=\"og:site_name\" content=\"Le blog politique de Gaston\" \/>\n<meta property=\"article:publisher\" content=\"https:\/\/www.facebook.com\/gaston.balliot\/\" \/>\n<meta property=\"article:author\" content=\"https:\/\/www.facebook.com\/gaston.balliot\/\" \/>\n<meta property=\"article:published_time\" content=\"2025-04-24T13:22:19+00:00\" \/>\n<meta property=\"article:modified_time\" content=\"2025-04-24T13:31:10+00:00\" \/>\n<meta property=\"og:image\" content=\"https:\/\/www.humanite.fr\/wp-content\/uploads\/2025\/04\/ABACA_932287_023-1-edited.jpg\" \/>\n<meta name=\"author\" content=\"gb\" \/>\n<meta name=\"twitter:card\" content=\"summary_large_image\" \/>\n<meta name=\"twitter:label1\" content=\"\u00c9crit par\" \/>\n\t<meta name=\"twitter:data1\" content=\"gb\" \/>\n\t<meta name=\"twitter:label2\" content=\"Dur\u00e9e de lecture estim\u00e9e\" \/>\n\t<meta name=\"twitter:data2\" content=\"3 minutes\" \/>\n<script type=\"application\/ld+json\" class=\"yoast-schema-graph\">{\"@context\":\"https:\\\/\\\/schema.org\",\"@graph\":[{\"@type\":\"Article\",\"@id\":\"https:\\\/\\\/www.gastonballiot.fr\\\/?p=13917#article\",\"isPartOf\":{\"@id\":\"https:\\\/\\\/www.gastonballiot.fr\\\/?p=13917\"},\"author\":{\"name\":\"gb\",\"@id\":\"https:\\\/\\\/www.gastonballiot.fr\\\/#\\\/schema\\\/person\\\/244a5e02696abd8a65c5b1bebdb948ca\"},\"headline\":\"Lucie Castets lance un appel pour rassembler la gauche avant 2027\",\"datePublished\":\"2025-04-24T13:22:19+00:00\",\"dateModified\":\"2025-04-24T13:31:10+00:00\",\"mainEntityOfPage\":{\"@id\":\"https:\\\/\\\/www.gastonballiot.fr\\\/?p=13917\"},\"wordCount\":637,\"publisher\":{\"@id\":\"https:\\\/\\\/www.gastonballiot.fr\\\/#\\\/schema\\\/person\\\/244a5e02696abd8a65c5b1bebdb948ca\"},\"image\":{\"@id\":\"https:\\\/\\\/www.gastonballiot.fr\\\/?p=13917#primaryimage\"},\"thumbnailUrl\":\"https:\\\/\\\/www.humanite.fr\\\/wp-content\\\/uploads\\\/2025\\\/04\\\/ABACA_932287_023-1-edited.jpg\",\"keywords\":[\"gauche\",\"Lucie Castets\",\"NFP\"],\"articleSection\":[\"A la une\",\"D\u00e9mocratie\",\"Gauche\"],\"inLanguage\":\"fr-FR\"},{\"@type\":\"WebPage\",\"@id\":\"https:\\\/\\\/www.gastonballiot.fr\\\/?p=13917\",\"url\":\"https:\\\/\\\/www.gastonballiot.fr\\\/?p=13917\",\"name\":\"Lucie Castets lance un appel pour rassembler la gauche avant 2027 - Le blog politique de Gaston\",\"isPartOf\":{\"@id\":\"https:\\\/\\\/www.gastonballiot.fr\\\/#website\"},\"primaryImageOfPage\":{\"@id\":\"https:\\\/\\\/www.gastonballiot.fr\\\/?p=13917#primaryimage\"},\"image\":{\"@id\":\"https:\\\/\\\/www.gastonballiot.fr\\\/?p=13917#primaryimage\"},\"thumbnailUrl\":\"https:\\\/\\\/www.humanite.fr\\\/wp-content\\\/uploads\\\/2025\\\/04\\\/ABACA_932287_023-1-edited.jpg\",\"datePublished\":\"2025-04-24T13:22:19+00:00\",\"dateModified\":\"2025-04-24T13:31:10+00:00\",\"breadcrumb\":{\"@id\":\"https:\\\/\\\/www.gastonballiot.fr\\\/?p=13917#breadcrumb\"},\"inLanguage\":\"fr-FR\",\"potentialAction\":[{\"@type\":\"ReadAction\",\"target\":[\"https:\\\/\\\/www.gastonballiot.fr\\\/?p=13917\"]}]},{\"@type\":\"ImageObject\",\"inLanguage\":\"fr-FR\",\"@id\":\"https:\\\/\\\/www.gastonballiot.fr\\\/?p=13917#primaryimage\",\"url\":\"https:\\\/\\\/www.humanite.fr\\\/wp-content\\\/uploads\\\/2025\\\/04\\\/ABACA_932287_023-1-edited.jpg\",\"contentUrl\":\"https:\\\/\\\/www.humanite.fr\\\/wp-content\\\/uploads\\\/2025\\\/04\\\/ABACA_932287_023-1-edited.jpg\"},{\"@type\":\"BreadcrumbList\",\"@id\":\"https:\\\/\\\/www.gastonballiot.fr\\\/?p=13917#breadcrumb\",\"itemListElement\":[{\"@type\":\"ListItem\",\"position\":1,\"name\":\"Accueil\",\"item\":\"https:\\\/\\\/www.gastonballiot.fr\\\/\"},{\"@type\":\"ListItem\",\"position\":2,\"name\":\"Lucie Castets lance un appel pour rassembler la gauche avant 2027\"}]},{\"@type\":\"WebSite\",\"@id\":\"https:\\\/\\\/www.gastonballiot.fr\\\/#website\",\"url\":\"https:\\\/\\\/www.gastonballiot.fr\\\/\",\"name\":\"Le blog politique de Gaston\",\"description\":\"L&#039;humain d&#039;abord, pas la finance !\",\"publisher\":{\"@id\":\"https:\\\/\\\/www.gastonballiot.fr\\\/#\\\/schema\\\/person\\\/244a5e02696abd8a65c5b1bebdb948ca\"},\"potentialAction\":[{\"@type\":\"SearchAction\",\"target\":{\"@type\":\"EntryPoint\",\"urlTemplate\":\"https:\\\/\\\/www.gastonballiot.fr\\\/?s={search_term_string}\"},\"query-input\":{\"@type\":\"PropertyValueSpecification\",\"valueRequired\":true,\"valueName\":\"search_term_string\"}}],\"inLanguage\":\"fr-FR\"},{\"@type\":[\"Person\",\"Organization\"],\"@id\":\"https:\\\/\\\/www.gastonballiot.fr\\\/#\\\/schema\\\/person\\\/244a5e02696abd8a65c5b1bebdb948ca\",\"name\":\"gb\",\"image\":{\"@type\":\"ImageObject\",\"inLanguage\":\"fr-FR\",\"@id\":\"https:\\\/\\\/i0.wp.com\\\/www.gastonballiot.fr\\\/wp-content\\\/uploads\\\/2017\\\/04\\\/cropped-Marianne-drapeau-rouge.gif?fit=512%2C512&ssl=1\",\"url\":\"https:\\\/\\\/i0.wp.com\\\/www.gastonballiot.fr\\\/wp-content\\\/uploads\\\/2017\\\/04\\\/cropped-Marianne-drapeau-rouge.gif?fit=512%2C512&ssl=1\",\"contentUrl\":\"https:\\\/\\\/i0.wp.com\\\/www.gastonballiot.fr\\\/wp-content\\\/uploads\\\/2017\\\/04\\\/cropped-Marianne-drapeau-rouge.gif?fit=512%2C512&ssl=1\",\"width\":512,\"height\":512,\"caption\":\"gb\"},\"logo\":{\"@id\":\"https:\\\/\\\/i0.wp.com\\\/www.gastonballiot.fr\\\/wp-content\\\/uploads\\\/2017\\\/04\\\/cropped-Marianne-drapeau-rouge.gif?fit=512%2C512&ssl=1\"},\"description\":\"Gaston Balliot, militant du Front de Gauche en pays bigouden - Pont L'Abb\u00e9 - Loctudy - Guilvinec - Penmarc'h - Ile Tudy - Combrit Ste Marine - Tr\u00e9meoc - Plon\u00e9our, p\u00eache tourisme\",\"sameAs\":[\"https:\\\/\\\/www.facebook.com\\\/gaston.balliot\\\/\"]}]}<\/script>\n<!-- \/ Yoast SEO plugin. -->","yoast_head_json":{"title":"Lucie Castets lance un appel pour rassembler la gauche avant 2027 - Le blog politique de Gaston","robots":{"index":"index","follow":"follow","max-snippet":"max-snippet:-1","max-image-preview":"max-image-preview:large","max-video-preview":"max-video-preview:-1"},"canonical":"https:\/\/www.gastonballiot.fr\/?p=13917","og_locale":"fr_FR","og_type":"article","og_title":"Lucie Castets lance un appel pour rassembler la gauche avant 2027 - Le blog politique de Gaston","og_description":"La candidate du NFP \u00e0 Matignon apr\u00e8s les l\u00e9gislatives de 2024, Lucie Castets, invite les chefs des partis de gauche \u00e0 se rassembler le 2 juillet pour discuter d\u2019une candidature commune \u00e0 la pr\u00e9sidentielle de 2027. Pour remporter la victoire, une candidature commune lui semble d\u2019une importance capitale. \u00a9 Ait Adjedjou\/ABACAPRESS.COM 2027 se pr\u00e9pare d\u00e8s aujourd\u2019hui. Dans une tribune publi\u00e9e ce mercredi dans Lib\u00e9ration, Lucie Castets, ancienne candidate du NFP au poste de premi\u00e8re ministre, invite les chefs des partis \u00e0 ... Lire la suite...","og_url":"https:\/\/www.gastonballiot.fr\/?p=13917","og_site_name":"Le blog politique de Gaston","article_publisher":"https:\/\/www.facebook.com\/gaston.balliot\/","article_author":"https:\/\/www.facebook.com\/gaston.balliot\/","article_published_time":"2025-04-24T13:22:19+00:00","article_modified_time":"2025-04-24T13:31:10+00:00","og_image":[{"url":"https:\/\/www.humanite.fr\/wp-content\/uploads\/2025\/04\/ABACA_932287_023-1-edited.jpg","type":"","width":"","height":""}],"author":"gb","twitter_card":"summary_large_image","twitter_misc":{"\u00c9crit par":"gb","Dur\u00e9e de lecture estim\u00e9e":"3 minutes"},"schema":{"@context":"https:\/\/schema.org","@graph":[{"@type":"Article","@id":"https:\/\/www.gastonballiot.fr\/?p=13917#article","isPartOf":{"@id":"https:\/\/www.gastonballiot.fr\/?p=13917"},"author":{"name":"gb","@id":"https:\/\/www.gastonballiot.fr\/#\/schema\/person\/244a5e02696abd8a65c5b1bebdb948ca"},"headline":"Lucie Castets lance un appel pour rassembler la gauche avant 2027","datePublished":"2025-04-24T13:22:19+00:00","dateModified":"2025-04-24T13:31:10+00:00","mainEntityOfPage":{"@id":"https:\/\/www.gastonballiot.fr\/?p=13917"},"wordCount":637,"publisher":{"@id":"https:\/\/www.gastonballiot.fr\/#\/schema\/person\/244a5e02696abd8a65c5b1bebdb948ca"},"image":{"@id":"https:\/\/www.gastonballiot.fr\/?p=13917#primaryimage"},"thumbnailUrl":"https:\/\/www.humanite.fr\/wp-content\/uploads\/2025\/04\/ABACA_932287_023-1-edited.jpg","keywords":["gauche","Lucie Castets","NFP"],"articleSection":["A la une","D\u00e9mocratie","Gauche"],"inLanguage":"fr-FR"},{"@type":"WebPage","@id":"https:\/\/www.gastonballiot.fr\/?p=13917","url":"https:\/\/www.gastonballiot.fr\/?p=13917","name":"Lucie Castets lance un appel pour rassembler la gauche avant 2027 - Le blog politique de Gaston","isPartOf":{"@id":"https:\/\/www.gastonballiot.fr\/#website"},"primaryImageOfPage":{"@id":"https:\/\/www.gastonballiot.fr\/?p=13917#primaryimage"},"image":{"@id":"https:\/\/www.gastonballiot.fr\/?p=13917#primaryimage"},"thumbnailUrl":"https:\/\/www.humanite.fr\/wp-content\/uploads\/2025\/04\/ABACA_932287_023-1-edited.jpg","datePublished":"2025-04-24T13:22:19+00:00","dateModified":"2025-04-24T13:31:10+00:00","breadcrumb":{"@id":"https:\/\/www.gastonballiot.fr\/?p=13917#breadcrumb"},"inLanguage":"fr-FR","potentialAction":[{"@type":"ReadAction","target":["https:\/\/www.gastonballiot.fr\/?p=13917"]}]},{"@type":"ImageObject","inLanguage":"fr-FR","@id":"https:\/\/www.gastonballiot.fr\/?p=13917#primaryimage","url":"https:\/\/www.humanite.fr\/wp-content\/uploads\/2025\/04\/ABACA_932287_023-1-edited.jpg","contentUrl":"https:\/\/www.humanite.fr\/wp-content\/uploads\/2025\/04\/ABACA_932287_023-1-edited.jpg"},{"@type":"BreadcrumbList","@id":"https:\/\/www.gastonballiot.fr\/?p=13917#breadcrumb","itemListElement":[{"@type":"ListItem","position":1,"name":"Accueil","item":"https:\/\/www.gastonballiot.fr\/"},{"@type":"ListItem","position":2,"name":"Lucie Castets lance un appel pour rassembler la gauche avant 2027"}]},{"@type":"WebSite","@id":"https:\/\/www.gastonballiot.fr\/#website","url":"https:\/\/www.gastonballiot.fr\/","name":"Le blog politique de Gaston","description":"L&#039;humain d&#039;abord, pas la finance !","publisher":{"@id":"https:\/\/www.gastonballiot.fr\/#\/schema\/person\/244a5e02696abd8a65c5b1bebdb948ca"},"potentialAction":[{"@type":"SearchAction","target":{"@type":"EntryPoint","urlTemplate":"https:\/\/www.gastonballiot.fr\/?s={search_term_string}"},"query-input":{"@type":"PropertyValueSpecification","valueRequired":true,"valueName":"search_term_string"}}],"inLanguage":"fr-FR"},{"@type":["Person","Organization"],"@id":"https:\/\/www.gastonballiot.fr\/#\/schema\/person\/244a5e02696abd8a65c5b1bebdb948ca","name":"gb","image":{"@type":"ImageObject","inLanguage":"fr-FR","@id":"https:\/\/i0.wp.com\/www.gastonballiot.fr\/wp-content\/uploads\/2017\/04\/cropped-Marianne-drapeau-rouge.gif?fit=512%2C512&ssl=1","url":"https:\/\/i0.wp.com\/www.gastonballiot.fr\/wp-content\/uploads\/2017\/04\/cropped-Marianne-drapeau-rouge.gif?fit=512%2C512&ssl=1","contentUrl":"https:\/\/i0.wp.com\/www.gastonballiot.fr\/wp-content\/uploads\/2017\/04\/cropped-Marianne-drapeau-rouge.gif?fit=512%2C512&ssl=1","width":512,"height":512,"caption":"gb"},"logo":{"@id":"https:\/\/i0.wp.com\/www.gastonballiot.fr\/wp-content\/uploads\/2017\/04\/cropped-Marianne-drapeau-rouge.gif?fit=512%2C512&ssl=1"},"description":"Gaston Balliot, militant du Front de Gauche en pays bigouden - Pont L'Abb\u00e9 - Loctudy - Guilvinec - Penmarc'h - Ile Tudy - Combrit Ste Marine - Tr\u00e9meoc - Plon\u00e9our, p\u00eache tourisme","sameAs":["https:\/\/www.facebook.com\/gaston.balliot\/"]}]}},"jetpack_featured_media_url":"","jetpack_shortlink":"https:\/\/wp.me\/p5UTaD-3Ct","jetpack-related-posts":[],"jetpack_likes_enabled":true,"jetpack_sharing_enabled":true,"_links":{"self":[{"href":"https:\/\/www.gastonballiot.fr\/index.php?rest_route=\/wp\/v2\/posts\/13917","targetHints":{"allow":["GET"]}}],"collection":[{"href":"https:\/\/www.gastonballiot.fr\/index.php?rest_route=\/wp\/v2\/posts"}],"about":[{"href":"https:\/\/www.gastonballiot.fr\/index.php?rest_route=\/wp\/v2\/types\/post"}],"author":[{"embeddable":true,"href":"https:\/\/www.gastonballiot.fr\/index.php?rest_route=\/wp\/v2\/users\/1"}],"replies":[{"embeddable":true,"href":"https:\/\/www.gastonballiot.fr\/index.php?rest_route=%2Fwp%2Fv2%2Fcomments&post=13917"}],"version-history":[{"count":5,"href":"https:\/\/www.gastonballiot.fr\/index.php?rest_route=\/wp\/v2\/posts\/13917\/revisions"}],"predecessor-version":[{"id":13922,"href":"https:\/\/www.gastonballiot.fr\/index.php?rest_route=\/wp\/v2\/posts\/13917\/revisions\/13922"}],"wp:attachment":[{"href":"https:\/\/www.gastonballiot.fr\/index.php?rest_route=%2Fwp%2Fv2%2Fmedia&parent=13917"}],"wp:term":[{"taxonomy":"category","embeddable":true,"href":"https:\/\/www.gastonballiot.fr\/index.php?rest_route=%2Fwp%2Fv2%2Fcategories&post=13917"},{"taxonomy":"post_tag","embeddable":true,"href":"https:\/\/www.gastonballiot.fr\/index.php?rest_route=%2Fwp%2Fv2%2Ftags&post=13917"}],"curies":[{"name":"wp","href":"https:\/\/api.w.org\/{rel}","templated":true}]}}