{"id":14156,"date":"2025-06-03T09:30:49","date_gmt":"2025-06-03T07:30:49","guid":{"rendered":"https:\/\/www.gastonballiot.fr\/?p=14156"},"modified":"2025-06-12T15:53:57","modified_gmt":"2025-06-12T13:53:57","slug":"tva-sociale-la-grosse-arnaque","status":"publish","type":"post","link":"https:\/\/www.gastonballiot.fr\/?p=14156","title":{"rendered":"TVA sociale, la grosse arnaque"},"content":{"rendered":"<div class=\"bg-grey-blue u-relative single__hero\">\n<div class=\"gs-container\">\n<div class=\"gs-row\">\n<div class=\"gs-column-6 u-margin-t-6 u-block t-align-center u-centered-on-x single__categories u-margin-b-2\">\n<h4>TVA \u00ab\u00a0sociale\u00a0\u00bb ; Le patronat veut substituer cet imp\u00f4t indirect le plus injuste de tous \u00e0 la cotisation assise sur le travail pour financer la S\u00e9cu.<br \/>\nUn moyen d&rsquo;exon\u00e9rer les employeurs et de fragiliser l&rsquo;\u00e9difice n\u00e9 apr\u00e8s la guerre.<\/h4>\n<h3 style=\"text-align: center;\">Le racket de la TVA sociale<\/h3>\n<p>Le syst\u00e8me de protection sociale en France \u00a0\u00bb La S\u00e9curit\u00e9 Sociale \u00ab\u00a0&#8211; repose sur la <strong>solidarit\u00e9 nationale.<br \/>\n<\/strong>&nbsp;Une grande caisse qui avant les ordonnances Jupp\u00e9 de 1996 \u00e9tait&nbsp; g\u00e9r\u00e9e&nbsp; sous le contr\u00f4le des travailleurs et&nbsp; aliment\u00e9e par des cotisations sociales et qui sert \u00e0 satisfaire tous les besoins de la population en protection sociale, sant\u00e9, famille, retraite.&nbsp;<br \/>\nCette<strong>&nbsp;mise en commun<\/strong> a \u00e9t\u00e9 cr\u00e9\u00e9e par le ministre communiste Ambroise Croizat en 1945 et mise en application par les nombreux syndicalistes CGT de l&rsquo;\u00e9poque.<br \/>\n&nbsp;Donc toute baisse des cotisations sociales signifie moins de soins, moins de remboursements, moins de retraite, plus de pr\u00e9carit\u00e9 et une augmentation des assurances et mutuelles sant\u00e9 \u00e0 la charge de l&rsquo;assur\u00e9.<\/p>\n<p>Cette caisse de solidarit\u00e9 a sa propre autonomie et \u00e9chappe aux al\u00e9as de la sp\u00e9culation financi\u00e8re, ce qui en garantit sa solidit\u00e9 et sa p\u00e9rennit\u00e9. En cas de difficult\u00e9 financi\u00e8re comme actuellement il suffit d&rsquo;augmenter le taux de cotisation, ce qui est supportable, et surtout de supprimer les tr\u00e8s nombreuses exon\u00e9rations patronales injustifi\u00e9es (plus de 70 milliards d&rsquo;euros).<\/p>\n<p>Son ind\u00e9pendance par rapport au syst\u00e8me financier est insupportable pour les g\u00e9rants du capitalisme qui nous gouvernent et depuis des d\u00e9cennies des attaques ont \u00e9t\u00e9 lanc\u00e9es. Leur but, obliger la population \u00e0 investir dans les banques, c&rsquo;est le syst\u00e8me par capitalisation, et remplacer des cotisations par un imp\u00f4t qui lui est g\u00e9r\u00e9 par l&rsquo;Etat, sur ce dernier point c&rsquo;est ce qu&rsquo;\u00e0 commenc\u00e9 Michel Rocard avec l&rsquo;imp\u00f4t CSG..<\/p>\n<p>Et leur projet de TVA \u00ab\u00a0sociale\u00a0\u00bb va dans ce sens. C&rsquo;est une attaque contre le principe des cotisations sociales. Ne les laissons pas faire !<\/p>\n<p>Voici un exemple de ce que la propagande actuelle de promotion de la TVA sociale vous cache.<\/p>\n<p style=\"text-align: center;\"><em>(les chiffres sont arbitraires, juste pour illustrer)<\/em><\/p>\n<p>On supprime 100 \u20ac de cotisation \u00e0 un salari\u00e9 en lui disant : votre salaire va augmenter de 100 \u20ac<br \/>\nOui son<strong> salaire ne<\/strong>t va augmenter de 100 \u20ac<br \/>\nMais son vrai salaire dit salaire socialis\u00e9&nbsp; va en r\u00e9alit\u00e9 diminuer&nbsp; de 100 \u20ac car on aura \u00e9galement diminu\u00e9 la cotisation patronale de 100 \u20ac<br \/>\nLa cotisation de l&#8217;employeur n&rsquo;est pas un cadeau de sa part, elle ne sort pas de sa poche mais est pay\u00e9e avec le travail que vous avez fourni, et est donc partie int\u00e9grante de votre<strong> salaire bru<\/strong>t.<br \/>\nCe salari\u00e9 aura donc 100 \u20ac de plus \u00e0 d\u00e9penser mais aura perdu 200 \u20ac de cotisation sociale, ce qui est tr\u00e8s grave.<br \/>\nL&#8217;employeur lui, aura lui gagn\u00e9 100 \u20ac<br \/>\nOn dit au salari\u00e9 : pour compenser cette diminution de cotisation on va augmenter la TVA, taxe injuste sur les produits de consommation car non proportionnelle aux revenus.<br \/>\nDonc le co\u00fbt de la vie va augmenter et le salari\u00e9 va perdre par exemple 80 \u20ac par mois sur ses achats pour la famille.<br \/>\nR\u00e9sultat : il n&rsquo;aura gagn\u00e9 que 100-80=20 \u20ac mais&nbsp; aura perdu 200 \u20ac de cotisation, car la part de TVA revers\u00e9e \u00e0 la protection sociale d\u00e9pend du caprice et du bon vouloir du gouvernement. Et celui-ci \u00e0 moyen terme a tout int\u00e9r\u00eat \u00e0 mettre dans le rouge la protection sociale pour ensuite avancer le fait qu&rsquo;il devient indispensable pour les gens de souscrire une assurance aupr\u00e8s du syst\u00e8me bancaire et par cons\u00e9quent privatiser ce bien commun.<br \/>\nVoila, le tour est jou\u00e9, on conna\u00eet alors les victimes et les gagnants..<\/p>\n<p>De plus l&rsquo;augmentation de la TVA va relancer une spirale de l&rsquo;inflation avec des cons\u00e9quences n\u00e9fastes dans beaucoup de domaines<\/p>\n<p>Il s&rsquo;agit bien d&rsquo;une grosse arnaque, d&rsquo;un projet antisocial et r\u00e9actionnaire.<\/p>\n<hr>\n<\/div>\n<hr>\n<h1 class=\"t-article-h1 u-margin-b-6 c-red gs-column @sm:gs-column-8 @lg:gs-column-10 @wd:gs-column-8 u-centered-on-x u-block t-align-center\">\u00ab Les cotisations sociales doivent \u00eatre confort\u00e9es \u00bb : pourquoi la CGT s\u2019oppose \u00e0 une TVA sociale<\/h1>\n<\/div>\n<\/div>\n<\/div>\n<div class=\"single__content gs-container\">\n<div class=\"gs-row\">\n<div class=\"@lg:gs-column-8\">\n<article class=\"single__content__text\">\n<div class=\"rich-text u-margin-b-3 u-padding-b-0 u-padding-t-0\">\n<p class=\"chapo\">Face \u00e0 l\u2019attaque patronale visant \u00e0 financer la protection sociale par une TVA sociale, Denis Gravouil, secr\u00e9taire conf\u00e9d\u00e9ral de la CGT, rappelle l\u2019importance d\u2019en asseoir le financement sur la socialisation d\u2019une partie des salaires.<\/p>\n<\/div>\n<div class=\"single__content__text__reverse u-flex-column\">\n<div class=\"single__content__text__published u-align-items-center c-purple t-label-medium u-flex-row u-margin-b-1\">\n<p style=\"text-align: right;\"><span class=\"u-hidden @lg:u-flex t-label-medium\">Publi\u00e9 le 29 mai 2025 dans l&rsquo;Humanit\u00e9 par <\/span><span class=\"single__author__name t-label-underline c-purple t-align-center u-flex u-align-items-center\">Na\u00efm Sakhi <\/span><\/p>\n<\/div>\n<\/div>\n<\/article>\n<\/div>\n<\/div>\n<\/div>\n<div class=\"single__thumbnail\">\n<div class=\"single__thumbnail__img\">\n<figure class=\"wp-block-image size-large wp-lightbox-container\" data-wp-context=\"{&quot;imageId&quot;:&quot;683c3576d1def&quot;}\" data-wp-interactive=\"core\/image\"><figcaption class=\"wp-element-caption\">\u00ab En r\u00e9alit\u00e9, le patronat cherche \u00e0 faire baisser les salaires pour maximiser ses marges \u00bb, d\u00e9nonce Denis Gravouil, secr\u00e9taire conf\u00e9d\u00e9ral de la CGT.<br \/>\n\u00a9 Romain Doucelin \/ NurPhoto \/ NurPhoto via AFP<\/figcaption><\/figure>\n<\/div>\n<\/div>\n<div class=\"rich-text\">\n<div class=\"gs-row\">\n<div id=\"post-content\" class=\"u-width-100% gs-column\" data-poool=\"0\">\n<p class=\"wp-block-huma-question\">Les cotisations sociales sont-elles encore efficientes pour financer la protection sociale&nbsp;?<\/p>\n<p><a href=\"https:\/\/www.humanite.fr\/les-recettes-du-patronat-pour-detricoter-la-securite-sociale\" target=\"_blank\" rel=\"noopener\">Le d\u00e9bat autour de son financement est inh\u00e9rent \u00e0 la cr\u00e9ation de la S\u00e9curit\u00e9 sociale<\/a>.&nbsp;Ambroise Croizat, ministre du Travail \u00e0 la Lib\u00e9ration, met en place les cotisations, car elles conf\u00e8rent aux salari\u00e9s, au travers de leurs \u00e9lus, la gestion des caisses de la S\u00e9curit\u00e9 sociale. Si celle-ci \u00e9tait financ\u00e9e par l\u2019imp\u00f4t, l\u2019\u00c9tat prendrait alors l\u2019ensemble des d\u00e9cisions. C\u2019est le choix fait en Allemagne ou au Royaume-Uni.<\/p>\n<p>Comme le patronat ne supportait pas d\u2019\u00eatre \u00e9cart\u00e9 de cette gestion, les caisses de S\u00e9curit\u00e9 sociale sont devenues paritaires, avant que l\u2019\u00c9tat ne reprenne la main avec un projet de loi de financement. L\u2019\u00e9tape suppl\u00e9mentaire est le financement par l\u2019imp\u00f4t de la solidarit\u00e9 nationale, en d\u00e9pit des cotisations maladie, au travers d\u2019une TVA sociale.<\/p>\n<p>L\u2019instauration de la CSG n\u2019\u00e9tait qu\u2019une \u00e9tape de cette fiscalisation. Mais, au-del\u00e0 du principe politique, le financement de la S\u00e9curit\u00e9 sociale par des cotisations mat\u00e9rialise des droits acquis, pour les salari\u00e9s, par le travail. La bataille porte donc sur le salaire pour vivre et la partie socialis\u00e9e pour financer la protection sociale face aux al\u00e9as de la vie. En r\u00e9alit\u00e9, le patronat cherche \u00e0 faire baisser les salaires pour maximiser ses marges. Ainsi en l\u2019\u00e9tat, rien ne garantit que la baisse des cotisations sociales se traduira par des hausses salariales. Elles seraient repouss\u00e9es \u00e0 des n\u00e9gociations et donc au rapport de force dans les branches ou les entreprises.<\/p>\n<p class=\"wp-block-huma-question\">Fran\u00e7ois Bayrou a r\u00e9affirm\u00e9 vouloir un <em>\u00ab&nbsp;mod\u00e8le social moins financ\u00e9 par le travail mais davantage sur d\u2019autres facteurs, en particulier la consommation&nbsp;\u00bb<\/em>, \u00e0 travers une TVA sociale. Quid des variations propres au niveau de la consommation de biens et services&nbsp;?<\/p>\n<div id=\"engage-article-par-5\">&nbsp;<\/div>\n<p>Des \u00e9conomistes, et pas forc\u00e9ment de gauche, <a href=\"https:\/\/www.humanite.fr\/social-et-economie\/centres-de-sante\/pourquoi-les-centres-de-sante-secroulent-financierement\" target=\"_blank\" rel=\"noopener\">alertent sur les cons\u00e9quences en cas de forte fluctuation des prix<\/a>. Que se passera-t-il si les salaires nets stagnent, mais que les prix augmentent&nbsp;? Les salari\u00e9s sans \u00e9pargne seront amen\u00e9s \u00e0 moins consommer, impactant les rentr\u00e9es d\u2019argent pour la protection sociale. L\u2019ex-ministre de l\u2019\u00c9conomie Bruno Le&nbsp;Maire tablait, dans un livre, sur 60&nbsp;milliards de baisses de cotisations sociales, compens\u00e9es par une hausse de la TVA. Cela reviendrait \u00e0 augmenter cette taxe sur la consommation de 8,6 points, entra\u00eenant n\u00e9cessairement des effets r\u00e9cessifs sur l\u2019activit\u00e9 \u00e9conomique et sur l\u2019emploi.<\/p>\n<div class=\"seealso-component u-relative u-flex-column u-align-items-center u-margin-b-4 u-margin-t-6 @lg:u-margin-b-8 @lg:u-margin-t-8\">\n<p><span class=\"u-absolute u-width-100% t-header-medium t-align-center c-red seealso-component__title\">Sur le m\u00eame th\u00e8me<\/span><\/p>\n<div class=\"seealso-component__content u-flex-column @lg:u-flex-row @lg:u-align-items-start u-justify-content-space-between\">\n<p><a class=\"same-theme\" href=\"https:\/\/www.humanite.fr\/social-et-economie\/emmanuel-macron\/tva-sociale-comment-macron-et-bayrou-veulent-ressusciter-la-veille-recette-de-la-droite-et-du-patronat\" target=\"_blank\" rel=\"noopener\" data-slug=\"tva-sociale-comment-macron-et-bayrou-veulent-ressusciter-la-veille-recette-de-la-droite-et-du-patronat\"> <img data-recalc-dims=\"1\" loading=\"lazy\" decoding=\"async\" class=\"alignleft\" src=\"https:\/\/i0.wp.com\/www.humanite.fr\/wp-content\/uploads\/2025\/05\/ABACA_947334_052.jpeg?resize=300%2C200&#038;ssl=1\" sizes=\"auto, (max-width: 300px) 100vw, 300px\" srcset=\"https:\/\/www.humanite.fr\/wp-content\/uploads\/2025\/05\/ABACA_947334_052.jpeg 5108w, https:\/\/www.humanite.fr\/wp-content\/uploads\/2025\/05\/ABACA_947334_052.jpeg?resize=300,200 300w, https:\/\/www.humanite.fr\/wp-content\/uploads\/2025\/05\/ABACA_947334_052.jpeg?resize=768,512 768w, https:\/\/www.humanite.fr\/wp-content\/uploads\/2025\/05\/ABACA_947334_052.jpeg?resize=1200,800 1200w, https:\/\/www.humanite.fr\/wp-content\/uploads\/2025\/05\/ABACA_947334_052.jpeg?resize=1536,1024 1536w, https:\/\/www.humanite.fr\/wp-content\/uploads\/2025\/05\/ABACA_947334_052.jpeg?resize=2048,1365 2048w, https:\/\/www.humanite.fr\/wp-content\/uploads\/2025\/05\/ABACA_947334_052.jpeg?resize=1500,1000 1500w, https:\/\/www.humanite.fr\/wp-content\/uploads\/2025\/05\/ABACA_947334_052.jpeg?resize=60,40 60w\" alt=\"\" width=\"300\" height=\"200\"> <\/a><\/p>\n<div class=\"u-flex-row u-justify-content-space-between u-width-100% seealso-component__content__text u-align-items-center @lg:u-margin-t-0 u-margin-t-1\">\n<p class=\"u-margin-b-0 t-article-h3 c-purple\">\u00ab&nbsp;TVA sociale&nbsp;\u00bb&nbsp;: comment Macron et Bayrou veulent ressusciter la vieille recette de la droite et du patronat<\/p>\n<\/div>\n<\/div>\n<\/div>\n<\/div>\n<\/div>\n<\/div>\n<p>A contrario, les cotisations ne sont pas fluctuantes en fonction de l\u2019inflation. Le patronat r\u00e9torque que les cotisations sont un frein \u00e0 la comp\u00e9titivit\u00e9 mondiale. Mais une grande part de l\u2019\u00e9conomie, notamment dans les services, n\u2019est pas soumise \u00e0 la concurrence internationale. Ensuite, dans l\u2019industrie, le nombre d\u2019emplois a \u00e9t\u00e9 divis\u00e9 par deux depuis quarante ans, malgr\u00e9 des politiques favorables au patronat. Ce dernier entend d\u00e9sormais \u00e9conomiser une part enti\u00e8re du salaire brut. <a href=\"https:\/\/www.humanite.fr\/social-et-economie\/modele-social-francais\/chomage-sante-et-si-on-rendait-le-controle-au-peuple-gaslight-la-chronique-video-de-climarx\" target=\"_blank\" rel=\"noopener\">Ce dumping social d\u00e9j\u00e0 \u00e0 l\u2019\u0153uvre est une spirale infernale<\/a>.<\/p>\n<p class=\"wp-block-huma-question\">Une TVA sociale remettrait-elle en cause le niveau de protection&nbsp;?<\/p>\n<p>Tr\u00e8s clairement, oui. <a href=\"https:\/\/www.humanite.fr\/social-et-economie\/emmanuel-macron\/tva-sociale-comment-macron-et-bayrou-veulent-ressusciter-la-veille-recette-de-la-droite-et-du-patronat\" target=\"_blank\" rel=\"noopener\">Le probl\u00e8me de la S\u00e9curit\u00e9 sociale n\u2019est pas la d\u00e9pense mais les recettes<\/a>. Les d\u00e9penses sont connues et vont augmenter avec le vieillissement de la population. Ainsi, les \u00e9conomies faites sur les retraites en augmentant la dur\u00e9e de cotisation ont des cons\u00e9quences sur la hausse des d\u00e9penses d\u2019assurance-maladie. Aujourd\u2019hui, l\u2019ex\u00e9cutif annonce 40&nbsp;milliards d\u2019\u00e9conomies. Mais, dans le m\u00eame temps, il pose dans le d\u00e9bat public la suppression d\u2019une recette fiable que sont les cotisations sociales patronales. Cette logique induira forc\u00e9ment des coupes dans les d\u00e9penses de la solidarit\u00e9 nationale.<\/p>\n<p class=\"wp-block-huma-question\">Comment assurer le bon financement de la S\u00e9curit\u00e9 sociale et des retraites sans tomber dans le pi\u00e8ge de la fiscalisation de ses recettes&nbsp;?<\/p>\n<p>Les cotisations sociales doivent \u00eatre confort\u00e9es, car elles ouvrent des droits stables et durables aux travailleurs. Et cela passe d\u2019abord par l\u2019augmentation des salaires bruts, mais aussi par la mise en \u0153uvre de l\u2019\u00e9galit\u00e9 femmes-hommes, qui d\u00e9gagerait autour de 33&nbsp;milliards d\u2019euros de recettes pour l\u2019ensemble des caisses de la S\u00e9curit\u00e9 sociale. Ce n\u2019est pas une paille. <a href=\"https:\/\/www.humanite.fr\/social-et-economie\/cgt\/entourloupe-antisociale\" target=\"_blank\" rel=\"noopener\">De plus, la CGT r\u00e9clame une refonte et une conditionnalit\u00e9 des exon\u00e9rations de cotisations sociales<\/a>. Leur non-compensation p\u00e8se sur la solidarit\u00e9 nationale. La Cour des comptes rappelle que 5,5&nbsp;milliards d\u2019euros compens\u00e9s, dont 4&nbsp;milliards sur les primes de participations et d\u2019int\u00e9ressement non soumises \u00e0 cotisations, plombent le d\u00e9ficit de la S\u00e9curit\u00e9 sociale.<\/p>\n<div class=\"after-last-p-element\">Entretien, dans l&rsquo;Humanit\u00e9 du 30 mai 2025 dont voici la une ci-dessous<\/div>\n<div id=\"form_don\" class=\"wp-block-group\">\n<div class=\"wp-block-group__inner-container is-layout-constrained wp-block-group-is-layout-constrained\">\n<h2 class=\"wp-block-heading\"><a href=\"https:\/\/i0.wp.com\/www.gastonballiot.fr\/wp-content\/uploads\/2025\/06\/RacketUneHuma.jpg?ssl=1\"><img data-recalc-dims=\"1\" loading=\"lazy\" decoding=\"async\" data-attachment-id=\"14181\" data-permalink=\"https:\/\/www.gastonballiot.fr\/?attachment_id=14181#main\" data-orig-file=\"https:\/\/i0.wp.com\/www.gastonballiot.fr\/wp-content\/uploads\/2025\/06\/RacketUneHuma.jpg?fit=545%2C715&amp;ssl=1\" data-orig-size=\"545,715\" data-comments-opened=\"0\" data-image-meta=\"{&quot;aperture&quot;:&quot;0&quot;,&quot;credit&quot;:&quot;&quot;,&quot;camera&quot;:&quot;&quot;,&quot;caption&quot;:&quot;&quot;,&quot;created_timestamp&quot;:&quot;0&quot;,&quot;copyright&quot;:&quot;&quot;,&quot;focal_length&quot;:&quot;0&quot;,&quot;iso&quot;:&quot;0&quot;,&quot;shutter_speed&quot;:&quot;0&quot;,&quot;title&quot;:&quot;&quot;,&quot;orientation&quot;:&quot;0&quot;}\" data-image-title=\"RacketUneHuma\" data-image-description=\"\" data-image-caption=\"\" data-medium-file=\"https:\/\/i0.wp.com\/www.gastonballiot.fr\/wp-content\/uploads\/2025\/06\/RacketUneHuma.jpg?fit=229%2C300&amp;ssl=1\" data-large-file=\"https:\/\/i0.wp.com\/www.gastonballiot.fr\/wp-content\/uploads\/2025\/06\/RacketUneHuma.jpg?fit=545%2C715&amp;ssl=1\" class=\"aligncenter size-full wp-image-14181\" src=\"https:\/\/i0.wp.com\/www.gastonballiot.fr\/wp-content\/uploads\/2025\/06\/RacketUneHuma.jpg?resize=545%2C715&#038;ssl=1\" alt=\"\" width=\"545\" height=\"715\" srcset=\"https:\/\/i0.wp.com\/www.gastonballiot.fr\/wp-content\/uploads\/2025\/06\/RacketUneHuma.jpg?w=545&amp;ssl=1 545w, https:\/\/i0.wp.com\/www.gastonballiot.fr\/wp-content\/uploads\/2025\/06\/RacketUneHuma.jpg?resize=229%2C300&amp;ssl=1 229w\" sizes=\"auto, (max-width: 545px) 100vw, 545px\" \/><\/a><\/h2>\n<\/div>\n<\/div>\n","protected":false},"excerpt":{"rendered":"<p>TVA \u00ab\u00a0sociale\u00a0\u00bb ; Le patronat veut substituer cet imp\u00f4t indirect le plus injuste de tous \u00e0 la cotisation assise sur le travail pour financer la S\u00e9cu. Un moyen d&rsquo;exon\u00e9rer les employeurs et de fragiliser l&rsquo;\u00e9difice n\u00e9 apr\u00e8s la guerre. Le racket de la TVA sociale Le syst\u00e8me de protection sociale en France \u00a0\u00bb La S\u00e9curit\u00e9 Sociale \u00ab\u00a0&#8211; repose sur la solidarit\u00e9 nationale. &nbsp;Une grande caisse qui avant les ordonnances Jupp\u00e9 de 1996 \u00e9tait&nbsp; g\u00e9r\u00e9e&nbsp; sous le contr\u00f4le des travailleurs et&nbsp; aliment\u00e9e &#8230; <a title=\"TVA sociale, la grosse arnaque\" class=\"read-more\" href=\"https:\/\/www.gastonballiot.fr\/?p=14156\" aria-label=\"Plus sur TVA sociale, la grosse arnaque\">Lire la suite&#8230;<\/a><\/p>\n","protected":false},"author":1,"featured_media":14180,"comment_status":"closed","ping_status":"closed","sticky":false,"template":"","format":"standard","meta":{"ngg_post_thumbnail":0,"jetpack_post_was_ever_published":false,"_jetpack_newsletter_access":"","_jetpack_dont_email_post_to_subs":false,"_jetpack_newsletter_tier_id":0,"_jetpack_memberships_contains_paywalled_content":false,"_jetpack_memberships_contains_paid_content":false,"footnotes":"","jetpack_publicize_message":"","jetpack_publicize_feature_enabled":true,"jetpack_social_post_already_shared":true,"jetpack_social_options":{"image_generator_settings":{"template":"highway","enabled":false},"version":2}},"categories":[2,19,20,21,16],"tags":[44,73,83,122,123,656],"class_list":["post-14156","post","type-post","status-publish","format-standard","has-post-thumbnail","hentry","category-a-la-une","category-pouvoir-dachat","category-retraites","category-sante","category-social","tag-cotisations","tag-impots","tag-liberalisme","tag-salaire","tag-securite-sociale","tag-tva","infinite-scroll-item","masonry-post","generate-columns","tablet-grid-50","mobile-grid-100","grid-parent","grid-33"],"jetpack_publicize_connections":[],"yoast_head":"<!-- This site is optimized with the Yoast SEO plugin v27.5 - https:\/\/yoast.com\/product\/yoast-seo-wordpress\/ -->\n<title>TVA sociale, la grosse arnaque - Le blog politique de Gaston<\/title>\n<meta name=\"robots\" content=\"index, follow, max-snippet:-1, max-image-preview:large, max-video-preview:-1\" \/>\n<link rel=\"canonical\" href=\"https:\/\/www.gastonballiot.fr\/?p=14156\" \/>\n<meta property=\"og:locale\" content=\"fr_FR\" \/>\n<meta property=\"og:type\" content=\"article\" \/>\n<meta property=\"og:title\" content=\"TVA sociale, la grosse arnaque - Le blog politique de Gaston\" \/>\n<meta property=\"og:description\" content=\"TVA \u00ab\u00a0sociale\u00a0\u00bb ; Le patronat veut substituer cet imp\u00f4t indirect le plus injuste de tous \u00e0 la cotisation assise sur le travail pour financer la S\u00e9cu. Un moyen d&rsquo;exon\u00e9rer les employeurs et de fragiliser l&rsquo;\u00e9difice n\u00e9 apr\u00e8s la guerre. Le racket de la TVA sociale Le syst\u00e8me de protection sociale en France \u00a0\u00bb La S\u00e9curit\u00e9 Sociale \u00ab\u00a0&#8211; repose sur la solidarit\u00e9 nationale. &nbsp;Une grande caisse qui avant les ordonnances Jupp\u00e9 de 1996 \u00e9tait&nbsp; g\u00e9r\u00e9e&nbsp; sous le contr\u00f4le des travailleurs et&nbsp; aliment\u00e9e ... Lire la suite...\" \/>\n<meta property=\"og:url\" content=\"https:\/\/www.gastonballiot.fr\/?p=14156\" \/>\n<meta property=\"og:site_name\" content=\"Le blog politique de Gaston\" \/>\n<meta property=\"article:publisher\" content=\"https:\/\/www.facebook.com\/gaston.balliot\/\" \/>\n<meta property=\"article:author\" content=\"https:\/\/www.facebook.com\/gaston.balliot\/\" \/>\n<meta property=\"article:published_time\" content=\"2025-06-03T07:30:49+00:00\" \/>\n<meta property=\"article:modified_time\" content=\"2025-06-12T13:53:57+00:00\" \/>\n<meta property=\"og:image\" content=\"https:\/\/www.gastonballiot.fr\/wp-content\/uploads\/2025\/06\/Racket.jpg\" \/>\n\t<meta property=\"og:image:width\" content=\"524\" \/>\n\t<meta property=\"og:image:height\" content=\"357\" \/>\n\t<meta property=\"og:image:type\" content=\"image\/jpeg\" \/>\n<meta name=\"author\" content=\"gb\" \/>\n<meta name=\"twitter:card\" content=\"summary_large_image\" \/>\n<meta name=\"twitter:label1\" content=\"\u00c9crit par\" \/>\n\t<meta name=\"twitter:data1\" content=\"gb\" \/>\n\t<meta name=\"twitter:label2\" content=\"Dur\u00e9e de lecture estim\u00e9e\" \/>\n\t<meta name=\"twitter:data2\" content=\"8 minutes\" \/>\n<script type=\"application\/ld+json\" class=\"yoast-schema-graph\">{\"@context\":\"https:\\\/\\\/schema.org\",\"@graph\":[{\"@type\":\"Article\",\"@id\":\"https:\\\/\\\/www.gastonballiot.fr\\\/?p=14156#article\",\"isPartOf\":{\"@id\":\"https:\\\/\\\/www.gastonballiot.fr\\\/?p=14156\"},\"author\":{\"name\":\"gb\",\"@id\":\"https:\\\/\\\/www.gastonballiot.fr\\\/#\\\/schema\\\/person\\\/244a5e02696abd8a65c5b1bebdb948ca\"},\"headline\":\"TVA sociale, la grosse arnaque\",\"datePublished\":\"2025-06-03T07:30:49+00:00\",\"dateModified\":\"2025-06-12T13:53:57+00:00\",\"mainEntityOfPage\":{\"@id\":\"https:\\\/\\\/www.gastonballiot.fr\\\/?p=14156\"},\"wordCount\":1601,\"publisher\":{\"@id\":\"https:\\\/\\\/www.gastonballiot.fr\\\/#\\\/schema\\\/person\\\/244a5e02696abd8a65c5b1bebdb948ca\"},\"image\":{\"@id\":\"https:\\\/\\\/www.gastonballiot.fr\\\/?p=14156#primaryimage\"},\"thumbnailUrl\":\"https:\\\/\\\/i0.wp.com\\\/www.gastonballiot.fr\\\/wp-content\\\/uploads\\\/2025\\\/06\\\/Racket.jpg?fit=524%2C357&ssl=1\",\"keywords\":[\"cotisations\",\"imp\u00f4ts\",\"lib\u00e9ralisme\",\"salaire\",\"s\u00e9curit\u00e9 sociale\",\"TVA\"],\"articleSection\":[\"A la une\",\"Pouvoir d'achat\",\"Retraites\",\"Sant\u00e9\",\"Social\"],\"inLanguage\":\"fr-FR\"},{\"@type\":\"WebPage\",\"@id\":\"https:\\\/\\\/www.gastonballiot.fr\\\/?p=14156\",\"url\":\"https:\\\/\\\/www.gastonballiot.fr\\\/?p=14156\",\"name\":\"TVA sociale, la grosse arnaque - Le blog politique de Gaston\",\"isPartOf\":{\"@id\":\"https:\\\/\\\/www.gastonballiot.fr\\\/#website\"},\"primaryImageOfPage\":{\"@id\":\"https:\\\/\\\/www.gastonballiot.fr\\\/?p=14156#primaryimage\"},\"image\":{\"@id\":\"https:\\\/\\\/www.gastonballiot.fr\\\/?p=14156#primaryimage\"},\"thumbnailUrl\":\"https:\\\/\\\/i0.wp.com\\\/www.gastonballiot.fr\\\/wp-content\\\/uploads\\\/2025\\\/06\\\/Racket.jpg?fit=524%2C357&ssl=1\",\"datePublished\":\"2025-06-03T07:30:49+00:00\",\"dateModified\":\"2025-06-12T13:53:57+00:00\",\"breadcrumb\":{\"@id\":\"https:\\\/\\\/www.gastonballiot.fr\\\/?p=14156#breadcrumb\"},\"inLanguage\":\"fr-FR\",\"potentialAction\":[{\"@type\":\"ReadAction\",\"target\":[\"https:\\\/\\\/www.gastonballiot.fr\\\/?p=14156\"]}]},{\"@type\":\"ImageObject\",\"inLanguage\":\"fr-FR\",\"@id\":\"https:\\\/\\\/www.gastonballiot.fr\\\/?p=14156#primaryimage\",\"url\":\"https:\\\/\\\/i0.wp.com\\\/www.gastonballiot.fr\\\/wp-content\\\/uploads\\\/2025\\\/06\\\/Racket.jpg?fit=524%2C357&ssl=1\",\"contentUrl\":\"https:\\\/\\\/i0.wp.com\\\/www.gastonballiot.fr\\\/wp-content\\\/uploads\\\/2025\\\/06\\\/Racket.jpg?fit=524%2C357&ssl=1\",\"width\":524,\"height\":357},{\"@type\":\"BreadcrumbList\",\"@id\":\"https:\\\/\\\/www.gastonballiot.fr\\\/?p=14156#breadcrumb\",\"itemListElement\":[{\"@type\":\"ListItem\",\"position\":1,\"name\":\"Accueil\",\"item\":\"https:\\\/\\\/www.gastonballiot.fr\\\/\"},{\"@type\":\"ListItem\",\"position\":2,\"name\":\"TVA sociale, la grosse arnaque\"}]},{\"@type\":\"WebSite\",\"@id\":\"https:\\\/\\\/www.gastonballiot.fr\\\/#website\",\"url\":\"https:\\\/\\\/www.gastonballiot.fr\\\/\",\"name\":\"Le blog politique de Gaston\",\"description\":\"L&#039;humain d&#039;abord, pas la finance !\",\"publisher\":{\"@id\":\"https:\\\/\\\/www.gastonballiot.fr\\\/#\\\/schema\\\/person\\\/244a5e02696abd8a65c5b1bebdb948ca\"},\"potentialAction\":[{\"@type\":\"SearchAction\",\"target\":{\"@type\":\"EntryPoint\",\"urlTemplate\":\"https:\\\/\\\/www.gastonballiot.fr\\\/?s={search_term_string}\"},\"query-input\":{\"@type\":\"PropertyValueSpecification\",\"valueRequired\":true,\"valueName\":\"search_term_string\"}}],\"inLanguage\":\"fr-FR\"},{\"@type\":[\"Person\",\"Organization\"],\"@id\":\"https:\\\/\\\/www.gastonballiot.fr\\\/#\\\/schema\\\/person\\\/244a5e02696abd8a65c5b1bebdb948ca\",\"name\":\"gb\",\"image\":{\"@type\":\"ImageObject\",\"inLanguage\":\"fr-FR\",\"@id\":\"https:\\\/\\\/i0.wp.com\\\/www.gastonballiot.fr\\\/wp-content\\\/uploads\\\/2017\\\/04\\\/cropped-Marianne-drapeau-rouge.gif?fit=512%2C512&ssl=1\",\"url\":\"https:\\\/\\\/i0.wp.com\\\/www.gastonballiot.fr\\\/wp-content\\\/uploads\\\/2017\\\/04\\\/cropped-Marianne-drapeau-rouge.gif?fit=512%2C512&ssl=1\",\"contentUrl\":\"https:\\\/\\\/i0.wp.com\\\/www.gastonballiot.fr\\\/wp-content\\\/uploads\\\/2017\\\/04\\\/cropped-Marianne-drapeau-rouge.gif?fit=512%2C512&ssl=1\",\"width\":512,\"height\":512,\"caption\":\"gb\"},\"logo\":{\"@id\":\"https:\\\/\\\/i0.wp.com\\\/www.gastonballiot.fr\\\/wp-content\\\/uploads\\\/2017\\\/04\\\/cropped-Marianne-drapeau-rouge.gif?fit=512%2C512&ssl=1\"},\"description\":\"Gaston Balliot, militant du Front de Gauche en pays bigouden - Pont L'Abb\u00e9 - Loctudy - Guilvinec - Penmarc'h - Ile Tudy - Combrit Ste Marine - Tr\u00e9meoc - Plon\u00e9our, p\u00eache tourisme\",\"sameAs\":[\"https:\\\/\\\/www.facebook.com\\\/gaston.balliot\\\/\"]}]}<\/script>\n<!-- \/ Yoast SEO plugin. -->","yoast_head_json":{"title":"TVA sociale, la grosse arnaque - Le blog politique de Gaston","robots":{"index":"index","follow":"follow","max-snippet":"max-snippet:-1","max-image-preview":"max-image-preview:large","max-video-preview":"max-video-preview:-1"},"canonical":"https:\/\/www.gastonballiot.fr\/?p=14156","og_locale":"fr_FR","og_type":"article","og_title":"TVA sociale, la grosse arnaque - Le blog politique de Gaston","og_description":"TVA \u00ab\u00a0sociale\u00a0\u00bb ; Le patronat veut substituer cet imp\u00f4t indirect le plus injuste de tous \u00e0 la cotisation assise sur le travail pour financer la S\u00e9cu. Un moyen d&rsquo;exon\u00e9rer les employeurs et de fragiliser l&rsquo;\u00e9difice n\u00e9 apr\u00e8s la guerre. Le racket de la TVA sociale Le syst\u00e8me de protection sociale en France \u00a0\u00bb La S\u00e9curit\u00e9 Sociale \u00ab\u00a0&#8211; repose sur la solidarit\u00e9 nationale. &nbsp;Une grande caisse qui avant les ordonnances Jupp\u00e9 de 1996 \u00e9tait&nbsp; g\u00e9r\u00e9e&nbsp; sous le contr\u00f4le des travailleurs et&nbsp; aliment\u00e9e ... Lire la suite...","og_url":"https:\/\/www.gastonballiot.fr\/?p=14156","og_site_name":"Le blog politique de Gaston","article_publisher":"https:\/\/www.facebook.com\/gaston.balliot\/","article_author":"https:\/\/www.facebook.com\/gaston.balliot\/","article_published_time":"2025-06-03T07:30:49+00:00","article_modified_time":"2025-06-12T13:53:57+00:00","og_image":[{"width":524,"height":357,"url":"https:\/\/www.gastonballiot.fr\/wp-content\/uploads\/2025\/06\/Racket.jpg","type":"image\/jpeg"}],"author":"gb","twitter_card":"summary_large_image","twitter_misc":{"\u00c9crit par":"gb","Dur\u00e9e de lecture estim\u00e9e":"8 minutes"},"schema":{"@context":"https:\/\/schema.org","@graph":[{"@type":"Article","@id":"https:\/\/www.gastonballiot.fr\/?p=14156#article","isPartOf":{"@id":"https:\/\/www.gastonballiot.fr\/?p=14156"},"author":{"name":"gb","@id":"https:\/\/www.gastonballiot.fr\/#\/schema\/person\/244a5e02696abd8a65c5b1bebdb948ca"},"headline":"TVA sociale, la grosse arnaque","datePublished":"2025-06-03T07:30:49+00:00","dateModified":"2025-06-12T13:53:57+00:00","mainEntityOfPage":{"@id":"https:\/\/www.gastonballiot.fr\/?p=14156"},"wordCount":1601,"publisher":{"@id":"https:\/\/www.gastonballiot.fr\/#\/schema\/person\/244a5e02696abd8a65c5b1bebdb948ca"},"image":{"@id":"https:\/\/www.gastonballiot.fr\/?p=14156#primaryimage"},"thumbnailUrl":"https:\/\/i0.wp.com\/www.gastonballiot.fr\/wp-content\/uploads\/2025\/06\/Racket.jpg?fit=524%2C357&ssl=1","keywords":["cotisations","imp\u00f4ts","lib\u00e9ralisme","salaire","s\u00e9curit\u00e9 sociale","TVA"],"articleSection":["A la une","Pouvoir d'achat","Retraites","Sant\u00e9","Social"],"inLanguage":"fr-FR"},{"@type":"WebPage","@id":"https:\/\/www.gastonballiot.fr\/?p=14156","url":"https:\/\/www.gastonballiot.fr\/?p=14156","name":"TVA sociale, la grosse arnaque - Le blog politique de Gaston","isPartOf":{"@id":"https:\/\/www.gastonballiot.fr\/#website"},"primaryImageOfPage":{"@id":"https:\/\/www.gastonballiot.fr\/?p=14156#primaryimage"},"image":{"@id":"https:\/\/www.gastonballiot.fr\/?p=14156#primaryimage"},"thumbnailUrl":"https:\/\/i0.wp.com\/www.gastonballiot.fr\/wp-content\/uploads\/2025\/06\/Racket.jpg?fit=524%2C357&ssl=1","datePublished":"2025-06-03T07:30:49+00:00","dateModified":"2025-06-12T13:53:57+00:00","breadcrumb":{"@id":"https:\/\/www.gastonballiot.fr\/?p=14156#breadcrumb"},"inLanguage":"fr-FR","potentialAction":[{"@type":"ReadAction","target":["https:\/\/www.gastonballiot.fr\/?p=14156"]}]},{"@type":"ImageObject","inLanguage":"fr-FR","@id":"https:\/\/www.gastonballiot.fr\/?p=14156#primaryimage","url":"https:\/\/i0.wp.com\/www.gastonballiot.fr\/wp-content\/uploads\/2025\/06\/Racket.jpg?fit=524%2C357&ssl=1","contentUrl":"https:\/\/i0.wp.com\/www.gastonballiot.fr\/wp-content\/uploads\/2025\/06\/Racket.jpg?fit=524%2C357&ssl=1","width":524,"height":357},{"@type":"BreadcrumbList","@id":"https:\/\/www.gastonballiot.fr\/?p=14156#breadcrumb","itemListElement":[{"@type":"ListItem","position":1,"name":"Accueil","item":"https:\/\/www.gastonballiot.fr\/"},{"@type":"ListItem","position":2,"name":"TVA sociale, la grosse arnaque"}]},{"@type":"WebSite","@id":"https:\/\/www.gastonballiot.fr\/#website","url":"https:\/\/www.gastonballiot.fr\/","name":"Le blog politique de Gaston","description":"L&#039;humain d&#039;abord, pas la finance !","publisher":{"@id":"https:\/\/www.gastonballiot.fr\/#\/schema\/person\/244a5e02696abd8a65c5b1bebdb948ca"},"potentialAction":[{"@type":"SearchAction","target":{"@type":"EntryPoint","urlTemplate":"https:\/\/www.gastonballiot.fr\/?s={search_term_string}"},"query-input":{"@type":"PropertyValueSpecification","valueRequired":true,"valueName":"search_term_string"}}],"inLanguage":"fr-FR"},{"@type":["Person","Organization"],"@id":"https:\/\/www.gastonballiot.fr\/#\/schema\/person\/244a5e02696abd8a65c5b1bebdb948ca","name":"gb","image":{"@type":"ImageObject","inLanguage":"fr-FR","@id":"https:\/\/i0.wp.com\/www.gastonballiot.fr\/wp-content\/uploads\/2017\/04\/cropped-Marianne-drapeau-rouge.gif?fit=512%2C512&ssl=1","url":"https:\/\/i0.wp.com\/www.gastonballiot.fr\/wp-content\/uploads\/2017\/04\/cropped-Marianne-drapeau-rouge.gif?fit=512%2C512&ssl=1","contentUrl":"https:\/\/i0.wp.com\/www.gastonballiot.fr\/wp-content\/uploads\/2017\/04\/cropped-Marianne-drapeau-rouge.gif?fit=512%2C512&ssl=1","width":512,"height":512,"caption":"gb"},"logo":{"@id":"https:\/\/i0.wp.com\/www.gastonballiot.fr\/wp-content\/uploads\/2017\/04\/cropped-Marianne-drapeau-rouge.gif?fit=512%2C512&ssl=1"},"description":"Gaston Balliot, militant du Front de Gauche en pays bigouden - Pont L'Abb\u00e9 - Loctudy - Guilvinec - Penmarc'h - Ile Tudy - Combrit Ste Marine - Tr\u00e9meoc - Plon\u00e9our, p\u00eache tourisme","sameAs":["https:\/\/www.facebook.com\/gaston.balliot\/"]}]}},"jetpack_featured_media_url":"https:\/\/i0.wp.com\/www.gastonballiot.fr\/wp-content\/uploads\/2025\/06\/Racket.jpg?fit=524%2C357&ssl=1","jetpack_shortlink":"https:\/\/wp.me\/p5UTaD-3Gk","jetpack-related-posts":[],"jetpack_likes_enabled":true,"jetpack_sharing_enabled":true,"_links":{"self":[{"href":"https:\/\/www.gastonballiot.fr\/index.php?rest_route=\/wp\/v2\/posts\/14156","targetHints":{"allow":["GET"]}}],"collection":[{"href":"https:\/\/www.gastonballiot.fr\/index.php?rest_route=\/wp\/v2\/posts"}],"about":[{"href":"https:\/\/www.gastonballiot.fr\/index.php?rest_route=\/wp\/v2\/types\/post"}],"author":[{"embeddable":true,"href":"https:\/\/www.gastonballiot.fr\/index.php?rest_route=\/wp\/v2\/users\/1"}],"replies":[{"embeddable":true,"href":"https:\/\/www.gastonballiot.fr\/index.php?rest_route=%2Fwp%2Fv2%2Fcomments&post=14156"}],"version-history":[{"count":16,"href":"https:\/\/www.gastonballiot.fr\/index.php?rest_route=\/wp\/v2\/posts\/14156\/revisions"}],"predecessor-version":[{"id":14296,"href":"https:\/\/www.gastonballiot.fr\/index.php?rest_route=\/wp\/v2\/posts\/14156\/revisions\/14296"}],"wp:featuredmedia":[{"embeddable":true,"href":"https:\/\/www.gastonballiot.fr\/index.php?rest_route=\/wp\/v2\/media\/14180"}],"wp:attachment":[{"href":"https:\/\/www.gastonballiot.fr\/index.php?rest_route=%2Fwp%2Fv2%2Fmedia&parent=14156"}],"wp:term":[{"taxonomy":"category","embeddable":true,"href":"https:\/\/www.gastonballiot.fr\/index.php?rest_route=%2Fwp%2Fv2%2Fcategories&post=14156"},{"taxonomy":"post_tag","embeddable":true,"href":"https:\/\/www.gastonballiot.fr\/index.php?rest_route=%2Fwp%2Fv2%2Ftags&post=14156"}],"curies":[{"name":"wp","href":"https:\/\/api.w.org\/{rel}","templated":true}]}}