{"id":14211,"date":"2025-06-06T09:44:55","date_gmt":"2025-06-06T07:44:55","guid":{"rendered":"https:\/\/www.gastonballiot.fr\/?p=14211"},"modified":"2025-06-06T16:58:29","modified_gmt":"2025-06-06T14:58:29","slug":"abrogeons-la-reforme-des-retraites-imposee-brutalement-contre-lavis-de-tous","status":"publish","type":"post","link":"https:\/\/www.gastonballiot.fr\/?p=14211","title":{"rendered":"Abrogeons la r\u00e9forme des retraites impos\u00e9e brutalement contre l&rsquo;avis de tous"},"content":{"rendered":"<p><a href=\"https:\/\/i0.wp.com\/www.gastonballiot.fr\/wp-content\/uploads\/2025\/06\/Victoire.jpg?ssl=1\"><img data-recalc-dims=\"1\" loading=\"lazy\" decoding=\"async\" data-attachment-id=\"14224\" data-permalink=\"https:\/\/www.gastonballiot.fr\/?attachment_id=14224#main\" data-orig-file=\"https:\/\/i0.wp.com\/www.gastonballiot.fr\/wp-content\/uploads\/2025\/06\/Victoire.jpg?fit=1080%2C1350&amp;ssl=1\" data-orig-size=\"1080,1350\" data-comments-opened=\"0\" data-image-meta=\"{&quot;aperture&quot;:&quot;0&quot;,&quot;credit&quot;:&quot;&quot;,&quot;camera&quot;:&quot;&quot;,&quot;caption&quot;:&quot;&quot;,&quot;created_timestamp&quot;:&quot;0&quot;,&quot;copyright&quot;:&quot;&quot;,&quot;focal_length&quot;:&quot;0&quot;,&quot;iso&quot;:&quot;0&quot;,&quot;shutter_speed&quot;:&quot;0&quot;,&quot;title&quot;:&quot;&quot;,&quot;orientation&quot;:&quot;0&quot;}\" data-image-title=\"Victoire\" data-image-description=\"\" data-image-caption=\"\" data-medium-file=\"https:\/\/i0.wp.com\/www.gastonballiot.fr\/wp-content\/uploads\/2025\/06\/Victoire.jpg?fit=240%2C300&amp;ssl=1\" data-large-file=\"https:\/\/i0.wp.com\/www.gastonballiot.fr\/wp-content\/uploads\/2025\/06\/Victoire.jpg?fit=819%2C1024&amp;ssl=1\" class=\"alignleft wp-image-14224 size-medium\" src=\"https:\/\/i0.wp.com\/www.gastonballiot.fr\/wp-content\/uploads\/2025\/06\/Victoire.jpg?resize=240%2C300&#038;ssl=1\" alt=\"\" width=\"240\" height=\"300\" srcset=\"https:\/\/i0.wp.com\/www.gastonballiot.fr\/wp-content\/uploads\/2025\/06\/Victoire.jpg?resize=240%2C300&amp;ssl=1 240w, https:\/\/i0.wp.com\/www.gastonballiot.fr\/wp-content\/uploads\/2025\/06\/Victoire.jpg?resize=819%2C1024&amp;ssl=1 819w, https:\/\/i0.wp.com\/www.gastonballiot.fr\/wp-content\/uploads\/2025\/06\/Victoire.jpg?resize=768%2C960&amp;ssl=1 768w, https:\/\/i0.wp.com\/www.gastonballiot.fr\/wp-content\/uploads\/2025\/06\/Victoire.jpg?w=1080&amp;ssl=1 1080w\" sizes=\"auto, (max-width: 240px) 100vw, 240px\" \/><\/a>Nous avons gagn\u00e9 !<\/p>\n<p>Ce 5 juin, Les d\u00e9put\u00e9\u00b7es communistes ont profit\u00e9 de leur niche parlementaire pour mettre au vote une r\u00e9solution pour l\u2019abrogation de la r\u00e9forme des retraites Borne\/Macron.<\/p>\n<p>R\u00e9sultat : \u00e0 la majorit\u00e9 des voix, le POUR l&rsquo;a emport\u00e9.<\/p>\n<p>Le gouvernement doit entendre la repr\u00e9sentation nationale et abroger sans attendre. Sinon, le peuple qui s&rsquo;est largement mobilis\u00e9 en 2023 et dont 78% des actif\u00b7ves rejettent cette r\u00e9forme devra pouvoir voter par r\u00e9f\u00e9rendum.<\/p>\n<p>Alors, merci aux d\u00e9put\u00e9\u00b7es, aux forces syndicales et associatives qui n&rsquo;ont rien l\u00e2ch\u00e9 !<\/p>\n<p>Et maintenant ?<br \/>\n&nbsp;<br \/>\nMaintenant on continue tant que l&rsquo;abrogation n&rsquo;est pas effective.<\/p>\n<p>&nbsp;<\/p>\n<div>\n<div class=\"nb-tmce-btn nb-btn\" contenteditable=\"false\">\n<table border=\"0\" cellspacing=\"0\" cellpadding=\"0\">\n<tbody>\n<tr>\n<td align=\"center\" valign=\"middle\"><a href=\"https:\/\/www.pcf.fr\/petition_retraite?e=cac4ae606f7185bf226647d613f6b9c0&amp;utm_source=pcf&amp;utm_medium=email&amp;utm_campaign=victoire_retraite_3&amp;n=3\" target=\"_blank\" rel=\"noopener\">Je signe \/ Je fais signer la p\u00e9tition<\/a><\/td>\n<\/tr>\n<\/tbody>\n<\/table>\n<\/div>\n<\/div>\n<div>&nbsp;<\/div>\n<p>&nbsp;<\/p>\n<hr>\n<h4 style=\"text-align: left;\">Retraites \u00e0 64 ans : l\u2019Assembl\u00e9e nationale rejette (symboliquement) la r\u00e9forme Borne<br \/>\nLes d\u00e9put\u00e9s se sont prononc\u00e9s contre la r\u00e9forme des retraites Macron-Borne. \u00c0 l\u2019occasion d\u2019une r\u00e9solution non contraignante port\u00e9e par les communistes, la gauche obtient une \u00ab&nbsp;premi\u00e8re victoire&nbsp;\u00bb en mettant ainsi en minorit\u00e9 les tenants de la retraite \u00e0 64&nbsp;ans.<br \/>\n&nbsp;<br \/>\nPubli\u00e9 le 5 juin 2025 Emilio Meslet dans l&rsquo;Humanit\u00e9<br \/>\n&nbsp;<\/h4>\n<p>La r\u00e9solution non contraignante, port\u00e9e par le d\u00e9put\u00e9 PCF et pr\u00e9sident du groupe GDR St\u00e9phane Peu, a trouv\u00e9 l\u2019assentiment de 198 voix contre 35.<\/p>\n<p>Une gifle, une claque, un d\u00e9saveu\u2026 La langue fran\u00e7aise offre de nombreuses possibilit\u00e9s pour qualifier le vote de l\u2019Assembl\u00e9e nationale, lors de la niche du groupe GDR o\u00f9 si\u00e8gent les communistes, ce jeudi 5&nbsp;juin. C\u2019est tr\u00e8s clairement une avanie que vient de subir le camp pr\u00e9sidentiel. Apr\u00e8s deux ans de d\u00e9ni d\u00e9mocratique, les d\u00e9put\u00e9s ont enfin pu se prononcer sur la r\u00e9forme des retraites de 2023, d\u00e9j\u00e0 largement rejet\u00e9e par les Fran\u00e7ais. Dans un h\u00e9micycle d\u00e9sert\u00e9 pas les macronistes certains d\u2019\u00eatre battus, la repr\u00e9sentation nationale s\u2019est prononc\u00e9e pour l\u2019abrogation du report de l\u2019\u00e2ge l\u00e9gal de d\u00e9part \u00e0 64&nbsp;ans.<\/p>\n<p>La r\u00e9solution non contraignante, port\u00e9e par le d\u00e9put\u00e9 PCF et pr\u00e9sident du groupe GDR St\u00e9phane Peu, a trouv\u00e9 l\u2019assentiment de 198 voix contre 35. L\u2019Assembl\u00e9e nationale reconna\u00eet ainsi \u00ab&nbsp;l\u2019imp\u00e9rieuse n\u00e9cessit\u00e9&nbsp;\u00bb de surseoir \u00e0 la r\u00e9forme, adopt\u00e9e par 49.3 et qu\u2019elle n\u2019a donc jamais vot\u00e9.<\/p>\n<p style=\"text-align: left;\"><strong>Et maintenant, un r\u00e9f\u00e9rendum&nbsp;?<\/strong><br \/>\n\u00ab&nbsp;Son \u00e9laboration et sa mise en \u0153uvre n\u2019ont respect\u00e9 aucune des r\u00e8gles les plus \u00e9l\u00e9mentaires de la d\u00e9mocratie sociale et du parlementarisme&nbsp;\u00bb, a tanc\u00e9 le chef de file communiste. Il a pourfendu une \u00ab&nbsp;r\u00e9forme brutale et injuste&nbsp;\u00bb, un \u00ab&nbsp;imp\u00f4t sur la vie&nbsp;\u00bb. Soutenus par l\u2019ensemble des groupes de gauche, les communistes ont donc r\u00e9ussi leur pari&nbsp;: sanctionner le gouvernement, comme le pr\u00e9sident de la R\u00e9publique.<\/p>\n<hr>\n<h1>Le combat continue pour l&rsquo;abrogation de la r\u00e9forme des retraites, par la CGT<\/h1>\n<p><em><strong>Apr\u00e8s plus de deux ans d\u2019un mouvement de contestation qui n\u2019a jamais cess\u00e9, ce jeudi 5 juin 2025 a enfin permis que la repr\u00e9sentation nationale se prononce en faveur de l\u2019abrogation de la r\u00e9forme des retraites port\u00e9e par Macron et le Medef.<\/strong><\/em><\/p>\n<p>&nbsp;<\/p>\n<p>Une r\u00e9solution en ce sens a en effet \u00e9t\u00e9 vot\u00e9e \u00e0 une large majorit\u00e9 des d\u00e9put\u00e9.es pr\u00e9sent.es. <strong>Ce vote est le reflet de la volont\u00e9 de l\u2019\u00e9crasante majorit\u00e9 de la population, en particulier des travailleuses et travailleurs qui refusent de sacrifier deux ans suppl\u00e9mentaires de retraite.<\/strong><\/p>\n<p>&nbsp;<\/p>\n<p>La gauche a largement mobilis\u00e9 pour enfin avoir un vote, toujours refus\u00e9 par les diff\u00e9rents gouvernements Macron. <strong>Toutes les droites, se sachant battues d\u2019avance, ont brill\u00e9 par leurs absences.<\/strong> <strong>Elles ont une fois de plus ressorti les m\u00eames arguments budg\u00e9taires \u00e9cul\u00e9s, alors que leur s\u00e9rieux sur le sujet n\u2019existe plus que dans leurs esprits. <\/strong><\/p>\n<p>&nbsp;<\/p>\n<p>Leur nouveau totem est la capitalisation, qui consiste \u00e0 jouer au poker avec nos retraites, en accroissant encore les in\u00e9galit\u00e9s. <strong>Le RN a quant \u00e0 lui tenu un odieux discours x\u00e9nophobe et sa faible pr\u00e9sence a une fois encore d\u00e9montr\u00e9 ses h\u00e9sitations sur les retraites sous la pression du patronat.<\/strong><\/p>\n<p>&nbsp;<\/p>\n<p><strong>La d\u00e9faite politique inflig\u00e9e aujourd\u2019hui au gouvernement dans l\u2019h\u00e9micycle de l\u2019Assembl\u00e9e est le fruit de la bataille sociale engag\u00e9e d\u00e9but 2023 et poursuivie jusqu\u2019\u00e0 aujourd\u2019hui.<\/strong><\/p>\n<p>&nbsp;<\/p>\n<p><strong>Dans plus de 160 rassemblements et manifestations organis\u00e9s ce jour \u00e0 l\u2019appel notamment de la CGT, ce sont plusieurs dizaines de milliers de salari\u00e9.es, jeunes, priv\u00e9.es d\u2019emploi et retrait\u00e9.es qui ont continu\u00e9 d\u2019exiger l\u2019abrogation de la r\u00e9forme de 2023 et de faire le lien avec leurs revendications pour l\u2019emploi, les salaires, l\u2019industrie, les services publics&#8230;<\/strong><\/p>\n<p>&nbsp;<\/p>\n<p>Le vote d\u2019aujourd\u2019hui est donc une victoire politique du mouvement social. Des solutions<br \/>\nexistent pour financer l\u2019abrogation, assurer l\u2019\u00e9quilibre et reconqu\u00e9rir la retraite \u00e0 60 ans avec d\u00e9part anticip\u00e9 pour p\u00e9nibilit\u00e9. Elles passent en particulier par l\u2019augmentation des salaires, l\u2019\u00e9galit\u00e9 salariale femmes hommes, et donc par la r\u00e9appropriation des richesses cr\u00e9\u00e9es par le travail et capt\u00e9es par le capital.<\/p>\n<p>&nbsp;<\/p>\n<p>Cette journ\u00e9e constitue une \u00e9tape suppl\u00e9mentaire du plan d\u2019action pour nos droits et contre le plan d\u2019aust\u00e9rit\u00e9 \u00e0 40 milliards \u20ac, sauf pour les riches, annonc\u00e9 par le gouvernement.<\/p>\n<p>&nbsp;<\/p>\n<p><strong>La page de la r\u00e9forme Macron\/Medef des retraites n\u2019est d\u00e9cid\u00e9ment pas tourn\u00e9e et la CGT poursuivra la bataille pour son abrogation et le retour \u00e0 la retraite \u00e0 60 ans ! Pr\u00e9parons une rentr\u00e9e sociale offensive !<\/strong><\/p>\n<p>&nbsp;<\/p>\n<p><strong>La CGT le 5 juin 2025<\/strong><\/p>\n","protected":false},"excerpt":{"rendered":"<p>Nous avons gagn\u00e9 ! Ce 5 juin, Les d\u00e9put\u00e9\u00b7es communistes ont profit\u00e9 de leur niche parlementaire pour mettre au vote une r\u00e9solution pour l\u2019abrogation de la r\u00e9forme des retraites Borne\/Macron. R\u00e9sultat : \u00e0 la majorit\u00e9 des voix, le POUR l&rsquo;a emport\u00e9. Le gouvernement doit entendre la repr\u00e9sentation nationale et abroger sans attendre. Sinon, le peuple qui s&rsquo;est largement mobilis\u00e9 en 2023 et dont 78% des actif\u00b7ves rejettent cette r\u00e9forme devra pouvoir voter par r\u00e9f\u00e9rendum. Alors, merci aux d\u00e9put\u00e9\u00b7es, aux forces syndicales &#8230; <a title=\"Abrogeons la r\u00e9forme des retraites impos\u00e9e brutalement contre l&rsquo;avis de tous\" class=\"read-more\" href=\"https:\/\/www.gastonballiot.fr\/?p=14211\" aria-label=\"Plus sur Abrogeons la r\u00e9forme des retraites impos\u00e9e brutalement contre l&rsquo;avis de tous\">Lire la suite&#8230;<\/a><\/p>\n","protected":false},"author":1,"featured_media":0,"comment_status":"closed","ping_status":"closed","sticky":false,"template":"","format":"standard","meta":{"ngg_post_thumbnail":0,"jetpack_post_was_ever_published":false,"_jetpack_newsletter_access":"","_jetpack_dont_email_post_to_subs":false,"_jetpack_newsletter_tier_id":0,"_jetpack_memberships_contains_paywalled_content":false,"_jetpack_memberships_contains_paid_content":false,"footnotes":"","jetpack_publicize_message":"","jetpack_publicize_feature_enabled":true,"jetpack_social_post_already_shared":true,"jetpack_social_options":{"image_generator_settings":{"template":"highway","enabled":false},"version":2}},"categories":[2,5,20,16],"tags":[327,465],"class_list":["post-14211","post","type-post","status-publish","format-standard","hentry","category-a-la-une","category-democratie","category-retraites","category-social","tag-pcf","tag-retraite","infinite-scroll-item","masonry-post","generate-columns","tablet-grid-50","mobile-grid-100","grid-parent","grid-33"],"jetpack_publicize_connections":[],"yoast_head":"<!-- This site is optimized with the Yoast SEO plugin v27.5 - https:\/\/yoast.com\/product\/yoast-seo-wordpress\/ -->\n<title>Abrogeons la r\u00e9forme des retraites impos\u00e9e brutalement contre l&#039;avis de tous - Le blog politique de Gaston<\/title>\n<meta name=\"robots\" content=\"index, follow, max-snippet:-1, max-image-preview:large, max-video-preview:-1\" \/>\n<link rel=\"canonical\" href=\"https:\/\/www.gastonballiot.fr\/?p=14211\" \/>\n<meta property=\"og:locale\" content=\"fr_FR\" \/>\n<meta property=\"og:type\" content=\"article\" \/>\n<meta property=\"og:title\" content=\"Abrogeons la r\u00e9forme des retraites impos\u00e9e brutalement contre l&#039;avis de tous - Le blog politique de Gaston\" \/>\n<meta property=\"og:description\" content=\"Nous avons gagn\u00e9 ! Ce 5 juin, Les d\u00e9put\u00e9\u00b7es communistes ont profit\u00e9 de leur niche parlementaire pour mettre au vote une r\u00e9solution pour l\u2019abrogation de la r\u00e9forme des retraites Borne\/Macron. R\u00e9sultat : \u00e0 la majorit\u00e9 des voix, le POUR l&rsquo;a emport\u00e9. Le gouvernement doit entendre la repr\u00e9sentation nationale et abroger sans attendre. Sinon, le peuple qui s&rsquo;est largement mobilis\u00e9 en 2023 et dont 78% des actif\u00b7ves rejettent cette r\u00e9forme devra pouvoir voter par r\u00e9f\u00e9rendum. Alors, merci aux d\u00e9put\u00e9\u00b7es, aux forces syndicales ... Lire la suite...\" \/>\n<meta property=\"og:url\" content=\"https:\/\/www.gastonballiot.fr\/?p=14211\" \/>\n<meta property=\"og:site_name\" content=\"Le blog politique de Gaston\" \/>\n<meta property=\"article:publisher\" content=\"https:\/\/www.facebook.com\/gaston.balliot\/\" \/>\n<meta property=\"article:author\" content=\"https:\/\/www.facebook.com\/gaston.balliot\/\" \/>\n<meta property=\"article:published_time\" content=\"2025-06-06T07:44:55+00:00\" \/>\n<meta property=\"article:modified_time\" content=\"2025-06-06T14:58:29+00:00\" \/>\n<meta property=\"og:image\" content=\"https:\/\/www.gastonballiot.fr\/wp-content\/uploads\/2025\/06\/Victoire-240x300.jpg\" \/>\n<meta name=\"author\" content=\"gb\" \/>\n<meta name=\"twitter:card\" content=\"summary_large_image\" \/>\n<meta name=\"twitter:label1\" content=\"\u00c9crit par\" \/>\n\t<meta name=\"twitter:data1\" content=\"gb\" \/>\n\t<meta name=\"twitter:label2\" content=\"Dur\u00e9e de lecture estim\u00e9e\" \/>\n\t<meta name=\"twitter:data2\" content=\"5 minutes\" \/>\n<script type=\"application\/ld+json\" class=\"yoast-schema-graph\">{\"@context\":\"https:\\\/\\\/schema.org\",\"@graph\":[{\"@type\":\"Article\",\"@id\":\"https:\\\/\\\/www.gastonballiot.fr\\\/?p=14211#article\",\"isPartOf\":{\"@id\":\"https:\\\/\\\/www.gastonballiot.fr\\\/?p=14211\"},\"author\":{\"name\":\"gb\",\"@id\":\"https:\\\/\\\/www.gastonballiot.fr\\\/#\\\/schema\\\/person\\\/244a5e02696abd8a65c5b1bebdb948ca\"},\"headline\":\"Abrogeons la r\u00e9forme des retraites impos\u00e9e brutalement contre l&rsquo;avis de tous\",\"datePublished\":\"2025-06-06T07:44:55+00:00\",\"dateModified\":\"2025-06-06T14:58:29+00:00\",\"mainEntityOfPage\":{\"@id\":\"https:\\\/\\\/www.gastonballiot.fr\\\/?p=14211\"},\"wordCount\":990,\"publisher\":{\"@id\":\"https:\\\/\\\/www.gastonballiot.fr\\\/#\\\/schema\\\/person\\\/244a5e02696abd8a65c5b1bebdb948ca\"},\"image\":{\"@id\":\"https:\\\/\\\/www.gastonballiot.fr\\\/?p=14211#primaryimage\"},\"thumbnailUrl\":\"https:\\\/\\\/www.gastonballiot.fr\\\/wp-content\\\/uploads\\\/2025\\\/06\\\/Victoire-240x300.jpg\",\"keywords\":[\"PCF\",\"Retraite\"],\"articleSection\":[\"A la une\",\"D\u00e9mocratie\",\"Retraites\",\"Social\"],\"inLanguage\":\"fr-FR\"},{\"@type\":\"WebPage\",\"@id\":\"https:\\\/\\\/www.gastonballiot.fr\\\/?p=14211\",\"url\":\"https:\\\/\\\/www.gastonballiot.fr\\\/?p=14211\",\"name\":\"Abrogeons la r\u00e9forme des retraites impos\u00e9e brutalement contre l'avis de tous - Le blog politique de Gaston\",\"isPartOf\":{\"@id\":\"https:\\\/\\\/www.gastonballiot.fr\\\/#website\"},\"primaryImageOfPage\":{\"@id\":\"https:\\\/\\\/www.gastonballiot.fr\\\/?p=14211#primaryimage\"},\"image\":{\"@id\":\"https:\\\/\\\/www.gastonballiot.fr\\\/?p=14211#primaryimage\"},\"thumbnailUrl\":\"https:\\\/\\\/www.gastonballiot.fr\\\/wp-content\\\/uploads\\\/2025\\\/06\\\/Victoire-240x300.jpg\",\"datePublished\":\"2025-06-06T07:44:55+00:00\",\"dateModified\":\"2025-06-06T14:58:29+00:00\",\"breadcrumb\":{\"@id\":\"https:\\\/\\\/www.gastonballiot.fr\\\/?p=14211#breadcrumb\"},\"inLanguage\":\"fr-FR\",\"potentialAction\":[{\"@type\":\"ReadAction\",\"target\":[\"https:\\\/\\\/www.gastonballiot.fr\\\/?p=14211\"]}]},{\"@type\":\"ImageObject\",\"inLanguage\":\"fr-FR\",\"@id\":\"https:\\\/\\\/www.gastonballiot.fr\\\/?p=14211#primaryimage\",\"url\":\"https:\\\/\\\/i0.wp.com\\\/www.gastonballiot.fr\\\/wp-content\\\/uploads\\\/2025\\\/06\\\/Victoire.jpg?fit=1080%2C1350&ssl=1\",\"contentUrl\":\"https:\\\/\\\/i0.wp.com\\\/www.gastonballiot.fr\\\/wp-content\\\/uploads\\\/2025\\\/06\\\/Victoire.jpg?fit=1080%2C1350&ssl=1\",\"width\":1080,\"height\":1350},{\"@type\":\"BreadcrumbList\",\"@id\":\"https:\\\/\\\/www.gastonballiot.fr\\\/?p=14211#breadcrumb\",\"itemListElement\":[{\"@type\":\"ListItem\",\"position\":1,\"name\":\"Accueil\",\"item\":\"https:\\\/\\\/www.gastonballiot.fr\\\/\"},{\"@type\":\"ListItem\",\"position\":2,\"name\":\"Abrogeons la r\u00e9forme des retraites impos\u00e9e brutalement contre l&rsquo;avis de tous\"}]},{\"@type\":\"WebSite\",\"@id\":\"https:\\\/\\\/www.gastonballiot.fr\\\/#website\",\"url\":\"https:\\\/\\\/www.gastonballiot.fr\\\/\",\"name\":\"Le blog politique de Gaston\",\"description\":\"L&#039;humain d&#039;abord, pas la finance !\",\"publisher\":{\"@id\":\"https:\\\/\\\/www.gastonballiot.fr\\\/#\\\/schema\\\/person\\\/244a5e02696abd8a65c5b1bebdb948ca\"},\"potentialAction\":[{\"@type\":\"SearchAction\",\"target\":{\"@type\":\"EntryPoint\",\"urlTemplate\":\"https:\\\/\\\/www.gastonballiot.fr\\\/?s={search_term_string}\"},\"query-input\":{\"@type\":\"PropertyValueSpecification\",\"valueRequired\":true,\"valueName\":\"search_term_string\"}}],\"inLanguage\":\"fr-FR\"},{\"@type\":[\"Person\",\"Organization\"],\"@id\":\"https:\\\/\\\/www.gastonballiot.fr\\\/#\\\/schema\\\/person\\\/244a5e02696abd8a65c5b1bebdb948ca\",\"name\":\"gb\",\"image\":{\"@type\":\"ImageObject\",\"inLanguage\":\"fr-FR\",\"@id\":\"https:\\\/\\\/i0.wp.com\\\/www.gastonballiot.fr\\\/wp-content\\\/uploads\\\/2017\\\/04\\\/cropped-Marianne-drapeau-rouge.gif?fit=512%2C512&ssl=1\",\"url\":\"https:\\\/\\\/i0.wp.com\\\/www.gastonballiot.fr\\\/wp-content\\\/uploads\\\/2017\\\/04\\\/cropped-Marianne-drapeau-rouge.gif?fit=512%2C512&ssl=1\",\"contentUrl\":\"https:\\\/\\\/i0.wp.com\\\/www.gastonballiot.fr\\\/wp-content\\\/uploads\\\/2017\\\/04\\\/cropped-Marianne-drapeau-rouge.gif?fit=512%2C512&ssl=1\",\"width\":512,\"height\":512,\"caption\":\"gb\"},\"logo\":{\"@id\":\"https:\\\/\\\/i0.wp.com\\\/www.gastonballiot.fr\\\/wp-content\\\/uploads\\\/2017\\\/04\\\/cropped-Marianne-drapeau-rouge.gif?fit=512%2C512&ssl=1\"},\"description\":\"Gaston Balliot, militant du Front de Gauche en pays bigouden - Pont L'Abb\u00e9 - Loctudy - Guilvinec - Penmarc'h - Ile Tudy - Combrit Ste Marine - Tr\u00e9meoc - Plon\u00e9our, p\u00eache tourisme\",\"sameAs\":[\"https:\\\/\\\/www.facebook.com\\\/gaston.balliot\\\/\"]}]}<\/script>\n<!-- \/ Yoast SEO plugin. -->","yoast_head_json":{"title":"Abrogeons la r\u00e9forme des retraites impos\u00e9e brutalement contre l'avis de tous - Le blog politique de Gaston","robots":{"index":"index","follow":"follow","max-snippet":"max-snippet:-1","max-image-preview":"max-image-preview:large","max-video-preview":"max-video-preview:-1"},"canonical":"https:\/\/www.gastonballiot.fr\/?p=14211","og_locale":"fr_FR","og_type":"article","og_title":"Abrogeons la r\u00e9forme des retraites impos\u00e9e brutalement contre l'avis de tous - Le blog politique de Gaston","og_description":"Nous avons gagn\u00e9 ! Ce 5 juin, Les d\u00e9put\u00e9\u00b7es communistes ont profit\u00e9 de leur niche parlementaire pour mettre au vote une r\u00e9solution pour l\u2019abrogation de la r\u00e9forme des retraites Borne\/Macron. R\u00e9sultat : \u00e0 la majorit\u00e9 des voix, le POUR l&rsquo;a emport\u00e9. Le gouvernement doit entendre la repr\u00e9sentation nationale et abroger sans attendre. Sinon, le peuple qui s&rsquo;est largement mobilis\u00e9 en 2023 et dont 78% des actif\u00b7ves rejettent cette r\u00e9forme devra pouvoir voter par r\u00e9f\u00e9rendum. Alors, merci aux d\u00e9put\u00e9\u00b7es, aux forces syndicales ... Lire la suite...","og_url":"https:\/\/www.gastonballiot.fr\/?p=14211","og_site_name":"Le blog politique de Gaston","article_publisher":"https:\/\/www.facebook.com\/gaston.balliot\/","article_author":"https:\/\/www.facebook.com\/gaston.balliot\/","article_published_time":"2025-06-06T07:44:55+00:00","article_modified_time":"2025-06-06T14:58:29+00:00","og_image":[{"url":"https:\/\/www.gastonballiot.fr\/wp-content\/uploads\/2025\/06\/Victoire-240x300.jpg","type":"","width":"","height":""}],"author":"gb","twitter_card":"summary_large_image","twitter_misc":{"\u00c9crit par":"gb","Dur\u00e9e de lecture estim\u00e9e":"5 minutes"},"schema":{"@context":"https:\/\/schema.org","@graph":[{"@type":"Article","@id":"https:\/\/www.gastonballiot.fr\/?p=14211#article","isPartOf":{"@id":"https:\/\/www.gastonballiot.fr\/?p=14211"},"author":{"name":"gb","@id":"https:\/\/www.gastonballiot.fr\/#\/schema\/person\/244a5e02696abd8a65c5b1bebdb948ca"},"headline":"Abrogeons la r\u00e9forme des retraites impos\u00e9e brutalement contre l&rsquo;avis de tous","datePublished":"2025-06-06T07:44:55+00:00","dateModified":"2025-06-06T14:58:29+00:00","mainEntityOfPage":{"@id":"https:\/\/www.gastonballiot.fr\/?p=14211"},"wordCount":990,"publisher":{"@id":"https:\/\/www.gastonballiot.fr\/#\/schema\/person\/244a5e02696abd8a65c5b1bebdb948ca"},"image":{"@id":"https:\/\/www.gastonballiot.fr\/?p=14211#primaryimage"},"thumbnailUrl":"https:\/\/www.gastonballiot.fr\/wp-content\/uploads\/2025\/06\/Victoire-240x300.jpg","keywords":["PCF","Retraite"],"articleSection":["A la une","D\u00e9mocratie","Retraites","Social"],"inLanguage":"fr-FR"},{"@type":"WebPage","@id":"https:\/\/www.gastonballiot.fr\/?p=14211","url":"https:\/\/www.gastonballiot.fr\/?p=14211","name":"Abrogeons la r\u00e9forme des retraites impos\u00e9e brutalement contre l'avis de tous - Le blog politique de Gaston","isPartOf":{"@id":"https:\/\/www.gastonballiot.fr\/#website"},"primaryImageOfPage":{"@id":"https:\/\/www.gastonballiot.fr\/?p=14211#primaryimage"},"image":{"@id":"https:\/\/www.gastonballiot.fr\/?p=14211#primaryimage"},"thumbnailUrl":"https:\/\/www.gastonballiot.fr\/wp-content\/uploads\/2025\/06\/Victoire-240x300.jpg","datePublished":"2025-06-06T07:44:55+00:00","dateModified":"2025-06-06T14:58:29+00:00","breadcrumb":{"@id":"https:\/\/www.gastonballiot.fr\/?p=14211#breadcrumb"},"inLanguage":"fr-FR","potentialAction":[{"@type":"ReadAction","target":["https:\/\/www.gastonballiot.fr\/?p=14211"]}]},{"@type":"ImageObject","inLanguage":"fr-FR","@id":"https:\/\/www.gastonballiot.fr\/?p=14211#primaryimage","url":"https:\/\/i0.wp.com\/www.gastonballiot.fr\/wp-content\/uploads\/2025\/06\/Victoire.jpg?fit=1080%2C1350&ssl=1","contentUrl":"https:\/\/i0.wp.com\/www.gastonballiot.fr\/wp-content\/uploads\/2025\/06\/Victoire.jpg?fit=1080%2C1350&ssl=1","width":1080,"height":1350},{"@type":"BreadcrumbList","@id":"https:\/\/www.gastonballiot.fr\/?p=14211#breadcrumb","itemListElement":[{"@type":"ListItem","position":1,"name":"Accueil","item":"https:\/\/www.gastonballiot.fr\/"},{"@type":"ListItem","position":2,"name":"Abrogeons la r\u00e9forme des retraites impos\u00e9e brutalement contre l&rsquo;avis de tous"}]},{"@type":"WebSite","@id":"https:\/\/www.gastonballiot.fr\/#website","url":"https:\/\/www.gastonballiot.fr\/","name":"Le blog politique de Gaston","description":"L&#039;humain d&#039;abord, pas la finance !","publisher":{"@id":"https:\/\/www.gastonballiot.fr\/#\/schema\/person\/244a5e02696abd8a65c5b1bebdb948ca"},"potentialAction":[{"@type":"SearchAction","target":{"@type":"EntryPoint","urlTemplate":"https:\/\/www.gastonballiot.fr\/?s={search_term_string}"},"query-input":{"@type":"PropertyValueSpecification","valueRequired":true,"valueName":"search_term_string"}}],"inLanguage":"fr-FR"},{"@type":["Person","Organization"],"@id":"https:\/\/www.gastonballiot.fr\/#\/schema\/person\/244a5e02696abd8a65c5b1bebdb948ca","name":"gb","image":{"@type":"ImageObject","inLanguage":"fr-FR","@id":"https:\/\/i0.wp.com\/www.gastonballiot.fr\/wp-content\/uploads\/2017\/04\/cropped-Marianne-drapeau-rouge.gif?fit=512%2C512&ssl=1","url":"https:\/\/i0.wp.com\/www.gastonballiot.fr\/wp-content\/uploads\/2017\/04\/cropped-Marianne-drapeau-rouge.gif?fit=512%2C512&ssl=1","contentUrl":"https:\/\/i0.wp.com\/www.gastonballiot.fr\/wp-content\/uploads\/2017\/04\/cropped-Marianne-drapeau-rouge.gif?fit=512%2C512&ssl=1","width":512,"height":512,"caption":"gb"},"logo":{"@id":"https:\/\/i0.wp.com\/www.gastonballiot.fr\/wp-content\/uploads\/2017\/04\/cropped-Marianne-drapeau-rouge.gif?fit=512%2C512&ssl=1"},"description":"Gaston Balliot, militant du Front de Gauche en pays bigouden - Pont L'Abb\u00e9 - Loctudy - Guilvinec - Penmarc'h - Ile Tudy - Combrit Ste Marine - Tr\u00e9meoc - Plon\u00e9our, p\u00eache tourisme","sameAs":["https:\/\/www.facebook.com\/gaston.balliot\/"]}]}},"jetpack_featured_media_url":"","jetpack_shortlink":"https:\/\/wp.me\/p5UTaD-3Hd","jetpack-related-posts":[],"jetpack_likes_enabled":true,"jetpack_sharing_enabled":true,"_links":{"self":[{"href":"https:\/\/www.gastonballiot.fr\/index.php?rest_route=\/wp\/v2\/posts\/14211","targetHints":{"allow":["GET"]}}],"collection":[{"href":"https:\/\/www.gastonballiot.fr\/index.php?rest_route=\/wp\/v2\/posts"}],"about":[{"href":"https:\/\/www.gastonballiot.fr\/index.php?rest_route=\/wp\/v2\/types\/post"}],"author":[{"embeddable":true,"href":"https:\/\/www.gastonballiot.fr\/index.php?rest_route=\/wp\/v2\/users\/1"}],"replies":[{"embeddable":true,"href":"https:\/\/www.gastonballiot.fr\/index.php?rest_route=%2Fwp%2Fv2%2Fcomments&post=14211"}],"version-history":[{"count":16,"href":"https:\/\/www.gastonballiot.fr\/index.php?rest_route=\/wp\/v2\/posts\/14211\/revisions"}],"predecessor-version":[{"id":14242,"href":"https:\/\/www.gastonballiot.fr\/index.php?rest_route=\/wp\/v2\/posts\/14211\/revisions\/14242"}],"wp:attachment":[{"href":"https:\/\/www.gastonballiot.fr\/index.php?rest_route=%2Fwp%2Fv2%2Fmedia&parent=14211"}],"wp:term":[{"taxonomy":"category","embeddable":true,"href":"https:\/\/www.gastonballiot.fr\/index.php?rest_route=%2Fwp%2Fv2%2Fcategories&post=14211"},{"taxonomy":"post_tag","embeddable":true,"href":"https:\/\/www.gastonballiot.fr\/index.php?rest_route=%2Fwp%2Fv2%2Ftags&post=14211"}],"curies":[{"name":"wp","href":"https:\/\/api.w.org\/{rel}","templated":true}]}}