{"id":14300,"date":"2025-06-16T08:50:44","date_gmt":"2025-06-16T06:50:44","guid":{"rendered":"https:\/\/www.gastonballiot.fr\/?p=14300"},"modified":"2025-06-17T14:56:19","modified_gmt":"2025-06-17T12:56:19","slug":"quand-sur-france-info-on-parle-des-valeurs-occidentales-defendues-par-israel-catherine-tricot-se-fache-et-remet-les-choses-en-place","status":"publish","type":"post","link":"https:\/\/www.gastonballiot.fr\/?p=14300","title":{"rendered":"Quand sur France Info on parle des \u00ab\u00a0valeurs occidentales\u00a0\u00bb d\u00e9fendues par Isra\u00ebl Catherine Tricot se f\u00e2che.et remet les choses en place."},"content":{"rendered":"<h3><a href=\"https:\/\/i0.wp.com\/www.gastonballiot.fr\/wp-content\/uploads\/2025\/06\/Tricot.webp?ssl=1\"><img data-recalc-dims=\"1\" loading=\"lazy\" decoding=\"async\" data-attachment-id=\"14310\" data-permalink=\"https:\/\/www.gastonballiot.fr\/?attachment_id=14310#main\" data-orig-file=\"https:\/\/i0.wp.com\/www.gastonballiot.fr\/wp-content\/uploads\/2025\/06\/Tricot.webp?fit=474%2C474&amp;ssl=1\" data-orig-size=\"474,474\" data-comments-opened=\"0\" data-image-meta=\"{&quot;aperture&quot;:&quot;0&quot;,&quot;credit&quot;:&quot;&quot;,&quot;camera&quot;:&quot;&quot;,&quot;caption&quot;:&quot;&quot;,&quot;created_timestamp&quot;:&quot;0&quot;,&quot;copyright&quot;:&quot;&quot;,&quot;focal_length&quot;:&quot;0&quot;,&quot;iso&quot;:&quot;0&quot;,&quot;shutter_speed&quot;:&quot;0&quot;,&quot;title&quot;:&quot;&quot;,&quot;orientation&quot;:&quot;0&quot;}\" data-image-title=\"Tricot\" data-image-description=\"\" data-image-caption=\"\" data-medium-file=\"https:\/\/i0.wp.com\/www.gastonballiot.fr\/wp-content\/uploads\/2025\/06\/Tricot.webp?fit=300%2C300&amp;ssl=1\" data-large-file=\"https:\/\/i0.wp.com\/www.gastonballiot.fr\/wp-content\/uploads\/2025\/06\/Tricot.webp?fit=474%2C474&amp;ssl=1\" class=\"alignleft wp-image-14310 size-medium\" src=\"https:\/\/i0.wp.com\/www.gastonballiot.fr\/wp-content\/uploads\/2025\/06\/Tricot.webp?resize=300%2C300&#038;ssl=1\" alt=\"\" width=\"300\" height=\"300\" srcset=\"https:\/\/i0.wp.com\/www.gastonballiot.fr\/wp-content\/uploads\/2025\/06\/Tricot.webp?resize=300%2C300&amp;ssl=1 300w, https:\/\/i0.wp.com\/www.gastonballiot.fr\/wp-content\/uploads\/2025\/06\/Tricot.webp?resize=150%2C150&amp;ssl=1 150w, https:\/\/i0.wp.com\/www.gastonballiot.fr\/wp-content\/uploads\/2025\/06\/Tricot.webp?w=474&amp;ssl=1 474w\" sizes=\"auto, (max-width: 300px) 100vw, 300px\" \/><\/a>\u00ab <em>Si Isra\u00ebl d\u00e9fend l\u2019Occident, c\u2019est un tr\u00e8s mauvais d\u00e9fenseur<br \/>\ndes valeurs dites occidentales<\/em> \u00bb<\/h3>\n<blockquote><p>\u00ab On d\u00e9clare qu&rsquo;Isra\u00ebl a le droit de se d\u00e9fendre alors que c&rsquo;est Isra\u00ebl qui attaque et qui se comporte de fa\u00e7on guerri\u00e8re avec tous ses voisins(..) \u00bb<\/p>\n<p>France info- \u00c0 contre courant, Catherine Tricot l\u00e2che une \u00e9locution qui d\u00e9phase tout le plateau.<\/p>\n<p>Grosse prise de position<strong>, \u00e0 voir ici :<\/strong><\/p>\n<h3><a href=\"https:\/\/x.com\/i\/status\/1934016202034024569\" target=\"_blank\" rel=\"noopener\">https:\/\/x.com\/i\/status\/1934016202034024569<\/a><\/h3>\n<p>Extrait ci-dessous :<\/p><\/blockquote>\n<p><iframe loading=\"lazy\" title=\"Iran\/Isra\u00ebl : Catherine Tricot Ne Marche Pas Ses Mots !!!\" src=\"https:\/\/www.youtube.com\/embed\/2u8KOECRJVU\" width=\"1080\" height=\"608\" frameborder=\"0\" allowfullscreen=\"allowfullscreen\"><\/iframe><\/p>\n<p>Une mise au point salutaire et indispensable face \u00e0 la machine m\u00e9diatique mise en place par l&rsquo;id\u00e9ologie r\u00e9actionnaire.<\/p>\n<p style=\"text-align: right;\"><em>* Catherine Tricot est \u00e9ditorialiste, directrice de la revue Regards<\/em><\/p>\n<p>L&rsquo;\u00e9ditorial de Laurent Marchand dans Ouest France du 16 juin 2025<\/p>\n<p style=\"text-align: center;\"><a href=\"https:\/\/i0.wp.com\/www.gastonballiot.fr\/wp-content\/uploads\/2025\/06\/MarchandOuestFrance16juin25.jpg?ssl=1\"><img data-recalc-dims=\"1\" loading=\"lazy\" decoding=\"async\" data-attachment-id=\"14312\" data-permalink=\"https:\/\/www.gastonballiot.fr\/?attachment_id=14312#main\" data-orig-file=\"https:\/\/i0.wp.com\/www.gastonballiot.fr\/wp-content\/uploads\/2025\/06\/MarchandOuestFrance16juin25.jpg?fit=888%2C909&amp;ssl=1\" data-orig-size=\"888,909\" data-comments-opened=\"0\" data-image-meta=\"{&quot;aperture&quot;:&quot;0&quot;,&quot;credit&quot;:&quot;&quot;,&quot;camera&quot;:&quot;&quot;,&quot;caption&quot;:&quot;&quot;,&quot;created_timestamp&quot;:&quot;0&quot;,&quot;copyright&quot;:&quot;&quot;,&quot;focal_length&quot;:&quot;0&quot;,&quot;iso&quot;:&quot;0&quot;,&quot;shutter_speed&quot;:&quot;0&quot;,&quot;title&quot;:&quot;&quot;,&quot;orientation&quot;:&quot;0&quot;}\" data-image-title=\"MarchandOuestFrance16juin25\" data-image-description=\"\" data-image-caption=\"\" data-medium-file=\"https:\/\/i0.wp.com\/www.gastonballiot.fr\/wp-content\/uploads\/2025\/06\/MarchandOuestFrance16juin25.jpg?fit=293%2C300&amp;ssl=1\" data-large-file=\"https:\/\/i0.wp.com\/www.gastonballiot.fr\/wp-content\/uploads\/2025\/06\/MarchandOuestFrance16juin25.jpg?fit=888%2C909&amp;ssl=1\" class=\"aligncenter size-full wp-image-14312\" src=\"https:\/\/i0.wp.com\/www.gastonballiot.fr\/wp-content\/uploads\/2025\/06\/MarchandOuestFrance16juin25.jpg?resize=888%2C909&#038;ssl=1\" alt=\"\" width=\"888\" height=\"909\" srcset=\"https:\/\/i0.wp.com\/www.gastonballiot.fr\/wp-content\/uploads\/2025\/06\/MarchandOuestFrance16juin25.jpg?w=888&amp;ssl=1 888w, https:\/\/i0.wp.com\/www.gastonballiot.fr\/wp-content\/uploads\/2025\/06\/MarchandOuestFrance16juin25.jpg?resize=293%2C300&amp;ssl=1 293w, https:\/\/i0.wp.com\/www.gastonballiot.fr\/wp-content\/uploads\/2025\/06\/MarchandOuestFrance16juin25.jpg?resize=768%2C786&amp;ssl=1 768w\" sizes=\"auto, (max-width: 888px) 100vw, 888px\" \/><\/a><\/p>\n<p>\u00c9DITORIAL. Les sept guerres de Netanyahou<br \/>\nQuarante-six ans apr\u00e8s la r\u00e9volution islamique, jamais le pouvoir iranien n\u2019a \u00e9t\u00e9 si fragilis\u00e9. Les guerres d\u2019Isra\u00ebl (au Liban, \u00e0 Gaza, en Cisjordanie, au Y\u00e9men, contre les milices chiites en Irak, en Syrie et maintenant en Iran) ont, depuis le 7 octobre 2023, redessin\u00e9 les rapports de force dans la r\u00e9gion.<\/p>\n<p>LOuest-France&nbsp;&nbsp;Laurent MARCHAND.<br \/>\nPubli\u00e9 le 16\/06\/2025 \u00e0 06h00&nbsp;&nbsp;<br \/>\n&nbsp;<br \/>\nC\u2019\u00e9tait un d\u00e9sir irr\u00e9fr\u00e9nable et un plan \u00e9labor\u00e9 depuis plus de vingt ans par le Mossad, le puissant service de renseignement isra\u00e9lien. Frapper directement l\u2019Iran et son programme nucl\u00e9aire. Vingt ans de pr\u00e9paration militaire, d\u2019actions de renseignements, de n\u00e9gociation avec Washington. Pour tous les dirigeants isra\u00e9liens, et pas seulement pour le Premier ministre en place, un Iran nucl\u00e9aris\u00e9 est, de longue date, consid\u00e9r\u00e9 comme une menace existentielle. Mais jamais, jusqu\u2019ici, le pas d\u2019une guerre directe n\u2019avait \u00e9t\u00e9 franchi.<\/p>\n<p>&nbsp;<br \/>\nDepuis vendredi, c\u2019est chose faite. Isra\u00ebl et l\u2019Iran sont ouvertement en guerre. Et le palier, c\u2019est Isra\u00ebl qui l\u2019a franchi. En visant non seulement quelques-uns des sites sensibles du programme nucl\u00e9aire iranien, mais en d\u00e9capitant litt\u00e9ralement des figures clefs du r\u00e9gime. Au point que l\u2019objectif du gouvernement isra\u00e9lien est d\u00e9sormais l\u2019effondrement du r\u00e9gime et l\u2019Ayatollah Khamenei est explicitement une cible. La d\u00e9cision hier d\u2019Elon Musk d\u2019activer starlink en Iran va dans le sens d\u2019un soutien am\u00e9ricain \u00e0 une mobilisation de la soci\u00e9t\u00e9 iranienne.&nbsp;<br \/>\nNous voici revenus au th\u00e9or\u00e8me du changement de r\u00e9gime, qui avait accompagn\u00e9 l\u2019invasion am\u00e9ricaine de l\u2019Irak il y a vingt-deux ans. De triste m\u00e9moire. Car la chute de Saddam Hussein en 2003, cens\u00e9e alors ouvrir la voie \u00e0 la d\u00e9mocratie, fut en r\u00e9alit\u00e9 le pr\u00e9lude \u00e0 une d\u00e9stabilisation meurtri\u00e8re de tout le Moyen Orient. Avec l\u2019\u00e9mergence de Daech et l\u2019interminable guerre en Syrie \u00e0 la clef.<\/p>\n<p style=\"text-align: center;\">&#8212;&#8212;&#8212;&#8212;&#8212;&#8212;&#8212;&#8212;&#8212;<a href=\"https:\/\/www.pcf.fr\/bombardements_israeliens_en_iran\"><img data-recalc-dims=\"1\" loading=\"lazy\" decoding=\"async\" data-attachment-id=\"14316\" data-permalink=\"https:\/\/www.gastonballiot.fr\/?attachment_id=14316#main\" data-orig-file=\"https:\/\/i0.wp.com\/www.gastonballiot.fr\/wp-content\/uploads\/2025\/06\/HalteGuerre.jpg?fit=1448%2C2048&amp;ssl=1\" data-orig-size=\"1448,2048\" data-comments-opened=\"0\" data-image-meta=\"{&quot;aperture&quot;:&quot;0&quot;,&quot;credit&quot;:&quot;&quot;,&quot;camera&quot;:&quot;&quot;,&quot;caption&quot;:&quot;&quot;,&quot;created_timestamp&quot;:&quot;0&quot;,&quot;copyright&quot;:&quot;&quot;,&quot;focal_length&quot;:&quot;0&quot;,&quot;iso&quot;:&quot;0&quot;,&quot;shutter_speed&quot;:&quot;0&quot;,&quot;title&quot;:&quot;&quot;,&quot;orientation&quot;:&quot;0&quot;}\" data-image-title=\"HalteGuerre\" data-image-description=\"\" data-image-caption=\"\" data-medium-file=\"https:\/\/i0.wp.com\/www.gastonballiot.fr\/wp-content\/uploads\/2025\/06\/HalteGuerre.jpg?fit=212%2C300&amp;ssl=1\" data-large-file=\"https:\/\/i0.wp.com\/www.gastonballiot.fr\/wp-content\/uploads\/2025\/06\/HalteGuerre.jpg?fit=724%2C1024&amp;ssl=1\" class=\"aligncenter wp-image-14316 size-large\" src=\"https:\/\/i0.wp.com\/www.gastonballiot.fr\/wp-content\/uploads\/2025\/06\/HalteGuerre.jpg?resize=724%2C1024&#038;ssl=1\" alt=\"\" width=\"724\" height=\"1024\" srcset=\"https:\/\/i0.wp.com\/www.gastonballiot.fr\/wp-content\/uploads\/2025\/06\/HalteGuerre.jpg?resize=724%2C1024&amp;ssl=1 724w, https:\/\/i0.wp.com\/www.gastonballiot.fr\/wp-content\/uploads\/2025\/06\/HalteGuerre.jpg?resize=212%2C300&amp;ssl=1 212w, https:\/\/i0.wp.com\/www.gastonballiot.fr\/wp-content\/uploads\/2025\/06\/HalteGuerre.jpg?resize=768%2C1086&amp;ssl=1 768w, https:\/\/i0.wp.com\/www.gastonballiot.fr\/wp-content\/uploads\/2025\/06\/HalteGuerre.jpg?resize=1086%2C1536&amp;ssl=1 1086w, https:\/\/i0.wp.com\/www.gastonballiot.fr\/wp-content\/uploads\/2025\/06\/HalteGuerre.jpg?resize=1320%2C1867&amp;ssl=1 1320w, https:\/\/i0.wp.com\/www.gastonballiot.fr\/wp-content\/uploads\/2025\/06\/HalteGuerre.jpg?w=1448&amp;ssl=1 1448w\" sizes=\"auto, (max-width: 724px) 100vw, 724px\" \/><\/a><\/p>\n<h2><a href=\"https:\/\/fdgpierrebe.over-blog.com\/2025\/06\/les-vraies-raisons-pour-lesquelles-israel-a-declare-la-guerre-a-l-iran.html?utm_source=_ob_email&amp;utm_medium=_ob_notification&amp;utm_campaign=_ob_pushmail\" target=\"_blank\" rel=\"noopener\">Les vraies raisons de l&rsquo;attaque d&rsquo;Isra\u00ebl contre l&rsquo;Iran<\/a><\/h2>\n<hr>\n<hr>\n<h2>Et le G7 entonne le refrain de la \u00ab\u00a0l\u00e9gitime d\u00e9fense\u00a0\u00bb pour l&rsquo;agresseur..<\/h2>\n<table width=\"100%\">\n<tbody>\n<tr>\n<td>Comme un mantra, \u00ab&nbsp;le droit \u00e0 la l\u00e9gitime d\u00e9fense d\u2019Isra\u00ebl&nbsp;\u00bb est revenu en boucle hier parmi les d\u00e9clarations des dirigeants du G7 &#8211; \u00e0 l\u2019exception notable du premier ministre du Japon. Pour les autres, c\u2019est la rh\u00e9torique de Benyamin Netanyahou, entendant conf\u00e9r\u00e9 \u00e0 Isra\u00ebl le statut d\u2019agress\u00e9 plut\u00f4t que d\u2019agresseur, qui prime. Et avec elle, le concept de \u00ab&nbsp;guerre pr\u00e9ventive&nbsp;\u00bb au nom de la menace du nucl\u00e9aire iranien. Une position \u00e0 rebours des principes fondamentaux du droit international qui, une fois de plus, vacille. Sous ces coups de boutoir, c\u2019est la loi de la jungle et de la force brute qui ouvre la porte en grand.<\/p>\n<p>Sur ces bases, les appels \u00e0 la d\u00e9sescalade ou au retour de la diplomatie des chefs d\u2019\u00c9tat et de gouvernement de ces pays parmi les plus riches du monde ont toutes les chances de rester vains. \u00ab&nbsp;Nous demandons instamment que la&nbsp;r\u00e9solution de la crise en Iran aboutisse \u00e0 une d\u00e9sescalade plus vaste des hostilit\u00e9s au Moyen-Orient, y compris \u00e0 un cessez-le-feu \u00e0 Gaza&nbsp;\u00bb, ont \u00e9crit les membres du G7 dans une d\u00e9claration commune avant le d\u00e9part pr\u00e9cipit\u00e9 de Donald Trump qui r\u00e9fl\u00e9chit, de son c\u00f4t\u00e9, au niveau d\u2019implication de son pays dans la guerre d\u00e9clar\u00e9e par son alli\u00e9.<\/p>\n<p>Le premier ministre isra\u00e9lien, lui, continue d\u2019avancer ses pions. Apr\u00e8s avoir annonc\u00e9 viser des cibles militaires et li\u00e9es au nucl\u00e9aire tout en bombardant des quartiers r\u00e9sidentiels, il fait fi de la souverainet\u00e9 du peuple iranien estimant d\u00e9sormais que l\u2019\u00e9limination du guide supr\u00eame de la R\u00e9publique islamique, Ali Khamenei \u00ab&nbsp;mettrait fin au conflit&nbsp;\u00bb.<\/p>\n<p>Retrouvez \u00e9galement sur l\u2019Humanite.fr les autres infos qui font l\u2019actu de ce mardi. \u00c0 commencer par les r\u00e9v\u00e9lations sur les violences sexuelles exerc\u00e9es par la police avec 429 victimes recens\u00e9es&nbsp;par Disclose et France 2, ou encore la d\u00e9cision du tribunal sur le confinement contest\u00e9 de d\u00e9chets toxiques sur le site de Stocamine\u2026<\/td>\n<\/tr>\n<\/tbody>\n<\/table>\n<table width=\"100%\">\n<tbody>\n<tr>\n<td><strong>Julia Hamlaoui,<\/strong><br \/>\n&nbsp;cheffe du service Humatinale<\/td>\n<\/tr>\n<\/tbody>\n<\/table>\n<table width=\"440\">\n<tbody>\n<tr>\n<td>\u00ad<\/td>\n<\/tr>\n<\/tbody>\n<\/table>\n<table width=\"440\">\n<tbody>\n<tr>\n<td><a href=\"http:\/\/r.diffusion.humanite.fr\/mk\/cl\/f\/sh\/7nVU1aA2nfuMSOnxwj4A6Qgw6bNWs4J\/rgP8doFA8MX6\" data-btn=\"1\"> <strong><u>\ufe0fRETROUVEZ-NOUS SUR LE SITE DE L&rsquo;HUMANIT\u00c9&nbsp;<\/u><\/strong><br \/>\n<strong><u>POUR RESTER INFORM\u00c9\u00b7E EN TEMPS R\u00c9EL<\/u><\/strong><\/a><\/td>\n<\/tr>\n<\/tbody>\n<\/table>\n<h2 style=\"text-align: center;\">L&rsquo;arme nucl\u00e9aire en Isra\u00ebl..<\/h2>\n<div class=\"html-div xdj266r x14z9mp xat24cr x1lziwak xexx8yu xyri2b x18d9i69 x1c1uobl\" dir=\"auto\">\n<div class=\"html-div xdj266r x14z9mp xat24cr x1lziwak xexx8yu xyri2b x18d9i69 x1c1uobl\" dir=\"auto\">\n<div class=\"html-div xdj266r x14z9mp xat24cr x1lziwak xexx8yu xyri2b x18d9i69 x1c1uobl\" data-ad-rendering-role=\"story_message\">\n<div class=\"x1l90r2v x1iorvi4 x1g0dm76 xpdmqnj\" data-ad-comet-preview=\"message\" data-ad-preview=\"message\">\n<div class=\"x78zum5 xdt5ytf xz62fqu x16ldp7u\">\n<div class=\"xu06os2 x1ok221b\">\n<div class=\"html-div xdj266r x14z9mp xat24cr x1lziwak xexx8yu xyri2b x18d9i69 x1c1uobl\">\n<div class=\"xdj266r x14z9mp xat24cr x1lziwak x1vvkbs x126k92a\">\n<div dir=\"auto\">NUCL\u00c9AIRE.<\/div>\n<div dir=\"auto\">Comment Isra\u00ebl s&rsquo;est dot\u00e9 de l\u2019arme atomique dans la plus grande opacit\u00e9 et au m\u00e9pris du droit international.<\/div>\n<\/div>\n<div class=\"x14z9mp xat24cr x1lziwak x1vvkbs xtlvy1s x126k92a\">\n<div dir=\"auto\">Engag\u00e9 avec l\u2019aide de la France, le programme atomique d\u2019Isra\u00ebl se d\u00e9veloppe dans l\u2019opacit\u00e9 la plus totale. Jugeant la prolif\u00e9ration in\u00e9vitable, Tel-Aviv s\u2019affranchit du droit international.<\/div>\n<\/div>\n<div class=\"x14z9mp xat24cr x1lziwak x1vvkbs xtlvy1s x126k92a\">\n<div dir=\"auto\">Pas plus que l\u2019ensemble de ses pr\u00e9d\u00e9cesseurs, Donald Trump ne demandera \u00e0 Isra\u00ebl d\u2019apposer son paraphe au trait\u00e9 de non-prolif\u00e9ration nucl\u00e9aire (TNP). Et ce d\u2019autant moins que les \u00c9tats-Unis sont eux-m\u00eames sortis du trait\u00e9 sur les forces nucl\u00e9aires \u00e0 port\u00e9e interm\u00e9diaire qui les liaient \u00e0 la Russie, sous son premier mandat, en 2019.<\/div>\n<\/div>\n<div class=\"x14z9mp xat24cr x1lziwak x1vvkbs xtlvy1s x126k92a\">\n<div dir=\"auto\">Il a ainsi ouvert les vannes \u00e0 un monde anarchique o\u00f9 le droit international est all\u00e9grement pi\u00e9tin\u00e9. Isra\u00ebl n\u2019a d\u2019ailleurs jamais rien conc\u00e9d\u00e9 quant \u00e0 l\u2019existence d\u2019un arsenal nucl\u00e9aire autonome ; l\u2019Agence internationale de l\u2019\u00e9nergie atomique (AIEA) y est interdite d\u2019inspections.<\/div>\n<\/div>\n<div class=\"x14z9mp xat24cr x1lziwak x1vvkbs xtlvy1s x126k92a\">\n<div dir=\"auto\">Un programme nucl\u00e9aire appuy\u00e9 par Paris d\u00e8s les ann\u00e9es cinquante<\/div>\n<div dir=\"auto\">De son c\u00f4t\u00e9, l\u2019Iran a ratifi\u00e9 le TNP en 1970 mais manque r\u00e9guli\u00e8rement \u00e0 ses obligations de transparence.<\/div>\n<\/div>\n<div class=\"x14z9mp xat24cr x1lziwak x1vvkbs xtlvy1s x126k92a\">\n<div dir=\"auto\">Alors que les yeux occidentaux sont braqu\u00e9s sur le programme iranien, la Campagne internationale pour l\u2019abolition des armes nucl\u00e9aires (ICAN), laur\u00e9ate du prix Nobel de la Paix, pr\u00e9cise : \u00ab Isra\u00ebl est le seul \u00c9tat du Moyen-Orient \u00e0 disposer d\u2019un arsenal de pr\u00e8s d\u2019une centaine d\u2019armes nucl\u00e9aires. \u00bb Un programme d\u00e9velopp\u00e9 gr\u00e2ce \u00e0 la France.<\/div>\n<div dir=\"auto\">D\u00e8s les ann\u00e9es 1950, Paris envoie plusieurs centaines de techniciens, livre un r\u00e9acteur nucl\u00e9aire de 24 m\u00e9gawatts et entame les travaux en 1958.<\/div>\n<\/div>\n<div class=\"x14z9mp xat24cr x1lziwak x1vvkbs xtlvy1s x126k92a\">\n<div dir=\"auto\">De Gaulle, qui souhaite r\u00e9orienter la politique \u00e9trang\u00e8re de la France, met un coup d\u2019arr\u00eat \u00e0 la coop\u00e9ration lors de son retour au pouvoir. Mais celle-ci est suffisamment avanc\u00e9e pour que le programme parvienne \u00e0 son terme. Selon le dernier rapport de l\u2019ICAN, Tel-Aviv a d\u00e9pens\u00e9 plus d\u2019un milliard de dollars l\u2019an dernier pour ses forces nucl\u00e9aires.<\/div>\n<\/div>\n<div class=\"x14z9mp xat24cr x1lziwak x1vvkbs xtlvy1s x126k92a\">\n<div dir=\"auto\">Pour l\u2019organisation, la guerre initi\u00e9e contre l\u2019Iran \u00ab d\u00e9montre une nouvelle fois que la logique de la dissuasion ne prot\u00e8ge pas un territoire national et invite \u00e0 la guerre \u00bb.<\/div>\n<\/div>\n<div class=\"x14z9mp xat24cr x1lziwak x1vvkbs xtlvy1s x126k92a\">\n<div dir=\"auto\">Quand Isra\u00ebl comparait les mollahs \u00e0 Hitler<\/div>\n<div dir=\"auto\">Le complexe nucl\u00e9aire isra\u00e9lien de Dimona, dans le d\u00e9sert du N\u00e9guev, a \u00e9t\u00e9 mis en service en 1963. L\u2019ancien premier ministre David Ben Gourion a jou\u00e9 un r\u00f4le cl\u00e9 pour son d\u00e9veloppement. S\u2019appuyant sur les tensions r\u00e9gionales, et en \u00e9voquant la Shoah aupr\u00e8s des responsables europ\u00e9ens, le dirigeant insiste sur les cons\u00e9quences catastrophiques d\u2019une attaque surprise des pays arabes, et en particulier de l\u2019\u00c9gypte.<\/div>\n<\/div>\n<div class=\"x14z9mp xat24cr x1lziwak x1vvkbs xtlvy1s x126k92a\">\n<div dir=\"auto\">Selon lui, Isra\u00ebl devrait toujours se pr\u00e9parer au pire et ne compter que sur ses propres capacit\u00e9s. \u00ab L\u2019id\u00e9e du programme d\u2019armement nucl\u00e9aire comme filet de s\u00e9curit\u00e9 a fait l\u2019objet d\u2019un consensus national presque total \u00bb, pr\u00e9cise l\u2019historien du nucl\u00e9aire Avner Cohen.<\/div>\n<\/div>\n<div class=\"x14z9mp xat24cr x1lziwak x1vvkbs xtlvy1s x126k92a\">\n<div dir=\"auto\">Shimon Peres, \u00e9rig\u00e9 en ic\u00f4ne du camp pacifiste depuis les accords d\u2019Oslo (1994), a \u00e9t\u00e9 l\u2019une des chevilles ouvri\u00e8res du programme isra\u00e9lien. Il n\u2019h\u00e9site pas, lui non plus, \u00e0 dresser un parall\u00e8le entre le IIIe Reich et l\u2019Iran, \u00ab le pays le plus dangereux qui soit, parce que les mollahs croient que leur religion est sup\u00e9rieure, un peu comme Hitler croyait que la race aryenne \u00e9tait sup\u00e9rieure \u00bb.<\/div>\n<\/div>\n<div class=\"x14z9mp xat24cr x1lziwak x1vvkbs xtlvy1s x126k92a\">\n<div dir=\"auto\">Le tabou du nucl\u00e9aire isra\u00e9lien<\/div>\n<div dir=\"auto\">Ainsi, le p\u00e8re du programme isra\u00e9lien, Ernst David Bergmann, acte-t-il que la prolif\u00e9ration, puisqu\u2019elle est in\u00e9vitable, doit \u00eatre anticip\u00e9e par Isra\u00ebl pour se prot\u00e9ger.<\/div>\n<div dir=\"auto\">Selon Shimon Peres, le physicien assurait, malgr\u00e9 les oppositions de la communaut\u00e9 scientifique : \u00ab Je suis convaincu que l\u2019\u00c9tat d\u2019Isra\u00ebl a besoin d\u2019un programme de recherche en mati\u00e8re de d\u00e9fense qui lui soit propre, afin que nous ne soyons plus jamais des agneaux conduits \u00e0 l\u2019abattoir. \u00bb<\/div>\n<\/div>\n<div class=\"x14z9mp xat24cr x1lziwak x1vvkbs xtlvy1s x126k92a\">\n<div dir=\"auto\">Preuve du tabou qui persiste autour du nucl\u00e9aire isra\u00e9lien, l\u2019un de ses techniciens, Mordechai Vanunu, fait l\u2019objet d\u2019un enl\u00e8vement rocambolesque par le Mossad \u00e0 Rome. Pour avoir r\u00e9v\u00e9l\u00e9 les d\u00e9tails de ce programme \u00e0 la presse, il est condamn\u00e9 en 1988 avant d\u2019\u00eatre emprisonn\u00e9 dix-huit ann\u00e9es durant.<\/div>\n<\/div>\n<div class=\"x14z9mp xat24cr x1lziwak x1vvkbs xtlvy1s x126k92a\">\n<div dir=\"auto\">Cependant, en d\u00e9cembre 2006, lors d\u2019un d\u00e9placement en Allemagne, le premier ministre isra\u00e9lien, Ehoud Olmert, commettait un impair point\u00e9 \u00e0 l\u2019\u00e9poque par l\u2019Humanit\u00e9.<\/div>\n<div dir=\"auto\">En r\u00e9pondant \u00e0 une question d\u2019un journaliste sur le programme iranien, le chef du gouvernement l\u00e2chait : \u00ab L\u2019Iran a menac\u00e9 (\u2026) de rayer Isra\u00ebl de la carte. Pouvez-vous dire que c\u2019est une menace comparable, quand on cherche \u00e0 obtenir l\u2019arme nucl\u00e9aire, \u00e0 celle de pays comme la France, les \u00c9tats-Unis, Isra\u00ebl ou la Russie ? Isra\u00ebl ne menace aucun pays de quoi que ce soit et ne l\u2019a jamais fait. \u00bb<\/div>\n<\/div>\n<div class=\"x14z9mp xat24cr x1lziwak x1vvkbs xtlvy1s x126k92a\">\n<div dir=\"auto\">Lina Sankari<\/div>\n<div dir=\"auto\">L&rsquo;<span class=\"html-span xdj266r x14z9mp xat24cr x1lziwak xexx8yu xyri2b x18d9i69 x1c1uobl x1hl2dhg x16tdsg8 x1vvkbs\"><a class=\"x1i10hfl xjbqb8w x1ejq31n x18oe1m7 x1sy0etr xstzfhl x972fbf x10w94by x1qhh985 x14e42zd x9f619 x1ypdohk xt0psk2 xe8uvvx xdj266r x14z9mp xat24cr x1lziwak xexx8yu xyri2b x18d9i69 x1c1uobl x16tdsg8 x1hl2dhg xggy1nq x1a2a7pz xkrqix3 x1sur9pj x1fey0fg x1s688f\" tabindex=\"0\" role=\"link\" href=\"https:\/\/www.facebook.com\/humanite.fr?__cft__[0]=AZVrJ9oDQYLuQNF9aN9i6TprdktQp_yYwPCvyNJ5gDyvevyv6acdpqkxXHn8238B8BGExPCPNznORX_5zKL7BjOSVOJO3iRSwb1SqXNcHPbX9ymX7VtWrbMfFlGWhTUx-nz8cRPVQH1BCjTIkoP1AgMZFZy41ClG6PEarMZHqtVwwg-LEKHTQPWH_5K3tsWtg4Q&amp;__tn__=-]K-y-R\"><span class=\"xt0psk2\"><span class=\"xjp7ctv\">l&rsquo;Humanit\u00e9<\/span><\/span><\/a><\/span><\/div>\n<div dir=\"auto\"><span class=\"html-span xdj266r x14z9mp xat24cr x1lziwak xexx8yu xyri2b x18d9i69 x1c1uobl x1hl2dhg x16tdsg8 x1vvkbs\"><a class=\"x1i10hfl xjbqb8w x1ejq31n x18oe1m7 x1sy0etr xstzfhl x972fbf x10w94by x1qhh985 x14e42zd x9f619 x1ypdohk xt0psk2 xe8uvvx xdj266r x14z9mp xat24cr x1lziwak xexx8yu xyri2b x18d9i69 x1c1uobl x16tdsg8 x1hl2dhg xggy1nq x1a2a7pz xkrqix3 x1sur9pj x1fey0fg x1s688f\" tabindex=\"0\" role=\"link\" href=\"https:\/\/www.facebook.com\/Particommuniste?__cft__[0]=AZVrJ9oDQYLuQNF9aN9i6TprdktQp_yYwPCvyNJ5gDyvevyv6acdpqkxXHn8238B8BGExPCPNznORX_5zKL7BjOSVOJO3iRSwb1SqXNcHPbX9ymX7VtWrbMfFlGWhTUx-nz8cRPVQH1BCjTIkoP1AgMZFZy41ClG6PEarMZHqtVwwg-LEKHTQPWH_5K3tsWtg4Q&amp;__tn__=-]K-y-R\"><span class=\"xt0psk2\"><span class=\"xjp7ctv\">PCF &#8211; Parti Communiste Fran\u00e7ais<\/span><\/span><\/a><\/span> <span class=\"html-span xdj266r x14z9mp xat24cr x1lziwak xexx8yu xyri2b x18d9i69 x1c1uobl x1hl2dhg x16tdsg8 x1vvkbs\"><a class=\"x1i10hfl xjbqb8w x1ejq31n x18oe1m7 x1sy0etr xstzfhl x972fbf x10w94by x1qhh985 x14e42zd x9f619 x1ypdohk xt0psk2 xe8uvvx xdj266r x14z9mp xat24cr x1lziwak xexx8yu xyri2b x18d9i69 x1c1uobl x16tdsg8 x1hl2dhg xggy1nq x1a2a7pz xkrqix3 x1sur9pj x1fey0fg x1s688f\" tabindex=\"0\" role=\"link\" href=\"https:\/\/www.facebook.com\/pcf34?__cft__[0]=AZVrJ9oDQYLuQNF9aN9i6TprdktQp_yYwPCvyNJ5gDyvevyv6acdpqkxXHn8238B8BGExPCPNznORX_5zKL7BjOSVOJO3iRSwb1SqXNcHPbX9ymX7VtWrbMfFlGWhTUx-nz8cRPVQH1BCjTIkoP1AgMZFZy41ClG6PEarMZHqtVwwg-LEKHTQPWH_5K3tsWtg4Q&amp;__tn__=-]K-y-R\"><span class=\"xt0psk2\"><span class=\"xjp7ctv\">PCF &#8211; F\u00e9d\u00e9ration de l&rsquo;H\u00e9rault<\/span><\/span><\/a><\/span> <span class=\"html-span xdj266r x14z9mp xat24cr x1lziwak xexx8yu xyri2b x18d9i69 x1c1uobl x1hl2dhg x16tdsg8 x1vvkbs\"><a class=\"x1i10hfl xjbqb8w x1ejq31n x18oe1m7 x1sy0etr xstzfhl x972fbf x10w94by x1qhh985 x14e42zd x9f619 x1ypdohk xt0psk2 xe8uvvx xdj266r x14z9mp xat24cr x1lziwak xexx8yu xyri2b x18d9i69 x1c1uobl x16tdsg8 x1hl2dhg xggy1nq x1a2a7pz xkrqix3 x1sur9pj x1fey0fg x1s688f\" tabindex=\"0\" role=\"link\" href=\"https:\/\/www.facebook.com\/GenerationFreePalestine?__cft__[0]=AZVrJ9oDQYLuQNF9aN9i6TprdktQp_yYwPCvyNJ5gDyvevyv6acdpqkxXHn8238B8BGExPCPNznORX_5zKL7BjOSVOJO3iRSwb1SqXNcHPbX9ymX7VtWrbMfFlGWhTUx-nz8cRPVQH1BCjTIkoP1AgMZFZy41ClG6PEarMZHqtVwwg-LEKHTQPWH_5K3tsWtg4Q&amp;__tn__=-]K-y-R\"><span class=\"xt0psk2\"><span class=\"xjp7ctv\">Free Palestine<\/span><\/span><\/a><\/span><\/div>\n<\/div>\n<\/div>\n<\/div>\n<\/div>\n<\/div>\n<\/div>\n<\/div>\n<\/div>\n","protected":false},"excerpt":{"rendered":"<p>\u00ab Si Isra\u00ebl d\u00e9fend l\u2019Occident, c\u2019est un tr\u00e8s mauvais d\u00e9fenseur des valeurs dites occidentales \u00bb \u00ab On d\u00e9clare qu&rsquo;Isra\u00ebl a le droit de se d\u00e9fendre alors que c&rsquo;est Isra\u00ebl qui attaque et qui se comporte de fa\u00e7on guerri\u00e8re avec tous ses voisins(..) \u00bb France info- \u00c0 contre courant, Catherine Tricot l\u00e2che une \u00e9locution qui d\u00e9phase tout le plateau. Grosse prise de position, \u00e0 voir ici : https:\/\/x.com\/i\/status\/1934016202034024569 Extrait ci-dessous : Une mise au point salutaire et indispensable face \u00e0 la machine &#8230; <a title=\"Quand sur France Info on parle des \u00ab\u00a0valeurs occidentales\u00a0\u00bb d\u00e9fendues par Isra\u00ebl Catherine Tricot se f\u00e2che.et remet les choses en place.\" class=\"read-more\" href=\"https:\/\/www.gastonballiot.fr\/?p=14300\" aria-label=\"Plus sur Quand sur France Info on parle des \u00ab\u00a0valeurs occidentales\u00a0\u00bb d\u00e9fendues par Isra\u00ebl Catherine Tricot se f\u00e2che.et remet les choses en place.\">Lire la suite&#8230;<\/a><\/p>\n","protected":false},"author":1,"featured_media":0,"comment_status":"closed","ping_status":"closed","sticky":false,"template":"","format":"standard","meta":{"ngg_post_thumbnail":0,"jetpack_post_was_ever_published":false,"_jetpack_newsletter_access":"","_jetpack_dont_email_post_to_subs":false,"_jetpack_newsletter_tier_id":0,"_jetpack_memberships_contains_paywalled_content":false,"_jetpack_memberships_contains_paid_content":false,"footnotes":"","jetpack_publicize_message":"","jetpack_publicize_feature_enabled":true,"jetpack_social_post_already_shared":true,"jetpack_social_options":{"image_generator_settings":{"template":"highway","enabled":false},"version":2}},"categories":[2,5,12,11],"tags":[161,364,78,103,104],"class_list":["post-14300","post","type-post","status-publish","format-standard","hentry","category-a-la-une","category-democratie","category-paix-desarmement","category-moyen-orient","tag-armes","tag-iran","tag-israel","tag-paix","tag-palestine","infinite-scroll-item","masonry-post","generate-columns","tablet-grid-50","mobile-grid-100","grid-parent","grid-33"],"jetpack_publicize_connections":[],"yoast_head":"<!-- This site is optimized with the Yoast SEO plugin v27.5 - https:\/\/yoast.com\/product\/yoast-seo-wordpress\/ -->\n<title>Quand sur France Info on parle des &quot;valeurs occidentales&quot; d\u00e9fendues par Isra\u00ebl Catherine Tricot se f\u00e2che.et remet les choses en place. - Le blog politique de Gaston<\/title>\n<meta name=\"robots\" content=\"index, follow, max-snippet:-1, max-image-preview:large, max-video-preview:-1\" \/>\n<link rel=\"canonical\" href=\"https:\/\/www.gastonballiot.fr\/?p=14300\" \/>\n<meta property=\"og:locale\" content=\"fr_FR\" \/>\n<meta property=\"og:type\" content=\"article\" \/>\n<meta property=\"og:title\" content=\"Quand sur France Info on parle des &quot;valeurs occidentales&quot; d\u00e9fendues par Isra\u00ebl Catherine Tricot se f\u00e2che.et remet les choses en place. - Le blog politique de Gaston\" \/>\n<meta property=\"og:description\" content=\"\u00ab Si Isra\u00ebl d\u00e9fend l\u2019Occident, c\u2019est un tr\u00e8s mauvais d\u00e9fenseur des valeurs dites occidentales \u00bb \u00ab On d\u00e9clare qu&rsquo;Isra\u00ebl a le droit de se d\u00e9fendre alors que c&rsquo;est Isra\u00ebl qui attaque et qui se comporte de fa\u00e7on guerri\u00e8re avec tous ses voisins(..) \u00bb France info- \u00c0 contre courant, Catherine Tricot l\u00e2che une \u00e9locution qui d\u00e9phase tout le plateau. Grosse prise de position, \u00e0 voir ici : https:\/\/x.com\/i\/status\/1934016202034024569 Extrait ci-dessous : Une mise au point salutaire et indispensable face \u00e0 la machine ... Lire la suite...\" \/>\n<meta property=\"og:url\" content=\"https:\/\/www.gastonballiot.fr\/?p=14300\" \/>\n<meta property=\"og:site_name\" content=\"Le blog politique de Gaston\" \/>\n<meta property=\"article:publisher\" content=\"https:\/\/www.facebook.com\/gaston.balliot\/\" \/>\n<meta property=\"article:author\" content=\"https:\/\/www.facebook.com\/gaston.balliot\/\" \/>\n<meta property=\"article:published_time\" content=\"2025-06-16T06:50:44+00:00\" \/>\n<meta property=\"article:modified_time\" content=\"2025-06-17T12:56:19+00:00\" \/>\n<meta property=\"og:image\" content=\"https:\/\/www.gastonballiot.fr\/wp-content\/uploads\/2025\/06\/Tricot-300x300.webp\" \/>\n<meta name=\"author\" content=\"gb\" \/>\n<meta name=\"twitter:card\" content=\"summary_large_image\" \/>\n<meta name=\"twitter:label1\" content=\"\u00c9crit par\" \/>\n\t<meta name=\"twitter:data1\" content=\"gb\" \/>\n\t<meta name=\"twitter:label2\" content=\"Dur\u00e9e de lecture estim\u00e9e\" \/>\n\t<meta name=\"twitter:data2\" content=\"8 minutes\" \/>\n<script type=\"application\/ld+json\" class=\"yoast-schema-graph\">{\"@context\":\"https:\\\/\\\/schema.org\",\"@graph\":[{\"@type\":\"Article\",\"@id\":\"https:\\\/\\\/www.gastonballiot.fr\\\/?p=14300#article\",\"isPartOf\":{\"@id\":\"https:\\\/\\\/www.gastonballiot.fr\\\/?p=14300\"},\"author\":{\"name\":\"gb\",\"@id\":\"https:\\\/\\\/www.gastonballiot.fr\\\/#\\\/schema\\\/person\\\/244a5e02696abd8a65c5b1bebdb948ca\"},\"headline\":\"Quand sur France Info on parle des \u00ab\u00a0valeurs occidentales\u00a0\u00bb d\u00e9fendues par Isra\u00ebl Catherine Tricot se f\u00e2che.et remet les choses en place.\",\"datePublished\":\"2025-06-16T06:50:44+00:00\",\"dateModified\":\"2025-06-17T12:56:19+00:00\",\"mainEntityOfPage\":{\"@id\":\"https:\\\/\\\/www.gastonballiot.fr\\\/?p=14300\"},\"wordCount\":1781,\"publisher\":{\"@id\":\"https:\\\/\\\/www.gastonballiot.fr\\\/#\\\/schema\\\/person\\\/244a5e02696abd8a65c5b1bebdb948ca\"},\"image\":{\"@id\":\"https:\\\/\\\/www.gastonballiot.fr\\\/?p=14300#primaryimage\"},\"thumbnailUrl\":\"https:\\\/\\\/www.gastonballiot.fr\\\/wp-content\\\/uploads\\\/2025\\\/06\\\/Tricot-300x300.webp\",\"keywords\":[\"armes\",\"Iran\",\"Isra\u00ebl\",\"paix\",\"Palestine\"],\"articleSection\":[\"A la une\",\"D\u00e9mocratie\",\"Paix-D\u00e9sarmement\",\"Proche Orient\"],\"inLanguage\":\"fr-FR\"},{\"@type\":\"WebPage\",\"@id\":\"https:\\\/\\\/www.gastonballiot.fr\\\/?p=14300\",\"url\":\"https:\\\/\\\/www.gastonballiot.fr\\\/?p=14300\",\"name\":\"Quand sur France Info on parle des \\\"valeurs occidentales\\\" d\u00e9fendues par Isra\u00ebl Catherine Tricot se f\u00e2che.et remet les choses en place. - Le blog politique de Gaston\",\"isPartOf\":{\"@id\":\"https:\\\/\\\/www.gastonballiot.fr\\\/#website\"},\"primaryImageOfPage\":{\"@id\":\"https:\\\/\\\/www.gastonballiot.fr\\\/?p=14300#primaryimage\"},\"image\":{\"@id\":\"https:\\\/\\\/www.gastonballiot.fr\\\/?p=14300#primaryimage\"},\"thumbnailUrl\":\"https:\\\/\\\/www.gastonballiot.fr\\\/wp-content\\\/uploads\\\/2025\\\/06\\\/Tricot-300x300.webp\",\"datePublished\":\"2025-06-16T06:50:44+00:00\",\"dateModified\":\"2025-06-17T12:56:19+00:00\",\"breadcrumb\":{\"@id\":\"https:\\\/\\\/www.gastonballiot.fr\\\/?p=14300#breadcrumb\"},\"inLanguage\":\"fr-FR\",\"potentialAction\":[{\"@type\":\"ReadAction\",\"target\":[\"https:\\\/\\\/www.gastonballiot.fr\\\/?p=14300\"]}]},{\"@type\":\"ImageObject\",\"inLanguage\":\"fr-FR\",\"@id\":\"https:\\\/\\\/www.gastonballiot.fr\\\/?p=14300#primaryimage\",\"url\":\"https:\\\/\\\/www.gastonballiot.fr\\\/wp-content\\\/uploads\\\/2025\\\/06\\\/Tricot-300x300.webp\",\"contentUrl\":\"https:\\\/\\\/www.gastonballiot.fr\\\/wp-content\\\/uploads\\\/2025\\\/06\\\/Tricot-300x300.webp\"},{\"@type\":\"BreadcrumbList\",\"@id\":\"https:\\\/\\\/www.gastonballiot.fr\\\/?p=14300#breadcrumb\",\"itemListElement\":[{\"@type\":\"ListItem\",\"position\":1,\"name\":\"Accueil\",\"item\":\"https:\\\/\\\/www.gastonballiot.fr\\\/\"},{\"@type\":\"ListItem\",\"position\":2,\"name\":\"Quand sur France Info on parle des \u00ab\u00a0valeurs occidentales\u00a0\u00bb d\u00e9fendues par Isra\u00ebl Catherine Tricot se f\u00e2che.et remet les choses en place.\"}]},{\"@type\":\"WebSite\",\"@id\":\"https:\\\/\\\/www.gastonballiot.fr\\\/#website\",\"url\":\"https:\\\/\\\/www.gastonballiot.fr\\\/\",\"name\":\"Le blog politique de Gaston\",\"description\":\"L&#039;humain d&#039;abord, pas la finance !\",\"publisher\":{\"@id\":\"https:\\\/\\\/www.gastonballiot.fr\\\/#\\\/schema\\\/person\\\/244a5e02696abd8a65c5b1bebdb948ca\"},\"potentialAction\":[{\"@type\":\"SearchAction\",\"target\":{\"@type\":\"EntryPoint\",\"urlTemplate\":\"https:\\\/\\\/www.gastonballiot.fr\\\/?s={search_term_string}\"},\"query-input\":{\"@type\":\"PropertyValueSpecification\",\"valueRequired\":true,\"valueName\":\"search_term_string\"}}],\"inLanguage\":\"fr-FR\"},{\"@type\":[\"Person\",\"Organization\"],\"@id\":\"https:\\\/\\\/www.gastonballiot.fr\\\/#\\\/schema\\\/person\\\/244a5e02696abd8a65c5b1bebdb948ca\",\"name\":\"gb\",\"image\":{\"@type\":\"ImageObject\",\"inLanguage\":\"fr-FR\",\"@id\":\"https:\\\/\\\/i0.wp.com\\\/www.gastonballiot.fr\\\/wp-content\\\/uploads\\\/2017\\\/04\\\/cropped-Marianne-drapeau-rouge.gif?fit=512%2C512&ssl=1\",\"url\":\"https:\\\/\\\/i0.wp.com\\\/www.gastonballiot.fr\\\/wp-content\\\/uploads\\\/2017\\\/04\\\/cropped-Marianne-drapeau-rouge.gif?fit=512%2C512&ssl=1\",\"contentUrl\":\"https:\\\/\\\/i0.wp.com\\\/www.gastonballiot.fr\\\/wp-content\\\/uploads\\\/2017\\\/04\\\/cropped-Marianne-drapeau-rouge.gif?fit=512%2C512&ssl=1\",\"width\":512,\"height\":512,\"caption\":\"gb\"},\"logo\":{\"@id\":\"https:\\\/\\\/i0.wp.com\\\/www.gastonballiot.fr\\\/wp-content\\\/uploads\\\/2017\\\/04\\\/cropped-Marianne-drapeau-rouge.gif?fit=512%2C512&ssl=1\"},\"description\":\"Gaston Balliot, militant du Front de Gauche en pays bigouden - Pont L'Abb\u00e9 - Loctudy - Guilvinec - Penmarc'h - Ile Tudy - Combrit Ste Marine - Tr\u00e9meoc - Plon\u00e9our, p\u00eache tourisme\",\"sameAs\":[\"https:\\\/\\\/www.facebook.com\\\/gaston.balliot\\\/\"]}]}<\/script>\n<!-- \/ Yoast SEO plugin. -->","yoast_head_json":{"title":"Quand sur France Info on parle des \"valeurs occidentales\" d\u00e9fendues par Isra\u00ebl Catherine Tricot se f\u00e2che.et remet les choses en place. - Le blog politique de Gaston","robots":{"index":"index","follow":"follow","max-snippet":"max-snippet:-1","max-image-preview":"max-image-preview:large","max-video-preview":"max-video-preview:-1"},"canonical":"https:\/\/www.gastonballiot.fr\/?p=14300","og_locale":"fr_FR","og_type":"article","og_title":"Quand sur France Info on parle des \"valeurs occidentales\" d\u00e9fendues par Isra\u00ebl Catherine Tricot se f\u00e2che.et remet les choses en place. - Le blog politique de Gaston","og_description":"\u00ab Si Isra\u00ebl d\u00e9fend l\u2019Occident, c\u2019est un tr\u00e8s mauvais d\u00e9fenseur des valeurs dites occidentales \u00bb \u00ab On d\u00e9clare qu&rsquo;Isra\u00ebl a le droit de se d\u00e9fendre alors que c&rsquo;est Isra\u00ebl qui attaque et qui se comporte de fa\u00e7on guerri\u00e8re avec tous ses voisins(..) \u00bb France info- \u00c0 contre courant, Catherine Tricot l\u00e2che une \u00e9locution qui d\u00e9phase tout le plateau. Grosse prise de position, \u00e0 voir ici : https:\/\/x.com\/i\/status\/1934016202034024569 Extrait ci-dessous : Une mise au point salutaire et indispensable face \u00e0 la machine ... Lire la suite...","og_url":"https:\/\/www.gastonballiot.fr\/?p=14300","og_site_name":"Le blog politique de Gaston","article_publisher":"https:\/\/www.facebook.com\/gaston.balliot\/","article_author":"https:\/\/www.facebook.com\/gaston.balliot\/","article_published_time":"2025-06-16T06:50:44+00:00","article_modified_time":"2025-06-17T12:56:19+00:00","og_image":[{"url":"https:\/\/www.gastonballiot.fr\/wp-content\/uploads\/2025\/06\/Tricot-300x300.webp","type":"","width":"","height":""}],"author":"gb","twitter_card":"summary_large_image","twitter_misc":{"\u00c9crit par":"gb","Dur\u00e9e de lecture estim\u00e9e":"8 minutes"},"schema":{"@context":"https:\/\/schema.org","@graph":[{"@type":"Article","@id":"https:\/\/www.gastonballiot.fr\/?p=14300#article","isPartOf":{"@id":"https:\/\/www.gastonballiot.fr\/?p=14300"},"author":{"name":"gb","@id":"https:\/\/www.gastonballiot.fr\/#\/schema\/person\/244a5e02696abd8a65c5b1bebdb948ca"},"headline":"Quand sur France Info on parle des \u00ab\u00a0valeurs occidentales\u00a0\u00bb d\u00e9fendues par Isra\u00ebl Catherine Tricot se f\u00e2che.et remet les choses en place.","datePublished":"2025-06-16T06:50:44+00:00","dateModified":"2025-06-17T12:56:19+00:00","mainEntityOfPage":{"@id":"https:\/\/www.gastonballiot.fr\/?p=14300"},"wordCount":1781,"publisher":{"@id":"https:\/\/www.gastonballiot.fr\/#\/schema\/person\/244a5e02696abd8a65c5b1bebdb948ca"},"image":{"@id":"https:\/\/www.gastonballiot.fr\/?p=14300#primaryimage"},"thumbnailUrl":"https:\/\/www.gastonballiot.fr\/wp-content\/uploads\/2025\/06\/Tricot-300x300.webp","keywords":["armes","Iran","Isra\u00ebl","paix","Palestine"],"articleSection":["A la une","D\u00e9mocratie","Paix-D\u00e9sarmement","Proche Orient"],"inLanguage":"fr-FR"},{"@type":"WebPage","@id":"https:\/\/www.gastonballiot.fr\/?p=14300","url":"https:\/\/www.gastonballiot.fr\/?p=14300","name":"Quand sur France Info on parle des \"valeurs occidentales\" d\u00e9fendues par Isra\u00ebl Catherine Tricot se f\u00e2che.et remet les choses en place. - Le blog politique de Gaston","isPartOf":{"@id":"https:\/\/www.gastonballiot.fr\/#website"},"primaryImageOfPage":{"@id":"https:\/\/www.gastonballiot.fr\/?p=14300#primaryimage"},"image":{"@id":"https:\/\/www.gastonballiot.fr\/?p=14300#primaryimage"},"thumbnailUrl":"https:\/\/www.gastonballiot.fr\/wp-content\/uploads\/2025\/06\/Tricot-300x300.webp","datePublished":"2025-06-16T06:50:44+00:00","dateModified":"2025-06-17T12:56:19+00:00","breadcrumb":{"@id":"https:\/\/www.gastonballiot.fr\/?p=14300#breadcrumb"},"inLanguage":"fr-FR","potentialAction":[{"@type":"ReadAction","target":["https:\/\/www.gastonballiot.fr\/?p=14300"]}]},{"@type":"ImageObject","inLanguage":"fr-FR","@id":"https:\/\/www.gastonballiot.fr\/?p=14300#primaryimage","url":"https:\/\/www.gastonballiot.fr\/wp-content\/uploads\/2025\/06\/Tricot-300x300.webp","contentUrl":"https:\/\/www.gastonballiot.fr\/wp-content\/uploads\/2025\/06\/Tricot-300x300.webp"},{"@type":"BreadcrumbList","@id":"https:\/\/www.gastonballiot.fr\/?p=14300#breadcrumb","itemListElement":[{"@type":"ListItem","position":1,"name":"Accueil","item":"https:\/\/www.gastonballiot.fr\/"},{"@type":"ListItem","position":2,"name":"Quand sur France Info on parle des \u00ab\u00a0valeurs occidentales\u00a0\u00bb d\u00e9fendues par Isra\u00ebl Catherine Tricot se f\u00e2che.et remet les choses en place."}]},{"@type":"WebSite","@id":"https:\/\/www.gastonballiot.fr\/#website","url":"https:\/\/www.gastonballiot.fr\/","name":"Le blog politique de Gaston","description":"L&#039;humain d&#039;abord, pas la finance !","publisher":{"@id":"https:\/\/www.gastonballiot.fr\/#\/schema\/person\/244a5e02696abd8a65c5b1bebdb948ca"},"potentialAction":[{"@type":"SearchAction","target":{"@type":"EntryPoint","urlTemplate":"https:\/\/www.gastonballiot.fr\/?s={search_term_string}"},"query-input":{"@type":"PropertyValueSpecification","valueRequired":true,"valueName":"search_term_string"}}],"inLanguage":"fr-FR"},{"@type":["Person","Organization"],"@id":"https:\/\/www.gastonballiot.fr\/#\/schema\/person\/244a5e02696abd8a65c5b1bebdb948ca","name":"gb","image":{"@type":"ImageObject","inLanguage":"fr-FR","@id":"https:\/\/i0.wp.com\/www.gastonballiot.fr\/wp-content\/uploads\/2017\/04\/cropped-Marianne-drapeau-rouge.gif?fit=512%2C512&ssl=1","url":"https:\/\/i0.wp.com\/www.gastonballiot.fr\/wp-content\/uploads\/2017\/04\/cropped-Marianne-drapeau-rouge.gif?fit=512%2C512&ssl=1","contentUrl":"https:\/\/i0.wp.com\/www.gastonballiot.fr\/wp-content\/uploads\/2017\/04\/cropped-Marianne-drapeau-rouge.gif?fit=512%2C512&ssl=1","width":512,"height":512,"caption":"gb"},"logo":{"@id":"https:\/\/i0.wp.com\/www.gastonballiot.fr\/wp-content\/uploads\/2017\/04\/cropped-Marianne-drapeau-rouge.gif?fit=512%2C512&ssl=1"},"description":"Gaston Balliot, militant du Front de Gauche en pays bigouden - Pont L'Abb\u00e9 - Loctudy - Guilvinec - Penmarc'h - Ile Tudy - Combrit Ste Marine - Tr\u00e9meoc - Plon\u00e9our, p\u00eache tourisme","sameAs":["https:\/\/www.facebook.com\/gaston.balliot\/"]}]}},"jetpack_featured_media_url":"","jetpack_shortlink":"https:\/\/wp.me\/p5UTaD-3IE","jetpack-related-posts":[],"jetpack_likes_enabled":true,"jetpack_sharing_enabled":true,"_links":{"self":[{"href":"https:\/\/www.gastonballiot.fr\/index.php?rest_route=\/wp\/v2\/posts\/14300","targetHints":{"allow":["GET"]}}],"collection":[{"href":"https:\/\/www.gastonballiot.fr\/index.php?rest_route=\/wp\/v2\/posts"}],"about":[{"href":"https:\/\/www.gastonballiot.fr\/index.php?rest_route=\/wp\/v2\/types\/post"}],"author":[{"embeddable":true,"href":"https:\/\/www.gastonballiot.fr\/index.php?rest_route=\/wp\/v2\/users\/1"}],"replies":[{"embeddable":true,"href":"https:\/\/www.gastonballiot.fr\/index.php?rest_route=%2Fwp%2Fv2%2Fcomments&post=14300"}],"version-history":[{"count":18,"href":"https:\/\/www.gastonballiot.fr\/index.php?rest_route=\/wp\/v2\/posts\/14300\/revisions"}],"predecessor-version":[{"id":14322,"href":"https:\/\/www.gastonballiot.fr\/index.php?rest_route=\/wp\/v2\/posts\/14300\/revisions\/14322"}],"wp:attachment":[{"href":"https:\/\/www.gastonballiot.fr\/index.php?rest_route=%2Fwp%2Fv2%2Fmedia&parent=14300"}],"wp:term":[{"taxonomy":"category","embeddable":true,"href":"https:\/\/www.gastonballiot.fr\/index.php?rest_route=%2Fwp%2Fv2%2Fcategories&post=14300"},{"taxonomy":"post_tag","embeddable":true,"href":"https:\/\/www.gastonballiot.fr\/index.php?rest_route=%2Fwp%2Fv2%2Ftags&post=14300"}],"curies":[{"name":"wp","href":"https:\/\/api.w.org\/{rel}","templated":true}]}}