{"id":14368,"date":"2025-06-23T20:52:24","date_gmt":"2025-06-23T18:52:24","guid":{"rendered":"https:\/\/www.gastonballiot.fr\/?p=14368"},"modified":"2025-06-23T20:41:07","modified_gmt":"2025-06-23T18:41:07","slug":"usa-israel-pays-terroristes","status":"publish","type":"post","link":"https:\/\/www.gastonballiot.fr\/?p=14368","title":{"rendered":"USA &#8211; Isra\u00ebl &#8211; Deux \u00e9tats terroristes &#8211; Associ\u00e9s pour le pire"},"content":{"rendered":"<p>Isra\u00ebl effectue un g\u00e9nocide \u00e0 Gaza en toute impunit\u00e9.<br \/>\nDe quel droit bombarde t&rsquo;il en plus le Liban, la Syrie, le Yemen, et maintenant l&rsquo;Iran ?<\/p>\n<p>De quel droit&nbsp; les USA se permettent de bombarder un territoire \u00e0 des milliers de km de son sol ?<\/p>\n<p style=\"padding-left: 80px;\">Ils ont menti sur la Libye.<br class=\"html-br\">Ils ont menti sur la Syrie.<br class=\"html-br\">Ils ont menti sur l&rsquo;Irak.<br class=\"html-br\">Ils mentent sur l&rsquo;Iran.<\/p>\n<p>Ils ont d\u00e9truit la Libye<br \/>\nIls ont d\u00e9truit&nbsp; la Syrie<br \/>\nIls ont d\u00e9truit&nbsp; l&rsquo;Irak<br \/>\nIls veulent d\u00e9truire l&rsquo;Iran<\/p>\n<hr>\n<figure id=\"attachment_14385\" aria-describedby=\"caption-attachment-14385\" style=\"width: 930px\" class=\"wp-caption aligncenter\"><a href=\"https:\/\/www.humanite.fr\/monde\/benyamin-netanyahou\/bombardements-en-iran-la-logique-criminelle-et-irresponsable-de-donald-trump-et-benyamin-netanyahou\" target=\"_blank\" rel=\"noopener\"><img data-recalc-dims=\"1\" loading=\"lazy\" decoding=\"async\" data-attachment-id=\"14385\" data-permalink=\"https:\/\/www.gastonballiot.fr\/?attachment_id=14385#main\" data-orig-file=\"https:\/\/i0.wp.com\/www.gastonballiot.fr\/wp-content\/uploads\/2025\/06\/EditoHuma23juin25.jpg?fit=940%2C931&amp;ssl=1\" data-orig-size=\"940,931\" data-comments-opened=\"0\" data-image-meta=\"{&quot;aperture&quot;:&quot;0&quot;,&quot;credit&quot;:&quot;&quot;,&quot;camera&quot;:&quot;&quot;,&quot;caption&quot;:&quot;&quot;,&quot;created_timestamp&quot;:&quot;0&quot;,&quot;copyright&quot;:&quot;&quot;,&quot;focal_length&quot;:&quot;0&quot;,&quot;iso&quot;:&quot;0&quot;,&quot;shutter_speed&quot;:&quot;0&quot;,&quot;title&quot;:&quot;&quot;,&quot;orientation&quot;:&quot;0&quot;}\" data-image-title=\"EditoHuma23juin25\" data-image-description=\"\" data-image-caption=\"\" data-medium-file=\"https:\/\/i0.wp.com\/www.gastonballiot.fr\/wp-content\/uploads\/2025\/06\/EditoHuma23juin25.jpg?fit=300%2C297&amp;ssl=1\" data-large-file=\"https:\/\/i0.wp.com\/www.gastonballiot.fr\/wp-content\/uploads\/2025\/06\/EditoHuma23juin25.jpg?fit=940%2C931&amp;ssl=1\" class=\"wp-image-14385 size-full\" src=\"https:\/\/i0.wp.com\/www.gastonballiot.fr\/wp-content\/uploads\/2025\/06\/EditoHuma23juin25.jpg?resize=940%2C931&#038;ssl=1\" alt=\"\" width=\"940\" height=\"931\" srcset=\"https:\/\/i0.wp.com\/www.gastonballiot.fr\/wp-content\/uploads\/2025\/06\/EditoHuma23juin25.jpg?w=940&amp;ssl=1 940w, https:\/\/i0.wp.com\/www.gastonballiot.fr\/wp-content\/uploads\/2025\/06\/EditoHuma23juin25.jpg?resize=300%2C297&amp;ssl=1 300w, https:\/\/i0.wp.com\/www.gastonballiot.fr\/wp-content\/uploads\/2025\/06\/EditoHuma23juin25.jpg?resize=150%2C150&amp;ssl=1 150w, https:\/\/i0.wp.com\/www.gastonballiot.fr\/wp-content\/uploads\/2025\/06\/EditoHuma23juin25.jpg?resize=768%2C761&amp;ssl=1 768w\" sizes=\"auto, (max-width: 940px) 100vw, 940px\" \/><\/a><figcaption id=\"caption-attachment-14385\" class=\"wp-caption-text\">L&rsquo;Humanit\u00e9 du 23 juin 2025<\/figcaption><\/figure>\n<hr>\n<h2 style=\"text-align: center;\"><strong><a href=\"https:\/\/www.pcf.fr\/trump_guerre_iran\" target=\"_blank\" rel=\"noopener\">D\u00e9claration PCF 22 juin<\/a><\/strong><\/h2>\n<hr>\n<h2 style=\"text-align: center;\"><a href=\"https:\/\/www.gastonballiot.fr\/?page_id=9381\" target=\"_blank\" rel=\"noopener\">Le livre noir des USA<\/a><\/h2>\n<p style=\"text-align: center;\">Un pays qui a sem\u00e9 la guerre partout sur la plan\u00e8te, et qui continue h\u00e9las.<br \/>\nVietnam, Cor\u00e8e,, Afganistan, Syrie, Irak, etc.. sans compter les interventions de soutien \u00e0 des coups d&rsquo;\u00e9tat en Afrique et en Am\u00e9rique latine<\/p>\n<hr>\n<p>Jean-Paul Legrand, sur Facebook :<\/p>\n<p>Je condamne, comme tout le pays doit le faire sans ambigu\u00eft\u00e9, l\u2019entr\u00e9e en guerre d\u00e9cr\u00e9t\u00e9e sans mandat de son peuple et de ses institutions repr\u00e9sentatives, par Trump : La France et l\u2019Europe doivent agir pour barrer la route \u00e0 l\u2019escalade guerri\u00e8re et porter la voie de la paix aux c\u00f4t\u00e9s des Nations-Unies<br \/>\nL\u2019entr\u00e9e en guerre des USA de Trump cette nuit pour d\u00e9senvaser l\u2019attaque d\u2019Isra\u00ebl sur l\u2019Iran, ne r\u00e9v\u00e8le pas seulement l\u2019impasse dans lequel Netanyahou a enferm\u00e9 son pays, elle vient sonner l\u2019alarme de la g\u00e9n\u00e9ralisation de l\u2019inhumanit\u00e9 et de la loi du plus violent sur toute la plan\u00e8te.<br \/>\nComme pour l\u2019Ukraine et Gaza, ces guerres sont le r\u00e9sultat d\u2019une strat\u00e9gie \u00ab naturelle \u00bb d\u00e8s que l\u2019extr\u00eame droite est au pouvoir d\u2019un pays poss\u00e9dant une force de frappe militaire.<br \/>\nUne strat\u00e9gie qui &#8211; Trump et Netanyahou l\u2019assument ainsi -, a vocation \u00e0 changer la face du monde, \u00e0 redessiner les fronti\u00e8res, et les relations entre \u00c9tats.<br \/>\nPour eux et leurs \u00e9mules en France comme ailleurs, fini l\u2019Etat de droit, l\u2019Etat des droits, le respect des peuples, de l\u2019humanit\u00e9, de la plan\u00e8te, de son environnement, de ses oc\u00e9ans, de son climat ; termin\u00e9e la coop\u00e9ration internationale, le droit international, la notion m\u00eame de justice et de solidarit\u00e9 envers les plus d\u00e9munis, les plus fragiles.<br \/>\nD\u00e9sormais avec eux, c\u2019est le capitalisme pouss\u00e9 \u00e0 son paroxysme qui d\u00e9tient le capital a droit de vie ou de mort sur autrui\u2026), la loi du plus fort, du plus violent, la confiscation des \u00c9tats pour les int\u00e9r\u00eats des plus riches, des plus puissants\u2026 et de ceux qui dirigent le pays selon le vieil adage : \u00ab on n\u2019est jamais mieux servi que par soi m\u00eame\u2026 \u00bb<br \/>\nSauf que ce capitalisme l\u00e0, sans limite, conduit \u00e0 la violence permanente, \u00e0 l\u2019ins\u00e9curit\u00e9 permanente, aux guerres permanentes. Ce fascisme capitaliste conduit \u00e0 l\u2019autodestruction de l\u2019humanit\u00e9, de la plan\u00e8te et de ses ressources.<br \/>\n\u00ab Le grand remplacement \u00bb de l\u2019ordre social et mondial issu des atrocit\u00e9s de la Seconde Guerre Mondiale, il est dans ce fascisme capitalisme l\u00e0, et pas dans l\u2019immigration, la dette ou autre diversion invent\u00e9e pour conditionner et dominer les peuples par la peur, les psychoses\u2026<br \/>\nFace \u00e0 ces logiques du chaos organis\u00e9, de cette strat\u00e9gie de la peur, de la violence, de l\u2019asservissement, de l\u2019avilissement humain, nous sommes tous concern\u00e9s. Par nos r\u00e9flexions, nos actes, nos paroles, nos votes et nos mobilisations.<br \/>\nExigeons de ceux qui exercent le pouvoir au nom du peuple Fran\u00e7ais que la France retrouve la voie (et la voix !) de la paix, de l\u2019humanit\u00e9, du genre humain.<br \/>\nLa France et l\u2019Europe doivent faire barrage aux faiseurs de guerre et imposer aux c\u00f4t\u00e9s de ONU le chemin de la paix.<\/p>\n<hr>\n<h2 style=\"text-align: center;\">L&rsquo;avis de Jeffrey Sachs, un am\u00e9ricain bien inform\u00e9<\/h2>\n<p>&nbsp;<br \/>\n<iframe loading=\"lazy\" title=\"Le professeur Jeffrey Sachs r\u00e9v\u00e8le la v\u00e9rit\u00e9 sur la guerre entre les \u00c9tats-Unis et l'Iran\" src=\"https:\/\/www.youtube.com\/embed\/hrwGNN0qNgY\" width=\"729\" height=\"410\" frameborder=\"0\" allowfullscreen=\"allowfullscreen\"><\/iframe><\/p>\n","protected":false},"excerpt":{"rendered":"<p>Isra\u00ebl effectue un g\u00e9nocide \u00e0 Gaza en toute impunit\u00e9. De quel droit bombarde t&rsquo;il en plus le Liban, la Syrie, le Yemen, et maintenant l&rsquo;Iran ? De quel droit&nbsp; les USA se permettent de bombarder un territoire \u00e0 des milliers de km de son sol ? Ils ont menti sur la Libye.Ils ont menti sur la Syrie.Ils ont menti sur l&rsquo;Irak.Ils mentent sur l&rsquo;Iran. Ils ont d\u00e9truit la Libye Ils ont d\u00e9truit&nbsp; la Syrie Ils ont d\u00e9truit&nbsp; l&rsquo;Irak Ils veulent d\u00e9truire &#8230; <a title=\"USA &#8211; Isra\u00ebl &#8211; Deux \u00e9tats terroristes &#8211; Associ\u00e9s pour le pire\" class=\"read-more\" href=\"https:\/\/www.gastonballiot.fr\/?p=14368\" aria-label=\"Plus sur USA &#8211; Isra\u00ebl &#8211; Deux \u00e9tats terroristes &#8211; Associ\u00e9s pour le pire\">Lire la suite&#8230;<\/a><\/p>\n","protected":false},"author":1,"featured_media":14389,"comment_status":"closed","ping_status":"closed","sticky":false,"template":"","format":"standard","meta":{"ngg_post_thumbnail":0,"jetpack_post_was_ever_published":false,"_jetpack_newsletter_access":"","_jetpack_dont_email_post_to_subs":false,"_jetpack_newsletter_tier_id":0,"_jetpack_memberships_contains_paywalled_content":false,"_jetpack_memberships_contains_paid_content":false,"footnotes":"","jetpack_publicize_message":"","jetpack_publicize_feature_enabled":true,"jetpack_social_post_already_shared":true,"jetpack_social_options":{"image_generator_settings":{"template":"highway","enabled":false},"version":2}},"categories":[2,12,11],"tags":[70,364,78,199],"class_list":["post-14368","post","type-post","status-publish","format-standard","has-post-thumbnail","hentry","category-a-la-une","category-paix-desarmement","category-moyen-orient","tag-guerre","tag-iran","tag-israel","tag-usa","infinite-scroll-item","masonry-post","generate-columns","tablet-grid-50","mobile-grid-100","grid-parent","grid-33"],"jetpack_publicize_connections":[],"yoast_head":"<!-- This site is optimized with the Yoast SEO plugin v27.5 - https:\/\/yoast.com\/product\/yoast-seo-wordpress\/ -->\n<title>USA - Isra\u00ebl - Deux \u00e9tats terroristes - Associ\u00e9s pour le pire - Le blog politique de Gaston<\/title>\n<meta name=\"robots\" content=\"index, follow, max-snippet:-1, max-image-preview:large, max-video-preview:-1\" \/>\n<link rel=\"canonical\" href=\"https:\/\/www.gastonballiot.fr\/?p=14368\" \/>\n<meta property=\"og:locale\" content=\"fr_FR\" \/>\n<meta property=\"og:type\" content=\"article\" \/>\n<meta property=\"og:title\" content=\"USA - Isra\u00ebl - Deux \u00e9tats terroristes - Associ\u00e9s pour le pire - Le blog politique de Gaston\" \/>\n<meta property=\"og:description\" content=\"Isra\u00ebl effectue un g\u00e9nocide \u00e0 Gaza en toute impunit\u00e9. De quel droit bombarde t&rsquo;il en plus le Liban, la Syrie, le Yemen, et maintenant l&rsquo;Iran ? De quel droit&nbsp; les USA se permettent de bombarder un territoire \u00e0 des milliers de km de son sol ? Ils ont menti sur la Libye.Ils ont menti sur la Syrie.Ils ont menti sur l&rsquo;Irak.Ils mentent sur l&rsquo;Iran. Ils ont d\u00e9truit la Libye Ils ont d\u00e9truit&nbsp; la Syrie Ils ont d\u00e9truit&nbsp; l&rsquo;Irak Ils veulent d\u00e9truire ... Lire la suite...\" \/>\n<meta property=\"og:url\" content=\"https:\/\/www.gastonballiot.fr\/?p=14368\" \/>\n<meta property=\"og:site_name\" content=\"Le blog politique de Gaston\" \/>\n<meta property=\"article:publisher\" content=\"https:\/\/www.facebook.com\/gaston.balliot\/\" \/>\n<meta property=\"article:author\" content=\"https:\/\/www.facebook.com\/gaston.balliot\/\" \/>\n<meta property=\"article:published_time\" content=\"2025-06-23T18:52:24+00:00\" \/>\n<meta property=\"og:image\" content=\"https:\/\/i0.wp.com\/www.gastonballiot.fr\/wp-content\/uploads\/2025\/06\/Irresponsable.jpg?fit=814%2C419&ssl=1\" \/>\n\t<meta property=\"og:image:width\" content=\"814\" \/>\n\t<meta property=\"og:image:height\" content=\"419\" \/>\n\t<meta property=\"og:image:type\" content=\"image\/jpeg\" \/>\n<meta name=\"author\" content=\"gb\" \/>\n<meta name=\"twitter:card\" content=\"summary_large_image\" \/>\n<meta name=\"twitter:label1\" content=\"\u00c9crit par\" \/>\n\t<meta name=\"twitter:data1\" content=\"gb\" \/>\n\t<meta name=\"twitter:label2\" content=\"Dur\u00e9e de lecture estim\u00e9e\" \/>\n\t<meta name=\"twitter:data2\" content=\"4 minutes\" \/>\n<script type=\"application\/ld+json\" class=\"yoast-schema-graph\">{\"@context\":\"https:\\\/\\\/schema.org\",\"@graph\":[{\"@type\":\"Article\",\"@id\":\"https:\\\/\\\/www.gastonballiot.fr\\\/?p=14368#article\",\"isPartOf\":{\"@id\":\"https:\\\/\\\/www.gastonballiot.fr\\\/?p=14368\"},\"author\":{\"name\":\"gb\",\"@id\":\"https:\\\/\\\/www.gastonballiot.fr\\\/#\\\/schema\\\/person\\\/244a5e02696abd8a65c5b1bebdb948ca\"},\"headline\":\"USA &#8211; Isra\u00ebl &#8211; Deux \u00e9tats terroristes &#8211; Associ\u00e9s pour le pire\",\"datePublished\":\"2025-06-23T18:52:24+00:00\",\"mainEntityOfPage\":{\"@id\":\"https:\\\/\\\/www.gastonballiot.fr\\\/?p=14368\"},\"wordCount\":690,\"publisher\":{\"@id\":\"https:\\\/\\\/www.gastonballiot.fr\\\/#\\\/schema\\\/person\\\/244a5e02696abd8a65c5b1bebdb948ca\"},\"image\":{\"@id\":\"https:\\\/\\\/www.gastonballiot.fr\\\/?p=14368#primaryimage\"},\"thumbnailUrl\":\"https:\\\/\\\/i0.wp.com\\\/www.gastonballiot.fr\\\/wp-content\\\/uploads\\\/2025\\\/06\\\/Irresponsable.jpg?fit=814%2C419&ssl=1\",\"keywords\":[\"guerre\",\"Iran\",\"Isra\u00ebl\",\"USA\"],\"articleSection\":[\"A la une\",\"Paix-D\u00e9sarmement\",\"Proche Orient\"],\"inLanguage\":\"fr-FR\"},{\"@type\":\"WebPage\",\"@id\":\"https:\\\/\\\/www.gastonballiot.fr\\\/?p=14368\",\"url\":\"https:\\\/\\\/www.gastonballiot.fr\\\/?p=14368\",\"name\":\"USA - Isra\u00ebl - Deux \u00e9tats terroristes - Associ\u00e9s pour le pire - Le blog politique de Gaston\",\"isPartOf\":{\"@id\":\"https:\\\/\\\/www.gastonballiot.fr\\\/#website\"},\"primaryImageOfPage\":{\"@id\":\"https:\\\/\\\/www.gastonballiot.fr\\\/?p=14368#primaryimage\"},\"image\":{\"@id\":\"https:\\\/\\\/www.gastonballiot.fr\\\/?p=14368#primaryimage\"},\"thumbnailUrl\":\"https:\\\/\\\/i0.wp.com\\\/www.gastonballiot.fr\\\/wp-content\\\/uploads\\\/2025\\\/06\\\/Irresponsable.jpg?fit=814%2C419&ssl=1\",\"datePublished\":\"2025-06-23T18:52:24+00:00\",\"breadcrumb\":{\"@id\":\"https:\\\/\\\/www.gastonballiot.fr\\\/?p=14368#breadcrumb\"},\"inLanguage\":\"fr-FR\",\"potentialAction\":[{\"@type\":\"ReadAction\",\"target\":[\"https:\\\/\\\/www.gastonballiot.fr\\\/?p=14368\"]}]},{\"@type\":\"ImageObject\",\"inLanguage\":\"fr-FR\",\"@id\":\"https:\\\/\\\/www.gastonballiot.fr\\\/?p=14368#primaryimage\",\"url\":\"https:\\\/\\\/i0.wp.com\\\/www.gastonballiot.fr\\\/wp-content\\\/uploads\\\/2025\\\/06\\\/Irresponsable.jpg?fit=814%2C419&ssl=1\",\"contentUrl\":\"https:\\\/\\\/i0.wp.com\\\/www.gastonballiot.fr\\\/wp-content\\\/uploads\\\/2025\\\/06\\\/Irresponsable.jpg?fit=814%2C419&ssl=1\",\"width\":814,\"height\":419},{\"@type\":\"BreadcrumbList\",\"@id\":\"https:\\\/\\\/www.gastonballiot.fr\\\/?p=14368#breadcrumb\",\"itemListElement\":[{\"@type\":\"ListItem\",\"position\":1,\"name\":\"Accueil\",\"item\":\"https:\\\/\\\/www.gastonballiot.fr\\\/\"},{\"@type\":\"ListItem\",\"position\":2,\"name\":\"USA &#8211; Isra\u00ebl &#8211; Deux \u00e9tats terroristes &#8211; Associ\u00e9s pour le pire\"}]},{\"@type\":\"WebSite\",\"@id\":\"https:\\\/\\\/www.gastonballiot.fr\\\/#website\",\"url\":\"https:\\\/\\\/www.gastonballiot.fr\\\/\",\"name\":\"Le blog politique de Gaston\",\"description\":\"L&#039;humain d&#039;abord, pas la finance !\",\"publisher\":{\"@id\":\"https:\\\/\\\/www.gastonballiot.fr\\\/#\\\/schema\\\/person\\\/244a5e02696abd8a65c5b1bebdb948ca\"},\"potentialAction\":[{\"@type\":\"SearchAction\",\"target\":{\"@type\":\"EntryPoint\",\"urlTemplate\":\"https:\\\/\\\/www.gastonballiot.fr\\\/?s={search_term_string}\"},\"query-input\":{\"@type\":\"PropertyValueSpecification\",\"valueRequired\":true,\"valueName\":\"search_term_string\"}}],\"inLanguage\":\"fr-FR\"},{\"@type\":[\"Person\",\"Organization\"],\"@id\":\"https:\\\/\\\/www.gastonballiot.fr\\\/#\\\/schema\\\/person\\\/244a5e02696abd8a65c5b1bebdb948ca\",\"name\":\"gb\",\"image\":{\"@type\":\"ImageObject\",\"inLanguage\":\"fr-FR\",\"@id\":\"https:\\\/\\\/i0.wp.com\\\/www.gastonballiot.fr\\\/wp-content\\\/uploads\\\/2017\\\/04\\\/cropped-Marianne-drapeau-rouge.gif?fit=512%2C512&ssl=1\",\"url\":\"https:\\\/\\\/i0.wp.com\\\/www.gastonballiot.fr\\\/wp-content\\\/uploads\\\/2017\\\/04\\\/cropped-Marianne-drapeau-rouge.gif?fit=512%2C512&ssl=1\",\"contentUrl\":\"https:\\\/\\\/i0.wp.com\\\/www.gastonballiot.fr\\\/wp-content\\\/uploads\\\/2017\\\/04\\\/cropped-Marianne-drapeau-rouge.gif?fit=512%2C512&ssl=1\",\"width\":512,\"height\":512,\"caption\":\"gb\"},\"logo\":{\"@id\":\"https:\\\/\\\/i0.wp.com\\\/www.gastonballiot.fr\\\/wp-content\\\/uploads\\\/2017\\\/04\\\/cropped-Marianne-drapeau-rouge.gif?fit=512%2C512&ssl=1\"},\"description\":\"Gaston Balliot, militant du Front de Gauche en pays bigouden - Pont L'Abb\u00e9 - Loctudy - Guilvinec - Penmarc'h - Ile Tudy - Combrit Ste Marine - Tr\u00e9meoc - Plon\u00e9our, p\u00eache tourisme\",\"sameAs\":[\"https:\\\/\\\/www.facebook.com\\\/gaston.balliot\\\/\"]}]}<\/script>\n<!-- \/ Yoast SEO plugin. -->","yoast_head_json":{"title":"USA - Isra\u00ebl - Deux \u00e9tats terroristes - Associ\u00e9s pour le pire - Le blog politique de Gaston","robots":{"index":"index","follow":"follow","max-snippet":"max-snippet:-1","max-image-preview":"max-image-preview:large","max-video-preview":"max-video-preview:-1"},"canonical":"https:\/\/www.gastonballiot.fr\/?p=14368","og_locale":"fr_FR","og_type":"article","og_title":"USA - Isra\u00ebl - Deux \u00e9tats terroristes - Associ\u00e9s pour le pire - Le blog politique de Gaston","og_description":"Isra\u00ebl effectue un g\u00e9nocide \u00e0 Gaza en toute impunit\u00e9. De quel droit bombarde t&rsquo;il en plus le Liban, la Syrie, le Yemen, et maintenant l&rsquo;Iran ? De quel droit&nbsp; les USA se permettent de bombarder un territoire \u00e0 des milliers de km de son sol ? Ils ont menti sur la Libye.Ils ont menti sur la Syrie.Ils ont menti sur l&rsquo;Irak.Ils mentent sur l&rsquo;Iran. Ils ont d\u00e9truit la Libye Ils ont d\u00e9truit&nbsp; la Syrie Ils ont d\u00e9truit&nbsp; l&rsquo;Irak Ils veulent d\u00e9truire ... Lire la suite...","og_url":"https:\/\/www.gastonballiot.fr\/?p=14368","og_site_name":"Le blog politique de Gaston","article_publisher":"https:\/\/www.facebook.com\/gaston.balliot\/","article_author":"https:\/\/www.facebook.com\/gaston.balliot\/","article_published_time":"2025-06-23T18:52:24+00:00","og_image":[{"width":814,"height":419,"url":"https:\/\/i0.wp.com\/www.gastonballiot.fr\/wp-content\/uploads\/2025\/06\/Irresponsable.jpg?fit=814%2C419&ssl=1","type":"image\/jpeg"}],"author":"gb","twitter_card":"summary_large_image","twitter_misc":{"\u00c9crit par":"gb","Dur\u00e9e de lecture estim\u00e9e":"4 minutes"},"schema":{"@context":"https:\/\/schema.org","@graph":[{"@type":"Article","@id":"https:\/\/www.gastonballiot.fr\/?p=14368#article","isPartOf":{"@id":"https:\/\/www.gastonballiot.fr\/?p=14368"},"author":{"name":"gb","@id":"https:\/\/www.gastonballiot.fr\/#\/schema\/person\/244a5e02696abd8a65c5b1bebdb948ca"},"headline":"USA &#8211; Isra\u00ebl &#8211; Deux \u00e9tats terroristes &#8211; Associ\u00e9s pour le pire","datePublished":"2025-06-23T18:52:24+00:00","mainEntityOfPage":{"@id":"https:\/\/www.gastonballiot.fr\/?p=14368"},"wordCount":690,"publisher":{"@id":"https:\/\/www.gastonballiot.fr\/#\/schema\/person\/244a5e02696abd8a65c5b1bebdb948ca"},"image":{"@id":"https:\/\/www.gastonballiot.fr\/?p=14368#primaryimage"},"thumbnailUrl":"https:\/\/i0.wp.com\/www.gastonballiot.fr\/wp-content\/uploads\/2025\/06\/Irresponsable.jpg?fit=814%2C419&ssl=1","keywords":["guerre","Iran","Isra\u00ebl","USA"],"articleSection":["A la une","Paix-D\u00e9sarmement","Proche Orient"],"inLanguage":"fr-FR"},{"@type":"WebPage","@id":"https:\/\/www.gastonballiot.fr\/?p=14368","url":"https:\/\/www.gastonballiot.fr\/?p=14368","name":"USA - Isra\u00ebl - Deux \u00e9tats terroristes - Associ\u00e9s pour le pire - Le blog politique de Gaston","isPartOf":{"@id":"https:\/\/www.gastonballiot.fr\/#website"},"primaryImageOfPage":{"@id":"https:\/\/www.gastonballiot.fr\/?p=14368#primaryimage"},"image":{"@id":"https:\/\/www.gastonballiot.fr\/?p=14368#primaryimage"},"thumbnailUrl":"https:\/\/i0.wp.com\/www.gastonballiot.fr\/wp-content\/uploads\/2025\/06\/Irresponsable.jpg?fit=814%2C419&ssl=1","datePublished":"2025-06-23T18:52:24+00:00","breadcrumb":{"@id":"https:\/\/www.gastonballiot.fr\/?p=14368#breadcrumb"},"inLanguage":"fr-FR","potentialAction":[{"@type":"ReadAction","target":["https:\/\/www.gastonballiot.fr\/?p=14368"]}]},{"@type":"ImageObject","inLanguage":"fr-FR","@id":"https:\/\/www.gastonballiot.fr\/?p=14368#primaryimage","url":"https:\/\/i0.wp.com\/www.gastonballiot.fr\/wp-content\/uploads\/2025\/06\/Irresponsable.jpg?fit=814%2C419&ssl=1","contentUrl":"https:\/\/i0.wp.com\/www.gastonballiot.fr\/wp-content\/uploads\/2025\/06\/Irresponsable.jpg?fit=814%2C419&ssl=1","width":814,"height":419},{"@type":"BreadcrumbList","@id":"https:\/\/www.gastonballiot.fr\/?p=14368#breadcrumb","itemListElement":[{"@type":"ListItem","position":1,"name":"Accueil","item":"https:\/\/www.gastonballiot.fr\/"},{"@type":"ListItem","position":2,"name":"USA &#8211; Isra\u00ebl &#8211; Deux \u00e9tats terroristes &#8211; Associ\u00e9s pour le pire"}]},{"@type":"WebSite","@id":"https:\/\/www.gastonballiot.fr\/#website","url":"https:\/\/www.gastonballiot.fr\/","name":"Le blog politique de Gaston","description":"L&#039;humain d&#039;abord, pas la finance !","publisher":{"@id":"https:\/\/www.gastonballiot.fr\/#\/schema\/person\/244a5e02696abd8a65c5b1bebdb948ca"},"potentialAction":[{"@type":"SearchAction","target":{"@type":"EntryPoint","urlTemplate":"https:\/\/www.gastonballiot.fr\/?s={search_term_string}"},"query-input":{"@type":"PropertyValueSpecification","valueRequired":true,"valueName":"search_term_string"}}],"inLanguage":"fr-FR"},{"@type":["Person","Organization"],"@id":"https:\/\/www.gastonballiot.fr\/#\/schema\/person\/244a5e02696abd8a65c5b1bebdb948ca","name":"gb","image":{"@type":"ImageObject","inLanguage":"fr-FR","@id":"https:\/\/i0.wp.com\/www.gastonballiot.fr\/wp-content\/uploads\/2017\/04\/cropped-Marianne-drapeau-rouge.gif?fit=512%2C512&ssl=1","url":"https:\/\/i0.wp.com\/www.gastonballiot.fr\/wp-content\/uploads\/2017\/04\/cropped-Marianne-drapeau-rouge.gif?fit=512%2C512&ssl=1","contentUrl":"https:\/\/i0.wp.com\/www.gastonballiot.fr\/wp-content\/uploads\/2017\/04\/cropped-Marianne-drapeau-rouge.gif?fit=512%2C512&ssl=1","width":512,"height":512,"caption":"gb"},"logo":{"@id":"https:\/\/i0.wp.com\/www.gastonballiot.fr\/wp-content\/uploads\/2017\/04\/cropped-Marianne-drapeau-rouge.gif?fit=512%2C512&ssl=1"},"description":"Gaston Balliot, militant du Front de Gauche en pays bigouden - Pont L'Abb\u00e9 - Loctudy - Guilvinec - Penmarc'h - Ile Tudy - Combrit Ste Marine - Tr\u00e9meoc - Plon\u00e9our, p\u00eache tourisme","sameAs":["https:\/\/www.facebook.com\/gaston.balliot\/"]}]}},"jetpack_featured_media_url":"https:\/\/i0.wp.com\/www.gastonballiot.fr\/wp-content\/uploads\/2025\/06\/Irresponsable.jpg?fit=814%2C419&ssl=1","jetpack_shortlink":"https:\/\/wp.me\/p5UTaD-3JK","jetpack-related-posts":[],"jetpack_likes_enabled":true,"jetpack_sharing_enabled":true,"_links":{"self":[{"href":"https:\/\/www.gastonballiot.fr\/index.php?rest_route=\/wp\/v2\/posts\/14368","targetHints":{"allow":["GET"]}}],"collection":[{"href":"https:\/\/www.gastonballiot.fr\/index.php?rest_route=\/wp\/v2\/posts"}],"about":[{"href":"https:\/\/www.gastonballiot.fr\/index.php?rest_route=\/wp\/v2\/types\/post"}],"author":[{"embeddable":true,"href":"https:\/\/www.gastonballiot.fr\/index.php?rest_route=\/wp\/v2\/users\/1"}],"replies":[{"embeddable":true,"href":"https:\/\/www.gastonballiot.fr\/index.php?rest_route=%2Fwp%2Fv2%2Fcomments&post=14368"}],"version-history":[{"count":14,"href":"https:\/\/www.gastonballiot.fr\/index.php?rest_route=\/wp\/v2\/posts\/14368\/revisions"}],"predecessor-version":[{"id":14387,"href":"https:\/\/www.gastonballiot.fr\/index.php?rest_route=\/wp\/v2\/posts\/14368\/revisions\/14387"}],"wp:featuredmedia":[{"embeddable":true,"href":"https:\/\/www.gastonballiot.fr\/index.php?rest_route=\/wp\/v2\/media\/14389"}],"wp:attachment":[{"href":"https:\/\/www.gastonballiot.fr\/index.php?rest_route=%2Fwp%2Fv2%2Fmedia&parent=14368"}],"wp:term":[{"taxonomy":"category","embeddable":true,"href":"https:\/\/www.gastonballiot.fr\/index.php?rest_route=%2Fwp%2Fv2%2Fcategories&post=14368"},{"taxonomy":"post_tag","embeddable":true,"href":"https:\/\/www.gastonballiot.fr\/index.php?rest_route=%2Fwp%2Fv2%2Ftags&post=14368"}],"curies":[{"name":"wp","href":"https:\/\/api.w.org\/{rel}","templated":true}]}}