{"id":14551,"date":"2025-07-20T16:28:52","date_gmt":"2025-07-20T14:28:52","guid":{"rendered":"https:\/\/www.gastonballiot.fr\/?p=14551"},"modified":"2025-07-20T19:38:23","modified_gmt":"2025-07-20T17:38:23","slug":"deux-temoignages-de-palestine","status":"publish","type":"post","link":"https:\/\/www.gastonballiot.fr\/?p=14551","title":{"rendered":"Deux t\u00e9moignages de Palestine"},"content":{"rendered":"<p><em>L&rsquo;Afps Cornouaille soutien le Peuple Palestinien &#8211; Cisjordanie et Gaza &#8211; par la diffusion d&rsquo;informations, l&rsquo;organisation de rassemblements locaux et un soutien mat\u00e9riel depuis de nombreuses ann\u00e9es, par exemple: l&rsquo;aide \u00e0 la cr\u00e9ation d&rsquo;une coop\u00e9rative agricole de jus de raisins \u00e0 Hallul, pr\u00e8s d&rsquo;Hebron et actuellement un soutien financier aupr\u00e8s de l&rsquo;association Atfaluna \u00e0 Gaza, association de soutien psychologique aupr\u00e8s d&rsquo;enfants.<\/em><\/p>\n<p><em>Des liens et des contacts proches se sont cr\u00e9\u00e9s, et notamment avec Raed et Mohammad. La proximit\u00e9 de nos relations ont permis de recueillir ces deux t\u00e9moignages:<\/em><\/p>\n<p><em>Raed est paysan \u00e0 c\u00f4t\u00e9 d\u2019H\u00e9bron, il cultive essentiellement des vignes de raisins au couteau et des oliviers. Il connait bien la Bretagne et a beaucoup de liens avec les Afps en France, ainsi qu&rsquo;avec la Conf\u00e9d\u00e9ration paysanne. Le travail agricole est un acte de r\u00e9sistance qui permet une ind\u00e9pendance \u00e9conomique vis \u00e0 vis de l\u2019\u00c9tat colonial et emp\u00eache la d\u00e9possession de leurs terres.<\/em><\/p>\n<p><em>Mohammad est un jeune homme du camp de r\u00e9fugi\u00e9s d&rsquo;Aida \u00e0 c\u00f4t\u00e9 de<\/em><br \/>\n<em>Bethl\u00e9em . Il est venu ici en pays bigouden en 2018 et nous l&rsquo;avons<\/em><br \/>\n<em>retrouv\u00e9 en 2019 au camp d&rsquo;Aida. Comme beaucoup de jeunes des camps, il a poursuivit des \u00e9tudes sup\u00e9rieures, mais la vie dans les camps de r\u00e9fugi\u00e9s offre peu de perspective d&#8217;emploi, et comme beaucoup ils essaient de trouver des petits travaux sur place. Mais l&rsquo;UNRWA (organisation des Nations Unis pour les r\u00e9fugi\u00e9s palestiniens) a depuis 2023 de grandes difficult\u00e9s financi\u00e8res (li\u00e9es aux d\u00e9cisions de l&rsquo;Etat d&rsquo;Isra\u00ebl), ce qui complique \u00e9norm\u00e9ment la vie mat\u00e9riel et de subsistance des r\u00e9fugi\u00e9s des camps.<\/em><\/p>\n<p><em>Depuis nous sommes en lien tr\u00e8s souvent avec Raed et Mohammad. Ils suivent de pr\u00e8s nos actions \u00e0 Quimper ou Pont l&rsquo;Abb\u00e9.<\/em><\/p>\n<p>M.C.&nbsp; <em>&lsquo;Afps Cornouaille<\/em><\/p>\n<hr>\n<p style=\"padding-left: 40px;\"><strong>Raed est paysan \u00e0 Hallul, pr\u00e8s d\u2019Hebron en Cisjordanie. Il cultive le raisin et les<\/strong><br \/>\n<strong>oliviers. Il est dans une coop\u00e9rative agricole de jus de raisins. Cette coop\u00e9rative a \u00e9t\u00e9<\/strong><br \/>\n<strong>cr\u00e9\u00e9e pour ne plus \u00eatre soumis aux al\u00e9as des d\u00e9cisions de l\u2019Etat Isra\u00e9lien concernant la<\/strong><br \/>\n<strong>vente du raisin. Elle a \u00e9t\u00e9 en partie financ\u00e9e et soutenue par les groupes Afps<\/strong><br \/>\n<strong>Bretagne (5 d\u00e9partements). Raed est venu de nombreuses fois en Bretagne.<\/strong><br \/>\n<strong>Il \u00e9crit le 10 juillet, alors que le parti du Likoud (parti de droite isra\u00e9lienne) veut<\/strong><br \/>\n<strong>annexer la Cisjordanie avant la fin juillet de cette ann\u00e9e.<\/strong><\/p>\n<p>Je ne sais pas par o\u00f9 commencer. Il n\u2019est pas juste de dire que l\u2019histoire a commenc\u00e9<br \/>\nle 7 octobre 2023, car nous savons qu\u2019elle a commenc\u00e9 il y a plus de cent ans, lorsque<br \/>\ncette entit\u00e9 a \u00e9t\u00e9 cr\u00e9\u00e9e par une d\u00e9cision de puissances capitalistes afin de contr\u00f4ler<br \/>\nle Moyen-Orient et de piller ses ressources.<br \/>\nL&rsquo;entit\u00e9 sioniste a \u00e9t\u00e9 \u00e9tablie apr\u00e8s avoir tu\u00e9 et d\u00e9plac\u00e9 des milliers de Palestiniens,<br \/>\net elle continue jusqu&rsquo;\u00e0 aujourd\u2019hui \u00e0 commettre des crimes contre notre peuple.<br \/>\nNous avons fait la paix avec eux et accept\u00e9 le strict minimum, mais en 1996,<br \/>\nNetanyahou a d\u00e9cid\u00e9 de mettre fin aux accords d&rsquo;Oslo et ils ont entam\u00e9 une nouvelle<br \/>\nphase de colonisation, ce qui a men\u00e9 \u00e0 la deuxi\u00e8me Intifada.<br \/>\nLes colonies se sont multipli\u00e9es, les colons aussi, devenant plus nombreux et plus<br \/>\nviolents.<br \/>\nAvant le 7 octobre, les colons avaient d\u00e9j\u00e0 lanc\u00e9 des attaques contre les Palestiniens,<br \/>\nbr\u00fbl\u00e9 des terres et des maisons, tu\u00e9 des gens, assi\u00e9g\u00e9 Gaza, et emp\u00each\u00e9 les<br \/>\nPalestiniens d\u2019acc\u00e9der \u00e0 J\u00e9rusalem. Les \u00e9v\u00e9nements du 7 octobre \u00e9taient donc une<br \/>\ncons\u00e9quence in\u00e9vitable.<br \/>\nEn ce moment, en Cisjordanie, l\u2019occupation a ferm\u00e9 toutes les sorties des villes et<br \/>\nvillages, interdit la libre circulation, impos\u00e9 un blocus \u00e9conomique, expuls\u00e9 tous les<br \/>\ntravailleurs palestiniens de leurs emplois en Isra\u00ebl, et emp\u00each\u00e9 les agriculteurs<br \/>\ncomme nous de travailler nos terres.<br \/>\nIls ont form\u00e9 des groupes de jeunes colons qui volent les troupeaux des Palestiniens<br \/>\net p\u00e9n\u00e8trent d\u00e9sormais sur nos terres, o\u00f9 ils ravagent les vignes, les oliviers et les<br \/>\nplants de l\u00e9gumes.<br \/>\nNous avons constitu\u00e9 des groupes d\u2019agriculteurs pour d\u00e9fendre nos terres, et chaque<br \/>\njour nous affrontons ces colons, bien s\u00fbr, eux sont sous la protection de l\u2019arm\u00e9e.<br \/>\nLa coop\u00e9rative, comme les autres activit\u00e9s \u00e9conomiques, souffre de probl\u00e8mes<br \/>\n\u00e9conomiques, car nos produits sont consid\u00e9r\u00e9s comme non essentiels comme la<br \/>\nfarine et le riz. Le niveau de vie des gens a baiss\u00e9, car Isra\u00ebl nous a \u00e9galement impos\u00e9<br \/>\nune guerre \u00e9conomique. Les ouvriers sont sans emploi et les employ\u00e9s de l\u2019Autorit\u00e9<br \/>\npalestinienne ne re\u00e7oivent pas la totalit\u00e9 de leurs salaires.<br \/>\n&nbsp;<br \/>\nNous avons mis en place un plan d\u2019urgence pour cette ann\u00e9e, non seulement contre<br \/>\nla politique isra\u00e9lienne, mais aussi face au changement climatique, car la Palestine<br \/>\nconna\u00eet une s\u00e9cheresse sans pr\u00e9c\u00e9dent.<br \/>\nEn ce qui concerne les routes, Isra\u00ebl a install\u00e9 950 barri\u00e8res dans toute la Cisjordanie.<br \/>\nCertaines sont toujours ferm\u00e9es, d&rsquo;autres ne s\u2019ouvrent que quelques heures par jour.<br \/>\nMoi, je vais chaque jour travailler dans mes champs, soit en tracteur, soit \u00e0 pied,<br \/>\nselon la situation des barri\u00e8res. Parfois, je rends visite \u00e0 ma famille \u00e0 J\u00e9rusalem, selon<br \/>\nles circonstances.<br \/>\nLa situation est difficile. Ils veulent que nous quittions la Palestine, leur message est<br \/>\nclair : soit la mort, soit l\u2019exil.<br \/>\nEt nous leur disons : vous avez d\u00e9j\u00e0 essay\u00e9 cela pendant des ann\u00e9es, nous ne sommes<br \/>\npas partis, et nous resterons ici.<br \/>\nJe m\u2019adresse \u00e0 nos camarades dans le monde entier : cette bataille est celle entre le<br \/>\nfascisme et les peuples libres. C\u2019est aussi votre combat. Nous devons tous nous tenir<br \/>\naux c\u00f4t\u00e9s de la Palestine, car la d\u00e9faite de ce peuple serait aussi la v\u00f4tre. Les fascistes<br \/>\ncoop\u00e8rent pour briser la volont\u00e9 de tous les libres de ce monde.<br \/>\nEt parce que nous avons raison, nous serons forc\u00e9ment vainqueurs.<br \/>\nRaed paysan de Palestine<\/p>\n<p style=\"text-align: center;\"><a href=\"https:\/\/www.gastonballiot.fr\/wp-content\/uploads\/2025\/07\/texte-de-Raed.pdf\" target=\"_blank\" rel=\"noopener\">texte de Raed en PDF<\/a><\/p>\n<hr>\n<p style=\"padding-left: 40px;\"><strong>Texte de Mohammad, jeune homme du camp de r\u00e9fugi\u00e9 d\u2019Aida, \u00e0 c\u00f4t\u00e9 de Bethleem,<\/strong><br \/>\n<strong>qui est venu en Bretagne et notamment Quimper et Pont l\u2019Abb\u00e9 en 2018.<\/strong><\/p>\n<p>Le 8 juillet 2025<br \/>\nBonjour de Palestine ,<br \/>\nJ\u2019esp\u00e8re que vous allez bien. Merci beaucoup pour vos messages chaleureux.<br \/>\nLa situation actuelle en Cisjordanie est difficile et complexe en raison des campagnes<br \/>\nde d\u00e9placements forc\u00e9s, des attaques de colons, des confiscations de terres et de la<br \/>\nraret\u00e9 de l\u2019eau. Il y a une pression sociale et \u00e9conomique immense sur les habitants<br \/>\nde la Cisjordanie et de J\u00e9rusalem, dans le but de les pousser \u00e0 l\u2019exil \u00e0 travers un<br \/>\nensemble de politiques coloniales.<br \/>\nDe nombreux habitants ont perdu leur emploi \u00e0 cause de la guerre. Plus de 200 000<br \/>\nPalestiniens ont \u00e9t\u00e9 priv\u00e9s de leurs permis de travail, et l\u2019Autorit\u00e9 palestinienne a \u00e9t\u00e9<br \/>\npriv\u00e9e de ses revenus financiers, ce qui a affect\u00e9 les salaires des employ\u00e9s du secteur<br \/>\npublic, tels que les m\u00e9decins, enseignants, ing\u00e9nieurs et d\u2019autres encore. Par<br \/>\nexemple, les employ\u00e9s ne re\u00e7oivent que 35 % de leur salaire. \u00c0 Bethl\u00e9em, la ville de la<br \/>\nPaix, la guerre a eu un impact tr\u00e8s fort en raison de sa grande d\u00e9pendance au<br \/>\ntourisme : tous les h\u00f4tels sont actuellement ferm\u00e9s. Les prix et le co\u00fbt de la vie<br \/>\nquotidienne ont fortement augment\u00e9, et il y a une p\u00e9nurie de carburant.<br \/>\nMalgr\u00e9 tout cela, les Palestiniens restent attach\u00e9s \u00e0 leurs droits. Ils refusent de c\u00e9der<br \/>\nou de se soumettre. Nous continuons \u00e0 travailler, \u00e0 nous r\u00e9jouir et \u00e0 esp\u00e9rer chaque<br \/>\njour, envers et contre tout.<br \/>\nContinuez votre travail, camarades, nous sommes fiers de vous. Nous partageons<br \/>\navec vous la lutte jusqu\u2019\u00e0 ce que la Palestine soit lib\u00e9r\u00e9e, et que le monde soit lib\u00e9r\u00e9<br \/>\nde l\u2019injustice, de la cupidit\u00e9 et du racisme.<br \/>\nBest,<br \/>\nMohammad<\/p>\n<p style=\"text-align: center;\"><a href=\"https:\/\/www.gastonballiot.fr\/wp-content\/uploads\/2025\/07\/Texte-de-Mohammad.pdf\" target=\"_blank\" rel=\"noopener\">Texte de Mohammad en PDF<\/a><\/p>\n<hr>\n<h3 style=\"text-align: center;\">Soutien au peuple de Palestine<\/h3>\n<p>Un peuple envahi, colonis\u00e9, martyris\u00e9, par un monstre odieux qui cherche \u00e0 l&rsquo;exterminer.<br \/>\nEt cela avec le soutien actif de l&rsquo;imp\u00e9rialisme US et la complicit\u00e9 de la plupart des \u00ab\u00a0d\u00e9mocraties occidentales\u00a0\u00bb dont la France<\/p>\n<p><a href=\"https:\/\/www.france-palestine.org\/\" target=\"_blank\" rel=\"noopener\"><img data-recalc-dims=\"1\" loading=\"lazy\" decoding=\"async\" data-attachment-id=\"13694\" data-permalink=\"https:\/\/www.gastonballiot.fr\/?attachment_id=13694#main\" data-orig-file=\"https:\/\/i0.wp.com\/www.gastonballiot.fr\/wp-content\/uploads\/2025\/03\/afps.webp?fit=474%2C479&amp;ssl=1\" data-orig-size=\"474,479\" data-comments-opened=\"0\" data-image-meta=\"{&quot;aperture&quot;:&quot;0&quot;,&quot;credit&quot;:&quot;&quot;,&quot;camera&quot;:&quot;&quot;,&quot;caption&quot;:&quot;&quot;,&quot;created_timestamp&quot;:&quot;0&quot;,&quot;copyright&quot;:&quot;&quot;,&quot;focal_length&quot;:&quot;0&quot;,&quot;iso&quot;:&quot;0&quot;,&quot;shutter_speed&quot;:&quot;0&quot;,&quot;title&quot;:&quot;&quot;,&quot;orientation&quot;:&quot;0&quot;}\" data-image-title=\"afps\" data-image-description=\"\" data-image-caption=\"\" data-medium-file=\"https:\/\/i0.wp.com\/www.gastonballiot.fr\/wp-content\/uploads\/2025\/03\/afps.webp?fit=297%2C300&amp;ssl=1\" data-large-file=\"https:\/\/i0.wp.com\/www.gastonballiot.fr\/wp-content\/uploads\/2025\/03\/afps.webp?fit=474%2C479&amp;ssl=1\" class=\"alignleft wp-image-13694 size-full\" src=\"https:\/\/i0.wp.com\/www.gastonballiot.fr\/wp-content\/uploads\/2025\/03\/afps.webp?resize=474%2C479&#038;ssl=1\" alt=\"\" width=\"474\" height=\"479\" srcset=\"https:\/\/i0.wp.com\/www.gastonballiot.fr\/wp-content\/uploads\/2025\/03\/afps.webp?w=474&amp;ssl=1 474w, https:\/\/i0.wp.com\/www.gastonballiot.fr\/wp-content\/uploads\/2025\/03\/afps.webp?resize=297%2C300&amp;ssl=1 297w\" sizes=\"auto, (max-width: 474px) 100vw, 474px\" \/><\/a><\/p>\n<h3><a href=\"https:\/\/www.france-palestine.org\/\" target=\"_blank\" rel=\"noopener\">Association France Palestine Solidarit\u00e9<\/a><\/h3>\n<p style=\"text-align: center;\">&nbsp;<\/p>\n","protected":false},"excerpt":{"rendered":"<p>L&rsquo;Afps Cornouaille soutien le Peuple Palestinien &#8211; Cisjordanie et Gaza &#8211; par la diffusion d&rsquo;informations, l&rsquo;organisation de rassemblements locaux et un soutien mat\u00e9riel depuis de nombreuses ann\u00e9es, par exemple: l&rsquo;aide \u00e0 la cr\u00e9ation d&rsquo;une coop\u00e9rative agricole de jus de raisins \u00e0 Hallul, pr\u00e8s d&rsquo;Hebron et actuellement un soutien financier aupr\u00e8s de l&rsquo;association Atfaluna \u00e0 Gaza, association de soutien psychologique aupr\u00e8s d&rsquo;enfants. Des liens et des contacts proches se sont cr\u00e9\u00e9s, et notamment avec Raed et Mohammad. La proximit\u00e9 de nos relations &#8230; <a title=\"Deux t\u00e9moignages de Palestine\" class=\"read-more\" href=\"https:\/\/www.gastonballiot.fr\/?p=14551\" aria-label=\"Plus sur Deux t\u00e9moignages de Palestine\">Lire la suite&#8230;<\/a><\/p>\n","protected":false},"author":1,"featured_media":0,"comment_status":"closed","ping_status":"closed","sticky":false,"template":"","format":"standard","meta":{"ngg_post_thumbnail":0,"jetpack_post_was_ever_published":false,"_jetpack_newsletter_access":"","_jetpack_dont_email_post_to_subs":false,"_jetpack_newsletter_tier_id":0,"_jetpack_memberships_contains_paywalled_content":false,"_jetpack_memberships_contains_paid_content":false,"footnotes":"","jetpack_publicize_message":"","jetpack_publicize_feature_enabled":true,"jetpack_social_post_already_shared":true,"jetpack_social_options":{"image_generator_settings":{"template":"highway","enabled":false},"version":2}},"categories":[2,12,11],"tags":[103,104],"class_list":["post-14551","post","type-post","status-publish","format-standard","hentry","category-a-la-une","category-paix-desarmement","category-moyen-orient","tag-paix","tag-palestine","infinite-scroll-item","masonry-post","generate-columns","tablet-grid-50","mobile-grid-100","grid-parent","grid-33"],"jetpack_publicize_connections":[],"yoast_head":"<!-- This site is optimized with the Yoast SEO plugin v27.5 - https:\/\/yoast.com\/product\/yoast-seo-wordpress\/ -->\n<title>Deux t\u00e9moignages de Palestine - Le blog politique de Gaston<\/title>\n<meta name=\"robots\" content=\"index, follow, max-snippet:-1, max-image-preview:large, max-video-preview:-1\" \/>\n<link rel=\"canonical\" href=\"https:\/\/www.gastonballiot.fr\/?p=14551\" \/>\n<meta property=\"og:locale\" content=\"fr_FR\" \/>\n<meta property=\"og:type\" content=\"article\" \/>\n<meta property=\"og:title\" content=\"Deux t\u00e9moignages de Palestine - Le blog politique de Gaston\" \/>\n<meta property=\"og:description\" content=\"L&rsquo;Afps Cornouaille soutien le Peuple Palestinien &#8211; Cisjordanie et Gaza &#8211; par la diffusion d&rsquo;informations, l&rsquo;organisation de rassemblements locaux et un soutien mat\u00e9riel depuis de nombreuses ann\u00e9es, par exemple: l&rsquo;aide \u00e0 la cr\u00e9ation d&rsquo;une coop\u00e9rative agricole de jus de raisins \u00e0 Hallul, pr\u00e8s d&rsquo;Hebron et actuellement un soutien financier aupr\u00e8s de l&rsquo;association Atfaluna \u00e0 Gaza, association de soutien psychologique aupr\u00e8s d&rsquo;enfants. Des liens et des contacts proches se sont cr\u00e9\u00e9s, et notamment avec Raed et Mohammad. La proximit\u00e9 de nos relations ... Lire la suite...\" \/>\n<meta property=\"og:url\" content=\"https:\/\/www.gastonballiot.fr\/?p=14551\" \/>\n<meta property=\"og:site_name\" content=\"Le blog politique de Gaston\" \/>\n<meta property=\"article:publisher\" content=\"https:\/\/www.facebook.com\/gaston.balliot\/\" \/>\n<meta property=\"article:author\" content=\"https:\/\/www.facebook.com\/gaston.balliot\/\" \/>\n<meta property=\"article:published_time\" content=\"2025-07-20T14:28:52+00:00\" \/>\n<meta property=\"article:modified_time\" content=\"2025-07-20T17:38:23+00:00\" \/>\n<meta property=\"og:image\" content=\"https:\/\/www.gastonballiot.fr\/wp-content\/uploads\/2025\/03\/afps.webp\" \/>\n<meta name=\"author\" content=\"gb\" \/>\n<meta name=\"twitter:card\" content=\"summary_large_image\" \/>\n<meta name=\"twitter:label1\" content=\"\u00c9crit par\" \/>\n\t<meta name=\"twitter:data1\" content=\"gb\" \/>\n\t<meta name=\"twitter:label2\" content=\"Dur\u00e9e de lecture estim\u00e9e\" \/>\n\t<meta name=\"twitter:data2\" content=\"7 minutes\" \/>\n<script type=\"application\/ld+json\" class=\"yoast-schema-graph\">{\"@context\":\"https:\\\/\\\/schema.org\",\"@graph\":[{\"@type\":\"Article\",\"@id\":\"https:\\\/\\\/www.gastonballiot.fr\\\/?p=14551#article\",\"isPartOf\":{\"@id\":\"https:\\\/\\\/www.gastonballiot.fr\\\/?p=14551\"},\"author\":{\"name\":\"gb\",\"@id\":\"https:\\\/\\\/www.gastonballiot.fr\\\/#\\\/schema\\\/person\\\/244a5e02696abd8a65c5b1bebdb948ca\"},\"headline\":\"Deux t\u00e9moignages de Palestine\",\"datePublished\":\"2025-07-20T14:28:52+00:00\",\"dateModified\":\"2025-07-20T17:38:23+00:00\",\"mainEntityOfPage\":{\"@id\":\"https:\\\/\\\/www.gastonballiot.fr\\\/?p=14551\"},\"wordCount\":1417,\"publisher\":{\"@id\":\"https:\\\/\\\/www.gastonballiot.fr\\\/#\\\/schema\\\/person\\\/244a5e02696abd8a65c5b1bebdb948ca\"},\"image\":{\"@id\":\"https:\\\/\\\/www.gastonballiot.fr\\\/?p=14551#primaryimage\"},\"thumbnailUrl\":\"https:\\\/\\\/www.gastonballiot.fr\\\/wp-content\\\/uploads\\\/2025\\\/03\\\/afps.webp\",\"keywords\":[\"paix\",\"Palestine\"],\"articleSection\":[\"A la une\",\"Paix-D\u00e9sarmement\",\"Proche Orient\"],\"inLanguage\":\"fr-FR\"},{\"@type\":\"WebPage\",\"@id\":\"https:\\\/\\\/www.gastonballiot.fr\\\/?p=14551\",\"url\":\"https:\\\/\\\/www.gastonballiot.fr\\\/?p=14551\",\"name\":\"Deux t\u00e9moignages de Palestine - Le blog politique de Gaston\",\"isPartOf\":{\"@id\":\"https:\\\/\\\/www.gastonballiot.fr\\\/#website\"},\"primaryImageOfPage\":{\"@id\":\"https:\\\/\\\/www.gastonballiot.fr\\\/?p=14551#primaryimage\"},\"image\":{\"@id\":\"https:\\\/\\\/www.gastonballiot.fr\\\/?p=14551#primaryimage\"},\"thumbnailUrl\":\"https:\\\/\\\/www.gastonballiot.fr\\\/wp-content\\\/uploads\\\/2025\\\/03\\\/afps.webp\",\"datePublished\":\"2025-07-20T14:28:52+00:00\",\"dateModified\":\"2025-07-20T17:38:23+00:00\",\"breadcrumb\":{\"@id\":\"https:\\\/\\\/www.gastonballiot.fr\\\/?p=14551#breadcrumb\"},\"inLanguage\":\"fr-FR\",\"potentialAction\":[{\"@type\":\"ReadAction\",\"target\":[\"https:\\\/\\\/www.gastonballiot.fr\\\/?p=14551\"]}]},{\"@type\":\"ImageObject\",\"inLanguage\":\"fr-FR\",\"@id\":\"https:\\\/\\\/www.gastonballiot.fr\\\/?p=14551#primaryimage\",\"url\":\"https:\\\/\\\/www.gastonballiot.fr\\\/wp-content\\\/uploads\\\/2025\\\/03\\\/afps.webp\",\"contentUrl\":\"https:\\\/\\\/www.gastonballiot.fr\\\/wp-content\\\/uploads\\\/2025\\\/03\\\/afps.webp\"},{\"@type\":\"BreadcrumbList\",\"@id\":\"https:\\\/\\\/www.gastonballiot.fr\\\/?p=14551#breadcrumb\",\"itemListElement\":[{\"@type\":\"ListItem\",\"position\":1,\"name\":\"Accueil\",\"item\":\"https:\\\/\\\/www.gastonballiot.fr\\\/\"},{\"@type\":\"ListItem\",\"position\":2,\"name\":\"Deux t\u00e9moignages de Palestine\"}]},{\"@type\":\"WebSite\",\"@id\":\"https:\\\/\\\/www.gastonballiot.fr\\\/#website\",\"url\":\"https:\\\/\\\/www.gastonballiot.fr\\\/\",\"name\":\"Le blog politique de Gaston\",\"description\":\"L&#039;humain d&#039;abord, pas la finance !\",\"publisher\":{\"@id\":\"https:\\\/\\\/www.gastonballiot.fr\\\/#\\\/schema\\\/person\\\/244a5e02696abd8a65c5b1bebdb948ca\"},\"potentialAction\":[{\"@type\":\"SearchAction\",\"target\":{\"@type\":\"EntryPoint\",\"urlTemplate\":\"https:\\\/\\\/www.gastonballiot.fr\\\/?s={search_term_string}\"},\"query-input\":{\"@type\":\"PropertyValueSpecification\",\"valueRequired\":true,\"valueName\":\"search_term_string\"}}],\"inLanguage\":\"fr-FR\"},{\"@type\":[\"Person\",\"Organization\"],\"@id\":\"https:\\\/\\\/www.gastonballiot.fr\\\/#\\\/schema\\\/person\\\/244a5e02696abd8a65c5b1bebdb948ca\",\"name\":\"gb\",\"image\":{\"@type\":\"ImageObject\",\"inLanguage\":\"fr-FR\",\"@id\":\"https:\\\/\\\/i0.wp.com\\\/www.gastonballiot.fr\\\/wp-content\\\/uploads\\\/2017\\\/04\\\/cropped-Marianne-drapeau-rouge.gif?fit=512%2C512&ssl=1\",\"url\":\"https:\\\/\\\/i0.wp.com\\\/www.gastonballiot.fr\\\/wp-content\\\/uploads\\\/2017\\\/04\\\/cropped-Marianne-drapeau-rouge.gif?fit=512%2C512&ssl=1\",\"contentUrl\":\"https:\\\/\\\/i0.wp.com\\\/www.gastonballiot.fr\\\/wp-content\\\/uploads\\\/2017\\\/04\\\/cropped-Marianne-drapeau-rouge.gif?fit=512%2C512&ssl=1\",\"width\":512,\"height\":512,\"caption\":\"gb\"},\"logo\":{\"@id\":\"https:\\\/\\\/i0.wp.com\\\/www.gastonballiot.fr\\\/wp-content\\\/uploads\\\/2017\\\/04\\\/cropped-Marianne-drapeau-rouge.gif?fit=512%2C512&ssl=1\"},\"description\":\"Gaston Balliot, militant du Front de Gauche en pays bigouden - Pont L'Abb\u00e9 - Loctudy - Guilvinec - Penmarc'h - Ile Tudy - Combrit Ste Marine - Tr\u00e9meoc - Plon\u00e9our, p\u00eache tourisme\",\"sameAs\":[\"https:\\\/\\\/www.facebook.com\\\/gaston.balliot\\\/\"]}]}<\/script>\n<!-- \/ Yoast SEO plugin. -->","yoast_head_json":{"title":"Deux t\u00e9moignages de Palestine - Le blog politique de Gaston","robots":{"index":"index","follow":"follow","max-snippet":"max-snippet:-1","max-image-preview":"max-image-preview:large","max-video-preview":"max-video-preview:-1"},"canonical":"https:\/\/www.gastonballiot.fr\/?p=14551","og_locale":"fr_FR","og_type":"article","og_title":"Deux t\u00e9moignages de Palestine - Le blog politique de Gaston","og_description":"L&rsquo;Afps Cornouaille soutien le Peuple Palestinien &#8211; Cisjordanie et Gaza &#8211; par la diffusion d&rsquo;informations, l&rsquo;organisation de rassemblements locaux et un soutien mat\u00e9riel depuis de nombreuses ann\u00e9es, par exemple: l&rsquo;aide \u00e0 la cr\u00e9ation d&rsquo;une coop\u00e9rative agricole de jus de raisins \u00e0 Hallul, pr\u00e8s d&rsquo;Hebron et actuellement un soutien financier aupr\u00e8s de l&rsquo;association Atfaluna \u00e0 Gaza, association de soutien psychologique aupr\u00e8s d&rsquo;enfants. Des liens et des contacts proches se sont cr\u00e9\u00e9s, et notamment avec Raed et Mohammad. La proximit\u00e9 de nos relations ... Lire la suite...","og_url":"https:\/\/www.gastonballiot.fr\/?p=14551","og_site_name":"Le blog politique de Gaston","article_publisher":"https:\/\/www.facebook.com\/gaston.balliot\/","article_author":"https:\/\/www.facebook.com\/gaston.balliot\/","article_published_time":"2025-07-20T14:28:52+00:00","article_modified_time":"2025-07-20T17:38:23+00:00","og_image":[{"url":"https:\/\/www.gastonballiot.fr\/wp-content\/uploads\/2025\/03\/afps.webp","type":"","width":"","height":""}],"author":"gb","twitter_card":"summary_large_image","twitter_misc":{"\u00c9crit par":"gb","Dur\u00e9e de lecture estim\u00e9e":"7 minutes"},"schema":{"@context":"https:\/\/schema.org","@graph":[{"@type":"Article","@id":"https:\/\/www.gastonballiot.fr\/?p=14551#article","isPartOf":{"@id":"https:\/\/www.gastonballiot.fr\/?p=14551"},"author":{"name":"gb","@id":"https:\/\/www.gastonballiot.fr\/#\/schema\/person\/244a5e02696abd8a65c5b1bebdb948ca"},"headline":"Deux t\u00e9moignages de Palestine","datePublished":"2025-07-20T14:28:52+00:00","dateModified":"2025-07-20T17:38:23+00:00","mainEntityOfPage":{"@id":"https:\/\/www.gastonballiot.fr\/?p=14551"},"wordCount":1417,"publisher":{"@id":"https:\/\/www.gastonballiot.fr\/#\/schema\/person\/244a5e02696abd8a65c5b1bebdb948ca"},"image":{"@id":"https:\/\/www.gastonballiot.fr\/?p=14551#primaryimage"},"thumbnailUrl":"https:\/\/www.gastonballiot.fr\/wp-content\/uploads\/2025\/03\/afps.webp","keywords":["paix","Palestine"],"articleSection":["A la une","Paix-D\u00e9sarmement","Proche Orient"],"inLanguage":"fr-FR"},{"@type":"WebPage","@id":"https:\/\/www.gastonballiot.fr\/?p=14551","url":"https:\/\/www.gastonballiot.fr\/?p=14551","name":"Deux t\u00e9moignages de Palestine - Le blog politique de Gaston","isPartOf":{"@id":"https:\/\/www.gastonballiot.fr\/#website"},"primaryImageOfPage":{"@id":"https:\/\/www.gastonballiot.fr\/?p=14551#primaryimage"},"image":{"@id":"https:\/\/www.gastonballiot.fr\/?p=14551#primaryimage"},"thumbnailUrl":"https:\/\/www.gastonballiot.fr\/wp-content\/uploads\/2025\/03\/afps.webp","datePublished":"2025-07-20T14:28:52+00:00","dateModified":"2025-07-20T17:38:23+00:00","breadcrumb":{"@id":"https:\/\/www.gastonballiot.fr\/?p=14551#breadcrumb"},"inLanguage":"fr-FR","potentialAction":[{"@type":"ReadAction","target":["https:\/\/www.gastonballiot.fr\/?p=14551"]}]},{"@type":"ImageObject","inLanguage":"fr-FR","@id":"https:\/\/www.gastonballiot.fr\/?p=14551#primaryimage","url":"https:\/\/www.gastonballiot.fr\/wp-content\/uploads\/2025\/03\/afps.webp","contentUrl":"https:\/\/www.gastonballiot.fr\/wp-content\/uploads\/2025\/03\/afps.webp"},{"@type":"BreadcrumbList","@id":"https:\/\/www.gastonballiot.fr\/?p=14551#breadcrumb","itemListElement":[{"@type":"ListItem","position":1,"name":"Accueil","item":"https:\/\/www.gastonballiot.fr\/"},{"@type":"ListItem","position":2,"name":"Deux t\u00e9moignages de Palestine"}]},{"@type":"WebSite","@id":"https:\/\/www.gastonballiot.fr\/#website","url":"https:\/\/www.gastonballiot.fr\/","name":"Le blog politique de Gaston","description":"L&#039;humain d&#039;abord, pas la finance !","publisher":{"@id":"https:\/\/www.gastonballiot.fr\/#\/schema\/person\/244a5e02696abd8a65c5b1bebdb948ca"},"potentialAction":[{"@type":"SearchAction","target":{"@type":"EntryPoint","urlTemplate":"https:\/\/www.gastonballiot.fr\/?s={search_term_string}"},"query-input":{"@type":"PropertyValueSpecification","valueRequired":true,"valueName":"search_term_string"}}],"inLanguage":"fr-FR"},{"@type":["Person","Organization"],"@id":"https:\/\/www.gastonballiot.fr\/#\/schema\/person\/244a5e02696abd8a65c5b1bebdb948ca","name":"gb","image":{"@type":"ImageObject","inLanguage":"fr-FR","@id":"https:\/\/i0.wp.com\/www.gastonballiot.fr\/wp-content\/uploads\/2017\/04\/cropped-Marianne-drapeau-rouge.gif?fit=512%2C512&ssl=1","url":"https:\/\/i0.wp.com\/www.gastonballiot.fr\/wp-content\/uploads\/2017\/04\/cropped-Marianne-drapeau-rouge.gif?fit=512%2C512&ssl=1","contentUrl":"https:\/\/i0.wp.com\/www.gastonballiot.fr\/wp-content\/uploads\/2017\/04\/cropped-Marianne-drapeau-rouge.gif?fit=512%2C512&ssl=1","width":512,"height":512,"caption":"gb"},"logo":{"@id":"https:\/\/i0.wp.com\/www.gastonballiot.fr\/wp-content\/uploads\/2017\/04\/cropped-Marianne-drapeau-rouge.gif?fit=512%2C512&ssl=1"},"description":"Gaston Balliot, militant du Front de Gauche en pays bigouden - Pont L'Abb\u00e9 - Loctudy - Guilvinec - Penmarc'h - Ile Tudy - Combrit Ste Marine - Tr\u00e9meoc - Plon\u00e9our, p\u00eache tourisme","sameAs":["https:\/\/www.facebook.com\/gaston.balliot\/"]}]}},"jetpack_featured_media_url":"","jetpack_shortlink":"https:\/\/wp.me\/p5UTaD-3MH","jetpack-related-posts":[],"jetpack_likes_enabled":true,"jetpack_sharing_enabled":true,"_links":{"self":[{"href":"https:\/\/www.gastonballiot.fr\/index.php?rest_route=\/wp\/v2\/posts\/14551","targetHints":{"allow":["GET"]}}],"collection":[{"href":"https:\/\/www.gastonballiot.fr\/index.php?rest_route=\/wp\/v2\/posts"}],"about":[{"href":"https:\/\/www.gastonballiot.fr\/index.php?rest_route=\/wp\/v2\/types\/post"}],"author":[{"embeddable":true,"href":"https:\/\/www.gastonballiot.fr\/index.php?rest_route=\/wp\/v2\/users\/1"}],"replies":[{"embeddable":true,"href":"https:\/\/www.gastonballiot.fr\/index.php?rest_route=%2Fwp%2Fv2%2Fcomments&post=14551"}],"version-history":[{"count":12,"href":"https:\/\/www.gastonballiot.fr\/index.php?rest_route=\/wp\/v2\/posts\/14551\/revisions"}],"predecessor-version":[{"id":14567,"href":"https:\/\/www.gastonballiot.fr\/index.php?rest_route=\/wp\/v2\/posts\/14551\/revisions\/14567"}],"wp:attachment":[{"href":"https:\/\/www.gastonballiot.fr\/index.php?rest_route=%2Fwp%2Fv2%2Fmedia&parent=14551"}],"wp:term":[{"taxonomy":"category","embeddable":true,"href":"https:\/\/www.gastonballiot.fr\/index.php?rest_route=%2Fwp%2Fv2%2Fcategories&post=14551"},{"taxonomy":"post_tag","embeddable":true,"href":"https:\/\/www.gastonballiot.fr\/index.php?rest_route=%2Fwp%2Fv2%2Ftags&post=14551"}],"curies":[{"name":"wp","href":"https:\/\/api.w.org\/{rel}","templated":true}]}}