{"id":14786,"date":"2025-09-12T12:24:32","date_gmt":"2025-09-12T10:24:32","guid":{"rendered":"https:\/\/www.gastonballiot.fr\/?p=14786"},"modified":"2025-11-26T10:08:47","modified_gmt":"2025-11-26T09:08:47","slug":"eentre-les-patrons-et-lextreme-droite-ce-ne-sont-plus-des-passerelles-mais-de-la-porosite","status":"publish","type":"post","link":"https:\/\/www.gastonballiot.fr\/?p=14786","title":{"rendered":"Entre les patrons et l\u2019extr\u00eame droite, ce ne sont plus des passerelles, mais de la porosit\u00e9"},"content":{"rendered":"<header class=\"header\">\n<figure id=\"attachment_15199\" aria-describedby=\"caption-attachment-15199\" style=\"width: 790px\" class=\"wp-caption aligncenter\"><a href=\"https:\/\/i0.wp.com\/www.gastonballiot.fr\/wp-content\/uploads\/2025\/09\/LaurentMauduitPatronsEtFachos.jpg?ssl=1\"><img data-recalc-dims=\"1\" loading=\"lazy\" decoding=\"async\" data-attachment-id=\"15199\" data-permalink=\"https:\/\/www.gastonballiot.fr\/?attachment_id=15199#main\" data-orig-file=\"https:\/\/i0.wp.com\/www.gastonballiot.fr\/wp-content\/uploads\/2025\/09\/LaurentMauduitPatronsEtFachos.jpg?fit=800%2C1172&amp;ssl=1\" data-orig-size=\"800,1172\" data-comments-opened=\"0\" data-image-meta=\"{&quot;aperture&quot;:&quot;0&quot;,&quot;credit&quot;:&quot;&quot;,&quot;camera&quot;:&quot;&quot;,&quot;caption&quot;:&quot;&quot;,&quot;created_timestamp&quot;:&quot;0&quot;,&quot;copyright&quot;:&quot;&quot;,&quot;focal_length&quot;:&quot;0&quot;,&quot;iso&quot;:&quot;0&quot;,&quot;shutter_speed&quot;:&quot;0&quot;,&quot;title&quot;:&quot;&quot;,&quot;orientation&quot;:&quot;0&quot;}\" data-image-title=\"LaurentMauduitPatronsEtFachos\" data-image-description=\"\" data-image-caption=\"\" data-medium-file=\"https:\/\/i0.wp.com\/www.gastonballiot.fr\/wp-content\/uploads\/2025\/09\/LaurentMauduitPatronsEtFachos.jpg?fit=205%2C300&amp;ssl=1\" data-large-file=\"https:\/\/i0.wp.com\/www.gastonballiot.fr\/wp-content\/uploads\/2025\/09\/LaurentMauduitPatronsEtFachos.jpg?fit=699%2C1024&amp;ssl=1\" class=\"wp-image-15199 size-full\" src=\"https:\/\/i0.wp.com\/www.gastonballiot.fr\/wp-content\/uploads\/2025\/09\/LaurentMauduitPatronsEtFachos.jpg?resize=800%2C1172&#038;ssl=1\" alt=\"\" width=\"800\" height=\"1172\" srcset=\"https:\/\/i0.wp.com\/www.gastonballiot.fr\/wp-content\/uploads\/2025\/09\/LaurentMauduitPatronsEtFachos.jpg?w=800&amp;ssl=1 800w, https:\/\/i0.wp.com\/www.gastonballiot.fr\/wp-content\/uploads\/2025\/09\/LaurentMauduitPatronsEtFachos.jpg?resize=205%2C300&amp;ssl=1 205w, https:\/\/i0.wp.com\/www.gastonballiot.fr\/wp-content\/uploads\/2025\/09\/LaurentMauduitPatronsEtFachos.jpg?resize=699%2C1024&amp;ssl=1 699w, https:\/\/i0.wp.com\/www.gastonballiot.fr\/wp-content\/uploads\/2025\/09\/LaurentMauduitPatronsEtFachos.jpg?resize=768%2C1125&amp;ssl=1 768w\" sizes=\"auto, (max-width: 800px) 100vw, 800px\" \/><\/a><figcaption id=\"caption-attachment-15199\" class=\"wp-caption-text\">le livre de Laurent Mauduit<\/figcaption><\/figure>\n<h1 class=\"post-title\">Entretien Laurent Mauduit : \u00ab Entre les patrons et l\u2019extr\u00eame droite, ce ne sont plus des passerelles, mais de la porosit\u00e9 \u00bb<\/h1>\n<p class=\"meta\"><span class=\"meta-date\">Publi\u00e9 le&nbsp;<time datetime=\"2025-09-12T09:46:19+02:00\" data-hover=\"12 septembre 2025\">12 septembre 2025&nbsp;<\/time><\/span><span class=\"meta-author\">par Les communistes de Pierre B\u00e9nite<\/span><\/p>\n<\/header>\n<div class=\"body\">\n<div class=\"ob-sections\">\n<div class=\"ob-section ob-section-images ob-default\">\n<div class=\"ob-row-1-col\"><a class=\"ob-link-img\" href=\"https:\/\/i0.wp.com\/image.over-blog.com\/JsssBhgGGj6uJKOn20oHo8vF3S0%3D\/filters%3Ano_upscale%28%29\/image%2F1385629%2F20250912%2Fob_aca29e_laurent-mauduit.jpg?ssl=1\" rel=\"fancybox\"><img data-recalc-dims=\"1\" decoding=\"async\" class=\"ob-cell ob-img ob-media alignleft\" src=\"https:\/\/i0.wp.com\/image.over-blog.com\/JsssBhgGGj6uJKOn20oHo8vF3S0%3D\/filters%3Ano_upscale%28%29\/image%2F1385629%2F20250912%2Fob_aca29e_laurent-mauduit.jpg?w=1200&#038;ssl=1\" alt=\"Laurent Mauduit Journaliste et cofondateur de Mediapart \"><\/a><\/div>\n<p class=\"ob-desc\">Laurent Mauduit Journaliste et cofondateur de Mediapart<\/p>\n<\/div>\n<div class=\"ob-section ob-section-html \">\n<p>&nbsp;<\/p>\n<p><em><strong>Le glissement politique de la France vers l\u2019extr\u00eame droite s\u2019observe aussi dans le comportement de la droite classique, de plus en plus proche des th\u00e8ses du Rassemblement national&nbsp;(RN). Il se voit \u00e9galement dans une partie de l\u2019\u00e9lectorat qui n\u2019h\u00e9site pas \u00e0 lui apporter ses suffrages. Bien que le RN bute tant dans les sondages qu&rsquo;aux \u00e9lections, sur un plafond de verre situ\u00e9 \u00e0 32- 33 % ! Comment peut-il le d\u00e9passer ?<\/strong><\/em><\/p>\n<p>&nbsp;<\/p>\n<p>Le nouvel opus du journaliste Laurent Mauduit,&nbsp;<em>Collaborations. Enqu\u00eate sur l\u2019extr\u00eame droite et les milieux d\u2019affaires<\/em>&nbsp;(La&nbsp;D\u00e9couverte),<strong>&nbsp;met en \u00e9vidence la bascule du patronat fran\u00e7ais vers un soutien d\u2019abord cach\u00e9 puis de plus en plus affirm\u00e9 au mouvement de la droite extr\u00eame.<\/strong><\/p>\n<p>&nbsp;<\/p>\n<p><strong>Le livre dresse un constat, celui d\u2019une porosit\u00e9 croissante entre les deux mondes.<\/strong>&nbsp;Et explique le changement d\u2019attitude des \u00e9lites patronales qui paraissent d\u00e9sormais pr\u00eates \u00e0 soutenir l\u2019arriv\u00e9e au pouvoir du RN, \u00e0 collaborer pour diverses raisons bien analys\u00e9es.&nbsp;<strong>Pas pour le meilleur. D\u00e9cryptage avec Laurent Mauduit de cette nouvelle menace contre la d\u00e9mocratie.<\/strong><\/p>\n<p>&nbsp;<\/p>\n<p><em><strong>Quel a \u00e9t\u00e9 l\u2019\u00e9l\u00e9ment d\u00e9clencheur de cette enqu\u00eate&nbsp;?<\/strong><\/em><\/p>\n<p><strong>Laurent Mauduit&nbsp;:&nbsp;<\/strong>Il y en a eu plusieurs. D\u2019abord, comme tout le monde, j\u2019ai \u00e9t\u00e9 frapp\u00e9 par la fin du barrage r\u00e9publicain du Medef pendant les \u00e9lections l\u00e9gislatives de juillet&nbsp;2024. Ce barrage \u00e9tait d\u00e9j\u00e0 fragile, parce que la position du Medef, depuis longtemps, reposait surtout sur un argument \u00e9conomique&nbsp;\u2013&nbsp;<strong><em>\u00ab&nbsp;Le programme du Front national, puis du Rassemblement national, est dangereux pour le pays&nbsp;\u00bb<\/em>&nbsp;\u2013 et non pas politique, en d\u00e9fense de la d\u00e9mocratie.<\/strong>&nbsp;La seule exception \u00e9tait Laurence Parisot. Dans un petit livre paru en&nbsp;2011 [<em>Un pi\u00e8ge bleu marine<\/em>, Calmann-L\u00e9vy, NDLR], elle expliquait que l\u2019enjeu, face \u00e0 l\u2019extr\u00eame droite, n\u2019\u00e9tait pas \u00e9conomique, mais d\u00e9mocratique. Elle \u00e9tait d\u00e9j\u00e0 bien seule.<\/p>\n<p>&nbsp;<\/p>\n<p><strong>Le barrage \u00e9conomique a tenu longtemps mais, finalement, il se fissure.<\/strong>&nbsp;Le Medef accepte progressivement de rencontrer le RN, de plus en plus ouvertement, y compris au moment des \u00e9lections.&nbsp;<strong>Officiellement, le message reste&nbsp;:&nbsp;<em>\u00ab&nbsp;On ne les re\u00e7oit pas en t\u00eate-\u00e0-t\u00eate&nbsp;\u00bb<\/em>, mais la r\u00e9alit\u00e9 est diff\u00e9rente.<\/strong>&nbsp;J\u2019apporte la preuve que, avant m\u00eame les l\u00e9gislatives de 2024,&nbsp;<strong>Patrick Martin a rencontr\u00e9 Marine Le&nbsp;Pen en secret.<\/strong>&nbsp;Alors m\u00eame qu\u2019au soir du premier tour, il posait la question en interne au syndicat patronal&nbsp;:&nbsp;<em>\u00ab&nbsp;Faut-il aller au contact&nbsp;?&nbsp;\u00bb<\/em><\/p>\n<p>&nbsp;<\/p>\n<p>Deuxi\u00e8me indice&nbsp;: celui du d\u00e9jeuner entre Henri Proglio et Marine Le&nbsp;Pen, qui revenait sans arr\u00eat dans la presse. Un indice tout de m\u00eame fragile&nbsp;: Proglio, pour avoir \u00e9t\u00e9 puissant comme patron d\u2019EDF et de Veolia, n\u2019\u00e9tait pas le patronat \u00e0 lui seul. Mais j\u2019avais cette conviction tr\u00e8s forte&nbsp;\u2013&nbsp;partag\u00e9e par beaucoup&nbsp;\u2013&nbsp;<strong>que l\u2019extr\u00eame droite n\u2019est jamais arriv\u00e9e au pouvoir dans le pass\u00e9 sans l\u2019aide, ou au moins le consentement, des milieux d\u2019affaires.&nbsp;<\/strong>Je trouvais donc utile d\u2019aller y voir de plus pr\u00e8s, pour v\u00e9rifier s\u2019il n\u2019y avait pas d\u2019autres cas derri\u00e8re ce simple d\u00e9jeuner.<\/p>\n<p>&nbsp;<\/p>\n<p>Et puis mon enqu\u00eate a \u00e9t\u00e9 percut\u00e9e par le s\u00e9isme mondial&nbsp;: Trump, Milei en Argentine, Bolsonaro au Br\u00e9sil\u2026&nbsp;<strong>J\u2019ai eu l\u2019intuition que l\u2019on vivait l\u2019\u00e9mergence d\u2019un nouveau capitalisme libertarien, successeur du n\u00e9olib\u00e9ralisme, et qui s\u2019embo\u00eete assez facilement avec l\u2019extr\u00eame droite.<\/strong>&nbsp;J\u2019ai donc trouv\u00e9 d\u00e9mocratiquement utile d\u2019\u00e9tablir la nature des relations entre les grands patrons fran\u00e7ais et ce capitalisme libertarien, en regard de ce qui se passe aux Etats-Unis.<\/p>\n<p>&nbsp;<\/p>\n<p><strong>Tout ce maelstr\u00f6m m\u2019a convaincu qu\u2019il fallait aller voir de plus pr\u00e8s si les milieux d\u2019affaires n\u2019allaient pas, pour la premi\u00e8re fois depuis Vichy, servir de marchepied \u00e0 l\u2019extr\u00eame droite.<\/strong><\/p>\n<p>&nbsp;<\/p>\n<p><em><strong>Le r\u00e9sultat de l\u2019enqu\u00eate montre que ce rapprochement est \u00e0 l\u2019\u0153uvre. Par quels canaux passe-t-il&nbsp;?<\/strong><\/em><\/p>\n<p><strong>L.<\/strong>&nbsp;<strong>M.<\/strong>&nbsp;<strong>:<\/strong>&nbsp;Il y a toujours eu des liens, parfois secrets, parfois par sympathies personnelles, entre patronat et extr\u00eame droite. Si on revient aux ann\u00e9es&nbsp;1960, le CNPF [Conseil national du patronat fran\u00e7ais, devenu Medef en 1998, NDLR] \u00e9tait un rep\u00e8re de monarchistes&nbsp;! Marcel Demonque, PDG de Lafarge, vice-pr\u00e9sident du CNPF dans les ann\u00e9es&nbsp;1960, est qualifi\u00e9 dans une note des Renseignements g\u00e9n\u00e9raux de&nbsp;<em>\u00ab&nbsp;monarchiste r\u00e9actionnaire&nbsp;\u00bb<\/em>. Ambroise Roux, futur pr\u00e9sident de l\u2019Afep&nbsp;(Association fran\u00e7aise des entreprises priv\u00e9es), allait chaque 21&nbsp;janvier \u00e0 la messe de comm\u00e9moration de la mort de Louis&nbsp;XVI. Paul Huvelin, pr\u00e9sident du CNPF de&nbsp;1966 \u00e0&nbsp;1972, \u00e9tait monarchiste. Fran\u00e7ois Ceyrac, pr\u00e9sident de&nbsp;1972 \u00e0&nbsp;1981, venait d\u2019une famille proche de l\u2019Action fran\u00e7aise. Et dans les ann\u00e9es&nbsp;1970, le service de presse du CNPF recrutait d\u2019anciens militants d\u2019extr\u00eame droite.&nbsp;<strong>Il y a une longue tradition de liens entre \u00e9lites patronales et extr\u00eame droite, m\u00eame si la presse&nbsp;<em>mainstream&nbsp;<\/em>n\u2019en parlait pas.<\/strong><\/p>\n<p>&nbsp;<\/p>\n<p>Pour la p\u00e9riode r\u00e9cente, ce qui frappe, ce sont les \u00ab&nbsp;rabatteurs&nbsp;\u00bb. Par exemple Sophie de Menthon, pr\u00e9sidente d\u2019Ethic, petit mouvement patronal fond\u00e9 autrefois par Yvon Gattaz, aide ouvertement Marine Le&nbsp;Pen \u00e0 \u00e9tablir des contacts avec les milieux d\u2019affaires. Son bras droit, Lo\u00efk Le Floch-Prigent, jusqu\u2019\u00e0 sa mort r\u00e9cente, \u00e9tait conseiller d\u2019Eric Zemmour.&nbsp;<strong>Malgr\u00e9 cet enracinement, Ethic reste un interlocuteur jug\u00e9 fr\u00e9quentable par le gouverneur de la Banque de France ou le patron de TotalEnergies, qui r\u00e9pondent \u00e0 ses invitations. Ce ne sont donc pas seulement des passerelles&nbsp;: c\u2019est de la porosit\u00e9. Autrefois, le RN \u00e9tait infr\u00e9quentable. Aujourd\u2019hui, ce n\u2019est plus le cas. Il est entr\u00e9 dans l\u2019ordre normal des choses.<\/strong><\/p>\n<p>&nbsp;<\/p>\n<p><em><strong>Un des arguments des patrons consiste \u00e0 dire&nbsp;: \u00ab&nbsp;Quand le RN fait 30&nbsp;%, \u00e7a veut dire que 30&nbsp;% de mes clients, salari\u00e9s, fournisseurs votent pour lui. Je ne peux pas faire comme si ce parti n\u2019existait pas.&nbsp;\u00bb<\/strong><\/em><\/p>\n<p><strong>L.<\/strong>&nbsp;<strong>M.<\/strong>&nbsp;<strong>:<\/strong>&nbsp;L\u2019argument para\u00eet solide, mais il est fragile. Que les entreprises restent neutres, pourquoi pas. Mais que les dirigeants se taisent, c\u2019est probl\u00e9matique.&nbsp;<strong>En&nbsp;2002, quand Jean-Marie Le&nbsp;Pen est au second tour de l\u2019\u00e9lection pr\u00e9sidentielle, ils ne se taisent pas. Maurice L\u00e9vy, grand patron de Publicis, prend position. Michel P\u00e9bereau, patron de BNP Paribas, interpelle ses coll\u00e8gues du CAC&nbsp;40 en disant qu\u2019il faut sortir du bois.<\/strong><\/p>\n<p>&nbsp;<\/p>\n<p><strong>Plus pr\u00e8s de nous, en Allemagne, en&nbsp;2024, quasiment tous les grands PDG ont sign\u00e9 un texte contre l\u2019extr\u00eame droite&nbsp;(AfD).<\/strong>&nbsp;Le titre de leur p\u00e9tition&nbsp;:&nbsp;<em>\u00ab&nbsp;Debout pour nos valeurs&nbsp;\u00bb<\/em>. Pourquoi est-ce possible en Allemagne mais plus en France, alors que les patrons fran\u00e7ais s\u2019\u00e9taient engag\u00e9s en&nbsp;2002&nbsp;? A&nbsp;mes yeux, ces arguments sont des faux-semblants qui masquent un renoncement. Certes, il y a un d\u00e9grad\u00e9 de positions au sein du patronat, mais dans ce d\u00e9grad\u00e9, on voit un abandon progressif et un rapprochement croissant vers l\u2019extr\u00eame droite.<\/p>\n<p>&nbsp;<\/p>\n<p><em><strong>Certains adoptent m\u00eame une strat\u00e9gie d\u00e9lib\u00e9r\u00e9e de rapprochement, de convergence id\u00e9ologique avec le RN.<\/strong><\/em><\/p>\n<p><strong>L.<\/strong>&nbsp;<strong>M.<\/strong>&nbsp;<strong>:<\/strong>&nbsp;Oui, et ils sont sans doute plus nombreux qu\u2019on ne le croit. Quand on parle de convergences id\u00e9ologiques, on pense spontan\u00e9ment \u00e0 Vincent Bollor\u00e9 ou Pierre-Edouard St\u00e9rin. Mais il y en a d\u2019autres. Serge Dassault avait des liens connus avec le Front national.&nbsp;<strong>Son successeur, Eric Trappier, patron de la holding Dassault et pr\u00e9sident de la F\u00e9d\u00e9ration de la m\u00e9tallurgie, a pouss\u00e9 pour que le Medef aille au contact du RN.<\/strong><\/p>\n<p>&nbsp;<\/p>\n<p>Ce qui est frappant, c\u2019est qu\u2019autrefois, un tel engagement aurait marginalis\u00e9 ces patrons.&nbsp;<strong>Aujourd\u2019hui, ce n\u2019est pas le cas&nbsp;: ils restent au c\u0153ur du pouvoir \u00e9conomique. Vincent Bollor\u00e9 b\u00e9n\u00e9ficie du soutien de Bernard Arnault, qui admire son parcours.<\/strong><\/p>\n<p>&nbsp;<\/p>\n<p><em><strong>Est-ce que l\u2019une des raisons du rapprochement repose, comme dans les ann\u00e9es&nbsp;1930, sur la haine de la gauche&nbsp;?<\/strong><\/em><\/p>\n<p><strong>L.<\/strong>&nbsp;<strong>M.<\/strong>&nbsp;<strong>: Le parall\u00e8le est \u00e9clairant.&nbsp;<\/strong>Dans les ann\u00e9es&nbsp;1936-1940, les gr\u00e8ves du Front populaire ont provoqu\u00e9 une peur panique du patronat, alors que L\u00e9on Blum rappelait sans cesse que son projet n\u2019\u00e9tait pas r\u00e9volutionnaire.&nbsp;<strong>Une peur irrationnelle, qui a pouss\u00e9 une partie du patronat vers l\u2019extr\u00eame droite, puis l\u2019a incit\u00e9e \u00e0 soutenir Vichy.<\/strong>&nbsp;<strong>On retrouve cette logique aujourd\u2019hui.<\/strong><\/p>\n<p>&nbsp;<\/p>\n<p><strong>En juin&nbsp;2024, Patrick Martin, au nom du Medef, a jug\u00e9 le programme de la gauche plus pr\u00e9occupant que celui de l\u2019extr\u00eame droite.<\/strong>&nbsp;R\u00e9cemment, il a d\u00e9clar\u00e9 que Jordan Bardella appartenait&nbsp;<em>\u00ab&nbsp;dans une certaine mesure&nbsp;\u00bb<\/em>&nbsp;\u00e0 la liste des dirigeants politiques conscients des p\u00e9rils \u00e9conomiques de la France avec d\u2019autres personnalit\u00e9s de la droite, aucun leader de gauche n\u2019\u00e9tant mentionn\u00e9.&nbsp;<strong>C\u2019est r\u00e9v\u00e9lateur&nbsp;: le RN est d\u00e9sormais consid\u00e9r\u00e9 comme appartenant au&nbsp;<em>\u00ab&nbsp;cercle de la raison&nbsp;\u00bb<\/em><\/strong>, tandis que la gauche est effac\u00e9e.&nbsp;<strong>La d\u00e9testation de la gauche soude le patronat. M\u00eame si le programme du Nouveau Front populaire de&nbsp;2024 n\u2019\u00e9tait pas plus radical que celui de&nbsp;1981, le patronat s\u2019y est oppos\u00e9 avec une vigueur extr\u00eame.<\/strong><\/p>\n<p>&nbsp;<\/p>\n<p><em><strong>Il y a aussi des patrons libertariens, tent\u00e9s par l\u2019extr\u00eame droite&#8230;<\/strong><\/em><\/p>\n<p><strong>L.<\/strong>&nbsp;<strong>M.<\/strong>&nbsp;<strong>:<\/strong>&nbsp;En France, ils sont peu nombreux \u00e0 s\u2019afficher ainsi. Pierre-Edouard St\u00e9rin est l\u2019un des rares \u00e0 se dire libertarien. Les autres n\u2019ont pas ce discours id\u00e9ologique, contrairement aux Etats-Unis o\u00f9&nbsp;une vraie incubation intellectuelle est \u00e0 l\u2019\u0153uvre depuis longtemps&nbsp;\u2013&nbsp;<strong>les d\u00e9clarations d\u2019Elon Musk sur l\u2019incompatibilit\u00e9 entre libert\u00e9 \u00e9conomique et d\u00e9mocratie ont plus de vingt ans. Bernard Arnault a montr\u00e9 sa proximit\u00e9 avec Trump et Musk.<\/strong><\/p>\n<p>&nbsp;<\/p>\n<p>Je cite un exemple assez mineur, mais \u00e0 mon sens r\u00e9v\u00e9lateur. Pierre Louette, PDG du Groupe Les&nbsp;Echos-Le&nbsp;Parisien, est le pr\u00e9sident de l\u2019Apig&nbsp;(Alliance de la presse d\u2019information g\u00e9n\u00e9rale), qui r\u00e9unit tous les grands quotidiens d\u2019information g\u00e9n\u00e9rale.&nbsp;<strong>Quand l\u2019Apig lance une proc\u00e9dure judiciaire contre&nbsp;X&nbsp;(ex-Twitter) parce qu\u2019il siphonne les contenus de la presse, les titres de Bernard Arnault se retirent de la proc\u00e9dure entam\u00e9e contre son ami Elon Musk, en signe de sympathie manifeste. TotalEnergies aussi a \u00e9mis des signes en ce sens.<\/strong><\/p>\n<p>&nbsp;<\/p>\n<p><strong>Et l\u2019on voit dans certains secteurs fran\u00e7ais, comme la tech ou la cybers\u00e9curit\u00e9&nbsp;\u2013&nbsp;des milieux autrefois proches d\u2019Emmanuel Macron&nbsp;\u2013, des dirigeants qui se radicalisent et participent \u00e0 des r\u00e9unions avec le RN.<\/strong><\/p>\n<p>&nbsp;<\/p>\n<p><em><strong>Est-ce que le RN cherche \u00e0 capitaliser sur ce rapprochement&nbsp;?<\/strong><\/em><\/p>\n<p><strong>L.<\/strong>&nbsp;<strong>M.<\/strong>&nbsp;<strong>: Oui, et c\u2019est m\u00eame un point cl\u00e9.<\/strong>&nbsp;En&nbsp;2022, le RN \u00e9tait encore nationaliste, antieurop\u00e9en, ce qui inqui\u00e9tait les milieux d\u2019affaires. Eric Zemmour apparaissait alors comme le chouchou des patrons.&nbsp;<strong>Le RN a compris qu\u2019il fallait changer de ligne.<\/strong>&nbsp;<strong>A&nbsp;partir de 2022, il s\u2019est r\u00e9orient\u00e9 vers un discours probusiness et pro-Europe pour s\u00e9duire le patronat. Et \u00e7a a march\u00e9. Ce rapprochement reste fragile, mais il est bien engag\u00e9.<\/strong><\/p>\n<p>&nbsp;<\/p>\n<p><em><strong>Y a-t-il malgr\u00e9 tout des patrons qui r\u00e9sistent, qui refusent ce rapprochement&nbsp;?<\/strong><\/em><\/p>\n<p><strong>L.<\/strong>&nbsp;<strong>M.<\/strong>&nbsp;<strong>:<\/strong>&nbsp;<strong>Tr\u00e8s peu.&nbsp;<\/strong>Dans les ann\u00e9es&nbsp;1980, il y avait encore des patrons de gauche, comme Antoine Riboud ou J\u00e9r\u00f4me Seydoux. Aujourd\u2019hui, il n\u2019y en a quasiment plus, le n\u00e9olib\u00e9ralisme a homog\u00e9n\u00e9is\u00e9 les discours. On trouve encore quelques exceptions dans le secteur public ou mutualiste&nbsp;: Philippe Wahl, ancien patron de La&nbsp;Poste, fid\u00e8le \u00e0 son h\u00e9ritage rocardien&nbsp;; Nicolas Th\u00e9ry, ex-pr\u00e9sident du Cr\u00e9dit mutuel.&nbsp;<strong>Mais dans le priv\u00e9, quasiment rien. Le seul que j\u2019ai identifi\u00e9 au sein du CAC&nbsp;40, c\u2019est Ross McInnes, pr\u00e9sident du conseil de Safran.<\/strong>&nbsp;Il m\u2019a dit&nbsp;:&nbsp;<strong><em>\u00ab&nbsp;Si je devais choisir un jour entre l\u2019\u00e9conomie et la d\u00e9mocratie, je choisirais la d\u00e9mocratie.&nbsp;\u00bb&nbsp;<\/em><\/strong>Ce qui est rare. Mais lui est franco-australien, il a un parcours un peu \u00e0 part, il ne vient pas du s\u00e9rail habituel des patrons fran\u00e7ais.<\/p>\n<p>&nbsp;<\/p>\n<p><em><strong>Quelles peuvent \u00eatre les cons\u00e9quences politiques et \u00e9conomiques de ce rapprochement&nbsp;?<\/strong><\/em><\/p>\n<p><strong>L.<\/strong>&nbsp;<strong>M.<\/strong>&nbsp;<strong>:<\/strong>&nbsp;<strong>Sur le plan \u00e9conomique, la question est de savoir si le capitalisme fran\u00e7ais va ou non se convertir au capitalisme libertarien, qui consid\u00e8re la d\u00e9mocratie comme un frein. C\u2019est le d\u00e9bat qui vient.<\/strong><\/p>\n<p>&nbsp;<\/p>\n<p><strong>Si la France s\u2019y convertissait, on assisterait \u00e0 une d\u00e9r\u00e9gulation acc\u00e9l\u00e9r\u00e9e, \u00e9conomique et sociale. Politiquement, les cons\u00e9quences sont encore plus inqui\u00e9tantes.&nbsp;<\/strong>Certains disent&nbsp;:&nbsp;<strong><em>\u00ab&nbsp;Regardez en Italie, l\u2019arriv\u00e9e de Giorgia Meloni n\u2019a pas \u00e9t\u00e9 si dramatique.&nbsp;\u00bb<\/em><\/strong>&nbsp;Mais les institutions fran\u00e7aises ne sont pas celles de l\u2019Italie. La V<sup>e<\/sup>&nbsp;R\u00e9publique, c\u2019est un ex\u00e9cutif fort, presque monarchique.&nbsp;<strong>Si l\u2019extr\u00eame droite arrivait au pouvoir avec ces institutions, et avec l\u2019appui des milieux patronaux, cela pourrait aller beaucoup plus loin qu\u2019en Italie. Ce serait une situation d\u2019extr\u00eame danger pour la d\u00e9mocratie.<\/strong><\/p>\n<p>&nbsp;<\/p>\n<p><strong>Propos recueillis par Christian Chavagneux&nbsp; et publi\u00e9s dans Altenatives Economiques<\/strong><\/p>\n<div id=\"nl-widget\"><a href=\"https:\/\/www.alternatives-economiques.fr\/laurent-mauduit-entre-patrons-lextreme-ne-plus\/00116179\" target=\"_blank\" rel=\"noopener\">https:\/\/www.alternatives-economiques.fr\/laurent-mauduit-entre-patrons-lextreme-ne-plus\/00116179<\/a><\/div>\n<div>&nbsp;<\/div>\n<div style=\"text-align: center;\"><em>petit rappel ,<\/em><br \/>\nDe Gaulle devant les patrons en 1945 :<\/div>\n<div style=\"text-align: center;\">\u00ab\u00a0On ne vous a pas beaucoup vus durant ces cinq ans \u00ab\u00a0<\/div>\n<div>&nbsp;\u00ab\u00a0Je n\u2019ai vu aucun de vous, Messieurs, \u00e0 Londres\u2026 Ma foi, apr\u00e8s tout, vous n\u2019\u00eates pas en prison \u00bb<\/div>\n<\/div>\n<div>&nbsp;<\/div>\n<div><a href=\"https:\/\/www.gastonballiot.fr\/?p=14395\" target=\"_blank\" rel=\"noopener\">Voir aussi : Le projet P\u00e9ricl\u00e8s<\/a><\/div>\n<div>&nbsp;<\/div>\n<\/div>\n<div>ff qussi <a href=\"https:\/\/fdgpierrebe.over-blog.com\/2025\/11\/des-patrons-murmurent-aux-oreilles-du-rassemblement-national.html?utm_source=_ob_email&amp;utm_medium=_ob_notification&amp;utm_campaign=_ob_pushmail\" target=\"_blank\" rel=\"noopener\">https:\/\/fdgpierrebe.over-blog.com\/2025\/11\/des-patrons-murmurent-aux-oreilles-du-rassemblement-national.html?utm_source=_ob_email&amp;utm_medium=_ob_notification&amp;utm_campaign=_ob_pushmail<\/a><\/div>\n<div class=\"ob-sections\">\n<div>&nbsp;<\/div>\n<\/div>\n<\/div>\n","protected":false},"excerpt":{"rendered":"<p>Entretien Laurent Mauduit : \u00ab Entre les patrons et l\u2019extr\u00eame droite, ce ne sont plus des passerelles, mais de la porosit\u00e9 \u00bb Publi\u00e9 le&nbsp;12 septembre 2025&nbsp;par Les communistes de Pierre B\u00e9nite Laurent Mauduit Journaliste et cofondateur de Mediapart &nbsp; Le glissement politique de la France vers l\u2019extr\u00eame droite s\u2019observe aussi dans le comportement de la droite classique, de plus en plus proche des th\u00e8ses du Rassemblement national&nbsp;(RN). Il se voit \u00e9galement dans une partie de l\u2019\u00e9lectorat qui n\u2019h\u00e9site pas \u00e0 lui &#8230; <a title=\"Entre les patrons et l\u2019extr\u00eame droite, ce ne sont plus des passerelles, mais de la porosit\u00e9\" class=\"read-more\" href=\"https:\/\/www.gastonballiot.fr\/?p=14786\" aria-label=\"Plus sur Entre les patrons et l\u2019extr\u00eame droite, ce ne sont plus des passerelles, mais de la porosit\u00e9\">Lire la suite&#8230;<\/a><\/p>\n","protected":false},"author":1,"featured_media":0,"comment_status":"closed","ping_status":"closed","sticky":false,"template":"","format":"standard","meta":{"ngg_post_thumbnail":0,"jetpack_post_was_ever_published":false,"_jetpack_newsletter_access":"","_jetpack_dont_email_post_to_subs":false,"_jetpack_newsletter_tier_id":0,"_jetpack_memberships_contains_paywalled_content":false,"_jetpack_memberships_contains_paid_content":false,"footnotes":"","jetpack_publicize_message":"","jetpack_publicize_feature_enabled":true,"jetpack_social_post_already_shared":true,"jetpack_social_options":{"image_generator_settings":{"template":"highway","enabled":false},"version":2}},"categories":[2,5,669],"tags":[39,591,105],"class_list":["post-14786","post","type-post","status-publish","format-standard","hentry","category-a-la-une","category-democratie","category-extreme-droite","tag-capitalisme","tag-extreme-droite","tag-patronat","infinite-scroll-item","masonry-post","generate-columns","tablet-grid-50","mobile-grid-100","grid-parent","grid-33"],"jetpack_publicize_connections":[],"yoast_head":"<!-- This site is optimized with the Yoast SEO plugin v27.5 - https:\/\/yoast.com\/product\/yoast-seo-wordpress\/ -->\n<title>Entre les patrons et l\u2019extr\u00eame droite, ce ne sont plus des passerelles, mais de la porosit\u00e9 - Le blog politique de Gaston<\/title>\n<meta name=\"robots\" content=\"index, follow, max-snippet:-1, max-image-preview:large, max-video-preview:-1\" \/>\n<link rel=\"canonical\" href=\"https:\/\/www.gastonballiot.fr\/?p=14786\" \/>\n<meta property=\"og:locale\" content=\"fr_FR\" \/>\n<meta property=\"og:type\" content=\"article\" \/>\n<meta property=\"og:title\" content=\"Entre les patrons et l\u2019extr\u00eame droite, ce ne sont plus des passerelles, mais de la porosit\u00e9 - Le blog politique de Gaston\" \/>\n<meta property=\"og:description\" content=\"Entretien Laurent Mauduit : \u00ab Entre les patrons et l\u2019extr\u00eame droite, ce ne sont plus des passerelles, mais de la porosit\u00e9 \u00bb Publi\u00e9 le&nbsp;12 septembre 2025&nbsp;par Les communistes de Pierre B\u00e9nite Laurent Mauduit Journaliste et cofondateur de Mediapart &nbsp; Le glissement politique de la France vers l\u2019extr\u00eame droite s\u2019observe aussi dans le comportement de la droite classique, de plus en plus proche des th\u00e8ses du Rassemblement national&nbsp;(RN). Il se voit \u00e9galement dans une partie de l\u2019\u00e9lectorat qui n\u2019h\u00e9site pas \u00e0 lui ... Lire la suite...\" \/>\n<meta property=\"og:url\" content=\"https:\/\/www.gastonballiot.fr\/?p=14786\" \/>\n<meta property=\"og:site_name\" content=\"Le blog politique de Gaston\" \/>\n<meta property=\"article:publisher\" content=\"https:\/\/www.facebook.com\/gaston.balliot\/\" \/>\n<meta property=\"article:author\" content=\"https:\/\/www.facebook.com\/gaston.balliot\/\" \/>\n<meta property=\"article:published_time\" content=\"2025-09-12T10:24:32+00:00\" \/>\n<meta property=\"article:modified_time\" content=\"2025-11-26T09:08:47+00:00\" \/>\n<meta property=\"og:image\" content=\"https:\/\/www.gastonballiot.fr\/wp-content\/uploads\/2025\/09\/LaurentMauduitPatronsEtFachos.jpg\" \/>\n<meta name=\"author\" content=\"gb\" \/>\n<meta name=\"twitter:card\" content=\"summary_large_image\" \/>\n<meta name=\"twitter:label1\" content=\"\u00c9crit par\" \/>\n\t<meta name=\"twitter:data1\" content=\"gb\" \/>\n\t<meta name=\"twitter:label2\" content=\"Dur\u00e9e de lecture estim\u00e9e\" \/>\n\t<meta name=\"twitter:data2\" content=\"11 minutes\" \/>\n<script type=\"application\/ld+json\" class=\"yoast-schema-graph\">{\"@context\":\"https:\\\/\\\/schema.org\",\"@graph\":[{\"@type\":\"Article\",\"@id\":\"https:\\\/\\\/www.gastonballiot.fr\\\/?p=14786#article\",\"isPartOf\":{\"@id\":\"https:\\\/\\\/www.gastonballiot.fr\\\/?p=14786\"},\"author\":{\"name\":\"gb\",\"@id\":\"https:\\\/\\\/www.gastonballiot.fr\\\/#\\\/schema\\\/person\\\/244a5e02696abd8a65c5b1bebdb948ca\"},\"headline\":\"Entre les patrons et l\u2019extr\u00eame droite, ce ne sont plus des passerelles, mais de la porosit\u00e9\",\"datePublished\":\"2025-09-12T10:24:32+00:00\",\"dateModified\":\"2025-11-26T09:08:47+00:00\",\"mainEntityOfPage\":{\"@id\":\"https:\\\/\\\/www.gastonballiot.fr\\\/?p=14786\"},\"wordCount\":2539,\"publisher\":{\"@id\":\"https:\\\/\\\/www.gastonballiot.fr\\\/#\\\/schema\\\/person\\\/244a5e02696abd8a65c5b1bebdb948ca\"},\"image\":{\"@id\":\"https:\\\/\\\/www.gastonballiot.fr\\\/?p=14786#primaryimage\"},\"thumbnailUrl\":\"https:\\\/\\\/www.gastonballiot.fr\\\/wp-content\\\/uploads\\\/2025\\\/09\\\/LaurentMauduitPatronsEtFachos.jpg\",\"keywords\":[\"capitalisme\",\"Extr\u00eame droite\",\"patronat\"],\"articleSection\":[\"A la une\",\"D\u00e9mocratie\",\"Extr\u00eame droite\"],\"inLanguage\":\"fr-FR\"},{\"@type\":\"WebPage\",\"@id\":\"https:\\\/\\\/www.gastonballiot.fr\\\/?p=14786\",\"url\":\"https:\\\/\\\/www.gastonballiot.fr\\\/?p=14786\",\"name\":\"Entre les patrons et l\u2019extr\u00eame droite, ce ne sont plus des passerelles, mais de la porosit\u00e9 - Le blog politique de Gaston\",\"isPartOf\":{\"@id\":\"https:\\\/\\\/www.gastonballiot.fr\\\/#website\"},\"primaryImageOfPage\":{\"@id\":\"https:\\\/\\\/www.gastonballiot.fr\\\/?p=14786#primaryimage\"},\"image\":{\"@id\":\"https:\\\/\\\/www.gastonballiot.fr\\\/?p=14786#primaryimage\"},\"thumbnailUrl\":\"https:\\\/\\\/www.gastonballiot.fr\\\/wp-content\\\/uploads\\\/2025\\\/09\\\/LaurentMauduitPatronsEtFachos.jpg\",\"datePublished\":\"2025-09-12T10:24:32+00:00\",\"dateModified\":\"2025-11-26T09:08:47+00:00\",\"breadcrumb\":{\"@id\":\"https:\\\/\\\/www.gastonballiot.fr\\\/?p=14786#breadcrumb\"},\"inLanguage\":\"fr-FR\",\"potentialAction\":[{\"@type\":\"ReadAction\",\"target\":[\"https:\\\/\\\/www.gastonballiot.fr\\\/?p=14786\"]}]},{\"@type\":\"ImageObject\",\"inLanguage\":\"fr-FR\",\"@id\":\"https:\\\/\\\/www.gastonballiot.fr\\\/?p=14786#primaryimage\",\"url\":\"https:\\\/\\\/i0.wp.com\\\/www.gastonballiot.fr\\\/wp-content\\\/uploads\\\/2025\\\/09\\\/LaurentMauduitPatronsEtFachos.jpg?fit=800%2C1172&ssl=1\",\"contentUrl\":\"https:\\\/\\\/i0.wp.com\\\/www.gastonballiot.fr\\\/wp-content\\\/uploads\\\/2025\\\/09\\\/LaurentMauduitPatronsEtFachos.jpg?fit=800%2C1172&ssl=1\",\"width\":800,\"height\":1172},{\"@type\":\"BreadcrumbList\",\"@id\":\"https:\\\/\\\/www.gastonballiot.fr\\\/?p=14786#breadcrumb\",\"itemListElement\":[{\"@type\":\"ListItem\",\"position\":1,\"name\":\"Accueil\",\"item\":\"https:\\\/\\\/www.gastonballiot.fr\\\/\"},{\"@type\":\"ListItem\",\"position\":2,\"name\":\"Entre les patrons et l\u2019extr\u00eame droite, ce ne sont plus des passerelles, mais de la porosit\u00e9\"}]},{\"@type\":\"WebSite\",\"@id\":\"https:\\\/\\\/www.gastonballiot.fr\\\/#website\",\"url\":\"https:\\\/\\\/www.gastonballiot.fr\\\/\",\"name\":\"Le blog politique de Gaston\",\"description\":\"L&#039;humain d&#039;abord, pas la finance !\",\"publisher\":{\"@id\":\"https:\\\/\\\/www.gastonballiot.fr\\\/#\\\/schema\\\/person\\\/244a5e02696abd8a65c5b1bebdb948ca\"},\"potentialAction\":[{\"@type\":\"SearchAction\",\"target\":{\"@type\":\"EntryPoint\",\"urlTemplate\":\"https:\\\/\\\/www.gastonballiot.fr\\\/?s={search_term_string}\"},\"query-input\":{\"@type\":\"PropertyValueSpecification\",\"valueRequired\":true,\"valueName\":\"search_term_string\"}}],\"inLanguage\":\"fr-FR\"},{\"@type\":[\"Person\",\"Organization\"],\"@id\":\"https:\\\/\\\/www.gastonballiot.fr\\\/#\\\/schema\\\/person\\\/244a5e02696abd8a65c5b1bebdb948ca\",\"name\":\"gb\",\"image\":{\"@type\":\"ImageObject\",\"inLanguage\":\"fr-FR\",\"@id\":\"https:\\\/\\\/i0.wp.com\\\/www.gastonballiot.fr\\\/wp-content\\\/uploads\\\/2017\\\/04\\\/cropped-Marianne-drapeau-rouge.gif?fit=512%2C512&ssl=1\",\"url\":\"https:\\\/\\\/i0.wp.com\\\/www.gastonballiot.fr\\\/wp-content\\\/uploads\\\/2017\\\/04\\\/cropped-Marianne-drapeau-rouge.gif?fit=512%2C512&ssl=1\",\"contentUrl\":\"https:\\\/\\\/i0.wp.com\\\/www.gastonballiot.fr\\\/wp-content\\\/uploads\\\/2017\\\/04\\\/cropped-Marianne-drapeau-rouge.gif?fit=512%2C512&ssl=1\",\"width\":512,\"height\":512,\"caption\":\"gb\"},\"logo\":{\"@id\":\"https:\\\/\\\/i0.wp.com\\\/www.gastonballiot.fr\\\/wp-content\\\/uploads\\\/2017\\\/04\\\/cropped-Marianne-drapeau-rouge.gif?fit=512%2C512&ssl=1\"},\"description\":\"Gaston Balliot, militant du Front de Gauche en pays bigouden - Pont L'Abb\u00e9 - Loctudy - Guilvinec - Penmarc'h - Ile Tudy - Combrit Ste Marine - Tr\u00e9meoc - Plon\u00e9our, p\u00eache tourisme\",\"sameAs\":[\"https:\\\/\\\/www.facebook.com\\\/gaston.balliot\\\/\"]}]}<\/script>\n<!-- \/ Yoast SEO plugin. -->","yoast_head_json":{"title":"Entre les patrons et l\u2019extr\u00eame droite, ce ne sont plus des passerelles, mais de la porosit\u00e9 - Le blog politique de Gaston","robots":{"index":"index","follow":"follow","max-snippet":"max-snippet:-1","max-image-preview":"max-image-preview:large","max-video-preview":"max-video-preview:-1"},"canonical":"https:\/\/www.gastonballiot.fr\/?p=14786","og_locale":"fr_FR","og_type":"article","og_title":"Entre les patrons et l\u2019extr\u00eame droite, ce ne sont plus des passerelles, mais de la porosit\u00e9 - Le blog politique de Gaston","og_description":"Entretien Laurent Mauduit : \u00ab Entre les patrons et l\u2019extr\u00eame droite, ce ne sont plus des passerelles, mais de la porosit\u00e9 \u00bb Publi\u00e9 le&nbsp;12 septembre 2025&nbsp;par Les communistes de Pierre B\u00e9nite Laurent Mauduit Journaliste et cofondateur de Mediapart &nbsp; Le glissement politique de la France vers l\u2019extr\u00eame droite s\u2019observe aussi dans le comportement de la droite classique, de plus en plus proche des th\u00e8ses du Rassemblement national&nbsp;(RN). Il se voit \u00e9galement dans une partie de l\u2019\u00e9lectorat qui n\u2019h\u00e9site pas \u00e0 lui ... Lire la suite...","og_url":"https:\/\/www.gastonballiot.fr\/?p=14786","og_site_name":"Le blog politique de Gaston","article_publisher":"https:\/\/www.facebook.com\/gaston.balliot\/","article_author":"https:\/\/www.facebook.com\/gaston.balliot\/","article_published_time":"2025-09-12T10:24:32+00:00","article_modified_time":"2025-11-26T09:08:47+00:00","og_image":[{"url":"https:\/\/www.gastonballiot.fr\/wp-content\/uploads\/2025\/09\/LaurentMauduitPatronsEtFachos.jpg","type":"","width":"","height":""}],"author":"gb","twitter_card":"summary_large_image","twitter_misc":{"\u00c9crit par":"gb","Dur\u00e9e de lecture estim\u00e9e":"11 minutes"},"schema":{"@context":"https:\/\/schema.org","@graph":[{"@type":"Article","@id":"https:\/\/www.gastonballiot.fr\/?p=14786#article","isPartOf":{"@id":"https:\/\/www.gastonballiot.fr\/?p=14786"},"author":{"name":"gb","@id":"https:\/\/www.gastonballiot.fr\/#\/schema\/person\/244a5e02696abd8a65c5b1bebdb948ca"},"headline":"Entre les patrons et l\u2019extr\u00eame droite, ce ne sont plus des passerelles, mais de la porosit\u00e9","datePublished":"2025-09-12T10:24:32+00:00","dateModified":"2025-11-26T09:08:47+00:00","mainEntityOfPage":{"@id":"https:\/\/www.gastonballiot.fr\/?p=14786"},"wordCount":2539,"publisher":{"@id":"https:\/\/www.gastonballiot.fr\/#\/schema\/person\/244a5e02696abd8a65c5b1bebdb948ca"},"image":{"@id":"https:\/\/www.gastonballiot.fr\/?p=14786#primaryimage"},"thumbnailUrl":"https:\/\/www.gastonballiot.fr\/wp-content\/uploads\/2025\/09\/LaurentMauduitPatronsEtFachos.jpg","keywords":["capitalisme","Extr\u00eame droite","patronat"],"articleSection":["A la une","D\u00e9mocratie","Extr\u00eame droite"],"inLanguage":"fr-FR"},{"@type":"WebPage","@id":"https:\/\/www.gastonballiot.fr\/?p=14786","url":"https:\/\/www.gastonballiot.fr\/?p=14786","name":"Entre les patrons et l\u2019extr\u00eame droite, ce ne sont plus des passerelles, mais de la porosit\u00e9 - Le blog politique de Gaston","isPartOf":{"@id":"https:\/\/www.gastonballiot.fr\/#website"},"primaryImageOfPage":{"@id":"https:\/\/www.gastonballiot.fr\/?p=14786#primaryimage"},"image":{"@id":"https:\/\/www.gastonballiot.fr\/?p=14786#primaryimage"},"thumbnailUrl":"https:\/\/www.gastonballiot.fr\/wp-content\/uploads\/2025\/09\/LaurentMauduitPatronsEtFachos.jpg","datePublished":"2025-09-12T10:24:32+00:00","dateModified":"2025-11-26T09:08:47+00:00","breadcrumb":{"@id":"https:\/\/www.gastonballiot.fr\/?p=14786#breadcrumb"},"inLanguage":"fr-FR","potentialAction":[{"@type":"ReadAction","target":["https:\/\/www.gastonballiot.fr\/?p=14786"]}]},{"@type":"ImageObject","inLanguage":"fr-FR","@id":"https:\/\/www.gastonballiot.fr\/?p=14786#primaryimage","url":"https:\/\/i0.wp.com\/www.gastonballiot.fr\/wp-content\/uploads\/2025\/09\/LaurentMauduitPatronsEtFachos.jpg?fit=800%2C1172&ssl=1","contentUrl":"https:\/\/i0.wp.com\/www.gastonballiot.fr\/wp-content\/uploads\/2025\/09\/LaurentMauduitPatronsEtFachos.jpg?fit=800%2C1172&ssl=1","width":800,"height":1172},{"@type":"BreadcrumbList","@id":"https:\/\/www.gastonballiot.fr\/?p=14786#breadcrumb","itemListElement":[{"@type":"ListItem","position":1,"name":"Accueil","item":"https:\/\/www.gastonballiot.fr\/"},{"@type":"ListItem","position":2,"name":"Entre les patrons et l\u2019extr\u00eame droite, ce ne sont plus des passerelles, mais de la porosit\u00e9"}]},{"@type":"WebSite","@id":"https:\/\/www.gastonballiot.fr\/#website","url":"https:\/\/www.gastonballiot.fr\/","name":"Le blog politique de Gaston","description":"L&#039;humain d&#039;abord, pas la finance !","publisher":{"@id":"https:\/\/www.gastonballiot.fr\/#\/schema\/person\/244a5e02696abd8a65c5b1bebdb948ca"},"potentialAction":[{"@type":"SearchAction","target":{"@type":"EntryPoint","urlTemplate":"https:\/\/www.gastonballiot.fr\/?s={search_term_string}"},"query-input":{"@type":"PropertyValueSpecification","valueRequired":true,"valueName":"search_term_string"}}],"inLanguage":"fr-FR"},{"@type":["Person","Organization"],"@id":"https:\/\/www.gastonballiot.fr\/#\/schema\/person\/244a5e02696abd8a65c5b1bebdb948ca","name":"gb","image":{"@type":"ImageObject","inLanguage":"fr-FR","@id":"https:\/\/i0.wp.com\/www.gastonballiot.fr\/wp-content\/uploads\/2017\/04\/cropped-Marianne-drapeau-rouge.gif?fit=512%2C512&ssl=1","url":"https:\/\/i0.wp.com\/www.gastonballiot.fr\/wp-content\/uploads\/2017\/04\/cropped-Marianne-drapeau-rouge.gif?fit=512%2C512&ssl=1","contentUrl":"https:\/\/i0.wp.com\/www.gastonballiot.fr\/wp-content\/uploads\/2017\/04\/cropped-Marianne-drapeau-rouge.gif?fit=512%2C512&ssl=1","width":512,"height":512,"caption":"gb"},"logo":{"@id":"https:\/\/i0.wp.com\/www.gastonballiot.fr\/wp-content\/uploads\/2017\/04\/cropped-Marianne-drapeau-rouge.gif?fit=512%2C512&ssl=1"},"description":"Gaston Balliot, militant du Front de Gauche en pays bigouden - Pont L'Abb\u00e9 - Loctudy - Guilvinec - Penmarc'h - Ile Tudy - Combrit Ste Marine - Tr\u00e9meoc - Plon\u00e9our, p\u00eache tourisme","sameAs":["https:\/\/www.facebook.com\/gaston.balliot\/"]}]}},"jetpack_featured_media_url":"","jetpack_shortlink":"https:\/\/wp.me\/p5UTaD-3Qu","jetpack-related-posts":[],"jetpack_likes_enabled":true,"jetpack_sharing_enabled":true,"_links":{"self":[{"href":"https:\/\/www.gastonballiot.fr\/index.php?rest_route=\/wp\/v2\/posts\/14786","targetHints":{"allow":["GET"]}}],"collection":[{"href":"https:\/\/www.gastonballiot.fr\/index.php?rest_route=\/wp\/v2\/posts"}],"about":[{"href":"https:\/\/www.gastonballiot.fr\/index.php?rest_route=\/wp\/v2\/types\/post"}],"author":[{"embeddable":true,"href":"https:\/\/www.gastonballiot.fr\/index.php?rest_route=\/wp\/v2\/users\/1"}],"replies":[{"embeddable":true,"href":"https:\/\/www.gastonballiot.fr\/index.php?rest_route=%2Fwp%2Fv2%2Fcomments&post=14786"}],"version-history":[{"count":11,"href":"https:\/\/www.gastonballiot.fr\/index.php?rest_route=\/wp\/v2\/posts\/14786\/revisions"}],"predecessor-version":[{"id":15200,"href":"https:\/\/www.gastonballiot.fr\/index.php?rest_route=\/wp\/v2\/posts\/14786\/revisions\/15200"}],"wp:attachment":[{"href":"https:\/\/www.gastonballiot.fr\/index.php?rest_route=%2Fwp%2Fv2%2Fmedia&parent=14786"}],"wp:term":[{"taxonomy":"category","embeddable":true,"href":"https:\/\/www.gastonballiot.fr\/index.php?rest_route=%2Fwp%2Fv2%2Fcategories&post=14786"},{"taxonomy":"post_tag","embeddable":true,"href":"https:\/\/www.gastonballiot.fr\/index.php?rest_route=%2Fwp%2Fv2%2Ftags&post=14786"}],"curies":[{"name":"wp","href":"https:\/\/api.w.org\/{rel}","templated":true}]}}