{"id":14802,"date":"2025-09-13T16:43:19","date_gmt":"2025-09-13T14:43:19","guid":{"rendered":"https:\/\/www.gastonballiot.fr\/?p=14802"},"modified":"2025-09-15T18:43:41","modified_gmt":"2025-09-15T16:43:41","slug":"le-discours-de-fabien-roussel-a-la-fete-de-lhumanite-le-13-septembre-2025","status":"publish","type":"post","link":"https:\/\/www.gastonballiot.fr\/?p=14802","title":{"rendered":"Le discours de Fabien Roussel \u00e0 la f\u00eate de l&rsquo;Humanit\u00e9 le 13 septembre 2025"},"content":{"rendered":"<p><iframe loading=\"lazy\" title=\"Meeting de Fabien Roussel - F\u00eate de l'Humanit\u00e9 2025\" src=\"https:\/\/www.youtube.com\/embed\/_CYm6sk0d-4\" width=\"1347\" height=\"480\" frameborder=\"0\" allowfullscreen=\"allowfullscreen\"><\/iframe>****<\/p>\n<p>Le contre projet du PCF &#8211; cliquer sur l&rsquo;image, ou lire ci-dessous &#8211;<\/p>\n<p><a href=\"https:\/\/www.pcf.fr\/pacte_national_pour_avenir_france\" target=\"_blank\" rel=\"noopener\"><img data-recalc-dims=\"1\" loading=\"lazy\" decoding=\"async\" data-attachment-id=\"14759\" data-permalink=\"https:\/\/www.gastonballiot.fr\/?attachment_id=14759#main\" data-orig-file=\"https:\/\/i0.wp.com\/www.gastonballiot.fr\/wp-content\/uploads\/2025\/09\/PCF6sept25.jpeg?fit=601%2C338&amp;ssl=1\" data-orig-size=\"601,338\" data-comments-opened=\"0\" data-image-meta=\"{&quot;aperture&quot;:&quot;0&quot;,&quot;credit&quot;:&quot;&quot;,&quot;camera&quot;:&quot;&quot;,&quot;caption&quot;:&quot;&quot;,&quot;created_timestamp&quot;:&quot;0&quot;,&quot;copyright&quot;:&quot;&quot;,&quot;focal_length&quot;:&quot;0&quot;,&quot;iso&quot;:&quot;0&quot;,&quot;shutter_speed&quot;:&quot;0&quot;,&quot;title&quot;:&quot;&quot;,&quot;orientation&quot;:&quot;1&quot;}\" data-image-title=\"PCF6sept25\" data-image-description=\"\" data-image-caption=\"\" data-medium-file=\"https:\/\/i0.wp.com\/www.gastonballiot.fr\/wp-content\/uploads\/2025\/09\/PCF6sept25.jpeg?fit=300%2C169&amp;ssl=1\" data-large-file=\"https:\/\/i0.wp.com\/www.gastonballiot.fr\/wp-content\/uploads\/2025\/09\/PCF6sept25.jpeg?fit=601%2C338&amp;ssl=1\" class=\"aligncenter wp-image-14759 size-full\" src=\"https:\/\/i0.wp.com\/www.gastonballiot.fr\/wp-content\/uploads\/2025\/09\/PCF6sept25.jpeg?resize=601%2C338&#038;ssl=1\" alt=\"\" width=\"601\" height=\"338\" srcset=\"https:\/\/i0.wp.com\/www.gastonballiot.fr\/wp-content\/uploads\/2025\/09\/PCF6sept25.jpeg?w=601&amp;ssl=1 601w, https:\/\/i0.wp.com\/www.gastonballiot.fr\/wp-content\/uploads\/2025\/09\/PCF6sept25.jpeg?resize=300%2C169&amp;ssl=1 300w\" sizes=\"auto, (max-width: 601px) 100vw, 601px\" \/><\/a><\/p>\n<p><a href=\"https:\/\/www.pcf.fr\/pacte_national_pour_avenir_france\" target=\"_blank\" rel=\"noopener\">https:\/\/www.pcf.fr\/pacte_national_pour_avenir_france<\/a><\/p>\n<p>&nbsp;<\/p>\n<div class=\"container container-cinq\">\n<div class=\"row\">\n<div class=\"col-lg-12\">\n<div class=\"header-blog-post\">\n<div>\n<h1 class=\"new-page-headline\" style=\"text-align: center;\">Un pacte national pour l\u2019avenir de la France<\/h1>\n<\/div>\n<\/div>\n<\/div>\n<\/div>\n<\/div>\n<div class=\"container container-deux\">\n<div class=\"row container-deux-row\">\n<div class=\"col-lg-9 offset-lg-1\">\n<div id=\"content\" class=\"page-content\">\n<p>Le monde, l\u2019Europe et la France s\u2019enfoncent dans les guerres, les crises \u00e9conomiques, \u00e9nerg\u00e9tiques et financi\u00e8res, les r\u00e9gressions sociales et d\u00e9mocratiques, le d\u00e9r\u00e8glement climatique. L\u2019humanit\u00e9 est \u00e0 un tournant de son histoire. L\u2019affrontement entre le capital et le travail est exacerb\u00e9. Le capitalisme, en crise syst\u00e9mique depuis des d\u00e9cennies, se montre incapable de r\u00e9pondre aux immenses d\u00e9fis pos\u00e9s \u00e0 l\u2019humanit\u00e9. Ce sont les peuples qui en paient le prix par le ch\u00f4mage, la pr\u00e9carit\u00e9, la d\u00e9gradation de leurs conditions de vie sociales et environnementales.<\/p>\n<p>L\u2019accession de Donald Trump \u00e0 la t\u00eate des \u00c9tats-Unis a d\u00e9cha\u00een\u00e9 les comp\u00e9titions entre puissances et multinationales. Le n\u00e9olib\u00e9ralisme et le libre-\u00e9changisme d\u2019hier ont r\u00e9v\u00e9l\u00e9 leurs failles, mais les logiques nationalistes et protectionnistes m\u00e8nent tout autant \u00e0 la catastrophe.<\/p>\n<p>En France, la droite et l\u2019extr\u00eame droite n\u2019ont pour projet que de perp\u00e9tuer un syst\u00e8me au profit exclusif de la classe capitaliste. Elles divisent pour cela la soci\u00e9t\u00e9 en attisant les peurs, la x\u00e9nophobie et le racisme. Macron, le gouvernement Bayrou et leurs alli\u00e9s veulent imposer une terrible cure d\u2019aust\u00e9rit\u00e9 au pays pour les prochaines ann\u00e9es, pr\u00e9voyant 40 milliards d\u2019euros de coupes budg\u00e9taires d\u00e8s 2026. Il en r\u00e9sulterait une amputation des d\u00e9penses sociales et une baisse drastique des dotations aux collectivit\u00e9s territoriales. Face \u00e0 cette politique, c\u2019est l\u2019extr\u00eame droite qui se rapproche du pouvoir \u00e0 mesure que nos concitoyennes et concitoyens perdent espoir. La R\u00e9publique s\u2019en retrouve gravement menac\u00e9e dans ses principes de libert\u00e9, d\u2019\u00e9galit\u00e9, de fraternit\u00e9 et ses valeurs universalistes.<\/p>\n<p>Ce contexte mondial et national inqui\u00e8te chacune et chacun \u00e0 juste titre : la peur du lendemain et le souci pour les g\u00e9n\u00e9rations \u00e0 venir sont une r\u00e9alit\u00e9 palpable et quotidienne. Cependant, nous sommes aujourd&rsquo;hui des millions de citoyens, engag\u00e9s ou pas, \u00e0 aspirer \u00e0 changer la vie, des millions \u00e0 vouloir que nos fins de mois riment avec autre chose que privations. Nous sommes des millions \u00e0 vouloir le meilleur pour nos enfants, pour nos parents et plus largement pour toute l\u2019humanit\u00e9. Nous sommes des millions \u00e0 refuser la guerre, les conflits, la mise en concurrence, la haine. Nous sommes des millions \u00e0 penser que ce qui nous rassemble est bien plus fort que ce qui nous divise. Nous sommes des millions \u00e0 esp\u00e9rer, malgr\u00e9 la violence du capitalisme, que d\u2019autres choix soient possibles. Nous sommes des millions \u00e0 penser que nos mobilisations peuvent triompher face au p\u00e9ril de l\u2019extr\u00eame droite.<\/p>\n<p>Et les raisons d\u2019esp\u00e9rer et de lutter existent. Au plan international, face aux agressions imp\u00e9rialistes, des r\u00e9sistances s\u2019\u00e9tendent jusque dans la soci\u00e9t\u00e9 civile des \u00c9tats-Unis, des peuples luttent, des coop\u00e9rations voient le jour. En Europe et en France, les peuples cherchent une v\u00e9ritable alternative aux politiques d\u2019aust\u00e9rit\u00e9 et aux mesures liberticides. Une aspiration populaire pour une alternative majoritaire \u00e0 gauche existe.<\/p>\n<p>Cependant, pour \u00eatre cr\u00e9dibles et pouvoir l\u2019emporter, cette alternative majoritaire suppose des transformations radicales et de grandes mobilisations pour les faire aboutir. Faisons grandir d\u00e8s \u00e0 pr\u00e9sent les luttes pour les salaires et pour l\u2019emploi dans l\u2019industrie et les services publics. Nous r\u00e9affirmons notre projet communiste qui est plus que jamais d\u2019actualit\u00e9, le besoin de communisme et le chemin pour y parvenir en r\u00e9actualisant le socialisme \u00e0 la lumi\u00e8re des d\u00e9fis du XXIe si\u00e8cle.&nbsp;<\/p>\n<p>L\u2019heure est \u00e0 reconstruire l\u2019unit\u00e9 du monde du travail, c\u2019est-\u00e0-dire des forces vives de la soci\u00e9t\u00e9, pour une r\u00e9volution dans l\u2019\u00e9conomie, dans l\u2019\u00e9cologie et dans toutes les relations entre les \u00eatres humains. Il s\u2019agit de (re)conqu\u00e9rir de nouvelles avanc\u00e9es sociales, f\u00e9ministes, \u00e9cologiques et d\u00e9mocratiques, pour un autre ordre du monde, de paix et de coop\u00e9rations entre peuples et nations libres, souverains et associ\u00e9s.<\/p>\n<p>Le parti communiste, la gauche tout enti\u00e8re, doivent se fixer l\u2019objectif de retrouver la confiance d\u2019une majorit\u00e9 de citoyennes et de citoyens en r\u00e9pondant \u00e0 leurs difficult\u00e9s du quotidien comme \u00e0 leurs aspirations \u00e0 voir leurs vies changer profond\u00e9ment.<\/p>\n<p>C\u2019est avec l\u2019ensemble du monde du travail, en lui permettant de redevenir acteur de son destin, qu\u2019il s\u2019agit de rassembler le plus largement et d\u2019\u00e9crire un pacte national pour un autre avenir de la France. Telle est la condition d\u2019une union solide et durable des forces progressistes qui doit se traduire lors des prochaines \u00e9lections municipales, pr\u00e9sidentielle et&nbsp;l\u00e9gislatives.<\/p>\n<p>Le Parti communiste fran\u00e7ais appelle nos concitoyens et concitoyennes, le monde du travail et de la cr\u00e9ation, les forces syndicales et associatives, les organisations de gauche \u00e0 agir en ce sens, \u00e0 pr\u00e9parer une rentr\u00e9e de mobilisations et \u00e0 d\u00e9battre ensemble d\u2019un projet alternatif pour le pays. \u00c0 l\u2019approche des \u00e9lections municipales 2026, les \u00e9lus municipaux qui \u0153uvrent au quotidien pour les habitantes et habitants de leurs villes et villages doivent avoir toute leur place dans ce processus.<\/p>\n<p>Ensemble, organisons la mobilisation&nbsp;:<\/p>\n<ul>\n<li>Contre un budget d\u2019aust\u00e9rit\u00e9 sans pr\u00e9c\u00e9dent, contre les plans de licenciements, pour l\u2019emploi et les salaires.<\/li>\n<li>Contre la r\u00e9forme des retraites qui doit \u00eatre abrog\u00e9e, pour des retraites dignes et le d\u00e9veloppement de la s\u00e9curit\u00e9 sociale, 80 ans apr\u00e8s sa cr\u00e9ation.<\/li>\n<li>Contre les reculs irresponsables du pouvoir sur l\u2019\u00e9cologie, pour des mesures de justice sociale et une planification permettant de relever le d\u00e9fi du climat et de la biodiversit\u00e9.<\/li>\n<li>Contre les guerres, \u00ab l\u2019\u00e9conomie de guerre \u00bb, la militarisation, pour un nouvel ordre international de paix et de co-d\u00e9veloppement de nations souveraines et de peuples libres et associ\u00e9s.<\/li>\n<\/ul>\n<p>Le PCF, avec son secr\u00e9taire national Fabien Roussel, propose dix grands objectifs \u00e0 la plus large discussion dans tout le pays. Parce que nous sommes des militants engag\u00e9s, parce que nous croyons \u00e0 la rencontre, aux d\u00e9bats, \u00e0 la richesse de vos id\u00e9es, nous les communistes irons vous rencontrer d\u00e8s cet \u00e9t\u00e9 et dans les mois qui viennent pour vous \u00e9couter, partager avec vous nos propositions et nous nourrir de vos attentes. Nous placerons ces enjeux au c\u0153ur de la F\u00eate de l\u2019Humanit\u00e9 pour porter les alternatives \u00e0 la droite au pouvoir et \u00e0 l\u2019extr\u00eame droite et nous organiserons des rendez-vous de mobilisation \u00e0 l\u2019automne.<\/p>\n<h3>Le parti-pris du travail, du renouveau industriel,&nbsp;de la transition \u00e9cologique<\/h3>\n<p><strong>1. Pour l\u2019emploi, une retraite digne et une vraie S\u00e9curit\u00e9 sociale du XXIe si\u00e8cle :<\/strong>&nbsp;aller vers une s\u00e9curit\u00e9 d\u2019emploi et de formation tout au long de la vie en permettant \u00e0 chacune et chacun d\u2019avoir un emploi ou une formation r\u00e9mun\u00e9r\u00e9e, choisie ; engager une augmentation g\u00e9n\u00e9rale des salaires, des pensions et les indexer sur l\u2019inflation ; assurer l\u2019\u00e9galit\u00e9 professionnelle entre les femmes et les hommes ; abroger la retraite \u00e0 64 ans et financer le retour aux 60 ans ; rembourser les soins \u00e0 100 % par la S\u00e9curit\u00e9 sociale, qui doit redevenir le bien commun en redonnant la gestion majoritaire aux cotisants et cotisantes, donc aux salari\u00e9s.<\/p>\n<p><strong>2. Pour une France de b\u00e2tisseurs et de b\u00e2tisseuses qui d\u00e9veloppe l\u2019industrie et les services publics :<\/strong>&nbsp;cr\u00e9er un fonds public de 500 milliards d\u2019euros au service de grands travaux, d\u2019une nouvelle industrialisation sociale et \u00e9cologique, de la relocalisation en France des productions strat\u00e9giques, et du d\u00e9veloppement des services publics. Mobiliser la Caisse des d\u00e9p\u00f4ts et consignations pour promouvoir un plan de construction de 200 000 logements par an, investir dans le rail, les ports, le fluvial, les routes, les modes de transport doux. Mettre en \u0153uvre un plan de pr\u00e9-recrutement de personnels dans la sant\u00e9, l\u2019\u00e9ducation, la recherche, le transport ferroviaire, l\u2019\u00e9nergie, la protection de l\u2019enfance, l\u2019autonomie des a\u00een\u00e9s, la vie autonome des personnes en situation de handicap, l\u2019habitat, la justice et la police de proximit\u00e9 ; rendre plus attractifs ces m\u00e9tiers par la revalorisation des salaires et l\u2019am\u00e9lioration des conditions de travail ; encourager la cr\u00e9ation artistique et&nbsp; la culture, avec le passage du budget d\u00e9di\u00e9 de l\u2019\u00c9tat \u00e0 1% du PIB.<\/p>\n<p><strong>3. Pour relever le d\u00e9fi \u00e9nerg\u00e9tique, climatique et alimentaire :<\/strong>&nbsp;doubler la production d\u2019\u00e9nergie d\u00e9carbon\u00e9e d\u2019ici 2050 avec la production de 20 EPR2 et le d\u00e9veloppement des \u00e9nergies renouvelables de fa\u00e7on coh\u00e9rente et sous ma\u00eetrise publique comme le propose le plan climat Empreinte2050, diviser par deux les tarifs, relancer l\u2019\u00e9tude pour la mise en service d\u2019un r\u00e9acteur \u00e0 neutrons rapides ; agir en faveur des transports \u00e9cologiques et collectifs ; organiser la r\u00e9novation thermique de 700 000 logements par an ; engager une transformation agro-\u00e9cologique n\u00e9cessitant le d\u00e9veloppement de l\u2019emploi et de la formation agricole, la garantie d\u2019un travail r\u00e9mun\u00e9rateur ainsi que l\u2019assurance et la gestion des risques pour permettre l\u2019acc\u00e8s universel \u00e0 une alimentation suffisante, saine, \u00e9quilibr\u00e9e et durable.<\/p>\n<p><strong>4. Pour l\u2019avenir de la jeunesse :<\/strong>&nbsp;cr\u00e9er un minist\u00e8re de l\u2019Enfance \u00e0 part enti\u00e8re, dot\u00e9 de pouvoirs et de moyens, et \u00e9lever la protection des enfants au rang de devoir constitutionnel pour garantir les droits fondamentaux des enfants ; abroger \u00ab Parcoursup \u00bb et supprimer la s\u00e9lection \u00e0 l\u2019entr\u00e9e de l\u2019universit\u00e9 ; mettre en place un revenu d\u2019autonomie pour garantir le droit aux \u00e9tudes des \u00e9tudiants et \u00e9tudiantes ; reconstruire un enseignement sup\u00e9rieur r\u00e9pondant aux d\u00e9fis des r\u00e9volutions technologique et informationnelle, avec la construction de nouvelles universit\u00e9s et des \u00e9coles d\u2019ing\u00e9nieurs et la cr\u00e9ation des places n\u00e9cessaires dans l\u2019enseignement sup\u00e9rieur ; r\u00e9server 10 % des embauches des entreprises aux jeunes de moins de 25 ans.<\/p>\n<h3>Une nouvelle R\u00e9publique sociale, la\u00efque et d\u00e9mocratique<\/h3>\n<p><strong>5. Pour la r\u00e9appropriation publique et sociale de la production :<\/strong>&nbsp;changer le r\u00f4le des banques, des entreprises et leur gestion pour qu\u2019elles privil\u00e9gient l\u2019emploi efficace et la formation, ainsi qu\u2019un autre type d\u2019investissement. Pour cela, planifier la reconqu\u00eate de nos fili\u00e8res industrielles strat\u00e9giques (acier, \u00e9nergie, chimie, eau\u2026) ; nationaliser les grandes entreprises concern\u00e9es chaque fois que n\u00e9cessaire ; instaurer un droit de veto et de contre-propositions des salari\u00e9s prenant en compte leurs projets alternatifs avec un droit de saisine du p\u00f4le public bancaire, notamment un droit de pr\u00e9emption leur donnant acc\u00e8s \u00e0 la propri\u00e9t\u00e9 coop\u00e9rative de leur entreprise ; cr\u00e9er des institutions de planification d\u00e9mocratique via des conf\u00e9rences permanentes pour l\u2019emploi, la formation, la transformation \u00e9cologique des productions et des services, depuis le niveau territorial jusqu\u2019au niveau national, reposant sur des engagements des entreprises comme de l\u2019\u00c9tat et leur suivi ; r\u00e9gulariser les travailleurs \u00ab sans papiers \u00bb, et lutter contre toute mise en concurrence entre salari\u00e9s.<\/p>\n<p><strong>6. Pour prendre le pouvoir sur l\u2019argent :<\/strong>&nbsp;cr\u00e9er un p\u00f4le public bancaire et financier, reposant sur les \u00e9tablissements d\u00e9j\u00e0 existant (Banque de France, CDC, BPI, Banque Postale..) et sur des nationalisations bancaires sous contr\u00f4le des salari\u00e9s, dans le but de promouvoir un cr\u00e9dit reposant sur de nouveaux crit\u00e8res sociaux et \u00e9cologiques ; conditionner toutes les aides publiques \u00e0 des crit\u00e8res de progr\u00e8s social et \u00e9cologique ; instaurer une nouvelle fiscalit\u00e9 largement redistributive et incitative au d\u00e9veloppement \u00e9cologique et social, mettant \u00e0 contribution les revenus du capital et les grosses fortunes ; lutter efficacement contre la fraude et l\u2019\u00e9vasion fiscale en recrutant significativement dans les administrations concern\u00e9es ; consolider la cotisation sociale et la S\u00e9curit\u00e9 sociale en cr\u00e9ant une cotisation sp\u00e9cifique sur les produits financiers des entreprises (dividendes, revenus d\u2019int\u00e9r\u00eat\u2026) et moduler la cotisation \u00e0 la hausse pour les entreprises qui taillent dans l\u2019emploi, les salaires et n\u2019appliquent pas l\u2019\u00e9galit\u00e9 salariale femme-homme.<\/p>\n<p><strong>7. Pour les droits des femmes et l\u2019\u00e9mancipation de chacune et chacun&nbsp;:<\/strong>&nbsp;voter une loi-cadre dot\u00e9e d\u2019un milliard d\u2019euros pour \u00e9liminer les violences sexistes et atteindre l\u2019\u00e9galit\u00e9 professionnelle femme-homme en un an ; \u00e9laborer un plan d\u2019action global contre le racisme, l\u2019antis\u00e9mitisme, la haine des musulmans et contre l\u2019ensemble des discriminations (\u00e0 l\u2019emploi, au logement, \u00e0 l\u2019\u00e9ducation, \u00e0 la sant\u00e9\u2026) ; assurer l\u2019\u00e9galit\u00e9 des droits pour tous les travailleurs et travailleuses quelle que soit la nationalit\u00e9 ; d\u00e9cr\u00e9ter l\u2019in\u00e9ligibilit\u00e9 de toute personne condamn\u00e9e pour incitation \u00e0 la haine raciale ; mettre en place un plan d\u2019\u00e9radication des violences et d\u2019action pour l\u2019\u00e9galit\u00e9 des droits en faveur des personnes LGBTQI+ ; d\u00e9velopper et garantir les droits des personnes en situation de handicap.<\/p>\n<p><strong>8. Pour un nouvel \u00e2ge de la d\u00e9mocratie :<\/strong>&nbsp;rendre le pouvoir au Parlement contre un pr\u00e9sidentialisme qui asphyxie la d\u00e9mocratie ; abroger les lois liberticides adopt\u00e9es depuis l\u2019arriv\u00e9e d\u2019Emmanuel Macron ; redonner des moyens financiers aux communes et aux collectivit\u00e9s ; promouvoir la d\u00e9mocratie sociale et le r\u00f4le des organisations syndicales en leur donnant les moyens de militer, arr\u00eater la r\u00e9pression syndicale ; prot\u00e9ger et renforcer les associations ; instaurer de nouveaux pouvoirs pour les salari\u00e9s dans les entreprises ; de nouveaux pouvoirs pour les citoyens (droit de p\u00e9tition, r\u00e9f\u00e9rendum d\u2019initiative populaire, co-\u00e9laboration des lois-cadres par des conf\u00e9rences citoyennes, vote des r\u00e9sidents \u00e9trangers aux \u00e9lections locales et europ\u00e9ennes) ; cr\u00e9er des conf\u00e9rences permanentes pour l\u2019emploi, la formation et la transformation productive suivant l\u2019activit\u00e9 \u00e9conomique et l\u2019utilisation de l\u2019argent ; renforcer et conforter le r\u00f4le du CESE (Conseil \u00e9conomique social et environnemental) et des CESER, notamment leur r\u00f4le de d\u00e9bat avec les ex\u00e9cutifs et de dialogue avec les citoyens ; r\u00e9affirmer l\u2019engagement la\u00efque de la R\u00e9publique ; mettre en \u0153uvre une politique volontariste d\u2019\u00e9galit\u00e9 avec les Outre-Mer ; adopter une loi visant \u00e0 prot\u00e9ger l\u2019audiovisuel public et \u00e0 garantir l\u2019ind\u00e9pendance des m\u00e9dias.<\/p>\n<h3>Une France au service de la paix&nbsp;et des coop\u00e9rations<\/h3>\n<p><strong>9. Pour gagner la paix et garantir les droits des peuples :<\/strong>&nbsp;sortir du commandement int\u00e9gr\u00e9 de l\u2019Otan comme premi\u00e8re \u00e9tape vers sa dissolution et garantir la s\u00e9curit\u00e9 collective des nations europ\u00e9ennes ; agir en faveur du d\u00e9sarmement nucl\u00e9aire multilat\u00e9ral avec la ratification du trait\u00e9 d\u2019interdiction des armes nucl\u00e9aires (Tian) par la France ; ne plus alimenter la guerre et agir pour un cessez-le feu entre l\u2019Ukraine et la Russie en allant vers une conf\u00e9rence paneurop\u00e9enne de s\u00e9curit\u00e9 collective ; agir pour un cessez-le-feu imm\u00e9diat \u00e0 Gaza, reconna\u00eetre l\u2019\u00c9tat de Palestine aux c\u00f4t\u00e9s de l\u2019\u00c9tat d\u2019Isra\u00ebl, agir pour la suspension de l\u2019accord d\u2019association UE-Isra\u00ebl tant que le droit international sera bafou\u00e9 ; agir pour briser le blocus criminel des USA contre Cuba ; concourir \u00e0 un nouvel ordre \u00e9conomique et politique international et \u00e0 de nouvelles institutions internationales, en d\u00e9veloppant les coop\u00e9rations avec les pays du Sud, transformant l\u2019OMC en organisation de ma\u00eetrise du commerce ext\u00e9rieur, des investissements et de partages technologiques pour le d\u00e9veloppement des biens communs et en agissant pour la cr\u00e9ation d\u2019une monnaie commune mondiale de coop\u00e9ration, alternative au dollar.<\/p>\n<p><strong>10. Pour une autre Europe, de nations et de peuples libres, souverains et associ\u00e9s :<\/strong>&nbsp;rompre avec les contraintes aust\u00e9ritaires du \u00ab pacte de stabilit\u00e9 \u00bb ; mobiliser la cr\u00e9ation mon\u00e9taire de la Banque centrale europ\u00e9enne (BCE) dans un fonds de d\u00e9veloppement des services publics, et abaisser le co\u00fbt des cr\u00e9dits bancaires afin de favoriser les investissements productifs et les d\u00e9penses en \u00ab recherche et d\u00e9veloppement \u00bb des entreprises plus elles d\u00e9veloppent l\u2019emploi, la formation, la lutte contre les \u00e9missions de gaz \u00e0 effet de serre ; sortir du march\u00e9 europ\u00e9en de l\u2019\u00e9lectricit\u00e9 tout en poursuivant l\u2019interconnexion ; engager la n\u00e9gociation pour de nouveaux trait\u00e9s europ\u00e9ens respectant la souverainet\u00e9 des nations et des peuples.<\/p>\n<p style=\"text-align: center;\">************************<\/p>\n<h3 style=\"text-align: center;\"><strong><a href=\"https:\/\/www.gastonballiot.fr\/?p=14260\" target=\"_blank\" rel=\"noopener\">Pour&nbsp; plus d&rsquo;informaation lire le livre de Fabien Roussel : Le parti pris du travail<\/a><\/strong><\/h3>\n<\/div>\n<div class=\"xdj266r x14z9mp xat24cr x1lziwak x1vvkbs x126k92a\">\n<h2 dir=\"auto\" style=\"text-align: center;\">************************<\/h2>\n<h2 dir=\"auto\">Radicalit\u00e9, unit\u00e9, les messages de la F\u00eate de l\u2019Humanit\u00e9.<\/h2>\n<div dir=\"auto\">par Ian Brossat, le 15 septembre<\/div>\n<div dir=\"auto\">&nbsp;<\/div>\n<\/div>\n<div class=\"x14z9mp xat24cr x1lziwak x1vvkbs xtlvy1s x126k92a\">\n<div dir=\"auto\">La F\u00eate de l\u2019Huma s\u2019est achev\u00e9e hier en battant un record de participation. Une superbe 90e \u00e9dition qui doit beaucoup, comme \u00e0 chaque fois, aux militantes et militants communistes et bien s\u00fbr \u00e0 notre journal, L\u2019Humanit\u00e9 et \u00e0 son directeur Fabien Gay.<\/div>\n<\/div>\n<div class=\"x14z9mp xat24cr x1lziwak x1vvkbs xtlvy1s x126k92a\">\n<div dir=\"auto\">610000 participants. Il est facile de banaliser l\u2019\u00e9v\u00e9nement, de n\u2019y voir qu\u2019un succ\u00e8s assur\u00e9 par la programmation musicale, de nier sa dimension politique. C\u2019est faire fausse route. J\u2019en veux pour preuve l\u2019affluence si nombreuse dans tous les d\u00e9bats, petits et grands, de l\u2019Agora de l\u2019Huma aux stands de section.<\/div>\n<\/div>\n<div class=\"x14z9mp xat24cr x1lziwak x1vvkbs xtlvy1s x126k92a\">\n<div dir=\"auto\">Quel est donc le message politique qui en ressort ?<\/div>\n<\/div>\n<div class=\"x14z9mp xat24cr x1lziwak x1vvkbs xtlvy1s x126k92a\">\n<div dir=\"auto\">Il est double.<\/div>\n<\/div>\n<div class=\"x14z9mp xat24cr x1lziwak x1vvkbs xtlvy1s x126k92a\">\n<div dir=\"auto\">Partout, l\u2019envie de rompre avec un syst\u00e8me qui d\u00e9truit l\u2019humanit\u00e9 et la plan\u00e8te. La conscience grandit que le capitalisme nous conduit \u00e0 la ruine et la F\u00eate en portait magnifiquement t\u00e9moignage. Une soif de radicalit\u00e9 au sens propre. Prendre le mal \u00e0 la racine, se d\u00e9barrasser de ce qui met en cause notre existence, notre survie. Personne ne peut imaginer qu\u2019on enteindra l\u2019incendie avec un robinet d\u2019eau ti\u00e8de. L\u2019heure est \u00e0 tourner la page.<\/div>\n<\/div>\n<div class=\"x14z9mp xat24cr x1lziwak x1vvkbs xtlvy1s x126k92a\">\n<div dir=\"auto\">Ensuite, l\u2019unit\u00e9. Elle s\u2019affichait partout, s\u2019exprimait partout. L\u2019unit\u00e9 du monde du travail, de la jeunesse, de tous ceux qui ont int\u00e9r\u00eat au changement. Unis face aux racistes qui instillent le venin de la haine et de la division \u00e0 longueur d\u2019antenne. Une unit\u00e9 de classe qui faisait plaisir \u00e0 voir. Avec en t\u00eate l\u2019\u00e9ch\u00e9ance du 18 septembre et l\u2019\u00e9norme mobilisation qui s\u2019annonce. En cela, la F\u00eate tombait \u00e0 pic, \u00e0 mi chemin entre le 10 et le 18.<\/div>\n<\/div>\n<div class=\"x14z9mp xat24cr x1lziwak x1vvkbs xtlvy1s x126k92a\">\n<div dir=\"auto\">L\u2019unit\u00e9 des forces de gauche aussi. Nous ne gagnerons pas dispers\u00e9s. Nous ne gagnerons pas les uns contre les autres. Nous gagnerons rassembl\u00e9s, dans le respect des uns et des autres, mais unis. Une unit\u00e9 \u00e0 la base, qui tienne compte des r\u00e9alit\u00e9s locales.<\/div>\n<\/div>\n<div class=\"x14z9mp xat24cr x1lziwak x1vvkbs xtlvy1s x126k92a\">\n<div dir=\"auto\">\u00c9coutons le message de la F\u00eate de l\u2019Huma. Les 610000 femmes et hommes qui nous ont fait l\u2019honneur de leur pr\u00e9sence le m\u00e9ritent.<\/div>\n<div dir=\"auto\"><img data-recalc-dims=\"1\" loading=\"lazy\" decoding=\"async\" data-attachment-id=\"14825\" data-permalink=\"https:\/\/www.gastonballiot.fr\/?attachment_id=14825#main\" data-orig-file=\"https:\/\/i0.wp.com\/www.gastonballiot.fr\/wp-content\/uploads\/2025\/09\/fouleHuma25.jpg?fit=1600%2C1200&amp;ssl=1\" data-orig-size=\"1600,1200\" data-comments-opened=\"0\" data-image-meta=\"{&quot;aperture&quot;:&quot;0&quot;,&quot;credit&quot;:&quot;&quot;,&quot;camera&quot;:&quot;&quot;,&quot;caption&quot;:&quot;&quot;,&quot;created_timestamp&quot;:&quot;0&quot;,&quot;copyright&quot;:&quot;&quot;,&quot;focal_length&quot;:&quot;0&quot;,&quot;iso&quot;:&quot;0&quot;,&quot;shutter_speed&quot;:&quot;0&quot;,&quot;title&quot;:&quot;&quot;,&quot;orientation&quot;:&quot;0&quot;}\" data-image-title=\"fouleHuma25\" data-image-description=\"\" data-image-caption=\"\" data-medium-file=\"https:\/\/i0.wp.com\/www.gastonballiot.fr\/wp-content\/uploads\/2025\/09\/fouleHuma25.jpg?fit=300%2C225&amp;ssl=1\" data-large-file=\"https:\/\/i0.wp.com\/www.gastonballiot.fr\/wp-content\/uploads\/2025\/09\/fouleHuma25.jpg?fit=1024%2C768&amp;ssl=1\" class=\"aligncenter size-full wp-image-14825\" src=\"https:\/\/i0.wp.com\/www.gastonballiot.fr\/wp-content\/uploads\/2025\/09\/fouleHuma25.jpg?resize=1200%2C900&#038;ssl=1\" alt=\"\" width=\"1200\" height=\"900\" srcset=\"https:\/\/i0.wp.com\/www.gastonballiot.fr\/wp-content\/uploads\/2025\/09\/fouleHuma25.jpg?w=1600&amp;ssl=1 1600w, https:\/\/i0.wp.com\/www.gastonballiot.fr\/wp-content\/uploads\/2025\/09\/fouleHuma25.jpg?resize=300%2C225&amp;ssl=1 300w, https:\/\/i0.wp.com\/www.gastonballiot.fr\/wp-content\/uploads\/2025\/09\/fouleHuma25.jpg?resize=1024%2C768&amp;ssl=1 1024w, https:\/\/i0.wp.com\/www.gastonballiot.fr\/wp-content\/uploads\/2025\/09\/fouleHuma25.jpg?resize=768%2C576&amp;ssl=1 768w, https:\/\/i0.wp.com\/www.gastonballiot.fr\/wp-content\/uploads\/2025\/09\/fouleHuma25.jpg?resize=1536%2C1152&amp;ssl=1 1536w, https:\/\/i0.wp.com\/www.gastonballiot.fr\/wp-content\/uploads\/2025\/09\/fouleHuma25.jpg?resize=1320%2C990&amp;ssl=1 1320w\" sizes=\"auto, (max-width: 1200px) 100vw, 1200px\" \/><\/div>\n<\/div>\n<\/div>\n<\/div>\n<\/div>\n<p>&nbsp;<\/p>\n<div class=\"fl-row fl-row-fixed-width fl-row-bg-none fl-node-6regntfyajvs fl-row-default-height fl-row-align-top\" data-node=\"6regntfyajvs\">\n<div class=\"fl-row-content-wrap\">\n<div class=\"fl-row-content fl-row-fixed-width fl-node-content\">\n<div class=\"fl-col-group fl-node-vk9c2taiqb3p fl-col-group-equal-height fl-col-group-align-center\" data-node=\"vk9c2taiqb3p\">\n<div class=\"fl-col fl-node-clbosmi9ath6 fl-col-bg-color\" data-node=\"clbosmi9ath6\">\n<div class=\"fl-col-content fl-node-content\">\n<div class=\"fl-module fl-module-heading fl-node-d20abwpgzvk4\" data-node=\"d20abwpgzvk4\">\n<div class=\"fl-module-content fl-node-content\">\n<h1 class=\"fl-heading\"><span class=\"fl-heading-text\">F\u00eate de l\u2019Huma : le fond de l\u2019air \u00e9tait rouge et unitaire<\/span><\/h1>\n<\/div>\n<\/div>\n<div class=\"fl-module fl-module-fl-post-info fl-node-9gr3ytsn7qdp\" data-node=\"9gr3ytsn7qdp\">\n<div class=\"fl-module-content fl-node-content\">&#8230;.revue Regards <span style=\"color: initial;\">par&nbsp;<\/span><strong style=\"color: initial;\"><a href=\"https:\/\/regards.fr\/author\/catherine\/\">Catherine Tricot<\/a><\/strong><\/div>\n<\/div>\n<\/div>\n<\/div>\n<\/div>\n<\/div>\n<\/div>\n<\/div>\n<div class=\"fl-row fl-row-fixed-width fl-row-bg-none fl-node-awvt3sumzokx fl-row-default-height fl-row-align-center\" data-node=\"awvt3sumzokx\">\n<div class=\"fl-row-content-wrap\">\n<div class=\"fl-row-content fl-row-fixed-width fl-node-content\">\n<div class=\"fl-col-group fl-node-h4vza7ul1jgn fl-col-group-equal-height fl-col-group-align-top\" data-node=\"h4vza7ul1jgn\">\n<div class=\"fl-col fl-node-rf5eapislxy1 fl-col-bg-color\" data-node=\"rf5eapislxy1\">\n<div class=\"fl-col-content fl-node-content\">\n<div class=\"fl-module fl-module-fl-post-content fl-node-bwcg6i0e378a\" data-node=\"bwcg6i0e378a\">\n<div class=\"fl-module-content fl-node-content\">\n<h3 class=\"wp-block-heading\">Les \u00e9lus ont-ils per\u00e7u cette pression qui gronde au sein la gauche ? Comme si chacun s\u2019\u00e9tait saisi du moment r\u00e9volutionnaire qui vient pour leur en tenir rigueur. Les attentes sont \u00e9lev\u00e9s alors\u2026 \u00e9levons le niveau !<\/h3>\n<p>La F\u00eate de l\u2019Huma s\u2019impose comme le rendez-vous incontournable des gauches. Tous les leaders sont venus se frotter au \u00ab&nbsp;peuple de gauche&nbsp;\u00bb affluant par centaines de milliers. Tous, ou presque. Il ne manquait que Rapha\u00ebl Glucksmann, envoyant un signal clair&nbsp;: il ne fait pas cause commune avec cette foule-l\u00e0. En revanche, Olivier Faure comme Jean-Luc M\u00e9lenchon, Sophie Binet et m\u00eame Patrick Martin (le patron du Medef) ont pu humer une atmosph\u00e8re qui ne trompait pas.&nbsp;<\/p>\n<p>Avant de parler de l\u2019ambiance g\u00e9n\u00e9rale, revenons un instant sur celle qui dominait parmi les proches et les membres du Parti communiste. Les militants \u00e9taient bien s\u00fbr au rendez-vous. Sans eux, pas de f\u00eate. Heureux comme des poissons dans l\u2019eau car, cette ann\u00e9e, pas de dingueries l\u00e2ch\u00e9es par surprise par Fabien Roussel pour troubler ce moment de retrouvailles. Le secr\u00e9taire national s\u2019est fait plus discret et moins de monde est venu l\u2019\u00e9couter. C\u2019est le pr\u00e9sident du groupe communiste \u00e0 l\u2019Assembl\u00e9e, St\u00e9phane Peu, qui tenait estrade au c\u00f4t\u00e9 de Marine Tondelier, Olivier Faure, Fran\u00e7ois Ruffin et Hadrien Clouet (d\u00e9put\u00e9 LFI). Fabien Gay, le directeur de&nbsp;<em>L\u2019Humanit\u00e9<\/em>, marchait sur un nuage en annon\u00e7ant que la F\u00eate avait d\u00fb fermer les acc\u00e8s samedi \u00e0 15h. Il \u00e9tait encore tout aur\u00e9ol\u00e9 de son rapport au S\u00e9nat sur les aides publiques vers\u00e9es aux entreprises. L\u2019\u00e9lu parisien Ian Brossat, tr\u00e8s mobilis\u00e9 sur le combat pro-palestinien, \u00e9tait \u00e9galement port\u00e9 par ses camarades. Apparaissant comme des militants de l\u2019union sans exclusive des gauches, ces trois visages (masculins) du communisme fran\u00e7ais \u00e9taient pl\u00e9biscit\u00e9s dans les stands.<\/p>\n<p>Sinon, les d\u00e9bats politiques ont fait le plein. Et il \u00e9tait tout aussi int\u00e9ressant d\u2019\u00e9couter le public que les orateurs. Olivier Faure a eu fort \u00e0 faire pour convaincre de sa strat\u00e9gie. La presse a beaucoup insist\u00e9 sur les sifflets \u2013 pas tant que \u00e7a en v\u00e9rit\u00e9 \u2013, ils \u00e9taient maitris\u00e9s et les slogans m\u00e9chamment anti-socialistes n\u2019ont pas retenti, \u00e0 la diff\u00e9rence d\u2019autres fois. Le public \u00e9coutait et r\u00e9agissait. Le premier des socialistes a voulu amadouer la foule et a un peu trich\u00e9 en annon\u00e7ant l\u2019abrogation de la r\u00e9forme des retraites quand il ne s\u2019agit en fait \u2013 dans le projet socialiste \u2013 que de sa suspension. La diff\u00e9rence&nbsp;? La r\u00e9forme avance et l\u2019\u00e2ge de d\u00e9part est d\u00e9j\u00e0 port\u00e9 \u00e0 63 ans. Olivier Faure a vant\u00e9 la taxe Zucman, en passe de devenir le symbole d\u2019une politique de gauche. Mais le public ne semble pas y trouver tout son compte.<\/p>\n<p>Tout au long des d\u00e9bats de la f\u00eate, c\u2019est une demande plus radicale qui s\u2019est fait entendre. Les mots et les slogans n\u2019\u00e9taient pas toujours l\u00e0, mais la musique, elle, oui. Le tempo aussi. C\u2019\u00e9tait celui de l\u2019unit\u00e9. Ce fut d\u2019ailleurs le seul slogan scand\u00e9 lors du grand d\u00e9bat&nbsp;: \u00ab&nbsp;Unit\u00e9&nbsp;! unit\u00e9&nbsp;!&nbsp;\u00bb Chahut\u00e9 quand il dit vouloir un candidat insoumis \u00e0 l\u2019\u00e9lection pr\u00e9sidentielle, Hadrien Clouet a tent\u00e9 une ruse&nbsp;: justifier la rupture d\u2019avec les socialistes pour cause de soutien au r\u00e9gime g\u00e9nocidaire d\u2019Isra\u00ebl. Il s\u2019est fait bien ramasser par Olivier Faure.<\/p>\n<p>Fran\u00e7ois Ruffin et St\u00e9phane Peu \u00e9taient au barycentre de ce moment \u00e0 la fois radical et unitaire. Le d\u00e9put\u00e9 communiste a rappel\u00e9 ce moment o\u00f9 les peuples socialiste et communiste ont forc\u00e9 leur parti \u00e0 converger pour faire face au fascisme montant en 1934. Int\u00e9ressant encore quand il lie politique sociale et combat antifasciste, rappelant que la s\u00e9curit\u00e9 sociale n\u2019est pas seulement n\u00e9e de la fraternit\u00e9 de la r\u00e9sistance mais de la conscience parmi les r\u00e9dacteurs du programme des jours heureux que les peuples d\u2019Europe ont sombr\u00e9 dans la pauvret\u00e9 et la peur des lendemains avant le d\u00e9sespoir qui conduisit au fascisme.&nbsp;<\/p>\n<p>Jean-Luc M\u00e9lenchon tenait meeting \u00e0 part, dans son stand \u00e0 lui, devant des centaines de militants serr\u00e9s. Comme rarement, il a rendu hommage aux communistes, le militant d\u2019aujourd\u2019hui, la dirigeante d\u2019hier, Marie-George Buffet et la charismatique Rosa Luxembourg. Il a m\u00eame conclu son meeting par \u00ab&nbsp;l\u2019Internationale&nbsp;\u00bb&nbsp;: il voulait rassembler la famille. Cela ne l\u2019a pas emp\u00each\u00e9 de dire de belles vacheries sur l\u2019ensemble des partenaires de gauche. C\u2019est plus fort que lui, il ne peut pas s\u2019en emp\u00eacher. Laissons cela pour revenir au fond de son propos. Jean-Luc M\u00e9lenchon sent le moment. Il le voit r\u00e9volutionnaire par la conjonction des luttes \u2013 en commen\u00e7ant par celles du 10 et du 18 septembre \u2013 et des blocages d\u2019en haut. Les sorties du Medef, braqu\u00e9 devant toute contribution des entreprises, alimentent ce diagnostic d\u2019\u00e9poque r\u00e9volutionnaire. Mais Jean-Luc M\u00e9lenchon rate quelque chose de l\u2019air du temps&nbsp;: la demande puissante d\u2019unit\u00e9. De tous. De la base aux partis. Il fallait se balader quelques heures dans les trav\u00e9es pour le mesurer comme jamais. Le leader insoumis affirme sa confiance dans le peuple et son unit\u00e9 : voil\u00e0 ce que le peuple lui demande.<\/p>\n<p><strong><a href=\"https:\/\/regards.fr\/author\/catherine\/\">Catherine Tricot<\/a><\/strong><\/p>\n<p>&nbsp;<\/p>\n<\/div>\n<\/div>\n<\/div>\n<\/div>\n<\/div>\n<\/div>\n<\/div>\n<\/div>\n","protected":false},"excerpt":{"rendered":"<p>**** Le contre projet du PCF &#8211; cliquer sur l&rsquo;image, ou lire ci-dessous &#8211; https:\/\/www.pcf.fr\/pacte_national_pour_avenir_france &nbsp; Un pacte national pour l\u2019avenir de la France Le monde, l\u2019Europe et la France s\u2019enfoncent dans les guerres, les crises \u00e9conomiques, \u00e9nerg\u00e9tiques et financi\u00e8res, les r\u00e9gressions sociales et d\u00e9mocratiques, le d\u00e9r\u00e8glement climatique. L\u2019humanit\u00e9 est \u00e0 un tournant de son histoire. L\u2019affrontement entre le capital et le travail est exacerb\u00e9. Le capitalisme, en crise syst\u00e9mique depuis des d\u00e9cennies, se montre incapable de r\u00e9pondre aux immenses d\u00e9fis &#8230; <a title=\"Le discours de Fabien Roussel \u00e0 la f\u00eate de l&rsquo;Humanit\u00e9 le 13 septembre 2025\" class=\"read-more\" href=\"https:\/\/www.gastonballiot.fr\/?p=14802\" aria-label=\"Plus sur Le discours de Fabien Roussel \u00e0 la f\u00eate de l&rsquo;Humanit\u00e9 le 13 septembre 2025\">Lire la suite&#8230;<\/a><\/p>\n","protected":false},"author":1,"featured_media":0,"comment_status":"closed","ping_status":"closed","sticky":false,"template":"","format":"standard","meta":{"ngg_post_thumbnail":0,"jetpack_post_was_ever_published":false,"_jetpack_newsletter_access":"","_jetpack_dont_email_post_to_subs":false,"_jetpack_newsletter_tier_id":0,"_jetpack_memberships_contains_paywalled_content":false,"_jetpack_memberships_contains_paid_content":false,"footnotes":"","jetpack_publicize_message":"","jetpack_publicize_feature_enabled":true,"jetpack_social_post_already_shared":true,"jetpack_social_options":{"image_generator_settings":{"template":"highway","enabled":false},"version":2}},"categories":[2,563,5,6,9,15,16],"tags":[485,326,327],"class_list":["post-14802","post","type-post","status-publish","format-standard","hentry","category-a-la-une","category-communisme","category-democratie","category-economie","category-front-de-gauche","category-services-publics","category-social","tag-fabien-roussel","tag-humanite","tag-pcf","infinite-scroll-item","masonry-post","generate-columns","tablet-grid-50","mobile-grid-100","grid-parent","grid-33"],"jetpack_publicize_connections":[],"yoast_head":"<!-- This site is optimized with the Yoast SEO plugin v27.5 - https:\/\/yoast.com\/product\/yoast-seo-wordpress\/ -->\n<title>Le discours de Fabien Roussel \u00e0 la f\u00eate de l&#039;Humanit\u00e9 le 13 septembre 2025 - Le blog politique de Gaston<\/title>\n<meta name=\"robots\" content=\"index, follow, max-snippet:-1, max-image-preview:large, max-video-preview:-1\" \/>\n<link rel=\"canonical\" href=\"https:\/\/www.gastonballiot.fr\/?p=14802\" \/>\n<meta property=\"og:locale\" content=\"fr_FR\" \/>\n<meta property=\"og:type\" content=\"article\" \/>\n<meta property=\"og:title\" content=\"Le discours de Fabien Roussel \u00e0 la f\u00eate de l&#039;Humanit\u00e9 le 13 septembre 2025 - Le blog politique de Gaston\" \/>\n<meta property=\"og:description\" content=\"**** Le contre projet du PCF &#8211; cliquer sur l&rsquo;image, ou lire ci-dessous &#8211; https:\/\/www.pcf.fr\/pacte_national_pour_avenir_france &nbsp; Un pacte national pour l\u2019avenir de la France Le monde, l\u2019Europe et la France s\u2019enfoncent dans les guerres, les crises \u00e9conomiques, \u00e9nerg\u00e9tiques et financi\u00e8res, les r\u00e9gressions sociales et d\u00e9mocratiques, le d\u00e9r\u00e8glement climatique. L\u2019humanit\u00e9 est \u00e0 un tournant de son histoire. L\u2019affrontement entre le capital et le travail est exacerb\u00e9. Le capitalisme, en crise syst\u00e9mique depuis des d\u00e9cennies, se montre incapable de r\u00e9pondre aux immenses d\u00e9fis ... Lire la suite...\" \/>\n<meta property=\"og:url\" content=\"https:\/\/www.gastonballiot.fr\/?p=14802\" \/>\n<meta property=\"og:site_name\" content=\"Le blog politique de Gaston\" \/>\n<meta property=\"article:publisher\" content=\"https:\/\/www.facebook.com\/gaston.balliot\/\" \/>\n<meta property=\"article:author\" content=\"https:\/\/www.facebook.com\/gaston.balliot\/\" \/>\n<meta property=\"article:published_time\" content=\"2025-09-13T14:43:19+00:00\" \/>\n<meta property=\"article:modified_time\" content=\"2025-09-15T16:43:41+00:00\" \/>\n<meta property=\"og:image\" content=\"https:\/\/www.gastonballiot.fr\/wp-content\/uploads\/2025\/09\/PCF6sept25.jpeg\" \/>\n<meta name=\"author\" content=\"gb\" \/>\n<meta name=\"twitter:card\" content=\"summary_large_image\" \/>\n<meta name=\"twitter:label1\" content=\"\u00c9crit par\" \/>\n\t<meta name=\"twitter:data1\" content=\"gb\" \/>\n\t<meta name=\"twitter:label2\" content=\"Dur\u00e9e de lecture estim\u00e9e\" \/>\n\t<meta name=\"twitter:data2\" content=\"19 minutes\" \/>\n<script type=\"application\/ld+json\" class=\"yoast-schema-graph\">{\"@context\":\"https:\\\/\\\/schema.org\",\"@graph\":[{\"@type\":\"Article\",\"@id\":\"https:\\\/\\\/www.gastonballiot.fr\\\/?p=14802#article\",\"isPartOf\":{\"@id\":\"https:\\\/\\\/www.gastonballiot.fr\\\/?p=14802\"},\"author\":{\"name\":\"gb\",\"@id\":\"https:\\\/\\\/www.gastonballiot.fr\\\/#\\\/schema\\\/person\\\/244a5e02696abd8a65c5b1bebdb948ca\"},\"headline\":\"Le discours de Fabien Roussel \u00e0 la f\u00eate de l&rsquo;Humanit\u00e9 le 13 septembre 2025\",\"datePublished\":\"2025-09-13T14:43:19+00:00\",\"dateModified\":\"2025-09-15T16:43:41+00:00\",\"mainEntityOfPage\":{\"@id\":\"https:\\\/\\\/www.gastonballiot.fr\\\/?p=14802\"},\"wordCount\":4102,\"publisher\":{\"@id\":\"https:\\\/\\\/www.gastonballiot.fr\\\/#\\\/schema\\\/person\\\/244a5e02696abd8a65c5b1bebdb948ca\"},\"image\":{\"@id\":\"https:\\\/\\\/www.gastonballiot.fr\\\/?p=14802#primaryimage\"},\"thumbnailUrl\":\"https:\\\/\\\/www.gastonballiot.fr\\\/wp-content\\\/uploads\\\/2025\\\/09\\\/PCF6sept25.jpeg\",\"keywords\":[\"Fabien Roussel\",\"Humanit\u00e9\",\"PCF\"],\"articleSection\":[\"A la une\",\"Communisme\",\"D\u00e9mocratie\",\"Economie\",\"Gauche\",\"Services Publics\",\"Social\"],\"inLanguage\":\"fr-FR\"},{\"@type\":\"WebPage\",\"@id\":\"https:\\\/\\\/www.gastonballiot.fr\\\/?p=14802\",\"url\":\"https:\\\/\\\/www.gastonballiot.fr\\\/?p=14802\",\"name\":\"Le discours de Fabien Roussel \u00e0 la f\u00eate de l'Humanit\u00e9 le 13 septembre 2025 - Le blog politique de Gaston\",\"isPartOf\":{\"@id\":\"https:\\\/\\\/www.gastonballiot.fr\\\/#website\"},\"primaryImageOfPage\":{\"@id\":\"https:\\\/\\\/www.gastonballiot.fr\\\/?p=14802#primaryimage\"},\"image\":{\"@id\":\"https:\\\/\\\/www.gastonballiot.fr\\\/?p=14802#primaryimage\"},\"thumbnailUrl\":\"https:\\\/\\\/www.gastonballiot.fr\\\/wp-content\\\/uploads\\\/2025\\\/09\\\/PCF6sept25.jpeg\",\"datePublished\":\"2025-09-13T14:43:19+00:00\",\"dateModified\":\"2025-09-15T16:43:41+00:00\",\"breadcrumb\":{\"@id\":\"https:\\\/\\\/www.gastonballiot.fr\\\/?p=14802#breadcrumb\"},\"inLanguage\":\"fr-FR\",\"potentialAction\":[{\"@type\":\"ReadAction\",\"target\":[\"https:\\\/\\\/www.gastonballiot.fr\\\/?p=14802\"]}]},{\"@type\":\"ImageObject\",\"inLanguage\":\"fr-FR\",\"@id\":\"https:\\\/\\\/www.gastonballiot.fr\\\/?p=14802#primaryimage\",\"url\":\"https:\\\/\\\/i0.wp.com\\\/www.gastonballiot.fr\\\/wp-content\\\/uploads\\\/2025\\\/09\\\/PCF6sept25.jpeg?fit=601%2C338&ssl=1\",\"contentUrl\":\"https:\\\/\\\/i0.wp.com\\\/www.gastonballiot.fr\\\/wp-content\\\/uploads\\\/2025\\\/09\\\/PCF6sept25.jpeg?fit=601%2C338&ssl=1\",\"width\":601,\"height\":338},{\"@type\":\"BreadcrumbList\",\"@id\":\"https:\\\/\\\/www.gastonballiot.fr\\\/?p=14802#breadcrumb\",\"itemListElement\":[{\"@type\":\"ListItem\",\"position\":1,\"name\":\"Accueil\",\"item\":\"https:\\\/\\\/www.gastonballiot.fr\\\/\"},{\"@type\":\"ListItem\",\"position\":2,\"name\":\"Le discours de Fabien Roussel \u00e0 la f\u00eate de l&rsquo;Humanit\u00e9 le 13 septembre 2025\"}]},{\"@type\":\"WebSite\",\"@id\":\"https:\\\/\\\/www.gastonballiot.fr\\\/#website\",\"url\":\"https:\\\/\\\/www.gastonballiot.fr\\\/\",\"name\":\"Le blog politique de Gaston\",\"description\":\"L&#039;humain d&#039;abord, pas la finance !\",\"publisher\":{\"@id\":\"https:\\\/\\\/www.gastonballiot.fr\\\/#\\\/schema\\\/person\\\/244a5e02696abd8a65c5b1bebdb948ca\"},\"potentialAction\":[{\"@type\":\"SearchAction\",\"target\":{\"@type\":\"EntryPoint\",\"urlTemplate\":\"https:\\\/\\\/www.gastonballiot.fr\\\/?s={search_term_string}\"},\"query-input\":{\"@type\":\"PropertyValueSpecification\",\"valueRequired\":true,\"valueName\":\"search_term_string\"}}],\"inLanguage\":\"fr-FR\"},{\"@type\":[\"Person\",\"Organization\"],\"@id\":\"https:\\\/\\\/www.gastonballiot.fr\\\/#\\\/schema\\\/person\\\/244a5e02696abd8a65c5b1bebdb948ca\",\"name\":\"gb\",\"image\":{\"@type\":\"ImageObject\",\"inLanguage\":\"fr-FR\",\"@id\":\"https:\\\/\\\/i0.wp.com\\\/www.gastonballiot.fr\\\/wp-content\\\/uploads\\\/2017\\\/04\\\/cropped-Marianne-drapeau-rouge.gif?fit=512%2C512&ssl=1\",\"url\":\"https:\\\/\\\/i0.wp.com\\\/www.gastonballiot.fr\\\/wp-content\\\/uploads\\\/2017\\\/04\\\/cropped-Marianne-drapeau-rouge.gif?fit=512%2C512&ssl=1\",\"contentUrl\":\"https:\\\/\\\/i0.wp.com\\\/www.gastonballiot.fr\\\/wp-content\\\/uploads\\\/2017\\\/04\\\/cropped-Marianne-drapeau-rouge.gif?fit=512%2C512&ssl=1\",\"width\":512,\"height\":512,\"caption\":\"gb\"},\"logo\":{\"@id\":\"https:\\\/\\\/i0.wp.com\\\/www.gastonballiot.fr\\\/wp-content\\\/uploads\\\/2017\\\/04\\\/cropped-Marianne-drapeau-rouge.gif?fit=512%2C512&ssl=1\"},\"description\":\"Gaston Balliot, militant du Front de Gauche en pays bigouden - Pont L'Abb\u00e9 - Loctudy - Guilvinec - Penmarc'h - Ile Tudy - Combrit Ste Marine - Tr\u00e9meoc - Plon\u00e9our, p\u00eache tourisme\",\"sameAs\":[\"https:\\\/\\\/www.facebook.com\\\/gaston.balliot\\\/\"]}]}<\/script>\n<!-- \/ Yoast SEO plugin. -->","yoast_head_json":{"title":"Le discours de Fabien Roussel \u00e0 la f\u00eate de l'Humanit\u00e9 le 13 septembre 2025 - Le blog politique de Gaston","robots":{"index":"index","follow":"follow","max-snippet":"max-snippet:-1","max-image-preview":"max-image-preview:large","max-video-preview":"max-video-preview:-1"},"canonical":"https:\/\/www.gastonballiot.fr\/?p=14802","og_locale":"fr_FR","og_type":"article","og_title":"Le discours de Fabien Roussel \u00e0 la f\u00eate de l'Humanit\u00e9 le 13 septembre 2025 - Le blog politique de Gaston","og_description":"**** Le contre projet du PCF &#8211; cliquer sur l&rsquo;image, ou lire ci-dessous &#8211; https:\/\/www.pcf.fr\/pacte_national_pour_avenir_france &nbsp; Un pacte national pour l\u2019avenir de la France Le monde, l\u2019Europe et la France s\u2019enfoncent dans les guerres, les crises \u00e9conomiques, \u00e9nerg\u00e9tiques et financi\u00e8res, les r\u00e9gressions sociales et d\u00e9mocratiques, le d\u00e9r\u00e8glement climatique. L\u2019humanit\u00e9 est \u00e0 un tournant de son histoire. L\u2019affrontement entre le capital et le travail est exacerb\u00e9. Le capitalisme, en crise syst\u00e9mique depuis des d\u00e9cennies, se montre incapable de r\u00e9pondre aux immenses d\u00e9fis ... Lire la suite...","og_url":"https:\/\/www.gastonballiot.fr\/?p=14802","og_site_name":"Le blog politique de Gaston","article_publisher":"https:\/\/www.facebook.com\/gaston.balliot\/","article_author":"https:\/\/www.facebook.com\/gaston.balliot\/","article_published_time":"2025-09-13T14:43:19+00:00","article_modified_time":"2025-09-15T16:43:41+00:00","og_image":[{"url":"https:\/\/www.gastonballiot.fr\/wp-content\/uploads\/2025\/09\/PCF6sept25.jpeg","type":"","width":"","height":""}],"author":"gb","twitter_card":"summary_large_image","twitter_misc":{"\u00c9crit par":"gb","Dur\u00e9e de lecture estim\u00e9e":"19 minutes"},"schema":{"@context":"https:\/\/schema.org","@graph":[{"@type":"Article","@id":"https:\/\/www.gastonballiot.fr\/?p=14802#article","isPartOf":{"@id":"https:\/\/www.gastonballiot.fr\/?p=14802"},"author":{"name":"gb","@id":"https:\/\/www.gastonballiot.fr\/#\/schema\/person\/244a5e02696abd8a65c5b1bebdb948ca"},"headline":"Le discours de Fabien Roussel \u00e0 la f\u00eate de l&rsquo;Humanit\u00e9 le 13 septembre 2025","datePublished":"2025-09-13T14:43:19+00:00","dateModified":"2025-09-15T16:43:41+00:00","mainEntityOfPage":{"@id":"https:\/\/www.gastonballiot.fr\/?p=14802"},"wordCount":4102,"publisher":{"@id":"https:\/\/www.gastonballiot.fr\/#\/schema\/person\/244a5e02696abd8a65c5b1bebdb948ca"},"image":{"@id":"https:\/\/www.gastonballiot.fr\/?p=14802#primaryimage"},"thumbnailUrl":"https:\/\/www.gastonballiot.fr\/wp-content\/uploads\/2025\/09\/PCF6sept25.jpeg","keywords":["Fabien Roussel","Humanit\u00e9","PCF"],"articleSection":["A la une","Communisme","D\u00e9mocratie","Economie","Gauche","Services Publics","Social"],"inLanguage":"fr-FR"},{"@type":"WebPage","@id":"https:\/\/www.gastonballiot.fr\/?p=14802","url":"https:\/\/www.gastonballiot.fr\/?p=14802","name":"Le discours de Fabien Roussel \u00e0 la f\u00eate de l'Humanit\u00e9 le 13 septembre 2025 - Le blog politique de Gaston","isPartOf":{"@id":"https:\/\/www.gastonballiot.fr\/#website"},"primaryImageOfPage":{"@id":"https:\/\/www.gastonballiot.fr\/?p=14802#primaryimage"},"image":{"@id":"https:\/\/www.gastonballiot.fr\/?p=14802#primaryimage"},"thumbnailUrl":"https:\/\/www.gastonballiot.fr\/wp-content\/uploads\/2025\/09\/PCF6sept25.jpeg","datePublished":"2025-09-13T14:43:19+00:00","dateModified":"2025-09-15T16:43:41+00:00","breadcrumb":{"@id":"https:\/\/www.gastonballiot.fr\/?p=14802#breadcrumb"},"inLanguage":"fr-FR","potentialAction":[{"@type":"ReadAction","target":["https:\/\/www.gastonballiot.fr\/?p=14802"]}]},{"@type":"ImageObject","inLanguage":"fr-FR","@id":"https:\/\/www.gastonballiot.fr\/?p=14802#primaryimage","url":"https:\/\/i0.wp.com\/www.gastonballiot.fr\/wp-content\/uploads\/2025\/09\/PCF6sept25.jpeg?fit=601%2C338&ssl=1","contentUrl":"https:\/\/i0.wp.com\/www.gastonballiot.fr\/wp-content\/uploads\/2025\/09\/PCF6sept25.jpeg?fit=601%2C338&ssl=1","width":601,"height":338},{"@type":"BreadcrumbList","@id":"https:\/\/www.gastonballiot.fr\/?p=14802#breadcrumb","itemListElement":[{"@type":"ListItem","position":1,"name":"Accueil","item":"https:\/\/www.gastonballiot.fr\/"},{"@type":"ListItem","position":2,"name":"Le discours de Fabien Roussel \u00e0 la f\u00eate de l&rsquo;Humanit\u00e9 le 13 septembre 2025"}]},{"@type":"WebSite","@id":"https:\/\/www.gastonballiot.fr\/#website","url":"https:\/\/www.gastonballiot.fr\/","name":"Le blog politique de Gaston","description":"L&#039;humain d&#039;abord, pas la finance !","publisher":{"@id":"https:\/\/www.gastonballiot.fr\/#\/schema\/person\/244a5e02696abd8a65c5b1bebdb948ca"},"potentialAction":[{"@type":"SearchAction","target":{"@type":"EntryPoint","urlTemplate":"https:\/\/www.gastonballiot.fr\/?s={search_term_string}"},"query-input":{"@type":"PropertyValueSpecification","valueRequired":true,"valueName":"search_term_string"}}],"inLanguage":"fr-FR"},{"@type":["Person","Organization"],"@id":"https:\/\/www.gastonballiot.fr\/#\/schema\/person\/244a5e02696abd8a65c5b1bebdb948ca","name":"gb","image":{"@type":"ImageObject","inLanguage":"fr-FR","@id":"https:\/\/i0.wp.com\/www.gastonballiot.fr\/wp-content\/uploads\/2017\/04\/cropped-Marianne-drapeau-rouge.gif?fit=512%2C512&ssl=1","url":"https:\/\/i0.wp.com\/www.gastonballiot.fr\/wp-content\/uploads\/2017\/04\/cropped-Marianne-drapeau-rouge.gif?fit=512%2C512&ssl=1","contentUrl":"https:\/\/i0.wp.com\/www.gastonballiot.fr\/wp-content\/uploads\/2017\/04\/cropped-Marianne-drapeau-rouge.gif?fit=512%2C512&ssl=1","width":512,"height":512,"caption":"gb"},"logo":{"@id":"https:\/\/i0.wp.com\/www.gastonballiot.fr\/wp-content\/uploads\/2017\/04\/cropped-Marianne-drapeau-rouge.gif?fit=512%2C512&ssl=1"},"description":"Gaston Balliot, militant du Front de Gauche en pays bigouden - Pont L'Abb\u00e9 - Loctudy - Guilvinec - Penmarc'h - Ile Tudy - Combrit Ste Marine - Tr\u00e9meoc - Plon\u00e9our, p\u00eache tourisme","sameAs":["https:\/\/www.facebook.com\/gaston.balliot\/"]}]}},"jetpack_featured_media_url":"","jetpack_shortlink":"https:\/\/wp.me\/p5UTaD-3QK","jetpack-related-posts":[],"jetpack_likes_enabled":true,"jetpack_sharing_enabled":true,"_links":{"self":[{"href":"https:\/\/www.gastonballiot.fr\/index.php?rest_route=\/wp\/v2\/posts\/14802","targetHints":{"allow":["GET"]}}],"collection":[{"href":"https:\/\/www.gastonballiot.fr\/index.php?rest_route=\/wp\/v2\/posts"}],"about":[{"href":"https:\/\/www.gastonballiot.fr\/index.php?rest_route=\/wp\/v2\/types\/post"}],"author":[{"embeddable":true,"href":"https:\/\/www.gastonballiot.fr\/index.php?rest_route=\/wp\/v2\/users\/1"}],"replies":[{"embeddable":true,"href":"https:\/\/www.gastonballiot.fr\/index.php?rest_route=%2Fwp%2Fv2%2Fcomments&post=14802"}],"version-history":[{"count":18,"href":"https:\/\/www.gastonballiot.fr\/index.php?rest_route=\/wp\/v2\/posts\/14802\/revisions"}],"predecessor-version":[{"id":14830,"href":"https:\/\/www.gastonballiot.fr\/index.php?rest_route=\/wp\/v2\/posts\/14802\/revisions\/14830"}],"wp:attachment":[{"href":"https:\/\/www.gastonballiot.fr\/index.php?rest_route=%2Fwp%2Fv2%2Fmedia&parent=14802"}],"wp:term":[{"taxonomy":"category","embeddable":true,"href":"https:\/\/www.gastonballiot.fr\/index.php?rest_route=%2Fwp%2Fv2%2Fcategories&post=14802"},{"taxonomy":"post_tag","embeddable":true,"href":"https:\/\/www.gastonballiot.fr\/index.php?rest_route=%2Fwp%2Fv2%2Ftags&post=14802"}],"curies":[{"name":"wp","href":"https:\/\/api.w.org\/{rel}","templated":true}]}}