{"id":14834,"date":"2025-09-16T10:18:17","date_gmt":"2025-09-16T08:18:17","guid":{"rendered":"https:\/\/www.gastonballiot.fr\/?p=14834"},"modified":"2025-11-21T11:25:07","modified_gmt":"2025-11-21T10:25:07","slug":"la-dette-parlons-en-par-stephane-peu-lors-dun-debat-a-la-fete-de-lhuma","status":"publish","type":"post","link":"https:\/\/www.gastonballiot.fr\/?p=14834","title":{"rendered":"La dette, reparlons-en.. avec St\u00e9phane Peu lors  d&rsquo;un d\u00e9bat \u00e0 la f\u00eate de l&rsquo;Huma"},"content":{"rendered":"<p><iframe loading=\"lazy\" title=\"St\u00e9phane PEU, F\u00eate de l'Humanit\u00e9 2025\" src=\"https:\/\/www.youtube.com\/embed\/x3pHFClXhMw\" width=\"702\" height=\"395\" frameborder=\"0\" allowfullscreen=\"allowfullscreen\"><\/iframe><\/p>\n<p>le probl\u00e8me de la dette est abord\u00e9 \u00e0 la minute 6:00 de l&rsquo;enregistrement<\/p>\n<p>et aussi :<\/p>\n<h2><a href=\"https:\/\/fdgpierrebe.over-blog.com\/2025\/11\/faut-il-avoir-peurde-la-dette-belle-soiree-d-education-populaire-des-communistes-de-pierre-benite-avec-evelyne-ternant.html\" target=\"_blank\" rel=\"noopener\">Un expos\u00e9 d&rsquo;<em><strong>Evelyne Ternant,<\/strong><\/em> \u00e9conomiste du PCF, sur la dette. Novembre 2025<\/a><\/h2>\n<h2><a href=\"https:\/\/www.gastonballiot.fr\/?s=dette\">Voir aussi d&rsquo;autres articles \u00e0 propos de la dette<\/a><\/h2>\n<figure id=\"attachment_928\" aria-describedby=\"caption-attachment-928\" style=\"width: 390px\" class=\"wp-caption aligncenter\"><img data-recalc-dims=\"1\" loading=\"lazy\" decoding=\"async\" data-attachment-id=\"928\" data-permalink=\"https:\/\/www.gastonballiot.fr\/?attachment_id=928#main\" data-orig-file=\"https:\/\/i0.wp.com\/www.gastonballiot.fr\/wp-content\/uploads\/2015\/07\/dette_Gr%C3%A8ce.jpg?fit=400%2C594&amp;ssl=1\" data-orig-size=\"400,594\" data-comments-opened=\"1\" data-image-meta=\"{&quot;aperture&quot;:&quot;0&quot;,&quot;credit&quot;:&quot;&quot;,&quot;camera&quot;:&quot;&quot;,&quot;caption&quot;:&quot;&quot;,&quot;created_timestamp&quot;:&quot;0&quot;,&quot;copyright&quot;:&quot;&quot;,&quot;focal_length&quot;:&quot;0&quot;,&quot;iso&quot;:&quot;0&quot;,&quot;shutter_speed&quot;:&quot;0&quot;,&quot;title&quot;:&quot;&quot;,&quot;orientation&quot;:&quot;1&quot;}\" data-image-title=\"dette_Gr\u00e8ce\" data-image-description=\"\" data-image-caption=\"\" data-medium-file=\"https:\/\/i0.wp.com\/www.gastonballiot.fr\/wp-content\/uploads\/2015\/07\/dette_Gr%C3%A8ce.jpg?fit=202%2C300&amp;ssl=1\" data-large-file=\"https:\/\/i0.wp.com\/www.gastonballiot.fr\/wp-content\/uploads\/2015\/07\/dette_Gr%C3%A8ce.jpg?fit=400%2C594&amp;ssl=1\" class=\"wp-image-928 size-full\" src=\"https:\/\/i0.wp.com\/www.gastonballiot.fr\/wp-content\/uploads\/2015\/07\/dette_Gr%C3%A8ce.jpg?resize=400%2C594&#038;ssl=1\" alt=\"\" width=\"400\" height=\"594\" srcset=\"https:\/\/i0.wp.com\/www.gastonballiot.fr\/wp-content\/uploads\/2015\/07\/dette_Gr%C3%A8ce.jpg?w=400&amp;ssl=1 400w, https:\/\/i0.wp.com\/www.gastonballiot.fr\/wp-content\/uploads\/2015\/07\/dette_Gr%C3%A8ce.jpg?resize=202%2C300&amp;ssl=1 202w\" sizes=\"auto, (max-width: 400px) 100vw, 400px\" \/><figcaption id=\"caption-attachment-928\" class=\"wp-caption-text\">Les vautours se nourrissent de la dette. Et le pouvoir politique est au service des vautours.<\/figcaption><\/figure>\n<h3 style=\"text-align: center;\"><img data-recalc-dims=\"1\" loading=\"lazy\" decoding=\"async\" data-attachment-id=\"14851\" data-permalink=\"https:\/\/www.gastonballiot.fr\/?attachment_id=14851#main\" data-orig-file=\"https:\/\/i0.wp.com\/www.gastonballiot.fr\/wp-content\/uploads\/2025\/09\/LEURdette.jpg?fit=526%2C526&amp;ssl=1\" data-orig-size=\"526,526\" data-comments-opened=\"0\" data-image-meta=\"{&quot;aperture&quot;:&quot;0&quot;,&quot;credit&quot;:&quot;&quot;,&quot;camera&quot;:&quot;&quot;,&quot;caption&quot;:&quot;&quot;,&quot;created_timestamp&quot;:&quot;0&quot;,&quot;copyright&quot;:&quot;&quot;,&quot;focal_length&quot;:&quot;0&quot;,&quot;iso&quot;:&quot;0&quot;,&quot;shutter_speed&quot;:&quot;0&quot;,&quot;title&quot;:&quot;&quot;,&quot;orientation&quot;:&quot;0&quot;}\" data-image-title=\"LEURdette\" data-image-description=\"\" data-image-caption=\"\" data-medium-file=\"https:\/\/i0.wp.com\/www.gastonballiot.fr\/wp-content\/uploads\/2025\/09\/LEURdette.jpg?fit=300%2C300&amp;ssl=1\" data-large-file=\"https:\/\/i0.wp.com\/www.gastonballiot.fr\/wp-content\/uploads\/2025\/09\/LEURdette.jpg?fit=526%2C526&amp;ssl=1\" class=\"aligncenter size-full wp-image-14851\" src=\"https:\/\/i0.wp.com\/www.gastonballiot.fr\/wp-content\/uploads\/2025\/09\/LEURdette.jpg?resize=526%2C526&#038;ssl=1\" alt=\"\" width=\"526\" height=\"526\" srcset=\"https:\/\/i0.wp.com\/www.gastonballiot.fr\/wp-content\/uploads\/2025\/09\/LEURdette.jpg?w=526&amp;ssl=1 526w, https:\/\/i0.wp.com\/www.gastonballiot.fr\/wp-content\/uploads\/2025\/09\/LEURdette.jpg?resize=300%2C300&amp;ssl=1 300w, https:\/\/i0.wp.com\/www.gastonballiot.fr\/wp-content\/uploads\/2025\/09\/LEURdette.jpg?resize=150%2C150&amp;ssl=1 150w\" sizes=\"auto, (max-width: 526px) 100vw, 526px\" \/>C&rsquo;est leur dette ! l&rsquo;explosion de la dette sous la macronie est due essentiellement \u00e0 la perte de recettes provoqu\u00e9e par les cadeaux exhorbitants aux grandes entreprises, les exon\u00e9rations fiscale qui de plus privent la S\u00e9cu de cotisations et la met en danger. Egalement par le refus d&rsquo;imposer les ultra-riches et les transactions bancaires. Tout cela est tomb\u00e9 dans la poche des gros au lieu d&rsquo;alimenter le budget<\/h3>\n<hr>\n<h3 style=\"text-align: center;\">D\u00e9bat avec les diff\u00e9rents partis de la gauche \u00e0 la f\u00eate de l&rsquo;Huma<br \/>\n\u00ab\u00a0Face \u00e0 l&rsquo;aust\u00e9rit\u00e9, quel projet alternatif pour la France ?\u00a0\u00bb<\/h3>\n<p><iframe loading=\"lazy\" title=\"\u00ab Face \u00e0 l\u2019aust\u00e9rit\u00e9, quel projet alternatif pour la France ? \u00bb\" src=\"https:\/\/www.youtube.com\/embed\/VUlOHhq3Z8g\" width=\"609\" height=\"344\" frameborder=\"0\" allowfullscreen=\"allowfullscreen\"><\/iframe><\/p>\n","protected":false},"excerpt":{"rendered":"<p>le probl\u00e8me de la dette est abord\u00e9 \u00e0 la minute 6:00 de l&rsquo;enregistrement et aussi : Un expos\u00e9 d&rsquo;Evelyne Ternant, \u00e9conomiste du PCF, sur la dette. Novembre 2025 Voir aussi d&rsquo;autres articles \u00e0 propos de la dette C&rsquo;est leur dette ! l&rsquo;explosion de la dette sous la macronie est due essentiellement \u00e0 la perte de recettes provoqu\u00e9e par les cadeaux exhorbitants aux grandes entreprises, les exon\u00e9rations fiscale qui de plus privent la S\u00e9cu de cotisations et la met en danger. Egalement &#8230; <a title=\"La dette, reparlons-en.. avec St\u00e9phane Peu lors  d&rsquo;un d\u00e9bat \u00e0 la f\u00eate de l&rsquo;Huma\" class=\"read-more\" href=\"https:\/\/www.gastonballiot.fr\/?p=14834\" aria-label=\"Plus sur La dette, reparlons-en.. avec St\u00e9phane Peu lors  d&rsquo;un d\u00e9bat \u00e0 la f\u00eate de l&rsquo;Huma\">Lire la suite&#8230;<\/a><\/p>\n","protected":false},"author":1,"featured_media":0,"comment_status":"closed","ping_status":"closed","sticky":false,"template":"","format":"standard","meta":{"ngg_post_thumbnail":0,"jetpack_post_was_ever_published":false,"_jetpack_newsletter_access":"","_jetpack_dont_email_post_to_subs":false,"_jetpack_newsletter_tier_id":0,"_jetpack_memberships_contains_paywalled_content":false,"_jetpack_memberships_contains_paid_content":false,"footnotes":"","jetpack_publicize_message":"","jetpack_publicize_feature_enabled":true,"jetpack_social_post_already_shared":true,"jetpack_social_options":{"image_generator_settings":{"template":"highway","enabled":false},"version":2}},"categories":[2,6],"tags":[38,51,60,679],"class_list":["post-14834","post","type-post","status-publish","format-standard","hentry","category-a-la-une","category-economie","tag-capital","tag-dette","tag-finance","tag-stephane-peu","infinite-scroll-item","masonry-post","generate-columns","tablet-grid-50","mobile-grid-100","grid-parent","grid-33"],"jetpack_publicize_connections":[],"yoast_head":"<!-- This site is optimized with the Yoast SEO plugin v27.5 - https:\/\/yoast.com\/product\/yoast-seo-wordpress\/ -->\n<title>La dette, reparlons-en.. avec St\u00e9phane Peu lors d&#039;un d\u00e9bat \u00e0 la f\u00eate de l&#039;Huma - Le blog politique de Gaston<\/title>\n<meta name=\"robots\" content=\"index, follow, max-snippet:-1, max-image-preview:large, max-video-preview:-1\" \/>\n<link rel=\"canonical\" href=\"https:\/\/www.gastonballiot.fr\/?p=14834\" \/>\n<meta property=\"og:locale\" content=\"fr_FR\" \/>\n<meta property=\"og:type\" content=\"article\" \/>\n<meta property=\"og:title\" content=\"La dette, reparlons-en.. avec St\u00e9phane Peu lors d&#039;un d\u00e9bat \u00e0 la f\u00eate de l&#039;Huma - Le blog politique de Gaston\" \/>\n<meta property=\"og:description\" content=\"le probl\u00e8me de la dette est abord\u00e9 \u00e0 la minute 6:00 de l&rsquo;enregistrement et aussi : Un expos\u00e9 d&rsquo;Evelyne Ternant, \u00e9conomiste du PCF, sur la dette. Novembre 2025 Voir aussi d&rsquo;autres articles \u00e0 propos de la dette C&rsquo;est leur dette ! l&rsquo;explosion de la dette sous la macronie est due essentiellement \u00e0 la perte de recettes provoqu\u00e9e par les cadeaux exhorbitants aux grandes entreprises, les exon\u00e9rations fiscale qui de plus privent la S\u00e9cu de cotisations et la met en danger. Egalement ... Lire la suite...\" \/>\n<meta property=\"og:url\" content=\"https:\/\/www.gastonballiot.fr\/?p=14834\" \/>\n<meta property=\"og:site_name\" content=\"Le blog politique de Gaston\" \/>\n<meta property=\"article:publisher\" content=\"https:\/\/www.facebook.com\/gaston.balliot\/\" \/>\n<meta property=\"article:author\" content=\"https:\/\/www.facebook.com\/gaston.balliot\/\" \/>\n<meta property=\"article:published_time\" content=\"2025-09-16T08:18:17+00:00\" \/>\n<meta property=\"article:modified_time\" content=\"2025-11-21T10:25:07+00:00\" \/>\n<meta property=\"og:image\" content=\"https:\/\/www.gastonballiot.fr\/wp-content\/uploads\/2025\/09\/LEURdette.jpg\" \/>\n<meta name=\"author\" content=\"gb\" \/>\n<meta name=\"twitter:card\" content=\"summary_large_image\" \/>\n<meta name=\"twitter:label1\" content=\"\u00c9crit par\" \/>\n\t<meta name=\"twitter:data1\" content=\"gb\" \/>\n\t<meta name=\"twitter:label2\" content=\"Dur\u00e9e de lecture estim\u00e9e\" \/>\n\t<meta name=\"twitter:data2\" content=\"2 minutes\" \/>\n<script type=\"application\/ld+json\" class=\"yoast-schema-graph\">{\"@context\":\"https:\\\/\\\/schema.org\",\"@graph\":[{\"@type\":\"Article\",\"@id\":\"https:\\\/\\\/www.gastonballiot.fr\\\/?p=14834#article\",\"isPartOf\":{\"@id\":\"https:\\\/\\\/www.gastonballiot.fr\\\/?p=14834\"},\"author\":{\"name\":\"gb\",\"@id\":\"https:\\\/\\\/www.gastonballiot.fr\\\/#\\\/schema\\\/person\\\/244a5e02696abd8a65c5b1bebdb948ca\"},\"headline\":\"La dette, reparlons-en.. avec St\u00e9phane Peu lors d&rsquo;un d\u00e9bat \u00e0 la f\u00eate de l&rsquo;Huma\",\"datePublished\":\"2025-09-16T08:18:17+00:00\",\"dateModified\":\"2025-11-21T10:25:07+00:00\",\"mainEntityOfPage\":{\"@id\":\"https:\\\/\\\/www.gastonballiot.fr\\\/?p=14834\"},\"wordCount\":176,\"publisher\":{\"@id\":\"https:\\\/\\\/www.gastonballiot.fr\\\/#\\\/schema\\\/person\\\/244a5e02696abd8a65c5b1bebdb948ca\"},\"image\":{\"@id\":\"https:\\\/\\\/www.gastonballiot.fr\\\/?p=14834#primaryimage\"},\"thumbnailUrl\":\"https:\\\/\\\/www.gastonballiot.fr\\\/wp-content\\\/uploads\\\/2025\\\/09\\\/LEURdette.jpg\",\"keywords\":[\"capital\",\"dette\",\"finance\",\"Stephane Peu\"],\"articleSection\":[\"A la une\",\"Economie\"],\"inLanguage\":\"fr-FR\"},{\"@type\":\"WebPage\",\"@id\":\"https:\\\/\\\/www.gastonballiot.fr\\\/?p=14834\",\"url\":\"https:\\\/\\\/www.gastonballiot.fr\\\/?p=14834\",\"name\":\"La dette, reparlons-en.. avec St\u00e9phane Peu lors d'un d\u00e9bat \u00e0 la f\u00eate de l'Huma - Le blog politique de Gaston\",\"isPartOf\":{\"@id\":\"https:\\\/\\\/www.gastonballiot.fr\\\/#website\"},\"primaryImageOfPage\":{\"@id\":\"https:\\\/\\\/www.gastonballiot.fr\\\/?p=14834#primaryimage\"},\"image\":{\"@id\":\"https:\\\/\\\/www.gastonballiot.fr\\\/?p=14834#primaryimage\"},\"thumbnailUrl\":\"https:\\\/\\\/www.gastonballiot.fr\\\/wp-content\\\/uploads\\\/2025\\\/09\\\/LEURdette.jpg\",\"datePublished\":\"2025-09-16T08:18:17+00:00\",\"dateModified\":\"2025-11-21T10:25:07+00:00\",\"breadcrumb\":{\"@id\":\"https:\\\/\\\/www.gastonballiot.fr\\\/?p=14834#breadcrumb\"},\"inLanguage\":\"fr-FR\",\"potentialAction\":[{\"@type\":\"ReadAction\",\"target\":[\"https:\\\/\\\/www.gastonballiot.fr\\\/?p=14834\"]}]},{\"@type\":\"ImageObject\",\"inLanguage\":\"fr-FR\",\"@id\":\"https:\\\/\\\/www.gastonballiot.fr\\\/?p=14834#primaryimage\",\"url\":\"https:\\\/\\\/i0.wp.com\\\/www.gastonballiot.fr\\\/wp-content\\\/uploads\\\/2025\\\/09\\\/LEURdette.jpg?fit=526%2C526&ssl=1\",\"contentUrl\":\"https:\\\/\\\/i0.wp.com\\\/www.gastonballiot.fr\\\/wp-content\\\/uploads\\\/2025\\\/09\\\/LEURdette.jpg?fit=526%2C526&ssl=1\",\"width\":526,\"height\":526},{\"@type\":\"BreadcrumbList\",\"@id\":\"https:\\\/\\\/www.gastonballiot.fr\\\/?p=14834#breadcrumb\",\"itemListElement\":[{\"@type\":\"ListItem\",\"position\":1,\"name\":\"Accueil\",\"item\":\"https:\\\/\\\/www.gastonballiot.fr\\\/\"},{\"@type\":\"ListItem\",\"position\":2,\"name\":\"La dette, reparlons-en.. avec St\u00e9phane Peu lors d&rsquo;un d\u00e9bat \u00e0 la f\u00eate de l&rsquo;Huma\"}]},{\"@type\":\"WebSite\",\"@id\":\"https:\\\/\\\/www.gastonballiot.fr\\\/#website\",\"url\":\"https:\\\/\\\/www.gastonballiot.fr\\\/\",\"name\":\"Le blog politique de Gaston\",\"description\":\"L&#039;humain d&#039;abord, pas la finance !\",\"publisher\":{\"@id\":\"https:\\\/\\\/www.gastonballiot.fr\\\/#\\\/schema\\\/person\\\/244a5e02696abd8a65c5b1bebdb948ca\"},\"potentialAction\":[{\"@type\":\"SearchAction\",\"target\":{\"@type\":\"EntryPoint\",\"urlTemplate\":\"https:\\\/\\\/www.gastonballiot.fr\\\/?s={search_term_string}\"},\"query-input\":{\"@type\":\"PropertyValueSpecification\",\"valueRequired\":true,\"valueName\":\"search_term_string\"}}],\"inLanguage\":\"fr-FR\"},{\"@type\":[\"Person\",\"Organization\"],\"@id\":\"https:\\\/\\\/www.gastonballiot.fr\\\/#\\\/schema\\\/person\\\/244a5e02696abd8a65c5b1bebdb948ca\",\"name\":\"gb\",\"image\":{\"@type\":\"ImageObject\",\"inLanguage\":\"fr-FR\",\"@id\":\"https:\\\/\\\/i0.wp.com\\\/www.gastonballiot.fr\\\/wp-content\\\/uploads\\\/2017\\\/04\\\/cropped-Marianne-drapeau-rouge.gif?fit=512%2C512&ssl=1\",\"url\":\"https:\\\/\\\/i0.wp.com\\\/www.gastonballiot.fr\\\/wp-content\\\/uploads\\\/2017\\\/04\\\/cropped-Marianne-drapeau-rouge.gif?fit=512%2C512&ssl=1\",\"contentUrl\":\"https:\\\/\\\/i0.wp.com\\\/www.gastonballiot.fr\\\/wp-content\\\/uploads\\\/2017\\\/04\\\/cropped-Marianne-drapeau-rouge.gif?fit=512%2C512&ssl=1\",\"width\":512,\"height\":512,\"caption\":\"gb\"},\"logo\":{\"@id\":\"https:\\\/\\\/i0.wp.com\\\/www.gastonballiot.fr\\\/wp-content\\\/uploads\\\/2017\\\/04\\\/cropped-Marianne-drapeau-rouge.gif?fit=512%2C512&ssl=1\"},\"description\":\"Gaston Balliot, militant du Front de Gauche en pays bigouden - Pont L'Abb\u00e9 - Loctudy - Guilvinec - Penmarc'h - Ile Tudy - Combrit Ste Marine - Tr\u00e9meoc - Plon\u00e9our, p\u00eache tourisme\",\"sameAs\":[\"https:\\\/\\\/www.facebook.com\\\/gaston.balliot\\\/\"]}]}<\/script>\n<!-- \/ Yoast SEO plugin. -->","yoast_head_json":{"title":"La dette, reparlons-en.. avec St\u00e9phane Peu lors d'un d\u00e9bat \u00e0 la f\u00eate de l'Huma - Le blog politique de Gaston","robots":{"index":"index","follow":"follow","max-snippet":"max-snippet:-1","max-image-preview":"max-image-preview:large","max-video-preview":"max-video-preview:-1"},"canonical":"https:\/\/www.gastonballiot.fr\/?p=14834","og_locale":"fr_FR","og_type":"article","og_title":"La dette, reparlons-en.. avec St\u00e9phane Peu lors d'un d\u00e9bat \u00e0 la f\u00eate de l'Huma - Le blog politique de Gaston","og_description":"le probl\u00e8me de la dette est abord\u00e9 \u00e0 la minute 6:00 de l&rsquo;enregistrement et aussi : Un expos\u00e9 d&rsquo;Evelyne Ternant, \u00e9conomiste du PCF, sur la dette. Novembre 2025 Voir aussi d&rsquo;autres articles \u00e0 propos de la dette C&rsquo;est leur dette ! l&rsquo;explosion de la dette sous la macronie est due essentiellement \u00e0 la perte de recettes provoqu\u00e9e par les cadeaux exhorbitants aux grandes entreprises, les exon\u00e9rations fiscale qui de plus privent la S\u00e9cu de cotisations et la met en danger. Egalement ... Lire la suite...","og_url":"https:\/\/www.gastonballiot.fr\/?p=14834","og_site_name":"Le blog politique de Gaston","article_publisher":"https:\/\/www.facebook.com\/gaston.balliot\/","article_author":"https:\/\/www.facebook.com\/gaston.balliot\/","article_published_time":"2025-09-16T08:18:17+00:00","article_modified_time":"2025-11-21T10:25:07+00:00","og_image":[{"url":"https:\/\/www.gastonballiot.fr\/wp-content\/uploads\/2025\/09\/LEURdette.jpg","type":"","width":"","height":""}],"author":"gb","twitter_card":"summary_large_image","twitter_misc":{"\u00c9crit par":"gb","Dur\u00e9e de lecture estim\u00e9e":"2 minutes"},"schema":{"@context":"https:\/\/schema.org","@graph":[{"@type":"Article","@id":"https:\/\/www.gastonballiot.fr\/?p=14834#article","isPartOf":{"@id":"https:\/\/www.gastonballiot.fr\/?p=14834"},"author":{"name":"gb","@id":"https:\/\/www.gastonballiot.fr\/#\/schema\/person\/244a5e02696abd8a65c5b1bebdb948ca"},"headline":"La dette, reparlons-en.. avec St\u00e9phane Peu lors d&rsquo;un d\u00e9bat \u00e0 la f\u00eate de l&rsquo;Huma","datePublished":"2025-09-16T08:18:17+00:00","dateModified":"2025-11-21T10:25:07+00:00","mainEntityOfPage":{"@id":"https:\/\/www.gastonballiot.fr\/?p=14834"},"wordCount":176,"publisher":{"@id":"https:\/\/www.gastonballiot.fr\/#\/schema\/person\/244a5e02696abd8a65c5b1bebdb948ca"},"image":{"@id":"https:\/\/www.gastonballiot.fr\/?p=14834#primaryimage"},"thumbnailUrl":"https:\/\/www.gastonballiot.fr\/wp-content\/uploads\/2025\/09\/LEURdette.jpg","keywords":["capital","dette","finance","Stephane Peu"],"articleSection":["A la une","Economie"],"inLanguage":"fr-FR"},{"@type":"WebPage","@id":"https:\/\/www.gastonballiot.fr\/?p=14834","url":"https:\/\/www.gastonballiot.fr\/?p=14834","name":"La dette, reparlons-en.. avec St\u00e9phane Peu lors d'un d\u00e9bat \u00e0 la f\u00eate de l'Huma - Le blog politique de Gaston","isPartOf":{"@id":"https:\/\/www.gastonballiot.fr\/#website"},"primaryImageOfPage":{"@id":"https:\/\/www.gastonballiot.fr\/?p=14834#primaryimage"},"image":{"@id":"https:\/\/www.gastonballiot.fr\/?p=14834#primaryimage"},"thumbnailUrl":"https:\/\/www.gastonballiot.fr\/wp-content\/uploads\/2025\/09\/LEURdette.jpg","datePublished":"2025-09-16T08:18:17+00:00","dateModified":"2025-11-21T10:25:07+00:00","breadcrumb":{"@id":"https:\/\/www.gastonballiot.fr\/?p=14834#breadcrumb"},"inLanguage":"fr-FR","potentialAction":[{"@type":"ReadAction","target":["https:\/\/www.gastonballiot.fr\/?p=14834"]}]},{"@type":"ImageObject","inLanguage":"fr-FR","@id":"https:\/\/www.gastonballiot.fr\/?p=14834#primaryimage","url":"https:\/\/i0.wp.com\/www.gastonballiot.fr\/wp-content\/uploads\/2025\/09\/LEURdette.jpg?fit=526%2C526&ssl=1","contentUrl":"https:\/\/i0.wp.com\/www.gastonballiot.fr\/wp-content\/uploads\/2025\/09\/LEURdette.jpg?fit=526%2C526&ssl=1","width":526,"height":526},{"@type":"BreadcrumbList","@id":"https:\/\/www.gastonballiot.fr\/?p=14834#breadcrumb","itemListElement":[{"@type":"ListItem","position":1,"name":"Accueil","item":"https:\/\/www.gastonballiot.fr\/"},{"@type":"ListItem","position":2,"name":"La dette, reparlons-en.. avec St\u00e9phane Peu lors d&rsquo;un d\u00e9bat \u00e0 la f\u00eate de l&rsquo;Huma"}]},{"@type":"WebSite","@id":"https:\/\/www.gastonballiot.fr\/#website","url":"https:\/\/www.gastonballiot.fr\/","name":"Le blog politique de Gaston","description":"L&#039;humain d&#039;abord, pas la finance !","publisher":{"@id":"https:\/\/www.gastonballiot.fr\/#\/schema\/person\/244a5e02696abd8a65c5b1bebdb948ca"},"potentialAction":[{"@type":"SearchAction","target":{"@type":"EntryPoint","urlTemplate":"https:\/\/www.gastonballiot.fr\/?s={search_term_string}"},"query-input":{"@type":"PropertyValueSpecification","valueRequired":true,"valueName":"search_term_string"}}],"inLanguage":"fr-FR"},{"@type":["Person","Organization"],"@id":"https:\/\/www.gastonballiot.fr\/#\/schema\/person\/244a5e02696abd8a65c5b1bebdb948ca","name":"gb","image":{"@type":"ImageObject","inLanguage":"fr-FR","@id":"https:\/\/i0.wp.com\/www.gastonballiot.fr\/wp-content\/uploads\/2017\/04\/cropped-Marianne-drapeau-rouge.gif?fit=512%2C512&ssl=1","url":"https:\/\/i0.wp.com\/www.gastonballiot.fr\/wp-content\/uploads\/2017\/04\/cropped-Marianne-drapeau-rouge.gif?fit=512%2C512&ssl=1","contentUrl":"https:\/\/i0.wp.com\/www.gastonballiot.fr\/wp-content\/uploads\/2017\/04\/cropped-Marianne-drapeau-rouge.gif?fit=512%2C512&ssl=1","width":512,"height":512,"caption":"gb"},"logo":{"@id":"https:\/\/i0.wp.com\/www.gastonballiot.fr\/wp-content\/uploads\/2017\/04\/cropped-Marianne-drapeau-rouge.gif?fit=512%2C512&ssl=1"},"description":"Gaston Balliot, militant du Front de Gauche en pays bigouden - Pont L'Abb\u00e9 - Loctudy - Guilvinec - Penmarc'h - Ile Tudy - Combrit Ste Marine - Tr\u00e9meoc - Plon\u00e9our, p\u00eache tourisme","sameAs":["https:\/\/www.facebook.com\/gaston.balliot\/"]}]}},"jetpack_featured_media_url":"","jetpack_shortlink":"https:\/\/wp.me\/p5UTaD-3Rg","jetpack-related-posts":[],"jetpack_likes_enabled":true,"jetpack_sharing_enabled":true,"_links":{"self":[{"href":"https:\/\/www.gastonballiot.fr\/index.php?rest_route=\/wp\/v2\/posts\/14834","targetHints":{"allow":["GET"]}}],"collection":[{"href":"https:\/\/www.gastonballiot.fr\/index.php?rest_route=\/wp\/v2\/posts"}],"about":[{"href":"https:\/\/www.gastonballiot.fr\/index.php?rest_route=\/wp\/v2\/types\/post"}],"author":[{"embeddable":true,"href":"https:\/\/www.gastonballiot.fr\/index.php?rest_route=\/wp\/v2\/users\/1"}],"replies":[{"embeddable":true,"href":"https:\/\/www.gastonballiot.fr\/index.php?rest_route=%2Fwp%2Fv2%2Fcomments&post=14834"}],"version-history":[{"count":13,"href":"https:\/\/www.gastonballiot.fr\/index.php?rest_route=\/wp\/v2\/posts\/14834\/revisions"}],"predecessor-version":[{"id":15172,"href":"https:\/\/www.gastonballiot.fr\/index.php?rest_route=\/wp\/v2\/posts\/14834\/revisions\/15172"}],"wp:attachment":[{"href":"https:\/\/www.gastonballiot.fr\/index.php?rest_route=%2Fwp%2Fv2%2Fmedia&parent=14834"}],"wp:term":[{"taxonomy":"category","embeddable":true,"href":"https:\/\/www.gastonballiot.fr\/index.php?rest_route=%2Fwp%2Fv2%2Fcategories&post=14834"},{"taxonomy":"post_tag","embeddable":true,"href":"https:\/\/www.gastonballiot.fr\/index.php?rest_route=%2Fwp%2Fv2%2Ftags&post=14834"}],"curies":[{"name":"wp","href":"https:\/\/api.w.org\/{rel}","templated":true}]}}