{"id":15411,"date":"2026-04-28T07:44:47","date_gmt":"2026-04-28T05:44:47","guid":{"rendered":"https:\/\/www.gastonballiot.fr\/?p=15411"},"modified":"2026-04-27T15:20:37","modified_gmt":"2026-04-27T13:20:37","slug":"il-y-a-100-ans-les-sardinieres-bigoudenes-en-lutte","status":"publish","type":"post","link":"https:\/\/www.gastonballiot.fr\/?p=15411","title":{"rendered":"Il y a 100 ans, les  sardini\u00e8res bigoud\u00e8nes en lutte.."},"content":{"rendered":"<p>Il s&rsquo;agit ici de retracer un moment d\u2019histoire, une belle lutte de femmes pour leur dignit\u00e9.<\/p>\n<p>En 1926 les .sardini\u00e8res bigoud\u00e8nes de Lesconil ont enclench\u00e9 une lutte qui a marqu\u00e9 les m\u00e9moires de ce petit port de p\u00eache et a \u00e9t\u00e9 le d\u00e9but de la r\u00e9putation de Lesconil la Rouge port\u00e9e pendant plusieurs d\u00e9cennies \u00e0 juste titre.<\/p>\n<p>Ces luttes ont \u00e9r\u00e9 popularis\u00e9s par l\u2019affiche d&rsquo;Alain Le Quernec et le tableau de Charles Tillon \u00e9voquant le d\u00e9fil\u00e9 des sardini\u00e8res, drapeau rouge en t\u00eate, vers le port voisin du Guilvinec. &#8211; voir plus bas ces deux documents &#8211;<\/p>\n<p style=\"text-align: center;\">Voir ici :<a href=\"https:\/\/www.gastonballiot.fr\/?page_id=4264\" target=\"_blank\" rel=\"noopener\"> Le pays bigouden \u00e9tait rouge<\/a><\/p>\n<h3>Quelques dates<\/h3>\n<p>1894 &#8211; 1902 r\u00e9voltes des ferblantiers-souders qui fabriquaient les boites<br \/>\n1900 &#8211; 1914 mis\u00e8re et 1\u00e8res luttes, syndicalisation<br \/>\nLes ouvri\u00e8res obtiennent d&rsquo;\u00eatre pay\u00e9es \u00e0 l&rsquo;heure et non au millier de sardines<br \/>\n1906 gr\u00e8ve \u00e0 St Gu\u00e9nol\u00e9 pour avoir 20 centimes de l\u2019heure (au lieu de 7 \u00e0 15)<br \/>\n1909 gr\u00e8ve des soudeurs et des sardini\u00e8res \u00e0 Loctudy<br \/>\nJean Jaur\u00e8s \u00e0 Douarnenez en 1909<br \/>\n1924 &#8211; 1925 r\u00e9volte des \u00ab&nbsp;penn sardin&nbsp;\u00bb \u00e0 Douarnenez<br \/>\n1926 &#8211; 1927 gr\u00e8ves en pays bigouden<br \/>\n\u00c0 partir de 1970 suite de fermetures et de d\u00e9localisations<\/p>\n<p><a href=\"https:\/\/i0.wp.com\/www.gastonballiot.fr\/wp-content\/uploads\/2026\/04\/Sardinieres_presentationSoupePopu.jpg?ssl=1\"><img data-recalc-dims=\"1\" loading=\"lazy\" decoding=\"async\" data-attachment-id=\"15453\" data-permalink=\"https:\/\/www.gastonballiot.fr\/?attachment_id=15453#main\" data-orig-file=\"https:\/\/i0.wp.com\/www.gastonballiot.fr\/wp-content\/uploads\/2026\/04\/Sardinieres_presentationSoupePopu.jpg?fit=1058%2C595&amp;ssl=1\" data-orig-size=\"1058,595\" data-comments-opened=\"0\" data-image-meta=\"{&quot;aperture&quot;:&quot;0&quot;,&quot;credit&quot;:&quot;&quot;,&quot;camera&quot;:&quot;&quot;,&quot;caption&quot;:&quot;&quot;,&quot;created_timestamp&quot;:&quot;0&quot;,&quot;copyright&quot;:&quot;&quot;,&quot;focal_length&quot;:&quot;0&quot;,&quot;iso&quot;:&quot;0&quot;,&quot;shutter_speed&quot;:&quot;0&quot;,&quot;title&quot;:&quot;&quot;,&quot;orientation&quot;:&quot;0&quot;}\" data-image-title=\"Sardinieres_presentationSoupePopu\" data-image-description=\"\" data-image-caption=\"\" data-medium-file=\"https:\/\/i0.wp.com\/www.gastonballiot.fr\/wp-content\/uploads\/2026\/04\/Sardinieres_presentationSoupePopu.jpg?fit=300%2C169&amp;ssl=1\" data-large-file=\"https:\/\/i0.wp.com\/www.gastonballiot.fr\/wp-content\/uploads\/2026\/04\/Sardinieres_presentationSoupePopu.jpg?fit=1024%2C576&amp;ssl=1\" class=\"aligncenter size-full wp-image-15453\" src=\"https:\/\/i0.wp.com\/www.gastonballiot.fr\/wp-content\/uploads\/2026\/04\/Sardinieres_presentationSoupePopu.jpg?resize=1058%2C595&#038;ssl=1\" alt=\"\" width=\"1058\" height=\"595\" srcset=\"https:\/\/i0.wp.com\/www.gastonballiot.fr\/wp-content\/uploads\/2026\/04\/Sardinieres_presentationSoupePopu.jpg?w=1058&amp;ssl=1 1058w, https:\/\/i0.wp.com\/www.gastonballiot.fr\/wp-content\/uploads\/2026\/04\/Sardinieres_presentationSoupePopu.jpg?resize=300%2C169&amp;ssl=1 300w, https:\/\/i0.wp.com\/www.gastonballiot.fr\/wp-content\/uploads\/2026\/04\/Sardinieres_presentationSoupePopu.jpg?resize=1024%2C576&amp;ssl=1 1024w, https:\/\/i0.wp.com\/www.gastonballiot.fr\/wp-content\/uploads\/2026\/04\/Sardinieres_presentationSoupePopu.jpg?resize=768%2C432&amp;ssl=1 768w\" sizes=\"auto, (max-width: 1058px) 100vw, 1058px\" \/><\/a><\/p>\n<p>&nbsp;<\/p>\n<p style=\"text-align: center;\"><strong>CONDITIONS DE TRAVAIL TR\u00c8S DIFFICILES<\/strong><\/p>\n<p>Travail tr\u00e8s p\u00e9nible, de longues heures debout dans l&rsquo;humidit\u00e9 et l&rsquo;odeir de friture<br \/>\nAucune l\u00e9gislation du travail respect\u00e9e, des gamines de 12 ans travaillaient \u00e0 St Gu\u00e9nol\u00e9<br \/>\nSalaires d\u00e9risoires<br \/>\nAucun revenu r\u00e9gulier, en fonction des arrivaages de sardines<\/p>\n<h2 style=\"text-align: center;\">Les \u00e9v\u00e9nements de 1926<\/h2>\n<p>26 Juillet 1926&nbsp;: la gr\u00e8ve \u00e9clate dans les conserveries de Lesconil<br \/>\nFin juillet d\u00e9but ao\u00fbt extension du conflit. Durcissement patronal et ouvrier<br \/>\n10 ao\u00fbt&nbsp;: r\u00e9union pr\u00e9fectorale, victoire des revendications<br \/>\nFin 1926, d\u00e9but 1927&nbsp;: r\u00e9pression patronale et vengeance jusqu\u2019\u00e0 \u00e9puisement des luttes (lock-out, chantage, guerre d\u2019usure).<\/p>\n<p>Une revendication :&nbsp;\u00ab&nbsp;pemp real a vo&nbsp;\u00bb &nbsp;\u00ab&nbsp;cinq reaux ce sera&nbsp;\u00bb<br \/>\n1 sou = 5 centimes, 1 real = 5 sous 5 reaux = 1,25 fr<\/p>\n<p style=\"text-align: center;\"><strong>CONTEXTE<\/strong><\/p>\n<p>1917.. r\u00e9volution en Russie<br \/>\n1920 cr\u00e9ation du P.C.F.<br \/>\n1922 cr\u00e9ation de la CGTU.&nbsp; syndicat de classe<br \/>\nPeur bleue des rouges (patronat &#8211; \u00e9glise)<br \/>\nPr\u00e9sence active du communiste Charles Tillon et de la syndfcaliqre Lucie Colliard<\/p>\n<p>L&rsquo;\u00e9poque \u00e9tait pleine d&rsquo;espoir du c\u00f4t\u00e9 des prol\u00e9taires..<\/p>\n<p>18 mois plus t\u00f4t la victoire des sardini\u00e8res de Douarnenez avait ouvert la voie.<\/p>\n<p>&nbsp;<\/p>\n<p>En 1926-1927 de grandes gr\u00e8ves sardini\u00e8res eurent lieu en Pays Bigouden.<\/p>\n<p>26 juillet 1926 d\u00e9clenchement \u00e0 Lesconil (2 usines Billet L\u00e9my et Maingourd)<\/p>\n<p>Ici les salaires sont inf\u00e9rieurs \u00e0 ceux obtenus \u00e0 Douarnenez et \u00e0 Concarneau (1,40 fr\/h). Or certains usiniers, comme Beziers, ont des usines dans des endroits diff\u00e9rents o\u00f9 ils appliquent des salaires diff\u00e9rents.<\/p>\n<p>28 juillet : M\u00e9ny, directeur de Maingourd, fait transporter 1500 kg de haricots verts \u00e0 l\u2019usine Chacun du Guilvinec.<br \/>\nLes patrons de Chacun menacent de renvoi les ouvri\u00e8res qui discuteraient avec celles de Lesconil<br \/>\nLes 3 patrons de Billet, Maingourd et Chacun veulent isoler les gr\u00e9vistes de Lesconil.<\/p>\n<p>29, 30 juillet : cort\u00e8ges \u00e0 partir de Lesconil.<\/p>\n<figure id=\"attachment_15416\" aria-describedby=\"caption-attachment-15416\" style=\"width: 1048px\" class=\"wp-caption aligncenter\"><a href=\"https:\/\/i0.wp.com\/www.gastonballiot.fr\/wp-content\/uploads\/2026\/04\/Sardinieres_presentationDefile.jpg?ssl=1\"><img data-recalc-dims=\"1\" loading=\"lazy\" decoding=\"async\" data-attachment-id=\"15416\" data-permalink=\"https:\/\/www.gastonballiot.fr\/?attachment_id=15416#main\" data-orig-file=\"https:\/\/i0.wp.com\/www.gastonballiot.fr\/wp-content\/uploads\/2026\/04\/Sardinieres_presentationDefile.jpg?fit=1058%2C595&amp;ssl=1\" data-orig-size=\"1058,595\" data-comments-opened=\"0\" data-image-meta=\"{&quot;aperture&quot;:&quot;0&quot;,&quot;credit&quot;:&quot;&quot;,&quot;camera&quot;:&quot;&quot;,&quot;caption&quot;:&quot;&quot;,&quot;created_timestamp&quot;:&quot;0&quot;,&quot;copyright&quot;:&quot;&quot;,&quot;focal_length&quot;:&quot;0&quot;,&quot;iso&quot;:&quot;0&quot;,&quot;shutter_speed&quot;:&quot;0&quot;,&quot;title&quot;:&quot;&quot;,&quot;orientation&quot;:&quot;0&quot;}\" data-image-title=\"Sardinieres_presentationDefile\" data-image-description=\"\" data-image-caption=\"\" data-medium-file=\"https:\/\/i0.wp.com\/www.gastonballiot.fr\/wp-content\/uploads\/2026\/04\/Sardinieres_presentationDefile.jpg?fit=300%2C169&amp;ssl=1\" data-large-file=\"https:\/\/i0.wp.com\/www.gastonballiot.fr\/wp-content\/uploads\/2026\/04\/Sardinieres_presentationDefile.jpg?fit=1024%2C576&amp;ssl=1\" class=\"wp-image-15416 size-full\" src=\"https:\/\/i0.wp.com\/www.gastonballiot.fr\/wp-content\/uploads\/2026\/04\/Sardinieres_presentationDefile.jpg?resize=1058%2C595&#038;ssl=1\" alt=\"\" width=\"1058\" height=\"595\" srcset=\"https:\/\/i0.wp.com\/www.gastonballiot.fr\/wp-content\/uploads\/2026\/04\/Sardinieres_presentationDefile.jpg?w=1058&amp;ssl=1 1058w, https:\/\/i0.wp.com\/www.gastonballiot.fr\/wp-content\/uploads\/2026\/04\/Sardinieres_presentationDefile.jpg?resize=300%2C169&amp;ssl=1 300w, https:\/\/i0.wp.com\/www.gastonballiot.fr\/wp-content\/uploads\/2026\/04\/Sardinieres_presentationDefile.jpg?resize=1024%2C576&amp;ssl=1 1024w, https:\/\/i0.wp.com\/www.gastonballiot.fr\/wp-content\/uploads\/2026\/04\/Sardinieres_presentationDefile.jpg?resize=768%2C432&amp;ssl=1 768w\" sizes=\"auto, (max-width: 1058px) 100vw, 1058px\" \/><\/a><figcaption id=\"caption-attachment-15416\" class=\"wp-caption-text\">Cort\u00e8ge de Lesconil vers Le Guilvinec &#8211; fin Juillet 1926<\/figcaption><\/figure>\n<p>Cette photo a inspir\u00e9 la belle affiche d\u2019Alain Le Quernec r\u00e9alis\u00e9e en 1982 \u00e0 l\u2019occasion d\u2019une comm\u00e9moration de ces luttes \u00e0 Pont L\u2019Abb\u00e9 (voir ci-dessous)<\/p>\n<p>1er ao\u00fbt : Les ouvri\u00e8res du Guilvinec passent \u00e0 l\u2019action malgr\u00e9 les intimidations patronales.<\/p>\n<p>2 ao\u00fbt : plus de 500 ouvri\u00e8res en gr\u00e8ve. Un cort\u00e8ge de 300 personnes se dirige vers Pont L\u2019Abb\u00e9. Le soir une r\u00e9union rassemble 800 personnes.<\/p>\n<figure id=\"attachment_15417\" aria-describedby=\"caption-attachment-15417\" style=\"width: 1048px\" class=\"wp-caption aligncenter\"><a href=\"https:\/\/i0.wp.com\/www.gastonballiot.fr\/wp-content\/uploads\/2026\/04\/Sardinieres_presentationFoulr.jpg?ssl=1\"><img data-recalc-dims=\"1\" loading=\"lazy\" decoding=\"async\" data-attachment-id=\"15417\" data-permalink=\"https:\/\/www.gastonballiot.fr\/?attachment_id=15417#main\" data-orig-file=\"https:\/\/i0.wp.com\/www.gastonballiot.fr\/wp-content\/uploads\/2026\/04\/Sardinieres_presentationFoulr.jpg?fit=1058%2C595&amp;ssl=1\" data-orig-size=\"1058,595\" data-comments-opened=\"0\" data-image-meta=\"{&quot;aperture&quot;:&quot;0&quot;,&quot;credit&quot;:&quot;&quot;,&quot;camera&quot;:&quot;&quot;,&quot;caption&quot;:&quot;&quot;,&quot;created_timestamp&quot;:&quot;0&quot;,&quot;copyright&quot;:&quot;&quot;,&quot;focal_length&quot;:&quot;0&quot;,&quot;iso&quot;:&quot;0&quot;,&quot;shutter_speed&quot;:&quot;0&quot;,&quot;title&quot;:&quot;&quot;,&quot;orientation&quot;:&quot;0&quot;}\" data-image-title=\"Sardinieres_presentationFoulr\" data-image-description=\"\" data-image-caption=\"\" data-medium-file=\"https:\/\/i0.wp.com\/www.gastonballiot.fr\/wp-content\/uploads\/2026\/04\/Sardinieres_presentationFoulr.jpg?fit=300%2C169&amp;ssl=1\" data-large-file=\"https:\/\/i0.wp.com\/www.gastonballiot.fr\/wp-content\/uploads\/2026\/04\/Sardinieres_presentationFoulr.jpg?fit=1024%2C576&amp;ssl=1\" class=\"wp-image-15417 size-full\" src=\"https:\/\/i0.wp.com\/www.gastonballiot.fr\/wp-content\/uploads\/2026\/04\/Sardinieres_presentationFoulr.jpg?resize=1058%2C595&#038;ssl=1\" alt=\"\" width=\"1058\" height=\"595\" srcset=\"https:\/\/i0.wp.com\/www.gastonballiot.fr\/wp-content\/uploads\/2026\/04\/Sardinieres_presentationFoulr.jpg?w=1058&amp;ssl=1 1058w, https:\/\/i0.wp.com\/www.gastonballiot.fr\/wp-content\/uploads\/2026\/04\/Sardinieres_presentationFoulr.jpg?resize=300%2C169&amp;ssl=1 300w, https:\/\/i0.wp.com\/www.gastonballiot.fr\/wp-content\/uploads\/2026\/04\/Sardinieres_presentationFoulr.jpg?resize=1024%2C576&amp;ssl=1 1024w, https:\/\/i0.wp.com\/www.gastonballiot.fr\/wp-content\/uploads\/2026\/04\/Sardinieres_presentationFoulr.jpg?resize=768%2C432&amp;ssl=1 768w\" sizes=\"auto, (max-width: 1058px) 100vw, 1058px\" \/><\/a><figcaption id=\"caption-attachment-15417\" class=\"wp-caption-text\">Rassemblement \u00e0 Pont L&rsquo;Abb\u00e9. Aout 1926<\/figcaption><\/figure>\n<p>&nbsp;<\/p>\n<p>Salari\u00e9s contre patrons : Pour une somme de vingt-cinq sous qui \u00e9quivalait \u00e0 1,25 franc de l\u2019heure. Les patrons refusant tout net, le conflit s\u2019\u00e9tend rapidement \u00e0 tout le Pays bigouden. Le 5 ao\u00fbt 1926, pr\u00e8s de 1 000 gr\u00e9vistes sont recens\u00e9s, avant que des marins p\u00eacheurs ne rejoignent le mouvement.<\/p>\n<p>Le patronat craint l\u2019extension vers Penmarc\u2019h, le plus gros secteur avec 11 usines, qui n\u2019a pas boug\u00e9 et il joue la division.<br \/>\nA Pont L\u2019Abb\u00e9 et \u00e0 Penmarc\u2019h les salaires passent \u00e0 1,25 fr\/h pour \u00e9viter la gr\u00e8ve et pour isoler Lesconil et Guilvinec (o\u00f9 ils ne proposent que 1,03 fr\/h)<\/p>\n<p>Intervention des gendarmes au Guilvinec.<\/p>\n<p>Les usiniers licencient le personnel \u00e0 Lesconil et Guilvinec et imposent &nbsp;\u00bb l\u2019embauchage par voie individuelle &nbsp;\u00bb<br \/>\nLes p\u00eacheurs de ces localit\u00e9s sont boycott\u00e9s par les autres usiniers pour affamer les familles.<\/p>\n<p>Le 4 ao\u00fbt le mouvement s\u2019\u00e9tend \u00e0 Plon\u00e9our (Raphalen) et l\u2019Ile Tudy. Il y a un durcissement des 2 c\u00f4t\u00e9s.<br \/>\nLe m\u00eame jour les patrons de St Gu\u00e9nol\u00e9, Kerity, Loctudy, Ile Tudy se r\u00e9unissent et s\u2019interdisent d\u2019acheter du poisson apport\u00e9 par les p\u00eacheurs du Guilvinec ou de Lesconil<\/p>\n<p>10 ao\u00fbt&nbsp;: r\u00e9union pr\u00e9fectorale, une grande partie des revendications sont accept\u00e9es.&nbsp;Victoire&nbsp;des gr\u00e9vistes : 1,35 fr\/h, application de l\u2019\u00e9chelle mobile (alignement sur le co\u00fbt de la vie).<\/p>\n<p>C&rsquo;est la f\u00eate \u00e0&nbsp; Lesconil, d\u00e9fil\u00e9 et bal populaire..<\/p>\n<p>Quelques jours plus tard, les usiniers c\u00e8dent. Les Bigoud\u00e8nes ont gagn\u00e9. Elles per\u00e7oivent maintenant 1,35 franc de l\u2019heure et les hommes 2 francs.<\/p>\n<p>Un march\u00e9 de dupes, car les usiniers revanchards tronquent les accords \u00e0 leur profit. Du ch\u00f4mage s\u2019ensuit et vite, la faim arrive.<\/p>\n<p>Quelques jours apr\u00e8s c\u2019est le d\u00e9but de la r\u00e9pression patronale : mises \u00e0 la porte, chantage au ch\u00f4mage, d\u2019autant plus facile que certains poss\u00e9daient des usines ailleurs. On cherche \u00e0 affamer la population dans une guerre d\u2019usure: fermeture d\u2019usines, lock-out (1ere moiti\u00e9 de 1927).<\/p>\n<p>Au Guilvinec le travail a repris d\u00e9but 1927 aux conditions convenues mais \u00e0 Lesconil c\u2019est la revanche patronale : chantage au travail, signature d\u2019une lettre de soumission pour \u00eatre r\u00e9embauch\u00e9e, chute du prix du poisson, lockout.<\/p>\n<p>Au d\u00e9but du mois de mars 1927, Mr M\u00e9ny,&nbsp;le g\u00e9rant de l\u2019usine Maingourd se manifeste afin de tester l\u2019\u00e9tat d\u2019esprit des ouvri\u00e8res. Ainsi il fait conna\u00eetre \u00e0 la population que son patron serait dispos\u00e9 \u00e5 rouvrir son usine. Mais \u00e0 quelles conditions ! Il les d\u00e9finit dans une lettre adress\u00e9e au Pr\u00e9fet, de la fa\u00e7on suivante :<\/p>\n<p>\u201cCeci est un dernier avis pour le cas o\u00f9 un noyau suffisant d\u2019ouvri\u00e8res serait d\u00e9cid\u00e9 \u00e0 travailler \u00e0 nos conditions. Il faudrait alors qu\u2019elles prennent rapidement position, envoient promener leur syndicat et leurs meneuses une bonne fois et nous le fasse carr\u00e9ment savoir de fa\u00e7on que nous puissions nous-m\u00eames nous organiser pendant qu\u2019il est encore temps.&nbsp;\u00bb<\/p>\n<p>\u00ab&nbsp;Avant un mois, il sera trop tard, nous serons engag\u00e9s ailleurs.&nbsp;\u00bb<\/p>\n<p>\u00ab&nbsp;Ainsi faudra-t-il que les engagements que le personnel prendra via \u00e0 vis de nous soient extr\u00eamement nets.&nbsp;\u00bb<\/p>\n<p>\u00ab&nbsp;Enfin, il ne faut pas que les ouvri\u00e8res attendant que nous leur demandions si elles veulent travailler, car nous ne leur demanderons pas.&nbsp;\u00bb<\/p>\n<p>\u00ab&nbsp;Nous avons maintenant des assurances par ailleurs qui font que nous nous moquons compl\u00e8tement de Lesconil et que nous pouvons nous en passer compl\u00e8tement. Si donc les ouvri\u00e8res veulent travailler, c\u2019est \u00e0 elles de faire le premier pas.&nbsp;\u00bb<\/p>\n<p>&nbsp;\u00ab&nbsp;Sign\u00e9 \u2013 M\u00e9ny\u201c&nbsp;&nbsp;&nbsp;&nbsp;&nbsp;&nbsp;&nbsp;&nbsp;&nbsp;&nbsp;&nbsp;&nbsp;&nbsp;&nbsp;&nbsp;&nbsp;&nbsp;&nbsp;&nbsp;&nbsp;&nbsp;&nbsp;&nbsp;&nbsp;&nbsp;&nbsp;&nbsp;&nbsp;&nbsp;&nbsp;&nbsp;&nbsp; Archives.D\u00e9partementales.Finist\u00e8re. 10H. Rapport du commissaire sp\u00e9cial. 25 mars 1927.<\/p>\n<p>En 1927, tout d\u00e9rape, le prix de la sardine chute, la gr\u00e8ve g\u00e9n\u00e9rale s\u2019installe. Fin juin, les d\u00e9put\u00e9s prennent conscience du conflit. La presse parisienne s\u2019en empare. Des souscriptions s\u2019ouvrent. Imperturbables, les patrons d\u2019usine restent sur leurs positions. Courant juillet, le prol\u00e9tariat bigouden, vaincu, reprend la mer ou le chemin de l\u2019usine.<br \/>\nCette \u00e9pop\u00e9e glorieuse n\u00e9anmoins, laisse une trace ind\u00e9l\u00e9bile dans l\u2019histoire des Bigoudens.<\/p>\n<p>Ensuite, au cours de 1927 le poisson est pay\u00e9 \u00e0 un prix d\u00e9risoire, ce qui provoque un tr\u00e8s important mouvement social dans le milieu des marins p\u00eacheurs de notre r\u00e9gion, de Douarnenez \u00e0 Concarneau. (\u00e9pisode d\u00e9crit \u00e9galement dans le m\u00e9moire d\u2019Anne Lebel<\/p>\n<figure id=\"attachment_15463\" aria-describedby=\"caption-attachment-15463\" style=\"width: 1692px\" class=\"wp-caption aligncenter\"><a href=\"https:\/\/i0.wp.com\/www.gastonballiot.fr\/wp-content\/uploads\/2026\/04\/AfficheLeQuernecCP300.jpg?ssl=1\"><img data-recalc-dims=\"1\" loading=\"lazy\" decoding=\"async\" data-attachment-id=\"15463\" data-permalink=\"https:\/\/www.gastonballiot.fr\/?attachment_id=15463#main\" data-orig-file=\"https:\/\/i0.wp.com\/www.gastonballiot.fr\/wp-content\/uploads\/2026\/04\/AfficheLeQuernecCP300.jpg?fit=1702%2C1265&amp;ssl=1\" data-orig-size=\"1702,1265\" data-comments-opened=\"0\" data-image-meta=\"{&quot;aperture&quot;:&quot;0&quot;,&quot;credit&quot;:&quot;&quot;,&quot;camera&quot;:&quot;&quot;,&quot;caption&quot;:&quot;&quot;,&quot;created_timestamp&quot;:&quot;0&quot;,&quot;copyright&quot;:&quot;&quot;,&quot;focal_length&quot;:&quot;0&quot;,&quot;iso&quot;:&quot;0&quot;,&quot;shutter_speed&quot;:&quot;0&quot;,&quot;title&quot;:&quot;&quot;,&quot;orientation&quot;:&quot;0&quot;}\" data-image-title=\"AfficheLeQuernecCP300\" data-image-description=\"\" data-image-caption=\"\" data-medium-file=\"https:\/\/i0.wp.com\/www.gastonballiot.fr\/wp-content\/uploads\/2026\/04\/AfficheLeQuernecCP300.jpg?fit=300%2C223&amp;ssl=1\" data-large-file=\"https:\/\/i0.wp.com\/www.gastonballiot.fr\/wp-content\/uploads\/2026\/04\/AfficheLeQuernecCP300.jpg?fit=1024%2C761&amp;ssl=1\" class=\"wp-image-15463 size-full\" src=\"https:\/\/i0.wp.com\/www.gastonballiot.fr\/wp-content\/uploads\/2026\/04\/AfficheLeQuernecCP300.jpg?resize=1200%2C892&#038;ssl=1\" alt=\"\" width=\"1200\" height=\"892\" srcset=\"https:\/\/i0.wp.com\/www.gastonballiot.fr\/wp-content\/uploads\/2026\/04\/AfficheLeQuernecCP300.jpg?w=1702&amp;ssl=1 1702w, https:\/\/i0.wp.com\/www.gastonballiot.fr\/wp-content\/uploads\/2026\/04\/AfficheLeQuernecCP300.jpg?resize=300%2C223&amp;ssl=1 300w, https:\/\/i0.wp.com\/www.gastonballiot.fr\/wp-content\/uploads\/2026\/04\/AfficheLeQuernecCP300.jpg?resize=1024%2C761&amp;ssl=1 1024w, https:\/\/i0.wp.com\/www.gastonballiot.fr\/wp-content\/uploads\/2026\/04\/AfficheLeQuernecCP300.jpg?resize=768%2C571&amp;ssl=1 768w, https:\/\/i0.wp.com\/www.gastonballiot.fr\/wp-content\/uploads\/2026\/04\/AfficheLeQuernecCP300.jpg?resize=1536%2C1142&amp;ssl=1 1536w, https:\/\/i0.wp.com\/www.gastonballiot.fr\/wp-content\/uploads\/2026\/04\/AfficheLeQuernecCP300.jpg?resize=1320%2C981&amp;ssl=1 1320w\" sizes=\"auto, (max-width: 1200px) 100vw, 1200px\" \/><\/a><figcaption id=\"caption-attachment-15463\" class=\"wp-caption-text\">Affiche de Le Quernec en vente \u00e0 l&rsquo;UL CGT de Pont L&rsquo;Abb\u00e9 format affiche ou carte postale<\/figcaption><\/figure>\n<p>&nbsp;<\/p>\n<p>&nbsp;<\/p>\n<p>Le refrain d&rsquo;une chanson des sardini\u00e8res :<\/p>\n<p style=\"padding-left: 40px;\">Saluez, riches heureux,<br \/>\nCes pauvres en haillons<br \/>\nSaluez, ce sont eux<br \/>\nQui gagnent vos millions<\/p>\n<p>En quelques mots l&rsquo;essentiel est dit :<\/p>\n<ul>\n<li>C&rsquo;est le travail qui cr\u00e9e la richesse<\/li>\n<li>Et c&rsquo;est le propri\u00e9taire des moyens de production qui s&rsquo;en empare..<\/li>\n<\/ul>\n<p><a href=\"https:\/\/i0.wp.com\/www.gastonballiot.fr\/wp-content\/uploads\/2026\/04\/CortegeCharlrdTillon.jpg?ssl=1\"><img data-recalc-dims=\"1\" loading=\"lazy\" decoding=\"async\" data-attachment-id=\"15426\" data-permalink=\"https:\/\/www.gastonballiot.fr\/?attachment_id=15426#main\" data-orig-file=\"https:\/\/i0.wp.com\/www.gastonballiot.fr\/wp-content\/uploads\/2026\/04\/CortegeCharlrdTillon.jpg?fit=1370%2C2034&amp;ssl=1\" data-orig-size=\"1370,2034\" data-comments-opened=\"0\" data-image-meta=\"{&quot;aperture&quot;:&quot;0&quot;,&quot;credit&quot;:&quot;&quot;,&quot;camera&quot;:&quot;&quot;,&quot;caption&quot;:&quot;&quot;,&quot;created_timestamp&quot;:&quot;0&quot;,&quot;copyright&quot;:&quot;&quot;,&quot;focal_length&quot;:&quot;0&quot;,&quot;iso&quot;:&quot;0&quot;,&quot;shutter_speed&quot;:&quot;0&quot;,&quot;title&quot;:&quot;&quot;,&quot;orientation&quot;:&quot;1&quot;}\" data-image-title=\"CortegeCharlrdTillon\" data-image-description=\"\" data-image-caption=\"\" data-medium-file=\"https:\/\/i0.wp.com\/www.gastonballiot.fr\/wp-content\/uploads\/2026\/04\/CortegeCharlrdTillon.jpg?fit=202%2C300&amp;ssl=1\" data-large-file=\"https:\/\/i0.wp.com\/www.gastonballiot.fr\/wp-content\/uploads\/2026\/04\/CortegeCharlrdTillon.jpg?fit=690%2C1024&amp;ssl=1\" class=\"aligncenter size-full wp-image-15426\" src=\"https:\/\/i0.wp.com\/www.gastonballiot.fr\/wp-content\/uploads\/2026\/04\/CortegeCharlrdTillon.jpg?resize=1200%2C1782&#038;ssl=1\" alt=\"\" width=\"1200\" height=\"1782\" srcset=\"https:\/\/i0.wp.com\/www.gastonballiot.fr\/wp-content\/uploads\/2026\/04\/CortegeCharlrdTillon.jpg?w=1370&amp;ssl=1 1370w, https:\/\/i0.wp.com\/www.gastonballiot.fr\/wp-content\/uploads\/2026\/04\/CortegeCharlrdTillon.jpg?resize=202%2C300&amp;ssl=1 202w, https:\/\/i0.wp.com\/www.gastonballiot.fr\/wp-content\/uploads\/2026\/04\/CortegeCharlrdTillon.jpg?resize=690%2C1024&amp;ssl=1 690w, https:\/\/i0.wp.com\/www.gastonballiot.fr\/wp-content\/uploads\/2026\/04\/CortegeCharlrdTillon.jpg?resize=768%2C1140&amp;ssl=1 768w, https:\/\/i0.wp.com\/www.gastonballiot.fr\/wp-content\/uploads\/2026\/04\/CortegeCharlrdTillon.jpg?resize=1035%2C1536&amp;ssl=1 1035w, https:\/\/i0.wp.com\/www.gastonballiot.fr\/wp-content\/uploads\/2026\/04\/CortegeCharlrdTillon.jpg?resize=1320%2C1960&amp;ssl=1 1320w\" sizes=\"auto, (max-width: 1200px) 100vw, 1200px\" \/><\/a><br \/>\nPour davantage de documents voir mon site Internet<\/p>\n<p><a href=\"https:\/\/sardinieres.wordpress.com\/\" target=\"_blank\" rel=\"noopener\">On y trouvera en particulier le m\u00e9moire d&rsquo;Anne Lebel d\u00e9taillant cette lutte en pays bigouden, ainsi que les \u00e9v\u00e9nements de Douarnenez en 1924<img data-recalc-dims=\"1\" loading=\"lazy\" decoding=\"async\" data-attachment-id=\"15413\" data-permalink=\"https:\/\/www.gastonballiot.fr\/?attachment_id=15413#main\" data-orig-file=\"https:\/\/i0.wp.com\/www.gastonballiot.fr\/wp-content\/uploads\/2026\/04\/Sardinieres_presentation.jpg?fit=1058%2C595&amp;ssl=1\" data-orig-size=\"1058,595\" data-comments-opened=\"0\" data-image-meta=\"{&quot;aperture&quot;:&quot;0&quot;,&quot;credit&quot;:&quot;&quot;,&quot;camera&quot;:&quot;&quot;,&quot;caption&quot;:&quot;&quot;,&quot;created_timestamp&quot;:&quot;0&quot;,&quot;copyright&quot;:&quot;&quot;,&quot;focal_length&quot;:&quot;0&quot;,&quot;iso&quot;:&quot;0&quot;,&quot;shutter_speed&quot;:&quot;0&quot;,&quot;title&quot;:&quot;&quot;,&quot;orientation&quot;:&quot;0&quot;}\" data-image-title=\"Sardinieres_presentation\" data-image-description=\"\" data-image-caption=\"\" data-medium-file=\"https:\/\/i0.wp.com\/www.gastonballiot.fr\/wp-content\/uploads\/2026\/04\/Sardinieres_presentation.jpg?fit=300%2C169&amp;ssl=1\" data-large-file=\"https:\/\/i0.wp.com\/www.gastonballiot.fr\/wp-content\/uploads\/2026\/04\/Sardinieres_presentation.jpg?fit=1024%2C576&amp;ssl=1\" class=\"aligncenter wp-image-15413 size-full\" src=\"https:\/\/i0.wp.com\/www.gastonballiot.fr\/wp-content\/uploads\/2026\/04\/Sardinieres_presentation.jpg?resize=1058%2C595&#038;ssl=1\" alt=\"\" width=\"1058\" height=\"595\" srcset=\"https:\/\/i0.wp.com\/www.gastonballiot.fr\/wp-content\/uploads\/2026\/04\/Sardinieres_presentation.jpg?w=1058&amp;ssl=1 1058w, https:\/\/i0.wp.com\/www.gastonballiot.fr\/wp-content\/uploads\/2026\/04\/Sardinieres_presentation.jpg?resize=300%2C169&amp;ssl=1 300w, https:\/\/i0.wp.com\/www.gastonballiot.fr\/wp-content\/uploads\/2026\/04\/Sardinieres_presentation.jpg?resize=1024%2C576&amp;ssl=1 1024w, https:\/\/i0.wp.com\/www.gastonballiot.fr\/wp-content\/uploads\/2026\/04\/Sardinieres_presentation.jpg?resize=768%2C432&amp;ssl=1 768w\" sizes=\"auto, (max-width: 1058px) 100vw, 1058px\" \/><\/a><\/p>\n","protected":false},"excerpt":{"rendered":"<p>Il s&rsquo;agit ici de retracer un moment d\u2019histoire, une belle lutte de femmes pour leur dignit\u00e9. En 1926 les .sardini\u00e8res bigoud\u00e8nes de Lesconil ont enclench\u00e9 une lutte qui a marqu\u00e9 les m\u00e9moires de ce petit port de p\u00eache et a \u00e9t\u00e9 le d\u00e9but de la r\u00e9putation de Lesconil la Rouge port\u00e9e pendant plusieurs d\u00e9cennies \u00e0 juste titre. Ces luttes ont \u00e9r\u00e9 popularis\u00e9s par l\u2019affiche d&rsquo;Alain Le Quernec et le tableau de Charles Tillon \u00e9voquant le d\u00e9fil\u00e9 des sardini\u00e8res, drapeau rouge en &#8230; <a title=\"Il y a 100 ans, les  sardini\u00e8res bigoud\u00e8nes en lutte..\" class=\"read-more\" href=\"https:\/\/www.gastonballiot.fr\/?p=15411\" aria-label=\"Plus sur Il y a 100 ans, les  sardini\u00e8res bigoud\u00e8nes en lutte..\">Lire la suite&#8230;<\/a><\/p>\n","protected":false},"author":1,"featured_media":15413,"comment_status":"closed","ping_status":"closed","sticky":false,"template":"","format":"standard","meta":{"ngg_post_thumbnail":0,"jetpack_post_was_ever_published":false,"_jetpack_newsletter_access":"","_jetpack_dont_email_post_to_subs":false,"_jetpack_newsletter_tier_id":0,"_jetpack_memberships_contains_paywalled_content":false,"_jetpack_memberships_contains_paid_content":false,"footnotes":"","jetpack_publicize_message":"","jetpack_publicize_feature_enabled":true,"jetpack_social_post_already_shared":true,"jetpack_social_options":{"image_generator_settings":{"template":"highway","enabled":false},"version":2}},"categories":[2,16],"tags":[197,175,353,354],"class_list":["post-15411","post","type-post","status-publish","format-standard","has-post-thumbnail","hentry","category-a-la-une","category-social","tag-guilvinec","tag-lesconil","tag-pays-bigouden","tag-sardinieres","infinite-scroll-item","masonry-post","generate-columns","tablet-grid-50","mobile-grid-100","grid-parent","grid-33"],"jetpack_publicize_connections":[],"yoast_head":"<!-- This site is optimized with the Yoast SEO plugin v27.4 - https:\/\/yoast.com\/product\/yoast-seo-wordpress\/ -->\n<title>Il y a 100 ans, les sardini\u00e8res bigoud\u00e8nes en lutte.. - Le blog politique de Gaston<\/title>\n<meta name=\"robots\" content=\"index, follow, max-snippet:-1, max-image-preview:large, max-video-preview:-1\" \/>\n<link rel=\"canonical\" href=\"https:\/\/www.gastonballiot.fr\/?p=15411\" \/>\n<meta property=\"og:locale\" content=\"fr_FR\" \/>\n<meta property=\"og:type\" content=\"article\" \/>\n<meta property=\"og:title\" content=\"Il y a 100 ans, les sardini\u00e8res bigoud\u00e8nes en lutte.. - Le blog politique de Gaston\" \/>\n<meta property=\"og:description\" content=\"Il s&rsquo;agit ici de retracer un moment d\u2019histoire, une belle lutte de femmes pour leur dignit\u00e9. En 1926 les .sardini\u00e8res bigoud\u00e8nes de Lesconil ont enclench\u00e9 une lutte qui a marqu\u00e9 les m\u00e9moires de ce petit port de p\u00eache et a \u00e9t\u00e9 le d\u00e9but de la r\u00e9putation de Lesconil la Rouge port\u00e9e pendant plusieurs d\u00e9cennies \u00e0 juste titre. Ces luttes ont \u00e9r\u00e9 popularis\u00e9s par l\u2019affiche d&rsquo;Alain Le Quernec et le tableau de Charles Tillon \u00e9voquant le d\u00e9fil\u00e9 des sardini\u00e8res, drapeau rouge en ... Lire la suite...\" \/>\n<meta property=\"og:url\" content=\"https:\/\/www.gastonballiot.fr\/?p=15411\" \/>\n<meta property=\"og:site_name\" content=\"Le blog politique de Gaston\" \/>\n<meta property=\"article:publisher\" content=\"https:\/\/www.facebook.com\/gaston.balliot\/\" \/>\n<meta property=\"article:author\" content=\"https:\/\/www.facebook.com\/gaston.balliot\/\" \/>\n<meta property=\"article:published_time\" content=\"2026-04-28T05:44:47+00:00\" \/>\n<meta property=\"og:image\" content=\"https:\/\/i0.wp.com\/www.gastonballiot.fr\/wp-content\/uploads\/2026\/04\/Sardinieres_presentation.jpg?fit=1058%2C595&ssl=1\" \/>\n\t<meta property=\"og:image:width\" content=\"1058\" \/>\n\t<meta property=\"og:image:height\" content=\"595\" \/>\n\t<meta property=\"og:image:type\" content=\"image\/jpeg\" \/>\n<meta name=\"author\" content=\"gb\" \/>\n<meta name=\"twitter:card\" content=\"summary_large_image\" \/>\n<meta name=\"twitter:label1\" content=\"\u00c9crit par\" \/>\n\t<meta name=\"twitter:data1\" content=\"gb\" \/>\n\t<meta name=\"twitter:label2\" content=\"Dur\u00e9e de lecture estim\u00e9e\" \/>\n\t<meta name=\"twitter:data2\" content=\"9 minutes\" \/>\n<script type=\"application\/ld+json\" class=\"yoast-schema-graph\">{\"@context\":\"https:\\\/\\\/schema.org\",\"@graph\":[{\"@type\":\"Article\",\"@id\":\"https:\\\/\\\/www.gastonballiot.fr\\\/?p=15411#article\",\"isPartOf\":{\"@id\":\"https:\\\/\\\/www.gastonballiot.fr\\\/?p=15411\"},\"author\":{\"name\":\"gb\",\"@id\":\"https:\\\/\\\/www.gastonballiot.fr\\\/#\\\/schema\\\/person\\\/244a5e02696abd8a65c5b1bebdb948ca\"},\"headline\":\"Il y a 100 ans, les sardini\u00e8res bigoud\u00e8nes en lutte..\",\"datePublished\":\"2026-04-28T05:44:47+00:00\",\"mainEntityOfPage\":{\"@id\":\"https:\\\/\\\/www.gastonballiot.fr\\\/?p=15411\"},\"wordCount\":1526,\"publisher\":{\"@id\":\"https:\\\/\\\/www.gastonballiot.fr\\\/#\\\/schema\\\/person\\\/244a5e02696abd8a65c5b1bebdb948ca\"},\"image\":{\"@id\":\"https:\\\/\\\/www.gastonballiot.fr\\\/?p=15411#primaryimage\"},\"thumbnailUrl\":\"https:\\\/\\\/i0.wp.com\\\/www.gastonballiot.fr\\\/wp-content\\\/uploads\\\/2026\\\/04\\\/Sardinieres_presentation.jpg?fit=1058%2C595&ssl=1\",\"keywords\":[\"Guilvinec\",\"Lesconil\",\"pays bigouden\",\"sardinieres\"],\"articleSection\":[\"A la une\",\"Social\"],\"inLanguage\":\"fr-FR\"},{\"@type\":\"WebPage\",\"@id\":\"https:\\\/\\\/www.gastonballiot.fr\\\/?p=15411\",\"url\":\"https:\\\/\\\/www.gastonballiot.fr\\\/?p=15411\",\"name\":\"Il y a 100 ans, les sardini\u00e8res bigoud\u00e8nes en lutte.. - Le blog politique de Gaston\",\"isPartOf\":{\"@id\":\"https:\\\/\\\/www.gastonballiot.fr\\\/#website\"},\"primaryImageOfPage\":{\"@id\":\"https:\\\/\\\/www.gastonballiot.fr\\\/?p=15411#primaryimage\"},\"image\":{\"@id\":\"https:\\\/\\\/www.gastonballiot.fr\\\/?p=15411#primaryimage\"},\"thumbnailUrl\":\"https:\\\/\\\/i0.wp.com\\\/www.gastonballiot.fr\\\/wp-content\\\/uploads\\\/2026\\\/04\\\/Sardinieres_presentation.jpg?fit=1058%2C595&ssl=1\",\"datePublished\":\"2026-04-28T05:44:47+00:00\",\"breadcrumb\":{\"@id\":\"https:\\\/\\\/www.gastonballiot.fr\\\/?p=15411#breadcrumb\"},\"inLanguage\":\"fr-FR\",\"potentialAction\":[{\"@type\":\"ReadAction\",\"target\":[\"https:\\\/\\\/www.gastonballiot.fr\\\/?p=15411\"]}]},{\"@type\":\"ImageObject\",\"inLanguage\":\"fr-FR\",\"@id\":\"https:\\\/\\\/www.gastonballiot.fr\\\/?p=15411#primaryimage\",\"url\":\"https:\\\/\\\/i0.wp.com\\\/www.gastonballiot.fr\\\/wp-content\\\/uploads\\\/2026\\\/04\\\/Sardinieres_presentation.jpg?fit=1058%2C595&ssl=1\",\"contentUrl\":\"https:\\\/\\\/i0.wp.com\\\/www.gastonballiot.fr\\\/wp-content\\\/uploads\\\/2026\\\/04\\\/Sardinieres_presentation.jpg?fit=1058%2C595&ssl=1\",\"width\":1058,\"height\":595},{\"@type\":\"BreadcrumbList\",\"@id\":\"https:\\\/\\\/www.gastonballiot.fr\\\/?p=15411#breadcrumb\",\"itemListElement\":[{\"@type\":\"ListItem\",\"position\":1,\"name\":\"Accueil\",\"item\":\"https:\\\/\\\/www.gastonballiot.fr\\\/\"},{\"@type\":\"ListItem\",\"position\":2,\"name\":\"Il y a 100 ans, les sardini\u00e8res bigoud\u00e8nes en lutte..\"}]},{\"@type\":\"WebSite\",\"@id\":\"https:\\\/\\\/www.gastonballiot.fr\\\/#website\",\"url\":\"https:\\\/\\\/www.gastonballiot.fr\\\/\",\"name\":\"Le blog politique de Gaston\",\"description\":\"L&#039;humain d&#039;abord, pas la finance !\",\"publisher\":{\"@id\":\"https:\\\/\\\/www.gastonballiot.fr\\\/#\\\/schema\\\/person\\\/244a5e02696abd8a65c5b1bebdb948ca\"},\"potentialAction\":[{\"@type\":\"SearchAction\",\"target\":{\"@type\":\"EntryPoint\",\"urlTemplate\":\"https:\\\/\\\/www.gastonballiot.fr\\\/?s={search_term_string}\"},\"query-input\":{\"@type\":\"PropertyValueSpecification\",\"valueRequired\":true,\"valueName\":\"search_term_string\"}}],\"inLanguage\":\"fr-FR\"},{\"@type\":[\"Person\",\"Organization\"],\"@id\":\"https:\\\/\\\/www.gastonballiot.fr\\\/#\\\/schema\\\/person\\\/244a5e02696abd8a65c5b1bebdb948ca\",\"name\":\"gb\",\"image\":{\"@type\":\"ImageObject\",\"inLanguage\":\"fr-FR\",\"@id\":\"https:\\\/\\\/i0.wp.com\\\/www.gastonballiot.fr\\\/wp-content\\\/uploads\\\/2017\\\/04\\\/cropped-Marianne-drapeau-rouge.gif?fit=512%2C512&ssl=1\",\"url\":\"https:\\\/\\\/i0.wp.com\\\/www.gastonballiot.fr\\\/wp-content\\\/uploads\\\/2017\\\/04\\\/cropped-Marianne-drapeau-rouge.gif?fit=512%2C512&ssl=1\",\"contentUrl\":\"https:\\\/\\\/i0.wp.com\\\/www.gastonballiot.fr\\\/wp-content\\\/uploads\\\/2017\\\/04\\\/cropped-Marianne-drapeau-rouge.gif?fit=512%2C512&ssl=1\",\"width\":512,\"height\":512,\"caption\":\"gb\"},\"logo\":{\"@id\":\"https:\\\/\\\/i0.wp.com\\\/www.gastonballiot.fr\\\/wp-content\\\/uploads\\\/2017\\\/04\\\/cropped-Marianne-drapeau-rouge.gif?fit=512%2C512&ssl=1\"},\"description\":\"Gaston Balliot, militant du Front de Gauche en pays bigouden - Pont L'Abb\u00e9 - Loctudy - Guilvinec - Penmarc'h - Ile Tudy - Combrit Ste Marine - Tr\u00e9meoc - Plon\u00e9our, p\u00eache tourisme\",\"sameAs\":[\"https:\\\/\\\/www.facebook.com\\\/gaston.balliot\\\/\"]}]}<\/script>\n<!-- \/ Yoast SEO plugin. -->","yoast_head_json":{"title":"Il y a 100 ans, les sardini\u00e8res bigoud\u00e8nes en lutte.. - Le blog politique de Gaston","robots":{"index":"index","follow":"follow","max-snippet":"max-snippet:-1","max-image-preview":"max-image-preview:large","max-video-preview":"max-video-preview:-1"},"canonical":"https:\/\/www.gastonballiot.fr\/?p=15411","og_locale":"fr_FR","og_type":"article","og_title":"Il y a 100 ans, les sardini\u00e8res bigoud\u00e8nes en lutte.. - Le blog politique de Gaston","og_description":"Il s&rsquo;agit ici de retracer un moment d\u2019histoire, une belle lutte de femmes pour leur dignit\u00e9. En 1926 les .sardini\u00e8res bigoud\u00e8nes de Lesconil ont enclench\u00e9 une lutte qui a marqu\u00e9 les m\u00e9moires de ce petit port de p\u00eache et a \u00e9t\u00e9 le d\u00e9but de la r\u00e9putation de Lesconil la Rouge port\u00e9e pendant plusieurs d\u00e9cennies \u00e0 juste titre. Ces luttes ont \u00e9r\u00e9 popularis\u00e9s par l\u2019affiche d&rsquo;Alain Le Quernec et le tableau de Charles Tillon \u00e9voquant le d\u00e9fil\u00e9 des sardini\u00e8res, drapeau rouge en ... Lire la suite...","og_url":"https:\/\/www.gastonballiot.fr\/?p=15411","og_site_name":"Le blog politique de Gaston","article_publisher":"https:\/\/www.facebook.com\/gaston.balliot\/","article_author":"https:\/\/www.facebook.com\/gaston.balliot\/","article_published_time":"2026-04-28T05:44:47+00:00","og_image":[{"width":1058,"height":595,"url":"https:\/\/i0.wp.com\/www.gastonballiot.fr\/wp-content\/uploads\/2026\/04\/Sardinieres_presentation.jpg?fit=1058%2C595&ssl=1","type":"image\/jpeg"}],"author":"gb","twitter_card":"summary_large_image","twitter_misc":{"\u00c9crit par":"gb","Dur\u00e9e de lecture estim\u00e9e":"9 minutes"},"schema":{"@context":"https:\/\/schema.org","@graph":[{"@type":"Article","@id":"https:\/\/www.gastonballiot.fr\/?p=15411#article","isPartOf":{"@id":"https:\/\/www.gastonballiot.fr\/?p=15411"},"author":{"name":"gb","@id":"https:\/\/www.gastonballiot.fr\/#\/schema\/person\/244a5e02696abd8a65c5b1bebdb948ca"},"headline":"Il y a 100 ans, les sardini\u00e8res bigoud\u00e8nes en lutte..","datePublished":"2026-04-28T05:44:47+00:00","mainEntityOfPage":{"@id":"https:\/\/www.gastonballiot.fr\/?p=15411"},"wordCount":1526,"publisher":{"@id":"https:\/\/www.gastonballiot.fr\/#\/schema\/person\/244a5e02696abd8a65c5b1bebdb948ca"},"image":{"@id":"https:\/\/www.gastonballiot.fr\/?p=15411#primaryimage"},"thumbnailUrl":"https:\/\/i0.wp.com\/www.gastonballiot.fr\/wp-content\/uploads\/2026\/04\/Sardinieres_presentation.jpg?fit=1058%2C595&ssl=1","keywords":["Guilvinec","Lesconil","pays bigouden","sardinieres"],"articleSection":["A la une","Social"],"inLanguage":"fr-FR"},{"@type":"WebPage","@id":"https:\/\/www.gastonballiot.fr\/?p=15411","url":"https:\/\/www.gastonballiot.fr\/?p=15411","name":"Il y a 100 ans, les sardini\u00e8res bigoud\u00e8nes en lutte.. - Le blog politique de Gaston","isPartOf":{"@id":"https:\/\/www.gastonballiot.fr\/#website"},"primaryImageOfPage":{"@id":"https:\/\/www.gastonballiot.fr\/?p=15411#primaryimage"},"image":{"@id":"https:\/\/www.gastonballiot.fr\/?p=15411#primaryimage"},"thumbnailUrl":"https:\/\/i0.wp.com\/www.gastonballiot.fr\/wp-content\/uploads\/2026\/04\/Sardinieres_presentation.jpg?fit=1058%2C595&ssl=1","datePublished":"2026-04-28T05:44:47+00:00","breadcrumb":{"@id":"https:\/\/www.gastonballiot.fr\/?p=15411#breadcrumb"},"inLanguage":"fr-FR","potentialAction":[{"@type":"ReadAction","target":["https:\/\/www.gastonballiot.fr\/?p=15411"]}]},{"@type":"ImageObject","inLanguage":"fr-FR","@id":"https:\/\/www.gastonballiot.fr\/?p=15411#primaryimage","url":"https:\/\/i0.wp.com\/www.gastonballiot.fr\/wp-content\/uploads\/2026\/04\/Sardinieres_presentation.jpg?fit=1058%2C595&ssl=1","contentUrl":"https:\/\/i0.wp.com\/www.gastonballiot.fr\/wp-content\/uploads\/2026\/04\/Sardinieres_presentation.jpg?fit=1058%2C595&ssl=1","width":1058,"height":595},{"@type":"BreadcrumbList","@id":"https:\/\/www.gastonballiot.fr\/?p=15411#breadcrumb","itemListElement":[{"@type":"ListItem","position":1,"name":"Accueil","item":"https:\/\/www.gastonballiot.fr\/"},{"@type":"ListItem","position":2,"name":"Il y a 100 ans, les sardini\u00e8res bigoud\u00e8nes en lutte.."}]},{"@type":"WebSite","@id":"https:\/\/www.gastonballiot.fr\/#website","url":"https:\/\/www.gastonballiot.fr\/","name":"Le blog politique de Gaston","description":"L&#039;humain d&#039;abord, pas la finance !","publisher":{"@id":"https:\/\/www.gastonballiot.fr\/#\/schema\/person\/244a5e02696abd8a65c5b1bebdb948ca"},"potentialAction":[{"@type":"SearchAction","target":{"@type":"EntryPoint","urlTemplate":"https:\/\/www.gastonballiot.fr\/?s={search_term_string}"},"query-input":{"@type":"PropertyValueSpecification","valueRequired":true,"valueName":"search_term_string"}}],"inLanguage":"fr-FR"},{"@type":["Person","Organization"],"@id":"https:\/\/www.gastonballiot.fr\/#\/schema\/person\/244a5e02696abd8a65c5b1bebdb948ca","name":"gb","image":{"@type":"ImageObject","inLanguage":"fr-FR","@id":"https:\/\/i0.wp.com\/www.gastonballiot.fr\/wp-content\/uploads\/2017\/04\/cropped-Marianne-drapeau-rouge.gif?fit=512%2C512&ssl=1","url":"https:\/\/i0.wp.com\/www.gastonballiot.fr\/wp-content\/uploads\/2017\/04\/cropped-Marianne-drapeau-rouge.gif?fit=512%2C512&ssl=1","contentUrl":"https:\/\/i0.wp.com\/www.gastonballiot.fr\/wp-content\/uploads\/2017\/04\/cropped-Marianne-drapeau-rouge.gif?fit=512%2C512&ssl=1","width":512,"height":512,"caption":"gb"},"logo":{"@id":"https:\/\/i0.wp.com\/www.gastonballiot.fr\/wp-content\/uploads\/2017\/04\/cropped-Marianne-drapeau-rouge.gif?fit=512%2C512&ssl=1"},"description":"Gaston Balliot, militant du Front de Gauche en pays bigouden - Pont L'Abb\u00e9 - Loctudy - Guilvinec - Penmarc'h - Ile Tudy - Combrit Ste Marine - Tr\u00e9meoc - Plon\u00e9our, p\u00eache tourisme","sameAs":["https:\/\/www.facebook.com\/gaston.balliot\/"]}]}},"jetpack_featured_media_url":"https:\/\/i0.wp.com\/www.gastonballiot.fr\/wp-content\/uploads\/2026\/04\/Sardinieres_presentation.jpg?fit=1058%2C595&ssl=1","jetpack_shortlink":"https:\/\/wp.me\/p5UTaD-40z","jetpack-related-posts":[],"jetpack_likes_enabled":true,"jetpack_sharing_enabled":true,"_links":{"self":[{"href":"https:\/\/www.gastonballiot.fr\/index.php?rest_route=\/wp\/v2\/posts\/15411","targetHints":{"allow":["GET"]}}],"collection":[{"href":"https:\/\/www.gastonballiot.fr\/index.php?rest_route=\/wp\/v2\/posts"}],"about":[{"href":"https:\/\/www.gastonballiot.fr\/index.php?rest_route=\/wp\/v2\/types\/post"}],"author":[{"embeddable":true,"href":"https:\/\/www.gastonballiot.fr\/index.php?rest_route=\/wp\/v2\/users\/1"}],"replies":[{"embeddable":true,"href":"https:\/\/www.gastonballiot.fr\/index.php?rest_route=%2Fwp%2Fv2%2Fcomments&post=15411"}],"version-history":[{"count":28,"href":"https:\/\/www.gastonballiot.fr\/index.php?rest_route=\/wp\/v2\/posts\/15411\/revisions"}],"predecessor-version":[{"id":15483,"href":"https:\/\/www.gastonballiot.fr\/index.php?rest_route=\/wp\/v2\/posts\/15411\/revisions\/15483"}],"wp:featuredmedia":[{"embeddable":true,"href":"https:\/\/www.gastonballiot.fr\/index.php?rest_route=\/wp\/v2\/media\/15413"}],"wp:attachment":[{"href":"https:\/\/www.gastonballiot.fr\/index.php?rest_route=%2Fwp%2Fv2%2Fmedia&parent=15411"}],"wp:term":[{"taxonomy":"category","embeddable":true,"href":"https:\/\/www.gastonballiot.fr\/index.php?rest_route=%2Fwp%2Fv2%2Fcategories&post=15411"},{"taxonomy":"post_tag","embeddable":true,"href":"https:\/\/www.gastonballiot.fr\/index.php?rest_route=%2Fwp%2Fv2%2Ftags&post=15411"}],"curies":[{"name":"wp","href":"https:\/\/api.w.org\/{rel}","templated":true}]}}