{"id":15614,"date":"2026-03-10T09:39:26","date_gmt":"2026-03-10T08:39:26","guid":{"rendered":"https:\/\/www.gastonballiot.fr\/?p=15614"},"modified":"2026-03-10T17:11:36","modified_gmt":"2026-03-10T16:11:36","slug":"les-irresponsables-par-johann-chapoutot-historien","status":"publish","type":"post","link":"https:\/\/www.gastonballiot.fr\/?p=15614","title":{"rendered":"Les irresponsables par Johann Chapoutot &#8211; historien"},"content":{"rendered":"<p style=\"text-align: center;\">Johann Chapoutot &#8211; Les irresponsables<br \/>\nNous avons nous aussi des irresponsables..<\/p>\n<p>interview, \u00e0 \u00e9couter jusqu&rsquo;\u00e0 la derni\u00e8re phrase..<\/p>\n<p><iframe loading=\"lazy\" title=\"Johann Chapoutot - Les irresponsables\" src=\"https:\/\/www.youtube.com\/embed\/sUjW6eGNw6k\" width=\"802\" height=\"451\" frameborder=\"0\" allowfullscreen=\"allowfullscreen\"><\/iframe><\/p>\n<div id=\"block-front-contenudelapageprincipale\" class=\"block block--system block-system-main-block\">\n<article class=\"node node--ouvrage node--promoted node--view-mode-full node--ouvrage--full\">\n<div class=\"node--ouvrage__wrapper\">\n<div class=\"node--ouvrage__main\">\n<div class=\"tabs tabs--ouvrage\">\n<div class=\"tabs__panels\">\n<div id=\"tabs-presentation__content\" class=\"tabs__panel\" role=\"tabpanel\" aria-labelledby=\"tabs-presentation__label\" aria-hidden=\"false\">\n<div>&nbsp;<\/div>\n<div>\n<div class=\"field--notice\">\n<div class=\"group-title\">\n<h1 class=\"title\">Les irresponsables<\/h1>\n<div class=\"subtitle\">. Qui a port\u00e9 Hitler au pouvoir&nbsp;?<\/div>\n<\/div>\n<\/div>\n<div class=\"group--collection-serie-editeur\">\n<div class=\"field field--collection\"><span class=\"field__label\">Collection<\/span>&nbsp;NRF Essais&nbsp; &nbsp;&nbsp;Gallimard&nbsp; &nbsp;<span style=\"color: initial;\">Parution&nbsp; <\/span><span style=\"color: initial;\">06-02-2025<\/span><\/div>\n<div>&nbsp;<\/div>\n<\/div>\n<\/div>\n<div class=\"field--body field--body--ouvrage--full\">Un consortium lib\u00e9ral-autoritaire, tiss\u00e9 de solidarit\u00e9s d\u2019affaires, de partis conservateurs, nationalistes et lib\u00e9raux, de m\u00e9dias r\u00e9actionnaires et d\u2019\u00e9lites traditionnelles, perd tout soutien populaire&nbsp;: au fil des \u00e9lections, il passe de presque 50&nbsp;% \u00e0 moins de 10&nbsp;% des voix et se demande comment garder le pouvoir sans majorit\u00e9, sans parlement, voire sans d\u00e9mocratie. Cet extr\u00eame centre se pense destin\u00e9 \u00e0 gouverner par nature&nbsp;: sa politique est la meilleure et portera bient\u00f4t ses fruits. Quand les forces de r\u00e9pression avertissent qu\u2019elles ne pourront faire face \u00e0 un soul\u00e8vement g\u00e9n\u00e9ralis\u00e9, le pouvoir, qui ne repose sur aucune base \u00e9lectorale, d\u00e9cide de faire alliance avec l\u2019extr\u00eame droite, avec laquelle il partage, au fond, \u00e0 peu pr\u00e8s tout, et de l\u2019installer au sommet.<br \/>\nCette histoire se d\u00e9roule en Allemagne, entre mars 1930 et janvier 1933. Elle repose sur une lecture des archives politiques, des journaux intimes, correspondances, discours, articles de presse et M\u00e9moires des acteurs et t\u00e9moins majeurs. Elle r\u00e9v\u00e8le non pas la progression irr\u00e9sistible de la mar\u00e9e brune, mais une strat\u00e9gie pour capter son \u00e9nergie au profit d\u2019un lib\u00e9ralisme autoritaire imbu de lui-m\u00eame, dilettante et, in fine, parfaitement irresponsable.<\/div>\n<\/div>\n<div role=\"tabpanel\" aria-labelledby=\"tabs-details__label\" aria-hidden=\"true\">&nbsp;<\/div>\n<div id=\"tabs-details__content\" class=\"tabs__panel\" role=\"tabpanel\" aria-labelledby=\"tabs-details__label\" aria-hidden=\"true\"><span style=\"color: initial;\">\u00ab Implacable. TTT \u00bb <\/span><em style=\"color: initial;\">T\u00e9l\u00e9rama<\/em><\/div>\n<\/div>\n<\/div>\n<\/div>\n<\/div>\n<\/article>\n<\/div>\n<div id=\"block-front-onenparle\" class=\"block block--folio-blocks block-folio-blocks-reviews\">\n<div class=\"field field--on-en-parle field--on-en-parle--active\" data-partial-height--mobile=\"380\" data-partial-height--tablet=\"270\" data-partial-height--desktop=\"270\" data-once=\"onEnParle\">\n<div class=\"field--on-en-parle__wrapper\">\n<p>\u00ab Le professeur \u00e0 Sorbonne Universit\u00e9, sp\u00e9cialiste du national-socialisme, publie un ouvrage qui d\u00e9taille l\u2019accession d\u2019Hitler \u00e0 la t\u00eate de l\u2019Allemagne entre<br \/>\n1930 et 1933. Un v\u00e9ritable r\u00e9quisitoire contre \u00ab\u00a0l\u2019extr\u00eame centre\u00a0\u00bb d\u2019hier et d\u2019aujourd\u2019hui. \u00bb&nbsp;<em>L\u2019Humanit\u00e9<\/em><\/p>\n<p>\u00ab Un pays que les jeux de pouvoir et les int\u00e9r\u00eats personnels m\u00e8nent \u00e0 l\u2019ab\u00eeme. Une auscultation \u00e9clairante. \u00bb&nbsp;<em>France Info<\/em><\/p>\n<p>\u00ab En revenant, en historien rigoureux, sur les conditions dans lesquelles Hitler est arriv\u00e9 au pouvoir, Johann Chapoutot souligne les analogies avec la p\u00e9riode<br \/>\ncontemporaine. \u00bb&nbsp;<em>France Culture<\/em><\/p>\n<p>\u00ab Un essai foisonnant. \u00bb&nbsp;<em>Le Figaro Litt\u00e9raire<\/em><\/p>\n<p>\u00ab Un r\u00e9cit haletant, palpitant, qui nous fait tourner les pages avec fi\u00e8vre. \u00bb&nbsp;<em>Le Nouvel Obs<\/em><\/p>\n<p>\u00ab Brillant. \u00bb&nbsp;<em>Lib\u00e9ration<\/em><\/p>\n<p><a href=\"https:\/\/i0.wp.com\/www.gastonballiot.fr\/wp-content\/uploads\/2026\/03\/irresposables.jpg?ssl=1\"><img data-recalc-dims=\"1\" loading=\"lazy\" decoding=\"async\" data-attachment-id=\"15629\" data-permalink=\"https:\/\/www.gastonballiot.fr\/?attachment_id=15629#main\" data-orig-file=\"https:\/\/i0.wp.com\/www.gastonballiot.fr\/wp-content\/uploads\/2026\/03\/irresposables.jpg?fit=901%2C493&amp;ssl=1\" data-orig-size=\"901,493\" data-comments-opened=\"0\" data-image-meta=\"{&quot;aperture&quot;:&quot;0&quot;,&quot;credit&quot;:&quot;&quot;,&quot;camera&quot;:&quot;&quot;,&quot;caption&quot;:&quot;&quot;,&quot;created_timestamp&quot;:&quot;0&quot;,&quot;copyright&quot;:&quot;&quot;,&quot;focal_length&quot;:&quot;0&quot;,&quot;iso&quot;:&quot;0&quot;,&quot;shutter_speed&quot;:&quot;0&quot;,&quot;title&quot;:&quot;&quot;,&quot;orientation&quot;:&quot;0&quot;}\" data-image-title=\"irresposables\" data-image-description=\"\" data-image-caption=\"\" data-medium-file=\"https:\/\/i0.wp.com\/www.gastonballiot.fr\/wp-content\/uploads\/2026\/03\/irresposables.jpg?fit=300%2C164&amp;ssl=1\" data-large-file=\"https:\/\/i0.wp.com\/www.gastonballiot.fr\/wp-content\/uploads\/2026\/03\/irresposables.jpg?fit=901%2C493&amp;ssl=1\" class=\"aligncenter size-full wp-image-15629\" src=\"https:\/\/i0.wp.com\/www.gastonballiot.fr\/wp-content\/uploads\/2026\/03\/irresposables.jpg?resize=901%2C493&#038;ssl=1\" alt=\"\" width=\"901\" height=\"493\" srcset=\"https:\/\/i0.wp.com\/www.gastonballiot.fr\/wp-content\/uploads\/2026\/03\/irresposables.jpg?w=901&amp;ssl=1 901w, https:\/\/i0.wp.com\/www.gastonballiot.fr\/wp-content\/uploads\/2026\/03\/irresposables.jpg?resize=300%2C164&amp;ssl=1 300w, https:\/\/i0.wp.com\/www.gastonballiot.fr\/wp-content\/uploads\/2026\/03\/irresposables.jpg?resize=768%2C420&amp;ssl=1 768w\" sizes=\"auto, (max-width: 901px) 100vw, 901px\" \/><\/a><\/p>\n<\/div>\n<\/div>\n<p>&nbsp;<\/p>\n<div class=\"field field--on-en-parle field--on-en-parle--active\" data-partial-height--mobile=\"380\" data-partial-height--tablet=\"270\" data-partial-height--desktop=\"270\" data-once=\"onEnParle\">\n<div class=\"field--on-en-parle__wrapper\">\n<h1 class=\"LNTPh _41dFf huQZ5\" style=\"text-align: center;\"><em>\u00ab\u00a0Celui qui ne conna\u00eet pas l&rsquo;histoire est condamn\u00e9 \u00e0 la revivre\u00a0\u00bb<\/em><\/h1>\n<\/div>\n<\/div>\n<\/div>\n","protected":false},"excerpt":{"rendered":"<p>Johann Chapoutot &#8211; Les irresponsables Nous avons nous aussi des irresponsables.. interview, \u00e0 \u00e9couter jusqu&rsquo;\u00e0 la derni\u00e8re phrase.. &nbsp; Les irresponsables . Qui a port\u00e9 Hitler au pouvoir&nbsp;? Collection&nbsp;NRF Essais&nbsp; &nbsp;&nbsp;Gallimard&nbsp; &nbsp;Parution&nbsp; 06-02-2025 &nbsp; Un consortium lib\u00e9ral-autoritaire, tiss\u00e9 de solidarit\u00e9s d\u2019affaires, de partis conservateurs, nationalistes et lib\u00e9raux, de m\u00e9dias r\u00e9actionnaires et d\u2019\u00e9lites traditionnelles, perd tout soutien populaire&nbsp;: au fil des \u00e9lections, il passe de presque 50&nbsp;% \u00e0 moins de 10&nbsp;% des voix et se demande comment garder le pouvoir sans majorit\u00e9, &#8230; <a title=\"Les irresponsables par Johann Chapoutot &#8211; historien\" class=\"read-more\" href=\"https:\/\/www.gastonballiot.fr\/?p=15614\" aria-label=\"Plus sur Les irresponsables par Johann Chapoutot &#8211; historien\">Lire la suite&#8230;<\/a><\/p>\n","protected":false},"author":1,"featured_media":0,"comment_status":"closed","ping_status":"closed","sticky":false,"template":"","format":"standard","meta":{"ngg_post_thumbnail":0,"jetpack_post_was_ever_published":false,"_jetpack_newsletter_access":"","_jetpack_dont_email_post_to_subs":false,"_jetpack_newsletter_tier_id":0,"_jetpack_memberships_contains_paywalled_content":false,"_jetpack_memberships_contains_paid_content":false,"footnotes":"","jetpack_publicize_message":"","jetpack_publicize_feature_enabled":true,"jetpack_social_post_already_shared":true,"jetpack_social_options":{"image_generator_settings":{"template":"highway","enabled":false},"version":2}},"categories":[2,5,669],"tags":[152,591,701,702],"class_list":["post-15614","post","type-post","status-publish","format-standard","hentry","category-a-la-une","category-democratie","category-extreme-droite","tag-allemagne","tag-extreme-droite","tag-hitler","tag-johann-chapoutot","infinite-scroll-item","masonry-post","generate-columns","tablet-grid-50","mobile-grid-100","grid-parent","grid-33"],"jetpack_publicize_connections":[],"yoast_head":"<!-- This site is optimized with the Yoast SEO plugin v27.4 - https:\/\/yoast.com\/product\/yoast-seo-wordpress\/ -->\n<title>Les irresponsables par Johann Chapoutot - historien - Le blog politique de Gaston<\/title>\n<meta name=\"robots\" content=\"index, follow, max-snippet:-1, max-image-preview:large, max-video-preview:-1\" \/>\n<link rel=\"canonical\" href=\"https:\/\/www.gastonballiot.fr\/?p=15614\" \/>\n<meta property=\"og:locale\" content=\"fr_FR\" \/>\n<meta property=\"og:type\" content=\"article\" \/>\n<meta property=\"og:title\" content=\"Les irresponsables par Johann Chapoutot - historien - Le blog politique de Gaston\" \/>\n<meta property=\"og:description\" content=\"Johann Chapoutot &#8211; Les irresponsables Nous avons nous aussi des irresponsables.. interview, \u00e0 \u00e9couter jusqu&rsquo;\u00e0 la derni\u00e8re phrase.. &nbsp; Les irresponsables . Qui a port\u00e9 Hitler au pouvoir&nbsp;? Collection&nbsp;NRF Essais&nbsp; &nbsp;&nbsp;Gallimard&nbsp; &nbsp;Parution&nbsp; 06-02-2025 &nbsp; Un consortium lib\u00e9ral-autoritaire, tiss\u00e9 de solidarit\u00e9s d\u2019affaires, de partis conservateurs, nationalistes et lib\u00e9raux, de m\u00e9dias r\u00e9actionnaires et d\u2019\u00e9lites traditionnelles, perd tout soutien populaire&nbsp;: au fil des \u00e9lections, il passe de presque 50&nbsp;% \u00e0 moins de 10&nbsp;% des voix et se demande comment garder le pouvoir sans majorit\u00e9, ... Lire la suite...\" \/>\n<meta property=\"og:url\" content=\"https:\/\/www.gastonballiot.fr\/?p=15614\" \/>\n<meta property=\"og:site_name\" content=\"Le blog politique de Gaston\" \/>\n<meta property=\"article:publisher\" content=\"https:\/\/www.facebook.com\/gaston.balliot\/\" \/>\n<meta property=\"article:author\" content=\"https:\/\/www.facebook.com\/gaston.balliot\/\" \/>\n<meta property=\"article:published_time\" content=\"2026-03-10T08:39:26+00:00\" \/>\n<meta property=\"article:modified_time\" content=\"2026-03-10T16:11:36+00:00\" \/>\n<meta property=\"og:image\" content=\"https:\/\/www.gastonballiot.fr\/wp-content\/uploads\/2026\/03\/irresposables.jpg\" \/>\n<meta name=\"author\" content=\"gb\" \/>\n<meta name=\"twitter:card\" content=\"summary_large_image\" \/>\n<meta name=\"twitter:label1\" content=\"\u00c9crit par\" \/>\n\t<meta name=\"twitter:data1\" content=\"gb\" \/>\n\t<meta name=\"twitter:label2\" content=\"Dur\u00e9e de lecture estim\u00e9e\" \/>\n\t<meta name=\"twitter:data2\" content=\"2 minutes\" \/>\n<script type=\"application\/ld+json\" class=\"yoast-schema-graph\">{\"@context\":\"https:\\\/\\\/schema.org\",\"@graph\":[{\"@type\":\"Article\",\"@id\":\"https:\\\/\\\/www.gastonballiot.fr\\\/?p=15614#article\",\"isPartOf\":{\"@id\":\"https:\\\/\\\/www.gastonballiot.fr\\\/?p=15614\"},\"author\":{\"name\":\"gb\",\"@id\":\"https:\\\/\\\/www.gastonballiot.fr\\\/#\\\/schema\\\/person\\\/244a5e02696abd8a65c5b1bebdb948ca\"},\"headline\":\"Les irresponsables par Johann Chapoutot &#8211; historien\",\"datePublished\":\"2026-03-10T08:39:26+00:00\",\"dateModified\":\"2026-03-10T16:11:36+00:00\",\"mainEntityOfPage\":{\"@id\":\"https:\\\/\\\/www.gastonballiot.fr\\\/?p=15614\"},\"wordCount\":408,\"publisher\":{\"@id\":\"https:\\\/\\\/www.gastonballiot.fr\\\/#\\\/schema\\\/person\\\/244a5e02696abd8a65c5b1bebdb948ca\"},\"image\":{\"@id\":\"https:\\\/\\\/www.gastonballiot.fr\\\/?p=15614#primaryimage\"},\"thumbnailUrl\":\"https:\\\/\\\/www.gastonballiot.fr\\\/wp-content\\\/uploads\\\/2026\\\/03\\\/irresposables.jpg\",\"keywords\":[\"Allemagne\",\"Extr\u00eame droite\",\"Hitler\",\"Johann Chapoutot\"],\"articleSection\":[\"A la une\",\"D\u00e9mocratie\",\"Extr\u00eame droite\"],\"inLanguage\":\"fr-FR\"},{\"@type\":\"WebPage\",\"@id\":\"https:\\\/\\\/www.gastonballiot.fr\\\/?p=15614\",\"url\":\"https:\\\/\\\/www.gastonballiot.fr\\\/?p=15614\",\"name\":\"Les irresponsables par Johann Chapoutot - historien - Le blog politique de Gaston\",\"isPartOf\":{\"@id\":\"https:\\\/\\\/www.gastonballiot.fr\\\/#website\"},\"primaryImageOfPage\":{\"@id\":\"https:\\\/\\\/www.gastonballiot.fr\\\/?p=15614#primaryimage\"},\"image\":{\"@id\":\"https:\\\/\\\/www.gastonballiot.fr\\\/?p=15614#primaryimage\"},\"thumbnailUrl\":\"https:\\\/\\\/www.gastonballiot.fr\\\/wp-content\\\/uploads\\\/2026\\\/03\\\/irresposables.jpg\",\"datePublished\":\"2026-03-10T08:39:26+00:00\",\"dateModified\":\"2026-03-10T16:11:36+00:00\",\"breadcrumb\":{\"@id\":\"https:\\\/\\\/www.gastonballiot.fr\\\/?p=15614#breadcrumb\"},\"inLanguage\":\"fr-FR\",\"potentialAction\":[{\"@type\":\"ReadAction\",\"target\":[\"https:\\\/\\\/www.gastonballiot.fr\\\/?p=15614\"]}]},{\"@type\":\"ImageObject\",\"inLanguage\":\"fr-FR\",\"@id\":\"https:\\\/\\\/www.gastonballiot.fr\\\/?p=15614#primaryimage\",\"url\":\"https:\\\/\\\/i0.wp.com\\\/www.gastonballiot.fr\\\/wp-content\\\/uploads\\\/2026\\\/03\\\/irresposables.jpg?fit=901%2C493&ssl=1\",\"contentUrl\":\"https:\\\/\\\/i0.wp.com\\\/www.gastonballiot.fr\\\/wp-content\\\/uploads\\\/2026\\\/03\\\/irresposables.jpg?fit=901%2C493&ssl=1\",\"width\":901,\"height\":493},{\"@type\":\"BreadcrumbList\",\"@id\":\"https:\\\/\\\/www.gastonballiot.fr\\\/?p=15614#breadcrumb\",\"itemListElement\":[{\"@type\":\"ListItem\",\"position\":1,\"name\":\"Accueil\",\"item\":\"https:\\\/\\\/www.gastonballiot.fr\\\/\"},{\"@type\":\"ListItem\",\"position\":2,\"name\":\"Les irresponsables par Johann Chapoutot &#8211; historien\"}]},{\"@type\":\"WebSite\",\"@id\":\"https:\\\/\\\/www.gastonballiot.fr\\\/#website\",\"url\":\"https:\\\/\\\/www.gastonballiot.fr\\\/\",\"name\":\"Le blog politique de Gaston\",\"description\":\"L&#039;humain d&#039;abord, pas la finance !\",\"publisher\":{\"@id\":\"https:\\\/\\\/www.gastonballiot.fr\\\/#\\\/schema\\\/person\\\/244a5e02696abd8a65c5b1bebdb948ca\"},\"potentialAction\":[{\"@type\":\"SearchAction\",\"target\":{\"@type\":\"EntryPoint\",\"urlTemplate\":\"https:\\\/\\\/www.gastonballiot.fr\\\/?s={search_term_string}\"},\"query-input\":{\"@type\":\"PropertyValueSpecification\",\"valueRequired\":true,\"valueName\":\"search_term_string\"}}],\"inLanguage\":\"fr-FR\"},{\"@type\":[\"Person\",\"Organization\"],\"@id\":\"https:\\\/\\\/www.gastonballiot.fr\\\/#\\\/schema\\\/person\\\/244a5e02696abd8a65c5b1bebdb948ca\",\"name\":\"gb\",\"image\":{\"@type\":\"ImageObject\",\"inLanguage\":\"fr-FR\",\"@id\":\"https:\\\/\\\/i0.wp.com\\\/www.gastonballiot.fr\\\/wp-content\\\/uploads\\\/2017\\\/04\\\/cropped-Marianne-drapeau-rouge.gif?fit=512%2C512&ssl=1\",\"url\":\"https:\\\/\\\/i0.wp.com\\\/www.gastonballiot.fr\\\/wp-content\\\/uploads\\\/2017\\\/04\\\/cropped-Marianne-drapeau-rouge.gif?fit=512%2C512&ssl=1\",\"contentUrl\":\"https:\\\/\\\/i0.wp.com\\\/www.gastonballiot.fr\\\/wp-content\\\/uploads\\\/2017\\\/04\\\/cropped-Marianne-drapeau-rouge.gif?fit=512%2C512&ssl=1\",\"width\":512,\"height\":512,\"caption\":\"gb\"},\"logo\":{\"@id\":\"https:\\\/\\\/i0.wp.com\\\/www.gastonballiot.fr\\\/wp-content\\\/uploads\\\/2017\\\/04\\\/cropped-Marianne-drapeau-rouge.gif?fit=512%2C512&ssl=1\"},\"description\":\"Gaston Balliot, militant du Front de Gauche en pays bigouden - Pont L'Abb\u00e9 - Loctudy - Guilvinec - Penmarc'h - Ile Tudy - Combrit Ste Marine - Tr\u00e9meoc - Plon\u00e9our, p\u00eache tourisme\",\"sameAs\":[\"https:\\\/\\\/www.facebook.com\\\/gaston.balliot\\\/\"]}]}<\/script>\n<!-- \/ Yoast SEO plugin. -->","yoast_head_json":{"title":"Les irresponsables par Johann Chapoutot - historien - Le blog politique de Gaston","robots":{"index":"index","follow":"follow","max-snippet":"max-snippet:-1","max-image-preview":"max-image-preview:large","max-video-preview":"max-video-preview:-1"},"canonical":"https:\/\/www.gastonballiot.fr\/?p=15614","og_locale":"fr_FR","og_type":"article","og_title":"Les irresponsables par Johann Chapoutot - historien - Le blog politique de Gaston","og_description":"Johann Chapoutot &#8211; Les irresponsables Nous avons nous aussi des irresponsables.. interview, \u00e0 \u00e9couter jusqu&rsquo;\u00e0 la derni\u00e8re phrase.. &nbsp; Les irresponsables . Qui a port\u00e9 Hitler au pouvoir&nbsp;? Collection&nbsp;NRF Essais&nbsp; &nbsp;&nbsp;Gallimard&nbsp; &nbsp;Parution&nbsp; 06-02-2025 &nbsp; Un consortium lib\u00e9ral-autoritaire, tiss\u00e9 de solidarit\u00e9s d\u2019affaires, de partis conservateurs, nationalistes et lib\u00e9raux, de m\u00e9dias r\u00e9actionnaires et d\u2019\u00e9lites traditionnelles, perd tout soutien populaire&nbsp;: au fil des \u00e9lections, il passe de presque 50&nbsp;% \u00e0 moins de 10&nbsp;% des voix et se demande comment garder le pouvoir sans majorit\u00e9, ... Lire la suite...","og_url":"https:\/\/www.gastonballiot.fr\/?p=15614","og_site_name":"Le blog politique de Gaston","article_publisher":"https:\/\/www.facebook.com\/gaston.balliot\/","article_author":"https:\/\/www.facebook.com\/gaston.balliot\/","article_published_time":"2026-03-10T08:39:26+00:00","article_modified_time":"2026-03-10T16:11:36+00:00","og_image":[{"url":"https:\/\/www.gastonballiot.fr\/wp-content\/uploads\/2026\/03\/irresposables.jpg","type":"","width":"","height":""}],"author":"gb","twitter_card":"summary_large_image","twitter_misc":{"\u00c9crit par":"gb","Dur\u00e9e de lecture estim\u00e9e":"2 minutes"},"schema":{"@context":"https:\/\/schema.org","@graph":[{"@type":"Article","@id":"https:\/\/www.gastonballiot.fr\/?p=15614#article","isPartOf":{"@id":"https:\/\/www.gastonballiot.fr\/?p=15614"},"author":{"name":"gb","@id":"https:\/\/www.gastonballiot.fr\/#\/schema\/person\/244a5e02696abd8a65c5b1bebdb948ca"},"headline":"Les irresponsables par Johann Chapoutot &#8211; historien","datePublished":"2026-03-10T08:39:26+00:00","dateModified":"2026-03-10T16:11:36+00:00","mainEntityOfPage":{"@id":"https:\/\/www.gastonballiot.fr\/?p=15614"},"wordCount":408,"publisher":{"@id":"https:\/\/www.gastonballiot.fr\/#\/schema\/person\/244a5e02696abd8a65c5b1bebdb948ca"},"image":{"@id":"https:\/\/www.gastonballiot.fr\/?p=15614#primaryimage"},"thumbnailUrl":"https:\/\/www.gastonballiot.fr\/wp-content\/uploads\/2026\/03\/irresposables.jpg","keywords":["Allemagne","Extr\u00eame droite","Hitler","Johann Chapoutot"],"articleSection":["A la une","D\u00e9mocratie","Extr\u00eame droite"],"inLanguage":"fr-FR"},{"@type":"WebPage","@id":"https:\/\/www.gastonballiot.fr\/?p=15614","url":"https:\/\/www.gastonballiot.fr\/?p=15614","name":"Les irresponsables par Johann Chapoutot - historien - Le blog politique de Gaston","isPartOf":{"@id":"https:\/\/www.gastonballiot.fr\/#website"},"primaryImageOfPage":{"@id":"https:\/\/www.gastonballiot.fr\/?p=15614#primaryimage"},"image":{"@id":"https:\/\/www.gastonballiot.fr\/?p=15614#primaryimage"},"thumbnailUrl":"https:\/\/www.gastonballiot.fr\/wp-content\/uploads\/2026\/03\/irresposables.jpg","datePublished":"2026-03-10T08:39:26+00:00","dateModified":"2026-03-10T16:11:36+00:00","breadcrumb":{"@id":"https:\/\/www.gastonballiot.fr\/?p=15614#breadcrumb"},"inLanguage":"fr-FR","potentialAction":[{"@type":"ReadAction","target":["https:\/\/www.gastonballiot.fr\/?p=15614"]}]},{"@type":"ImageObject","inLanguage":"fr-FR","@id":"https:\/\/www.gastonballiot.fr\/?p=15614#primaryimage","url":"https:\/\/i0.wp.com\/www.gastonballiot.fr\/wp-content\/uploads\/2026\/03\/irresposables.jpg?fit=901%2C493&ssl=1","contentUrl":"https:\/\/i0.wp.com\/www.gastonballiot.fr\/wp-content\/uploads\/2026\/03\/irresposables.jpg?fit=901%2C493&ssl=1","width":901,"height":493},{"@type":"BreadcrumbList","@id":"https:\/\/www.gastonballiot.fr\/?p=15614#breadcrumb","itemListElement":[{"@type":"ListItem","position":1,"name":"Accueil","item":"https:\/\/www.gastonballiot.fr\/"},{"@type":"ListItem","position":2,"name":"Les irresponsables par Johann Chapoutot &#8211; historien"}]},{"@type":"WebSite","@id":"https:\/\/www.gastonballiot.fr\/#website","url":"https:\/\/www.gastonballiot.fr\/","name":"Le blog politique de Gaston","description":"L&#039;humain d&#039;abord, pas la finance !","publisher":{"@id":"https:\/\/www.gastonballiot.fr\/#\/schema\/person\/244a5e02696abd8a65c5b1bebdb948ca"},"potentialAction":[{"@type":"SearchAction","target":{"@type":"EntryPoint","urlTemplate":"https:\/\/www.gastonballiot.fr\/?s={search_term_string}"},"query-input":{"@type":"PropertyValueSpecification","valueRequired":true,"valueName":"search_term_string"}}],"inLanguage":"fr-FR"},{"@type":["Person","Organization"],"@id":"https:\/\/www.gastonballiot.fr\/#\/schema\/person\/244a5e02696abd8a65c5b1bebdb948ca","name":"gb","image":{"@type":"ImageObject","inLanguage":"fr-FR","@id":"https:\/\/i0.wp.com\/www.gastonballiot.fr\/wp-content\/uploads\/2017\/04\/cropped-Marianne-drapeau-rouge.gif?fit=512%2C512&ssl=1","url":"https:\/\/i0.wp.com\/www.gastonballiot.fr\/wp-content\/uploads\/2017\/04\/cropped-Marianne-drapeau-rouge.gif?fit=512%2C512&ssl=1","contentUrl":"https:\/\/i0.wp.com\/www.gastonballiot.fr\/wp-content\/uploads\/2017\/04\/cropped-Marianne-drapeau-rouge.gif?fit=512%2C512&ssl=1","width":512,"height":512,"caption":"gb"},"logo":{"@id":"https:\/\/i0.wp.com\/www.gastonballiot.fr\/wp-content\/uploads\/2017\/04\/cropped-Marianne-drapeau-rouge.gif?fit=512%2C512&ssl=1"},"description":"Gaston Balliot, militant du Front de Gauche en pays bigouden - Pont L'Abb\u00e9 - Loctudy - Guilvinec - Penmarc'h - Ile Tudy - Combrit Ste Marine - Tr\u00e9meoc - Plon\u00e9our, p\u00eache tourisme","sameAs":["https:\/\/www.facebook.com\/gaston.balliot\/"]}]}},"jetpack_featured_media_url":"","jetpack_shortlink":"https:\/\/wp.me\/p5UTaD-43Q","jetpack-related-posts":[],"jetpack_likes_enabled":true,"jetpack_sharing_enabled":true,"_links":{"self":[{"href":"https:\/\/www.gastonballiot.fr\/index.php?rest_route=\/wp\/v2\/posts\/15614","targetHints":{"allow":["GET"]}}],"collection":[{"href":"https:\/\/www.gastonballiot.fr\/index.php?rest_route=\/wp\/v2\/posts"}],"about":[{"href":"https:\/\/www.gastonballiot.fr\/index.php?rest_route=\/wp\/v2\/types\/post"}],"author":[{"embeddable":true,"href":"https:\/\/www.gastonballiot.fr\/index.php?rest_route=\/wp\/v2\/users\/1"}],"replies":[{"embeddable":true,"href":"https:\/\/www.gastonballiot.fr\/index.php?rest_route=%2Fwp%2Fv2%2Fcomments&post=15614"}],"version-history":[{"count":12,"href":"https:\/\/www.gastonballiot.fr\/index.php?rest_route=\/wp\/v2\/posts\/15614\/revisions"}],"predecessor-version":[{"id":15630,"href":"https:\/\/www.gastonballiot.fr\/index.php?rest_route=\/wp\/v2\/posts\/15614\/revisions\/15630"}],"wp:attachment":[{"href":"https:\/\/www.gastonballiot.fr\/index.php?rest_route=%2Fwp%2Fv2%2Fmedia&parent=15614"}],"wp:term":[{"taxonomy":"category","embeddable":true,"href":"https:\/\/www.gastonballiot.fr\/index.php?rest_route=%2Fwp%2Fv2%2Fcategories&post=15614"},{"taxonomy":"post_tag","embeddable":true,"href":"https:\/\/www.gastonballiot.fr\/index.php?rest_route=%2Fwp%2Fv2%2Ftags&post=15614"}],"curies":[{"name":"wp","href":"https:\/\/api.w.org\/{rel}","templated":true}]}}