{"id":15632,"date":"2026-03-13T13:38:30","date_gmt":"2026-03-13T12:38:30","guid":{"rendered":"https:\/\/www.gastonballiot.fr\/?p=15632"},"modified":"2026-03-15T14:37:07","modified_gmt":"2026-03-15T13:37:07","slug":"cessez-le-feu-europe-reveille-toi-par-francis-wurtz-depute-europeen-honoraire","status":"publish","type":"post","link":"https:\/\/www.gastonballiot.fr\/?p=15632","title":{"rendered":"CESSEZ-LE-FEU !  EUROPE, R\u00c9VEILLE-TOI ! par Francis WURTZ , d\u00e9put\u00e9 europ\u00e9en honoraire"},"content":{"rendered":"<p><a href=\"https:\/\/i0.wp.com\/www.gastonballiot.fr\/wp-content\/uploads\/2026\/03\/Francis-Wurtz.jpg?ssl=1\"><img data-recalc-dims=\"1\" loading=\"lazy\" decoding=\"async\" data-attachment-id=\"15639\" data-permalink=\"https:\/\/www.gastonballiot.fr\/?attachment_id=15639#main\" data-orig-file=\"https:\/\/i0.wp.com\/www.gastonballiot.fr\/wp-content\/uploads\/2026\/03\/Francis-Wurtz.jpg?fit=1200%2C900&amp;ssl=1\" data-orig-size=\"1200,900\" data-comments-opened=\"0\" data-image-meta=\"{&quot;aperture&quot;:&quot;0&quot;,&quot;credit&quot;:&quot;&quot;,&quot;camera&quot;:&quot;&quot;,&quot;caption&quot;:&quot;&quot;,&quot;created_timestamp&quot;:&quot;0&quot;,&quot;copyright&quot;:&quot;&quot;,&quot;focal_length&quot;:&quot;0&quot;,&quot;iso&quot;:&quot;0&quot;,&quot;shutter_speed&quot;:&quot;0&quot;,&quot;title&quot;:&quot;&quot;,&quot;orientation&quot;:&quot;0&quot;}\" data-image-title=\"Francis Wurtz\" data-image-description=\"\" data-image-caption=\"\" data-medium-file=\"https:\/\/i0.wp.com\/www.gastonballiot.fr\/wp-content\/uploads\/2026\/03\/Francis-Wurtz.jpg?fit=300%2C225&amp;ssl=1\" data-large-file=\"https:\/\/i0.wp.com\/www.gastonballiot.fr\/wp-content\/uploads\/2026\/03\/Francis-Wurtz.jpg?fit=1024%2C768&amp;ssl=1\" class=\"alignright wp-image-15639 size-medium\" src=\"https:\/\/i0.wp.com\/www.gastonballiot.fr\/wp-content\/uploads\/2026\/03\/Francis-Wurtz.jpg?resize=300%2C225&#038;ssl=1\" alt=\"\" width=\"300\" height=\"225\" srcset=\"https:\/\/i0.wp.com\/www.gastonballiot.fr\/wp-content\/uploads\/2026\/03\/Francis-Wurtz.jpg?resize=300%2C225&amp;ssl=1 300w, https:\/\/i0.wp.com\/www.gastonballiot.fr\/wp-content\/uploads\/2026\/03\/Francis-Wurtz.jpg?resize=1024%2C768&amp;ssl=1 1024w, https:\/\/i0.wp.com\/www.gastonballiot.fr\/wp-content\/uploads\/2026\/03\/Francis-Wurtz.jpg?resize=768%2C576&amp;ssl=1 768w, https:\/\/i0.wp.com\/www.gastonballiot.fr\/wp-content\/uploads\/2026\/03\/Francis-Wurtz.jpg?w=1200&amp;ssl=1 1200w\" sizes=\"auto, (max-width: 300px) 100vw, 300px\" \/><\/a>Comme on pouvait le craindre, l&rsquo;engrenage de la guerre am\u00e9ricano-isra\u00e9lienne contre l\u2019Iran franchit, jour apr\u00e8s jour, de nouvelles \u00ab lignes rouges \u00bb. Le cycle infernal des agressions et des repr\u00e9sailles, de l&rsquo;humiliation et de la vengeance, est engag\u00e9. L\u2019embrasement r\u00e9gional tant redout\u00e9 est d\u00e9sormais une r\u00e9alit\u00e9. Le risque est \u00e0 pr\u00e9sent celui de l\u2019enlisement, avec la trag\u00e9die qui s\u2019 en suivrait immanquablement pour les populations. Comme hier en Irak, en Lybie ou en Afghanistan, cette guerre n\u2019apportera pas la d\u00e9mocratie mais le chaos. Seule une action r\u00e9solue et responsable des principaux dirigeants de la plan\u00e8te, dans le cadre des Nations unies, en faveur d&rsquo;un cessez-le-feu, rendrait envisageable le retour \u00e0 la diplomatie, seule \u00e0 m\u00eame d&rsquo;enrayer la course \u00e0 l&rsquo;ab\u00eeme. Mais l&rsquo;esprit de responsabilit\u00e9 et le courage politique s&rsquo;effacent, dans les chancelleries europ\u00e9ennes, devant le suivisme \u00e0 l\u2019\u00e9gard d\u2019un Pr\u00e9sident des Etats-Unis sans foi ni loi, gris\u00e9 par les \u00ab succ\u00e8s \u00bb illusoires de sa \u00ab belle armada \u00bb et l\u2019inertie, sinon la complaisance, envers un chef de gouvernement isra\u00e9lien d&rsquo;extr\u00eame-droite, criminel de guerre pr\u00e9sum\u00e9, pr\u00eat au pire.<br \/>\nIl est consternant de devoir constater que le Premier ministre espagnol, Pedro Sanchez, fut le seul dirigeant de l&rsquo;Union europ\u00e9enne \u00e0 r\u00e9agir d&#8217;embl\u00e9e, en toute clart\u00e9, \u00e0 cette nouvelle et hyper-dangereuse aventure militaire \u00ab pr\u00e9ventive \u00bb -donc d&rsquo;autant plus ill\u00e9gale- contre l&rsquo;Iran, dont tout le monde savait pourtant qu&rsquo;elle d\u00e9clencherait une r\u00e9action en cha\u00eene aux cons\u00e9quences potentiellement d\u00e9vastatrices.<br \/>\n\u00c0 l&rsquo;inverse de celle du dirigeant espagnol, l&rsquo;attitude plus qu\u2019ambigu\u00eb d&rsquo;Emmanuel Macron face \u00e0 ce conflit ternira aussi s\u00fbrement son bilan international que le NON de Jacques Chirac \u00e0 la guerre d&rsquo;Irak en 2003 avait rehauss\u00e9 le sien. En ordonnant un d\u00e9ploiement militaire spectaculaire dans la r\u00e9gion et la participation, f\u00fbt-elle proclam\u00e9e \u00ab d\u00e9fensive \u00bb, de la France aux op\u00e9rations a\u00e9riennes contre l&rsquo;Iran nous implique de fait dans une guerre qui n&rsquo;est pas la n\u00f4tre ! Beaucoup d&rsquo;entre nous ont sans doute d\u00e9couvert \u00e0 cette occasion que la France avait conclu des accords de d\u00e9fense avec les \u00c9mirats arabes unis -\u00ab l&rsquo;un des pays les plus r\u00e9pressifs et les plus pr\u00eats \u00e0 s&rsquo;ing\u00e9rer dans les affaires int\u00e9rieures des autres pays du Moyen-Orient \u00bb(1)- et qu&rsquo;elle y poss\u00e8de 3 bases militaires !<br \/>\nEt que dire du pitoyable Chancelier allemand ! \u00ab Il a offert un spectacle attristant dans le bureau du Pr\u00e9sident Trump : c&rsquo;\u00e9tait un petit gar\u00e7on qui \u00e9coutait des rodomontades en tous sens, sans aucune capacit\u00e9 de r\u00e9action \u00bb, selon un de ses propres amis politiques (2). Il expliquera refuser de donner des \u00ab le\u00e7ons \u00bb \u00e0 Trump sur le droit international, sa seule pr\u00e9occupation \u00e9tant d&rsquo; \u00ab \u00e9viter de nouveaux flux de r\u00e9fugi\u00e9s \u00bb ! Pas \u00e9tonnant, dans ce contexte, que Trump se soit accord\u00e9, dans la conduite de sa guerre, la \u00ab note de 15 sur 10 \u00bb \u2026<br \/>\nEncourag\u00e9 par le soutien sans limite de la Maison Blanche et l\u2019impunit\u00e9 garantie des Europ\u00e9ens, Netanyahou s\u00e8me, en outre, la mort et la d\u00e9solation au Liban. L\u00e0 encore, on est stup\u00e9fait de la mollesse des r\u00e9actions europ\u00e9ennes \u00e0 cette nouvelle offensive isra\u00e9lienne, malgr\u00e9 son bilan civil insoutenable.<br \/>\nMesurent-ils seulement quel monde nous pr\u00e9pare ce renoncement de fait au droit international et aux principes si essentiels de la Charte des Nations unies ! R\u00e9solument Non \u00e0 la soumission aux tenants de la loi du plus fort, dominateurs sans scrupules et fiers de l\u2019\u00eatre ! Cessez-le-feu ! Europe : r\u00e9veille-toi !<br \/>\n&#8212;&#8212;&#8211;<br \/>\n(1) Daraj &#8211; Courrier international (10\/2\/2025)<br \/>\n(2) Jean-Louis Bourlanges , ancien pr\u00e9sident de la commission des Affaires \u00e9trang\u00e8res de l\u2019Assembl\u00e9e nationale.<\/p>\n<hr>\n<h3><a href=\"https:\/\/www.gastonballiot.fr\/?p=15590\" target=\"_blank\" rel=\"noopener\">Voir aussi mon article pr\u00e9c\u00e9dent : La loi de la jungle<\/a><\/h3>\n<p><a href=\"https:\/\/agencemediapalestine.fr\/blog\/2026\/03\/09\/liban-iran-israel-veut-imposer-la-doctrine-gaza-pour-ecraser-toute-resistance-au-moyen-orient\/?utm_source=newsletter&amp;utm_medium=email&amp;utm_campaign=liban_iran_israel_veut_imposer_la_doctrine_gaza_pour_ecraser_toute_resistance_au_moyen_orient&amp;utm_term=2026-03-12\" target=\"_blank\" rel=\"noopener\">et<\/a><\/p>\n<p><a href=\"https:\/\/pcbigouden.fr\/?p=6195\" target=\"_blank\" rel=\"noopener\">Une analyse des enjeux au Moyen Orient<\/a><\/p>\n<p>et<\/p>\n<div class=\"elementor-element elementor-element-1c4e14a0 elementor-widget elementor-widget-theme-post-title elementor-page-title elementor-widget-heading\" data-id=\"1c4e14a0\" data-element_type=\"widget\" data-e-type=\"widget\" data-widget_type=\"theme-post-title.default\">\n<div class=\"elementor-widget-container\">\n<h3 class=\"elementor-heading-title elementor-size-default\"><a href=\"https:\/\/agencemediapalestine.fr\/blog\/2026\/03\/09\/liban-iran-israel-veut-imposer-la-doctrine-gaza-pour-ecraser-toute-resistance-au-moyen-orient\/?utm_source=newsletter&amp;utm_medium=email&amp;utm_campaign=liban_iran_israel_veut_imposer_la_doctrine_gaza_pour_ecraser_toute_resistance_au_moyen_orient&amp;utm_term=2026-03-12\" target=\"_blank\" rel=\"noopener\">Liban, Iran : Isra\u00ebl veut imposer la \u00ab&nbsp;doctrine Gaza&nbsp;\u00bb&nbsp; pour \u00e9craser toute r\u00e9sistance a<\/a>u Moyen-Orient<\/h3>\n<h3>et<a href=\"https:\/\/franciswurtz.net\/\" target=\"_blank\" rel=\"noopener\"> le blog de Francis Wutz<\/a><\/h3>\n<\/div>\n<\/div>\n<div class=\"elementor-element elementor-element-2e45d9e6 elementor-tablet-align-center elementor-mobile-align-center elementor-widget elementor-widget-post-info\" data-id=\"2e45d9e6\" data-element_type=\"widget\" data-e-type=\"widget\" data-widget_type=\"post-info.default\">\n<div class=\"elementor-widget-container\">\n<p>Folie meurtri\u00e8re :<\/p>\n<p>Un missile de trois millions de dollars&nbsp;<br \/>\nlanc\u00e9 depuis un avion de deux cents millions de dollars,&nbsp;<br \/>\ndont le vol co\u00fbte vingt mille dollars de l&rsquo;heure.<br \/>\n&nbsp;Il est utilis\u00e9 pour tuer des personnes qui vivent avec dix dollars par jour.&nbsp;&nbsp;<br \/>\nLe monde est vraiment malade.<\/p>\n<p>(source Mouvement de la Paix)<\/p>\n<\/div>\n<\/div>\n","protected":false},"excerpt":{"rendered":"<p>Comme on pouvait le craindre, l&rsquo;engrenage de la guerre am\u00e9ricano-isra\u00e9lienne contre l\u2019Iran franchit, jour apr\u00e8s jour, de nouvelles \u00ab lignes rouges \u00bb. Le cycle infernal des agressions et des repr\u00e9sailles, de l&rsquo;humiliation et de la vengeance, est engag\u00e9. L\u2019embrasement r\u00e9gional tant redout\u00e9 est d\u00e9sormais une r\u00e9alit\u00e9. Le risque est \u00e0 pr\u00e9sent celui de l\u2019enlisement, avec la trag\u00e9die qui s\u2019 en suivrait immanquablement pour les populations. Comme hier en Irak, en Lybie ou en Afghanistan, cette guerre n\u2019apportera pas la d\u00e9mocratie mais &#8230; <a title=\"CESSEZ-LE-FEU !  EUROPE, R\u00c9VEILLE-TOI ! par Francis WURTZ , d\u00e9put\u00e9 europ\u00e9en honoraire\" class=\"read-more\" href=\"https:\/\/www.gastonballiot.fr\/?p=15632\" aria-label=\"Plus sur CESSEZ-LE-FEU !  EUROPE, R\u00c9VEILLE-TOI ! par Francis WURTZ , d\u00e9put\u00e9 europ\u00e9en honoraire\">Lire la suite&#8230;<\/a><\/p>\n","protected":false},"author":1,"featured_media":0,"comment_status":"closed","ping_status":"closed","sticky":false,"template":"","format":"standard","meta":{"ngg_post_thumbnail":0,"jetpack_post_was_ever_published":false,"_jetpack_newsletter_access":"","_jetpack_dont_email_post_to_subs":false,"_jetpack_newsletter_tier_id":0,"_jetpack_memberships_contains_paywalled_content":false,"_jetpack_memberships_contains_paid_content":false,"footnotes":"","jetpack_publicize_message":"","jetpack_publicize_feature_enabled":true,"jetpack_social_post_already_shared":true,"jetpack_social_options":{"image_generator_settings":{"template":"highway","enabled":false},"version":2}},"categories":[12],"tags":[58,78,199,555],"class_list":["post-15632","post","type-post","status-publish","format-standard","hentry","category-paix-desarmement","tag-europe","tag-israel","tag-usa","tag-wurtz","infinite-scroll-item","masonry-post","generate-columns","tablet-grid-50","mobile-grid-100","grid-parent","grid-33"],"jetpack_publicize_connections":[],"yoast_head":"<!-- This site is optimized with the Yoast SEO plugin v27.5 - https:\/\/yoast.com\/product\/yoast-seo-wordpress\/ -->\n<title>CESSEZ-LE-FEU ! EUROPE, R\u00c9VEILLE-TOI ! par Francis WURTZ , d\u00e9put\u00e9 europ\u00e9en honoraire - Le blog politique de Gaston<\/title>\n<meta name=\"robots\" content=\"index, follow, max-snippet:-1, max-image-preview:large, max-video-preview:-1\" \/>\n<link rel=\"canonical\" href=\"https:\/\/www.gastonballiot.fr\/?p=15632\" \/>\n<meta property=\"og:locale\" content=\"fr_FR\" \/>\n<meta property=\"og:type\" content=\"article\" \/>\n<meta property=\"og:title\" content=\"CESSEZ-LE-FEU ! EUROPE, R\u00c9VEILLE-TOI ! par Francis WURTZ , d\u00e9put\u00e9 europ\u00e9en honoraire - Le blog politique de Gaston\" \/>\n<meta property=\"og:description\" content=\"Comme on pouvait le craindre, l&rsquo;engrenage de la guerre am\u00e9ricano-isra\u00e9lienne contre l\u2019Iran franchit, jour apr\u00e8s jour, de nouvelles \u00ab lignes rouges \u00bb. Le cycle infernal des agressions et des repr\u00e9sailles, de l&rsquo;humiliation et de la vengeance, est engag\u00e9. L\u2019embrasement r\u00e9gional tant redout\u00e9 est d\u00e9sormais une r\u00e9alit\u00e9. Le risque est \u00e0 pr\u00e9sent celui de l\u2019enlisement, avec la trag\u00e9die qui s\u2019 en suivrait immanquablement pour les populations. Comme hier en Irak, en Lybie ou en Afghanistan, cette guerre n\u2019apportera pas la d\u00e9mocratie mais ... Lire la suite...\" \/>\n<meta property=\"og:url\" content=\"https:\/\/www.gastonballiot.fr\/?p=15632\" \/>\n<meta property=\"og:site_name\" content=\"Le blog politique de Gaston\" \/>\n<meta property=\"article:publisher\" content=\"https:\/\/www.facebook.com\/gaston.balliot\/\" \/>\n<meta property=\"article:author\" content=\"https:\/\/www.facebook.com\/gaston.balliot\/\" \/>\n<meta property=\"article:published_time\" content=\"2026-03-13T12:38:30+00:00\" \/>\n<meta property=\"article:modified_time\" content=\"2026-03-15T13:37:07+00:00\" \/>\n<meta property=\"og:image\" content=\"https:\/\/www.gastonballiot.fr\/wp-content\/uploads\/2026\/03\/Francis-Wurtz-300x225.jpg\" \/>\n<meta name=\"author\" content=\"gb\" \/>\n<meta name=\"twitter:card\" content=\"summary_large_image\" \/>\n<meta name=\"twitter:label1\" content=\"\u00c9crit par\" \/>\n\t<meta name=\"twitter:data1\" content=\"gb\" \/>\n\t<meta name=\"twitter:label2\" content=\"Dur\u00e9e de lecture estim\u00e9e\" \/>\n\t<meta name=\"twitter:data2\" content=\"4 minutes\" \/>\n<script type=\"application\/ld+json\" class=\"yoast-schema-graph\">{\"@context\":\"https:\\\/\\\/schema.org\",\"@graph\":[{\"@type\":\"Article\",\"@id\":\"https:\\\/\\\/www.gastonballiot.fr\\\/?p=15632#article\",\"isPartOf\":{\"@id\":\"https:\\\/\\\/www.gastonballiot.fr\\\/?p=15632\"},\"author\":{\"name\":\"gb\",\"@id\":\"https:\\\/\\\/www.gastonballiot.fr\\\/#\\\/schema\\\/person\\\/244a5e02696abd8a65c5b1bebdb948ca\"},\"headline\":\"CESSEZ-LE-FEU ! EUROPE, R\u00c9VEILLE-TOI ! par Francis WURTZ , d\u00e9put\u00e9 europ\u00e9en honoraire\",\"datePublished\":\"2026-03-13T12:38:30+00:00\",\"dateModified\":\"2026-03-15T13:37:07+00:00\",\"mainEntityOfPage\":{\"@id\":\"https:\\\/\\\/www.gastonballiot.fr\\\/?p=15632\"},\"wordCount\":756,\"publisher\":{\"@id\":\"https:\\\/\\\/www.gastonballiot.fr\\\/#\\\/schema\\\/person\\\/244a5e02696abd8a65c5b1bebdb948ca\"},\"image\":{\"@id\":\"https:\\\/\\\/www.gastonballiot.fr\\\/?p=15632#primaryimage\"},\"thumbnailUrl\":\"https:\\\/\\\/www.gastonballiot.fr\\\/wp-content\\\/uploads\\\/2026\\\/03\\\/Francis-Wurtz-300x225.jpg\",\"keywords\":[\"Europe\",\"Isra\u00ebl\",\"USA\",\"Wurtz\"],\"articleSection\":[\"Paix-D\u00e9sarmement\"],\"inLanguage\":\"fr-FR\"},{\"@type\":\"WebPage\",\"@id\":\"https:\\\/\\\/www.gastonballiot.fr\\\/?p=15632\",\"url\":\"https:\\\/\\\/www.gastonballiot.fr\\\/?p=15632\",\"name\":\"CESSEZ-LE-FEU ! EUROPE, R\u00c9VEILLE-TOI ! par Francis WURTZ , d\u00e9put\u00e9 europ\u00e9en honoraire - Le blog politique de Gaston\",\"isPartOf\":{\"@id\":\"https:\\\/\\\/www.gastonballiot.fr\\\/#website\"},\"primaryImageOfPage\":{\"@id\":\"https:\\\/\\\/www.gastonballiot.fr\\\/?p=15632#primaryimage\"},\"image\":{\"@id\":\"https:\\\/\\\/www.gastonballiot.fr\\\/?p=15632#primaryimage\"},\"thumbnailUrl\":\"https:\\\/\\\/www.gastonballiot.fr\\\/wp-content\\\/uploads\\\/2026\\\/03\\\/Francis-Wurtz-300x225.jpg\",\"datePublished\":\"2026-03-13T12:38:30+00:00\",\"dateModified\":\"2026-03-15T13:37:07+00:00\",\"breadcrumb\":{\"@id\":\"https:\\\/\\\/www.gastonballiot.fr\\\/?p=15632#breadcrumb\"},\"inLanguage\":\"fr-FR\",\"potentialAction\":[{\"@type\":\"ReadAction\",\"target\":[\"https:\\\/\\\/www.gastonballiot.fr\\\/?p=15632\"]}]},{\"@type\":\"ImageObject\",\"inLanguage\":\"fr-FR\",\"@id\":\"https:\\\/\\\/www.gastonballiot.fr\\\/?p=15632#primaryimage\",\"url\":\"https:\\\/\\\/i0.wp.com\\\/www.gastonballiot.fr\\\/wp-content\\\/uploads\\\/2026\\\/03\\\/Francis-Wurtz.jpg?fit=1200%2C900&ssl=1\",\"contentUrl\":\"https:\\\/\\\/i0.wp.com\\\/www.gastonballiot.fr\\\/wp-content\\\/uploads\\\/2026\\\/03\\\/Francis-Wurtz.jpg?fit=1200%2C900&ssl=1\",\"width\":1200,\"height\":900},{\"@type\":\"BreadcrumbList\",\"@id\":\"https:\\\/\\\/www.gastonballiot.fr\\\/?p=15632#breadcrumb\",\"itemListElement\":[{\"@type\":\"ListItem\",\"position\":1,\"name\":\"Accueil\",\"item\":\"https:\\\/\\\/www.gastonballiot.fr\\\/\"},{\"@type\":\"ListItem\",\"position\":2,\"name\":\"CESSEZ-LE-FEU ! EUROPE, R\u00c9VEILLE-TOI ! par Francis WURTZ , d\u00e9put\u00e9 europ\u00e9en honoraire\"}]},{\"@type\":\"WebSite\",\"@id\":\"https:\\\/\\\/www.gastonballiot.fr\\\/#website\",\"url\":\"https:\\\/\\\/www.gastonballiot.fr\\\/\",\"name\":\"Le blog politique de Gaston\",\"description\":\"L&#039;humain d&#039;abord, pas la finance !\",\"publisher\":{\"@id\":\"https:\\\/\\\/www.gastonballiot.fr\\\/#\\\/schema\\\/person\\\/244a5e02696abd8a65c5b1bebdb948ca\"},\"potentialAction\":[{\"@type\":\"SearchAction\",\"target\":{\"@type\":\"EntryPoint\",\"urlTemplate\":\"https:\\\/\\\/www.gastonballiot.fr\\\/?s={search_term_string}\"},\"query-input\":{\"@type\":\"PropertyValueSpecification\",\"valueRequired\":true,\"valueName\":\"search_term_string\"}}],\"inLanguage\":\"fr-FR\"},{\"@type\":[\"Person\",\"Organization\"],\"@id\":\"https:\\\/\\\/www.gastonballiot.fr\\\/#\\\/schema\\\/person\\\/244a5e02696abd8a65c5b1bebdb948ca\",\"name\":\"gb\",\"image\":{\"@type\":\"ImageObject\",\"inLanguage\":\"fr-FR\",\"@id\":\"https:\\\/\\\/i0.wp.com\\\/www.gastonballiot.fr\\\/wp-content\\\/uploads\\\/2017\\\/04\\\/cropped-Marianne-drapeau-rouge.gif?fit=512%2C512&ssl=1\",\"url\":\"https:\\\/\\\/i0.wp.com\\\/www.gastonballiot.fr\\\/wp-content\\\/uploads\\\/2017\\\/04\\\/cropped-Marianne-drapeau-rouge.gif?fit=512%2C512&ssl=1\",\"contentUrl\":\"https:\\\/\\\/i0.wp.com\\\/www.gastonballiot.fr\\\/wp-content\\\/uploads\\\/2017\\\/04\\\/cropped-Marianne-drapeau-rouge.gif?fit=512%2C512&ssl=1\",\"width\":512,\"height\":512,\"caption\":\"gb\"},\"logo\":{\"@id\":\"https:\\\/\\\/i0.wp.com\\\/www.gastonballiot.fr\\\/wp-content\\\/uploads\\\/2017\\\/04\\\/cropped-Marianne-drapeau-rouge.gif?fit=512%2C512&ssl=1\"},\"description\":\"Gaston Balliot, militant du Front de Gauche en pays bigouden - Pont L'Abb\u00e9 - Loctudy - Guilvinec - Penmarc'h - Ile Tudy - Combrit Ste Marine - Tr\u00e9meoc - Plon\u00e9our, p\u00eache tourisme\",\"sameAs\":[\"https:\\\/\\\/www.facebook.com\\\/gaston.balliot\\\/\"]}]}<\/script>\n<!-- \/ Yoast SEO plugin. -->","yoast_head_json":{"title":"CESSEZ-LE-FEU ! EUROPE, R\u00c9VEILLE-TOI ! par Francis WURTZ , d\u00e9put\u00e9 europ\u00e9en honoraire - Le blog politique de Gaston","robots":{"index":"index","follow":"follow","max-snippet":"max-snippet:-1","max-image-preview":"max-image-preview:large","max-video-preview":"max-video-preview:-1"},"canonical":"https:\/\/www.gastonballiot.fr\/?p=15632","og_locale":"fr_FR","og_type":"article","og_title":"CESSEZ-LE-FEU ! EUROPE, R\u00c9VEILLE-TOI ! par Francis WURTZ , d\u00e9put\u00e9 europ\u00e9en honoraire - Le blog politique de Gaston","og_description":"Comme on pouvait le craindre, l&rsquo;engrenage de la guerre am\u00e9ricano-isra\u00e9lienne contre l\u2019Iran franchit, jour apr\u00e8s jour, de nouvelles \u00ab lignes rouges \u00bb. Le cycle infernal des agressions et des repr\u00e9sailles, de l&rsquo;humiliation et de la vengeance, est engag\u00e9. L\u2019embrasement r\u00e9gional tant redout\u00e9 est d\u00e9sormais une r\u00e9alit\u00e9. Le risque est \u00e0 pr\u00e9sent celui de l\u2019enlisement, avec la trag\u00e9die qui s\u2019 en suivrait immanquablement pour les populations. Comme hier en Irak, en Lybie ou en Afghanistan, cette guerre n\u2019apportera pas la d\u00e9mocratie mais ... Lire la suite...","og_url":"https:\/\/www.gastonballiot.fr\/?p=15632","og_site_name":"Le blog politique de Gaston","article_publisher":"https:\/\/www.facebook.com\/gaston.balliot\/","article_author":"https:\/\/www.facebook.com\/gaston.balliot\/","article_published_time":"2026-03-13T12:38:30+00:00","article_modified_time":"2026-03-15T13:37:07+00:00","og_image":[{"url":"https:\/\/www.gastonballiot.fr\/wp-content\/uploads\/2026\/03\/Francis-Wurtz-300x225.jpg","type":"","width":"","height":""}],"author":"gb","twitter_card":"summary_large_image","twitter_misc":{"\u00c9crit par":"gb","Dur\u00e9e de lecture estim\u00e9e":"4 minutes"},"schema":{"@context":"https:\/\/schema.org","@graph":[{"@type":"Article","@id":"https:\/\/www.gastonballiot.fr\/?p=15632#article","isPartOf":{"@id":"https:\/\/www.gastonballiot.fr\/?p=15632"},"author":{"name":"gb","@id":"https:\/\/www.gastonballiot.fr\/#\/schema\/person\/244a5e02696abd8a65c5b1bebdb948ca"},"headline":"CESSEZ-LE-FEU ! EUROPE, R\u00c9VEILLE-TOI ! par Francis WURTZ , d\u00e9put\u00e9 europ\u00e9en honoraire","datePublished":"2026-03-13T12:38:30+00:00","dateModified":"2026-03-15T13:37:07+00:00","mainEntityOfPage":{"@id":"https:\/\/www.gastonballiot.fr\/?p=15632"},"wordCount":756,"publisher":{"@id":"https:\/\/www.gastonballiot.fr\/#\/schema\/person\/244a5e02696abd8a65c5b1bebdb948ca"},"image":{"@id":"https:\/\/www.gastonballiot.fr\/?p=15632#primaryimage"},"thumbnailUrl":"https:\/\/www.gastonballiot.fr\/wp-content\/uploads\/2026\/03\/Francis-Wurtz-300x225.jpg","keywords":["Europe","Isra\u00ebl","USA","Wurtz"],"articleSection":["Paix-D\u00e9sarmement"],"inLanguage":"fr-FR"},{"@type":"WebPage","@id":"https:\/\/www.gastonballiot.fr\/?p=15632","url":"https:\/\/www.gastonballiot.fr\/?p=15632","name":"CESSEZ-LE-FEU ! EUROPE, R\u00c9VEILLE-TOI ! par Francis WURTZ , d\u00e9put\u00e9 europ\u00e9en honoraire - Le blog politique de Gaston","isPartOf":{"@id":"https:\/\/www.gastonballiot.fr\/#website"},"primaryImageOfPage":{"@id":"https:\/\/www.gastonballiot.fr\/?p=15632#primaryimage"},"image":{"@id":"https:\/\/www.gastonballiot.fr\/?p=15632#primaryimage"},"thumbnailUrl":"https:\/\/www.gastonballiot.fr\/wp-content\/uploads\/2026\/03\/Francis-Wurtz-300x225.jpg","datePublished":"2026-03-13T12:38:30+00:00","dateModified":"2026-03-15T13:37:07+00:00","breadcrumb":{"@id":"https:\/\/www.gastonballiot.fr\/?p=15632#breadcrumb"},"inLanguage":"fr-FR","potentialAction":[{"@type":"ReadAction","target":["https:\/\/www.gastonballiot.fr\/?p=15632"]}]},{"@type":"ImageObject","inLanguage":"fr-FR","@id":"https:\/\/www.gastonballiot.fr\/?p=15632#primaryimage","url":"https:\/\/i0.wp.com\/www.gastonballiot.fr\/wp-content\/uploads\/2026\/03\/Francis-Wurtz.jpg?fit=1200%2C900&ssl=1","contentUrl":"https:\/\/i0.wp.com\/www.gastonballiot.fr\/wp-content\/uploads\/2026\/03\/Francis-Wurtz.jpg?fit=1200%2C900&ssl=1","width":1200,"height":900},{"@type":"BreadcrumbList","@id":"https:\/\/www.gastonballiot.fr\/?p=15632#breadcrumb","itemListElement":[{"@type":"ListItem","position":1,"name":"Accueil","item":"https:\/\/www.gastonballiot.fr\/"},{"@type":"ListItem","position":2,"name":"CESSEZ-LE-FEU ! EUROPE, R\u00c9VEILLE-TOI ! par Francis WURTZ , d\u00e9put\u00e9 europ\u00e9en honoraire"}]},{"@type":"WebSite","@id":"https:\/\/www.gastonballiot.fr\/#website","url":"https:\/\/www.gastonballiot.fr\/","name":"Le blog politique de Gaston","description":"L&#039;humain d&#039;abord, pas la finance !","publisher":{"@id":"https:\/\/www.gastonballiot.fr\/#\/schema\/person\/244a5e02696abd8a65c5b1bebdb948ca"},"potentialAction":[{"@type":"SearchAction","target":{"@type":"EntryPoint","urlTemplate":"https:\/\/www.gastonballiot.fr\/?s={search_term_string}"},"query-input":{"@type":"PropertyValueSpecification","valueRequired":true,"valueName":"search_term_string"}}],"inLanguage":"fr-FR"},{"@type":["Person","Organization"],"@id":"https:\/\/www.gastonballiot.fr\/#\/schema\/person\/244a5e02696abd8a65c5b1bebdb948ca","name":"gb","image":{"@type":"ImageObject","inLanguage":"fr-FR","@id":"https:\/\/i0.wp.com\/www.gastonballiot.fr\/wp-content\/uploads\/2017\/04\/cropped-Marianne-drapeau-rouge.gif?fit=512%2C512&ssl=1","url":"https:\/\/i0.wp.com\/www.gastonballiot.fr\/wp-content\/uploads\/2017\/04\/cropped-Marianne-drapeau-rouge.gif?fit=512%2C512&ssl=1","contentUrl":"https:\/\/i0.wp.com\/www.gastonballiot.fr\/wp-content\/uploads\/2017\/04\/cropped-Marianne-drapeau-rouge.gif?fit=512%2C512&ssl=1","width":512,"height":512,"caption":"gb"},"logo":{"@id":"https:\/\/i0.wp.com\/www.gastonballiot.fr\/wp-content\/uploads\/2017\/04\/cropped-Marianne-drapeau-rouge.gif?fit=512%2C512&ssl=1"},"description":"Gaston Balliot, militant du Front de Gauche en pays bigouden - Pont L'Abb\u00e9 - Loctudy - Guilvinec - Penmarc'h - Ile Tudy - Combrit Ste Marine - Tr\u00e9meoc - Plon\u00e9our, p\u00eache tourisme","sameAs":["https:\/\/www.facebook.com\/gaston.balliot\/"]}]}},"jetpack_featured_media_url":"","jetpack_shortlink":"https:\/\/wp.me\/p5UTaD-448","jetpack-related-posts":[],"jetpack_likes_enabled":true,"jetpack_sharing_enabled":true,"_links":{"self":[{"href":"https:\/\/www.gastonballiot.fr\/index.php?rest_route=\/wp\/v2\/posts\/15632","targetHints":{"allow":["GET"]}}],"collection":[{"href":"https:\/\/www.gastonballiot.fr\/index.php?rest_route=\/wp\/v2\/posts"}],"about":[{"href":"https:\/\/www.gastonballiot.fr\/index.php?rest_route=\/wp\/v2\/types\/post"}],"author":[{"embeddable":true,"href":"https:\/\/www.gastonballiot.fr\/index.php?rest_route=\/wp\/v2\/users\/1"}],"replies":[{"embeddable":true,"href":"https:\/\/www.gastonballiot.fr\/index.php?rest_route=%2Fwp%2Fv2%2Fcomments&post=15632"}],"version-history":[{"count":12,"href":"https:\/\/www.gastonballiot.fr\/index.php?rest_route=\/wp\/v2\/posts\/15632\/revisions"}],"predecessor-version":[{"id":15645,"href":"https:\/\/www.gastonballiot.fr\/index.php?rest_route=\/wp\/v2\/posts\/15632\/revisions\/15645"}],"wp:attachment":[{"href":"https:\/\/www.gastonballiot.fr\/index.php?rest_route=%2Fwp%2Fv2%2Fmedia&parent=15632"}],"wp:term":[{"taxonomy":"category","embeddable":true,"href":"https:\/\/www.gastonballiot.fr\/index.php?rest_route=%2Fwp%2Fv2%2Fcategories&post=15632"},{"taxonomy":"post_tag","embeddable":true,"href":"https:\/\/www.gastonballiot.fr\/index.php?rest_route=%2Fwp%2Fv2%2Ftags&post=15632"}],"curies":[{"name":"wp","href":"https:\/\/api.w.org\/{rel}","templated":true}]}}