{"id":2190,"date":"2016-05-03T12:19:15","date_gmt":"2016-05-03T10:19:15","guid":{"rendered":"http:\/\/www.gastonballiot.fr\/?p=2190"},"modified":"2018-07-08T21:37:57","modified_gmt":"2018-07-08T19:37:57","slug":"alerte-nous-ne-sommes-plus-en-democratie","status":"publish","type":"post","link":"https:\/\/www.gastonballiot.fr\/?p=2190","title":{"rendered":"Alerte ! Nous ne sommes plus en d\u00e9mocratie."},"content":{"rendered":"<p><strong>En France<\/strong><\/p>\n<p>Le MEDEF et ses valets Hollande, Valls, Macron, El Khomri, veulent imposer une casse du code du travail rejet\u00e9e massivement par les syndicats majoritaires, l&rsquo;opinion publique, les centaines de milliers \u00a0de manifestants, et m\u00eame la majorit\u00e9 des d\u00e9put\u00e9s.<\/p>\n<p>Un pr\u00e9sident peut, pendant cinq ans, faire le contraire de ce pour quoi il a \u00e9t\u00e9 \u00e9lu sans m\u00eame tenir compte de l&rsquo;avis des \u00e9lus et des citoyens.<a href=\"https:\/\/i0.wp.com\/www.gastonballiot.fr\/wp-content\/uploads\/2016\/05\/49.3.jpg\"><img data-recalc-dims=\"1\" loading=\"lazy\" decoding=\"async\" data-attachment-id=\"2191\" data-permalink=\"https:\/\/www.gastonballiot.fr\/?attachment_id=2191#main\" data-orig-file=\"https:\/\/i0.wp.com\/www.gastonballiot.fr\/wp-content\/uploads\/2016\/05\/49.3.jpg?fit=252%2C200&amp;ssl=1\" data-orig-size=\"252,200\" data-comments-opened=\"1\" data-image-meta=\"{&quot;aperture&quot;:&quot;0&quot;,&quot;credit&quot;:&quot;&quot;,&quot;camera&quot;:&quot;&quot;,&quot;caption&quot;:&quot;&quot;,&quot;created_timestamp&quot;:&quot;0&quot;,&quot;copyright&quot;:&quot;&quot;,&quot;focal_length&quot;:&quot;0&quot;,&quot;iso&quot;:&quot;0&quot;,&quot;shutter_speed&quot;:&quot;0&quot;,&quot;title&quot;:&quot;&quot;,&quot;orientation&quot;:&quot;0&quot;}\" data-image-title=\"49.3\" data-image-description=\"\" data-image-caption=\"\" data-medium-file=\"https:\/\/i0.wp.com\/www.gastonballiot.fr\/wp-content\/uploads\/2016\/05\/49.3.jpg?fit=252%2C200&amp;ssl=1\" data-large-file=\"https:\/\/i0.wp.com\/www.gastonballiot.fr\/wp-content\/uploads\/2016\/05\/49.3.jpg?fit=252%2C200&amp;ssl=1\" class=\"aligncenter size-full wp-image-2191\" src=\"https:\/\/i0.wp.com\/www.gastonballiot.fr\/wp-content\/uploads\/2016\/05\/49.3.jpg?resize=252%2C200\" alt=\"49.3\" width=\"252\" height=\"200\" \/><\/a><\/p>\n<p style=\"text-align: center;\"><strong>Il est grand temps de changer la constitution d\u00e9pass\u00e9e et dangereuse de cette V<sup>e<\/sup> R\u00e9publique !<\/strong><\/p>\n<p><strong>En Europe<\/strong><\/p>\n<p>Dans l&rsquo;obscurit\u00e9 la plus totale les n\u00e9gociations pour un dangereux GMT (Grand March\u00e9 Transatlantique) sont cach\u00e9es, et la Commission europ\u00e9enne, non \u00e9lue, et au service des lobbies, cherche \u00e0 obtenir une ratification sans consultation.<br \/>\nCe qu&rsquo;ils veulent nous imposer, en plus, donnerait un pouvoir extraordinaire aux multinationales qui seraient plac\u00e9es au dessus des Etats et pourraient imposer leurs d\u00e9sirs mercantils \u00e0 ceux-ci par interm\u00e9diaire de \u00ab\u00a0tribunaux d\u2019arbitrages\u00a0\u00bb sans aucune l\u00e9gitimit\u00e9.<a href=\"https:\/\/i0.wp.com\/www.gastonballiot.fr\/wp-content\/uploads\/2016\/05\/stop-tafta-europe-oui-non.jpg\"><img data-recalc-dims=\"1\" loading=\"lazy\" decoding=\"async\" data-attachment-id=\"2192\" data-permalink=\"https:\/\/www.gastonballiot.fr\/?attachment_id=2192#main\" data-orig-file=\"https:\/\/i0.wp.com\/www.gastonballiot.fr\/wp-content\/uploads\/2016\/05\/stop-tafta-europe-oui-non.jpg?fit=555%2C342&amp;ssl=1\" data-orig-size=\"555,342\" data-comments-opened=\"1\" data-image-meta=\"{&quot;aperture&quot;:&quot;0&quot;,&quot;credit&quot;:&quot;&quot;,&quot;camera&quot;:&quot;&quot;,&quot;caption&quot;:&quot;&quot;,&quot;created_timestamp&quot;:&quot;0&quot;,&quot;copyright&quot;:&quot;&quot;,&quot;focal_length&quot;:&quot;0&quot;,&quot;iso&quot;:&quot;0&quot;,&quot;shutter_speed&quot;:&quot;0&quot;,&quot;title&quot;:&quot;&quot;,&quot;orientation&quot;:&quot;0&quot;}\" data-image-title=\"stop-tafta-europe-oui-non\" data-image-description=\"\" data-image-caption=\"\" data-medium-file=\"https:\/\/i0.wp.com\/www.gastonballiot.fr\/wp-content\/uploads\/2016\/05\/stop-tafta-europe-oui-non.jpg?fit=300%2C185&amp;ssl=1\" data-large-file=\"https:\/\/i0.wp.com\/www.gastonballiot.fr\/wp-content\/uploads\/2016\/05\/stop-tafta-europe-oui-non.jpg?fit=555%2C342&amp;ssl=1\" class=\"aligncenter wp-image-2192\" src=\"https:\/\/i0.wp.com\/www.gastonballiot.fr\/wp-content\/uploads\/2016\/05\/stop-tafta-europe-oui-non.jpg?resize=427%2C263\" alt=\"stop-tafta-europe-oui-non\" width=\"427\" height=\"263\" srcset=\"https:\/\/i0.wp.com\/www.gastonballiot.fr\/wp-content\/uploads\/2016\/05\/stop-tafta-europe-oui-non.jpg?w=555&amp;ssl=1 555w, https:\/\/i0.wp.com\/www.gastonballiot.fr\/wp-content\/uploads\/2016\/05\/stop-tafta-europe-oui-non.jpg?resize=300%2C185&amp;ssl=1 300w\" sizes=\"auto, (max-width: 427px) 100vw, 427px\" \/><\/a><\/p>\n<p style=\"text-align: center;\"><strong>Il est grand temps de changer radicalement les trait\u00e9s europ\u00e9ens, non d\u00e9mocratiques, et qui nous ont \u00e9t\u00e9 impos\u00e9s.\u00a0<\/strong><\/p>\n<p style=\"text-align: left;\"><strong>Quant aux\u00a0<\/strong><b>m\u00e9dias<\/b><\/p>\n<p style=\"text-align: left;\">Pratiquement tous aux mains des milliardaires ou des trusts. Inutile de parler l\u00e0 de d\u00e9mocratie&#8230;. C&rsquo;est une caricature.<br \/>\nAu classement mondial de la libert\u00e9 de la presse la France r\u00e9trograde \u00e0 la 45e place.<a href=\"https:\/\/i0.wp.com\/www.gastonballiot.fr\/wp-content\/uploads\/2016\/05\/Medias_concentration.png\"><img data-recalc-dims=\"1\" loading=\"lazy\" decoding=\"async\" data-attachment-id=\"2196\" data-permalink=\"https:\/\/www.gastonballiot.fr\/?attachment_id=2196#main\" data-orig-file=\"https:\/\/i0.wp.com\/www.gastonballiot.fr\/wp-content\/uploads\/2016\/05\/Medias_concentration.png?fit=635%2C357&amp;ssl=1\" data-orig-size=\"635,357\" data-comments-opened=\"1\" data-image-meta=\"{&quot;aperture&quot;:&quot;0&quot;,&quot;credit&quot;:&quot;&quot;,&quot;camera&quot;:&quot;&quot;,&quot;caption&quot;:&quot;&quot;,&quot;created_timestamp&quot;:&quot;0&quot;,&quot;copyright&quot;:&quot;&quot;,&quot;focal_length&quot;:&quot;0&quot;,&quot;iso&quot;:&quot;0&quot;,&quot;shutter_speed&quot;:&quot;0&quot;,&quot;title&quot;:&quot;&quot;,&quot;orientation&quot;:&quot;0&quot;}\" data-image-title=\"Medias_concentration\" data-image-description=\"\" data-image-caption=\"\" data-medium-file=\"https:\/\/i0.wp.com\/www.gastonballiot.fr\/wp-content\/uploads\/2016\/05\/Medias_concentration.png?fit=300%2C169&amp;ssl=1\" data-large-file=\"https:\/\/i0.wp.com\/www.gastonballiot.fr\/wp-content\/uploads\/2016\/05\/Medias_concentration.png?fit=635%2C357&amp;ssl=1\" class=\"aligncenter  wp-image-2196\" src=\"https:\/\/i0.wp.com\/www.gastonballiot.fr\/wp-content\/uploads\/2016\/05\/Medias_concentration.png?resize=487%2C274\" alt=\"Medias_concentration\" width=\"487\" height=\"274\" srcset=\"https:\/\/i0.wp.com\/www.gastonballiot.fr\/wp-content\/uploads\/2016\/05\/Medias_concentration.png?w=635&amp;ssl=1 635w, https:\/\/i0.wp.com\/www.gastonballiot.fr\/wp-content\/uploads\/2016\/05\/Medias_concentration.png?resize=300%2C169&amp;ssl=1 300w\" sizes=\"auto, (max-width: 487px) 100vw, 487px\" \/><\/a><\/p>\n<p style=\"text-align: left;\">Il nous reste quelques m\u00e9dias libres, favorisons les : L&rsquo;Humanit\u00e9, Mediapart, Politis&#8230;.<\/p>\n","protected":false},"excerpt":{"rendered":"<p>En France Le MEDEF et ses valets Hollande, Valls, Macron, El Khomri, veulent imposer une casse du code du travail rejet\u00e9e massivement par les syndicats majoritaires, l&rsquo;opinion publique, les centaines de milliers \u00a0de manifestants, et m\u00eame la majorit\u00e9 des d\u00e9put\u00e9s. Un pr\u00e9sident peut, pendant cinq ans, faire le contraire de ce pour quoi il a \u00e9t\u00e9 \u00e9lu sans m\u00eame tenir compte de l&rsquo;avis des \u00e9lus et des citoyens. Il est grand temps de changer la constitution d\u00e9pass\u00e9e et dangereuse de cette &#8230; <a title=\"Alerte ! Nous ne sommes plus en d\u00e9mocratie.\" class=\"read-more\" href=\"https:\/\/www.gastonballiot.fr\/?p=2190\" aria-label=\"Plus sur Alerte ! Nous ne sommes plus en d\u00e9mocratie.\">Lire la suite&#8230;<\/a><\/p>\n","protected":false},"author":1,"featured_media":0,"comment_status":"open","ping_status":"open","sticky":false,"template":"","format":"standard","meta":{"ngg_post_thumbnail":0,"jetpack_post_was_ever_published":false,"_jetpack_newsletter_access":"","_jetpack_dont_email_post_to_subs":false,"_jetpack_newsletter_tier_id":0,"_jetpack_memberships_contains_paywalled_content":false,"_jetpack_memberships_contains_paid_content":false,"footnotes":"","jetpack_publicize_message":"","jetpack_publicize_feature_enabled":true,"jetpack_social_post_already_shared":false,"jetpack_social_options":{"image_generator_settings":{"template":"highway","enabled":false},"version":2}},"categories":[2,5,8],"tags":[48,58],"class_list":["post-2190","post","type-post","status-publish","format-standard","hentry","category-a-la-une","category-democratie","category-europe","tag-democratie","tag-europe","infinite-scroll-item","masonry-post","generate-columns","tablet-grid-50","mobile-grid-100","grid-parent","grid-33"],"jetpack_publicize_connections":[],"yoast_head":"<!-- This site is optimized with the Yoast SEO plugin v27.5 - https:\/\/yoast.com\/product\/yoast-seo-wordpress\/ -->\n<title>Alerte ! Nous ne sommes plus en d\u00e9mocratie. - Le blog politique de Gaston<\/title>\n<meta name=\"robots\" content=\"index, follow, max-snippet:-1, max-image-preview:large, max-video-preview:-1\" \/>\n<link rel=\"canonical\" href=\"https:\/\/www.gastonballiot.fr\/?p=2190\" \/>\n<meta property=\"og:locale\" content=\"fr_FR\" \/>\n<meta property=\"og:type\" content=\"article\" \/>\n<meta property=\"og:title\" content=\"Alerte ! Nous ne sommes plus en d\u00e9mocratie. - Le blog politique de Gaston\" \/>\n<meta property=\"og:description\" content=\"En France Le MEDEF et ses valets Hollande, Valls, Macron, El Khomri, veulent imposer une casse du code du travail rejet\u00e9e massivement par les syndicats majoritaires, l&rsquo;opinion publique, les centaines de milliers \u00a0de manifestants, et m\u00eame la majorit\u00e9 des d\u00e9put\u00e9s. Un pr\u00e9sident peut, pendant cinq ans, faire le contraire de ce pour quoi il a \u00e9t\u00e9 \u00e9lu sans m\u00eame tenir compte de l&rsquo;avis des \u00e9lus et des citoyens. Il est grand temps de changer la constitution d\u00e9pass\u00e9e et dangereuse de cette ... Lire la suite...\" \/>\n<meta property=\"og:url\" content=\"https:\/\/www.gastonballiot.fr\/?p=2190\" \/>\n<meta property=\"og:site_name\" content=\"Le blog politique de Gaston\" \/>\n<meta property=\"article:publisher\" content=\"https:\/\/www.facebook.com\/gaston.balliot\/\" \/>\n<meta property=\"article:author\" content=\"https:\/\/www.facebook.com\/gaston.balliot\/\" \/>\n<meta property=\"article:published_time\" content=\"2016-05-03T10:19:15+00:00\" \/>\n<meta property=\"article:modified_time\" content=\"2018-07-08T19:37:57+00:00\" \/>\n<meta property=\"og:image\" content=\"http:\/\/www.gastonballiot.fr\/wp-content\/uploads\/2016\/05\/49.3.jpg\" \/>\n<meta name=\"author\" content=\"gb\" \/>\n<meta name=\"twitter:card\" content=\"summary_large_image\" \/>\n<meta name=\"twitter:label1\" content=\"\u00c9crit par\" \/>\n\t<meta name=\"twitter:data1\" content=\"gb\" \/>\n\t<meta name=\"twitter:label2\" content=\"Dur\u00e9e de lecture estim\u00e9e\" \/>\n\t<meta name=\"twitter:data2\" content=\"1 minute\" \/>\n<script type=\"application\/ld+json\" class=\"yoast-schema-graph\">{\"@context\":\"https:\\\/\\\/schema.org\",\"@graph\":[{\"@type\":\"Article\",\"@id\":\"https:\\\/\\\/www.gastonballiot.fr\\\/?p=2190#article\",\"isPartOf\":{\"@id\":\"https:\\\/\\\/www.gastonballiot.fr\\\/?p=2190\"},\"author\":{\"name\":\"gb\",\"@id\":\"https:\\\/\\\/www.gastonballiot.fr\\\/#\\\/schema\\\/person\\\/244a5e02696abd8a65c5b1bebdb948ca\"},\"headline\":\"Alerte ! Nous ne sommes plus en d\u00e9mocratie.\",\"datePublished\":\"2016-05-03T10:19:15+00:00\",\"dateModified\":\"2018-07-08T19:37:57+00:00\",\"mainEntityOfPage\":{\"@id\":\"https:\\\/\\\/www.gastonballiot.fr\\\/?p=2190\"},\"wordCount\":257,\"commentCount\":0,\"publisher\":{\"@id\":\"https:\\\/\\\/www.gastonballiot.fr\\\/#\\\/schema\\\/person\\\/244a5e02696abd8a65c5b1bebdb948ca\"},\"image\":{\"@id\":\"https:\\\/\\\/www.gastonballiot.fr\\\/?p=2190#primaryimage\"},\"thumbnailUrl\":\"http:\\\/\\\/www.gastonballiot.fr\\\/wp-content\\\/uploads\\\/2016\\\/05\\\/49.3.jpg\",\"keywords\":[\"D\u00e9mocratie\",\"Europe\"],\"articleSection\":[\"A la une\",\"D\u00e9mocratie\",\"Europe\"],\"inLanguage\":\"fr-FR\",\"potentialAction\":[{\"@type\":\"CommentAction\",\"name\":\"Comment\",\"target\":[\"https:\\\/\\\/www.gastonballiot.fr\\\/?p=2190#respond\"]}]},{\"@type\":\"WebPage\",\"@id\":\"https:\\\/\\\/www.gastonballiot.fr\\\/?p=2190\",\"url\":\"https:\\\/\\\/www.gastonballiot.fr\\\/?p=2190\",\"name\":\"Alerte ! Nous ne sommes plus en d\u00e9mocratie. - Le blog politique de Gaston\",\"isPartOf\":{\"@id\":\"https:\\\/\\\/www.gastonballiot.fr\\\/#website\"},\"primaryImageOfPage\":{\"@id\":\"https:\\\/\\\/www.gastonballiot.fr\\\/?p=2190#primaryimage\"},\"image\":{\"@id\":\"https:\\\/\\\/www.gastonballiot.fr\\\/?p=2190#primaryimage\"},\"thumbnailUrl\":\"http:\\\/\\\/www.gastonballiot.fr\\\/wp-content\\\/uploads\\\/2016\\\/05\\\/49.3.jpg\",\"datePublished\":\"2016-05-03T10:19:15+00:00\",\"dateModified\":\"2018-07-08T19:37:57+00:00\",\"breadcrumb\":{\"@id\":\"https:\\\/\\\/www.gastonballiot.fr\\\/?p=2190#breadcrumb\"},\"inLanguage\":\"fr-FR\",\"potentialAction\":[{\"@type\":\"ReadAction\",\"target\":[\"https:\\\/\\\/www.gastonballiot.fr\\\/?p=2190\"]}]},{\"@type\":\"ImageObject\",\"inLanguage\":\"fr-FR\",\"@id\":\"https:\\\/\\\/www.gastonballiot.fr\\\/?p=2190#primaryimage\",\"url\":\"http:\\\/\\\/www.gastonballiot.fr\\\/wp-content\\\/uploads\\\/2016\\\/05\\\/49.3.jpg\",\"contentUrl\":\"http:\\\/\\\/www.gastonballiot.fr\\\/wp-content\\\/uploads\\\/2016\\\/05\\\/49.3.jpg\"},{\"@type\":\"BreadcrumbList\",\"@id\":\"https:\\\/\\\/www.gastonballiot.fr\\\/?p=2190#breadcrumb\",\"itemListElement\":[{\"@type\":\"ListItem\",\"position\":1,\"name\":\"Accueil\",\"item\":\"https:\\\/\\\/www.gastonballiot.fr\\\/\"},{\"@type\":\"ListItem\",\"position\":2,\"name\":\"Alerte ! Nous ne sommes plus en d\u00e9mocratie.\"}]},{\"@type\":\"WebSite\",\"@id\":\"https:\\\/\\\/www.gastonballiot.fr\\\/#website\",\"url\":\"https:\\\/\\\/www.gastonballiot.fr\\\/\",\"name\":\"Le blog politique de Gaston\",\"description\":\"L&#039;humain d&#039;abord, pas la finance !\",\"publisher\":{\"@id\":\"https:\\\/\\\/www.gastonballiot.fr\\\/#\\\/schema\\\/person\\\/244a5e02696abd8a65c5b1bebdb948ca\"},\"potentialAction\":[{\"@type\":\"SearchAction\",\"target\":{\"@type\":\"EntryPoint\",\"urlTemplate\":\"https:\\\/\\\/www.gastonballiot.fr\\\/?s={search_term_string}\"},\"query-input\":{\"@type\":\"PropertyValueSpecification\",\"valueRequired\":true,\"valueName\":\"search_term_string\"}}],\"inLanguage\":\"fr-FR\"},{\"@type\":[\"Person\",\"Organization\"],\"@id\":\"https:\\\/\\\/www.gastonballiot.fr\\\/#\\\/schema\\\/person\\\/244a5e02696abd8a65c5b1bebdb948ca\",\"name\":\"gb\",\"image\":{\"@type\":\"ImageObject\",\"inLanguage\":\"fr-FR\",\"@id\":\"https:\\\/\\\/i0.wp.com\\\/www.gastonballiot.fr\\\/wp-content\\\/uploads\\\/2017\\\/04\\\/cropped-Marianne-drapeau-rouge.gif?fit=512%2C512&ssl=1\",\"url\":\"https:\\\/\\\/i0.wp.com\\\/www.gastonballiot.fr\\\/wp-content\\\/uploads\\\/2017\\\/04\\\/cropped-Marianne-drapeau-rouge.gif?fit=512%2C512&ssl=1\",\"contentUrl\":\"https:\\\/\\\/i0.wp.com\\\/www.gastonballiot.fr\\\/wp-content\\\/uploads\\\/2017\\\/04\\\/cropped-Marianne-drapeau-rouge.gif?fit=512%2C512&ssl=1\",\"width\":512,\"height\":512,\"caption\":\"gb\"},\"logo\":{\"@id\":\"https:\\\/\\\/i0.wp.com\\\/www.gastonballiot.fr\\\/wp-content\\\/uploads\\\/2017\\\/04\\\/cropped-Marianne-drapeau-rouge.gif?fit=512%2C512&ssl=1\"},\"description\":\"Gaston Balliot, militant du Front de Gauche en pays bigouden - Pont L'Abb\u00e9 - Loctudy - Guilvinec - Penmarc'h - Ile Tudy - Combrit Ste Marine - Tr\u00e9meoc - Plon\u00e9our, p\u00eache tourisme\",\"sameAs\":[\"https:\\\/\\\/www.facebook.com\\\/gaston.balliot\\\/\"]}]}<\/script>\n<!-- \/ Yoast SEO plugin. -->","yoast_head_json":{"title":"Alerte ! Nous ne sommes plus en d\u00e9mocratie. - Le blog politique de Gaston","robots":{"index":"index","follow":"follow","max-snippet":"max-snippet:-1","max-image-preview":"max-image-preview:large","max-video-preview":"max-video-preview:-1"},"canonical":"https:\/\/www.gastonballiot.fr\/?p=2190","og_locale":"fr_FR","og_type":"article","og_title":"Alerte ! Nous ne sommes plus en d\u00e9mocratie. - Le blog politique de Gaston","og_description":"En France Le MEDEF et ses valets Hollande, Valls, Macron, El Khomri, veulent imposer une casse du code du travail rejet\u00e9e massivement par les syndicats majoritaires, l&rsquo;opinion publique, les centaines de milliers \u00a0de manifestants, et m\u00eame la majorit\u00e9 des d\u00e9put\u00e9s. Un pr\u00e9sident peut, pendant cinq ans, faire le contraire de ce pour quoi il a \u00e9t\u00e9 \u00e9lu sans m\u00eame tenir compte de l&rsquo;avis des \u00e9lus et des citoyens. Il est grand temps de changer la constitution d\u00e9pass\u00e9e et dangereuse de cette ... Lire la suite...","og_url":"https:\/\/www.gastonballiot.fr\/?p=2190","og_site_name":"Le blog politique de Gaston","article_publisher":"https:\/\/www.facebook.com\/gaston.balliot\/","article_author":"https:\/\/www.facebook.com\/gaston.balliot\/","article_published_time":"2016-05-03T10:19:15+00:00","article_modified_time":"2018-07-08T19:37:57+00:00","og_image":[{"url":"http:\/\/www.gastonballiot.fr\/wp-content\/uploads\/2016\/05\/49.3.jpg","type":"","width":"","height":""}],"author":"gb","twitter_card":"summary_large_image","twitter_misc":{"\u00c9crit par":"gb","Dur\u00e9e de lecture estim\u00e9e":"1 minute"},"schema":{"@context":"https:\/\/schema.org","@graph":[{"@type":"Article","@id":"https:\/\/www.gastonballiot.fr\/?p=2190#article","isPartOf":{"@id":"https:\/\/www.gastonballiot.fr\/?p=2190"},"author":{"name":"gb","@id":"https:\/\/www.gastonballiot.fr\/#\/schema\/person\/244a5e02696abd8a65c5b1bebdb948ca"},"headline":"Alerte ! Nous ne sommes plus en d\u00e9mocratie.","datePublished":"2016-05-03T10:19:15+00:00","dateModified":"2018-07-08T19:37:57+00:00","mainEntityOfPage":{"@id":"https:\/\/www.gastonballiot.fr\/?p=2190"},"wordCount":257,"commentCount":0,"publisher":{"@id":"https:\/\/www.gastonballiot.fr\/#\/schema\/person\/244a5e02696abd8a65c5b1bebdb948ca"},"image":{"@id":"https:\/\/www.gastonballiot.fr\/?p=2190#primaryimage"},"thumbnailUrl":"http:\/\/www.gastonballiot.fr\/wp-content\/uploads\/2016\/05\/49.3.jpg","keywords":["D\u00e9mocratie","Europe"],"articleSection":["A la une","D\u00e9mocratie","Europe"],"inLanguage":"fr-FR","potentialAction":[{"@type":"CommentAction","name":"Comment","target":["https:\/\/www.gastonballiot.fr\/?p=2190#respond"]}]},{"@type":"WebPage","@id":"https:\/\/www.gastonballiot.fr\/?p=2190","url":"https:\/\/www.gastonballiot.fr\/?p=2190","name":"Alerte ! Nous ne sommes plus en d\u00e9mocratie. - Le blog politique de Gaston","isPartOf":{"@id":"https:\/\/www.gastonballiot.fr\/#website"},"primaryImageOfPage":{"@id":"https:\/\/www.gastonballiot.fr\/?p=2190#primaryimage"},"image":{"@id":"https:\/\/www.gastonballiot.fr\/?p=2190#primaryimage"},"thumbnailUrl":"http:\/\/www.gastonballiot.fr\/wp-content\/uploads\/2016\/05\/49.3.jpg","datePublished":"2016-05-03T10:19:15+00:00","dateModified":"2018-07-08T19:37:57+00:00","breadcrumb":{"@id":"https:\/\/www.gastonballiot.fr\/?p=2190#breadcrumb"},"inLanguage":"fr-FR","potentialAction":[{"@type":"ReadAction","target":["https:\/\/www.gastonballiot.fr\/?p=2190"]}]},{"@type":"ImageObject","inLanguage":"fr-FR","@id":"https:\/\/www.gastonballiot.fr\/?p=2190#primaryimage","url":"http:\/\/www.gastonballiot.fr\/wp-content\/uploads\/2016\/05\/49.3.jpg","contentUrl":"http:\/\/www.gastonballiot.fr\/wp-content\/uploads\/2016\/05\/49.3.jpg"},{"@type":"BreadcrumbList","@id":"https:\/\/www.gastonballiot.fr\/?p=2190#breadcrumb","itemListElement":[{"@type":"ListItem","position":1,"name":"Accueil","item":"https:\/\/www.gastonballiot.fr\/"},{"@type":"ListItem","position":2,"name":"Alerte ! Nous ne sommes plus en d\u00e9mocratie."}]},{"@type":"WebSite","@id":"https:\/\/www.gastonballiot.fr\/#website","url":"https:\/\/www.gastonballiot.fr\/","name":"Le blog politique de Gaston","description":"L&#039;humain d&#039;abord, pas la finance !","publisher":{"@id":"https:\/\/www.gastonballiot.fr\/#\/schema\/person\/244a5e02696abd8a65c5b1bebdb948ca"},"potentialAction":[{"@type":"SearchAction","target":{"@type":"EntryPoint","urlTemplate":"https:\/\/www.gastonballiot.fr\/?s={search_term_string}"},"query-input":{"@type":"PropertyValueSpecification","valueRequired":true,"valueName":"search_term_string"}}],"inLanguage":"fr-FR"},{"@type":["Person","Organization"],"@id":"https:\/\/www.gastonballiot.fr\/#\/schema\/person\/244a5e02696abd8a65c5b1bebdb948ca","name":"gb","image":{"@type":"ImageObject","inLanguage":"fr-FR","@id":"https:\/\/i0.wp.com\/www.gastonballiot.fr\/wp-content\/uploads\/2017\/04\/cropped-Marianne-drapeau-rouge.gif?fit=512%2C512&ssl=1","url":"https:\/\/i0.wp.com\/www.gastonballiot.fr\/wp-content\/uploads\/2017\/04\/cropped-Marianne-drapeau-rouge.gif?fit=512%2C512&ssl=1","contentUrl":"https:\/\/i0.wp.com\/www.gastonballiot.fr\/wp-content\/uploads\/2017\/04\/cropped-Marianne-drapeau-rouge.gif?fit=512%2C512&ssl=1","width":512,"height":512,"caption":"gb"},"logo":{"@id":"https:\/\/i0.wp.com\/www.gastonballiot.fr\/wp-content\/uploads\/2017\/04\/cropped-Marianne-drapeau-rouge.gif?fit=512%2C512&ssl=1"},"description":"Gaston Balliot, militant du Front de Gauche en pays bigouden - Pont L'Abb\u00e9 - Loctudy - Guilvinec - Penmarc'h - Ile Tudy - Combrit Ste Marine - Tr\u00e9meoc - Plon\u00e9our, p\u00eache tourisme","sameAs":["https:\/\/www.facebook.com\/gaston.balliot\/"]}]}},"jetpack_featured_media_url":"","jetpack_shortlink":"https:\/\/wp.me\/p5UTaD-zk","jetpack-related-posts":[],"jetpack_likes_enabled":true,"jetpack_sharing_enabled":true,"_links":{"self":[{"href":"https:\/\/www.gastonballiot.fr\/index.php?rest_route=\/wp\/v2\/posts\/2190","targetHints":{"allow":["GET"]}}],"collection":[{"href":"https:\/\/www.gastonballiot.fr\/index.php?rest_route=\/wp\/v2\/posts"}],"about":[{"href":"https:\/\/www.gastonballiot.fr\/index.php?rest_route=\/wp\/v2\/types\/post"}],"author":[{"embeddable":true,"href":"https:\/\/www.gastonballiot.fr\/index.php?rest_route=\/wp\/v2\/users\/1"}],"replies":[{"embeddable":true,"href":"https:\/\/www.gastonballiot.fr\/index.php?rest_route=%2Fwp%2Fv2%2Fcomments&post=2190"}],"version-history":[{"count":0,"href":"https:\/\/www.gastonballiot.fr\/index.php?rest_route=\/wp\/v2\/posts\/2190\/revisions"}],"wp:attachment":[{"href":"https:\/\/www.gastonballiot.fr\/index.php?rest_route=%2Fwp%2Fv2%2Fmedia&parent=2190"}],"wp:term":[{"taxonomy":"category","embeddable":true,"href":"https:\/\/www.gastonballiot.fr\/index.php?rest_route=%2Fwp%2Fv2%2Fcategories&post=2190"},{"taxonomy":"post_tag","embeddable":true,"href":"https:\/\/www.gastonballiot.fr\/index.php?rest_route=%2Fwp%2Fv2%2Ftags&post=2190"}],"curies":[{"name":"wp","href":"https:\/\/api.w.org\/{rel}","templated":true}]}}