{"id":2235,"date":"2016-05-14T13:06:56","date_gmt":"2016-05-14T11:06:56","guid":{"rendered":"http:\/\/www.gastonballiot.fr\/?p=2235"},"modified":"2016-06-24T15:08:45","modified_gmt":"2016-06-24T13:08:45","slug":"les-violences-policieres-un-mecanisme-bien-rode","status":"publish","type":"post","link":"https:\/\/www.gastonballiot.fr\/?p=2235","title":{"rendered":"Les violences polici\u00e8res, un m\u00e9canisme bien r\u00f4d\u00e9."},"content":{"rendered":"<p style=\"text-align: center;\"><a href=\"http:\/\/www.gastonballiot.fr\/le-dechainement-impressionnant-des-medias\/\" target=\"_blank\"><strong>Les m\u00e9dias<\/strong><\/a> se r\u00e9galent d&rsquo;associer manifestation avec violence. Il s&rsquo;agit de faire peur tout en discr\u00e9ditant les manifestations. Et s&rsquo;il n&rsquo;y a pas de violence il faut l&rsquo;organiser. C&rsquo;est un <strong><a href=\"http:\/\/www.gastonballiot.fr\/la-guerre-ideologique-bat-son-plein\/\" target=\"_blank\">m\u00e9canisme utilis\u00e9 depuis des d\u00e9cennies par les diff\u00e9rents gouvernements<\/a><\/strong>, qu&rsquo;ils soient de la droite officielle ou de la droite masqu\u00e9e.<!--more--><\/p>\n<figure id=\"attachment_2237\" aria-describedby=\"caption-attachment-2237\" style=\"width: 250px\" class=\"wp-caption alignleft\"><img data-recalc-dims=\"1\" loading=\"lazy\" decoding=\"async\" data-attachment-id=\"2237\" data-permalink=\"https:\/\/www.gastonballiot.fr\/?attachment_id=2237#main\" data-orig-file=\"https:\/\/i0.wp.com\/www.gastonballiot.fr\/wp-content\/uploads\/2016\/05\/fauxvraiflic.jpg?fit=540%2C960&amp;ssl=1\" data-orig-size=\"540,960\" data-comments-opened=\"1\" data-image-meta=\"{&quot;aperture&quot;:&quot;0&quot;,&quot;credit&quot;:&quot;&quot;,&quot;camera&quot;:&quot;&quot;,&quot;caption&quot;:&quot;&quot;,&quot;created_timestamp&quot;:&quot;0&quot;,&quot;copyright&quot;:&quot;&quot;,&quot;focal_length&quot;:&quot;0&quot;,&quot;iso&quot;:&quot;0&quot;,&quot;shutter_speed&quot;:&quot;0&quot;,&quot;title&quot;:&quot;&quot;,&quot;orientation&quot;:&quot;0&quot;}\" data-image-title=\"fauxvraiflic\" data-image-description=\"\" data-image-caption=\"\" data-medium-file=\"https:\/\/i0.wp.com\/www.gastonballiot.fr\/wp-content\/uploads\/2016\/05\/fauxvraiflic.jpg?fit=169%2C300&amp;ssl=1\" data-large-file=\"https:\/\/i0.wp.com\/www.gastonballiot.fr\/wp-content\/uploads\/2016\/05\/fauxvraiflic.jpg?fit=540%2C960&amp;ssl=1\" class=\"wp-image-2237\" src=\"https:\/\/i0.wp.com\/www.gastonballiot.fr\/wp-content\/uploads\/2016\/05\/fauxvraiflic.jpg?resize=260%2C462\" alt=\"fauxvraiflic\" width=\"260\" height=\"462\" srcset=\"https:\/\/i0.wp.com\/www.gastonballiot.fr\/wp-content\/uploads\/2016\/05\/fauxvraiflic.jpg?w=540&amp;ssl=1 540w, https:\/\/i0.wp.com\/www.gastonballiot.fr\/wp-content\/uploads\/2016\/05\/fauxvraiflic.jpg?resize=169%2C300&amp;ssl=1 169w\" sizes=\"auto, (max-width: 260px) 100vw, 260px\" \/><figcaption id=\"caption-attachment-2237\" class=\"wp-caption-text\">policier ou manifestant ?<\/figcaption><\/figure>\n<p>Oui il y a des casseurs, des gens qui profitent des rassemblements pour d\u00e9grader, casser des vitrines. Mais il y a aussi des faux casseurs, \u00e9tant de la police ou manipul\u00e9s par celle-ci.<\/p>\n<p><a href=\"http:\/\/www.gastonballiot.fr\/la-guerre-ideologique-bat-son-plein\/\" target=\"_blank\">De nombreux r\u00e9cits concordent, qu&rsquo;ils proviennent de t\u00e9moins ou de policiers eux-m\u00eames : une strat\u00e9gie classique pour faire d\u00e9g\u00e9n\u00e9rer une manifestation qui serait pacifique autrement<\/a>. On rep\u00e8re le groupe des vrais casseurs en d\u00e9but de manifestation, au lieu de les isoler la police les laisser tranquillement s&rsquo;installer en queue de cort\u00e8ge. Ensuite, au cours de la manifestation, un cordon de police coupe le cort\u00e8ge en deux. La partie des manifestants emp\u00each\u00e9e de suivre ceux qui pr\u00e9c\u00e8dent cherche \u00e0 forcer le passage, un d\u00e9but de pagaille est ainsi cr\u00e9\u00e9, et c&rsquo;est l\u00e0 que les \u00ab\u00a0vraisfaux casseurs\u00a0\u00bb interviennent. Un groupe pacifique se trouve donc pris en tenaille entre les deux types de casseurs. Il suffit de filmer et de donner les images aux m\u00e9dias complaisantes.<\/p>\n<p>Manque de chance, ce qui \u00e9tait facile il y a quelques ann\u00e9es devient plus difficile \u00e0 cacher : maintenant il y a des smartphones, avec des gens qui publient des photos et vid\u00e9os sur les r\u00e9seaux sociaux&#8230; On y a vu r\u00e9cemment un grand nombre de preuves des violences polici\u00e8res et des manipulations. Seuls ceux qui le veulent bien sont dupes (et on comprend bien aussi que le commer\u00e7ant qui a vu sa vitrine bris\u00e9e soit furieux). Il a m\u00eame circul\u00e9 sur Facebook une vid\u00e9o montrant clairement un policier en uniforme brisant la vitrine d&rsquo;un Mac Do.\u00a0Des protestations fusent \u00e9galement chez les policiers qui ne comprennent absolument pas la logique des ordres qu&rsquo;ils re\u00e7oivent.<br \/>\nOn voit aussi beaucoup d&rsquo;images montrant la police agressant de fa\u00e7on disproportionn\u00e9e de pacifiques manifestants.<\/p>\n<figure id=\"attachment_2240\" aria-describedby=\"caption-attachment-2240\" style=\"width: 401px\" class=\"wp-caption aligncenter\"><a href=\"https:\/\/i0.wp.com\/www.gastonballiot.fr\/wp-content\/uploads\/2016\/05\/Police_mars2016.jpg\"><img data-recalc-dims=\"1\" loading=\"lazy\" decoding=\"async\" data-attachment-id=\"2240\" data-permalink=\"https:\/\/www.gastonballiot.fr\/?attachment_id=2240#main\" data-orig-file=\"https:\/\/i0.wp.com\/www.gastonballiot.fr\/wp-content\/uploads\/2016\/05\/Police_mars2016.jpg?fit=540%2C960&amp;ssl=1\" data-orig-size=\"540,960\" data-comments-opened=\"1\" data-image-meta=\"{&quot;aperture&quot;:&quot;0&quot;,&quot;credit&quot;:&quot;&quot;,&quot;camera&quot;:&quot;&quot;,&quot;caption&quot;:&quot;&quot;,&quot;created_timestamp&quot;:&quot;0&quot;,&quot;copyright&quot;:&quot;&quot;,&quot;focal_length&quot;:&quot;0&quot;,&quot;iso&quot;:&quot;0&quot;,&quot;shutter_speed&quot;:&quot;0&quot;,&quot;title&quot;:&quot;&quot;,&quot;orientation&quot;:&quot;0&quot;}\" data-image-title=\"Police_mars2016\" data-image-description=\"\" data-image-caption=\"\" data-medium-file=\"https:\/\/i0.wp.com\/www.gastonballiot.fr\/wp-content\/uploads\/2016\/05\/Police_mars2016.jpg?fit=169%2C300&amp;ssl=1\" data-large-file=\"https:\/\/i0.wp.com\/www.gastonballiot.fr\/wp-content\/uploads\/2016\/05\/Police_mars2016.jpg?fit=540%2C960&amp;ssl=1\" class=\"wp-image-2240\" src=\"https:\/\/i0.wp.com\/www.gastonballiot.fr\/wp-content\/uploads\/2016\/05\/Police_mars2016.jpg?resize=411%2C731\" alt=\"Police_mars2016\" width=\"411\" height=\"731\" srcset=\"https:\/\/i0.wp.com\/www.gastonballiot.fr\/wp-content\/uploads\/2016\/05\/Police_mars2016.jpg?w=540&amp;ssl=1 540w, https:\/\/i0.wp.com\/www.gastonballiot.fr\/wp-content\/uploads\/2016\/05\/Police_mars2016.jpg?resize=169%2C300&amp;ssl=1 169w\" sizes=\"auto, (max-width: 411px) 100vw, 411px\" \/><\/a><figcaption id=\"caption-attachment-2240\" class=\"wp-caption-text\">Mars 2016<\/figcaption><\/figure>\n<p><strong>Quelques documents sur ce sujet :<\/strong><br \/>\n<strong><a href=\"http:\/\/www.gastonballiot.fr\/wp-content\/uploads\/2016\/05\/Huma11mai16_violences_policieres.pdf\" target=\"_blank\">&#8211; un dossier PDF d&rsquo;interviews sur les violences polici\u00e8res dans l&rsquo;Humanit\u00e9 du 11 mai 2016<\/a><\/strong><\/p>\n<p><strong><a href=\"http:\/\/www.lejdd.fr\/Societe\/Un-CRS-temoigne-J-ai-l-impression-d-etre-devenu-un-pion-politique-784991\" target=\"_blank\">&#8211; un article du JDD Journal du Dimanche t\u00e9moignage d&rsquo;un CRS<\/a><\/strong><\/p>\n<p>On trouve aussi de nombreux articles \u00e9quivalents sur Mediapart, sur Politis, etc..<\/p>\n<p style=\"padding-left: 150px;\"><span style=\"color: #ff0000;\">Manipuler les casseurs<\/span><br \/>\n<span style=\"color: #ff0000;\">Manipuler la police<\/span><br \/>\n<span style=\"color: #ff0000;\">\u00a0 \u00a0 \u00a0tout cela pour<\/span><br \/>\n<span style=\"color: #ff0000;\">Manipuler l&rsquo;opinion<\/span><\/p>\n<p style=\"padding-left: 90px;\">un m\u00e9canisme scandaleux, cynique, dangereux, et qui fait des victimes&#8230;<\/p>\n<hr \/>\n<p>Un rapport du Comit\u00e9 contre la torture des Nations unies fustige l\u2019usage \u00ab\u00a0excessif\u00a0\u00bb de la force employ\u00e9e par les repr\u00e9sentants de l\u2019ordre ces derniers mois.<br \/>\n<a href=\"http:\/\/www.lepoint.fr\/societe\/violences-policieres-l-onu-met-la-france-a-l-amende-15-05-2016-2039508_23.php\" rel=\"nofollow\">http:\/\/www.lepoint.fr\/societe\/violences-policieres-l-onu-met-la-france-a-l-amende-15-05-2016-2039508_23.php<\/a><br \/>\nVoir aussi \u00ab\u00a0Un Etat d\u2019ins\u00e9curit\u00e9\u00a0\u00bb par Eric Fassin, blog de Mediapart<br \/>\n<a href=\"https:\/\/blogs.mediapart.fr\/eric-fassin\/blog\/160516\/un-etat-d-insecurite?utm_campaign=Quotidienne&amp;utm_medium=email&amp;utm_source=Emailvision&amp;utm_content=20160516&amp;xtor=EREC-83-%5BQuotidienne%5D-20160516\" rel=\"nofollow\">https:\/\/blogs.mediapart.fr\/eric-fassin\/blog\/160516\/un-etat-d-insecurite?utm_campaign=Quotidienne&amp;utm_medium=email&amp;utm_source=Emailvision&amp;utm_content=20160516&amp;xtor=EREC-83-%5BQuotidienne%5D-20160516<\/a><\/p>\n<p style=\"text-align: center;\">Extrait de interview d&rsquo;un CRS dans Politis<br \/>\nhttp:\/\/www.politis.fr\/articles\/2016\/05\/police-les-consignes-sont-des-choix-politiques-34707\/<\/p>\n<p><a href=\"https:\/\/i0.wp.com\/www.gastonballiot.fr\/wp-content\/uploads\/2016\/05\/Politis_CRS_mai16.png\"><img data-recalc-dims=\"1\" loading=\"lazy\" decoding=\"async\" data-attachment-id=\"2254\" data-permalink=\"https:\/\/www.gastonballiot.fr\/?attachment_id=2254#main\" data-orig-file=\"https:\/\/i0.wp.com\/www.gastonballiot.fr\/wp-content\/uploads\/2016\/05\/Politis_CRS_mai16.png?fit=616%2C587&amp;ssl=1\" data-orig-size=\"616,587\" data-comments-opened=\"1\" data-image-meta=\"{&quot;aperture&quot;:&quot;0&quot;,&quot;credit&quot;:&quot;&quot;,&quot;camera&quot;:&quot;&quot;,&quot;caption&quot;:&quot;&quot;,&quot;created_timestamp&quot;:&quot;0&quot;,&quot;copyright&quot;:&quot;&quot;,&quot;focal_length&quot;:&quot;0&quot;,&quot;iso&quot;:&quot;0&quot;,&quot;shutter_speed&quot;:&quot;0&quot;,&quot;title&quot;:&quot;&quot;,&quot;orientation&quot;:&quot;0&quot;}\" data-image-title=\"Politis_CRS_mai16\" data-image-description=\"\" data-image-caption=\"\" data-medium-file=\"https:\/\/i0.wp.com\/www.gastonballiot.fr\/wp-content\/uploads\/2016\/05\/Politis_CRS_mai16.png?fit=300%2C286&amp;ssl=1\" data-large-file=\"https:\/\/i0.wp.com\/www.gastonballiot.fr\/wp-content\/uploads\/2016\/05\/Politis_CRS_mai16.png?fit=616%2C587&amp;ssl=1\" class=\"aligncenter wp-image-2254\" src=\"https:\/\/i0.wp.com\/www.gastonballiot.fr\/wp-content\/uploads\/2016\/05\/Politis_CRS_mai16.png?resize=412%2C393\" alt=\"Politis_CRS_mai16\" width=\"412\" height=\"393\" srcset=\"https:\/\/i0.wp.com\/www.gastonballiot.fr\/wp-content\/uploads\/2016\/05\/Politis_CRS_mai16.png?w=616&amp;ssl=1 616w, https:\/\/i0.wp.com\/www.gastonballiot.fr\/wp-content\/uploads\/2016\/05\/Politis_CRS_mai16.png?resize=300%2C286&amp;ssl=1 300w\" sizes=\"auto, (max-width: 412px) 100vw, 412px\" \/><\/a><\/p>\n<p><a href=\"https:\/\/i0.wp.com\/www.gastonballiot.fr\/wp-content\/uploads\/2016\/05\/CasseurPolicier.jpg\"><img data-recalc-dims=\"1\" loading=\"lazy\" decoding=\"async\" data-attachment-id=\"2277\" data-permalink=\"https:\/\/www.gastonballiot.fr\/?attachment_id=2277#main\" data-orig-file=\"https:\/\/i0.wp.com\/www.gastonballiot.fr\/wp-content\/uploads\/2016\/05\/CasseurPolicier.jpg?fit=800%2C587&amp;ssl=1\" data-orig-size=\"800,587\" data-comments-opened=\"1\" data-image-meta=\"{&quot;aperture&quot;:&quot;0&quot;,&quot;credit&quot;:&quot;&quot;,&quot;camera&quot;:&quot;&quot;,&quot;caption&quot;:&quot;&quot;,&quot;created_timestamp&quot;:&quot;0&quot;,&quot;copyright&quot;:&quot;&quot;,&quot;focal_length&quot;:&quot;0&quot;,&quot;iso&quot;:&quot;0&quot;,&quot;shutter_speed&quot;:&quot;0&quot;,&quot;title&quot;:&quot;&quot;,&quot;orientation&quot;:&quot;0&quot;}\" data-image-title=\"CasseurPolicier\" data-image-description=\"\" data-image-caption=\"\" data-medium-file=\"https:\/\/i0.wp.com\/www.gastonballiot.fr\/wp-content\/uploads\/2016\/05\/CasseurPolicier.jpg?fit=300%2C220&amp;ssl=1\" data-large-file=\"https:\/\/i0.wp.com\/www.gastonballiot.fr\/wp-content\/uploads\/2016\/05\/CasseurPolicier.jpg?fit=800%2C587&amp;ssl=1\" class=\"aligncenter size-full wp-image-2277\" src=\"https:\/\/i0.wp.com\/www.gastonballiot.fr\/wp-content\/uploads\/2016\/05\/CasseurPolicier.jpg?resize=800%2C587\" alt=\"CasseurPolicier\" width=\"800\" height=\"587\" srcset=\"https:\/\/i0.wp.com\/www.gastonballiot.fr\/wp-content\/uploads\/2016\/05\/CasseurPolicier.jpg?w=800&amp;ssl=1 800w, https:\/\/i0.wp.com\/www.gastonballiot.fr\/wp-content\/uploads\/2016\/05\/CasseurPolicier.jpg?resize=300%2C220&amp;ssl=1 300w, https:\/\/i0.wp.com\/www.gastonballiot.fr\/wp-content\/uploads\/2016\/05\/CasseurPolicier.jpg?resize=768%2C564&amp;ssl=1 768w\" sizes=\"auto, (max-width: 800px) 100vw, 800px\" \/><\/a><\/p>\n<p><a href=\"https:\/\/i0.wp.com\/www.gastonballiot.fr\/wp-content\/uploads\/2016\/05\/CGT_police_juin2016.jpg\"><img data-recalc-dims=\"1\" loading=\"lazy\" decoding=\"async\" data-attachment-id=\"2419\" data-permalink=\"https:\/\/www.gastonballiot.fr\/?attachment_id=2419#main\" data-orig-file=\"https:\/\/i0.wp.com\/www.gastonballiot.fr\/wp-content\/uploads\/2016\/05\/CGT_police_juin2016.jpg?fit=640%2C960&amp;ssl=1\" data-orig-size=\"640,960\" data-comments-opened=\"1\" data-image-meta=\"{&quot;aperture&quot;:&quot;0&quot;,&quot;credit&quot;:&quot;Francoise Larouge&quot;,&quot;camera&quot;:&quot;&quot;,&quot;caption&quot;:&quot;&quot;,&quot;created_timestamp&quot;:&quot;0&quot;,&quot;copyright&quot;:&quot;Francoise Larouge&quot;,&quot;focal_length&quot;:&quot;0&quot;,&quot;iso&quot;:&quot;0&quot;,&quot;shutter_speed&quot;:&quot;0&quot;,&quot;title&quot;:&quot;&quot;,&quot;orientation&quot;:&quot;0&quot;}\" data-image-title=\"CGT_police_juin2016\" data-image-description=\"\" data-image-caption=\"\" data-medium-file=\"https:\/\/i0.wp.com\/www.gastonballiot.fr\/wp-content\/uploads\/2016\/05\/CGT_police_juin2016.jpg?fit=200%2C300&amp;ssl=1\" data-large-file=\"https:\/\/i0.wp.com\/www.gastonballiot.fr\/wp-content\/uploads\/2016\/05\/CGT_police_juin2016.jpg?fit=640%2C960&amp;ssl=1\" class=\"aligncenter size-full wp-image-2419\" src=\"https:\/\/i0.wp.com\/www.gastonballiot.fr\/wp-content\/uploads\/2016\/05\/CGT_police_juin2016.jpg?resize=640%2C960\" alt=\"CGT_police_juin2016\" width=\"640\" height=\"960\" srcset=\"https:\/\/i0.wp.com\/www.gastonballiot.fr\/wp-content\/uploads\/2016\/05\/CGT_police_juin2016.jpg?w=640&amp;ssl=1 640w, https:\/\/i0.wp.com\/www.gastonballiot.fr\/wp-content\/uploads\/2016\/05\/CGT_police_juin2016.jpg?resize=200%2C300&amp;ssl=1 200w\" sizes=\"auto, (max-width: 640px) 100vw, 640px\" \/><\/a><\/p>\n","protected":false},"excerpt":{"rendered":"<p>Les m\u00e9dias se r\u00e9galent d&rsquo;associer manifestation avec violence. Il s&rsquo;agit de faire peur tout en discr\u00e9ditant les manifestations. Et s&rsquo;il n&rsquo;y a pas de violence il faut l&rsquo;organiser. C&rsquo;est un m\u00e9canisme utilis\u00e9 depuis des d\u00e9cennies par les diff\u00e9rents gouvernements, qu&rsquo;ils soient de la droite officielle ou de la droite masqu\u00e9e.<\/p>\n","protected":false},"author":1,"featured_media":2236,"comment_status":"open","ping_status":"open","sticky":false,"template":"","format":"standard","meta":{"ngg_post_thumbnail":0,"jetpack_post_was_ever_published":false,"_jetpack_newsletter_access":"","_jetpack_dont_email_post_to_subs":false,"_jetpack_newsletter_tier_id":0,"_jetpack_memberships_contains_paywalled_content":false,"_jetpack_memberships_contains_paid_content":false,"footnotes":"","jetpack_publicize_message":"","jetpack_publicize_feature_enabled":true,"jetpack_social_post_already_shared":false,"jetpack_social_options":{"image_generator_settings":{"template":"highway","enabled":false},"version":2}},"categories":[2,5,16],"tags":[48,92,94,255],"class_list":["post-2235","post","type-post","status-publish","format-standard","has-post-thumbnail","hentry","category-a-la-une","category-democratie","category-social","tag-democratie","tag-manipulation","tag-medias-2","tag-police","infinite-scroll-item","masonry-post","generate-columns","tablet-grid-50","mobile-grid-100","grid-parent","grid-33"],"jetpack_publicize_connections":[],"yoast_head":"<!-- This site is optimized with the Yoast SEO plugin v27.5 - https:\/\/yoast.com\/product\/yoast-seo-wordpress\/ -->\n<title>Les violences polici\u00e8res, un m\u00e9canisme bien r\u00f4d\u00e9. - Le blog politique de Gaston<\/title>\n<meta name=\"robots\" content=\"index, follow, max-snippet:-1, max-image-preview:large, max-video-preview:-1\" \/>\n<link rel=\"canonical\" href=\"https:\/\/www.gastonballiot.fr\/?p=2235\" \/>\n<meta property=\"og:locale\" content=\"fr_FR\" \/>\n<meta property=\"og:type\" content=\"article\" \/>\n<meta property=\"og:title\" content=\"Les violences polici\u00e8res, un m\u00e9canisme bien r\u00f4d\u00e9. - Le blog politique de Gaston\" \/>\n<meta property=\"og:description\" content=\"Les m\u00e9dias se r\u00e9galent d&rsquo;associer manifestation avec violence. Il s&rsquo;agit de faire peur tout en discr\u00e9ditant les manifestations. Et s&rsquo;il n&rsquo;y a pas de violence il faut l&rsquo;organiser. C&rsquo;est un m\u00e9canisme utilis\u00e9 depuis des d\u00e9cennies par les diff\u00e9rents gouvernements, qu&rsquo;ils soient de la droite officielle ou de la droite masqu\u00e9e.\" \/>\n<meta property=\"og:url\" content=\"https:\/\/www.gastonballiot.fr\/?p=2235\" \/>\n<meta property=\"og:site_name\" content=\"Le blog politique de Gaston\" \/>\n<meta property=\"article:publisher\" content=\"https:\/\/www.facebook.com\/gaston.balliot\/\" \/>\n<meta property=\"article:author\" content=\"https:\/\/www.facebook.com\/gaston.balliot\/\" \/>\n<meta property=\"article:published_time\" content=\"2016-05-14T11:06:56+00:00\" \/>\n<meta property=\"article:modified_time\" content=\"2016-06-24T13:08:45+00:00\" \/>\n<meta property=\"og:image\" content=\"https:\/\/www.gastonballiot.fr\/wp-content\/uploads\/2016\/05\/493violence.jpg\" \/>\n\t<meta property=\"og:image:width\" content=\"480\" \/>\n\t<meta property=\"og:image:height\" content=\"360\" \/>\n\t<meta property=\"og:image:type\" content=\"image\/jpeg\" \/>\n<meta name=\"author\" content=\"gb\" \/>\n<meta name=\"twitter:card\" content=\"summary_large_image\" \/>\n<meta name=\"twitter:label1\" content=\"\u00c9crit par\" \/>\n\t<meta name=\"twitter:data1\" content=\"gb\" \/>\n\t<meta name=\"twitter:label2\" content=\"Dur\u00e9e de lecture estim\u00e9e\" \/>\n\t<meta name=\"twitter:data2\" content=\"3 minutes\" \/>\n<script type=\"application\/ld+json\" class=\"yoast-schema-graph\">{\"@context\":\"https:\\\/\\\/schema.org\",\"@graph\":[{\"@type\":\"Article\",\"@id\":\"https:\\\/\\\/www.gastonballiot.fr\\\/?p=2235#article\",\"isPartOf\":{\"@id\":\"https:\\\/\\\/www.gastonballiot.fr\\\/?p=2235\"},\"author\":{\"name\":\"gb\",\"@id\":\"https:\\\/\\\/www.gastonballiot.fr\\\/#\\\/schema\\\/person\\\/244a5e02696abd8a65c5b1bebdb948ca\"},\"headline\":\"Les violences polici\u00e8res, un m\u00e9canisme bien r\u00f4d\u00e9.\",\"datePublished\":\"2016-05-14T11:06:56+00:00\",\"dateModified\":\"2016-06-24T13:08:45+00:00\",\"mainEntityOfPage\":{\"@id\":\"https:\\\/\\\/www.gastonballiot.fr\\\/?p=2235\"},\"wordCount\":573,\"commentCount\":1,\"publisher\":{\"@id\":\"https:\\\/\\\/www.gastonballiot.fr\\\/#\\\/schema\\\/person\\\/244a5e02696abd8a65c5b1bebdb948ca\"},\"image\":{\"@id\":\"https:\\\/\\\/www.gastonballiot.fr\\\/?p=2235#primaryimage\"},\"thumbnailUrl\":\"https:\\\/\\\/i0.wp.com\\\/www.gastonballiot.fr\\\/wp-content\\\/uploads\\\/2016\\\/05\\\/493violence.jpg?fit=480%2C360&ssl=1\",\"keywords\":[\"D\u00e9mocratie\",\"manipulation\",\"medias\",\"police\"],\"articleSection\":[\"A la une\",\"D\u00e9mocratie\",\"Social\"],\"inLanguage\":\"fr-FR\",\"potentialAction\":[{\"@type\":\"CommentAction\",\"name\":\"Comment\",\"target\":[\"https:\\\/\\\/www.gastonballiot.fr\\\/?p=2235#respond\"]}]},{\"@type\":\"WebPage\",\"@id\":\"https:\\\/\\\/www.gastonballiot.fr\\\/?p=2235\",\"url\":\"https:\\\/\\\/www.gastonballiot.fr\\\/?p=2235\",\"name\":\"Les violences polici\u00e8res, un m\u00e9canisme bien r\u00f4d\u00e9. - Le blog politique de Gaston\",\"isPartOf\":{\"@id\":\"https:\\\/\\\/www.gastonballiot.fr\\\/#website\"},\"primaryImageOfPage\":{\"@id\":\"https:\\\/\\\/www.gastonballiot.fr\\\/?p=2235#primaryimage\"},\"image\":{\"@id\":\"https:\\\/\\\/www.gastonballiot.fr\\\/?p=2235#primaryimage\"},\"thumbnailUrl\":\"https:\\\/\\\/i0.wp.com\\\/www.gastonballiot.fr\\\/wp-content\\\/uploads\\\/2016\\\/05\\\/493violence.jpg?fit=480%2C360&ssl=1\",\"datePublished\":\"2016-05-14T11:06:56+00:00\",\"dateModified\":\"2016-06-24T13:08:45+00:00\",\"breadcrumb\":{\"@id\":\"https:\\\/\\\/www.gastonballiot.fr\\\/?p=2235#breadcrumb\"},\"inLanguage\":\"fr-FR\",\"potentialAction\":[{\"@type\":\"ReadAction\",\"target\":[\"https:\\\/\\\/www.gastonballiot.fr\\\/?p=2235\"]}]},{\"@type\":\"ImageObject\",\"inLanguage\":\"fr-FR\",\"@id\":\"https:\\\/\\\/www.gastonballiot.fr\\\/?p=2235#primaryimage\",\"url\":\"https:\\\/\\\/i0.wp.com\\\/www.gastonballiot.fr\\\/wp-content\\\/uploads\\\/2016\\\/05\\\/493violence.jpg?fit=480%2C360&ssl=1\",\"contentUrl\":\"https:\\\/\\\/i0.wp.com\\\/www.gastonballiot.fr\\\/wp-content\\\/uploads\\\/2016\\\/05\\\/493violence.jpg?fit=480%2C360&ssl=1\",\"width\":480,\"height\":360},{\"@type\":\"BreadcrumbList\",\"@id\":\"https:\\\/\\\/www.gastonballiot.fr\\\/?p=2235#breadcrumb\",\"itemListElement\":[{\"@type\":\"ListItem\",\"position\":1,\"name\":\"Accueil\",\"item\":\"https:\\\/\\\/www.gastonballiot.fr\\\/\"},{\"@type\":\"ListItem\",\"position\":2,\"name\":\"Les violences polici\u00e8res, un m\u00e9canisme bien r\u00f4d\u00e9.\"}]},{\"@type\":\"WebSite\",\"@id\":\"https:\\\/\\\/www.gastonballiot.fr\\\/#website\",\"url\":\"https:\\\/\\\/www.gastonballiot.fr\\\/\",\"name\":\"Le blog politique de Gaston\",\"description\":\"L&#039;humain d&#039;abord, pas la finance !\",\"publisher\":{\"@id\":\"https:\\\/\\\/www.gastonballiot.fr\\\/#\\\/schema\\\/person\\\/244a5e02696abd8a65c5b1bebdb948ca\"},\"potentialAction\":[{\"@type\":\"SearchAction\",\"target\":{\"@type\":\"EntryPoint\",\"urlTemplate\":\"https:\\\/\\\/www.gastonballiot.fr\\\/?s={search_term_string}\"},\"query-input\":{\"@type\":\"PropertyValueSpecification\",\"valueRequired\":true,\"valueName\":\"search_term_string\"}}],\"inLanguage\":\"fr-FR\"},{\"@type\":[\"Person\",\"Organization\"],\"@id\":\"https:\\\/\\\/www.gastonballiot.fr\\\/#\\\/schema\\\/person\\\/244a5e02696abd8a65c5b1bebdb948ca\",\"name\":\"gb\",\"image\":{\"@type\":\"ImageObject\",\"inLanguage\":\"fr-FR\",\"@id\":\"https:\\\/\\\/i0.wp.com\\\/www.gastonballiot.fr\\\/wp-content\\\/uploads\\\/2017\\\/04\\\/cropped-Marianne-drapeau-rouge.gif?fit=512%2C512&ssl=1\",\"url\":\"https:\\\/\\\/i0.wp.com\\\/www.gastonballiot.fr\\\/wp-content\\\/uploads\\\/2017\\\/04\\\/cropped-Marianne-drapeau-rouge.gif?fit=512%2C512&ssl=1\",\"contentUrl\":\"https:\\\/\\\/i0.wp.com\\\/www.gastonballiot.fr\\\/wp-content\\\/uploads\\\/2017\\\/04\\\/cropped-Marianne-drapeau-rouge.gif?fit=512%2C512&ssl=1\",\"width\":512,\"height\":512,\"caption\":\"gb\"},\"logo\":{\"@id\":\"https:\\\/\\\/i0.wp.com\\\/www.gastonballiot.fr\\\/wp-content\\\/uploads\\\/2017\\\/04\\\/cropped-Marianne-drapeau-rouge.gif?fit=512%2C512&ssl=1\"},\"description\":\"Gaston Balliot, militant du Front de Gauche en pays bigouden - Pont L'Abb\u00e9 - Loctudy - Guilvinec - Penmarc'h - Ile Tudy - Combrit Ste Marine - Tr\u00e9meoc - Plon\u00e9our, p\u00eache tourisme\",\"sameAs\":[\"https:\\\/\\\/www.facebook.com\\\/gaston.balliot\\\/\"]}]}<\/script>\n<!-- \/ Yoast SEO plugin. -->","yoast_head_json":{"title":"Les violences polici\u00e8res, un m\u00e9canisme bien r\u00f4d\u00e9. - Le blog politique de Gaston","robots":{"index":"index","follow":"follow","max-snippet":"max-snippet:-1","max-image-preview":"max-image-preview:large","max-video-preview":"max-video-preview:-1"},"canonical":"https:\/\/www.gastonballiot.fr\/?p=2235","og_locale":"fr_FR","og_type":"article","og_title":"Les violences polici\u00e8res, un m\u00e9canisme bien r\u00f4d\u00e9. - Le blog politique de Gaston","og_description":"Les m\u00e9dias se r\u00e9galent d&rsquo;associer manifestation avec violence. Il s&rsquo;agit de faire peur tout en discr\u00e9ditant les manifestations. Et s&rsquo;il n&rsquo;y a pas de violence il faut l&rsquo;organiser. C&rsquo;est un m\u00e9canisme utilis\u00e9 depuis des d\u00e9cennies par les diff\u00e9rents gouvernements, qu&rsquo;ils soient de la droite officielle ou de la droite masqu\u00e9e.","og_url":"https:\/\/www.gastonballiot.fr\/?p=2235","og_site_name":"Le blog politique de Gaston","article_publisher":"https:\/\/www.facebook.com\/gaston.balliot\/","article_author":"https:\/\/www.facebook.com\/gaston.balliot\/","article_published_time":"2016-05-14T11:06:56+00:00","article_modified_time":"2016-06-24T13:08:45+00:00","og_image":[{"width":480,"height":360,"url":"https:\/\/www.gastonballiot.fr\/wp-content\/uploads\/2016\/05\/493violence.jpg","type":"image\/jpeg"}],"author":"gb","twitter_card":"summary_large_image","twitter_misc":{"\u00c9crit par":"gb","Dur\u00e9e de lecture estim\u00e9e":"3 minutes"},"schema":{"@context":"https:\/\/schema.org","@graph":[{"@type":"Article","@id":"https:\/\/www.gastonballiot.fr\/?p=2235#article","isPartOf":{"@id":"https:\/\/www.gastonballiot.fr\/?p=2235"},"author":{"name":"gb","@id":"https:\/\/www.gastonballiot.fr\/#\/schema\/person\/244a5e02696abd8a65c5b1bebdb948ca"},"headline":"Les violences polici\u00e8res, un m\u00e9canisme bien r\u00f4d\u00e9.","datePublished":"2016-05-14T11:06:56+00:00","dateModified":"2016-06-24T13:08:45+00:00","mainEntityOfPage":{"@id":"https:\/\/www.gastonballiot.fr\/?p=2235"},"wordCount":573,"commentCount":1,"publisher":{"@id":"https:\/\/www.gastonballiot.fr\/#\/schema\/person\/244a5e02696abd8a65c5b1bebdb948ca"},"image":{"@id":"https:\/\/www.gastonballiot.fr\/?p=2235#primaryimage"},"thumbnailUrl":"https:\/\/i0.wp.com\/www.gastonballiot.fr\/wp-content\/uploads\/2016\/05\/493violence.jpg?fit=480%2C360&ssl=1","keywords":["D\u00e9mocratie","manipulation","medias","police"],"articleSection":["A la une","D\u00e9mocratie","Social"],"inLanguage":"fr-FR","potentialAction":[{"@type":"CommentAction","name":"Comment","target":["https:\/\/www.gastonballiot.fr\/?p=2235#respond"]}]},{"@type":"WebPage","@id":"https:\/\/www.gastonballiot.fr\/?p=2235","url":"https:\/\/www.gastonballiot.fr\/?p=2235","name":"Les violences polici\u00e8res, un m\u00e9canisme bien r\u00f4d\u00e9. - Le blog politique de Gaston","isPartOf":{"@id":"https:\/\/www.gastonballiot.fr\/#website"},"primaryImageOfPage":{"@id":"https:\/\/www.gastonballiot.fr\/?p=2235#primaryimage"},"image":{"@id":"https:\/\/www.gastonballiot.fr\/?p=2235#primaryimage"},"thumbnailUrl":"https:\/\/i0.wp.com\/www.gastonballiot.fr\/wp-content\/uploads\/2016\/05\/493violence.jpg?fit=480%2C360&ssl=1","datePublished":"2016-05-14T11:06:56+00:00","dateModified":"2016-06-24T13:08:45+00:00","breadcrumb":{"@id":"https:\/\/www.gastonballiot.fr\/?p=2235#breadcrumb"},"inLanguage":"fr-FR","potentialAction":[{"@type":"ReadAction","target":["https:\/\/www.gastonballiot.fr\/?p=2235"]}]},{"@type":"ImageObject","inLanguage":"fr-FR","@id":"https:\/\/www.gastonballiot.fr\/?p=2235#primaryimage","url":"https:\/\/i0.wp.com\/www.gastonballiot.fr\/wp-content\/uploads\/2016\/05\/493violence.jpg?fit=480%2C360&ssl=1","contentUrl":"https:\/\/i0.wp.com\/www.gastonballiot.fr\/wp-content\/uploads\/2016\/05\/493violence.jpg?fit=480%2C360&ssl=1","width":480,"height":360},{"@type":"BreadcrumbList","@id":"https:\/\/www.gastonballiot.fr\/?p=2235#breadcrumb","itemListElement":[{"@type":"ListItem","position":1,"name":"Accueil","item":"https:\/\/www.gastonballiot.fr\/"},{"@type":"ListItem","position":2,"name":"Les violences polici\u00e8res, un m\u00e9canisme bien r\u00f4d\u00e9."}]},{"@type":"WebSite","@id":"https:\/\/www.gastonballiot.fr\/#website","url":"https:\/\/www.gastonballiot.fr\/","name":"Le blog politique de Gaston","description":"L&#039;humain d&#039;abord, pas la finance !","publisher":{"@id":"https:\/\/www.gastonballiot.fr\/#\/schema\/person\/244a5e02696abd8a65c5b1bebdb948ca"},"potentialAction":[{"@type":"SearchAction","target":{"@type":"EntryPoint","urlTemplate":"https:\/\/www.gastonballiot.fr\/?s={search_term_string}"},"query-input":{"@type":"PropertyValueSpecification","valueRequired":true,"valueName":"search_term_string"}}],"inLanguage":"fr-FR"},{"@type":["Person","Organization"],"@id":"https:\/\/www.gastonballiot.fr\/#\/schema\/person\/244a5e02696abd8a65c5b1bebdb948ca","name":"gb","image":{"@type":"ImageObject","inLanguage":"fr-FR","@id":"https:\/\/i0.wp.com\/www.gastonballiot.fr\/wp-content\/uploads\/2017\/04\/cropped-Marianne-drapeau-rouge.gif?fit=512%2C512&ssl=1","url":"https:\/\/i0.wp.com\/www.gastonballiot.fr\/wp-content\/uploads\/2017\/04\/cropped-Marianne-drapeau-rouge.gif?fit=512%2C512&ssl=1","contentUrl":"https:\/\/i0.wp.com\/www.gastonballiot.fr\/wp-content\/uploads\/2017\/04\/cropped-Marianne-drapeau-rouge.gif?fit=512%2C512&ssl=1","width":512,"height":512,"caption":"gb"},"logo":{"@id":"https:\/\/i0.wp.com\/www.gastonballiot.fr\/wp-content\/uploads\/2017\/04\/cropped-Marianne-drapeau-rouge.gif?fit=512%2C512&ssl=1"},"description":"Gaston Balliot, militant du Front de Gauche en pays bigouden - Pont L'Abb\u00e9 - Loctudy - Guilvinec - Penmarc'h - Ile Tudy - Combrit Ste Marine - Tr\u00e9meoc - Plon\u00e9our, p\u00eache tourisme","sameAs":["https:\/\/www.facebook.com\/gaston.balliot\/"]}]}},"jetpack_featured_media_url":"https:\/\/i0.wp.com\/www.gastonballiot.fr\/wp-content\/uploads\/2016\/05\/493violence.jpg?fit=480%2C360&ssl=1","jetpack_shortlink":"https:\/\/wp.me\/p5UTaD-A3","jetpack-related-posts":[],"jetpack_likes_enabled":true,"jetpack_sharing_enabled":true,"_links":{"self":[{"href":"https:\/\/www.gastonballiot.fr\/index.php?rest_route=\/wp\/v2\/posts\/2235","targetHints":{"allow":["GET"]}}],"collection":[{"href":"https:\/\/www.gastonballiot.fr\/index.php?rest_route=\/wp\/v2\/posts"}],"about":[{"href":"https:\/\/www.gastonballiot.fr\/index.php?rest_route=\/wp\/v2\/types\/post"}],"author":[{"embeddable":true,"href":"https:\/\/www.gastonballiot.fr\/index.php?rest_route=\/wp\/v2\/users\/1"}],"replies":[{"embeddable":true,"href":"https:\/\/www.gastonballiot.fr\/index.php?rest_route=%2Fwp%2Fv2%2Fcomments&post=2235"}],"version-history":[{"count":0,"href":"https:\/\/www.gastonballiot.fr\/index.php?rest_route=\/wp\/v2\/posts\/2235\/revisions"}],"wp:featuredmedia":[{"embeddable":true,"href":"https:\/\/www.gastonballiot.fr\/index.php?rest_route=\/wp\/v2\/media\/2236"}],"wp:attachment":[{"href":"https:\/\/www.gastonballiot.fr\/index.php?rest_route=%2Fwp%2Fv2%2Fmedia&parent=2235"}],"wp:term":[{"taxonomy":"category","embeddable":true,"href":"https:\/\/www.gastonballiot.fr\/index.php?rest_route=%2Fwp%2Fv2%2Fcategories&post=2235"},{"taxonomy":"post_tag","embeddable":true,"href":"https:\/\/www.gastonballiot.fr\/index.php?rest_route=%2Fwp%2Fv2%2Ftags&post=2235"}],"curies":[{"name":"wp","href":"https:\/\/api.w.org\/{rel}","templated":true}]}}