{"id":2294,"date":"2016-05-27T08:50:09","date_gmt":"2016-05-27T06:50:09","guid":{"rendered":"http:\/\/www.gastonballiot.fr\/?p=2294"},"modified":"2016-05-27T09:04:13","modified_gmt":"2016-05-27T07:04:13","slug":"un-patron-de-pme-parle-de-la-loi-travail-desavoue-le-medef-et-le-ps","status":"publish","type":"post","link":"https:\/\/www.gastonballiot.fr\/?p=2294","title":{"rendered":"Un patron de PME parle de la loi Travail, d\u00e9savoue le MEDEF et le PS"},"content":{"rendered":"<p><iframe loading=\"lazy\" src=\"https:\/\/www.youtube.com\/embed\/JGvhMzg7ODA\" width=\"854\" height=\"480\" frameborder=\"0\" allowfullscreen=\"allowfullscreen\"><\/iframe><\/p>\n<p>Une grande lucidit\u00e9.<\/p>\n<p>Nous devons dans nos explications sur le patronat \u00eatre plus pr\u00e9cis. Dans notre langage courant quand nous parlons des patrons, nous faisons allusion au MEDEF, aux grandes entreprises, et aux actionnaires qui se gavent. Il est toujours g\u00eanant pour les petits patrons de se sentir agresser par nos propos. Oui il il a dans les PME des bons patrons, des chefs d&rsquo;entreprise qui se soucient de la bonne marche de leur entreprise et qui respectent ceux qui y travaillent. Ne soyons pas non plus na\u00effs, il y a aussi quelques petits patrons qui abusent de leurs employ\u00e9s et les tiennent en dehors de la gestion de la boite, les emp\u00eachent de se syndiquer &#8211; il faut parfois beaucoup de courage pour un employ\u00e9 pour se syndiquer, encore plus pour faire gr\u00e8ve, car la pression et le chantage sont \u00e9normes. Le langage autour du mot \u00ab\u00a0patron\u00a0\u00bb est donc \u00e0 manier avec davantage de pr\u00e9cision.<\/p>\n<p>2 notions importantes \u00e0 mon avis : 1 &#8211; Les PME sont essentielles pour le pays. 2 &#8211; La richesse est produite par ceux qui travaillent.<\/p>\n","protected":false},"excerpt":{"rendered":"<p>Une grande lucidit\u00e9. Nous devons dans nos explications sur le patronat \u00eatre plus pr\u00e9cis. Dans notre langage courant quand nous parlons des patrons, nous faisons allusion au MEDEF, aux grandes entreprises, et aux actionnaires qui se gavent. Il est toujours g\u00eanant pour les petits patrons de se sentir agresser par nos propos. Oui il il a dans les PME des bons patrons, des chefs d&rsquo;entreprise qui se soucient de la bonne marche de leur entreprise et qui respectent ceux qui y &#8230; <a title=\"Un patron de PME parle de la loi Travail, d\u00e9savoue le MEDEF et le PS\" class=\"read-more\" href=\"https:\/\/www.gastonballiot.fr\/?p=2294\" aria-label=\"Plus sur Un patron de PME parle de la loi Travail, d\u00e9savoue le MEDEF et le PS\">Lire la suite&#8230;<\/a><\/p>\n","protected":false},"author":1,"featured_media":0,"comment_status":"open","ping_status":"open","sticky":false,"template":"","format":"standard","meta":{"ngg_post_thumbnail":0,"jetpack_post_was_ever_published":false,"_jetpack_newsletter_access":"","_jetpack_dont_email_post_to_subs":false,"_jetpack_newsletter_tier_id":0,"_jetpack_memberships_contains_paywalled_content":false,"_jetpack_memberships_contains_paid_content":false,"footnotes":"","jetpack_publicize_message":"","jetpack_publicize_feature_enabled":true,"jetpack_social_post_already_shared":false,"jetpack_social_options":{"image_generator_settings":{"template":"highway","enabled":false},"version":2}},"categories":[2,16],"tags":[105,260,132],"class_list":["post-2294","post","type-post","status-publish","format-standard","hentry","category-a-la-une","category-social","tag-patronat","tag-pme","tag-travail","infinite-scroll-item","masonry-post","generate-columns","tablet-grid-50","mobile-grid-100","grid-parent","grid-33"],"jetpack_publicize_connections":[],"yoast_head":"<!-- This site is optimized with the Yoast SEO plugin v27.5 - https:\/\/yoast.com\/product\/yoast-seo-wordpress\/ -->\n<title>Un patron de PME parle de la loi Travail, d\u00e9savoue le MEDEF et le PS - Le blog politique de Gaston<\/title>\n<meta name=\"robots\" content=\"index, follow, max-snippet:-1, max-image-preview:large, max-video-preview:-1\" \/>\n<link rel=\"canonical\" href=\"https:\/\/www.gastonballiot.fr\/?p=2294\" \/>\n<meta property=\"og:locale\" content=\"fr_FR\" \/>\n<meta property=\"og:type\" content=\"article\" \/>\n<meta property=\"og:title\" content=\"Un patron de PME parle de la loi Travail, d\u00e9savoue le MEDEF et le PS - Le blog politique de Gaston\" \/>\n<meta property=\"og:description\" content=\"Une grande lucidit\u00e9. Nous devons dans nos explications sur le patronat \u00eatre plus pr\u00e9cis. Dans notre langage courant quand nous parlons des patrons, nous faisons allusion au MEDEF, aux grandes entreprises, et aux actionnaires qui se gavent. Il est toujours g\u00eanant pour les petits patrons de se sentir agresser par nos propos. Oui il il a dans les PME des bons patrons, des chefs d&rsquo;entreprise qui se soucient de la bonne marche de leur entreprise et qui respectent ceux qui y ... Lire la suite...\" \/>\n<meta property=\"og:url\" content=\"https:\/\/www.gastonballiot.fr\/?p=2294\" \/>\n<meta property=\"og:site_name\" content=\"Le blog politique de Gaston\" \/>\n<meta property=\"article:publisher\" content=\"https:\/\/www.facebook.com\/gaston.balliot\/\" \/>\n<meta property=\"article:author\" content=\"https:\/\/www.facebook.com\/gaston.balliot\/\" \/>\n<meta property=\"article:published_time\" content=\"2016-05-27T06:50:09+00:00\" \/>\n<meta property=\"article:modified_time\" content=\"2016-05-27T07:04:13+00:00\" \/>\n<meta name=\"author\" content=\"gb\" \/>\n<meta name=\"twitter:card\" content=\"summary_large_image\" \/>\n<meta name=\"twitter:label1\" content=\"\u00c9crit par\" \/>\n\t<meta name=\"twitter:data1\" content=\"gb\" \/>\n\t<meta name=\"twitter:label2\" content=\"Dur\u00e9e de lecture estim\u00e9e\" \/>\n\t<meta name=\"twitter:data2\" content=\"1 minute\" \/>\n<script type=\"application\/ld+json\" class=\"yoast-schema-graph\">{\"@context\":\"https:\\\/\\\/schema.org\",\"@graph\":[{\"@type\":\"Article\",\"@id\":\"https:\\\/\\\/www.gastonballiot.fr\\\/?p=2294#article\",\"isPartOf\":{\"@id\":\"https:\\\/\\\/www.gastonballiot.fr\\\/?p=2294\"},\"author\":{\"name\":\"gb\",\"@id\":\"https:\\\/\\\/www.gastonballiot.fr\\\/#\\\/schema\\\/person\\\/244a5e02696abd8a65c5b1bebdb948ca\"},\"headline\":\"Un patron de PME parle de la loi Travail, d\u00e9savoue le MEDEF et le PS\",\"datePublished\":\"2016-05-27T06:50:09+00:00\",\"dateModified\":\"2016-05-27T07:04:13+00:00\",\"mainEntityOfPage\":{\"@id\":\"https:\\\/\\\/www.gastonballiot.fr\\\/?p=2294\"},\"wordCount\":200,\"commentCount\":0,\"publisher\":{\"@id\":\"https:\\\/\\\/www.gastonballiot.fr\\\/#\\\/schema\\\/person\\\/244a5e02696abd8a65c5b1bebdb948ca\"},\"keywords\":[\"patronat\",\"PME\",\"travail\"],\"articleSection\":[\"A la une\",\"Social\"],\"inLanguage\":\"fr-FR\",\"potentialAction\":[{\"@type\":\"CommentAction\",\"name\":\"Comment\",\"target\":[\"https:\\\/\\\/www.gastonballiot.fr\\\/?p=2294#respond\"]}]},{\"@type\":\"WebPage\",\"@id\":\"https:\\\/\\\/www.gastonballiot.fr\\\/?p=2294\",\"url\":\"https:\\\/\\\/www.gastonballiot.fr\\\/?p=2294\",\"name\":\"Un patron de PME parle de la loi Travail, d\u00e9savoue le MEDEF et le PS - Le blog politique de Gaston\",\"isPartOf\":{\"@id\":\"https:\\\/\\\/www.gastonballiot.fr\\\/#website\"},\"datePublished\":\"2016-05-27T06:50:09+00:00\",\"dateModified\":\"2016-05-27T07:04:13+00:00\",\"breadcrumb\":{\"@id\":\"https:\\\/\\\/www.gastonballiot.fr\\\/?p=2294#breadcrumb\"},\"inLanguage\":\"fr-FR\",\"potentialAction\":[{\"@type\":\"ReadAction\",\"target\":[\"https:\\\/\\\/www.gastonballiot.fr\\\/?p=2294\"]}]},{\"@type\":\"BreadcrumbList\",\"@id\":\"https:\\\/\\\/www.gastonballiot.fr\\\/?p=2294#breadcrumb\",\"itemListElement\":[{\"@type\":\"ListItem\",\"position\":1,\"name\":\"Accueil\",\"item\":\"https:\\\/\\\/www.gastonballiot.fr\\\/\"},{\"@type\":\"ListItem\",\"position\":2,\"name\":\"Un patron de PME parle de la loi Travail, d\u00e9savoue le MEDEF et le PS\"}]},{\"@type\":\"WebSite\",\"@id\":\"https:\\\/\\\/www.gastonballiot.fr\\\/#website\",\"url\":\"https:\\\/\\\/www.gastonballiot.fr\\\/\",\"name\":\"Le blog politique de Gaston\",\"description\":\"L&#039;humain d&#039;abord, pas la finance !\",\"publisher\":{\"@id\":\"https:\\\/\\\/www.gastonballiot.fr\\\/#\\\/schema\\\/person\\\/244a5e02696abd8a65c5b1bebdb948ca\"},\"potentialAction\":[{\"@type\":\"SearchAction\",\"target\":{\"@type\":\"EntryPoint\",\"urlTemplate\":\"https:\\\/\\\/www.gastonballiot.fr\\\/?s={search_term_string}\"},\"query-input\":{\"@type\":\"PropertyValueSpecification\",\"valueRequired\":true,\"valueName\":\"search_term_string\"}}],\"inLanguage\":\"fr-FR\"},{\"@type\":[\"Person\",\"Organization\"],\"@id\":\"https:\\\/\\\/www.gastonballiot.fr\\\/#\\\/schema\\\/person\\\/244a5e02696abd8a65c5b1bebdb948ca\",\"name\":\"gb\",\"image\":{\"@type\":\"ImageObject\",\"inLanguage\":\"fr-FR\",\"@id\":\"https:\\\/\\\/i0.wp.com\\\/www.gastonballiot.fr\\\/wp-content\\\/uploads\\\/2017\\\/04\\\/cropped-Marianne-drapeau-rouge.gif?fit=512%2C512&ssl=1\",\"url\":\"https:\\\/\\\/i0.wp.com\\\/www.gastonballiot.fr\\\/wp-content\\\/uploads\\\/2017\\\/04\\\/cropped-Marianne-drapeau-rouge.gif?fit=512%2C512&ssl=1\",\"contentUrl\":\"https:\\\/\\\/i0.wp.com\\\/www.gastonballiot.fr\\\/wp-content\\\/uploads\\\/2017\\\/04\\\/cropped-Marianne-drapeau-rouge.gif?fit=512%2C512&ssl=1\",\"width\":512,\"height\":512,\"caption\":\"gb\"},\"logo\":{\"@id\":\"https:\\\/\\\/i0.wp.com\\\/www.gastonballiot.fr\\\/wp-content\\\/uploads\\\/2017\\\/04\\\/cropped-Marianne-drapeau-rouge.gif?fit=512%2C512&ssl=1\"},\"description\":\"Gaston Balliot, militant du Front de Gauche en pays bigouden - Pont L'Abb\u00e9 - Loctudy - Guilvinec - Penmarc'h - Ile Tudy - Combrit Ste Marine - Tr\u00e9meoc - Plon\u00e9our, p\u00eache tourisme\",\"sameAs\":[\"https:\\\/\\\/www.facebook.com\\\/gaston.balliot\\\/\"]}]}<\/script>\n<!-- \/ Yoast SEO plugin. -->","yoast_head_json":{"title":"Un patron de PME parle de la loi Travail, d\u00e9savoue le MEDEF et le PS - Le blog politique de Gaston","robots":{"index":"index","follow":"follow","max-snippet":"max-snippet:-1","max-image-preview":"max-image-preview:large","max-video-preview":"max-video-preview:-1"},"canonical":"https:\/\/www.gastonballiot.fr\/?p=2294","og_locale":"fr_FR","og_type":"article","og_title":"Un patron de PME parle de la loi Travail, d\u00e9savoue le MEDEF et le PS - Le blog politique de Gaston","og_description":"Une grande lucidit\u00e9. Nous devons dans nos explications sur le patronat \u00eatre plus pr\u00e9cis. Dans notre langage courant quand nous parlons des patrons, nous faisons allusion au MEDEF, aux grandes entreprises, et aux actionnaires qui se gavent. Il est toujours g\u00eanant pour les petits patrons de se sentir agresser par nos propos. Oui il il a dans les PME des bons patrons, des chefs d&rsquo;entreprise qui se soucient de la bonne marche de leur entreprise et qui respectent ceux qui y ... Lire la suite...","og_url":"https:\/\/www.gastonballiot.fr\/?p=2294","og_site_name":"Le blog politique de Gaston","article_publisher":"https:\/\/www.facebook.com\/gaston.balliot\/","article_author":"https:\/\/www.facebook.com\/gaston.balliot\/","article_published_time":"2016-05-27T06:50:09+00:00","article_modified_time":"2016-05-27T07:04:13+00:00","author":"gb","twitter_card":"summary_large_image","twitter_misc":{"\u00c9crit par":"gb","Dur\u00e9e de lecture estim\u00e9e":"1 minute"},"schema":{"@context":"https:\/\/schema.org","@graph":[{"@type":"Article","@id":"https:\/\/www.gastonballiot.fr\/?p=2294#article","isPartOf":{"@id":"https:\/\/www.gastonballiot.fr\/?p=2294"},"author":{"name":"gb","@id":"https:\/\/www.gastonballiot.fr\/#\/schema\/person\/244a5e02696abd8a65c5b1bebdb948ca"},"headline":"Un patron de PME parle de la loi Travail, d\u00e9savoue le MEDEF et le PS","datePublished":"2016-05-27T06:50:09+00:00","dateModified":"2016-05-27T07:04:13+00:00","mainEntityOfPage":{"@id":"https:\/\/www.gastonballiot.fr\/?p=2294"},"wordCount":200,"commentCount":0,"publisher":{"@id":"https:\/\/www.gastonballiot.fr\/#\/schema\/person\/244a5e02696abd8a65c5b1bebdb948ca"},"keywords":["patronat","PME","travail"],"articleSection":["A la une","Social"],"inLanguage":"fr-FR","potentialAction":[{"@type":"CommentAction","name":"Comment","target":["https:\/\/www.gastonballiot.fr\/?p=2294#respond"]}]},{"@type":"WebPage","@id":"https:\/\/www.gastonballiot.fr\/?p=2294","url":"https:\/\/www.gastonballiot.fr\/?p=2294","name":"Un patron de PME parle de la loi Travail, d\u00e9savoue le MEDEF et le PS - Le blog politique de Gaston","isPartOf":{"@id":"https:\/\/www.gastonballiot.fr\/#website"},"datePublished":"2016-05-27T06:50:09+00:00","dateModified":"2016-05-27T07:04:13+00:00","breadcrumb":{"@id":"https:\/\/www.gastonballiot.fr\/?p=2294#breadcrumb"},"inLanguage":"fr-FR","potentialAction":[{"@type":"ReadAction","target":["https:\/\/www.gastonballiot.fr\/?p=2294"]}]},{"@type":"BreadcrumbList","@id":"https:\/\/www.gastonballiot.fr\/?p=2294#breadcrumb","itemListElement":[{"@type":"ListItem","position":1,"name":"Accueil","item":"https:\/\/www.gastonballiot.fr\/"},{"@type":"ListItem","position":2,"name":"Un patron de PME parle de la loi Travail, d\u00e9savoue le MEDEF et le PS"}]},{"@type":"WebSite","@id":"https:\/\/www.gastonballiot.fr\/#website","url":"https:\/\/www.gastonballiot.fr\/","name":"Le blog politique de Gaston","description":"L&#039;humain d&#039;abord, pas la finance !","publisher":{"@id":"https:\/\/www.gastonballiot.fr\/#\/schema\/person\/244a5e02696abd8a65c5b1bebdb948ca"},"potentialAction":[{"@type":"SearchAction","target":{"@type":"EntryPoint","urlTemplate":"https:\/\/www.gastonballiot.fr\/?s={search_term_string}"},"query-input":{"@type":"PropertyValueSpecification","valueRequired":true,"valueName":"search_term_string"}}],"inLanguage":"fr-FR"},{"@type":["Person","Organization"],"@id":"https:\/\/www.gastonballiot.fr\/#\/schema\/person\/244a5e02696abd8a65c5b1bebdb948ca","name":"gb","image":{"@type":"ImageObject","inLanguage":"fr-FR","@id":"https:\/\/i0.wp.com\/www.gastonballiot.fr\/wp-content\/uploads\/2017\/04\/cropped-Marianne-drapeau-rouge.gif?fit=512%2C512&ssl=1","url":"https:\/\/i0.wp.com\/www.gastonballiot.fr\/wp-content\/uploads\/2017\/04\/cropped-Marianne-drapeau-rouge.gif?fit=512%2C512&ssl=1","contentUrl":"https:\/\/i0.wp.com\/www.gastonballiot.fr\/wp-content\/uploads\/2017\/04\/cropped-Marianne-drapeau-rouge.gif?fit=512%2C512&ssl=1","width":512,"height":512,"caption":"gb"},"logo":{"@id":"https:\/\/i0.wp.com\/www.gastonballiot.fr\/wp-content\/uploads\/2017\/04\/cropped-Marianne-drapeau-rouge.gif?fit=512%2C512&ssl=1"},"description":"Gaston Balliot, militant du Front de Gauche en pays bigouden - Pont L'Abb\u00e9 - Loctudy - Guilvinec - Penmarc'h - Ile Tudy - Combrit Ste Marine - Tr\u00e9meoc - Plon\u00e9our, p\u00eache tourisme","sameAs":["https:\/\/www.facebook.com\/gaston.balliot\/"]}]}},"jetpack_featured_media_url":"","jetpack_shortlink":"https:\/\/wp.me\/p5UTaD-B0","jetpack-related-posts":[],"jetpack_likes_enabled":true,"jetpack_sharing_enabled":true,"_links":{"self":[{"href":"https:\/\/www.gastonballiot.fr\/index.php?rest_route=\/wp\/v2\/posts\/2294","targetHints":{"allow":["GET"]}}],"collection":[{"href":"https:\/\/www.gastonballiot.fr\/index.php?rest_route=\/wp\/v2\/posts"}],"about":[{"href":"https:\/\/www.gastonballiot.fr\/index.php?rest_route=\/wp\/v2\/types\/post"}],"author":[{"embeddable":true,"href":"https:\/\/www.gastonballiot.fr\/index.php?rest_route=\/wp\/v2\/users\/1"}],"replies":[{"embeddable":true,"href":"https:\/\/www.gastonballiot.fr\/index.php?rest_route=%2Fwp%2Fv2%2Fcomments&post=2294"}],"version-history":[{"count":0,"href":"https:\/\/www.gastonballiot.fr\/index.php?rest_route=\/wp\/v2\/posts\/2294\/revisions"}],"wp:attachment":[{"href":"https:\/\/www.gastonballiot.fr\/index.php?rest_route=%2Fwp%2Fv2%2Fmedia&parent=2294"}],"wp:term":[{"taxonomy":"category","embeddable":true,"href":"https:\/\/www.gastonballiot.fr\/index.php?rest_route=%2Fwp%2Fv2%2Fcategories&post=2294"},{"taxonomy":"post_tag","embeddable":true,"href":"https:\/\/www.gastonballiot.fr\/index.php?rest_route=%2Fwp%2Fv2%2Ftags&post=2294"}],"curies":[{"name":"wp","href":"https:\/\/api.w.org\/{rel}","templated":true}]}}