{"id":2381,"date":"2016-06-16T14:34:32","date_gmt":"2016-06-16T12:34:32","guid":{"rendered":"http:\/\/www.gastonballiot.fr\/?p=2381"},"modified":"2016-06-18T09:18:12","modified_gmt":"2016-06-18T07:18:12","slug":"la-guerre-ideologique-bat-son-plein","status":"publish","type":"post","link":"https:\/\/www.gastonballiot.fr\/?p=2381","title":{"rendered":"La guerre id\u00e9ologique bat son plein"},"content":{"rendered":"<p>Casseurs regroup\u00e9s en d\u00e9but de manifestation, facilement identifiables&#8230; on ne les neutralise pas (aveux nombreux de policiers disant avoir re\u00e7u des ordres)<\/p>\n<p>En effet ils peuvent servir. Beaucoup de vid\u00e9os montrent m\u00eame un certain \u00ab\u00a0m\u00e9lange\u00a0\u00bb entre vrais casseurs et casseurs \u00ab\u00a0t\u00e9l\u00e9guid\u00e9s\u00a0\u00bb ou avec un brassard \u00ab\u00a0police\u00a0\u00bb.<\/p>\n<p>R\u00e9sultat : \u00e7a marche, il suffit de voir les titres <strong><a href=\"http:\/\/www.gastonballiot.fr\/le-dechainement-impressionnant-des-medias\/\" target=\"_blank\">dans les <span style=\"font-size: 14pt;\">m\u00e9dias<\/span><\/a><\/strong>. L&rsquo;\u00e9v\u00e9nement ce n&rsquo;est pas une manifestation monstre et pacifique contre la loi travail, mais une source de casse. 300 voyous qui cassent sont montr\u00e9s davantage que 1 million de citoyens dignes qui d\u00e9filent.<\/p>\n<p>Discr\u00e9ditons, il en restera toujours quelque chose ! Interdire les manifestations ? Donc interdire l&rsquo;Euro apr\u00e8s les \u00e9v\u00e9nements de Marseille !<\/p>\n<p>La lutte des classes, \u00e7a existe, et c&rsquo;est en pleine extension.<\/p>\n<p style=\"text-align: center;\"><strong><a href=\"http:\/\/www.gastonballiot.fr\/wp-content\/uploads\/2016\/06\/ma_manif.pdf\">La manif du 14 juin \u00e0 Paris racont\u00e9e par Sabine, une amie du Pays Bigouden<\/a><\/strong><\/p>\n<p style=\"text-align: center;\"><strong><a href=\"http:\/\/www.gastonballiot.fr\/wp-content\/uploads\/2016\/06\/T\u00e9moignageProf.pdf\" target=\"_blank\">Le t\u00e9moignage d&rsquo;un enseignant du SNES-FSU apr\u00e8s la manif<\/a><\/strong><\/p>\n<p style=\"text-align: center;\"><strong><a href=\"http:\/\/www.gastonballiot.fr\/les-violences-policieres-un-mecanisme-bien-rode\/\" target=\"_blank\">Lien vers mon article du 14 mai sur les violences<\/a><\/strong><\/p>\n<p style=\"text-align: center;\"><strong><a href=\"http:\/\/www.gastonballiot.fr\/wp-content\/uploads\/2016\/06\/Recit_Nonna.pdf\" target=\"_blank\">Nonna confirme le r\u00e9cit de Sabine<\/a><\/strong><\/p>\n<p style=\"text-align: center;\"><strong><a href=\"http:\/\/www.gastonballiot.fr\/le-dechainement-impressionnant-des-medias\/\" target=\"_blank\">Lien vers mon article du 29 mai sur les m\u00e9dias<\/a><\/strong><\/p>\n<p><iframe loading=\"lazy\" src=\"https:\/\/www.youtube.com\/embed\/VVD6htrayNw\" width=\"854\" height=\"480\" frameborder=\"0\" allowfullscreen=\"allowfullscreen\"><\/iframe><\/p>\n<p><a href=\"https:\/\/i0.wp.com\/www.gastonballiot.fr\/wp-content\/uploads\/2016\/06\/VersOuLesMedias.jpg\"><img data-recalc-dims=\"1\" loading=\"lazy\" decoding=\"async\" data-attachment-id=\"2392\" data-permalink=\"https:\/\/www.gastonballiot.fr\/?attachment_id=2392#main\" data-orig-file=\"https:\/\/i0.wp.com\/www.gastonballiot.fr\/wp-content\/uploads\/2016\/06\/VersOuLesMedias.jpg?fit=722%2C667&amp;ssl=1\" data-orig-size=\"722,667\" data-comments-opened=\"1\" data-image-meta=\"{&quot;aperture&quot;:&quot;0&quot;,&quot;credit&quot;:&quot;&quot;,&quot;camera&quot;:&quot;&quot;,&quot;caption&quot;:&quot;&quot;,&quot;created_timestamp&quot;:&quot;0&quot;,&quot;copyright&quot;:&quot;&quot;,&quot;focal_length&quot;:&quot;0&quot;,&quot;iso&quot;:&quot;0&quot;,&quot;shutter_speed&quot;:&quot;0&quot;,&quot;title&quot;:&quot;&quot;,&quot;orientation&quot;:&quot;0&quot;}\" data-image-title=\"VersOuLesMedias\" data-image-description=\"\" data-image-caption=\"\" data-medium-file=\"https:\/\/i0.wp.com\/www.gastonballiot.fr\/wp-content\/uploads\/2016\/06\/VersOuLesMedias.jpg?fit=300%2C277&amp;ssl=1\" data-large-file=\"https:\/\/i0.wp.com\/www.gastonballiot.fr\/wp-content\/uploads\/2016\/06\/VersOuLesMedias.jpg?fit=722%2C667&amp;ssl=1\" class=\"aligncenter size-full wp-image-2392\" src=\"https:\/\/i0.wp.com\/www.gastonballiot.fr\/wp-content\/uploads\/2016\/06\/VersOuLesMedias.jpg?resize=722%2C667\" alt=\"VersOuLesMedias\" width=\"722\" height=\"667\" srcset=\"https:\/\/i0.wp.com\/www.gastonballiot.fr\/wp-content\/uploads\/2016\/06\/VersOuLesMedias.jpg?w=722&amp;ssl=1 722w, https:\/\/i0.wp.com\/www.gastonballiot.fr\/wp-content\/uploads\/2016\/06\/VersOuLesMedias.jpg?resize=300%2C277&amp;ssl=1 300w\" sizes=\"auto, (max-width: 722px) 100vw, 722px\" \/><\/a><\/p>\n<p style=\"text-align: center;\"><strong>Autoritarisme, aveuglement, manipulation&#8230; Jusqu&rsquo;o\u00f9 ce gouvernement va t-il aller ? Trop, c&rsquo;est trop ! Les r\u00e9actions sont nombreuses.<\/strong><br \/>\n<strong><a href=\"http:\/\/www.frontdegauchebigcap.org\/la-propagande-du-gouvernement-et-de-ses-medias-trop-cest-trop\/\" target=\"_blank\">En lire quelques unes sur le blog du Front de Gauche du Pays Bigouden.<\/a><\/strong><\/p>\n","protected":false},"excerpt":{"rendered":"<p>Casseurs regroup\u00e9s en d\u00e9but de manifestation, facilement identifiables&#8230; on ne les neutralise pas (aveux nombreux de policiers disant avoir re\u00e7u des ordres) En effet ils peuvent servir. Beaucoup de vid\u00e9os montrent m\u00eame un certain \u00ab\u00a0m\u00e9lange\u00a0\u00bb entre vrais casseurs et casseurs \u00ab\u00a0t\u00e9l\u00e9guid\u00e9s\u00a0\u00bb ou avec un brassard \u00ab\u00a0police\u00a0\u00bb. R\u00e9sultat : \u00e7a marche, il suffit de voir les titres dans les m\u00e9dias. L&rsquo;\u00e9v\u00e9nement ce n&rsquo;est pas une manifestation monstre et pacifique contre la loi travail, mais une source de casse. 300 voyous qui cassent &#8230; <a title=\"La guerre id\u00e9ologique bat son plein\" class=\"read-more\" href=\"https:\/\/www.gastonballiot.fr\/?p=2381\" aria-label=\"Plus sur La guerre id\u00e9ologique bat son plein\">Lire la suite&#8230;<\/a><\/p>\n","protected":false},"author":1,"featured_media":2382,"comment_status":"open","ping_status":"open","sticky":false,"template":"","format":"standard","meta":{"ngg_post_thumbnail":0,"jetpack_post_was_ever_published":false,"_jetpack_newsletter_access":"","_jetpack_dont_email_post_to_subs":false,"_jetpack_newsletter_tier_id":0,"_jetpack_memberships_contains_paywalled_content":false,"_jetpack_memberships_contains_paid_content":false,"footnotes":"","jetpack_publicize_message":"","jetpack_publicize_feature_enabled":true,"jetpack_social_post_already_shared":false,"jetpack_social_options":{"image_generator_settings":{"template":"highway","enabled":false},"version":2}},"categories":[2,5,16],"tags":[140,126,200],"class_list":["post-2381","post","type-post","status-publish","format-standard","has-post-thumbnail","hentry","category-a-la-une","category-democratie","category-social","tag-propagande","tag-social","tag-violence","infinite-scroll-item","masonry-post","generate-columns","tablet-grid-50","mobile-grid-100","grid-parent","grid-33"],"jetpack_publicize_connections":[],"yoast_head":"<!-- This site is optimized with the Yoast SEO plugin v27.5 - https:\/\/yoast.com\/product\/yoast-seo-wordpress\/ -->\n<title>La guerre id\u00e9ologique bat son plein - Le blog politique de Gaston<\/title>\n<meta name=\"robots\" content=\"index, follow, max-snippet:-1, max-image-preview:large, max-video-preview:-1\" \/>\n<link rel=\"canonical\" href=\"https:\/\/www.gastonballiot.fr\/?p=2381\" \/>\n<meta property=\"og:locale\" content=\"fr_FR\" \/>\n<meta property=\"og:type\" content=\"article\" \/>\n<meta property=\"og:title\" content=\"La guerre id\u00e9ologique bat son plein - Le blog politique de Gaston\" \/>\n<meta property=\"og:description\" content=\"Casseurs regroup\u00e9s en d\u00e9but de manifestation, facilement identifiables&#8230; on ne les neutralise pas (aveux nombreux de policiers disant avoir re\u00e7u des ordres) En effet ils peuvent servir. Beaucoup de vid\u00e9os montrent m\u00eame un certain \u00ab\u00a0m\u00e9lange\u00a0\u00bb entre vrais casseurs et casseurs \u00ab\u00a0t\u00e9l\u00e9guid\u00e9s\u00a0\u00bb ou avec un brassard \u00ab\u00a0police\u00a0\u00bb. R\u00e9sultat : \u00e7a marche, il suffit de voir les titres dans les m\u00e9dias. L&rsquo;\u00e9v\u00e9nement ce n&rsquo;est pas une manifestation monstre et pacifique contre la loi travail, mais une source de casse. 300 voyous qui cassent ... Lire la suite...\" \/>\n<meta property=\"og:url\" content=\"https:\/\/www.gastonballiot.fr\/?p=2381\" \/>\n<meta property=\"og:site_name\" content=\"Le blog politique de Gaston\" \/>\n<meta property=\"article:publisher\" content=\"https:\/\/www.facebook.com\/gaston.balliot\/\" \/>\n<meta property=\"article:author\" content=\"https:\/\/www.facebook.com\/gaston.balliot\/\" \/>\n<meta property=\"article:published_time\" content=\"2016-06-16T12:34:32+00:00\" \/>\n<meta property=\"article:modified_time\" content=\"2016-06-18T07:18:12+00:00\" \/>\n<meta property=\"og:image\" content=\"https:\/\/www.gastonballiot.fr\/wp-content\/uploads\/2016\/06\/Quio_casse_lhopital.jpg\" \/>\n\t<meta property=\"og:image:width\" content=\"960\" \/>\n\t<meta property=\"og:image:height\" content=\"914\" \/>\n\t<meta property=\"og:image:type\" content=\"image\/jpeg\" \/>\n<meta name=\"author\" content=\"gb\" \/>\n<meta name=\"twitter:card\" content=\"summary_large_image\" \/>\n<meta name=\"twitter:label1\" content=\"\u00c9crit par\" \/>\n\t<meta name=\"twitter:data1\" content=\"gb\" \/>\n\t<meta name=\"twitter:label2\" content=\"Dur\u00e9e de lecture estim\u00e9e\" \/>\n\t<meta name=\"twitter:data2\" content=\"1 minute\" \/>\n<script type=\"application\/ld+json\" class=\"yoast-schema-graph\">{\"@context\":\"https:\\\/\\\/schema.org\",\"@graph\":[{\"@type\":\"Article\",\"@id\":\"https:\\\/\\\/www.gastonballiot.fr\\\/?p=2381#article\",\"isPartOf\":{\"@id\":\"https:\\\/\\\/www.gastonballiot.fr\\\/?p=2381\"},\"author\":{\"name\":\"gb\",\"@id\":\"https:\\\/\\\/www.gastonballiot.fr\\\/#\\\/schema\\\/person\\\/244a5e02696abd8a65c5b1bebdb948ca\"},\"headline\":\"La guerre id\u00e9ologique bat son plein\",\"datePublished\":\"2016-06-16T12:34:32+00:00\",\"dateModified\":\"2016-06-18T07:18:12+00:00\",\"mainEntityOfPage\":{\"@id\":\"https:\\\/\\\/www.gastonballiot.fr\\\/?p=2381\"},\"wordCount\":231,\"commentCount\":4,\"publisher\":{\"@id\":\"https:\\\/\\\/www.gastonballiot.fr\\\/#\\\/schema\\\/person\\\/244a5e02696abd8a65c5b1bebdb948ca\"},\"image\":{\"@id\":\"https:\\\/\\\/www.gastonballiot.fr\\\/?p=2381#primaryimage\"},\"thumbnailUrl\":\"https:\\\/\\\/i0.wp.com\\\/www.gastonballiot.fr\\\/wp-content\\\/uploads\\\/2016\\\/06\\\/Quio_casse_lhopital.jpg?fit=960%2C914&ssl=1\",\"keywords\":[\"propagande\",\"Social\",\"violence\"],\"articleSection\":[\"A la une\",\"D\u00e9mocratie\",\"Social\"],\"inLanguage\":\"fr-FR\",\"potentialAction\":[{\"@type\":\"CommentAction\",\"name\":\"Comment\",\"target\":[\"https:\\\/\\\/www.gastonballiot.fr\\\/?p=2381#respond\"]}]},{\"@type\":\"WebPage\",\"@id\":\"https:\\\/\\\/www.gastonballiot.fr\\\/?p=2381\",\"url\":\"https:\\\/\\\/www.gastonballiot.fr\\\/?p=2381\",\"name\":\"La guerre id\u00e9ologique bat son plein - Le blog politique de Gaston\",\"isPartOf\":{\"@id\":\"https:\\\/\\\/www.gastonballiot.fr\\\/#website\"},\"primaryImageOfPage\":{\"@id\":\"https:\\\/\\\/www.gastonballiot.fr\\\/?p=2381#primaryimage\"},\"image\":{\"@id\":\"https:\\\/\\\/www.gastonballiot.fr\\\/?p=2381#primaryimage\"},\"thumbnailUrl\":\"https:\\\/\\\/i0.wp.com\\\/www.gastonballiot.fr\\\/wp-content\\\/uploads\\\/2016\\\/06\\\/Quio_casse_lhopital.jpg?fit=960%2C914&ssl=1\",\"datePublished\":\"2016-06-16T12:34:32+00:00\",\"dateModified\":\"2016-06-18T07:18:12+00:00\",\"breadcrumb\":{\"@id\":\"https:\\\/\\\/www.gastonballiot.fr\\\/?p=2381#breadcrumb\"},\"inLanguage\":\"fr-FR\",\"potentialAction\":[{\"@type\":\"ReadAction\",\"target\":[\"https:\\\/\\\/www.gastonballiot.fr\\\/?p=2381\"]}]},{\"@type\":\"ImageObject\",\"inLanguage\":\"fr-FR\",\"@id\":\"https:\\\/\\\/www.gastonballiot.fr\\\/?p=2381#primaryimage\",\"url\":\"https:\\\/\\\/i0.wp.com\\\/www.gastonballiot.fr\\\/wp-content\\\/uploads\\\/2016\\\/06\\\/Quio_casse_lhopital.jpg?fit=960%2C914&ssl=1\",\"contentUrl\":\"https:\\\/\\\/i0.wp.com\\\/www.gastonballiot.fr\\\/wp-content\\\/uploads\\\/2016\\\/06\\\/Quio_casse_lhopital.jpg?fit=960%2C914&ssl=1\",\"width\":960,\"height\":914},{\"@type\":\"BreadcrumbList\",\"@id\":\"https:\\\/\\\/www.gastonballiot.fr\\\/?p=2381#breadcrumb\",\"itemListElement\":[{\"@type\":\"ListItem\",\"position\":1,\"name\":\"Accueil\",\"item\":\"https:\\\/\\\/www.gastonballiot.fr\\\/\"},{\"@type\":\"ListItem\",\"position\":2,\"name\":\"La guerre id\u00e9ologique bat son plein\"}]},{\"@type\":\"WebSite\",\"@id\":\"https:\\\/\\\/www.gastonballiot.fr\\\/#website\",\"url\":\"https:\\\/\\\/www.gastonballiot.fr\\\/\",\"name\":\"Le blog politique de Gaston\",\"description\":\"L&#039;humain d&#039;abord, pas la finance !\",\"publisher\":{\"@id\":\"https:\\\/\\\/www.gastonballiot.fr\\\/#\\\/schema\\\/person\\\/244a5e02696abd8a65c5b1bebdb948ca\"},\"potentialAction\":[{\"@type\":\"SearchAction\",\"target\":{\"@type\":\"EntryPoint\",\"urlTemplate\":\"https:\\\/\\\/www.gastonballiot.fr\\\/?s={search_term_string}\"},\"query-input\":{\"@type\":\"PropertyValueSpecification\",\"valueRequired\":true,\"valueName\":\"search_term_string\"}}],\"inLanguage\":\"fr-FR\"},{\"@type\":[\"Person\",\"Organization\"],\"@id\":\"https:\\\/\\\/www.gastonballiot.fr\\\/#\\\/schema\\\/person\\\/244a5e02696abd8a65c5b1bebdb948ca\",\"name\":\"gb\",\"image\":{\"@type\":\"ImageObject\",\"inLanguage\":\"fr-FR\",\"@id\":\"https:\\\/\\\/i0.wp.com\\\/www.gastonballiot.fr\\\/wp-content\\\/uploads\\\/2017\\\/04\\\/cropped-Marianne-drapeau-rouge.gif?fit=512%2C512&ssl=1\",\"url\":\"https:\\\/\\\/i0.wp.com\\\/www.gastonballiot.fr\\\/wp-content\\\/uploads\\\/2017\\\/04\\\/cropped-Marianne-drapeau-rouge.gif?fit=512%2C512&ssl=1\",\"contentUrl\":\"https:\\\/\\\/i0.wp.com\\\/www.gastonballiot.fr\\\/wp-content\\\/uploads\\\/2017\\\/04\\\/cropped-Marianne-drapeau-rouge.gif?fit=512%2C512&ssl=1\",\"width\":512,\"height\":512,\"caption\":\"gb\"},\"logo\":{\"@id\":\"https:\\\/\\\/i0.wp.com\\\/www.gastonballiot.fr\\\/wp-content\\\/uploads\\\/2017\\\/04\\\/cropped-Marianne-drapeau-rouge.gif?fit=512%2C512&ssl=1\"},\"description\":\"Gaston Balliot, militant du Front de Gauche en pays bigouden - Pont L'Abb\u00e9 - Loctudy - Guilvinec - Penmarc'h - Ile Tudy - Combrit Ste Marine - Tr\u00e9meoc - Plon\u00e9our, p\u00eache tourisme\",\"sameAs\":[\"https:\\\/\\\/www.facebook.com\\\/gaston.balliot\\\/\"]}]}<\/script>\n<!-- \/ Yoast SEO plugin. -->","yoast_head_json":{"title":"La guerre id\u00e9ologique bat son plein - Le blog politique de Gaston","robots":{"index":"index","follow":"follow","max-snippet":"max-snippet:-1","max-image-preview":"max-image-preview:large","max-video-preview":"max-video-preview:-1"},"canonical":"https:\/\/www.gastonballiot.fr\/?p=2381","og_locale":"fr_FR","og_type":"article","og_title":"La guerre id\u00e9ologique bat son plein - Le blog politique de Gaston","og_description":"Casseurs regroup\u00e9s en d\u00e9but de manifestation, facilement identifiables&#8230; on ne les neutralise pas (aveux nombreux de policiers disant avoir re\u00e7u des ordres) En effet ils peuvent servir. Beaucoup de vid\u00e9os montrent m\u00eame un certain \u00ab\u00a0m\u00e9lange\u00a0\u00bb entre vrais casseurs et casseurs \u00ab\u00a0t\u00e9l\u00e9guid\u00e9s\u00a0\u00bb ou avec un brassard \u00ab\u00a0police\u00a0\u00bb. R\u00e9sultat : \u00e7a marche, il suffit de voir les titres dans les m\u00e9dias. L&rsquo;\u00e9v\u00e9nement ce n&rsquo;est pas une manifestation monstre et pacifique contre la loi travail, mais une source de casse. 300 voyous qui cassent ... Lire la suite...","og_url":"https:\/\/www.gastonballiot.fr\/?p=2381","og_site_name":"Le blog politique de Gaston","article_publisher":"https:\/\/www.facebook.com\/gaston.balliot\/","article_author":"https:\/\/www.facebook.com\/gaston.balliot\/","article_published_time":"2016-06-16T12:34:32+00:00","article_modified_time":"2016-06-18T07:18:12+00:00","og_image":[{"width":960,"height":914,"url":"https:\/\/www.gastonballiot.fr\/wp-content\/uploads\/2016\/06\/Quio_casse_lhopital.jpg","type":"image\/jpeg"}],"author":"gb","twitter_card":"summary_large_image","twitter_misc":{"\u00c9crit par":"gb","Dur\u00e9e de lecture estim\u00e9e":"1 minute"},"schema":{"@context":"https:\/\/schema.org","@graph":[{"@type":"Article","@id":"https:\/\/www.gastonballiot.fr\/?p=2381#article","isPartOf":{"@id":"https:\/\/www.gastonballiot.fr\/?p=2381"},"author":{"name":"gb","@id":"https:\/\/www.gastonballiot.fr\/#\/schema\/person\/244a5e02696abd8a65c5b1bebdb948ca"},"headline":"La guerre id\u00e9ologique bat son plein","datePublished":"2016-06-16T12:34:32+00:00","dateModified":"2016-06-18T07:18:12+00:00","mainEntityOfPage":{"@id":"https:\/\/www.gastonballiot.fr\/?p=2381"},"wordCount":231,"commentCount":4,"publisher":{"@id":"https:\/\/www.gastonballiot.fr\/#\/schema\/person\/244a5e02696abd8a65c5b1bebdb948ca"},"image":{"@id":"https:\/\/www.gastonballiot.fr\/?p=2381#primaryimage"},"thumbnailUrl":"https:\/\/i0.wp.com\/www.gastonballiot.fr\/wp-content\/uploads\/2016\/06\/Quio_casse_lhopital.jpg?fit=960%2C914&ssl=1","keywords":["propagande","Social","violence"],"articleSection":["A la une","D\u00e9mocratie","Social"],"inLanguage":"fr-FR","potentialAction":[{"@type":"CommentAction","name":"Comment","target":["https:\/\/www.gastonballiot.fr\/?p=2381#respond"]}]},{"@type":"WebPage","@id":"https:\/\/www.gastonballiot.fr\/?p=2381","url":"https:\/\/www.gastonballiot.fr\/?p=2381","name":"La guerre id\u00e9ologique bat son plein - Le blog politique de Gaston","isPartOf":{"@id":"https:\/\/www.gastonballiot.fr\/#website"},"primaryImageOfPage":{"@id":"https:\/\/www.gastonballiot.fr\/?p=2381#primaryimage"},"image":{"@id":"https:\/\/www.gastonballiot.fr\/?p=2381#primaryimage"},"thumbnailUrl":"https:\/\/i0.wp.com\/www.gastonballiot.fr\/wp-content\/uploads\/2016\/06\/Quio_casse_lhopital.jpg?fit=960%2C914&ssl=1","datePublished":"2016-06-16T12:34:32+00:00","dateModified":"2016-06-18T07:18:12+00:00","breadcrumb":{"@id":"https:\/\/www.gastonballiot.fr\/?p=2381#breadcrumb"},"inLanguage":"fr-FR","potentialAction":[{"@type":"ReadAction","target":["https:\/\/www.gastonballiot.fr\/?p=2381"]}]},{"@type":"ImageObject","inLanguage":"fr-FR","@id":"https:\/\/www.gastonballiot.fr\/?p=2381#primaryimage","url":"https:\/\/i0.wp.com\/www.gastonballiot.fr\/wp-content\/uploads\/2016\/06\/Quio_casse_lhopital.jpg?fit=960%2C914&ssl=1","contentUrl":"https:\/\/i0.wp.com\/www.gastonballiot.fr\/wp-content\/uploads\/2016\/06\/Quio_casse_lhopital.jpg?fit=960%2C914&ssl=1","width":960,"height":914},{"@type":"BreadcrumbList","@id":"https:\/\/www.gastonballiot.fr\/?p=2381#breadcrumb","itemListElement":[{"@type":"ListItem","position":1,"name":"Accueil","item":"https:\/\/www.gastonballiot.fr\/"},{"@type":"ListItem","position":2,"name":"La guerre id\u00e9ologique bat son plein"}]},{"@type":"WebSite","@id":"https:\/\/www.gastonballiot.fr\/#website","url":"https:\/\/www.gastonballiot.fr\/","name":"Le blog politique de Gaston","description":"L&#039;humain d&#039;abord, pas la finance !","publisher":{"@id":"https:\/\/www.gastonballiot.fr\/#\/schema\/person\/244a5e02696abd8a65c5b1bebdb948ca"},"potentialAction":[{"@type":"SearchAction","target":{"@type":"EntryPoint","urlTemplate":"https:\/\/www.gastonballiot.fr\/?s={search_term_string}"},"query-input":{"@type":"PropertyValueSpecification","valueRequired":true,"valueName":"search_term_string"}}],"inLanguage":"fr-FR"},{"@type":["Person","Organization"],"@id":"https:\/\/www.gastonballiot.fr\/#\/schema\/person\/244a5e02696abd8a65c5b1bebdb948ca","name":"gb","image":{"@type":"ImageObject","inLanguage":"fr-FR","@id":"https:\/\/i0.wp.com\/www.gastonballiot.fr\/wp-content\/uploads\/2017\/04\/cropped-Marianne-drapeau-rouge.gif?fit=512%2C512&ssl=1","url":"https:\/\/i0.wp.com\/www.gastonballiot.fr\/wp-content\/uploads\/2017\/04\/cropped-Marianne-drapeau-rouge.gif?fit=512%2C512&ssl=1","contentUrl":"https:\/\/i0.wp.com\/www.gastonballiot.fr\/wp-content\/uploads\/2017\/04\/cropped-Marianne-drapeau-rouge.gif?fit=512%2C512&ssl=1","width":512,"height":512,"caption":"gb"},"logo":{"@id":"https:\/\/i0.wp.com\/www.gastonballiot.fr\/wp-content\/uploads\/2017\/04\/cropped-Marianne-drapeau-rouge.gif?fit=512%2C512&ssl=1"},"description":"Gaston Balliot, militant du Front de Gauche en pays bigouden - Pont L'Abb\u00e9 - Loctudy - Guilvinec - Penmarc'h - Ile Tudy - Combrit Ste Marine - Tr\u00e9meoc - Plon\u00e9our, p\u00eache tourisme","sameAs":["https:\/\/www.facebook.com\/gaston.balliot\/"]}]}},"jetpack_featured_media_url":"https:\/\/i0.wp.com\/www.gastonballiot.fr\/wp-content\/uploads\/2016\/06\/Quio_casse_lhopital.jpg?fit=960%2C914&ssl=1","jetpack_shortlink":"https:\/\/wp.me\/p5UTaD-Cp","jetpack-related-posts":[],"jetpack_likes_enabled":true,"jetpack_sharing_enabled":true,"_links":{"self":[{"href":"https:\/\/www.gastonballiot.fr\/index.php?rest_route=\/wp\/v2\/posts\/2381","targetHints":{"allow":["GET"]}}],"collection":[{"href":"https:\/\/www.gastonballiot.fr\/index.php?rest_route=\/wp\/v2\/posts"}],"about":[{"href":"https:\/\/www.gastonballiot.fr\/index.php?rest_route=\/wp\/v2\/types\/post"}],"author":[{"embeddable":true,"href":"https:\/\/www.gastonballiot.fr\/index.php?rest_route=\/wp\/v2\/users\/1"}],"replies":[{"embeddable":true,"href":"https:\/\/www.gastonballiot.fr\/index.php?rest_route=%2Fwp%2Fv2%2Fcomments&post=2381"}],"version-history":[{"count":0,"href":"https:\/\/www.gastonballiot.fr\/index.php?rest_route=\/wp\/v2\/posts\/2381\/revisions"}],"wp:featuredmedia":[{"embeddable":true,"href":"https:\/\/www.gastonballiot.fr\/index.php?rest_route=\/wp\/v2\/media\/2382"}],"wp:attachment":[{"href":"https:\/\/www.gastonballiot.fr\/index.php?rest_route=%2Fwp%2Fv2%2Fmedia&parent=2381"}],"wp:term":[{"taxonomy":"category","embeddable":true,"href":"https:\/\/www.gastonballiot.fr\/index.php?rest_route=%2Fwp%2Fv2%2Fcategories&post=2381"},{"taxonomy":"post_tag","embeddable":true,"href":"https:\/\/www.gastonballiot.fr\/index.php?rest_route=%2Fwp%2Fv2%2Ftags&post=2381"}],"curies":[{"name":"wp","href":"https:\/\/api.w.org\/{rel}","templated":true}]}}