{"id":24,"date":"2014-10-22T07:46:00","date_gmt":"2014-10-22T06:46:00","guid":{"rendered":"https:\/\/gastonballiot.wordpress.com\/2014\/10\/22\/qui-dirige-cette-europe"},"modified":"2014-10-22T07:46:00","modified_gmt":"2014-10-22T06:46:00","slug":"qui-dirige-cette-europe","status":"publish","type":"post","link":"https:\/\/www.gastonballiot.fr\/?p=24","title":{"rendered":"Qui dirige cette Europe ?"},"content":{"rendered":"<div style=\"background-color:white;color:#333333;font-family:arial, helvetica, sans-serif;font-size:13px;line-height:1.7em;margin-bottom:8px;margin-top:8px;padding:0;\">La nouvelle Commission europ\u00e9enne reste dans la ligne de la pr\u00e9c\u00e9dente, c&rsquo;est-\u00e0-dire au service exclusif du monde de la finance. Quelques exemples ;<\/div>\n<div style=\"background-color:white;color:#333333;font-family:arial, helvetica, sans-serif;font-size:13px;line-height:1.7em;margin-bottom:8px;margin-left:36pt;margin-top:8px;padding:0;\">&#8211;\u00a0\u00a0\u00a0\u00a0\u00a0\u00a0\u00a0\u00a0 Le pr\u00e9sident de la Commission, Jean-Claude Juncker, est l&rsquo;ancien premier ministre du paradis fiscal luxembourgeois.<\/div>\n<div style=\"background-color:white;color:#333333;font-family:arial, helvetica, sans-serif;font-size:13px;line-height:1.7em;margin-bottom:8px;margin-left:36pt;margin-top:8px;padding:0;\">&#8211;\u00a0\u00a0\u00a0\u00a0\u00a0\u00a0\u00a0\u00a0 L&rsquo;espagnol Miguel Arias Ca\u00f1ete, un p\u00e9trolier\u2026. Bient\u00f4t charg\u00e9 du climat et de l&rsquo;\u00e9nergie.<\/div>\n<div style=\"background-color:white;color:#333333;font-family:arial, helvetica, sans-serif;font-size:13px;line-height:1.7em;margin-bottom:8px;margin-left:36pt;margin-top:8px;padding:0;\">&#8211;\u00a0\u00a0\u00a0\u00a0\u00a0\u00a0\u00a0\u00a0 Jonathan Hill, un lobbyiste de la City, nomm\u00e9 \u00e0 la \u00ab\u00a0stabilit\u00e9 financi\u00e8re\u00a0\u00bb.<\/div>\n<div style=\"background-color:white;color:#333333;font-family:arial, helvetica, sans-serif;font-size:13px;line-height:1.7em;margin-bottom:8px;margin-left:36pt;margin-top:8px;padding:0;\">&#8211;\u00a0\u00a0\u00a0\u00a0\u00a0\u00a0\u00a0\u00a0 Le hongrois Tibor Navracsis, ancien ministre de l&rsquo;autoritaire et liberticide Victor Orban, est pressenti pour \u00eatre commissaire \u00e0 la culture !<\/div>\n<div style=\"background-color:white;color:#333333;font-family:arial, helvetica, sans-serif;font-size:13px;line-height:1.7em;margin-bottom:8px;margin-top:8px;padding:0;\">Et ce sont eux qui auront \u00e0 d\u00e9cider pour nous, y compris des orientations de la France. Pas r\u00e9jouissant !<\/div>\n<div style=\"background-color:white;color:#333333;font-family:arial, helvetica, sans-serif;font-size:13px;line-height:1.7em;margin-bottom:8px;margin-top:8px;padding:0;\">Mais les nominations des commissaires europ\u00e9ens se font avec l&rsquo;aval des dirigeants des Etats, donc notre gouvernement n&rsquo;a pas \u00e0 se d\u00e9douaner derri\u00e8re cette commission antid\u00e9mocratique et caricaturale.<\/div>\n","protected":false},"excerpt":{"rendered":"<p>La nouvelle Commission europ\u00e9enne reste dans la ligne de la pr\u00e9c\u00e9dente, c&rsquo;est-\u00e0-dire au service exclusif du monde de la finance. Quelques exemples ; &#8211;\u00a0\u00a0\u00a0\u00a0\u00a0\u00a0\u00a0\u00a0 Le pr\u00e9sident de la Commission, Jean-Claude Juncker, est l&rsquo;ancien premier ministre du paradis fiscal luxembourgeois. &#8211;\u00a0\u00a0\u00a0\u00a0\u00a0\u00a0\u00a0\u00a0 L&rsquo;espagnol Miguel Arias Ca\u00f1ete, un p\u00e9trolier\u2026. Bient\u00f4t charg\u00e9 du climat et de l&rsquo;\u00e9nergie. &#8211;\u00a0\u00a0\u00a0\u00a0\u00a0\u00a0\u00a0\u00a0 Jonathan Hill, un lobbyiste de la City, nomm\u00e9 \u00e0 la \u00ab\u00a0stabilit\u00e9 financi\u00e8re\u00a0\u00bb. &#8211;\u00a0\u00a0\u00a0\u00a0\u00a0\u00a0\u00a0\u00a0 Le hongrois Tibor Navracsis, ancien ministre de l&rsquo;autoritaire et liberticide Victor Orban, est pressenti &#8230; <a title=\"Qui dirige cette Europe ?\" class=\"read-more\" href=\"https:\/\/www.gastonballiot.fr\/?p=24\" aria-label=\"Plus sur Qui dirige cette Europe ?\">Lire la suite&#8230;<\/a><\/p>\n","protected":false},"author":1,"featured_media":0,"comment_status":"open","ping_status":"open","sticky":false,"template":"","format":"standard","meta":{"ngg_post_thumbnail":0,"jetpack_post_was_ever_published":false,"_jetpack_newsletter_access":"","_jetpack_dont_email_post_to_subs":false,"_jetpack_newsletter_tier_id":0,"_jetpack_memberships_contains_paywalled_content":false,"_jetpack_memberships_contains_paid_content":false,"footnotes":"","jetpack_publicize_message":"","jetpack_publicize_feature_enabled":true,"jetpack_social_post_already_shared":false,"jetpack_social_options":{"image_generator_settings":{"template":"highway","enabled":false},"version":2}},"categories":[5,8],"tags":[48,58,60,83,87,129],"class_list":["post-24","post","type-post","status-publish","format-standard","hentry","category-democratie","category-europe","tag-democratie","tag-europe","tag-finance","tag-liberalisme","tag-lobby","tag-systeme","infinite-scroll-item","masonry-post","generate-columns","tablet-grid-50","mobile-grid-100","grid-parent","grid-33"],"jetpack_publicize_connections":[],"yoast_head":"<!-- This site is optimized with the Yoast SEO plugin v27.5 - https:\/\/yoast.com\/product\/yoast-seo-wordpress\/ -->\n<title>Qui dirige cette Europe ? - Le blog politique de Gaston<\/title>\n<meta name=\"robots\" content=\"index, follow, max-snippet:-1, max-image-preview:large, max-video-preview:-1\" \/>\n<link rel=\"canonical\" href=\"https:\/\/www.gastonballiot.fr\/?p=24\" \/>\n<meta property=\"og:locale\" content=\"fr_FR\" \/>\n<meta property=\"og:type\" content=\"article\" \/>\n<meta property=\"og:title\" content=\"Qui dirige cette Europe ? - Le blog politique de Gaston\" \/>\n<meta property=\"og:description\" content=\"La nouvelle Commission europ\u00e9enne reste dans la ligne de la pr\u00e9c\u00e9dente, c&rsquo;est-\u00e0-dire au service exclusif du monde de la finance. Quelques exemples ; &#8211;\u00a0\u00a0\u00a0\u00a0\u00a0\u00a0\u00a0\u00a0 Le pr\u00e9sident de la Commission, Jean-Claude Juncker, est l&rsquo;ancien premier ministre du paradis fiscal luxembourgeois. &#8211;\u00a0\u00a0\u00a0\u00a0\u00a0\u00a0\u00a0\u00a0 L&rsquo;espagnol Miguel Arias Ca\u00f1ete, un p\u00e9trolier\u2026. Bient\u00f4t charg\u00e9 du climat et de l&rsquo;\u00e9nergie. &#8211;\u00a0\u00a0\u00a0\u00a0\u00a0\u00a0\u00a0\u00a0 Jonathan Hill, un lobbyiste de la City, nomm\u00e9 \u00e0 la \u00ab\u00a0stabilit\u00e9 financi\u00e8re\u00a0\u00bb. &#8211;\u00a0\u00a0\u00a0\u00a0\u00a0\u00a0\u00a0\u00a0 Le hongrois Tibor Navracsis, ancien ministre de l&rsquo;autoritaire et liberticide Victor Orban, est pressenti ... Lire la suite...\" \/>\n<meta property=\"og:url\" content=\"https:\/\/www.gastonballiot.fr\/?p=24\" \/>\n<meta property=\"og:site_name\" content=\"Le blog politique de Gaston\" \/>\n<meta property=\"article:publisher\" content=\"https:\/\/www.facebook.com\/gaston.balliot\/\" \/>\n<meta property=\"article:author\" content=\"https:\/\/www.facebook.com\/gaston.balliot\/\" \/>\n<meta property=\"article:published_time\" content=\"2014-10-22T06:46:00+00:00\" \/>\n<meta name=\"author\" content=\"gb\" \/>\n<meta name=\"twitter:card\" content=\"summary_large_image\" \/>\n<meta name=\"twitter:label1\" content=\"\u00c9crit par\" \/>\n\t<meta name=\"twitter:data1\" content=\"gb\" \/>\n\t<meta name=\"twitter:label2\" content=\"Dur\u00e9e de lecture estim\u00e9e\" \/>\n\t<meta name=\"twitter:data2\" content=\"1 minute\" \/>\n<script type=\"application\/ld+json\" class=\"yoast-schema-graph\">{\"@context\":\"https:\\\/\\\/schema.org\",\"@graph\":[{\"@type\":\"Article\",\"@id\":\"https:\\\/\\\/www.gastonballiot.fr\\\/?p=24#article\",\"isPartOf\":{\"@id\":\"https:\\\/\\\/www.gastonballiot.fr\\\/?p=24\"},\"author\":{\"name\":\"gb\",\"@id\":\"https:\\\/\\\/www.gastonballiot.fr\\\/#\\\/schema\\\/person\\\/244a5e02696abd8a65c5b1bebdb948ca\"},\"headline\":\"Qui dirige cette Europe ?\",\"datePublished\":\"2014-10-22T06:46:00+00:00\",\"mainEntityOfPage\":{\"@id\":\"https:\\\/\\\/www.gastonballiot.fr\\\/?p=24\"},\"wordCount\":155,\"commentCount\":0,\"publisher\":{\"@id\":\"https:\\\/\\\/www.gastonballiot.fr\\\/#\\\/schema\\\/person\\\/244a5e02696abd8a65c5b1bebdb948ca\"},\"keywords\":[\"D\u00e9mocratie\",\"Europe\",\"finance\",\"lib\u00e9ralisme\",\"lobby\",\"syst\u00e8me\"],\"articleSection\":[\"D\u00e9mocratie\",\"Europe\"],\"inLanguage\":\"fr-FR\",\"potentialAction\":[{\"@type\":\"CommentAction\",\"name\":\"Comment\",\"target\":[\"https:\\\/\\\/www.gastonballiot.fr\\\/?p=24#respond\"]}]},{\"@type\":\"WebPage\",\"@id\":\"https:\\\/\\\/www.gastonballiot.fr\\\/?p=24\",\"url\":\"https:\\\/\\\/www.gastonballiot.fr\\\/?p=24\",\"name\":\"Qui dirige cette Europe ? - Le blog politique de Gaston\",\"isPartOf\":{\"@id\":\"https:\\\/\\\/www.gastonballiot.fr\\\/#website\"},\"datePublished\":\"2014-10-22T06:46:00+00:00\",\"breadcrumb\":{\"@id\":\"https:\\\/\\\/www.gastonballiot.fr\\\/?p=24#breadcrumb\"},\"inLanguage\":\"fr-FR\",\"potentialAction\":[{\"@type\":\"ReadAction\",\"target\":[\"https:\\\/\\\/www.gastonballiot.fr\\\/?p=24\"]}]},{\"@type\":\"BreadcrumbList\",\"@id\":\"https:\\\/\\\/www.gastonballiot.fr\\\/?p=24#breadcrumb\",\"itemListElement\":[{\"@type\":\"ListItem\",\"position\":1,\"name\":\"Accueil\",\"item\":\"https:\\\/\\\/www.gastonballiot.fr\\\/\"},{\"@type\":\"ListItem\",\"position\":2,\"name\":\"Qui dirige cette Europe ?\"}]},{\"@type\":\"WebSite\",\"@id\":\"https:\\\/\\\/www.gastonballiot.fr\\\/#website\",\"url\":\"https:\\\/\\\/www.gastonballiot.fr\\\/\",\"name\":\"Le blog politique de Gaston\",\"description\":\"L&#039;humain d&#039;abord, pas la finance !\",\"publisher\":{\"@id\":\"https:\\\/\\\/www.gastonballiot.fr\\\/#\\\/schema\\\/person\\\/244a5e02696abd8a65c5b1bebdb948ca\"},\"potentialAction\":[{\"@type\":\"SearchAction\",\"target\":{\"@type\":\"EntryPoint\",\"urlTemplate\":\"https:\\\/\\\/www.gastonballiot.fr\\\/?s={search_term_string}\"},\"query-input\":{\"@type\":\"PropertyValueSpecification\",\"valueRequired\":true,\"valueName\":\"search_term_string\"}}],\"inLanguage\":\"fr-FR\"},{\"@type\":[\"Person\",\"Organization\"],\"@id\":\"https:\\\/\\\/www.gastonballiot.fr\\\/#\\\/schema\\\/person\\\/244a5e02696abd8a65c5b1bebdb948ca\",\"name\":\"gb\",\"image\":{\"@type\":\"ImageObject\",\"inLanguage\":\"fr-FR\",\"@id\":\"https:\\\/\\\/i0.wp.com\\\/www.gastonballiot.fr\\\/wp-content\\\/uploads\\\/2017\\\/04\\\/cropped-Marianne-drapeau-rouge.gif?fit=512%2C512&ssl=1\",\"url\":\"https:\\\/\\\/i0.wp.com\\\/www.gastonballiot.fr\\\/wp-content\\\/uploads\\\/2017\\\/04\\\/cropped-Marianne-drapeau-rouge.gif?fit=512%2C512&ssl=1\",\"contentUrl\":\"https:\\\/\\\/i0.wp.com\\\/www.gastonballiot.fr\\\/wp-content\\\/uploads\\\/2017\\\/04\\\/cropped-Marianne-drapeau-rouge.gif?fit=512%2C512&ssl=1\",\"width\":512,\"height\":512,\"caption\":\"gb\"},\"logo\":{\"@id\":\"https:\\\/\\\/i0.wp.com\\\/www.gastonballiot.fr\\\/wp-content\\\/uploads\\\/2017\\\/04\\\/cropped-Marianne-drapeau-rouge.gif?fit=512%2C512&ssl=1\"},\"description\":\"Gaston Balliot, militant du Front de Gauche en pays bigouden - Pont L'Abb\u00e9 - Loctudy - Guilvinec - Penmarc'h - Ile Tudy - Combrit Ste Marine - Tr\u00e9meoc - Plon\u00e9our, p\u00eache tourisme\",\"sameAs\":[\"https:\\\/\\\/www.facebook.com\\\/gaston.balliot\\\/\"]}]}<\/script>\n<!-- \/ Yoast SEO plugin. -->","yoast_head_json":{"title":"Qui dirige cette Europe ? - Le blog politique de Gaston","robots":{"index":"index","follow":"follow","max-snippet":"max-snippet:-1","max-image-preview":"max-image-preview:large","max-video-preview":"max-video-preview:-1"},"canonical":"https:\/\/www.gastonballiot.fr\/?p=24","og_locale":"fr_FR","og_type":"article","og_title":"Qui dirige cette Europe ? - Le blog politique de Gaston","og_description":"La nouvelle Commission europ\u00e9enne reste dans la ligne de la pr\u00e9c\u00e9dente, c&rsquo;est-\u00e0-dire au service exclusif du monde de la finance. Quelques exemples ; &#8211;\u00a0\u00a0\u00a0\u00a0\u00a0\u00a0\u00a0\u00a0 Le pr\u00e9sident de la Commission, Jean-Claude Juncker, est l&rsquo;ancien premier ministre du paradis fiscal luxembourgeois. &#8211;\u00a0\u00a0\u00a0\u00a0\u00a0\u00a0\u00a0\u00a0 L&rsquo;espagnol Miguel Arias Ca\u00f1ete, un p\u00e9trolier\u2026. Bient\u00f4t charg\u00e9 du climat et de l&rsquo;\u00e9nergie. &#8211;\u00a0\u00a0\u00a0\u00a0\u00a0\u00a0\u00a0\u00a0 Jonathan Hill, un lobbyiste de la City, nomm\u00e9 \u00e0 la \u00ab\u00a0stabilit\u00e9 financi\u00e8re\u00a0\u00bb. &#8211;\u00a0\u00a0\u00a0\u00a0\u00a0\u00a0\u00a0\u00a0 Le hongrois Tibor Navracsis, ancien ministre de l&rsquo;autoritaire et liberticide Victor Orban, est pressenti ... Lire la suite...","og_url":"https:\/\/www.gastonballiot.fr\/?p=24","og_site_name":"Le blog politique de Gaston","article_publisher":"https:\/\/www.facebook.com\/gaston.balliot\/","article_author":"https:\/\/www.facebook.com\/gaston.balliot\/","article_published_time":"2014-10-22T06:46:00+00:00","author":"gb","twitter_card":"summary_large_image","twitter_misc":{"\u00c9crit par":"gb","Dur\u00e9e de lecture estim\u00e9e":"1 minute"},"schema":{"@context":"https:\/\/schema.org","@graph":[{"@type":"Article","@id":"https:\/\/www.gastonballiot.fr\/?p=24#article","isPartOf":{"@id":"https:\/\/www.gastonballiot.fr\/?p=24"},"author":{"name":"gb","@id":"https:\/\/www.gastonballiot.fr\/#\/schema\/person\/244a5e02696abd8a65c5b1bebdb948ca"},"headline":"Qui dirige cette Europe ?","datePublished":"2014-10-22T06:46:00+00:00","mainEntityOfPage":{"@id":"https:\/\/www.gastonballiot.fr\/?p=24"},"wordCount":155,"commentCount":0,"publisher":{"@id":"https:\/\/www.gastonballiot.fr\/#\/schema\/person\/244a5e02696abd8a65c5b1bebdb948ca"},"keywords":["D\u00e9mocratie","Europe","finance","lib\u00e9ralisme","lobby","syst\u00e8me"],"articleSection":["D\u00e9mocratie","Europe"],"inLanguage":"fr-FR","potentialAction":[{"@type":"CommentAction","name":"Comment","target":["https:\/\/www.gastonballiot.fr\/?p=24#respond"]}]},{"@type":"WebPage","@id":"https:\/\/www.gastonballiot.fr\/?p=24","url":"https:\/\/www.gastonballiot.fr\/?p=24","name":"Qui dirige cette Europe ? - Le blog politique de Gaston","isPartOf":{"@id":"https:\/\/www.gastonballiot.fr\/#website"},"datePublished":"2014-10-22T06:46:00+00:00","breadcrumb":{"@id":"https:\/\/www.gastonballiot.fr\/?p=24#breadcrumb"},"inLanguage":"fr-FR","potentialAction":[{"@type":"ReadAction","target":["https:\/\/www.gastonballiot.fr\/?p=24"]}]},{"@type":"BreadcrumbList","@id":"https:\/\/www.gastonballiot.fr\/?p=24#breadcrumb","itemListElement":[{"@type":"ListItem","position":1,"name":"Accueil","item":"https:\/\/www.gastonballiot.fr\/"},{"@type":"ListItem","position":2,"name":"Qui dirige cette Europe ?"}]},{"@type":"WebSite","@id":"https:\/\/www.gastonballiot.fr\/#website","url":"https:\/\/www.gastonballiot.fr\/","name":"Le blog politique de Gaston","description":"L&#039;humain d&#039;abord, pas la finance !","publisher":{"@id":"https:\/\/www.gastonballiot.fr\/#\/schema\/person\/244a5e02696abd8a65c5b1bebdb948ca"},"potentialAction":[{"@type":"SearchAction","target":{"@type":"EntryPoint","urlTemplate":"https:\/\/www.gastonballiot.fr\/?s={search_term_string}"},"query-input":{"@type":"PropertyValueSpecification","valueRequired":true,"valueName":"search_term_string"}}],"inLanguage":"fr-FR"},{"@type":["Person","Organization"],"@id":"https:\/\/www.gastonballiot.fr\/#\/schema\/person\/244a5e02696abd8a65c5b1bebdb948ca","name":"gb","image":{"@type":"ImageObject","inLanguage":"fr-FR","@id":"https:\/\/i0.wp.com\/www.gastonballiot.fr\/wp-content\/uploads\/2017\/04\/cropped-Marianne-drapeau-rouge.gif?fit=512%2C512&ssl=1","url":"https:\/\/i0.wp.com\/www.gastonballiot.fr\/wp-content\/uploads\/2017\/04\/cropped-Marianne-drapeau-rouge.gif?fit=512%2C512&ssl=1","contentUrl":"https:\/\/i0.wp.com\/www.gastonballiot.fr\/wp-content\/uploads\/2017\/04\/cropped-Marianne-drapeau-rouge.gif?fit=512%2C512&ssl=1","width":512,"height":512,"caption":"gb"},"logo":{"@id":"https:\/\/i0.wp.com\/www.gastonballiot.fr\/wp-content\/uploads\/2017\/04\/cropped-Marianne-drapeau-rouge.gif?fit=512%2C512&ssl=1"},"description":"Gaston Balliot, militant du Front de Gauche en pays bigouden - Pont L'Abb\u00e9 - Loctudy - Guilvinec - Penmarc'h - Ile Tudy - Combrit Ste Marine - Tr\u00e9meoc - Plon\u00e9our, p\u00eache tourisme","sameAs":["https:\/\/www.facebook.com\/gaston.balliot\/"]}]}},"jetpack_featured_media_url":"","jetpack_shortlink":"https:\/\/wp.me\/p5UTaD-o","jetpack-related-posts":[],"jetpack_likes_enabled":true,"jetpack_sharing_enabled":true,"_links":{"self":[{"href":"https:\/\/www.gastonballiot.fr\/index.php?rest_route=\/wp\/v2\/posts\/24","targetHints":{"allow":["GET"]}}],"collection":[{"href":"https:\/\/www.gastonballiot.fr\/index.php?rest_route=\/wp\/v2\/posts"}],"about":[{"href":"https:\/\/www.gastonballiot.fr\/index.php?rest_route=\/wp\/v2\/types\/post"}],"author":[{"embeddable":true,"href":"https:\/\/www.gastonballiot.fr\/index.php?rest_route=\/wp\/v2\/users\/1"}],"replies":[{"embeddable":true,"href":"https:\/\/www.gastonballiot.fr\/index.php?rest_route=%2Fwp%2Fv2%2Fcomments&post=24"}],"version-history":[{"count":0,"href":"https:\/\/www.gastonballiot.fr\/index.php?rest_route=\/wp\/v2\/posts\/24\/revisions"}],"wp:attachment":[{"href":"https:\/\/www.gastonballiot.fr\/index.php?rest_route=%2Fwp%2Fv2%2Fmedia&parent=24"}],"wp:term":[{"taxonomy":"category","embeddable":true,"href":"https:\/\/www.gastonballiot.fr\/index.php?rest_route=%2Fwp%2Fv2%2Fcategories&post=24"},{"taxonomy":"post_tag","embeddable":true,"href":"https:\/\/www.gastonballiot.fr\/index.php?rest_route=%2Fwp%2Fv2%2Ftags&post=24"}],"curies":[{"name":"wp","href":"https:\/\/api.w.org\/{rel}","templated":true}]}}