{"id":2618,"date":"2016-10-04T11:40:05","date_gmt":"2016-10-04T09:40:05","guid":{"rendered":"http:\/\/www.gastonballiot.fr\/?p=2618"},"modified":"2016-10-04T11:41:47","modified_gmt":"2016-10-04T09:41:47","slug":"vues-de-photographes-4-mois-contre-la-loi-travail","status":"publish","type":"post","link":"https:\/\/www.gastonballiot.fr\/?p=2618","title":{"rendered":"Vues de photographes : 4 mois contre la loi travail."},"content":{"rendered":"<p>Trente-et-un photographes engag\u00e9s, avec des statuts, des motivations et des niveaux d\u2019exp\u00e9rience diff\u00e9rents se sont rencontr\u00e9s dans les manifestations contre la loi El Khomri et ont eu envie de se retrouver autour d\u2019un projet commun. Pour que leurs photos ne restent pas sur les ordinateurs, sur les pages facebook ou sites internet, mais pour qu\u2019elles reviennent aux acteurs et actrices de ce mouvement, ils ont d\u00e9cid\u00e9 de r\u00e9aliser cette premi\u00e8re exposition collective qui a eu lieu \u00e0 la bourse du travail. Reportage journal l&rsquo;Humanit\u00e9.\u00a0<iframe loading=\"lazy\" src=\"https:\/\/www.youtube.com\/embed\/BBsldD2EAj4\" width=\"854\" height=\"480\" frameborder=\"0\" allowfullscreen=\"allowfullscreen\"><\/iframe><\/p>\n","protected":false},"excerpt":{"rendered":"<p>Trente-et-un photographes engag\u00e9s, avec des statuts, des motivations et des niveaux d\u2019exp\u00e9rience diff\u00e9rents se sont rencontr\u00e9s dans les manifestations contre la loi El Khomri et ont eu envie de se retrouver autour d\u2019un projet commun. Pour que leurs photos ne restent pas sur les ordinateurs, sur les pages facebook ou sites internet, mais pour qu\u2019elles reviennent aux acteurs et actrices de ce mouvement, ils ont d\u00e9cid\u00e9 de r\u00e9aliser cette premi\u00e8re exposition collective qui a eu lieu \u00e0 la bourse du travail. &#8230; <a title=\"Vues de photographes : 4 mois contre la loi travail.\" class=\"read-more\" href=\"https:\/\/www.gastonballiot.fr\/?p=2618\" aria-label=\"Plus sur Vues de photographes : 4 mois contre la loi travail.\">Lire la suite&#8230;<\/a><\/p>\n","protected":false},"author":1,"featured_media":0,"comment_status":"open","ping_status":"open","sticky":false,"template":"","format":"standard","meta":{"ngg_post_thumbnail":0,"jetpack_post_was_ever_published":false,"_jetpack_newsletter_access":"","_jetpack_dont_email_post_to_subs":false,"_jetpack_newsletter_tier_id":0,"_jetpack_memberships_contains_paywalled_content":false,"_jetpack_memberships_contains_paid_content":false,"footnotes":"","jetpack_publicize_message":"","jetpack_publicize_feature_enabled":true,"jetpack_social_post_already_shared":false,"jetpack_social_options":{"image_generator_settings":{"template":"highway","enabled":false},"version":2}},"categories":[2,5,16],"tags":[269,48,255,200],"class_list":["post-2618","post","type-post","status-publish","format-standard","hentry","category-a-la-une","category-democratie","category-social","tag-censure","tag-democratie","tag-police","tag-violence","infinite-scroll-item","masonry-post","generate-columns","tablet-grid-50","mobile-grid-100","grid-parent","grid-33"],"jetpack_publicize_connections":[],"yoast_head":"<!-- This site is optimized with the Yoast SEO plugin v27.5 - https:\/\/yoast.com\/product\/yoast-seo-wordpress\/ -->\n<title>Vues de photographes : 4 mois contre la loi travail. - Le blog politique de Gaston<\/title>\n<meta name=\"robots\" content=\"index, follow, max-snippet:-1, max-image-preview:large, max-video-preview:-1\" \/>\n<link rel=\"canonical\" href=\"https:\/\/www.gastonballiot.fr\/?p=2618\" \/>\n<meta property=\"og:locale\" content=\"fr_FR\" \/>\n<meta property=\"og:type\" content=\"article\" \/>\n<meta property=\"og:title\" content=\"Vues de photographes : 4 mois contre la loi travail. - Le blog politique de Gaston\" \/>\n<meta property=\"og:description\" content=\"Trente-et-un photographes engag\u00e9s, avec des statuts, des motivations et des niveaux d\u2019exp\u00e9rience diff\u00e9rents se sont rencontr\u00e9s dans les manifestations contre la loi El Khomri et ont eu envie de se retrouver autour d\u2019un projet commun. Pour que leurs photos ne restent pas sur les ordinateurs, sur les pages facebook ou sites internet, mais pour qu\u2019elles reviennent aux acteurs et actrices de ce mouvement, ils ont d\u00e9cid\u00e9 de r\u00e9aliser cette premi\u00e8re exposition collective qui a eu lieu \u00e0 la bourse du travail. ... Lire la suite...\" \/>\n<meta property=\"og:url\" content=\"https:\/\/www.gastonballiot.fr\/?p=2618\" \/>\n<meta property=\"og:site_name\" content=\"Le blog politique de Gaston\" \/>\n<meta property=\"article:publisher\" content=\"https:\/\/www.facebook.com\/gaston.balliot\/\" \/>\n<meta property=\"article:author\" content=\"https:\/\/www.facebook.com\/gaston.balliot\/\" \/>\n<meta property=\"article:published_time\" content=\"2016-10-04T09:40:05+00:00\" \/>\n<meta property=\"article:modified_time\" content=\"2016-10-04T09:41:47+00:00\" \/>\n<meta name=\"author\" content=\"gb\" \/>\n<meta name=\"twitter:card\" content=\"summary_large_image\" \/>\n<meta name=\"twitter:label1\" content=\"\u00c9crit par\" \/>\n\t<meta name=\"twitter:data1\" content=\"gb\" \/>\n<script type=\"application\/ld+json\" class=\"yoast-schema-graph\">{\"@context\":\"https:\\\/\\\/schema.org\",\"@graph\":[{\"@type\":\"Article\",\"@id\":\"https:\\\/\\\/www.gastonballiot.fr\\\/?p=2618#article\",\"isPartOf\":{\"@id\":\"https:\\\/\\\/www.gastonballiot.fr\\\/?p=2618\"},\"author\":{\"name\":\"gb\",\"@id\":\"https:\\\/\\\/www.gastonballiot.fr\\\/#\\\/schema\\\/person\\\/244a5e02696abd8a65c5b1bebdb948ca\"},\"headline\":\"Vues de photographes : 4 mois contre la loi travail.\",\"datePublished\":\"2016-10-04T09:40:05+00:00\",\"dateModified\":\"2016-10-04T09:41:47+00:00\",\"mainEntityOfPage\":{\"@id\":\"https:\\\/\\\/www.gastonballiot.fr\\\/?p=2618\"},\"wordCount\":102,\"commentCount\":1,\"publisher\":{\"@id\":\"https:\\\/\\\/www.gastonballiot.fr\\\/#\\\/schema\\\/person\\\/244a5e02696abd8a65c5b1bebdb948ca\"},\"keywords\":[\"censure\",\"D\u00e9mocratie\",\"police\",\"violence\"],\"articleSection\":[\"A la une\",\"D\u00e9mocratie\",\"Social\"],\"inLanguage\":\"fr-FR\",\"potentialAction\":[{\"@type\":\"CommentAction\",\"name\":\"Comment\",\"target\":[\"https:\\\/\\\/www.gastonballiot.fr\\\/?p=2618#respond\"]}]},{\"@type\":\"WebPage\",\"@id\":\"https:\\\/\\\/www.gastonballiot.fr\\\/?p=2618\",\"url\":\"https:\\\/\\\/www.gastonballiot.fr\\\/?p=2618\",\"name\":\"Vues de photographes : 4 mois contre la loi travail. - Le blog politique de Gaston\",\"isPartOf\":{\"@id\":\"https:\\\/\\\/www.gastonballiot.fr\\\/#website\"},\"datePublished\":\"2016-10-04T09:40:05+00:00\",\"dateModified\":\"2016-10-04T09:41:47+00:00\",\"breadcrumb\":{\"@id\":\"https:\\\/\\\/www.gastonballiot.fr\\\/?p=2618#breadcrumb\"},\"inLanguage\":\"fr-FR\",\"potentialAction\":[{\"@type\":\"ReadAction\",\"target\":[\"https:\\\/\\\/www.gastonballiot.fr\\\/?p=2618\"]}]},{\"@type\":\"BreadcrumbList\",\"@id\":\"https:\\\/\\\/www.gastonballiot.fr\\\/?p=2618#breadcrumb\",\"itemListElement\":[{\"@type\":\"ListItem\",\"position\":1,\"name\":\"Accueil\",\"item\":\"https:\\\/\\\/www.gastonballiot.fr\\\/\"},{\"@type\":\"ListItem\",\"position\":2,\"name\":\"Vues de photographes : 4 mois contre la loi travail.\"}]},{\"@type\":\"WebSite\",\"@id\":\"https:\\\/\\\/www.gastonballiot.fr\\\/#website\",\"url\":\"https:\\\/\\\/www.gastonballiot.fr\\\/\",\"name\":\"Le blog politique de Gaston\",\"description\":\"L&#039;humain d&#039;abord, pas la finance !\",\"publisher\":{\"@id\":\"https:\\\/\\\/www.gastonballiot.fr\\\/#\\\/schema\\\/person\\\/244a5e02696abd8a65c5b1bebdb948ca\"},\"potentialAction\":[{\"@type\":\"SearchAction\",\"target\":{\"@type\":\"EntryPoint\",\"urlTemplate\":\"https:\\\/\\\/www.gastonballiot.fr\\\/?s={search_term_string}\"},\"query-input\":{\"@type\":\"PropertyValueSpecification\",\"valueRequired\":true,\"valueName\":\"search_term_string\"}}],\"inLanguage\":\"fr-FR\"},{\"@type\":[\"Person\",\"Organization\"],\"@id\":\"https:\\\/\\\/www.gastonballiot.fr\\\/#\\\/schema\\\/person\\\/244a5e02696abd8a65c5b1bebdb948ca\",\"name\":\"gb\",\"image\":{\"@type\":\"ImageObject\",\"inLanguage\":\"fr-FR\",\"@id\":\"https:\\\/\\\/i0.wp.com\\\/www.gastonballiot.fr\\\/wp-content\\\/uploads\\\/2017\\\/04\\\/cropped-Marianne-drapeau-rouge.gif?fit=512%2C512&ssl=1\",\"url\":\"https:\\\/\\\/i0.wp.com\\\/www.gastonballiot.fr\\\/wp-content\\\/uploads\\\/2017\\\/04\\\/cropped-Marianne-drapeau-rouge.gif?fit=512%2C512&ssl=1\",\"contentUrl\":\"https:\\\/\\\/i0.wp.com\\\/www.gastonballiot.fr\\\/wp-content\\\/uploads\\\/2017\\\/04\\\/cropped-Marianne-drapeau-rouge.gif?fit=512%2C512&ssl=1\",\"width\":512,\"height\":512,\"caption\":\"gb\"},\"logo\":{\"@id\":\"https:\\\/\\\/i0.wp.com\\\/www.gastonballiot.fr\\\/wp-content\\\/uploads\\\/2017\\\/04\\\/cropped-Marianne-drapeau-rouge.gif?fit=512%2C512&ssl=1\"},\"description\":\"Gaston Balliot, militant du Front de Gauche en pays bigouden - Pont L'Abb\u00e9 - Loctudy - Guilvinec - Penmarc'h - Ile Tudy - Combrit Ste Marine - Tr\u00e9meoc - Plon\u00e9our, p\u00eache tourisme\",\"sameAs\":[\"https:\\\/\\\/www.facebook.com\\\/gaston.balliot\\\/\"]}]}<\/script>\n<!-- \/ Yoast SEO plugin. -->","yoast_head_json":{"title":"Vues de photographes : 4 mois contre la loi travail. - Le blog politique de Gaston","robots":{"index":"index","follow":"follow","max-snippet":"max-snippet:-1","max-image-preview":"max-image-preview:large","max-video-preview":"max-video-preview:-1"},"canonical":"https:\/\/www.gastonballiot.fr\/?p=2618","og_locale":"fr_FR","og_type":"article","og_title":"Vues de photographes : 4 mois contre la loi travail. - Le blog politique de Gaston","og_description":"Trente-et-un photographes engag\u00e9s, avec des statuts, des motivations et des niveaux d\u2019exp\u00e9rience diff\u00e9rents se sont rencontr\u00e9s dans les manifestations contre la loi El Khomri et ont eu envie de se retrouver autour d\u2019un projet commun. Pour que leurs photos ne restent pas sur les ordinateurs, sur les pages facebook ou sites internet, mais pour qu\u2019elles reviennent aux acteurs et actrices de ce mouvement, ils ont d\u00e9cid\u00e9 de r\u00e9aliser cette premi\u00e8re exposition collective qui a eu lieu \u00e0 la bourse du travail. ... Lire la suite...","og_url":"https:\/\/www.gastonballiot.fr\/?p=2618","og_site_name":"Le blog politique de Gaston","article_publisher":"https:\/\/www.facebook.com\/gaston.balliot\/","article_author":"https:\/\/www.facebook.com\/gaston.balliot\/","article_published_time":"2016-10-04T09:40:05+00:00","article_modified_time":"2016-10-04T09:41:47+00:00","author":"gb","twitter_card":"summary_large_image","twitter_misc":{"\u00c9crit par":"gb"},"schema":{"@context":"https:\/\/schema.org","@graph":[{"@type":"Article","@id":"https:\/\/www.gastonballiot.fr\/?p=2618#article","isPartOf":{"@id":"https:\/\/www.gastonballiot.fr\/?p=2618"},"author":{"name":"gb","@id":"https:\/\/www.gastonballiot.fr\/#\/schema\/person\/244a5e02696abd8a65c5b1bebdb948ca"},"headline":"Vues de photographes : 4 mois contre la loi travail.","datePublished":"2016-10-04T09:40:05+00:00","dateModified":"2016-10-04T09:41:47+00:00","mainEntityOfPage":{"@id":"https:\/\/www.gastonballiot.fr\/?p=2618"},"wordCount":102,"commentCount":1,"publisher":{"@id":"https:\/\/www.gastonballiot.fr\/#\/schema\/person\/244a5e02696abd8a65c5b1bebdb948ca"},"keywords":["censure","D\u00e9mocratie","police","violence"],"articleSection":["A la une","D\u00e9mocratie","Social"],"inLanguage":"fr-FR","potentialAction":[{"@type":"CommentAction","name":"Comment","target":["https:\/\/www.gastonballiot.fr\/?p=2618#respond"]}]},{"@type":"WebPage","@id":"https:\/\/www.gastonballiot.fr\/?p=2618","url":"https:\/\/www.gastonballiot.fr\/?p=2618","name":"Vues de photographes : 4 mois contre la loi travail. - Le blog politique de Gaston","isPartOf":{"@id":"https:\/\/www.gastonballiot.fr\/#website"},"datePublished":"2016-10-04T09:40:05+00:00","dateModified":"2016-10-04T09:41:47+00:00","breadcrumb":{"@id":"https:\/\/www.gastonballiot.fr\/?p=2618#breadcrumb"},"inLanguage":"fr-FR","potentialAction":[{"@type":"ReadAction","target":["https:\/\/www.gastonballiot.fr\/?p=2618"]}]},{"@type":"BreadcrumbList","@id":"https:\/\/www.gastonballiot.fr\/?p=2618#breadcrumb","itemListElement":[{"@type":"ListItem","position":1,"name":"Accueil","item":"https:\/\/www.gastonballiot.fr\/"},{"@type":"ListItem","position":2,"name":"Vues de photographes : 4 mois contre la loi travail."}]},{"@type":"WebSite","@id":"https:\/\/www.gastonballiot.fr\/#website","url":"https:\/\/www.gastonballiot.fr\/","name":"Le blog politique de Gaston","description":"L&#039;humain d&#039;abord, pas la finance !","publisher":{"@id":"https:\/\/www.gastonballiot.fr\/#\/schema\/person\/244a5e02696abd8a65c5b1bebdb948ca"},"potentialAction":[{"@type":"SearchAction","target":{"@type":"EntryPoint","urlTemplate":"https:\/\/www.gastonballiot.fr\/?s={search_term_string}"},"query-input":{"@type":"PropertyValueSpecification","valueRequired":true,"valueName":"search_term_string"}}],"inLanguage":"fr-FR"},{"@type":["Person","Organization"],"@id":"https:\/\/www.gastonballiot.fr\/#\/schema\/person\/244a5e02696abd8a65c5b1bebdb948ca","name":"gb","image":{"@type":"ImageObject","inLanguage":"fr-FR","@id":"https:\/\/i0.wp.com\/www.gastonballiot.fr\/wp-content\/uploads\/2017\/04\/cropped-Marianne-drapeau-rouge.gif?fit=512%2C512&ssl=1","url":"https:\/\/i0.wp.com\/www.gastonballiot.fr\/wp-content\/uploads\/2017\/04\/cropped-Marianne-drapeau-rouge.gif?fit=512%2C512&ssl=1","contentUrl":"https:\/\/i0.wp.com\/www.gastonballiot.fr\/wp-content\/uploads\/2017\/04\/cropped-Marianne-drapeau-rouge.gif?fit=512%2C512&ssl=1","width":512,"height":512,"caption":"gb"},"logo":{"@id":"https:\/\/i0.wp.com\/www.gastonballiot.fr\/wp-content\/uploads\/2017\/04\/cropped-Marianne-drapeau-rouge.gif?fit=512%2C512&ssl=1"},"description":"Gaston Balliot, militant du Front de Gauche en pays bigouden - Pont L'Abb\u00e9 - Loctudy - Guilvinec - Penmarc'h - Ile Tudy - Combrit Ste Marine - Tr\u00e9meoc - Plon\u00e9our, p\u00eache tourisme","sameAs":["https:\/\/www.facebook.com\/gaston.balliot\/"]}]}},"jetpack_featured_media_url":"","jetpack_shortlink":"https:\/\/wp.me\/p5UTaD-Ge","jetpack-related-posts":[],"jetpack_likes_enabled":true,"jetpack_sharing_enabled":true,"_links":{"self":[{"href":"https:\/\/www.gastonballiot.fr\/index.php?rest_route=\/wp\/v2\/posts\/2618","targetHints":{"allow":["GET"]}}],"collection":[{"href":"https:\/\/www.gastonballiot.fr\/index.php?rest_route=\/wp\/v2\/posts"}],"about":[{"href":"https:\/\/www.gastonballiot.fr\/index.php?rest_route=\/wp\/v2\/types\/post"}],"author":[{"embeddable":true,"href":"https:\/\/www.gastonballiot.fr\/index.php?rest_route=\/wp\/v2\/users\/1"}],"replies":[{"embeddable":true,"href":"https:\/\/www.gastonballiot.fr\/index.php?rest_route=%2Fwp%2Fv2%2Fcomments&post=2618"}],"version-history":[{"count":0,"href":"https:\/\/www.gastonballiot.fr\/index.php?rest_route=\/wp\/v2\/posts\/2618\/revisions"}],"wp:attachment":[{"href":"https:\/\/www.gastonballiot.fr\/index.php?rest_route=%2Fwp%2Fv2%2Fmedia&parent=2618"}],"wp:term":[{"taxonomy":"category","embeddable":true,"href":"https:\/\/www.gastonballiot.fr\/index.php?rest_route=%2Fwp%2Fv2%2Fcategories&post=2618"},{"taxonomy":"post_tag","embeddable":true,"href":"https:\/\/www.gastonballiot.fr\/index.php?rest_route=%2Fwp%2Fv2%2Ftags&post=2618"}],"curies":[{"name":"wp","href":"https:\/\/api.w.org\/{rel}","templated":true}]}}