{"id":2676,"date":"2016-10-31T08:48:01","date_gmt":"2016-10-31T07:48:01","guid":{"rendered":"http:\/\/www.gastonballiot.fr\/?p=2676"},"modified":"2016-11-01T17:50:24","modified_gmt":"2016-11-01T16:50:24","slug":"petition-contre-le-doublement-des-credits-de-larme-atomique-et-contre-laugmentation-de-31-du-budget-annuel-de-la-defense-a-lhorizon-2020","status":"publish","type":"post","link":"https:\/\/www.gastonballiot.fr\/?p=2676","title":{"rendered":"P\u00e9tition contre le doublement des cr\u00e9dits de l&rsquo;arme atomique et contre l&rsquo;augmentation de 31 % du budget annuel de la d\u00e9fense \u00e0 l&rsquo;horizon 2020"},"content":{"rendered":"<header class=\"entry-header\">\n<h4 class=\"entry-title\" style=\"text-align: center;\">SIGNEZ LA P\u00c9TITION CONTRE LE DOUBLEMENT DES CR\u00c9DITS DE L\u2019ARME ATOMIQUE ET CONTRE L\u2019AUGMENTATION DE 31 % DU BUDGET ANNUEL DE LA D\u00c9FENSE \u00c0 L\u2019HORIZON 2020<\/h4>\n<\/header>\n<div class=\"entry-content\">\n<h4 style=\"text-align: center;\"><strong>P\u00e9tition lanc\u00e9e par le Mouvement de la Paix en direction des parlementaires et du gouvernement<\/strong><\/h4>\n<h3 style=\"text-align: center;\"><strong><a href=\"http:\/\/www.mvtpaix.org\/wordpress\/petition-en-marche-pour-la-paix-stop-la-guerre-stop-les-violences\/\" target=\"_blank\">http:\/\/www.mvtpaix.org\/wordpress\/petition-en-marche-pour-la-paix-stop-la-guerre-stop-les-violences\/<\/a><\/strong><\/h3>\n<hr \/>\n<div class=\"divTitreArticle\">\n<h3>La France vote contre un trait\u00e9 d&rsquo;interdiction des armes nucl\u00e9aires \u00e0 l&rsquo;ONU (Paul Quil\u00e8s, 28 octobre)<\/h3>\n<\/div>\n<div class=\"contenuArticle\">\n<div class=\"ob-sections\">\n<div class=\"ob-section ob-section-images ob-default\">\n<div class=\"ob-row-1-col\"><a class=\"ob-link-img\" href=\"https:\/\/i0.wp.com\/img.over-blog-kiwi.com\/1\/48\/90\/59\/20161101\/ob_d270e4_bombe-nucleaire.jpg\" rel=\"fancybox\"><img data-recalc-dims=\"1\" decoding=\"async\" class=\"ob-cell ob-img ob-media aligncenter\" src=\"https:\/\/i0.wp.com\/img.over-blog-kiwi.com\/1\/48\/90\/59\/20161101\/ob_d270e4_bombe-nucleaire.jpg?w=1200\" alt=\"La France vote contre un trait\u00e9 d'interdiction des armes nucl\u00e9aires \u00e0 l'ONU (Paul Quil\u00e8s, 28 octobre) \" \/><\/a><\/div>\n<\/div>\n<div class=\"ob-section ob-section-html\">\n<p>\u00a0Un \u00e9v\u00e9nement rare et historique vient se produire cette nuit \u00e0 l&rsquo;ONU<strong>. Une r\u00e9solution en faveur de la r\u00e9daction d&rsquo;un trait\u00e9 d&rsquo;interdiction des armes nucl\u00e9aires\u00a0<\/strong>a \u00e9t\u00e9\u00a0vot\u00e9e par la 1\u00e8re commission \u00e0 une tr\u00e8s large\u00a0majorit\u00e9.<\/p>\n<p><strong>\u00a0 \u00a0 \u00a0 123 pays\u00a0<\/strong>(dont l&rsquo;Autriche, la Su\u00e8de, le Mexique, le Br\u00e9sil, l&rsquo;Afrique du Sud,\u00a0&#8230;) ont vot\u00e9 en faveur de cette\u00a0r\u00e9solution.<\/p>\n<p><strong>\u00a0 \u00a0 \u00a0 38 pays ont vot\u00e9 contre, dont la France<\/strong>.<\/p>\n<p><strong>\u00a0 \u00a0 \u00a016 se sont abstenus<\/strong>, dont la Chine, l&rsquo;Inde, le Pakistan,la Finlande, les Pays-Bas,\u00a0la Cor\u00e9e du Nord).<\/p>\n<p>Je consid\u00e8re le vote de la France comme\u00a0<strong>contradictoire<\/strong>\u00a0avec tous les beaux discours sur la recherche d&rsquo;une plus grande s\u00e9curit\u00e9 dans le monde et de la lutte contre la prolif\u00e9ration nucl\u00e9aire.<\/p>\n<p><strong>\u00a0 \u00a0 \u00a0 Pour faire court, ce vote est honteux<\/strong>.<\/p>\n<p>Paul Quil\u00e8s<\/p>\n<\/div>\n<\/div>\n<\/div>\n<\/div>\n","protected":false},"excerpt":{"rendered":"<p>SIGNEZ LA P\u00c9TITION CONTRE LE DOUBLEMENT DES CR\u00c9DITS DE L\u2019ARME ATOMIQUE ET CONTRE L\u2019AUGMENTATION DE 31 % DU BUDGET ANNUEL DE LA D\u00c9FENSE \u00c0 L\u2019HORIZON 2020 P\u00e9tition lanc\u00e9e par le Mouvement de la Paix en direction des parlementaires et du gouvernement http:\/\/www.mvtpaix.org\/wordpress\/petition-en-marche-pour-la-paix-stop-la-guerre-stop-les-violences\/ La France vote contre un trait\u00e9 d&rsquo;interdiction des armes nucl\u00e9aires \u00e0 l&rsquo;ONU (Paul Quil\u00e8s, 28 octobre) \u00a0Un \u00e9v\u00e9nement rare et historique vient se produire cette nuit \u00e0 l&rsquo;ONU. Une r\u00e9solution en faveur de la r\u00e9daction d&rsquo;un trait\u00e9 d&rsquo;interdiction des &#8230; <a title=\"P\u00e9tition contre le doublement des cr\u00e9dits de l&rsquo;arme atomique et contre l&rsquo;augmentation de 31 % du budget annuel de la d\u00e9fense \u00e0 l&rsquo;horizon 2020\" class=\"read-more\" href=\"https:\/\/www.gastonballiot.fr\/?p=2676\" aria-label=\"Plus sur P\u00e9tition contre le doublement des cr\u00e9dits de l&rsquo;arme atomique et contre l&rsquo;augmentation de 31 % du budget annuel de la d\u00e9fense \u00e0 l&rsquo;horizon 2020\">Lire la suite&#8230;<\/a><\/p>\n","protected":false},"author":1,"featured_media":2677,"comment_status":"open","ping_status":"open","sticky":false,"template":"","format":"standard","meta":{"ngg_post_thumbnail":0,"jetpack_post_was_ever_published":false,"_jetpack_newsletter_access":"","_jetpack_dont_email_post_to_subs":false,"_jetpack_newsletter_tier_id":0,"_jetpack_memberships_contains_paywalled_content":false,"_jetpack_memberships_contains_paid_content":false,"footnotes":"","jetpack_publicize_message":"","jetpack_publicize_feature_enabled":true,"jetpack_social_post_already_shared":false,"jetpack_social_options":{"image_generator_settings":{"template":"highway","enabled":false},"version":2}},"categories":[2,12],"tags":[161,103],"class_list":["post-2676","post","type-post","status-publish","format-standard","has-post-thumbnail","hentry","category-a-la-une","category-paix-desarmement","tag-armes","tag-paix","infinite-scroll-item","masonry-post","generate-columns","tablet-grid-50","mobile-grid-100","grid-parent","grid-33"],"jetpack_publicize_connections":[],"yoast_head":"<!-- This site is optimized with the Yoast SEO plugin v27.5 - https:\/\/yoast.com\/product\/yoast-seo-wordpress\/ -->\n<title>P\u00e9tition contre le doublement des cr\u00e9dits de l&#039;arme atomique et contre l&#039;augmentation de 31 % du budget annuel de la d\u00e9fense \u00e0 l&#039;horizon 2020 - Le blog politique de Gaston<\/title>\n<meta name=\"robots\" content=\"index, follow, max-snippet:-1, max-image-preview:large, max-video-preview:-1\" \/>\n<link rel=\"canonical\" href=\"https:\/\/www.gastonballiot.fr\/?p=2676\" \/>\n<meta property=\"og:locale\" content=\"fr_FR\" \/>\n<meta property=\"og:type\" content=\"article\" \/>\n<meta property=\"og:title\" content=\"P\u00e9tition contre le doublement des cr\u00e9dits de l&#039;arme atomique et contre l&#039;augmentation de 31 % du budget annuel de la d\u00e9fense \u00e0 l&#039;horizon 2020 - Le blog politique de Gaston\" \/>\n<meta property=\"og:description\" content=\"SIGNEZ LA P\u00c9TITION CONTRE LE DOUBLEMENT DES CR\u00c9DITS DE L\u2019ARME ATOMIQUE ET CONTRE L\u2019AUGMENTATION DE 31 % DU BUDGET ANNUEL DE LA D\u00c9FENSE \u00c0 L\u2019HORIZON 2020 P\u00e9tition lanc\u00e9e par le Mouvement de la Paix en direction des parlementaires et du gouvernement http:\/\/www.mvtpaix.org\/wordpress\/petition-en-marche-pour-la-paix-stop-la-guerre-stop-les-violences\/ La France vote contre un trait\u00e9 d&rsquo;interdiction des armes nucl\u00e9aires \u00e0 l&rsquo;ONU (Paul Quil\u00e8s, 28 octobre) \u00a0Un \u00e9v\u00e9nement rare et historique vient se produire cette nuit \u00e0 l&rsquo;ONU. Une r\u00e9solution en faveur de la r\u00e9daction d&rsquo;un trait\u00e9 d&rsquo;interdiction des ... Lire la suite...\" \/>\n<meta property=\"og:url\" content=\"https:\/\/www.gastonballiot.fr\/?p=2676\" \/>\n<meta property=\"og:site_name\" content=\"Le blog politique de Gaston\" \/>\n<meta property=\"article:publisher\" content=\"https:\/\/www.facebook.com\/gaston.balliot\/\" \/>\n<meta property=\"article:author\" content=\"https:\/\/www.facebook.com\/gaston.balliot\/\" \/>\n<meta property=\"article:published_time\" content=\"2016-10-31T07:48:01+00:00\" \/>\n<meta property=\"article:modified_time\" content=\"2016-11-01T16:50:24+00:00\" \/>\n<meta property=\"og:image\" content=\"https:\/\/www.gastonballiot.fr\/wp-content\/uploads\/2016\/10\/petitionPaix.jpg\" \/>\n\t<meta property=\"og:image:width\" content=\"303\" \/>\n\t<meta property=\"og:image:height\" content=\"187\" \/>\n\t<meta property=\"og:image:type\" content=\"image\/jpeg\" \/>\n<meta name=\"author\" content=\"gb\" \/>\n<meta name=\"twitter:card\" content=\"summary_large_image\" \/>\n<meta name=\"twitter:label1\" content=\"\u00c9crit par\" \/>\n\t<meta name=\"twitter:data1\" content=\"gb\" \/>\n\t<meta name=\"twitter:label2\" content=\"Dur\u00e9e de lecture estim\u00e9e\" \/>\n\t<meta name=\"twitter:data2\" content=\"1 minute\" \/>\n<script type=\"application\/ld+json\" class=\"yoast-schema-graph\">{\"@context\":\"https:\\\/\\\/schema.org\",\"@graph\":[{\"@type\":\"Article\",\"@id\":\"https:\\\/\\\/www.gastonballiot.fr\\\/?p=2676#article\",\"isPartOf\":{\"@id\":\"https:\\\/\\\/www.gastonballiot.fr\\\/?p=2676\"},\"author\":{\"name\":\"gb\",\"@id\":\"https:\\\/\\\/www.gastonballiot.fr\\\/#\\\/schema\\\/person\\\/244a5e02696abd8a65c5b1bebdb948ca\"},\"headline\":\"P\u00e9tition contre le doublement des cr\u00e9dits de l&rsquo;arme atomique et contre l&rsquo;augmentation de 31 % du budget annuel de la d\u00e9fense \u00e0 l&rsquo;horizon 2020\",\"datePublished\":\"2016-10-31T07:48:01+00:00\",\"dateModified\":\"2016-11-01T16:50:24+00:00\",\"mainEntityOfPage\":{\"@id\":\"https:\\\/\\\/www.gastonballiot.fr\\\/?p=2676\"},\"wordCount\":236,\"commentCount\":0,\"publisher\":{\"@id\":\"https:\\\/\\\/www.gastonballiot.fr\\\/#\\\/schema\\\/person\\\/244a5e02696abd8a65c5b1bebdb948ca\"},\"image\":{\"@id\":\"https:\\\/\\\/www.gastonballiot.fr\\\/?p=2676#primaryimage\"},\"thumbnailUrl\":\"https:\\\/\\\/i0.wp.com\\\/www.gastonballiot.fr\\\/wp-content\\\/uploads\\\/2016\\\/10\\\/petitionPaix.jpg?fit=303%2C187&ssl=1\",\"keywords\":[\"armes\",\"paix\"],\"articleSection\":[\"A la une\",\"Paix-D\u00e9sarmement\"],\"inLanguage\":\"fr-FR\",\"potentialAction\":[{\"@type\":\"CommentAction\",\"name\":\"Comment\",\"target\":[\"https:\\\/\\\/www.gastonballiot.fr\\\/?p=2676#respond\"]}]},{\"@type\":\"WebPage\",\"@id\":\"https:\\\/\\\/www.gastonballiot.fr\\\/?p=2676\",\"url\":\"https:\\\/\\\/www.gastonballiot.fr\\\/?p=2676\",\"name\":\"P\u00e9tition contre le doublement des cr\u00e9dits de l'arme atomique et contre l'augmentation de 31 % du budget annuel de la d\u00e9fense \u00e0 l'horizon 2020 - Le blog politique de Gaston\",\"isPartOf\":{\"@id\":\"https:\\\/\\\/www.gastonballiot.fr\\\/#website\"},\"primaryImageOfPage\":{\"@id\":\"https:\\\/\\\/www.gastonballiot.fr\\\/?p=2676#primaryimage\"},\"image\":{\"@id\":\"https:\\\/\\\/www.gastonballiot.fr\\\/?p=2676#primaryimage\"},\"thumbnailUrl\":\"https:\\\/\\\/i0.wp.com\\\/www.gastonballiot.fr\\\/wp-content\\\/uploads\\\/2016\\\/10\\\/petitionPaix.jpg?fit=303%2C187&ssl=1\",\"datePublished\":\"2016-10-31T07:48:01+00:00\",\"dateModified\":\"2016-11-01T16:50:24+00:00\",\"breadcrumb\":{\"@id\":\"https:\\\/\\\/www.gastonballiot.fr\\\/?p=2676#breadcrumb\"},\"inLanguage\":\"fr-FR\",\"potentialAction\":[{\"@type\":\"ReadAction\",\"target\":[\"https:\\\/\\\/www.gastonballiot.fr\\\/?p=2676\"]}]},{\"@type\":\"ImageObject\",\"inLanguage\":\"fr-FR\",\"@id\":\"https:\\\/\\\/www.gastonballiot.fr\\\/?p=2676#primaryimage\",\"url\":\"https:\\\/\\\/i0.wp.com\\\/www.gastonballiot.fr\\\/wp-content\\\/uploads\\\/2016\\\/10\\\/petitionPaix.jpg?fit=303%2C187&ssl=1\",\"contentUrl\":\"https:\\\/\\\/i0.wp.com\\\/www.gastonballiot.fr\\\/wp-content\\\/uploads\\\/2016\\\/10\\\/petitionPaix.jpg?fit=303%2C187&ssl=1\",\"width\":303,\"height\":187},{\"@type\":\"BreadcrumbList\",\"@id\":\"https:\\\/\\\/www.gastonballiot.fr\\\/?p=2676#breadcrumb\",\"itemListElement\":[{\"@type\":\"ListItem\",\"position\":1,\"name\":\"Accueil\",\"item\":\"https:\\\/\\\/www.gastonballiot.fr\\\/\"},{\"@type\":\"ListItem\",\"position\":2,\"name\":\"P\u00e9tition contre le doublement des cr\u00e9dits de l&#8217;arme atomique et contre l&#8217;augmentation de 31 % du budget annuel de la d\u00e9fense \u00e0 l&#8217;horizon 2020\"}]},{\"@type\":\"WebSite\",\"@id\":\"https:\\\/\\\/www.gastonballiot.fr\\\/#website\",\"url\":\"https:\\\/\\\/www.gastonballiot.fr\\\/\",\"name\":\"Le blog politique de Gaston\",\"description\":\"L&#039;humain d&#039;abord, pas la finance !\",\"publisher\":{\"@id\":\"https:\\\/\\\/www.gastonballiot.fr\\\/#\\\/schema\\\/person\\\/244a5e02696abd8a65c5b1bebdb948ca\"},\"potentialAction\":[{\"@type\":\"SearchAction\",\"target\":{\"@type\":\"EntryPoint\",\"urlTemplate\":\"https:\\\/\\\/www.gastonballiot.fr\\\/?s={search_term_string}\"},\"query-input\":{\"@type\":\"PropertyValueSpecification\",\"valueRequired\":true,\"valueName\":\"search_term_string\"}}],\"inLanguage\":\"fr-FR\"},{\"@type\":[\"Person\",\"Organization\"],\"@id\":\"https:\\\/\\\/www.gastonballiot.fr\\\/#\\\/schema\\\/person\\\/244a5e02696abd8a65c5b1bebdb948ca\",\"name\":\"gb\",\"image\":{\"@type\":\"ImageObject\",\"inLanguage\":\"fr-FR\",\"@id\":\"https:\\\/\\\/i0.wp.com\\\/www.gastonballiot.fr\\\/wp-content\\\/uploads\\\/2017\\\/04\\\/cropped-Marianne-drapeau-rouge.gif?fit=512%2C512&ssl=1\",\"url\":\"https:\\\/\\\/i0.wp.com\\\/www.gastonballiot.fr\\\/wp-content\\\/uploads\\\/2017\\\/04\\\/cropped-Marianne-drapeau-rouge.gif?fit=512%2C512&ssl=1\",\"contentUrl\":\"https:\\\/\\\/i0.wp.com\\\/www.gastonballiot.fr\\\/wp-content\\\/uploads\\\/2017\\\/04\\\/cropped-Marianne-drapeau-rouge.gif?fit=512%2C512&ssl=1\",\"width\":512,\"height\":512,\"caption\":\"gb\"},\"logo\":{\"@id\":\"https:\\\/\\\/i0.wp.com\\\/www.gastonballiot.fr\\\/wp-content\\\/uploads\\\/2017\\\/04\\\/cropped-Marianne-drapeau-rouge.gif?fit=512%2C512&ssl=1\"},\"description\":\"Gaston Balliot, militant du Front de Gauche en pays bigouden - Pont L'Abb\u00e9 - Loctudy - Guilvinec - Penmarc'h - Ile Tudy - Combrit Ste Marine - Tr\u00e9meoc - Plon\u00e9our, p\u00eache tourisme\",\"sameAs\":[\"https:\\\/\\\/www.facebook.com\\\/gaston.balliot\\\/\"]}]}<\/script>\n<!-- \/ Yoast SEO plugin. -->","yoast_head_json":{"title":"P\u00e9tition contre le doublement des cr\u00e9dits de l'arme atomique et contre l'augmentation de 31 % du budget annuel de la d\u00e9fense \u00e0 l'horizon 2020 - Le blog politique de Gaston","robots":{"index":"index","follow":"follow","max-snippet":"max-snippet:-1","max-image-preview":"max-image-preview:large","max-video-preview":"max-video-preview:-1"},"canonical":"https:\/\/www.gastonballiot.fr\/?p=2676","og_locale":"fr_FR","og_type":"article","og_title":"P\u00e9tition contre le doublement des cr\u00e9dits de l'arme atomique et contre l'augmentation de 31 % du budget annuel de la d\u00e9fense \u00e0 l'horizon 2020 - Le blog politique de Gaston","og_description":"SIGNEZ LA P\u00c9TITION CONTRE LE DOUBLEMENT DES CR\u00c9DITS DE L\u2019ARME ATOMIQUE ET CONTRE L\u2019AUGMENTATION DE 31 % DU BUDGET ANNUEL DE LA D\u00c9FENSE \u00c0 L\u2019HORIZON 2020 P\u00e9tition lanc\u00e9e par le Mouvement de la Paix en direction des parlementaires et du gouvernement http:\/\/www.mvtpaix.org\/wordpress\/petition-en-marche-pour-la-paix-stop-la-guerre-stop-les-violences\/ La France vote contre un trait\u00e9 d&rsquo;interdiction des armes nucl\u00e9aires \u00e0 l&rsquo;ONU (Paul Quil\u00e8s, 28 octobre) \u00a0Un \u00e9v\u00e9nement rare et historique vient se produire cette nuit \u00e0 l&rsquo;ONU. Une r\u00e9solution en faveur de la r\u00e9daction d&rsquo;un trait\u00e9 d&rsquo;interdiction des ... Lire la suite...","og_url":"https:\/\/www.gastonballiot.fr\/?p=2676","og_site_name":"Le blog politique de Gaston","article_publisher":"https:\/\/www.facebook.com\/gaston.balliot\/","article_author":"https:\/\/www.facebook.com\/gaston.balliot\/","article_published_time":"2016-10-31T07:48:01+00:00","article_modified_time":"2016-11-01T16:50:24+00:00","og_image":[{"width":303,"height":187,"url":"https:\/\/www.gastonballiot.fr\/wp-content\/uploads\/2016\/10\/petitionPaix.jpg","type":"image\/jpeg"}],"author":"gb","twitter_card":"summary_large_image","twitter_misc":{"\u00c9crit par":"gb","Dur\u00e9e de lecture estim\u00e9e":"1 minute"},"schema":{"@context":"https:\/\/schema.org","@graph":[{"@type":"Article","@id":"https:\/\/www.gastonballiot.fr\/?p=2676#article","isPartOf":{"@id":"https:\/\/www.gastonballiot.fr\/?p=2676"},"author":{"name":"gb","@id":"https:\/\/www.gastonballiot.fr\/#\/schema\/person\/244a5e02696abd8a65c5b1bebdb948ca"},"headline":"P\u00e9tition contre le doublement des cr\u00e9dits de l&rsquo;arme atomique et contre l&rsquo;augmentation de 31 % du budget annuel de la d\u00e9fense \u00e0 l&rsquo;horizon 2020","datePublished":"2016-10-31T07:48:01+00:00","dateModified":"2016-11-01T16:50:24+00:00","mainEntityOfPage":{"@id":"https:\/\/www.gastonballiot.fr\/?p=2676"},"wordCount":236,"commentCount":0,"publisher":{"@id":"https:\/\/www.gastonballiot.fr\/#\/schema\/person\/244a5e02696abd8a65c5b1bebdb948ca"},"image":{"@id":"https:\/\/www.gastonballiot.fr\/?p=2676#primaryimage"},"thumbnailUrl":"https:\/\/i0.wp.com\/www.gastonballiot.fr\/wp-content\/uploads\/2016\/10\/petitionPaix.jpg?fit=303%2C187&ssl=1","keywords":["armes","paix"],"articleSection":["A la une","Paix-D\u00e9sarmement"],"inLanguage":"fr-FR","potentialAction":[{"@type":"CommentAction","name":"Comment","target":["https:\/\/www.gastonballiot.fr\/?p=2676#respond"]}]},{"@type":"WebPage","@id":"https:\/\/www.gastonballiot.fr\/?p=2676","url":"https:\/\/www.gastonballiot.fr\/?p=2676","name":"P\u00e9tition contre le doublement des cr\u00e9dits de l'arme atomique et contre l'augmentation de 31 % du budget annuel de la d\u00e9fense \u00e0 l'horizon 2020 - Le blog politique de Gaston","isPartOf":{"@id":"https:\/\/www.gastonballiot.fr\/#website"},"primaryImageOfPage":{"@id":"https:\/\/www.gastonballiot.fr\/?p=2676#primaryimage"},"image":{"@id":"https:\/\/www.gastonballiot.fr\/?p=2676#primaryimage"},"thumbnailUrl":"https:\/\/i0.wp.com\/www.gastonballiot.fr\/wp-content\/uploads\/2016\/10\/petitionPaix.jpg?fit=303%2C187&ssl=1","datePublished":"2016-10-31T07:48:01+00:00","dateModified":"2016-11-01T16:50:24+00:00","breadcrumb":{"@id":"https:\/\/www.gastonballiot.fr\/?p=2676#breadcrumb"},"inLanguage":"fr-FR","potentialAction":[{"@type":"ReadAction","target":["https:\/\/www.gastonballiot.fr\/?p=2676"]}]},{"@type":"ImageObject","inLanguage":"fr-FR","@id":"https:\/\/www.gastonballiot.fr\/?p=2676#primaryimage","url":"https:\/\/i0.wp.com\/www.gastonballiot.fr\/wp-content\/uploads\/2016\/10\/petitionPaix.jpg?fit=303%2C187&ssl=1","contentUrl":"https:\/\/i0.wp.com\/www.gastonballiot.fr\/wp-content\/uploads\/2016\/10\/petitionPaix.jpg?fit=303%2C187&ssl=1","width":303,"height":187},{"@type":"BreadcrumbList","@id":"https:\/\/www.gastonballiot.fr\/?p=2676#breadcrumb","itemListElement":[{"@type":"ListItem","position":1,"name":"Accueil","item":"https:\/\/www.gastonballiot.fr\/"},{"@type":"ListItem","position":2,"name":"P\u00e9tition contre le doublement des cr\u00e9dits de l&#8217;arme atomique et contre l&#8217;augmentation de 31 % du budget annuel de la d\u00e9fense \u00e0 l&#8217;horizon 2020"}]},{"@type":"WebSite","@id":"https:\/\/www.gastonballiot.fr\/#website","url":"https:\/\/www.gastonballiot.fr\/","name":"Le blog politique de Gaston","description":"L&#039;humain d&#039;abord, pas la finance !","publisher":{"@id":"https:\/\/www.gastonballiot.fr\/#\/schema\/person\/244a5e02696abd8a65c5b1bebdb948ca"},"potentialAction":[{"@type":"SearchAction","target":{"@type":"EntryPoint","urlTemplate":"https:\/\/www.gastonballiot.fr\/?s={search_term_string}"},"query-input":{"@type":"PropertyValueSpecification","valueRequired":true,"valueName":"search_term_string"}}],"inLanguage":"fr-FR"},{"@type":["Person","Organization"],"@id":"https:\/\/www.gastonballiot.fr\/#\/schema\/person\/244a5e02696abd8a65c5b1bebdb948ca","name":"gb","image":{"@type":"ImageObject","inLanguage":"fr-FR","@id":"https:\/\/i0.wp.com\/www.gastonballiot.fr\/wp-content\/uploads\/2017\/04\/cropped-Marianne-drapeau-rouge.gif?fit=512%2C512&ssl=1","url":"https:\/\/i0.wp.com\/www.gastonballiot.fr\/wp-content\/uploads\/2017\/04\/cropped-Marianne-drapeau-rouge.gif?fit=512%2C512&ssl=1","contentUrl":"https:\/\/i0.wp.com\/www.gastonballiot.fr\/wp-content\/uploads\/2017\/04\/cropped-Marianne-drapeau-rouge.gif?fit=512%2C512&ssl=1","width":512,"height":512,"caption":"gb"},"logo":{"@id":"https:\/\/i0.wp.com\/www.gastonballiot.fr\/wp-content\/uploads\/2017\/04\/cropped-Marianne-drapeau-rouge.gif?fit=512%2C512&ssl=1"},"description":"Gaston Balliot, militant du Front de Gauche en pays bigouden - Pont L'Abb\u00e9 - Loctudy - Guilvinec - Penmarc'h - Ile Tudy - Combrit Ste Marine - Tr\u00e9meoc - Plon\u00e9our, p\u00eache tourisme","sameAs":["https:\/\/www.facebook.com\/gaston.balliot\/"]}]}},"jetpack_featured_media_url":"https:\/\/i0.wp.com\/www.gastonballiot.fr\/wp-content\/uploads\/2016\/10\/petitionPaix.jpg?fit=303%2C187&ssl=1","jetpack_shortlink":"https:\/\/wp.me\/p5UTaD-Ha","jetpack-related-posts":[],"jetpack_likes_enabled":true,"jetpack_sharing_enabled":true,"_links":{"self":[{"href":"https:\/\/www.gastonballiot.fr\/index.php?rest_route=\/wp\/v2\/posts\/2676","targetHints":{"allow":["GET"]}}],"collection":[{"href":"https:\/\/www.gastonballiot.fr\/index.php?rest_route=\/wp\/v2\/posts"}],"about":[{"href":"https:\/\/www.gastonballiot.fr\/index.php?rest_route=\/wp\/v2\/types\/post"}],"author":[{"embeddable":true,"href":"https:\/\/www.gastonballiot.fr\/index.php?rest_route=\/wp\/v2\/users\/1"}],"replies":[{"embeddable":true,"href":"https:\/\/www.gastonballiot.fr\/index.php?rest_route=%2Fwp%2Fv2%2Fcomments&post=2676"}],"version-history":[{"count":0,"href":"https:\/\/www.gastonballiot.fr\/index.php?rest_route=\/wp\/v2\/posts\/2676\/revisions"}],"wp:featuredmedia":[{"embeddable":true,"href":"https:\/\/www.gastonballiot.fr\/index.php?rest_route=\/wp\/v2\/media\/2677"}],"wp:attachment":[{"href":"https:\/\/www.gastonballiot.fr\/index.php?rest_route=%2Fwp%2Fv2%2Fmedia&parent=2676"}],"wp:term":[{"taxonomy":"category","embeddable":true,"href":"https:\/\/www.gastonballiot.fr\/index.php?rest_route=%2Fwp%2Fv2%2Fcategories&post=2676"},{"taxonomy":"post_tag","embeddable":true,"href":"https:\/\/www.gastonballiot.fr\/index.php?rest_route=%2Fwp%2Fv2%2Ftags&post=2676"}],"curies":[{"name":"wp","href":"https:\/\/api.w.org\/{rel}","templated":true}]}}