{"id":2698,"date":"2016-11-10T14:46:07","date_gmt":"2016-11-10T13:46:07","guid":{"rendered":"http:\/\/www.gastonballiot.fr\/?p=2698"},"modified":"2016-11-16T12:37:29","modified_gmt":"2016-11-16T11:37:29","slug":"rassembler-construire-une-alternative-de-gauche","status":"publish","type":"post","link":"https:\/\/www.gastonballiot.fr\/?p=2698","title":{"rendered":"Rassembler, construire une alternative de gauche"},"content":{"rendered":"<p><strong>Antonio Gramsci<\/strong> (d&rsquo;une actualit\u00e9 d\u00e9concertante) : <em>\u00ab\u00a0Le vieux monde se meurt, le nouveau tarde \u00e0 appara\u00eetre, et dans ce clair-obscur surgissent les monstres\u00a0\u00bb.<\/em><!--more--><\/p>\n<p class=\"TX1\" style=\"text-align: center;\"><strong>Point de vue Iain Levison, \u00a0\u00e9crivain am\u00e9ricain<\/strong><\/p>\n<p class=\"TX1\" style=\"text-align: center;\"><strong>Est-ce que Bernie Sanders aurait eu plus de chances de battre Donald Trump\u2009?<\/strong><\/p>\n<p class=\"TX\"><strong>IAIN LEVISON<\/strong> C\u2019est vraiment la seule question qui m\u00e9rite d\u2019\u00eatre pos\u00e9e, donc n\u2019esp\u00e9rez pas la voir soulev\u00e9e dans la plupart des m\u00e9dias am\u00e9ricains. La r\u00e9ponse est un oui retentissant. Sanders aurait mis une racl\u00e9e \u00e0 Trump. Tout le monde au Parti d\u00e9mocrate le savait quand ils l\u2019ont mis hors jeu en juin. Les grandes entreprises donatrices voulaient rester sur leur choix, Clinton, car elles savaient que leurs investissements seraient pr\u00e9serv\u00e9s. Elles ne voulaient pas de quelqu\u2019un qui aurait pu mettre leurs profits en danger avec un gouvernement responsable. C\u2019est enti\u00e8rement de leur faute. Ils ont fait un pari et ont perdu. Les d\u00e9mocrates vont peut-\u00eatre se rendre compte que vendre leur \u00e2me aux grandes entreprises ne leur permettra plus d\u2019\u00eatre \u00e9lus. C\u2019est la seule chose positive qui peut sortir de tout cela.<\/p>\n<div class=\"field field-name-field-news-chapo field-type-text-long field-label-hidden\">\n<div class=\"field-items\">\n<div class=\"field-item even\">\n<div class=\"field field-name-title field-type-ds field-label-hidden\">\n<div class=\"field-items\">\n<div class=\"field-item even\">\n<h1 style=\"text-align: center;\">France : \u00ab\u2009Rassembler ceux qui se sont retrouv\u00e9s contre la loi travail\u2009\u00bb<\/h1>\n<\/div>\n<\/div>\n<\/div>\n<div class=\"field field-name-field-news-auteur-nom-trias field-type-text field-label-hidden\">\n<div class=\"field-items\">\n<div class=\"field-item even\" style=\"text-align: center;\">Pour Serge Regourd, \u00a0la seule ligne \u00e0 adopter est celle d\u2019un rassemblement de tous ceux qui se trouvent \u00e0 la gauche de la gauche gouvernementale.<\/div>\n<div class=\"field-item even\" style=\"text-align: center;\">ENTRETIEN R\u00c9ALIS\u00c9 PAR AUDREY LOUSSOUARN &#8211; JEUDI, 10 NOVEMBRE, 2016 &#8211; L&rsquo;HUMANIT\u00c9<\/div>\n<\/div>\n<\/div>\n<p><strong>Samedi, le collectif de l\u2019Appel des 100 se r\u00e9unit pour une convention nationale<\/strong>. Le but\u2009: construire une alternative \u00e0 la gauche de la majorit\u00e9 gouvernementale. Entretien avec un de ses membres, Serge Regourd.<\/p>\n<\/div>\n<\/div>\n<\/div>\n<div class=\"field field-name-field-news-text field-type-text-long field-label-hidden\">\n<div class=\"field-items\">\n<div class=\"field-item even\">\n<p class=\"TX\">Serge Regourd, universitaire et \u00e9lu conseiller r\u00e9gional (liste Nouveau Monde en commun) de Midi-Pyr\u00e9n\u00e9es-Languedoc-Roussillon, est membre de l\u2019Appel des 100, collectif de personnalit\u00e9s d\u2019horizons divers lanc\u00e9 en mai dernier pour appeler \u00e0 l\u2019union de la gauche oppos\u00e9e aux politiques gouvernementales. Samedi, \u00e0 Montreuil (Seine-Saint-Denis), elles se r\u00e9unissent pour \u00ab s\u2019accorder sur une plateforme de mesures d\u2019urgence pour la prochaine mandature \u00bb autour de cinq \u00ab priorit\u00e9s \u00bb et cinquante propositions, collect\u00e9es lors de r\u00e9unions politiques \u00e0 travers la France.<\/p>\n<p class=\"TX1\"><strong>En quoi, cet Appel des 100 peut jouer un r\u00f4le dans le contexte politique actuel?<\/strong><\/p>\n<p class=\"TX\"><strong>Serge Regourd<\/strong> Les prochaines \u00e9ch\u00e9ances \u00e9lectorales se pr\u00e9sentent mal pour la \u00ab vraie gauche \u00bb. La politique men\u00e9e par Hollande et le gouvernement Valls est compl\u00e8tement d\u00e9l\u00e9gitim\u00e9e pour parler au nom de la gauche. Le premier ministre a d\u00e9clar\u00e9 qu\u2019il existait deux gauches irr\u00e9conciliables. \u00c0 partir de l\u00e0, nous pouvons en d\u00e9duire qu\u2019il existe bien une gauche qui a cess\u00e9, depuis un certain temps, d\u2019\u00eatre \u00e0 gauche. Le r\u00e9sultat de leur renonciation pourrait aboutir \u00e0 une b\u00e9r\u00e9zina, soit un second tour entre la droite et l\u2019extr\u00eame droite. Dans ce contexte, je suis convaincu que la seule ligne \u00e0 adopter est celle d\u2019un rassemblement de tous ceux qui se trouvent \u00e0 la gauche de la gauche gouvernementale. J\u2019ai un exemple concret de rassemblement victorieux dans ma r\u00e9gion. Quand, en revanche, les forces partent \u00e0 la bataille dispers\u00e9es, elles sont \u00e9limin\u00e9es d\u00e8s le premier tour.<\/p>\n<p class=\"TX1\"><strong>Dans ce collectif, se retrouvent des personnalit\u00e9s politiques de toute la gauche alternative, mais aussi des universitaires, intellectuels et syndicalistes.<\/strong><\/p>\n<p class=\"TX\"><strong>Serge Regourd <\/strong>Dans cet appel, se c\u00f4toient les composantes du Front de gauche, Europe \u00c9cologie-les Verts, les frondeurs socialistes et les mouvements associatifs, qui se retrouvent sur un certain nombre de valeurs. Comment passe-t-on de cette r\u00e9alit\u00e9 sociale et sociologique d\u2019analyses partag\u00e9es \u00e0 une traduction politique\u2009? Il y a toute une diversit\u00e9 des courants politiques qui s\u2019est retrouv\u00e9e ensemble dans la rue contre la loi El Khomri. L\u2019id\u00e9e est de les respecter et de les unir. Sans leur imposer une marque de fabrique. Avec ce rassemblement, il reste une chance de continuer d\u2019exister et surtout de peser.<\/p>\n<p class=\"TX1\"><strong>Quel est le but final de cet appel\u2009?<\/strong><\/p>\n<p class=\"TX\"><strong>Serge Regourd<\/strong> Nous nous heurtons \u00e0 une r\u00e9alit\u00e9 de dispersion des candidatures. Jean-Luc M\u00e9lenchon a fait savoir que sa logique \u00e9tait unilat\u00e9rale, les \u00e9cologistes ont eu leur propre primaire, des frondeurs PS vont participer \u00e0 la primaire socialiste et les communistes envisagent de pr\u00e9senter leur propre candidat. Je continue \u00e0 croire \u00e0 la vertu p\u00e9dagogique et politique de l\u2019Appel des 100. Il peut peser sur l\u2019\u0153uvre programmatique. C\u2019est sur une autre \u00e9ch\u00e9ance \u00e9lectorale, en l\u2019occurrence les l\u00e9gislatives, qu\u2019il pourrait exister une traduction politique avec l\u2019adoption de ce projet, partag\u00e9 par une diversit\u00e9 des forces politiques. Quand Jean-Luc M\u00e9lenchon pr\u00e9voit d\u00e9j\u00e0 de proposer un candidat de La France insoumise par circonscription, l\u2019Appel des 100 reste ouvert \u00e0 la pluralit\u00e9 et \u00e0 toutes les potentialit\u00e9s de ce qui compose la vraie gauche.<\/p>\n<\/div>\n<\/div>\n<\/div>\n","protected":false},"excerpt":{"rendered":"<p>Antonio Gramsci (d&rsquo;une actualit\u00e9 d\u00e9concertante) : \u00ab\u00a0Le vieux monde se meurt, le nouveau tarde \u00e0 appara\u00eetre, et dans ce clair-obscur surgissent les monstres\u00a0\u00bb.<\/p>\n","protected":false},"author":1,"featured_media":2699,"comment_status":"open","ping_status":"open","sticky":false,"template":"","format":"standard","meta":{"ngg_post_thumbnail":0,"jetpack_post_was_ever_published":false,"_jetpack_newsletter_access":"","_jetpack_dont_email_post_to_subs":false,"_jetpack_newsletter_tier_id":0,"_jetpack_memberships_contains_paywalled_content":false,"_jetpack_memberships_contains_paid_content":false,"footnotes":"","jetpack_publicize_message":"","jetpack_publicize_feature_enabled":true,"jetpack_social_post_already_shared":false,"jetpack_social_options":{"image_generator_settings":{"template":"highway","enabled":false},"version":2}},"categories":[2,5],"tags":[27,263,67],"class_list":["post-2698","post","type-post","status-publish","format-standard","has-post-thumbnail","hentry","category-a-la-une","category-democratie","tag-alternative","tag-appel-des-100","tag-gauche","infinite-scroll-item","masonry-post","generate-columns","tablet-grid-50","mobile-grid-100","grid-parent","grid-33"],"jetpack_publicize_connections":[],"yoast_head":"<!-- This site is optimized with the Yoast SEO plugin v27.5 - https:\/\/yoast.com\/product\/yoast-seo-wordpress\/ -->\n<title>Rassembler, construire une alternative de gauche - Le blog politique de Gaston<\/title>\n<meta name=\"robots\" content=\"index, follow, max-snippet:-1, max-image-preview:large, max-video-preview:-1\" \/>\n<link rel=\"canonical\" href=\"https:\/\/www.gastonballiot.fr\/?p=2698\" \/>\n<meta property=\"og:locale\" content=\"fr_FR\" \/>\n<meta property=\"og:type\" content=\"article\" \/>\n<meta property=\"og:title\" content=\"Rassembler, construire une alternative de gauche - Le blog politique de Gaston\" \/>\n<meta property=\"og:description\" content=\"Antonio Gramsci (d&rsquo;une actualit\u00e9 d\u00e9concertante) : \u00ab\u00a0Le vieux monde se meurt, le nouveau tarde \u00e0 appara\u00eetre, et dans ce clair-obscur surgissent les monstres\u00a0\u00bb.\" \/>\n<meta property=\"og:url\" content=\"https:\/\/www.gastonballiot.fr\/?p=2698\" \/>\n<meta property=\"og:site_name\" content=\"Le blog politique de Gaston\" \/>\n<meta property=\"article:publisher\" content=\"https:\/\/www.facebook.com\/gaston.balliot\/\" \/>\n<meta property=\"article:author\" content=\"https:\/\/www.facebook.com\/gaston.balliot\/\" \/>\n<meta property=\"article:published_time\" content=\"2016-11-10T13:46:07+00:00\" \/>\n<meta property=\"article:modified_time\" content=\"2016-11-16T11:37:29+00:00\" \/>\n<meta property=\"og:image\" content=\"https:\/\/www.gastonballiot.fr\/wp-content\/uploads\/2016\/11\/FaisGaffeMarianne.jpg\" \/>\n\t<meta property=\"og:image:width\" content=\"750\" \/>\n\t<meta property=\"og:image:height\" content=\"688\" \/>\n\t<meta property=\"og:image:type\" content=\"image\/jpeg\" \/>\n<meta name=\"author\" content=\"gb\" \/>\n<meta name=\"twitter:card\" content=\"summary_large_image\" \/>\n<meta name=\"twitter:label1\" content=\"\u00c9crit par\" \/>\n\t<meta name=\"twitter:data1\" content=\"gb\" \/>\n\t<meta name=\"twitter:label2\" content=\"Dur\u00e9e de lecture estim\u00e9e\" \/>\n\t<meta name=\"twitter:data2\" content=\"4 minutes\" \/>\n<script type=\"application\/ld+json\" class=\"yoast-schema-graph\">{\"@context\":\"https:\\\/\\\/schema.org\",\"@graph\":[{\"@type\":\"Article\",\"@id\":\"https:\\\/\\\/www.gastonballiot.fr\\\/?p=2698#article\",\"isPartOf\":{\"@id\":\"https:\\\/\\\/www.gastonballiot.fr\\\/?p=2698\"},\"author\":{\"name\":\"gb\",\"@id\":\"https:\\\/\\\/www.gastonballiot.fr\\\/#\\\/schema\\\/person\\\/244a5e02696abd8a65c5b1bebdb948ca\"},\"headline\":\"Rassembler, construire une alternative de gauche\",\"datePublished\":\"2016-11-10T13:46:07+00:00\",\"dateModified\":\"2016-11-16T11:37:29+00:00\",\"mainEntityOfPage\":{\"@id\":\"https:\\\/\\\/www.gastonballiot.fr\\\/?p=2698\"},\"wordCount\":818,\"commentCount\":0,\"publisher\":{\"@id\":\"https:\\\/\\\/www.gastonballiot.fr\\\/#\\\/schema\\\/person\\\/244a5e02696abd8a65c5b1bebdb948ca\"},\"image\":{\"@id\":\"https:\\\/\\\/www.gastonballiot.fr\\\/?p=2698#primaryimage\"},\"thumbnailUrl\":\"https:\\\/\\\/i0.wp.com\\\/www.gastonballiot.fr\\\/wp-content\\\/uploads\\\/2016\\\/11\\\/FaisGaffeMarianne.jpg?fit=750%2C688&ssl=1\",\"keywords\":[\"alternative\",\"appel des 100\",\"gauche\"],\"articleSection\":[\"A la une\",\"D\u00e9mocratie\"],\"inLanguage\":\"fr-FR\",\"potentialAction\":[{\"@type\":\"CommentAction\",\"name\":\"Comment\",\"target\":[\"https:\\\/\\\/www.gastonballiot.fr\\\/?p=2698#respond\"]}]},{\"@type\":\"WebPage\",\"@id\":\"https:\\\/\\\/www.gastonballiot.fr\\\/?p=2698\",\"url\":\"https:\\\/\\\/www.gastonballiot.fr\\\/?p=2698\",\"name\":\"Rassembler, construire une alternative de gauche - Le blog politique de Gaston\",\"isPartOf\":{\"@id\":\"https:\\\/\\\/www.gastonballiot.fr\\\/#website\"},\"primaryImageOfPage\":{\"@id\":\"https:\\\/\\\/www.gastonballiot.fr\\\/?p=2698#primaryimage\"},\"image\":{\"@id\":\"https:\\\/\\\/www.gastonballiot.fr\\\/?p=2698#primaryimage\"},\"thumbnailUrl\":\"https:\\\/\\\/i0.wp.com\\\/www.gastonballiot.fr\\\/wp-content\\\/uploads\\\/2016\\\/11\\\/FaisGaffeMarianne.jpg?fit=750%2C688&ssl=1\",\"datePublished\":\"2016-11-10T13:46:07+00:00\",\"dateModified\":\"2016-11-16T11:37:29+00:00\",\"breadcrumb\":{\"@id\":\"https:\\\/\\\/www.gastonballiot.fr\\\/?p=2698#breadcrumb\"},\"inLanguage\":\"fr-FR\",\"potentialAction\":[{\"@type\":\"ReadAction\",\"target\":[\"https:\\\/\\\/www.gastonballiot.fr\\\/?p=2698\"]}]},{\"@type\":\"ImageObject\",\"inLanguage\":\"fr-FR\",\"@id\":\"https:\\\/\\\/www.gastonballiot.fr\\\/?p=2698#primaryimage\",\"url\":\"https:\\\/\\\/i0.wp.com\\\/www.gastonballiot.fr\\\/wp-content\\\/uploads\\\/2016\\\/11\\\/FaisGaffeMarianne.jpg?fit=750%2C688&ssl=1\",\"contentUrl\":\"https:\\\/\\\/i0.wp.com\\\/www.gastonballiot.fr\\\/wp-content\\\/uploads\\\/2016\\\/11\\\/FaisGaffeMarianne.jpg?fit=750%2C688&ssl=1\",\"width\":750,\"height\":688},{\"@type\":\"BreadcrumbList\",\"@id\":\"https:\\\/\\\/www.gastonballiot.fr\\\/?p=2698#breadcrumb\",\"itemListElement\":[{\"@type\":\"ListItem\",\"position\":1,\"name\":\"Accueil\",\"item\":\"https:\\\/\\\/www.gastonballiot.fr\\\/\"},{\"@type\":\"ListItem\",\"position\":2,\"name\":\"Rassembler, construire une alternative de gauche\"}]},{\"@type\":\"WebSite\",\"@id\":\"https:\\\/\\\/www.gastonballiot.fr\\\/#website\",\"url\":\"https:\\\/\\\/www.gastonballiot.fr\\\/\",\"name\":\"Le blog politique de Gaston\",\"description\":\"L&#039;humain d&#039;abord, pas la finance !\",\"publisher\":{\"@id\":\"https:\\\/\\\/www.gastonballiot.fr\\\/#\\\/schema\\\/person\\\/244a5e02696abd8a65c5b1bebdb948ca\"},\"potentialAction\":[{\"@type\":\"SearchAction\",\"target\":{\"@type\":\"EntryPoint\",\"urlTemplate\":\"https:\\\/\\\/www.gastonballiot.fr\\\/?s={search_term_string}\"},\"query-input\":{\"@type\":\"PropertyValueSpecification\",\"valueRequired\":true,\"valueName\":\"search_term_string\"}}],\"inLanguage\":\"fr-FR\"},{\"@type\":[\"Person\",\"Organization\"],\"@id\":\"https:\\\/\\\/www.gastonballiot.fr\\\/#\\\/schema\\\/person\\\/244a5e02696abd8a65c5b1bebdb948ca\",\"name\":\"gb\",\"image\":{\"@type\":\"ImageObject\",\"inLanguage\":\"fr-FR\",\"@id\":\"https:\\\/\\\/i0.wp.com\\\/www.gastonballiot.fr\\\/wp-content\\\/uploads\\\/2017\\\/04\\\/cropped-Marianne-drapeau-rouge.gif?fit=512%2C512&ssl=1\",\"url\":\"https:\\\/\\\/i0.wp.com\\\/www.gastonballiot.fr\\\/wp-content\\\/uploads\\\/2017\\\/04\\\/cropped-Marianne-drapeau-rouge.gif?fit=512%2C512&ssl=1\",\"contentUrl\":\"https:\\\/\\\/i0.wp.com\\\/www.gastonballiot.fr\\\/wp-content\\\/uploads\\\/2017\\\/04\\\/cropped-Marianne-drapeau-rouge.gif?fit=512%2C512&ssl=1\",\"width\":512,\"height\":512,\"caption\":\"gb\"},\"logo\":{\"@id\":\"https:\\\/\\\/i0.wp.com\\\/www.gastonballiot.fr\\\/wp-content\\\/uploads\\\/2017\\\/04\\\/cropped-Marianne-drapeau-rouge.gif?fit=512%2C512&ssl=1\"},\"description\":\"Gaston Balliot, militant du Front de Gauche en pays bigouden - Pont L'Abb\u00e9 - Loctudy - Guilvinec - Penmarc'h - Ile Tudy - Combrit Ste Marine - Tr\u00e9meoc - Plon\u00e9our, p\u00eache tourisme\",\"sameAs\":[\"https:\\\/\\\/www.facebook.com\\\/gaston.balliot\\\/\"]}]}<\/script>\n<!-- \/ Yoast SEO plugin. -->","yoast_head_json":{"title":"Rassembler, construire une alternative de gauche - Le blog politique de Gaston","robots":{"index":"index","follow":"follow","max-snippet":"max-snippet:-1","max-image-preview":"max-image-preview:large","max-video-preview":"max-video-preview:-1"},"canonical":"https:\/\/www.gastonballiot.fr\/?p=2698","og_locale":"fr_FR","og_type":"article","og_title":"Rassembler, construire une alternative de gauche - Le blog politique de Gaston","og_description":"Antonio Gramsci (d&rsquo;une actualit\u00e9 d\u00e9concertante) : \u00ab\u00a0Le vieux monde se meurt, le nouveau tarde \u00e0 appara\u00eetre, et dans ce clair-obscur surgissent les monstres\u00a0\u00bb.","og_url":"https:\/\/www.gastonballiot.fr\/?p=2698","og_site_name":"Le blog politique de Gaston","article_publisher":"https:\/\/www.facebook.com\/gaston.balliot\/","article_author":"https:\/\/www.facebook.com\/gaston.balliot\/","article_published_time":"2016-11-10T13:46:07+00:00","article_modified_time":"2016-11-16T11:37:29+00:00","og_image":[{"width":750,"height":688,"url":"https:\/\/www.gastonballiot.fr\/wp-content\/uploads\/2016\/11\/FaisGaffeMarianne.jpg","type":"image\/jpeg"}],"author":"gb","twitter_card":"summary_large_image","twitter_misc":{"\u00c9crit par":"gb","Dur\u00e9e de lecture estim\u00e9e":"4 minutes"},"schema":{"@context":"https:\/\/schema.org","@graph":[{"@type":"Article","@id":"https:\/\/www.gastonballiot.fr\/?p=2698#article","isPartOf":{"@id":"https:\/\/www.gastonballiot.fr\/?p=2698"},"author":{"name":"gb","@id":"https:\/\/www.gastonballiot.fr\/#\/schema\/person\/244a5e02696abd8a65c5b1bebdb948ca"},"headline":"Rassembler, construire une alternative de gauche","datePublished":"2016-11-10T13:46:07+00:00","dateModified":"2016-11-16T11:37:29+00:00","mainEntityOfPage":{"@id":"https:\/\/www.gastonballiot.fr\/?p=2698"},"wordCount":818,"commentCount":0,"publisher":{"@id":"https:\/\/www.gastonballiot.fr\/#\/schema\/person\/244a5e02696abd8a65c5b1bebdb948ca"},"image":{"@id":"https:\/\/www.gastonballiot.fr\/?p=2698#primaryimage"},"thumbnailUrl":"https:\/\/i0.wp.com\/www.gastonballiot.fr\/wp-content\/uploads\/2016\/11\/FaisGaffeMarianne.jpg?fit=750%2C688&ssl=1","keywords":["alternative","appel des 100","gauche"],"articleSection":["A la une","D\u00e9mocratie"],"inLanguage":"fr-FR","potentialAction":[{"@type":"CommentAction","name":"Comment","target":["https:\/\/www.gastonballiot.fr\/?p=2698#respond"]}]},{"@type":"WebPage","@id":"https:\/\/www.gastonballiot.fr\/?p=2698","url":"https:\/\/www.gastonballiot.fr\/?p=2698","name":"Rassembler, construire une alternative de gauche - Le blog politique de Gaston","isPartOf":{"@id":"https:\/\/www.gastonballiot.fr\/#website"},"primaryImageOfPage":{"@id":"https:\/\/www.gastonballiot.fr\/?p=2698#primaryimage"},"image":{"@id":"https:\/\/www.gastonballiot.fr\/?p=2698#primaryimage"},"thumbnailUrl":"https:\/\/i0.wp.com\/www.gastonballiot.fr\/wp-content\/uploads\/2016\/11\/FaisGaffeMarianne.jpg?fit=750%2C688&ssl=1","datePublished":"2016-11-10T13:46:07+00:00","dateModified":"2016-11-16T11:37:29+00:00","breadcrumb":{"@id":"https:\/\/www.gastonballiot.fr\/?p=2698#breadcrumb"},"inLanguage":"fr-FR","potentialAction":[{"@type":"ReadAction","target":["https:\/\/www.gastonballiot.fr\/?p=2698"]}]},{"@type":"ImageObject","inLanguage":"fr-FR","@id":"https:\/\/www.gastonballiot.fr\/?p=2698#primaryimage","url":"https:\/\/i0.wp.com\/www.gastonballiot.fr\/wp-content\/uploads\/2016\/11\/FaisGaffeMarianne.jpg?fit=750%2C688&ssl=1","contentUrl":"https:\/\/i0.wp.com\/www.gastonballiot.fr\/wp-content\/uploads\/2016\/11\/FaisGaffeMarianne.jpg?fit=750%2C688&ssl=1","width":750,"height":688},{"@type":"BreadcrumbList","@id":"https:\/\/www.gastonballiot.fr\/?p=2698#breadcrumb","itemListElement":[{"@type":"ListItem","position":1,"name":"Accueil","item":"https:\/\/www.gastonballiot.fr\/"},{"@type":"ListItem","position":2,"name":"Rassembler, construire une alternative de gauche"}]},{"@type":"WebSite","@id":"https:\/\/www.gastonballiot.fr\/#website","url":"https:\/\/www.gastonballiot.fr\/","name":"Le blog politique de Gaston","description":"L&#039;humain d&#039;abord, pas la finance !","publisher":{"@id":"https:\/\/www.gastonballiot.fr\/#\/schema\/person\/244a5e02696abd8a65c5b1bebdb948ca"},"potentialAction":[{"@type":"SearchAction","target":{"@type":"EntryPoint","urlTemplate":"https:\/\/www.gastonballiot.fr\/?s={search_term_string}"},"query-input":{"@type":"PropertyValueSpecification","valueRequired":true,"valueName":"search_term_string"}}],"inLanguage":"fr-FR"},{"@type":["Person","Organization"],"@id":"https:\/\/www.gastonballiot.fr\/#\/schema\/person\/244a5e02696abd8a65c5b1bebdb948ca","name":"gb","image":{"@type":"ImageObject","inLanguage":"fr-FR","@id":"https:\/\/i0.wp.com\/www.gastonballiot.fr\/wp-content\/uploads\/2017\/04\/cropped-Marianne-drapeau-rouge.gif?fit=512%2C512&ssl=1","url":"https:\/\/i0.wp.com\/www.gastonballiot.fr\/wp-content\/uploads\/2017\/04\/cropped-Marianne-drapeau-rouge.gif?fit=512%2C512&ssl=1","contentUrl":"https:\/\/i0.wp.com\/www.gastonballiot.fr\/wp-content\/uploads\/2017\/04\/cropped-Marianne-drapeau-rouge.gif?fit=512%2C512&ssl=1","width":512,"height":512,"caption":"gb"},"logo":{"@id":"https:\/\/i0.wp.com\/www.gastonballiot.fr\/wp-content\/uploads\/2017\/04\/cropped-Marianne-drapeau-rouge.gif?fit=512%2C512&ssl=1"},"description":"Gaston Balliot, militant du Front de Gauche en pays bigouden - Pont L'Abb\u00e9 - Loctudy - Guilvinec - Penmarc'h - Ile Tudy - Combrit Ste Marine - Tr\u00e9meoc - Plon\u00e9our, p\u00eache tourisme","sameAs":["https:\/\/www.facebook.com\/gaston.balliot\/"]}]}},"jetpack_featured_media_url":"https:\/\/i0.wp.com\/www.gastonballiot.fr\/wp-content\/uploads\/2016\/11\/FaisGaffeMarianne.jpg?fit=750%2C688&ssl=1","jetpack_shortlink":"https:\/\/wp.me\/p5UTaD-Hw","jetpack-related-posts":[],"jetpack_likes_enabled":true,"jetpack_sharing_enabled":true,"_links":{"self":[{"href":"https:\/\/www.gastonballiot.fr\/index.php?rest_route=\/wp\/v2\/posts\/2698","targetHints":{"allow":["GET"]}}],"collection":[{"href":"https:\/\/www.gastonballiot.fr\/index.php?rest_route=\/wp\/v2\/posts"}],"about":[{"href":"https:\/\/www.gastonballiot.fr\/index.php?rest_route=\/wp\/v2\/types\/post"}],"author":[{"embeddable":true,"href":"https:\/\/www.gastonballiot.fr\/index.php?rest_route=\/wp\/v2\/users\/1"}],"replies":[{"embeddable":true,"href":"https:\/\/www.gastonballiot.fr\/index.php?rest_route=%2Fwp%2Fv2%2Fcomments&post=2698"}],"version-history":[{"count":0,"href":"https:\/\/www.gastonballiot.fr\/index.php?rest_route=\/wp\/v2\/posts\/2698\/revisions"}],"wp:featuredmedia":[{"embeddable":true,"href":"https:\/\/www.gastonballiot.fr\/index.php?rest_route=\/wp\/v2\/media\/2699"}],"wp:attachment":[{"href":"https:\/\/www.gastonballiot.fr\/index.php?rest_route=%2Fwp%2Fv2%2Fmedia&parent=2698"}],"wp:term":[{"taxonomy":"category","embeddable":true,"href":"https:\/\/www.gastonballiot.fr\/index.php?rest_route=%2Fwp%2Fv2%2Fcategories&post=2698"},{"taxonomy":"post_tag","embeddable":true,"href":"https:\/\/www.gastonballiot.fr\/index.php?rest_route=%2Fwp%2Fv2%2Ftags&post=2698"}],"curies":[{"name":"wp","href":"https:\/\/api.w.org\/{rel}","templated":true}]}}