{"id":2757,"date":"2016-12-07T06:16:53","date_gmt":"2016-12-07T05:16:53","guid":{"rendered":"http:\/\/www.gastonballiot.fr\/?p=2757"},"modified":"2016-12-06T16:24:03","modified_gmt":"2016-12-06T15:24:03","slug":"les-sociaux-democrates-en-perdition-dans-toute-leurope","status":"publish","type":"post","link":"https:\/\/www.gastonballiot.fr\/?p=2757","title":{"rendered":"Les sociaux-d\u00e9mocrates en perdition dans toute l&rsquo;Europe"},"content":{"rendered":"<h5 class=\"heading\">Thomas Lemahieu, dans l&rsquo;Humanit\u00e9 du 06\/12\/2016<\/h5>\n<h5 class=\"heading\">UNION EUROP\u00c9ENNE<br \/>\nLa d\u00e9route de MatteoRenzi constitue une nouvelle sanction pour ce \u00ab centre-gauche \u00bb qui accompagne l&rsquo;aust\u00e9rit\u00e9 et met en oeuvre les politiques n\u00e9olib\u00e9rales.<\/h5>\n<p><!--more--><\/p>\n<p class=\"drop-cap\">Cette fois, \u00e7a sent vraiment la p\u00e2t\u00e9e pour les sociaux-lib\u00e9raux europ\u00e9ens. Apr\u00e8s la gifle inflig\u00e9e par les \u00e9lecteurs italiens \u00e0 Matteo Renzi, leur dernier superh\u00e9ros, ce jeune scout qui avait il y a \u00e0 peine deux ans, en 2014, r\u00e9ussi \u00e0 pulv\u00e9riser Silvio Berlusconi ou Beppe Grillo en promettant de mettre \u00e0 la casse toute la \u00ab vieille \u00bb gauche de la P\u00e9ninsule, est brutalement renvoy\u00e9 aux vestiaires. Sur tout le continent, en dehors du Portugal o\u00f9 les socialistes gouvernent avec le soutien critique des communistes et de la gauche radicale, les grandes forces social-d\u00e9mocrates collectionnent les d\u00e9culott\u00e9es \u00e9lectorales et, dans certains pays, elles sont presque totalement effac\u00e9es du paysage.<\/p>\n<h4 class=\"intertitle\">ESSOR DE LA GAUCHE RADICALE<\/h4>\n<p>En Gr\u00e8ce, le Pasok, premier parti du pays pendant des ann\u00e9es \u00ad il faisait encore pr\u00e8s de 44 % en 2009 \u00ad, a \u00e9t\u00e9 lamin\u00e9 par son soutien \u00e0 l&rsquo;aust\u00e9rit\u00e9: lors des deux derni\u00e8res \u00e9lections l\u00e9gislatives, en janvier puis en septembre 2015, il n&rsquo;a recueilli que 4,7 % et 6,3 % des suffrages. En Irlande, le sc\u00e9nario est identique pour les travaillistes du Labour, qui ont pay\u00e9 cher leur participation \u00e0 une coalition avec les conservateurs du Fine Gael appliquant docilement les diktats aust\u00e9ritaires : en f\u00e9vrier dernier, ils ont culmin\u00e9 \u00e0 6,6 % lors des \u00e9lections g\u00e9n\u00e9rales, largement devanc\u00e9s par les r\u00e9publicains du Sinn Fein et talonn\u00e9s par l&rsquo;Alliance Anti-Aust\u00e9rit\u00e9 (AAA-PBP).<\/p>\n<p>En Autriche, Alexander Van der Bellen, le vainqueur, dimanche, de la pr\u00e9sidentielle, issu des Verts, avait au premier tour rel\u00e9gu\u00e9, loin derri\u00e8re lui et sans aucune difficult\u00e9, le candidat du Parti social-d\u00e9mocrate SP\u00d6, qui gouverne le pays au sein d&rsquo;une grande coalition avec les lib\u00e9raux. En Espagne, les socialistes, dispers\u00e9s fa\u00e7on puzzle lors des derniers scrutins, sur fond de mont\u00e9e de Podemos et d&rsquo;Izquierda Unida, ont fini par d\u00e9cider de laisser la droite garder le pouvoir. Aux Pays-Bas, le PVDA risque de conna\u00eetre le m\u00eame destin lors des \u00e9lections du printemps prochain: la gauche de gauche, avec le SP pourrait d\u00e9passer largement les , travaillistes. En Belgique, en d\u00e9pit de l&rsquo;opposition spectaculaire de ses dirigeants au trait\u00e9 de libre-\u00e9change entre l&rsquo;Union europ\u00e9enne et le Canada (Ceta), le PS wallon sent d\u00e9sormais le souffle de la gauche radicale sur sa nuque : selon un sondage, le PTB, longtemps bloqu\u00e9 autour des 3 ou 4 % des voix, poursuit son ascension fulgurante avec 18,4 % des intentions de vote&#8230;<\/p>\n<p>La social-d\u00e9mocratie europ\u00e9enne se trouve plus que jamais \u00e0 la crois\u00e9e des chemins. Entre un Matteo Renzi, qui, comme Manuel Valls ou Emmanuel Macron en France, entendait construire un \u00ab parti de la nation \u00bb en se d\u00e9barrassant des derniers oripeaux de la gauche, et un Jeremy Corbyn, qui, lui, r\u00e9ussit jusqu&rsquo;ici \u00e0 replacer le Parti travailliste britannique au coeur d&rsquo;une grande bataille contre l&rsquo;aust\u00e9rit\u00e9 et pour la justice sociale, le sens de l&rsquo;histoire a manifestement chang\u00e9 dans les t\u00eates.<\/p>\n","protected":false},"excerpt":{"rendered":"<p>Thomas Lemahieu, dans l&rsquo;Humanit\u00e9 du 06\/12\/2016 UNION EUROP\u00c9ENNE La d\u00e9route de MatteoRenzi constitue une nouvelle sanction pour ce \u00ab centre-gauche \u00bb qui accompagne l&rsquo;aust\u00e9rit\u00e9 et met en oeuvre les politiques n\u00e9olib\u00e9rales.<\/p>\n","protected":false},"author":1,"featured_media":2759,"comment_status":"open","ping_status":"open","sticky":false,"template":"","format":"standard","meta":{"ngg_post_thumbnail":0,"jetpack_post_was_ever_published":false,"_jetpack_newsletter_access":"","_jetpack_dont_email_post_to_subs":false,"_jetpack_newsletter_tier_id":0,"_jetpack_memberships_contains_paywalled_content":false,"_jetpack_memberships_contains_paid_content":false,"footnotes":"","jetpack_publicize_message":"","jetpack_publicize_feature_enabled":true,"jetpack_social_post_already_shared":false,"jetpack_social_options":{"image_generator_settings":{"template":"highway","enabled":false},"version":2}},"categories":[2,5,6,16],"tags":[67,113],"class_list":["post-2757","post","type-post","status-publish","format-standard","has-post-thumbnail","hentry","category-a-la-une","category-democratie","category-economie","category-social","tag-gauche","tag-ps","infinite-scroll-item","masonry-post","generate-columns","tablet-grid-50","mobile-grid-100","grid-parent","grid-33"],"jetpack_publicize_connections":[],"yoast_head":"<!-- This site is optimized with the Yoast SEO plugin v27.5 - https:\/\/yoast.com\/product\/yoast-seo-wordpress\/ -->\n<title>Les sociaux-d\u00e9mocrates en perdition dans toute l&#039;Europe - Le blog politique de Gaston<\/title>\n<meta name=\"robots\" content=\"index, follow, max-snippet:-1, max-image-preview:large, max-video-preview:-1\" \/>\n<link rel=\"canonical\" href=\"https:\/\/www.gastonballiot.fr\/?p=2757\" \/>\n<meta property=\"og:locale\" content=\"fr_FR\" \/>\n<meta property=\"og:type\" content=\"article\" \/>\n<meta property=\"og:title\" content=\"Les sociaux-d\u00e9mocrates en perdition dans toute l&#039;Europe - Le blog politique de Gaston\" \/>\n<meta property=\"og:description\" content=\"Thomas Lemahieu, dans l&rsquo;Humanit\u00e9 du 06\/12\/2016 UNION EUROP\u00c9ENNE La d\u00e9route de MatteoRenzi constitue une nouvelle sanction pour ce \u00ab centre-gauche \u00bb qui accompagne l&rsquo;aust\u00e9rit\u00e9 et met en oeuvre les politiques n\u00e9olib\u00e9rales.\" \/>\n<meta property=\"og:url\" content=\"https:\/\/www.gastonballiot.fr\/?p=2757\" \/>\n<meta property=\"og:site_name\" content=\"Le blog politique de Gaston\" \/>\n<meta property=\"article:publisher\" content=\"https:\/\/www.facebook.com\/gaston.balliot\/\" \/>\n<meta property=\"article:author\" content=\"https:\/\/www.facebook.com\/gaston.balliot\/\" \/>\n<meta property=\"article:published_time\" content=\"2016-12-07T05:16:53+00:00\" \/>\n<meta property=\"og:image\" content=\"https:\/\/www.gastonballiot.fr\/wp-content\/uploads\/2016\/12\/PS_agonie2.jpg\" \/>\n\t<meta property=\"og:image:width\" content=\"450\" \/>\n\t<meta property=\"og:image:height\" content=\"404\" \/>\n\t<meta property=\"og:image:type\" content=\"image\/jpeg\" \/>\n<meta name=\"author\" content=\"gb\" \/>\n<meta name=\"twitter:card\" content=\"summary_large_image\" \/>\n<meta name=\"twitter:label1\" content=\"\u00c9crit par\" \/>\n\t<meta name=\"twitter:data1\" content=\"gb\" \/>\n\t<meta name=\"twitter:label2\" content=\"Dur\u00e9e de lecture estim\u00e9e\" \/>\n\t<meta name=\"twitter:data2\" content=\"3 minutes\" \/>\n<script type=\"application\/ld+json\" class=\"yoast-schema-graph\">{\"@context\":\"https:\\\/\\\/schema.org\",\"@graph\":[{\"@type\":\"Article\",\"@id\":\"https:\\\/\\\/www.gastonballiot.fr\\\/?p=2757#article\",\"isPartOf\":{\"@id\":\"https:\\\/\\\/www.gastonballiot.fr\\\/?p=2757\"},\"author\":{\"name\":\"gb\",\"@id\":\"https:\\\/\\\/www.gastonballiot.fr\\\/#\\\/schema\\\/person\\\/244a5e02696abd8a65c5b1bebdb948ca\"},\"headline\":\"Les sociaux-d\u00e9mocrates en perdition dans toute l&rsquo;Europe\",\"datePublished\":\"2016-12-07T05:16:53+00:00\",\"mainEntityOfPage\":{\"@id\":\"https:\\\/\\\/www.gastonballiot.fr\\\/?p=2757\"},\"wordCount\":547,\"commentCount\":0,\"publisher\":{\"@id\":\"https:\\\/\\\/www.gastonballiot.fr\\\/#\\\/schema\\\/person\\\/244a5e02696abd8a65c5b1bebdb948ca\"},\"image\":{\"@id\":\"https:\\\/\\\/www.gastonballiot.fr\\\/?p=2757#primaryimage\"},\"thumbnailUrl\":\"https:\\\/\\\/i0.wp.com\\\/www.gastonballiot.fr\\\/wp-content\\\/uploads\\\/2016\\\/12\\\/PS_agonie2.jpg?fit=450%2C404&ssl=1\",\"keywords\":[\"gauche\",\"PS\"],\"articleSection\":[\"A la une\",\"D\u00e9mocratie\",\"Economie\",\"Social\"],\"inLanguage\":\"fr-FR\",\"potentialAction\":[{\"@type\":\"CommentAction\",\"name\":\"Comment\",\"target\":[\"https:\\\/\\\/www.gastonballiot.fr\\\/?p=2757#respond\"]}]},{\"@type\":\"WebPage\",\"@id\":\"https:\\\/\\\/www.gastonballiot.fr\\\/?p=2757\",\"url\":\"https:\\\/\\\/www.gastonballiot.fr\\\/?p=2757\",\"name\":\"Les sociaux-d\u00e9mocrates en perdition dans toute l'Europe - Le blog politique de Gaston\",\"isPartOf\":{\"@id\":\"https:\\\/\\\/www.gastonballiot.fr\\\/#website\"},\"primaryImageOfPage\":{\"@id\":\"https:\\\/\\\/www.gastonballiot.fr\\\/?p=2757#primaryimage\"},\"image\":{\"@id\":\"https:\\\/\\\/www.gastonballiot.fr\\\/?p=2757#primaryimage\"},\"thumbnailUrl\":\"https:\\\/\\\/i0.wp.com\\\/www.gastonballiot.fr\\\/wp-content\\\/uploads\\\/2016\\\/12\\\/PS_agonie2.jpg?fit=450%2C404&ssl=1\",\"datePublished\":\"2016-12-07T05:16:53+00:00\",\"breadcrumb\":{\"@id\":\"https:\\\/\\\/www.gastonballiot.fr\\\/?p=2757#breadcrumb\"},\"inLanguage\":\"fr-FR\",\"potentialAction\":[{\"@type\":\"ReadAction\",\"target\":[\"https:\\\/\\\/www.gastonballiot.fr\\\/?p=2757\"]}]},{\"@type\":\"ImageObject\",\"inLanguage\":\"fr-FR\",\"@id\":\"https:\\\/\\\/www.gastonballiot.fr\\\/?p=2757#primaryimage\",\"url\":\"https:\\\/\\\/i0.wp.com\\\/www.gastonballiot.fr\\\/wp-content\\\/uploads\\\/2016\\\/12\\\/PS_agonie2.jpg?fit=450%2C404&ssl=1\",\"contentUrl\":\"https:\\\/\\\/i0.wp.com\\\/www.gastonballiot.fr\\\/wp-content\\\/uploads\\\/2016\\\/12\\\/PS_agonie2.jpg?fit=450%2C404&ssl=1\",\"width\":450,\"height\":404},{\"@type\":\"BreadcrumbList\",\"@id\":\"https:\\\/\\\/www.gastonballiot.fr\\\/?p=2757#breadcrumb\",\"itemListElement\":[{\"@type\":\"ListItem\",\"position\":1,\"name\":\"Accueil\",\"item\":\"https:\\\/\\\/www.gastonballiot.fr\\\/\"},{\"@type\":\"ListItem\",\"position\":2,\"name\":\"Les sociaux-d\u00e9mocrates en perdition dans toute l&#8217;Europe\"}]},{\"@type\":\"WebSite\",\"@id\":\"https:\\\/\\\/www.gastonballiot.fr\\\/#website\",\"url\":\"https:\\\/\\\/www.gastonballiot.fr\\\/\",\"name\":\"Le blog politique de Gaston\",\"description\":\"L&#039;humain d&#039;abord, pas la finance !\",\"publisher\":{\"@id\":\"https:\\\/\\\/www.gastonballiot.fr\\\/#\\\/schema\\\/person\\\/244a5e02696abd8a65c5b1bebdb948ca\"},\"potentialAction\":[{\"@type\":\"SearchAction\",\"target\":{\"@type\":\"EntryPoint\",\"urlTemplate\":\"https:\\\/\\\/www.gastonballiot.fr\\\/?s={search_term_string}\"},\"query-input\":{\"@type\":\"PropertyValueSpecification\",\"valueRequired\":true,\"valueName\":\"search_term_string\"}}],\"inLanguage\":\"fr-FR\"},{\"@type\":[\"Person\",\"Organization\"],\"@id\":\"https:\\\/\\\/www.gastonballiot.fr\\\/#\\\/schema\\\/person\\\/244a5e02696abd8a65c5b1bebdb948ca\",\"name\":\"gb\",\"image\":{\"@type\":\"ImageObject\",\"inLanguage\":\"fr-FR\",\"@id\":\"https:\\\/\\\/i0.wp.com\\\/www.gastonballiot.fr\\\/wp-content\\\/uploads\\\/2017\\\/04\\\/cropped-Marianne-drapeau-rouge.gif?fit=512%2C512&ssl=1\",\"url\":\"https:\\\/\\\/i0.wp.com\\\/www.gastonballiot.fr\\\/wp-content\\\/uploads\\\/2017\\\/04\\\/cropped-Marianne-drapeau-rouge.gif?fit=512%2C512&ssl=1\",\"contentUrl\":\"https:\\\/\\\/i0.wp.com\\\/www.gastonballiot.fr\\\/wp-content\\\/uploads\\\/2017\\\/04\\\/cropped-Marianne-drapeau-rouge.gif?fit=512%2C512&ssl=1\",\"width\":512,\"height\":512,\"caption\":\"gb\"},\"logo\":{\"@id\":\"https:\\\/\\\/i0.wp.com\\\/www.gastonballiot.fr\\\/wp-content\\\/uploads\\\/2017\\\/04\\\/cropped-Marianne-drapeau-rouge.gif?fit=512%2C512&ssl=1\"},\"description\":\"Gaston Balliot, militant du Front de Gauche en pays bigouden - Pont L'Abb\u00e9 - Loctudy - Guilvinec - Penmarc'h - Ile Tudy - Combrit Ste Marine - Tr\u00e9meoc - Plon\u00e9our, p\u00eache tourisme\",\"sameAs\":[\"https:\\\/\\\/www.facebook.com\\\/gaston.balliot\\\/\"]}]}<\/script>\n<!-- \/ Yoast SEO plugin. -->","yoast_head_json":{"title":"Les sociaux-d\u00e9mocrates en perdition dans toute l'Europe - Le blog politique de Gaston","robots":{"index":"index","follow":"follow","max-snippet":"max-snippet:-1","max-image-preview":"max-image-preview:large","max-video-preview":"max-video-preview:-1"},"canonical":"https:\/\/www.gastonballiot.fr\/?p=2757","og_locale":"fr_FR","og_type":"article","og_title":"Les sociaux-d\u00e9mocrates en perdition dans toute l'Europe - Le blog politique de Gaston","og_description":"Thomas Lemahieu, dans l&rsquo;Humanit\u00e9 du 06\/12\/2016 UNION EUROP\u00c9ENNE La d\u00e9route de MatteoRenzi constitue une nouvelle sanction pour ce \u00ab centre-gauche \u00bb qui accompagne l&rsquo;aust\u00e9rit\u00e9 et met en oeuvre les politiques n\u00e9olib\u00e9rales.","og_url":"https:\/\/www.gastonballiot.fr\/?p=2757","og_site_name":"Le blog politique de Gaston","article_publisher":"https:\/\/www.facebook.com\/gaston.balliot\/","article_author":"https:\/\/www.facebook.com\/gaston.balliot\/","article_published_time":"2016-12-07T05:16:53+00:00","og_image":[{"width":450,"height":404,"url":"https:\/\/www.gastonballiot.fr\/wp-content\/uploads\/2016\/12\/PS_agonie2.jpg","type":"image\/jpeg"}],"author":"gb","twitter_card":"summary_large_image","twitter_misc":{"\u00c9crit par":"gb","Dur\u00e9e de lecture estim\u00e9e":"3 minutes"},"schema":{"@context":"https:\/\/schema.org","@graph":[{"@type":"Article","@id":"https:\/\/www.gastonballiot.fr\/?p=2757#article","isPartOf":{"@id":"https:\/\/www.gastonballiot.fr\/?p=2757"},"author":{"name":"gb","@id":"https:\/\/www.gastonballiot.fr\/#\/schema\/person\/244a5e02696abd8a65c5b1bebdb948ca"},"headline":"Les sociaux-d\u00e9mocrates en perdition dans toute l&rsquo;Europe","datePublished":"2016-12-07T05:16:53+00:00","mainEntityOfPage":{"@id":"https:\/\/www.gastonballiot.fr\/?p=2757"},"wordCount":547,"commentCount":0,"publisher":{"@id":"https:\/\/www.gastonballiot.fr\/#\/schema\/person\/244a5e02696abd8a65c5b1bebdb948ca"},"image":{"@id":"https:\/\/www.gastonballiot.fr\/?p=2757#primaryimage"},"thumbnailUrl":"https:\/\/i0.wp.com\/www.gastonballiot.fr\/wp-content\/uploads\/2016\/12\/PS_agonie2.jpg?fit=450%2C404&ssl=1","keywords":["gauche","PS"],"articleSection":["A la une","D\u00e9mocratie","Economie","Social"],"inLanguage":"fr-FR","potentialAction":[{"@type":"CommentAction","name":"Comment","target":["https:\/\/www.gastonballiot.fr\/?p=2757#respond"]}]},{"@type":"WebPage","@id":"https:\/\/www.gastonballiot.fr\/?p=2757","url":"https:\/\/www.gastonballiot.fr\/?p=2757","name":"Les sociaux-d\u00e9mocrates en perdition dans toute l'Europe - Le blog politique de Gaston","isPartOf":{"@id":"https:\/\/www.gastonballiot.fr\/#website"},"primaryImageOfPage":{"@id":"https:\/\/www.gastonballiot.fr\/?p=2757#primaryimage"},"image":{"@id":"https:\/\/www.gastonballiot.fr\/?p=2757#primaryimage"},"thumbnailUrl":"https:\/\/i0.wp.com\/www.gastonballiot.fr\/wp-content\/uploads\/2016\/12\/PS_agonie2.jpg?fit=450%2C404&ssl=1","datePublished":"2016-12-07T05:16:53+00:00","breadcrumb":{"@id":"https:\/\/www.gastonballiot.fr\/?p=2757#breadcrumb"},"inLanguage":"fr-FR","potentialAction":[{"@type":"ReadAction","target":["https:\/\/www.gastonballiot.fr\/?p=2757"]}]},{"@type":"ImageObject","inLanguage":"fr-FR","@id":"https:\/\/www.gastonballiot.fr\/?p=2757#primaryimage","url":"https:\/\/i0.wp.com\/www.gastonballiot.fr\/wp-content\/uploads\/2016\/12\/PS_agonie2.jpg?fit=450%2C404&ssl=1","contentUrl":"https:\/\/i0.wp.com\/www.gastonballiot.fr\/wp-content\/uploads\/2016\/12\/PS_agonie2.jpg?fit=450%2C404&ssl=1","width":450,"height":404},{"@type":"BreadcrumbList","@id":"https:\/\/www.gastonballiot.fr\/?p=2757#breadcrumb","itemListElement":[{"@type":"ListItem","position":1,"name":"Accueil","item":"https:\/\/www.gastonballiot.fr\/"},{"@type":"ListItem","position":2,"name":"Les sociaux-d\u00e9mocrates en perdition dans toute l&#8217;Europe"}]},{"@type":"WebSite","@id":"https:\/\/www.gastonballiot.fr\/#website","url":"https:\/\/www.gastonballiot.fr\/","name":"Le blog politique de Gaston","description":"L&#039;humain d&#039;abord, pas la finance !","publisher":{"@id":"https:\/\/www.gastonballiot.fr\/#\/schema\/person\/244a5e02696abd8a65c5b1bebdb948ca"},"potentialAction":[{"@type":"SearchAction","target":{"@type":"EntryPoint","urlTemplate":"https:\/\/www.gastonballiot.fr\/?s={search_term_string}"},"query-input":{"@type":"PropertyValueSpecification","valueRequired":true,"valueName":"search_term_string"}}],"inLanguage":"fr-FR"},{"@type":["Person","Organization"],"@id":"https:\/\/www.gastonballiot.fr\/#\/schema\/person\/244a5e02696abd8a65c5b1bebdb948ca","name":"gb","image":{"@type":"ImageObject","inLanguage":"fr-FR","@id":"https:\/\/i0.wp.com\/www.gastonballiot.fr\/wp-content\/uploads\/2017\/04\/cropped-Marianne-drapeau-rouge.gif?fit=512%2C512&ssl=1","url":"https:\/\/i0.wp.com\/www.gastonballiot.fr\/wp-content\/uploads\/2017\/04\/cropped-Marianne-drapeau-rouge.gif?fit=512%2C512&ssl=1","contentUrl":"https:\/\/i0.wp.com\/www.gastonballiot.fr\/wp-content\/uploads\/2017\/04\/cropped-Marianne-drapeau-rouge.gif?fit=512%2C512&ssl=1","width":512,"height":512,"caption":"gb"},"logo":{"@id":"https:\/\/i0.wp.com\/www.gastonballiot.fr\/wp-content\/uploads\/2017\/04\/cropped-Marianne-drapeau-rouge.gif?fit=512%2C512&ssl=1"},"description":"Gaston Balliot, militant du Front de Gauche en pays bigouden - Pont L'Abb\u00e9 - Loctudy - Guilvinec - Penmarc'h - Ile Tudy - Combrit Ste Marine - Tr\u00e9meoc - Plon\u00e9our, p\u00eache tourisme","sameAs":["https:\/\/www.facebook.com\/gaston.balliot\/"]}]}},"jetpack_featured_media_url":"https:\/\/i0.wp.com\/www.gastonballiot.fr\/wp-content\/uploads\/2016\/12\/PS_agonie2.jpg?fit=450%2C404&ssl=1","jetpack_shortlink":"https:\/\/wp.me\/p5UTaD-It","jetpack-related-posts":[],"jetpack_likes_enabled":true,"jetpack_sharing_enabled":true,"_links":{"self":[{"href":"https:\/\/www.gastonballiot.fr\/index.php?rest_route=\/wp\/v2\/posts\/2757","targetHints":{"allow":["GET"]}}],"collection":[{"href":"https:\/\/www.gastonballiot.fr\/index.php?rest_route=\/wp\/v2\/posts"}],"about":[{"href":"https:\/\/www.gastonballiot.fr\/index.php?rest_route=\/wp\/v2\/types\/post"}],"author":[{"embeddable":true,"href":"https:\/\/www.gastonballiot.fr\/index.php?rest_route=\/wp\/v2\/users\/1"}],"replies":[{"embeddable":true,"href":"https:\/\/www.gastonballiot.fr\/index.php?rest_route=%2Fwp%2Fv2%2Fcomments&post=2757"}],"version-history":[{"count":0,"href":"https:\/\/www.gastonballiot.fr\/index.php?rest_route=\/wp\/v2\/posts\/2757\/revisions"}],"wp:featuredmedia":[{"embeddable":true,"href":"https:\/\/www.gastonballiot.fr\/index.php?rest_route=\/wp\/v2\/media\/2759"}],"wp:attachment":[{"href":"https:\/\/www.gastonballiot.fr\/index.php?rest_route=%2Fwp%2Fv2%2Fmedia&parent=2757"}],"wp:term":[{"taxonomy":"category","embeddable":true,"href":"https:\/\/www.gastonballiot.fr\/index.php?rest_route=%2Fwp%2Fv2%2Fcategories&post=2757"},{"taxonomy":"post_tag","embeddable":true,"href":"https:\/\/www.gastonballiot.fr\/index.php?rest_route=%2Fwp%2Fv2%2Ftags&post=2757"}],"curies":[{"name":"wp","href":"https:\/\/api.w.org\/{rel}","templated":true}]}}