{"id":2815,"date":"2016-12-19T20:32:52","date_gmt":"2016-12-19T19:32:52","guid":{"rendered":"http:\/\/www.gastonballiot.fr\/?p=2815"},"modified":"2016-12-23T16:14:39","modified_gmt":"2016-12-23T15:14:39","slug":"petition-pour-la-securite-sociale-adressee-a-francois-fillon","status":"publish","type":"post","link":"https:\/\/www.gastonballiot.fr\/?p=2815","title":{"rendered":"P\u00e9tition \u00ab\u00a0Pour la s\u00e9curit\u00e9 sociale\u00a0\u00bb"},"content":{"rendered":"<p><span style=\"font-size: 14pt;\"><strong><a href=\"https:\/\/www.change.org\/p\/pour-la-securite-sociale\" target=\"_blank\">https:\/\/www.change.org\/p\/pour-la-securite-sociale<\/a>\u00a0<\/strong><em>(d\u00e9j\u00e0 plus de 100 000 signatures)<\/em><\/span><\/p>\n<p>Les signataires (voir la liste des premiers sur le site de la p\u00e9tition) tiennent \u00e0 manifester leur attachement \u00e0 la S\u00e9curit\u00e9 sociale, moyen le plus juste et le plus efficient pour un syst\u00e8me de sant\u00e9 solidaire, seul \u00e0 m\u00eame de garantir l\u2019\u00e9galit\u00e9 de toutes et de tous face \u00e0 la maladie.<\/p>\n<p><a href=\"https:\/\/i0.wp.com\/www.gastonballiot.fr\/wp-content\/uploads\/2016\/11\/La-SocialeAffiche.jpg\"><img data-recalc-dims=\"1\" loading=\"lazy\" decoding=\"async\" data-attachment-id=\"2695\" data-permalink=\"https:\/\/www.gastonballiot.fr\/?attachment_id=2695#main\" data-orig-file=\"https:\/\/i0.wp.com\/www.gastonballiot.fr\/wp-content\/uploads\/2016\/11\/La-SocialeAffiche.jpg?fit=2362%2C3543&amp;ssl=1\" data-orig-size=\"2362,3543\" data-comments-opened=\"1\" data-image-meta=\"{&quot;aperture&quot;:&quot;0&quot;,&quot;credit&quot;:&quot;&quot;,&quot;camera&quot;:&quot;&quot;,&quot;caption&quot;:&quot;&quot;,&quot;created_timestamp&quot;:&quot;0&quot;,&quot;copyright&quot;:&quot;&quot;,&quot;focal_length&quot;:&quot;0&quot;,&quot;iso&quot;:&quot;0&quot;,&quot;shutter_speed&quot;:&quot;0&quot;,&quot;title&quot;:&quot;&quot;,&quot;orientation&quot;:&quot;1&quot;}\" data-image-title=\"la-socialeaffiche\" data-image-description=\"\" data-image-caption=\"\" data-medium-file=\"https:\/\/i0.wp.com\/www.gastonballiot.fr\/wp-content\/uploads\/2016\/11\/La-SocialeAffiche.jpg?fit=200%2C300&amp;ssl=1\" data-large-file=\"https:\/\/i0.wp.com\/www.gastonballiot.fr\/wp-content\/uploads\/2016\/11\/La-SocialeAffiche.jpg?fit=683%2C1024&amp;ssl=1\" class=\"wp-image-2695 alignleft\" src=\"https:\/\/i0.wp.com\/www.gastonballiot.fr\/wp-content\/uploads\/2016\/11\/La-SocialeAffiche.jpg?resize=226%2C339\" alt=\"\" width=\"226\" height=\"339\" srcset=\"https:\/\/i0.wp.com\/www.gastonballiot.fr\/wp-content\/uploads\/2016\/11\/La-SocialeAffiche.jpg?w=2362&amp;ssl=1 2362w, https:\/\/i0.wp.com\/www.gastonballiot.fr\/wp-content\/uploads\/2016\/11\/La-SocialeAffiche.jpg?resize=200%2C300&amp;ssl=1 200w, https:\/\/i0.wp.com\/www.gastonballiot.fr\/wp-content\/uploads\/2016\/11\/La-SocialeAffiche.jpg?resize=768%2C1152&amp;ssl=1 768w, https:\/\/i0.wp.com\/www.gastonballiot.fr\/wp-content\/uploads\/2016\/11\/La-SocialeAffiche.jpg?resize=683%2C1024&amp;ssl=1 683w\" sizes=\"auto, (max-width: 226px) 100vw, 226px\" \/><\/a><a href=\"http:\/\/www.gastonballiot.fr\/la-sociale-le-film-qui-sort-en-salle-en-ce-moment\/\" target=\"_blank\"><span style=\"font-size: 14pt;\"><em>Et n&rsquo;oubliez pas de voir le film \u00ab\u00a0La Sociale\u00a0\u00bb quand il passe pr\u00e8s de chez vous.<\/em><\/span><\/a><\/p>\n","protected":false},"excerpt":{"rendered":"<p>https:\/\/www.change.org\/p\/pour-la-securite-sociale\u00a0(d\u00e9j\u00e0 plus de 100 000 signatures) Les signataires (voir la liste des premiers sur le site de la p\u00e9tition) tiennent \u00e0 manifester leur attachement \u00e0 la S\u00e9curit\u00e9 sociale, moyen le plus juste et le plus efficient pour un syst\u00e8me de sant\u00e9 solidaire, seul \u00e0 m\u00eame de garantir l\u2019\u00e9galit\u00e9 de toutes et de tous face \u00e0 la maladie. Et n&rsquo;oubliez pas de voir le film \u00ab\u00a0La Sociale\u00a0\u00bb quand il passe pr\u00e8s de chez vous.<\/p>\n","protected":false},"author":1,"featured_media":2816,"comment_status":"open","ping_status":"open","sticky":false,"template":"","format":"standard","meta":{"ngg_post_thumbnail":0,"jetpack_post_was_ever_published":false,"_jetpack_newsletter_access":"","_jetpack_dont_email_post_to_subs":false,"_jetpack_newsletter_tier_id":0,"_jetpack_memberships_contains_paywalled_content":false,"_jetpack_memberships_contains_paid_content":false,"footnotes":"","jetpack_publicize_message":"","jetpack_publicize_feature_enabled":true,"jetpack_social_post_already_shared":false,"jetpack_social_options":{"image_generator_settings":{"template":"highway","enabled":false},"version":2}},"categories":[2,16],"tags":[123],"class_list":["post-2815","post","type-post","status-publish","format-standard","has-post-thumbnail","hentry","category-a-la-une","category-social","tag-securite-sociale","infinite-scroll-item","masonry-post","generate-columns","tablet-grid-50","mobile-grid-100","grid-parent","grid-33"],"jetpack_publicize_connections":[],"yoast_head":"<!-- This site is optimized with the Yoast SEO plugin v27.5 - https:\/\/yoast.com\/product\/yoast-seo-wordpress\/ -->\n<title>P\u00e9tition &quot;Pour la s\u00e9curit\u00e9 sociale&quot; - Le blog politique de Gaston<\/title>\n<meta name=\"robots\" content=\"index, follow, max-snippet:-1, max-image-preview:large, max-video-preview:-1\" \/>\n<link rel=\"canonical\" href=\"https:\/\/www.gastonballiot.fr\/?p=2815\" \/>\n<meta property=\"og:locale\" content=\"fr_FR\" \/>\n<meta property=\"og:type\" content=\"article\" \/>\n<meta property=\"og:title\" content=\"P\u00e9tition &quot;Pour la s\u00e9curit\u00e9 sociale&quot; - Le blog politique de Gaston\" \/>\n<meta property=\"og:description\" content=\"https:\/\/www.change.org\/p\/pour-la-securite-sociale\u00a0(d\u00e9j\u00e0 plus de 100 000 signatures) Les signataires (voir la liste des premiers sur le site de la p\u00e9tition) tiennent \u00e0 manifester leur attachement \u00e0 la S\u00e9curit\u00e9 sociale, moyen le plus juste et le plus efficient pour un syst\u00e8me de sant\u00e9 solidaire, seul \u00e0 m\u00eame de garantir l\u2019\u00e9galit\u00e9 de toutes et de tous face \u00e0 la maladie. Et n&rsquo;oubliez pas de voir le film \u00ab\u00a0La Sociale\u00a0\u00bb quand il passe pr\u00e8s de chez vous.\" \/>\n<meta property=\"og:url\" content=\"https:\/\/www.gastonballiot.fr\/?p=2815\" \/>\n<meta property=\"og:site_name\" content=\"Le blog politique de Gaston\" \/>\n<meta property=\"article:publisher\" content=\"https:\/\/www.facebook.com\/gaston.balliot\/\" \/>\n<meta property=\"article:author\" content=\"https:\/\/www.facebook.com\/gaston.balliot\/\" \/>\n<meta property=\"article:published_time\" content=\"2016-12-19T19:32:52+00:00\" \/>\n<meta property=\"article:modified_time\" content=\"2016-12-23T15:14:39+00:00\" \/>\n<meta property=\"og:image\" content=\"https:\/\/www.gastonballiot.fr\/wp-content\/uploads\/2016\/12\/PourLaSecuriteSociale.jpg\" \/>\n\t<meta property=\"og:image:width\" content=\"800\" \/>\n\t<meta property=\"og:image:height\" content=\"450\" \/>\n\t<meta property=\"og:image:type\" content=\"image\/jpeg\" \/>\n<meta name=\"author\" content=\"gb\" \/>\n<meta name=\"twitter:card\" content=\"summary_large_image\" \/>\n<meta name=\"twitter:label1\" content=\"\u00c9crit par\" \/>\n\t<meta name=\"twitter:data1\" content=\"gb\" \/>\n<script type=\"application\/ld+json\" class=\"yoast-schema-graph\">{\"@context\":\"https:\\\/\\\/schema.org\",\"@graph\":[{\"@type\":\"Article\",\"@id\":\"https:\\\/\\\/www.gastonballiot.fr\\\/?p=2815#article\",\"isPartOf\":{\"@id\":\"https:\\\/\\\/www.gastonballiot.fr\\\/?p=2815\"},\"author\":{\"name\":\"gb\",\"@id\":\"https:\\\/\\\/www.gastonballiot.fr\\\/#\\\/schema\\\/person\\\/244a5e02696abd8a65c5b1bebdb948ca\"},\"headline\":\"P\u00e9tition \u00ab\u00a0Pour la s\u00e9curit\u00e9 sociale\u00a0\u00bb\",\"datePublished\":\"2016-12-19T19:32:52+00:00\",\"dateModified\":\"2016-12-23T15:14:39+00:00\",\"mainEntityOfPage\":{\"@id\":\"https:\\\/\\\/www.gastonballiot.fr\\\/?p=2815\"},\"wordCount\":88,\"commentCount\":0,\"publisher\":{\"@id\":\"https:\\\/\\\/www.gastonballiot.fr\\\/#\\\/schema\\\/person\\\/244a5e02696abd8a65c5b1bebdb948ca\"},\"image\":{\"@id\":\"https:\\\/\\\/www.gastonballiot.fr\\\/?p=2815#primaryimage\"},\"thumbnailUrl\":\"https:\\\/\\\/i0.wp.com\\\/www.gastonballiot.fr\\\/wp-content\\\/uploads\\\/2016\\\/12\\\/PourLaSecuriteSociale.jpg?fit=800%2C450&ssl=1\",\"keywords\":[\"s\u00e9curit\u00e9 sociale\"],\"articleSection\":[\"A la une\",\"Social\"],\"inLanguage\":\"fr-FR\",\"potentialAction\":[{\"@type\":\"CommentAction\",\"name\":\"Comment\",\"target\":[\"https:\\\/\\\/www.gastonballiot.fr\\\/?p=2815#respond\"]}]},{\"@type\":\"WebPage\",\"@id\":\"https:\\\/\\\/www.gastonballiot.fr\\\/?p=2815\",\"url\":\"https:\\\/\\\/www.gastonballiot.fr\\\/?p=2815\",\"name\":\"P\u00e9tition \\\"Pour la s\u00e9curit\u00e9 sociale\\\" - Le blog politique de Gaston\",\"isPartOf\":{\"@id\":\"https:\\\/\\\/www.gastonballiot.fr\\\/#website\"},\"primaryImageOfPage\":{\"@id\":\"https:\\\/\\\/www.gastonballiot.fr\\\/?p=2815#primaryimage\"},\"image\":{\"@id\":\"https:\\\/\\\/www.gastonballiot.fr\\\/?p=2815#primaryimage\"},\"thumbnailUrl\":\"https:\\\/\\\/i0.wp.com\\\/www.gastonballiot.fr\\\/wp-content\\\/uploads\\\/2016\\\/12\\\/PourLaSecuriteSociale.jpg?fit=800%2C450&ssl=1\",\"datePublished\":\"2016-12-19T19:32:52+00:00\",\"dateModified\":\"2016-12-23T15:14:39+00:00\",\"breadcrumb\":{\"@id\":\"https:\\\/\\\/www.gastonballiot.fr\\\/?p=2815#breadcrumb\"},\"inLanguage\":\"fr-FR\",\"potentialAction\":[{\"@type\":\"ReadAction\",\"target\":[\"https:\\\/\\\/www.gastonballiot.fr\\\/?p=2815\"]}]},{\"@type\":\"ImageObject\",\"inLanguage\":\"fr-FR\",\"@id\":\"https:\\\/\\\/www.gastonballiot.fr\\\/?p=2815#primaryimage\",\"url\":\"https:\\\/\\\/i0.wp.com\\\/www.gastonballiot.fr\\\/wp-content\\\/uploads\\\/2016\\\/12\\\/PourLaSecuriteSociale.jpg?fit=800%2C450&ssl=1\",\"contentUrl\":\"https:\\\/\\\/i0.wp.com\\\/www.gastonballiot.fr\\\/wp-content\\\/uploads\\\/2016\\\/12\\\/PourLaSecuriteSociale.jpg?fit=800%2C450&ssl=1\",\"width\":800,\"height\":450},{\"@type\":\"BreadcrumbList\",\"@id\":\"https:\\\/\\\/www.gastonballiot.fr\\\/?p=2815#breadcrumb\",\"itemListElement\":[{\"@type\":\"ListItem\",\"position\":1,\"name\":\"Accueil\",\"item\":\"https:\\\/\\\/www.gastonballiot.fr\\\/\"},{\"@type\":\"ListItem\",\"position\":2,\"name\":\"P\u00e9tition &#8220;Pour la s\u00e9curit\u00e9 sociale&#8221;\"}]},{\"@type\":\"WebSite\",\"@id\":\"https:\\\/\\\/www.gastonballiot.fr\\\/#website\",\"url\":\"https:\\\/\\\/www.gastonballiot.fr\\\/\",\"name\":\"Le blog politique de Gaston\",\"description\":\"L&#039;humain d&#039;abord, pas la finance !\",\"publisher\":{\"@id\":\"https:\\\/\\\/www.gastonballiot.fr\\\/#\\\/schema\\\/person\\\/244a5e02696abd8a65c5b1bebdb948ca\"},\"potentialAction\":[{\"@type\":\"SearchAction\",\"target\":{\"@type\":\"EntryPoint\",\"urlTemplate\":\"https:\\\/\\\/www.gastonballiot.fr\\\/?s={search_term_string}\"},\"query-input\":{\"@type\":\"PropertyValueSpecification\",\"valueRequired\":true,\"valueName\":\"search_term_string\"}}],\"inLanguage\":\"fr-FR\"},{\"@type\":[\"Person\",\"Organization\"],\"@id\":\"https:\\\/\\\/www.gastonballiot.fr\\\/#\\\/schema\\\/person\\\/244a5e02696abd8a65c5b1bebdb948ca\",\"name\":\"gb\",\"image\":{\"@type\":\"ImageObject\",\"inLanguage\":\"fr-FR\",\"@id\":\"https:\\\/\\\/i0.wp.com\\\/www.gastonballiot.fr\\\/wp-content\\\/uploads\\\/2017\\\/04\\\/cropped-Marianne-drapeau-rouge.gif?fit=512%2C512&ssl=1\",\"url\":\"https:\\\/\\\/i0.wp.com\\\/www.gastonballiot.fr\\\/wp-content\\\/uploads\\\/2017\\\/04\\\/cropped-Marianne-drapeau-rouge.gif?fit=512%2C512&ssl=1\",\"contentUrl\":\"https:\\\/\\\/i0.wp.com\\\/www.gastonballiot.fr\\\/wp-content\\\/uploads\\\/2017\\\/04\\\/cropped-Marianne-drapeau-rouge.gif?fit=512%2C512&ssl=1\",\"width\":512,\"height\":512,\"caption\":\"gb\"},\"logo\":{\"@id\":\"https:\\\/\\\/i0.wp.com\\\/www.gastonballiot.fr\\\/wp-content\\\/uploads\\\/2017\\\/04\\\/cropped-Marianne-drapeau-rouge.gif?fit=512%2C512&ssl=1\"},\"description\":\"Gaston Balliot, militant du Front de Gauche en pays bigouden - Pont L'Abb\u00e9 - Loctudy - Guilvinec - Penmarc'h - Ile Tudy - Combrit Ste Marine - Tr\u00e9meoc - Plon\u00e9our, p\u00eache tourisme\",\"sameAs\":[\"https:\\\/\\\/www.facebook.com\\\/gaston.balliot\\\/\"]}]}<\/script>\n<!-- \/ Yoast SEO plugin. -->","yoast_head_json":{"title":"P\u00e9tition \"Pour la s\u00e9curit\u00e9 sociale\" - Le blog politique de Gaston","robots":{"index":"index","follow":"follow","max-snippet":"max-snippet:-1","max-image-preview":"max-image-preview:large","max-video-preview":"max-video-preview:-1"},"canonical":"https:\/\/www.gastonballiot.fr\/?p=2815","og_locale":"fr_FR","og_type":"article","og_title":"P\u00e9tition \"Pour la s\u00e9curit\u00e9 sociale\" - Le blog politique de Gaston","og_description":"https:\/\/www.change.org\/p\/pour-la-securite-sociale\u00a0(d\u00e9j\u00e0 plus de 100 000 signatures) Les signataires (voir la liste des premiers sur le site de la p\u00e9tition) tiennent \u00e0 manifester leur attachement \u00e0 la S\u00e9curit\u00e9 sociale, moyen le plus juste et le plus efficient pour un syst\u00e8me de sant\u00e9 solidaire, seul \u00e0 m\u00eame de garantir l\u2019\u00e9galit\u00e9 de toutes et de tous face \u00e0 la maladie. Et n&rsquo;oubliez pas de voir le film \u00ab\u00a0La Sociale\u00a0\u00bb quand il passe pr\u00e8s de chez vous.","og_url":"https:\/\/www.gastonballiot.fr\/?p=2815","og_site_name":"Le blog politique de Gaston","article_publisher":"https:\/\/www.facebook.com\/gaston.balliot\/","article_author":"https:\/\/www.facebook.com\/gaston.balliot\/","article_published_time":"2016-12-19T19:32:52+00:00","article_modified_time":"2016-12-23T15:14:39+00:00","og_image":[{"width":800,"height":450,"url":"https:\/\/www.gastonballiot.fr\/wp-content\/uploads\/2016\/12\/PourLaSecuriteSociale.jpg","type":"image\/jpeg"}],"author":"gb","twitter_card":"summary_large_image","twitter_misc":{"\u00c9crit par":"gb"},"schema":{"@context":"https:\/\/schema.org","@graph":[{"@type":"Article","@id":"https:\/\/www.gastonballiot.fr\/?p=2815#article","isPartOf":{"@id":"https:\/\/www.gastonballiot.fr\/?p=2815"},"author":{"name":"gb","@id":"https:\/\/www.gastonballiot.fr\/#\/schema\/person\/244a5e02696abd8a65c5b1bebdb948ca"},"headline":"P\u00e9tition \u00ab\u00a0Pour la s\u00e9curit\u00e9 sociale\u00a0\u00bb","datePublished":"2016-12-19T19:32:52+00:00","dateModified":"2016-12-23T15:14:39+00:00","mainEntityOfPage":{"@id":"https:\/\/www.gastonballiot.fr\/?p=2815"},"wordCount":88,"commentCount":0,"publisher":{"@id":"https:\/\/www.gastonballiot.fr\/#\/schema\/person\/244a5e02696abd8a65c5b1bebdb948ca"},"image":{"@id":"https:\/\/www.gastonballiot.fr\/?p=2815#primaryimage"},"thumbnailUrl":"https:\/\/i0.wp.com\/www.gastonballiot.fr\/wp-content\/uploads\/2016\/12\/PourLaSecuriteSociale.jpg?fit=800%2C450&ssl=1","keywords":["s\u00e9curit\u00e9 sociale"],"articleSection":["A la une","Social"],"inLanguage":"fr-FR","potentialAction":[{"@type":"CommentAction","name":"Comment","target":["https:\/\/www.gastonballiot.fr\/?p=2815#respond"]}]},{"@type":"WebPage","@id":"https:\/\/www.gastonballiot.fr\/?p=2815","url":"https:\/\/www.gastonballiot.fr\/?p=2815","name":"P\u00e9tition \"Pour la s\u00e9curit\u00e9 sociale\" - Le blog politique de Gaston","isPartOf":{"@id":"https:\/\/www.gastonballiot.fr\/#website"},"primaryImageOfPage":{"@id":"https:\/\/www.gastonballiot.fr\/?p=2815#primaryimage"},"image":{"@id":"https:\/\/www.gastonballiot.fr\/?p=2815#primaryimage"},"thumbnailUrl":"https:\/\/i0.wp.com\/www.gastonballiot.fr\/wp-content\/uploads\/2016\/12\/PourLaSecuriteSociale.jpg?fit=800%2C450&ssl=1","datePublished":"2016-12-19T19:32:52+00:00","dateModified":"2016-12-23T15:14:39+00:00","breadcrumb":{"@id":"https:\/\/www.gastonballiot.fr\/?p=2815#breadcrumb"},"inLanguage":"fr-FR","potentialAction":[{"@type":"ReadAction","target":["https:\/\/www.gastonballiot.fr\/?p=2815"]}]},{"@type":"ImageObject","inLanguage":"fr-FR","@id":"https:\/\/www.gastonballiot.fr\/?p=2815#primaryimage","url":"https:\/\/i0.wp.com\/www.gastonballiot.fr\/wp-content\/uploads\/2016\/12\/PourLaSecuriteSociale.jpg?fit=800%2C450&ssl=1","contentUrl":"https:\/\/i0.wp.com\/www.gastonballiot.fr\/wp-content\/uploads\/2016\/12\/PourLaSecuriteSociale.jpg?fit=800%2C450&ssl=1","width":800,"height":450},{"@type":"BreadcrumbList","@id":"https:\/\/www.gastonballiot.fr\/?p=2815#breadcrumb","itemListElement":[{"@type":"ListItem","position":1,"name":"Accueil","item":"https:\/\/www.gastonballiot.fr\/"},{"@type":"ListItem","position":2,"name":"P\u00e9tition &#8220;Pour la s\u00e9curit\u00e9 sociale&#8221;"}]},{"@type":"WebSite","@id":"https:\/\/www.gastonballiot.fr\/#website","url":"https:\/\/www.gastonballiot.fr\/","name":"Le blog politique de Gaston","description":"L&#039;humain d&#039;abord, pas la finance !","publisher":{"@id":"https:\/\/www.gastonballiot.fr\/#\/schema\/person\/244a5e02696abd8a65c5b1bebdb948ca"},"potentialAction":[{"@type":"SearchAction","target":{"@type":"EntryPoint","urlTemplate":"https:\/\/www.gastonballiot.fr\/?s={search_term_string}"},"query-input":{"@type":"PropertyValueSpecification","valueRequired":true,"valueName":"search_term_string"}}],"inLanguage":"fr-FR"},{"@type":["Person","Organization"],"@id":"https:\/\/www.gastonballiot.fr\/#\/schema\/person\/244a5e02696abd8a65c5b1bebdb948ca","name":"gb","image":{"@type":"ImageObject","inLanguage":"fr-FR","@id":"https:\/\/i0.wp.com\/www.gastonballiot.fr\/wp-content\/uploads\/2017\/04\/cropped-Marianne-drapeau-rouge.gif?fit=512%2C512&ssl=1","url":"https:\/\/i0.wp.com\/www.gastonballiot.fr\/wp-content\/uploads\/2017\/04\/cropped-Marianne-drapeau-rouge.gif?fit=512%2C512&ssl=1","contentUrl":"https:\/\/i0.wp.com\/www.gastonballiot.fr\/wp-content\/uploads\/2017\/04\/cropped-Marianne-drapeau-rouge.gif?fit=512%2C512&ssl=1","width":512,"height":512,"caption":"gb"},"logo":{"@id":"https:\/\/i0.wp.com\/www.gastonballiot.fr\/wp-content\/uploads\/2017\/04\/cropped-Marianne-drapeau-rouge.gif?fit=512%2C512&ssl=1"},"description":"Gaston Balliot, militant du Front de Gauche en pays bigouden - Pont L'Abb\u00e9 - Loctudy - Guilvinec - Penmarc'h - Ile Tudy - Combrit Ste Marine - Tr\u00e9meoc - Plon\u00e9our, p\u00eache tourisme","sameAs":["https:\/\/www.facebook.com\/gaston.balliot\/"]}]}},"jetpack_featured_media_url":"https:\/\/i0.wp.com\/www.gastonballiot.fr\/wp-content\/uploads\/2016\/12\/PourLaSecuriteSociale.jpg?fit=800%2C450&ssl=1","jetpack_shortlink":"https:\/\/wp.me\/p5UTaD-Jp","jetpack-related-posts":[],"jetpack_likes_enabled":true,"jetpack_sharing_enabled":true,"_links":{"self":[{"href":"https:\/\/www.gastonballiot.fr\/index.php?rest_route=\/wp\/v2\/posts\/2815","targetHints":{"allow":["GET"]}}],"collection":[{"href":"https:\/\/www.gastonballiot.fr\/index.php?rest_route=\/wp\/v2\/posts"}],"about":[{"href":"https:\/\/www.gastonballiot.fr\/index.php?rest_route=\/wp\/v2\/types\/post"}],"author":[{"embeddable":true,"href":"https:\/\/www.gastonballiot.fr\/index.php?rest_route=\/wp\/v2\/users\/1"}],"replies":[{"embeddable":true,"href":"https:\/\/www.gastonballiot.fr\/index.php?rest_route=%2Fwp%2Fv2%2Fcomments&post=2815"}],"version-history":[{"count":0,"href":"https:\/\/www.gastonballiot.fr\/index.php?rest_route=\/wp\/v2\/posts\/2815\/revisions"}],"wp:featuredmedia":[{"embeddable":true,"href":"https:\/\/www.gastonballiot.fr\/index.php?rest_route=\/wp\/v2\/media\/2816"}],"wp:attachment":[{"href":"https:\/\/www.gastonballiot.fr\/index.php?rest_route=%2Fwp%2Fv2%2Fmedia&parent=2815"}],"wp:term":[{"taxonomy":"category","embeddable":true,"href":"https:\/\/www.gastonballiot.fr\/index.php?rest_route=%2Fwp%2Fv2%2Fcategories&post=2815"},{"taxonomy":"post_tag","embeddable":true,"href":"https:\/\/www.gastonballiot.fr\/index.php?rest_route=%2Fwp%2Fv2%2Ftags&post=2815"}],"curies":[{"name":"wp","href":"https:\/\/api.w.org\/{rel}","templated":true}]}}