{"id":31,"date":"2014-09-10T17:32:00","date_gmt":"2014-09-10T16:32:00","guid":{"rendered":"https:\/\/gastonballiot.wordpress.com\/2014\/09\/10\/exigeons-la-dissolution-de-lotan"},"modified":"2014-09-10T17:32:00","modified_gmt":"2014-09-10T16:32:00","slug":"exigeons-la-dissolution-de-lotan","status":"publish","type":"post","link":"https:\/\/www.gastonballiot.fr\/?p=31","title":{"rendered":"Exigeons la dissolution de l\u2019Otan !"},"content":{"rendered":"<p><\/p>\n<header style=\"border:0;font-family:Georgia, serif;line-height:21.60000038147px;margin:0;max-width:100%;padding:0;position:relative;vertical-align:baseline;\">\n<hgroup style=\"border:0;margin:0 0 .6em;padding:0;vertical-align:baseline;\">\n<h1 class=\"title\" style=\"border:0;line-height:1em;margin:.2em 0;padding:0;text-align:center;vertical-align:baseline;\"><span style=\"line-height:1.2em;\"><span style=\"font-size:large;\">Une organisation qui est le bras arm\u00e9 de l\u2019\u00e9conomie de march\u00e9<\/span><\/span><\/h1>\n<\/hgroup>\n<\/header>\n<section style=\"border:0;font-family:Georgia, serif;font-size:16px;line-height:21.60000038147px;margin:1.2em 0;max-width:100%;padding:0;position:relative;text-align:justify;vertical-align:baseline;\">\n<figure class=\"portrait small\" style=\"border:0;float:right;margin:17.8125px 0 17.8125px 35.625px;max-width:100%;padding:0;position:relative;vertical-align:baseline;width:276.171875px;\"><img data-recalc-dims=\"1\" decoding=\"async\" src=\"https:\/\/i0.wp.com\/online.milibris.com\/reader\/flash\/1990aeb9-c44e-4fc9-836a-c19090bfb22d\/articles\/ca0d1b73-e812-4f92-84e9-a42d95b74748.jpg?w=1200\" \/><figcaption style=\"border:0;font-family:Helvetica, sans-serif;font-size:.8em;line-height:normal;margin:.6em 0;max-width:100%;padding:0;position:relative;vertical-align:baseline;width:276.171875px;\">Roland Weyl Avocat et vice-pr\u00e9sident de l\u2019Association internationale des juristes d\u00e9mocrates<\/figcaption><figcaption style=\"border:0;font-family:Helvetica, sans-serif;font-size:.8em;line-height:normal;margin:.6em 0;max-width:100%;padding:0;position:relative;vertical-align:baseline;width:276.171875px;\">(article dans l&rsquo;Humanit\u00e9 du 10 septembre 2014)<\/figcaption><\/figure>\n<div class=\"drop-cap\" style=\"border:0;margin-bottom:.6em;margin-top:.6em;padding:0;vertical-align:baseline;\">La tenue du sommet de l\u2019Otan a \u00e9t\u00e9 l\u2019occasion d\u2019en exiger la dissolution, au motif que cette Organisation du trait\u00e9 de l\u2019Atlantique Nord a perdu sa l\u00e9gitimit\u00e9 depuis la dissolution du pacte de Varsovie et est devenue le bras arm\u00e9 d\u2019une volont\u00e9 de domination d\u2019int\u00e9r\u00eats \u00e9conomiques. Or cette dissolution s\u2019impose d\u2019autant plus qu\u2019en r\u00e9alit\u00e9, l\u2019Otan a toujours \u00e9t\u00e9 ce bras arm\u00e9 et n\u2019a jamais eu de l\u00e9gitimit\u00e9. En effet, elle a \u00e9t\u00e9 fond\u00e9e en 1949, non pas pour r\u00e9pondre au pacte de Varsovie, qui n\u2019a \u00e9t\u00e9 cr\u00e9\u00e9 qu\u2019en 1955, mais en r\u00e9ponse au fait qu\u2019en 1948, la Tch\u00e9coslovaquie, refusant l\u2019application du plan Marshall de domination \u00e9conomique am\u00e9ricaine, \u00e9tait pass\u00e9e du c\u00f4t\u00e9 sovi\u00e9tique, et qu\u2019il fallait emp\u00eacher que cela ne se reproduise ailleurs.<\/div>\n<div style=\"border:0;margin-bottom:.6em;margin-top:.6em;padding:0;vertical-align:baseline;\">Tout le sens en est donn\u00e9 par l\u2019article 2 qui \u00e9crit : \u00ab En renfor\u00e7ant leurs libres institutions, en assurant une meilleure compr\u00e9hension des principes sur lesquels ces institutions sont fond\u00e9es, en d\u00e9veloppant les conditions propres \u00e0 assurer la stabilit\u00e9 (&#8230;) elles s\u2019efforceront d\u2019\u00e9liminer toute opp o s i t ion dans leurs politiques \u00e9conomiques. \u00bb En clair, emp\u00eacher les bouleversements sociaux et garantir les principes du lib\u00e9ralisme et de l\u2019\u00e9conomie de march\u00e9.<\/div>\n<div style=\"border:0;margin-bottom:.6em;margin-top:.6em;padding:0;vertical-align:baseline;\">L\u2019Otan fait d\u2019ailleurs partie d\u2019un dispositif mondial, dans le cadre duquel, en 1953, pour \u00ab l\u00e9galiser \u00bb leurs interventions en les faisant entrer dans la l\u00e9gitime d\u00e9fense admise par la charte des Nations unies, les \u00c9tats-Unis feront adopter, par la conf\u00e9rence de l\u2019Union des \u00c9tats am\u00e9ricains, une r\u00e9solution imaginant la notion d\u2019agression interne du communisme international, au nom de laquelle ils allaient intervenir au Guatemala pour renverser le gouvernement Arbenz, qui avait nationalis\u00e9 l\u2019United Fruit (&#8230;).<\/div>\n<div style=\"border:0;margin-bottom:.6em;margin-top:.6em;padding:0;vertical-align:baseline;\">Or, l\u2019Otan n\u2019est pas seulement ill\u00e9gitime, mais contraire au droit international. En effet, si la charte admet les organisations r\u00e9gionales, l\u2019Atlantique Nord n\u2019a jamais \u00e9t\u00e9 une r\u00e9gion, et la plupart des pays membres n\u2019en sont pas riverains, mais surtout, \u00e9tant un groupe d\u2019\u00c9tats organis\u00e9s pour des interventions militaires, elle viole l\u2019interdiction par l\u2019article 2.4 de la charte du recours \u00e0 la force ou \u00e0 la menace de la force, qui ne peuvent relever que du Conseil de s\u00e9curit\u00e9 et seulement pour le maintien ou le r\u00e9tablissement de la paix. Elle doit donc \u00eatre consid\u00e9r\u00e9e simplement comme le serait dans un pays un groupe arm\u00e9 faisant sa propre police. C\u2019est dire combien sa dissolution s\u2019impose !<\/div>\n<\/section>\n","protected":false},"excerpt":{"rendered":"<p>Une organisation qui est le bras arm\u00e9 de l\u2019\u00e9conomie de march\u00e9 Roland Weyl Avocat et vice-pr\u00e9sident de l\u2019Association internationale des juristes d\u00e9mocrates(article dans l&rsquo;Humanit\u00e9 du 10 septembre 2014) La tenue du sommet de l\u2019Otan a \u00e9t\u00e9 l\u2019occasion d\u2019en exiger la dissolution, au motif que cette Organisation du trait\u00e9 de l\u2019Atlantique Nord a perdu sa l\u00e9gitimit\u00e9 depuis la dissolution du pacte de Varsovie et est devenue le bras arm\u00e9 d\u2019une volont\u00e9 de domination d\u2019int\u00e9r\u00eats \u00e9conomiques. Or cette dissolution s\u2019impose d\u2019autant plus qu\u2019en &#8230; <a title=\"Exigeons la dissolution de l\u2019Otan !\" class=\"read-more\" href=\"https:\/\/www.gastonballiot.fr\/?p=31\" aria-label=\"Plus sur Exigeons la dissolution de l\u2019Otan !\">Lire la suite&#8230;<\/a><\/p>\n","protected":false},"author":1,"featured_media":0,"comment_status":"open","ping_status":"open","sticky":false,"template":"","format":"standard","meta":{"ngg_post_thumbnail":0,"jetpack_post_was_ever_published":false,"_jetpack_newsletter_access":"","_jetpack_dont_email_post_to_subs":false,"_jetpack_newsletter_tier_id":0,"_jetpack_memberships_contains_paywalled_content":false,"_jetpack_memberships_contains_paid_content":false,"footnotes":"","jetpack_publicize_message":"","jetpack_publicize_feature_enabled":true,"jetpack_social_post_already_shared":false,"jetpack_social_options":{"image_generator_settings":{"template":"highway","enabled":false},"version":2}},"categories":[5,8,12],"tags":[48,57,58,70,102,103],"class_list":["post-31","post","type-post","status-publish","format-standard","hentry","category-democratie","category-europe","category-paix-desarmement","tag-democratie","tag-etats-unis","tag-europe","tag-guerre","tag-otan","tag-paix","infinite-scroll-item","masonry-post","generate-columns","tablet-grid-50","mobile-grid-100","grid-parent","grid-33"],"jetpack_publicize_connections":[],"yoast_head":"<!-- This site is optimized with the Yoast SEO plugin v27.5 - https:\/\/yoast.com\/product\/yoast-seo-wordpress\/ -->\n<title>Exigeons la dissolution de l\u2019Otan ! - Le blog politique de Gaston<\/title>\n<meta name=\"robots\" content=\"index, follow, max-snippet:-1, max-image-preview:large, max-video-preview:-1\" \/>\n<link rel=\"canonical\" href=\"https:\/\/www.gastonballiot.fr\/?p=31\" \/>\n<meta property=\"og:locale\" content=\"fr_FR\" \/>\n<meta property=\"og:type\" content=\"article\" \/>\n<meta property=\"og:title\" content=\"Exigeons la dissolution de l\u2019Otan ! - Le blog politique de Gaston\" \/>\n<meta property=\"og:description\" content=\"Une organisation qui est le bras arm\u00e9 de l\u2019\u00e9conomie de march\u00e9 Roland Weyl Avocat et vice-pr\u00e9sident de l\u2019Association internationale des juristes d\u00e9mocrates(article dans l&rsquo;Humanit\u00e9 du 10 septembre 2014) La tenue du sommet de l\u2019Otan a \u00e9t\u00e9 l\u2019occasion d\u2019en exiger la dissolution, au motif que cette Organisation du trait\u00e9 de l\u2019Atlantique Nord a perdu sa l\u00e9gitimit\u00e9 depuis la dissolution du pacte de Varsovie et est devenue le bras arm\u00e9 d\u2019une volont\u00e9 de domination d\u2019int\u00e9r\u00eats \u00e9conomiques. Or cette dissolution s\u2019impose d\u2019autant plus qu\u2019en ... Lire la suite...\" \/>\n<meta property=\"og:url\" content=\"https:\/\/www.gastonballiot.fr\/?p=31\" \/>\n<meta property=\"og:site_name\" content=\"Le blog politique de Gaston\" \/>\n<meta property=\"article:publisher\" content=\"https:\/\/www.facebook.com\/gaston.balliot\/\" \/>\n<meta property=\"article:author\" content=\"https:\/\/www.facebook.com\/gaston.balliot\/\" \/>\n<meta property=\"article:published_time\" content=\"2014-09-10T16:32:00+00:00\" \/>\n<meta property=\"og:image\" content=\"http:\/\/online.milibris.com\/reader\/flash\/1990aeb9-c44e-4fc9-836a-c19090bfb22d\/articles\/ca0d1b73-e812-4f92-84e9-a42d95b74748.jpg\" \/>\n<meta name=\"author\" content=\"gb\" \/>\n<meta name=\"twitter:card\" content=\"summary_large_image\" \/>\n<meta name=\"twitter:label1\" content=\"\u00c9crit par\" \/>\n\t<meta name=\"twitter:data1\" content=\"gb\" \/>\n\t<meta name=\"twitter:label2\" content=\"Dur\u00e9e de lecture estim\u00e9e\" \/>\n\t<meta name=\"twitter:data2\" content=\"2 minutes\" \/>\n<script type=\"application\/ld+json\" class=\"yoast-schema-graph\">{\"@context\":\"https:\\\/\\\/schema.org\",\"@graph\":[{\"@type\":\"Article\",\"@id\":\"https:\\\/\\\/www.gastonballiot.fr\\\/?p=31#article\",\"isPartOf\":{\"@id\":\"https:\\\/\\\/www.gastonballiot.fr\\\/?p=31\"},\"author\":{\"name\":\"gb\",\"@id\":\"https:\\\/\\\/www.gastonballiot.fr\\\/#\\\/schema\\\/person\\\/244a5e02696abd8a65c5b1bebdb948ca\"},\"headline\":\"Exigeons la dissolution de l\u2019Otan !\",\"datePublished\":\"2014-09-10T16:32:00+00:00\",\"mainEntityOfPage\":{\"@id\":\"https:\\\/\\\/www.gastonballiot.fr\\\/?p=31\"},\"wordCount\":477,\"commentCount\":0,\"publisher\":{\"@id\":\"https:\\\/\\\/www.gastonballiot.fr\\\/#\\\/schema\\\/person\\\/244a5e02696abd8a65c5b1bebdb948ca\"},\"image\":{\"@id\":\"https:\\\/\\\/www.gastonballiot.fr\\\/?p=31#primaryimage\"},\"thumbnailUrl\":\"http:\\\/\\\/online.milibris.com\\\/reader\\\/flash\\\/1990aeb9-c44e-4fc9-836a-c19090bfb22d\\\/articles\\\/ca0d1b73-e812-4f92-84e9-a42d95b74748.jpg\",\"keywords\":[\"D\u00e9mocratie\",\"Etats-Unis\",\"Europe\",\"guerre\",\"OTAN\",\"paix\"],\"articleSection\":[\"D\u00e9mocratie\",\"Europe\",\"Paix-D\u00e9sarmement\"],\"inLanguage\":\"fr-FR\",\"potentialAction\":[{\"@type\":\"CommentAction\",\"name\":\"Comment\",\"target\":[\"https:\\\/\\\/www.gastonballiot.fr\\\/?p=31#respond\"]}]},{\"@type\":\"WebPage\",\"@id\":\"https:\\\/\\\/www.gastonballiot.fr\\\/?p=31\",\"url\":\"https:\\\/\\\/www.gastonballiot.fr\\\/?p=31\",\"name\":\"Exigeons la dissolution de l\u2019Otan ! - Le blog politique de Gaston\",\"isPartOf\":{\"@id\":\"https:\\\/\\\/www.gastonballiot.fr\\\/#website\"},\"primaryImageOfPage\":{\"@id\":\"https:\\\/\\\/www.gastonballiot.fr\\\/?p=31#primaryimage\"},\"image\":{\"@id\":\"https:\\\/\\\/www.gastonballiot.fr\\\/?p=31#primaryimage\"},\"thumbnailUrl\":\"http:\\\/\\\/online.milibris.com\\\/reader\\\/flash\\\/1990aeb9-c44e-4fc9-836a-c19090bfb22d\\\/articles\\\/ca0d1b73-e812-4f92-84e9-a42d95b74748.jpg\",\"datePublished\":\"2014-09-10T16:32:00+00:00\",\"breadcrumb\":{\"@id\":\"https:\\\/\\\/www.gastonballiot.fr\\\/?p=31#breadcrumb\"},\"inLanguage\":\"fr-FR\",\"potentialAction\":[{\"@type\":\"ReadAction\",\"target\":[\"https:\\\/\\\/www.gastonballiot.fr\\\/?p=31\"]}]},{\"@type\":\"ImageObject\",\"inLanguage\":\"fr-FR\",\"@id\":\"https:\\\/\\\/www.gastonballiot.fr\\\/?p=31#primaryimage\",\"url\":\"http:\\\/\\\/online.milibris.com\\\/reader\\\/flash\\\/1990aeb9-c44e-4fc9-836a-c19090bfb22d\\\/articles\\\/ca0d1b73-e812-4f92-84e9-a42d95b74748.jpg\",\"contentUrl\":\"http:\\\/\\\/online.milibris.com\\\/reader\\\/flash\\\/1990aeb9-c44e-4fc9-836a-c19090bfb22d\\\/articles\\\/ca0d1b73-e812-4f92-84e9-a42d95b74748.jpg\"},{\"@type\":\"BreadcrumbList\",\"@id\":\"https:\\\/\\\/www.gastonballiot.fr\\\/?p=31#breadcrumb\",\"itemListElement\":[{\"@type\":\"ListItem\",\"position\":1,\"name\":\"Accueil\",\"item\":\"https:\\\/\\\/www.gastonballiot.fr\\\/\"},{\"@type\":\"ListItem\",\"position\":2,\"name\":\"Exigeons la dissolution de l\u2019Otan !\"}]},{\"@type\":\"WebSite\",\"@id\":\"https:\\\/\\\/www.gastonballiot.fr\\\/#website\",\"url\":\"https:\\\/\\\/www.gastonballiot.fr\\\/\",\"name\":\"Le blog politique de Gaston\",\"description\":\"L&#039;humain d&#039;abord, pas la finance !\",\"publisher\":{\"@id\":\"https:\\\/\\\/www.gastonballiot.fr\\\/#\\\/schema\\\/person\\\/244a5e02696abd8a65c5b1bebdb948ca\"},\"potentialAction\":[{\"@type\":\"SearchAction\",\"target\":{\"@type\":\"EntryPoint\",\"urlTemplate\":\"https:\\\/\\\/www.gastonballiot.fr\\\/?s={search_term_string}\"},\"query-input\":{\"@type\":\"PropertyValueSpecification\",\"valueRequired\":true,\"valueName\":\"search_term_string\"}}],\"inLanguage\":\"fr-FR\"},{\"@type\":[\"Person\",\"Organization\"],\"@id\":\"https:\\\/\\\/www.gastonballiot.fr\\\/#\\\/schema\\\/person\\\/244a5e02696abd8a65c5b1bebdb948ca\",\"name\":\"gb\",\"image\":{\"@type\":\"ImageObject\",\"inLanguage\":\"fr-FR\",\"@id\":\"https:\\\/\\\/i0.wp.com\\\/www.gastonballiot.fr\\\/wp-content\\\/uploads\\\/2017\\\/04\\\/cropped-Marianne-drapeau-rouge.gif?fit=512%2C512&ssl=1\",\"url\":\"https:\\\/\\\/i0.wp.com\\\/www.gastonballiot.fr\\\/wp-content\\\/uploads\\\/2017\\\/04\\\/cropped-Marianne-drapeau-rouge.gif?fit=512%2C512&ssl=1\",\"contentUrl\":\"https:\\\/\\\/i0.wp.com\\\/www.gastonballiot.fr\\\/wp-content\\\/uploads\\\/2017\\\/04\\\/cropped-Marianne-drapeau-rouge.gif?fit=512%2C512&ssl=1\",\"width\":512,\"height\":512,\"caption\":\"gb\"},\"logo\":{\"@id\":\"https:\\\/\\\/i0.wp.com\\\/www.gastonballiot.fr\\\/wp-content\\\/uploads\\\/2017\\\/04\\\/cropped-Marianne-drapeau-rouge.gif?fit=512%2C512&ssl=1\"},\"description\":\"Gaston Balliot, militant du Front de Gauche en pays bigouden - Pont L'Abb\u00e9 - Loctudy - Guilvinec - Penmarc'h - Ile Tudy - Combrit Ste Marine - Tr\u00e9meoc - Plon\u00e9our, p\u00eache tourisme\",\"sameAs\":[\"https:\\\/\\\/www.facebook.com\\\/gaston.balliot\\\/\"]}]}<\/script>\n<!-- \/ Yoast SEO plugin. -->","yoast_head_json":{"title":"Exigeons la dissolution de l\u2019Otan ! - Le blog politique de Gaston","robots":{"index":"index","follow":"follow","max-snippet":"max-snippet:-1","max-image-preview":"max-image-preview:large","max-video-preview":"max-video-preview:-1"},"canonical":"https:\/\/www.gastonballiot.fr\/?p=31","og_locale":"fr_FR","og_type":"article","og_title":"Exigeons la dissolution de l\u2019Otan ! - Le blog politique de Gaston","og_description":"Une organisation qui est le bras arm\u00e9 de l\u2019\u00e9conomie de march\u00e9 Roland Weyl Avocat et vice-pr\u00e9sident de l\u2019Association internationale des juristes d\u00e9mocrates(article dans l&rsquo;Humanit\u00e9 du 10 septembre 2014) La tenue du sommet de l\u2019Otan a \u00e9t\u00e9 l\u2019occasion d\u2019en exiger la dissolution, au motif que cette Organisation du trait\u00e9 de l\u2019Atlantique Nord a perdu sa l\u00e9gitimit\u00e9 depuis la dissolution du pacte de Varsovie et est devenue le bras arm\u00e9 d\u2019une volont\u00e9 de domination d\u2019int\u00e9r\u00eats \u00e9conomiques. Or cette dissolution s\u2019impose d\u2019autant plus qu\u2019en ... Lire la suite...","og_url":"https:\/\/www.gastonballiot.fr\/?p=31","og_site_name":"Le blog politique de Gaston","article_publisher":"https:\/\/www.facebook.com\/gaston.balliot\/","article_author":"https:\/\/www.facebook.com\/gaston.balliot\/","article_published_time":"2014-09-10T16:32:00+00:00","og_image":[{"url":"http:\/\/online.milibris.com\/reader\/flash\/1990aeb9-c44e-4fc9-836a-c19090bfb22d\/articles\/ca0d1b73-e812-4f92-84e9-a42d95b74748.jpg","type":"","width":"","height":""}],"author":"gb","twitter_card":"summary_large_image","twitter_misc":{"\u00c9crit par":"gb","Dur\u00e9e de lecture estim\u00e9e":"2 minutes"},"schema":{"@context":"https:\/\/schema.org","@graph":[{"@type":"Article","@id":"https:\/\/www.gastonballiot.fr\/?p=31#article","isPartOf":{"@id":"https:\/\/www.gastonballiot.fr\/?p=31"},"author":{"name":"gb","@id":"https:\/\/www.gastonballiot.fr\/#\/schema\/person\/244a5e02696abd8a65c5b1bebdb948ca"},"headline":"Exigeons la dissolution de l\u2019Otan !","datePublished":"2014-09-10T16:32:00+00:00","mainEntityOfPage":{"@id":"https:\/\/www.gastonballiot.fr\/?p=31"},"wordCount":477,"commentCount":0,"publisher":{"@id":"https:\/\/www.gastonballiot.fr\/#\/schema\/person\/244a5e02696abd8a65c5b1bebdb948ca"},"image":{"@id":"https:\/\/www.gastonballiot.fr\/?p=31#primaryimage"},"thumbnailUrl":"http:\/\/online.milibris.com\/reader\/flash\/1990aeb9-c44e-4fc9-836a-c19090bfb22d\/articles\/ca0d1b73-e812-4f92-84e9-a42d95b74748.jpg","keywords":["D\u00e9mocratie","Etats-Unis","Europe","guerre","OTAN","paix"],"articleSection":["D\u00e9mocratie","Europe","Paix-D\u00e9sarmement"],"inLanguage":"fr-FR","potentialAction":[{"@type":"CommentAction","name":"Comment","target":["https:\/\/www.gastonballiot.fr\/?p=31#respond"]}]},{"@type":"WebPage","@id":"https:\/\/www.gastonballiot.fr\/?p=31","url":"https:\/\/www.gastonballiot.fr\/?p=31","name":"Exigeons la dissolution de l\u2019Otan ! - Le blog politique de Gaston","isPartOf":{"@id":"https:\/\/www.gastonballiot.fr\/#website"},"primaryImageOfPage":{"@id":"https:\/\/www.gastonballiot.fr\/?p=31#primaryimage"},"image":{"@id":"https:\/\/www.gastonballiot.fr\/?p=31#primaryimage"},"thumbnailUrl":"http:\/\/online.milibris.com\/reader\/flash\/1990aeb9-c44e-4fc9-836a-c19090bfb22d\/articles\/ca0d1b73-e812-4f92-84e9-a42d95b74748.jpg","datePublished":"2014-09-10T16:32:00+00:00","breadcrumb":{"@id":"https:\/\/www.gastonballiot.fr\/?p=31#breadcrumb"},"inLanguage":"fr-FR","potentialAction":[{"@type":"ReadAction","target":["https:\/\/www.gastonballiot.fr\/?p=31"]}]},{"@type":"ImageObject","inLanguage":"fr-FR","@id":"https:\/\/www.gastonballiot.fr\/?p=31#primaryimage","url":"http:\/\/online.milibris.com\/reader\/flash\/1990aeb9-c44e-4fc9-836a-c19090bfb22d\/articles\/ca0d1b73-e812-4f92-84e9-a42d95b74748.jpg","contentUrl":"http:\/\/online.milibris.com\/reader\/flash\/1990aeb9-c44e-4fc9-836a-c19090bfb22d\/articles\/ca0d1b73-e812-4f92-84e9-a42d95b74748.jpg"},{"@type":"BreadcrumbList","@id":"https:\/\/www.gastonballiot.fr\/?p=31#breadcrumb","itemListElement":[{"@type":"ListItem","position":1,"name":"Accueil","item":"https:\/\/www.gastonballiot.fr\/"},{"@type":"ListItem","position":2,"name":"Exigeons la dissolution de l\u2019Otan !"}]},{"@type":"WebSite","@id":"https:\/\/www.gastonballiot.fr\/#website","url":"https:\/\/www.gastonballiot.fr\/","name":"Le blog politique de Gaston","description":"L&#039;humain d&#039;abord, pas la finance !","publisher":{"@id":"https:\/\/www.gastonballiot.fr\/#\/schema\/person\/244a5e02696abd8a65c5b1bebdb948ca"},"potentialAction":[{"@type":"SearchAction","target":{"@type":"EntryPoint","urlTemplate":"https:\/\/www.gastonballiot.fr\/?s={search_term_string}"},"query-input":{"@type":"PropertyValueSpecification","valueRequired":true,"valueName":"search_term_string"}}],"inLanguage":"fr-FR"},{"@type":["Person","Organization"],"@id":"https:\/\/www.gastonballiot.fr\/#\/schema\/person\/244a5e02696abd8a65c5b1bebdb948ca","name":"gb","image":{"@type":"ImageObject","inLanguage":"fr-FR","@id":"https:\/\/i0.wp.com\/www.gastonballiot.fr\/wp-content\/uploads\/2017\/04\/cropped-Marianne-drapeau-rouge.gif?fit=512%2C512&ssl=1","url":"https:\/\/i0.wp.com\/www.gastonballiot.fr\/wp-content\/uploads\/2017\/04\/cropped-Marianne-drapeau-rouge.gif?fit=512%2C512&ssl=1","contentUrl":"https:\/\/i0.wp.com\/www.gastonballiot.fr\/wp-content\/uploads\/2017\/04\/cropped-Marianne-drapeau-rouge.gif?fit=512%2C512&ssl=1","width":512,"height":512,"caption":"gb"},"logo":{"@id":"https:\/\/i0.wp.com\/www.gastonballiot.fr\/wp-content\/uploads\/2017\/04\/cropped-Marianne-drapeau-rouge.gif?fit=512%2C512&ssl=1"},"description":"Gaston Balliot, militant du Front de Gauche en pays bigouden - Pont L'Abb\u00e9 - Loctudy - Guilvinec - Penmarc'h - Ile Tudy - Combrit Ste Marine - Tr\u00e9meoc - Plon\u00e9our, p\u00eache tourisme","sameAs":["https:\/\/www.facebook.com\/gaston.balliot\/"]}]}},"jetpack_featured_media_url":"","jetpack_shortlink":"https:\/\/wp.me\/p5UTaD-v","jetpack-related-posts":[],"jetpack_likes_enabled":true,"jetpack_sharing_enabled":true,"_links":{"self":[{"href":"https:\/\/www.gastonballiot.fr\/index.php?rest_route=\/wp\/v2\/posts\/31","targetHints":{"allow":["GET"]}}],"collection":[{"href":"https:\/\/www.gastonballiot.fr\/index.php?rest_route=\/wp\/v2\/posts"}],"about":[{"href":"https:\/\/www.gastonballiot.fr\/index.php?rest_route=\/wp\/v2\/types\/post"}],"author":[{"embeddable":true,"href":"https:\/\/www.gastonballiot.fr\/index.php?rest_route=\/wp\/v2\/users\/1"}],"replies":[{"embeddable":true,"href":"https:\/\/www.gastonballiot.fr\/index.php?rest_route=%2Fwp%2Fv2%2Fcomments&post=31"}],"version-history":[{"count":0,"href":"https:\/\/www.gastonballiot.fr\/index.php?rest_route=\/wp\/v2\/posts\/31\/revisions"}],"wp:attachment":[{"href":"https:\/\/www.gastonballiot.fr\/index.php?rest_route=%2Fwp%2Fv2%2Fmedia&parent=31"}],"wp:term":[{"taxonomy":"category","embeddable":true,"href":"https:\/\/www.gastonballiot.fr\/index.php?rest_route=%2Fwp%2Fv2%2Fcategories&post=31"},{"taxonomy":"post_tag","embeddable":true,"href":"https:\/\/www.gastonballiot.fr\/index.php?rest_route=%2Fwp%2Fv2%2Ftags&post=31"}],"curies":[{"name":"wp","href":"https:\/\/api.w.org\/{rel}","templated":true}]}}