{"id":3388,"date":"2017-03-27T11:05:12","date_gmt":"2017-03-27T09:05:12","guid":{"rendered":"http:\/\/www.gastonballiot.fr\/?p=3388"},"modified":"2017-03-29T10:08:10","modified_gmt":"2017-03-29T08:08:10","slug":"le-souhaitable-et-le-possible","status":"publish","type":"post","link":"https:\/\/www.gastonballiot.fr\/?p=3388","title":{"rendered":"Le souhaitable et le possible"},"content":{"rendered":"<h2 style=\"text-align: center;\">La prise en compte de la soci\u00e9t\u00e9 civile par G\u00e9rard Aschieri.<\/h2>\n<p style=\"text-align: center;\">&#8211; ancien responsable de la FSU, membre du Conseil Economique Social et Environnemental<\/p>\n<p>Il y a quelques jours, un sondage nous apprenait que 71 % des personnes interrog\u00e9es sur l&rsquo;avenir de la protection sociale consid\u00e9raient que la priorit\u00e9 \u00e9tait la lutte contre \u00ab l&rsquo;assistanat \u00bb plut\u00f4t que le d\u00e9veloppement de politiques fond\u00e9es sur la solidarit\u00e9. C&rsquo;est un signe parmi d&rsquo;autres qui confirme combien les id\u00e9es-forces d&rsquo;une transformation sociale sont sur le recul, sap\u00e9es par la vague de l&rsquo;id\u00e9ologie n\u00e9olib\u00e9rale. Et pourtant, les arguments solides ne manquent pas, pas plus que les militants, les intellectuels et les organisations pour les porter. Je n&rsquo;ai pas la pr\u00e9tention de donner de le\u00e7ons sur la mani\u00e8re de remonter la pente. Je veux simplement formuler ici quelques id\u00e9es que me sugg\u00e8re mon exp\u00e9rience militante.<!--more--><\/p>\n<p>D&rsquo;abord, je pense qu<strong>&lsquo;il ne suffit pas d&rsquo;avoir des analyses pertinentes, des arguments solides et des propositions justes pour emporter la conviction que des alternatives sont possibles : il faut que le souhaitable apparaisse en m\u00eame temps comme possible<\/strong>. Pas seulement techniquement possible mais possible parce qu&rsquo;existe <strong>une dynamique<\/strong> un rapport de forces per\u00e7u comme susceptible de faire bouger les choses dans le bon sens. Si les solutions qu&rsquo;on consid\u00e8re comme bonnes semblent hors de port\u00e9e, rien d&rsquo;\u00e9tonnant \u00e0 ce qu&rsquo;elles reculent dans l&rsquo;opinion. L&rsquo;enjeu du rassemblement et de l&rsquo;unit\u00e9 n&rsquo;est pas tant d&rsquo;additionner des voix ou des forces, voire des sigles, que de cr\u00e9er cette dynamique qui valide la cr\u00e9dibilit\u00e9 du souhaitable.<\/p>\n<p>Et pour construire cette unit\u00e9, il faut avoir <strong>le courage de b\u00e2tir des compromis qui soient dynamiques en ceci qu&rsquo;ils permettent de franchir de premi\u00e8res \u00e9tapes et d&rsquo;ouvrir le champ du possible.<\/strong> Il est tout aussi indispensable d&rsquo;\u00eatre \u00e0 l&rsquo;\u00e9coute de la soci\u00e9t\u00e9, de percevoir les \u00e9volutions en cours et les d\u00e9fis de demain, qu&rsquo;il s&rsquo;agisse par exemple du num\u00e9rique, du d\u00e9r\u00e8glement climatique et de ses cons\u00e9quences, de ce que devient le travail, ou de la prise de conscience d&rsquo;un destin commun de l&rsquo;humanit\u00e9.<\/p>\n<p>Dans cette perspective, et c&rsquo;est l\u00e0 une id\u00e9e que j&rsquo;ai d\u00e9j\u00e0 formul\u00e9e, il faut avancer dans la prise en compte de ce que disent et portent les organisations de la soci\u00e9t\u00e9 civile. Non comme suppl\u00e9tifs instrumentalis\u00e9s du politique ou ressources pour trouver des id\u00e9es, mais comme partenaires, porteurs d&rsquo;exp\u00e9riences particuli\u00e8res et de points de vue sp\u00e9cifiques, dont la mise en synergie par le d\u00e9bat peut cr\u00e9er de nouvelles formes de prise en charge de l&rsquo;int\u00e9r\u00eat g\u00e9n\u00e9ral et de d\u00e9passement des oppositions. Mon exp\u00e9rience du Cese m&rsquo;a fait percevoir combien cette soci\u00e9t\u00e9 civile pouvait justement construire le n\u00e9cessaire \u00e9quilibre entre le souhaitable et le possible, et regarder le long terme. Enfin, il me para\u00eet indispensable de prendre en compte une aspiration largement partag\u00e9e dans la soci\u00e9t\u00e9, celle d&rsquo;\u00eatre associ\u00e9, de se voir donner les moyens de prendre en main ses propres affaires. Un certain nombre de candidats, \u00e0 des degr\u00e9s divers et sous des formes diff\u00e9rentes, affichent leur volont\u00e9 de s&rsquo;appuyer sur cette aspiration. Encore faut-il que ce ne soit pas un alibi et que cet affichage d&rsquo;un souci d&rsquo;horizontalit\u00e9 ne soit pas un pr\u00e9texte \u00e0 justifier des d\u00e9cisions prises par un sommet \u00e9troit. Il est indispensable de travailler \u00e0 des formes in\u00e9dites d&rsquo;articulation entre la d\u00e9mocratie repr\u00e9sentative et la d\u00e9mocratie \u00ab participative \u00bb, tout autant indispensables \u00e0 la revitalisation de la vie d\u00e9mocratique et \u00e0 la transformation sociale.<\/p>\n","protected":false},"excerpt":{"rendered":"<p>La prise en compte de la soci\u00e9t\u00e9 civile par G\u00e9rard Aschieri. &#8211; ancien responsable de la FSU, membre du Conseil Economique Social et Environnemental Il y a quelques jours, un sondage nous apprenait que 71 % des personnes interrog\u00e9es sur l&rsquo;avenir de la protection sociale consid\u00e9raient que la priorit\u00e9 \u00e9tait la lutte contre \u00ab l&rsquo;assistanat \u00bb plut\u00f4t que le d\u00e9veloppement de politiques fond\u00e9es sur la solidarit\u00e9. C&rsquo;est un signe parmi d&rsquo;autres qui confirme combien les id\u00e9es-forces d&rsquo;une transformation sociale sont sur &#8230; <a title=\"Le souhaitable et le possible\" class=\"read-more\" href=\"https:\/\/www.gastonballiot.fr\/?p=3388\" aria-label=\"Plus sur Le souhaitable et le possible\">Lire la suite&#8230;<\/a><\/p>\n","protected":false},"author":1,"featured_media":0,"comment_status":"open","ping_status":"open","sticky":false,"template":"","format":"standard","meta":{"ngg_post_thumbnail":0,"jetpack_post_was_ever_published":false,"_jetpack_newsletter_access":"","_jetpack_dont_email_post_to_subs":false,"_jetpack_newsletter_tier_id":0,"_jetpack_memberships_contains_paywalled_content":false,"_jetpack_memberships_contains_paid_content":false,"footnotes":"","jetpack_publicize_message":"","jetpack_publicize_feature_enabled":true,"jetpack_social_post_already_shared":false,"jetpack_social_options":{"image_generator_settings":{"template":"highway","enabled":false},"version":2}},"categories":[2,5],"tags":[27,67,280],"class_list":["post-3388","post","type-post","status-publish","format-standard","hentry","category-a-la-une","category-democratie","tag-alternative","tag-gauche","tag-presidentielle","infinite-scroll-item","masonry-post","generate-columns","tablet-grid-50","mobile-grid-100","grid-parent","grid-33"],"jetpack_publicize_connections":[],"yoast_head":"<!-- This site is optimized with the Yoast SEO plugin v27.5 - https:\/\/yoast.com\/product\/yoast-seo-wordpress\/ -->\n<title>Le souhaitable et le possible - Le blog politique de Gaston<\/title>\n<meta name=\"robots\" content=\"index, follow, max-snippet:-1, max-image-preview:large, max-video-preview:-1\" \/>\n<link rel=\"canonical\" href=\"https:\/\/www.gastonballiot.fr\/?p=3388\" \/>\n<meta property=\"og:locale\" content=\"fr_FR\" \/>\n<meta property=\"og:type\" content=\"article\" \/>\n<meta property=\"og:title\" content=\"Le souhaitable et le possible - Le blog politique de Gaston\" \/>\n<meta property=\"og:description\" content=\"La prise en compte de la soci\u00e9t\u00e9 civile par G\u00e9rard Aschieri. &#8211; ancien responsable de la FSU, membre du Conseil Economique Social et Environnemental Il y a quelques jours, un sondage nous apprenait que 71 % des personnes interrog\u00e9es sur l&rsquo;avenir de la protection sociale consid\u00e9raient que la priorit\u00e9 \u00e9tait la lutte contre \u00ab l&rsquo;assistanat \u00bb plut\u00f4t que le d\u00e9veloppement de politiques fond\u00e9es sur la solidarit\u00e9. C&rsquo;est un signe parmi d&rsquo;autres qui confirme combien les id\u00e9es-forces d&rsquo;une transformation sociale sont sur ... Lire la suite...\" \/>\n<meta property=\"og:url\" content=\"https:\/\/www.gastonballiot.fr\/?p=3388\" \/>\n<meta property=\"og:site_name\" content=\"Le blog politique de Gaston\" \/>\n<meta property=\"article:publisher\" content=\"https:\/\/www.facebook.com\/gaston.balliot\/\" \/>\n<meta property=\"article:author\" content=\"https:\/\/www.facebook.com\/gaston.balliot\/\" \/>\n<meta property=\"article:published_time\" content=\"2017-03-27T09:05:12+00:00\" \/>\n<meta property=\"article:modified_time\" content=\"2017-03-29T08:08:10+00:00\" \/>\n<meta name=\"author\" content=\"gb\" \/>\n<meta name=\"twitter:card\" content=\"summary_large_image\" \/>\n<meta name=\"twitter:label1\" content=\"\u00c9crit par\" \/>\n\t<meta name=\"twitter:data1\" content=\"gb\" \/>\n\t<meta name=\"twitter:label2\" content=\"Dur\u00e9e de lecture estim\u00e9e\" \/>\n\t<meta name=\"twitter:data2\" content=\"3 minutes\" \/>\n<script type=\"application\/ld+json\" class=\"yoast-schema-graph\">{\"@context\":\"https:\\\/\\\/schema.org\",\"@graph\":[{\"@type\":\"Article\",\"@id\":\"https:\\\/\\\/www.gastonballiot.fr\\\/?p=3388#article\",\"isPartOf\":{\"@id\":\"https:\\\/\\\/www.gastonballiot.fr\\\/?p=3388\"},\"author\":{\"name\":\"gb\",\"@id\":\"https:\\\/\\\/www.gastonballiot.fr\\\/#\\\/schema\\\/person\\\/244a5e02696abd8a65c5b1bebdb948ca\"},\"headline\":\"Le souhaitable et le possible\",\"datePublished\":\"2017-03-27T09:05:12+00:00\",\"dateModified\":\"2017-03-29T08:08:10+00:00\",\"mainEntityOfPage\":{\"@id\":\"https:\\\/\\\/www.gastonballiot.fr\\\/?p=3388\"},\"wordCount\":657,\"commentCount\":0,\"publisher\":{\"@id\":\"https:\\\/\\\/www.gastonballiot.fr\\\/#\\\/schema\\\/person\\\/244a5e02696abd8a65c5b1bebdb948ca\"},\"keywords\":[\"alternative\",\"gauche\",\"pr\u00e9sidentielle\"],\"articleSection\":[\"A la une\",\"D\u00e9mocratie\"],\"inLanguage\":\"fr-FR\",\"potentialAction\":[{\"@type\":\"CommentAction\",\"name\":\"Comment\",\"target\":[\"https:\\\/\\\/www.gastonballiot.fr\\\/?p=3388#respond\"]}]},{\"@type\":\"WebPage\",\"@id\":\"https:\\\/\\\/www.gastonballiot.fr\\\/?p=3388\",\"url\":\"https:\\\/\\\/www.gastonballiot.fr\\\/?p=3388\",\"name\":\"Le souhaitable et le possible - Le blog politique de Gaston\",\"isPartOf\":{\"@id\":\"https:\\\/\\\/www.gastonballiot.fr\\\/#website\"},\"datePublished\":\"2017-03-27T09:05:12+00:00\",\"dateModified\":\"2017-03-29T08:08:10+00:00\",\"breadcrumb\":{\"@id\":\"https:\\\/\\\/www.gastonballiot.fr\\\/?p=3388#breadcrumb\"},\"inLanguage\":\"fr-FR\",\"potentialAction\":[{\"@type\":\"ReadAction\",\"target\":[\"https:\\\/\\\/www.gastonballiot.fr\\\/?p=3388\"]}]},{\"@type\":\"BreadcrumbList\",\"@id\":\"https:\\\/\\\/www.gastonballiot.fr\\\/?p=3388#breadcrumb\",\"itemListElement\":[{\"@type\":\"ListItem\",\"position\":1,\"name\":\"Accueil\",\"item\":\"https:\\\/\\\/www.gastonballiot.fr\\\/\"},{\"@type\":\"ListItem\",\"position\":2,\"name\":\"Le souhaitable et le possible\"}]},{\"@type\":\"WebSite\",\"@id\":\"https:\\\/\\\/www.gastonballiot.fr\\\/#website\",\"url\":\"https:\\\/\\\/www.gastonballiot.fr\\\/\",\"name\":\"Le blog politique de Gaston\",\"description\":\"L&#039;humain d&#039;abord, pas la finance !\",\"publisher\":{\"@id\":\"https:\\\/\\\/www.gastonballiot.fr\\\/#\\\/schema\\\/person\\\/244a5e02696abd8a65c5b1bebdb948ca\"},\"potentialAction\":[{\"@type\":\"SearchAction\",\"target\":{\"@type\":\"EntryPoint\",\"urlTemplate\":\"https:\\\/\\\/www.gastonballiot.fr\\\/?s={search_term_string}\"},\"query-input\":{\"@type\":\"PropertyValueSpecification\",\"valueRequired\":true,\"valueName\":\"search_term_string\"}}],\"inLanguage\":\"fr-FR\"},{\"@type\":[\"Person\",\"Organization\"],\"@id\":\"https:\\\/\\\/www.gastonballiot.fr\\\/#\\\/schema\\\/person\\\/244a5e02696abd8a65c5b1bebdb948ca\",\"name\":\"gb\",\"image\":{\"@type\":\"ImageObject\",\"inLanguage\":\"fr-FR\",\"@id\":\"https:\\\/\\\/i0.wp.com\\\/www.gastonballiot.fr\\\/wp-content\\\/uploads\\\/2017\\\/04\\\/cropped-Marianne-drapeau-rouge.gif?fit=512%2C512&ssl=1\",\"url\":\"https:\\\/\\\/i0.wp.com\\\/www.gastonballiot.fr\\\/wp-content\\\/uploads\\\/2017\\\/04\\\/cropped-Marianne-drapeau-rouge.gif?fit=512%2C512&ssl=1\",\"contentUrl\":\"https:\\\/\\\/i0.wp.com\\\/www.gastonballiot.fr\\\/wp-content\\\/uploads\\\/2017\\\/04\\\/cropped-Marianne-drapeau-rouge.gif?fit=512%2C512&ssl=1\",\"width\":512,\"height\":512,\"caption\":\"gb\"},\"logo\":{\"@id\":\"https:\\\/\\\/i0.wp.com\\\/www.gastonballiot.fr\\\/wp-content\\\/uploads\\\/2017\\\/04\\\/cropped-Marianne-drapeau-rouge.gif?fit=512%2C512&ssl=1\"},\"description\":\"Gaston Balliot, militant du Front de Gauche en pays bigouden - Pont L'Abb\u00e9 - Loctudy - Guilvinec - Penmarc'h - Ile Tudy - Combrit Ste Marine - Tr\u00e9meoc - Plon\u00e9our, p\u00eache tourisme\",\"sameAs\":[\"https:\\\/\\\/www.facebook.com\\\/gaston.balliot\\\/\"]}]}<\/script>\n<!-- \/ Yoast SEO plugin. -->","yoast_head_json":{"title":"Le souhaitable et le possible - Le blog politique de Gaston","robots":{"index":"index","follow":"follow","max-snippet":"max-snippet:-1","max-image-preview":"max-image-preview:large","max-video-preview":"max-video-preview:-1"},"canonical":"https:\/\/www.gastonballiot.fr\/?p=3388","og_locale":"fr_FR","og_type":"article","og_title":"Le souhaitable et le possible - Le blog politique de Gaston","og_description":"La prise en compte de la soci\u00e9t\u00e9 civile par G\u00e9rard Aschieri. &#8211; ancien responsable de la FSU, membre du Conseil Economique Social et Environnemental Il y a quelques jours, un sondage nous apprenait que 71 % des personnes interrog\u00e9es sur l&rsquo;avenir de la protection sociale consid\u00e9raient que la priorit\u00e9 \u00e9tait la lutte contre \u00ab l&rsquo;assistanat \u00bb plut\u00f4t que le d\u00e9veloppement de politiques fond\u00e9es sur la solidarit\u00e9. C&rsquo;est un signe parmi d&rsquo;autres qui confirme combien les id\u00e9es-forces d&rsquo;une transformation sociale sont sur ... Lire la suite...","og_url":"https:\/\/www.gastonballiot.fr\/?p=3388","og_site_name":"Le blog politique de Gaston","article_publisher":"https:\/\/www.facebook.com\/gaston.balliot\/","article_author":"https:\/\/www.facebook.com\/gaston.balliot\/","article_published_time":"2017-03-27T09:05:12+00:00","article_modified_time":"2017-03-29T08:08:10+00:00","author":"gb","twitter_card":"summary_large_image","twitter_misc":{"\u00c9crit par":"gb","Dur\u00e9e de lecture estim\u00e9e":"3 minutes"},"schema":{"@context":"https:\/\/schema.org","@graph":[{"@type":"Article","@id":"https:\/\/www.gastonballiot.fr\/?p=3388#article","isPartOf":{"@id":"https:\/\/www.gastonballiot.fr\/?p=3388"},"author":{"name":"gb","@id":"https:\/\/www.gastonballiot.fr\/#\/schema\/person\/244a5e02696abd8a65c5b1bebdb948ca"},"headline":"Le souhaitable et le possible","datePublished":"2017-03-27T09:05:12+00:00","dateModified":"2017-03-29T08:08:10+00:00","mainEntityOfPage":{"@id":"https:\/\/www.gastonballiot.fr\/?p=3388"},"wordCount":657,"commentCount":0,"publisher":{"@id":"https:\/\/www.gastonballiot.fr\/#\/schema\/person\/244a5e02696abd8a65c5b1bebdb948ca"},"keywords":["alternative","gauche","pr\u00e9sidentielle"],"articleSection":["A la une","D\u00e9mocratie"],"inLanguage":"fr-FR","potentialAction":[{"@type":"CommentAction","name":"Comment","target":["https:\/\/www.gastonballiot.fr\/?p=3388#respond"]}]},{"@type":"WebPage","@id":"https:\/\/www.gastonballiot.fr\/?p=3388","url":"https:\/\/www.gastonballiot.fr\/?p=3388","name":"Le souhaitable et le possible - Le blog politique de Gaston","isPartOf":{"@id":"https:\/\/www.gastonballiot.fr\/#website"},"datePublished":"2017-03-27T09:05:12+00:00","dateModified":"2017-03-29T08:08:10+00:00","breadcrumb":{"@id":"https:\/\/www.gastonballiot.fr\/?p=3388#breadcrumb"},"inLanguage":"fr-FR","potentialAction":[{"@type":"ReadAction","target":["https:\/\/www.gastonballiot.fr\/?p=3388"]}]},{"@type":"BreadcrumbList","@id":"https:\/\/www.gastonballiot.fr\/?p=3388#breadcrumb","itemListElement":[{"@type":"ListItem","position":1,"name":"Accueil","item":"https:\/\/www.gastonballiot.fr\/"},{"@type":"ListItem","position":2,"name":"Le souhaitable et le possible"}]},{"@type":"WebSite","@id":"https:\/\/www.gastonballiot.fr\/#website","url":"https:\/\/www.gastonballiot.fr\/","name":"Le blog politique de Gaston","description":"L&#039;humain d&#039;abord, pas la finance !","publisher":{"@id":"https:\/\/www.gastonballiot.fr\/#\/schema\/person\/244a5e02696abd8a65c5b1bebdb948ca"},"potentialAction":[{"@type":"SearchAction","target":{"@type":"EntryPoint","urlTemplate":"https:\/\/www.gastonballiot.fr\/?s={search_term_string}"},"query-input":{"@type":"PropertyValueSpecification","valueRequired":true,"valueName":"search_term_string"}}],"inLanguage":"fr-FR"},{"@type":["Person","Organization"],"@id":"https:\/\/www.gastonballiot.fr\/#\/schema\/person\/244a5e02696abd8a65c5b1bebdb948ca","name":"gb","image":{"@type":"ImageObject","inLanguage":"fr-FR","@id":"https:\/\/i0.wp.com\/www.gastonballiot.fr\/wp-content\/uploads\/2017\/04\/cropped-Marianne-drapeau-rouge.gif?fit=512%2C512&ssl=1","url":"https:\/\/i0.wp.com\/www.gastonballiot.fr\/wp-content\/uploads\/2017\/04\/cropped-Marianne-drapeau-rouge.gif?fit=512%2C512&ssl=1","contentUrl":"https:\/\/i0.wp.com\/www.gastonballiot.fr\/wp-content\/uploads\/2017\/04\/cropped-Marianne-drapeau-rouge.gif?fit=512%2C512&ssl=1","width":512,"height":512,"caption":"gb"},"logo":{"@id":"https:\/\/i0.wp.com\/www.gastonballiot.fr\/wp-content\/uploads\/2017\/04\/cropped-Marianne-drapeau-rouge.gif?fit=512%2C512&ssl=1"},"description":"Gaston Balliot, militant du Front de Gauche en pays bigouden - Pont L'Abb\u00e9 - Loctudy - Guilvinec - Penmarc'h - Ile Tudy - Combrit Ste Marine - Tr\u00e9meoc - Plon\u00e9our, p\u00eache tourisme","sameAs":["https:\/\/www.facebook.com\/gaston.balliot\/"]}]}},"jetpack_featured_media_url":"","jetpack_shortlink":"https:\/\/wp.me\/p5UTaD-SE","jetpack-related-posts":[],"jetpack_likes_enabled":true,"jetpack_sharing_enabled":true,"_links":{"self":[{"href":"https:\/\/www.gastonballiot.fr\/index.php?rest_route=\/wp\/v2\/posts\/3388","targetHints":{"allow":["GET"]}}],"collection":[{"href":"https:\/\/www.gastonballiot.fr\/index.php?rest_route=\/wp\/v2\/posts"}],"about":[{"href":"https:\/\/www.gastonballiot.fr\/index.php?rest_route=\/wp\/v2\/types\/post"}],"author":[{"embeddable":true,"href":"https:\/\/www.gastonballiot.fr\/index.php?rest_route=\/wp\/v2\/users\/1"}],"replies":[{"embeddable":true,"href":"https:\/\/www.gastonballiot.fr\/index.php?rest_route=%2Fwp%2Fv2%2Fcomments&post=3388"}],"version-history":[{"count":0,"href":"https:\/\/www.gastonballiot.fr\/index.php?rest_route=\/wp\/v2\/posts\/3388\/revisions"}],"wp:attachment":[{"href":"https:\/\/www.gastonballiot.fr\/index.php?rest_route=%2Fwp%2Fv2%2Fmedia&parent=3388"}],"wp:term":[{"taxonomy":"category","embeddable":true,"href":"https:\/\/www.gastonballiot.fr\/index.php?rest_route=%2Fwp%2Fv2%2Fcategories&post=3388"},{"taxonomy":"post_tag","embeddable":true,"href":"https:\/\/www.gastonballiot.fr\/index.php?rest_route=%2Fwp%2Fv2%2Ftags&post=3388"}],"curies":[{"name":"wp","href":"https:\/\/api.w.org\/{rel}","templated":true}]}}