{"id":3724,"date":"2017-06-12T07:46:02","date_gmt":"2017-06-12T05:46:02","guid":{"rendered":"http:\/\/www.gastonballiot.fr\/?p=3724"},"modified":"2017-07-11T08:32:21","modified_gmt":"2017-07-11T06:32:21","slug":"notes-de-lecture-eric-vuillard","status":"publish","type":"post","link":"https:\/\/www.gastonballiot.fr\/?p=3724","title":{"rendered":"Notes de lecture : Eric Vuillard"},"content":{"rendered":"<p>En quelques pages <a href=\"https:\/\/fr.wikipedia.org\/wiki\/%C3%89ric_Vuillard\" target=\"_blank\" rel=\"noopener\"><strong>Eric Vuillard<\/strong><\/a> sait merveilleusement raconter<strong> l&rsquo;Histoire<\/strong>. Des livres que l&rsquo;on d\u00e9vore et qui nous en apprennent beaucoup&#8230;<\/p>\n<p>Dans \u00ab\u00a0<a href=\"http:\/\/www.telerama.fr\/livres\/tristesse-de-la-terre,116519.php\" target=\"_blank\" rel=\"noopener\"><strong>Tristesse de la terre<\/strong><\/a>\u00a0\u00bb il nous conte la v\u00e9ritable histoire de Buffalo Bill, et de l&rsquo;extermination des indiens en Am\u00e9rique du Nord.<\/p>\n<p>Dans \u00ab\u00a0<a href=\"http:\/\/www.telerama.fr\/livres\/14-juillet,147238.php\" target=\"_blank\" rel=\"noopener\"><strong>14 juillet\u00a0\u00bb<\/strong><\/a>\u00a0c&rsquo;est le r\u00e9cit passionnant, cot\u00e9 peuple, de la prise de la Bastille. \u00a0 \u00a0<a href=\"https:\/\/www.franceinter.fr\/culture\/livre-inter-2017-14-juillet-d-eric-vuillard\" target=\"_blank\" rel=\"noopener\">En lice pour Le livre Inter 2017<\/a><\/p>\n<p>Dans \u00ab\u00a0<a href=\"http:\/\/www.la-croix.com\/Culture\/Livres-et-idees\/Des-sous-bottes-2017-05-04-1200844463\" target=\"_blank\" rel=\"noopener\"><strong>L&rsquo;ordre du jour<\/strong><\/a>\u00a0\u00bb il nous raconte comment, le 20 f\u00e9vrier 1933, en pr\u00e9sence d&rsquo;Hitler, chancelier, \u00a0et de Goering, pr\u00e9sident du Reichstag, les grands patrons de Siemens, Opel, Krupp, Bash, Bayer, Agfa, IG Farben, Allianz, Telefeunken d\u00e9cident de financer le parti nazi et d&rsquo;approuver son projet. Puis la \u00ab\u00a0n\u00e9gligence\u00a0\u00bb coupable des dirigeants des pays voisins.<\/p>\n<p>Dans \u00ab\u00a0<strong>Congo<\/strong>\u00a0\u00bb :\u00a0\u00ab\u00a0Le Congo, \u00e7a n\u2019existe pas.\u00a0\u00bb il faut donc l\u00a0\u00bbinventer. En 1884, \u00e0 la conf\u00e9rence de Berlin, les grandes puissances se partagent l\u00a0\u00bbAfrique et cr\u00e9ent l\u00a0\u00bb\u00c9tat ind\u00e9pendant du Congo, une simple entreprise commerciale. Viennent alors le d\u00e9frichage, l\u00a0\u00bbinstallation des comptoirs, les massacres&#8230;<br \/>\nEn \u00e9voquant le roi L\u00e9opold II, Charles Lemaire l\u2019\u00e9claireur, L\u00e9on Fi\u00e9vez le tortionnaire, les fr\u00e8res Goffinet les n\u00e9gociateurs, \u00c9ric Vuillard donne au mal un visage. \u00c0 la fois r\u00e9cit historique et r\u00e9flexion politique sur le libre-\u00e9change, Congo ressuscite, d\u00a0\u00bbune plume lucide et irr\u00e9v\u00e9rente, la p\u00e9riode coloniale, l\u00a0\u00bbaube de notre modernit\u00e9..<\/p>\n<p style=\"text-align: center;\"><strong><a href=\"http:\/\/www.humanite.fr\/eric-vuillard-ce-quon-appelle-fiction-participe-la-structure-de-notre-savoir-635678\" target=\"_blank\" rel=\"noopener\">Eric Vuillard : \u00ab\u00a0Ce que l&rsquo;on appelle fiction participe \u00e0 la structure de notre savoir\u00a0\u00bb<\/a><\/strong><\/p>\n<p><a href=\"http:\/\/monpremierestunlivre.blogspot.fr\/2016\/10\/rencontre-avec-eric-vuillard.html\" target=\"_blank\" rel=\"noopener\"><strong>Rencontre avec Eric Vuillard &#8211;&gt;<\/strong>\u00a0<\/a> http:\/\/monpremierestunlivre.blogspot.fr\/2016\/10\/rencontre-avec-eric-vuillard.html<\/p>\n<p><a href=\"https:\/\/i0.wp.com\/www.gastonballiot.fr\/wp-content\/uploads\/2017\/06\/Eric-Vuillard-Lordre-du-jour-210x400.jpg\"><img data-recalc-dims=\"1\" loading=\"lazy\" decoding=\"async\" data-attachment-id=\"3733\" data-permalink=\"https:\/\/www.gastonballiot.fr\/?attachment_id=3733#main\" data-orig-file=\"https:\/\/i0.wp.com\/www.gastonballiot.fr\/wp-content\/uploads\/2017\/06\/Eric-Vuillard-Lordre-du-jour-210x400.jpg?fit=210%2C400&amp;ssl=1\" data-orig-size=\"210,400\" data-comments-opened=\"1\" data-image-meta=\"{&quot;aperture&quot;:&quot;0&quot;,&quot;credit&quot;:&quot;&quot;,&quot;camera&quot;:&quot;&quot;,&quot;caption&quot;:&quot;&quot;,&quot;created_timestamp&quot;:&quot;0&quot;,&quot;copyright&quot;:&quot;&quot;,&quot;focal_length&quot;:&quot;0&quot;,&quot;iso&quot;:&quot;0&quot;,&quot;shutter_speed&quot;:&quot;0&quot;,&quot;title&quot;:&quot;&quot;,&quot;orientation&quot;:&quot;0&quot;}\" data-image-title=\"Eric-Vuillard-Lordre-du-jour-210&amp;#215;400\" data-image-description=\"\" data-image-caption=\"\" data-medium-file=\"https:\/\/i0.wp.com\/www.gastonballiot.fr\/wp-content\/uploads\/2017\/06\/Eric-Vuillard-Lordre-du-jour-210x400.jpg?fit=158%2C300&amp;ssl=1\" data-large-file=\"https:\/\/i0.wp.com\/www.gastonballiot.fr\/wp-content\/uploads\/2017\/06\/Eric-Vuillard-Lordre-du-jour-210x400.jpg?fit=210%2C400&amp;ssl=1\" class=\" wp-image-3733 alignnone\" src=\"https:\/\/i0.wp.com\/www.gastonballiot.fr\/wp-content\/uploads\/2017\/06\/Eric-Vuillard-Lordre-du-jour-210x400.jpg?resize=249%2C474\" alt=\"\" width=\"249\" height=\"474\" srcset=\"https:\/\/i0.wp.com\/www.gastonballiot.fr\/wp-content\/uploads\/2017\/06\/Eric-Vuillard-Lordre-du-jour-210x400.jpg?resize=210%2C400&amp;ssl=1 210w, https:\/\/i0.wp.com\/www.gastonballiot.fr\/wp-content\/uploads\/2017\/06\/Eric-Vuillard-Lordre-du-jour-210x400.jpg?resize=158%2C300&amp;ssl=1 158w\" sizes=\"auto, (max-width: 249px) 100vw, 249px\" \/><\/a> <a href=\"https:\/\/i0.wp.com\/www.gastonballiot.fr\/wp-content\/uploads\/2017\/06\/TristesseDeLaTerre.jpg\"><img data-recalc-dims=\"1\" loading=\"lazy\" decoding=\"async\" data-attachment-id=\"3729\" data-permalink=\"https:\/\/www.gastonballiot.fr\/?attachment_id=3729#main\" data-orig-file=\"https:\/\/i0.wp.com\/www.gastonballiot.fr\/wp-content\/uploads\/2017\/06\/TristesseDeLaTerre.jpg?fit=594%2C1080&amp;ssl=1\" data-orig-size=\"594,1080\" data-comments-opened=\"1\" data-image-meta=\"{&quot;aperture&quot;:&quot;0&quot;,&quot;credit&quot;:&quot;&quot;,&quot;camera&quot;:&quot;&quot;,&quot;caption&quot;:&quot;&quot;,&quot;created_timestamp&quot;:&quot;0&quot;,&quot;copyright&quot;:&quot;&quot;,&quot;focal_length&quot;:&quot;0&quot;,&quot;iso&quot;:&quot;0&quot;,&quot;shutter_speed&quot;:&quot;0&quot;,&quot;title&quot;:&quot;&quot;,&quot;orientation&quot;:&quot;0&quot;}\" data-image-title=\"TristesseDeLaTerre\" data-image-description=\"\" data-image-caption=\"\" data-medium-file=\"https:\/\/i0.wp.com\/www.gastonballiot.fr\/wp-content\/uploads\/2017\/06\/TristesseDeLaTerre.jpg?fit=165%2C300&amp;ssl=1\" data-large-file=\"https:\/\/i0.wp.com\/www.gastonballiot.fr\/wp-content\/uploads\/2017\/06\/TristesseDeLaTerre.jpg?fit=563%2C1024&amp;ssl=1\" class=\"wp-image-3729 alignnone\" src=\"https:\/\/i0.wp.com\/www.gastonballiot.fr\/wp-content\/uploads\/2017\/06\/TristesseDeLaTerre-563x1024.jpg?resize=313%2C570\" alt=\"\" width=\"313\" height=\"570\" srcset=\"https:\/\/i0.wp.com\/www.gastonballiot.fr\/wp-content\/uploads\/2017\/06\/TristesseDeLaTerre.jpg?resize=563%2C1024&amp;ssl=1 563w, https:\/\/i0.wp.com\/www.gastonballiot.fr\/wp-content\/uploads\/2017\/06\/TristesseDeLaTerre.jpg?resize=165%2C300&amp;ssl=1 165w, https:\/\/i0.wp.com\/www.gastonballiot.fr\/wp-content\/uploads\/2017\/06\/TristesseDeLaTerre.jpg?w=594&amp;ssl=1 594w\" sizes=\"auto, (max-width: 313px) 100vw, 313px\" \/><\/a><a href=\"https:\/\/i0.wp.com\/www.gastonballiot.fr\/wp-content\/uploads\/2017\/06\/Vuillard_Congo.jpg\"><img data-recalc-dims=\"1\" loading=\"lazy\" decoding=\"async\" data-attachment-id=\"3856\" data-permalink=\"https:\/\/www.gastonballiot.fr\/?attachment_id=3856#main\" data-orig-file=\"https:\/\/i0.wp.com\/www.gastonballiot.fr\/wp-content\/uploads\/2017\/06\/Vuillard_Congo.jpg?fit=263%2C420&amp;ssl=1\" data-orig-size=\"263,420\" data-comments-opened=\"1\" data-image-meta=\"{&quot;aperture&quot;:&quot;0&quot;,&quot;credit&quot;:&quot;&quot;,&quot;camera&quot;:&quot;&quot;,&quot;caption&quot;:&quot;&quot;,&quot;created_timestamp&quot;:&quot;0&quot;,&quot;copyright&quot;:&quot;&quot;,&quot;focal_length&quot;:&quot;0&quot;,&quot;iso&quot;:&quot;0&quot;,&quot;shutter_speed&quot;:&quot;0&quot;,&quot;title&quot;:&quot;&quot;,&quot;orientation&quot;:&quot;0&quot;}\" data-image-title=\"Vuillard_Congo\" data-image-description=\"\" data-image-caption=\"\" data-medium-file=\"https:\/\/i0.wp.com\/www.gastonballiot.fr\/wp-content\/uploads\/2017\/06\/Vuillard_Congo.jpg?fit=188%2C300&amp;ssl=1\" data-large-file=\"https:\/\/i0.wp.com\/www.gastonballiot.fr\/wp-content\/uploads\/2017\/06\/Vuillard_Congo.jpg?fit=263%2C420&amp;ssl=1\" class=\" wp-image-3856 alignright\" src=\"https:\/\/i0.wp.com\/www.gastonballiot.fr\/wp-content\/uploads\/2017\/06\/Vuillard_Congo.jpg?resize=378%2C604\" alt=\"\" width=\"378\" height=\"604\" srcset=\"https:\/\/i0.wp.com\/www.gastonballiot.fr\/wp-content\/uploads\/2017\/06\/Vuillard_Congo.jpg?w=263&amp;ssl=1 263w, https:\/\/i0.wp.com\/www.gastonballiot.fr\/wp-content\/uploads\/2017\/06\/Vuillard_Congo.jpg?resize=188%2C300&amp;ssl=1 188w\" sizes=\"auto, (max-width: 378px) 100vw, 378px\" \/><\/a><\/p>\n","protected":false},"excerpt":{"rendered":"<p>En quelques pages Eric Vuillard sait merveilleusement raconter l&rsquo;Histoire. Des livres que l&rsquo;on d\u00e9vore et qui nous en apprennent beaucoup&#8230; Dans \u00ab\u00a0Tristesse de la terre\u00a0\u00bb il nous conte la v\u00e9ritable histoire de Buffalo Bill, et de l&rsquo;extermination des indiens en Am\u00e9rique du Nord. Dans \u00ab\u00a014 juillet\u00a0\u00bb\u00a0c&rsquo;est le r\u00e9cit passionnant, cot\u00e9 peuple, de la prise de la Bastille. \u00a0 \u00a0En lice pour Le livre Inter 2017 Dans \u00ab\u00a0L&rsquo;ordre du jour\u00a0\u00bb il nous raconte comment, le 20 f\u00e9vrier 1933, en pr\u00e9sence d&rsquo;Hitler, chancelier, &#8230; <a title=\"Notes de lecture : Eric Vuillard\" class=\"read-more\" href=\"https:\/\/www.gastonballiot.fr\/?p=3724\" aria-label=\"Plus sur Notes de lecture : Eric Vuillard\">Lire la suite&#8230;<\/a><\/p>\n","protected":false},"author":1,"featured_media":3727,"comment_status":"open","ping_status":"open","sticky":false,"template":"","format":"standard","meta":{"ngg_post_thumbnail":0,"jetpack_post_was_ever_published":false,"_jetpack_newsletter_access":"","_jetpack_dont_email_post_to_subs":false,"_jetpack_newsletter_tier_id":0,"_jetpack_memberships_contains_paywalled_content":false,"_jetpack_memberships_contains_paid_content":false,"footnotes":"","jetpack_publicize_message":"","jetpack_publicize_feature_enabled":true,"jetpack_social_post_already_shared":true,"jetpack_social_options":{"image_generator_settings":{"template":"highway","enabled":false},"version":2}},"categories":[2,10],"tags":[317],"class_list":["post-3724","post","type-post","status-publish","format-standard","has-post-thumbnail","hentry","category-a-la-une","category-lectures-films","tag-vuillard","infinite-scroll-item","masonry-post","generate-columns","tablet-grid-50","mobile-grid-100","grid-parent","grid-33"],"jetpack_publicize_connections":[],"yoast_head":"<!-- This site is optimized with the Yoast SEO plugin v27.5 - https:\/\/yoast.com\/product\/yoast-seo-wordpress\/ -->\n<title>Notes de lecture : Eric Vuillard - Le blog politique de Gaston<\/title>\n<meta name=\"robots\" content=\"index, follow, max-snippet:-1, max-image-preview:large, max-video-preview:-1\" \/>\n<link rel=\"canonical\" href=\"https:\/\/www.gastonballiot.fr\/?p=3724\" \/>\n<meta property=\"og:locale\" content=\"fr_FR\" \/>\n<meta property=\"og:type\" content=\"article\" \/>\n<meta property=\"og:title\" content=\"Notes de lecture : Eric Vuillard - Le blog politique de Gaston\" \/>\n<meta property=\"og:description\" content=\"En quelques pages Eric Vuillard sait merveilleusement raconter l&rsquo;Histoire. Des livres que l&rsquo;on d\u00e9vore et qui nous en apprennent beaucoup&#8230; Dans \u00ab\u00a0Tristesse de la terre\u00a0\u00bb il nous conte la v\u00e9ritable histoire de Buffalo Bill, et de l&rsquo;extermination des indiens en Am\u00e9rique du Nord. Dans \u00ab\u00a014 juillet\u00a0\u00bb\u00a0c&rsquo;est le r\u00e9cit passionnant, cot\u00e9 peuple, de la prise de la Bastille. \u00a0 \u00a0En lice pour Le livre Inter 2017 Dans \u00ab\u00a0L&rsquo;ordre du jour\u00a0\u00bb il nous raconte comment, le 20 f\u00e9vrier 1933, en pr\u00e9sence d&rsquo;Hitler, chancelier, ... Lire la suite...\" \/>\n<meta property=\"og:url\" content=\"https:\/\/www.gastonballiot.fr\/?p=3724\" \/>\n<meta property=\"og:site_name\" content=\"Le blog politique de Gaston\" \/>\n<meta property=\"article:publisher\" content=\"https:\/\/www.facebook.com\/gaston.balliot\/\" \/>\n<meta property=\"article:author\" content=\"https:\/\/www.facebook.com\/gaston.balliot\/\" \/>\n<meta property=\"article:published_time\" content=\"2017-06-12T05:46:02+00:00\" \/>\n<meta property=\"article:modified_time\" content=\"2017-07-11T06:32:21+00:00\" \/>\n<meta property=\"og:image\" content=\"https:\/\/www.gastonballiot.fr\/wp-content\/uploads\/2017\/06\/14-juilletM371649.jpg\" \/>\n\t<meta property=\"og:image:width\" content=\"189\" \/>\n\t<meta property=\"og:image:height\" content=\"340\" \/>\n\t<meta property=\"og:image:type\" content=\"image\/jpeg\" \/>\n<meta name=\"author\" content=\"gb\" \/>\n<meta name=\"twitter:card\" content=\"summary_large_image\" \/>\n<meta name=\"twitter:label1\" content=\"\u00c9crit par\" \/>\n\t<meta name=\"twitter:data1\" content=\"gb\" \/>\n\t<meta name=\"twitter:label2\" content=\"Dur\u00e9e de lecture estim\u00e9e\" \/>\n\t<meta name=\"twitter:data2\" content=\"1 minute\" \/>\n<script type=\"application\/ld+json\" class=\"yoast-schema-graph\">{\"@context\":\"https:\\\/\\\/schema.org\",\"@graph\":[{\"@type\":\"Article\",\"@id\":\"https:\\\/\\\/www.gastonballiot.fr\\\/?p=3724#article\",\"isPartOf\":{\"@id\":\"https:\\\/\\\/www.gastonballiot.fr\\\/?p=3724\"},\"author\":{\"name\":\"gb\",\"@id\":\"https:\\\/\\\/www.gastonballiot.fr\\\/#\\\/schema\\\/person\\\/244a5e02696abd8a65c5b1bebdb948ca\"},\"headline\":\"Notes de lecture : Eric Vuillard\",\"datePublished\":\"2017-06-12T05:46:02+00:00\",\"dateModified\":\"2017-07-11T06:32:21+00:00\",\"mainEntityOfPage\":{\"@id\":\"https:\\\/\\\/www.gastonballiot.fr\\\/?p=3724\"},\"wordCount\":276,\"commentCount\":0,\"publisher\":{\"@id\":\"https:\\\/\\\/www.gastonballiot.fr\\\/#\\\/schema\\\/person\\\/244a5e02696abd8a65c5b1bebdb948ca\"},\"image\":{\"@id\":\"https:\\\/\\\/www.gastonballiot.fr\\\/?p=3724#primaryimage\"},\"thumbnailUrl\":\"https:\\\/\\\/i0.wp.com\\\/www.gastonballiot.fr\\\/wp-content\\\/uploads\\\/2017\\\/06\\\/14-juilletM371649.jpg?fit=189%2C340&ssl=1\",\"keywords\":[\"Vuillard\"],\"articleSection\":[\"A la une\",\"Lectures-Films\"],\"inLanguage\":\"fr-FR\",\"potentialAction\":[{\"@type\":\"CommentAction\",\"name\":\"Comment\",\"target\":[\"https:\\\/\\\/www.gastonballiot.fr\\\/?p=3724#respond\"]}]},{\"@type\":\"WebPage\",\"@id\":\"https:\\\/\\\/www.gastonballiot.fr\\\/?p=3724\",\"url\":\"https:\\\/\\\/www.gastonballiot.fr\\\/?p=3724\",\"name\":\"Notes de lecture : Eric Vuillard - Le blog politique de Gaston\",\"isPartOf\":{\"@id\":\"https:\\\/\\\/www.gastonballiot.fr\\\/#website\"},\"primaryImageOfPage\":{\"@id\":\"https:\\\/\\\/www.gastonballiot.fr\\\/?p=3724#primaryimage\"},\"image\":{\"@id\":\"https:\\\/\\\/www.gastonballiot.fr\\\/?p=3724#primaryimage\"},\"thumbnailUrl\":\"https:\\\/\\\/i0.wp.com\\\/www.gastonballiot.fr\\\/wp-content\\\/uploads\\\/2017\\\/06\\\/14-juilletM371649.jpg?fit=189%2C340&ssl=1\",\"datePublished\":\"2017-06-12T05:46:02+00:00\",\"dateModified\":\"2017-07-11T06:32:21+00:00\",\"breadcrumb\":{\"@id\":\"https:\\\/\\\/www.gastonballiot.fr\\\/?p=3724#breadcrumb\"},\"inLanguage\":\"fr-FR\",\"potentialAction\":[{\"@type\":\"ReadAction\",\"target\":[\"https:\\\/\\\/www.gastonballiot.fr\\\/?p=3724\"]}]},{\"@type\":\"ImageObject\",\"inLanguage\":\"fr-FR\",\"@id\":\"https:\\\/\\\/www.gastonballiot.fr\\\/?p=3724#primaryimage\",\"url\":\"https:\\\/\\\/i0.wp.com\\\/www.gastonballiot.fr\\\/wp-content\\\/uploads\\\/2017\\\/06\\\/14-juilletM371649.jpg?fit=189%2C340&ssl=1\",\"contentUrl\":\"https:\\\/\\\/i0.wp.com\\\/www.gastonballiot.fr\\\/wp-content\\\/uploads\\\/2017\\\/06\\\/14-juilletM371649.jpg?fit=189%2C340&ssl=1\",\"width\":189,\"height\":340},{\"@type\":\"BreadcrumbList\",\"@id\":\"https:\\\/\\\/www.gastonballiot.fr\\\/?p=3724#breadcrumb\",\"itemListElement\":[{\"@type\":\"ListItem\",\"position\":1,\"name\":\"Accueil\",\"item\":\"https:\\\/\\\/www.gastonballiot.fr\\\/\"},{\"@type\":\"ListItem\",\"position\":2,\"name\":\"Notes de lecture : Eric Vuillard\"}]},{\"@type\":\"WebSite\",\"@id\":\"https:\\\/\\\/www.gastonballiot.fr\\\/#website\",\"url\":\"https:\\\/\\\/www.gastonballiot.fr\\\/\",\"name\":\"Le blog politique de Gaston\",\"description\":\"L&#039;humain d&#039;abord, pas la finance !\",\"publisher\":{\"@id\":\"https:\\\/\\\/www.gastonballiot.fr\\\/#\\\/schema\\\/person\\\/244a5e02696abd8a65c5b1bebdb948ca\"},\"potentialAction\":[{\"@type\":\"SearchAction\",\"target\":{\"@type\":\"EntryPoint\",\"urlTemplate\":\"https:\\\/\\\/www.gastonballiot.fr\\\/?s={search_term_string}\"},\"query-input\":{\"@type\":\"PropertyValueSpecification\",\"valueRequired\":true,\"valueName\":\"search_term_string\"}}],\"inLanguage\":\"fr-FR\"},{\"@type\":[\"Person\",\"Organization\"],\"@id\":\"https:\\\/\\\/www.gastonballiot.fr\\\/#\\\/schema\\\/person\\\/244a5e02696abd8a65c5b1bebdb948ca\",\"name\":\"gb\",\"image\":{\"@type\":\"ImageObject\",\"inLanguage\":\"fr-FR\",\"@id\":\"https:\\\/\\\/i0.wp.com\\\/www.gastonballiot.fr\\\/wp-content\\\/uploads\\\/2017\\\/04\\\/cropped-Marianne-drapeau-rouge.gif?fit=512%2C512&ssl=1\",\"url\":\"https:\\\/\\\/i0.wp.com\\\/www.gastonballiot.fr\\\/wp-content\\\/uploads\\\/2017\\\/04\\\/cropped-Marianne-drapeau-rouge.gif?fit=512%2C512&ssl=1\",\"contentUrl\":\"https:\\\/\\\/i0.wp.com\\\/www.gastonballiot.fr\\\/wp-content\\\/uploads\\\/2017\\\/04\\\/cropped-Marianne-drapeau-rouge.gif?fit=512%2C512&ssl=1\",\"width\":512,\"height\":512,\"caption\":\"gb\"},\"logo\":{\"@id\":\"https:\\\/\\\/i0.wp.com\\\/www.gastonballiot.fr\\\/wp-content\\\/uploads\\\/2017\\\/04\\\/cropped-Marianne-drapeau-rouge.gif?fit=512%2C512&ssl=1\"},\"description\":\"Gaston Balliot, militant du Front de Gauche en pays bigouden - Pont L'Abb\u00e9 - Loctudy - Guilvinec - Penmarc'h - Ile Tudy - Combrit Ste Marine - Tr\u00e9meoc - Plon\u00e9our, p\u00eache tourisme\",\"sameAs\":[\"https:\\\/\\\/www.facebook.com\\\/gaston.balliot\\\/\"]}]}<\/script>\n<!-- \/ Yoast SEO plugin. -->","yoast_head_json":{"title":"Notes de lecture : Eric Vuillard - Le blog politique de Gaston","robots":{"index":"index","follow":"follow","max-snippet":"max-snippet:-1","max-image-preview":"max-image-preview:large","max-video-preview":"max-video-preview:-1"},"canonical":"https:\/\/www.gastonballiot.fr\/?p=3724","og_locale":"fr_FR","og_type":"article","og_title":"Notes de lecture : Eric Vuillard - Le blog politique de Gaston","og_description":"En quelques pages Eric Vuillard sait merveilleusement raconter l&rsquo;Histoire. Des livres que l&rsquo;on d\u00e9vore et qui nous en apprennent beaucoup&#8230; Dans \u00ab\u00a0Tristesse de la terre\u00a0\u00bb il nous conte la v\u00e9ritable histoire de Buffalo Bill, et de l&rsquo;extermination des indiens en Am\u00e9rique du Nord. Dans \u00ab\u00a014 juillet\u00a0\u00bb\u00a0c&rsquo;est le r\u00e9cit passionnant, cot\u00e9 peuple, de la prise de la Bastille. \u00a0 \u00a0En lice pour Le livre Inter 2017 Dans \u00ab\u00a0L&rsquo;ordre du jour\u00a0\u00bb il nous raconte comment, le 20 f\u00e9vrier 1933, en pr\u00e9sence d&rsquo;Hitler, chancelier, ... Lire la suite...","og_url":"https:\/\/www.gastonballiot.fr\/?p=3724","og_site_name":"Le blog politique de Gaston","article_publisher":"https:\/\/www.facebook.com\/gaston.balliot\/","article_author":"https:\/\/www.facebook.com\/gaston.balliot\/","article_published_time":"2017-06-12T05:46:02+00:00","article_modified_time":"2017-07-11T06:32:21+00:00","og_image":[{"width":189,"height":340,"url":"https:\/\/www.gastonballiot.fr\/wp-content\/uploads\/2017\/06\/14-juilletM371649.jpg","type":"image\/jpeg"}],"author":"gb","twitter_card":"summary_large_image","twitter_misc":{"\u00c9crit par":"gb","Dur\u00e9e de lecture estim\u00e9e":"1 minute"},"schema":{"@context":"https:\/\/schema.org","@graph":[{"@type":"Article","@id":"https:\/\/www.gastonballiot.fr\/?p=3724#article","isPartOf":{"@id":"https:\/\/www.gastonballiot.fr\/?p=3724"},"author":{"name":"gb","@id":"https:\/\/www.gastonballiot.fr\/#\/schema\/person\/244a5e02696abd8a65c5b1bebdb948ca"},"headline":"Notes de lecture : Eric Vuillard","datePublished":"2017-06-12T05:46:02+00:00","dateModified":"2017-07-11T06:32:21+00:00","mainEntityOfPage":{"@id":"https:\/\/www.gastonballiot.fr\/?p=3724"},"wordCount":276,"commentCount":0,"publisher":{"@id":"https:\/\/www.gastonballiot.fr\/#\/schema\/person\/244a5e02696abd8a65c5b1bebdb948ca"},"image":{"@id":"https:\/\/www.gastonballiot.fr\/?p=3724#primaryimage"},"thumbnailUrl":"https:\/\/i0.wp.com\/www.gastonballiot.fr\/wp-content\/uploads\/2017\/06\/14-juilletM371649.jpg?fit=189%2C340&ssl=1","keywords":["Vuillard"],"articleSection":["A la une","Lectures-Films"],"inLanguage":"fr-FR","potentialAction":[{"@type":"CommentAction","name":"Comment","target":["https:\/\/www.gastonballiot.fr\/?p=3724#respond"]}]},{"@type":"WebPage","@id":"https:\/\/www.gastonballiot.fr\/?p=3724","url":"https:\/\/www.gastonballiot.fr\/?p=3724","name":"Notes de lecture : Eric Vuillard - Le blog politique de Gaston","isPartOf":{"@id":"https:\/\/www.gastonballiot.fr\/#website"},"primaryImageOfPage":{"@id":"https:\/\/www.gastonballiot.fr\/?p=3724#primaryimage"},"image":{"@id":"https:\/\/www.gastonballiot.fr\/?p=3724#primaryimage"},"thumbnailUrl":"https:\/\/i0.wp.com\/www.gastonballiot.fr\/wp-content\/uploads\/2017\/06\/14-juilletM371649.jpg?fit=189%2C340&ssl=1","datePublished":"2017-06-12T05:46:02+00:00","dateModified":"2017-07-11T06:32:21+00:00","breadcrumb":{"@id":"https:\/\/www.gastonballiot.fr\/?p=3724#breadcrumb"},"inLanguage":"fr-FR","potentialAction":[{"@type":"ReadAction","target":["https:\/\/www.gastonballiot.fr\/?p=3724"]}]},{"@type":"ImageObject","inLanguage":"fr-FR","@id":"https:\/\/www.gastonballiot.fr\/?p=3724#primaryimage","url":"https:\/\/i0.wp.com\/www.gastonballiot.fr\/wp-content\/uploads\/2017\/06\/14-juilletM371649.jpg?fit=189%2C340&ssl=1","contentUrl":"https:\/\/i0.wp.com\/www.gastonballiot.fr\/wp-content\/uploads\/2017\/06\/14-juilletM371649.jpg?fit=189%2C340&ssl=1","width":189,"height":340},{"@type":"BreadcrumbList","@id":"https:\/\/www.gastonballiot.fr\/?p=3724#breadcrumb","itemListElement":[{"@type":"ListItem","position":1,"name":"Accueil","item":"https:\/\/www.gastonballiot.fr\/"},{"@type":"ListItem","position":2,"name":"Notes de lecture : Eric Vuillard"}]},{"@type":"WebSite","@id":"https:\/\/www.gastonballiot.fr\/#website","url":"https:\/\/www.gastonballiot.fr\/","name":"Le blog politique de Gaston","description":"L&#039;humain d&#039;abord, pas la finance !","publisher":{"@id":"https:\/\/www.gastonballiot.fr\/#\/schema\/person\/244a5e02696abd8a65c5b1bebdb948ca"},"potentialAction":[{"@type":"SearchAction","target":{"@type":"EntryPoint","urlTemplate":"https:\/\/www.gastonballiot.fr\/?s={search_term_string}"},"query-input":{"@type":"PropertyValueSpecification","valueRequired":true,"valueName":"search_term_string"}}],"inLanguage":"fr-FR"},{"@type":["Person","Organization"],"@id":"https:\/\/www.gastonballiot.fr\/#\/schema\/person\/244a5e02696abd8a65c5b1bebdb948ca","name":"gb","image":{"@type":"ImageObject","inLanguage":"fr-FR","@id":"https:\/\/i0.wp.com\/www.gastonballiot.fr\/wp-content\/uploads\/2017\/04\/cropped-Marianne-drapeau-rouge.gif?fit=512%2C512&ssl=1","url":"https:\/\/i0.wp.com\/www.gastonballiot.fr\/wp-content\/uploads\/2017\/04\/cropped-Marianne-drapeau-rouge.gif?fit=512%2C512&ssl=1","contentUrl":"https:\/\/i0.wp.com\/www.gastonballiot.fr\/wp-content\/uploads\/2017\/04\/cropped-Marianne-drapeau-rouge.gif?fit=512%2C512&ssl=1","width":512,"height":512,"caption":"gb"},"logo":{"@id":"https:\/\/i0.wp.com\/www.gastonballiot.fr\/wp-content\/uploads\/2017\/04\/cropped-Marianne-drapeau-rouge.gif?fit=512%2C512&ssl=1"},"description":"Gaston Balliot, militant du Front de Gauche en pays bigouden - Pont L'Abb\u00e9 - Loctudy - Guilvinec - Penmarc'h - Ile Tudy - Combrit Ste Marine - Tr\u00e9meoc - Plon\u00e9our, p\u00eache tourisme","sameAs":["https:\/\/www.facebook.com\/gaston.balliot\/"]}]}},"jetpack_featured_media_url":"https:\/\/i0.wp.com\/www.gastonballiot.fr\/wp-content\/uploads\/2017\/06\/14-juilletM371649.jpg?fit=189%2C340&ssl=1","jetpack_shortlink":"https:\/\/wp.me\/p5UTaD-Y4","jetpack-related-posts":[],"jetpack_likes_enabled":true,"jetpack_sharing_enabled":true,"_links":{"self":[{"href":"https:\/\/www.gastonballiot.fr\/index.php?rest_route=\/wp\/v2\/posts\/3724","targetHints":{"allow":["GET"]}}],"collection":[{"href":"https:\/\/www.gastonballiot.fr\/index.php?rest_route=\/wp\/v2\/posts"}],"about":[{"href":"https:\/\/www.gastonballiot.fr\/index.php?rest_route=\/wp\/v2\/types\/post"}],"author":[{"embeddable":true,"href":"https:\/\/www.gastonballiot.fr\/index.php?rest_route=\/wp\/v2\/users\/1"}],"replies":[{"embeddable":true,"href":"https:\/\/www.gastonballiot.fr\/index.php?rest_route=%2Fwp%2Fv2%2Fcomments&post=3724"}],"version-history":[{"count":0,"href":"https:\/\/www.gastonballiot.fr\/index.php?rest_route=\/wp\/v2\/posts\/3724\/revisions"}],"wp:featuredmedia":[{"embeddable":true,"href":"https:\/\/www.gastonballiot.fr\/index.php?rest_route=\/wp\/v2\/media\/3727"}],"wp:attachment":[{"href":"https:\/\/www.gastonballiot.fr\/index.php?rest_route=%2Fwp%2Fv2%2Fmedia&parent=3724"}],"wp:term":[{"taxonomy":"category","embeddable":true,"href":"https:\/\/www.gastonballiot.fr\/index.php?rest_route=%2Fwp%2Fv2%2Fcategories&post=3724"},{"taxonomy":"post_tag","embeddable":true,"href":"https:\/\/www.gastonballiot.fr\/index.php?rest_route=%2Fwp%2Fv2%2Ftags&post=3724"}],"curies":[{"name":"wp","href":"https:\/\/api.w.org\/{rel}","templated":true}]}}