{"id":3749,"date":"2017-06-19T06:48:19","date_gmt":"2017-06-19T04:48:19","guid":{"rendered":"http:\/\/www.gastonballiot.fr\/?p=3749"},"modified":"2017-08-14T08:30:11","modified_gmt":"2017-08-14T06:30:11","slug":"un-soumis-ou-deux-debout-le-grand-gachis","status":"publish","type":"post","link":"https:\/\/www.gastonballiot.fr\/?p=3749","title":{"rendered":"Un soumis ou deux debout ? Le grand g\u00e2chis.."},"content":{"rendered":"<h3 style=\"text-align: center;\">Un soumis ou deux debout\u2026<\/h3>\n<p style=\"text-align: center;\"><em>(J\u2019ai attendu le 19 juin, fin de la p\u00e9riode \u00e9lectorale pour publier cet article)<\/em><\/p>\n<p>Apr\u00e8s le r\u00e9sultat d\u00e9sastreux de la s\u00e9quence \u00e9lectorale 2017, un pr\u00e9sident ultralib\u00e9ral avec une assembl\u00e9e enti\u00e8rement \u00e0 sa botte, il est indispensable de reconstruire une opposition de gauche sur de nouvelles bases, avec la recherche d\u2019abord d\u2019une efficacit\u00e9 en laissant de c\u00f4t\u00e9 les \u00e9gos, les arrogances et les rivalit\u00e9s inutiles.<\/p>\n<p>Pour cela il est n\u00e9cessaire d\u2019abord de mettre sur la table les causes de notre \u00e9chec. Elles sont multiples, et on y reviendra. Mais d\u00e9j\u00e0 parlons de ce qui a simultan\u00e9ment cr\u00e9\u00e9 un espoir et malheureusement aussi une grande confusion et une ambiance regrettable, je veux \u00e9voquer ici\u00a0 l\u2019attitude de Jean Luc M\u00e9lenchon (JLM) et de sa cr\u00e9ation la France Insoumise (FI).<!--more--><\/p>\n<p>Pour la pr\u00e9sidentielle JLM n\u2019a pas laiss\u00e9 le choix et a impos\u00e9 sa candidature, ne revenons plus l\u00e0 dessus. Sa campagne a \u00e9t\u00e9 bonne et a permis en particulier \u00e0 de nombreux jeunes de se \u00ab\u00a0mettre en politique\u00a0\u00bb, ce qui n\u2019est pas n\u00e9gligeable. Passons sur l\u2019arrogance et sur le m\u00e9pris envers tous ceux qui n\u2019\u00e9taient pas d\u2019accord avec lui ou qui osaient lui donner des conseils, c\u2019est sa personnalit\u00e9, et maintenant on le conna\u00eet.<\/p>\n<p>Les conditions \u00e9taient tr\u00e8s diff\u00e9rentes de celles de 2012\u00a0: il ne s\u2019agissait plus simplement de battre Sarkozy, ce qui avait favoris\u00e9 Hollande. Cette fois-ci le PS \u00e9tait compl\u00e8tement discr\u00e9dit\u00e9 par le d\u00e9sastreux quinquennat de Hollande. La d\u00e9faite de Valls \u00e0 la primaire du PS \u00e9tait une aubaine, et Hamon repr\u00e9sentait une rupture par rapport au PS du quinquennat, il fallait en tirer profit au lieu de continuer \u00e0 parler du PS de fa\u00e7on globale. Il ne nous a manqu\u00e9 que 2% pour aller au second tour, c\u2019est tr\u00e8s peu, c\u2019\u00e9tait donc faisable\u2026<\/p>\n<p>Quant aux l\u00e9gislatives, pour moi cela se r\u00e9sume \u00e0 un immense g\u00e2chis. Au lieu de profiter de l\u2019\u00e9lan cr\u00e9\u00e9 par le bon score de JLM \u00e0 la pr\u00e9sidentielle et de proposer un regroupement offensif des forces de progr\u00e8s, la FI s\u2019est enferm\u00e9e dans son dogmatisme et a mis en place une division d\u00e9mobilisatrice et suicidaire.<\/p>\n<p><strong>Une division sciemment organis\u00e9e h\u00e9las.<\/strong><\/p>\n<p>C\u2019\u00e9tait clairement annonc\u00e9 depuis plusieurs mois par la France Insoumise (FI)<\/p>\n<p>Voir dans sa fameuse charte \u2013 <em>3<sup>e<\/sup> verset-\u00a0: \u00ab\u00a0Nous devons donc construire notre campagne l\u00e9gislative en coh\u00e9rence totale avec la campagne pr\u00e9sidentielle et pour cela avoir des candidats investis par la France Insoumise dans toutes les circonscriptions..\u00a0\u00bb.<\/em><\/p>\n<p>Cette attitude h\u00e9g\u00e9monique, se moquant de toutes les autres forces, a entra\u00een\u00e9 l\u2019existence de deux candidatures de la gauche de transformation dans la plupart des circonscriptions. Il en est r\u00e9sult\u00e9 une incompr\u00e9hension et une d\u00e9mobilisation dans la population de gauche.<br \/>\nAlors que M\u00e9lenchon avait obtenu sur son nom 7\u00a0060\u00a0885 voix le 23 avril, la France Insoumise n\u2019a rassembl\u00e9 sous son sigle que 2\u00a0497\u00a0663 voix le 11 juin.<\/p>\n<p><strong>Quelques exemples du g\u00e2chis (parmi beaucoup d&rsquo;autres) :<\/strong><\/p>\n<ul>\n<li>6e circonscription de l\u2019Oise\u00a0: Le d\u00e9put\u00e9 PCF sortant Patrice Carvalho \u00e9limin\u00e9 avec 19,63% car la FI a tenu \u00e0 pr\u00e9senter une candidate contre lui qui, avec 7,4% l\u2019emp\u00eache d\u2019aller au second tour (le FN faisant 21,3%).<\/li>\n<\/ul>\n<p style=\"padding-left: 30px;\">R\u00e9sultat\u00a0: 1 d\u00e9put\u00e9 communiste sera remplac\u00e9 par 1 d\u00e9put\u00e9 macroniste. Pas de quoi \u00eatre fier\u00a0!<\/p>\n<ul>\n<li>3e circonscription du Pas de Calais\u00a0: Il manque 221 voix pour que Jean-Marc Tellier soit au 2e tour. Mais la FI n\u2019avait pas accept\u00e9 l\u2019accord propos\u00e9 par le PCF\u2026<\/li>\n<\/ul>\n<p>Pratiquement partout la FI a refus\u00e9 les propositions d\u2019accord avec les forces du Front de Gauche. Une attitude rigide et aux cons\u00e9quences graves.<\/p>\n<p>Deux exemples dans des circonscriptions que je connais un peu\u00a0:<\/p>\n<ul>\n<li>en Pyr\u00e9n\u00e9es Orientales sur les 4 circonscriptions le PCF proposait \u00e0 la FI une r\u00e9partition de 2 et 2, refus net de FI, ils se pr\u00e9sentent dans les 4..<\/li>\n<li>dans les Bouches du Rh\u00f4ne 8 circonscriptions\u00a0: JLM se parachute dans l\u2019une o\u00f9 le PC se retire pour ne pas lui nuire en proposant une r\u00e9partition 4 et 4 , refus de FI, l\u00e0 encore. Cela profite \u00e0 qui\u00a0?<\/li>\n<\/ul>\n<p>Et on s\u2019\u00e9tonne ensuite qu\u2019il y ait eu beaucoup d\u2019abstentions dans l\u2019\u00e9lectorat de gauche. La plus grande d\u00e9fection parmi ceux qui avaient vot\u00e9 JLM en avril a \u00e9t\u00e9 chez les jeunes.<\/p>\n<p><strong>France Insoumise, c\u2019\u00e9tait le renouveau, d\u2019apr\u00e8s ses publications..<\/strong><\/p>\n<p>A propos des structures de la FI, passons rapidement en revue ses principaux responsables :<br \/>\nJ-L M\u00e9lenchon,\u00a0Parti de Gauche, ancien s\u00e9nateur socialiste, ministre sous Jospin<br \/>\nM. Bompard (directeur de campagne de JLM), Parti de Gauche, secr\u00e9taire national.<br \/>\nA. Corbi\u00e8re (porte-parole de JLM), Parti de Gauche, ancien membre du PS, 1er adjoint maire PS jusqu\u2019en 2014.<br \/>\nM. Billard (coordinatrice du programme \u00e9cologie), Parti de Gauche.<br \/>\nE. Coquerel (coordinateur du PG), Parti de Gauche, \u00e9poux de R Garrido.<br \/>\nR. Garrido (porte-parole de JLM), Parti de Gauche, ancien membre du PS..<br \/>\nD. Simonnet (coordinatrice du PG), Parti de Gauche, ancien membre du PS, dans cabinet du ministre socialiste M\u00e9lenchon en 2000.<br \/>\nJ. G\u00e9n\u00e9reux (coordinateur du projet), Parti de Gauche, ancien du PS.<br \/>\nL. Cha\u00efbi (animatrice de l\u2019espace politique de la FI), Parti de Gauche.<br \/>\nP. Juraver (animateur de l\u2019espace des luttes de la FI), Parti de Gauche.<br \/>\nS. Chikirou (responsable communication) Parti de Gauche, ancien membre du Conseil national du PS.<br \/>\nA. L\u00e9aument (en charge de la coordination num\u00e9rique), Parti de Gauche.<\/p>\n<p>Tout cela pas tr\u00e8s nouveau, pas n\u00e9 spontan\u00e9ment pour l\u2019occasion.<\/p>\n<p>Par contre bien s\u00fbr chez les militants de base il y a beaucoup d\u2019engagement neuf et sympathique, souvent jeune. Ils ne font pas toujours le lien avec la vieille garde qui leur envoie des instructions tr\u00e8s directives. Mais ils ont l\u2019enthousiasme, et c\u2019est bien. La lucidit\u00e9 ils la d\u00e9couvriront plus tard, en esp\u00e9rant que cela ne les freine pas mais les oriente vers un plus grand d\u00e9sir d\u2019alliance avec ceux qui ont les m\u00eames objectifs en \u00e9tant organis\u00e9s diff\u00e9remment, ou inorganis\u00e9s..<\/p>\n<p>L\u2019intention \u00e9tait de remplacer les partis \u00ab\u00a0bureaucratiques\u00a0\u00bb par un mouvement. C\u2019est un sujet de discussion valable. Mais il y a un hic, car le \u00ab\u00a0mouvement\u00a0\u00bb cr\u00e9\u00e9 fonctionne d\u00e8s le d\u00e9but de fa\u00e7on on ne peut plus verticale, centraliste et bureaucratique, malgr\u00e9 le vocabulaire utilis\u00e9 pour cacher cet aspect.<\/p>\n<p><strong>Quelques mots sur l\u2019attitude de certains militants de FI.<\/strong><br \/>\nIl \u00e9tait tr\u00e8s difficile d\u2019argumenter avec eux, par exemple pour r\u00e9clamer une union. On se heurtait \u00e0 des r\u00e9ponses st\u00e9r\u00e9otyp\u00e9es et on avait l\u2019impression de parler dans le vide. Un malaise face \u00e0 une sorte de fanatisme.. Un de mes amis, pourtant assez proche d\u2019eux, m\u2019a dit\u00a0: \u00ab\u00a0ils sont dans un autre monde\u00a0\u00bb. J\u2019ai assist\u00e9 \u00e0 une de leur r\u00e9union publique, en d\u00e9cembre \u00e0 Plozevet\u00a0: pendant une heure l\u2019orateur a r\u00e9p\u00e9t\u00e9 \u00ab\u00a0Jean-Luc a dit..\u00a0\u00bb, M\u00e9lenchon a dit..\u00a0\u00bb, et parall\u00e8lement il projetait des vid\u00e9os nationales et des extraits de tracts nationaux. Rien de personnel, rien de local.<br \/>\nQuand on leur proposait d\u2019envisager avec nous une unit\u00e9 de la gauche antilib\u00e9rale on n\u2019\u00e9tait m\u00eame pas \u00e9cout\u00e9s. J\u2019avais l\u2019impression de discuter avec des t\u00e9moins de Jehovah\u00a0!<\/p>\n<p>Plus tard, alors que je mettais en garde sur le risque de n\u2019avoir plus de d\u00e9put\u00e9s de la gauche de transformation en raison de leur strat\u00e9gie d\u2019imposer un candidat FI partout, l\u2019un d\u2019entre eux m\u2019a r\u00e9pondu\u00a0: \u00ab\u00a0on s\u2019en fout, les d\u00e9put\u00e9s ne servent \u00e0 rien..\u00a0\u00bb. Donc ils pr\u00e9sentaient des candidats partout simplement dans le but de mettre en place leur parti \u2013 d\u00e9clar\u00e9 au Journal Officiel du 26 janvier 2017- pour le financer \u2013 environ 1,50\u20ac par voix \u2013 en se moquant d\u2019imposer 5 ou 10 ans suppl\u00e9mentaires de difficult\u00e9s pour des millions de Fran\u00e7ais.. De la priorit\u00e9 affich\u00e9e et la priorit\u00e9 effective laquelle est la bonne\u00a0?<\/p>\n<p style=\"padding-left: 30px;\">Si nous voulons construire du commun, il faudra le faire en commun, ce qui exclut de telles m\u00e9thodes.<br \/>\nAlors tous ensemble innovons avec audace, c&rsquo;est \u00e0 dire en jetant ce qui nous freine et en construisant une opposition \u00e0 la mesure de l&rsquo;enjeu.<\/p>\n<h4 style=\"text-align: center;\"><a href=\"https:\/\/blogs.mediapart.fr\/vincent-presumey\/blog\/070617\/quelques-reflexions-sur-la-france-insoumise\" target=\"_blank\" rel=\"noopener\">Un avis tr\u00e8s document\u00e9 (dont je ne partage pas tout mais l&rsquo;essentiel) : Quelques r\u00e9flexions sur la \u00ab\u00a0France insoumise\u00a0\u00bb par Vincent Pr\u00e9sumey<\/a><\/h4>\n<p style=\"text-align: center;\"><a href=\"https:\/\/blogs.mediapart.fr\/vincent-presumey\/blog\/070617\/quelques-reflexions-sur-la-france-insoumise\" target=\"_blank\" rel=\"noopener\">https:\/\/blogs.mediapart.fr\/vincent-presumey\/blog\/070617\/quelques-reflexions-sur-la-france-insoumise<\/a><\/p>\n<p><img data-recalc-dims=\"1\" loading=\"lazy\" decoding=\"async\" data-attachment-id=\"3750\" data-permalink=\"https:\/\/www.gastonballiot.fr\/?attachment_id=3750#main\" data-orig-file=\"https:\/\/i0.wp.com\/www.gastonballiot.fr\/wp-content\/uploads\/2017\/06\/Presumey_Mediapart.jpg?fit=693%2C225&amp;ssl=1\" data-orig-size=\"693,225\" data-comments-opened=\"1\" data-image-meta=\"{&quot;aperture&quot;:&quot;0&quot;,&quot;credit&quot;:&quot;&quot;,&quot;camera&quot;:&quot;&quot;,&quot;caption&quot;:&quot;&quot;,&quot;created_timestamp&quot;:&quot;0&quot;,&quot;copyright&quot;:&quot;&quot;,&quot;focal_length&quot;:&quot;0&quot;,&quot;iso&quot;:&quot;0&quot;,&quot;shutter_speed&quot;:&quot;0&quot;,&quot;title&quot;:&quot;&quot;,&quot;orientation&quot;:&quot;0&quot;}\" data-image-title=\"Presumey_Mediapart\" data-image-description=\"\" data-image-caption=\"\" data-medium-file=\"https:\/\/i0.wp.com\/www.gastonballiot.fr\/wp-content\/uploads\/2017\/06\/Presumey_Mediapart.jpg?fit=300%2C97&amp;ssl=1\" data-large-file=\"https:\/\/i0.wp.com\/www.gastonballiot.fr\/wp-content\/uploads\/2017\/06\/Presumey_Mediapart.jpg?fit=693%2C225&amp;ssl=1\" class=\"aligncenter size-full wp-image-3750\" src=\"https:\/\/i0.wp.com\/www.gastonballiot.fr\/wp-content\/uploads\/2017\/06\/Presumey_Mediapart.jpg?resize=693%2C225\" alt=\"\" width=\"693\" height=\"225\" srcset=\"https:\/\/i0.wp.com\/www.gastonballiot.fr\/wp-content\/uploads\/2017\/06\/Presumey_Mediapart.jpg?w=693&amp;ssl=1 693w, https:\/\/i0.wp.com\/www.gastonballiot.fr\/wp-content\/uploads\/2017\/06\/Presumey_Mediapart.jpg?resize=300%2C97&amp;ssl=1 300w, https:\/\/i0.wp.com\/www.gastonballiot.fr\/wp-content\/uploads\/2017\/06\/Presumey_Mediapart.jpg?resize=600%2C195&amp;ssl=1 600w\" sizes=\"auto, (max-width: 693px) 100vw, 693px\" \/><a href=\"http:\/\/cut.the.crap.free.fr\/?p=972\" target=\"_blank\" rel=\"noopener\"><strong>Ajout du 23 juillet : France Insoumise et la d\u00e9mocratie&#8230;<\/strong><\/a><\/p>\n","protected":false},"excerpt":{"rendered":"<p>Un soumis ou deux debout\u2026 (J\u2019ai attendu le 19 juin, fin de la p\u00e9riode \u00e9lectorale pour publier cet article) Apr\u00e8s le r\u00e9sultat d\u00e9sastreux de la s\u00e9quence \u00e9lectorale 2017, un pr\u00e9sident ultralib\u00e9ral avec une assembl\u00e9e enti\u00e8rement \u00e0 sa botte, il est indispensable de reconstruire une opposition de gauche sur de nouvelles bases, avec la recherche d\u2019abord d\u2019une efficacit\u00e9 en laissant de c\u00f4t\u00e9 les \u00e9gos, les arrogances et les rivalit\u00e9s inutiles. Pour cela il est n\u00e9cessaire d\u2019abord de mettre sur la table les &#8230; <a title=\"Un soumis ou deux debout ? Le grand g\u00e2chis..\" class=\"read-more\" href=\"https:\/\/www.gastonballiot.fr\/?p=3749\" aria-label=\"Plus sur Un soumis ou deux debout ? Le grand g\u00e2chis..\">Lire la suite&#8230;<\/a><\/p>\n","protected":false},"author":1,"featured_media":0,"comment_status":"open","ping_status":"open","sticky":false,"template":"","format":"standard","meta":{"ngg_post_thumbnail":0,"jetpack_post_was_ever_published":false,"_jetpack_newsletter_access":"","_jetpack_dont_email_post_to_subs":false,"_jetpack_newsletter_tier_id":0,"_jetpack_memberships_contains_paywalled_content":false,"_jetpack_memberships_contains_paid_content":false,"footnotes":"","jetpack_publicize_message":"","jetpack_publicize_feature_enabled":true,"jetpack_social_post_already_shared":true,"jetpack_social_options":{"image_generator_settings":{"template":"highway","enabled":false},"version":2}},"categories":[1],"tags":[243,319,67,306],"class_list":["post-3749","post","type-post","status-publish","format-standard","hentry","category-non-classe","tag-243","tag-fi","tag-gauche","tag-melenchon","infinite-scroll-item","masonry-post","generate-columns","tablet-grid-50","mobile-grid-100","grid-parent","grid-33"],"jetpack_publicize_connections":[],"yoast_head":"<!-- This site is optimized with the Yoast SEO plugin v27.4 - https:\/\/yoast.com\/product\/yoast-seo-wordpress\/ -->\n<title>Un soumis ou deux debout ? Le grand g\u00e2chis.. - Le blog politique de Gaston<\/title>\n<meta name=\"robots\" content=\"index, follow, max-snippet:-1, max-image-preview:large, max-video-preview:-1\" \/>\n<link rel=\"canonical\" href=\"https:\/\/www.gastonballiot.fr\/?p=3749\" \/>\n<meta property=\"og:locale\" content=\"fr_FR\" \/>\n<meta property=\"og:type\" content=\"article\" \/>\n<meta property=\"og:title\" content=\"Un soumis ou deux debout ? Le grand g\u00e2chis.. - Le blog politique de Gaston\" \/>\n<meta property=\"og:description\" content=\"Un soumis ou deux debout\u2026 (J\u2019ai attendu le 19 juin, fin de la p\u00e9riode \u00e9lectorale pour publier cet article) Apr\u00e8s le r\u00e9sultat d\u00e9sastreux de la s\u00e9quence \u00e9lectorale 2017, un pr\u00e9sident ultralib\u00e9ral avec une assembl\u00e9e enti\u00e8rement \u00e0 sa botte, il est indispensable de reconstruire une opposition de gauche sur de nouvelles bases, avec la recherche d\u2019abord d\u2019une efficacit\u00e9 en laissant de c\u00f4t\u00e9 les \u00e9gos, les arrogances et les rivalit\u00e9s inutiles. Pour cela il est n\u00e9cessaire d\u2019abord de mettre sur la table les ... Lire la suite...\" \/>\n<meta property=\"og:url\" content=\"https:\/\/www.gastonballiot.fr\/?p=3749\" \/>\n<meta property=\"og:site_name\" content=\"Le blog politique de Gaston\" \/>\n<meta property=\"article:publisher\" content=\"https:\/\/www.facebook.com\/gaston.balliot\/\" \/>\n<meta property=\"article:author\" content=\"https:\/\/www.facebook.com\/gaston.balliot\/\" \/>\n<meta property=\"article:published_time\" content=\"2017-06-19T04:48:19+00:00\" \/>\n<meta property=\"article:modified_time\" content=\"2017-08-14T06:30:11+00:00\" \/>\n<meta property=\"og:image\" content=\"http:\/\/www.gastonballiot.fr\/wp-content\/uploads\/2017\/06\/Presumey_Mediapart.jpg\" \/>\n<meta name=\"author\" content=\"gb\" \/>\n<meta name=\"twitter:card\" content=\"summary_large_image\" \/>\n<meta name=\"twitter:label1\" content=\"\u00c9crit par\" \/>\n\t<meta name=\"twitter:data1\" content=\"gb\" \/>\n\t<meta name=\"twitter:label2\" content=\"Dur\u00e9e de lecture estim\u00e9e\" \/>\n\t<meta name=\"twitter:data2\" content=\"7 minutes\" \/>\n<script type=\"application\/ld+json\" class=\"yoast-schema-graph\">{\"@context\":\"https:\\\/\\\/schema.org\",\"@graph\":[{\"@type\":\"Article\",\"@id\":\"https:\\\/\\\/www.gastonballiot.fr\\\/?p=3749#article\",\"isPartOf\":{\"@id\":\"https:\\\/\\\/www.gastonballiot.fr\\\/?p=3749\"},\"author\":{\"name\":\"gb\",\"@id\":\"https:\\\/\\\/www.gastonballiot.fr\\\/#\\\/schema\\\/person\\\/244a5e02696abd8a65c5b1bebdb948ca\"},\"headline\":\"Un soumis ou deux debout ? Le grand g\u00e2chis..\",\"datePublished\":\"2017-06-19T04:48:19+00:00\",\"dateModified\":\"2017-08-14T06:30:11+00:00\",\"mainEntityOfPage\":{\"@id\":\"https:\\\/\\\/www.gastonballiot.fr\\\/?p=3749\"},\"wordCount\":1472,\"commentCount\":1,\"publisher\":{\"@id\":\"https:\\\/\\\/www.gastonballiot.fr\\\/#\\\/schema\\\/person\\\/244a5e02696abd8a65c5b1bebdb948ca\"},\"image\":{\"@id\":\"https:\\\/\\\/www.gastonballiot.fr\\\/?p=3749#primaryimage\"},\"thumbnailUrl\":\"http:\\\/\\\/www.gastonballiot.fr\\\/wp-content\\\/uploads\\\/2017\\\/06\\\/Presumey_Mediapart.jpg\",\"keywords\":[\"2017\",\"FI\",\"gauche\",\"Melenchon\"],\"inLanguage\":\"fr-FR\",\"potentialAction\":[{\"@type\":\"CommentAction\",\"name\":\"Comment\",\"target\":[\"https:\\\/\\\/www.gastonballiot.fr\\\/?p=3749#respond\"]}]},{\"@type\":\"WebPage\",\"@id\":\"https:\\\/\\\/www.gastonballiot.fr\\\/?p=3749\",\"url\":\"https:\\\/\\\/www.gastonballiot.fr\\\/?p=3749\",\"name\":\"Un soumis ou deux debout ? Le grand g\u00e2chis.. - Le blog politique de Gaston\",\"isPartOf\":{\"@id\":\"https:\\\/\\\/www.gastonballiot.fr\\\/#website\"},\"primaryImageOfPage\":{\"@id\":\"https:\\\/\\\/www.gastonballiot.fr\\\/?p=3749#primaryimage\"},\"image\":{\"@id\":\"https:\\\/\\\/www.gastonballiot.fr\\\/?p=3749#primaryimage\"},\"thumbnailUrl\":\"http:\\\/\\\/www.gastonballiot.fr\\\/wp-content\\\/uploads\\\/2017\\\/06\\\/Presumey_Mediapart.jpg\",\"datePublished\":\"2017-06-19T04:48:19+00:00\",\"dateModified\":\"2017-08-14T06:30:11+00:00\",\"breadcrumb\":{\"@id\":\"https:\\\/\\\/www.gastonballiot.fr\\\/?p=3749#breadcrumb\"},\"inLanguage\":\"fr-FR\",\"potentialAction\":[{\"@type\":\"ReadAction\",\"target\":[\"https:\\\/\\\/www.gastonballiot.fr\\\/?p=3749\"]}]},{\"@type\":\"ImageObject\",\"inLanguage\":\"fr-FR\",\"@id\":\"https:\\\/\\\/www.gastonballiot.fr\\\/?p=3749#primaryimage\",\"url\":\"http:\\\/\\\/www.gastonballiot.fr\\\/wp-content\\\/uploads\\\/2017\\\/06\\\/Presumey_Mediapart.jpg\",\"contentUrl\":\"http:\\\/\\\/www.gastonballiot.fr\\\/wp-content\\\/uploads\\\/2017\\\/06\\\/Presumey_Mediapart.jpg\"},{\"@type\":\"BreadcrumbList\",\"@id\":\"https:\\\/\\\/www.gastonballiot.fr\\\/?p=3749#breadcrumb\",\"itemListElement\":[{\"@type\":\"ListItem\",\"position\":1,\"name\":\"Accueil\",\"item\":\"https:\\\/\\\/www.gastonballiot.fr\\\/\"},{\"@type\":\"ListItem\",\"position\":2,\"name\":\"Un soumis ou deux debout ? Le grand g\u00e2chis..\"}]},{\"@type\":\"WebSite\",\"@id\":\"https:\\\/\\\/www.gastonballiot.fr\\\/#website\",\"url\":\"https:\\\/\\\/www.gastonballiot.fr\\\/\",\"name\":\"Le blog politique de Gaston\",\"description\":\"L&#039;humain d&#039;abord, pas la finance !\",\"publisher\":{\"@id\":\"https:\\\/\\\/www.gastonballiot.fr\\\/#\\\/schema\\\/person\\\/244a5e02696abd8a65c5b1bebdb948ca\"},\"potentialAction\":[{\"@type\":\"SearchAction\",\"target\":{\"@type\":\"EntryPoint\",\"urlTemplate\":\"https:\\\/\\\/www.gastonballiot.fr\\\/?s={search_term_string}\"},\"query-input\":{\"@type\":\"PropertyValueSpecification\",\"valueRequired\":true,\"valueName\":\"search_term_string\"}}],\"inLanguage\":\"fr-FR\"},{\"@type\":[\"Person\",\"Organization\"],\"@id\":\"https:\\\/\\\/www.gastonballiot.fr\\\/#\\\/schema\\\/person\\\/244a5e02696abd8a65c5b1bebdb948ca\",\"name\":\"gb\",\"image\":{\"@type\":\"ImageObject\",\"inLanguage\":\"fr-FR\",\"@id\":\"https:\\\/\\\/i0.wp.com\\\/www.gastonballiot.fr\\\/wp-content\\\/uploads\\\/2017\\\/04\\\/cropped-Marianne-drapeau-rouge.gif?fit=512%2C512&ssl=1\",\"url\":\"https:\\\/\\\/i0.wp.com\\\/www.gastonballiot.fr\\\/wp-content\\\/uploads\\\/2017\\\/04\\\/cropped-Marianne-drapeau-rouge.gif?fit=512%2C512&ssl=1\",\"contentUrl\":\"https:\\\/\\\/i0.wp.com\\\/www.gastonballiot.fr\\\/wp-content\\\/uploads\\\/2017\\\/04\\\/cropped-Marianne-drapeau-rouge.gif?fit=512%2C512&ssl=1\",\"width\":512,\"height\":512,\"caption\":\"gb\"},\"logo\":{\"@id\":\"https:\\\/\\\/i0.wp.com\\\/www.gastonballiot.fr\\\/wp-content\\\/uploads\\\/2017\\\/04\\\/cropped-Marianne-drapeau-rouge.gif?fit=512%2C512&ssl=1\"},\"description\":\"Gaston Balliot, militant du Front de Gauche en pays bigouden - Pont L'Abb\u00e9 - Loctudy - Guilvinec - Penmarc'h - Ile Tudy - Combrit Ste Marine - Tr\u00e9meoc - Plon\u00e9our, p\u00eache tourisme\",\"sameAs\":[\"https:\\\/\\\/www.facebook.com\\\/gaston.balliot\\\/\"]}]}<\/script>\n<!-- \/ Yoast SEO plugin. -->","yoast_head_json":{"title":"Un soumis ou deux debout ? Le grand g\u00e2chis.. - Le blog politique de Gaston","robots":{"index":"index","follow":"follow","max-snippet":"max-snippet:-1","max-image-preview":"max-image-preview:large","max-video-preview":"max-video-preview:-1"},"canonical":"https:\/\/www.gastonballiot.fr\/?p=3749","og_locale":"fr_FR","og_type":"article","og_title":"Un soumis ou deux debout ? Le grand g\u00e2chis.. - Le blog politique de Gaston","og_description":"Un soumis ou deux debout\u2026 (J\u2019ai attendu le 19 juin, fin de la p\u00e9riode \u00e9lectorale pour publier cet article) Apr\u00e8s le r\u00e9sultat d\u00e9sastreux de la s\u00e9quence \u00e9lectorale 2017, un pr\u00e9sident ultralib\u00e9ral avec une assembl\u00e9e enti\u00e8rement \u00e0 sa botte, il est indispensable de reconstruire une opposition de gauche sur de nouvelles bases, avec la recherche d\u2019abord d\u2019une efficacit\u00e9 en laissant de c\u00f4t\u00e9 les \u00e9gos, les arrogances et les rivalit\u00e9s inutiles. Pour cela il est n\u00e9cessaire d\u2019abord de mettre sur la table les ... Lire la suite...","og_url":"https:\/\/www.gastonballiot.fr\/?p=3749","og_site_name":"Le blog politique de Gaston","article_publisher":"https:\/\/www.facebook.com\/gaston.balliot\/","article_author":"https:\/\/www.facebook.com\/gaston.balliot\/","article_published_time":"2017-06-19T04:48:19+00:00","article_modified_time":"2017-08-14T06:30:11+00:00","og_image":[{"url":"http:\/\/www.gastonballiot.fr\/wp-content\/uploads\/2017\/06\/Presumey_Mediapart.jpg","type":"","width":"","height":""}],"author":"gb","twitter_card":"summary_large_image","twitter_misc":{"\u00c9crit par":"gb","Dur\u00e9e de lecture estim\u00e9e":"7 minutes"},"schema":{"@context":"https:\/\/schema.org","@graph":[{"@type":"Article","@id":"https:\/\/www.gastonballiot.fr\/?p=3749#article","isPartOf":{"@id":"https:\/\/www.gastonballiot.fr\/?p=3749"},"author":{"name":"gb","@id":"https:\/\/www.gastonballiot.fr\/#\/schema\/person\/244a5e02696abd8a65c5b1bebdb948ca"},"headline":"Un soumis ou deux debout ? Le grand g\u00e2chis..","datePublished":"2017-06-19T04:48:19+00:00","dateModified":"2017-08-14T06:30:11+00:00","mainEntityOfPage":{"@id":"https:\/\/www.gastonballiot.fr\/?p=3749"},"wordCount":1472,"commentCount":1,"publisher":{"@id":"https:\/\/www.gastonballiot.fr\/#\/schema\/person\/244a5e02696abd8a65c5b1bebdb948ca"},"image":{"@id":"https:\/\/www.gastonballiot.fr\/?p=3749#primaryimage"},"thumbnailUrl":"http:\/\/www.gastonballiot.fr\/wp-content\/uploads\/2017\/06\/Presumey_Mediapart.jpg","keywords":["2017","FI","gauche","Melenchon"],"inLanguage":"fr-FR","potentialAction":[{"@type":"CommentAction","name":"Comment","target":["https:\/\/www.gastonballiot.fr\/?p=3749#respond"]}]},{"@type":"WebPage","@id":"https:\/\/www.gastonballiot.fr\/?p=3749","url":"https:\/\/www.gastonballiot.fr\/?p=3749","name":"Un soumis ou deux debout ? Le grand g\u00e2chis.. - Le blog politique de Gaston","isPartOf":{"@id":"https:\/\/www.gastonballiot.fr\/#website"},"primaryImageOfPage":{"@id":"https:\/\/www.gastonballiot.fr\/?p=3749#primaryimage"},"image":{"@id":"https:\/\/www.gastonballiot.fr\/?p=3749#primaryimage"},"thumbnailUrl":"http:\/\/www.gastonballiot.fr\/wp-content\/uploads\/2017\/06\/Presumey_Mediapart.jpg","datePublished":"2017-06-19T04:48:19+00:00","dateModified":"2017-08-14T06:30:11+00:00","breadcrumb":{"@id":"https:\/\/www.gastonballiot.fr\/?p=3749#breadcrumb"},"inLanguage":"fr-FR","potentialAction":[{"@type":"ReadAction","target":["https:\/\/www.gastonballiot.fr\/?p=3749"]}]},{"@type":"ImageObject","inLanguage":"fr-FR","@id":"https:\/\/www.gastonballiot.fr\/?p=3749#primaryimage","url":"http:\/\/www.gastonballiot.fr\/wp-content\/uploads\/2017\/06\/Presumey_Mediapart.jpg","contentUrl":"http:\/\/www.gastonballiot.fr\/wp-content\/uploads\/2017\/06\/Presumey_Mediapart.jpg"},{"@type":"BreadcrumbList","@id":"https:\/\/www.gastonballiot.fr\/?p=3749#breadcrumb","itemListElement":[{"@type":"ListItem","position":1,"name":"Accueil","item":"https:\/\/www.gastonballiot.fr\/"},{"@type":"ListItem","position":2,"name":"Un soumis ou deux debout ? Le grand g\u00e2chis.."}]},{"@type":"WebSite","@id":"https:\/\/www.gastonballiot.fr\/#website","url":"https:\/\/www.gastonballiot.fr\/","name":"Le blog politique de Gaston","description":"L&#039;humain d&#039;abord, pas la finance !","publisher":{"@id":"https:\/\/www.gastonballiot.fr\/#\/schema\/person\/244a5e02696abd8a65c5b1bebdb948ca"},"potentialAction":[{"@type":"SearchAction","target":{"@type":"EntryPoint","urlTemplate":"https:\/\/www.gastonballiot.fr\/?s={search_term_string}"},"query-input":{"@type":"PropertyValueSpecification","valueRequired":true,"valueName":"search_term_string"}}],"inLanguage":"fr-FR"},{"@type":["Person","Organization"],"@id":"https:\/\/www.gastonballiot.fr\/#\/schema\/person\/244a5e02696abd8a65c5b1bebdb948ca","name":"gb","image":{"@type":"ImageObject","inLanguage":"fr-FR","@id":"https:\/\/i0.wp.com\/www.gastonballiot.fr\/wp-content\/uploads\/2017\/04\/cropped-Marianne-drapeau-rouge.gif?fit=512%2C512&ssl=1","url":"https:\/\/i0.wp.com\/www.gastonballiot.fr\/wp-content\/uploads\/2017\/04\/cropped-Marianne-drapeau-rouge.gif?fit=512%2C512&ssl=1","contentUrl":"https:\/\/i0.wp.com\/www.gastonballiot.fr\/wp-content\/uploads\/2017\/04\/cropped-Marianne-drapeau-rouge.gif?fit=512%2C512&ssl=1","width":512,"height":512,"caption":"gb"},"logo":{"@id":"https:\/\/i0.wp.com\/www.gastonballiot.fr\/wp-content\/uploads\/2017\/04\/cropped-Marianne-drapeau-rouge.gif?fit=512%2C512&ssl=1"},"description":"Gaston Balliot, militant du Front de Gauche en pays bigouden - Pont L'Abb\u00e9 - Loctudy - Guilvinec - Penmarc'h - Ile Tudy - Combrit Ste Marine - Tr\u00e9meoc - Plon\u00e9our, p\u00eache tourisme","sameAs":["https:\/\/www.facebook.com\/gaston.balliot\/"]}]}},"jetpack_featured_media_url":"","jetpack_shortlink":"https:\/\/wp.me\/p5UTaD-Yt","jetpack-related-posts":[],"jetpack_likes_enabled":true,"jetpack_sharing_enabled":true,"_links":{"self":[{"href":"https:\/\/www.gastonballiot.fr\/index.php?rest_route=\/wp\/v2\/posts\/3749","targetHints":{"allow":["GET"]}}],"collection":[{"href":"https:\/\/www.gastonballiot.fr\/index.php?rest_route=\/wp\/v2\/posts"}],"about":[{"href":"https:\/\/www.gastonballiot.fr\/index.php?rest_route=\/wp\/v2\/types\/post"}],"author":[{"embeddable":true,"href":"https:\/\/www.gastonballiot.fr\/index.php?rest_route=\/wp\/v2\/users\/1"}],"replies":[{"embeddable":true,"href":"https:\/\/www.gastonballiot.fr\/index.php?rest_route=%2Fwp%2Fv2%2Fcomments&post=3749"}],"version-history":[{"count":0,"href":"https:\/\/www.gastonballiot.fr\/index.php?rest_route=\/wp\/v2\/posts\/3749\/revisions"}],"wp:attachment":[{"href":"https:\/\/www.gastonballiot.fr\/index.php?rest_route=%2Fwp%2Fv2%2Fmedia&parent=3749"}],"wp:term":[{"taxonomy":"category","embeddable":true,"href":"https:\/\/www.gastonballiot.fr\/index.php?rest_route=%2Fwp%2Fv2%2Fcategories&post=3749"},{"taxonomy":"post_tag","embeddable":true,"href":"https:\/\/www.gastonballiot.fr\/index.php?rest_route=%2Fwp%2Fv2%2Ftags&post=3749"}],"curies":[{"name":"wp","href":"https:\/\/api.w.org\/{rel}","templated":true}]}}