{"id":3962,"date":"2017-09-19T18:02:19","date_gmt":"2017-09-19T16:02:19","guid":{"rendered":"http:\/\/www.gastonballiot.fr\/?p=3962"},"modified":"2017-09-20T18:10:52","modified_gmt":"2017-09-20T16:10:52","slug":"ce-sont-les-moins-que-rien-qui-creent-les-richesses-monsieur-macron-pas-vos-amis","status":"publish","type":"post","link":"https:\/\/www.gastonballiot.fr\/?p=3962","title":{"rendered":"Ce sont les \u00ab\u00a0moins que rien\u00a0\u00bb qui cr\u00e9ent les richesses monsieur Macron, pas vos amis&#8230;"},"content":{"rendered":"<p>Face au m\u00e9pris de classe de Mr Macron il est bon de rappeler quelques r\u00e9alit\u00e9s. <strong>Qui cr\u00e9e la richesse dans notre pays ?<\/strong> Ce sont ceux qui travaillent, et non les parasites avec leurs milliards et leurs paradis fiscaux. Et pourtant c&rsquo;est au service de ces derniers que Mr Macron et son \u00e9quipe se d\u00e9vouent.<br \/>\nSans les fain\u00e9ants, les moins que rien, les sans-dents de Hollande et les pov&rsquo;cons de Sarko, les r\u00e2leurs de tous poils, les extr\u00e9mistes, le bas peuple que vous m\u00e9prisez, d&rsquo;o\u00f9 viendraient les richesses dont ces derniers ne touchent que des miettes (relire Marx et aller voir \u00e0 la fin de ce mois le film \u00ab\u00a0Le jeune Marx\u00a0\u00bb !)<\/p>\n<p>Tout cela me rappelle ce que chantaient les ouvri\u00e8res des conserveries de Douarnenez il y a un si\u00e8cle (les \u00ab\u00a0Penn Sardin\u00a0\u00bb) dont voici le refrain :<\/p>\n<p style=\"padding-left: 90px;\"><strong><span style=\"color: #ff0000;\"><em>Saluez, riches heureux,<\/em><\/span><\/strong><\/p>\n<p style=\"padding-left: 90px;\"><strong><span style=\"color: #ff0000;\"><em>Ces pauvres en haillons <\/em><\/span><\/strong><\/p>\n<p style=\"padding-left: 90px;\"><strong><span style=\"color: #ff0000;\"><em>Saluez, ce sont eux <\/em><\/span><\/strong><\/p>\n<p style=\"padding-left: 90px;\"><strong><span style=\"color: #ff0000;\"><em>Qui gagnent vos millions<\/em><\/span><\/strong><\/p>\n<h3 style=\"text-align: center;\"><a href=\"http:\/\/www.gastonballiot.fr\/revolte-sardinieres-1924-douarnenez-1926_bigoudennie\/\" target=\"_blank\" rel=\"noopener\">Lire \u00e0 ce sujet mon dossier sur les luttes des sardini\u00e8res en 1924 et 1926 \u00e0 Douarnenez et dans le Pays Bigouden<\/a><\/h3>\n<p style=\"text-align: center;\">Vous y trouverez les r\u00e9f\u00e9rences de l&rsquo;album \u00ab\u00a0Le chant des sardini\u00e8res\u00a0\u00bb interpr\u00e9t\u00e9 par mes amies Marie-Aline Lagadic et Klervi Rivi\u00e8re, ainsi que le texte int\u00e9gral.<\/p>\n<p><img data-recalc-dims=\"1\" loading=\"lazy\" decoding=\"async\" data-attachment-id=\"2912\" data-permalink=\"https:\/\/www.gastonballiot.fr\/?attachment_id=2912\" data-orig-file=\"https:\/\/i0.wp.com\/www.gastonballiot.fr\/wp-content\/uploads\/2017\/01\/Le-chant-des-sardinieres_MarieAlineKlervi.jpg?fit=400%2C397&amp;ssl=1\" data-orig-size=\"400,397\" data-comments-opened=\"1\" data-image-meta=\"{&quot;aperture&quot;:&quot;0&quot;,&quot;credit&quot;:&quot;&quot;,&quot;camera&quot;:&quot;&quot;,&quot;caption&quot;:&quot;&quot;,&quot;created_timestamp&quot;:&quot;0&quot;,&quot;copyright&quot;:&quot;&quot;,&quot;focal_length&quot;:&quot;0&quot;,&quot;iso&quot;:&quot;0&quot;,&quot;shutter_speed&quot;:&quot;0&quot;,&quot;title&quot;:&quot;&quot;,&quot;orientation&quot;:&quot;0&quot;}\" data-image-title=\"Le-chant-des-sardinieres_MarieAlineKlervi\" data-image-description=\"\" data-image-caption=\"\" data-medium-file=\"https:\/\/i0.wp.com\/www.gastonballiot.fr\/wp-content\/uploads\/2017\/01\/Le-chant-des-sardinieres_MarieAlineKlervi.jpg?fit=300%2C298&amp;ssl=1\" data-large-file=\"https:\/\/i0.wp.com\/www.gastonballiot.fr\/wp-content\/uploads\/2017\/01\/Le-chant-des-sardinieres_MarieAlineKlervi.jpg?fit=400%2C397&amp;ssl=1\" class=\"aligncenter size-full wp-image-2912\" src=\"https:\/\/i0.wp.com\/www.gastonballiot.fr\/wp-content\/uploads\/2017\/01\/Le-chant-des-sardinieres_MarieAlineKlervi.jpg?resize=400%2C397\" alt=\"\" width=\"400\" height=\"397\" srcset=\"https:\/\/i0.wp.com\/www.gastonballiot.fr\/wp-content\/uploads\/2017\/01\/Le-chant-des-sardinieres_MarieAlineKlervi.jpg?w=400&amp;ssl=1 400w, https:\/\/i0.wp.com\/www.gastonballiot.fr\/wp-content\/uploads\/2017\/01\/Le-chant-des-sardinieres_MarieAlineKlervi.jpg?resize=150%2C150&amp;ssl=1 150w, https:\/\/i0.wp.com\/www.gastonballiot.fr\/wp-content\/uploads\/2017\/01\/Le-chant-des-sardinieres_MarieAlineKlervi.jpg?resize=300%2C298&amp;ssl=1 300w\" sizes=\"auto, (max-width: 400px) 100vw, 400px\" \/>Mr Macron et son ami Mr Gattaz parlent tous les jours du <strong>Co\u00fbt du Travail<\/strong>, tout cela pour masquer le vrai probl\u00e8me qui est le <strong>Co\u00fbt du Capital<\/strong> !<\/p>\n<p><a href=\"https:\/\/i0.wp.com\/www.gastonballiot.fr\/wp-content\/uploads\/2017\/09\/CoutDuCapitalCGT.jpg\"><img data-recalc-dims=\"1\" loading=\"lazy\" decoding=\"async\" data-attachment-id=\"3971\" data-permalink=\"https:\/\/www.gastonballiot.fr\/?attachment_id=3971#main\" data-orig-file=\"https:\/\/i0.wp.com\/www.gastonballiot.fr\/wp-content\/uploads\/2017\/09\/CoutDuCapitalCGT.jpg?fit=224%2C278&amp;ssl=1\" data-orig-size=\"224,278\" data-comments-opened=\"1\" data-image-meta=\"{&quot;aperture&quot;:&quot;0&quot;,&quot;credit&quot;:&quot;&quot;,&quot;camera&quot;:&quot;&quot;,&quot;caption&quot;:&quot;&quot;,&quot;created_timestamp&quot;:&quot;0&quot;,&quot;copyright&quot;:&quot;&quot;,&quot;focal_length&quot;:&quot;0&quot;,&quot;iso&quot;:&quot;0&quot;,&quot;shutter_speed&quot;:&quot;0&quot;,&quot;title&quot;:&quot;&quot;,&quot;orientation&quot;:&quot;0&quot;}\" data-image-title=\"CoutDuCapitalCGT\" data-image-description=\"\" data-image-caption=\"\" data-medium-file=\"https:\/\/i0.wp.com\/www.gastonballiot.fr\/wp-content\/uploads\/2017\/09\/CoutDuCapitalCGT.jpg?fit=224%2C278&amp;ssl=1\" data-large-file=\"https:\/\/i0.wp.com\/www.gastonballiot.fr\/wp-content\/uploads\/2017\/09\/CoutDuCapitalCGT.jpg?fit=224%2C278&amp;ssl=1\" class=\"size-full wp-image-3971 alignleft\" src=\"https:\/\/i0.wp.com\/www.gastonballiot.fr\/wp-content\/uploads\/2017\/09\/CoutDuCapitalCGT.jpg?resize=224%2C278\" alt=\"\" width=\"224\" height=\"278\" \/><\/a>C&rsquo;est bon \u00e0 rappeler aussi \u00e0 ceux qui ne veulent plus parler de <strong>Lutte de Classe<\/strong>, pour ne pas faire peur aux bobos sans doute.<br \/>\nLe m\u00e9pris de classe de nos dirigeants parle de lui m\u00eame. Ce n&rsquo;est pas un probl\u00e8me d&rsquo;oligarchie, mais de CAPITALISME&#8230; Ce ne sont pas des hommes qui sont en cause mais le syst\u00e8me lui-m\u00eame.<\/p>\n","protected":false},"excerpt":{"rendered":"<p>Face au m\u00e9pris de classe de Mr Macron il est bon de rappeler quelques r\u00e9alit\u00e9s. Qui cr\u00e9e la richesse dans notre pays ? Ce sont ceux qui travaillent, et non les parasites avec leurs milliards et leurs paradis fiscaux. Et pourtant c&rsquo;est au service de ces derniers que Mr Macron et son \u00e9quipe se d\u00e9vouent. Sans les fain\u00e9ants, les moins que rien, les sans-dents de Hollande et les pov&rsquo;cons de Sarko, les r\u00e2leurs de tous poils, les extr\u00e9mistes, le bas peuple &#8230; <a title=\"Ce sont les \u00ab\u00a0moins que rien\u00a0\u00bb qui cr\u00e9ent les richesses monsieur Macron, pas vos amis&#8230;\" class=\"read-more\" href=\"https:\/\/www.gastonballiot.fr\/?p=3962\" aria-label=\"Plus sur Ce sont les \u00ab\u00a0moins que rien\u00a0\u00bb qui cr\u00e9ent les richesses monsieur Macron, pas vos amis&#8230;\">Lire la suite&#8230;<\/a><\/p>\n","protected":false},"author":1,"featured_media":0,"comment_status":"open","ping_status":"open","sticky":false,"template":"","format":"standard","meta":{"ngg_post_thumbnail":0,"jetpack_post_was_ever_published":false,"_jetpack_newsletter_access":"","_jetpack_dont_email_post_to_subs":false,"_jetpack_newsletter_tier_id":0,"_jetpack_memberships_contains_paywalled_content":false,"_jetpack_memberships_contains_paid_content":false,"footnotes":"","jetpack_publicize_message":"","jetpack_publicize_feature_enabled":true,"jetpack_social_post_already_shared":true,"jetpack_social_options":{"image_generator_settings":{"template":"highway","enabled":false},"version":2}},"categories":[2,5,6,16],"tags":[38,89,120],"class_list":["post-3962","post","type-post","status-publish","format-standard","hentry","category-a-la-une","category-democratie","category-economie","category-social","tag-capital","tag-macron","tag-richesse","infinite-scroll-item","masonry-post","generate-columns","tablet-grid-50","mobile-grid-100","grid-parent","grid-33"],"jetpack_publicize_connections":[],"yoast_head":"<!-- This site is optimized with the Yoast SEO plugin v27.5 - https:\/\/yoast.com\/product\/yoast-seo-wordpress\/ -->\n<title>Ce sont les &quot;moins que rien&quot; qui cr\u00e9ent les richesses monsieur Macron, pas vos amis... - Le blog politique de Gaston<\/title>\n<meta name=\"robots\" content=\"index, follow, max-snippet:-1, max-image-preview:large, max-video-preview:-1\" \/>\n<link rel=\"canonical\" href=\"https:\/\/www.gastonballiot.fr\/?p=3962\" \/>\n<meta property=\"og:locale\" content=\"fr_FR\" \/>\n<meta property=\"og:type\" content=\"article\" \/>\n<meta property=\"og:title\" content=\"Ce sont les &quot;moins que rien&quot; qui cr\u00e9ent les richesses monsieur Macron, pas vos amis... - Le blog politique de Gaston\" \/>\n<meta property=\"og:description\" content=\"Face au m\u00e9pris de classe de Mr Macron il est bon de rappeler quelques r\u00e9alit\u00e9s. Qui cr\u00e9e la richesse dans notre pays ? Ce sont ceux qui travaillent, et non les parasites avec leurs milliards et leurs paradis fiscaux. Et pourtant c&rsquo;est au service de ces derniers que Mr Macron et son \u00e9quipe se d\u00e9vouent. Sans les fain\u00e9ants, les moins que rien, les sans-dents de Hollande et les pov&rsquo;cons de Sarko, les r\u00e2leurs de tous poils, les extr\u00e9mistes, le bas peuple ... Lire la suite...\" \/>\n<meta property=\"og:url\" content=\"https:\/\/www.gastonballiot.fr\/?p=3962\" \/>\n<meta property=\"og:site_name\" content=\"Le blog politique de Gaston\" \/>\n<meta property=\"article:publisher\" content=\"https:\/\/www.facebook.com\/gaston.balliot\/\" \/>\n<meta property=\"article:author\" content=\"https:\/\/www.facebook.com\/gaston.balliot\/\" \/>\n<meta property=\"article:published_time\" content=\"2017-09-19T16:02:19+00:00\" \/>\n<meta property=\"article:modified_time\" content=\"2017-09-20T16:10:52+00:00\" \/>\n<meta property=\"og:image\" content=\"http:\/\/www.gastonballiot.fr\/wp-content\/uploads\/2017\/01\/Le-chant-des-sardinieres_MarieAlineKlervi.jpg\" \/>\n<meta name=\"author\" content=\"gb\" \/>\n<meta name=\"twitter:card\" content=\"summary_large_image\" \/>\n<meta name=\"twitter:label1\" content=\"\u00c9crit par\" \/>\n\t<meta name=\"twitter:data1\" content=\"gb\" \/>\n\t<meta name=\"twitter:label2\" content=\"Dur\u00e9e de lecture estim\u00e9e\" \/>\n\t<meta name=\"twitter:data2\" content=\"2 minutes\" \/>\n<script type=\"application\/ld+json\" class=\"yoast-schema-graph\">{\"@context\":\"https:\\\/\\\/schema.org\",\"@graph\":[{\"@type\":\"Article\",\"@id\":\"https:\\\/\\\/www.gastonballiot.fr\\\/?p=3962#article\",\"isPartOf\":{\"@id\":\"https:\\\/\\\/www.gastonballiot.fr\\\/?p=3962\"},\"author\":{\"name\":\"gb\",\"@id\":\"https:\\\/\\\/www.gastonballiot.fr\\\/#\\\/schema\\\/person\\\/244a5e02696abd8a65c5b1bebdb948ca\"},\"headline\":\"Ce sont les \u00ab\u00a0moins que rien\u00a0\u00bb qui cr\u00e9ent les richesses monsieur Macron, pas vos amis&#8230;\",\"datePublished\":\"2017-09-19T16:02:19+00:00\",\"dateModified\":\"2017-09-20T16:10:52+00:00\",\"mainEntityOfPage\":{\"@id\":\"https:\\\/\\\/www.gastonballiot.fr\\\/?p=3962\"},\"wordCount\":327,\"commentCount\":0,\"publisher\":{\"@id\":\"https:\\\/\\\/www.gastonballiot.fr\\\/#\\\/schema\\\/person\\\/244a5e02696abd8a65c5b1bebdb948ca\"},\"image\":{\"@id\":\"https:\\\/\\\/www.gastonballiot.fr\\\/?p=3962#primaryimage\"},\"thumbnailUrl\":\"http:\\\/\\\/www.gastonballiot.fr\\\/wp-content\\\/uploads\\\/2017\\\/01\\\/Le-chant-des-sardinieres_MarieAlineKlervi.jpg\",\"keywords\":[\"capital\",\"Macron\",\"richesse\"],\"articleSection\":[\"A la une\",\"D\u00e9mocratie\",\"Economie\",\"Social\"],\"inLanguage\":\"fr-FR\",\"potentialAction\":[{\"@type\":\"CommentAction\",\"name\":\"Comment\",\"target\":[\"https:\\\/\\\/www.gastonballiot.fr\\\/?p=3962#respond\"]}]},{\"@type\":\"WebPage\",\"@id\":\"https:\\\/\\\/www.gastonballiot.fr\\\/?p=3962\",\"url\":\"https:\\\/\\\/www.gastonballiot.fr\\\/?p=3962\",\"name\":\"Ce sont les \\\"moins que rien\\\" qui cr\u00e9ent les richesses monsieur Macron, pas vos amis... - Le blog politique de Gaston\",\"isPartOf\":{\"@id\":\"https:\\\/\\\/www.gastonballiot.fr\\\/#website\"},\"primaryImageOfPage\":{\"@id\":\"https:\\\/\\\/www.gastonballiot.fr\\\/?p=3962#primaryimage\"},\"image\":{\"@id\":\"https:\\\/\\\/www.gastonballiot.fr\\\/?p=3962#primaryimage\"},\"thumbnailUrl\":\"http:\\\/\\\/www.gastonballiot.fr\\\/wp-content\\\/uploads\\\/2017\\\/01\\\/Le-chant-des-sardinieres_MarieAlineKlervi.jpg\",\"datePublished\":\"2017-09-19T16:02:19+00:00\",\"dateModified\":\"2017-09-20T16:10:52+00:00\",\"breadcrumb\":{\"@id\":\"https:\\\/\\\/www.gastonballiot.fr\\\/?p=3962#breadcrumb\"},\"inLanguage\":\"fr-FR\",\"potentialAction\":[{\"@type\":\"ReadAction\",\"target\":[\"https:\\\/\\\/www.gastonballiot.fr\\\/?p=3962\"]}]},{\"@type\":\"ImageObject\",\"inLanguage\":\"fr-FR\",\"@id\":\"https:\\\/\\\/www.gastonballiot.fr\\\/?p=3962#primaryimage\",\"url\":\"http:\\\/\\\/www.gastonballiot.fr\\\/wp-content\\\/uploads\\\/2017\\\/01\\\/Le-chant-des-sardinieres_MarieAlineKlervi.jpg\",\"contentUrl\":\"http:\\\/\\\/www.gastonballiot.fr\\\/wp-content\\\/uploads\\\/2017\\\/01\\\/Le-chant-des-sardinieres_MarieAlineKlervi.jpg\"},{\"@type\":\"BreadcrumbList\",\"@id\":\"https:\\\/\\\/www.gastonballiot.fr\\\/?p=3962#breadcrumb\",\"itemListElement\":[{\"@type\":\"ListItem\",\"position\":1,\"name\":\"Accueil\",\"item\":\"https:\\\/\\\/www.gastonballiot.fr\\\/\"},{\"@type\":\"ListItem\",\"position\":2,\"name\":\"Ce sont les &#8220;moins que rien&#8221; qui cr\u00e9ent les richesses monsieur Macron, pas vos amis&#8230;\"}]},{\"@type\":\"WebSite\",\"@id\":\"https:\\\/\\\/www.gastonballiot.fr\\\/#website\",\"url\":\"https:\\\/\\\/www.gastonballiot.fr\\\/\",\"name\":\"Le blog politique de Gaston\",\"description\":\"L&#039;humain d&#039;abord, pas la finance !\",\"publisher\":{\"@id\":\"https:\\\/\\\/www.gastonballiot.fr\\\/#\\\/schema\\\/person\\\/244a5e02696abd8a65c5b1bebdb948ca\"},\"potentialAction\":[{\"@type\":\"SearchAction\",\"target\":{\"@type\":\"EntryPoint\",\"urlTemplate\":\"https:\\\/\\\/www.gastonballiot.fr\\\/?s={search_term_string}\"},\"query-input\":{\"@type\":\"PropertyValueSpecification\",\"valueRequired\":true,\"valueName\":\"search_term_string\"}}],\"inLanguage\":\"fr-FR\"},{\"@type\":[\"Person\",\"Organization\"],\"@id\":\"https:\\\/\\\/www.gastonballiot.fr\\\/#\\\/schema\\\/person\\\/244a5e02696abd8a65c5b1bebdb948ca\",\"name\":\"gb\",\"image\":{\"@type\":\"ImageObject\",\"inLanguage\":\"fr-FR\",\"@id\":\"https:\\\/\\\/i0.wp.com\\\/www.gastonballiot.fr\\\/wp-content\\\/uploads\\\/2017\\\/04\\\/cropped-Marianne-drapeau-rouge.gif?fit=512%2C512&ssl=1\",\"url\":\"https:\\\/\\\/i0.wp.com\\\/www.gastonballiot.fr\\\/wp-content\\\/uploads\\\/2017\\\/04\\\/cropped-Marianne-drapeau-rouge.gif?fit=512%2C512&ssl=1\",\"contentUrl\":\"https:\\\/\\\/i0.wp.com\\\/www.gastonballiot.fr\\\/wp-content\\\/uploads\\\/2017\\\/04\\\/cropped-Marianne-drapeau-rouge.gif?fit=512%2C512&ssl=1\",\"width\":512,\"height\":512,\"caption\":\"gb\"},\"logo\":{\"@id\":\"https:\\\/\\\/i0.wp.com\\\/www.gastonballiot.fr\\\/wp-content\\\/uploads\\\/2017\\\/04\\\/cropped-Marianne-drapeau-rouge.gif?fit=512%2C512&ssl=1\"},\"description\":\"Gaston Balliot, militant du Front de Gauche en pays bigouden - Pont L'Abb\u00e9 - Loctudy - Guilvinec - Penmarc'h - Ile Tudy - Combrit Ste Marine - Tr\u00e9meoc - Plon\u00e9our, p\u00eache tourisme\",\"sameAs\":[\"https:\\\/\\\/www.facebook.com\\\/gaston.balliot\\\/\"]}]}<\/script>\n<!-- \/ Yoast SEO plugin. -->","yoast_head_json":{"title":"Ce sont les \"moins que rien\" qui cr\u00e9ent les richesses monsieur Macron, pas vos amis... - Le blog politique de Gaston","robots":{"index":"index","follow":"follow","max-snippet":"max-snippet:-1","max-image-preview":"max-image-preview:large","max-video-preview":"max-video-preview:-1"},"canonical":"https:\/\/www.gastonballiot.fr\/?p=3962","og_locale":"fr_FR","og_type":"article","og_title":"Ce sont les \"moins que rien\" qui cr\u00e9ent les richesses monsieur Macron, pas vos amis... - Le blog politique de Gaston","og_description":"Face au m\u00e9pris de classe de Mr Macron il est bon de rappeler quelques r\u00e9alit\u00e9s. Qui cr\u00e9e la richesse dans notre pays ? Ce sont ceux qui travaillent, et non les parasites avec leurs milliards et leurs paradis fiscaux. Et pourtant c&rsquo;est au service de ces derniers que Mr Macron et son \u00e9quipe se d\u00e9vouent. Sans les fain\u00e9ants, les moins que rien, les sans-dents de Hollande et les pov&rsquo;cons de Sarko, les r\u00e2leurs de tous poils, les extr\u00e9mistes, le bas peuple ... Lire la suite...","og_url":"https:\/\/www.gastonballiot.fr\/?p=3962","og_site_name":"Le blog politique de Gaston","article_publisher":"https:\/\/www.facebook.com\/gaston.balliot\/","article_author":"https:\/\/www.facebook.com\/gaston.balliot\/","article_published_time":"2017-09-19T16:02:19+00:00","article_modified_time":"2017-09-20T16:10:52+00:00","og_image":[{"url":"http:\/\/www.gastonballiot.fr\/wp-content\/uploads\/2017\/01\/Le-chant-des-sardinieres_MarieAlineKlervi.jpg","type":"","width":"","height":""}],"author":"gb","twitter_card":"summary_large_image","twitter_misc":{"\u00c9crit par":"gb","Dur\u00e9e de lecture estim\u00e9e":"2 minutes"},"schema":{"@context":"https:\/\/schema.org","@graph":[{"@type":"Article","@id":"https:\/\/www.gastonballiot.fr\/?p=3962#article","isPartOf":{"@id":"https:\/\/www.gastonballiot.fr\/?p=3962"},"author":{"name":"gb","@id":"https:\/\/www.gastonballiot.fr\/#\/schema\/person\/244a5e02696abd8a65c5b1bebdb948ca"},"headline":"Ce sont les \u00ab\u00a0moins que rien\u00a0\u00bb qui cr\u00e9ent les richesses monsieur Macron, pas vos amis&#8230;","datePublished":"2017-09-19T16:02:19+00:00","dateModified":"2017-09-20T16:10:52+00:00","mainEntityOfPage":{"@id":"https:\/\/www.gastonballiot.fr\/?p=3962"},"wordCount":327,"commentCount":0,"publisher":{"@id":"https:\/\/www.gastonballiot.fr\/#\/schema\/person\/244a5e02696abd8a65c5b1bebdb948ca"},"image":{"@id":"https:\/\/www.gastonballiot.fr\/?p=3962#primaryimage"},"thumbnailUrl":"http:\/\/www.gastonballiot.fr\/wp-content\/uploads\/2017\/01\/Le-chant-des-sardinieres_MarieAlineKlervi.jpg","keywords":["capital","Macron","richesse"],"articleSection":["A la une","D\u00e9mocratie","Economie","Social"],"inLanguage":"fr-FR","potentialAction":[{"@type":"CommentAction","name":"Comment","target":["https:\/\/www.gastonballiot.fr\/?p=3962#respond"]}]},{"@type":"WebPage","@id":"https:\/\/www.gastonballiot.fr\/?p=3962","url":"https:\/\/www.gastonballiot.fr\/?p=3962","name":"Ce sont les \"moins que rien\" qui cr\u00e9ent les richesses monsieur Macron, pas vos amis... - Le blog politique de Gaston","isPartOf":{"@id":"https:\/\/www.gastonballiot.fr\/#website"},"primaryImageOfPage":{"@id":"https:\/\/www.gastonballiot.fr\/?p=3962#primaryimage"},"image":{"@id":"https:\/\/www.gastonballiot.fr\/?p=3962#primaryimage"},"thumbnailUrl":"http:\/\/www.gastonballiot.fr\/wp-content\/uploads\/2017\/01\/Le-chant-des-sardinieres_MarieAlineKlervi.jpg","datePublished":"2017-09-19T16:02:19+00:00","dateModified":"2017-09-20T16:10:52+00:00","breadcrumb":{"@id":"https:\/\/www.gastonballiot.fr\/?p=3962#breadcrumb"},"inLanguage":"fr-FR","potentialAction":[{"@type":"ReadAction","target":["https:\/\/www.gastonballiot.fr\/?p=3962"]}]},{"@type":"ImageObject","inLanguage":"fr-FR","@id":"https:\/\/www.gastonballiot.fr\/?p=3962#primaryimage","url":"http:\/\/www.gastonballiot.fr\/wp-content\/uploads\/2017\/01\/Le-chant-des-sardinieres_MarieAlineKlervi.jpg","contentUrl":"http:\/\/www.gastonballiot.fr\/wp-content\/uploads\/2017\/01\/Le-chant-des-sardinieres_MarieAlineKlervi.jpg"},{"@type":"BreadcrumbList","@id":"https:\/\/www.gastonballiot.fr\/?p=3962#breadcrumb","itemListElement":[{"@type":"ListItem","position":1,"name":"Accueil","item":"https:\/\/www.gastonballiot.fr\/"},{"@type":"ListItem","position":2,"name":"Ce sont les &#8220;moins que rien&#8221; qui cr\u00e9ent les richesses monsieur Macron, pas vos amis&#8230;"}]},{"@type":"WebSite","@id":"https:\/\/www.gastonballiot.fr\/#website","url":"https:\/\/www.gastonballiot.fr\/","name":"Le blog politique de Gaston","description":"L&#039;humain d&#039;abord, pas la finance !","publisher":{"@id":"https:\/\/www.gastonballiot.fr\/#\/schema\/person\/244a5e02696abd8a65c5b1bebdb948ca"},"potentialAction":[{"@type":"SearchAction","target":{"@type":"EntryPoint","urlTemplate":"https:\/\/www.gastonballiot.fr\/?s={search_term_string}"},"query-input":{"@type":"PropertyValueSpecification","valueRequired":true,"valueName":"search_term_string"}}],"inLanguage":"fr-FR"},{"@type":["Person","Organization"],"@id":"https:\/\/www.gastonballiot.fr\/#\/schema\/person\/244a5e02696abd8a65c5b1bebdb948ca","name":"gb","image":{"@type":"ImageObject","inLanguage":"fr-FR","@id":"https:\/\/i0.wp.com\/www.gastonballiot.fr\/wp-content\/uploads\/2017\/04\/cropped-Marianne-drapeau-rouge.gif?fit=512%2C512&ssl=1","url":"https:\/\/i0.wp.com\/www.gastonballiot.fr\/wp-content\/uploads\/2017\/04\/cropped-Marianne-drapeau-rouge.gif?fit=512%2C512&ssl=1","contentUrl":"https:\/\/i0.wp.com\/www.gastonballiot.fr\/wp-content\/uploads\/2017\/04\/cropped-Marianne-drapeau-rouge.gif?fit=512%2C512&ssl=1","width":512,"height":512,"caption":"gb"},"logo":{"@id":"https:\/\/i0.wp.com\/www.gastonballiot.fr\/wp-content\/uploads\/2017\/04\/cropped-Marianne-drapeau-rouge.gif?fit=512%2C512&ssl=1"},"description":"Gaston Balliot, militant du Front de Gauche en pays bigouden - Pont L'Abb\u00e9 - Loctudy - Guilvinec - Penmarc'h - Ile Tudy - Combrit Ste Marine - Tr\u00e9meoc - Plon\u00e9our, p\u00eache tourisme","sameAs":["https:\/\/www.facebook.com\/gaston.balliot\/"]}]}},"jetpack_featured_media_url":"","jetpack_shortlink":"https:\/\/wp.me\/p5UTaD-11U","jetpack-related-posts":[],"jetpack_likes_enabled":true,"jetpack_sharing_enabled":true,"_links":{"self":[{"href":"https:\/\/www.gastonballiot.fr\/index.php?rest_route=\/wp\/v2\/posts\/3962","targetHints":{"allow":["GET"]}}],"collection":[{"href":"https:\/\/www.gastonballiot.fr\/index.php?rest_route=\/wp\/v2\/posts"}],"about":[{"href":"https:\/\/www.gastonballiot.fr\/index.php?rest_route=\/wp\/v2\/types\/post"}],"author":[{"embeddable":true,"href":"https:\/\/www.gastonballiot.fr\/index.php?rest_route=\/wp\/v2\/users\/1"}],"replies":[{"embeddable":true,"href":"https:\/\/www.gastonballiot.fr\/index.php?rest_route=%2Fwp%2Fv2%2Fcomments&post=3962"}],"version-history":[{"count":0,"href":"https:\/\/www.gastonballiot.fr\/index.php?rest_route=\/wp\/v2\/posts\/3962\/revisions"}],"wp:attachment":[{"href":"https:\/\/www.gastonballiot.fr\/index.php?rest_route=%2Fwp%2Fv2%2Fmedia&parent=3962"}],"wp:term":[{"taxonomy":"category","embeddable":true,"href":"https:\/\/www.gastonballiot.fr\/index.php?rest_route=%2Fwp%2Fv2%2Fcategories&post=3962"},{"taxonomy":"post_tag","embeddable":true,"href":"https:\/\/www.gastonballiot.fr\/index.php?rest_route=%2Fwp%2Fv2%2Ftags&post=3962"}],"curies":[{"name":"wp","href":"https:\/\/api.w.org\/{rel}","templated":true}]}}